{"id":289582,"date":"2023-11-02T19:27:59","date_gmt":"2023-11-02T15:27:59","guid":{"rendered":"https:\/\/www.meydan.tv\/?p=289582"},"modified":"2023-11-02T19:28:03","modified_gmt":"2023-11-02T15:28:03","slug":"kino-ve-dublyaj-sirketlerine-vergi-guzesti-edile-biler","status":"publish","type":"post","link":"https:\/\/www.meydan.tv\/az\/article\/kino-ve-dublyaj-sirketlerine-vergi-guzesti-edile-biler\/","title":{"rendered":"Kino v\u0259 dublyaj \u015firk\u0259tl\u0259rin\u0259 vergi g\u00fcz\u0259\u015fti edil\u0259 bil\u0259r"},"content":{"rendered":"\n<p><em><strong>Elvin Ad\u0131g\u00f6z\u0259l: \u201cAz\u0259rbaycanda kino istehsal\u0131ndan he\u00e7 bir g\u0259lir \u0259ld\u0259 edilmir\u201d<\/strong><\/em><\/p>\n\n\n\n<p>Az\u0259rbaycanda kino istehsal\u0131 v\u0259 dublyajla m\u0259\u015f\u011ful olan \u015firk\u0259tl\u0259rin \u00fc\u00e7 il m\u00fcdd\u0259tin\u0259 \u0259ld\u0259 etdikl\u0259ri g\u0259lirin 75%-nin vergid\u0259n azad edilm\u0259si t\u0259klifi ir\u0259li s\u00fcr\u00fcl\u00fcb.<\/p>\n\n\n\n<p>Bu, Milli M\u0259clisin \u0130qtisadi siyas\u0259t, s\u0259naye v\u0259 sahibkarl\u0131q komit\u0259sinin iclas\u0131nda m\u00fczakir\u0259y\u0259 \u00e7\u0131xar\u0131lan \u201cAz\u0259rbaycan Respublikas\u0131n\u0131n 2024-c\u00fc il d\u00f6vl\u0259t b\u00fcdc\u0259sinin z\u0259rfi\u201dnd\u0259 \u0259ksini tap\u0131b.<\/p>\n\n\n\n<p>Layih\u0259d\u0259 Az\u0259rbaycanda qeydiyyatdan ke\u00e7\u0259n v\u0259 film istehsal\u0131n\u0131 v\u0259 dublyaj\u0131n\u0131 h\u0259yata ke\u00e7ir\u0259n, mikrosahibkarl\u0131q subyekti olmayan kinematoqrafiya m\u00fc\u0259ssis\u0259sinin sahibkarl\u0131q f\u0259aliyy\u0259tind\u0259n \u0259ld\u0259 etdikl\u0259ri m\u0259nf\u0259\u0259tin 75%-nin 2024-c\u00fc il yanvar\u0131n 1-d\u0259n 3 il m\u00fcdd\u0259tin\u0259 m\u0259nf\u0259\u0259t vergisind\u0259n azad edilm\u0259si t\u0259klif <a href=\"https:\/\/apa.az\/maliyye\/film-istehsali-ile-bagli-vergi-guzesti-mueyyenlesir-793335\">edilib.<\/a><\/p>\n\n\n\n<p>Rejissor Elvin Ad\u0131g\u00f6z\u0259l Meydan TV-y\u0259 bildirir ki, Az\u0259rbaycanda kino istehsal\u0131ndan he\u00e7 bir g\u0259lir \u0259ld\u0259 edilmir:<\/p>\n\n\n<div class=\"wp-block-image\">\n<figure class=\"alignleft size-large is-resized\"><img decoding=\"async\" width=\"859\" height=\"821\" data-src=\"https:\/\/www.meydan.tv\/wp-content\/uploads\/126169066_3587604237969038_4608204005760211673_n-859x821.jpg\" alt=\"\" class=\"wp-image-289585 lazyload\" style=\"--smush-placeholder-width: 859px; --smush-placeholder-aspect-ratio: 859\/821;aspect-ratio:1.046285018270402;width:309px;height:auto\" src=\"data:image\/svg+xml;base64,PHN2ZyB3aWR0aD0iMSIgaGVpZ2h0PSIxIiB4bWxucz0iaHR0cDovL3d3dy53My5vcmcvMjAwMC9zdmciPjwvc3ZnPg==\" \/><figcaption class=\"wp-element-caption\">Elvin Ad\u0131g\u00f6z\u0259l, Foto: Facebook<\/figcaption><\/figure>\n<\/div>\n\n\n<p><em>\u201cBu, sad\u0259c\u0259, g\u00fclm\u0259lidir. G\u0259lir o vaxt olar ki, Az\u0259rbaycanda kinoteatrlar olsun. G\u0259lir \u0259ld\u0259 ed\u0259 bilm\u0259y\u0259nd\u0259n sonra 75 faizd\u0259n azad olduq, ya olmad\u0131q &#8211; bu, he\u00e7 n\u0259yi d\u0259yi\u015fm\u0259y\u0259c\u0259k\u201d<\/em>.<\/p>\n\n\n\n<p><em>\u201cBir \u00f6lk\u0259d\u0259 ki kinoteatrlar yoxdur, kinoya pul ay\u0131rma mexanizmi formala\u015fmay\u0131b, kino qanunu yoxdursa, kinodan nec\u0259 g\u0259lir \u0259ld\u0259 etm\u0259k olar? Kino s\u0259nayesi olmayan yerd\u0259 kinodan g\u0259lir \u0259ld\u0259 edilm\u0259y\u0259n yerd\u0259, vergi g\u00fcz\u0259\u015ftinin olmas\u0131, absuddur. Olmayan \u015feyd\u0259n \u015fou yarad\u0131rlar\u201d<\/em>, &#8211; rejissor deyir.<\/p>\n\n\n\n<p><\/p>\n\n\n\n<p>Haz\u0131rda Bak\u0131da d\u00f6vl\u0259t balans\u0131nda yaln\u0131z bir kinoteatr var, o da \u201cNizami\u201d Kino M\u0259rk\u0259zidir.<\/p>\n\n\n\n<p>Dig\u0259rl\u0259ri \u2013 \u201cPark Cinema\u201d v\u0259 \u201cCinemaPlus\u201d \u015firk\u0259tl\u0259ri \u00f6z\u0259l \u015f\u0259b\u0259k\u0259l\u0259rdir.<\/p>\n\n\n\n<p>Vaxtil\u0259 paytaxt Bak\u0131da 16 kinoteatr f\u0259aliyy\u0259t g\u00f6st\u0259rirdi.<\/p>\n\n\n\n<p>Onlar \u00fcmumilikd\u0259 70 kinozaldan ibar\u0259t olub.<\/p>\n\n\n\n<p>2006-c\u0131 ild\u0259n kinoteatrlar \u00f6z\u0259ll\u0259\u015fdirilm\u0259y\u0259 verildikd\u0259n sonra onlar\u0131n \u0259ks\u0259riyy\u0259ti ke\u00e7mi\u015f M\u0259d\u0259niyy\u0259t v\u0259 Turizm Nazirliyinin balans\u0131ndan \u00e7\u0131xar\u0131laraq, sahibkarlar t\u0259r\u0259find\u0259n \u00f6z\u0259ll\u0259\u015fdirilib.<\/p>\n\n\n\n<p>Sahibkarlar is\u0259 h\u0259min kinoteatrlar\u0131 t\u0259mir etm\u0259k \u0259v\u0259zin\u0259, onlardan biznes v\u0259 ba\u015fqa t\u0259yinatl\u0131 obyektl\u0259r kimi istifad\u0259 edibl\u0259r.<\/p>\n\n\n\n<p>Avropa standartlar\u0131 10 milyon \u0259hali \u00fc\u00e7\u00fcn 500 kinozal\u0131 n\u0259z\u0259rd\u0259 tutur.<\/p>\n\n\n\n<p>Bu bax\u0131mdan \u00f6lk\u0259d\u0259ki kinozallar say etibaril\u0259 Avropa standartlar\u0131ndan geri qal\u0131r.<\/p>\n\n\n\n<p>\u201cAz\u0259rbaycan kinosunun 2008-2018-ci ill\u0259r \u00fczr\u0259 inki\u015faf\u0131na dair D\u00f6vl\u0259t Proqram\u0131\u201cnda g\u00f6st\u0259rilirib ki, d\u00f6vl\u0259t \u015f\u0259b\u0259k\u0259sind\u0259 saxlan\u0131lan kinoteatr binalar\u0131 b\u0259rpa olunmal\u0131, m\u00fcasir t\u0259l\u0259bl\u0259r\u0259 cavab ver\u0259n n\u00fcmayi\u015f v\u0259 s\u0259s avadanl\u0131\u011f\u0131 il\u0259 t\u0259chiz edilm\u0259lidir.<\/p>\n\n\n\n<p>Qanundan ir\u0259li g\u0259l\u0259n t\u0259l\u0259bl\u0259r is\u0259 yerin\u0259 yetirilm\u0259yib.<\/p>\n\n\n\n<p>M\u0259d\u0259niyy\u0259t sah\u0259si \u00fczr\u0259 ekspert Fikrin Bekta\u015fi Meydan TV-y\u0259 deyir ki, Az\u0259rbaycanda dublyajdan m\u0259nf\u0259\u0259t \u0259ld\u0259 etm\u0259kd\u0259n s\u00f6hb\u0259t ged\u0259 bilm\u0259z.<\/p>\n\n\n\n<p>Onun fikrinc\u0259, dublyaja vergi g\u00fcz\u0259\u015ftl\u0259ri il\u0259 yana\u015f\u0131, d\u00f6vl\u0259t t\u0259r\u0259find\u0259n maliyy\u0259 d\u0259 ayr\u0131lmal\u0131d\u0131r:<\/p>\n\n\n<div class=\"wp-block-image\">\n<figure class=\"alignright size-full is-resized\"><img decoding=\"async\" width=\"1200\" height=\"800\" data-src=\"https:\/\/www.meydan.tv\/wp-content\/uploads\/fikrin_bektashi.jpg\" alt=\"\" class=\"wp-image-242690 lazyload\" style=\"--smush-placeholder-width: 1200px; --smush-placeholder-aspect-ratio: 1200\/800;aspect-ratio:1.5;width:395px;height:auto\" src=\"data:image\/svg+xml;base64,PHN2ZyB3aWR0aD0iMSIgaGVpZ2h0PSIxIiB4bWxucz0iaHR0cDovL3d3dy53My5vcmcvMjAwMC9zdmciPjwvc3ZnPg==\" \/><figcaption class=\"wp-element-caption\">Fikrin Bekta\u015fi, Foto: Arxiv<\/figcaption><\/figure>\n<\/div>\n\n\n<p><em>\u201cDublyaja maliyy\u0259 ayr\u0131lmal\u0131d\u0131r ki, kino prokat\u0131 sisteminin ana dilimiz\u0259 vurdu\u011fu z\u0259rb\u0259l\u0259r aradan qald\u0131r\u0131ls\u0131n. H\u0259r bir d\u00f6vl\u0259td\u0259 oldu\u011fu kimi, dublyaj Az\u0259rbaycan dilinin qorunmas\u0131na, inki\u015faf\u0131na v\u0259 \u00fcmumiyy\u0259tl\u0259, t\u0259r\u0259nn\u00fcm olunmas\u0131na xidm\u0259t etm\u0259lidir\u201d<\/em>.<\/p>\n\n\n\n<p><em>\u201cBir qayda olaraq, bu m\u0259s\u0259l\u0259l\u0259r bizd\u0259 h\u0259l\u0259 d\u0259 t\u0259nziml\u0259nmir. N\u0259tic\u0259d\u0259 \u0259cn\u0259bi filml\u0259r \u0259cn\u0259bi dild\u0259 s\u0259rb\u0259st \u015f\u0259kild\u0259 n\u00fcmayi\u015f olunur\u201d<\/em>, &#8211; dey\u0259 o bildirib.<\/p>\n\n\n\n<p><\/p>\n\n\n\n<p>Ekspert hesab edir ki, dublyaja d\u00f6vl\u0259t t\u0259r\u0259find\u0259n maliyy\u0259 d\u0259st\u0259yi v\u0259 vergi g\u00fcz\u0259\u015ftl\u0259ri edils\u0259, bu sah\u0259nin iqtisadi c\u0259h\u0259td\u0259n s\u0259m\u0259r\u0259liliyi artacaq:<\/p>\n\n\n\n<p><em>\u201c\u00dcst\u0259lik, \u0259min\u0259m ki, t\u0259kc\u0259 vergi g\u00fcz\u0259\u015ftl\u0259ri deyil, h\u0259m d\u0259 d\u00f6vl\u0259tin b\u0259zi filml\u0259r\u0259 dublyaj xidm\u0259tl\u0259rinin sifari\u015f etm\u0259si dublyaj\u0131n keyfiyy\u0259tind\u0259 d\u0259 g\u00f6z\u0259\u00e7arpan ir\u0259llil\u0259yi\u015f\u0259 s\u0259b\u0259b olar\u201d<\/em>.<\/p>\n\n\n\n<p>2023-c\u00fc il fevral\u0131n 13-d\u0259 dublyaj rejissoru, prod\u00fcseri v\u0259 aktyoru Kamal Ya\u015far Prezident \u0130lham \u018fliyev\u0259 \u015fikay\u0259t xarakterli videom\u00fcraci\u0259t \u00fcnvanlam\u0131\u015fd\u0131.<\/p>\n\n\n\n<p>O, dublyaj sah\u0259sind\u0259ki probleml\u0259rd\u0259n dan\u0131\u015fm\u0131\u015fd\u0131:<\/p>\n\n\n\n<figure class=\"wp-block-image size-full\"><img decoding=\"async\" width=\"962\" height=\"496\" data-src=\"https:\/\/www.meydan.tv\/wp-content\/uploads\/screenshot_1-23.png\" alt=\"\" class=\"wp-image-268476 lazyload\" src=\"data:image\/svg+xml;base64,PHN2ZyB3aWR0aD0iMSIgaGVpZ2h0PSIxIiB4bWxucz0iaHR0cDovL3d3dy53My5vcmcvMjAwMC9zdmciPjwvc3ZnPg==\" style=\"--smush-placeholder-width: 962px; --smush-placeholder-aspect-ratio: 962\/496;\" \/><figcaption class=\"wp-element-caption\">Ya\u015far Kamal. Foto: screenshot<\/figcaption><\/figure>\n\n\n\n<p><em>\u201cDublyaj zaman\u0131 maliyy\u0259d\u0259n yay\u0131nmaq \u00fc\u00e7\u00fcn lisenziyas\u0131z pirat filml\u0259rd\u0259n istifad\u0259 edirl\u0259r. Bu, h\u0259m qeyri-qanunidir, h\u0259m d\u0259 aktyorlara \u00e7ox \u0259ziyy\u0259t verir. Yaxud da filmd\u0259 50-d\u0259n \u00e7ox s\u0259s var, amma bu s\u0259si m\u0259cbur\u0259n 5-6 adam s\u0259sl\u0259ndirir. H\u0259m\u00e7inin t\u0259rc\u00fcm\u0259\u00e7iy\u0259 c\u00fczi qonorar verildiyi \u00fc\u00e7\u00fcn normal m\u0259tn t\u0259l\u0259b etm\u0259k d\u0259 olmur\u201d<\/em>.<\/p>\n\n\n\n<p><em>\u201c\u018flav\u0259 x\u0259rcl\u0259rd\u0259n yay\u0131nmaq \u00fc\u00e7\u00fcn redaktorlardan imtina edilir. Maliyy\u0259 ucbat\u0131ndan dublyaj\u0131n \u0259n vacib m\u00fct\u0259x\u0259ssisl\u0259rind\u0259n olan \u201cuklad\u015fik\u201d (dodaq oturdan) pe\u015f\u0259sini bird\u0259f\u0259lik ixtisar edirl\u0259r\u201d<\/em>, &#8211; aktyor bildirmi\u015fdi.<\/p>\n\n\n\n<p>Rejissor bu a\u00e7\u0131qlamas\u0131ndan sonra \u201cM\u0259d\u0259niyy\u0259t\u201d kanal\u0131ndak\u0131 i\u015find\u0259n <a href=\"https:\/\/storage.googleapis.com\/qurium\/www.meydan.tv\/az-article-ilham-eliyeve-muraciet-eden-aktyor-isden-cixarilib.html\">uzaqla\u015fd\u0131r\u0131lm\u0131\u015fd\u0131.<\/a><\/p>\n","protected":false},"excerpt":{"rendered":"<p>Elvin Ad\u0131g\u00f6z\u0259l: \u201cAz\u0259rbaycanda kino istehsal\u0131ndan he\u00e7 bir g\u0259lir \u0259ld\u0259 edilmir\u201d &#8230; <\/p>\n<p class=\"read-more-container\"><a title=\"Kino v\u0259 dublyaj \u015firk\u0259tl\u0259rin\u0259 vergi g\u00fcz\u0259\u015fti edil\u0259 bil\u0259r\" class=\"read-more button\" href=\"https:\/\/www.meydan.tv\/az\/article\/kino-ve-dublyaj-sirketlerine-vergi-guzesti-edile-biler\/#more-289582\" aria-label=\"Read more about Kino v\u0259 dublyaj \u015firk\u0259tl\u0259rin\u0259 vergi g\u00fcz\u0259\u015fti edil\u0259 bil\u0259r\">Davam\u0131<\/a><\/p>\n","protected":false},"author":12,"featured_media":247331,"comment_status":"closed","ping_status":"closed","sticky":false,"template":"","format":"standard","meta":{"_acf_changed":false,"_sitemap_exclude":false,"_sitemap_priority":"","_sitemap_frequency":"","footnotes":""},"categories":[52,56],"tags":[],"class_list":["post-289582","post","type-post","status-publish","format-standard","has-post-thumbnail","hentry","category-medeniyyet","category-xeberler","infinite-scroll-item","generate-columns","tablet-grid-50","mobile-grid-100","grid-parent","grid-33","no-featured-image-padding"],"acf":[],"yoast_head":"<!-- This site is optimized with the Yoast SEO plugin v27.4 - https:\/\/yoast.com\/product\/yoast-seo-wordpress\/ -->\n<title>Kino v\u0259 dublyaj \u015firk\u0259tl\u0259rin\u0259 vergi g\u00fcz\u0259\u015fti edil\u0259 bil\u0259r - MEYDAN.TV<\/title>\n<meta name=\"robots\" content=\"index, follow, max-snippet:-1, max-image-preview:large, max-video-preview:-1\" \/>\n<link rel=\"canonical\" href=\"https:\/\/www.meydan.tv\/az\/article\/kino-ve-dublyaj-sirketlerine-vergi-guzesti-edile-biler\/\" \/>\n<meta property=\"og:locale\" content=\"az_AZ\" \/>\n<meta property=\"og:type\" content=\"article\" \/>\n<meta property=\"og:title\" content=\"Kino v\u0259 dublyaj \u015firk\u0259tl\u0259rin\u0259 vergi g\u00fcz\u0259\u015fti edil\u0259 bil\u0259r - MEYDAN.TV\" \/>\n<meta property=\"og:description\" content=\"Elvin Ad\u0131g\u00f6z\u0259l: \u201cAz\u0259rbaycanda kino istehsal\u0131ndan he\u00e7 bir g\u0259lir \u0259ld\u0259 edilmir\u201d ... Davam\u0131\" \/>\n<meta property=\"og:url\" content=\"https:\/\/www.meydan.tv\/az\/article\/kino-ve-dublyaj-sirketlerine-vergi-guzesti-edile-biler\/\" \/>\n<meta property=\"og:site_name\" content=\"MEYDAN.TV\" \/>\n<meta property=\"article:published_time\" content=\"2023-11-02T15:27:59+00:00\" \/>\n<meta property=\"article:modified_time\" content=\"2023-11-02T15:28:03+00:00\" \/>\n<meta property=\"og:image\" content=\"https:\/\/www.meydan.tv\/wp-content\/uploads\/kino_budget-scaled-e1668775699603.jpg\" \/>\n\t<meta property=\"og:image:width\" content=\"2560\" \/>\n\t<meta property=\"og:image:height\" content=\"1222\" \/>\n\t<meta property=\"og:image:type\" content=\"image\/jpeg\" \/>\n<meta name=\"author\" content=\"aleks\" \/>\n<meta name=\"twitter:card\" content=\"summary_large_image\" \/>\n<script type=\"application\/ld+json\" class=\"yoast-schema-graph\">{\"@context\":\"https:\\\/\\\/schema.org\",\"@graph\":[{\"@type\":\"Article\",\"@id\":\"https:\\\/\\\/www.meydan.tv\\\/az\\\/article\\\/kino-ve-dublyaj-sirketlerine-vergi-guzesti-edile-biler\\\/#article\",\"isPartOf\":{\"@id\":\"https:\\\/\\\/www.meydan.tv\\\/az\\\/article\\\/kino-ve-dublyaj-sirketlerine-vergi-guzesti-edile-biler\\\/\"},\"author\":{\"name\":\"aleks\",\"@id\":\"https:\\\/\\\/www.meydan.tv\\\/az\\\/#\\\/schema\\\/person\\\/476e9360e593fa131d5d71d51866f8da\"},\"headline\":\"Kino v\u0259 dublyaj \u015firk\u0259tl\u0259rin\u0259 vergi g\u00fcz\u0259\u015fti edil\u0259 bil\u0259r\",\"datePublished\":\"2023-11-02T15:27:59+00:00\",\"dateModified\":\"2023-11-02T15:28:03+00:00\",\"mainEntityOfPage\":{\"@id\":\"https:\\\/\\\/www.meydan.tv\\\/az\\\/article\\\/kino-ve-dublyaj-sirketlerine-vergi-guzesti-edile-biler\\\/\"},\"wordCount\":902,\"publisher\":{\"@id\":\"https:\\\/\\\/www.meydan.tv\\\/az\\\/#organization\"},\"image\":{\"@id\":\"https:\\\/\\\/www.meydan.tv\\\/az\\\/article\\\/kino-ve-dublyaj-sirketlerine-vergi-guzesti-edile-biler\\\/#primaryimage\"},\"thumbnailUrl\":\"https:\\\/\\\/www.meydan.tv\\\/wp-content\\\/uploads\\\/kino_budget-scaled-e1668775699603.jpg\",\"articleSection\":[\"M\u0259d\u0259niyy\u0259t\",\"X\u0259b\u0259rl\u0259r\"],\"inLanguage\":\"az\"},{\"@type\":\"WebPage\",\"@id\":\"https:\\\/\\\/www.meydan.tv\\\/az\\\/article\\\/kino-ve-dublyaj-sirketlerine-vergi-guzesti-edile-biler\\\/\",\"url\":\"https:\\\/\\\/www.meydan.tv\\\/az\\\/article\\\/kino-ve-dublyaj-sirketlerine-vergi-guzesti-edile-biler\\\/\",\"name\":\"Kino v\u0259 dublyaj \u015firk\u0259tl\u0259rin\u0259 vergi g\u00fcz\u0259\u015fti edil\u0259 bil\u0259r - MEYDAN.TV\",\"isPartOf\":{\"@id\":\"https:\\\/\\\/www.meydan.tv\\\/az\\\/#website\"},\"primaryImageOfPage\":{\"@id\":\"https:\\\/\\\/www.meydan.tv\\\/az\\\/article\\\/kino-ve-dublyaj-sirketlerine-vergi-guzesti-edile-biler\\\/#primaryimage\"},\"image\":{\"@id\":\"https:\\\/\\\/www.meydan.tv\\\/az\\\/article\\\/kino-ve-dublyaj-sirketlerine-vergi-guzesti-edile-biler\\\/#primaryimage\"},\"thumbnailUrl\":\"https:\\\/\\\/www.meydan.tv\\\/wp-content\\\/uploads\\\/kino_budget-scaled-e1668775699603.jpg\",\"datePublished\":\"2023-11-02T15:27:59+00:00\",\"dateModified\":\"2023-11-02T15:28:03+00:00\",\"breadcrumb\":{\"@id\":\"https:\\\/\\\/www.meydan.tv\\\/az\\\/article\\\/kino-ve-dublyaj-sirketlerine-vergi-guzesti-edile-biler\\\/#breadcrumb\"},\"inLanguage\":\"az\",\"potentialAction\":[{\"@type\":\"ReadAction\",\"target\":[\"https:\\\/\\\/www.meydan.tv\\\/az\\\/article\\\/kino-ve-dublyaj-sirketlerine-vergi-guzesti-edile-biler\\\/\"]}]},{\"@type\":\"ImageObject\",\"inLanguage\":\"az\",\"@id\":\"https:\\\/\\\/www.meydan.tv\\\/az\\\/article\\\/kino-ve-dublyaj-sirketlerine-vergi-guzesti-edile-biler\\\/#primaryimage\",\"url\":\"https:\\\/\\\/www.meydan.tv\\\/wp-content\\\/uploads\\\/kino_budget-scaled-e1668775699603.jpg\",\"contentUrl\":\"https:\\\/\\\/www.meydan.tv\\\/wp-content\\\/uploads\\\/kino_budget-scaled-e1668775699603.jpg\",\"width\":2560,\"height\":1222,\"caption\":\"Illustration: Meydan TV.\"},{\"@type\":\"BreadcrumbList\",\"@id\":\"https:\\\/\\\/www.meydan.tv\\\/az\\\/article\\\/kino-ve-dublyaj-sirketlerine-vergi-guzesti-edile-biler\\\/#breadcrumb\",\"itemListElement\":[{\"@type\":\"ListItem\",\"position\":1,\"name\":\"Ana s\u0259hif\u0259\",\"item\":\"https:\\\/\\\/www.meydan.tv\\\/az\\\/\"},{\"@type\":\"ListItem\",\"position\":2,\"name\":\"M\u0259d\u0259niyy\u0259t\",\"item\":\"https:\\\/\\\/www.meydan.tv\\\/az\\\/section\\\/medeniyyet\\\/\"},{\"@type\":\"ListItem\",\"position\":3,\"name\":\"Kino v\u0259 dublyaj \u015firk\u0259tl\u0259rin\u0259 vergi g\u00fcz\u0259\u015fti edil\u0259 bil\u0259r\"}]},{\"@type\":\"WebSite\",\"@id\":\"https:\\\/\\\/www.meydan.tv\\\/az\\\/#website\",\"url\":\"https:\\\/\\\/www.meydan.tv\\\/az\\\/\",\"name\":\"MEYDAN.TV\",\"description\":\"Meydan TV Az\u0259rbaycan\u0131n media m\u0259kan\u0131ndak\u0131 alternativ s\u0259sidir\",\"publisher\":{\"@id\":\"https:\\\/\\\/www.meydan.tv\\\/az\\\/#organization\"},\"potentialAction\":[{\"@type\":\"SearchAction\",\"target\":{\"@type\":\"EntryPoint\",\"urlTemplate\":\"https:\\\/\\\/www.meydan.tv\\\/az\\\/?s={search_term_string}\"},\"query-input\":{\"@type\":\"PropertyValueSpecification\",\"valueRequired\":true,\"valueName\":\"search_term_string\"}}],\"inLanguage\":\"az\"},{\"@type\":\"Organization\",\"@id\":\"https:\\\/\\\/www.meydan.tv\\\/az\\\/#organization\",\"name\":\"Meydan TV\",\"url\":\"https:\\\/\\\/www.meydan.tv\\\/az\\\/\",\"logo\":{\"@type\":\"ImageObject\",\"inLanguage\":\"az\",\"@id\":\"https:\\\/\\\/www.meydan.tv\\\/az\\\/#\\\/schema\\\/logo\\\/image\\\/\",\"url\":\"https:\\\/\\\/www.meydan.tv\\\/wp-content\\\/uploads\\\/2021\\\/07\\\/meydan-logo.svg\",\"contentUrl\":\"https:\\\/\\\/www.meydan.tv\\\/wp-content\\\/uploads\\\/2021\\\/07\\\/meydan-logo.svg\",\"width\":195,\"height\":46,\"caption\":\"Meydan TV\"},\"image\":{\"@id\":\"https:\\\/\\\/www.meydan.tv\\\/az\\\/#\\\/schema\\\/logo\\\/image\\\/\"}},{\"@type\":\"Person\",\"@id\":\"https:\\\/\\\/www.meydan.tv\\\/az\\\/#\\\/schema\\\/person\\\/476e9360e593fa131d5d71d51866f8da\",\"name\":\"aleks\"}]}<\/script>\n<!-- \/ Yoast SEO plugin. -->","yoast_head_json":{"title":"Kino v\u0259 dublyaj \u015firk\u0259tl\u0259rin\u0259 vergi g\u00fcz\u0259\u015fti edil\u0259 bil\u0259r - MEYDAN.TV","robots":{"index":"index","follow":"follow","max-snippet":"max-snippet:-1","max-image-preview":"max-image-preview:large","max-video-preview":"max-video-preview:-1"},"canonical":"https:\/\/www.meydan.tv\/az\/article\/kino-ve-dublyaj-sirketlerine-vergi-guzesti-edile-biler\/","og_locale":"az_AZ","og_type":"article","og_title":"Kino v\u0259 dublyaj \u015firk\u0259tl\u0259rin\u0259 vergi g\u00fcz\u0259\u015fti edil\u0259 bil\u0259r - MEYDAN.TV","og_description":"Elvin Ad\u0131g\u00f6z\u0259l: \u201cAz\u0259rbaycanda kino istehsal\u0131ndan he\u00e7 bir g\u0259lir \u0259ld\u0259 edilmir\u201d ... Davam\u0131","og_url":"https:\/\/www.meydan.tv\/az\/article\/kino-ve-dublyaj-sirketlerine-vergi-guzesti-edile-biler\/","og_site_name":"MEYDAN.TV","article_published_time":"2023-11-02T15:27:59+00:00","article_modified_time":"2023-11-02T15:28:03+00:00","og_image":[{"width":2560,"height":1222,"url":"https:\/\/www.meydan.tv\/wp-content\/uploads\/kino_budget-scaled-e1668775699603.jpg","type":"image\/jpeg"}],"author":"aleks","twitter_card":"summary_large_image","schema":{"@context":"https:\/\/schema.org","@graph":[{"@type":"Article","@id":"https:\/\/www.meydan.tv\/az\/article\/kino-ve-dublyaj-sirketlerine-vergi-guzesti-edile-biler\/#article","isPartOf":{"@id":"https:\/\/www.meydan.tv\/az\/article\/kino-ve-dublyaj-sirketlerine-vergi-guzesti-edile-biler\/"},"author":{"name":"aleks","@id":"https:\/\/www.meydan.tv\/az\/#\/schema\/person\/476e9360e593fa131d5d71d51866f8da"},"headline":"Kino v\u0259 dublyaj \u015firk\u0259tl\u0259rin\u0259 vergi g\u00fcz\u0259\u015fti edil\u0259 bil\u0259r","datePublished":"2023-11-02T15:27:59+00:00","dateModified":"2023-11-02T15:28:03+00:00","mainEntityOfPage":{"@id":"https:\/\/www.meydan.tv\/az\/article\/kino-ve-dublyaj-sirketlerine-vergi-guzesti-edile-biler\/"},"wordCount":902,"publisher":{"@id":"https:\/\/www.meydan.tv\/az\/#organization"},"image":{"@id":"https:\/\/www.meydan.tv\/az\/article\/kino-ve-dublyaj-sirketlerine-vergi-guzesti-edile-biler\/#primaryimage"},"thumbnailUrl":"https:\/\/www.meydan.tv\/wp-content\/uploads\/kino_budget-scaled-e1668775699603.jpg","articleSection":["M\u0259d\u0259niyy\u0259t","X\u0259b\u0259rl\u0259r"],"inLanguage":"az"},{"@type":"WebPage","@id":"https:\/\/www.meydan.tv\/az\/article\/kino-ve-dublyaj-sirketlerine-vergi-guzesti-edile-biler\/","url":"https:\/\/www.meydan.tv\/az\/article\/kino-ve-dublyaj-sirketlerine-vergi-guzesti-edile-biler\/","name":"Kino v\u0259 dublyaj \u015firk\u0259tl\u0259rin\u0259 vergi g\u00fcz\u0259\u015fti edil\u0259 bil\u0259r - MEYDAN.TV","isPartOf":{"@id":"https:\/\/www.meydan.tv\/az\/#website"},"primaryImageOfPage":{"@id":"https:\/\/www.meydan.tv\/az\/article\/kino-ve-dublyaj-sirketlerine-vergi-guzesti-edile-biler\/#primaryimage"},"image":{"@id":"https:\/\/www.meydan.tv\/az\/article\/kino-ve-dublyaj-sirketlerine-vergi-guzesti-edile-biler\/#primaryimage"},"thumbnailUrl":"https:\/\/www.meydan.tv\/wp-content\/uploads\/kino_budget-scaled-e1668775699603.jpg","datePublished":"2023-11-02T15:27:59+00:00","dateModified":"2023-11-02T15:28:03+00:00","breadcrumb":{"@id":"https:\/\/www.meydan.tv\/az\/article\/kino-ve-dublyaj-sirketlerine-vergi-guzesti-edile-biler\/#breadcrumb"},"inLanguage":"az","potentialAction":[{"@type":"ReadAction","target":["https:\/\/www.meydan.tv\/az\/article\/kino-ve-dublyaj-sirketlerine-vergi-guzesti-edile-biler\/"]}]},{"@type":"ImageObject","inLanguage":"az","@id":"https:\/\/www.meydan.tv\/az\/article\/kino-ve-dublyaj-sirketlerine-vergi-guzesti-edile-biler\/#primaryimage","url":"https:\/\/www.meydan.tv\/wp-content\/uploads\/kino_budget-scaled-e1668775699603.jpg","contentUrl":"https:\/\/www.meydan.tv\/wp-content\/uploads\/kino_budget-scaled-e1668775699603.jpg","width":2560,"height":1222,"caption":"Illustration: Meydan TV."},{"@type":"BreadcrumbList","@id":"https:\/\/www.meydan.tv\/az\/article\/kino-ve-dublyaj-sirketlerine-vergi-guzesti-edile-biler\/#breadcrumb","itemListElement":[{"@type":"ListItem","position":1,"name":"Ana s\u0259hif\u0259","item":"https:\/\/www.meydan.tv\/az\/"},{"@type":"ListItem","position":2,"name":"M\u0259d\u0259niyy\u0259t","item":"https:\/\/www.meydan.tv\/az\/section\/medeniyyet\/"},{"@type":"ListItem","position":3,"name":"Kino v\u0259 dublyaj \u015firk\u0259tl\u0259rin\u0259 vergi g\u00fcz\u0259\u015fti edil\u0259 bil\u0259r"}]},{"@type":"WebSite","@id":"https:\/\/www.meydan.tv\/az\/#website","url":"https:\/\/www.meydan.tv\/az\/","name":"MEYDAN.TV","description":"Meydan TV Az\u0259rbaycan\u0131n media m\u0259kan\u0131ndak\u0131 alternativ s\u0259sidir","publisher":{"@id":"https:\/\/www.meydan.tv\/az\/#organization"},"potentialAction":[{"@type":"SearchAction","target":{"@type":"EntryPoint","urlTemplate":"https:\/\/www.meydan.tv\/az\/?s={search_term_string}"},"query-input":{"@type":"PropertyValueSpecification","valueRequired":true,"valueName":"search_term_string"}}],"inLanguage":"az"},{"@type":"Organization","@id":"https:\/\/www.meydan.tv\/az\/#organization","name":"Meydan TV","url":"https:\/\/www.meydan.tv\/az\/","logo":{"@type":"ImageObject","inLanguage":"az","@id":"https:\/\/www.meydan.tv\/az\/#\/schema\/logo\/image\/","url":"https:\/\/www.meydan.tv\/wp-content\/uploads\/2021\/07\/meydan-logo.svg","contentUrl":"https:\/\/www.meydan.tv\/wp-content\/uploads\/2021\/07\/meydan-logo.svg","width":195,"height":46,"caption":"Meydan TV"},"image":{"@id":"https:\/\/www.meydan.tv\/az\/#\/schema\/logo\/image\/"}},{"@type":"Person","@id":"https:\/\/www.meydan.tv\/az\/#\/schema\/person\/476e9360e593fa131d5d71d51866f8da","name":"aleks"}]}},"_links":{"self":[{"href":"https:\/\/www.meydan.tv\/az\/wp-json\/wp\/v2\/posts\/289582","targetHints":{"allow":["GET"]}}],"collection":[{"href":"https:\/\/www.meydan.tv\/az\/wp-json\/wp\/v2\/posts"}],"about":[{"href":"https:\/\/www.meydan.tv\/az\/wp-json\/wp\/v2\/types\/post"}],"author":[{"embeddable":true,"href":"https:\/\/www.meydan.tv\/az\/wp-json\/wp\/v2\/users\/12"}],"replies":[{"embeddable":true,"href":"https:\/\/www.meydan.tv\/az\/wp-json\/wp\/v2\/comments?post=289582"}],"version-history":[{"count":3,"href":"https:\/\/www.meydan.tv\/az\/wp-json\/wp\/v2\/posts\/289582\/revisions"}],"predecessor-version":[{"id":289591,"href":"https:\/\/www.meydan.tv\/az\/wp-json\/wp\/v2\/posts\/289582\/revisions\/289591"}],"wp:featuredmedia":[{"embeddable":true,"href":"https:\/\/www.meydan.tv\/az\/wp-json\/wp\/v2\/media\/247331"}],"wp:attachment":[{"href":"https:\/\/www.meydan.tv\/az\/wp-json\/wp\/v2\/media?parent=289582"}],"wp:term":[{"taxonomy":"category","embeddable":true,"href":"https:\/\/www.meydan.tv\/az\/wp-json\/wp\/v2\/categories?post=289582"},{"taxonomy":"post_tag","embeddable":true,"href":"https:\/\/www.meydan.tv\/az\/wp-json\/wp\/v2\/tags?post=289582"}],"curies":[{"name":"wp","href":"https:\/\/api.w.org\/{rel}","templated":true}]}}