{"id":289502,"date":"2023-11-02T12:36:26","date_gmt":"2023-11-02T08:36:26","guid":{"rendered":"https:\/\/www.meydan.tv\/?p=289502"},"modified":"2023-11-04T20:01:29","modified_gmt":"2023-11-04T16:01:29","slug":"almaniyadan-sulh-cagirisi-baerbok-evvel-yerevana-sonra-bakiya-gedecek","status":"publish","type":"post","link":"https:\/\/www.meydan.tv\/az\/article\/almaniyadan-sulh-cagirisi-baerbok-evvel-yerevana-sonra-bakiya-gedecek\/","title":{"rendered":"Almaniyadan s\u00fclh \u00e7a\u011f\u0131r\u0131\u015f\u0131: Berbok \u0259vv\u0259l Yerevana, sonra Bak\u0131ya ged\u0259c\u0259k"},"content":{"rendered":"\n<p><\/p>\n\n\n\n<p><strong><em>Almaniyal\u0131 nazirin Qaraba\u011fdan ged\u0259n qa\u00e7q\u0131nlara ba\u015f \u00e7\u0259k\u0259c\u0259yi d\u0259 bildirilir<\/em><\/strong><\/p>\n\n\n\n<p>Bu h\u0259ft\u0259 Almaniyan\u0131n xarici i\u015fl\u0259r naziri Annalena Berbok (Annalena Baerbock) Erm\u0259nistan v\u0259 Az\u0259rbaycana s\u0259f\u0259r ed\u0259c\u0259k.<\/p>\n\n\n\n<p>Almaniya Xarici \u0130\u015fl\u0259r Nazirliyinin (X\u0130N) noyabr\u0131n 2-d\u0259 yayd\u0131\u011f\u0131 m\u0259lumatda&nbsp; bildirilir ki, s\u0259f\u0259rin m\u0259qs\u0259di Yerevan v\u0259 Bak\u0131 aras\u0131nda s\u00fclh dan\u0131\u015f\u0131qlar\u0131n\u0131 d\u0259st\u0259k verm\u0259kdir.<\/p>\n\n\n\n<p>X\u0130N s\u00f6z\u00e7\u00fcs\u00fc Sebastyan Fi\u015fer deyib ki, noyabr\u0131n 3-d\u0259 Annalena Baerbok h\u0259mkar\u0131 Ararat Mirzoyan il\u0259 dan\u0131\u015f\u0131qlar aparmaq \u00fc\u00e7\u00fcn Erm\u0259nistana ged\u0259c\u0259k.<\/p>\n\n\n\n<p>&#8220;<em>Nazir h\u0259m\u00e7inin Avropa \u0130ttifaq\u0131n\u0131n Erm\u0259nistandak\u0131 monitorinq missiyas\u0131na v\u0259 Da\u011fl\u0131q Qaraba\u011fdan olan erm\u0259ni qa\u00e7q\u0131nlar\u0131n yerl\u0259\u015fdiyi d\u00fc\u015f\u0259rg\u0259l\u0259r\u0259 ba\u015f \u00e7\u0259k\u0259c\u0259k&#8221;,<\/em>-dey\u0259 Fi\u015fer \u0259lav\u0259 edib. <\/p>\n\n\n\n<p>Annalena Baerbok noyabr\u0131n 4-d\u0259 Az\u0259rbaycan\u0131n xarici i\u015fl\u0259r naziri Ceyhun Bayramovla dan\u0131\u015f\u0131qlar aparmaq \u00fc\u00e7\u00fcn Bak\u0131ya s\u0259f\u0259r ed\u0259c\u0259k.<\/p>\n\n\n\n<p>S.Fi\u015fer bildirib ki, Almaniya davaml\u0131 s\u00fclh\u0259 sadiqdir, regionda etimad v\u0259 bar\u0131\u015f\u0131\u011f\u0131n yarad\u0131lmas\u0131 \u00e7ox vacibdir.<\/p>\n\n\n\n<p><em>\u201cM\u0259qs\u0259d erm\u0259nil\u0259rin v\u0259 az\u0259rbaycanl\u0131lar\u0131n \u00f6z milli s\u0259rh\u0259dl\u0259rind\u0259 s\u00fclh v\u0259 \u0259min-amanl\u0131q \u015f\u0259raitind\u0259 ya\u015faya bilm\u0259si \u00fc\u00e7\u00fcn dan\u0131\u015f\u0131qlar yolu il\u0259 h\u0259rt\u0259r\u0259fli s\u00fclh h\u0259llidir<\/em>&#8220;,- Sebastyan Fi\u015fer bel\u0259 <a href=\"https:\/\/www.barrons.com\/amp\/news\/german-foreign-minister-to-visit-armenia-azerbaijan-420a8c5e\">deyib<\/a>.<\/p>\n\n\n\n<p>Sentyabr\u0131n 22-d\u0259 BMT T\u0259hl\u00fck\u0259sizlik \u015euras\u0131n\u0131n iclas\u0131nda Almaniyan\u0131n xarici i\u015fl\u0259r naziri Annalena Baerbok Az\u0259rbaycan\u0131 Qaraba\u011fda h\u0259rbi \u0259m\u0259liyyatlara \u0259l atmamaq bar\u0259d\u0259 v\u0259dini pozmaqda ittiham etmi\u015fdi.<\/p>\n\n\n\n<p>Ondan iki g\u00fcn \u0259vv\u0259l Bundestaq\u0131n Xarici Siyas\u0259t Komit\u0259sinin s\u0259dri Mixael Rot (Almaniya Sosial Demokrat Partiyas\u0131) Almaniya hakimiyy\u0259tini Az\u0259rbaycan r\u0259hb\u0259rliyin\u0259 Qaraba\u011fda h\u0259rbi \u0259m\u0259liyyat\u0131n dayand\u0131r\u0131lmas\u0131n\u0131n z\u0259ruriliyi bar\u0259d\u0259 siqnal g\u00f6nd\u0259rm\u0259y\u0259 \u00e7a\u011f\u0131rm\u0131\u015fd\u0131:<\/p>\n\n\n\n<p>\u201c<em>Biz Bak\u0131ya ayd\u0131n mesaj verm\u0259liyik ki, bu soyuqqanl\u0131 t\u0259cav\u00fcz\u00fc q\u0259bul etmirik&#8221;.<\/em><\/p>\n\n\n\n<p>Annalena Baerbokun Bak\u0131ya ikinci s\u0259f\u0259rinin oldu\u011funu bildir\u0259n Almaniyan\u0131n Az\u0259rbaycandak\u0131 s\u0259firliyinin M\u0259tbuat \u015f\u00f6b\u0259sinin r\u0259hb\u0259ri Marcel Vi\u00ebtor Meydan TV-y\u0259 deyib ki, nazir az\u0259rbaycanl\u0131 h\u0259mkar\u0131 Ceyhun Bayramovla g\u00f6r\u00fc\u015f\u0259c\u0259k.<\/p>\n\n\n\n<p><em>&#8220;Almaniya davaml\u0131 s\u00fclh\u0259, regionun siyasi v\u0259 iqtisadi diversifikasiyas\u0131na v\u0259 Avropa \u0130ttifaq\u0131 il\u0259 s\u0131x v\u0259 yax\u015f\u0131 m\u00fcnasib\u0259tl\u0259ri \u00fc\u00e7\u00fcn \u00e7al\u0131\u015f\u0131r. Bunun \u00fc\u00e7\u00fcn regionda etimad v\u0259 bar\u0131\u015f\u0131q yarad\u0131lmas\u0131 \u00e7ox vacibdir. M\u0259qs\u0259d az\u0259rbaycanl\u0131lar\u0131n v\u0259 erm\u0259nil\u0259rin \u00f6z milli s\u0259rh\u0259dl\u0259ri daxilind\u0259 s\u00fclh v\u0259 t\u0259hl\u00fck\u0259sizlik \u015f\u0259raitind\u0259 ya\u015faya bilm\u0259l\u0259ri \u00fc\u00e7\u00fcn dan\u0131\u015f\u0131qlar yolu il\u0259 h\u0259rt\u0259r\u0259fli s\u00fclh h\u0259llidir&#8221;<\/em>, &#8211; dey\u0259 Marcel Vi\u00ebtor \u0259lav\u0259 edib.<\/p>\n\n\n\n<p>Bundestaq\u0131n M\u00fcdafi\u0259 Komit\u0259sinin s\u0259dri Mari-Aqnes \u015etrak-Zimmermann (Azad Demokrat Partiyas\u0131) da analoji aspektd\u0259 \u00e7\u0131x\u0131\u015f <a href=\"https:\/\/tass.ru\/mezhdunarodnaya-panorama\/18794759\">etmi\u015fdi<\/a>.<\/p>\n\n\n\n<p>Siyasi \u015f\u0259rh\u00e7i \u018fhm\u0259d \u018flili \u00f6t\u0259n h\u0259ft\u0259 Meydan TV-y\u0259 m\u00fcsahib\u0259sind\u0259 bildirmi\u015fdi ki, Az\u0259rbaycanla Almaniyan\u0131n m\u00fcnasib\u0259tl\u0259rinin kifay\u0259t q\u0259d\u0259r rasional bazisi var:<\/p>\n\n\n\n<p>&#8220;<em>Az\u0259rbaycan t\u0259r\u0259fd\u0259n d\u0259 prosesl\u0259rd\u0259 Almaniyan\u0131n rolunun artmas\u0131 \u00e7ox arzu edildi. Son 4-5 ayda bu, bir ne\u00e7\u0259 s\u0259b\u0259b\u0259 g\u00f6r\u0259 k\u0259skin d\u0259yi\u015fdi, \u0259n vacib s\u0259b\u0259b Almaniyan\u0131n Avropa daxilind\u0259 ciddi t\u0259zyiq alt\u0131nda olmas\u0131d\u0131r. \u00c7\u00fcnki Almaniyan\u0131n Avropa siyas\u0259tind\u0259 \u00f6z\u00fcn\u0259m\u0259xsus rolu olub, y\u0259ni dig\u0259rl\u0259ri emosional b\u0259yanatlar vers\u0259 d\u0259, Berlin rasional, d\u00fc\u015f\u00fcn\u00fclm\u00fc\u015f, uzun m\u00fczakir\u0259d\u0259n sonra b\u0259yanat s\u0259sl\u0259ndirdi. Adi bir misal, son 30 ild\u0259 Rusiyayla ba\u011fl\u0131 b\u00fct\u00fcn Avropa \u00f6lk\u0259l\u0259ri s\u0259rt t\u0259nqid s\u0259sl\u0259ndirs\u0259l\u0259r d\u0259, Berlin \u015fimal \u00f6lk\u0259ni Q\u0259rb bazarlar\u0131na yax\u0131nla\u015fd\u0131rmaq, orda alman \u015firk\u0259tl\u0259rini art\u0131rmaqla Rusiyan\u0131n da\u011f\u0131d\u0131c\u0131 g\u00fcc\u00fcn\u00fc neytralla\u015fd\u0131rmaq m\u0259qs\u0259di g\u00fcd\u00fcrd\u00fc&#8221;.<\/em><\/p>\n\n\n\n<p>&#8220;<em>2022-ci ilin fevral\u0131nda Rusiya Ukraynaya sava\u015f a\u00e7\u0131r, n\u0259tic\u0259d\u0259 Almaniya v\u0259 Fransan\u0131n \u015fimal \u00f6lk\u0259yl\u0259 ba\u011fl\u0131 t\u0259qdim etdikl\u0259ri vizyon s\u0131radan \u00e7\u0131x\u0131r. Ona g\u00f6r\u0259 d\u0259 hans\u0131sa \u00f6lk\u0259nin emosional m\u00fcnasib\u0259tind\u0259n sonra Berlinin bu istiqam\u0259td\u0259 imkanlar\u0131 m\u0259hduddur, s\u0259b\u0259b d\u0259 Rusiyayla ba\u011fl\u0131 son xat\u0131rlatd\u0131\u011f\u0131m hadis\u0259l\u0259rdir. \u018fmin\u0259m ki, bu, imicl\u0259 ba\u011fl\u0131 m\u0259s\u0259l\u0259dir, bir m\u00fcdd\u0259t sonra Berlin \u0259n\u0259n\u0259vi roluna qay\u0131dacaq&#8221;, &#8211;<\/em> dey\u0259 o qeyd<a href=\"https:\/\/storage.googleapis.com\/qurium\/www.meydan.tv\/az-article-ehmed-elili-qarabagdan-gedenler-avropa-olkelerinde-qacqin-statusu-almaq-isteyir.html\"> etmi\u015fdi.<\/a><\/p>\n\n\n\n<p>Oktyabr\u0131n 30-da Erm\u0259nistan\u0131n Ba\u015f naziri Nikol Pa\u015finyan Bak\u0131-Yerevan aras\u0131nda s\u00fclh\u00fcn b\u0259rq\u0259rar olmas\u0131na v\u0259 m\u00fcnasib\u0259tl\u0259rin nizamlanmas\u0131na t\u00f6hf\u0259 ver\u0259 bil\u0259c\u0259k \u00fc\u00e7 \u0259sas prinsipin raz\u0131la\u015fd\u0131r\u0131ld\u0131\u011f\u0131n\u0131 bildirmi\u015fdi:<\/p>\n\n\n\n<p>\u201c<em>Birinci prinsip ondan ibar\u0259tdir ki, Erm\u0259nistan v\u0259 Az\u0259rbaycan bir-birinin \u0259razi b\u00fct\u00f6vl\u00fcy\u00fcn\u00fc tan\u0131mal\u0131d\u0131r. \u00dcst\u0259lik, Erm\u0259nistan Respublikas\u0131n\u0131n \u0259razisinin 29,8 min kvadratmetr oldu\u011funu ba\u015fa d\u00fc\u015fm\u0259kl\u0259. Az\u0259rbaycan\u0131n is\u0259 86,600 kv. km \u0259razisini tan\u0131mal\u0131y\u0131q. \u0130kinci prinsip Alma-Ata B\u0259yannam\u0259sini ehtiva edir, y\u0259ni plana g\u00f6r\u0259, d\u00f6vl\u0259t s\u0259rh\u0259dinin delimitasiyas\u0131 v\u0259 g\u0259l\u0259c\u0259k demarkasiyas\u0131 \u00fc\u00e7\u00fcn siyasi \u0259sas olmal\u0131d\u0131r&#8221;.<\/em><\/p>\n\n\n\n<p>&#8220;<em>N\u0259hay\u0259t, \u00fc\u00e7\u00fcnc\u00fc prinsip b\u00fct\u00fcn regional kommunikasiyalar\u0131n a\u00e7\u0131lmas\u0131n\u0131 \u00f6z\u00fcnd\u0259 \u0259ks etdirir. Bu, suverenliy\u0259, yurisdiksiyaya v\u0259 qanunvericiliy\u0259 qar\u015f\u0131l\u0131ql\u0131 h\u00f6rm\u0259t prinsipl\u0259ri \u0259sas\u0131nda ba\u015f verm\u0259lidir\u201c, &#8211; <\/em>dey\u0259 Pa\u015finyan qeyd <a href=\"https:\/\/storage.googleapis.com\/qurium\/www.meydan.tv\/az-article-nikol-pasinyan-azerbaycanla-razilasdirilmis-prinsipleri-aciqlayib.html\">etmi\u015fdi<\/a>.<\/p>\n","protected":false},"excerpt":{"rendered":"<p>Almaniyal\u0131 nazirin Qaraba\u011fdan ged\u0259n qa\u00e7q\u0131nlara ba\u015f \u00e7\u0259k\u0259c\u0259yi d\u0259 bildirilir Bu &#8230; <\/p>\n<p class=\"read-more-container\"><a title=\"Almaniyadan s\u00fclh \u00e7a\u011f\u0131r\u0131\u015f\u0131: Berbok \u0259vv\u0259l Yerevana, sonra Bak\u0131ya ged\u0259c\u0259k\" class=\"read-more button\" href=\"https:\/\/www.meydan.tv\/az\/article\/almaniyadan-sulh-cagirisi-baerbok-evvel-yerevana-sonra-bakiya-gedecek\/#more-289502\" aria-label=\"Read more about Almaniyadan s\u00fclh \u00e7a\u011f\u0131r\u0131\u015f\u0131: Berbok \u0259vv\u0259l Yerevana, sonra Bak\u0131ya ged\u0259c\u0259k\">Davam\u0131<\/a><\/p>\n","protected":false},"author":8,"featured_media":289504,"comment_status":"closed","ping_status":"closed","sticky":false,"template":"","format":"standard","meta":{"_acf_changed":false,"_sitemap_exclude":false,"_sitemap_priority":"","_sitemap_frequency":"","footnotes":""},"categories":[59,56],"tags":[],"class_list":["post-289502","post","type-post","status-publish","format-standard","has-post-thumbnail","hentry","category-siyaset","category-xeberler","infinite-scroll-item","generate-columns","tablet-grid-50","mobile-grid-100","grid-parent","grid-33","no-featured-image-padding"],"acf":[],"yoast_head":"<!-- This site is optimized with the Yoast SEO plugin v27.4 - https:\/\/yoast.com\/product\/yoast-seo-wordpress\/ -->\n<title>Almaniyadan s\u00fclh \u00e7a\u011f\u0131r\u0131\u015f\u0131: Berbok \u0259vv\u0259l Yerevana, sonra Bak\u0131ya ged\u0259c\u0259k - MEYDAN.TV<\/title>\n<meta name=\"robots\" content=\"index, follow, max-snippet:-1, max-image-preview:large, max-video-preview:-1\" \/>\n<link rel=\"canonical\" href=\"https:\/\/www.meydan.tv\/az\/article\/almaniyadan-sulh-cagirisi-baerbok-evvel-yerevana-sonra-bakiya-gedecek\/\" \/>\n<meta property=\"og:locale\" content=\"az_AZ\" \/>\n<meta property=\"og:type\" content=\"article\" \/>\n<meta property=\"og:title\" content=\"Almaniyadan s\u00fclh \u00e7a\u011f\u0131r\u0131\u015f\u0131: Berbok \u0259vv\u0259l Yerevana, sonra Bak\u0131ya ged\u0259c\u0259k - MEYDAN.TV\" \/>\n<meta property=\"og:description\" content=\"Almaniyal\u0131 nazirin Qaraba\u011fdan ged\u0259n qa\u00e7q\u0131nlara ba\u015f \u00e7\u0259k\u0259c\u0259yi d\u0259 bildirilir Bu ... Davam\u0131\" \/>\n<meta property=\"og:url\" content=\"https:\/\/www.meydan.tv\/az\/article\/almaniyadan-sulh-cagirisi-baerbok-evvel-yerevana-sonra-bakiya-gedecek\/\" \/>\n<meta property=\"og:site_name\" content=\"MEYDAN.TV\" \/>\n<meta property=\"article:published_time\" content=\"2023-11-02T08:36:26+00:00\" \/>\n<meta property=\"article:modified_time\" content=\"2023-11-04T16:01:29+00:00\" \/>\n<meta property=\"og:image\" content=\"https:\/\/www.meydan.tv\/wp-content\/uploads\/shutterstock_2137715763-1.jpg\" \/>\n\t<meta property=\"og:image:width\" content=\"1200\" \/>\n\t<meta property=\"og:image:height\" content=\"800\" \/>\n\t<meta property=\"og:image:type\" content=\"image\/jpeg\" \/>\n<meta name=\"author\" content=\"elli\" \/>\n<meta name=\"twitter:card\" content=\"summary_large_image\" \/>\n<meta name=\"twitter:creator\" content=\"@elli\" \/>\n<script type=\"application\/ld+json\" class=\"yoast-schema-graph\">{\"@context\":\"https:\\\/\\\/schema.org\",\"@graph\":[{\"@type\":\"Article\",\"@id\":\"https:\\\/\\\/www.meydan.tv\\\/az\\\/article\\\/almaniyadan-sulh-cagirisi-baerbok-evvel-yerevana-sonra-bakiya-gedecek\\\/#article\",\"isPartOf\":{\"@id\":\"https:\\\/\\\/www.meydan.tv\\\/az\\\/article\\\/almaniyadan-sulh-cagirisi-baerbok-evvel-yerevana-sonra-bakiya-gedecek\\\/\"},\"author\":{\"name\":\"elli\",\"@id\":\"https:\\\/\\\/www.meydan.tv\\\/az\\\/#\\\/schema\\\/person\\\/9cdbecf90d17180ce1dfbd95b08dcf47\"},\"headline\":\"Almaniyadan s\u00fclh \u00e7a\u011f\u0131r\u0131\u015f\u0131: Berbok \u0259vv\u0259l Yerevana, sonra Bak\u0131ya ged\u0259c\u0259k\",\"datePublished\":\"2023-11-02T08:36:26+00:00\",\"dateModified\":\"2023-11-04T16:01:29+00:00\",\"mainEntityOfPage\":{\"@id\":\"https:\\\/\\\/www.meydan.tv\\\/az\\\/article\\\/almaniyadan-sulh-cagirisi-baerbok-evvel-yerevana-sonra-bakiya-gedecek\\\/\"},\"wordCount\":960,\"publisher\":{\"@id\":\"https:\\\/\\\/www.meydan.tv\\\/az\\\/#organization\"},\"image\":{\"@id\":\"https:\\\/\\\/www.meydan.tv\\\/az\\\/article\\\/almaniyadan-sulh-cagirisi-baerbok-evvel-yerevana-sonra-bakiya-gedecek\\\/#primaryimage\"},\"thumbnailUrl\":\"https:\\\/\\\/www.meydan.tv\\\/wp-content\\\/uploads\\\/shutterstock_2137715763-1.jpg\",\"articleSection\":[\"Siyas\u0259t\",\"X\u0259b\u0259rl\u0259r\"],\"inLanguage\":\"az\"},{\"@type\":\"WebPage\",\"@id\":\"https:\\\/\\\/www.meydan.tv\\\/az\\\/article\\\/almaniyadan-sulh-cagirisi-baerbok-evvel-yerevana-sonra-bakiya-gedecek\\\/\",\"url\":\"https:\\\/\\\/www.meydan.tv\\\/az\\\/article\\\/almaniyadan-sulh-cagirisi-baerbok-evvel-yerevana-sonra-bakiya-gedecek\\\/\",\"name\":\"Almaniyadan s\u00fclh \u00e7a\u011f\u0131r\u0131\u015f\u0131: Berbok \u0259vv\u0259l Yerevana, sonra Bak\u0131ya ged\u0259c\u0259k - MEYDAN.TV\",\"isPartOf\":{\"@id\":\"https:\\\/\\\/www.meydan.tv\\\/az\\\/#website\"},\"primaryImageOfPage\":{\"@id\":\"https:\\\/\\\/www.meydan.tv\\\/az\\\/article\\\/almaniyadan-sulh-cagirisi-baerbok-evvel-yerevana-sonra-bakiya-gedecek\\\/#primaryimage\"},\"image\":{\"@id\":\"https:\\\/\\\/www.meydan.tv\\\/az\\\/article\\\/almaniyadan-sulh-cagirisi-baerbok-evvel-yerevana-sonra-bakiya-gedecek\\\/#primaryimage\"},\"thumbnailUrl\":\"https:\\\/\\\/www.meydan.tv\\\/wp-content\\\/uploads\\\/shutterstock_2137715763-1.jpg\",\"datePublished\":\"2023-11-02T08:36:26+00:00\",\"dateModified\":\"2023-11-04T16:01:29+00:00\",\"breadcrumb\":{\"@id\":\"https:\\\/\\\/www.meydan.tv\\\/az\\\/article\\\/almaniyadan-sulh-cagirisi-baerbok-evvel-yerevana-sonra-bakiya-gedecek\\\/#breadcrumb\"},\"inLanguage\":\"az\",\"potentialAction\":[{\"@type\":\"ReadAction\",\"target\":[\"https:\\\/\\\/www.meydan.tv\\\/az\\\/article\\\/almaniyadan-sulh-cagirisi-baerbok-evvel-yerevana-sonra-bakiya-gedecek\\\/\"]}]},{\"@type\":\"ImageObject\",\"inLanguage\":\"az\",\"@id\":\"https:\\\/\\\/www.meydan.tv\\\/az\\\/article\\\/almaniyadan-sulh-cagirisi-baerbok-evvel-yerevana-sonra-bakiya-gedecek\\\/#primaryimage\",\"url\":\"https:\\\/\\\/www.meydan.tv\\\/wp-content\\\/uploads\\\/shutterstock_2137715763-1.jpg\",\"contentUrl\":\"https:\\\/\\\/www.meydan.tv\\\/wp-content\\\/uploads\\\/shutterstock_2137715763-1.jpg\",\"width\":1200,\"height\":800,\"caption\":\"Annalena Berbok. Foto: Alexandros Michailidis\\\/shutterstock\"},{\"@type\":\"BreadcrumbList\",\"@id\":\"https:\\\/\\\/www.meydan.tv\\\/az\\\/article\\\/almaniyadan-sulh-cagirisi-baerbok-evvel-yerevana-sonra-bakiya-gedecek\\\/#breadcrumb\",\"itemListElement\":[{\"@type\":\"ListItem\",\"position\":1,\"name\":\"Ana s\u0259hif\u0259\",\"item\":\"https:\\\/\\\/www.meydan.tv\\\/az\\\/\"},{\"@type\":\"ListItem\",\"position\":2,\"name\":\"Siyas\u0259t\",\"item\":\"https:\\\/\\\/www.meydan.tv\\\/az\\\/section\\\/siyaset\\\/\"},{\"@type\":\"ListItem\",\"position\":3,\"name\":\"Almaniyadan s\u00fclh \u00e7a\u011f\u0131r\u0131\u015f\u0131: Berbok \u0259vv\u0259l Yerevana, sonra Bak\u0131ya ged\u0259c\u0259k\"}]},{\"@type\":\"WebSite\",\"@id\":\"https:\\\/\\\/www.meydan.tv\\\/az\\\/#website\",\"url\":\"https:\\\/\\\/www.meydan.tv\\\/az\\\/\",\"name\":\"MEYDAN.TV\",\"description\":\"Meydan TV Az\u0259rbaycan\u0131n media m\u0259kan\u0131ndak\u0131 alternativ s\u0259sidir\",\"publisher\":{\"@id\":\"https:\\\/\\\/www.meydan.tv\\\/az\\\/#organization\"},\"potentialAction\":[{\"@type\":\"SearchAction\",\"target\":{\"@type\":\"EntryPoint\",\"urlTemplate\":\"https:\\\/\\\/www.meydan.tv\\\/az\\\/?s={search_term_string}\"},\"query-input\":{\"@type\":\"PropertyValueSpecification\",\"valueRequired\":true,\"valueName\":\"search_term_string\"}}],\"inLanguage\":\"az\"},{\"@type\":\"Organization\",\"@id\":\"https:\\\/\\\/www.meydan.tv\\\/az\\\/#organization\",\"name\":\"Meydan TV\",\"url\":\"https:\\\/\\\/www.meydan.tv\\\/az\\\/\",\"logo\":{\"@type\":\"ImageObject\",\"inLanguage\":\"az\",\"@id\":\"https:\\\/\\\/www.meydan.tv\\\/az\\\/#\\\/schema\\\/logo\\\/image\\\/\",\"url\":\"https:\\\/\\\/www.meydan.tv\\\/wp-content\\\/uploads\\\/2021\\\/07\\\/meydan-logo.svg\",\"contentUrl\":\"https:\\\/\\\/www.meydan.tv\\\/wp-content\\\/uploads\\\/2021\\\/07\\\/meydan-logo.svg\",\"width\":195,\"height\":46,\"caption\":\"Meydan TV\"},\"image\":{\"@id\":\"https:\\\/\\\/www.meydan.tv\\\/az\\\/#\\\/schema\\\/logo\\\/image\\\/\"}},{\"@type\":\"Person\",\"@id\":\"https:\\\/\\\/www.meydan.tv\\\/az\\\/#\\\/schema\\\/person\\\/9cdbecf90d17180ce1dfbd95b08dcf47\",\"name\":\"elli\",\"sameAs\":[\"https:\\\/\\\/x.com\\\/elli\"]}]}<\/script>\n<!-- \/ Yoast SEO plugin. -->","yoast_head_json":{"title":"Almaniyadan s\u00fclh \u00e7a\u011f\u0131r\u0131\u015f\u0131: Berbok \u0259vv\u0259l Yerevana, sonra Bak\u0131ya ged\u0259c\u0259k - MEYDAN.TV","robots":{"index":"index","follow":"follow","max-snippet":"max-snippet:-1","max-image-preview":"max-image-preview:large","max-video-preview":"max-video-preview:-1"},"canonical":"https:\/\/www.meydan.tv\/az\/article\/almaniyadan-sulh-cagirisi-baerbok-evvel-yerevana-sonra-bakiya-gedecek\/","og_locale":"az_AZ","og_type":"article","og_title":"Almaniyadan s\u00fclh \u00e7a\u011f\u0131r\u0131\u015f\u0131: Berbok \u0259vv\u0259l Yerevana, sonra Bak\u0131ya ged\u0259c\u0259k - MEYDAN.TV","og_description":"Almaniyal\u0131 nazirin Qaraba\u011fdan ged\u0259n qa\u00e7q\u0131nlara ba\u015f \u00e7\u0259k\u0259c\u0259yi d\u0259 bildirilir Bu ... Davam\u0131","og_url":"https:\/\/www.meydan.tv\/az\/article\/almaniyadan-sulh-cagirisi-baerbok-evvel-yerevana-sonra-bakiya-gedecek\/","og_site_name":"MEYDAN.TV","article_published_time":"2023-11-02T08:36:26+00:00","article_modified_time":"2023-11-04T16:01:29+00:00","og_image":[{"width":1200,"height":800,"url":"https:\/\/www.meydan.tv\/wp-content\/uploads\/shutterstock_2137715763-1.jpg","type":"image\/jpeg"}],"author":"elli","twitter_card":"summary_large_image","twitter_creator":"@elli","schema":{"@context":"https:\/\/schema.org","@graph":[{"@type":"Article","@id":"https:\/\/www.meydan.tv\/az\/article\/almaniyadan-sulh-cagirisi-baerbok-evvel-yerevana-sonra-bakiya-gedecek\/#article","isPartOf":{"@id":"https:\/\/www.meydan.tv\/az\/article\/almaniyadan-sulh-cagirisi-baerbok-evvel-yerevana-sonra-bakiya-gedecek\/"},"author":{"name":"elli","@id":"https:\/\/www.meydan.tv\/az\/#\/schema\/person\/9cdbecf90d17180ce1dfbd95b08dcf47"},"headline":"Almaniyadan s\u00fclh \u00e7a\u011f\u0131r\u0131\u015f\u0131: Berbok \u0259vv\u0259l Yerevana, sonra Bak\u0131ya ged\u0259c\u0259k","datePublished":"2023-11-02T08:36:26+00:00","dateModified":"2023-11-04T16:01:29+00:00","mainEntityOfPage":{"@id":"https:\/\/www.meydan.tv\/az\/article\/almaniyadan-sulh-cagirisi-baerbok-evvel-yerevana-sonra-bakiya-gedecek\/"},"wordCount":960,"publisher":{"@id":"https:\/\/www.meydan.tv\/az\/#organization"},"image":{"@id":"https:\/\/www.meydan.tv\/az\/article\/almaniyadan-sulh-cagirisi-baerbok-evvel-yerevana-sonra-bakiya-gedecek\/#primaryimage"},"thumbnailUrl":"https:\/\/www.meydan.tv\/wp-content\/uploads\/shutterstock_2137715763-1.jpg","articleSection":["Siyas\u0259t","X\u0259b\u0259rl\u0259r"],"inLanguage":"az"},{"@type":"WebPage","@id":"https:\/\/www.meydan.tv\/az\/article\/almaniyadan-sulh-cagirisi-baerbok-evvel-yerevana-sonra-bakiya-gedecek\/","url":"https:\/\/www.meydan.tv\/az\/article\/almaniyadan-sulh-cagirisi-baerbok-evvel-yerevana-sonra-bakiya-gedecek\/","name":"Almaniyadan s\u00fclh \u00e7a\u011f\u0131r\u0131\u015f\u0131: Berbok \u0259vv\u0259l Yerevana, sonra Bak\u0131ya ged\u0259c\u0259k - MEYDAN.TV","isPartOf":{"@id":"https:\/\/www.meydan.tv\/az\/#website"},"primaryImageOfPage":{"@id":"https:\/\/www.meydan.tv\/az\/article\/almaniyadan-sulh-cagirisi-baerbok-evvel-yerevana-sonra-bakiya-gedecek\/#primaryimage"},"image":{"@id":"https:\/\/www.meydan.tv\/az\/article\/almaniyadan-sulh-cagirisi-baerbok-evvel-yerevana-sonra-bakiya-gedecek\/#primaryimage"},"thumbnailUrl":"https:\/\/www.meydan.tv\/wp-content\/uploads\/shutterstock_2137715763-1.jpg","datePublished":"2023-11-02T08:36:26+00:00","dateModified":"2023-11-04T16:01:29+00:00","breadcrumb":{"@id":"https:\/\/www.meydan.tv\/az\/article\/almaniyadan-sulh-cagirisi-baerbok-evvel-yerevana-sonra-bakiya-gedecek\/#breadcrumb"},"inLanguage":"az","potentialAction":[{"@type":"ReadAction","target":["https:\/\/www.meydan.tv\/az\/article\/almaniyadan-sulh-cagirisi-baerbok-evvel-yerevana-sonra-bakiya-gedecek\/"]}]},{"@type":"ImageObject","inLanguage":"az","@id":"https:\/\/www.meydan.tv\/az\/article\/almaniyadan-sulh-cagirisi-baerbok-evvel-yerevana-sonra-bakiya-gedecek\/#primaryimage","url":"https:\/\/www.meydan.tv\/wp-content\/uploads\/shutterstock_2137715763-1.jpg","contentUrl":"https:\/\/www.meydan.tv\/wp-content\/uploads\/shutterstock_2137715763-1.jpg","width":1200,"height":800,"caption":"Annalena Berbok. Foto: Alexandros Michailidis\/shutterstock"},{"@type":"BreadcrumbList","@id":"https:\/\/www.meydan.tv\/az\/article\/almaniyadan-sulh-cagirisi-baerbok-evvel-yerevana-sonra-bakiya-gedecek\/#breadcrumb","itemListElement":[{"@type":"ListItem","position":1,"name":"Ana s\u0259hif\u0259","item":"https:\/\/www.meydan.tv\/az\/"},{"@type":"ListItem","position":2,"name":"Siyas\u0259t","item":"https:\/\/www.meydan.tv\/az\/section\/siyaset\/"},{"@type":"ListItem","position":3,"name":"Almaniyadan s\u00fclh \u00e7a\u011f\u0131r\u0131\u015f\u0131: Berbok \u0259vv\u0259l Yerevana, sonra Bak\u0131ya ged\u0259c\u0259k"}]},{"@type":"WebSite","@id":"https:\/\/www.meydan.tv\/az\/#website","url":"https:\/\/www.meydan.tv\/az\/","name":"MEYDAN.TV","description":"Meydan TV Az\u0259rbaycan\u0131n media m\u0259kan\u0131ndak\u0131 alternativ s\u0259sidir","publisher":{"@id":"https:\/\/www.meydan.tv\/az\/#organization"},"potentialAction":[{"@type":"SearchAction","target":{"@type":"EntryPoint","urlTemplate":"https:\/\/www.meydan.tv\/az\/?s={search_term_string}"},"query-input":{"@type":"PropertyValueSpecification","valueRequired":true,"valueName":"search_term_string"}}],"inLanguage":"az"},{"@type":"Organization","@id":"https:\/\/www.meydan.tv\/az\/#organization","name":"Meydan TV","url":"https:\/\/www.meydan.tv\/az\/","logo":{"@type":"ImageObject","inLanguage":"az","@id":"https:\/\/www.meydan.tv\/az\/#\/schema\/logo\/image\/","url":"https:\/\/www.meydan.tv\/wp-content\/uploads\/2021\/07\/meydan-logo.svg","contentUrl":"https:\/\/www.meydan.tv\/wp-content\/uploads\/2021\/07\/meydan-logo.svg","width":195,"height":46,"caption":"Meydan TV"},"image":{"@id":"https:\/\/www.meydan.tv\/az\/#\/schema\/logo\/image\/"}},{"@type":"Person","@id":"https:\/\/www.meydan.tv\/az\/#\/schema\/person\/9cdbecf90d17180ce1dfbd95b08dcf47","name":"elli","sameAs":["https:\/\/x.com\/elli"]}]}},"_links":{"self":[{"href":"https:\/\/www.meydan.tv\/az\/wp-json\/wp\/v2\/posts\/289502","targetHints":{"allow":["GET"]}}],"collection":[{"href":"https:\/\/www.meydan.tv\/az\/wp-json\/wp\/v2\/posts"}],"about":[{"href":"https:\/\/www.meydan.tv\/az\/wp-json\/wp\/v2\/types\/post"}],"author":[{"embeddable":true,"href":"https:\/\/www.meydan.tv\/az\/wp-json\/wp\/v2\/users\/8"}],"replies":[{"embeddable":true,"href":"https:\/\/www.meydan.tv\/az\/wp-json\/wp\/v2\/comments?post=289502"}],"version-history":[{"count":8,"href":"https:\/\/www.meydan.tv\/az\/wp-json\/wp\/v2\/posts\/289502\/revisions"}],"predecessor-version":[{"id":289760,"href":"https:\/\/www.meydan.tv\/az\/wp-json\/wp\/v2\/posts\/289502\/revisions\/289760"}],"wp:featuredmedia":[{"embeddable":true,"href":"https:\/\/www.meydan.tv\/az\/wp-json\/wp\/v2\/media\/289504"}],"wp:attachment":[{"href":"https:\/\/www.meydan.tv\/az\/wp-json\/wp\/v2\/media?parent=289502"}],"wp:term":[{"taxonomy":"category","embeddable":true,"href":"https:\/\/www.meydan.tv\/az\/wp-json\/wp\/v2\/categories?post=289502"},{"taxonomy":"post_tag","embeddable":true,"href":"https:\/\/www.meydan.tv\/az\/wp-json\/wp\/v2\/tags?post=289502"}],"curies":[{"name":"wp","href":"https:\/\/api.w.org\/{rel}","templated":true}]}}