{"id":289445,"date":"2023-11-01T13:59:41","date_gmt":"2023-11-01T09:59:41","guid":{"rendered":"https:\/\/www.meydan.tv\/?p=289445"},"modified":"2023-11-01T13:59:44","modified_gmt":"2023-11-01T09:59:44","slug":"ermeniler-qarabaga-niye-donmek-istemir","status":"publish","type":"post","link":"https:\/\/www.meydan.tv\/az\/article\/ermeniler-qarabaga-niye-donmek-istemir\/","title":{"rendered":"Erm\u0259nil\u0259r Qaraba\u011fa niy\u0259 d\u00f6nm\u0259k ist\u0259mir?"},"content":{"rendered":"\n<figure class=\"wp-block-embed is-type-video is-provider-youtube wp-block-embed-youtube wp-embed-aspect-16-9 wp-has-aspect-ratio\"><div class=\"wp-block-embed__wrapper\">\n<iframe title=\"Erm\u0259nil\u0259r Qaraba\u011fa niy\u0259 d\u00f6nm\u0259k ist\u0259mir?\" width=\"1200\" height=\"675\" data-src=\"https:\/\/www.youtube.com\/embed\/gEC-zp2wGf0?feature=oembed\" frameborder=\"0\" allow=\"accelerometer; autoplay; clipboard-write; encrypted-media; gyroscope; picture-in-picture; web-share\" allowfullscreen src=\"data:image\/svg+xml;base64,PHN2ZyB3aWR0aD0iMSIgaGVpZ2h0PSIxIiB4bWxucz0iaHR0cDovL3d3dy53My5vcmcvMjAwMC9zdmciPjwvc3ZnPg==\" class=\"lazyload\" data-load-mode=\"1\"><\/iframe>\n<\/div><\/figure>\n\n\n\n<p><\/p>\n\n\n\n<p>Minl\u0259rl\u0259 erm\u0259ni \u0259halisinin Qaraba\u011f\u0131 t\u0259rk etm\u0259si fonunda Az\u0259rbaycan h\u00f6kum\u0259ti erm\u0259nil\u0259rin Qaraba\u011fa yenid\u0259n k\u00f6\u00e7\u00fcn\u00fc r\u0259smil\u0259\u015fdir\u0259n qeydiyyat \u00fc\u00e7\u00fcn portal yaratd\u0131. <\/p>\n\n\n\n<p>R\u0259smi qurumlar\u0131n son m\u0259lumat\u0131na g\u00f6r\u0259, reinteqrasiya prosesin\u0259 qo\u015fulmaq m\u0259qs\u0259dil\u0259 15 sakin k\u00f6n\u00fcll\u00fc \u015f\u0259kild\u0259 m\u00fcraci\u0259t edib. Portal vasit\u0259sil\u0259 D\u00f6vl\u0259t Miqrasiya Xidm\u0259tin\u0259 \u00fcmumilikd\u0259 98 m\u00fcraci\u0259t daxil olub. Qaraba\u011fa qay\u0131dacaq olan erm\u0259nil\u0259r az\u0259rbaycanl\u0131larla birg\u0259, Az\u0259rbaycan h\u00f6kum\u0259tinin qanunlar\u0131 il\u0259 ya\u015famal\u0131 olacaqlar. <\/p>\n\n\n\n<p>Erm\u0259nistan m\u0259nb\u0259l\u0259ri 100 min erm\u0259ninin Qaraba\u011f\u0131 t\u0259rk etdiyini yaz\u0131r. <\/p>\n\n\n\n<p>Qaraba\u011f erm\u0259nil\u0259ri ya\u015fad\u0131qlar\u0131 yerl\u0259r\u0259 niy\u0259 d\u00f6nm\u0259k ist\u0259mirl\u0259r? <\/p>\n\n\n\n<p>M\u00fcnaqi\u015f\u0259 ara\u015fd\u0131rma\u00e7\u0131s\u0131 Sevinc S\u0259m\u0259dzad\u0259 birg\u0259ya\u015fay\u0131\u015f \u00fc\u00e7\u00fcn h\u00f6kum\u0259tin \u00fcz\u0259rin\u0259 \u00f6hd\u0259likl\u0259r d\u00fc\u015fd\u00fcy\u00fcn\u00fc deyir. <\/p>\n\n\n\n<p>Siyasi analitik \u018fhm\u0259d \u018flili d\u00fc\u015f\u00fcn\u00fcr ki, Erm\u0259nistan t\u0259r\u0259fi baryer yaratmazsa, reinteqrasiya prosesi realla\u015facaq. <\/p>\n\n\n\n<p>\u00d6lk\u0259l\u0259ri ill\u0259rl\u0259 m\u00fcharib\u0259 ed\u0259n iki xalq\u0131n birlikd\u0259 ya\u015famas\u0131 \u00fc\u00e7\u00fcn hans\u0131 \u015f\u0259rtl\u0259r olmal\u0131d\u0131r? <\/p>\n\n\n\n<p>\u0130nsan haqlar\u0131 m\u00fcdafi\u0259\u00e7isi S\u0259m\u0259d R\u0259himli hesab edir ki, idar\u0259etm\u0259d\u0259 i\u015ftirak\u00e7\u0131l\u0131q, m\u0259d\u0259ni haqlar, diskriminasiyadan qorunma m\u0259s\u0259l\u0259l\u0259ri reinteqrasiyan\u0131n \u0259sas prinsipl\u0259rini t\u0259\u015fkil etm\u0259lidir. <\/p>\n\n\n\n<p>Az\u0259rbaycan t\u0259r\u0259fi sentyabr\u0131n 19-da lokal h\u0259rbi \u0259m\u0259liyyat ke\u00e7irib. Sentyabr\u0131n 20-d\u0259 Qaraba\u011f separat\u00e7\u0131lar\u0131 r\u0259smi Bak\u0131n\u0131n \u015f\u0259rtl\u0259rini q\u0259bul etdikl\u0259rini a\u00e7\u0131qlay\u0131b. Bundan sonra minl\u0259rl\u0259 erm\u0259ni Qaraba\u011fdan k\u00f6\u00e7 etdi. Erm\u0259ni t\u0259r\u0259fi bunu etnik t\u0259mizl\u0259m\u0259 adland\u0131rsa da, r\u0259smi Bak\u0131 ittihamlar\u0131 r\u0259dd edib, k\u00f6\u00e7\u00fcn k\u00f6n\u00fcll\u00fc ba\u015f verdiyini deyir.<\/p>\n","protected":false},"excerpt":{"rendered":"<p>Minl\u0259rl\u0259 erm\u0259ni \u0259halisinin Qaraba\u011f\u0131 t\u0259rk etm\u0259si fonunda Az\u0259rbaycan h\u00f6kum\u0259ti erm\u0259nil\u0259rin &#8230; <\/p>\n<p class=\"read-more-container\"><a title=\"Erm\u0259nil\u0259r Qaraba\u011fa niy\u0259 d\u00f6nm\u0259k ist\u0259mir?\" class=\"read-more button\" href=\"https:\/\/www.meydan.tv\/az\/article\/ermeniler-qarabaga-niye-donmek-istemir\/#more-289445\" aria-label=\"Read more about Erm\u0259nil\u0259r Qaraba\u011fa niy\u0259 d\u00f6nm\u0259k ist\u0259mir?\">Davam\u0131<\/a><\/p>\n","protected":false},"author":12,"featured_media":289446,"comment_status":"closed","ping_status":"closed","sticky":false,"template":"","format":"standard","meta":{"_acf_changed":false,"_sitemap_exclude":false,"_sitemap_priority":"","_sitemap_frequency":"","footnotes":""},"categories":[59,63],"tags":[],"class_list":["post-289445","post","type-post","status-publish","format-standard","has-post-thumbnail","hentry","category-siyaset","category-video-2","infinite-scroll-item","generate-columns","tablet-grid-50","mobile-grid-100","grid-parent","grid-33","no-featured-image-padding"],"acf":[],"yoast_head":"<!-- This site is optimized with the Yoast SEO plugin v27.4 - https:\/\/yoast.com\/product\/yoast-seo-wordpress\/ -->\n<title>Erm\u0259nil\u0259r Qaraba\u011fa niy\u0259 d\u00f6nm\u0259k ist\u0259mir? - MEYDAN.TV<\/title>\n<meta name=\"robots\" content=\"index, follow, max-snippet:-1, max-image-preview:large, max-video-preview:-1\" \/>\n<link rel=\"canonical\" href=\"https:\/\/www.meydan.tv\/az\/article\/ermeniler-qarabaga-niye-donmek-istemir\/\" \/>\n<meta property=\"og:locale\" content=\"az_AZ\" \/>\n<meta property=\"og:type\" content=\"article\" \/>\n<meta property=\"og:title\" content=\"Erm\u0259nil\u0259r Qaraba\u011fa niy\u0259 d\u00f6nm\u0259k ist\u0259mir? - MEYDAN.TV\" \/>\n<meta property=\"og:description\" content=\"Minl\u0259rl\u0259 erm\u0259ni \u0259halisinin Qaraba\u011f\u0131 t\u0259rk etm\u0259si fonunda Az\u0259rbaycan h\u00f6kum\u0259ti erm\u0259nil\u0259rin ... Davam\u0131\" \/>\n<meta property=\"og:url\" content=\"https:\/\/www.meydan.tv\/az\/article\/ermeniler-qarabaga-niye-donmek-istemir\/\" \/>\n<meta property=\"og:site_name\" content=\"MEYDAN.TV\" \/>\n<meta property=\"article:published_time\" content=\"2023-11-01T09:59:41+00:00\" \/>\n<meta property=\"article:modified_time\" content=\"2023-11-01T09:59:44+00:00\" \/>\n<meta property=\"og:image\" content=\"https:\/\/www.meydan.tv\/wp-content\/uploads\/reportaj-cover-2-9.png\" \/>\n\t<meta property=\"og:image:width\" content=\"1280\" \/>\n\t<meta property=\"og:image:height\" content=\"720\" \/>\n\t<meta property=\"og:image:type\" content=\"image\/png\" \/>\n<meta name=\"author\" content=\"aleks\" \/>\n<meta name=\"twitter:card\" content=\"summary_large_image\" \/>\n<script type=\"application\/ld+json\" class=\"yoast-schema-graph\">{\"@context\":\"https:\\\/\\\/schema.org\",\"@graph\":[{\"@type\":\"Article\",\"@id\":\"https:\\\/\\\/www.meydan.tv\\\/az\\\/article\\\/ermeniler-qarabaga-niye-donmek-istemir\\\/#article\",\"isPartOf\":{\"@id\":\"https:\\\/\\\/www.meydan.tv\\\/az\\\/article\\\/ermeniler-qarabaga-niye-donmek-istemir\\\/\"},\"author\":{\"name\":\"aleks\",\"@id\":\"https:\\\/\\\/www.meydan.tv\\\/az\\\/#\\\/schema\\\/person\\\/476e9360e593fa131d5d71d51866f8da\"},\"headline\":\"Erm\u0259nil\u0259r Qaraba\u011fa niy\u0259 d\u00f6nm\u0259k ist\u0259mir?\",\"datePublished\":\"2023-11-01T09:59:41+00:00\",\"dateModified\":\"2023-11-01T09:59:44+00:00\",\"mainEntityOfPage\":{\"@id\":\"https:\\\/\\\/www.meydan.tv\\\/az\\\/article\\\/ermeniler-qarabaga-niye-donmek-istemir\\\/\"},\"wordCount\":329,\"publisher\":{\"@id\":\"https:\\\/\\\/www.meydan.tv\\\/az\\\/#organization\"},\"image\":{\"@id\":\"https:\\\/\\\/www.meydan.tv\\\/az\\\/article\\\/ermeniler-qarabaga-niye-donmek-istemir\\\/#primaryimage\"},\"thumbnailUrl\":\"https:\\\/\\\/www.meydan.tv\\\/wp-content\\\/uploads\\\/reportaj-cover-2-9.png\",\"articleSection\":[\"Siyas\u0259t\",\"Video\"],\"inLanguage\":\"az\"},{\"@type\":\"WebPage\",\"@id\":\"https:\\\/\\\/www.meydan.tv\\\/az\\\/article\\\/ermeniler-qarabaga-niye-donmek-istemir\\\/\",\"url\":\"https:\\\/\\\/www.meydan.tv\\\/az\\\/article\\\/ermeniler-qarabaga-niye-donmek-istemir\\\/\",\"name\":\"Erm\u0259nil\u0259r Qaraba\u011fa niy\u0259 d\u00f6nm\u0259k ist\u0259mir? - MEYDAN.TV\",\"isPartOf\":{\"@id\":\"https:\\\/\\\/www.meydan.tv\\\/az\\\/#website\"},\"primaryImageOfPage\":{\"@id\":\"https:\\\/\\\/www.meydan.tv\\\/az\\\/article\\\/ermeniler-qarabaga-niye-donmek-istemir\\\/#primaryimage\"},\"image\":{\"@id\":\"https:\\\/\\\/www.meydan.tv\\\/az\\\/article\\\/ermeniler-qarabaga-niye-donmek-istemir\\\/#primaryimage\"},\"thumbnailUrl\":\"https:\\\/\\\/www.meydan.tv\\\/wp-content\\\/uploads\\\/reportaj-cover-2-9.png\",\"datePublished\":\"2023-11-01T09:59:41+00:00\",\"dateModified\":\"2023-11-01T09:59:44+00:00\",\"breadcrumb\":{\"@id\":\"https:\\\/\\\/www.meydan.tv\\\/az\\\/article\\\/ermeniler-qarabaga-niye-donmek-istemir\\\/#breadcrumb\"},\"inLanguage\":\"az\",\"potentialAction\":[{\"@type\":\"ReadAction\",\"target\":[\"https:\\\/\\\/www.meydan.tv\\\/az\\\/article\\\/ermeniler-qarabaga-niye-donmek-istemir\\\/\"]}]},{\"@type\":\"ImageObject\",\"inLanguage\":\"az\",\"@id\":\"https:\\\/\\\/www.meydan.tv\\\/az\\\/article\\\/ermeniler-qarabaga-niye-donmek-istemir\\\/#primaryimage\",\"url\":\"https:\\\/\\\/www.meydan.tv\\\/wp-content\\\/uploads\\\/reportaj-cover-2-9.png\",\"contentUrl\":\"https:\\\/\\\/www.meydan.tv\\\/wp-content\\\/uploads\\\/reportaj-cover-2-9.png\",\"width\":1280,\"height\":720},{\"@type\":\"BreadcrumbList\",\"@id\":\"https:\\\/\\\/www.meydan.tv\\\/az\\\/article\\\/ermeniler-qarabaga-niye-donmek-istemir\\\/#breadcrumb\",\"itemListElement\":[{\"@type\":\"ListItem\",\"position\":1,\"name\":\"Ana s\u0259hif\u0259\",\"item\":\"https:\\\/\\\/www.meydan.tv\\\/az\\\/\"},{\"@type\":\"ListItem\",\"position\":2,\"name\":\"Video\",\"item\":\"https:\\\/\\\/www.meydan.tv\\\/az\\\/section\\\/video-2\\\/\"},{\"@type\":\"ListItem\",\"position\":3,\"name\":\"Erm\u0259nil\u0259r Qaraba\u011fa niy\u0259 d\u00f6nm\u0259k ist\u0259mir?\"}]},{\"@type\":\"WebSite\",\"@id\":\"https:\\\/\\\/www.meydan.tv\\\/az\\\/#website\",\"url\":\"https:\\\/\\\/www.meydan.tv\\\/az\\\/\",\"name\":\"MEYDAN.TV\",\"description\":\"Meydan TV Az\u0259rbaycan\u0131n media m\u0259kan\u0131ndak\u0131 alternativ s\u0259sidir\",\"publisher\":{\"@id\":\"https:\\\/\\\/www.meydan.tv\\\/az\\\/#organization\"},\"potentialAction\":[{\"@type\":\"SearchAction\",\"target\":{\"@type\":\"EntryPoint\",\"urlTemplate\":\"https:\\\/\\\/www.meydan.tv\\\/az\\\/?s={search_term_string}\"},\"query-input\":{\"@type\":\"PropertyValueSpecification\",\"valueRequired\":true,\"valueName\":\"search_term_string\"}}],\"inLanguage\":\"az\"},{\"@type\":\"Organization\",\"@id\":\"https:\\\/\\\/www.meydan.tv\\\/az\\\/#organization\",\"name\":\"Meydan TV\",\"url\":\"https:\\\/\\\/www.meydan.tv\\\/az\\\/\",\"logo\":{\"@type\":\"ImageObject\",\"inLanguage\":\"az\",\"@id\":\"https:\\\/\\\/www.meydan.tv\\\/az\\\/#\\\/schema\\\/logo\\\/image\\\/\",\"url\":\"https:\\\/\\\/www.meydan.tv\\\/wp-content\\\/uploads\\\/2021\\\/07\\\/meydan-logo.svg\",\"contentUrl\":\"https:\\\/\\\/www.meydan.tv\\\/wp-content\\\/uploads\\\/2021\\\/07\\\/meydan-logo.svg\",\"width\":195,\"height\":46,\"caption\":\"Meydan TV\"},\"image\":{\"@id\":\"https:\\\/\\\/www.meydan.tv\\\/az\\\/#\\\/schema\\\/logo\\\/image\\\/\"}},{\"@type\":\"Person\",\"@id\":\"https:\\\/\\\/www.meydan.tv\\\/az\\\/#\\\/schema\\\/person\\\/476e9360e593fa131d5d71d51866f8da\",\"name\":\"aleks\"}]}<\/script>\n<!-- \/ Yoast SEO plugin. -->","yoast_head_json":{"title":"Erm\u0259nil\u0259r Qaraba\u011fa niy\u0259 d\u00f6nm\u0259k ist\u0259mir? - MEYDAN.TV","robots":{"index":"index","follow":"follow","max-snippet":"max-snippet:-1","max-image-preview":"max-image-preview:large","max-video-preview":"max-video-preview:-1"},"canonical":"https:\/\/www.meydan.tv\/az\/article\/ermeniler-qarabaga-niye-donmek-istemir\/","og_locale":"az_AZ","og_type":"article","og_title":"Erm\u0259nil\u0259r Qaraba\u011fa niy\u0259 d\u00f6nm\u0259k ist\u0259mir? - MEYDAN.TV","og_description":"Minl\u0259rl\u0259 erm\u0259ni \u0259halisinin Qaraba\u011f\u0131 t\u0259rk etm\u0259si fonunda Az\u0259rbaycan h\u00f6kum\u0259ti erm\u0259nil\u0259rin ... Davam\u0131","og_url":"https:\/\/www.meydan.tv\/az\/article\/ermeniler-qarabaga-niye-donmek-istemir\/","og_site_name":"MEYDAN.TV","article_published_time":"2023-11-01T09:59:41+00:00","article_modified_time":"2023-11-01T09:59:44+00:00","og_image":[{"width":1280,"height":720,"url":"https:\/\/www.meydan.tv\/wp-content\/uploads\/reportaj-cover-2-9.png","type":"image\/png"}],"author":"aleks","twitter_card":"summary_large_image","schema":{"@context":"https:\/\/schema.org","@graph":[{"@type":"Article","@id":"https:\/\/www.meydan.tv\/az\/article\/ermeniler-qarabaga-niye-donmek-istemir\/#article","isPartOf":{"@id":"https:\/\/www.meydan.tv\/az\/article\/ermeniler-qarabaga-niye-donmek-istemir\/"},"author":{"name":"aleks","@id":"https:\/\/www.meydan.tv\/az\/#\/schema\/person\/476e9360e593fa131d5d71d51866f8da"},"headline":"Erm\u0259nil\u0259r Qaraba\u011fa niy\u0259 d\u00f6nm\u0259k ist\u0259mir?","datePublished":"2023-11-01T09:59:41+00:00","dateModified":"2023-11-01T09:59:44+00:00","mainEntityOfPage":{"@id":"https:\/\/www.meydan.tv\/az\/article\/ermeniler-qarabaga-niye-donmek-istemir\/"},"wordCount":329,"publisher":{"@id":"https:\/\/www.meydan.tv\/az\/#organization"},"image":{"@id":"https:\/\/www.meydan.tv\/az\/article\/ermeniler-qarabaga-niye-donmek-istemir\/#primaryimage"},"thumbnailUrl":"https:\/\/www.meydan.tv\/wp-content\/uploads\/reportaj-cover-2-9.png","articleSection":["Siyas\u0259t","Video"],"inLanguage":"az"},{"@type":"WebPage","@id":"https:\/\/www.meydan.tv\/az\/article\/ermeniler-qarabaga-niye-donmek-istemir\/","url":"https:\/\/www.meydan.tv\/az\/article\/ermeniler-qarabaga-niye-donmek-istemir\/","name":"Erm\u0259nil\u0259r Qaraba\u011fa niy\u0259 d\u00f6nm\u0259k ist\u0259mir? - MEYDAN.TV","isPartOf":{"@id":"https:\/\/www.meydan.tv\/az\/#website"},"primaryImageOfPage":{"@id":"https:\/\/www.meydan.tv\/az\/article\/ermeniler-qarabaga-niye-donmek-istemir\/#primaryimage"},"image":{"@id":"https:\/\/www.meydan.tv\/az\/article\/ermeniler-qarabaga-niye-donmek-istemir\/#primaryimage"},"thumbnailUrl":"https:\/\/www.meydan.tv\/wp-content\/uploads\/reportaj-cover-2-9.png","datePublished":"2023-11-01T09:59:41+00:00","dateModified":"2023-11-01T09:59:44+00:00","breadcrumb":{"@id":"https:\/\/www.meydan.tv\/az\/article\/ermeniler-qarabaga-niye-donmek-istemir\/#breadcrumb"},"inLanguage":"az","potentialAction":[{"@type":"ReadAction","target":["https:\/\/www.meydan.tv\/az\/article\/ermeniler-qarabaga-niye-donmek-istemir\/"]}]},{"@type":"ImageObject","inLanguage":"az","@id":"https:\/\/www.meydan.tv\/az\/article\/ermeniler-qarabaga-niye-donmek-istemir\/#primaryimage","url":"https:\/\/www.meydan.tv\/wp-content\/uploads\/reportaj-cover-2-9.png","contentUrl":"https:\/\/www.meydan.tv\/wp-content\/uploads\/reportaj-cover-2-9.png","width":1280,"height":720},{"@type":"BreadcrumbList","@id":"https:\/\/www.meydan.tv\/az\/article\/ermeniler-qarabaga-niye-donmek-istemir\/#breadcrumb","itemListElement":[{"@type":"ListItem","position":1,"name":"Ana s\u0259hif\u0259","item":"https:\/\/www.meydan.tv\/az\/"},{"@type":"ListItem","position":2,"name":"Video","item":"https:\/\/www.meydan.tv\/az\/section\/video-2\/"},{"@type":"ListItem","position":3,"name":"Erm\u0259nil\u0259r Qaraba\u011fa niy\u0259 d\u00f6nm\u0259k ist\u0259mir?"}]},{"@type":"WebSite","@id":"https:\/\/www.meydan.tv\/az\/#website","url":"https:\/\/www.meydan.tv\/az\/","name":"MEYDAN.TV","description":"Meydan TV Az\u0259rbaycan\u0131n media m\u0259kan\u0131ndak\u0131 alternativ s\u0259sidir","publisher":{"@id":"https:\/\/www.meydan.tv\/az\/#organization"},"potentialAction":[{"@type":"SearchAction","target":{"@type":"EntryPoint","urlTemplate":"https:\/\/www.meydan.tv\/az\/?s={search_term_string}"},"query-input":{"@type":"PropertyValueSpecification","valueRequired":true,"valueName":"search_term_string"}}],"inLanguage":"az"},{"@type":"Organization","@id":"https:\/\/www.meydan.tv\/az\/#organization","name":"Meydan TV","url":"https:\/\/www.meydan.tv\/az\/","logo":{"@type":"ImageObject","inLanguage":"az","@id":"https:\/\/www.meydan.tv\/az\/#\/schema\/logo\/image\/","url":"https:\/\/www.meydan.tv\/wp-content\/uploads\/2021\/07\/meydan-logo.svg","contentUrl":"https:\/\/www.meydan.tv\/wp-content\/uploads\/2021\/07\/meydan-logo.svg","width":195,"height":46,"caption":"Meydan TV"},"image":{"@id":"https:\/\/www.meydan.tv\/az\/#\/schema\/logo\/image\/"}},{"@type":"Person","@id":"https:\/\/www.meydan.tv\/az\/#\/schema\/person\/476e9360e593fa131d5d71d51866f8da","name":"aleks"}]}},"_links":{"self":[{"href":"https:\/\/www.meydan.tv\/az\/wp-json\/wp\/v2\/posts\/289445","targetHints":{"allow":["GET"]}}],"collection":[{"href":"https:\/\/www.meydan.tv\/az\/wp-json\/wp\/v2\/posts"}],"about":[{"href":"https:\/\/www.meydan.tv\/az\/wp-json\/wp\/v2\/types\/post"}],"author":[{"embeddable":true,"href":"https:\/\/www.meydan.tv\/az\/wp-json\/wp\/v2\/users\/12"}],"replies":[{"embeddable":true,"href":"https:\/\/www.meydan.tv\/az\/wp-json\/wp\/v2\/comments?post=289445"}],"version-history":[{"count":4,"href":"https:\/\/www.meydan.tv\/az\/wp-json\/wp\/v2\/posts\/289445\/revisions"}],"predecessor-version":[{"id":289452,"href":"https:\/\/www.meydan.tv\/az\/wp-json\/wp\/v2\/posts\/289445\/revisions\/289452"}],"wp:featuredmedia":[{"embeddable":true,"href":"https:\/\/www.meydan.tv\/az\/wp-json\/wp\/v2\/media\/289446"}],"wp:attachment":[{"href":"https:\/\/www.meydan.tv\/az\/wp-json\/wp\/v2\/media?parent=289445"}],"wp:term":[{"taxonomy":"category","embeddable":true,"href":"https:\/\/www.meydan.tv\/az\/wp-json\/wp\/v2\/categories?post=289445"},{"taxonomy":"post_tag","embeddable":true,"href":"https:\/\/www.meydan.tv\/az\/wp-json\/wp\/v2\/tags?post=289445"}],"curies":[{"name":"wp","href":"https:\/\/api.w.org\/{rel}","templated":true}]}}