{"id":289422,"date":"2023-10-31T22:03:10","date_gmt":"2023-10-31T18:03:10","guid":{"rendered":"https:\/\/www.meydan.tv\/?p=289422"},"modified":"2023-10-31T22:03:23","modified_gmt":"2023-10-31T18:03:23","slug":"prokurorun-13-il-hebs-istediyi-kecmis-icra-bascisinin-mehkeme-istintaqi-yenilendi","status":"publish","type":"post","link":"https:\/\/www.meydan.tv\/az\/article\/prokurorun-13-il-hebs-istediyi-kecmis-icra-bascisinin-mehkeme-istintaqi-yenilendi\/","title":{"rendered":"Prokurorun 13 il h\u0259bs ist\u0259diyi ke\u00e7mi\u015f icra ba\u015f\u00e7\u0131s\u0131n\u0131n m\u0259hk\u0259m\u0259 istintaq\u0131 yenil\u0259ndi"},"content":{"rendered":"\n<p><\/p>\n\n\n\n<p><strong><em>Sahibkarl\u0131\u011f\u0131n \u0130nki\u015faf\u0131 Fondu da ke\u00e7mi\u015f icra ba\u015f\u00e7\u0131s\u0131n\u0131n i\u015fi \u00fczr\u0259 z\u0259r\u0259r\u00e7\u0259kmi\u015f qismind\u0259 tan\u0131n\u0131b<\/em><\/strong><\/p>\n\n\n\n<p>Bir ay \u0259vv\u0259l \u2013 sentyabr\u0131n 26-da G\u0259nc\u0259 A\u011f\u0131r Cinay\u0259tl\u0259r M\u0259hk\u0259m\u0259sind\u0259 \u015e\u0259mkirin ke\u00e7mi\u015f icra ba\u015f\u00e7\u0131s\u0131, 2 il yar\u0131md\u0131r ki, h\u0259bsd\u0259 olan Alimpa\u015fa M\u0259mm\u0259dovun i\u015fi \u00fczr\u0259 m\u0259hk\u0259m\u0259 istintaq\u0131 yekunla\u015fm\u0131\u015f, prokuror onun 13 il azadl\u0131qdan m\u0259hrum edilm\u0259sini ist\u0259mi\u015fdi. Onun v\u0259kili \u00e7\u0131x\u0131\u015f \u00fc\u00e7\u00fcn vaxt ist\u0259diyin\u0259 g\u00f6r\u0259 sabiq icra ba\u015f\u00e7\u0131s\u0131n\u0131n m\u0259hk\u0259m\u0259si bir h\u0259ft\u0259 sonraya qalm\u0131\u015fd\u0131. Lakin h\u0259r d\u0259f\u0259 m\u0259hk\u0259m\u0259 iclas\u0131 t\u0259yin edils\u0259 d\u0259, proses t\u0259xir\u0259 sal\u0131n\u0131rd\u0131.<\/p>\n\n\n\n<p>Oktyabr\u0131n 31-d\u0259 ke\u00e7mi\u015f icra ba\u015f\u00e7\u0131s\u0131n\u0131n m\u0259hk\u0259m\u0259si ba\u015f tutub. Onun v\u0259kilinin \u00e7\u0131x\u0131\u015f ed\u0259c\u0259yi, ard\u0131nca \u00f6z\u00fcn\u00fcn son s\u00f6z\u00fcn\u00fc dey\u0259c\u0259yi v\u0259 daha sonra h\u00f6km oxunaca\u011f\u0131 g\u00f6zl\u0259nildiyi halda, Alimpa\u015fa M\u0259mm\u0259dovun i\u015fi \u00fczr\u0259 m\u0259hk\u0259m\u0259 istintaq\u0131n\u0131n yenil\u0259nm\u0259sin\u0259 q\u0259rar verildi.<\/p>\n\n\n\n<p>Sahibkarl\u0131\u011f\u0131n \u0130nki\u015faf\u0131 Fondu da ke\u00e7mi\u015f icra ba\u015f\u00e7\u0131s\u0131n\u0131n i\u015fi \u00fczr\u0259 z\u0259r\u0259r\u00e7\u0259kmi\u015f qismind\u0259 tan\u0131n\u0131b. Fondun n\u00fcmay\u0259nd\u0259si m\u0259hk\u0259m\u0259 istintaq\u0131n\u0131n yenil\u0259nm\u0259si bar\u0259d\u0259 v\u0259sat\u0259t qald\u0131r\u0131b.<\/p>\n\n\n\n<p>M\u00fczakir\u0259l\u0259r zaman\u0131 m\u0259lum olub ki, m\u0259hk\u0259m\u0259 prosesi ged\u0259n d\u00f6vrd\u0259 cinay\u0259t i\u015fi \u00fczr\u0259 hesablanm\u0131\u015f ziyandan Alimpa\u015fa M\u0259mm\u0259dovun yax\u0131nlar\u0131 m\u00fc\u0259yy\u0259n m\u0259bl\u0259\u011fd\u0259 v\u0259saitl\u0259r \u00f6d\u0259yibl\u0259r.<\/p>\n\n\n\n<p>Alimpa\u015fa M\u0259mm\u0259dovun \u00f6z\u00fc d\u0259 m\u0259hk\u0259m\u0259 istintaq\u0131n\u0131n yenil\u0259nm\u0259sin\u0259 etiraz etm\u0259yib.<br>M\u0259hk\u0259m\u0259 d\u0259 istintaq\u0131n t\u0259z\u0259l\u0259nm\u0259si bar\u0259d\u0259 q\u0259rar q\u0259bul edib. Bu is\u0259 o dem\u0259kdir ki, yenid\u0259n bir s\u0131ra ara\u015fd\u0131rmalar apar\u0131lacaq, ard\u0131nca prokuror bir daha \u00e7\u0131x\u0131\u015f ed\u0259c\u0259k.<\/p>\n\n\n\n<p>Alimpa\u015fa M\u0259mm\u0259dova qar\u015f\u0131 Cinay\u0259t M\u0259c\u0259ll\u0259sinin 179.4 (x\u00fcsusil\u0259 k\u00fclli miqdarda m\u0259nims\u0259m\u0259), 311 (r\u00fc\u015fv\u0259t alma), 308 (v\u0259zif\u0259 s\u0259lahiyy\u0259tl\u0259rind\u0259n sui-istifad\u0259), 193-1 (cinay\u0259t yolu il\u0259 \u0259ld\u0259 edilmi\u015f pul v\u0259saitl\u0259rini leqalla\u015fd\u0131rma) v\u0259 ba\u015fqa madd\u0259l\u0259ril\u0259 ittihamlar ir\u0259li s\u00fcr\u00fcl\u00fcb.<\/p>\n\n\n\n<p>\u0130ddia olunur ki, o, icra ba\u015f\u00e7\u0131s\u0131 i\u015fl\u0259diyi m\u00fcdd\u0259td\u0259 m\u0259nims\u0259m\u0259 v\u0259 r\u00fc\u015fv\u0259t yoluyla 6.8 milyon manata yax\u0131n v\u0259sait\u00a0 \u0259ld\u0259 edib.<\/p>\n\n\n\n<p>H\u0259l\u0259 m\u0259hk\u0259m\u0259 prosesinin \u0259vv\u0259lind\u0259 ittihama m\u00fcnasib\u0259t bildir\u0259n sabiq icra ba\u015f\u00e7\u0131s\u0131 \u00f6z\u00fcn\u00fc t\u0259qsirli bildiyini, sad\u0259c\u0259, cinay\u0259t i\u015finin materiallar\u0131nda yaz\u0131lan m\u00fc\u0259yy\u0259n m\u0259qamlarla raz\u0131la\u015fmad\u0131\u011f\u0131n\u0131 demi\u015fdi:<\/p>\n\n\n\n<p><em>\u201cM\u0259n m\u00fc\u0259yy\u0259n m\u0259nada qanunsuzluq el\u0259mi\u015f\u0259m. Amma m\u0259qs\u0259dim \u015f\u0259xsi m\u0259nafeyim olmay\u0131b. Rayonda i\u015f yerl\u0259ri a\u00e7m\u0131\u015fam. El\u0259 sah\u0259l\u0259r var ki, ora b\u00fcdc\u0259d\u0259n v\u0259sait ayr\u0131lm\u0131r. Qeyri-r\u0259smi \u00f6d\u0259ni\u015fl\u0259r hesab\u0131na biz o i\u015fl\u0259ri g\u00f6r\u00fcrd\u00fck\u201d.<\/em><\/p>\n\n\n\n<p>\u0130ttihama \u0259sas\u0259n, \u015e\u0259mkird\u0259 m\u00fcxt\u0259lif b\u0259l\u0259diyy\u0259l\u0259rin t\u0259sis etdiyi iri m\u00fc\u0259ssis\u0259l\u0259r\u0259 m\u0259xsus, d\u0259y\u0259ri milyonlarla olan paylar icra ba\u015f\u00e7\u0131s\u0131n\u0131n g\u00f6st\u0259ri\u015fiyl\u0259 onun o\u011flunun ad\u0131na ke\u00e7irilib. M\u0259s\u0259l\u0259n, \u015e\u0259mkir \u015e\u0259h\u0259r B\u0259l\u0259diyy\u0259sin\u0259 m\u0259xsus \u201cAbad \u015e\u0259mkir\u201d MMC-nin (zavod) 1 milyon 335 min manat d\u0259y\u0259rind\u0259 pay\u0131 2018-ci ild\u0259 Alimpa\u015fa M\u0259mm\u0259dovun o\u011fluna sat\u0131l\u0131b. Sat\u0131\u015f is\u0259 c\u0259mi 180 manata r\u0259smil\u0259\u015fdirilib. \u0130ki il sonra \u2013 2020-ci ild\u0259 is\u0259 Adil M\u0259mm\u0259dov da m\u00fc\u0259ssis\u0259ni F\u0259rid \u0130slamzad\u0259nin ad\u0131na ke\u00e7irib.<\/p>\n\n\n\n<p>\u00c7inarl\u0131 B\u0259l\u0259diyy\u0259sin\u0259 m\u0259xsus \u201c\u00c7inarl\u0131 q\u0259s\u0259b\u0259\u201d MMC-nin 3 milyon 344 min manatl\u0131q paylar\u0131 is\u0259 \u201c\u015e\u0259mkir s\u0259b\u0259ti\u201d MMC-y\u0259 40 manata sat\u0131l\u0131b. Bu \u015firk\u0259tin d\u0259 r\u0259smi sahibl\u0259ri ke\u00e7mi\u015f icra ba\u015f\u00e7\u0131s\u0131n\u0131n o\u011flu Adil M\u0259mm\u0259dov, k\u00f6m\u0259k\u00e7isi Mahir \u018fliyevdir.<\/p>\n\n\n\n<p>Bundan ba\u015fqa, ittihamda yaz\u0131l\u0131b ki, Alimpa\u015fa M\u0259mm\u0259dov \u201c\u015e\u0259mkir-Yeni G\u00f6y\u00e7\u0259-Da\u011f \u00c7\u0259yir\u201d avtomobil yolunun \u00e7\u0259kili\u015fi \u00fc\u00e7\u00fcn sat\u0131nalma m\u00fcsabiq\u0259sinin qalibi olmu\u015f idar\u0259nin m\u00fcdirind\u0259n 240 min manat pul al\u0131b.<\/p>\n\n\n\n<p>O, h\u0259m\u00e7inin 2015-2016-c\u0131 ill\u0259rd\u0259 icra hakimiyy\u0259tinin ke\u00e7irdiyi sat\u0131nalmalar\u0131n qalibi olmu\u015f \u201cA\u011fstafasutikinti\u201d ASC-nin m\u00fcdiri Vaqif M\u0259mm\u0259dovdan 218 min manat r\u00fc\u015fv\u0259t almaqda ittiham olunur.<\/p>\n\n\n\n<p>Alimpa\u015fa M\u0259mm\u0259dova Bak\u0131n\u0131n N\u0259rimanov rayonu \u0259razisind\u0259 \u201cSipark\u201d ya\u015fay\u0131\u015f kompleksind\u0259 iki m\u0259nzilin d\u0259 r\u00fc\u015fv\u0259t kimi verildiyi iddia olunur. \u0130ttihama \u0259sas\u0259n, sabiq icra ba\u015f\u00e7\u0131s\u0131, \u015e\u0259mkir \u015f\u0259h\u0259ri, Nizami k\u00fc\u00e7\u0259si 2 \u00fcnvan\u0131nda \u201cSipark \u015e\u0259mkir\u201d MMC-y\u0259 torpaq sah\u0259si ayr\u0131lmas\u0131, \u00fcmumi himay\u0259darl\u0131q v\u0259 laqeydlik m\u00fcqabilind\u0259 \u015firk\u0259tin sahibind\u0259n 2018-ci ild\u0259 iki m\u0259nzili al\u0131b. \u0130ki m\u0259nzilin \u00fcmumi d\u0259y\u0259ri 700 min\u0259 yax\u0131nd\u0131r.<\/p>\n\n\n\n<p>Alimpa\u015fa M\u0259mm\u0259dova 132 epizod \u00fczr\u0259 \u00fcmumilikd\u0259 1 milyon 700 min manatdan \u00e7ox r\u00fc\u015fv\u0259t almaqla ba\u011fl\u0131 ittiham verilib.<\/p>\n\n\n\n<p>Az\u0259rbaycanda icra ba\u015f\u00e7\u0131lar\u0131n\u0131n h\u0259bs dal\u011fas\u0131 2019-cu ilin dekabr\u0131nda A\u011fstafa v\u0259 Yevlaxdan ba\u015flay\u0131b. Daha sonra Neft\u00e7ala, Bil\u0259suvar, \u0130mi\u015fli, C\u0259lilabad, K\u00fcrd\u0259mir v\u0259 \u015e\u0259mkir rayon icra hakimiyy\u0259tl\u0259rind\u0259 d\u0259 b\u0259nz\u0259r \u0259m\u0259liyyatlar ke\u00e7irilib. H\u0259bs edil\u0259n icra ba\u015f\u00e7\u0131lar\u0131n\u0131n sonuncusu Alimpa\u015fa M\u0259mm\u0259dov olub.<\/p>\n","protected":false},"excerpt":{"rendered":"<p>Sahibkarl\u0131\u011f\u0131n \u0130nki\u015faf\u0131 Fondu da ke\u00e7mi\u015f icra ba\u015f\u00e7\u0131s\u0131n\u0131n i\u015fi \u00fczr\u0259 z\u0259r\u0259r\u00e7\u0259kmi\u015f &#8230; <\/p>\n<p class=\"read-more-container\"><a title=\"Prokurorun 13 il h\u0259bs ist\u0259diyi ke\u00e7mi\u015f icra ba\u015f\u00e7\u0131s\u0131n\u0131n m\u0259hk\u0259m\u0259 istintaq\u0131 yenil\u0259ndi\" class=\"read-more button\" href=\"https:\/\/www.meydan.tv\/az\/article\/prokurorun-13-il-hebs-istediyi-kecmis-icra-bascisinin-mehkeme-istintaqi-yenilendi\/#more-289422\" aria-label=\"Read more about Prokurorun 13 il h\u0259bs ist\u0259diyi ke\u00e7mi\u015f icra ba\u015f\u00e7\u0131s\u0131n\u0131n m\u0259hk\u0259m\u0259 istintaq\u0131 yenil\u0259ndi\">Davam\u0131<\/a><\/p>\n","protected":false},"author":8,"featured_media":261706,"comment_status":"closed","ping_status":"closed","sticky":false,"template":"","format":"standard","meta":{"_acf_changed":false,"_sitemap_exclude":false,"_sitemap_priority":"","_sitemap_frequency":"","footnotes":""},"categories":[60,56],"tags":[],"class_list":["post-289422","post","type-post","status-publish","format-standard","has-post-thumbnail","hentry","category-bolge","category-xeberler","infinite-scroll-item","generate-columns","tablet-grid-50","mobile-grid-100","grid-parent","grid-33","no-featured-image-padding"],"acf":[],"yoast_head":"<!-- This site is optimized with the Yoast SEO plugin v27.4 - https:\/\/yoast.com\/product\/yoast-seo-wordpress\/ -->\n<title>Prokurorun 13 il h\u0259bs ist\u0259diyi ke\u00e7mi\u015f icra ba\u015f\u00e7\u0131s\u0131n\u0131n m\u0259hk\u0259m\u0259 istintaq\u0131 yenil\u0259ndi - MEYDAN.TV<\/title>\n<meta name=\"robots\" content=\"index, follow, max-snippet:-1, max-image-preview:large, max-video-preview:-1\" \/>\n<link rel=\"canonical\" href=\"https:\/\/www.meydan.tv\/az\/article\/prokurorun-13-il-hebs-istediyi-kecmis-icra-bascisinin-mehkeme-istintaqi-yenilendi\/\" \/>\n<meta property=\"og:locale\" content=\"az_AZ\" \/>\n<meta property=\"og:type\" content=\"article\" \/>\n<meta property=\"og:title\" content=\"Prokurorun 13 il h\u0259bs ist\u0259diyi ke\u00e7mi\u015f icra ba\u015f\u00e7\u0131s\u0131n\u0131n m\u0259hk\u0259m\u0259 istintaq\u0131 yenil\u0259ndi - MEYDAN.TV\" \/>\n<meta property=\"og:description\" content=\"Sahibkarl\u0131\u011f\u0131n \u0130nki\u015faf\u0131 Fondu da ke\u00e7mi\u015f icra ba\u015f\u00e7\u0131s\u0131n\u0131n i\u015fi \u00fczr\u0259 z\u0259r\u0259r\u00e7\u0259kmi\u015f ... Davam\u0131\" \/>\n<meta property=\"og:url\" content=\"https:\/\/www.meydan.tv\/az\/article\/prokurorun-13-il-hebs-istediyi-kecmis-icra-bascisinin-mehkeme-istintaqi-yenilendi\/\" \/>\n<meta property=\"og:site_name\" content=\"MEYDAN.TV\" \/>\n<meta property=\"article:published_time\" content=\"2023-10-31T18:03:10+00:00\" \/>\n<meta property=\"article:modified_time\" content=\"2023-10-31T18:03:23+00:00\" \/>\n<meta property=\"og:image\" content=\"https:\/\/www.meydan.tv\/wp-content\/uploads\/untitled-design-6-26.jpg\" \/>\n\t<meta property=\"og:image:width\" content=\"1200\" \/>\n\t<meta property=\"og:image:height\" content=\"800\" \/>\n\t<meta property=\"og:image:type\" content=\"image\/jpeg\" \/>\n<meta name=\"author\" content=\"elli\" \/>\n<meta name=\"twitter:card\" content=\"summary_large_image\" \/>\n<meta name=\"twitter:creator\" content=\"@elli\" \/>\n<script type=\"application\/ld+json\" class=\"yoast-schema-graph\">{\"@context\":\"https:\\\/\\\/schema.org\",\"@graph\":[{\"@type\":\"Article\",\"@id\":\"https:\\\/\\\/www.meydan.tv\\\/az\\\/article\\\/prokurorun-13-il-hebs-istediyi-kecmis-icra-bascisinin-mehkeme-istintaqi-yenilendi\\\/#article\",\"isPartOf\":{\"@id\":\"https:\\\/\\\/www.meydan.tv\\\/az\\\/article\\\/prokurorun-13-il-hebs-istediyi-kecmis-icra-bascisinin-mehkeme-istintaqi-yenilendi\\\/\"},\"author\":{\"name\":\"elli\",\"@id\":\"https:\\\/\\\/www.meydan.tv\\\/az\\\/#\\\/schema\\\/person\\\/9cdbecf90d17180ce1dfbd95b08dcf47\"},\"headline\":\"Prokurorun 13 il h\u0259bs ist\u0259diyi ke\u00e7mi\u015f icra ba\u015f\u00e7\u0131s\u0131n\u0131n m\u0259hk\u0259m\u0259 istintaq\u0131 yenil\u0259ndi\",\"datePublished\":\"2023-10-31T18:03:10+00:00\",\"dateModified\":\"2023-10-31T18:03:23+00:00\",\"mainEntityOfPage\":{\"@id\":\"https:\\\/\\\/www.meydan.tv\\\/az\\\/article\\\/prokurorun-13-il-hebs-istediyi-kecmis-icra-bascisinin-mehkeme-istintaqi-yenilendi\\\/\"},\"wordCount\":959,\"publisher\":{\"@id\":\"https:\\\/\\\/www.meydan.tv\\\/az\\\/#organization\"},\"image\":{\"@id\":\"https:\\\/\\\/www.meydan.tv\\\/az\\\/article\\\/prokurorun-13-il-hebs-istediyi-kecmis-icra-bascisinin-mehkeme-istintaqi-yenilendi\\\/#primaryimage\"},\"thumbnailUrl\":\"https:\\\/\\\/www.meydan.tv\\\/wp-content\\\/uploads\\\/untitled-design-6-26.jpg\",\"articleSection\":[\"B\u00f6lg\u0259\",\"X\u0259b\u0259rl\u0259r\"],\"inLanguage\":\"az\"},{\"@type\":\"WebPage\",\"@id\":\"https:\\\/\\\/www.meydan.tv\\\/az\\\/article\\\/prokurorun-13-il-hebs-istediyi-kecmis-icra-bascisinin-mehkeme-istintaqi-yenilendi\\\/\",\"url\":\"https:\\\/\\\/www.meydan.tv\\\/az\\\/article\\\/prokurorun-13-il-hebs-istediyi-kecmis-icra-bascisinin-mehkeme-istintaqi-yenilendi\\\/\",\"name\":\"Prokurorun 13 il h\u0259bs ist\u0259diyi ke\u00e7mi\u015f icra ba\u015f\u00e7\u0131s\u0131n\u0131n m\u0259hk\u0259m\u0259 istintaq\u0131 yenil\u0259ndi - MEYDAN.TV\",\"isPartOf\":{\"@id\":\"https:\\\/\\\/www.meydan.tv\\\/az\\\/#website\"},\"primaryImageOfPage\":{\"@id\":\"https:\\\/\\\/www.meydan.tv\\\/az\\\/article\\\/prokurorun-13-il-hebs-istediyi-kecmis-icra-bascisinin-mehkeme-istintaqi-yenilendi\\\/#primaryimage\"},\"image\":{\"@id\":\"https:\\\/\\\/www.meydan.tv\\\/az\\\/article\\\/prokurorun-13-il-hebs-istediyi-kecmis-icra-bascisinin-mehkeme-istintaqi-yenilendi\\\/#primaryimage\"},\"thumbnailUrl\":\"https:\\\/\\\/www.meydan.tv\\\/wp-content\\\/uploads\\\/untitled-design-6-26.jpg\",\"datePublished\":\"2023-10-31T18:03:10+00:00\",\"dateModified\":\"2023-10-31T18:03:23+00:00\",\"breadcrumb\":{\"@id\":\"https:\\\/\\\/www.meydan.tv\\\/az\\\/article\\\/prokurorun-13-il-hebs-istediyi-kecmis-icra-bascisinin-mehkeme-istintaqi-yenilendi\\\/#breadcrumb\"},\"inLanguage\":\"az\",\"potentialAction\":[{\"@type\":\"ReadAction\",\"target\":[\"https:\\\/\\\/www.meydan.tv\\\/az\\\/article\\\/prokurorun-13-il-hebs-istediyi-kecmis-icra-bascisinin-mehkeme-istintaqi-yenilendi\\\/\"]}]},{\"@type\":\"ImageObject\",\"inLanguage\":\"az\",\"@id\":\"https:\\\/\\\/www.meydan.tv\\\/az\\\/article\\\/prokurorun-13-il-hebs-istediyi-kecmis-icra-bascisinin-mehkeme-istintaqi-yenilendi\\\/#primaryimage\",\"url\":\"https:\\\/\\\/www.meydan.tv\\\/wp-content\\\/uploads\\\/untitled-design-6-26.jpg\",\"contentUrl\":\"https:\\\/\\\/www.meydan.tv\\\/wp-content\\\/uploads\\\/untitled-design-6-26.jpg\",\"width\":1200,\"height\":800,\"caption\":\"Alimpa\u015fa M\u0259mm\u0259dov. Foto: Meydan TV\"},{\"@type\":\"BreadcrumbList\",\"@id\":\"https:\\\/\\\/www.meydan.tv\\\/az\\\/article\\\/prokurorun-13-il-hebs-istediyi-kecmis-icra-bascisinin-mehkeme-istintaqi-yenilendi\\\/#breadcrumb\",\"itemListElement\":[{\"@type\":\"ListItem\",\"position\":1,\"name\":\"Ana s\u0259hif\u0259\",\"item\":\"https:\\\/\\\/www.meydan.tv\\\/az\\\/\"},{\"@type\":\"ListItem\",\"position\":2,\"name\":\"B\u00f6lg\u0259\",\"item\":\"https:\\\/\\\/www.meydan.tv\\\/az\\\/section\\\/bolge\\\/\"},{\"@type\":\"ListItem\",\"position\":3,\"name\":\"Prokurorun 13 il h\u0259bs ist\u0259diyi ke\u00e7mi\u015f icra ba\u015f\u00e7\u0131s\u0131n\u0131n m\u0259hk\u0259m\u0259 istintaq\u0131 yenil\u0259ndi\"}]},{\"@type\":\"WebSite\",\"@id\":\"https:\\\/\\\/www.meydan.tv\\\/az\\\/#website\",\"url\":\"https:\\\/\\\/www.meydan.tv\\\/az\\\/\",\"name\":\"MEYDAN.TV\",\"description\":\"Meydan TV Az\u0259rbaycan\u0131n media m\u0259kan\u0131ndak\u0131 alternativ s\u0259sidir\",\"publisher\":{\"@id\":\"https:\\\/\\\/www.meydan.tv\\\/az\\\/#organization\"},\"potentialAction\":[{\"@type\":\"SearchAction\",\"target\":{\"@type\":\"EntryPoint\",\"urlTemplate\":\"https:\\\/\\\/www.meydan.tv\\\/az\\\/?s={search_term_string}\"},\"query-input\":{\"@type\":\"PropertyValueSpecification\",\"valueRequired\":true,\"valueName\":\"search_term_string\"}}],\"inLanguage\":\"az\"},{\"@type\":\"Organization\",\"@id\":\"https:\\\/\\\/www.meydan.tv\\\/az\\\/#organization\",\"name\":\"Meydan TV\",\"url\":\"https:\\\/\\\/www.meydan.tv\\\/az\\\/\",\"logo\":{\"@type\":\"ImageObject\",\"inLanguage\":\"az\",\"@id\":\"https:\\\/\\\/www.meydan.tv\\\/az\\\/#\\\/schema\\\/logo\\\/image\\\/\",\"url\":\"https:\\\/\\\/www.meydan.tv\\\/wp-content\\\/uploads\\\/2021\\\/07\\\/meydan-logo.svg\",\"contentUrl\":\"https:\\\/\\\/www.meydan.tv\\\/wp-content\\\/uploads\\\/2021\\\/07\\\/meydan-logo.svg\",\"width\":195,\"height\":46,\"caption\":\"Meydan TV\"},\"image\":{\"@id\":\"https:\\\/\\\/www.meydan.tv\\\/az\\\/#\\\/schema\\\/logo\\\/image\\\/\"}},{\"@type\":\"Person\",\"@id\":\"https:\\\/\\\/www.meydan.tv\\\/az\\\/#\\\/schema\\\/person\\\/9cdbecf90d17180ce1dfbd95b08dcf47\",\"name\":\"elli\",\"sameAs\":[\"https:\\\/\\\/x.com\\\/elli\"]}]}<\/script>\n<!-- \/ Yoast SEO plugin. -->","yoast_head_json":{"title":"Prokurorun 13 il h\u0259bs ist\u0259diyi ke\u00e7mi\u015f icra ba\u015f\u00e7\u0131s\u0131n\u0131n m\u0259hk\u0259m\u0259 istintaq\u0131 yenil\u0259ndi - MEYDAN.TV","robots":{"index":"index","follow":"follow","max-snippet":"max-snippet:-1","max-image-preview":"max-image-preview:large","max-video-preview":"max-video-preview:-1"},"canonical":"https:\/\/www.meydan.tv\/az\/article\/prokurorun-13-il-hebs-istediyi-kecmis-icra-bascisinin-mehkeme-istintaqi-yenilendi\/","og_locale":"az_AZ","og_type":"article","og_title":"Prokurorun 13 il h\u0259bs ist\u0259diyi ke\u00e7mi\u015f icra ba\u015f\u00e7\u0131s\u0131n\u0131n m\u0259hk\u0259m\u0259 istintaq\u0131 yenil\u0259ndi - MEYDAN.TV","og_description":"Sahibkarl\u0131\u011f\u0131n \u0130nki\u015faf\u0131 Fondu da ke\u00e7mi\u015f icra ba\u015f\u00e7\u0131s\u0131n\u0131n i\u015fi \u00fczr\u0259 z\u0259r\u0259r\u00e7\u0259kmi\u015f ... Davam\u0131","og_url":"https:\/\/www.meydan.tv\/az\/article\/prokurorun-13-il-hebs-istediyi-kecmis-icra-bascisinin-mehkeme-istintaqi-yenilendi\/","og_site_name":"MEYDAN.TV","article_published_time":"2023-10-31T18:03:10+00:00","article_modified_time":"2023-10-31T18:03:23+00:00","og_image":[{"width":1200,"height":800,"url":"https:\/\/www.meydan.tv\/wp-content\/uploads\/untitled-design-6-26.jpg","type":"image\/jpeg"}],"author":"elli","twitter_card":"summary_large_image","twitter_creator":"@elli","schema":{"@context":"https:\/\/schema.org","@graph":[{"@type":"Article","@id":"https:\/\/www.meydan.tv\/az\/article\/prokurorun-13-il-hebs-istediyi-kecmis-icra-bascisinin-mehkeme-istintaqi-yenilendi\/#article","isPartOf":{"@id":"https:\/\/www.meydan.tv\/az\/article\/prokurorun-13-il-hebs-istediyi-kecmis-icra-bascisinin-mehkeme-istintaqi-yenilendi\/"},"author":{"name":"elli","@id":"https:\/\/www.meydan.tv\/az\/#\/schema\/person\/9cdbecf90d17180ce1dfbd95b08dcf47"},"headline":"Prokurorun 13 il h\u0259bs ist\u0259diyi ke\u00e7mi\u015f icra ba\u015f\u00e7\u0131s\u0131n\u0131n m\u0259hk\u0259m\u0259 istintaq\u0131 yenil\u0259ndi","datePublished":"2023-10-31T18:03:10+00:00","dateModified":"2023-10-31T18:03:23+00:00","mainEntityOfPage":{"@id":"https:\/\/www.meydan.tv\/az\/article\/prokurorun-13-il-hebs-istediyi-kecmis-icra-bascisinin-mehkeme-istintaqi-yenilendi\/"},"wordCount":959,"publisher":{"@id":"https:\/\/www.meydan.tv\/az\/#organization"},"image":{"@id":"https:\/\/www.meydan.tv\/az\/article\/prokurorun-13-il-hebs-istediyi-kecmis-icra-bascisinin-mehkeme-istintaqi-yenilendi\/#primaryimage"},"thumbnailUrl":"https:\/\/www.meydan.tv\/wp-content\/uploads\/untitled-design-6-26.jpg","articleSection":["B\u00f6lg\u0259","X\u0259b\u0259rl\u0259r"],"inLanguage":"az"},{"@type":"WebPage","@id":"https:\/\/www.meydan.tv\/az\/article\/prokurorun-13-il-hebs-istediyi-kecmis-icra-bascisinin-mehkeme-istintaqi-yenilendi\/","url":"https:\/\/www.meydan.tv\/az\/article\/prokurorun-13-il-hebs-istediyi-kecmis-icra-bascisinin-mehkeme-istintaqi-yenilendi\/","name":"Prokurorun 13 il h\u0259bs ist\u0259diyi ke\u00e7mi\u015f icra ba\u015f\u00e7\u0131s\u0131n\u0131n m\u0259hk\u0259m\u0259 istintaq\u0131 yenil\u0259ndi - MEYDAN.TV","isPartOf":{"@id":"https:\/\/www.meydan.tv\/az\/#website"},"primaryImageOfPage":{"@id":"https:\/\/www.meydan.tv\/az\/article\/prokurorun-13-il-hebs-istediyi-kecmis-icra-bascisinin-mehkeme-istintaqi-yenilendi\/#primaryimage"},"image":{"@id":"https:\/\/www.meydan.tv\/az\/article\/prokurorun-13-il-hebs-istediyi-kecmis-icra-bascisinin-mehkeme-istintaqi-yenilendi\/#primaryimage"},"thumbnailUrl":"https:\/\/www.meydan.tv\/wp-content\/uploads\/untitled-design-6-26.jpg","datePublished":"2023-10-31T18:03:10+00:00","dateModified":"2023-10-31T18:03:23+00:00","breadcrumb":{"@id":"https:\/\/www.meydan.tv\/az\/article\/prokurorun-13-il-hebs-istediyi-kecmis-icra-bascisinin-mehkeme-istintaqi-yenilendi\/#breadcrumb"},"inLanguage":"az","potentialAction":[{"@type":"ReadAction","target":["https:\/\/www.meydan.tv\/az\/article\/prokurorun-13-il-hebs-istediyi-kecmis-icra-bascisinin-mehkeme-istintaqi-yenilendi\/"]}]},{"@type":"ImageObject","inLanguage":"az","@id":"https:\/\/www.meydan.tv\/az\/article\/prokurorun-13-il-hebs-istediyi-kecmis-icra-bascisinin-mehkeme-istintaqi-yenilendi\/#primaryimage","url":"https:\/\/www.meydan.tv\/wp-content\/uploads\/untitled-design-6-26.jpg","contentUrl":"https:\/\/www.meydan.tv\/wp-content\/uploads\/untitled-design-6-26.jpg","width":1200,"height":800,"caption":"Alimpa\u015fa M\u0259mm\u0259dov. Foto: Meydan TV"},{"@type":"BreadcrumbList","@id":"https:\/\/www.meydan.tv\/az\/article\/prokurorun-13-il-hebs-istediyi-kecmis-icra-bascisinin-mehkeme-istintaqi-yenilendi\/#breadcrumb","itemListElement":[{"@type":"ListItem","position":1,"name":"Ana s\u0259hif\u0259","item":"https:\/\/www.meydan.tv\/az\/"},{"@type":"ListItem","position":2,"name":"B\u00f6lg\u0259","item":"https:\/\/www.meydan.tv\/az\/section\/bolge\/"},{"@type":"ListItem","position":3,"name":"Prokurorun 13 il h\u0259bs ist\u0259diyi ke\u00e7mi\u015f icra ba\u015f\u00e7\u0131s\u0131n\u0131n m\u0259hk\u0259m\u0259 istintaq\u0131 yenil\u0259ndi"}]},{"@type":"WebSite","@id":"https:\/\/www.meydan.tv\/az\/#website","url":"https:\/\/www.meydan.tv\/az\/","name":"MEYDAN.TV","description":"Meydan TV Az\u0259rbaycan\u0131n media m\u0259kan\u0131ndak\u0131 alternativ s\u0259sidir","publisher":{"@id":"https:\/\/www.meydan.tv\/az\/#organization"},"potentialAction":[{"@type":"SearchAction","target":{"@type":"EntryPoint","urlTemplate":"https:\/\/www.meydan.tv\/az\/?s={search_term_string}"},"query-input":{"@type":"PropertyValueSpecification","valueRequired":true,"valueName":"search_term_string"}}],"inLanguage":"az"},{"@type":"Organization","@id":"https:\/\/www.meydan.tv\/az\/#organization","name":"Meydan TV","url":"https:\/\/www.meydan.tv\/az\/","logo":{"@type":"ImageObject","inLanguage":"az","@id":"https:\/\/www.meydan.tv\/az\/#\/schema\/logo\/image\/","url":"https:\/\/www.meydan.tv\/wp-content\/uploads\/2021\/07\/meydan-logo.svg","contentUrl":"https:\/\/www.meydan.tv\/wp-content\/uploads\/2021\/07\/meydan-logo.svg","width":195,"height":46,"caption":"Meydan TV"},"image":{"@id":"https:\/\/www.meydan.tv\/az\/#\/schema\/logo\/image\/"}},{"@type":"Person","@id":"https:\/\/www.meydan.tv\/az\/#\/schema\/person\/9cdbecf90d17180ce1dfbd95b08dcf47","name":"elli","sameAs":["https:\/\/x.com\/elli"]}]}},"_links":{"self":[{"href":"https:\/\/www.meydan.tv\/az\/wp-json\/wp\/v2\/posts\/289422","targetHints":{"allow":["GET"]}}],"collection":[{"href":"https:\/\/www.meydan.tv\/az\/wp-json\/wp\/v2\/posts"}],"about":[{"href":"https:\/\/www.meydan.tv\/az\/wp-json\/wp\/v2\/types\/post"}],"author":[{"embeddable":true,"href":"https:\/\/www.meydan.tv\/az\/wp-json\/wp\/v2\/users\/8"}],"replies":[{"embeddable":true,"href":"https:\/\/www.meydan.tv\/az\/wp-json\/wp\/v2\/comments?post=289422"}],"version-history":[{"count":1,"href":"https:\/\/www.meydan.tv\/az\/wp-json\/wp\/v2\/posts\/289422\/revisions"}],"predecessor-version":[{"id":289423,"href":"https:\/\/www.meydan.tv\/az\/wp-json\/wp\/v2\/posts\/289422\/revisions\/289423"}],"wp:featuredmedia":[{"embeddable":true,"href":"https:\/\/www.meydan.tv\/az\/wp-json\/wp\/v2\/media\/261706"}],"wp:attachment":[{"href":"https:\/\/www.meydan.tv\/az\/wp-json\/wp\/v2\/media?parent=289422"}],"wp:term":[{"taxonomy":"category","embeddable":true,"href":"https:\/\/www.meydan.tv\/az\/wp-json\/wp\/v2\/categories?post=289422"},{"taxonomy":"post_tag","embeddable":true,"href":"https:\/\/www.meydan.tv\/az\/wp-json\/wp\/v2\/tags?post=289422"}],"curies":[{"name":"wp","href":"https:\/\/api.w.org\/{rel}","templated":true}]}}