{"id":289414,"date":"2023-10-31T21:59:31","date_gmt":"2023-10-31T17:59:31","guid":{"rendered":"https:\/\/www.meydan.tv\/?p=289414"},"modified":"2023-10-31T21:59:34","modified_gmt":"2023-10-31T17:59:34","slug":"besir-seferoglu-kucesinin-sakinleri-evlerinin-sokuleceyinden-narahatdir","status":"publish","type":"post","link":"https:\/\/www.meydan.tv\/az\/article\/besir-seferoglu-kucesinin-sakinleri-evlerinin-sokuleceyinden-narahatdir\/","title":{"rendered":"B\u0259\u015fir S\u0259f\u0259ro\u011flu k\u00fc\u00e7\u0259sinin sakinl\u0259ri evl\u0259rinin s\u00f6k\u00fcl\u0259c\u0259yind\u0259n narahatd\u0131r"},"content":{"rendered":"\n<p><\/p>\n\n\n\n<p>&#8220;<strong><em>Evimiz \u015f\u0259h\u0259rin m\u0259rk\u0259zind\u0259dir, h\u0259tta kvadrat\u0131na 3 min manatdan vers\u0259l\u0259r bel\u0259, \u00e7oxu raz\u0131 olmayacaq&#8221;<\/em><\/strong><\/p>\n\n\n\n<p>Yasamal rayonu, B\u0259\u015fir S\u0259f\u0259ro\u011flu k\u00fc\u00e7\u0259sinin sakinl\u0259ri evl\u0259rinin s\u00f6k\u00fcl\u0259c\u0259yind\u0259n narahatd\u0131r. Onlar\u0131n s\u00f6zl\u0259rin\u0259 g\u00f6r\u0259, bir ne\u00e7\u0259 ay \u00f6nc\u0259 yerli m\u0259tbuatda ged\u0259n s\u00f6k\u00fclm\u0259 x\u0259b\u0259rind\u0259n sonra g\u0259rginlik i\u00e7\u0259risind\u0259dirl\u0259r.<\/p>\n\n\n\n<p><em>&#8220;Yasamal Rayon \u0130cra Hakimiyy\u0259tind\u0259n dedil\u0259r ki, tezlikl\u0259 s\u00f6k\u00fcnt\u00fc olmayacaq. Do\u011frudur, ne\u00e7\u0259 ill\u0259rdir m\u0259h\u0259ll\u0259nin s\u00f6k\u00fcl\u0259c\u0259yi, k\u00f6\u00e7\u00fcr\u00fcl\u0259c\u0259yimizl\u0259 ba\u011fl\u0131 x\u0259b\u0259rl\u0259r dola\u015f\u0131r. Evimiz \u015f\u0259h\u0259rin m\u0259rk\u0259zind\u0259dir, h\u0259tta kvadrat\u0131na 3 min manatdan vers\u0259l\u0259r bel\u0259, \u00e7oxu raz\u0131 olmayacaq&#8221;, <\/em>&#8211; B\u0259\u015fir S\u0259f\u0259ro\u011flu k\u00fc\u00e7\u0259sinin sakini Ramin M\u0259mm\u0259dov Meydan TV-y\u0259 bel\u0259 deyib.\u00a0<\/p>\n\n\n\n<p>Onun s\u00f6zl\u0259rin\u0259 g\u00f6r\u0259, &#8220;T\u0259z\u0259 Pir&#8221; m\u0259scidinin \u0259trafinda y\u00fczl\u0259rl\u0259 f\u0259rdi ev var. T\u0259xmin\u0259n bir ne\u00e7\u0259 il \u0259vv\u0259l yola yax\u0131n \u0259razid\u0259 b\u0259zi evl\u0259r s\u00f6k\u00fcl\u00fcb. Dig\u0259r evl\u0259rin s\u00f6k\u00fclm\u0259si is\u0259 yubanib.<br>Haz\u0131rlanm\u0131\u015f x\u00fcsusi proqrama \u0259sas\u0259n Bak\u0131n\u0131n Bin\u0259q\u0259di, Yasamal, N\u0259rimanov, N\u0259simi v\u0259 S\u0259bail rayonlarinda y\u00fczl\u0259rl\u0259 evin s\u00f6k\u00fcl\u0259c\u0259yi <a href=\"https:\/\/fed.az\/az\/insaat-ve-emlak\/bakida-bu-binalar-sokulecek-200-dek-aile-kocurulur-siyahi-153855\">g\u00f6zl\u0259nilir<\/a>.\u00a0 \u00a0Bu evl\u0259rin \u00e7oxu sovet d\u00f6n\u0259mind\u0259 tikilmi\u015f binalardir. H\u0259min binalarin istismar m\u00fcdd\u0259ti bitdiyind\u0259n 5 v\u0259 daha y\u00fcks\u0259k z\u0259lz\u0259l\u0259y\u0259 d\u00f6z\u00fcml\u00fc deyil.<\/p>\n\n\n\n<p>\u018fmlak m\u0259s\u0259l\u0259l\u0259ri \u00fczr\u0259 ekspert Elnur F\u0259rz\u0259liyev Meydan TV-y\u0259 bildirib ki, haz\u0131rda Bak\u0131 v\u0259 Ab\u015feron rayon \u0259razisind\u0259 minl\u0259rl\u0259 istismar m\u00fcdd\u0259tini bitirmi\u015f k\u00f6hn\u0259 bina var. R\u0259smi qeydiyyata alinmi\u015f q\u0259zal\u0131 binalarin say\u0131 is\u0259 150-d\u0259n bir az art\u0131qd\u0131r.<\/p>\n\n\n\n<p><em>&#8220;2016- ci ild\u0259 Nazirl\u0259r Kabinetinin 86 sayl\u0131 s\u0259r\u0259ncam\u0131 il\u0259 q\u0259zal\u0131 binalar\u0131n s\u00f6k\u00fcnt\u00fcs\u00fcn\u0259 ba\u015flan\u0131l\u0131b. Bu gun\u0259 q\u0259d\u0259r onlarla \u00e7oxm\u0259nzilli kohn\u0259 ya\u015fay\u0131\u015f binalari s\u00f6k\u00fcl\u00fcb&#8221;,<\/em>-F\u0259rz\u0259liyev bildirib.<\/p>\n\n\n\n<p>Ekspert deyib ki, \u00a0paytaxt \u0259razisind\u0259 olan k\u00f6hn\u0259 \u00fcmumi ya\u015fay\u0131\u015f massivi, f\u0259rdi ya\u015fay\u0131\u015f evl\u0259ri sokul\u0259r\u0259k, yeni ya\u015fay\u0131\u015f binalar\u0131 il\u0259 \u0259v\u0259zl\u0259nib. S\u00f6k\u00fcnt\u00fc i\u015fl\u0259ri h\u0259l\u0259 d\u0259 davam edir:<\/p>\n\n\n\n<p>&#8220;<em>Amma istismar m\u00fcdd\u0259tini bitirmi\u015f b\u00fct\u00fcn binalar q\u0259zal\u0131 v\u0259ziyy\u0259t\u0259 d\u00fc\u015fm\u0259yib. D\u00fcnyan\u0131n \u0259ks\u0259r \u00f6lk\u0259l\u0259rind\u0259 h\u0259tta 16-17-ci \u0259srd\u0259 tikilmi\u015f binalar var ki, h\u0259min binalarda haz\u0131rda ya\u015fay\u0131\u015f var&#8221;.\u00a0<\/em><\/p>\n\n\n\n<p>Elnur F\u0259rz\u0259liyevin s\u00f6zl\u0259rin\u0259 g\u00f6r\u0259, q\u0259zal\u0131 kimi qeyd\u0259 alinmi\u015f binalar m\u0259rh\u0259l\u0259 il\u0259 s\u00f6k\u00fcl\u00fcr:<\/p>\n\n\n<div class=\"wp-block-image\">\n<figure class=\"alignleft size-full is-resized\"><img decoding=\"async\" width=\"1200\" height=\"710\" data-src=\"https:\/\/www.meydan.tv\/wp-content\/uploads\/tia_83086c6be6b7012a72fc774ed5379c3b_r27oz0yp93x651vuilqc.jpg\" alt=\"\" class=\"wp-image-289415 lazyload\" style=\"--smush-placeholder-width: 1200px; --smush-placeholder-aspect-ratio: 1200\/710;aspect-ratio:1.6901408450704225;width:380px;height:auto\" src=\"data:image\/svg+xml;base64,PHN2ZyB3aWR0aD0iMSIgaGVpZ2h0PSIxIiB4bWxucz0iaHR0cDovL3d3dy53My5vcmcvMjAwMC9zdmciPjwvc3ZnPg==\" \/><figcaption class=\"wp-element-caption\">Elnur F\u0259rz\u0259liyev. Foto: Telegram<\/figcaption><\/figure>\n<\/div>\n\n\n<p><em>&#8220;Paytaxt \u0259razisind\u0259 m\u00fc\u015fahid\u0259 apar\u0131lsa, q\u0259zal\u0131 binalar\u0131n say\u0131 bir ne\u00e7\u0259 y\u00fczd\u0259n art\u0131q ola bil\u0259r. S\u00f6k\u00fcnt\u00fc m\u0259rh\u0259l\u0259li \u015f\u0259kild\u0259 aparilir. \u00a0Bir k\u00f6hn\u0259 \u00e7oxm\u0259nzilli binalar\u0131n s\u00f6k\u00fclm\u0259si, yeni tikili il\u0259 \u0259v\u0259zl\u0259nm\u0259si iki-\u00fc\u00e7 il vaxt apar\u0131r. Paytaxt \u0259razisind\u0259 \u00fcmum\u0259n y\u00fczl\u0259rl\u0259 binan\u0131n s\u00f6k\u00fclm\u0259si m\u00fcmk\u00fcn deyil. \u00a0\u00c7\u00fcnki s\u00f6k\u00fcnt\u00fc vaxt aparan prosesdir, \u015firk\u0259t bazarda uzun m\u00fcdd\u0259t ara\u015fd\u0131rma apar\u0131r, yax\u0131n ill\u0259rd\u0259ki sat\u0131\u015f qiym\u0259tl\u0259ri m\u00fc\u0259yy\u0259nl\u0259\u015fdilir&#8221;.\u00a0<\/em><\/p>\n\n\n\n<p>Bu bax\u0131mdan q\u0131sa m\u00fcdd\u0259td\u0259 b\u00fct\u00fcn \u0259razil\u0259rin s\u00f6k\u00fclm\u0259si m\u0259lumatlar\u0131 inand\u0131r\u0131c\u0131 deyil. Yaxin ill\u0259rd\u0259 d\u0259 ilk n\u00f6vb\u0259d\u0259 q\u0259zal\u0131 binalar s\u00f6k\u00fcl\u0259c\u0259yi g\u00f6zl\u0259nilir.<\/p>\n\n\n\n<p>Yasamal Rayon \u0130cra Hakimiyy\u0259tind\u0259n bildirilib ki, B\u0259\u015fir S\u0259f\u0259ro\u011flu k\u00fc\u00e7\u0259sind\u0259ki istismar m\u00fcdd\u0259tini ba\u015fa vurmu\u015f evl\u0259rin s\u00f6k\u00fclm\u0259si n\u0259z\u0259rd\u0259 tutulub. Ancaq bu s\u00f6k\u00fcnt\u00fc yax\u0131n g\u00fcnl\u0259rd\u0259 olmayacaq.<\/p>\n","protected":false},"excerpt":{"rendered":"<p>&#8220;Evimiz \u015f\u0259h\u0259rin m\u0259rk\u0259zind\u0259dir, h\u0259tta kvadrat\u0131na 3 min manatdan vers\u0259l\u0259r bel\u0259, &#8230; <\/p>\n<p class=\"read-more-container\"><a title=\"B\u0259\u015fir S\u0259f\u0259ro\u011flu k\u00fc\u00e7\u0259sinin sakinl\u0259ri evl\u0259rinin s\u00f6k\u00fcl\u0259c\u0259yind\u0259n narahatd\u0131r\" class=\"read-more button\" href=\"https:\/\/www.meydan.tv\/az\/article\/besir-seferoglu-kucesinin-sakinleri-evlerinin-sokuleceyinden-narahatdir\/#more-289414\" aria-label=\"Read more about B\u0259\u015fir S\u0259f\u0259ro\u011flu k\u00fc\u00e7\u0259sinin sakinl\u0259ri evl\u0259rinin s\u00f6k\u00fcl\u0259c\u0259yind\u0259n narahatd\u0131r\">Davam\u0131<\/a><\/p>\n","protected":false},"author":8,"featured_media":289418,"comment_status":"closed","ping_status":"closed","sticky":false,"template":"","format":"standard","meta":{"_acf_changed":false,"_sitemap_exclude":false,"_sitemap_priority":"","_sitemap_frequency":"","footnotes":""},"categories":[62,56],"tags":[],"class_list":["post-289414","post","type-post","status-publish","format-standard","has-post-thumbnail","hentry","category-sosial","category-xeberler","infinite-scroll-item","generate-columns","tablet-grid-50","mobile-grid-100","grid-parent","grid-33","no-featured-image-padding"],"acf":[],"yoast_head":"<!-- This site is optimized with the Yoast SEO plugin v27.5 - https:\/\/yoast.com\/product\/yoast-seo-wordpress\/ -->\n<title>B\u0259\u015fir S\u0259f\u0259ro\u011flu k\u00fc\u00e7\u0259sinin sakinl\u0259ri evl\u0259rinin s\u00f6k\u00fcl\u0259c\u0259yind\u0259n narahatd\u0131r - MEYDAN.TV<\/title>\n<meta name=\"robots\" content=\"index, follow, max-snippet:-1, max-image-preview:large, max-video-preview:-1\" \/>\n<link rel=\"canonical\" href=\"https:\/\/www.meydan.tv\/az\/article\/besir-seferoglu-kucesinin-sakinleri-evlerinin-sokuleceyinden-narahatdir\/\" \/>\n<meta property=\"og:locale\" content=\"az_AZ\" \/>\n<meta property=\"og:type\" content=\"article\" \/>\n<meta property=\"og:title\" content=\"B\u0259\u015fir S\u0259f\u0259ro\u011flu k\u00fc\u00e7\u0259sinin sakinl\u0259ri evl\u0259rinin s\u00f6k\u00fcl\u0259c\u0259yind\u0259n narahatd\u0131r - MEYDAN.TV\" \/>\n<meta property=\"og:description\" content=\"&#8220;Evimiz \u015f\u0259h\u0259rin m\u0259rk\u0259zind\u0259dir, h\u0259tta kvadrat\u0131na 3 min manatdan vers\u0259l\u0259r bel\u0259, ... Davam\u0131\" \/>\n<meta property=\"og:url\" content=\"https:\/\/www.meydan.tv\/az\/article\/besir-seferoglu-kucesinin-sakinleri-evlerinin-sokuleceyinden-narahatdir\/\" \/>\n<meta property=\"og:site_name\" content=\"MEYDAN.TV\" \/>\n<meta property=\"article:published_time\" content=\"2023-10-31T17:59:31+00:00\" \/>\n<meta property=\"article:modified_time\" content=\"2023-10-31T17:59:34+00:00\" \/>\n<meta property=\"og:image\" content=\"https:\/\/www.meydan.tv\/wp-content\/uploads\/3625733.jpg\" \/>\n\t<meta property=\"og:image:width\" content=\"1200\" \/>\n\t<meta property=\"og:image:height\" content=\"803\" \/>\n\t<meta property=\"og:image:type\" content=\"image\/jpeg\" \/>\n<meta name=\"author\" content=\"elli\" \/>\n<meta name=\"twitter:card\" content=\"summary_large_image\" \/>\n<meta name=\"twitter:creator\" content=\"@elli\" \/>\n<script type=\"application\/ld+json\" class=\"yoast-schema-graph\">{\"@context\":\"https:\\\/\\\/schema.org\",\"@graph\":[{\"@type\":\"Article\",\"@id\":\"https:\\\/\\\/www.meydan.tv\\\/az\\\/article\\\/besir-seferoglu-kucesinin-sakinleri-evlerinin-sokuleceyinden-narahatdir\\\/#article\",\"isPartOf\":{\"@id\":\"https:\\\/\\\/www.meydan.tv\\\/az\\\/article\\\/besir-seferoglu-kucesinin-sakinleri-evlerinin-sokuleceyinden-narahatdir\\\/\"},\"author\":{\"name\":\"elli\",\"@id\":\"https:\\\/\\\/www.meydan.tv\\\/az\\\/#\\\/schema\\\/person\\\/9cdbecf90d17180ce1dfbd95b08dcf47\"},\"headline\":\"B\u0259\u015fir S\u0259f\u0259ro\u011flu k\u00fc\u00e7\u0259sinin sakinl\u0259ri evl\u0259rinin s\u00f6k\u00fcl\u0259c\u0259yind\u0259n narahatd\u0131r\",\"datePublished\":\"2023-10-31T17:59:31+00:00\",\"dateModified\":\"2023-10-31T17:59:34+00:00\",\"mainEntityOfPage\":{\"@id\":\"https:\\\/\\\/www.meydan.tv\\\/az\\\/article\\\/besir-seferoglu-kucesinin-sakinleri-evlerinin-sokuleceyinden-narahatdir\\\/\"},\"wordCount\":682,\"publisher\":{\"@id\":\"https:\\\/\\\/www.meydan.tv\\\/az\\\/#organization\"},\"image\":{\"@id\":\"https:\\\/\\\/www.meydan.tv\\\/az\\\/article\\\/besir-seferoglu-kucesinin-sakinleri-evlerinin-sokuleceyinden-narahatdir\\\/#primaryimage\"},\"thumbnailUrl\":\"https:\\\/\\\/www.meydan.tv\\\/wp-content\\\/uploads\\\/3625733.jpg\",\"articleSection\":[\"Sosial\",\"X\u0259b\u0259rl\u0259r\"],\"inLanguage\":\"az\"},{\"@type\":\"WebPage\",\"@id\":\"https:\\\/\\\/www.meydan.tv\\\/az\\\/article\\\/besir-seferoglu-kucesinin-sakinleri-evlerinin-sokuleceyinden-narahatdir\\\/\",\"url\":\"https:\\\/\\\/www.meydan.tv\\\/az\\\/article\\\/besir-seferoglu-kucesinin-sakinleri-evlerinin-sokuleceyinden-narahatdir\\\/\",\"name\":\"B\u0259\u015fir S\u0259f\u0259ro\u011flu k\u00fc\u00e7\u0259sinin sakinl\u0259ri evl\u0259rinin s\u00f6k\u00fcl\u0259c\u0259yind\u0259n narahatd\u0131r - MEYDAN.TV\",\"isPartOf\":{\"@id\":\"https:\\\/\\\/www.meydan.tv\\\/az\\\/#website\"},\"primaryImageOfPage\":{\"@id\":\"https:\\\/\\\/www.meydan.tv\\\/az\\\/article\\\/besir-seferoglu-kucesinin-sakinleri-evlerinin-sokuleceyinden-narahatdir\\\/#primaryimage\"},\"image\":{\"@id\":\"https:\\\/\\\/www.meydan.tv\\\/az\\\/article\\\/besir-seferoglu-kucesinin-sakinleri-evlerinin-sokuleceyinden-narahatdir\\\/#primaryimage\"},\"thumbnailUrl\":\"https:\\\/\\\/www.meydan.tv\\\/wp-content\\\/uploads\\\/3625733.jpg\",\"datePublished\":\"2023-10-31T17:59:31+00:00\",\"dateModified\":\"2023-10-31T17:59:34+00:00\",\"breadcrumb\":{\"@id\":\"https:\\\/\\\/www.meydan.tv\\\/az\\\/article\\\/besir-seferoglu-kucesinin-sakinleri-evlerinin-sokuleceyinden-narahatdir\\\/#breadcrumb\"},\"inLanguage\":\"az\",\"potentialAction\":[{\"@type\":\"ReadAction\",\"target\":[\"https:\\\/\\\/www.meydan.tv\\\/az\\\/article\\\/besir-seferoglu-kucesinin-sakinleri-evlerinin-sokuleceyinden-narahatdir\\\/\"]}]},{\"@type\":\"ImageObject\",\"inLanguage\":\"az\",\"@id\":\"https:\\\/\\\/www.meydan.tv\\\/az\\\/article\\\/besir-seferoglu-kucesinin-sakinleri-evlerinin-sokuleceyinden-narahatdir\\\/#primaryimage\",\"url\":\"https:\\\/\\\/www.meydan.tv\\\/wp-content\\\/uploads\\\/3625733.jpg\",\"contentUrl\":\"https:\\\/\\\/www.meydan.tv\\\/wp-content\\\/uploads\\\/3625733.jpg\",\"width\":1200,\"height\":803,\"caption\":\"B\u0259\u015fir S\u0259f\u0259ro\u011flu k\u00fc\u00e7\u0259si. Foto: screenshot\"},{\"@type\":\"BreadcrumbList\",\"@id\":\"https:\\\/\\\/www.meydan.tv\\\/az\\\/article\\\/besir-seferoglu-kucesinin-sakinleri-evlerinin-sokuleceyinden-narahatdir\\\/#breadcrumb\",\"itemListElement\":[{\"@type\":\"ListItem\",\"position\":1,\"name\":\"Ana s\u0259hif\u0259\",\"item\":\"https:\\\/\\\/www.meydan.tv\\\/az\\\/\"},{\"@type\":\"ListItem\",\"position\":2,\"name\":\"Sosial\",\"item\":\"https:\\\/\\\/www.meydan.tv\\\/az\\\/section\\\/sosial\\\/\"},{\"@type\":\"ListItem\",\"position\":3,\"name\":\"B\u0259\u015fir S\u0259f\u0259ro\u011flu k\u00fc\u00e7\u0259sinin sakinl\u0259ri evl\u0259rinin s\u00f6k\u00fcl\u0259c\u0259yind\u0259n narahatd\u0131r\"}]},{\"@type\":\"WebSite\",\"@id\":\"https:\\\/\\\/www.meydan.tv\\\/az\\\/#website\",\"url\":\"https:\\\/\\\/www.meydan.tv\\\/az\\\/\",\"name\":\"MEYDAN.TV\",\"description\":\"Meydan TV Az\u0259rbaycan\u0131n media m\u0259kan\u0131ndak\u0131 alternativ s\u0259sidir\",\"publisher\":{\"@id\":\"https:\\\/\\\/www.meydan.tv\\\/az\\\/#organization\"},\"potentialAction\":[{\"@type\":\"SearchAction\",\"target\":{\"@type\":\"EntryPoint\",\"urlTemplate\":\"https:\\\/\\\/www.meydan.tv\\\/az\\\/?s={search_term_string}\"},\"query-input\":{\"@type\":\"PropertyValueSpecification\",\"valueRequired\":true,\"valueName\":\"search_term_string\"}}],\"inLanguage\":\"az\"},{\"@type\":\"Organization\",\"@id\":\"https:\\\/\\\/www.meydan.tv\\\/az\\\/#organization\",\"name\":\"Meydan TV\",\"url\":\"https:\\\/\\\/www.meydan.tv\\\/az\\\/\",\"logo\":{\"@type\":\"ImageObject\",\"inLanguage\":\"az\",\"@id\":\"https:\\\/\\\/www.meydan.tv\\\/az\\\/#\\\/schema\\\/logo\\\/image\\\/\",\"url\":\"https:\\\/\\\/www.meydan.tv\\\/wp-content\\\/uploads\\\/2021\\\/07\\\/meydan-logo.svg\",\"contentUrl\":\"https:\\\/\\\/www.meydan.tv\\\/wp-content\\\/uploads\\\/2021\\\/07\\\/meydan-logo.svg\",\"width\":195,\"height\":46,\"caption\":\"Meydan TV\"},\"image\":{\"@id\":\"https:\\\/\\\/www.meydan.tv\\\/az\\\/#\\\/schema\\\/logo\\\/image\\\/\"}},{\"@type\":\"Person\",\"@id\":\"https:\\\/\\\/www.meydan.tv\\\/az\\\/#\\\/schema\\\/person\\\/9cdbecf90d17180ce1dfbd95b08dcf47\",\"name\":\"elli\",\"sameAs\":[\"https:\\\/\\\/x.com\\\/elli\"]}]}<\/script>\n<!-- \/ Yoast SEO plugin. -->","yoast_head_json":{"title":"B\u0259\u015fir S\u0259f\u0259ro\u011flu k\u00fc\u00e7\u0259sinin sakinl\u0259ri evl\u0259rinin s\u00f6k\u00fcl\u0259c\u0259yind\u0259n narahatd\u0131r - MEYDAN.TV","robots":{"index":"index","follow":"follow","max-snippet":"max-snippet:-1","max-image-preview":"max-image-preview:large","max-video-preview":"max-video-preview:-1"},"canonical":"https:\/\/www.meydan.tv\/az\/article\/besir-seferoglu-kucesinin-sakinleri-evlerinin-sokuleceyinden-narahatdir\/","og_locale":"az_AZ","og_type":"article","og_title":"B\u0259\u015fir S\u0259f\u0259ro\u011flu k\u00fc\u00e7\u0259sinin sakinl\u0259ri evl\u0259rinin s\u00f6k\u00fcl\u0259c\u0259yind\u0259n narahatd\u0131r - MEYDAN.TV","og_description":"&#8220;Evimiz \u015f\u0259h\u0259rin m\u0259rk\u0259zind\u0259dir, h\u0259tta kvadrat\u0131na 3 min manatdan vers\u0259l\u0259r bel\u0259, ... Davam\u0131","og_url":"https:\/\/www.meydan.tv\/az\/article\/besir-seferoglu-kucesinin-sakinleri-evlerinin-sokuleceyinden-narahatdir\/","og_site_name":"MEYDAN.TV","article_published_time":"2023-10-31T17:59:31+00:00","article_modified_time":"2023-10-31T17:59:34+00:00","og_image":[{"width":1200,"height":803,"url":"https:\/\/www.meydan.tv\/wp-content\/uploads\/3625733.jpg","type":"image\/jpeg"}],"author":"elli","twitter_card":"summary_large_image","twitter_creator":"@elli","schema":{"@context":"https:\/\/schema.org","@graph":[{"@type":"Article","@id":"https:\/\/www.meydan.tv\/az\/article\/besir-seferoglu-kucesinin-sakinleri-evlerinin-sokuleceyinden-narahatdir\/#article","isPartOf":{"@id":"https:\/\/www.meydan.tv\/az\/article\/besir-seferoglu-kucesinin-sakinleri-evlerinin-sokuleceyinden-narahatdir\/"},"author":{"name":"elli","@id":"https:\/\/www.meydan.tv\/az\/#\/schema\/person\/9cdbecf90d17180ce1dfbd95b08dcf47"},"headline":"B\u0259\u015fir S\u0259f\u0259ro\u011flu k\u00fc\u00e7\u0259sinin sakinl\u0259ri evl\u0259rinin s\u00f6k\u00fcl\u0259c\u0259yind\u0259n narahatd\u0131r","datePublished":"2023-10-31T17:59:31+00:00","dateModified":"2023-10-31T17:59:34+00:00","mainEntityOfPage":{"@id":"https:\/\/www.meydan.tv\/az\/article\/besir-seferoglu-kucesinin-sakinleri-evlerinin-sokuleceyinden-narahatdir\/"},"wordCount":682,"publisher":{"@id":"https:\/\/www.meydan.tv\/az\/#organization"},"image":{"@id":"https:\/\/www.meydan.tv\/az\/article\/besir-seferoglu-kucesinin-sakinleri-evlerinin-sokuleceyinden-narahatdir\/#primaryimage"},"thumbnailUrl":"https:\/\/www.meydan.tv\/wp-content\/uploads\/3625733.jpg","articleSection":["Sosial","X\u0259b\u0259rl\u0259r"],"inLanguage":"az"},{"@type":"WebPage","@id":"https:\/\/www.meydan.tv\/az\/article\/besir-seferoglu-kucesinin-sakinleri-evlerinin-sokuleceyinden-narahatdir\/","url":"https:\/\/www.meydan.tv\/az\/article\/besir-seferoglu-kucesinin-sakinleri-evlerinin-sokuleceyinden-narahatdir\/","name":"B\u0259\u015fir S\u0259f\u0259ro\u011flu k\u00fc\u00e7\u0259sinin sakinl\u0259ri evl\u0259rinin s\u00f6k\u00fcl\u0259c\u0259yind\u0259n narahatd\u0131r - MEYDAN.TV","isPartOf":{"@id":"https:\/\/www.meydan.tv\/az\/#website"},"primaryImageOfPage":{"@id":"https:\/\/www.meydan.tv\/az\/article\/besir-seferoglu-kucesinin-sakinleri-evlerinin-sokuleceyinden-narahatdir\/#primaryimage"},"image":{"@id":"https:\/\/www.meydan.tv\/az\/article\/besir-seferoglu-kucesinin-sakinleri-evlerinin-sokuleceyinden-narahatdir\/#primaryimage"},"thumbnailUrl":"https:\/\/www.meydan.tv\/wp-content\/uploads\/3625733.jpg","datePublished":"2023-10-31T17:59:31+00:00","dateModified":"2023-10-31T17:59:34+00:00","breadcrumb":{"@id":"https:\/\/www.meydan.tv\/az\/article\/besir-seferoglu-kucesinin-sakinleri-evlerinin-sokuleceyinden-narahatdir\/#breadcrumb"},"inLanguage":"az","potentialAction":[{"@type":"ReadAction","target":["https:\/\/www.meydan.tv\/az\/article\/besir-seferoglu-kucesinin-sakinleri-evlerinin-sokuleceyinden-narahatdir\/"]}]},{"@type":"ImageObject","inLanguage":"az","@id":"https:\/\/www.meydan.tv\/az\/article\/besir-seferoglu-kucesinin-sakinleri-evlerinin-sokuleceyinden-narahatdir\/#primaryimage","url":"https:\/\/www.meydan.tv\/wp-content\/uploads\/3625733.jpg","contentUrl":"https:\/\/www.meydan.tv\/wp-content\/uploads\/3625733.jpg","width":1200,"height":803,"caption":"B\u0259\u015fir S\u0259f\u0259ro\u011flu k\u00fc\u00e7\u0259si. Foto: screenshot"},{"@type":"BreadcrumbList","@id":"https:\/\/www.meydan.tv\/az\/article\/besir-seferoglu-kucesinin-sakinleri-evlerinin-sokuleceyinden-narahatdir\/#breadcrumb","itemListElement":[{"@type":"ListItem","position":1,"name":"Ana s\u0259hif\u0259","item":"https:\/\/www.meydan.tv\/az\/"},{"@type":"ListItem","position":2,"name":"Sosial","item":"https:\/\/www.meydan.tv\/az\/section\/sosial\/"},{"@type":"ListItem","position":3,"name":"B\u0259\u015fir S\u0259f\u0259ro\u011flu k\u00fc\u00e7\u0259sinin sakinl\u0259ri evl\u0259rinin s\u00f6k\u00fcl\u0259c\u0259yind\u0259n narahatd\u0131r"}]},{"@type":"WebSite","@id":"https:\/\/www.meydan.tv\/az\/#website","url":"https:\/\/www.meydan.tv\/az\/","name":"MEYDAN.TV","description":"Meydan TV Az\u0259rbaycan\u0131n media m\u0259kan\u0131ndak\u0131 alternativ s\u0259sidir","publisher":{"@id":"https:\/\/www.meydan.tv\/az\/#organization"},"potentialAction":[{"@type":"SearchAction","target":{"@type":"EntryPoint","urlTemplate":"https:\/\/www.meydan.tv\/az\/?s={search_term_string}"},"query-input":{"@type":"PropertyValueSpecification","valueRequired":true,"valueName":"search_term_string"}}],"inLanguage":"az"},{"@type":"Organization","@id":"https:\/\/www.meydan.tv\/az\/#organization","name":"Meydan TV","url":"https:\/\/www.meydan.tv\/az\/","logo":{"@type":"ImageObject","inLanguage":"az","@id":"https:\/\/www.meydan.tv\/az\/#\/schema\/logo\/image\/","url":"https:\/\/www.meydan.tv\/wp-content\/uploads\/2021\/07\/meydan-logo.svg","contentUrl":"https:\/\/www.meydan.tv\/wp-content\/uploads\/2021\/07\/meydan-logo.svg","width":195,"height":46,"caption":"Meydan TV"},"image":{"@id":"https:\/\/www.meydan.tv\/az\/#\/schema\/logo\/image\/"}},{"@type":"Person","@id":"https:\/\/www.meydan.tv\/az\/#\/schema\/person\/9cdbecf90d17180ce1dfbd95b08dcf47","name":"elli","sameAs":["https:\/\/x.com\/elli"]}]}},"_links":{"self":[{"href":"https:\/\/www.meydan.tv\/az\/wp-json\/wp\/v2\/posts\/289414","targetHints":{"allow":["GET"]}}],"collection":[{"href":"https:\/\/www.meydan.tv\/az\/wp-json\/wp\/v2\/posts"}],"about":[{"href":"https:\/\/www.meydan.tv\/az\/wp-json\/wp\/v2\/types\/post"}],"author":[{"embeddable":true,"href":"https:\/\/www.meydan.tv\/az\/wp-json\/wp\/v2\/users\/8"}],"replies":[{"embeddable":true,"href":"https:\/\/www.meydan.tv\/az\/wp-json\/wp\/v2\/comments?post=289414"}],"version-history":[{"count":1,"href":"https:\/\/www.meydan.tv\/az\/wp-json\/wp\/v2\/posts\/289414\/revisions"}],"predecessor-version":[{"id":289421,"href":"https:\/\/www.meydan.tv\/az\/wp-json\/wp\/v2\/posts\/289414\/revisions\/289421"}],"wp:featuredmedia":[{"embeddable":true,"href":"https:\/\/www.meydan.tv\/az\/wp-json\/wp\/v2\/media\/289418"}],"wp:attachment":[{"href":"https:\/\/www.meydan.tv\/az\/wp-json\/wp\/v2\/media?parent=289414"}],"wp:term":[{"taxonomy":"category","embeddable":true,"href":"https:\/\/www.meydan.tv\/az\/wp-json\/wp\/v2\/categories?post=289414"},{"taxonomy":"post_tag","embeddable":true,"href":"https:\/\/www.meydan.tv\/az\/wp-json\/wp\/v2\/tags?post=289414"}],"curies":[{"name":"wp","href":"https:\/\/api.w.org\/{rel}","templated":true}]}}