{"id":289374,"date":"2023-10-31T16:11:16","date_gmt":"2023-10-31T12:11:16","guid":{"rendered":"https:\/\/www.meydan.tv\/?p=289374"},"modified":"2023-10-31T16:11:19","modified_gmt":"2023-10-31T12:11:19","slug":"bunlar-vezifeden-otru-iki-elil-usagin-haqqina-girib-nece-yalan-danisirlar","status":"publish","type":"post","link":"https:\/\/www.meydan.tv\/az\/article\/bunlar-vezifeden-otru-iki-elil-usagin-haqqina-girib-nece-yalan-danisirlar\/","title":{"rendered":"\u201cBunlar v\u0259zif\u0259d\u0259n \u00f6tr\u00fc iki \u0259lil u\u015fa\u011f\u0131n haqq\u0131na girib nec\u0259 yalan dan\u0131\u015f\u0131rlar?\u201d"},"content":{"rendered":"\n<p><\/p>\n\n\n\n<p><strong><em>C\u0259sar\u0259t M\u0259mm\u0259dov: \u201c\u0130cra ba\u015f\u00e7\u0131 el\u0259 davrand\u0131, anama el\u0259 s\u00f6zl\u0259r dedi ki, icra hakimiyy\u0259tind\u0259n qay\u0131dandan sonra \u00f6z\u00fcm\u00fc asd\u0131m\u201d<\/em><\/strong><\/p>\n\n\n\n<p>A\u011fdam sakini C\u0259sar\u0259t M\u0259mm\u0259dov t\u0259qsiri olmad\u0131\u011f\u0131 halda, i\u015fd\u0259n \u00e7\u0131xar\u0131ld\u0131\u011f\u0131n\u0131 deyir. Onun s\u00f6zl\u0259rin\u0259 g\u00f6r\u0259, bu haqs\u0131zl\u0131\u011f\u0131n c\u0259zas\u0131n\u0131 \u00f6z\u00fc il\u0259 yana\u015f\u0131, 10 v\u0259 17 ya\u015flar\u0131nda g\u00f6rm\u0259 v\u0259 h\u0259r\u0259k\u0259t m\u0259hdudiyy\u0259tli&nbsp; iki \u0259lil \u00f6vlad\u0131 da \u00e7\u0259km\u0259k m\u0259cburiyy\u0259tind\u0259 qal\u0131b.<\/p>\n\n\n\n<p>\u201c<em>U\u015faqlar\u0131m\u0131n \u00fcz\u00fcn\u0259 baxa bilmir\u0259m. Bel\u0259 insafs\u0131zl\u0131q olar?!\u201d, <\/em>&#8211; A\u011fdam\u0131n Quzanl\u0131 q\u0259s\u0259b\u0259sind\u0259 ya\u015fayan C\u0259sar\u0259t M\u0259mm\u0259dov Meydan TV-y\u0259 dan\u0131\u015f\u0131r.<\/p>\n\n\n\n<p><strong>\u201cR\u00fc\u015fv\u0259t\u0259 etiraza g\u00f6r\u0259 adam\u0131 h\u0259bs el\u0259yirl\u0259r ki, \u201cs\u0259s-k\u00fcy sal\u0131rsan\u201d\u201d<\/strong>&nbsp;<\/p>\n\n\n\n<p>45 ya\u015fl\u0131 C\u0259sar\u0259t M\u0259mm\u0259dov \u201cAz\u0259rsu\u201d ASC-nin 5 n\u00f6mr\u0259li Regional Su-kanal \u0130dar\u0259sinin tabeliyind\u0259ki A\u011fdam su-kanal sah\u0259sind\u0259 s\u00fcr\u00fcc\u00fc i\u015fl\u0259yib. O, 2021-ci ilin dekabr\u0131nda i\u015fd\u0259n \u00e7\u0131xar\u0131l\u0131b. \u018fm\u0259k M\u0259c\u0259ll\u0259sinin 70 (\u00e7) madd\u0259sil\u0259 (i\u015f\u00e7i \u00f6z\u00fcn\u00fcn \u0259m\u0259k funksiyas\u0131n\u0131 v\u0259 ya \u0259m\u0259k m\u00fcqavil\u0259si \u00fczr\u0259 \u00f6hd\u0259likl\u0259rini yerin\u0259 yetirm\u0259dikd\u0259, \u0259m\u0259k v\u0259zif\u0259l\u0259rini kobud \u015f\u0259kild\u0259 pozduqda) onunla m\u00fcqavil\u0259y\u0259 xitam verilib.<\/p>\n\n\n\n<p>Amma C\u0259sar\u0259t M\u0259mm\u0259dov bununla raz\u0131la\u015fm\u0131r:<\/p>\n\n\n\n<p><em>\u201cH\u0259min d\u00f6vrd\u0259 atam v\u0259fat el\u0259mi\u015fdi. Yas \u00fc\u00e7\u00fcn pul laz\u0131m idi dey\u0259, atam\u0131n k\u00f6hn\u0259 bir ma\u015f\u0131n\u0131 vard\u0131, onu satmaq ist\u0259yirdim. Onu ad\u0131ma ke\u00e7irm\u0259k \u00fc\u00e7\u00fcn dekabr ay\u0131nda i\u015f yerind\u0259 m\u00fcdirimiz Zamin \u018fliyevd\u0259n \u015fifahi \u015f\u0259kild\u0259 icaz\u0259 al\u0131b, A\u011fcab\u0259diy\u0259 getdim. \u00c7\u00fcnki regional qeydiyyat idar\u0259si orada yerl\u0259\u015fir. Orada m\u0259nd\u0259n b\u00f6y\u00fck m\u0259bl\u0259\u011fd\u0259 r\u00fc\u015fv\u0259t ist\u0259dil\u0259r. Buna etiraz el\u0259y\u0259nd\u0259 polisl\u0259rdi dey\u0259, tutub m\u0259ni apard\u0131lar. Guya s\u0259s-k\u00fcy salm\u0131\u015fam. Bu \u0259sasla da m\u0259n\u0259 8 sutka c\u0259za verdil\u0259r. T\u0259s\u0259vv\u00fcr edin, r\u00fc\u015fv\u0259t\u0259 etiraza g\u00f6r\u0259 adam\u0131 h\u0259bs el\u0259yirl\u0259r ki, s\u0259s-k\u00fcy sal\u0131rsan. N\u0259 is\u0259, oradan \u00e7\u0131x\u0131b i\u015f\u0259 g\u0259l\u0259nd\u0259 m\u0259ni m\u0259cbur el\u0259dil\u0259r ki, i\u015fd\u0259n \u00e7\u0131xmaq bar\u0259d\u0259 \u0259riz\u0259mi yaz\u0131m. Dedim, ax\u0131 8 g\u00fcn i\u015f\u0259 g\u0259lm\u0259m\u0259yim \u00fczrs\u00fcz s\u0259b\u0259bd\u0259n olmay\u0131b? Ora ged\u0259nd\u0259 d\u0259 icaz\u0259 alm\u0131\u015fd\u0131m. He\u00e7 olmasa, t\u00f6hm\u0259t verin. Baxmad\u0131lar, i\u015fd\u0259n \u00e7\u0131xard\u0131lar&#8230;\u201d.<\/em><\/p>\n\n\n\n<p><strong>\u201cN\u0259 vaxtd\u0131r imkans\u0131zl\u0131qdan u\u015faqlar\u0131n m\u00fcalic\u0259sini saxlam\u0131\u015f\u0131q\u201d<\/strong><\/p>\n\n\n\n<p>O, 5 n\u00f6mr\u0259li Regional Su-kanal \u0130dar\u0259sin\u0259 qar\u015f\u0131 i\u015f\u0259b\u0259rpa t\u0259l\u0259bil\u0259 m\u0259hk\u0259m\u0259d\u0259 iddia qald\u0131r\u0131b. A\u011fcab\u0259di Rayon M\u0259hk\u0259m\u0259sinin hakimi R\u0259\u015fad Nuriyev onun iddias\u0131n\u0131 t\u0259min etm\u0259yib. \u015eirvan Apelyasiya M\u0259hk\u0259m\u0259si d\u0259 bu q\u0259rar\u0131 q\u00fcvv\u0259d\u0259 saxlay\u0131b. Ali M\u0259hk\u0259m\u0259 is\u0259 m\u00fcraci\u0259t etm\u0259 m\u00fcdd\u0259tini \u00f6t\u00fcrd\u00fcy\u00fcn\u0259 g\u00f6r\u0259 onun \u015fikay\u0259tin\u0259 baxmay\u0131b:<\/p>\n\n\n\n<p><em>\u201c\u018fvv\u0259l m\u0259ni h\u0259d\u0259l\u0259yirdil\u0259r ki, Regional \u0130dar\u0259nin r\u0259isi Zahid m\u00fc\u0259llimin yax\u0131n qohumu DTX-da i\u015fl\u0259yir, s\u0259nin ba\u015f\u0131na oyun a\u00e7acaq. Sonra m\u00fcxt\u0259lif orqanlara \u015fikay\u0259tl\u0259r el\u0259dim. Regional\u0131n r\u0259hb\u0259ri m\u0259ni \u00e7a\u011f\u0131rd\u0131 ki, \u201cget, sakit otur, s\u0259ni b\u0259rpa ed\u0259c\u0259yik\u201d. Vaxt ke\u00e7di, el\u0259m\u0259dil\u0259r. M\u0259n d\u0259 bilmir\u0259m ki, Ali M\u0259hk\u0259m\u0259y\u0259 \u015fikay\u0259t verm\u0259k \u00fc\u00e7\u00fcn m\u00fcdd\u0259t var. S\u0259n dem\u0259, m\u0259ni aldad\u0131b, ba\u015f\u0131m\u0131 qat\u0131rlar\u201d.<\/em><\/p>\n\n\n\n<p>M\u0259hk\u0259m\u0259d\u0259 Su-kanal \u0130dar\u0259sinin h\u00fcquq\u015f\u00fcnas\u0131 iddia edib ki, \u00a0m\u0259s\u0259l\u0259 t\u0259kc\u0259 8 sutkal\u0131q h\u0259bs deyil, C\u0259sar\u0259t M\u0259mm\u0259dov \u00fcmumiyy\u0259tl\u0259, i\u015fin\u0259 s\u0259hl\u0259nkar v\u0259 m\u0259suliyy\u0259tsiz yana\u015f\u0131rd\u0131.<\/p>\n\n\n\n<p>Lakin C\u0259sar\u0259t M\u0259mm\u0259dov \u00fcnvan\u0131na s\u0259sl\u0259n\u0259n ittihamla raz\u0131la\u015fm\u0131r:<\/p>\n\n\n\n<p><em>\u201cGuya m\u0259n idar\u0259nin ma\u015f\u0131n\u0131n\u0131 d\u0259f\u0259l\u0259rl\u0259 i\u00e7kili idar\u0259 el\u0259mi\u015f\u0259m, buna g\u00f6r\u0259 m\u0259ni polis saxlay\u0131b. Ara\u015fd\u0131rs\u0131nlar, g\u00f6rs\u00fcnl\u0259r ki, m\u0259n\u0259 ma\u015f\u0131n\u0131 i\u00e7kili idar\u0259 etm\u0259y\u0259 g\u00f6r\u0259 protokol yaz\u0131l\u0131b? M\u0259n\u0259 o ma\u015f\u0131nla 3 d\u0259f\u0259 10 manatl\u0131q protokol yaz\u0131l\u0131b, o da s\u00fcr\u0259t h\u0259ddini az ke\u00e7ib, radara d\u00fc\u015fd\u00fcy\u00fcm\u0259 g\u00f6r\u0259. Yaz\u0131blar ki, guya dekabr\u0131n 11-d\u0259 m\u0259n i\u015f yerinin ma\u015f\u0131n\u0131yla avtomobili \u00f6z ad\u0131ma ke\u00e7irm\u0259y\u0259 getmi\u015f\u0259m. Halbuki, ay\u0131n 11-d\u0259 m\u0259n polis idar\u0259sind\u0259 t\u0259cridxanada olmu\u015fam. Bunlar v\u0259zif\u0259d\u0259n \u00f6tr\u00fc ki \u0259lil u\u015fa\u011f\u0131n haqq\u0131na girib, nec\u0259 yalan dan\u0131\u015f\u0131rlar? Fikirl\u0259\u015fmirl\u0259r ki, bizim yalanlar\u0131m\u0131z n\u0259tic\u0259sind\u0259 o u\u015faqlar n\u0259 v\u0259ziyy\u0259td\u0259dir. U\u015faqlara veril\u0259n pensiya he\u00e7 yem\u0259kl\u0259rin\u0259 \u00e7atm\u0131r. N\u0259 vaxtd\u0131r u\u015faqlar\u0131n m\u00fcalic\u0259sini saxlam\u0131\u015f\u0131q, onlara iyn\u0259-d\u0259rman el\u0259y\u0259 bilmirik imkans\u0131zl\u0131qdan. Anam\u0131n pensiyas\u0131 da kreditl\u0259r\u0259 gedir. El\u0259 a\u011f\u0131r v\u0259ziyy\u0259td\u0259yik ki, deyil\u0259si deyil&#8230;\u201d.<\/em><\/p>\n\n\n\n<p><strong>\u201c\u0130nsan t\u0259hqiri h\u0259zm el\u0259y\u0259 bilmir, ona g\u00f6r\u0259 intihara \u0259l atd\u0131m\u201d<\/strong><\/p>\n\n\n\n<p>O iddia edir ki, su-kanal sah\u0259sind\u0259ki i\u015fini ba\u015fqas\u0131na sat\u0131blar v\u0259 bundan A\u011fdam Rayon \u0130cra Hakimiyy\u0259tinin ba\u015f\u00e7\u0131s\u0131 Vaqif H\u0259s\u0259novun da x\u0259b\u0259ri var. C\u0259sar\u0259t M\u0259mm\u0259dovun s\u00f6zl\u0259rin\u0259 g\u00f6r\u0259, t\u0259xmin\u0259n 2 ay \u0259vv\u0259l ail\u0259 \u00fczvl\u0259ril\u0259 birlikd\u0259 icra ba\u015f\u00e7\u0131s\u0131n\u0131n yan\u0131na gedib, a\u011f\u0131r v\u0259ziyy\u0259td\u0259 olduqlar\u0131n\u0131 ona izah etm\u0259y\u0259 \u00e7al\u0131\u015f\u0131blar:<\/p>\n\n\n\n<p><em>\u201cEl\u0259 davrand\u0131, anama el\u0259 s\u00f6z dedi ki, sentyabr\u0131n 6-da icra hakimiyy\u0259tind\u0259n qay\u0131dandan sonra intihara c\u0259hd el\u0259dim. \u00d6z\u00fcm\u00fc asm\u0131\u015fd\u0131m. \u0130nsan t\u0259hqiri h\u0259zm el\u0259y\u0259 bilmir. M\u0259ni t\u0259cili yard\u0131m vasit\u0259sil\u0259 A\u011fdam x\u0259st\u0259xanas\u0131na apar\u0131b, orada xilas el\u0259dil\u0259r. Ona g\u00f6r\u0259 intihara \u0259l atd\u0131m. X\u0259st\u0259xanada izahat alanda da dedim ki, icra ba\u015f\u00e7\u0131s\u0131na g\u00f6r\u0259 olub. Sonra ev\u0259 g\u0259lib anamdan, yolda\u015f\u0131mdan izahat alm\u0131\u015fd\u0131lar. Biz\u0259 dedil\u0259r ki, prokurorluqda ara\u015fd\u0131rma gedir. H\u0259l\u0259 ki, n\u0259tic\u0259 yoxdur\u201d.<\/em><\/p>\n\n\n\n<p><strong>\u0130cra hakimiyy\u0259tinin v\u0259zif\u0259lil\u0259ri cavab vermir, Su-kanal idar\u0259si is\u0259 q\u0259rar\u0131n \u0259sasl\u0131 oldu\u011funu iddia edir<\/strong><\/p>\n\n\n\n<p>C\u0259sar\u0259t M\u0259mm\u0259dovun icra hakimiyy\u0259tind\u0259 ba\u015f ver\u0259nl\u0259rl\u0259 ba\u011fl\u0131 dedikl\u0259rin\u0259 qar\u015f\u0131 t\u0259r\u0259fin m\u00fcnasib\u0259tini \u00f6yr\u0259nm\u0259k m\u00fcmk\u00fcn olmay\u0131b. \u00c7\u00fcnki A\u011fdam Rayon \u0130cra Hakimiyy\u0259tinin v\u0259zif\u0259li \u015f\u0259xsl\u0259ri, o c\u00fcml\u0259d\u0259n icra ba\u015f\u00e7\u0131s\u0131n\u0131n \u00f6z\u00fc v\u0259 k\u00f6m\u0259k\u00e7isi, m\u00fcavinl\u0259ri, v\u0259t\u0259nda\u015flar\u0131n m\u00fcci\u0259tl\u0259ril\u0259 i\u015f \u015f\u00f6b\u0259si v\u0259 s. Meydan TV-nin z\u0259ngl\u0259rin\u0259 cavab verm\u0259yib.<\/p>\n\n\n\n<p>5 n\u00f6mr\u0259li Regional Su-kanal \u0130dar\u0259sinin m\u0259ktubunda is\u0259 iddia olunur ki, C\u0259sar\u0259t M\u0259mm\u0259dovun i\u015fd\u0259n \u00e7\u0131xar\u0131lmas\u0131 \u00fc\u00e7\u00fcn yet\u0259rinc\u0259 \u0259saslar var:<\/p>\n\n\n\n<p>\u201c<em>C\u0259sar\u0259t M\u0259mm\u0259dov 11 dekabr 2021-ci ild\u0259 idar\u0259 etdiyi \u201cFord Carqo\u201d markal\u0131 su ma\u015f\u0131n\u0131 il\u0259 ad\u0131na avtomobil s\u0259n\u0259dl\u0259\u015fdirm\u0259k m\u0259qs\u0259dil\u0259 Daxili \u0130\u015fl\u0259r Nazirliyinin A\u011fcab\u0259di Regional Qeydiyyat \u0130dar\u0259sind\u0259 olark\u0259n orada m\u00fcnaqi\u015f\u0259 yarad\u0131b. Orada polis n\u0259f\u0259rini t\u0259hqir etdiyi \u00fc\u00e7\u00fcn 8 sutka h\u0259bs olunub. D\u0259f\u0259l\u0259rl\u0259 bu v\u0259 ba\u015fqa xarakterli \u0259m\u0259k v\u0259zif\u0259sinin pozulmas\u0131 hallar\u0131na yol verib. Buna g\u00f6r\u0259 d\u0259 \u018fm\u0259k M\u0259c\u0259ll\u0259sinin 70 \u00e7 madd\u0259sil\u0259 \u0259m\u0259k m\u00fcqavil\u0259sin\u0259 xitam verilib\u201d.<\/em><\/p>\n","protected":false},"excerpt":{"rendered":"<p>C\u0259sar\u0259t M\u0259mm\u0259dov: \u201c\u0130cra ba\u015f\u00e7\u0131 el\u0259 davrand\u0131, anama el\u0259 s\u00f6zl\u0259r dedi &#8230; <\/p>\n<p class=\"read-more-container\"><a title=\"\u201cBunlar v\u0259zif\u0259d\u0259n \u00f6tr\u00fc iki \u0259lil u\u015fa\u011f\u0131n haqq\u0131na girib nec\u0259 yalan dan\u0131\u015f\u0131rlar?\u201d\" class=\"read-more button\" href=\"https:\/\/www.meydan.tv\/az\/article\/bunlar-vezifeden-otru-iki-elil-usagin-haqqina-girib-nece-yalan-danisirlar\/#more-289374\" aria-label=\"Read more about \u201cBunlar v\u0259zif\u0259d\u0259n \u00f6tr\u00fc iki \u0259lil u\u015fa\u011f\u0131n haqq\u0131na girib nec\u0259 yalan dan\u0131\u015f\u0131rlar?\u201d\">Davam\u0131<\/a><\/p>\n","protected":false},"author":8,"featured_media":289371,"comment_status":"closed","ping_status":"closed","sticky":false,"template":"","format":"standard","meta":{"_acf_changed":false,"_sitemap_exclude":false,"_sitemap_priority":"","_sitemap_frequency":"","footnotes":""},"categories":[60,56],"tags":[],"class_list":["post-289374","post","type-post","status-publish","format-standard","has-post-thumbnail","hentry","category-bolge","category-xeberler","infinite-scroll-item","generate-columns","tablet-grid-50","mobile-grid-100","grid-parent","grid-33","no-featured-image-padding"],"acf":[],"yoast_head":"<!-- This site is optimized with the Yoast SEO plugin v27.4 - https:\/\/yoast.com\/product\/yoast-seo-wordpress\/ -->\n<title>\u201cBunlar v\u0259zif\u0259d\u0259n \u00f6tr\u00fc iki \u0259lil u\u015fa\u011f\u0131n haqq\u0131na girib nec\u0259 yalan dan\u0131\u015f\u0131rlar?\u201d - MEYDAN.TV<\/title>\n<meta name=\"robots\" content=\"index, follow, max-snippet:-1, max-image-preview:large, max-video-preview:-1\" \/>\n<link rel=\"canonical\" href=\"https:\/\/www.meydan.tv\/az\/article\/bunlar-vezifeden-otru-iki-elil-usagin-haqqina-girib-nece-yalan-danisirlar\/\" \/>\n<meta property=\"og:locale\" content=\"az_AZ\" \/>\n<meta property=\"og:type\" content=\"article\" \/>\n<meta property=\"og:title\" content=\"\u201cBunlar v\u0259zif\u0259d\u0259n \u00f6tr\u00fc iki \u0259lil u\u015fa\u011f\u0131n haqq\u0131na girib nec\u0259 yalan dan\u0131\u015f\u0131rlar?\u201d - MEYDAN.TV\" \/>\n<meta property=\"og:description\" content=\"C\u0259sar\u0259t M\u0259mm\u0259dov: \u201c\u0130cra ba\u015f\u00e7\u0131 el\u0259 davrand\u0131, anama el\u0259 s\u00f6zl\u0259r dedi ... Davam\u0131\" \/>\n<meta property=\"og:url\" content=\"https:\/\/www.meydan.tv\/az\/article\/bunlar-vezifeden-otru-iki-elil-usagin-haqqina-girib-nece-yalan-danisirlar\/\" \/>\n<meta property=\"og:site_name\" content=\"MEYDAN.TV\" \/>\n<meta property=\"article:published_time\" content=\"2023-10-31T12:11:16+00:00\" \/>\n<meta property=\"article:modified_time\" content=\"2023-10-31T12:11:19+00:00\" \/>\n<meta property=\"og:image\" content=\"https:\/\/www.meydan.tv\/wp-content\/uploads\/untitled-1500-x-1000-px-4-2.jpg\" \/>\n\t<meta property=\"og:image:width\" content=\"1500\" \/>\n\t<meta property=\"og:image:height\" content=\"1000\" \/>\n\t<meta property=\"og:image:type\" content=\"image\/jpeg\" \/>\n<meta name=\"author\" content=\"elli\" \/>\n<meta name=\"twitter:card\" content=\"summary_large_image\" \/>\n<meta name=\"twitter:creator\" content=\"@elli\" \/>\n<script type=\"application\/ld+json\" class=\"yoast-schema-graph\">{\"@context\":\"https:\\\/\\\/schema.org\",\"@graph\":[{\"@type\":\"Article\",\"@id\":\"https:\\\/\\\/www.meydan.tv\\\/az\\\/article\\\/bunlar-vezifeden-otru-iki-elil-usagin-haqqina-girib-nece-yalan-danisirlar\\\/#article\",\"isPartOf\":{\"@id\":\"https:\\\/\\\/www.meydan.tv\\\/az\\\/article\\\/bunlar-vezifeden-otru-iki-elil-usagin-haqqina-girib-nece-yalan-danisirlar\\\/\"},\"author\":{\"name\":\"elli\",\"@id\":\"https:\\\/\\\/www.meydan.tv\\\/az\\\/#\\\/schema\\\/person\\\/9cdbecf90d17180ce1dfbd95b08dcf47\"},\"headline\":\"\u201cBunlar v\u0259zif\u0259d\u0259n \u00f6tr\u00fc iki \u0259lil u\u015fa\u011f\u0131n haqq\u0131na girib nec\u0259 yalan dan\u0131\u015f\u0131rlar?\u201d\",\"datePublished\":\"2023-10-31T12:11:16+00:00\",\"dateModified\":\"2023-10-31T12:11:19+00:00\",\"mainEntityOfPage\":{\"@id\":\"https:\\\/\\\/www.meydan.tv\\\/az\\\/article\\\/bunlar-vezifeden-otru-iki-elil-usagin-haqqina-girib-nece-yalan-danisirlar\\\/\"},\"wordCount\":1344,\"publisher\":{\"@id\":\"https:\\\/\\\/www.meydan.tv\\\/az\\\/#organization\"},\"image\":{\"@id\":\"https:\\\/\\\/www.meydan.tv\\\/az\\\/article\\\/bunlar-vezifeden-otru-iki-elil-usagin-haqqina-girib-nece-yalan-danisirlar\\\/#primaryimage\"},\"thumbnailUrl\":\"https:\\\/\\\/www.meydan.tv\\\/wp-content\\\/uploads\\\/untitled-1500-x-1000-px-4-2.jpg\",\"articleSection\":[\"B\u00f6lg\u0259\",\"X\u0259b\u0259rl\u0259r\"],\"inLanguage\":\"az\"},{\"@type\":\"WebPage\",\"@id\":\"https:\\\/\\\/www.meydan.tv\\\/az\\\/article\\\/bunlar-vezifeden-otru-iki-elil-usagin-haqqina-girib-nece-yalan-danisirlar\\\/\",\"url\":\"https:\\\/\\\/www.meydan.tv\\\/az\\\/article\\\/bunlar-vezifeden-otru-iki-elil-usagin-haqqina-girib-nece-yalan-danisirlar\\\/\",\"name\":\"\u201cBunlar v\u0259zif\u0259d\u0259n \u00f6tr\u00fc iki \u0259lil u\u015fa\u011f\u0131n haqq\u0131na girib nec\u0259 yalan dan\u0131\u015f\u0131rlar?\u201d - MEYDAN.TV\",\"isPartOf\":{\"@id\":\"https:\\\/\\\/www.meydan.tv\\\/az\\\/#website\"},\"primaryImageOfPage\":{\"@id\":\"https:\\\/\\\/www.meydan.tv\\\/az\\\/article\\\/bunlar-vezifeden-otru-iki-elil-usagin-haqqina-girib-nece-yalan-danisirlar\\\/#primaryimage\"},\"image\":{\"@id\":\"https:\\\/\\\/www.meydan.tv\\\/az\\\/article\\\/bunlar-vezifeden-otru-iki-elil-usagin-haqqina-girib-nece-yalan-danisirlar\\\/#primaryimage\"},\"thumbnailUrl\":\"https:\\\/\\\/www.meydan.tv\\\/wp-content\\\/uploads\\\/untitled-1500-x-1000-px-4-2.jpg\",\"datePublished\":\"2023-10-31T12:11:16+00:00\",\"dateModified\":\"2023-10-31T12:11:19+00:00\",\"breadcrumb\":{\"@id\":\"https:\\\/\\\/www.meydan.tv\\\/az\\\/article\\\/bunlar-vezifeden-otru-iki-elil-usagin-haqqina-girib-nece-yalan-danisirlar\\\/#breadcrumb\"},\"inLanguage\":\"az\",\"potentialAction\":[{\"@type\":\"ReadAction\",\"target\":[\"https:\\\/\\\/www.meydan.tv\\\/az\\\/article\\\/bunlar-vezifeden-otru-iki-elil-usagin-haqqina-girib-nece-yalan-danisirlar\\\/\"]}]},{\"@type\":\"ImageObject\",\"inLanguage\":\"az\",\"@id\":\"https:\\\/\\\/www.meydan.tv\\\/az\\\/article\\\/bunlar-vezifeden-otru-iki-elil-usagin-haqqina-girib-nece-yalan-danisirlar\\\/#primaryimage\",\"url\":\"https:\\\/\\\/www.meydan.tv\\\/wp-content\\\/uploads\\\/untitled-1500-x-1000-px-4-2.jpg\",\"contentUrl\":\"https:\\\/\\\/www.meydan.tv\\\/wp-content\\\/uploads\\\/untitled-1500-x-1000-px-4-2.jpg\",\"width\":1500,\"height\":1000,\"caption\":\"C\u0259sar\u0259t M\u0259mm\u0259dov. Foto: Meydan TV\"},{\"@type\":\"BreadcrumbList\",\"@id\":\"https:\\\/\\\/www.meydan.tv\\\/az\\\/article\\\/bunlar-vezifeden-otru-iki-elil-usagin-haqqina-girib-nece-yalan-danisirlar\\\/#breadcrumb\",\"itemListElement\":[{\"@type\":\"ListItem\",\"position\":1,\"name\":\"Ana s\u0259hif\u0259\",\"item\":\"https:\\\/\\\/www.meydan.tv\\\/az\\\/\"},{\"@type\":\"ListItem\",\"position\":2,\"name\":\"B\u00f6lg\u0259\",\"item\":\"https:\\\/\\\/www.meydan.tv\\\/az\\\/section\\\/bolge\\\/\"},{\"@type\":\"ListItem\",\"position\":3,\"name\":\"\u201cBunlar v\u0259zif\u0259d\u0259n \u00f6tr\u00fc iki \u0259lil u\u015fa\u011f\u0131n haqq\u0131na girib nec\u0259 yalan dan\u0131\u015f\u0131rlar?\u201d\"}]},{\"@type\":\"WebSite\",\"@id\":\"https:\\\/\\\/www.meydan.tv\\\/az\\\/#website\",\"url\":\"https:\\\/\\\/www.meydan.tv\\\/az\\\/\",\"name\":\"MEYDAN.TV\",\"description\":\"Meydan TV Az\u0259rbaycan\u0131n media m\u0259kan\u0131ndak\u0131 alternativ s\u0259sidir\",\"publisher\":{\"@id\":\"https:\\\/\\\/www.meydan.tv\\\/az\\\/#organization\"},\"potentialAction\":[{\"@type\":\"SearchAction\",\"target\":{\"@type\":\"EntryPoint\",\"urlTemplate\":\"https:\\\/\\\/www.meydan.tv\\\/az\\\/?s={search_term_string}\"},\"query-input\":{\"@type\":\"PropertyValueSpecification\",\"valueRequired\":true,\"valueName\":\"search_term_string\"}}],\"inLanguage\":\"az\"},{\"@type\":\"Organization\",\"@id\":\"https:\\\/\\\/www.meydan.tv\\\/az\\\/#organization\",\"name\":\"Meydan TV\",\"url\":\"https:\\\/\\\/www.meydan.tv\\\/az\\\/\",\"logo\":{\"@type\":\"ImageObject\",\"inLanguage\":\"az\",\"@id\":\"https:\\\/\\\/www.meydan.tv\\\/az\\\/#\\\/schema\\\/logo\\\/image\\\/\",\"url\":\"https:\\\/\\\/www.meydan.tv\\\/wp-content\\\/uploads\\\/2021\\\/07\\\/meydan-logo.svg\",\"contentUrl\":\"https:\\\/\\\/www.meydan.tv\\\/wp-content\\\/uploads\\\/2021\\\/07\\\/meydan-logo.svg\",\"width\":195,\"height\":46,\"caption\":\"Meydan TV\"},\"image\":{\"@id\":\"https:\\\/\\\/www.meydan.tv\\\/az\\\/#\\\/schema\\\/logo\\\/image\\\/\"}},{\"@type\":\"Person\",\"@id\":\"https:\\\/\\\/www.meydan.tv\\\/az\\\/#\\\/schema\\\/person\\\/9cdbecf90d17180ce1dfbd95b08dcf47\",\"name\":\"elli\",\"sameAs\":[\"https:\\\/\\\/x.com\\\/elli\"]}]}<\/script>\n<!-- \/ Yoast SEO plugin. -->","yoast_head_json":{"title":"\u201cBunlar v\u0259zif\u0259d\u0259n \u00f6tr\u00fc iki \u0259lil u\u015fa\u011f\u0131n haqq\u0131na girib nec\u0259 yalan dan\u0131\u015f\u0131rlar?\u201d - MEYDAN.TV","robots":{"index":"index","follow":"follow","max-snippet":"max-snippet:-1","max-image-preview":"max-image-preview:large","max-video-preview":"max-video-preview:-1"},"canonical":"https:\/\/www.meydan.tv\/az\/article\/bunlar-vezifeden-otru-iki-elil-usagin-haqqina-girib-nece-yalan-danisirlar\/","og_locale":"az_AZ","og_type":"article","og_title":"\u201cBunlar v\u0259zif\u0259d\u0259n \u00f6tr\u00fc iki \u0259lil u\u015fa\u011f\u0131n haqq\u0131na girib nec\u0259 yalan dan\u0131\u015f\u0131rlar?\u201d - MEYDAN.TV","og_description":"C\u0259sar\u0259t M\u0259mm\u0259dov: \u201c\u0130cra ba\u015f\u00e7\u0131 el\u0259 davrand\u0131, anama el\u0259 s\u00f6zl\u0259r dedi ... Davam\u0131","og_url":"https:\/\/www.meydan.tv\/az\/article\/bunlar-vezifeden-otru-iki-elil-usagin-haqqina-girib-nece-yalan-danisirlar\/","og_site_name":"MEYDAN.TV","article_published_time":"2023-10-31T12:11:16+00:00","article_modified_time":"2023-10-31T12:11:19+00:00","og_image":[{"width":1500,"height":1000,"url":"https:\/\/www.meydan.tv\/wp-content\/uploads\/untitled-1500-x-1000-px-4-2.jpg","type":"image\/jpeg"}],"author":"elli","twitter_card":"summary_large_image","twitter_creator":"@elli","schema":{"@context":"https:\/\/schema.org","@graph":[{"@type":"Article","@id":"https:\/\/www.meydan.tv\/az\/article\/bunlar-vezifeden-otru-iki-elil-usagin-haqqina-girib-nece-yalan-danisirlar\/#article","isPartOf":{"@id":"https:\/\/www.meydan.tv\/az\/article\/bunlar-vezifeden-otru-iki-elil-usagin-haqqina-girib-nece-yalan-danisirlar\/"},"author":{"name":"elli","@id":"https:\/\/www.meydan.tv\/az\/#\/schema\/person\/9cdbecf90d17180ce1dfbd95b08dcf47"},"headline":"\u201cBunlar v\u0259zif\u0259d\u0259n \u00f6tr\u00fc iki \u0259lil u\u015fa\u011f\u0131n haqq\u0131na girib nec\u0259 yalan dan\u0131\u015f\u0131rlar?\u201d","datePublished":"2023-10-31T12:11:16+00:00","dateModified":"2023-10-31T12:11:19+00:00","mainEntityOfPage":{"@id":"https:\/\/www.meydan.tv\/az\/article\/bunlar-vezifeden-otru-iki-elil-usagin-haqqina-girib-nece-yalan-danisirlar\/"},"wordCount":1344,"publisher":{"@id":"https:\/\/www.meydan.tv\/az\/#organization"},"image":{"@id":"https:\/\/www.meydan.tv\/az\/article\/bunlar-vezifeden-otru-iki-elil-usagin-haqqina-girib-nece-yalan-danisirlar\/#primaryimage"},"thumbnailUrl":"https:\/\/www.meydan.tv\/wp-content\/uploads\/untitled-1500-x-1000-px-4-2.jpg","articleSection":["B\u00f6lg\u0259","X\u0259b\u0259rl\u0259r"],"inLanguage":"az"},{"@type":"WebPage","@id":"https:\/\/www.meydan.tv\/az\/article\/bunlar-vezifeden-otru-iki-elil-usagin-haqqina-girib-nece-yalan-danisirlar\/","url":"https:\/\/www.meydan.tv\/az\/article\/bunlar-vezifeden-otru-iki-elil-usagin-haqqina-girib-nece-yalan-danisirlar\/","name":"\u201cBunlar v\u0259zif\u0259d\u0259n \u00f6tr\u00fc iki \u0259lil u\u015fa\u011f\u0131n haqq\u0131na girib nec\u0259 yalan dan\u0131\u015f\u0131rlar?\u201d - MEYDAN.TV","isPartOf":{"@id":"https:\/\/www.meydan.tv\/az\/#website"},"primaryImageOfPage":{"@id":"https:\/\/www.meydan.tv\/az\/article\/bunlar-vezifeden-otru-iki-elil-usagin-haqqina-girib-nece-yalan-danisirlar\/#primaryimage"},"image":{"@id":"https:\/\/www.meydan.tv\/az\/article\/bunlar-vezifeden-otru-iki-elil-usagin-haqqina-girib-nece-yalan-danisirlar\/#primaryimage"},"thumbnailUrl":"https:\/\/www.meydan.tv\/wp-content\/uploads\/untitled-1500-x-1000-px-4-2.jpg","datePublished":"2023-10-31T12:11:16+00:00","dateModified":"2023-10-31T12:11:19+00:00","breadcrumb":{"@id":"https:\/\/www.meydan.tv\/az\/article\/bunlar-vezifeden-otru-iki-elil-usagin-haqqina-girib-nece-yalan-danisirlar\/#breadcrumb"},"inLanguage":"az","potentialAction":[{"@type":"ReadAction","target":["https:\/\/www.meydan.tv\/az\/article\/bunlar-vezifeden-otru-iki-elil-usagin-haqqina-girib-nece-yalan-danisirlar\/"]}]},{"@type":"ImageObject","inLanguage":"az","@id":"https:\/\/www.meydan.tv\/az\/article\/bunlar-vezifeden-otru-iki-elil-usagin-haqqina-girib-nece-yalan-danisirlar\/#primaryimage","url":"https:\/\/www.meydan.tv\/wp-content\/uploads\/untitled-1500-x-1000-px-4-2.jpg","contentUrl":"https:\/\/www.meydan.tv\/wp-content\/uploads\/untitled-1500-x-1000-px-4-2.jpg","width":1500,"height":1000,"caption":"C\u0259sar\u0259t M\u0259mm\u0259dov. Foto: Meydan TV"},{"@type":"BreadcrumbList","@id":"https:\/\/www.meydan.tv\/az\/article\/bunlar-vezifeden-otru-iki-elil-usagin-haqqina-girib-nece-yalan-danisirlar\/#breadcrumb","itemListElement":[{"@type":"ListItem","position":1,"name":"Ana s\u0259hif\u0259","item":"https:\/\/www.meydan.tv\/az\/"},{"@type":"ListItem","position":2,"name":"B\u00f6lg\u0259","item":"https:\/\/www.meydan.tv\/az\/section\/bolge\/"},{"@type":"ListItem","position":3,"name":"\u201cBunlar v\u0259zif\u0259d\u0259n \u00f6tr\u00fc iki \u0259lil u\u015fa\u011f\u0131n haqq\u0131na girib nec\u0259 yalan dan\u0131\u015f\u0131rlar?\u201d"}]},{"@type":"WebSite","@id":"https:\/\/www.meydan.tv\/az\/#website","url":"https:\/\/www.meydan.tv\/az\/","name":"MEYDAN.TV","description":"Meydan TV Az\u0259rbaycan\u0131n media m\u0259kan\u0131ndak\u0131 alternativ s\u0259sidir","publisher":{"@id":"https:\/\/www.meydan.tv\/az\/#organization"},"potentialAction":[{"@type":"SearchAction","target":{"@type":"EntryPoint","urlTemplate":"https:\/\/www.meydan.tv\/az\/?s={search_term_string}"},"query-input":{"@type":"PropertyValueSpecification","valueRequired":true,"valueName":"search_term_string"}}],"inLanguage":"az"},{"@type":"Organization","@id":"https:\/\/www.meydan.tv\/az\/#organization","name":"Meydan TV","url":"https:\/\/www.meydan.tv\/az\/","logo":{"@type":"ImageObject","inLanguage":"az","@id":"https:\/\/www.meydan.tv\/az\/#\/schema\/logo\/image\/","url":"https:\/\/www.meydan.tv\/wp-content\/uploads\/2021\/07\/meydan-logo.svg","contentUrl":"https:\/\/www.meydan.tv\/wp-content\/uploads\/2021\/07\/meydan-logo.svg","width":195,"height":46,"caption":"Meydan TV"},"image":{"@id":"https:\/\/www.meydan.tv\/az\/#\/schema\/logo\/image\/"}},{"@type":"Person","@id":"https:\/\/www.meydan.tv\/az\/#\/schema\/person\/9cdbecf90d17180ce1dfbd95b08dcf47","name":"elli","sameAs":["https:\/\/x.com\/elli"]}]}},"_links":{"self":[{"href":"https:\/\/www.meydan.tv\/az\/wp-json\/wp\/v2\/posts\/289374","targetHints":{"allow":["GET"]}}],"collection":[{"href":"https:\/\/www.meydan.tv\/az\/wp-json\/wp\/v2\/posts"}],"about":[{"href":"https:\/\/www.meydan.tv\/az\/wp-json\/wp\/v2\/types\/post"}],"author":[{"embeddable":true,"href":"https:\/\/www.meydan.tv\/az\/wp-json\/wp\/v2\/users\/8"}],"replies":[{"embeddable":true,"href":"https:\/\/www.meydan.tv\/az\/wp-json\/wp\/v2\/comments?post=289374"}],"version-history":[{"count":3,"href":"https:\/\/www.meydan.tv\/az\/wp-json\/wp\/v2\/posts\/289374\/revisions"}],"predecessor-version":[{"id":289380,"href":"https:\/\/www.meydan.tv\/az\/wp-json\/wp\/v2\/posts\/289374\/revisions\/289380"}],"wp:featuredmedia":[{"embeddable":true,"href":"https:\/\/www.meydan.tv\/az\/wp-json\/wp\/v2\/media\/289371"}],"wp:attachment":[{"href":"https:\/\/www.meydan.tv\/az\/wp-json\/wp\/v2\/media?parent=289374"}],"wp:term":[{"taxonomy":"category","embeddable":true,"href":"https:\/\/www.meydan.tv\/az\/wp-json\/wp\/v2\/categories?post=289374"},{"taxonomy":"post_tag","embeddable":true,"href":"https:\/\/www.meydan.tv\/az\/wp-json\/wp\/v2\/tags?post=289374"}],"curies":[{"name":"wp","href":"https:\/\/api.w.org\/{rel}","templated":true}]}}