{"id":289348,"date":"2023-10-31T15:17:29","date_gmt":"2023-10-31T11:17:29","guid":{"rendered":"https:\/\/www.meydan.tv\/?p=289348"},"modified":"2023-10-31T16:12:28","modified_gmt":"2023-10-31T12:12:28","slug":"ayasofyani-ziyaret-xarici-vetendaslar-ucun-odenisli-olacaq","status":"publish","type":"post","link":"https:\/\/www.meydan.tv\/az\/article\/ayasofyani-ziyaret-xarici-vetendaslar-ucun-odenisli-olacaq\/","title":{"rendered":"Ayasofyan\u0131 ziyar\u0259t xarici v\u0259t\u0259nda\u015flar \u00fc\u00e7\u00fcn \u00f6d\u0259ni\u015fli olacaq"},"content":{"rendered":"\n<p><\/p>\n\n\n\n<p><em><strong>Nazir deyir ki, yeni qaydaya ke\u00e7idin m\u0259qs\u0259di ziyar\u0259tl\u0259rin intensivliyini minimuma endirm\u0259kl\u0259, ibad\u0259tl\u0259rin keyfiyy\u0259tini art\u0131rmaqd\u0131r<\/strong><\/em><\/p>\n\n\n\n<p>1935-ci ild\u0259n muzey kimi f\u0259aliyy\u0259t g\u00f6st\u0259r\u0259n, 2019-cu ild\u0259 is\u0259 m\u0259scid\u0259 \u00e7evril\u0259n Ayasofya xarici v\u0259t\u0259nda\u015flar \u00fc\u00e7\u00fcn \u00f6d\u0259ni\u015fli olacaq.<\/p>\n\n\n\n<p>Bu bar\u0259d\u0259 \u00f6lk\u0259nin m\u0259d\u0259niyy\u0259t v\u0259 turizm naziri Mehmet Nuri Ersoy ke\u00e7irdiyi m\u0259tbuat konfrans\u0131nda <a href=\"https:\/\/www.trthaber.com\/haber\/gundem\/ayasofya-yabanci-turistlere-ucretli-olacak-808474.html\">deyib.<\/a><\/p>\n\n\n\n<p>\u201c<em>Ayasofyada ziyar\u0259t\u00e7i idar\u0259etm\u0259 t\u0259tbiqin\u0259 ke\u00e7irik. G\u00f6z b\u0259b\u0259yimiz, b\u0259\u015f\u0259riyy\u0259tin ortaq irsi olan Ayasofya m\u0259scidimiz \u00e7ox yax\u015f\u0131 m\u00fchafiz\u0259y\u00f6n\u00fcml\u00fc ekosistem\u0259 daxil edil\u0259c\u0259k\u201d, <\/em>&#8211; nazir deyib.<\/p>\n\n\n\n<p>Onun s\u00f6zl\u0259rin\u0259 g\u00f6r\u0259, yeni qaydaya ke\u00e7idin m\u0259qs\u0259di ziyar\u0259tl\u0259rin intensivliyini minimuma endirm\u0259kl\u0259, ibad\u0259tl\u0259rin keyfiyy\u0259tini art\u0131rmaqd\u0131r.<\/p>\n\n\n\n<p>Mehmet Nuri Ersoy bildirib ki, 2024-c\u00fc il yanvar\u0131n 15-d\u0259n etibar\u0259n xarici v\u0259t\u0259nda\u015flar m\u0259scid\u0259 \u00f6d\u0259ni\u015fl\u0259 gir\u0259c\u0259kl\u0259r.<\/p>\n\n\n\n<p>Giri\u015f qiym\u0259ti il\u0259 ba\u011fl\u0131 m\u0259lumat verilm\u0259yib.<\/p>\n\n\n\n<p>T\u00fcrkiy\u0259 v\u0259t\u0259nda\u015flar\u0131 \u00fc\u00e7\u00fcn ibad\u0259t v\u0259 ziyar\u0259t pulsuz olacaq.<\/p>\n\n\n\n<p>1500 illik tarixi olan, UNESCO-nun D\u00fcnya \u0130rsi siyah\u0131s\u0131na daxil edilmi\u015f Ayasofya binas\u0131 tikildikd\u0259n sonra, \u00f6nc\u0259 kils\u0259, \u0130stanbulun f\u0259thind\u0259n sonra m\u0259scid, 1930-cu ill\u0259rd\u0259n sonra is\u0259 muzey kimi f\u0259aliyy\u0259t g\u00f6st\u0259rib.<\/p>\n\n\n\n<p>R\u0259c\u0259b Tayyip \u018frdo\u011fan Ayasofyan\u0131n yenid\u0259n m\u0259scid kimi f\u0259aliyy\u0259t g\u00f6st\u0259rm\u0259si t\u0259klifini 2018-ci ild\u0259 ir\u0259li s\u00fcr\u00fcb. Bu da d\u00fcnya miqyas\u0131nda dini v\u0259 siyasi liderl\u0259rin beyn\u0259lxalq t\u0259nqidin\u0259 s\u0259b\u0259b olub.<\/p>\n\n\n\n<p>UNESCO T\u00fcrkiy\u0259ni muzeyin statusunu d\u0259yi\u015fdirm\u0259m\u0259y\u0259 \u00e7a\u011f\u0131r\u0131b.<\/p>\n\n\n\n<p>2019-cu ild\u0259 T\u00fcrkiy\u0259 Prezidenti bununla ba\u011fl\u0131 f\u0259rman imzalay\u0131b. 2020-ci ild\u0259n is\u0259 Ayasofya m\u0259scid kimi f\u0259aliyy\u0259t\u0259 ba\u015flay\u0131b.<\/p>\n\n\n\n<p>Ayasofyan\u0131 Bizans imperatoru Konstantin tikdirib, 360-c\u0131 ild\u0259 kils\u0259nin a\u00e7\u0131l\u0131\u015f\u0131n\u0131 edib.<br>Ayasofyaya muzey statusu 1934-c\u00fc ild\u0259 verilib.<\/p>\n\n\n\n<p>1935-ci ild\u0259n is\u0259 muzey kimi f\u0259aliyy\u0259t\u0259 ba\u015flay\u0131b.<\/p>\n\n\n\n<p>Ayasofya T\u00fcrkiy\u0259nin \u0259n \u00e7ox ziyar\u0259t edil\u0259n tarixi abid\u0259l\u0259rind\u0259ndir.<\/p>\n","protected":false},"excerpt":{"rendered":"<p>Nazir deyir ki, yeni qaydaya ke\u00e7idin m\u0259qs\u0259di ziyar\u0259tl\u0259rin intensivliyini minimuma &#8230; <\/p>\n<p class=\"read-more-container\"><a title=\"Ayasofyan\u0131 ziyar\u0259t xarici v\u0259t\u0259nda\u015flar \u00fc\u00e7\u00fcn \u00f6d\u0259ni\u015fli olacaq\" class=\"read-more button\" href=\"https:\/\/www.meydan.tv\/az\/article\/ayasofyani-ziyaret-xarici-vetendaslar-ucun-odenisli-olacaq\/#more-289348\" aria-label=\"Read more about Ayasofyan\u0131 ziyar\u0259t xarici v\u0259t\u0259nda\u015flar \u00fc\u00e7\u00fcn \u00f6d\u0259ni\u015fli olacaq\">Davam\u0131<\/a><\/p>\n","protected":false},"author":8,"featured_media":289350,"comment_status":"closed","ping_status":"closed","sticky":false,"template":"","format":"standard","meta":{"_acf_changed":false,"_sitemap_exclude":false,"_sitemap_priority":"","_sitemap_frequency":"","footnotes":""},"categories":[52,56],"tags":[],"class_list":["post-289348","post","type-post","status-publish","format-standard","has-post-thumbnail","hentry","category-medeniyyet","category-xeberler","infinite-scroll-item","generate-columns","tablet-grid-50","mobile-grid-100","grid-parent","grid-33","no-featured-image-padding"],"acf":[],"yoast_head":"<!-- This site is optimized with the Yoast SEO plugin v27.4 - https:\/\/yoast.com\/product\/yoast-seo-wordpress\/ -->\n<title>Ayasofyan\u0131 ziyar\u0259t xarici v\u0259t\u0259nda\u015flar \u00fc\u00e7\u00fcn \u00f6d\u0259ni\u015fli olacaq - MEYDAN.TV<\/title>\n<meta name=\"robots\" content=\"index, follow, max-snippet:-1, max-image-preview:large, max-video-preview:-1\" \/>\n<link rel=\"canonical\" href=\"https:\/\/www.meydan.tv\/az\/article\/ayasofyani-ziyaret-xarici-vetendaslar-ucun-odenisli-olacaq\/\" \/>\n<meta property=\"og:locale\" content=\"az_AZ\" \/>\n<meta property=\"og:type\" content=\"article\" \/>\n<meta property=\"og:title\" content=\"Ayasofyan\u0131 ziyar\u0259t xarici v\u0259t\u0259nda\u015flar \u00fc\u00e7\u00fcn \u00f6d\u0259ni\u015fli olacaq - MEYDAN.TV\" \/>\n<meta property=\"og:description\" content=\"Nazir deyir ki, yeni qaydaya ke\u00e7idin m\u0259qs\u0259di ziyar\u0259tl\u0259rin intensivliyini minimuma ... Davam\u0131\" \/>\n<meta property=\"og:url\" content=\"https:\/\/www.meydan.tv\/az\/article\/ayasofyani-ziyaret-xarici-vetendaslar-ucun-odenisli-olacaq\/\" \/>\n<meta property=\"og:site_name\" content=\"MEYDAN.TV\" \/>\n<meta property=\"article:published_time\" content=\"2023-10-31T11:17:29+00:00\" \/>\n<meta property=\"article:modified_time\" content=\"2023-10-31T12:12:28+00:00\" \/>\n<meta property=\"og:image\" content=\"https:\/\/www.meydan.tv\/wp-content\/uploads\/untitled-1500-x-1000-px-3-3.jpg\" \/>\n\t<meta property=\"og:image:width\" content=\"1500\" \/>\n\t<meta property=\"og:image:height\" content=\"1000\" \/>\n\t<meta property=\"og:image:type\" content=\"image\/jpeg\" \/>\n<meta name=\"author\" content=\"elli\" \/>\n<meta name=\"twitter:card\" content=\"summary_large_image\" \/>\n<meta name=\"twitter:creator\" content=\"@elli\" \/>\n<script type=\"application\/ld+json\" class=\"yoast-schema-graph\">{\"@context\":\"https:\\\/\\\/schema.org\",\"@graph\":[{\"@type\":\"Article\",\"@id\":\"https:\\\/\\\/www.meydan.tv\\\/az\\\/article\\\/ayasofyani-ziyaret-xarici-vetendaslar-ucun-odenisli-olacaq\\\/#article\",\"isPartOf\":{\"@id\":\"https:\\\/\\\/www.meydan.tv\\\/az\\\/article\\\/ayasofyani-ziyaret-xarici-vetendaslar-ucun-odenisli-olacaq\\\/\"},\"author\":{\"name\":\"elli\",\"@id\":\"https:\\\/\\\/www.meydan.tv\\\/az\\\/#\\\/schema\\\/person\\\/9cdbecf90d17180ce1dfbd95b08dcf47\"},\"headline\":\"Ayasofyan\u0131 ziyar\u0259t xarici v\u0259t\u0259nda\u015flar \u00fc\u00e7\u00fcn \u00f6d\u0259ni\u015fli olacaq\",\"datePublished\":\"2023-10-31T11:17:29+00:00\",\"dateModified\":\"2023-10-31T12:12:28+00:00\",\"mainEntityOfPage\":{\"@id\":\"https:\\\/\\\/www.meydan.tv\\\/az\\\/article\\\/ayasofyani-ziyaret-xarici-vetendaslar-ucun-odenisli-olacaq\\\/\"},\"wordCount\":382,\"publisher\":{\"@id\":\"https:\\\/\\\/www.meydan.tv\\\/az\\\/#organization\"},\"image\":{\"@id\":\"https:\\\/\\\/www.meydan.tv\\\/az\\\/article\\\/ayasofyani-ziyaret-xarici-vetendaslar-ucun-odenisli-olacaq\\\/#primaryimage\"},\"thumbnailUrl\":\"https:\\\/\\\/www.meydan.tv\\\/wp-content\\\/uploads\\\/untitled-1500-x-1000-px-3-3.jpg\",\"articleSection\":[\"M\u0259d\u0259niyy\u0259t\",\"X\u0259b\u0259rl\u0259r\"],\"inLanguage\":\"az\"},{\"@type\":\"WebPage\",\"@id\":\"https:\\\/\\\/www.meydan.tv\\\/az\\\/article\\\/ayasofyani-ziyaret-xarici-vetendaslar-ucun-odenisli-olacaq\\\/\",\"url\":\"https:\\\/\\\/www.meydan.tv\\\/az\\\/article\\\/ayasofyani-ziyaret-xarici-vetendaslar-ucun-odenisli-olacaq\\\/\",\"name\":\"Ayasofyan\u0131 ziyar\u0259t xarici v\u0259t\u0259nda\u015flar \u00fc\u00e7\u00fcn \u00f6d\u0259ni\u015fli olacaq - MEYDAN.TV\",\"isPartOf\":{\"@id\":\"https:\\\/\\\/www.meydan.tv\\\/az\\\/#website\"},\"primaryImageOfPage\":{\"@id\":\"https:\\\/\\\/www.meydan.tv\\\/az\\\/article\\\/ayasofyani-ziyaret-xarici-vetendaslar-ucun-odenisli-olacaq\\\/#primaryimage\"},\"image\":{\"@id\":\"https:\\\/\\\/www.meydan.tv\\\/az\\\/article\\\/ayasofyani-ziyaret-xarici-vetendaslar-ucun-odenisli-olacaq\\\/#primaryimage\"},\"thumbnailUrl\":\"https:\\\/\\\/www.meydan.tv\\\/wp-content\\\/uploads\\\/untitled-1500-x-1000-px-3-3.jpg\",\"datePublished\":\"2023-10-31T11:17:29+00:00\",\"dateModified\":\"2023-10-31T12:12:28+00:00\",\"breadcrumb\":{\"@id\":\"https:\\\/\\\/www.meydan.tv\\\/az\\\/article\\\/ayasofyani-ziyaret-xarici-vetendaslar-ucun-odenisli-olacaq\\\/#breadcrumb\"},\"inLanguage\":\"az\",\"potentialAction\":[{\"@type\":\"ReadAction\",\"target\":[\"https:\\\/\\\/www.meydan.tv\\\/az\\\/article\\\/ayasofyani-ziyaret-xarici-vetendaslar-ucun-odenisli-olacaq\\\/\"]}]},{\"@type\":\"ImageObject\",\"inLanguage\":\"az\",\"@id\":\"https:\\\/\\\/www.meydan.tv\\\/az\\\/article\\\/ayasofyani-ziyaret-xarici-vetendaslar-ucun-odenisli-olacaq\\\/#primaryimage\",\"url\":\"https:\\\/\\\/www.meydan.tv\\\/wp-content\\\/uploads\\\/untitled-1500-x-1000-px-3-3.jpg\",\"contentUrl\":\"https:\\\/\\\/www.meydan.tv\\\/wp-content\\\/uploads\\\/untitled-1500-x-1000-px-3-3.jpg\",\"width\":1500,\"height\":1000,\"caption\":\"Ayasofya. Foto: Wiki\"},{\"@type\":\"BreadcrumbList\",\"@id\":\"https:\\\/\\\/www.meydan.tv\\\/az\\\/article\\\/ayasofyani-ziyaret-xarici-vetendaslar-ucun-odenisli-olacaq\\\/#breadcrumb\",\"itemListElement\":[{\"@type\":\"ListItem\",\"position\":1,\"name\":\"Ana s\u0259hif\u0259\",\"item\":\"https:\\\/\\\/www.meydan.tv\\\/az\\\/\"},{\"@type\":\"ListItem\",\"position\":2,\"name\":\"M\u0259d\u0259niyy\u0259t\",\"item\":\"https:\\\/\\\/www.meydan.tv\\\/az\\\/section\\\/medeniyyet\\\/\"},{\"@type\":\"ListItem\",\"position\":3,\"name\":\"Ayasofyan\u0131 ziyar\u0259t xarici v\u0259t\u0259nda\u015flar \u00fc\u00e7\u00fcn \u00f6d\u0259ni\u015fli olacaq\"}]},{\"@type\":\"WebSite\",\"@id\":\"https:\\\/\\\/www.meydan.tv\\\/az\\\/#website\",\"url\":\"https:\\\/\\\/www.meydan.tv\\\/az\\\/\",\"name\":\"MEYDAN.TV\",\"description\":\"Meydan TV Az\u0259rbaycan\u0131n media m\u0259kan\u0131ndak\u0131 alternativ s\u0259sidir\",\"publisher\":{\"@id\":\"https:\\\/\\\/www.meydan.tv\\\/az\\\/#organization\"},\"potentialAction\":[{\"@type\":\"SearchAction\",\"target\":{\"@type\":\"EntryPoint\",\"urlTemplate\":\"https:\\\/\\\/www.meydan.tv\\\/az\\\/?s={search_term_string}\"},\"query-input\":{\"@type\":\"PropertyValueSpecification\",\"valueRequired\":true,\"valueName\":\"search_term_string\"}}],\"inLanguage\":\"az\"},{\"@type\":\"Organization\",\"@id\":\"https:\\\/\\\/www.meydan.tv\\\/az\\\/#organization\",\"name\":\"Meydan TV\",\"url\":\"https:\\\/\\\/www.meydan.tv\\\/az\\\/\",\"logo\":{\"@type\":\"ImageObject\",\"inLanguage\":\"az\",\"@id\":\"https:\\\/\\\/www.meydan.tv\\\/az\\\/#\\\/schema\\\/logo\\\/image\\\/\",\"url\":\"https:\\\/\\\/www.meydan.tv\\\/wp-content\\\/uploads\\\/2021\\\/07\\\/meydan-logo.svg\",\"contentUrl\":\"https:\\\/\\\/www.meydan.tv\\\/wp-content\\\/uploads\\\/2021\\\/07\\\/meydan-logo.svg\",\"width\":195,\"height\":46,\"caption\":\"Meydan TV\"},\"image\":{\"@id\":\"https:\\\/\\\/www.meydan.tv\\\/az\\\/#\\\/schema\\\/logo\\\/image\\\/\"}},{\"@type\":\"Person\",\"@id\":\"https:\\\/\\\/www.meydan.tv\\\/az\\\/#\\\/schema\\\/person\\\/9cdbecf90d17180ce1dfbd95b08dcf47\",\"name\":\"elli\",\"sameAs\":[\"https:\\\/\\\/x.com\\\/elli\"]}]}<\/script>\n<!-- \/ Yoast SEO plugin. -->","yoast_head_json":{"title":"Ayasofyan\u0131 ziyar\u0259t xarici v\u0259t\u0259nda\u015flar \u00fc\u00e7\u00fcn \u00f6d\u0259ni\u015fli olacaq - MEYDAN.TV","robots":{"index":"index","follow":"follow","max-snippet":"max-snippet:-1","max-image-preview":"max-image-preview:large","max-video-preview":"max-video-preview:-1"},"canonical":"https:\/\/www.meydan.tv\/az\/article\/ayasofyani-ziyaret-xarici-vetendaslar-ucun-odenisli-olacaq\/","og_locale":"az_AZ","og_type":"article","og_title":"Ayasofyan\u0131 ziyar\u0259t xarici v\u0259t\u0259nda\u015flar \u00fc\u00e7\u00fcn \u00f6d\u0259ni\u015fli olacaq - MEYDAN.TV","og_description":"Nazir deyir ki, yeni qaydaya ke\u00e7idin m\u0259qs\u0259di ziyar\u0259tl\u0259rin intensivliyini minimuma ... Davam\u0131","og_url":"https:\/\/www.meydan.tv\/az\/article\/ayasofyani-ziyaret-xarici-vetendaslar-ucun-odenisli-olacaq\/","og_site_name":"MEYDAN.TV","article_published_time":"2023-10-31T11:17:29+00:00","article_modified_time":"2023-10-31T12:12:28+00:00","og_image":[{"width":1500,"height":1000,"url":"https:\/\/www.meydan.tv\/wp-content\/uploads\/untitled-1500-x-1000-px-3-3.jpg","type":"image\/jpeg"}],"author":"elli","twitter_card":"summary_large_image","twitter_creator":"@elli","schema":{"@context":"https:\/\/schema.org","@graph":[{"@type":"Article","@id":"https:\/\/www.meydan.tv\/az\/article\/ayasofyani-ziyaret-xarici-vetendaslar-ucun-odenisli-olacaq\/#article","isPartOf":{"@id":"https:\/\/www.meydan.tv\/az\/article\/ayasofyani-ziyaret-xarici-vetendaslar-ucun-odenisli-olacaq\/"},"author":{"name":"elli","@id":"https:\/\/www.meydan.tv\/az\/#\/schema\/person\/9cdbecf90d17180ce1dfbd95b08dcf47"},"headline":"Ayasofyan\u0131 ziyar\u0259t xarici v\u0259t\u0259nda\u015flar \u00fc\u00e7\u00fcn \u00f6d\u0259ni\u015fli olacaq","datePublished":"2023-10-31T11:17:29+00:00","dateModified":"2023-10-31T12:12:28+00:00","mainEntityOfPage":{"@id":"https:\/\/www.meydan.tv\/az\/article\/ayasofyani-ziyaret-xarici-vetendaslar-ucun-odenisli-olacaq\/"},"wordCount":382,"publisher":{"@id":"https:\/\/www.meydan.tv\/az\/#organization"},"image":{"@id":"https:\/\/www.meydan.tv\/az\/article\/ayasofyani-ziyaret-xarici-vetendaslar-ucun-odenisli-olacaq\/#primaryimage"},"thumbnailUrl":"https:\/\/www.meydan.tv\/wp-content\/uploads\/untitled-1500-x-1000-px-3-3.jpg","articleSection":["M\u0259d\u0259niyy\u0259t","X\u0259b\u0259rl\u0259r"],"inLanguage":"az"},{"@type":"WebPage","@id":"https:\/\/www.meydan.tv\/az\/article\/ayasofyani-ziyaret-xarici-vetendaslar-ucun-odenisli-olacaq\/","url":"https:\/\/www.meydan.tv\/az\/article\/ayasofyani-ziyaret-xarici-vetendaslar-ucun-odenisli-olacaq\/","name":"Ayasofyan\u0131 ziyar\u0259t xarici v\u0259t\u0259nda\u015flar \u00fc\u00e7\u00fcn \u00f6d\u0259ni\u015fli olacaq - MEYDAN.TV","isPartOf":{"@id":"https:\/\/www.meydan.tv\/az\/#website"},"primaryImageOfPage":{"@id":"https:\/\/www.meydan.tv\/az\/article\/ayasofyani-ziyaret-xarici-vetendaslar-ucun-odenisli-olacaq\/#primaryimage"},"image":{"@id":"https:\/\/www.meydan.tv\/az\/article\/ayasofyani-ziyaret-xarici-vetendaslar-ucun-odenisli-olacaq\/#primaryimage"},"thumbnailUrl":"https:\/\/www.meydan.tv\/wp-content\/uploads\/untitled-1500-x-1000-px-3-3.jpg","datePublished":"2023-10-31T11:17:29+00:00","dateModified":"2023-10-31T12:12:28+00:00","breadcrumb":{"@id":"https:\/\/www.meydan.tv\/az\/article\/ayasofyani-ziyaret-xarici-vetendaslar-ucun-odenisli-olacaq\/#breadcrumb"},"inLanguage":"az","potentialAction":[{"@type":"ReadAction","target":["https:\/\/www.meydan.tv\/az\/article\/ayasofyani-ziyaret-xarici-vetendaslar-ucun-odenisli-olacaq\/"]}]},{"@type":"ImageObject","inLanguage":"az","@id":"https:\/\/www.meydan.tv\/az\/article\/ayasofyani-ziyaret-xarici-vetendaslar-ucun-odenisli-olacaq\/#primaryimage","url":"https:\/\/www.meydan.tv\/wp-content\/uploads\/untitled-1500-x-1000-px-3-3.jpg","contentUrl":"https:\/\/www.meydan.tv\/wp-content\/uploads\/untitled-1500-x-1000-px-3-3.jpg","width":1500,"height":1000,"caption":"Ayasofya. Foto: Wiki"},{"@type":"BreadcrumbList","@id":"https:\/\/www.meydan.tv\/az\/article\/ayasofyani-ziyaret-xarici-vetendaslar-ucun-odenisli-olacaq\/#breadcrumb","itemListElement":[{"@type":"ListItem","position":1,"name":"Ana s\u0259hif\u0259","item":"https:\/\/www.meydan.tv\/az\/"},{"@type":"ListItem","position":2,"name":"M\u0259d\u0259niyy\u0259t","item":"https:\/\/www.meydan.tv\/az\/section\/medeniyyet\/"},{"@type":"ListItem","position":3,"name":"Ayasofyan\u0131 ziyar\u0259t xarici v\u0259t\u0259nda\u015flar \u00fc\u00e7\u00fcn \u00f6d\u0259ni\u015fli olacaq"}]},{"@type":"WebSite","@id":"https:\/\/www.meydan.tv\/az\/#website","url":"https:\/\/www.meydan.tv\/az\/","name":"MEYDAN.TV","description":"Meydan TV Az\u0259rbaycan\u0131n media m\u0259kan\u0131ndak\u0131 alternativ s\u0259sidir","publisher":{"@id":"https:\/\/www.meydan.tv\/az\/#organization"},"potentialAction":[{"@type":"SearchAction","target":{"@type":"EntryPoint","urlTemplate":"https:\/\/www.meydan.tv\/az\/?s={search_term_string}"},"query-input":{"@type":"PropertyValueSpecification","valueRequired":true,"valueName":"search_term_string"}}],"inLanguage":"az"},{"@type":"Organization","@id":"https:\/\/www.meydan.tv\/az\/#organization","name":"Meydan TV","url":"https:\/\/www.meydan.tv\/az\/","logo":{"@type":"ImageObject","inLanguage":"az","@id":"https:\/\/www.meydan.tv\/az\/#\/schema\/logo\/image\/","url":"https:\/\/www.meydan.tv\/wp-content\/uploads\/2021\/07\/meydan-logo.svg","contentUrl":"https:\/\/www.meydan.tv\/wp-content\/uploads\/2021\/07\/meydan-logo.svg","width":195,"height":46,"caption":"Meydan TV"},"image":{"@id":"https:\/\/www.meydan.tv\/az\/#\/schema\/logo\/image\/"}},{"@type":"Person","@id":"https:\/\/www.meydan.tv\/az\/#\/schema\/person\/9cdbecf90d17180ce1dfbd95b08dcf47","name":"elli","sameAs":["https:\/\/x.com\/elli"]}]}},"_links":{"self":[{"href":"https:\/\/www.meydan.tv\/az\/wp-json\/wp\/v2\/posts\/289348","targetHints":{"allow":["GET"]}}],"collection":[{"href":"https:\/\/www.meydan.tv\/az\/wp-json\/wp\/v2\/posts"}],"about":[{"href":"https:\/\/www.meydan.tv\/az\/wp-json\/wp\/v2\/types\/post"}],"author":[{"embeddable":true,"href":"https:\/\/www.meydan.tv\/az\/wp-json\/wp\/v2\/users\/8"}],"replies":[{"embeddable":true,"href":"https:\/\/www.meydan.tv\/az\/wp-json\/wp\/v2\/comments?post=289348"}],"version-history":[{"count":4,"href":"https:\/\/www.meydan.tv\/az\/wp-json\/wp\/v2\/posts\/289348\/revisions"}],"predecessor-version":[{"id":289381,"href":"https:\/\/www.meydan.tv\/az\/wp-json\/wp\/v2\/posts\/289348\/revisions\/289381"}],"wp:featuredmedia":[{"embeddable":true,"href":"https:\/\/www.meydan.tv\/az\/wp-json\/wp\/v2\/media\/289350"}],"wp:attachment":[{"href":"https:\/\/www.meydan.tv\/az\/wp-json\/wp\/v2\/media?parent=289348"}],"wp:term":[{"taxonomy":"category","embeddable":true,"href":"https:\/\/www.meydan.tv\/az\/wp-json\/wp\/v2\/categories?post=289348"},{"taxonomy":"post_tag","embeddable":true,"href":"https:\/\/www.meydan.tv\/az\/wp-json\/wp\/v2\/tags?post=289348"}],"curies":[{"name":"wp","href":"https:\/\/api.w.org\/{rel}","templated":true}]}}