{"id":289292,"date":"2023-10-30T20:56:06","date_gmt":"2023-10-30T16:56:06","guid":{"rendered":"https:\/\/www.meydan.tv\/?p=289292"},"modified":"2023-10-30T23:47:07","modified_gmt":"2023-10-30T19:47:07","slug":"ehmed-elili-qarabagdan-gedenler-avropa-olkelerinde-qacqin-statusu-almaq-isteyir","status":"publish","type":"post","link":"https:\/\/www.meydan.tv\/az\/article\/ehmed-elili-qarabagdan-gedenler-avropa-olkelerinde-qacqin-statusu-almaq-isteyir\/","title":{"rendered":"\u018fhm\u0259d \u018flili: \u201cQaraba\u011fdan ged\u0259nl\u0259r Avropa \u00f6lk\u0259l\u0259rind\u0259 qa\u00e7q\u0131n statusu almaq ist\u0259yir\u201d"},"content":{"rendered":"\n<figure class=\"wp-block-embed is-type-video is-provider-youtube wp-block-embed-youtube wp-embed-aspect-16-9 wp-has-aspect-ratio\"><div class=\"wp-block-embed__wrapper\">\n<iframe title=\"\u018fhm\u0259d \u018flili: \u201cQaraba\u011fdan ged\u0259nl\u0259r Avropa \u00f6lk\u0259l\u0259rind\u0259 qa\u00e7q\u0131n statusu almaq ist\u0259yir\u201d\" width=\"1200\" height=\"675\" data-src=\"https:\/\/www.youtube.com\/embed\/7vJx0m6NMB4?feature=oembed\" frameborder=\"0\" allow=\"accelerometer; autoplay; clipboard-write; encrypted-media; gyroscope; picture-in-picture; web-share\" allowfullscreen src=\"data:image\/svg+xml;base64,PHN2ZyB3aWR0aD0iMSIgaGVpZ2h0PSIxIiB4bWxucz0iaHR0cDovL3d3dy53My5vcmcvMjAwMC9zdmciPjwvc3ZnPg==\" class=\"lazyload\" data-load-mode=\"1\"><\/iframe>\n<\/div><\/figure>\n\n\n\n<p><em><strong>\u201cQaraba\u011f erm\u0259nil\u0259ri il\u0259 Qaraba\u011f az\u0259rbaycanl\u0131lar\u0131n\u0131n x\u00fcsusi m\u00fcnasib\u0259t sistemi var\u201d<\/strong><\/em><\/p>\n\n\n\n<p><strong>19-20 sentyabr h\u0259rbi \u0259m\u0259liyyat\u0131ndan sonra Qaraba\u011f erm\u0259nil\u0259rinin b\u00f6lg\u0259ni t\u0259rk etm\u0259si, Az\u0259rbaycana reinteqrasiyas\u0131, o c\u00fcml\u0259d\u0259n, Bak\u0131-Yerevan aras\u0131nda s\u00fclh g\u00fcnd\u0259liyi bar\u0259d\u0259 fikirl\u0259r intensiv xarakter ald\u0131.<\/strong><\/p>\n\n\n\n<p><strong>M\u00fcsahibimiz siyasi ara\u015fd\u0131rma\u00e7\u0131 \u018fhm\u0259d \u018flilid\u0259n bu v\u0259 dig\u0259r istiqam\u0259tl\u0259rd\u0259 yaranan suallara cavab alma\u011fa \u00e7al\u0131\u015fd\u0131q.<\/strong><\/p>\n\n\n\n<p><em>&#8211;<strong> \u018fhm\u0259d b\u0259y, niy\u0259 Qarabagda yasayan erm\u0259nil\u0259rin \u0259ks\u0259riyy\u0259ti getdi?<\/strong><\/em><\/p>\n\n\n\n<p>&#8211; Suala cavab verm\u0259k \u00fc\u00e7\u00fcn iki \u00fcmumi istiqam\u0259ti m\u00fc\u0259yy\u0259nl\u0259\u015fdirm\u0259liyik: Birinci, m\u0259qs\u0259dy\u00f6nl\u00fc t\u0259\u015fkil olunmu\u015f add\u0131m, y\u0259ni siyasi agentl\u0259rin v\u0259 ya aktorlar\u0131n t\u0259\u015fkil etm\u0259si m\u00fcmk\u00fcnd\u00fcr. \u0130kinci, t\u0259bii \u015f\u0259kild\u0259 olan proses. Xat\u0131rlay\u0131rs\u0131n\u0131zsa, h\u0259min g\u00fcnl\u0259rd\u0259 Erm\u0259nistan\u0131n Ba\u015f naziri bildirmi\u015fdi ki, Qaraba\u011f erm\u0259nil\u0259rin\u0259 qar\u015f\u0131 h\u0259r hans\u0131 t\u0259cav\u00fcz olmay\u0131b. Bu, BMT T\u015e-da Erm\u0259nistan\u0131n xarici i\u015fl\u0259r naziri Mirzoyan\u0131n b\u0259yanat\u0131 il\u0259 ziddiyy\u0259t t\u0259\u015fkil etdi. Ba\u015f nazir ona g\u00f6r\u0259 h\u0259min b\u0259yanat\u0131 vermi\u015fdi ki, Qaraba\u011f erm\u0259nil\u0259rinin b\u00f6lg\u0259d\u0259n \u00e7\u0131xmas\u0131n\u0131 ist\u0259mirdi. Amma bir qisim insan vard\u0131 ki, \u0259ksin\u0259 d\u00fc\u015f\u00fcn\u00fcr v\u0259 add\u0131m at\u0131rd\u0131, onlar Qaraba\u011f erm\u0259nil\u0259rini Erm\u0259nistana k\u00f6\u00e7\u00fcrtm\u0259kl\u0259 iki m\u0259qs\u0259d\u0259 nail ola bil\u0259c\u0259kl\u0259rini hesab edirdil\u0259r. \u018fvv\u0259la, bununla Az\u0259rbaycan \u00fcz\u0259rind\u0259 imic riski art\u0131r\u0131rd\u0131lar, s\u00f6hb\u0259t etnik t\u0259mizl\u0259m\u0259d\u0259n gedir. Eyni zamanda, Erm\u0259nistan\u0131n daxilind\u0259 Nikol Pa\u015finyan\u0131n hakimiyy\u0259tini devirm\u0259k haz\u0131rl\u0131\u011f\u0131na start verilirdi. Y\u0259ni naraz\u0131 k\u00fctl\u0259 yarad\u0131l\u0131rd\u0131, Yerevanda Pa\u015finyana qar\u015f\u0131 etiraz etm\u0259k ist\u0259y\u0259nl\u0259r az idi, meydanlara laz\u0131m olan q\u0259d\u0259r insan toplaya bilm\u0259dikl\u0259rind\u0259n Qaraba\u011f erm\u0259nil\u0259rind\u0259n istifad\u0259 etm\u0259k m\u0259qs\u0259di g\u00fcd\u00fcl\u00fcrd\u00fc. Bundan ba\u015fqa, erm\u0259nil\u0259rin Qaraba\u011f\u0131 t\u0259rk etm\u0259sinin t\u0259bii s\u0259b\u0259bl\u0259ri d\u0259 var, h\u00f6km\u0259n deyil ki, t\u0259\u015fkil olunsun. T\u0259bii s\u0259b\u0259b o idi ki, erm\u0259nil\u0259r 9 ay qapal\u0131 \u015f\u0259raitd\u0259 qal\u0131blar.<\/p>\n\n\n\n<p><em><strong>&#8211; Y\u0259ni Az\u0259rbaycan onlar\u0131 m\u00fchasir\u0259d\u0259 saxlay\u0131b?<\/strong><\/em><\/p>\n\n\n\n<p>&#8211; R\u0259smi Bak\u0131 \u00f6z\u00fcn\u00fcn s\u0259rh\u0259d burax\u0131l\u0131\u015f m\u0259nt\u0259q\u0259sini qurub, r\u0259smi Yerevan is\u0259 bunu legitiml\u0259\u015fdirm\u0259m\u0259k \u00fc\u00e7\u00fcn Qaraba\u011f erm\u0259nil\u0259rinin bundan istifad\u0259sini m\u0259hdudla\u015fd\u0131r\u0131b. N\u0259tic\u0259d\u0259 bu insanlar uzun m\u00fcdd\u0259t \u0259razini t\u0259rk ed\u0259 bilm\u0259yibl\u0259r. Bu g\u00fcn Bak\u0131 sakinl\u0259rini d\u0259 9 ay t\u0259crid ets\u0259k, insanlara ba\u015fqa yerl\u0259r\u0259 getm\u0259y\u0259 imkan verilm\u0259s\u0259, yollar a\u00e7\u0131lan kimi ax\u0131n g\u00fccl\u0259n\u0259r. Pandemiya d\u00f6vr\u00fcnd\u0259 biz bunun \u015fahidi olduq. H\u0259min d\u00f6vrd\u0259 qlobal s\u0259viyy\u0259d\u0259 insanlar\u0131n k\u0259nara ax\u0131n\u0131 k\u00fctl\u0259vi \u015f\u0259kil ald\u0131. H\u0259m\u00e7inin, ba\u015fqa bir t\u0259bii s\u0259b\u0259b ondan ibar\u0259tdir ki, do\u011frudan da anti-terror \u0259m\u0259liyyatlar\u0131 s\u0131ravi insanlar\u0131 narahat etm\u0259y\u0259 bilm\u0259z. Kimin evind\u0259 z\u0259lz\u0259l\u0259 olursa, evi t\u0259rk edir, biz bunu bir ne\u00e7\u0259 ay \u0259vv\u0259l Bak\u0131da z\u0259lz\u0259l\u0259 olan zaman insanlar\u0131n evl\u0259rini nec\u0259 t\u0259rk etdiyinin \u015fahidi olduq. M\u00fc\u0259yy\u0259n q\u0259d\u0259r sabitlik yaranandan sonra insanlar evl\u0259rin\u0259 qay\u0131td\u0131.<\/p>\n\n\n\n<p><em><strong>&#8211; Sual\u0131ma bir q\u0259d\u0259r cavab ald\u0131m, amma detallara varmaq ist\u0259yir\u0259m. \u00d6z\u00fcn\u00fc buraxm\u0131\u015f separat\u00e7\u0131 qurumun ba\u015f\u00e7\u0131s\u0131 \u015eahramanyan bug\u00fcnl\u0259rd\u0259 dedi ki, \u0259g\u0259r b\u00f6lg\u0259ni t\u0259rk etm\u0259s\u0259ydik, Az\u0259rbaycan ordusu m\u00fclki \u015f\u0259xsl\u0259ri \u00f6ld\u00fcr\u0259c\u0259kdi. Az\u0259rbaycan\u0131n r\u0259smi m\u0259lumat\u0131nda is\u0259 separat\u00e7\u0131lar\u0131n liderl\u0259rinin insanlar\u0131 panik v\u0259ziyy\u0259t\u0259 sal\u0131b b\u00f6lg\u0259ni m\u0259cburi t\u0259rk etdiyi bildirilirdi. Bu m\u0259nada r\u0259smi Bak\u0131n\u0131n a\u00e7\u0131qlamas\u0131n\u0131 t\u0259sdiq etm\u0259k \u00fc\u00e7\u00fcn d\u0259lili varm\u0131?<\/strong><\/em><\/p>\n\n\n\n<p>&#8211; Birinci suala cavab ver\u0259rk\u0259n t\u0259bii prosesi v\u0259 t\u0259\u015fkil olundu\u011funu vur\u011fulad\u0131m. Ancaq \u015eahramanyan\u0131n b\u0259yanat\u0131n\u0131 onun t\u0259zyiq alt\u0131nda s\u0259sl\u0259ndirm\u0259si il\u0259 izah ed\u0259rdim. M\u0259s\u0259l\u0259 ondad\u0131r ki, \u015eahramanyan separat\u00e7\u0131 qurumun burax\u0131lmas\u0131 haqda f\u0259rman imzalay\u0131b.<\/p>\n\n\n\n<p><em><strong>&#8211;&nbsp; Ancaq sonra \u0259ks fikir s\u00f6yl\u0259di\u2026<\/strong><\/em><\/p>\n\n\n\n<p>&#8211; Bu da t\u0259zyiqin n\u0259tic\u0259sidir. Y\u0259ni imza atmasayd\u0131m, bu kimi hadis\u0259l\u0259r ola bil\u0259rdi, \u00f6z\u00fcn\u0259 haqq qazand\u0131rmaq m\u0259qs\u0259di g\u00fcd\u00fcl\u00fcr. Fikir verin, beyn\u0259lxalq ictimaiyy\u0259t Az\u0259rbaycana qar\u015f\u0131 s\u0259rt b\u0259yanat s\u0259sl\u0259ndirs\u0259 d\u0259, etnik t\u0259mizl\u0259m\u0259 ifad\u0259sini dem\u0259di. Haz\u0131rda \u0130srail-H\u018fMAS, F\u0259l\u0259stin m\u00fcnaqi\u015f\u0259si konteksind\u0259 Qaraba\u011fda ba\u015f ver\u0259n hadis\u0259l\u0259ri m\u00fcqayis\u0259 ed\u0259nd\u0259, neytral prosesin ba\u015f verdiyi ortadad\u0131r.<\/p>\n\n\n\n<p><em><strong>&#8211; B\u0259s bundan sonra Az\u0259rbaycan Qaraba\u011fdan ged\u0259n erm\u0259nil\u0259ri nec\u0259 reinteqrasiyaya c\u0259lb ed\u0259c\u0259k?<\/strong><\/em><\/p>\n\n\n\n<p>&#8211; \u018fg\u0259r siyasi baryerl\u0259r olmazsa, reinteqrasiya reald\u0131r. Bir q\u0259d\u0259r \u0259vv\u0259l Beyn\u0259lxaq Q\u0131rm\u0131z\u0131 Xa\u00e7 Komit\u0259sinin videosu yay\u0131ld\u0131, onlar yax\u0131nlar\u0131 Qaraba\u011fda qalan insanlar\u0131n t\u0259kidiyl\u0259 k\u0259ndl\u0259r\u0259 s\u0259f\u0259r etmi\u015fdi. Biz g\u00f6rd\u00fck ki, Erm\u0259nistan h\u00f6kum\u0259ti onlar\u0131n Qaraba\u011fa qay\u0131tmas\u0131na mane\u0259l\u0259r yarad\u0131r. \u0130ndiki \u015f\u0259raitd\u0259 \u00e7ox m\u00fcmk\u00fcnd\u00fcr ki, Az\u0259rbaycana qar\u015f\u0131 informasiya kampaniyas\u0131ndan istifad\u0259 edilsin. Bilirsiniz, Qaraba\u011f erm\u0259nil\u0259rinin b\u00f6lg\u0259ni t\u0259rk etdikl\u0259ri zaman maraql\u0131 bir proses oldu, Az\u0259rbaycan onlar\u0131n \u00f6z ist\u0259kl\u0259ri il\u0259 \u00e7\u0131xd\u0131qlar\u0131n\u0131 s\u0259n\u0259dl\u0259\u015fdirm\u0259k \u00fc\u00e7\u00fcn s\u0259rh\u0259d\u0259 \u00e7oxsayl\u0131 jurnalist kontingenti g\u00f6nd\u0259rmi\u015fdi. Dem\u0259k olar ki, ham\u0131dan soru\u015furdular ki, sizi buradan m\u0259cburiyy\u0259tl\u0259 \u00e7\u0131xard\u0131rlar?<\/p>\n\n\n\n<p><em><strong>&#8211; \u018fsas\u0259n d\u0259 h\u00f6kum\u0259ty\u00f6nl\u00fc median\u0131n \u0259m\u0259kda\u015flar\u0131 idil\u0259r\u2026<\/strong><\/em><\/p>\n\n\n\n<p>&#8211; B\u0259li, amma suallar verilirdi. Hesab edir\u0259m ki, bu prosesin \u00f6z\u00fc Az\u0259rbaycan-Erm\u0259nistan m\u00fcnaqi\u015f\u0259si tarixind\u0259 \u0259n b\u00f6y\u00fck s\u00fclh layih\u0259si idi.<\/p>\n\n\n\n<p><em><strong>&#8211; N\u0259z\u0259r\u0259 al\u0131n ki, sonradan b\u00f6lg\u0259ni t\u0259rk ed\u0259n erm\u0259nil\u0259rin b\u0259zil\u0259ri xarici mediaya \u0259ks m\u00f6vqe ifad\u0259 etdil\u0259r.<\/strong><\/em><\/p>\n\n\n\n<p>&#8211; Ola bil\u0259r. Amma m\u0259n dem\u0259k ist\u0259yir\u0259m ki, bird\u0259n-bir\u0259 Az\u0259rbaycan auditoriyas\u0131 3 g\u00fcn \u0259rzind\u0259 yerli jurnalistl\u0259rin haz\u0131rlad\u0131\u011f\u0131 reportajlarla Qaraba\u011f erm\u0259nil\u0259rini g\u00f6rd\u00fcl\u0259r, b\u0259lli oldu ki, onlar az\u0259rbaycanca dan\u0131\u015fa bilir v\u0259 m\u0259i\u015f\u0259t bax\u0131m\u0131ndan biz\u0259 kifay\u0259t q\u0259d\u0259r yax\u0131nd\u0131rlar. B\u0259li, onlar\u0131n aras\u0131nda Vaqif Xa\u00e7aturyan kimi k\u00fctl\u0259vi q\u0259tl t\u00f6r\u0259tmi\u015f insanlar da var, bunlar asanl\u0131qla s\u0131radan \u00e7\u0131xan m\u0259s\u0259l\u0259 deyil. Bel\u0259 v\u0259ziyy\u0259td\u0259 \u00f6vlad\u0131 \u015f\u0259hid olan anan\u0131n reinteqrasiyaya m\u00fcnasib\u0259ti tamamil\u0259 f\u0259rqli olacaq. Bunlar\u0131 n\u0259z\u0259r\u0259 alaraq bel\u0259 Qaraba\u011f erm\u0259nil\u0259rinin az\u0259rbaycanl\u0131larla uzunm\u00fcdd\u0259tli ya\u015famaq tarix\u00e7\u0259si potensial\u0131 \u00f6z\u00fcn\u00fc he\u00e7 vaxt itirmir.<\/p>\n\n\n\n<p><em><strong>&#8211; O zaman f\u0259rqli rakursdan ba\u015fqa bir sual yaran\u0131r, ged\u0259n erm\u0259nil\u0259r n\u0259 \u00fcc\u00fcn geri qay\u0131tmal\u0131d\u0131rlar?<\/strong><\/em><\/p>\n\n\n\n<p>&#8211; Burda f\u0259rqli m\u0259qamlar ola bil\u0259r. Fikir verdinizs\u0259, Qaraba\u011f erm\u0259nil\u0259ri \u0259razini t\u0259rk ed\u0259rk\u0259n \u00e7oxu Rusiyaya getm\u0259k ist\u0259diyini gizl\u0259tm\u0259di.<\/p>\n\n\n\n<p><em><strong>&#8211; Son m\u0259lumata g\u00f6r\u0259 10 min\u0259 yax\u0131n insan Rusiyaya gedib.<\/strong><\/em><\/p>\n\n\n\n<p>&#8211; B\u0259li. Amma \u0259min edir\u0259m ki, kifay\u0259t q\u0259d\u0259r insan Erm\u0259nistanda qal\u0131b, s\u0259n\u0259dl\u0259rini Avropa \u00f6lk\u0259l\u0259rin\u0259 t\u0259qdim edib qa\u00e7q\u0131n statusu almaq ist\u0259yir. Maraql\u0131 m\u0259qam odur ki, Avropa \u00f6lk\u0259l\u0259ri Qaraba\u011fda ba\u015f ver\u0259nl\u0259ri blokada adland\u0131r\u0131b v\u0259 Q\u0259rb medias\u0131 da bunlar\u0131 yaz\u0131b. Bel\u0259likl\u0259, Qaraba\u011f erm\u0259nil\u0259ri bu isti m\u00fcnasib\u0259ti g\u00f6rd\u00fckd\u0259n sonra Avropa \u00f6lk\u0259l\u0259rind\u0259n onlar\u0131 buraxma\u011f\u0131 t\u0259l\u0259b edirl\u0259r. Avropa Komissiyas\u0131n\u0131n r\u0259smi Bak\u0131dan onlar\u0131 Qaraba\u011fa qay\u0131tmaq t\u0259l\u0259bi il\u0259 ba\u011fl\u0131 b\u0259yanat\u0131ndan sonra Q\u0259rb \u00f6lk\u0259l\u0259rinin ciddi t\u0259zyiq alt\u0131nda oldu\u011fu g\u00f6r\u00fcn\u00fcr. Y\u0259ni Qaraba\u011f erm\u0259nil\u0259ri Avropa \u00f6lk\u0259l\u0259rin\u0259 getm\u0259k ist\u0259yir, bu istiqam\u0259td\u0259 d\u0259 onlar \u00f6zl\u0259rin\u0259 m\u00fc\u0259yy\u0259n qa\u00e7q\u0131n statusu t\u0259l\u0259b edirl\u0259r. Texniki olaraq bunu verm\u0259k m\u00fcmk\u00fcn deyil. \u00c7\u00fcnki onlar Erm\u0259nistan \u0259razisind\u0259dirl\u0259r v\u0259 bu \u00f6lk\u0259nin pasportunu da\u015f\u0131y\u0131rlar. Y\u0259ni onlara qa\u00e7q\u0131n statusu \u00e7ox \u00e7\u0259tin veril\u0259 bil\u0259r. Sad\u0259c\u0259, xarici mediada onlar\u0131n qay\u011f\u0131lar\u0131 haqda \u00e7ox yaz\u0131l\u0131b. Buna g\u00f6r\u0259 hesab edirl\u0259r ki, qa\u00e7q\u0131n statusunu al\u0131b asan \u015f\u0259kild\u0259 Avropaya ged\u0259 bil\u0259c\u0259kl\u0259r. N\u0259z\u0259r\u0259 al\u0131n ki, haz\u0131rda Avropada \u00e7ox ciddi miqrant b\u00f6hran\u0131 oldu\u011fundan \u0259lav\u0259 y\u00fck he\u00e7 c\u00fcr laz\u0131m deyil. \u0130ndi sual yaran\u0131r, onlar n\u0259 zaman geri qay\u0131da bil\u0259c\u0259kl\u0259r. M\u00fcmk\u00fcnd\u00fcr ki, bu insanlar opportunist hissl\u0259rl\u0259 \u00e7\u0131x\u0131\u015f ed\u0259r\u0259k b\u00f6lg\u0259ni t\u0259rk edib, amma g\u00f6r\u0259nd\u0259 ki, bir \u015fey al\u0131nm\u0131r, bu m\u0259nada onlar\u0131n geri qay\u0131tmaq \u015fans\u0131 h\u0259dd\u0259n art\u0131q \u00e7oxdur. Separat\u00e7\u0131lar\u0131n \u00f6z\u00fcn\u00fc buraxmaq haqda s\u0259n\u0259dind\u0259 maraql\u0131 bir tarix vard\u0131, 1 yanvar, 2024-c\u00fc il. Bu, onu g\u00f6st\u0259rir ki, t\u0259r\u0259fl\u0259r m\u00fc\u0259yy\u0259n m\u0259s\u0259l\u0259l\u0259rin a\u00e7\u0131q qalmas\u0131nda maraql\u0131d\u0131r. Bir q\u0259d\u0259r \u0259vv\u0259l dedim, onlarla az\u0259rbaycanl\u0131lar m\u0259i\u015f\u0259t bax\u0131m\u0131ndan yax\u0131nd\u0131rlar, \u00e7ox m\u00fcmk\u00fcnd\u00fcr ki, bayram \u0259r\u0259f\u0259sind\u0259, dekabr\u0131n sonlar\u0131nda evl\u0259rini, yax\u0131nlar\u0131n\u0131n m\u0259zarlar\u0131n\u0131 ziyar\u0259t etm\u0259k \u00fc\u00e7\u00fcn geri ax\u0131n ba\u015flas\u0131n, az sayda da olsa.<\/p>\n\n\n\n<p><em><strong>&#8211; Siz n\u00f6vb\u0259ti sual\u0131m \u00fc\u00e7\u00fcn istiqam\u0259t verdiniz, g\u0259l\u0259c\u0259kd\u0259 Az\u0259rbaycan v\u0259t\u0259nda\u015flar\u0131n\u0131n Qaraba\u011fda qalan erm\u0259nil\u0259rl\u0259 birlikd\u0259 ya\u015famaq \u015fans\u0131 varm\u0131?<\/strong><\/em><\/p>\n\n\n\n<p>&#8211; Bu, Qaraba\u011f erm\u0259nil\u0259ri il\u0259 Qaraba\u011f az\u0259rbaycanl\u0131lar\u0131ndan as\u0131l\u0131d\u0131r v\u0259 sual onlara \u00fcnvanlanmal\u0131d\u0131r. \u0130nan\u0131ram ki, onlar\u0131n x\u00fcsusi m\u00fcnasib\u0259t sistemi var. H\u0259m\u00e7inin, n\u0259z\u0259r\u0259 al\u0131n ki, Qaraba\u011f erm\u0259nil\u0259ri il\u0259 Yerevan erm\u0259nil\u0259ri aras\u0131nda etnik v\u0259 m\u0259d\u0259ni z\u0259mind\u0259 m\u00fcbahis\u0259l\u0259r var. Erm\u0259nistan erm\u0259nil\u0259ri Qaraba\u011f erm\u0259nil\u0259rini d\u00f6nm\u0259 adland\u0131r\u0131rsa, ikincil\u0259r d\u0259 birincil\u0259ri k\u0259nardan g\u0259lm\u0259 say\u0131rlar, y\u0259ni onlar aras\u0131nda m\u0259d\u0259ni m\u00fcbahis\u0259l\u0259r kifay\u0259t q\u0259d\u0259r geni\u015fdir. H\u0259tta Qaraba\u011f erm\u0259nil\u0259rinin Yerevan k\u00fc\u00e7\u0259l\u0259rind\u0259 etirazlar\u0131n\u0131 yerli erm\u0259nil\u0259r raz\u0131l\u0131qla qar\u015f\u0131lam\u0131rlar. Ona g\u00f6r\u0259 d\u0259 Qaraba\u011f erm\u0259nl\u0259rinin x\u00fcsusi etno-psixoloji durumu \u00f6z\u00fcn\u00fc g\u0259l\u0259c\u0259kd\u0259 kifay\u0259t q\u0259d\u0259r g\u00f6st\u0259r\u0259c\u0259k. Amma bir daha deyir\u0259m, onlar\u0131n birg\u0259 ya\u015famas\u0131 v\u0259 bir-birl\u0259rini ba\u011f\u0131\u015flamas\u0131n\u0131 \u00f6zl\u0259ri m\u00fc\u0259yy\u0259n etm\u0259lidir.<\/p>\n\n\n\n<p><em><strong>&#8211; \u018fhm\u0259d b\u0259y, Erm\u0259nistan h\u00f6kum\u0259ti Qaraba\u011f\u0131 100 mind\u0259n \u00e7ox insan\u0131n t\u0259rk etdiyini bildirdi. Amma 2020-ci il sava\u015f\u0131ndan sonra Rusiya s\u00fclhm\u0259raml\u0131lar\u0131 kontingenti 54 min adam\u0131n b\u00f6lg\u0259y\u0259 qay\u0131td\u0131\u011f\u0131n\u0131 a\u00e7\u0131qlam\u0131\u015fd\u0131. Az\u0259rbaycan h\u00f6kum\u0259ti bu bar\u0259d\u0259 h\u0259l\u0259 susur. Bu say m\u0259s\u0259l\u0259sind\u0259ki uy\u011funsuzlu\u011fu nec\u0259 \u015f\u0259rh ed\u0259rdiniz?<\/strong><\/em><\/p>\n\n\n\n<p>&#8211; B\u0259lk\u0259 d\u0259 Az\u0259rbaycan h\u00f6kum\u0259ti q\u0131sa m\u00fcdd\u0259td\u0259 sor\u011fu ke\u00e7irib, amma geni\u015f \u015f\u0259kild\u0259 statistikan\u0131n apar\u0131lmas\u0131 \u00fc\u00e7\u00fcn m\u00fctl\u0259q t\u0259mas olmal\u0131yd\u0131. Bilirsiniz, Az\u0259rbaycan \u0259sg\u0259ri d\u00fcn\u0259n d\u00f6y\u00fc\u015fd\u00fcy\u00fc erm\u0259ni \u0259sg\u0259rind\u0259n m\u0259lumat soru\u015fark\u0259n bunun hans\u0131 formada oldu\u011funu m\u00fc\u0259yy\u0259n ed\u0259 bilm\u0259rik. Y\u0259ni burada \u00e7oxlu m\u00fcnaqi\u015f\u0259 \u00e7\u0131xa bil\u0259rdi. Erm\u0259nistanda tez-tez Serebnitsa hadis\u0259l\u0259rini yada sal\u0131rlar, orda d\u00f6y\u00fc\u015f\u00e7\u00fcl\u0259rl\u0259 qad\u0131nlar\u0131 ay\u0131rm\u0131\u015fd\u0131lar v\u0259 n\u0259tic\u0259 d\u00f6y\u00fc\u015f\u00e7\u00fcl\u0259rin q\u0259tliam\u0131na s\u0259b\u0259b olmu\u015fdu. Bu m\u0259nada Az\u0259rbaycan t\u0259r\u0259fi he\u00e7 bir formada b\u0259nz\u0259rlik yaratmaq ist\u0259mirdi. Sad\u0259c\u0259, prosesin m\u00fcmk\u00fcn q\u0259d\u0259r kimd\u0259s\u0259 ba\u015fqa bir assosiasiya yaratmamas\u0131n\u0131, etnik t\u0259mizl\u0259m\u0259 il\u0259 h\u0259r hans\u0131 bir ox\u015farl\u0131q olmamas\u0131n\u0131 ist\u0259yir. Ona g\u00f6r\u0259 proses k\u00fctl\u0259vi formada t\u0259\u015fkil olundu, fikir verdinizs\u0259, h\u0259rb\u00e7il\u0259rin d\u0259 silah\u0131 yer\u0259 qoyub ayr\u0131ca getm\u0259si il\u0259 ba\u011fl\u0131 kadrlar olmad\u0131. Bunlar\u0131 n\u0259z\u0259r\u0259 ald\u0131qda, Az\u0259rbaycan\u0131n statistik m\u0259lumat yaymas\u0131 \u00e7ox \u00e7\u0259tindir, ist\u0259nil\u0259n fiziki t\u0259mas\u0131n yaratd\u0131\u011f\u0131 insidentin n\u0259y\u0259 g\u0259tirib \u00e7\u0131xarmas\u0131n\u0131 \u0259vv\u0259lc\u0259d\u0259n dem\u0259k \u00e7\u0259tindir. Fikir verdinizs\u0259, orada iki vacib add\u0131m at\u0131ld\u0131. Birinci, ordu yox, polis daxil oldu, ikinci, Prezidentin k\u00f6m\u0259k\u00e7isi a\u00e7\u0131qlad\u0131 ki, Xank\u0259ndid\u0259 bayraq bir q\u0259d\u0259r yubad\u0131lmaqla qald\u0131r\u0131ld\u0131. Bu h\u0259ssas m\u0259qamlar\u0131 n\u0259z\u0259r\u0259 alaraq, Az\u0259rbaycan t\u0259r\u0259finin \u00f6z\u00fcn\u00fc orada aparmas\u0131, bir s\u0131ra statistik materiallar\u0131n toplanmas\u0131n\u0131 bir q\u0259d\u0259r m\u00fcmk\u00fcns\u00fcz edir. Amma Erm\u0259nistan t\u0259r\u0259finin bir haz\u0131rl\u0131\u011f\u0131n\u0131 qeyd edim, m\u0259n h\u0259min vaxt xarici \u00f6lk\u0259l\u0259rin birind\u0259 konfransdayd\u0131m, orda bel\u0259 bir a\u00e7\u0131qlama yay\u0131ld\u0131 ki, guya r\u0259smi Bak\u0131 18-60 ya\u015fl\u0131 ki\u015fil\u0259ri Qaraba\u011fdan buraxmaq niyy\u0259tind\u0259 deyil. Halbuki, bel\u0259 m\u0259lumat yox idi. Amma b\u0259lliydi ki, Serebnitsayla m\u00fc\u0259yy\u0259n ox\u015farl\u0131q yaratma\u011fa c\u0259hd var.<\/p>\n\n\n\n<p><em><strong>&#8211; M\u0259n etnik t\u0259mizl\u0259m\u0259 il\u0259 ba\u011fl\u0131 b\u0259yanatlara g\u0259lm\u0259k ist\u0259yir\u0259m. \u018fvv\u0259la, Erm\u0259nistan\u0131n Ba\u015f naziri 19 sentyabrdan sonra erm\u0259nil\u0259rin Qaraba\u011f\u0131 t\u0259rk etm\u0259sini etnik t\u0259mizl\u0259m\u0259 saymasa da, Avropa Parlamentind\u0259 \u00e7\u0131x\u0131\u015f\u0131nda bu ifad\u0259ni i\u015fl\u0259tdi. BMT v\u0259 AB\u015e r\u0259smil\u0259ri d\u0259 prosesi etnik t\u0259mizl\u0259m\u0259 hesab etm\u0259dil\u0259r. Ancaq Avropa Parlamenti, o c\u00fcml\u0259d\u0259n, Avstriya, Bel\u00e7ika, Niderland, \u00c7exiya v\u0259 b\u0259zi \u00f6lk\u0259l\u0259rin parlamentl\u0259ri bu bar\u0259d\u0259 q\u0259tnam\u0259 q\u0259bul etdil\u0259r. Bel\u0259 t\u0259zadl\u0131 m\u0259nz\u0259r\u0259ni nec\u0259 izah ed\u0259rdiniz?<\/strong><\/em><\/p>\n\n\n\n<p>&#8211; B\u0259li, Ba\u015f nazir Pa\u015finyan birinci g\u00fcnd\u0259n dedi ki, erm\u0259nil\u0259r Qaraba\u011fda qalmal\u0131d\u0131rlar, \u00e7\u00fcnki onlar\u0131n Erm\u0259nistana g\u0259lm\u0259si v\u0259 h\u00f6kum\u0259ti devirm\u0259k \u00fc\u00e7\u00fcn istifad\u0259si bar\u0259d\u0259 suallar a\u00e7\u0131q idi. Ona g\u00f6r\u0259 d\u0259 Pa\u015finyan h\u0259r v\u0259chl\u0259 \u00e7al\u0131\u015f\u0131rd\u0131 ki, etnik t\u0259mizl\u0259m\u0259nin olmad\u0131\u011f\u0131n\u0131, m\u00fclki insanlara t\u0259zyiq g\u00f6st\u0259rilm\u0259diyini s\u00f6yl\u0259sin. Bu m\u0259nada Pa\u015finyanla Mirzoyan aras\u0131nda ciddi fikir ayr\u0131l\u0131\u011f\u0131 yarand\u0131, ikinci BMT T\u015e-dak\u0131 \u00e7\u0131x\u0131\u015f\u0131nda etnik t\u0259mizl\u0259m\u0259d\u0259n dan\u0131\u015fd\u0131. Cavab olaraq Az\u0259rbaycan xarici i\u015fl\u0259r naziri Ceyhun Bayramov is\u0259 Pa\u015finyandan sitat g\u0259tirdi v\u0259 bu, BMT il\u0259 ba\u011fl\u0131 \u00e7ox unikal hadis\u0259ydi. Y\u0259ni ham\u0131da Erm\u0259nistan daxilind\u0259 m\u0259s\u0259l\u0259y\u0259 yana\u015fmada m\u00fc\u0259yy\u0259n uy\u011funsuzluq var. Q\u0259rb \u00f6lk\u0259l\u0259rinin q\u0259tnam\u0259l\u0259rin\u0259 g\u0259l\u0259k, orada icra strukturlar\u0131 yox, parlamentl\u0259r bu haqda dan\u0131\u015fd\u0131. \u00c7\u00fcnki parlamentl\u0259r daha \u00e7ox xalqa yax\u0131n, birba\u015fa ictimai t\u0259sir alt\u0131nda olurlar. Ona g\u00f6r\u0259 ayr\u0131-ayr\u0131 \u00f6lk\u0259l\u0259rd\u0259 Erm\u0259nistan demokratik t\u0259zyiq imkan\u0131 yarada bilir, parlamentd\u0259 d\u0259 bunu s\u0259sl\u0259ndirirl\u0259r. Amma parlamentl\u0259rin h\u0259r hans\u0131 icra funksiyas\u0131 yoxdur. Onlar\u0131n bu istiqam\u0259td\u0259 fikir bildirm\u0259si s\u0259rb\u0259stdir, y\u0259ni erm\u0259ni lobbisinin kifay\u0259t q\u0259d\u0259r ictimaiyy\u0259t\u0259 t\u0259sir imkanlar\u0131 burda rol oynay\u0131r. Fikir verdinizs\u0259, Q\u0259rb \u00f6lk\u0259l\u0259rinin he\u00e7 bir icra strukturu bu bar\u0259d\u0259 dan\u0131\u015fmad\u0131. \u0130cra strukturlar\u0131n\u0131n etnik t\u0259mizl\u0259m\u0259d\u0259n dan\u0131\u015fmas\u0131 m\u00fc\u0259yy\u0259n bir y\u00fck yaradar ki, \u0259g\u0259r bel\u0259 bir \u015fey olubsa, avtomatik olaraq bu insanlara m\u00fc\u0259yy\u0259n status verilm\u0259lidir, yaxud bu bar\u0259d\u0259 \u00f6hd\u0259lik g\u00f6t\u00fcrm\u0259lidirl\u0259r. Ona g\u00f6r\u0259 d\u0259 icra strukturlar\u0131 h\u0259m dediyim amil\u0259 g\u00f6r\u0259, h\u0259m d\u0259 Az\u0259rbaycanla m\u00fcnasib\u0259tl\u0259ri bax\u0131m\u0131ndan o fikri s\u0259sl\u0259ndirm\u0259kd\u0259 kifay\u0259t q\u0259d\u0259r ehtiyat edirl\u0259r.<\/p>\n\n\n\n<p><em><strong>&#8211; Ancaq Niderland v\u0259 Almaniyan\u0131n xarici i\u015fl\u0259r nazirl\u0259ri etnik t\u0259mizl\u0259m\u0259d\u0259n dan\u0131\u015fm\u0131\u015fd\u0131lar\u2026<\/strong><\/em><\/p>\n\n\n\n<p>&#8211; Bu, indiki \u015f\u0259raitd\u0259 spesifik keysdir. Bak\u0131-Berlin m\u00fcnasib\u0259tl\u0259ri kifay\u0259t q\u0259d\u0259r rasional bazisi olan m\u00fcnasib\u0259tl\u0259rdir. Az\u0259rbaycan t\u0259r\u0259fd\u0259n d\u0259 prosesl\u0259rd\u0259 Almaniyan\u0131n rolunun artmas\u0131 \u00e7ox arzu edildi. Son 4-5 ayda bu, bir ne\u00e7\u0259 s\u0259b\u0259b\u0259 g\u00f6r\u0259 k\u0259skin d\u0259yi\u015fdi, \u0259n vacib s\u0259b\u0259b Almaniyan\u0131n Avropa daxilind\u0259 ciddi t\u0259zyiq alt\u0131nda olmas\u0131d\u0131r. \u00c7\u00fcnki Almaniyan\u0131n Avropa siyas\u0259tind\u0259 \u00f6z\u00fcn\u0259m\u0259xsus rolu olub, y\u0259ni dig\u0259rl\u0259ri emosional b\u0259yanatlar vers\u0259 d\u0259, Berlin rasional, d\u00fc\u015f\u00fcn\u00fclm\u00fc\u015f, uzun m\u00fczakir\u0259d\u0259n sonra b\u0259yanat s\u0259sl\u0259ndirdi. Adi bir misal, son 30 ild\u0259 Rusiyayla ba\u011fl\u0131 b\u00fct\u00fcn Avropa \u00f6lk\u0259l\u0259ri s\u0259rt t\u0259nqid s\u0259sl\u0259ndirs\u0259l\u0259r d\u0259, Berlin \u015fimal \u00f6lk\u0259ni Q\u0259rb bazarlar\u0131na yax\u0131nla\u015fd\u0131rmaq, orda alman \u015firk\u0259tl\u0259rini art\u0131rmaqla Rusiyan\u0131n da\u011f\u0131d\u0131c\u0131 g\u00fcc\u00fcn\u00fc neytralla\u015fd\u0131rmaq m\u0259qs\u0259di g\u00fcd\u00fcrd\u00fc. 2022-ci ilin fevral\u0131nda Rusiya Ukraynaya sava\u015f a\u00e7\u0131r, n\u0259tic\u0259d\u0259 Almaniya v\u0259 Fransan\u0131n \u015fimal \u00f6lk\u0259yl\u0259 ba\u011fl\u0131 t\u0259qdim etdikl\u0259ri vizyon s\u0131radan \u00e7\u0131x\u0131r. Ona g\u00f6r\u0259 d\u0259 hans\u0131sa \u00f6lk\u0259nin emosional m\u00fcnasib\u0259tind\u0259n sonra Berlinin bu istiqam\u0259td\u0259 imkanlar\u0131 m\u0259hduddur, s\u0259b\u0259b d\u0259 Rusiyayla ba\u011fl\u0131 son xat\u0131rlatd\u0131\u011f\u0131m hadis\u0259l\u0259rdir. \u018fmin\u0259m ki, bu, imicl\u0259 ba\u011fl\u0131 m\u0259s\u0259l\u0259dir, bir m\u00fcdd\u0259t sonra Berlin \u0259n\u0259n\u0259vi roluna qay\u0131dacaq.<\/p>\n\n\n\n<p><em><strong>&#8211; Prezident \u0130lham \u018fliyev Br\u00fcssel\u0259 getm\u0259y\u0259c\u0259k, Erm\u0259nistan Ba\u015f naziri is\u0259 s\u00fclh m\u00fcqavil\u0259sini imzalama\u011fa haz\u0131r oldu\u011funu deyir. Bu bax\u0131mdan 2023-c\u00fc ild\u0259 s\u00fclh m\u00fcqavil\u0259si imzalanacaqm\u0131?<\/strong><\/em><\/p>\n\n\n\n<p>&#8211; S\u00fclh m\u00fcqavil\u0259si dey\u0259nd\u0259, n\u0259 n\u0259z\u0259rd\u0259 tutulur, bu, ayr\u0131 m\u0259s\u0259l\u0259dir. H\u0259r iki t\u0259r\u0259f s\u00fclh m\u00fcqavil\u0259sind\u0259n dan\u0131\u015f\u0131r, amma eyni s\u0259n\u0259dimi n\u0259z\u0259rd\u0259 tuturlar, bu, \u00f6z\u00fc \u00e7ox prinsipial suald\u0131r. Az\u0259rbaycan haz\u0131rda \u00f6z\u00fcn\u0259 laz\u0131m olan b\u00fct\u00fcn m\u0259s\u0259l\u0259l\u0259ri icra edib v\u0259 t\u0259l\u0259sm\u0259k niyy\u0259tind\u0259 deyil. \u00c7ox bariz n\u00fcmun\u0259 o oldu ki, r\u0259smi Bak\u0131 son ilyar\u0131mda Z\u0259ng\u0259zur d\u0259hlizi il\u0259 ba\u011fl\u0131 ard\u0131c\u0131l dan\u0131\u015f\u0131rd\u0131, r\u0259smi Yerevan is\u0259 \u0259leyhin\u0259 \u00e7\u0131x\u0131rd\u0131.<\/p>\n\n\n\n<p><em><strong>&#8211; \u00d6t\u0259n h\u0259ft\u0259 is\u0259 Prezidentin k\u00f6m\u0259k\u00e7isi Hikm\u0259t Hac\u0131yev bu m\u0259s\u0259l\u0259nin Az\u0259rbaycan \u00fc\u00e7\u00fcn c\u0259lbedildici olmad\u0131\u011f\u0131n\u0131 bildirib\u2026<\/strong><\/em><\/p>\n\n\n\n<p>&#8211; B\u0259li, ard\u0131nca n\u0259 ba\u015f verdi, Erm\u0259nistan\u0131n Ba\u015f naziri Tbilisiy\u0259 gedib dedi ki, d\u0259hlizl\u0259r s\u00fclh d\u0259hlizi ola bil\u0259r. H\u0259min t\u0259dbird\u0259 d\u0259 \u0259sas oyun\u00e7ular &#8211; G\u00fcrc\u00fcstan, Qazax\u0131stan v\u0259 Az\u0259rbaycan i\u015ftirak edirdi, Erm\u0259nistana aidiyyat\u0131 olmayan bir t\u0259dbir idi. \u00c7ox rasional izah\u0131 olmayan m\u0259s\u0259l\u0259dir ki, Az\u0259rbaycan bir ne\u00e7\u0259 il \u0259vv\u0259l d\u0259hlizd\u0259n dan\u0131\u015fanda, Erm\u0259nistan \u0259leyhin\u0259 \u00e7\u0131x\u0131rd\u0131sa, indi \u0259ks m\u0259nz\u0259r\u0259 yaran\u0131b. \u00c7\u00fcnki \u0130ranla ba\u011fl\u0131 prosesl\u0259r g\u00f6st\u0259rir ki, Erm\u0259nistan Qaraba\u011f\u0131 uduzub, \u0259v\u0259zind\u0259 iqtisadi t\u0259cridd\u0259n \u00e7\u0131xa bil\u0259rdi, amma \u00e7\u0131xa bilmir. Bel\u0259 olan halda s\u00fclh m\u00fcqavil\u0259si il\u0259 ba\u011fl\u0131 r\u0259smi Bak\u0131 son 2 ild\u0259 bir s\u0131ra siyasi prosesl\u0259r s\u00fcr\u0259tl\u0259 yekunla\u015fd\u0131rmaq ist\u0259yirdi v\u0259 ard\u0131c\u0131l olaraq s\u00fclh m\u00fcqavil\u0259sini g\u00fcnd\u0259liy\u0259 g\u0259tirirdi. \u0130ndi bunlar h\u0259ll olunub, nec\u0259 ki, n\u0259qliyyat d\u0259hlizi m\u0259s\u0259l\u0259sind\u0259 Az\u0259rbaycan \u201cc\u0259lbediciliyini itirib\u201d deyirs\u0259, s\u00fclh m\u00fcqavil\u0259si m\u0259s\u0259l\u0259sind\u0259 d\u0259 ox\u015far yana\u015fma s\u0259rgil\u0259yir. Son aylarda ard\u0131c\u0131l 2 d\u0259f\u0259 g\u00f6r\u00fc\u015f olub, Avropa \u0130ttifaq\u0131n\u0131n C\u0259nubi Qafqaz \u00fczr\u0259 n\u00fcmay\u0259nd\u0259si Klaar\u0131n s\u00f6z\u00fcnd\u0259n bel\u0259 \u00e7\u0131xd\u0131 ki, r\u0259smi Bak\u0131n\u0131n vaxt\u0131 yoxdur. Amma real s\u0259b\u0259b ondan ibar\u0259tdir ki, Prezident \u018fliyev \u015earl Mi\u015felin z\u0259ngi zaman\u0131 Qaraba\u011f erm\u0259nil\u0259rinin uzunm\u00fcdd\u0259tli perspektivd\u0259 h\u00fcquqlar\u0131 v\u0259 t\u0259hl\u00fck\u0259sizlikl\u0259rini qald\u0131rd\u0131, b\u0259lli oldu ki, Nikol Pa\u015finyanla ke\u00e7iril\u0259c\u0259k g\u00f6r\u00fc\u015fd\u0259 bu m\u0259s\u0259l\u0259 m\u00fczakir\u0259 olunacaq. R\u0259smi Bak\u0131 19-20 sentyabr anti-terror \u0259m\u0259liyyat\u0131ndan \u0259vv\u0259l bu m\u0259s\u0259l\u0259ni m\u00fczakir\u0259y\u0259 yax\u0131n qoymurdusa, ondan sonra is\u0259 \u00fcmumiyy\u0259tl\u0259, q\u0259buledilm\u0259z idi.<\/p>\n\n\n\n<p><em><strong>&#8211;&nbsp; Dem\u0259li, \u00f6lk\u0259 ba\u015f\u00e7\u0131s\u0131 ona g\u00f6r\u0259 Br\u00fcssel\u0259 getmir\u2026?<\/strong><\/em><\/p>\n\n\n\n<p>&#8211; M\u0259nim q\u0259na\u0259tim bel\u0259dir.<\/p>\n\n\n\n<p><em><strong>&#8211; Sizin dediyiniz tezis h\u00f6kum\u0259t\u0259 yax\u0131n mediada da yay\u0131lm\u0131\u015fd\u0131.<\/strong><\/em><\/p>\n\n\n\n<p>&#8211; M\u0259n tan\u0131\u015f deyil\u0259m. Haz\u0131rk\u0131 durumda Az\u0259rbaycan \u00fc\u00e7\u00fcn bu yana\u015fma q\u0259bul olunan deyil. R\u0259smi Bak\u0131 \u00fc\u00e7\u00fcn iki m\u0259s\u0259l\u0259 var: Erm\u0259nistanla dan\u0131\u015f\u0131qlar\u0131 ayr\u0131 g\u00f6r\u00fcr, Qaraba\u011f erm\u0259nil\u0259rinin h\u00fcquqlar\u0131 v\u0259 t\u0259hl\u00fck\u0259sizlikl\u0259ri is\u0259 daxili m\u0259s\u0259l\u0259dir. Az\u0259rbaycan\u0131n imzalad\u0131\u011f\u0131 konvensiyalar var ki, beyn\u0259lxalq \u00f6hd\u0259lik bax\u0131m\u0131ndan onlar \u0259sas\u0131nda yerin\u0259 yetir\u0259c\u0259k. Amma bunu h\u0259r hans\u0131 formada m\u00fczakir\u0259 etm\u0259k niyy\u0259tind\u0259 deyil. Ona g\u00f6r\u0259 d\u0259 indiki \u015f\u0259raitd\u0259 r\u0259smi Bak\u0131 \u00f6z\u00fcn\u00fc s\u00fclh m\u00fcqavil\u0259sini imzalamaqdan m\u0259saf\u0259 saxlay\u0131r. Erm\u0259nistan is\u0259 \u0259ks yana\u015fma s\u0259rgil\u0259yir. 19-20 sentyabr hadis\u0259l\u0259ri masan\u0131 bir daha d\u0259yi\u015fdi. \u00dcmumiyy\u0259tl\u0259, Qafqaz haqda bel\u0259 bir deyim var: \u201cBurada bir gec\u0259d\u0259 m\u00fcharib\u0259 ola bil\u0259r, n\u00f6vb\u0259ti gec\u0259d\u0259 is\u0259 s\u00fclh\u201d. Y\u0259ni regionumuz masan\u0131n d\u0259yi\u015fm\u0259si bax\u0131m\u0131ndan \u00e7ox unikald\u0131r.<\/p>\n","protected":false},"excerpt":{"rendered":"<p>\u201cQaraba\u011f erm\u0259nil\u0259ri il\u0259 Qaraba\u011f az\u0259rbaycanl\u0131lar\u0131n\u0131n x\u00fcsusi m\u00fcnasib\u0259t sistemi var\u201d 19-20 &#8230; <\/p>\n<p class=\"read-more-container\"><a title=\"\u018fhm\u0259d \u018flili: \u201cQaraba\u011fdan ged\u0259nl\u0259r Avropa \u00f6lk\u0259l\u0259rind\u0259 qa\u00e7q\u0131n statusu almaq ist\u0259yir\u201d\" class=\"read-more button\" href=\"https:\/\/www.meydan.tv\/az\/article\/ehmed-elili-qarabagdan-gedenler-avropa-olkelerinde-qacqin-statusu-almaq-isteyir\/#more-289292\" aria-label=\"Read more about \u018fhm\u0259d \u018flili: \u201cQaraba\u011fdan ged\u0259nl\u0259r Avropa \u00f6lk\u0259l\u0259rind\u0259 qa\u00e7q\u0131n statusu almaq ist\u0259yir\u201d\">Davam\u0131<\/a><\/p>\n","protected":false},"author":12,"featured_media":289293,"comment_status":"closed","ping_status":"closed","sticky":false,"template":"","format":"standard","meta":{"_acf_changed":false,"_sitemap_exclude":false,"_sitemap_priority":"","_sitemap_frequency":"","footnotes":""},"categories":[59,63,56],"tags":[],"class_list":["post-289292","post","type-post","status-publish","format-standard","has-post-thumbnail","hentry","category-siyaset","category-video-2","category-xeberler","infinite-scroll-item","generate-columns","tablet-grid-50","mobile-grid-100","grid-parent","grid-33","no-featured-image-padding"],"acf":[],"yoast_head":"<!-- This site is optimized with the Yoast SEO plugin v27.4 - https:\/\/yoast.com\/product\/yoast-seo-wordpress\/ -->\n<title>\u018fhm\u0259d \u018flili: \u201cQaraba\u011fdan ged\u0259nl\u0259r Avropa \u00f6lk\u0259l\u0259rind\u0259 qa\u00e7q\u0131n statusu almaq ist\u0259yir\u201d - MEYDAN.TV<\/title>\n<meta name=\"robots\" content=\"index, follow, max-snippet:-1, max-image-preview:large, max-video-preview:-1\" \/>\n<link rel=\"canonical\" href=\"https:\/\/www.meydan.tv\/az\/article\/ehmed-elili-qarabagdan-gedenler-avropa-olkelerinde-qacqin-statusu-almaq-isteyir\/\" \/>\n<meta property=\"og:locale\" content=\"az_AZ\" \/>\n<meta property=\"og:type\" content=\"article\" \/>\n<meta property=\"og:title\" content=\"\u018fhm\u0259d \u018flili: \u201cQaraba\u011fdan ged\u0259nl\u0259r Avropa \u00f6lk\u0259l\u0259rind\u0259 qa\u00e7q\u0131n statusu almaq ist\u0259yir\u201d - MEYDAN.TV\" \/>\n<meta property=\"og:description\" content=\"\u201cQaraba\u011f erm\u0259nil\u0259ri il\u0259 Qaraba\u011f az\u0259rbaycanl\u0131lar\u0131n\u0131n x\u00fcsusi m\u00fcnasib\u0259t sistemi var\u201d 19-20 ... Davam\u0131\" \/>\n<meta property=\"og:url\" content=\"https:\/\/www.meydan.tv\/az\/article\/ehmed-elili-qarabagdan-gedenler-avropa-olkelerinde-qacqin-statusu-almaq-isteyir\/\" \/>\n<meta property=\"og:site_name\" content=\"MEYDAN.TV\" \/>\n<meta property=\"article:published_time\" content=\"2023-10-30T16:56:06+00:00\" \/>\n<meta property=\"article:modified_time\" content=\"2023-10-30T19:47:07+00:00\" \/>\n<meta property=\"og:image\" content=\"https:\/\/www.meydan.tv\/wp-content\/uploads\/reportaj-cover-2-8-e1698684912892.png\" \/>\n\t<meta property=\"og:image:width\" content=\"1280\" \/>\n\t<meta property=\"og:image:height\" content=\"467\" \/>\n\t<meta property=\"og:image:type\" content=\"image\/png\" \/>\n<meta name=\"author\" content=\"aleks\" \/>\n<meta name=\"twitter:card\" content=\"summary_large_image\" \/>\n<script type=\"application\/ld+json\" class=\"yoast-schema-graph\">{\"@context\":\"https:\\\/\\\/schema.org\",\"@graph\":[{\"@type\":\"Article\",\"@id\":\"https:\\\/\\\/www.meydan.tv\\\/az\\\/article\\\/ehmed-elili-qarabagdan-gedenler-avropa-olkelerinde-qacqin-statusu-almaq-isteyir\\\/#article\",\"isPartOf\":{\"@id\":\"https:\\\/\\\/www.meydan.tv\\\/az\\\/article\\\/ehmed-elili-qarabagdan-gedenler-avropa-olkelerinde-qacqin-statusu-almaq-isteyir\\\/\"},\"author\":{\"name\":\"aleks\",\"@id\":\"https:\\\/\\\/www.meydan.tv\\\/az\\\/#\\\/schema\\\/person\\\/476e9360e593fa131d5d71d51866f8da\"},\"headline\":\"\u018fhm\u0259d \u018flili: \u201cQaraba\u011fdan ged\u0259nl\u0259r Avropa \u00f6lk\u0259l\u0259rind\u0259 qa\u00e7q\u0131n statusu almaq ist\u0259yir\u201d\",\"datePublished\":\"2023-10-30T16:56:06+00:00\",\"dateModified\":\"2023-10-30T19:47:07+00:00\",\"mainEntityOfPage\":{\"@id\":\"https:\\\/\\\/www.meydan.tv\\\/az\\\/article\\\/ehmed-elili-qarabagdan-gedenler-avropa-olkelerinde-qacqin-statusu-almaq-isteyir\\\/\"},\"wordCount\":3826,\"publisher\":{\"@id\":\"https:\\\/\\\/www.meydan.tv\\\/az\\\/#organization\"},\"image\":{\"@id\":\"https:\\\/\\\/www.meydan.tv\\\/az\\\/article\\\/ehmed-elili-qarabagdan-gedenler-avropa-olkelerinde-qacqin-statusu-almaq-isteyir\\\/#primaryimage\"},\"thumbnailUrl\":\"https:\\\/\\\/www.meydan.tv\\\/wp-content\\\/uploads\\\/reportaj-cover-2-8-e1698684912892.png\",\"articleSection\":[\"Siyas\u0259t\",\"Video\",\"X\u0259b\u0259rl\u0259r\"],\"inLanguage\":\"az\"},{\"@type\":\"WebPage\",\"@id\":\"https:\\\/\\\/www.meydan.tv\\\/az\\\/article\\\/ehmed-elili-qarabagdan-gedenler-avropa-olkelerinde-qacqin-statusu-almaq-isteyir\\\/\",\"url\":\"https:\\\/\\\/www.meydan.tv\\\/az\\\/article\\\/ehmed-elili-qarabagdan-gedenler-avropa-olkelerinde-qacqin-statusu-almaq-isteyir\\\/\",\"name\":\"\u018fhm\u0259d \u018flili: \u201cQaraba\u011fdan ged\u0259nl\u0259r Avropa \u00f6lk\u0259l\u0259rind\u0259 qa\u00e7q\u0131n statusu almaq ist\u0259yir\u201d - MEYDAN.TV\",\"isPartOf\":{\"@id\":\"https:\\\/\\\/www.meydan.tv\\\/az\\\/#website\"},\"primaryImageOfPage\":{\"@id\":\"https:\\\/\\\/www.meydan.tv\\\/az\\\/article\\\/ehmed-elili-qarabagdan-gedenler-avropa-olkelerinde-qacqin-statusu-almaq-isteyir\\\/#primaryimage\"},\"image\":{\"@id\":\"https:\\\/\\\/www.meydan.tv\\\/az\\\/article\\\/ehmed-elili-qarabagdan-gedenler-avropa-olkelerinde-qacqin-statusu-almaq-isteyir\\\/#primaryimage\"},\"thumbnailUrl\":\"https:\\\/\\\/www.meydan.tv\\\/wp-content\\\/uploads\\\/reportaj-cover-2-8-e1698684912892.png\",\"datePublished\":\"2023-10-30T16:56:06+00:00\",\"dateModified\":\"2023-10-30T19:47:07+00:00\",\"breadcrumb\":{\"@id\":\"https:\\\/\\\/www.meydan.tv\\\/az\\\/article\\\/ehmed-elili-qarabagdan-gedenler-avropa-olkelerinde-qacqin-statusu-almaq-isteyir\\\/#breadcrumb\"},\"inLanguage\":\"az\",\"potentialAction\":[{\"@type\":\"ReadAction\",\"target\":[\"https:\\\/\\\/www.meydan.tv\\\/az\\\/article\\\/ehmed-elili-qarabagdan-gedenler-avropa-olkelerinde-qacqin-statusu-almaq-isteyir\\\/\"]}]},{\"@type\":\"ImageObject\",\"inLanguage\":\"az\",\"@id\":\"https:\\\/\\\/www.meydan.tv\\\/az\\\/article\\\/ehmed-elili-qarabagdan-gedenler-avropa-olkelerinde-qacqin-statusu-almaq-isteyir\\\/#primaryimage\",\"url\":\"https:\\\/\\\/www.meydan.tv\\\/wp-content\\\/uploads\\\/reportaj-cover-2-8-e1698684912892.png\",\"contentUrl\":\"https:\\\/\\\/www.meydan.tv\\\/wp-content\\\/uploads\\\/reportaj-cover-2-8-e1698684912892.png\",\"width\":1280,\"height\":467},{\"@type\":\"BreadcrumbList\",\"@id\":\"https:\\\/\\\/www.meydan.tv\\\/az\\\/article\\\/ehmed-elili-qarabagdan-gedenler-avropa-olkelerinde-qacqin-statusu-almaq-isteyir\\\/#breadcrumb\",\"itemListElement\":[{\"@type\":\"ListItem\",\"position\":1,\"name\":\"Ana s\u0259hif\u0259\",\"item\":\"https:\\\/\\\/www.meydan.tv\\\/az\\\/\"},{\"@type\":\"ListItem\",\"position\":2,\"name\":\"Siyas\u0259t\",\"item\":\"https:\\\/\\\/www.meydan.tv\\\/az\\\/section\\\/siyaset\\\/\"},{\"@type\":\"ListItem\",\"position\":3,\"name\":\"\u018fhm\u0259d \u018flili: \u201cQaraba\u011fdan ged\u0259nl\u0259r Avropa \u00f6lk\u0259l\u0259rind\u0259 qa\u00e7q\u0131n statusu almaq ist\u0259yir\u201d\"}]},{\"@type\":\"WebSite\",\"@id\":\"https:\\\/\\\/www.meydan.tv\\\/az\\\/#website\",\"url\":\"https:\\\/\\\/www.meydan.tv\\\/az\\\/\",\"name\":\"MEYDAN.TV\",\"description\":\"Meydan TV Az\u0259rbaycan\u0131n media m\u0259kan\u0131ndak\u0131 alternativ s\u0259sidir\",\"publisher\":{\"@id\":\"https:\\\/\\\/www.meydan.tv\\\/az\\\/#organization\"},\"potentialAction\":[{\"@type\":\"SearchAction\",\"target\":{\"@type\":\"EntryPoint\",\"urlTemplate\":\"https:\\\/\\\/www.meydan.tv\\\/az\\\/?s={search_term_string}\"},\"query-input\":{\"@type\":\"PropertyValueSpecification\",\"valueRequired\":true,\"valueName\":\"search_term_string\"}}],\"inLanguage\":\"az\"},{\"@type\":\"Organization\",\"@id\":\"https:\\\/\\\/www.meydan.tv\\\/az\\\/#organization\",\"name\":\"Meydan TV\",\"url\":\"https:\\\/\\\/www.meydan.tv\\\/az\\\/\",\"logo\":{\"@type\":\"ImageObject\",\"inLanguage\":\"az\",\"@id\":\"https:\\\/\\\/www.meydan.tv\\\/az\\\/#\\\/schema\\\/logo\\\/image\\\/\",\"url\":\"https:\\\/\\\/www.meydan.tv\\\/wp-content\\\/uploads\\\/2021\\\/07\\\/meydan-logo.svg\",\"contentUrl\":\"https:\\\/\\\/www.meydan.tv\\\/wp-content\\\/uploads\\\/2021\\\/07\\\/meydan-logo.svg\",\"width\":195,\"height\":46,\"caption\":\"Meydan TV\"},\"image\":{\"@id\":\"https:\\\/\\\/www.meydan.tv\\\/az\\\/#\\\/schema\\\/logo\\\/image\\\/\"}},{\"@type\":\"Person\",\"@id\":\"https:\\\/\\\/www.meydan.tv\\\/az\\\/#\\\/schema\\\/person\\\/476e9360e593fa131d5d71d51866f8da\",\"name\":\"aleks\"}]}<\/script>\n<!-- \/ Yoast SEO plugin. -->","yoast_head_json":{"title":"\u018fhm\u0259d \u018flili: \u201cQaraba\u011fdan ged\u0259nl\u0259r Avropa \u00f6lk\u0259l\u0259rind\u0259 qa\u00e7q\u0131n statusu almaq ist\u0259yir\u201d - MEYDAN.TV","robots":{"index":"index","follow":"follow","max-snippet":"max-snippet:-1","max-image-preview":"max-image-preview:large","max-video-preview":"max-video-preview:-1"},"canonical":"https:\/\/www.meydan.tv\/az\/article\/ehmed-elili-qarabagdan-gedenler-avropa-olkelerinde-qacqin-statusu-almaq-isteyir\/","og_locale":"az_AZ","og_type":"article","og_title":"\u018fhm\u0259d \u018flili: \u201cQaraba\u011fdan ged\u0259nl\u0259r Avropa \u00f6lk\u0259l\u0259rind\u0259 qa\u00e7q\u0131n statusu almaq ist\u0259yir\u201d - MEYDAN.TV","og_description":"\u201cQaraba\u011f erm\u0259nil\u0259ri il\u0259 Qaraba\u011f az\u0259rbaycanl\u0131lar\u0131n\u0131n x\u00fcsusi m\u00fcnasib\u0259t sistemi var\u201d 19-20 ... Davam\u0131","og_url":"https:\/\/www.meydan.tv\/az\/article\/ehmed-elili-qarabagdan-gedenler-avropa-olkelerinde-qacqin-statusu-almaq-isteyir\/","og_site_name":"MEYDAN.TV","article_published_time":"2023-10-30T16:56:06+00:00","article_modified_time":"2023-10-30T19:47:07+00:00","og_image":[{"width":1280,"height":467,"url":"https:\/\/www.meydan.tv\/wp-content\/uploads\/reportaj-cover-2-8-e1698684912892.png","type":"image\/png"}],"author":"aleks","twitter_card":"summary_large_image","schema":{"@context":"https:\/\/schema.org","@graph":[{"@type":"Article","@id":"https:\/\/www.meydan.tv\/az\/article\/ehmed-elili-qarabagdan-gedenler-avropa-olkelerinde-qacqin-statusu-almaq-isteyir\/#article","isPartOf":{"@id":"https:\/\/www.meydan.tv\/az\/article\/ehmed-elili-qarabagdan-gedenler-avropa-olkelerinde-qacqin-statusu-almaq-isteyir\/"},"author":{"name":"aleks","@id":"https:\/\/www.meydan.tv\/az\/#\/schema\/person\/476e9360e593fa131d5d71d51866f8da"},"headline":"\u018fhm\u0259d \u018flili: \u201cQaraba\u011fdan ged\u0259nl\u0259r Avropa \u00f6lk\u0259l\u0259rind\u0259 qa\u00e7q\u0131n statusu almaq ist\u0259yir\u201d","datePublished":"2023-10-30T16:56:06+00:00","dateModified":"2023-10-30T19:47:07+00:00","mainEntityOfPage":{"@id":"https:\/\/www.meydan.tv\/az\/article\/ehmed-elili-qarabagdan-gedenler-avropa-olkelerinde-qacqin-statusu-almaq-isteyir\/"},"wordCount":3826,"publisher":{"@id":"https:\/\/www.meydan.tv\/az\/#organization"},"image":{"@id":"https:\/\/www.meydan.tv\/az\/article\/ehmed-elili-qarabagdan-gedenler-avropa-olkelerinde-qacqin-statusu-almaq-isteyir\/#primaryimage"},"thumbnailUrl":"https:\/\/www.meydan.tv\/wp-content\/uploads\/reportaj-cover-2-8-e1698684912892.png","articleSection":["Siyas\u0259t","Video","X\u0259b\u0259rl\u0259r"],"inLanguage":"az"},{"@type":"WebPage","@id":"https:\/\/www.meydan.tv\/az\/article\/ehmed-elili-qarabagdan-gedenler-avropa-olkelerinde-qacqin-statusu-almaq-isteyir\/","url":"https:\/\/www.meydan.tv\/az\/article\/ehmed-elili-qarabagdan-gedenler-avropa-olkelerinde-qacqin-statusu-almaq-isteyir\/","name":"\u018fhm\u0259d \u018flili: \u201cQaraba\u011fdan ged\u0259nl\u0259r Avropa \u00f6lk\u0259l\u0259rind\u0259 qa\u00e7q\u0131n statusu almaq ist\u0259yir\u201d - MEYDAN.TV","isPartOf":{"@id":"https:\/\/www.meydan.tv\/az\/#website"},"primaryImageOfPage":{"@id":"https:\/\/www.meydan.tv\/az\/article\/ehmed-elili-qarabagdan-gedenler-avropa-olkelerinde-qacqin-statusu-almaq-isteyir\/#primaryimage"},"image":{"@id":"https:\/\/www.meydan.tv\/az\/article\/ehmed-elili-qarabagdan-gedenler-avropa-olkelerinde-qacqin-statusu-almaq-isteyir\/#primaryimage"},"thumbnailUrl":"https:\/\/www.meydan.tv\/wp-content\/uploads\/reportaj-cover-2-8-e1698684912892.png","datePublished":"2023-10-30T16:56:06+00:00","dateModified":"2023-10-30T19:47:07+00:00","breadcrumb":{"@id":"https:\/\/www.meydan.tv\/az\/article\/ehmed-elili-qarabagdan-gedenler-avropa-olkelerinde-qacqin-statusu-almaq-isteyir\/#breadcrumb"},"inLanguage":"az","potentialAction":[{"@type":"ReadAction","target":["https:\/\/www.meydan.tv\/az\/article\/ehmed-elili-qarabagdan-gedenler-avropa-olkelerinde-qacqin-statusu-almaq-isteyir\/"]}]},{"@type":"ImageObject","inLanguage":"az","@id":"https:\/\/www.meydan.tv\/az\/article\/ehmed-elili-qarabagdan-gedenler-avropa-olkelerinde-qacqin-statusu-almaq-isteyir\/#primaryimage","url":"https:\/\/www.meydan.tv\/wp-content\/uploads\/reportaj-cover-2-8-e1698684912892.png","contentUrl":"https:\/\/www.meydan.tv\/wp-content\/uploads\/reportaj-cover-2-8-e1698684912892.png","width":1280,"height":467},{"@type":"BreadcrumbList","@id":"https:\/\/www.meydan.tv\/az\/article\/ehmed-elili-qarabagdan-gedenler-avropa-olkelerinde-qacqin-statusu-almaq-isteyir\/#breadcrumb","itemListElement":[{"@type":"ListItem","position":1,"name":"Ana s\u0259hif\u0259","item":"https:\/\/www.meydan.tv\/az\/"},{"@type":"ListItem","position":2,"name":"Siyas\u0259t","item":"https:\/\/www.meydan.tv\/az\/section\/siyaset\/"},{"@type":"ListItem","position":3,"name":"\u018fhm\u0259d \u018flili: \u201cQaraba\u011fdan ged\u0259nl\u0259r Avropa \u00f6lk\u0259l\u0259rind\u0259 qa\u00e7q\u0131n statusu almaq ist\u0259yir\u201d"}]},{"@type":"WebSite","@id":"https:\/\/www.meydan.tv\/az\/#website","url":"https:\/\/www.meydan.tv\/az\/","name":"MEYDAN.TV","description":"Meydan TV Az\u0259rbaycan\u0131n media m\u0259kan\u0131ndak\u0131 alternativ s\u0259sidir","publisher":{"@id":"https:\/\/www.meydan.tv\/az\/#organization"},"potentialAction":[{"@type":"SearchAction","target":{"@type":"EntryPoint","urlTemplate":"https:\/\/www.meydan.tv\/az\/?s={search_term_string}"},"query-input":{"@type":"PropertyValueSpecification","valueRequired":true,"valueName":"search_term_string"}}],"inLanguage":"az"},{"@type":"Organization","@id":"https:\/\/www.meydan.tv\/az\/#organization","name":"Meydan TV","url":"https:\/\/www.meydan.tv\/az\/","logo":{"@type":"ImageObject","inLanguage":"az","@id":"https:\/\/www.meydan.tv\/az\/#\/schema\/logo\/image\/","url":"https:\/\/www.meydan.tv\/wp-content\/uploads\/2021\/07\/meydan-logo.svg","contentUrl":"https:\/\/www.meydan.tv\/wp-content\/uploads\/2021\/07\/meydan-logo.svg","width":195,"height":46,"caption":"Meydan TV"},"image":{"@id":"https:\/\/www.meydan.tv\/az\/#\/schema\/logo\/image\/"}},{"@type":"Person","@id":"https:\/\/www.meydan.tv\/az\/#\/schema\/person\/476e9360e593fa131d5d71d51866f8da","name":"aleks"}]}},"_links":{"self":[{"href":"https:\/\/www.meydan.tv\/az\/wp-json\/wp\/v2\/posts\/289292","targetHints":{"allow":["GET"]}}],"collection":[{"href":"https:\/\/www.meydan.tv\/az\/wp-json\/wp\/v2\/posts"}],"about":[{"href":"https:\/\/www.meydan.tv\/az\/wp-json\/wp\/v2\/types\/post"}],"author":[{"embeddable":true,"href":"https:\/\/www.meydan.tv\/az\/wp-json\/wp\/v2\/users\/12"}],"replies":[{"embeddable":true,"href":"https:\/\/www.meydan.tv\/az\/wp-json\/wp\/v2\/comments?post=289292"}],"version-history":[{"count":4,"href":"https:\/\/www.meydan.tv\/az\/wp-json\/wp\/v2\/posts\/289292\/revisions"}],"predecessor-version":[{"id":289317,"href":"https:\/\/www.meydan.tv\/az\/wp-json\/wp\/v2\/posts\/289292\/revisions\/289317"}],"wp:featuredmedia":[{"embeddable":true,"href":"https:\/\/www.meydan.tv\/az\/wp-json\/wp\/v2\/media\/289293"}],"wp:attachment":[{"href":"https:\/\/www.meydan.tv\/az\/wp-json\/wp\/v2\/media?parent=289292"}],"wp:term":[{"taxonomy":"category","embeddable":true,"href":"https:\/\/www.meydan.tv\/az\/wp-json\/wp\/v2\/categories?post=289292"},{"taxonomy":"post_tag","embeddable":true,"href":"https:\/\/www.meydan.tv\/az\/wp-json\/wp\/v2\/tags?post=289292"}],"curies":[{"name":"wp","href":"https:\/\/api.w.org\/{rel}","templated":true}]}}