{"id":289266,"date":"2023-10-30T18:13:12","date_gmt":"2023-10-30T14:13:12","guid":{"rendered":"https:\/\/www.meydan.tv\/?p=289266"},"modified":"2023-10-30T18:13:15","modified_gmt":"2023-10-30T14:13:15","slug":"coratdaki-qetl-hadisesine-gore-bir-nefer-saxlanilib","status":"publish","type":"post","link":"https:\/\/www.meydan.tv\/az\/article\/coratdaki-qetl-hadisesine-gore-bir-nefer-saxlanilib\/","title":{"rendered":"Coratdak\u0131 q\u0259tl hadis\u0259sin\u0259 g\u00f6r\u0259 bir n\u0259f\u0259r saxlan\u0131l\u0131b"},"content":{"rendered":"\n<p><\/p>\n\n\n\n<p><strong><em>M\u00fc\u015ffiq Ta\u011f\u0131yev ail\u0259 il\u0259 qon\u015fudur<\/em><\/strong><\/p>\n\n\n\n<p>Sumqay\u0131tda \u2013 Corat ba\u011flar\u0131 massivind\u0259 M\u00fcsavat Partiyas\u0131n\u0131n \u00fczv\u00fc, 73 ya\u015fl\u0131 Da\u011fb\u0259yi F\u0259r\u0259cov v\u0259 38 ya\u015fl\u0131 q\u0131z\u0131 Suzanna Karaka\u015f\u0131n ya\u015fad\u0131qlar\u0131 evd\u0259 q\u0259tl\u0259 yetirilm\u0259si, h\u0259yat yolda\u015f\u0131 T\u0259rlan F\u0259r\u0259cova v\u0259 k\u00fcr\u0259k\u0259ni Serkan Karaka\u015f\u0131n is\u0259 a\u011f\u0131r yaralanmas\u0131, h\u0259m\u00e7inin s\u0259s-k\u00fcy\u0259 onlar\u0131n k\u00f6m\u0259yin\u0259 g\u0259l\u0259n qon\u015fular\u0131n da x\u0259sar\u0259t almas\u0131yla \u0259laq\u0259dar 1 n\u0259f\u0259r saxlan\u0131l\u0131b. \u015e\u00fcbh\u0259li \u015f\u0259xs qismind\u0259 saxlan\u0131lan M\u00fc\u015ffiq Ta\u011f\u0131yev z\u0259r\u0259r\u00e7\u0259kmi\u015fl\u0259rin qon\u015fusudur.<\/p>\n\n\n\n<p>Meydan TV-nin h\u00fcquq-m\u00fchafiz\u0259 orqanlar\u0131ndan \u0259ld\u0259 etdiyi m\u0259lumata g\u00f6r\u0259, 36 ya\u015fl\u0131 M\u00fc\u015ffiq Ta\u011f\u0131yev istintaqa ilkin ifad\u0259sind\u0259 hadis\u0259ni qisas m\u0259qs\u0259dil\u0259 t\u00f6r\u0259tdiyini deyib. Onun s\u00f6zl\u0259rin\u0259 g\u00f6r\u0259, Suzanna Karaka\u015f\u0131n h\u0259yat yolda\u015f\u0131, T\u00fcrkiy\u0259 v\u0259t\u0259nda\u015f\u0131 Serkan Karaka\u015fla aralar\u0131nda k\u00f6k\u00fc bir ne\u00e7\u0259 il \u0259vv\u0259l\u0259 gedib \u00e7\u0131xan \u015f\u0259xsi m\u00fcnaqi\u015f\u0259si olub.<\/p>\n\n\n\n<p>\u0130ddia olunur ki, M\u00fc\u015ffiq Ta\u011f\u0131yev \u00f6nc\u0259 partlay\u0131\u015f t\u00f6r\u0259tm\u0259k ist\u0259yib, bu m\u0259qs\u0259dl\u0259 qaz say\u011fac\u0131na at\u0259\u015f a\u00e7\u0131b. Bu zaman evd\u0259kil\u0259r s\u0259s\u0259 \u00e7\u0131x\u0131b v\u0259 onlara at\u0259\u015f a\u00e7\u0131b.<\/p>\n\n\n\n<p>M\u00fc\u015ffiq Ta\u011f\u0131yevin yax\u0131nlar\u0131 is\u0259 bildirib ki, ail\u0259 olaraq, F\u0259r\u0259covlarla aralar\u0131nda he\u00e7 bir problem olmay\u0131b.<\/p>\n\n\n\n<p>Oktyabr\u0131n 28-n\u0259 s\u0259h\u0259r saat 5 rad\u0259l\u0259rind\u0259 Corat ba\u011flar\u0131 adlanan \u0259razid\u0259 ba\u015f vermi\u015f hadis\u0259 zaman\u0131 Suzanna v\u0259 Serkan Karaka\u015flar\u0131n iki q\u0131z\u0131 da evd\u0259 olub. Onlara x\u0259sar\u0259t yetirilm\u0259yib. Lakin qon\u015fuluqda ya\u015fayan v\u0259 s\u0259s-k\u00fcy\u0259 \u00e7\u0131xaraq k\u00f6m\u0259k etm\u0259y\u0259 \u00e7al\u0131\u015fan Etibar Sar\u0131yev v\u0259 atas\u0131 Mehman Sar\u0131yev x\u0259sar\u0259t al\u0131b. Etibar Sar\u0131yevin polis \u0259m\u0259kda\u015f\u0131 oldu\u011fu, sah\u0259 m\u00fcv\u0259kkili v\u0259zif\u0259sind\u0259 \u00e7al\u0131\u015fd\u0131\u011f\u0131 bildirilir.<\/p>\n","protected":false},"excerpt":{"rendered":"<p>M\u00fc\u015ffiq Ta\u011f\u0131yev ail\u0259 il\u0259 qon\u015fudur Sumqay\u0131tda \u2013 Corat ba\u011flar\u0131 massivind\u0259 &#8230; <\/p>\n<p class=\"read-more-container\"><a title=\"Coratdak\u0131 q\u0259tl hadis\u0259sin\u0259 g\u00f6r\u0259 bir n\u0259f\u0259r saxlan\u0131l\u0131b\" class=\"read-more button\" href=\"https:\/\/www.meydan.tv\/az\/article\/coratdaki-qetl-hadisesine-gore-bir-nefer-saxlanilib\/#more-289266\" aria-label=\"Read more about Coratdak\u0131 q\u0259tl hadis\u0259sin\u0259 g\u00f6r\u0259 bir n\u0259f\u0259r saxlan\u0131l\u0131b\">Davam\u0131<\/a><\/p>\n","protected":false},"author":8,"featured_media":210747,"comment_status":"closed","ping_status":"closed","sticky":false,"template":"","format":"standard","meta":{"_acf_changed":false,"_sitemap_exclude":false,"_sitemap_priority":"","_sitemap_frequency":"","footnotes":""},"categories":[60,56],"tags":[],"class_list":["post-289266","post","type-post","status-publish","format-standard","has-post-thumbnail","hentry","category-bolge","category-xeberler","infinite-scroll-item","generate-columns","tablet-grid-50","mobile-grid-100","grid-parent","grid-33","no-featured-image-padding"],"acf":[],"yoast_head":"<!-- This site is optimized with the Yoast SEO plugin v27.4 - https:\/\/yoast.com\/product\/yoast-seo-wordpress\/ -->\n<title>Coratdak\u0131 q\u0259tl hadis\u0259sin\u0259 g\u00f6r\u0259 bir n\u0259f\u0259r saxlan\u0131l\u0131b - MEYDAN.TV<\/title>\n<meta name=\"robots\" content=\"index, follow, max-snippet:-1, max-image-preview:large, max-video-preview:-1\" \/>\n<link rel=\"canonical\" href=\"https:\/\/www.meydan.tv\/az\/article\/coratdaki-qetl-hadisesine-gore-bir-nefer-saxlanilib\/\" \/>\n<meta property=\"og:locale\" content=\"az_AZ\" \/>\n<meta property=\"og:type\" content=\"article\" \/>\n<meta property=\"og:title\" content=\"Coratdak\u0131 q\u0259tl hadis\u0259sin\u0259 g\u00f6r\u0259 bir n\u0259f\u0259r saxlan\u0131l\u0131b - MEYDAN.TV\" \/>\n<meta property=\"og:description\" content=\"M\u00fc\u015ffiq Ta\u011f\u0131yev ail\u0259 il\u0259 qon\u015fudur Sumqay\u0131tda \u2013 Corat ba\u011flar\u0131 massivind\u0259 ... Davam\u0131\" \/>\n<meta property=\"og:url\" content=\"https:\/\/www.meydan.tv\/az\/article\/coratdaki-qetl-hadisesine-gore-bir-nefer-saxlanilib\/\" \/>\n<meta property=\"og:site_name\" content=\"MEYDAN.TV\" \/>\n<meta property=\"article:published_time\" content=\"2023-10-30T14:13:12+00:00\" \/>\n<meta property=\"article:modified_time\" content=\"2023-10-30T14:13:15+00:00\" \/>\n<meta property=\"og:image\" content=\"https:\/\/www.meydan.tv\/wp-content\/uploads\/49937dc3-818e-4d99-83f0-9ba18c1e1c48-scaled-e1664534385948.jpeg\" \/>\n\t<meta property=\"og:image:width\" content=\"2560\" \/>\n\t<meta property=\"og:image:height\" content=\"1561\" \/>\n\t<meta property=\"og:image:type\" content=\"image\/jpeg\" \/>\n<meta name=\"author\" content=\"elli\" \/>\n<meta name=\"twitter:card\" content=\"summary_large_image\" \/>\n<meta name=\"twitter:creator\" content=\"@elli\" \/>\n<script type=\"application\/ld+json\" class=\"yoast-schema-graph\">{\"@context\":\"https:\\\/\\\/schema.org\",\"@graph\":[{\"@type\":\"Article\",\"@id\":\"https:\\\/\\\/www.meydan.tv\\\/az\\\/article\\\/coratdaki-qetl-hadisesine-gore-bir-nefer-saxlanilib\\\/#article\",\"isPartOf\":{\"@id\":\"https:\\\/\\\/www.meydan.tv\\\/az\\\/article\\\/coratdaki-qetl-hadisesine-gore-bir-nefer-saxlanilib\\\/\"},\"author\":{\"name\":\"elli\",\"@id\":\"https:\\\/\\\/www.meydan.tv\\\/az\\\/#\\\/schema\\\/person\\\/9cdbecf90d17180ce1dfbd95b08dcf47\"},\"headline\":\"Coratdak\u0131 q\u0259tl hadis\u0259sin\u0259 g\u00f6r\u0259 bir n\u0259f\u0259r saxlan\u0131l\u0131b\",\"datePublished\":\"2023-10-30T14:13:12+00:00\",\"dateModified\":\"2023-10-30T14:13:15+00:00\",\"mainEntityOfPage\":{\"@id\":\"https:\\\/\\\/www.meydan.tv\\\/az\\\/article\\\/coratdaki-qetl-hadisesine-gore-bir-nefer-saxlanilib\\\/\"},\"wordCount\":342,\"publisher\":{\"@id\":\"https:\\\/\\\/www.meydan.tv\\\/az\\\/#organization\"},\"image\":{\"@id\":\"https:\\\/\\\/www.meydan.tv\\\/az\\\/article\\\/coratdaki-qetl-hadisesine-gore-bir-nefer-saxlanilib\\\/#primaryimage\"},\"thumbnailUrl\":\"https:\\\/\\\/www.meydan.tv\\\/wp-content\\\/uploads\\\/49937dc3-818e-4d99-83f0-9ba18c1e1c48-scaled-e1664534385948.jpeg\",\"articleSection\":[\"B\u00f6lg\u0259\",\"X\u0259b\u0259rl\u0259r\"],\"inLanguage\":\"az\"},{\"@type\":\"WebPage\",\"@id\":\"https:\\\/\\\/www.meydan.tv\\\/az\\\/article\\\/coratdaki-qetl-hadisesine-gore-bir-nefer-saxlanilib\\\/\",\"url\":\"https:\\\/\\\/www.meydan.tv\\\/az\\\/article\\\/coratdaki-qetl-hadisesine-gore-bir-nefer-saxlanilib\\\/\",\"name\":\"Coratdak\u0131 q\u0259tl hadis\u0259sin\u0259 g\u00f6r\u0259 bir n\u0259f\u0259r saxlan\u0131l\u0131b - MEYDAN.TV\",\"isPartOf\":{\"@id\":\"https:\\\/\\\/www.meydan.tv\\\/az\\\/#website\"},\"primaryImageOfPage\":{\"@id\":\"https:\\\/\\\/www.meydan.tv\\\/az\\\/article\\\/coratdaki-qetl-hadisesine-gore-bir-nefer-saxlanilib\\\/#primaryimage\"},\"image\":{\"@id\":\"https:\\\/\\\/www.meydan.tv\\\/az\\\/article\\\/coratdaki-qetl-hadisesine-gore-bir-nefer-saxlanilib\\\/#primaryimage\"},\"thumbnailUrl\":\"https:\\\/\\\/www.meydan.tv\\\/wp-content\\\/uploads\\\/49937dc3-818e-4d99-83f0-9ba18c1e1c48-scaled-e1664534385948.jpeg\",\"datePublished\":\"2023-10-30T14:13:12+00:00\",\"dateModified\":\"2023-10-30T14:13:15+00:00\",\"breadcrumb\":{\"@id\":\"https:\\\/\\\/www.meydan.tv\\\/az\\\/article\\\/coratdaki-qetl-hadisesine-gore-bir-nefer-saxlanilib\\\/#breadcrumb\"},\"inLanguage\":\"az\",\"potentialAction\":[{\"@type\":\"ReadAction\",\"target\":[\"https:\\\/\\\/www.meydan.tv\\\/az\\\/article\\\/coratdaki-qetl-hadisesine-gore-bir-nefer-saxlanilib\\\/\"]}]},{\"@type\":\"ImageObject\",\"inLanguage\":\"az\",\"@id\":\"https:\\\/\\\/www.meydan.tv\\\/az\\\/article\\\/coratdaki-qetl-hadisesine-gore-bir-nefer-saxlanilib\\\/#primaryimage\",\"url\":\"https:\\\/\\\/www.meydan.tv\\\/wp-content\\\/uploads\\\/49937dc3-818e-4d99-83f0-9ba18c1e1c48-scaled-e1664534385948.jpeg\",\"contentUrl\":\"https:\\\/\\\/www.meydan.tv\\\/wp-content\\\/uploads\\\/49937dc3-818e-4d99-83f0-9ba18c1e1c48-scaled-e1664534385948.jpeg\",\"width\":2560,\"height\":1561,\"caption\":\"Foto: Meydan TV\"},{\"@type\":\"BreadcrumbList\",\"@id\":\"https:\\\/\\\/www.meydan.tv\\\/az\\\/article\\\/coratdaki-qetl-hadisesine-gore-bir-nefer-saxlanilib\\\/#breadcrumb\",\"itemListElement\":[{\"@type\":\"ListItem\",\"position\":1,\"name\":\"Ana s\u0259hif\u0259\",\"item\":\"https:\\\/\\\/www.meydan.tv\\\/az\\\/\"},{\"@type\":\"ListItem\",\"position\":2,\"name\":\"B\u00f6lg\u0259\",\"item\":\"https:\\\/\\\/www.meydan.tv\\\/az\\\/section\\\/bolge\\\/\"},{\"@type\":\"ListItem\",\"position\":3,\"name\":\"Coratdak\u0131 q\u0259tl hadis\u0259sin\u0259 g\u00f6r\u0259 bir n\u0259f\u0259r saxlan\u0131l\u0131b\"}]},{\"@type\":\"WebSite\",\"@id\":\"https:\\\/\\\/www.meydan.tv\\\/az\\\/#website\",\"url\":\"https:\\\/\\\/www.meydan.tv\\\/az\\\/\",\"name\":\"MEYDAN.TV\",\"description\":\"Meydan TV Az\u0259rbaycan\u0131n media m\u0259kan\u0131ndak\u0131 alternativ s\u0259sidir\",\"publisher\":{\"@id\":\"https:\\\/\\\/www.meydan.tv\\\/az\\\/#organization\"},\"potentialAction\":[{\"@type\":\"SearchAction\",\"target\":{\"@type\":\"EntryPoint\",\"urlTemplate\":\"https:\\\/\\\/www.meydan.tv\\\/az\\\/?s={search_term_string}\"},\"query-input\":{\"@type\":\"PropertyValueSpecification\",\"valueRequired\":true,\"valueName\":\"search_term_string\"}}],\"inLanguage\":\"az\"},{\"@type\":\"Organization\",\"@id\":\"https:\\\/\\\/www.meydan.tv\\\/az\\\/#organization\",\"name\":\"Meydan TV\",\"url\":\"https:\\\/\\\/www.meydan.tv\\\/az\\\/\",\"logo\":{\"@type\":\"ImageObject\",\"inLanguage\":\"az\",\"@id\":\"https:\\\/\\\/www.meydan.tv\\\/az\\\/#\\\/schema\\\/logo\\\/image\\\/\",\"url\":\"https:\\\/\\\/www.meydan.tv\\\/wp-content\\\/uploads\\\/2021\\\/07\\\/meydan-logo.svg\",\"contentUrl\":\"https:\\\/\\\/www.meydan.tv\\\/wp-content\\\/uploads\\\/2021\\\/07\\\/meydan-logo.svg\",\"width\":195,\"height\":46,\"caption\":\"Meydan TV\"},\"image\":{\"@id\":\"https:\\\/\\\/www.meydan.tv\\\/az\\\/#\\\/schema\\\/logo\\\/image\\\/\"}},{\"@type\":\"Person\",\"@id\":\"https:\\\/\\\/www.meydan.tv\\\/az\\\/#\\\/schema\\\/person\\\/9cdbecf90d17180ce1dfbd95b08dcf47\",\"name\":\"elli\",\"sameAs\":[\"https:\\\/\\\/x.com\\\/elli\"]}]}<\/script>\n<!-- \/ Yoast SEO plugin. -->","yoast_head_json":{"title":"Coratdak\u0131 q\u0259tl hadis\u0259sin\u0259 g\u00f6r\u0259 bir n\u0259f\u0259r saxlan\u0131l\u0131b - MEYDAN.TV","robots":{"index":"index","follow":"follow","max-snippet":"max-snippet:-1","max-image-preview":"max-image-preview:large","max-video-preview":"max-video-preview:-1"},"canonical":"https:\/\/www.meydan.tv\/az\/article\/coratdaki-qetl-hadisesine-gore-bir-nefer-saxlanilib\/","og_locale":"az_AZ","og_type":"article","og_title":"Coratdak\u0131 q\u0259tl hadis\u0259sin\u0259 g\u00f6r\u0259 bir n\u0259f\u0259r saxlan\u0131l\u0131b - MEYDAN.TV","og_description":"M\u00fc\u015ffiq Ta\u011f\u0131yev ail\u0259 il\u0259 qon\u015fudur Sumqay\u0131tda \u2013 Corat ba\u011flar\u0131 massivind\u0259 ... Davam\u0131","og_url":"https:\/\/www.meydan.tv\/az\/article\/coratdaki-qetl-hadisesine-gore-bir-nefer-saxlanilib\/","og_site_name":"MEYDAN.TV","article_published_time":"2023-10-30T14:13:12+00:00","article_modified_time":"2023-10-30T14:13:15+00:00","og_image":[{"width":2560,"height":1561,"url":"https:\/\/www.meydan.tv\/wp-content\/uploads\/49937dc3-818e-4d99-83f0-9ba18c1e1c48-scaled-e1664534385948.jpeg","type":"image\/jpeg"}],"author":"elli","twitter_card":"summary_large_image","twitter_creator":"@elli","schema":{"@context":"https:\/\/schema.org","@graph":[{"@type":"Article","@id":"https:\/\/www.meydan.tv\/az\/article\/coratdaki-qetl-hadisesine-gore-bir-nefer-saxlanilib\/#article","isPartOf":{"@id":"https:\/\/www.meydan.tv\/az\/article\/coratdaki-qetl-hadisesine-gore-bir-nefer-saxlanilib\/"},"author":{"name":"elli","@id":"https:\/\/www.meydan.tv\/az\/#\/schema\/person\/9cdbecf90d17180ce1dfbd95b08dcf47"},"headline":"Coratdak\u0131 q\u0259tl hadis\u0259sin\u0259 g\u00f6r\u0259 bir n\u0259f\u0259r saxlan\u0131l\u0131b","datePublished":"2023-10-30T14:13:12+00:00","dateModified":"2023-10-30T14:13:15+00:00","mainEntityOfPage":{"@id":"https:\/\/www.meydan.tv\/az\/article\/coratdaki-qetl-hadisesine-gore-bir-nefer-saxlanilib\/"},"wordCount":342,"publisher":{"@id":"https:\/\/www.meydan.tv\/az\/#organization"},"image":{"@id":"https:\/\/www.meydan.tv\/az\/article\/coratdaki-qetl-hadisesine-gore-bir-nefer-saxlanilib\/#primaryimage"},"thumbnailUrl":"https:\/\/www.meydan.tv\/wp-content\/uploads\/49937dc3-818e-4d99-83f0-9ba18c1e1c48-scaled-e1664534385948.jpeg","articleSection":["B\u00f6lg\u0259","X\u0259b\u0259rl\u0259r"],"inLanguage":"az"},{"@type":"WebPage","@id":"https:\/\/www.meydan.tv\/az\/article\/coratdaki-qetl-hadisesine-gore-bir-nefer-saxlanilib\/","url":"https:\/\/www.meydan.tv\/az\/article\/coratdaki-qetl-hadisesine-gore-bir-nefer-saxlanilib\/","name":"Coratdak\u0131 q\u0259tl hadis\u0259sin\u0259 g\u00f6r\u0259 bir n\u0259f\u0259r saxlan\u0131l\u0131b - MEYDAN.TV","isPartOf":{"@id":"https:\/\/www.meydan.tv\/az\/#website"},"primaryImageOfPage":{"@id":"https:\/\/www.meydan.tv\/az\/article\/coratdaki-qetl-hadisesine-gore-bir-nefer-saxlanilib\/#primaryimage"},"image":{"@id":"https:\/\/www.meydan.tv\/az\/article\/coratdaki-qetl-hadisesine-gore-bir-nefer-saxlanilib\/#primaryimage"},"thumbnailUrl":"https:\/\/www.meydan.tv\/wp-content\/uploads\/49937dc3-818e-4d99-83f0-9ba18c1e1c48-scaled-e1664534385948.jpeg","datePublished":"2023-10-30T14:13:12+00:00","dateModified":"2023-10-30T14:13:15+00:00","breadcrumb":{"@id":"https:\/\/www.meydan.tv\/az\/article\/coratdaki-qetl-hadisesine-gore-bir-nefer-saxlanilib\/#breadcrumb"},"inLanguage":"az","potentialAction":[{"@type":"ReadAction","target":["https:\/\/www.meydan.tv\/az\/article\/coratdaki-qetl-hadisesine-gore-bir-nefer-saxlanilib\/"]}]},{"@type":"ImageObject","inLanguage":"az","@id":"https:\/\/www.meydan.tv\/az\/article\/coratdaki-qetl-hadisesine-gore-bir-nefer-saxlanilib\/#primaryimage","url":"https:\/\/www.meydan.tv\/wp-content\/uploads\/49937dc3-818e-4d99-83f0-9ba18c1e1c48-scaled-e1664534385948.jpeg","contentUrl":"https:\/\/www.meydan.tv\/wp-content\/uploads\/49937dc3-818e-4d99-83f0-9ba18c1e1c48-scaled-e1664534385948.jpeg","width":2560,"height":1561,"caption":"Foto: Meydan TV"},{"@type":"BreadcrumbList","@id":"https:\/\/www.meydan.tv\/az\/article\/coratdaki-qetl-hadisesine-gore-bir-nefer-saxlanilib\/#breadcrumb","itemListElement":[{"@type":"ListItem","position":1,"name":"Ana s\u0259hif\u0259","item":"https:\/\/www.meydan.tv\/az\/"},{"@type":"ListItem","position":2,"name":"B\u00f6lg\u0259","item":"https:\/\/www.meydan.tv\/az\/section\/bolge\/"},{"@type":"ListItem","position":3,"name":"Coratdak\u0131 q\u0259tl hadis\u0259sin\u0259 g\u00f6r\u0259 bir n\u0259f\u0259r saxlan\u0131l\u0131b"}]},{"@type":"WebSite","@id":"https:\/\/www.meydan.tv\/az\/#website","url":"https:\/\/www.meydan.tv\/az\/","name":"MEYDAN.TV","description":"Meydan TV Az\u0259rbaycan\u0131n media m\u0259kan\u0131ndak\u0131 alternativ s\u0259sidir","publisher":{"@id":"https:\/\/www.meydan.tv\/az\/#organization"},"potentialAction":[{"@type":"SearchAction","target":{"@type":"EntryPoint","urlTemplate":"https:\/\/www.meydan.tv\/az\/?s={search_term_string}"},"query-input":{"@type":"PropertyValueSpecification","valueRequired":true,"valueName":"search_term_string"}}],"inLanguage":"az"},{"@type":"Organization","@id":"https:\/\/www.meydan.tv\/az\/#organization","name":"Meydan TV","url":"https:\/\/www.meydan.tv\/az\/","logo":{"@type":"ImageObject","inLanguage":"az","@id":"https:\/\/www.meydan.tv\/az\/#\/schema\/logo\/image\/","url":"https:\/\/www.meydan.tv\/wp-content\/uploads\/2021\/07\/meydan-logo.svg","contentUrl":"https:\/\/www.meydan.tv\/wp-content\/uploads\/2021\/07\/meydan-logo.svg","width":195,"height":46,"caption":"Meydan TV"},"image":{"@id":"https:\/\/www.meydan.tv\/az\/#\/schema\/logo\/image\/"}},{"@type":"Person","@id":"https:\/\/www.meydan.tv\/az\/#\/schema\/person\/9cdbecf90d17180ce1dfbd95b08dcf47","name":"elli","sameAs":["https:\/\/x.com\/elli"]}]}},"_links":{"self":[{"href":"https:\/\/www.meydan.tv\/az\/wp-json\/wp\/v2\/posts\/289266","targetHints":{"allow":["GET"]}}],"collection":[{"href":"https:\/\/www.meydan.tv\/az\/wp-json\/wp\/v2\/posts"}],"about":[{"href":"https:\/\/www.meydan.tv\/az\/wp-json\/wp\/v2\/types\/post"}],"author":[{"embeddable":true,"href":"https:\/\/www.meydan.tv\/az\/wp-json\/wp\/v2\/users\/8"}],"replies":[{"embeddable":true,"href":"https:\/\/www.meydan.tv\/az\/wp-json\/wp\/v2\/comments?post=289266"}],"version-history":[{"count":3,"href":"https:\/\/www.meydan.tv\/az\/wp-json\/wp\/v2\/posts\/289266\/revisions"}],"predecessor-version":[{"id":289283,"href":"https:\/\/www.meydan.tv\/az\/wp-json\/wp\/v2\/posts\/289266\/revisions\/289283"}],"wp:featuredmedia":[{"embeddable":true,"href":"https:\/\/www.meydan.tv\/az\/wp-json\/wp\/v2\/media\/210747"}],"wp:attachment":[{"href":"https:\/\/www.meydan.tv\/az\/wp-json\/wp\/v2\/media?parent=289266"}],"wp:term":[{"taxonomy":"category","embeddable":true,"href":"https:\/\/www.meydan.tv\/az\/wp-json\/wp\/v2\/categories?post=289266"},{"taxonomy":"post_tag","embeddable":true,"href":"https:\/\/www.meydan.tv\/az\/wp-json\/wp\/v2\/tags?post=289266"}],"curies":[{"name":"wp","href":"https:\/\/api.w.org\/{rel}","templated":true}]}}