{"id":289245,"date":"2023-10-30T18:10:55","date_gmt":"2023-10-30T14:10:55","guid":{"rendered":"https:\/\/www.meydan.tv\/?p=289245"},"modified":"2023-10-30T18:10:59","modified_gmt":"2023-10-30T14:10:59","slug":"teylor-svift-azerbaycanli-mugennilere-ornek-gosterildi","status":"publish","type":"post","link":"https:\/\/www.meydan.tv\/az\/article\/teylor-svift-azerbaycanli-mugennilere-ornek-gosterildi\/","title":{"rendered":"Teylor Svift az\u0259rbaycanl\u0131 m\u00fc\u011f\u0259nnil\u0259r\u0259 \u00f6rn\u0259k g\u00f6st\u0259rildi"},"content":{"rendered":"\n<p><\/p>\n\n\n\n<p><strong><em>Musiqi Forumunun ikinci g\u00fcn\u00fc: \u201cAz\u0259rbaycanda musiqi s\u0259nayesi yoxdur\u201d<\/em><\/strong><\/p>\n\n\n\n<p>Az\u0259rbaycanda ilk d\u0259f\u0259dir ki, Musiqi Forumu ke\u00e7irilir.<\/p>\n\n\n\n<p>Oktyabr\u0131n 29-dan ba\u015flayan Forumun ikinci g\u00fcn\u00fcn\u00fcn ilk paneli \u201cMilli musiqi s\u0259nayesinin inki\u015faf\u0131\u201d m\u00f6vzusuna h\u0259sr olunub.<\/p>\n\n\n\n<p>Paneld\u0259 musiqi s\u0259nayesinin ekosisteminin formala\u015fmas\u0131, daxili bazar\u0131n imkanlar\u0131n\u0131n geni\u015fl\u0259ndirilm\u0259si, musiqi m\u0259hsullar\u0131n\u0131n yeni kommersiyala\u015fma \u00fcsullar\u0131, musiqi s\u0259nayesind\u0259 \u0259qli m\u00fclkiyy\u0259t h\u00fcquqlar\u0131, dinl\u0259yici k\u00fctl\u0259sinin c\u0259lb olunmas\u0131 yollar\u0131 v\u0259 alternativ v\u0259 \u201cunderground\u201d (rok, rep, meyxana v\u0259 s.) musiqi c\u0259r\u0259yanlar\u0131n\u0131n perspektivl\u0259ri&nbsp; kimi m\u0259s\u0259l\u0259l\u0259r \u0259traf\u0131nda \u00e7\u0131x\u0131\u015flar dinl\u0259nilib.<\/p>\n\n\n\n<p><strong>\u201cMusiqimiz pandemiyadan z\u0259r\u0259r \u00e7\u0259kib\u201d<\/strong><\/p>\n\n\n\n<p>\u018fqli M\u00fclkiyy\u0259t Agentliyi Aparat\u0131n\u0131n r\u0259hb\u0259ri Xuday\u0259t H\u0259s\u0259nli m\u00fczakir\u0259l\u0259r zaman\u0131 \u0259qli m\u00fclkiyy\u0259t, musiqi \u0259s\u0259rl\u0259rinin sat\u0131nalmas\u0131 m\u0259s\u0259l\u0259l\u0259rind\u0259n dan\u0131\u015f\u0131b.<\/p>\n\n\n\n<p>Pandemiyan\u0131n b\u00fct\u00fcn d\u00fcnyada musiqiy\u0259 vurdu\u011fu ziyandan s\u00f6z a\u00e7an Xuday\u0259t H\u0259s\u0259nli bunun Az\u0259rbaycan musiqisind\u0259n d\u0259 yan ke\u00e7m\u0259diyini diqq\u0259t\u0259 \u00e7atd\u0131r\u0131b:<\/p>\n\n\n<div class=\"wp-block-image\">\n<figure class=\"aligncenter size-full\"><img decoding=\"async\" width=\"911\" height=\"768\" data-src=\"https:\/\/www.meydan.tv\/wp-content\/uploads\/xuday__t_h__s__nli.jpg\" alt=\"\" class=\"wp-image-289237 lazyload\" src=\"data:image\/svg+xml;base64,PHN2ZyB3aWR0aD0iMSIgaGVpZ2h0PSIxIiB4bWxucz0iaHR0cDovL3d3dy53My5vcmcvMjAwMC9zdmciPjwvc3ZnPg==\" style=\"--smush-placeholder-width: 911px; --smush-placeholder-aspect-ratio: 911\/768;\" \/><figcaption class=\"wp-element-caption\">Xuday\u0259t H\u0259s\u0259nli<\/figcaption><\/figure>\n<\/div>\n\n\n<p><em>\u201cZiyan\u0131n miqdar\u0131 5 milyard dollara b\u0259rab\u0259rdir. Bundan&nbsp; Az\u0259rbaycan musiqisi d\u0259 z\u0259r\u0259r \u00e7\u0259kib. \u00dcmid edir\u0259m ki, forum \u00f6lk\u0259d\u0259 musiqi s\u0259nayesinin g\u0259l\u0259c\u0259k inki\u015faf\u0131na m\u00fcsb\u0259t t\u0259sir g\u00f6st\u0259r\u0259c\u0259k\u201d.<\/em><\/p>\n\n\n\n<p>Xuday\u0259t H\u0259s\u0259nli konsertl\u0259ri il\u0259 AB\u015e turizmin\u0259 xeyli g\u0259lir g\u0259tir\u0259n, n\u0259tic\u0259d\u0259 ad\u0131n\u0131 milyarderl\u0259r siyah\u0131s\u0131na yazd\u0131ran m\u00fc\u011f\u0259nni Teylor Svifti az\u0259rbaycanl\u0131 s\u0259n\u0259t\u00e7il\u0259r\u0259 \u00f6rn\u0259k kimi g\u00f6st\u0259rib.<\/p>\n\n\n\n<p>\u201c<em>M\u0259n bel\u0259 n\u00fcmun\u0259l\u0259ri g\u0259l\u0259c\u0259kd\u0259 Az\u0259rbaycanda da g\u00f6rm\u0259k ist\u0259rdim\u201d<\/em>, &#8211; aparat r\u0259hb\u0259ri deyib.<\/p>\n\n\n\n<p><strong>\u201cCaz musiqisini populyarla\u015fd\u0131rmaq laz\u0131md\u0131r\u201d<\/strong><\/p>\n\n\n\n<p>\u018fm\u0259kdar artist, b\u0259st\u0259kar Rain Sultanov is\u0259 \u00e7\u0131x\u0131\u015f\u0131 zaman\u0131 Az\u0259rbaycanda caz musiqinin t\u0259bli\u011find\u0259n v\u0259 s\u0259n\u0259t\u00e7il\u0259rin m\u00fc\u0259llif h\u00fcquqlar\u0131n\u0131n qorunmas\u0131ndan dan\u0131\u015f\u0131b.<\/p>\n\n\n<div class=\"wp-block-image\">\n<figure class=\"aligncenter size-full\"><img decoding=\"async\" width=\"924\" height=\"768\" data-src=\"https:\/\/www.meydan.tv\/wp-content\/uploads\/rain_sultanov.jpg\" alt=\"\" class=\"wp-image-289228 lazyload\" src=\"data:image\/svg+xml;base64,PHN2ZyB3aWR0aD0iMSIgaGVpZ2h0PSIxIiB4bWxucz0iaHR0cDovL3d3dy53My5vcmcvMjAwMC9zdmciPjwvc3ZnPg==\" style=\"--smush-placeholder-width: 924px; --smush-placeholder-aspect-ratio: 924\/768;\" \/><figcaption class=\"wp-element-caption\">Rain Sultanov<\/figcaption><\/figure>\n<\/div>\n\n\n<p><em>&#8220;Az\u0259rbaycanda caz musiqisini populyarla\u015fd\u0131rmaq \u00fc\u00e7\u00fcn onu televiziyadan, radiodan dinl\u0259tm\u0259k, k\u00fctl\u0259vi informasiya vasit\u0259l\u0259rind\u0259 aktiv v\u0259 do\u011fru formada t\u0259bli\u011f etm\u0259k laz\u0131md\u0131r. M\u00fc\u0259llif h\u00fcququ istiqam\u0259tind\u0259 m\u00fc\u0259yy\u0259n probleml\u0259r var. M\u0259nim m\u00fc\u0259lliflik h\u00fcquqlar\u0131m burada yox, Almaniyada qorunur. M\u0259n 1998-ci ill\u0259rd\u0259 albom buraxd\u0131qdan sonra Az\u0259rbaycan B\u0259st\u0259karlar \u0130ttifaq\u0131na m\u00fcraci\u0259t etdim, lakin bununla ba\u011fl\u0131 u\u011furlu cavab ala bilm\u0259dim&#8221;.<\/em><\/p>\n\n\n\n<p><strong>\u201cRok ifa\u00e7\u0131s\u0131 toylara getm\u0259y\u0259 m\u0259cbur olmamal\u0131d\u0131r\u201d<\/strong><\/p>\n\n\n\n<p>Prod\u00fcser v\u0259 televiziya apar\u0131c\u0131s\u0131 Emin \u018ff\u0259ndi \u00e7\u0131x\u0131\u015f\u0131nda Az\u0259rbaycanda musiqi s\u0259nayesinin olmad\u0131\u011f\u0131n\u0131 deyib:<\/p>\n\n\n<div class=\"wp-block-image\">\n<figure class=\"aligncenter size-full\"><img decoding=\"async\" width=\"1024\" height=\"759\" data-src=\"https:\/\/www.meydan.tv\/wp-content\/uploads\/emin___f__ndi.jpg\" alt=\"\" class=\"wp-image-289234 lazyload\" src=\"data:image\/svg+xml;base64,PHN2ZyB3aWR0aD0iMSIgaGVpZ2h0PSIxIiB4bWxucz0iaHR0cDovL3d3dy53My5vcmcvMjAwMC9zdmciPjwvc3ZnPg==\" style=\"--smush-placeholder-width: 1024px; --smush-placeholder-aspect-ratio: 1024\/759;\" \/><figcaption class=\"wp-element-caption\">Emin \u018ff\u0259ndi<\/figcaption><\/figure>\n<\/div>\n\n\n<p>\u201c<em>Musiqi v\u0259 ifa\u00e7\u0131n\u0131n olmas\u0131 h\u0259l\u0259 bu sah\u0259d\u0259 s\u0259naye m\u00f6vcudlu\u011funa d\u0259lal\u0259t etmir. Bir \u00e7ox hallarda bunun yaln\u0131z toy bazar\u0131 il\u0259 t\u0259nziml\u0259nir. Rok ifa ed\u0259n adam toylara getm\u0259y\u0259 m\u0259cbur olmamal\u0131d\u0131r. Demir\u0259m ki, toy pisdir. Bu \u0259n\u0259n\u0259 var. Ancaq rok ifa ed\u0259n adam toylara getm\u0259y\u0259, oradan qazanma\u011fa m\u0259cbur qalmamal\u0131d\u0131r\u201d<\/em>.<\/p>\n\n\n\n<p><strong>Murad Dada\u015fov televiziyalara qar\u015f\u0131 iradlar\u0131 q\u0259bul etmir<\/strong><\/p>\n\n\n\n<p>\u201cX\u0259z\u0259r\u201d TV-nin prezidenti, &#8220;M Group Production&#8221; \u015firk\u0259tinin r\u0259hb\u0259ri Xalq artisti Murad Dada\u015fov televiziyan\u0131n k\u00fctl\u0259nin z\u00f6vq\u00fcn\u0259 t\u0259sir imkanlar\u0131 v\u0259 yarad\u0131c\u0131l\u0131q s\u0259nayesinin t\u0259nziml\u0259nm\u0259si mexanizml\u0259rind\u0259n dan\u0131\u015f\u0131b. <\/p>\n\n\n<div class=\"wp-block-image\">\n<figure class=\"aligncenter size-full\"><img decoding=\"async\" width=\"985\" height=\"768\" data-src=\"https:\/\/www.meydan.tv\/wp-content\/uploads\/murad_dada__ov.jpg\" alt=\"\" class=\"wp-image-289225 lazyload\" src=\"data:image\/svg+xml;base64,PHN2ZyB3aWR0aD0iMSIgaGVpZ2h0PSIxIiB4bWxucz0iaHR0cDovL3d3dy53My5vcmcvMjAwMC9zdmciPjwvc3ZnPg==\" style=\"--smush-placeholder-width: 985px; --smush-placeholder-aspect-ratio: 985\/768;\" \/><figcaption class=\"wp-element-caption\">Murad Dada\u015fov<\/figcaption><\/figure>\n<\/div>\n\n\n<p>O, k\u00fctl\u0259vi s\u0259n\u0259t, musiqi z\u00f6vq\u00fc il\u0259 ba\u011fl\u0131 m\u00fct\u0259x\u0259ssisl\u0259rin televiziyalara qar\u015f\u0131 iradlar\u0131n\u0131 q\u0259bul etm\u0259diyini deyib, televiziyan\u0131n media m\u0259hsulunun istehsal\u00e7\u0131s\u0131ndan daha \u00e7ox t\u0259qdimat\u0131 il\u0259 m\u0259\u015f\u011ful oldu\u011funu \u0259sas g\u0259tirib.<\/p>\n\n\n\n<p>Az\u0259rbaycan Respublikas\u0131 V\u0259kill\u0259r Kollegiyas\u0131n\u0131n \u00fczv\u00fc, &#8220;Apeks Advayzers&#8221; h\u00fcquq \u015firk\u0259tinin t\u0259sis\u00e7isi Nazl\u0131 \u018fhm\u0259dova milli musiqi s\u0259nayesinin inki\u015faf\u0131n\u0131n h\u00fcquqi aspektl\u0259rini, m\u00fc\u0259lliflik m\u0259s\u0259l\u0259si il\u0259 ba\u011fl\u0131 fikirl\u0259rini b\u00f6l\u00fc\u015f\u00fcb.<\/p>\n\n\n\n<p><strong>\u201cMusiqi t\u0259hsilind\u0259 t\u0259cr\u00fcb\u0259li m\u00fct\u0259x\u0259ssisl\u0259r \u00e7at\u0131\u015fm\u0131r\u201d<\/strong><\/p>\n\n\n\n<p>B\u0259st\u0259kar, piano\u00e7u \u0130sa M\u0259likov musiqi t\u0259hsilind\u0259 t\u0259cr\u00fcb\u0259li m\u00fct\u0259x\u0259ssisl\u0259rin \u00e7at\u0131\u015fmazl\u0131\u011f\u0131 m\u0259s\u0259l\u0259sini g\u00fcnd\u0259m\u0259 g\u0259tirib. Bunun \u00fc\u00e7\u00fcn d\u00fcnyada q\u0259bul olunmu\u015f vahid sistemin \u00f6lk\u0259d\u0259 t\u0259tbiqinin z\u0259ruriliyini vur\u011fulay\u0131b.<\/p>\n\n\n<div class=\"wp-block-image\">\n<figure class=\"aligncenter size-full\"><img decoding=\"async\" width=\"958\" height=\"768\" data-src=\"https:\/\/www.meydan.tv\/wp-content\/uploads\/sa_m__likov.jpg\" alt=\"\" class=\"wp-image-289231 lazyload\" src=\"data:image\/svg+xml;base64,PHN2ZyB3aWR0aD0iMSIgaGVpZ2h0PSIxIiB4bWxucz0iaHR0cDovL3d3dy53My5vcmcvMjAwMC9zdmciPjwvc3ZnPg==\" style=\"--smush-placeholder-width: 958px; --smush-placeholder-aspect-ratio: 958\/768;\" \/><figcaption class=\"wp-element-caption\">\u0130sa M\u0259likov<\/figcaption><\/figure>\n<\/div>\n\n\n<p>\u00c7\u0131x\u0131\u015flarda haz\u0131rda Az\u0259rbaycan musiqisind\u0259 xaosun m\u00fc\u015fahid\u0259 edilm\u0259si, istehsal\u00e7\u0131 il\u0259 istehlak\u00e7\u0131 aras\u0131ndak\u0131 rabit\u0259sizlik kimi m\u0259qamlar diqq\u0259t\u0259 \u00e7atd\u0131r\u0131l\u0131b, t\u0259klifl\u0259r s\u0259sl\u0259ndirilib.<\/p>\n\n\n\n<p>Oktyabr\u0131n 29-dan ba\u015flayan forum ay\u0131n 31-d\u0259 yekunla\u015facaq.<\/p>\n\n\n\n<p>T\u0259dbir Heyd\u0259r \u018fliyev Fondu il\u0259 M\u0259d\u0259niyy\u0259t Nazirliyinin birg\u0259 t\u0259\u015fkilat\u00e7\u0131l\u0131\u011f\u0131 il\u0259 realla\u015f\u0131r.<\/p>\n","protected":false},"excerpt":{"rendered":"<p>Musiqi Forumunun ikinci g\u00fcn\u00fc: \u201cAz\u0259rbaycanda musiqi s\u0259nayesi yoxdur\u201d Az\u0259rbaycanda ilk &#8230; <\/p>\n<p class=\"read-more-container\"><a title=\"Teylor Svift az\u0259rbaycanl\u0131 m\u00fc\u011f\u0259nnil\u0259r\u0259 \u00f6rn\u0259k g\u00f6st\u0259rildi\" class=\"read-more button\" href=\"https:\/\/www.meydan.tv\/az\/article\/teylor-svift-azerbaycanli-mugennilere-ornek-gosterildi\/#more-289245\" aria-label=\"Read more about Teylor Svift az\u0259rbaycanl\u0131 m\u00fc\u011f\u0259nnil\u0259r\u0259 \u00f6rn\u0259k g\u00f6st\u0259rildi\">Davam\u0131<\/a><\/p>\n","protected":false},"author":8,"featured_media":289222,"comment_status":"closed","ping_status":"closed","sticky":false,"template":"","format":"standard","meta":{"_acf_changed":false,"_sitemap_exclude":false,"_sitemap_priority":"","_sitemap_frequency":"","footnotes":""},"categories":[52,56],"tags":[],"class_list":["post-289245","post","type-post","status-publish","format-standard","has-post-thumbnail","hentry","category-medeniyyet","category-xeberler","infinite-scroll-item","generate-columns","tablet-grid-50","mobile-grid-100","grid-parent","grid-33","no-featured-image-padding"],"acf":[],"yoast_head":"<!-- This site is optimized with the Yoast SEO plugin v27.4 - https:\/\/yoast.com\/product\/yoast-seo-wordpress\/ -->\n<title>Teylor Svift az\u0259rbaycanl\u0131 m\u00fc\u011f\u0259nnil\u0259r\u0259 \u00f6rn\u0259k g\u00f6st\u0259rildi - MEYDAN.TV<\/title>\n<meta name=\"robots\" content=\"index, follow, max-snippet:-1, max-image-preview:large, max-video-preview:-1\" \/>\n<link rel=\"canonical\" href=\"https:\/\/www.meydan.tv\/az\/article\/teylor-svift-azerbaycanli-mugennilere-ornek-gosterildi\/\" \/>\n<meta property=\"og:locale\" content=\"az_AZ\" \/>\n<meta property=\"og:type\" content=\"article\" \/>\n<meta property=\"og:title\" content=\"Teylor Svift az\u0259rbaycanl\u0131 m\u00fc\u011f\u0259nnil\u0259r\u0259 \u00f6rn\u0259k g\u00f6st\u0259rildi - MEYDAN.TV\" \/>\n<meta property=\"og:description\" content=\"Musiqi Forumunun ikinci g\u00fcn\u00fc: \u201cAz\u0259rbaycanda musiqi s\u0259nayesi yoxdur\u201d Az\u0259rbaycanda ilk ... Davam\u0131\" \/>\n<meta property=\"og:url\" content=\"https:\/\/www.meydan.tv\/az\/article\/teylor-svift-azerbaycanli-mugennilere-ornek-gosterildi\/\" \/>\n<meta property=\"og:site_name\" content=\"MEYDAN.TV\" \/>\n<meta property=\"article:published_time\" content=\"2023-10-30T14:10:55+00:00\" \/>\n<meta property=\"article:modified_time\" content=\"2023-10-30T14:10:59+00:00\" \/>\n<meta property=\"og:image\" content=\"https:\/\/www.meydan.tv\/wp-content\/uploads\/musiqi_forumu.jpg\" \/>\n\t<meta property=\"og:image:width\" content=\"1200\" \/>\n\t<meta property=\"og:image:height\" content=\"821\" \/>\n\t<meta property=\"og:image:type\" content=\"image\/jpeg\" \/>\n<meta name=\"author\" content=\"elli\" \/>\n<meta name=\"twitter:card\" content=\"summary_large_image\" \/>\n<meta name=\"twitter:creator\" content=\"@elli\" \/>\n<script type=\"application\/ld+json\" class=\"yoast-schema-graph\">{\"@context\":\"https:\\\/\\\/schema.org\",\"@graph\":[{\"@type\":\"Article\",\"@id\":\"https:\\\/\\\/www.meydan.tv\\\/az\\\/article\\\/teylor-svift-azerbaycanli-mugennilere-ornek-gosterildi\\\/#article\",\"isPartOf\":{\"@id\":\"https:\\\/\\\/www.meydan.tv\\\/az\\\/article\\\/teylor-svift-azerbaycanli-mugennilere-ornek-gosterildi\\\/\"},\"author\":{\"name\":\"elli\",\"@id\":\"https:\\\/\\\/www.meydan.tv\\\/az\\\/#\\\/schema\\\/person\\\/9cdbecf90d17180ce1dfbd95b08dcf47\"},\"headline\":\"Teylor Svift az\u0259rbaycanl\u0131 m\u00fc\u011f\u0259nnil\u0259r\u0259 \u00f6rn\u0259k g\u00f6st\u0259rildi\",\"datePublished\":\"2023-10-30T14:10:55+00:00\",\"dateModified\":\"2023-10-30T14:10:59+00:00\",\"mainEntityOfPage\":{\"@id\":\"https:\\\/\\\/www.meydan.tv\\\/az\\\/article\\\/teylor-svift-azerbaycanli-mugennilere-ornek-gosterildi\\\/\"},\"wordCount\":851,\"publisher\":{\"@id\":\"https:\\\/\\\/www.meydan.tv\\\/az\\\/#organization\"},\"image\":{\"@id\":\"https:\\\/\\\/www.meydan.tv\\\/az\\\/article\\\/teylor-svift-azerbaycanli-mugennilere-ornek-gosterildi\\\/#primaryimage\"},\"thumbnailUrl\":\"https:\\\/\\\/www.meydan.tv\\\/wp-content\\\/uploads\\\/musiqi_forumu.jpg\",\"articleSection\":[\"M\u0259d\u0259niyy\u0259t\",\"X\u0259b\u0259rl\u0259r\"],\"inLanguage\":\"az\"},{\"@type\":\"WebPage\",\"@id\":\"https:\\\/\\\/www.meydan.tv\\\/az\\\/article\\\/teylor-svift-azerbaycanli-mugennilere-ornek-gosterildi\\\/\",\"url\":\"https:\\\/\\\/www.meydan.tv\\\/az\\\/article\\\/teylor-svift-azerbaycanli-mugennilere-ornek-gosterildi\\\/\",\"name\":\"Teylor Svift az\u0259rbaycanl\u0131 m\u00fc\u011f\u0259nnil\u0259r\u0259 \u00f6rn\u0259k g\u00f6st\u0259rildi - MEYDAN.TV\",\"isPartOf\":{\"@id\":\"https:\\\/\\\/www.meydan.tv\\\/az\\\/#website\"},\"primaryImageOfPage\":{\"@id\":\"https:\\\/\\\/www.meydan.tv\\\/az\\\/article\\\/teylor-svift-azerbaycanli-mugennilere-ornek-gosterildi\\\/#primaryimage\"},\"image\":{\"@id\":\"https:\\\/\\\/www.meydan.tv\\\/az\\\/article\\\/teylor-svift-azerbaycanli-mugennilere-ornek-gosterildi\\\/#primaryimage\"},\"thumbnailUrl\":\"https:\\\/\\\/www.meydan.tv\\\/wp-content\\\/uploads\\\/musiqi_forumu.jpg\",\"datePublished\":\"2023-10-30T14:10:55+00:00\",\"dateModified\":\"2023-10-30T14:10:59+00:00\",\"breadcrumb\":{\"@id\":\"https:\\\/\\\/www.meydan.tv\\\/az\\\/article\\\/teylor-svift-azerbaycanli-mugennilere-ornek-gosterildi\\\/#breadcrumb\"},\"inLanguage\":\"az\",\"potentialAction\":[{\"@type\":\"ReadAction\",\"target\":[\"https:\\\/\\\/www.meydan.tv\\\/az\\\/article\\\/teylor-svift-azerbaycanli-mugennilere-ornek-gosterildi\\\/\"]}]},{\"@type\":\"ImageObject\",\"inLanguage\":\"az\",\"@id\":\"https:\\\/\\\/www.meydan.tv\\\/az\\\/article\\\/teylor-svift-azerbaycanli-mugennilere-ornek-gosterildi\\\/#primaryimage\",\"url\":\"https:\\\/\\\/www.meydan.tv\\\/wp-content\\\/uploads\\\/musiqi_forumu.jpg\",\"contentUrl\":\"https:\\\/\\\/www.meydan.tv\\\/wp-content\\\/uploads\\\/musiqi_forumu.jpg\",\"width\":1200,\"height\":821,\"caption\":\"Fotolar: M\u0259d\u0259niyy\u0259t Nazirliyi\"},{\"@type\":\"BreadcrumbList\",\"@id\":\"https:\\\/\\\/www.meydan.tv\\\/az\\\/article\\\/teylor-svift-azerbaycanli-mugennilere-ornek-gosterildi\\\/#breadcrumb\",\"itemListElement\":[{\"@type\":\"ListItem\",\"position\":1,\"name\":\"Ana s\u0259hif\u0259\",\"item\":\"https:\\\/\\\/www.meydan.tv\\\/az\\\/\"},{\"@type\":\"ListItem\",\"position\":2,\"name\":\"M\u0259d\u0259niyy\u0259t\",\"item\":\"https:\\\/\\\/www.meydan.tv\\\/az\\\/section\\\/medeniyyet\\\/\"},{\"@type\":\"ListItem\",\"position\":3,\"name\":\"Teylor Svift az\u0259rbaycanl\u0131 m\u00fc\u011f\u0259nnil\u0259r\u0259 \u00f6rn\u0259k g\u00f6st\u0259rildi\"}]},{\"@type\":\"WebSite\",\"@id\":\"https:\\\/\\\/www.meydan.tv\\\/az\\\/#website\",\"url\":\"https:\\\/\\\/www.meydan.tv\\\/az\\\/\",\"name\":\"MEYDAN.TV\",\"description\":\"Meydan TV Az\u0259rbaycan\u0131n media m\u0259kan\u0131ndak\u0131 alternativ s\u0259sidir\",\"publisher\":{\"@id\":\"https:\\\/\\\/www.meydan.tv\\\/az\\\/#organization\"},\"potentialAction\":[{\"@type\":\"SearchAction\",\"target\":{\"@type\":\"EntryPoint\",\"urlTemplate\":\"https:\\\/\\\/www.meydan.tv\\\/az\\\/?s={search_term_string}\"},\"query-input\":{\"@type\":\"PropertyValueSpecification\",\"valueRequired\":true,\"valueName\":\"search_term_string\"}}],\"inLanguage\":\"az\"},{\"@type\":\"Organization\",\"@id\":\"https:\\\/\\\/www.meydan.tv\\\/az\\\/#organization\",\"name\":\"Meydan TV\",\"url\":\"https:\\\/\\\/www.meydan.tv\\\/az\\\/\",\"logo\":{\"@type\":\"ImageObject\",\"inLanguage\":\"az\",\"@id\":\"https:\\\/\\\/www.meydan.tv\\\/az\\\/#\\\/schema\\\/logo\\\/image\\\/\",\"url\":\"https:\\\/\\\/www.meydan.tv\\\/wp-content\\\/uploads\\\/2021\\\/07\\\/meydan-logo.svg\",\"contentUrl\":\"https:\\\/\\\/www.meydan.tv\\\/wp-content\\\/uploads\\\/2021\\\/07\\\/meydan-logo.svg\",\"width\":195,\"height\":46,\"caption\":\"Meydan TV\"},\"image\":{\"@id\":\"https:\\\/\\\/www.meydan.tv\\\/az\\\/#\\\/schema\\\/logo\\\/image\\\/\"}},{\"@type\":\"Person\",\"@id\":\"https:\\\/\\\/www.meydan.tv\\\/az\\\/#\\\/schema\\\/person\\\/9cdbecf90d17180ce1dfbd95b08dcf47\",\"name\":\"elli\",\"sameAs\":[\"https:\\\/\\\/x.com\\\/elli\"]}]}<\/script>\n<!-- \/ Yoast SEO plugin. -->","yoast_head_json":{"title":"Teylor Svift az\u0259rbaycanl\u0131 m\u00fc\u011f\u0259nnil\u0259r\u0259 \u00f6rn\u0259k g\u00f6st\u0259rildi - MEYDAN.TV","robots":{"index":"index","follow":"follow","max-snippet":"max-snippet:-1","max-image-preview":"max-image-preview:large","max-video-preview":"max-video-preview:-1"},"canonical":"https:\/\/www.meydan.tv\/az\/article\/teylor-svift-azerbaycanli-mugennilere-ornek-gosterildi\/","og_locale":"az_AZ","og_type":"article","og_title":"Teylor Svift az\u0259rbaycanl\u0131 m\u00fc\u011f\u0259nnil\u0259r\u0259 \u00f6rn\u0259k g\u00f6st\u0259rildi - MEYDAN.TV","og_description":"Musiqi Forumunun ikinci g\u00fcn\u00fc: \u201cAz\u0259rbaycanda musiqi s\u0259nayesi yoxdur\u201d Az\u0259rbaycanda ilk ... Davam\u0131","og_url":"https:\/\/www.meydan.tv\/az\/article\/teylor-svift-azerbaycanli-mugennilere-ornek-gosterildi\/","og_site_name":"MEYDAN.TV","article_published_time":"2023-10-30T14:10:55+00:00","article_modified_time":"2023-10-30T14:10:59+00:00","og_image":[{"width":1200,"height":821,"url":"https:\/\/www.meydan.tv\/wp-content\/uploads\/musiqi_forumu.jpg","type":"image\/jpeg"}],"author":"elli","twitter_card":"summary_large_image","twitter_creator":"@elli","schema":{"@context":"https:\/\/schema.org","@graph":[{"@type":"Article","@id":"https:\/\/www.meydan.tv\/az\/article\/teylor-svift-azerbaycanli-mugennilere-ornek-gosterildi\/#article","isPartOf":{"@id":"https:\/\/www.meydan.tv\/az\/article\/teylor-svift-azerbaycanli-mugennilere-ornek-gosterildi\/"},"author":{"name":"elli","@id":"https:\/\/www.meydan.tv\/az\/#\/schema\/person\/9cdbecf90d17180ce1dfbd95b08dcf47"},"headline":"Teylor Svift az\u0259rbaycanl\u0131 m\u00fc\u011f\u0259nnil\u0259r\u0259 \u00f6rn\u0259k g\u00f6st\u0259rildi","datePublished":"2023-10-30T14:10:55+00:00","dateModified":"2023-10-30T14:10:59+00:00","mainEntityOfPage":{"@id":"https:\/\/www.meydan.tv\/az\/article\/teylor-svift-azerbaycanli-mugennilere-ornek-gosterildi\/"},"wordCount":851,"publisher":{"@id":"https:\/\/www.meydan.tv\/az\/#organization"},"image":{"@id":"https:\/\/www.meydan.tv\/az\/article\/teylor-svift-azerbaycanli-mugennilere-ornek-gosterildi\/#primaryimage"},"thumbnailUrl":"https:\/\/www.meydan.tv\/wp-content\/uploads\/musiqi_forumu.jpg","articleSection":["M\u0259d\u0259niyy\u0259t","X\u0259b\u0259rl\u0259r"],"inLanguage":"az"},{"@type":"WebPage","@id":"https:\/\/www.meydan.tv\/az\/article\/teylor-svift-azerbaycanli-mugennilere-ornek-gosterildi\/","url":"https:\/\/www.meydan.tv\/az\/article\/teylor-svift-azerbaycanli-mugennilere-ornek-gosterildi\/","name":"Teylor Svift az\u0259rbaycanl\u0131 m\u00fc\u011f\u0259nnil\u0259r\u0259 \u00f6rn\u0259k g\u00f6st\u0259rildi - MEYDAN.TV","isPartOf":{"@id":"https:\/\/www.meydan.tv\/az\/#website"},"primaryImageOfPage":{"@id":"https:\/\/www.meydan.tv\/az\/article\/teylor-svift-azerbaycanli-mugennilere-ornek-gosterildi\/#primaryimage"},"image":{"@id":"https:\/\/www.meydan.tv\/az\/article\/teylor-svift-azerbaycanli-mugennilere-ornek-gosterildi\/#primaryimage"},"thumbnailUrl":"https:\/\/www.meydan.tv\/wp-content\/uploads\/musiqi_forumu.jpg","datePublished":"2023-10-30T14:10:55+00:00","dateModified":"2023-10-30T14:10:59+00:00","breadcrumb":{"@id":"https:\/\/www.meydan.tv\/az\/article\/teylor-svift-azerbaycanli-mugennilere-ornek-gosterildi\/#breadcrumb"},"inLanguage":"az","potentialAction":[{"@type":"ReadAction","target":["https:\/\/www.meydan.tv\/az\/article\/teylor-svift-azerbaycanli-mugennilere-ornek-gosterildi\/"]}]},{"@type":"ImageObject","inLanguage":"az","@id":"https:\/\/www.meydan.tv\/az\/article\/teylor-svift-azerbaycanli-mugennilere-ornek-gosterildi\/#primaryimage","url":"https:\/\/www.meydan.tv\/wp-content\/uploads\/musiqi_forumu.jpg","contentUrl":"https:\/\/www.meydan.tv\/wp-content\/uploads\/musiqi_forumu.jpg","width":1200,"height":821,"caption":"Fotolar: M\u0259d\u0259niyy\u0259t Nazirliyi"},{"@type":"BreadcrumbList","@id":"https:\/\/www.meydan.tv\/az\/article\/teylor-svift-azerbaycanli-mugennilere-ornek-gosterildi\/#breadcrumb","itemListElement":[{"@type":"ListItem","position":1,"name":"Ana s\u0259hif\u0259","item":"https:\/\/www.meydan.tv\/az\/"},{"@type":"ListItem","position":2,"name":"M\u0259d\u0259niyy\u0259t","item":"https:\/\/www.meydan.tv\/az\/section\/medeniyyet\/"},{"@type":"ListItem","position":3,"name":"Teylor Svift az\u0259rbaycanl\u0131 m\u00fc\u011f\u0259nnil\u0259r\u0259 \u00f6rn\u0259k g\u00f6st\u0259rildi"}]},{"@type":"WebSite","@id":"https:\/\/www.meydan.tv\/az\/#website","url":"https:\/\/www.meydan.tv\/az\/","name":"MEYDAN.TV","description":"Meydan TV Az\u0259rbaycan\u0131n media m\u0259kan\u0131ndak\u0131 alternativ s\u0259sidir","publisher":{"@id":"https:\/\/www.meydan.tv\/az\/#organization"},"potentialAction":[{"@type":"SearchAction","target":{"@type":"EntryPoint","urlTemplate":"https:\/\/www.meydan.tv\/az\/?s={search_term_string}"},"query-input":{"@type":"PropertyValueSpecification","valueRequired":true,"valueName":"search_term_string"}}],"inLanguage":"az"},{"@type":"Organization","@id":"https:\/\/www.meydan.tv\/az\/#organization","name":"Meydan TV","url":"https:\/\/www.meydan.tv\/az\/","logo":{"@type":"ImageObject","inLanguage":"az","@id":"https:\/\/www.meydan.tv\/az\/#\/schema\/logo\/image\/","url":"https:\/\/www.meydan.tv\/wp-content\/uploads\/2021\/07\/meydan-logo.svg","contentUrl":"https:\/\/www.meydan.tv\/wp-content\/uploads\/2021\/07\/meydan-logo.svg","width":195,"height":46,"caption":"Meydan TV"},"image":{"@id":"https:\/\/www.meydan.tv\/az\/#\/schema\/logo\/image\/"}},{"@type":"Person","@id":"https:\/\/www.meydan.tv\/az\/#\/schema\/person\/9cdbecf90d17180ce1dfbd95b08dcf47","name":"elli","sameAs":["https:\/\/x.com\/elli"]}]}},"_links":{"self":[{"href":"https:\/\/www.meydan.tv\/az\/wp-json\/wp\/v2\/posts\/289245","targetHints":{"allow":["GET"]}}],"collection":[{"href":"https:\/\/www.meydan.tv\/az\/wp-json\/wp\/v2\/posts"}],"about":[{"href":"https:\/\/www.meydan.tv\/az\/wp-json\/wp\/v2\/types\/post"}],"author":[{"embeddable":true,"href":"https:\/\/www.meydan.tv\/az\/wp-json\/wp\/v2\/users\/8"}],"replies":[{"embeddable":true,"href":"https:\/\/www.meydan.tv\/az\/wp-json\/wp\/v2\/comments?post=289245"}],"version-history":[{"count":3,"href":"https:\/\/www.meydan.tv\/az\/wp-json\/wp\/v2\/posts\/289245\/revisions"}],"predecessor-version":[{"id":289275,"href":"https:\/\/www.meydan.tv\/az\/wp-json\/wp\/v2\/posts\/289245\/revisions\/289275"}],"wp:featuredmedia":[{"embeddable":true,"href":"https:\/\/www.meydan.tv\/az\/wp-json\/wp\/v2\/media\/289222"}],"wp:attachment":[{"href":"https:\/\/www.meydan.tv\/az\/wp-json\/wp\/v2\/media?parent=289245"}],"wp:term":[{"taxonomy":"category","embeddable":true,"href":"https:\/\/www.meydan.tv\/az\/wp-json\/wp\/v2\/categories?post=289245"},{"taxonomy":"post_tag","embeddable":true,"href":"https:\/\/www.meydan.tv\/az\/wp-json\/wp\/v2\/tags?post=289245"}],"curies":[{"name":"wp","href":"https:\/\/api.w.org\/{rel}","templated":true}]}}