{"id":289218,"date":"2023-10-30T16:07:36","date_gmt":"2023-10-30T12:07:36","guid":{"rendered":"https:\/\/www.meydan.tv\/?p=289218"},"modified":"2023-10-30T16:07:41","modified_gmt":"2023-10-30T12:07:41","slug":"mektebler-payiz-qis-movsumune-hazirdirmi","status":"publish","type":"post","link":"https:\/\/www.meydan.tv\/az\/article\/mektebler-payiz-qis-movsumune-hazirdirmi\/","title":{"rendered":"M\u0259kt\u0259bl\u0259r pay\u0131z-q\u0131\u015f m\u00f6vs\u00fcm\u00fcn\u0259 haz\u0131rd\u0131rm\u0131?"},"content":{"rendered":"\n<p><\/p>\n\n\n\n<p><strong><em>Nazirlik haz\u0131r oldu\u011funu deyir, ekspert b\u0259zi rayonlarda m\u00f6vs\u00fcm\u0259 tez ba\u015flama\u011f\u0131n vacib oldu\u011funu s\u00f6yl\u0259yir<\/em><\/strong><\/p>\n\n\n\n<p>Noyabr\u0131n 15-d\u0259n Az\u0259rbaycanda pay\u0131z-q\u0131\u015f m\u00f6vs\u00fcm\u00fcn\u0259 ke\u00e7il\u0259c\u0259k. B\u00fct\u00fcn t\u0259hsil m\u00fc\u0259ssis\u0259l\u0259rind\u0259 d\u0259 istiliyin verilm\u0259si h\u0259min tarixd\u0259n t\u0259min edilir.<\/p>\n\n\n\n<p>Elm v\u0259 T\u0259hsil Nazirliyi h\u0259r il m\u0259kt\u0259bl\u0259r\u0259 istiliyin verilm\u0259si il\u0259 \u0259laq\u0259dar monitorinql\u0259rin ke\u00e7irildiyini v\u0259 probleml\u0259rin h\u0259lli istiqam\u0259tind\u0259 i\u015fl\u0259r g\u00f6r\u00fcld\u00fcy\u00fcn\u00fc des\u0259 d\u0259, havalar soyuyan kimi \u015fikay\u0259tl\u0259r d\u0259 \u00e7oxal\u0131r.<\/p>\n\n\n\n<p>\u00d6t\u0259n il m\u0259kt\u0259bl\u0259rin bir \u00e7oxunda, x\u00fcsus\u0259n d\u0259 regionlardak\u0131 orta m\u0259kt\u0259bl\u0259rd\u0259 istiliyin olmamas\u0131 il\u0259 ba\u011fl\u0131 \u015fikay\u0259tl\u0259r vard\u0131.<\/p>\n\n\n\n<p>R\u0259smi statistikaya g\u00f6r\u0259, Az\u0259rbaycanda \u00fcmumilikd\u0259 4440-dan \u00e7ox m\u0259kt\u0259b var. Bak\u0131da \u00fcmumi 310 t\u0259hsil m\u00fc\u0259ssis\u0259si f\u0259aliyy\u0259t g\u00f6st\u0259rir. M\u0259kt\u0259b\u0259q\u0259d\u0259r t\u0259hsil m\u00fc\u0259ssis\u0259l\u0259rinin say\u0131 is\u0259 331-dir. Qalanlar\u0131 regionlar\u0131n pay\u0131na d\u00fc\u015f\u00fcr.<\/p>\n\n\n\n<p>Orta m\u0259kt\u0259bl\u0259rd\u0259, \u00fcmumilikd\u0259, 1 milyon 600 min\u00a0 \u015fagird t\u0259hsil al\u0131r. Bu \u015fagirdl\u0259rin 415 mind\u0259n \u00e7oxu Bak\u0131 m\u0259kt\u0259bl\u0259rind\u0259 t\u0259hsil alanlard\u0131r.<\/p>\n\n\n<div class=\"wp-block-image\">\n<figure class=\"alignright size-full is-resized\"><img decoding=\"async\" width=\"1200\" height=\"800\" data-src=\"https:\/\/www.meydan.tv\/wp-content\/uploads\/untitled-design-116.jpg\" alt=\"\" class=\"wp-image-273102 lazyload\" style=\"--smush-placeholder-width: 1200px; --smush-placeholder-aspect-ratio: 1200\/800;aspect-ratio:1.5;width:387px;height:auto\" src=\"data:image\/svg+xml;base64,PHN2ZyB3aWR0aD0iMSIgaGVpZ2h0PSIxIiB4bWxucz0iaHR0cDovL3d3dy53My5vcmcvMjAwMC9zdmciPjwvc3ZnPg==\" \/><figcaption class=\"wp-element-caption\">Nabat\u0259li Qulamo\u011flu. Foto: sosial \u015f\u0259b\u0259k\u0259<\/figcaption><\/figure>\n<\/div>\n\n\n<p>T\u0259hsil eksperti Nabat\u0259li Qulamo\u011flu Meydan TV-y\u0259 deyir ki, Bak\u0131da yeni tikil\u0259n v\u0259 t\u0259mir olunan m\u0259kt\u0259bl\u0259r m\u00fcasir qazanxana v\u0259 istilik sistemi il\u0259 t\u0259chiz olunub. Problem m\u0259kt\u0259b r\u0259hb\u0259rliyi t\u0259r\u0259find\u0259n i\u015f\u0259 s\u0259hl\u0259nkarl\u0131qla yana\u015fmadad\u0131r. Onun s\u00f6zl\u0259rin\u0259 g\u00f6r\u0259, m\u0259kt\u0259bl\u0259r\u0259 istilik vaxt\u0131nda verilmir:<\/p>\n\n\n\n<p><em>\u201cM\u0259kt\u0259b r\u0259hb\u0259rliyi v\u0259 yaxud da t\u0259s\u0259rr\u00fcfat i\u015fl\u0259ri \u00fczr\u0259 m\u00fcavini sui-istifad\u0259 hallar\u0131na yol ver\u0259 bilirl\u0259r. \u018fsas s\u0259b\u0259b s\u0259hl\u0259nkarl\u0131qd\u0131r. T\u0259\u0259ss\u00fcf ki, b\u0259zi m\u0259kt\u0259bl\u0259rin qazanxana i\u015f\u00e7il\u0259ri \u00f6z v\u0259zif\u0259 s\u0259lahiyy\u0259tl\u0259rini normal yerin\u0259 yetir\u0259 bilmirl\u0259r\u201d.<\/em><\/p>\n\n\n\n<p>T\u0259hsil eksperti El\u00e7in \u018ff\u0259ndi Meydan TV-y\u0259 deyir ki, regionlardak\u0131 m\u0259kt\u0259bl\u0259rd\u0259 v\u0259ziyy\u0259t daha ac\u0131nacaql\u0131d\u0131r:<\/p>\n\n\n\n<p><em>\u201cB\u0259zi ucqar k\u0259ndl\u0259rd\u0259 sovet d\u00f6vr\u00fcnd\u0259n qalm\u0131\u015f odun, da\u015f k\u00f6m\u00fcr sobalar\u0131ndan istifad\u0259 olunur. H\u0259min \u0259razil\u0259rd\u0259 art\u0131q indid\u0259n i\u015fl\u0259r g\u00f6r\u00fclm\u0259lidir. Onlar\u0131n t\u0259minat\u0131 yax\u015f\u0131la\u015fd\u0131r\u0131lmal\u0131d\u0131r. H\u0259r bir \u015fagirdin t\u0259hsil m\u0259s\u0259l\u0259si il\u0259 yana\u015f\u0131, onlar\u0131n sa\u011flaml\u0131\u011f\u0131 da bizim \u00fc\u00e7\u00fcn vacib olmal\u0131d\u0131r\u201d.<\/em><\/p>\n\n\n\n<p>Ekspert daha bir m\u0259s\u0259l\u0259y\u0259 diqq\u0259t \u00e7\u0259kir. Deyir ki, Az\u0259rbaycan\u0131n b\u0259zi regionlar\u0131nda soyuqlar\u0131n daha tez d\u00fc\u015fm\u0259si, u\u015faqlar\u0131n x\u0259st\u0259l\u0259nm\u0259si v\u0259 x\u0259st\u0259liyin yay\u0131lmas\u0131n\u0131 n\u0259z\u0259r\u0259 alaraq m\u0259kt\u0259bl\u0259rd\u0259 q\u0131\u015f rejimin\u0259 ke\u00e7id havaya uy\u011fun t\u0259nziml\u0259nm\u0259lidir:<\/p>\n\n\n<div class=\"wp-block-image\">\n<figure class=\"alignleft size-full is-resized\"><img decoding=\"async\" width=\"1200\" height=\"675\" data-src=\"https:\/\/www.meydan.tv\/wp-content\/uploads\/tia_c9425c799333d526be75eab5f9955ab5_47xuk5p9oshq3c0fj2ew.jpg\" alt=\"\" class=\"wp-image-261578 lazyload\" style=\"--smush-placeholder-width: 1200px; --smush-placeholder-aspect-ratio: 1200\/675;aspect-ratio:1.7777777777777777;width:375px;height:auto\" src=\"data:image\/svg+xml;base64,PHN2ZyB3aWR0aD0iMSIgaGVpZ2h0PSIxIiB4bWxucz0iaHR0cDovL3d3dy53My5vcmcvMjAwMC9zdmciPjwvc3ZnPg==\" \/><figcaption class=\"wp-element-caption\">T\u0259hsil ekspert El\u00e7in \u018ff\u0259ndi <\/figcaption><\/figure>\n<\/div>\n\n\n<p><em>\u201cD\u00fcnya praktikas\u0131na g\u00f6r\u0259, ay\u0131n tarixind\u0259n as\u0131l\u0131 olmayaraq sinifd\u0259 temperatur 20 d\u0259r\u0259c\u0259d\u0259n a\u015fa\u011f\u0131d\u0131rsa, avtomatik olaraq isitm\u0259 prosesi i\u015f\u0259 d\u00fc\u015fm\u0259lidir. Paytaxtda noyabr\u0131n sonunad\u0259k havalar m\u00fclayim ke\u00e7\u0259 bil\u0259r. Amma Murov silsil\u0259si \u0259traf\u0131nda qar tez d\u00fc\u015f\u00fcr, havalar tez soyuyur. Quba-Qusar v\u0259 s. rayonlarda noyabr\u0131n 15-ni g\u00f6zl\u0259m\u0259yin bir m\u0259nas\u0131 qalm\u0131r. Soyu\u011fun tez d\u00fc\u015fd\u00fcy\u00fc \u0259razil\u0259rd\u0259 istilik m\u00f6vs\u00fcm\u00fcn\u0259 daha tez ke\u00e7m\u0259k laz\u0131md\u0131r\u201d.<\/em><\/p>\n\n\n\n<p>Bak\u0131 \u015e\u0259h\u0259r T\u0259hsil \u0130dar\u0259sind\u0259n (B\u015eT\u0130) Meydan TV-nin sor\u011fusuna cavab olaraq bildiribl\u0259r ki, Nazirl\u0259r Kabinetinin q\u0259rar\u0131na \u0259sas\u0259n, noyabr\u0131n 15-d\u0259n m\u0259kt\u0259bl\u0259r\u0259 istiliyin verilm\u0259si ba\u015flanacaq.<\/p>\n\n\n\n<p>\u201c<em>M\u0259kt\u0259bl\u0259rin istilikl\u0259 t\u0259minat\u0131 m\u0259s\u0259l\u0259si tam n\u0259zar\u0259t\u0259 g\u00f6t\u00fcr\u00fcl\u00fcb v\u0259 qar\u015f\u0131ya \u00e7\u0131xan probleml\u0259rin operativ h\u0259lli \u00fc\u00e7\u00fcn z\u0259ruri i\u015fl\u0259r g\u00f6r\u00fcl\u00fcr. M\u0259kt\u0259bl\u0259rin istilikl\u0259 t\u0259min olunmas\u0131n\u0131n normal t\u0259\u015fkili \u00fc\u00e7\u00fcn davaml\u0131 monitorinql\u0259r apar\u0131l\u0131r, h\u0259r hans\u0131 problem a\u015fkarland\u0131\u011f\u0131 t\u0259qdird\u0259, s\u0259b\u0259bi m\u00fc\u0259yy\u0259nl\u0259\u015fdiril\u0259r\u0259k aradan qald\u0131r\u0131lmas\u0131 \u00fc\u00e7\u00fcn m\u00fcvafiq t\u0259dbirl\u0259r g\u00f6r\u00fcl\u00fcr, aidiyy\u0259ti qurumlara m\u00fcraci\u0259t olunur\u201d<\/em>, &#8211; B\u015eT\u0130-nin cavab\u0131nda deyilir.<\/p>\n\n\n<div class=\"wp-block-image\">\n<figure class=\"aligncenter size-full\"><img decoding=\"async\" width=\"1200\" height=\"800\" data-src=\"https:\/\/www.meydan.tv\/wp-content\/uploads\/001-22.09.2020-1-1.jpg\" alt=\"\" class=\"wp-image-225599 lazyload\" src=\"data:image\/svg+xml;base64,PHN2ZyB3aWR0aD0iMSIgaGVpZ2h0PSIxIiB4bWxucz0iaHR0cDovL3d3dy53My5vcmcvMjAwMC9zdmciPjwvc3ZnPg==\" style=\"--smush-placeholder-width: 1200px; --smush-placeholder-aspect-ratio: 1200\/800;\" \/><figcaption class=\"wp-element-caption\">Foto: https:\/\/edu.gov.az\/<\/figcaption><\/figure>\n<\/div>\n\n\n<p>Bildirilir ki, idar\u0259nin tabeliyind\u0259ki t\u0259hsil m\u00fc\u0259ssis\u0259l\u0259rinin pay\u0131z-q\u0131\u015f m\u00f6vs\u00fcm\u00fcn\u0259 haz\u0131rl\u0131q t\u0259dbirl\u0259rin\u0259 dair \u201cAz\u0259ristilikt\u0259chizat\u201d ASC, \u201cAz\u0259riqaz\u201d \u0130stehsalat Birliyi v\u0259 \u201cAz\u0259rsu\u201d ASC-nin n\u00fcmay\u0259nd\u0259l\u0259rinin i\u015ftirak\u0131 il\u0259 g\u00f6r\u00fc\u015fl\u0259r ke\u00e7irilib:<\/p>\n\n\n\n<p>\u201c<em>H\u0259m\u00e7inin B\u015eT\u0130-nin tabeliyind\u0259ki t\u0259hsil m\u00fc\u0259ssis\u0259l\u0259rind\u0259 ocaq\u00e7\u0131 v\u0259zif\u0259sind\u0259 \u00e7al\u0131\u015fan i\u015f\u00e7il\u0259r \u00fc\u00e7\u00fcn t\u0259liml\u0259r ke\u00e7irilir. Paytaxt\u0131n 12 rayonu \u00fczr\u0259 t\u0259\u015fkil olunan t\u0259liml\u0259r \u201cAz\u0259ristilikt\u0259chizat\u201d ASC-nin y\u00fcks\u0259k ixtisasl\u0131 m\u00fct\u0259x\u0259ssisl\u0259ri t\u0259r\u0259find\u0259n apar\u0131l\u0131r. T\u0259liml\u0259rin ke\u00e7irilm\u0259sinin \u0259sas m\u0259qs\u0259di qazanxanalarda \u0259m\u0259yin m\u00fchafiz\u0259sinin t\u0259\u015fkili, qur\u011fular\u0131n t\u0259hl\u00fck\u0259sizlik texnikas\u0131, yan\u011f\u0131n t\u0259hl\u00fck\u0259sizliyi v\u0259 texniki istismar qaydalar\u0131n\u0131n t\u0259l\u0259bl\u0259rin\u0259 uy\u011fun f\u0259aliyy\u0259tinin t\u0259min edilm\u0259si il\u0259 ba\u011fl\u0131 ocaq\u00e7\u0131lar\u0131n bilik v\u0259 bacar\u0131qlar\u0131n\u0131 art\u0131rmaqdan ibar\u0259tdir\u201d.<\/em><\/p>\n\n\n\n<p>B\u015eT\u0130-nin tabeliyind\u0259 f\u0259aliyy\u0259t g\u00f6st\u0259r\u0259n \u00fcmumi t\u0259hsil m\u00fc\u0259ssis\u0259l\u0259rind\u0259n 123-\u00fc \u201cAz\u0259ristilik\u201d ASC t\u0259r\u0259find\u0259n m\u0259rk\u0259zl\u0259\u015fdirilmi\u015f qaydada, 188-i f\u0259rdi qazanxana vasit\u0259sil\u0259, 1-i is\u0259 f\u0259rdi v\u0259 m\u0259rk\u0259zl\u0259\u015fdirilmi\u015f qaydada istilikl\u0259 t\u0259chiz edilir.<\/p>\n\n\n<div class=\"wp-block-image\">\n<figure class=\"aligncenter size-large\"><img decoding=\"async\" width=\"1200\" height=\"797\" data-src=\"https:\/\/www.meydan.tv\/wp-content\/uploads\/37288-1200x797.jpg\" alt=\"T\u0259hsil Nazirliyi\" class=\"wp-image-94388 lazyload\" src=\"data:image\/svg+xml;base64,PHN2ZyB3aWR0aD0iMSIgaGVpZ2h0PSIxIiB4bWxucz0iaHR0cDovL3d3dy53My5vcmcvMjAwMC9zdmciPjwvc3ZnPg==\" style=\"--smush-placeholder-width: 1200px; --smush-placeholder-aspect-ratio: 1200\/797;\" \/><figcaption class=\"wp-element-caption\">Foto: Elm v\u0259 T\u0259hsil Nazirliyi<\/figcaption><\/figure>\n<\/div>\n\n\n<p>Elm v\u0259 T\u0259hsil Nazirliyind\u0259n d\u0259 Meydan TV-nin sor\u011fusuna eyni cavab verilib. Bildirilib ki, pay\u0131z-q\u0131\u015f m\u00f6vs\u00fcm\u00fcn\u00fcn yax\u0131nla\u015fmas\u0131 il\u0259 \u0259laq\u0259dar olaraq t\u0259hsil m\u00fc\u0259ssis\u0259l\u0259rind\u0259 qabaqlay\u0131c\u0131 t\u0259dbirl\u0259r g\u00f6r\u00fcl\u00fcr.<\/p>\n\n\n\n<p><em>\u201cM\u0259rk\u0259zl\u0259\u015fmi\u015f istilik sistemi (kombi, qazanxana v\u0259 s.) t\u0259min edil\u0259n m\u00fc\u0259ssis\u0259l\u0259rd\u0259 haz\u0131rda monitorinql\u0259r ke\u00e7irilir v\u0259 a\u015fkarlanan probleml\u0259r aidiyy\u0259ti \u00fczr\u0259 h\u0259ll olunur. Dig\u0259r yanacaq vasit\u0259sil\u0259 q\u0131zd\u0131r\u0131lmas\u0131 n\u0259z\u0259rd\u0259 tutulan t\u0259hsil m\u00fc\u0259ssis\u0259l\u0259rin\u0259 yanacaq vasit\u0259l\u0259rinin v\u0259 q\u0131zd\u0131r\u0131c\u0131 avadanl\u0131qlar\u0131n (elektrik, odun, dizel sobas\u0131, t\u00fcst\u00fc borular\u0131 v\u0259 s.) t\u0259dar\u00fck\u00fc davam edir. Noyabr\u0131n 1-d\u0259k t\u0259chizat prosesinin tamamil\u0259 ba\u015fa \u00e7atd\u0131r\u0131lmas\u0131 planla\u015fd\u0131r\u0131l\u0131r\u201d, <\/em>&#8211; nazirlikd\u0259n bildirilib.<\/p>\n","protected":false},"excerpt":{"rendered":"<p>Nazirlik haz\u0131r oldu\u011funu deyir, ekspert b\u0259zi rayonlarda m\u00f6vs\u00fcm\u0259 tez ba\u015flama\u011f\u0131n &#8230; <\/p>\n<p class=\"read-more-container\"><a title=\"M\u0259kt\u0259bl\u0259r pay\u0131z-q\u0131\u015f m\u00f6vs\u00fcm\u00fcn\u0259 haz\u0131rd\u0131rm\u0131?\" class=\"read-more button\" href=\"https:\/\/www.meydan.tv\/az\/article\/mektebler-payiz-qis-movsumune-hazirdirmi\/#more-289218\" aria-label=\"Read more about M\u0259kt\u0259bl\u0259r pay\u0131z-q\u0131\u015f m\u00f6vs\u00fcm\u00fcn\u0259 haz\u0131rd\u0131rm\u0131?\">Davam\u0131<\/a><\/p>\n","protected":false},"author":8,"featured_media":74619,"comment_status":"closed","ping_status":"closed","sticky":false,"template":"","format":"standard","meta":{"_acf_changed":false,"_sitemap_exclude":false,"_sitemap_priority":"","_sitemap_frequency":"","footnotes":""},"categories":[62,79,56],"tags":[],"class_list":["post-289218","post","type-post","status-publish","format-standard","has-post-thumbnail","hentry","category-sosial","category-featured","category-xeberler","infinite-scroll-item","generate-columns","tablet-grid-50","mobile-grid-100","grid-parent","grid-33","no-featured-image-padding"],"acf":[],"yoast_head":"<!-- This site is optimized with the Yoast SEO plugin v27.5 - https:\/\/yoast.com\/product\/yoast-seo-wordpress\/ -->\n<title>M\u0259kt\u0259bl\u0259r pay\u0131z-q\u0131\u015f m\u00f6vs\u00fcm\u00fcn\u0259 haz\u0131rd\u0131rm\u0131? - MEYDAN.TV<\/title>\n<meta name=\"robots\" content=\"index, follow, max-snippet:-1, max-image-preview:large, max-video-preview:-1\" \/>\n<link rel=\"canonical\" href=\"https:\/\/www.meydan.tv\/az\/article\/mektebler-payiz-qis-movsumune-hazirdirmi\/\" \/>\n<meta property=\"og:locale\" content=\"az_AZ\" \/>\n<meta property=\"og:type\" content=\"article\" \/>\n<meta property=\"og:title\" content=\"M\u0259kt\u0259bl\u0259r pay\u0131z-q\u0131\u015f m\u00f6vs\u00fcm\u00fcn\u0259 haz\u0131rd\u0131rm\u0131? - MEYDAN.TV\" \/>\n<meta property=\"og:description\" content=\"Nazirlik haz\u0131r oldu\u011funu deyir, ekspert b\u0259zi rayonlarda m\u00f6vs\u00fcm\u0259 tez ba\u015flama\u011f\u0131n ... Davam\u0131\" \/>\n<meta property=\"og:url\" content=\"https:\/\/www.meydan.tv\/az\/article\/mektebler-payiz-qis-movsumune-hazirdirmi\/\" \/>\n<meta property=\"og:site_name\" content=\"MEYDAN.TV\" \/>\n<meta property=\"article:published_time\" content=\"2023-10-30T12:07:36+00:00\" \/>\n<meta property=\"article:modified_time\" content=\"2023-10-30T12:07:41+00:00\" \/>\n<meta property=\"og:image\" content=\"https:\/\/www.meydan.tv\/wp-content\/uploads\/28843.jpg\" \/>\n\t<meta property=\"og:image:width\" content=\"1000\" \/>\n\t<meta property=\"og:image:height\" content=\"750\" \/>\n\t<meta property=\"og:image:type\" content=\"image\/jpeg\" \/>\n<meta name=\"author\" content=\"elli\" \/>\n<meta name=\"twitter:card\" content=\"summary_large_image\" \/>\n<meta name=\"twitter:creator\" content=\"@elli\" \/>\n<script type=\"application\/ld+json\" class=\"yoast-schema-graph\">{\"@context\":\"https:\\\/\\\/schema.org\",\"@graph\":[{\"@type\":\"Article\",\"@id\":\"https:\\\/\\\/www.meydan.tv\\\/az\\\/article\\\/mektebler-payiz-qis-movsumune-hazirdirmi\\\/#article\",\"isPartOf\":{\"@id\":\"https:\\\/\\\/www.meydan.tv\\\/az\\\/article\\\/mektebler-payiz-qis-movsumune-hazirdirmi\\\/\"},\"author\":{\"name\":\"elli\",\"@id\":\"https:\\\/\\\/www.meydan.tv\\\/az\\\/#\\\/schema\\\/person\\\/9cdbecf90d17180ce1dfbd95b08dcf47\"},\"headline\":\"M\u0259kt\u0259bl\u0259r pay\u0131z-q\u0131\u015f m\u00f6vs\u00fcm\u00fcn\u0259 haz\u0131rd\u0131rm\u0131?\",\"datePublished\":\"2023-10-30T12:07:36+00:00\",\"dateModified\":\"2023-10-30T12:07:41+00:00\",\"mainEntityOfPage\":{\"@id\":\"https:\\\/\\\/www.meydan.tv\\\/az\\\/article\\\/mektebler-payiz-qis-movsumune-hazirdirmi\\\/\"},\"wordCount\":1146,\"publisher\":{\"@id\":\"https:\\\/\\\/www.meydan.tv\\\/az\\\/#organization\"},\"image\":{\"@id\":\"https:\\\/\\\/www.meydan.tv\\\/az\\\/article\\\/mektebler-payiz-qis-movsumune-hazirdirmi\\\/#primaryimage\"},\"thumbnailUrl\":\"https:\\\/\\\/www.meydan.tv\\\/wp-content\\\/uploads\\\/28843.jpg\",\"articleSection\":[\"Sosial\",\"T\u00f6vsiy\u0259\",\"X\u0259b\u0259rl\u0259r\"],\"inLanguage\":\"az\"},{\"@type\":\"WebPage\",\"@id\":\"https:\\\/\\\/www.meydan.tv\\\/az\\\/article\\\/mektebler-payiz-qis-movsumune-hazirdirmi\\\/\",\"url\":\"https:\\\/\\\/www.meydan.tv\\\/az\\\/article\\\/mektebler-payiz-qis-movsumune-hazirdirmi\\\/\",\"name\":\"M\u0259kt\u0259bl\u0259r pay\u0131z-q\u0131\u015f m\u00f6vs\u00fcm\u00fcn\u0259 haz\u0131rd\u0131rm\u0131? - MEYDAN.TV\",\"isPartOf\":{\"@id\":\"https:\\\/\\\/www.meydan.tv\\\/az\\\/#website\"},\"primaryImageOfPage\":{\"@id\":\"https:\\\/\\\/www.meydan.tv\\\/az\\\/article\\\/mektebler-payiz-qis-movsumune-hazirdirmi\\\/#primaryimage\"},\"image\":{\"@id\":\"https:\\\/\\\/www.meydan.tv\\\/az\\\/article\\\/mektebler-payiz-qis-movsumune-hazirdirmi\\\/#primaryimage\"},\"thumbnailUrl\":\"https:\\\/\\\/www.meydan.tv\\\/wp-content\\\/uploads\\\/28843.jpg\",\"datePublished\":\"2023-10-30T12:07:36+00:00\",\"dateModified\":\"2023-10-30T12:07:41+00:00\",\"breadcrumb\":{\"@id\":\"https:\\\/\\\/www.meydan.tv\\\/az\\\/article\\\/mektebler-payiz-qis-movsumune-hazirdirmi\\\/#breadcrumb\"},\"inLanguage\":\"az\",\"potentialAction\":[{\"@type\":\"ReadAction\",\"target\":[\"https:\\\/\\\/www.meydan.tv\\\/az\\\/article\\\/mektebler-payiz-qis-movsumune-hazirdirmi\\\/\"]}]},{\"@type\":\"ImageObject\",\"inLanguage\":\"az\",\"@id\":\"https:\\\/\\\/www.meydan.tv\\\/az\\\/article\\\/mektebler-payiz-qis-movsumune-hazirdirmi\\\/#primaryimage\",\"url\":\"https:\\\/\\\/www.meydan.tv\\\/wp-content\\\/uploads\\\/28843.jpg\",\"contentUrl\":\"https:\\\/\\\/www.meydan.tv\\\/wp-content\\\/uploads\\\/28843.jpg\",\"width\":1000,\"height\":750,\"caption\":\"Foto: arxiv\"},{\"@type\":\"BreadcrumbList\",\"@id\":\"https:\\\/\\\/www.meydan.tv\\\/az\\\/article\\\/mektebler-payiz-qis-movsumune-hazirdirmi\\\/#breadcrumb\",\"itemListElement\":[{\"@type\":\"ListItem\",\"position\":1,\"name\":\"Ana s\u0259hif\u0259\",\"item\":\"https:\\\/\\\/www.meydan.tv\\\/az\\\/\"},{\"@type\":\"ListItem\",\"position\":2,\"name\":\"Sosial\",\"item\":\"https:\\\/\\\/www.meydan.tv\\\/az\\\/section\\\/sosial\\\/\"},{\"@type\":\"ListItem\",\"position\":3,\"name\":\"M\u0259kt\u0259bl\u0259r pay\u0131z-q\u0131\u015f m\u00f6vs\u00fcm\u00fcn\u0259 haz\u0131rd\u0131rm\u0131?\"}]},{\"@type\":\"WebSite\",\"@id\":\"https:\\\/\\\/www.meydan.tv\\\/az\\\/#website\",\"url\":\"https:\\\/\\\/www.meydan.tv\\\/az\\\/\",\"name\":\"MEYDAN.TV\",\"description\":\"Meydan TV Az\u0259rbaycan\u0131n media m\u0259kan\u0131ndak\u0131 alternativ s\u0259sidir\",\"publisher\":{\"@id\":\"https:\\\/\\\/www.meydan.tv\\\/az\\\/#organization\"},\"potentialAction\":[{\"@type\":\"SearchAction\",\"target\":{\"@type\":\"EntryPoint\",\"urlTemplate\":\"https:\\\/\\\/www.meydan.tv\\\/az\\\/?s={search_term_string}\"},\"query-input\":{\"@type\":\"PropertyValueSpecification\",\"valueRequired\":true,\"valueName\":\"search_term_string\"}}],\"inLanguage\":\"az\"},{\"@type\":\"Organization\",\"@id\":\"https:\\\/\\\/www.meydan.tv\\\/az\\\/#organization\",\"name\":\"Meydan TV\",\"url\":\"https:\\\/\\\/www.meydan.tv\\\/az\\\/\",\"logo\":{\"@type\":\"ImageObject\",\"inLanguage\":\"az\",\"@id\":\"https:\\\/\\\/www.meydan.tv\\\/az\\\/#\\\/schema\\\/logo\\\/image\\\/\",\"url\":\"https:\\\/\\\/www.meydan.tv\\\/wp-content\\\/uploads\\\/2021\\\/07\\\/meydan-logo.svg\",\"contentUrl\":\"https:\\\/\\\/www.meydan.tv\\\/wp-content\\\/uploads\\\/2021\\\/07\\\/meydan-logo.svg\",\"width\":195,\"height\":46,\"caption\":\"Meydan TV\"},\"image\":{\"@id\":\"https:\\\/\\\/www.meydan.tv\\\/az\\\/#\\\/schema\\\/logo\\\/image\\\/\"}},{\"@type\":\"Person\",\"@id\":\"https:\\\/\\\/www.meydan.tv\\\/az\\\/#\\\/schema\\\/person\\\/9cdbecf90d17180ce1dfbd95b08dcf47\",\"name\":\"elli\",\"sameAs\":[\"https:\\\/\\\/x.com\\\/elli\"]}]}<\/script>\n<!-- \/ Yoast SEO plugin. -->","yoast_head_json":{"title":"M\u0259kt\u0259bl\u0259r pay\u0131z-q\u0131\u015f m\u00f6vs\u00fcm\u00fcn\u0259 haz\u0131rd\u0131rm\u0131? - MEYDAN.TV","robots":{"index":"index","follow":"follow","max-snippet":"max-snippet:-1","max-image-preview":"max-image-preview:large","max-video-preview":"max-video-preview:-1"},"canonical":"https:\/\/www.meydan.tv\/az\/article\/mektebler-payiz-qis-movsumune-hazirdirmi\/","og_locale":"az_AZ","og_type":"article","og_title":"M\u0259kt\u0259bl\u0259r pay\u0131z-q\u0131\u015f m\u00f6vs\u00fcm\u00fcn\u0259 haz\u0131rd\u0131rm\u0131? - MEYDAN.TV","og_description":"Nazirlik haz\u0131r oldu\u011funu deyir, ekspert b\u0259zi rayonlarda m\u00f6vs\u00fcm\u0259 tez ba\u015flama\u011f\u0131n ... Davam\u0131","og_url":"https:\/\/www.meydan.tv\/az\/article\/mektebler-payiz-qis-movsumune-hazirdirmi\/","og_site_name":"MEYDAN.TV","article_published_time":"2023-10-30T12:07:36+00:00","article_modified_time":"2023-10-30T12:07:41+00:00","og_image":[{"width":1000,"height":750,"url":"https:\/\/www.meydan.tv\/wp-content\/uploads\/28843.jpg","type":"image\/jpeg"}],"author":"elli","twitter_card":"summary_large_image","twitter_creator":"@elli","schema":{"@context":"https:\/\/schema.org","@graph":[{"@type":"Article","@id":"https:\/\/www.meydan.tv\/az\/article\/mektebler-payiz-qis-movsumune-hazirdirmi\/#article","isPartOf":{"@id":"https:\/\/www.meydan.tv\/az\/article\/mektebler-payiz-qis-movsumune-hazirdirmi\/"},"author":{"name":"elli","@id":"https:\/\/www.meydan.tv\/az\/#\/schema\/person\/9cdbecf90d17180ce1dfbd95b08dcf47"},"headline":"M\u0259kt\u0259bl\u0259r pay\u0131z-q\u0131\u015f m\u00f6vs\u00fcm\u00fcn\u0259 haz\u0131rd\u0131rm\u0131?","datePublished":"2023-10-30T12:07:36+00:00","dateModified":"2023-10-30T12:07:41+00:00","mainEntityOfPage":{"@id":"https:\/\/www.meydan.tv\/az\/article\/mektebler-payiz-qis-movsumune-hazirdirmi\/"},"wordCount":1146,"publisher":{"@id":"https:\/\/www.meydan.tv\/az\/#organization"},"image":{"@id":"https:\/\/www.meydan.tv\/az\/article\/mektebler-payiz-qis-movsumune-hazirdirmi\/#primaryimage"},"thumbnailUrl":"https:\/\/www.meydan.tv\/wp-content\/uploads\/28843.jpg","articleSection":["Sosial","T\u00f6vsiy\u0259","X\u0259b\u0259rl\u0259r"],"inLanguage":"az"},{"@type":"WebPage","@id":"https:\/\/www.meydan.tv\/az\/article\/mektebler-payiz-qis-movsumune-hazirdirmi\/","url":"https:\/\/www.meydan.tv\/az\/article\/mektebler-payiz-qis-movsumune-hazirdirmi\/","name":"M\u0259kt\u0259bl\u0259r pay\u0131z-q\u0131\u015f m\u00f6vs\u00fcm\u00fcn\u0259 haz\u0131rd\u0131rm\u0131? - MEYDAN.TV","isPartOf":{"@id":"https:\/\/www.meydan.tv\/az\/#website"},"primaryImageOfPage":{"@id":"https:\/\/www.meydan.tv\/az\/article\/mektebler-payiz-qis-movsumune-hazirdirmi\/#primaryimage"},"image":{"@id":"https:\/\/www.meydan.tv\/az\/article\/mektebler-payiz-qis-movsumune-hazirdirmi\/#primaryimage"},"thumbnailUrl":"https:\/\/www.meydan.tv\/wp-content\/uploads\/28843.jpg","datePublished":"2023-10-30T12:07:36+00:00","dateModified":"2023-10-30T12:07:41+00:00","breadcrumb":{"@id":"https:\/\/www.meydan.tv\/az\/article\/mektebler-payiz-qis-movsumune-hazirdirmi\/#breadcrumb"},"inLanguage":"az","potentialAction":[{"@type":"ReadAction","target":["https:\/\/www.meydan.tv\/az\/article\/mektebler-payiz-qis-movsumune-hazirdirmi\/"]}]},{"@type":"ImageObject","inLanguage":"az","@id":"https:\/\/www.meydan.tv\/az\/article\/mektebler-payiz-qis-movsumune-hazirdirmi\/#primaryimage","url":"https:\/\/www.meydan.tv\/wp-content\/uploads\/28843.jpg","contentUrl":"https:\/\/www.meydan.tv\/wp-content\/uploads\/28843.jpg","width":1000,"height":750,"caption":"Foto: arxiv"},{"@type":"BreadcrumbList","@id":"https:\/\/www.meydan.tv\/az\/article\/mektebler-payiz-qis-movsumune-hazirdirmi\/#breadcrumb","itemListElement":[{"@type":"ListItem","position":1,"name":"Ana s\u0259hif\u0259","item":"https:\/\/www.meydan.tv\/az\/"},{"@type":"ListItem","position":2,"name":"Sosial","item":"https:\/\/www.meydan.tv\/az\/section\/sosial\/"},{"@type":"ListItem","position":3,"name":"M\u0259kt\u0259bl\u0259r pay\u0131z-q\u0131\u015f m\u00f6vs\u00fcm\u00fcn\u0259 haz\u0131rd\u0131rm\u0131?"}]},{"@type":"WebSite","@id":"https:\/\/www.meydan.tv\/az\/#website","url":"https:\/\/www.meydan.tv\/az\/","name":"MEYDAN.TV","description":"Meydan TV Az\u0259rbaycan\u0131n media m\u0259kan\u0131ndak\u0131 alternativ s\u0259sidir","publisher":{"@id":"https:\/\/www.meydan.tv\/az\/#organization"},"potentialAction":[{"@type":"SearchAction","target":{"@type":"EntryPoint","urlTemplate":"https:\/\/www.meydan.tv\/az\/?s={search_term_string}"},"query-input":{"@type":"PropertyValueSpecification","valueRequired":true,"valueName":"search_term_string"}}],"inLanguage":"az"},{"@type":"Organization","@id":"https:\/\/www.meydan.tv\/az\/#organization","name":"Meydan TV","url":"https:\/\/www.meydan.tv\/az\/","logo":{"@type":"ImageObject","inLanguage":"az","@id":"https:\/\/www.meydan.tv\/az\/#\/schema\/logo\/image\/","url":"https:\/\/www.meydan.tv\/wp-content\/uploads\/2021\/07\/meydan-logo.svg","contentUrl":"https:\/\/www.meydan.tv\/wp-content\/uploads\/2021\/07\/meydan-logo.svg","width":195,"height":46,"caption":"Meydan TV"},"image":{"@id":"https:\/\/www.meydan.tv\/az\/#\/schema\/logo\/image\/"}},{"@type":"Person","@id":"https:\/\/www.meydan.tv\/az\/#\/schema\/person\/9cdbecf90d17180ce1dfbd95b08dcf47","name":"elli","sameAs":["https:\/\/x.com\/elli"]}]}},"_links":{"self":[{"href":"https:\/\/www.meydan.tv\/az\/wp-json\/wp\/v2\/posts\/289218","targetHints":{"allow":["GET"]}}],"collection":[{"href":"https:\/\/www.meydan.tv\/az\/wp-json\/wp\/v2\/posts"}],"about":[{"href":"https:\/\/www.meydan.tv\/az\/wp-json\/wp\/v2\/types\/post"}],"author":[{"embeddable":true,"href":"https:\/\/www.meydan.tv\/az\/wp-json\/wp\/v2\/users\/8"}],"replies":[{"embeddable":true,"href":"https:\/\/www.meydan.tv\/az\/wp-json\/wp\/v2\/comments?post=289218"}],"version-history":[{"count":3,"href":"https:\/\/www.meydan.tv\/az\/wp-json\/wp\/v2\/posts\/289218\/revisions"}],"predecessor-version":[{"id":289221,"href":"https:\/\/www.meydan.tv\/az\/wp-json\/wp\/v2\/posts\/289218\/revisions\/289221"}],"wp:featuredmedia":[{"embeddable":true,"href":"https:\/\/www.meydan.tv\/az\/wp-json\/wp\/v2\/media\/74619"}],"wp:attachment":[{"href":"https:\/\/www.meydan.tv\/az\/wp-json\/wp\/v2\/media?parent=289218"}],"wp:term":[{"taxonomy":"category","embeddable":true,"href":"https:\/\/www.meydan.tv\/az\/wp-json\/wp\/v2\/categories?post=289218"},{"taxonomy":"post_tag","embeddable":true,"href":"https:\/\/www.meydan.tv\/az\/wp-json\/wp\/v2\/tags?post=289218"}],"curies":[{"name":"wp","href":"https:\/\/api.w.org\/{rel}","templated":true}]}}