{"id":289194,"date":"2023-10-30T14:13:50","date_gmt":"2023-10-30T10:13:50","guid":{"rendered":"https:\/\/www.meydan.tv\/?p=289194"},"modified":"2023-10-30T14:13:53","modified_gmt":"2023-10-30T10:13:53","slug":"tengivanlilar-kendde-ekoloji-terror-yasanir","status":"publish","type":"post","link":"https:\/\/www.meydan.tv\/az\/article\/tengivanlilar-kendde-ekoloji-terror-yasanir\/","title":{"rendered":"T\u0259ngivanl\u0131lar: &#8220;K\u0259ndd\u0259 ekoloji terror ya\u015fan\u0131r&#8221;"},"content":{"rendered":"\n<p><\/p>\n\n\n\n<p><strong><em>&#8220;K\u0259nd ba\u015fdan-ba\u015fa yar\u011fan v\u0259 u\u00e7urum hal\u0131na g\u0259tirilib&#8221;<\/em><\/strong><\/p>\n\n\n\n<p>L\u0259nk\u0259ran\u0131n T\u0259ngivan k\u0259ndinin sakinl\u0259ri yen\u0259 naraz\u0131d\u0131r. Onlar Meydan TV-y\u0259 deyirl\u0259r ki, k\u0259ndd\u0259 ill\u0259rdir ekoloji terror ya\u015fan\u0131r, hans\u0131sa hadis\u0259 ba\u015f ver\u0259nd\u0259 m\u0259tbuat ara-s\u0131ra yaz\u0131r, sonra yen\u0259 t\u0259k qal\u0131rlar.<\/p>\n\n\n\n<p>Okyabr\u0131n 24-d\u0259, saat t\u0259xmin\u0259n 17 rad\u0259l\u0259rind\u0259 k\u0259ndd\u0259ki karxanan\u0131n \u0259razisind\u0259 q\u0259za ba\u015f verib. Qaz\u0131nt\u0131 n\u0259tic\u0259sind\u0259 t\u0259hl\u00fck\u0259li v\u0259ziyy\u0259t\u0259 d\u00fc\u015f\u0259n yolda avtomobil a\u015f\u0131b, bir n\u0259f\u0259r \u00f6l\u00fcb, bir n\u0259f\u0259r is\u0259 yaralan\u0131b.<\/p>\n\n\n\n<p>Ad\u0131n\u0131n a\u00e7\u0131qlanmas\u0131n\u0131 ist\u0259m\u0259y\u0259n sakinl\u0259rd\u0259n biri deyib ki, k\u0259ndd\u0259ki \u00e7ay v\u0259 \u00e7ay\u0131n \u0259traf\u0131 on il\u0259 yax\u0131nd\u0131r istismar edilir. \u00d6r\u00fc\u015f torpaqlar\u0131, k\u0259ndin yollar\u0131 yarars\u0131z v\u0259ziyy\u0259t\u0259 d\u00fc\u015f\u00fcb, k\u0259ndlil\u0259r \u00e7aydan istifad\u0259 ed\u0259 bilmirl\u0259r.<\/p>\n\n\n\n<p><em>\u201cBir ne\u00e7\u0259 istiqam\u0259td\u0259 yol yarars\u0131z haldad\u0131r, \u00e7\u00fcnki ill\u0259rdir qaz\u0131l\u0131r. Hadis\u0259 d\u0259 m\u0259hz qaz\u0131lan yolda ba\u015f verib. Zavoda m\u0259xsus &#8220;VAZ 21014&#8221; markal\u0131 avtomobil h\u0259r\u0259k\u0259td\u0259 olark\u0259n d\u00f6nm\u0259 manevri etm\u0259k ist\u0259yib. Avtomobil 10 metr a\u015fa\u011f\u0131ya a\u015f\u0131b\u201d,<\/em>-zavod v\u0259 broyler \u015firk\u0259tind\u0259n \u015fikay\u0259t etdikl\u0259rin\u0259 g\u00f6r\u0259 t\u0259zyiql\u0259r\u0259 m\u0259ruz qald\u0131qlar\u0131ndan adlar\u0131n\u0131n a\u00e7\u0131qlanmas\u0131n\u0131 ist\u0259m\u0259y\u0259n sakinl\u0259r deyibl\u0259r.<\/p>\n\n\n\n<p>K\u0259ndlil\u0259r deyibl\u0259r ki, k\u0259nd ba\u015fdan-ba\u015fa yar\u011fan v\u0259 u\u00e7urum hal\u0131na g\u0259tirilib. H\u0259tta d\u0259f\u0259l\u0259rl\u0259 mal-qara da qaz\u0131nt\u0131 n\u0259tic\u0259sid\u0259 yaranm\u0131\u015f d\u0259rin \u00e7alaya d\u00fc\u015f\u0259r\u0259k t\u0259l\u0259f olub: <\/p>\n\n\n\n<p><em>\u201cQ\u0259za n\u0259tic\u0259sind\u0259 da\u015f istehsal\u0131 il\u0259 m\u0259\u015f\u011ful olan zavodda f\u0259hl\u0259 kimi \u00e7al\u0131\u015fan 52 ya\u015fl\u0131 \u00dcmid Saleh o\u011flu \u018fliyev h\u0259lak olub. Hadis\u0259 n\u0259tic\u0259sind\u0259 x\u0259sar\u0259t alan Lo\u011fman M\u0259mm\u0259dov beyn\u0259 qan s\u0131zmas\u0131 diaqnozu il\u0259 h\u0259l\u0259 d\u0259 L\u0259nk\u0259ran M\u0259rk\u0259zi X\u0259st\u0259xanas\u0131nin reanimasiya \u015f\u00f6b\u0259sind\u0259dir. S\u00fcr\u00fcc\u00fc d\u0259 zavodda f\u0259hl\u0259 i\u015fl\u0259y\u0259n X\u0259qani Sucayevdir. O, \u00f6z\u00fcn\u00fc at\u0131b dey\u0259 ona he\u00e7 n\u0259 olmay\u0131b. Onu polis saxlay\u0131b\u201d.<\/em><\/p>\n\n\n\n<p>K\u0259ndlil\u0259r deyirl\u0259r ki, karxana v\u0259 onun r\u0259hb\u0259rliyin\u0259 qar\u015f\u0131 2 il \u0259vv\u0259l cinay\u0259t i\u015fi a\u00e7\u0131l\u0131b. Lakin karxanan\u0131n \u0259sl r\u0259hb\u0259rl\u0259ri \u00f6z m\u00f6vqeyind\u0259n istifad\u0259 etm\u0259kl\u0259 yay\u0131na bilibl\u0259r: <\/p>\n\n\n\n<p><em>\u201cK\u0259ndd\u0259 deyirl\u0259r ki, avtomobili idar\u0259 ed\u0259n Xaqani Sucayevin s\u00fcr\u00fcc\u00fcl\u00fck v\u0259siq\u0259si yoxdur. \u00dcmumiyy\u0259tl\u0259, zavodda i\u015fl\u0259y\u0259n f\u0259hl\u0259l\u0259rin \u00e7oxunun n\u0259 \u0259m\u0259k m\u00fcqavil\u0259si, n\u0259 d\u0259 s\u00fcr\u00fcc\u00fcl\u00fck v\u0259siq\u0259si var. Videodan da g\u00f6r\u00fcn\u00fcr ki, avtomobill\u0259r d\u00f6vl\u0259t n\u00f6mr\u0259 ni\u015fan\u0131 olmadan idar\u0259 olunur\u201d.<\/em><\/p>\n\n\n\n<p>Daxili \u0130\u015fl\u0259ri Nazirliyinin M\u0259tbuat Xidm\u0259tinin L\u0259nk\u0259ran regional qrupundan veril\u0259n m\u0259lumata g\u00f6r\u0259, rayon sakini Xaqani Sucayev idar\u0259 etdiyi &#8220;VAZ-21014&#8221; markal\u0131 avtomobill\u0259 rayonun T\u0259ngivan k\u0259ndi \u0259razisind\u0259 h\u0259r\u0259k\u0259td\u0259 olark\u0259n idar\u0259etm\u0259ni itirib v\u0259 n\u0259qliyyat vasit\u0259si yolun k\u0259nar\u0259ndak\u0131 \u00e7ay yata\u011f\u0131na a\u015f\u0131b. Hadis\u0259 n\u0259tic\u0259sind\u0259 h\u0259min n\u0259qliyyat vasit\u0259sind\u0259 olan L\u0259nk\u0259ran rayon sakini \u00dcmid \u018fliyev \u00f6l\u00fcb, Lo\u011fman Qurbanov is\u0259 b\u0259d\u0259n x\u0259sar\u0259tl\u0259ri al\u0131b. Faktla ba\u011fl\u0131 ara\u015fd\u0131rma apar\u0131l\u0131r.<\/p>\n\n\n\n<p>Ekologiya v\u0259 T\u0259bii S\u0259rv\u0259tl\u0259r Nazirliyind\u0259n ittihamla ba\u011fl\u0131 dan\u0131\u015fmay\u0131blar.<\/p>\n\n\n\n<p>L\u0259nk\u0259ran Rayon \u0130cra Hakimiyy\u0259tind\u0259n is\u0259 bildiribl\u0259r ki, T\u0259ngivan k\u0259ndind\u0259 \u00e7al\u0131\u015fan karxanan\u0131n b\u00fct\u00fcn s\u0259n\u0259dl\u0259ri qaydas\u0131ndad\u0131r. \u018fks halda m\u00fcvafiq qurumlar onlar\u0131n f\u0259aliyy\u0259tin\u0259 icaz\u0259 verm\u0259z. K\u0259ndin yollar\u0131n\u0131n qaz\u0131lmas\u0131 v\u0259 ya dig\u0259r \u015fikay\u0259tl\u0259r\u0259 g\u0259ldikd\u0259, icra hakimiyy\u0259tind\u0259n naraz\u0131l\u0131qdan x\u0259b\u0259rsiz olduqlar\u0131n\u0131 deyibl\u0259r.<\/p>\n","protected":false},"excerpt":{"rendered":"<p>&#8220;K\u0259nd ba\u015fdan-ba\u015fa yar\u011fan v\u0259 u\u00e7urum hal\u0131na g\u0259tirilib&#8221; L\u0259nk\u0259ran\u0131n T\u0259ngivan k\u0259ndinin &#8230; <\/p>\n<p class=\"read-more-container\"><a title=\"T\u0259ngivanl\u0131lar: &#8220;K\u0259ndd\u0259 ekoloji terror ya\u015fan\u0131r&#8221;\" class=\"read-more button\" href=\"https:\/\/www.meydan.tv\/az\/article\/tengivanlilar-kendde-ekoloji-terror-yasanir\/#more-289194\" aria-label=\"Read more about T\u0259ngivanl\u0131lar: &#8220;K\u0259ndd\u0259 ekoloji terror ya\u015fan\u0131r&#8221;\">Davam\u0131<\/a><\/p>\n","protected":false},"author":8,"featured_media":289133,"comment_status":"closed","ping_status":"closed","sticky":false,"template":"","format":"standard","meta":{"_acf_changed":false,"_sitemap_exclude":false,"_sitemap_priority":"","_sitemap_frequency":"","footnotes":""},"categories":[60,56],"tags":[],"class_list":["post-289194","post","type-post","status-publish","format-standard","has-post-thumbnail","hentry","category-bolge","category-xeberler","infinite-scroll-item","generate-columns","tablet-grid-50","mobile-grid-100","grid-parent","grid-33","no-featured-image-padding"],"acf":[],"yoast_head":"<!-- This site is optimized with the Yoast SEO plugin v27.4 - https:\/\/yoast.com\/product\/yoast-seo-wordpress\/ -->\n<title>T\u0259ngivanl\u0131lar: &quot;K\u0259ndd\u0259 ekoloji terror ya\u015fan\u0131r&quot; - MEYDAN.TV<\/title>\n<meta name=\"robots\" content=\"index, follow, max-snippet:-1, max-image-preview:large, max-video-preview:-1\" \/>\n<link rel=\"canonical\" href=\"https:\/\/www.meydan.tv\/az\/article\/tengivanlilar-kendde-ekoloji-terror-yasanir\/\" \/>\n<meta property=\"og:locale\" content=\"az_AZ\" \/>\n<meta property=\"og:type\" content=\"article\" \/>\n<meta property=\"og:title\" content=\"T\u0259ngivanl\u0131lar: &quot;K\u0259ndd\u0259 ekoloji terror ya\u015fan\u0131r&quot; - MEYDAN.TV\" \/>\n<meta property=\"og:description\" content=\"&#8220;K\u0259nd ba\u015fdan-ba\u015fa yar\u011fan v\u0259 u\u00e7urum hal\u0131na g\u0259tirilib&#8221; L\u0259nk\u0259ran\u0131n T\u0259ngivan k\u0259ndinin ... Davam\u0131\" \/>\n<meta property=\"og:url\" content=\"https:\/\/www.meydan.tv\/az\/article\/tengivanlilar-kendde-ekoloji-terror-yasanir\/\" \/>\n<meta property=\"og:site_name\" content=\"MEYDAN.TV\" \/>\n<meta property=\"article:published_time\" content=\"2023-10-30T10:13:50+00:00\" \/>\n<meta property=\"article:modified_time\" content=\"2023-10-30T10:13:53+00:00\" \/>\n<meta property=\"og:image\" content=\"https:\/\/www.meydan.tv\/wp-content\/uploads\/untitled-1500-x-1000-px-1-5.jpg\" \/>\n\t<meta property=\"og:image:width\" content=\"1500\" \/>\n\t<meta property=\"og:image:height\" content=\"1000\" \/>\n\t<meta property=\"og:image:type\" content=\"image\/jpeg\" \/>\n<meta name=\"author\" content=\"elli\" \/>\n<meta name=\"twitter:card\" content=\"summary_large_image\" \/>\n<meta name=\"twitter:creator\" content=\"@elli\" \/>\n<script type=\"application\/ld+json\" class=\"yoast-schema-graph\">{\"@context\":\"https:\\\/\\\/schema.org\",\"@graph\":[{\"@type\":\"Article\",\"@id\":\"https:\\\/\\\/www.meydan.tv\\\/az\\\/article\\\/tengivanlilar-kendde-ekoloji-terror-yasanir\\\/#article\",\"isPartOf\":{\"@id\":\"https:\\\/\\\/www.meydan.tv\\\/az\\\/article\\\/tengivanlilar-kendde-ekoloji-terror-yasanir\\\/\"},\"author\":{\"name\":\"elli\",\"@id\":\"https:\\\/\\\/www.meydan.tv\\\/az\\\/#\\\/schema\\\/person\\\/9cdbecf90d17180ce1dfbd95b08dcf47\"},\"headline\":\"T\u0259ngivanl\u0131lar: &#8220;K\u0259ndd\u0259 ekoloji terror ya\u015fan\u0131r&#8221;\",\"datePublished\":\"2023-10-30T10:13:50+00:00\",\"dateModified\":\"2023-10-30T10:13:53+00:00\",\"mainEntityOfPage\":{\"@id\":\"https:\\\/\\\/www.meydan.tv\\\/az\\\/article\\\/tengivanlilar-kendde-ekoloji-terror-yasanir\\\/\"},\"wordCount\":692,\"publisher\":{\"@id\":\"https:\\\/\\\/www.meydan.tv\\\/az\\\/#organization\"},\"image\":{\"@id\":\"https:\\\/\\\/www.meydan.tv\\\/az\\\/article\\\/tengivanlilar-kendde-ekoloji-terror-yasanir\\\/#primaryimage\"},\"thumbnailUrl\":\"https:\\\/\\\/www.meydan.tv\\\/wp-content\\\/uploads\\\/untitled-1500-x-1000-px-1-5.jpg\",\"articleSection\":[\"B\u00f6lg\u0259\",\"X\u0259b\u0259rl\u0259r\"],\"inLanguage\":\"az\"},{\"@type\":\"WebPage\",\"@id\":\"https:\\\/\\\/www.meydan.tv\\\/az\\\/article\\\/tengivanlilar-kendde-ekoloji-terror-yasanir\\\/\",\"url\":\"https:\\\/\\\/www.meydan.tv\\\/az\\\/article\\\/tengivanlilar-kendde-ekoloji-terror-yasanir\\\/\",\"name\":\"T\u0259ngivanl\u0131lar: \\\"K\u0259ndd\u0259 ekoloji terror ya\u015fan\u0131r\\\" - MEYDAN.TV\",\"isPartOf\":{\"@id\":\"https:\\\/\\\/www.meydan.tv\\\/az\\\/#website\"},\"primaryImageOfPage\":{\"@id\":\"https:\\\/\\\/www.meydan.tv\\\/az\\\/article\\\/tengivanlilar-kendde-ekoloji-terror-yasanir\\\/#primaryimage\"},\"image\":{\"@id\":\"https:\\\/\\\/www.meydan.tv\\\/az\\\/article\\\/tengivanlilar-kendde-ekoloji-terror-yasanir\\\/#primaryimage\"},\"thumbnailUrl\":\"https:\\\/\\\/www.meydan.tv\\\/wp-content\\\/uploads\\\/untitled-1500-x-1000-px-1-5.jpg\",\"datePublished\":\"2023-10-30T10:13:50+00:00\",\"dateModified\":\"2023-10-30T10:13:53+00:00\",\"breadcrumb\":{\"@id\":\"https:\\\/\\\/www.meydan.tv\\\/az\\\/article\\\/tengivanlilar-kendde-ekoloji-terror-yasanir\\\/#breadcrumb\"},\"inLanguage\":\"az\",\"potentialAction\":[{\"@type\":\"ReadAction\",\"target\":[\"https:\\\/\\\/www.meydan.tv\\\/az\\\/article\\\/tengivanlilar-kendde-ekoloji-terror-yasanir\\\/\"]}]},{\"@type\":\"ImageObject\",\"inLanguage\":\"az\",\"@id\":\"https:\\\/\\\/www.meydan.tv\\\/az\\\/article\\\/tengivanlilar-kendde-ekoloji-terror-yasanir\\\/#primaryimage\",\"url\":\"https:\\\/\\\/www.meydan.tv\\\/wp-content\\\/uploads\\\/untitled-1500-x-1000-px-1-5.jpg\",\"contentUrl\":\"https:\\\/\\\/www.meydan.tv\\\/wp-content\\\/uploads\\\/untitled-1500-x-1000-px-1-5.jpg\",\"width\":1500,\"height\":1000,\"caption\":\"Foto: screenshot\"},{\"@type\":\"BreadcrumbList\",\"@id\":\"https:\\\/\\\/www.meydan.tv\\\/az\\\/article\\\/tengivanlilar-kendde-ekoloji-terror-yasanir\\\/#breadcrumb\",\"itemListElement\":[{\"@type\":\"ListItem\",\"position\":1,\"name\":\"Ana s\u0259hif\u0259\",\"item\":\"https:\\\/\\\/www.meydan.tv\\\/az\\\/\"},{\"@type\":\"ListItem\",\"position\":2,\"name\":\"B\u00f6lg\u0259\",\"item\":\"https:\\\/\\\/www.meydan.tv\\\/az\\\/section\\\/bolge\\\/\"},{\"@type\":\"ListItem\",\"position\":3,\"name\":\"T\u0259ngivanl\u0131lar: &#8220;K\u0259ndd\u0259 ekoloji terror ya\u015fan\u0131r&#8221;\"}]},{\"@type\":\"WebSite\",\"@id\":\"https:\\\/\\\/www.meydan.tv\\\/az\\\/#website\",\"url\":\"https:\\\/\\\/www.meydan.tv\\\/az\\\/\",\"name\":\"MEYDAN.TV\",\"description\":\"Meydan TV Az\u0259rbaycan\u0131n media m\u0259kan\u0131ndak\u0131 alternativ s\u0259sidir\",\"publisher\":{\"@id\":\"https:\\\/\\\/www.meydan.tv\\\/az\\\/#organization\"},\"potentialAction\":[{\"@type\":\"SearchAction\",\"target\":{\"@type\":\"EntryPoint\",\"urlTemplate\":\"https:\\\/\\\/www.meydan.tv\\\/az\\\/?s={search_term_string}\"},\"query-input\":{\"@type\":\"PropertyValueSpecification\",\"valueRequired\":true,\"valueName\":\"search_term_string\"}}],\"inLanguage\":\"az\"},{\"@type\":\"Organization\",\"@id\":\"https:\\\/\\\/www.meydan.tv\\\/az\\\/#organization\",\"name\":\"Meydan TV\",\"url\":\"https:\\\/\\\/www.meydan.tv\\\/az\\\/\",\"logo\":{\"@type\":\"ImageObject\",\"inLanguage\":\"az\",\"@id\":\"https:\\\/\\\/www.meydan.tv\\\/az\\\/#\\\/schema\\\/logo\\\/image\\\/\",\"url\":\"https:\\\/\\\/www.meydan.tv\\\/wp-content\\\/uploads\\\/2021\\\/07\\\/meydan-logo.svg\",\"contentUrl\":\"https:\\\/\\\/www.meydan.tv\\\/wp-content\\\/uploads\\\/2021\\\/07\\\/meydan-logo.svg\",\"width\":195,\"height\":46,\"caption\":\"Meydan TV\"},\"image\":{\"@id\":\"https:\\\/\\\/www.meydan.tv\\\/az\\\/#\\\/schema\\\/logo\\\/image\\\/\"}},{\"@type\":\"Person\",\"@id\":\"https:\\\/\\\/www.meydan.tv\\\/az\\\/#\\\/schema\\\/person\\\/9cdbecf90d17180ce1dfbd95b08dcf47\",\"name\":\"elli\",\"sameAs\":[\"https:\\\/\\\/x.com\\\/elli\"]}]}<\/script>\n<!-- \/ Yoast SEO plugin. -->","yoast_head_json":{"title":"T\u0259ngivanl\u0131lar: \"K\u0259ndd\u0259 ekoloji terror ya\u015fan\u0131r\" - MEYDAN.TV","robots":{"index":"index","follow":"follow","max-snippet":"max-snippet:-1","max-image-preview":"max-image-preview:large","max-video-preview":"max-video-preview:-1"},"canonical":"https:\/\/www.meydan.tv\/az\/article\/tengivanlilar-kendde-ekoloji-terror-yasanir\/","og_locale":"az_AZ","og_type":"article","og_title":"T\u0259ngivanl\u0131lar: \"K\u0259ndd\u0259 ekoloji terror ya\u015fan\u0131r\" - MEYDAN.TV","og_description":"&#8220;K\u0259nd ba\u015fdan-ba\u015fa yar\u011fan v\u0259 u\u00e7urum hal\u0131na g\u0259tirilib&#8221; L\u0259nk\u0259ran\u0131n T\u0259ngivan k\u0259ndinin ... Davam\u0131","og_url":"https:\/\/www.meydan.tv\/az\/article\/tengivanlilar-kendde-ekoloji-terror-yasanir\/","og_site_name":"MEYDAN.TV","article_published_time":"2023-10-30T10:13:50+00:00","article_modified_time":"2023-10-30T10:13:53+00:00","og_image":[{"width":1500,"height":1000,"url":"https:\/\/www.meydan.tv\/wp-content\/uploads\/untitled-1500-x-1000-px-1-5.jpg","type":"image\/jpeg"}],"author":"elli","twitter_card":"summary_large_image","twitter_creator":"@elli","schema":{"@context":"https:\/\/schema.org","@graph":[{"@type":"Article","@id":"https:\/\/www.meydan.tv\/az\/article\/tengivanlilar-kendde-ekoloji-terror-yasanir\/#article","isPartOf":{"@id":"https:\/\/www.meydan.tv\/az\/article\/tengivanlilar-kendde-ekoloji-terror-yasanir\/"},"author":{"name":"elli","@id":"https:\/\/www.meydan.tv\/az\/#\/schema\/person\/9cdbecf90d17180ce1dfbd95b08dcf47"},"headline":"T\u0259ngivanl\u0131lar: &#8220;K\u0259ndd\u0259 ekoloji terror ya\u015fan\u0131r&#8221;","datePublished":"2023-10-30T10:13:50+00:00","dateModified":"2023-10-30T10:13:53+00:00","mainEntityOfPage":{"@id":"https:\/\/www.meydan.tv\/az\/article\/tengivanlilar-kendde-ekoloji-terror-yasanir\/"},"wordCount":692,"publisher":{"@id":"https:\/\/www.meydan.tv\/az\/#organization"},"image":{"@id":"https:\/\/www.meydan.tv\/az\/article\/tengivanlilar-kendde-ekoloji-terror-yasanir\/#primaryimage"},"thumbnailUrl":"https:\/\/www.meydan.tv\/wp-content\/uploads\/untitled-1500-x-1000-px-1-5.jpg","articleSection":["B\u00f6lg\u0259","X\u0259b\u0259rl\u0259r"],"inLanguage":"az"},{"@type":"WebPage","@id":"https:\/\/www.meydan.tv\/az\/article\/tengivanlilar-kendde-ekoloji-terror-yasanir\/","url":"https:\/\/www.meydan.tv\/az\/article\/tengivanlilar-kendde-ekoloji-terror-yasanir\/","name":"T\u0259ngivanl\u0131lar: \"K\u0259ndd\u0259 ekoloji terror ya\u015fan\u0131r\" - MEYDAN.TV","isPartOf":{"@id":"https:\/\/www.meydan.tv\/az\/#website"},"primaryImageOfPage":{"@id":"https:\/\/www.meydan.tv\/az\/article\/tengivanlilar-kendde-ekoloji-terror-yasanir\/#primaryimage"},"image":{"@id":"https:\/\/www.meydan.tv\/az\/article\/tengivanlilar-kendde-ekoloji-terror-yasanir\/#primaryimage"},"thumbnailUrl":"https:\/\/www.meydan.tv\/wp-content\/uploads\/untitled-1500-x-1000-px-1-5.jpg","datePublished":"2023-10-30T10:13:50+00:00","dateModified":"2023-10-30T10:13:53+00:00","breadcrumb":{"@id":"https:\/\/www.meydan.tv\/az\/article\/tengivanlilar-kendde-ekoloji-terror-yasanir\/#breadcrumb"},"inLanguage":"az","potentialAction":[{"@type":"ReadAction","target":["https:\/\/www.meydan.tv\/az\/article\/tengivanlilar-kendde-ekoloji-terror-yasanir\/"]}]},{"@type":"ImageObject","inLanguage":"az","@id":"https:\/\/www.meydan.tv\/az\/article\/tengivanlilar-kendde-ekoloji-terror-yasanir\/#primaryimage","url":"https:\/\/www.meydan.tv\/wp-content\/uploads\/untitled-1500-x-1000-px-1-5.jpg","contentUrl":"https:\/\/www.meydan.tv\/wp-content\/uploads\/untitled-1500-x-1000-px-1-5.jpg","width":1500,"height":1000,"caption":"Foto: screenshot"},{"@type":"BreadcrumbList","@id":"https:\/\/www.meydan.tv\/az\/article\/tengivanlilar-kendde-ekoloji-terror-yasanir\/#breadcrumb","itemListElement":[{"@type":"ListItem","position":1,"name":"Ana s\u0259hif\u0259","item":"https:\/\/www.meydan.tv\/az\/"},{"@type":"ListItem","position":2,"name":"B\u00f6lg\u0259","item":"https:\/\/www.meydan.tv\/az\/section\/bolge\/"},{"@type":"ListItem","position":3,"name":"T\u0259ngivanl\u0131lar: &#8220;K\u0259ndd\u0259 ekoloji terror ya\u015fan\u0131r&#8221;"}]},{"@type":"WebSite","@id":"https:\/\/www.meydan.tv\/az\/#website","url":"https:\/\/www.meydan.tv\/az\/","name":"MEYDAN.TV","description":"Meydan TV Az\u0259rbaycan\u0131n media m\u0259kan\u0131ndak\u0131 alternativ s\u0259sidir","publisher":{"@id":"https:\/\/www.meydan.tv\/az\/#organization"},"potentialAction":[{"@type":"SearchAction","target":{"@type":"EntryPoint","urlTemplate":"https:\/\/www.meydan.tv\/az\/?s={search_term_string}"},"query-input":{"@type":"PropertyValueSpecification","valueRequired":true,"valueName":"search_term_string"}}],"inLanguage":"az"},{"@type":"Organization","@id":"https:\/\/www.meydan.tv\/az\/#organization","name":"Meydan TV","url":"https:\/\/www.meydan.tv\/az\/","logo":{"@type":"ImageObject","inLanguage":"az","@id":"https:\/\/www.meydan.tv\/az\/#\/schema\/logo\/image\/","url":"https:\/\/www.meydan.tv\/wp-content\/uploads\/2021\/07\/meydan-logo.svg","contentUrl":"https:\/\/www.meydan.tv\/wp-content\/uploads\/2021\/07\/meydan-logo.svg","width":195,"height":46,"caption":"Meydan TV"},"image":{"@id":"https:\/\/www.meydan.tv\/az\/#\/schema\/logo\/image\/"}},{"@type":"Person","@id":"https:\/\/www.meydan.tv\/az\/#\/schema\/person\/9cdbecf90d17180ce1dfbd95b08dcf47","name":"elli","sameAs":["https:\/\/x.com\/elli"]}]}},"_links":{"self":[{"href":"https:\/\/www.meydan.tv\/az\/wp-json\/wp\/v2\/posts\/289194","targetHints":{"allow":["GET"]}}],"collection":[{"href":"https:\/\/www.meydan.tv\/az\/wp-json\/wp\/v2\/posts"}],"about":[{"href":"https:\/\/www.meydan.tv\/az\/wp-json\/wp\/v2\/types\/post"}],"author":[{"embeddable":true,"href":"https:\/\/www.meydan.tv\/az\/wp-json\/wp\/v2\/users\/8"}],"replies":[{"embeddable":true,"href":"https:\/\/www.meydan.tv\/az\/wp-json\/wp\/v2\/comments?post=289194"}],"version-history":[{"count":3,"href":"https:\/\/www.meydan.tv\/az\/wp-json\/wp\/v2\/posts\/289194\/revisions"}],"predecessor-version":[{"id":289201,"href":"https:\/\/www.meydan.tv\/az\/wp-json\/wp\/v2\/posts\/289194\/revisions\/289201"}],"wp:featuredmedia":[{"embeddable":true,"href":"https:\/\/www.meydan.tv\/az\/wp-json\/wp\/v2\/media\/289133"}],"wp:attachment":[{"href":"https:\/\/www.meydan.tv\/az\/wp-json\/wp\/v2\/media?parent=289194"}],"wp:term":[{"taxonomy":"category","embeddable":true,"href":"https:\/\/www.meydan.tv\/az\/wp-json\/wp\/v2\/categories?post=289194"},{"taxonomy":"post_tag","embeddable":true,"href":"https:\/\/www.meydan.tv\/az\/wp-json\/wp\/v2\/tags?post=289194"}],"curies":[{"name":"wp","href":"https:\/\/api.w.org\/{rel}","templated":true}]}}