{"id":289156,"date":"2023-10-30T13:06:45","date_gmt":"2023-10-30T09:06:45","guid":{"rendered":"https:\/\/www.meydan.tv\/?p=289156"},"modified":"2023-10-30T13:06:51","modified_gmt":"2023-10-30T09:06:51","slug":"sakinler-binalarin-tehlukeli-olmasindan-narahatdir-icra-hakimiyyeti-ise-rey-gozleyir","status":"publish","type":"post","link":"https:\/\/www.meydan.tv\/az\/article\/sakinler-binalarin-tehlukeli-olmasindan-narahatdir-icra-hakimiyyeti-ise-rey-gozleyir\/","title":{"rendered":"Sakinl\u0259r binalar\u0131n t\u0259hl\u00fck\u0259li olmas\u0131ndan narahatd\u0131r, icra hakimiyy\u0259ti is\u0259 r\u0259y g\u00f6zl\u0259yir"},"content":{"rendered":"\n<p><\/p>\n\n\n\n<p><strong><em>&#8220;Binan\u0131n \u00fczl\u00fck da\u015flar\u0131 t\u00f6k\u00fcl\u00fcr, h\u0259r an ba\u015f\u0131m\u0131za u\u00e7a bil\u0259r&#8221;<\/em><\/strong><\/p>\n\n\n\n<p>Bak\u0131n\u0131n X\u0259tai rayonu, N\u0259sr\u0259ddin Tusi k\u00fc\u00e7\u0259si, ev 25-in sakinl\u0259ri binalar\u0131n\u0131n q\u0259zal\u0131 v\u0259ziyy\u0259td\u0259 olmas\u0131ndan narahatd\u0131r.<\/p>\n\n\n\n<p><em>&#8220;Binamiz q\u0259zal\u0131 v\u0259ziyy\u0259td\u0259 idi. Yayda ba\u015f ver\u0259n z\u0259lz\u0259l\u0259d\u0259n sonra durum daha da pisl\u0259\u015fdi. Binada iri \u00e7atlar yaranib&#8221;,<\/em> &#8211; sakinl\u0259r Meydan TV-y\u0259 bildirdil\u0259r.<\/p>\n\n\n\n<p>Onlarin s\u00f6zl\u0259rin\u0259 g\u00f6r\u0259, bina 1975-ci ild\u0259 istifad\u0259y\u0259 verilib.&nbsp;H\u0259min vaxtdan indiy\u0259 q\u0259d\u0259r binada \u0259sasli t\u0259mir i\u015fl\u0259ri apar\u0131lmay\u0131b.<\/p>\n\n\n\n<p><em>&#8220;Binada iri \u00e7atlar yaran\u0131b, &nbsp;tavan, d\u00f6\u015f\u0259m\u0259 yararsiz hala d\u00fc\u015f\u00fcb. Binan\u0131n \u00fczl\u00fck da\u015flar\u0131 t\u00f6k\u00fcl\u00fcr, h\u0259r an ba\u015f\u0131m\u0131za u\u00e7a bil\u0259r&#8221;<\/em>,-sakinl\u0259r bildiribl\u0259r. &nbsp;<\/p>\n\n\n\n<p>Sakinl\u0259rd\u0259n biri dani\u015fib ki, gec\u0259l\u0259r qorxudan yata bilmirl\u0259r. Ne\u00e7\u0259 ayd\u0131r gec\u0259l\u0259r n\u00f6vb\u0259 il\u0259 yat\u0131rlar ki, t\u0259hl\u00fck\u0259 olan kimi dig\u0259rl\u0259rini x\u0259b\u0259rdar ed\u0259 bilsinl\u0259r.<\/p>\n\n\n\n<figure class=\"wp-block-image size-large\"><img decoding=\"async\" width=\"1098\" height=\"821\" data-src=\"https:\/\/www.meydan.tv\/wp-content\/uploads\/image-29-10-23-07-09-1098x821.jpeg\" alt=\"\" class=\"wp-image-289157 lazyload\" src=\"data:image\/svg+xml;base64,PHN2ZyB3aWR0aD0iMSIgaGVpZ2h0PSIxIiB4bWxucz0iaHR0cDovL3d3dy53My5vcmcvMjAwMC9zdmciPjwvc3ZnPg==\" style=\"--smush-placeholder-width: 1098px; --smush-placeholder-aspect-ratio: 1098\/821;\" \/><\/figure>\n\n\n\n<p>Deyirl\u0259r ki, u\u015faqlar\u0131n h\u0259y\u0259td\u0259 oynamas\u0131 da t\u0259hl\u00fck\u0259lidir, \u00e7\u00fcnki&nbsp; k\u00fcl\u0259k olan kimi binadan da\u015flar t\u00f6k\u00fcl\u00fcr:<\/p>\n\n\n\n<p>&#8220;<em>Binada ya\u015famaq t\u0259hl\u00fck\u0259lidir. Amma n\u0259 s\u00f6kurl\u0259r, n\u0259 d\u0259 bizi ba\u015fqa \u0259raziy\u0259 k\u00f6\u00e7\u00fcr\u00fcrl\u0259r. D\u0259f\u0259l\u0259rl\u0259 X\u0259tai Rayonu \u0130cra Hakimiyy\u0259tin\u0259, F\u00f6vq\u0259lad\u0259 Hallar Nazirliyin\u0259 m\u00fcraci\u0259t ets\u0259k d\u0259, t\u0259dbir g\u00f6r\u0259n yoxdur. H\u0259r d\u0259f\u0259 yaln\u0131z &#8220;m\u00fcraci\u0259tiniz qeyd\u0259 al\u0131nd\u0131&#8221; s\u00f6z\u00fcn\u00fc e\u015fidirik. Faci\u0259 ba\u015f ver\u0259nd\u0259 kim m\u0259suliyy\u0259t da\u015f\u0131yacaq?&#8221;.<\/em><\/p>\n\n\n\n<p>X\u0259tai Rayonu \u0130cra Hakimiyy\u0259tind\u0259n bildiribl\u0259r ki, binanin v\u0259ziyy\u0259tind\u0259n x\u0259b\u0259rdard\u0131rlar, \u0259laq\u0259dar orqanlar\u0131n r\u0259yind\u0259n sonra g\u00f6r\u00fcl\u0259c\u0259k t\u0259dbirl\u0259r m\u00fc\u0259yy\u0259nl\u0259\u015fdiril\u0259c\u0259k. Bu bar\u0259d\u0259 sakinl\u0259r\u0259 d\u0259 m\u0259lumat verilib.<\/p>\n","protected":false},"excerpt":{"rendered":"<p>&#8220;Binan\u0131n \u00fczl\u00fck da\u015flar\u0131 t\u00f6k\u00fcl\u00fcr, h\u0259r an ba\u015f\u0131m\u0131za u\u00e7a bil\u0259r&#8221; Bak\u0131n\u0131n &#8230; <\/p>\n<p class=\"read-more-container\"><a title=\"Sakinl\u0259r binalar\u0131n t\u0259hl\u00fck\u0259li olmas\u0131ndan narahatd\u0131r, icra hakimiyy\u0259ti is\u0259 r\u0259y g\u00f6zl\u0259yir\" class=\"read-more button\" href=\"https:\/\/www.meydan.tv\/az\/article\/sakinler-binalarin-tehlukeli-olmasindan-narahatdir-icra-hakimiyyeti-ise-rey-gozleyir\/#more-289156\" aria-label=\"Read more about Sakinl\u0259r binalar\u0131n t\u0259hl\u00fck\u0259li olmas\u0131ndan narahatd\u0131r, icra hakimiyy\u0259ti is\u0259 r\u0259y g\u00f6zl\u0259yir\">Davam\u0131<\/a><\/p>\n","protected":false},"author":8,"featured_media":289160,"comment_status":"closed","ping_status":"closed","sticky":false,"template":"","format":"standard","meta":{"_acf_changed":false,"_sitemap_exclude":false,"_sitemap_priority":"","_sitemap_frequency":"","footnotes":""},"categories":[62,56],"tags":[],"class_list":["post-289156","post","type-post","status-publish","format-standard","has-post-thumbnail","hentry","category-sosial","category-xeberler","infinite-scroll-item","generate-columns","tablet-grid-50","mobile-grid-100","grid-parent","grid-33","no-featured-image-padding"],"acf":[],"yoast_head":"<!-- This site is optimized with the Yoast SEO plugin v27.5 - https:\/\/yoast.com\/product\/yoast-seo-wordpress\/ -->\n<title>Sakinl\u0259r binalar\u0131n t\u0259hl\u00fck\u0259li olmas\u0131ndan narahatd\u0131r, icra hakimiyy\u0259ti is\u0259 r\u0259y g\u00f6zl\u0259yir - MEYDAN.TV<\/title>\n<meta name=\"robots\" content=\"index, follow, max-snippet:-1, max-image-preview:large, max-video-preview:-1\" \/>\n<link rel=\"canonical\" href=\"https:\/\/www.meydan.tv\/az\/article\/sakinler-binalarin-tehlukeli-olmasindan-narahatdir-icra-hakimiyyeti-ise-rey-gozleyir\/\" \/>\n<meta property=\"og:locale\" content=\"az_AZ\" \/>\n<meta property=\"og:type\" content=\"article\" \/>\n<meta property=\"og:title\" content=\"Sakinl\u0259r binalar\u0131n t\u0259hl\u00fck\u0259li olmas\u0131ndan narahatd\u0131r, icra hakimiyy\u0259ti is\u0259 r\u0259y g\u00f6zl\u0259yir - MEYDAN.TV\" \/>\n<meta property=\"og:description\" content=\"&#8220;Binan\u0131n \u00fczl\u00fck da\u015flar\u0131 t\u00f6k\u00fcl\u00fcr, h\u0259r an ba\u015f\u0131m\u0131za u\u00e7a bil\u0259r&#8221; Bak\u0131n\u0131n ... Davam\u0131\" \/>\n<meta property=\"og:url\" content=\"https:\/\/www.meydan.tv\/az\/article\/sakinler-binalarin-tehlukeli-olmasindan-narahatdir-icra-hakimiyyeti-ise-rey-gozleyir\/\" \/>\n<meta property=\"og:site_name\" content=\"MEYDAN.TV\" \/>\n<meta property=\"article:published_time\" content=\"2023-10-30T09:06:45+00:00\" \/>\n<meta property=\"article:modified_time\" content=\"2023-10-30T09:06:51+00:00\" \/>\n<meta property=\"og:image\" content=\"https:\/\/www.meydan.tv\/wp-content\/uploads\/image-29-10-23-07-09-1.jpeg\" \/>\n\t<meta property=\"og:image:width\" content=\"1280\" \/>\n\t<meta property=\"og:image:height\" content=\"957\" \/>\n\t<meta property=\"og:image:type\" content=\"image\/jpeg\" \/>\n<meta name=\"author\" content=\"elli\" \/>\n<meta name=\"twitter:card\" content=\"summary_large_image\" \/>\n<meta name=\"twitter:creator\" content=\"@elli\" \/>\n<script type=\"application\/ld+json\" class=\"yoast-schema-graph\">{\"@context\":\"https:\\\/\\\/schema.org\",\"@graph\":[{\"@type\":\"Article\",\"@id\":\"https:\\\/\\\/www.meydan.tv\\\/az\\\/article\\\/sakinler-binalarin-tehlukeli-olmasindan-narahatdir-icra-hakimiyyeti-ise-rey-gozleyir\\\/#article\",\"isPartOf\":{\"@id\":\"https:\\\/\\\/www.meydan.tv\\\/az\\\/article\\\/sakinler-binalarin-tehlukeli-olmasindan-narahatdir-icra-hakimiyyeti-ise-rey-gozleyir\\\/\"},\"author\":{\"name\":\"elli\",\"@id\":\"https:\\\/\\\/www.meydan.tv\\\/az\\\/#\\\/schema\\\/person\\\/9cdbecf90d17180ce1dfbd95b08dcf47\"},\"headline\":\"Sakinl\u0259r binalar\u0131n t\u0259hl\u00fck\u0259li olmas\u0131ndan narahatd\u0131r, icra hakimiyy\u0259ti is\u0259 r\u0259y g\u00f6zl\u0259yir\",\"datePublished\":\"2023-10-30T09:06:45+00:00\",\"dateModified\":\"2023-10-30T09:06:51+00:00\",\"mainEntityOfPage\":{\"@id\":\"https:\\\/\\\/www.meydan.tv\\\/az\\\/article\\\/sakinler-binalarin-tehlukeli-olmasindan-narahatdir-icra-hakimiyyeti-ise-rey-gozleyir\\\/\"},\"wordCount\":365,\"publisher\":{\"@id\":\"https:\\\/\\\/www.meydan.tv\\\/az\\\/#organization\"},\"image\":{\"@id\":\"https:\\\/\\\/www.meydan.tv\\\/az\\\/article\\\/sakinler-binalarin-tehlukeli-olmasindan-narahatdir-icra-hakimiyyeti-ise-rey-gozleyir\\\/#primaryimage\"},\"thumbnailUrl\":\"https:\\\/\\\/www.meydan.tv\\\/wp-content\\\/uploads\\\/image-29-10-23-07-09-1.jpeg\",\"articleSection\":[\"Sosial\",\"X\u0259b\u0259rl\u0259r\"],\"inLanguage\":\"az\"},{\"@type\":\"WebPage\",\"@id\":\"https:\\\/\\\/www.meydan.tv\\\/az\\\/article\\\/sakinler-binalarin-tehlukeli-olmasindan-narahatdir-icra-hakimiyyeti-ise-rey-gozleyir\\\/\",\"url\":\"https:\\\/\\\/www.meydan.tv\\\/az\\\/article\\\/sakinler-binalarin-tehlukeli-olmasindan-narahatdir-icra-hakimiyyeti-ise-rey-gozleyir\\\/\",\"name\":\"Sakinl\u0259r binalar\u0131n t\u0259hl\u00fck\u0259li olmas\u0131ndan narahatd\u0131r, icra hakimiyy\u0259ti is\u0259 r\u0259y g\u00f6zl\u0259yir - MEYDAN.TV\",\"isPartOf\":{\"@id\":\"https:\\\/\\\/www.meydan.tv\\\/az\\\/#website\"},\"primaryImageOfPage\":{\"@id\":\"https:\\\/\\\/www.meydan.tv\\\/az\\\/article\\\/sakinler-binalarin-tehlukeli-olmasindan-narahatdir-icra-hakimiyyeti-ise-rey-gozleyir\\\/#primaryimage\"},\"image\":{\"@id\":\"https:\\\/\\\/www.meydan.tv\\\/az\\\/article\\\/sakinler-binalarin-tehlukeli-olmasindan-narahatdir-icra-hakimiyyeti-ise-rey-gozleyir\\\/#primaryimage\"},\"thumbnailUrl\":\"https:\\\/\\\/www.meydan.tv\\\/wp-content\\\/uploads\\\/image-29-10-23-07-09-1.jpeg\",\"datePublished\":\"2023-10-30T09:06:45+00:00\",\"dateModified\":\"2023-10-30T09:06:51+00:00\",\"breadcrumb\":{\"@id\":\"https:\\\/\\\/www.meydan.tv\\\/az\\\/article\\\/sakinler-binalarin-tehlukeli-olmasindan-narahatdir-icra-hakimiyyeti-ise-rey-gozleyir\\\/#breadcrumb\"},\"inLanguage\":\"az\",\"potentialAction\":[{\"@type\":\"ReadAction\",\"target\":[\"https:\\\/\\\/www.meydan.tv\\\/az\\\/article\\\/sakinler-binalarin-tehlukeli-olmasindan-narahatdir-icra-hakimiyyeti-ise-rey-gozleyir\\\/\"]}]},{\"@type\":\"ImageObject\",\"inLanguage\":\"az\",\"@id\":\"https:\\\/\\\/www.meydan.tv\\\/az\\\/article\\\/sakinler-binalarin-tehlukeli-olmasindan-narahatdir-icra-hakimiyyeti-ise-rey-gozleyir\\\/#primaryimage\",\"url\":\"https:\\\/\\\/www.meydan.tv\\\/wp-content\\\/uploads\\\/image-29-10-23-07-09-1.jpeg\",\"contentUrl\":\"https:\\\/\\\/www.meydan.tv\\\/wp-content\\\/uploads\\\/image-29-10-23-07-09-1.jpeg\",\"width\":1280,\"height\":957,\"caption\":\"Fotolar: Meydan TV\"},{\"@type\":\"BreadcrumbList\",\"@id\":\"https:\\\/\\\/www.meydan.tv\\\/az\\\/article\\\/sakinler-binalarin-tehlukeli-olmasindan-narahatdir-icra-hakimiyyeti-ise-rey-gozleyir\\\/#breadcrumb\",\"itemListElement\":[{\"@type\":\"ListItem\",\"position\":1,\"name\":\"Ana s\u0259hif\u0259\",\"item\":\"https:\\\/\\\/www.meydan.tv\\\/az\\\/\"},{\"@type\":\"ListItem\",\"position\":2,\"name\":\"Sosial\",\"item\":\"https:\\\/\\\/www.meydan.tv\\\/az\\\/section\\\/sosial\\\/\"},{\"@type\":\"ListItem\",\"position\":3,\"name\":\"Sakinl\u0259r binalar\u0131n t\u0259hl\u00fck\u0259li olmas\u0131ndan narahatd\u0131r, icra hakimiyy\u0259ti is\u0259 r\u0259y g\u00f6zl\u0259yir\"}]},{\"@type\":\"WebSite\",\"@id\":\"https:\\\/\\\/www.meydan.tv\\\/az\\\/#website\",\"url\":\"https:\\\/\\\/www.meydan.tv\\\/az\\\/\",\"name\":\"MEYDAN.TV\",\"description\":\"Meydan TV Az\u0259rbaycan\u0131n media m\u0259kan\u0131ndak\u0131 alternativ s\u0259sidir\",\"publisher\":{\"@id\":\"https:\\\/\\\/www.meydan.tv\\\/az\\\/#organization\"},\"potentialAction\":[{\"@type\":\"SearchAction\",\"target\":{\"@type\":\"EntryPoint\",\"urlTemplate\":\"https:\\\/\\\/www.meydan.tv\\\/az\\\/?s={search_term_string}\"},\"query-input\":{\"@type\":\"PropertyValueSpecification\",\"valueRequired\":true,\"valueName\":\"search_term_string\"}}],\"inLanguage\":\"az\"},{\"@type\":\"Organization\",\"@id\":\"https:\\\/\\\/www.meydan.tv\\\/az\\\/#organization\",\"name\":\"Meydan TV\",\"url\":\"https:\\\/\\\/www.meydan.tv\\\/az\\\/\",\"logo\":{\"@type\":\"ImageObject\",\"inLanguage\":\"az\",\"@id\":\"https:\\\/\\\/www.meydan.tv\\\/az\\\/#\\\/schema\\\/logo\\\/image\\\/\",\"url\":\"https:\\\/\\\/www.meydan.tv\\\/wp-content\\\/uploads\\\/2021\\\/07\\\/meydan-logo.svg\",\"contentUrl\":\"https:\\\/\\\/www.meydan.tv\\\/wp-content\\\/uploads\\\/2021\\\/07\\\/meydan-logo.svg\",\"width\":195,\"height\":46,\"caption\":\"Meydan TV\"},\"image\":{\"@id\":\"https:\\\/\\\/www.meydan.tv\\\/az\\\/#\\\/schema\\\/logo\\\/image\\\/\"}},{\"@type\":\"Person\",\"@id\":\"https:\\\/\\\/www.meydan.tv\\\/az\\\/#\\\/schema\\\/person\\\/9cdbecf90d17180ce1dfbd95b08dcf47\",\"name\":\"elli\",\"sameAs\":[\"https:\\\/\\\/x.com\\\/elli\"]}]}<\/script>\n<!-- \/ Yoast SEO plugin. -->","yoast_head_json":{"title":"Sakinl\u0259r binalar\u0131n t\u0259hl\u00fck\u0259li olmas\u0131ndan narahatd\u0131r, icra hakimiyy\u0259ti is\u0259 r\u0259y g\u00f6zl\u0259yir - MEYDAN.TV","robots":{"index":"index","follow":"follow","max-snippet":"max-snippet:-1","max-image-preview":"max-image-preview:large","max-video-preview":"max-video-preview:-1"},"canonical":"https:\/\/www.meydan.tv\/az\/article\/sakinler-binalarin-tehlukeli-olmasindan-narahatdir-icra-hakimiyyeti-ise-rey-gozleyir\/","og_locale":"az_AZ","og_type":"article","og_title":"Sakinl\u0259r binalar\u0131n t\u0259hl\u00fck\u0259li olmas\u0131ndan narahatd\u0131r, icra hakimiyy\u0259ti is\u0259 r\u0259y g\u00f6zl\u0259yir - MEYDAN.TV","og_description":"&#8220;Binan\u0131n \u00fczl\u00fck da\u015flar\u0131 t\u00f6k\u00fcl\u00fcr, h\u0259r an ba\u015f\u0131m\u0131za u\u00e7a bil\u0259r&#8221; Bak\u0131n\u0131n ... Davam\u0131","og_url":"https:\/\/www.meydan.tv\/az\/article\/sakinler-binalarin-tehlukeli-olmasindan-narahatdir-icra-hakimiyyeti-ise-rey-gozleyir\/","og_site_name":"MEYDAN.TV","article_published_time":"2023-10-30T09:06:45+00:00","article_modified_time":"2023-10-30T09:06:51+00:00","og_image":[{"width":1280,"height":957,"url":"https:\/\/www.meydan.tv\/wp-content\/uploads\/image-29-10-23-07-09-1.jpeg","type":"image\/jpeg"}],"author":"elli","twitter_card":"summary_large_image","twitter_creator":"@elli","schema":{"@context":"https:\/\/schema.org","@graph":[{"@type":"Article","@id":"https:\/\/www.meydan.tv\/az\/article\/sakinler-binalarin-tehlukeli-olmasindan-narahatdir-icra-hakimiyyeti-ise-rey-gozleyir\/#article","isPartOf":{"@id":"https:\/\/www.meydan.tv\/az\/article\/sakinler-binalarin-tehlukeli-olmasindan-narahatdir-icra-hakimiyyeti-ise-rey-gozleyir\/"},"author":{"name":"elli","@id":"https:\/\/www.meydan.tv\/az\/#\/schema\/person\/9cdbecf90d17180ce1dfbd95b08dcf47"},"headline":"Sakinl\u0259r binalar\u0131n t\u0259hl\u00fck\u0259li olmas\u0131ndan narahatd\u0131r, icra hakimiyy\u0259ti is\u0259 r\u0259y g\u00f6zl\u0259yir","datePublished":"2023-10-30T09:06:45+00:00","dateModified":"2023-10-30T09:06:51+00:00","mainEntityOfPage":{"@id":"https:\/\/www.meydan.tv\/az\/article\/sakinler-binalarin-tehlukeli-olmasindan-narahatdir-icra-hakimiyyeti-ise-rey-gozleyir\/"},"wordCount":365,"publisher":{"@id":"https:\/\/www.meydan.tv\/az\/#organization"},"image":{"@id":"https:\/\/www.meydan.tv\/az\/article\/sakinler-binalarin-tehlukeli-olmasindan-narahatdir-icra-hakimiyyeti-ise-rey-gozleyir\/#primaryimage"},"thumbnailUrl":"https:\/\/www.meydan.tv\/wp-content\/uploads\/image-29-10-23-07-09-1.jpeg","articleSection":["Sosial","X\u0259b\u0259rl\u0259r"],"inLanguage":"az"},{"@type":"WebPage","@id":"https:\/\/www.meydan.tv\/az\/article\/sakinler-binalarin-tehlukeli-olmasindan-narahatdir-icra-hakimiyyeti-ise-rey-gozleyir\/","url":"https:\/\/www.meydan.tv\/az\/article\/sakinler-binalarin-tehlukeli-olmasindan-narahatdir-icra-hakimiyyeti-ise-rey-gozleyir\/","name":"Sakinl\u0259r binalar\u0131n t\u0259hl\u00fck\u0259li olmas\u0131ndan narahatd\u0131r, icra hakimiyy\u0259ti is\u0259 r\u0259y g\u00f6zl\u0259yir - MEYDAN.TV","isPartOf":{"@id":"https:\/\/www.meydan.tv\/az\/#website"},"primaryImageOfPage":{"@id":"https:\/\/www.meydan.tv\/az\/article\/sakinler-binalarin-tehlukeli-olmasindan-narahatdir-icra-hakimiyyeti-ise-rey-gozleyir\/#primaryimage"},"image":{"@id":"https:\/\/www.meydan.tv\/az\/article\/sakinler-binalarin-tehlukeli-olmasindan-narahatdir-icra-hakimiyyeti-ise-rey-gozleyir\/#primaryimage"},"thumbnailUrl":"https:\/\/www.meydan.tv\/wp-content\/uploads\/image-29-10-23-07-09-1.jpeg","datePublished":"2023-10-30T09:06:45+00:00","dateModified":"2023-10-30T09:06:51+00:00","breadcrumb":{"@id":"https:\/\/www.meydan.tv\/az\/article\/sakinler-binalarin-tehlukeli-olmasindan-narahatdir-icra-hakimiyyeti-ise-rey-gozleyir\/#breadcrumb"},"inLanguage":"az","potentialAction":[{"@type":"ReadAction","target":["https:\/\/www.meydan.tv\/az\/article\/sakinler-binalarin-tehlukeli-olmasindan-narahatdir-icra-hakimiyyeti-ise-rey-gozleyir\/"]}]},{"@type":"ImageObject","inLanguage":"az","@id":"https:\/\/www.meydan.tv\/az\/article\/sakinler-binalarin-tehlukeli-olmasindan-narahatdir-icra-hakimiyyeti-ise-rey-gozleyir\/#primaryimage","url":"https:\/\/www.meydan.tv\/wp-content\/uploads\/image-29-10-23-07-09-1.jpeg","contentUrl":"https:\/\/www.meydan.tv\/wp-content\/uploads\/image-29-10-23-07-09-1.jpeg","width":1280,"height":957,"caption":"Fotolar: Meydan TV"},{"@type":"BreadcrumbList","@id":"https:\/\/www.meydan.tv\/az\/article\/sakinler-binalarin-tehlukeli-olmasindan-narahatdir-icra-hakimiyyeti-ise-rey-gozleyir\/#breadcrumb","itemListElement":[{"@type":"ListItem","position":1,"name":"Ana s\u0259hif\u0259","item":"https:\/\/www.meydan.tv\/az\/"},{"@type":"ListItem","position":2,"name":"Sosial","item":"https:\/\/www.meydan.tv\/az\/section\/sosial\/"},{"@type":"ListItem","position":3,"name":"Sakinl\u0259r binalar\u0131n t\u0259hl\u00fck\u0259li olmas\u0131ndan narahatd\u0131r, icra hakimiyy\u0259ti is\u0259 r\u0259y g\u00f6zl\u0259yir"}]},{"@type":"WebSite","@id":"https:\/\/www.meydan.tv\/az\/#website","url":"https:\/\/www.meydan.tv\/az\/","name":"MEYDAN.TV","description":"Meydan TV Az\u0259rbaycan\u0131n media m\u0259kan\u0131ndak\u0131 alternativ s\u0259sidir","publisher":{"@id":"https:\/\/www.meydan.tv\/az\/#organization"},"potentialAction":[{"@type":"SearchAction","target":{"@type":"EntryPoint","urlTemplate":"https:\/\/www.meydan.tv\/az\/?s={search_term_string}"},"query-input":{"@type":"PropertyValueSpecification","valueRequired":true,"valueName":"search_term_string"}}],"inLanguage":"az"},{"@type":"Organization","@id":"https:\/\/www.meydan.tv\/az\/#organization","name":"Meydan TV","url":"https:\/\/www.meydan.tv\/az\/","logo":{"@type":"ImageObject","inLanguage":"az","@id":"https:\/\/www.meydan.tv\/az\/#\/schema\/logo\/image\/","url":"https:\/\/www.meydan.tv\/wp-content\/uploads\/2021\/07\/meydan-logo.svg","contentUrl":"https:\/\/www.meydan.tv\/wp-content\/uploads\/2021\/07\/meydan-logo.svg","width":195,"height":46,"caption":"Meydan TV"},"image":{"@id":"https:\/\/www.meydan.tv\/az\/#\/schema\/logo\/image\/"}},{"@type":"Person","@id":"https:\/\/www.meydan.tv\/az\/#\/schema\/person\/9cdbecf90d17180ce1dfbd95b08dcf47","name":"elli","sameAs":["https:\/\/x.com\/elli"]}]}},"_links":{"self":[{"href":"https:\/\/www.meydan.tv\/az\/wp-json\/wp\/v2\/posts\/289156","targetHints":{"allow":["GET"]}}],"collection":[{"href":"https:\/\/www.meydan.tv\/az\/wp-json\/wp\/v2\/posts"}],"about":[{"href":"https:\/\/www.meydan.tv\/az\/wp-json\/wp\/v2\/types\/post"}],"author":[{"embeddable":true,"href":"https:\/\/www.meydan.tv\/az\/wp-json\/wp\/v2\/users\/8"}],"replies":[{"embeddable":true,"href":"https:\/\/www.meydan.tv\/az\/wp-json\/wp\/v2\/comments?post=289156"}],"version-history":[{"count":3,"href":"https:\/\/www.meydan.tv\/az\/wp-json\/wp\/v2\/posts\/289156\/revisions"}],"predecessor-version":[{"id":289167,"href":"https:\/\/www.meydan.tv\/az\/wp-json\/wp\/v2\/posts\/289156\/revisions\/289167"}],"wp:featuredmedia":[{"embeddable":true,"href":"https:\/\/www.meydan.tv\/az\/wp-json\/wp\/v2\/media\/289160"}],"wp:attachment":[{"href":"https:\/\/www.meydan.tv\/az\/wp-json\/wp\/v2\/media?parent=289156"}],"wp:term":[{"taxonomy":"category","embeddable":true,"href":"https:\/\/www.meydan.tv\/az\/wp-json\/wp\/v2\/categories?post=289156"},{"taxonomy":"post_tag","embeddable":true,"href":"https:\/\/www.meydan.tv\/az\/wp-json\/wp\/v2\/tags?post=289156"}],"curies":[{"name":"wp","href":"https:\/\/api.w.org\/{rel}","templated":true}]}}