{"id":289148,"date":"2023-10-30T12:32:52","date_gmt":"2023-10-30T08:32:52","guid":{"rendered":"https:\/\/www.meydan.tv\/?p=289148"},"modified":"2023-10-30T12:32:56","modified_gmt":"2023-10-30T08:32:56","slug":"neftci-9-il-evvel-cerime-olundugu-ucun-indi-ise-qebul-edilmediyini-deyir","status":"publish","type":"post","link":"https:\/\/www.meydan.tv\/az\/article\/neftci-9-il-evvel-cerime-olundugu-ucun-indi-ise-qebul-edilmediyini-deyir\/","title":{"rendered":"Neft\u00e7i 9 il \u0259vv\u0259l c\u0259rim\u0259 olundu\u011fu \u00fc\u00e7\u00fcn indi i\u015f\u0259 q\u0259bul edilm\u0259diyini deyir"},"content":{"rendered":"\n<p><\/p>\n\n\n\n<p><em><strong>H\u00fcquq m\u00fcdafi\u0259\u00e7isi i\u015f\u00e7inin ayr\u0131se\u00e7kiliy\u0259 m\u0259ruz qald\u0131\u011f\u0131 q\u0259na\u0259tind\u0259dir<\/strong><\/em><\/p>\n\n\n\n<p><em>\u201c2018-ci ild\u0259n SOCAR AQ\u015e-nin podrat\u00e7\u0131 \u015firk\u0259tind\u0259 \u00e7al\u0131\u015fm\u0131\u015fam, 2021-ci ild\u0259n bizi \u201cSmart Technologies Solutions\u201d QSC-y\u0259 ke\u00e7iribl\u0259r. \u00d6t\u0259n ay\u0131n sonunda is\u0259 m\u0259lum oldu ki, QSC il\u0259 SOCAR AQ\u015e aras\u0131nda raz\u0131la\u015fma \u0259ld\u0259 edilib. Bel\u0259likl\u0259, m\u0259n d\u0259 daxil olmaqla QSC-nin t\u0259xmin\u0259n 24 i\u015f\u00e7isi SOCAR AQ\u015e-d\u0259 i\u015fl\u0259 t\u0259min edilm\u0259li idi, amma m\u0259ni v\u0259 daha bir ne\u00e7\u0259 n\u0259f\u0259ri i\u015fl\u0259 t\u0259min etm\u0259dil\u0259r\u201d.<\/em><\/p>\n\n\n\n<p>Bunu Meydan TV-y\u0259 \u201cSmart Technologies Solutions\u201d QSC-nin m\u00fc\u0259yy\u0259n s\u0259b\u0259bl\u0259rd\u0259n ad\u0131n\u0131n h\u0259l\u0259lik m\u0259tbuatda a\u00e7\u0131qlanmas\u0131n\u0131 ist\u0259m\u0259y\u0259n ke\u00e7mi\u015f \u0259m\u0259kda\u015f\u0131 bildirib. Onun s\u00f6zl\u0259rin\u0259 g\u00f6r\u0259, uzun ill\u0259r SOCAR-da r\u0259hb\u0259r v\u0259zif\u0259l\u0259r tutub, direktor v\u0259zif\u0259sin\u0259d\u0259k y\u00fcks\u0259lib. Sonradan q\u0131sa bir m\u00fcdd\u0259tlik neft sah\u0259sind\u0259n uzaqla\u015f\u0131b.<\/p>\n\n\n\n<p><em>\u201cBiz\u0259 dedil\u0259r ki, i\u015fd\u0259n \u00e7\u0131xmaq \u00fc\u00e7\u00fcn \u0259riz\u0259 yazmal\u0131s\u0131z, \u00e7\u00fcnki bir qurumdan i\u015fd\u0259n \u00e7\u0131x\u0131b dig\u0259rin\u0259 q\u0259bul edil\u0259c\u0259kdik. Ham\u0131 kimi i\u015fd\u0259n \u00e7\u0131xmaqla ba\u011fl\u0131 \u0259riz\u0259 yazd\u0131m. Bizd\u0259n m\u0259hkumluqla ba\u011fl\u0131 s\u0259n\u0259d ist\u0259dil\u0259r. M\u0259nim ad\u0131ma iki min manatl\u0131q c\u0259rim\u0259 oldu\u011fu \u00fc\u00e7\u00fcn i\u015f\u0259 q\u0259bul etm\u0259dil\u0259r\u201d,-<\/em>ke\u00e7mi\u015f neft\u00e7i deyib.<\/p>\n\n\n\n<p>Bildirib ki, 2014-c\u00fc ild\u0259 c\u0259rim\u0259l\u0259nib, m\u0259bl\u0259\u011f \u00f6d\u0259nilib v\u0259 m\u00fcdd\u0259t bitdiyind\u0259n c\u0259za q\u00fcvv\u0259d\u0259n d\u00fc\u015f\u00fcb. Lakin \u0259h\u0259miyy\u0259t verm\u0259diyind\u0259n c\u0259rim\u0259ni sistemd\u0259n sildirm\u0259k \u00fc\u00e7\u00fcn m\u00fcraci\u0259t etm\u0259yi yaddan \u00e7\u0131xar\u0131b:<\/p>\n\n\n\n<p><em>\u201cSentyabr\u0131n 29-da m\u0259hkumluq haqq\u0131nda s\u0259n\u0259di t\u0259l\u0259b etdil\u0259r, vaxt verm\u0259dil\u0259r. \u018fks halda c\u0259rim\u0259nin sistemd\u0259n silinm\u0259si \u00fc\u00e7\u00fcn m\u00fcraci\u0259t ed\u0259rdim. M\u0259n o\u011furluqla, qulduqluqla m\u0259\u015f\u011ful olmam\u0131\u015fam, adam yaralamam\u0131\u015fam. \u00d6d\u0259nilmi\u015f v\u0259 vaxt\u0131 ke\u00e7mi\u015f c\u0259rim\u0259nin problem yaradaca\u011f\u0131n\u0131 bilmirdim\u201d.<\/em><\/p>\n\n\n\n<p>\u015eikay\u0259t\u00e7i deyib ki, 50-d\u0259n \u00e7ox ya\u015f\u0131 var, \u00f6mr\u00fcn\u00fcn yar\u0131dan \u00e7oxunu neft sah\u0259sin\u0259 h\u0259sr edib. \u0130\u015fd\u0259n \u00e7\u0131xark\u0259n \u00f6d\u0259nil\u0259n \u00f6d\u0259ni\u015fd\u0259n d\u0259 m\u0259hrum olub:<\/p>\n\n\n\n<p><em>\u201cAil\u0259nin y\u00fck\u00fc m\u0259nim \u00fcz\u0259rimd\u0259dir, t\u0259k m\u0259n \u00e7al\u0131\u015f\u0131rd\u0131m. Bu ya\u015fdan sonra i\u015f tapmaq \u00e7\u0259tindir, nec\u0259 dolanaca\u011f\u0131m\u0131 bilmir\u0259m\u201d.<\/em><\/p>\n\n\n<div class=\"wp-block-image\">\n<figure class=\"alignleft size-full is-resized\"><img decoding=\"async\" width=\"1200\" height=\"800\" data-src=\"https:\/\/www.meydan.tv\/wp-content\/uploads\/mimrvari.jpeg\" alt=\"\" class=\"wp-image-279089 lazyload\" style=\"--smush-placeholder-width: 1200px; --smush-placeholder-aspect-ratio: 1200\/800;aspect-ratio:1.5;width:385px;height:auto\" src=\"data:image\/svg+xml;base64,PHN2ZyB3aWR0aD0iMSIgaGVpZ2h0PSIxIiB4bWxucz0iaHR0cDovL3d3dy53My5vcmcvMjAwMC9zdmciPjwvc3ZnPg==\" \/><figcaption class=\"wp-element-caption\">Mirvari Q\u0259hr\u0259manl\u0131. Foto: G\u00fclzar M\u0259mm\u0259dli<\/figcaption><\/figure>\n<\/div>\n\n\n<p>Neft\u00e7il\u0259rin H\u00fcquqlar\u0131n\u0131 M\u00fcdafi\u0259 T\u0259\u015fkilatn\u0131n s\u0259dri Mirvari Q\u0259hr\u0259manl\u0131 bildirib ki, i\u015f\u00e7il\u0259rd\u0259n \u018fm\u0259k M\u0259c\u0259ll\u0259sinin 48.6 madd\u0259sin\u0259 zidd olaraq &#8220;m\u0259hkumluq haqq\u0131nda&#8221; aray\u0131\u015f t\u0259l\u0259b olunub. \u00dcst\u0259lik, h\u0259min i\u015f\u00e7iy\u0259 qar\u015f\u0131 ayr\u0131se\u00e7kilik edilib. \u0130\u015f\u00e7i h\u0259m i\u015fsiz qal\u0131b, h\u0259m d\u0259 ixtisarla \u0259laq\u0259dar kompensasiya v\u0259 i\u015fsizlik s\u0131\u011fortas\u0131ndan m\u0259hrum olub.<\/p>\n\n\n\n<p>SOCAR AQ\u015e 2007-ci ild\u0259 D\u00f6vl\u0259t Neft \u015eirk\u0259ti (SOCAR), &#8220;Nobel Energy&#8221; v\u0259 Ab\u015feron Qazma MMC (AQ\u015e) t\u0259r\u0259find\u0259n t\u0259sis edilmi\u015f kompleks qazma v\u0259 quyu xidm\u0259tl\u0259rinin idar\u0259 edilm\u0259si \u015firk\u0259tidir. \u015eirk\u0259t\u0259 m\u0259xsus telefonlara \u00fc\u00e7 g\u00fcn \u0259rzind\u0259 cavab verilm\u0259yib.<\/p>\n\n\n\n<p><\/p>\n","protected":false},"excerpt":{"rendered":"<p>H\u00fcquq m\u00fcdafi\u0259\u00e7isi i\u015f\u00e7inin ayr\u0131se\u00e7kiliy\u0259 m\u0259ruz qald\u0131\u011f\u0131 q\u0259na\u0259tind\u0259dir \u201c2018-ci ild\u0259n SOCAR &#8230; <\/p>\n<p class=\"read-more-container\"><a title=\"Neft\u00e7i 9 il \u0259vv\u0259l c\u0259rim\u0259 olundu\u011fu \u00fc\u00e7\u00fcn indi i\u015f\u0259 q\u0259bul edilm\u0259diyini deyir\" class=\"read-more button\" href=\"https:\/\/www.meydan.tv\/az\/article\/neftci-9-il-evvel-cerime-olundugu-ucun-indi-ise-qebul-edilmediyini-deyir\/#more-289148\" aria-label=\"Read more about Neft\u00e7i 9 il \u0259vv\u0259l c\u0259rim\u0259 olundu\u011fu \u00fc\u00e7\u00fcn indi i\u015f\u0259 q\u0259bul edilm\u0259diyini deyir\">Davam\u0131<\/a><\/p>\n","protected":false},"author":8,"featured_media":231939,"comment_status":"closed","ping_status":"closed","sticky":false,"template":"","format":"standard","meta":{"_acf_changed":false,"_sitemap_exclude":false,"_sitemap_priority":"","_sitemap_frequency":"","footnotes":""},"categories":[62,56],"tags":[],"class_list":["post-289148","post","type-post","status-publish","format-standard","has-post-thumbnail","hentry","category-sosial","category-xeberler","infinite-scroll-item","generate-columns","tablet-grid-50","mobile-grid-100","grid-parent","grid-33","no-featured-image-padding"],"acf":[],"yoast_head":"<!-- This site is optimized with the Yoast SEO plugin v27.5 - https:\/\/yoast.com\/product\/yoast-seo-wordpress\/ -->\n<title>Neft\u00e7i 9 il \u0259vv\u0259l c\u0259rim\u0259 olundu\u011fu \u00fc\u00e7\u00fcn indi i\u015f\u0259 q\u0259bul edilm\u0259diyini deyir - MEYDAN.TV<\/title>\n<meta name=\"robots\" content=\"index, follow, max-snippet:-1, max-image-preview:large, max-video-preview:-1\" \/>\n<link rel=\"canonical\" href=\"https:\/\/www.meydan.tv\/az\/article\/neftci-9-il-evvel-cerime-olundugu-ucun-indi-ise-qebul-edilmediyini-deyir\/\" \/>\n<meta property=\"og:locale\" content=\"az_AZ\" \/>\n<meta property=\"og:type\" content=\"article\" \/>\n<meta property=\"og:title\" content=\"Neft\u00e7i 9 il \u0259vv\u0259l c\u0259rim\u0259 olundu\u011fu \u00fc\u00e7\u00fcn indi i\u015f\u0259 q\u0259bul edilm\u0259diyini deyir - MEYDAN.TV\" \/>\n<meta property=\"og:description\" content=\"H\u00fcquq m\u00fcdafi\u0259\u00e7isi i\u015f\u00e7inin ayr\u0131se\u00e7kiliy\u0259 m\u0259ruz qald\u0131\u011f\u0131 q\u0259na\u0259tind\u0259dir \u201c2018-ci ild\u0259n SOCAR ... Davam\u0131\" \/>\n<meta property=\"og:url\" content=\"https:\/\/www.meydan.tv\/az\/article\/neftci-9-il-evvel-cerime-olundugu-ucun-indi-ise-qebul-edilmediyini-deyir\/\" \/>\n<meta property=\"og:site_name\" content=\"MEYDAN.TV\" \/>\n<meta property=\"article:published_time\" content=\"2023-10-30T08:32:52+00:00\" \/>\n<meta property=\"article:modified_time\" content=\"2023-10-30T08:32:56+00:00\" \/>\n<meta property=\"og:image\" content=\"https:\/\/www.meydan.tv\/wp-content\/uploads\/shutterstock_96031328-e1642412295624.jpg\" \/>\n\t<meta property=\"og:image:width\" content=\"1200\" \/>\n\t<meta property=\"og:image:height\" content=\"828\" \/>\n\t<meta property=\"og:image:type\" content=\"image\/jpeg\" \/>\n<meta name=\"author\" content=\"elli\" \/>\n<meta name=\"twitter:card\" content=\"summary_large_image\" \/>\n<meta name=\"twitter:creator\" content=\"@elli\" \/>\n<script type=\"application\/ld+json\" class=\"yoast-schema-graph\">{\"@context\":\"https:\\\/\\\/schema.org\",\"@graph\":[{\"@type\":\"Article\",\"@id\":\"https:\\\/\\\/www.meydan.tv\\\/az\\\/article\\\/neftci-9-il-evvel-cerime-olundugu-ucun-indi-ise-qebul-edilmediyini-deyir\\\/#article\",\"isPartOf\":{\"@id\":\"https:\\\/\\\/www.meydan.tv\\\/az\\\/article\\\/neftci-9-il-evvel-cerime-olundugu-ucun-indi-ise-qebul-edilmediyini-deyir\\\/\"},\"author\":{\"name\":\"elli\",\"@id\":\"https:\\\/\\\/www.meydan.tv\\\/az\\\/#\\\/schema\\\/person\\\/9cdbecf90d17180ce1dfbd95b08dcf47\"},\"headline\":\"Neft\u00e7i 9 il \u0259vv\u0259l c\u0259rim\u0259 olundu\u011fu \u00fc\u00e7\u00fcn indi i\u015f\u0259 q\u0259bul edilm\u0259diyini deyir\",\"datePublished\":\"2023-10-30T08:32:52+00:00\",\"dateModified\":\"2023-10-30T08:32:56+00:00\",\"mainEntityOfPage\":{\"@id\":\"https:\\\/\\\/www.meydan.tv\\\/az\\\/article\\\/neftci-9-il-evvel-cerime-olundugu-ucun-indi-ise-qebul-edilmediyini-deyir\\\/\"},\"wordCount\":576,\"publisher\":{\"@id\":\"https:\\\/\\\/www.meydan.tv\\\/az\\\/#organization\"},\"image\":{\"@id\":\"https:\\\/\\\/www.meydan.tv\\\/az\\\/article\\\/neftci-9-il-evvel-cerime-olundugu-ucun-indi-ise-qebul-edilmediyini-deyir\\\/#primaryimage\"},\"thumbnailUrl\":\"https:\\\/\\\/www.meydan.tv\\\/wp-content\\\/uploads\\\/shutterstock_96031328-e1642412295624.jpg\",\"articleSection\":[\"Sosial\",\"X\u0259b\u0259rl\u0259r\"],\"inLanguage\":\"az\"},{\"@type\":\"WebPage\",\"@id\":\"https:\\\/\\\/www.meydan.tv\\\/az\\\/article\\\/neftci-9-il-evvel-cerime-olundugu-ucun-indi-ise-qebul-edilmediyini-deyir\\\/\",\"url\":\"https:\\\/\\\/www.meydan.tv\\\/az\\\/article\\\/neftci-9-il-evvel-cerime-olundugu-ucun-indi-ise-qebul-edilmediyini-deyir\\\/\",\"name\":\"Neft\u00e7i 9 il \u0259vv\u0259l c\u0259rim\u0259 olundu\u011fu \u00fc\u00e7\u00fcn indi i\u015f\u0259 q\u0259bul edilm\u0259diyini deyir - MEYDAN.TV\",\"isPartOf\":{\"@id\":\"https:\\\/\\\/www.meydan.tv\\\/az\\\/#website\"},\"primaryImageOfPage\":{\"@id\":\"https:\\\/\\\/www.meydan.tv\\\/az\\\/article\\\/neftci-9-il-evvel-cerime-olundugu-ucun-indi-ise-qebul-edilmediyini-deyir\\\/#primaryimage\"},\"image\":{\"@id\":\"https:\\\/\\\/www.meydan.tv\\\/az\\\/article\\\/neftci-9-il-evvel-cerime-olundugu-ucun-indi-ise-qebul-edilmediyini-deyir\\\/#primaryimage\"},\"thumbnailUrl\":\"https:\\\/\\\/www.meydan.tv\\\/wp-content\\\/uploads\\\/shutterstock_96031328-e1642412295624.jpg\",\"datePublished\":\"2023-10-30T08:32:52+00:00\",\"dateModified\":\"2023-10-30T08:32:56+00:00\",\"breadcrumb\":{\"@id\":\"https:\\\/\\\/www.meydan.tv\\\/az\\\/article\\\/neftci-9-il-evvel-cerime-olundugu-ucun-indi-ise-qebul-edilmediyini-deyir\\\/#breadcrumb\"},\"inLanguage\":\"az\",\"potentialAction\":[{\"@type\":\"ReadAction\",\"target\":[\"https:\\\/\\\/www.meydan.tv\\\/az\\\/article\\\/neftci-9-il-evvel-cerime-olundugu-ucun-indi-ise-qebul-edilmediyini-deyir\\\/\"]}]},{\"@type\":\"ImageObject\",\"inLanguage\":\"az\",\"@id\":\"https:\\\/\\\/www.meydan.tv\\\/az\\\/article\\\/neftci-9-il-evvel-cerime-olundugu-ucun-indi-ise-qebul-edilmediyini-deyir\\\/#primaryimage\",\"url\":\"https:\\\/\\\/www.meydan.tv\\\/wp-content\\\/uploads\\\/shutterstock_96031328-e1642412295624.jpg\",\"contentUrl\":\"https:\\\/\\\/www.meydan.tv\\\/wp-content\\\/uploads\\\/shutterstock_96031328-e1642412295624.jpg\",\"width\":1200,\"height\":828,\"caption\":\"Neft da\u015flar\u0131, Foto: Northfoto\\\/shutterstock\"},{\"@type\":\"BreadcrumbList\",\"@id\":\"https:\\\/\\\/www.meydan.tv\\\/az\\\/article\\\/neftci-9-il-evvel-cerime-olundugu-ucun-indi-ise-qebul-edilmediyini-deyir\\\/#breadcrumb\",\"itemListElement\":[{\"@type\":\"ListItem\",\"position\":1,\"name\":\"Ana s\u0259hif\u0259\",\"item\":\"https:\\\/\\\/www.meydan.tv\\\/az\\\/\"},{\"@type\":\"ListItem\",\"position\":2,\"name\":\"Sosial\",\"item\":\"https:\\\/\\\/www.meydan.tv\\\/az\\\/section\\\/sosial\\\/\"},{\"@type\":\"ListItem\",\"position\":3,\"name\":\"Neft\u00e7i 9 il \u0259vv\u0259l c\u0259rim\u0259 olundu\u011fu \u00fc\u00e7\u00fcn indi i\u015f\u0259 q\u0259bul edilm\u0259diyini deyir\"}]},{\"@type\":\"WebSite\",\"@id\":\"https:\\\/\\\/www.meydan.tv\\\/az\\\/#website\",\"url\":\"https:\\\/\\\/www.meydan.tv\\\/az\\\/\",\"name\":\"MEYDAN.TV\",\"description\":\"Meydan TV Az\u0259rbaycan\u0131n media m\u0259kan\u0131ndak\u0131 alternativ s\u0259sidir\",\"publisher\":{\"@id\":\"https:\\\/\\\/www.meydan.tv\\\/az\\\/#organization\"},\"potentialAction\":[{\"@type\":\"SearchAction\",\"target\":{\"@type\":\"EntryPoint\",\"urlTemplate\":\"https:\\\/\\\/www.meydan.tv\\\/az\\\/?s={search_term_string}\"},\"query-input\":{\"@type\":\"PropertyValueSpecification\",\"valueRequired\":true,\"valueName\":\"search_term_string\"}}],\"inLanguage\":\"az\"},{\"@type\":\"Organization\",\"@id\":\"https:\\\/\\\/www.meydan.tv\\\/az\\\/#organization\",\"name\":\"Meydan TV\",\"url\":\"https:\\\/\\\/www.meydan.tv\\\/az\\\/\",\"logo\":{\"@type\":\"ImageObject\",\"inLanguage\":\"az\",\"@id\":\"https:\\\/\\\/www.meydan.tv\\\/az\\\/#\\\/schema\\\/logo\\\/image\\\/\",\"url\":\"https:\\\/\\\/www.meydan.tv\\\/wp-content\\\/uploads\\\/2021\\\/07\\\/meydan-logo.svg\",\"contentUrl\":\"https:\\\/\\\/www.meydan.tv\\\/wp-content\\\/uploads\\\/2021\\\/07\\\/meydan-logo.svg\",\"width\":195,\"height\":46,\"caption\":\"Meydan TV\"},\"image\":{\"@id\":\"https:\\\/\\\/www.meydan.tv\\\/az\\\/#\\\/schema\\\/logo\\\/image\\\/\"}},{\"@type\":\"Person\",\"@id\":\"https:\\\/\\\/www.meydan.tv\\\/az\\\/#\\\/schema\\\/person\\\/9cdbecf90d17180ce1dfbd95b08dcf47\",\"name\":\"elli\",\"sameAs\":[\"https:\\\/\\\/x.com\\\/elli\"]}]}<\/script>\n<!-- \/ Yoast SEO plugin. -->","yoast_head_json":{"title":"Neft\u00e7i 9 il \u0259vv\u0259l c\u0259rim\u0259 olundu\u011fu \u00fc\u00e7\u00fcn indi i\u015f\u0259 q\u0259bul edilm\u0259diyini deyir - MEYDAN.TV","robots":{"index":"index","follow":"follow","max-snippet":"max-snippet:-1","max-image-preview":"max-image-preview:large","max-video-preview":"max-video-preview:-1"},"canonical":"https:\/\/www.meydan.tv\/az\/article\/neftci-9-il-evvel-cerime-olundugu-ucun-indi-ise-qebul-edilmediyini-deyir\/","og_locale":"az_AZ","og_type":"article","og_title":"Neft\u00e7i 9 il \u0259vv\u0259l c\u0259rim\u0259 olundu\u011fu \u00fc\u00e7\u00fcn indi i\u015f\u0259 q\u0259bul edilm\u0259diyini deyir - MEYDAN.TV","og_description":"H\u00fcquq m\u00fcdafi\u0259\u00e7isi i\u015f\u00e7inin ayr\u0131se\u00e7kiliy\u0259 m\u0259ruz qald\u0131\u011f\u0131 q\u0259na\u0259tind\u0259dir \u201c2018-ci ild\u0259n SOCAR ... Davam\u0131","og_url":"https:\/\/www.meydan.tv\/az\/article\/neftci-9-il-evvel-cerime-olundugu-ucun-indi-ise-qebul-edilmediyini-deyir\/","og_site_name":"MEYDAN.TV","article_published_time":"2023-10-30T08:32:52+00:00","article_modified_time":"2023-10-30T08:32:56+00:00","og_image":[{"width":1200,"height":828,"url":"https:\/\/www.meydan.tv\/wp-content\/uploads\/shutterstock_96031328-e1642412295624.jpg","type":"image\/jpeg"}],"author":"elli","twitter_card":"summary_large_image","twitter_creator":"@elli","schema":{"@context":"https:\/\/schema.org","@graph":[{"@type":"Article","@id":"https:\/\/www.meydan.tv\/az\/article\/neftci-9-il-evvel-cerime-olundugu-ucun-indi-ise-qebul-edilmediyini-deyir\/#article","isPartOf":{"@id":"https:\/\/www.meydan.tv\/az\/article\/neftci-9-il-evvel-cerime-olundugu-ucun-indi-ise-qebul-edilmediyini-deyir\/"},"author":{"name":"elli","@id":"https:\/\/www.meydan.tv\/az\/#\/schema\/person\/9cdbecf90d17180ce1dfbd95b08dcf47"},"headline":"Neft\u00e7i 9 il \u0259vv\u0259l c\u0259rim\u0259 olundu\u011fu \u00fc\u00e7\u00fcn indi i\u015f\u0259 q\u0259bul edilm\u0259diyini deyir","datePublished":"2023-10-30T08:32:52+00:00","dateModified":"2023-10-30T08:32:56+00:00","mainEntityOfPage":{"@id":"https:\/\/www.meydan.tv\/az\/article\/neftci-9-il-evvel-cerime-olundugu-ucun-indi-ise-qebul-edilmediyini-deyir\/"},"wordCount":576,"publisher":{"@id":"https:\/\/www.meydan.tv\/az\/#organization"},"image":{"@id":"https:\/\/www.meydan.tv\/az\/article\/neftci-9-il-evvel-cerime-olundugu-ucun-indi-ise-qebul-edilmediyini-deyir\/#primaryimage"},"thumbnailUrl":"https:\/\/www.meydan.tv\/wp-content\/uploads\/shutterstock_96031328-e1642412295624.jpg","articleSection":["Sosial","X\u0259b\u0259rl\u0259r"],"inLanguage":"az"},{"@type":"WebPage","@id":"https:\/\/www.meydan.tv\/az\/article\/neftci-9-il-evvel-cerime-olundugu-ucun-indi-ise-qebul-edilmediyini-deyir\/","url":"https:\/\/www.meydan.tv\/az\/article\/neftci-9-il-evvel-cerime-olundugu-ucun-indi-ise-qebul-edilmediyini-deyir\/","name":"Neft\u00e7i 9 il \u0259vv\u0259l c\u0259rim\u0259 olundu\u011fu \u00fc\u00e7\u00fcn indi i\u015f\u0259 q\u0259bul edilm\u0259diyini deyir - MEYDAN.TV","isPartOf":{"@id":"https:\/\/www.meydan.tv\/az\/#website"},"primaryImageOfPage":{"@id":"https:\/\/www.meydan.tv\/az\/article\/neftci-9-il-evvel-cerime-olundugu-ucun-indi-ise-qebul-edilmediyini-deyir\/#primaryimage"},"image":{"@id":"https:\/\/www.meydan.tv\/az\/article\/neftci-9-il-evvel-cerime-olundugu-ucun-indi-ise-qebul-edilmediyini-deyir\/#primaryimage"},"thumbnailUrl":"https:\/\/www.meydan.tv\/wp-content\/uploads\/shutterstock_96031328-e1642412295624.jpg","datePublished":"2023-10-30T08:32:52+00:00","dateModified":"2023-10-30T08:32:56+00:00","breadcrumb":{"@id":"https:\/\/www.meydan.tv\/az\/article\/neftci-9-il-evvel-cerime-olundugu-ucun-indi-ise-qebul-edilmediyini-deyir\/#breadcrumb"},"inLanguage":"az","potentialAction":[{"@type":"ReadAction","target":["https:\/\/www.meydan.tv\/az\/article\/neftci-9-il-evvel-cerime-olundugu-ucun-indi-ise-qebul-edilmediyini-deyir\/"]}]},{"@type":"ImageObject","inLanguage":"az","@id":"https:\/\/www.meydan.tv\/az\/article\/neftci-9-il-evvel-cerime-olundugu-ucun-indi-ise-qebul-edilmediyini-deyir\/#primaryimage","url":"https:\/\/www.meydan.tv\/wp-content\/uploads\/shutterstock_96031328-e1642412295624.jpg","contentUrl":"https:\/\/www.meydan.tv\/wp-content\/uploads\/shutterstock_96031328-e1642412295624.jpg","width":1200,"height":828,"caption":"Neft da\u015flar\u0131, Foto: Northfoto\/shutterstock"},{"@type":"BreadcrumbList","@id":"https:\/\/www.meydan.tv\/az\/article\/neftci-9-il-evvel-cerime-olundugu-ucun-indi-ise-qebul-edilmediyini-deyir\/#breadcrumb","itemListElement":[{"@type":"ListItem","position":1,"name":"Ana s\u0259hif\u0259","item":"https:\/\/www.meydan.tv\/az\/"},{"@type":"ListItem","position":2,"name":"Sosial","item":"https:\/\/www.meydan.tv\/az\/section\/sosial\/"},{"@type":"ListItem","position":3,"name":"Neft\u00e7i 9 il \u0259vv\u0259l c\u0259rim\u0259 olundu\u011fu \u00fc\u00e7\u00fcn indi i\u015f\u0259 q\u0259bul edilm\u0259diyini deyir"}]},{"@type":"WebSite","@id":"https:\/\/www.meydan.tv\/az\/#website","url":"https:\/\/www.meydan.tv\/az\/","name":"MEYDAN.TV","description":"Meydan TV Az\u0259rbaycan\u0131n media m\u0259kan\u0131ndak\u0131 alternativ s\u0259sidir","publisher":{"@id":"https:\/\/www.meydan.tv\/az\/#organization"},"potentialAction":[{"@type":"SearchAction","target":{"@type":"EntryPoint","urlTemplate":"https:\/\/www.meydan.tv\/az\/?s={search_term_string}"},"query-input":{"@type":"PropertyValueSpecification","valueRequired":true,"valueName":"search_term_string"}}],"inLanguage":"az"},{"@type":"Organization","@id":"https:\/\/www.meydan.tv\/az\/#organization","name":"Meydan TV","url":"https:\/\/www.meydan.tv\/az\/","logo":{"@type":"ImageObject","inLanguage":"az","@id":"https:\/\/www.meydan.tv\/az\/#\/schema\/logo\/image\/","url":"https:\/\/www.meydan.tv\/wp-content\/uploads\/2021\/07\/meydan-logo.svg","contentUrl":"https:\/\/www.meydan.tv\/wp-content\/uploads\/2021\/07\/meydan-logo.svg","width":195,"height":46,"caption":"Meydan TV"},"image":{"@id":"https:\/\/www.meydan.tv\/az\/#\/schema\/logo\/image\/"}},{"@type":"Person","@id":"https:\/\/www.meydan.tv\/az\/#\/schema\/person\/9cdbecf90d17180ce1dfbd95b08dcf47","name":"elli","sameAs":["https:\/\/x.com\/elli"]}]}},"_links":{"self":[{"href":"https:\/\/www.meydan.tv\/az\/wp-json\/wp\/v2\/posts\/289148","targetHints":{"allow":["GET"]}}],"collection":[{"href":"https:\/\/www.meydan.tv\/az\/wp-json\/wp\/v2\/posts"}],"about":[{"href":"https:\/\/www.meydan.tv\/az\/wp-json\/wp\/v2\/types\/post"}],"author":[{"embeddable":true,"href":"https:\/\/www.meydan.tv\/az\/wp-json\/wp\/v2\/users\/8"}],"replies":[{"embeddable":true,"href":"https:\/\/www.meydan.tv\/az\/wp-json\/wp\/v2\/comments?post=289148"}],"version-history":[{"count":3,"href":"https:\/\/www.meydan.tv\/az\/wp-json\/wp\/v2\/posts\/289148\/revisions"}],"predecessor-version":[{"id":289152,"href":"https:\/\/www.meydan.tv\/az\/wp-json\/wp\/v2\/posts\/289148\/revisions\/289152"}],"wp:featuredmedia":[{"embeddable":true,"href":"https:\/\/www.meydan.tv\/az\/wp-json\/wp\/v2\/media\/231939"}],"wp:attachment":[{"href":"https:\/\/www.meydan.tv\/az\/wp-json\/wp\/v2\/media?parent=289148"}],"wp:term":[{"taxonomy":"category","embeddable":true,"href":"https:\/\/www.meydan.tv\/az\/wp-json\/wp\/v2\/categories?post=289148"},{"taxonomy":"post_tag","embeddable":true,"href":"https:\/\/www.meydan.tv\/az\/wp-json\/wp\/v2\/tags?post=289148"}],"curies":[{"name":"wp","href":"https:\/\/api.w.org\/{rel}","templated":true}]}}