{"id":289144,"date":"2023-10-30T11:36:14","date_gmt":"2023-10-30T07:36:14","guid":{"rendered":"https:\/\/www.meydan.tv\/?p=289144"},"modified":"2023-10-30T11:36:20","modified_gmt":"2023-10-30T07:36:20","slug":"terter-sakini-istemirem-ki-menim-qizim-kimi-basqalarinin-da-balalarinin-qani-batirilsin","status":"publish","type":"post","link":"https:\/\/www.meydan.tv\/az\/article\/terter-sakini-istemirem-ki-menim-qizim-kimi-basqalarinin-da-balalarinin-qani-batirilsin\/","title":{"rendered":"T\u0259rt\u0259r sakini: \u201c\u0130st\u0259mir\u0259m ki, m\u0259nim q\u0131z\u0131m kimi, ba\u015fqalar\u0131n\u0131n da balalar\u0131n\u0131n qan\u0131 bat\u0131r\u0131ls\u0131n\u201d"},"content":{"rendered":"\n<p><\/p>\n\n\n\n<p><strong><em>Vidadi M\u0259h\u0259rr\u0259mov: \u201cBel\u0259 m\u0259s\u0259l\u0259l\u0259rd\u0259 puldan, maldan daha vacib d\u0259y\u0259rl\u0259r oldu\u011funu bir \u00e7oxu anlam\u0131r\u201d<\/em><\/strong><\/p>\n\n\n\n<p>T\u0259rt\u0259r sakini Vidadi M\u0259h\u0259rr\u0259mov q\u0131z\u0131n\u0131n q\u0259tli il\u0259 ba\u011fl\u0131 cinay\u0259t i\u015finin obyektiv ara\u015fd\u0131r\u0131lmamas\u0131ndan \u015fikay\u0259t\u00e7idir. O, T\u0259rt\u0259r rayonunun prokuroru \u018fli Qurbanovu ittiham edir. S\u00f6hb\u0259t 2023-c\u00fc il may\u0131n 4-d\u0259 q\u0259tl\u0259 yetiril\u0259n 20 ya\u015fl\u0131 Leyla M\u0259h\u0259rr\u0259mlinin \u00f6l\u00fcm\u00fcyl\u0259 ba\u011fl\u0131 cinay\u0259t i\u015find\u0259n gedir.<\/p>\n\n\n\n<h6 class=\"wp-block-heading\"><strong>\u201cV\u0259zif\u0259lil\u0259rin \u00f6z yax\u0131nlar\u0131n\u0131n ba\u015f\u0131na g\u0259ls\u0259ydi&#8230;\u201d<\/strong><\/h6>\n\n\n\n<p>Leyla M\u0259h\u0259rr\u0259mlini \u00f6ld\u00fcrm\u0259kd\u0259 t\u0259qsirl\u0259ndiril\u0259n \u0259ri Sahib \u018flizad\u0259 h\u0259bsd\u0259dir. Hadis\u0259d\u0259n sonra o, T\u0259rt\u0259r Rayon Polis \u015e\u00f6b\u0259sin\u0259 ged\u0259r\u0259k t\u0259slim olub. Haz\u0131rda onun i\u015fin\u0259 G\u0259nc\u0259 A\u011f\u0131r Cinay\u0259tl\u0259r M\u0259hk\u0259m\u0259sind\u0259 bax\u0131l\u0131r.<\/p>\n\n\n\n<p>23 ya\u015fl\u0131 Sahib \u018flizad\u0259y\u0259 Cinay\u0259t M\u0259c\u0259ll\u0259sinin 120.1 (q\u0259sd\u0259n adam \u00f6ld\u00fcrm\u0259) madd\u0259sil\u0259 ittiham verilib. Bu madd\u0259nin sanksiyas\u0131nda 9 ild\u0259n 14 il\u0259 q\u0259d\u0259r azadl\u0131qdan m\u0259hrumetm\u0259 c\u0259zas\u0131 n\u0259z\u0259rd\u0259 tutulub.<\/p>\n\n\n\n<p>Z\u0259r\u0259r\u00e7\u0259kmi\u015f t\u0259r\u0259fi naraz\u0131 salan da el\u0259 t\u0259qsirl\u0259ndiril\u0259n \u015f\u0259xs\u0259 veril\u0259n ittihamd\u0131r. Vidadi M\u0259h\u0259rr\u0259mov hesab edir ki, Sahib \u018flizad\u0259y\u0259 daha a\u011f\u0131r madd\u0259 il\u0259 ittiham verilm\u0259liydi. Onun s\u00f6zl\u0259rin\u0259 g\u00f6r\u0259, ortada x\u00fcsusi amans\u0131zl\u0131qla adam \u00f6ld\u00fcrm\u0259 fakt\u0131 vard\u0131, amma T\u0259rt\u0259r Rayon Prokurorlu\u011fu bunu \u00f6rt-basd\u0131r el\u0259m\u0259y\u0259 \u00e7al\u0131\u015f\u0131r.<\/p>\n\n\n\n<p><em>\u201cB\u00fct\u00fcn ail\u0259nin, bac\u0131s\u0131n\u0131n g\u00f6z\u00fcn\u00fcn qar\u015f\u0131s\u0131nda adama 17 b\u0131\u00e7aq z\u0259rb\u0259si vurana 120.1 ittiham\u0131 verm\u0259k n\u0259 dem\u0259kdir? Ayd\u0131n m\u0259s\u0259l\u0259dir ki, bu m\u0259s\u0259l\u0259l\u0259r el\u0259-bel\u0259 olmur. Burada g\u0259nc bir qad\u0131n\u0131n, k\u00f6rp\u0259 u\u015fa\u011f\u0131n anas\u0131n\u0131n qan\u0131ndan s\u00f6hb\u0259t gedir. V\u0259zif\u0259lil\u0259rin \u00f6z yax\u0131nlar\u0131n\u0131n ba\u015f\u0131na g\u0259ls\u0259ydi, yen\u0259 eyni c\u00fcr davranard\u0131larm\u0131? Adam \u00f6z\u00fcn\u00fc ba\u015fqas\u0131n\u0131n yerin\u0259 qoyma\u011f\u0131 bacarmal\u0131d\u0131r. Ba\u015fqas\u0131n\u0131n a\u011fr\u0131s\u0131n\u0131, ac\u0131s\u0131n\u0131 ba\u015fa d\u00fc\u015fm\u0259yi bacarmayan insan deyil. Bel\u0259 m\u0259s\u0259l\u0259l\u0259rd\u0259 puldan, maldan daha vacib d\u0259y\u0259rl\u0259r oldu\u011funu t\u0259\u0259ss\u00fcf ki, bir \u00e7oxu anlam\u0131r\u201d, <\/em>&#8211; ata Meydan TV-y\u0259 dan\u0131\u015f\u0131r.<\/p>\n\n\n\n<h6 class=\"wp-block-heading\"><strong>\u201cM\u0259nim sa\u00e7lar\u0131m a\u011faran kimi, he\u00e7 bir anan\u0131n sa\u00e7lar\u0131n\u0131n a\u011farmas\u0131n\u0131 ist\u0259mir\u0259m\u201d<\/strong><\/h6>\n\n\n\n<p>Onun fikrinc\u0259, Sahib \u018flizad\u0259y\u0259 Cinay\u0259t M\u0259c\u0259ll\u0259sinin 120.2.4 (x\u00fcsusi amans\u0131zl\u0131qla v\u0259 ya \u00fcmumi t\u0259hl\u00fck\u0259li \u00fcsulla adam \u00f6ld\u00fcrm\u0259) madd\u0259sil\u0259 ittiham verilm\u0259liydi. Bu madd\u0259nin sanksiyas\u0131nda 14 ild\u0259n 20 il\u0259 q\u0259d\u0259r v\u0259 ya \u00f6m\u00fcrl\u00fck azadl\u0131qdan m\u0259hrumetm\u0259 c\u0259zas\u0131 n\u0259z\u0259rd\u0259 tutulub.<\/p>\n\n\n\n<p>Vidadi M\u0259h\u0259rr\u0259movun s\u00f6zl\u0259rin\u0259 g\u00f6r\u0259, q\u0131z\u0131 bo\u015fanmaq ist\u0259diyin\u0259 g\u00f6r\u0259 \u0259ri onu q\u0259tl\u0259 yetirib. Onun s\u00f6zl\u0259rin\u0259 g\u00f6r\u0259, Leyla \u0259rinin evind\u0259n \u00e7\u0131x\u0131b onlara g\u0259lib. Hadis\u0259 ba\u015f ver\u0259n g\u00fcn k\u00fcr\u0259k\u0259ni 2 ya\u015fl\u0131 o\u011flu H\u00fcseyni g\u00f6rm\u0259k ad\u0131yla onlara g\u0259ldiyini dey\u0259r\u0259k aldad\u0131b. H\u0259y\u0259td\u0259 Leyla il\u0259 s\u00f6hb\u0259t ed\u0259rk\u0259n onu q\u0259tl\u0259 yetirib.<\/p>\n\n\n<div class=\"wp-block-image\">\n<figure class=\"alignleft size-large is-resized\"><img decoding=\"async\" width=\"540\" height=\"821\" data-src=\"https:\/\/www.meydan.tv\/wp-content\/uploads\/photo-2023-10-29-17-14-16-540x821.jpg\" alt=\"\" class=\"wp-image-289141 lazyload\" style=\"--smush-placeholder-width: 540px; --smush-placeholder-aspect-ratio: 540\/821;aspect-ratio:0.6577344701583435;width:278px;height:auto\" src=\"data:image\/svg+xml;base64,PHN2ZyB3aWR0aD0iMSIgaGVpZ2h0PSIxIiB4bWxucz0iaHR0cDovL3d3dy53My5vcmcvMjAwMC9zdmciPjwvc3ZnPg==\" \/><figcaption class=\"wp-element-caption\">\u0130ttiham akt\u0131.<\/figcaption><\/figure>\n<\/div>\n\n\n<p>Z\u0259r\u0259r\u00e7\u0259kmi\u015f t\u0259r\u0259f ittiham\u0131n a\u011f\u0131rla\u015fd\u0131r\u0131lmas\u0131 \u00fc\u00e7\u00fcn istintaq d\u00f6vr\u00fcnd\u0259 bir ne\u00e7\u0259 d\u0259f\u0259 Ba\u015f Prokurorlu\u011fa, Prezident Administrasiyas\u0131na da \u015fikay\u0259t edib, m\u00fcxt\u0259lif v\u0259zif\u0259li \u015f\u0259xsl\u0259rin q\u0259buluna gedib. Ancaq n\u0259tic\u0259 d\u0259yi\u015fm\u0259yib. T\u0259rt\u0259rin prokuroru Sahib \u018flizad\u0259nin i\u015fini el\u0259 Cinay\u0259t M\u0259c\u0259ll\u0259sinin 120.1 madd\u0259sil\u0259 m\u0259hk\u0259m\u0259y\u0259 g\u00f6nd\u0259rib.<\/p>\n\n\n\n<p>M\u0259hk\u0259m\u0259d\u0259 z\u0259r\u0259r\u00e7\u0259kmi\u015fin h\u00fcquqi varisi qismind\u0259 Leyla M\u0259h\u0259rr\u0259mlinin atas\u0131 i\u015ftirak edir. Vidadi M\u0259h\u0259rr\u0259mov deyir ki, G\u0259nc\u0259 A\u011f\u0131r Cinay\u0259tl\u0259r M\u0259hk\u0259m\u0259sind\u0259 ittiham\u0131n a\u011f\u0131rla\u015fd\u0131r\u0131lmas\u0131 \u00fc\u00e7\u00fcn cinay\u0259t i\u015finin istintaqa qaytar\u0131lmas\u0131 bar\u0259d\u0259 v\u0259sat\u0259t qald\u0131r\u0131b. Amma v\u0259sat\u0259ti t\u0259min edilm\u0259yib. Haz\u0131rda bu cinay\u0259t i\u015fi \u00fczr\u0259 m\u0259hk\u0259m\u0259 prosesi davam edir. N\u00f6vb\u0259ti m\u0259hk\u0259m\u0259 iclas\u0131 noyabr\u0131n 16-na t\u0259yin olunub.<\/p>\n\n\n\n<p>Leylan\u0131n anas\u0131 Z\u00fclfiyy\u0259 M\u0259h\u0259rr\u0259mova is\u0259 T\u0259rt\u0259r rayon prokurorunun h\u0259r\u0259k\u0259tl\u0259rinin ara\u015fd\u0131r\u0131lmas\u0131n\u0131 ist\u0259yir:<\/p>\n\n\n\n<p><\/p>\n\n\n\n<p><em>\u201cM\u0259n ist\u0259mir\u0259m ki, m\u0259nim q\u0131z\u0131m kimi ba\u015fqalar\u0131n\u0131n da balalar\u0131n\u0131n qan\u0131 bat\u0131r\u0131ls\u0131n. M\u0259nim sa\u00e7lar\u0131m a\u011faran kimi, he\u00e7 bir anan\u0131n sa\u00e7lar\u0131n\u0131n a\u011farmas\u0131n\u0131 ist\u0259mir\u0259m. Ona g\u00f6r\u0259 Ba\u015f Prokurorlu\u011fa, Prezident Administrasiyas\u0131na, D\u00f6vl\u0259t T\u0259hl\u00fck\u0259sizliyi Xidm\u0259tin\u0259 m\u00fcraci\u0259t etmi\u015f\u0259m. Bir m\u00fcdd\u0259t \u0259vv\u0259l biz Ba\u015f Prokurorlu\u011fa m\u00fcraci\u0259t ed\u0259nd\u0259 dedil\u0259r ki, narahat olmay\u0131n. Amma t\u0259\u0259ss\u00fcf ki, bigan\u0259 yana\u015fd\u0131lar\u201d.<\/em><\/p>\n\n\n\n<p><strong>Qad\u0131n q\u0259tll\u0259ri art\u0131r<\/strong><\/p>\n\n\n\n<p>Z\u0259r\u0259r\u00e7\u0259kmi\u015f t\u0259r\u0259f Leyla M\u0259h\u0259rr\u0259mliy\u0259 17 b\u0131\u00e7aq z\u0259rb\u0259si vuruldu\u011funu iddia ets\u0259 d\u0259, ittihamda 5 b\u0131\u00e7aq z\u0259rb\u0259sind\u0259n s\u00f6hb\u0259t gedir. Bundan ba\u015fqa, z\u0259r\u0259r\u00e7\u0259kmi\u015f t\u0259r\u0259f Sahib \u018flizad\u0259nin arvad\u0131n\u0131 ondan bo\u015fanmaq ist\u0259diyin\u0259 g\u00f6r\u0259 q\u0259tl\u0259 yetirdiyini iddia edir. Lakin t\u0259qsirl\u0259ndiril\u0259n \u015f\u0259xs bildirib ki, faktiki toy edib, \u0259r-arvad olsalar da, onlar\u0131n aras\u0131nda r\u0259smi nikah olmay\u0131b. \u00c7\u00fcnki 2020-ci ild\u0259 \u0259vv\u0259l anas\u0131 x\u0259st\u0259 olub, daha sonra m\u00fcharib\u0259 ba\u015flay\u0131b, r\u0259smi nikah ba\u011flaya bilm\u0259yibl\u0259r. Sahib \u018flizad\u0259 iddia edib ki, Leylan\u0131 x\u0259yan\u0259t \u015f\u00fcbh\u0259siyl\u0259 q\u0131sqancl\u0131q z\u0259minind\u0259 \u00f6ld\u00fcr\u00fcb.<\/p>\n\n\n\n<p>Prokurorluq da cinay\u0259t i\u015finin istintaq\u0131n\u0131n obyektiv v\u0259 h\u0259rt\u0259r\u0259fli apar\u0131ld\u0131\u011f\u0131n\u0131 deyir.<\/p>\n\n\n\n<p>D\u00f6vl\u0259t Statistika Komit\u0259sinin m\u0259lumat\u0131na g\u00f6r\u0259, 2021-ci ild\u0259 Az\u0259rbaycanda m\u0259i\u015f\u0259t zorak\u0131l\u0131\u011f\u0131 n\u0259tic\u0259sind\u0259 46 qad\u0131n q\u0259tl\u0259 yetirilib. \u00d6t\u0259n il is\u0259 Az\u0259rbaycanda 51 qad\u0131n m\u0259i\u015f\u0259t zorak\u0131l\u0131\u011f\u0131n\u0131n qurban\u0131 olub. H\u0259l\u0259lik il ba\u015fa \u00e7atmad\u0131\u011f\u0131na g\u00f6r\u0259 2023-c\u00fc il\u0259 aid n\u0259tic\u0259l\u0259r a\u00e7\u0131qlanmay\u0131b. Lakin m\u00fc\u015fahid\u0259l\u0259r builki r\u0259q\u0259ml\u0259rin daha yuxar\u0131 oldu\u011funu dem\u0259y\u0259 \u0259sas verir.<\/p>\n","protected":false},"excerpt":{"rendered":"<p>Vidadi M\u0259h\u0259rr\u0259mov: \u201cBel\u0259 m\u0259s\u0259l\u0259l\u0259rd\u0259 puldan, maldan daha vacib d\u0259y\u0259rl\u0259r oldu\u011funu &#8230; <\/p>\n<p class=\"read-more-container\"><a title=\"T\u0259rt\u0259r sakini: \u201c\u0130st\u0259mir\u0259m ki, m\u0259nim q\u0131z\u0131m kimi, ba\u015fqalar\u0131n\u0131n da balalar\u0131n\u0131n qan\u0131 bat\u0131r\u0131ls\u0131n\u201d\" class=\"read-more button\" href=\"https:\/\/www.meydan.tv\/az\/article\/terter-sakini-istemirem-ki-menim-qizim-kimi-basqalarinin-da-balalarinin-qani-batirilsin\/#more-289144\" aria-label=\"Read more about T\u0259rt\u0259r sakini: \u201c\u0130st\u0259mir\u0259m ki, m\u0259nim q\u0131z\u0131m kimi, ba\u015fqalar\u0131n\u0131n da balalar\u0131n\u0131n qan\u0131 bat\u0131r\u0131ls\u0131n\u201d\">Davam\u0131<\/a><\/p>\n","protected":false},"author":8,"featured_media":289138,"comment_status":"closed","ping_status":"closed","sticky":false,"template":"","format":"standard","meta":{"_acf_changed":false,"_sitemap_exclude":false,"_sitemap_priority":"","_sitemap_frequency":"","footnotes":""},"categories":[60,56],"tags":[],"class_list":["post-289144","post","type-post","status-publish","format-standard","has-post-thumbnail","hentry","category-bolge","category-xeberler","infinite-scroll-item","generate-columns","tablet-grid-50","mobile-grid-100","grid-parent","grid-33","no-featured-image-padding"],"acf":[],"yoast_head":"<!-- This site is optimized with the Yoast SEO plugin v27.4 - https:\/\/yoast.com\/product\/yoast-seo-wordpress\/ -->\n<title>T\u0259rt\u0259r sakini: \u201c\u0130st\u0259mir\u0259m ki, m\u0259nim q\u0131z\u0131m kimi, ba\u015fqalar\u0131n\u0131n da balalar\u0131n\u0131n qan\u0131 bat\u0131r\u0131ls\u0131n\u201d - MEYDAN.TV<\/title>\n<meta name=\"robots\" content=\"index, follow, max-snippet:-1, max-image-preview:large, max-video-preview:-1\" \/>\n<link rel=\"canonical\" href=\"https:\/\/www.meydan.tv\/az\/article\/terter-sakini-istemirem-ki-menim-qizim-kimi-basqalarinin-da-balalarinin-qani-batirilsin\/\" \/>\n<meta property=\"og:locale\" content=\"az_AZ\" \/>\n<meta property=\"og:type\" content=\"article\" \/>\n<meta property=\"og:title\" content=\"T\u0259rt\u0259r sakini: \u201c\u0130st\u0259mir\u0259m ki, m\u0259nim q\u0131z\u0131m kimi, ba\u015fqalar\u0131n\u0131n da balalar\u0131n\u0131n qan\u0131 bat\u0131r\u0131ls\u0131n\u201d - MEYDAN.TV\" \/>\n<meta property=\"og:description\" content=\"Vidadi M\u0259h\u0259rr\u0259mov: \u201cBel\u0259 m\u0259s\u0259l\u0259l\u0259rd\u0259 puldan, maldan daha vacib d\u0259y\u0259rl\u0259r oldu\u011funu ... Davam\u0131\" \/>\n<meta property=\"og:url\" content=\"https:\/\/www.meydan.tv\/az\/article\/terter-sakini-istemirem-ki-menim-qizim-kimi-basqalarinin-da-balalarinin-qani-batirilsin\/\" \/>\n<meta property=\"og:site_name\" content=\"MEYDAN.TV\" \/>\n<meta property=\"article:published_time\" content=\"2023-10-30T07:36:14+00:00\" \/>\n<meta property=\"article:modified_time\" content=\"2023-10-30T07:36:20+00:00\" \/>\n<meta property=\"og:image\" content=\"https:\/\/www.meydan.tv\/wp-content\/uploads\/untitled-1500-x-1000-px-17.jpg\" \/>\n\t<meta property=\"og:image:width\" content=\"1500\" \/>\n\t<meta property=\"og:image:height\" content=\"1000\" \/>\n\t<meta property=\"og:image:type\" content=\"image\/jpeg\" \/>\n<meta name=\"author\" content=\"elli\" \/>\n<meta name=\"twitter:card\" content=\"summary_large_image\" \/>\n<meta name=\"twitter:creator\" content=\"@elli\" \/>\n<script type=\"application\/ld+json\" class=\"yoast-schema-graph\">{\"@context\":\"https:\\\/\\\/schema.org\",\"@graph\":[{\"@type\":\"Article\",\"@id\":\"https:\\\/\\\/www.meydan.tv\\\/az\\\/article\\\/terter-sakini-istemirem-ki-menim-qizim-kimi-basqalarinin-da-balalarinin-qani-batirilsin\\\/#article\",\"isPartOf\":{\"@id\":\"https:\\\/\\\/www.meydan.tv\\\/az\\\/article\\\/terter-sakini-istemirem-ki-menim-qizim-kimi-basqalarinin-da-balalarinin-qani-batirilsin\\\/\"},\"author\":{\"name\":\"elli\",\"@id\":\"https:\\\/\\\/www.meydan.tv\\\/az\\\/#\\\/schema\\\/person\\\/9cdbecf90d17180ce1dfbd95b08dcf47\"},\"headline\":\"T\u0259rt\u0259r sakini: \u201c\u0130st\u0259mir\u0259m ki, m\u0259nim q\u0131z\u0131m kimi, ba\u015fqalar\u0131n\u0131n da balalar\u0131n\u0131n qan\u0131 bat\u0131r\u0131ls\u0131n\u201d\",\"datePublished\":\"2023-10-30T07:36:14+00:00\",\"dateModified\":\"2023-10-30T07:36:20+00:00\",\"mainEntityOfPage\":{\"@id\":\"https:\\\/\\\/www.meydan.tv\\\/az\\\/article\\\/terter-sakini-istemirem-ki-menim-qizim-kimi-basqalarinin-da-balalarinin-qani-batirilsin\\\/\"},\"wordCount\":1152,\"publisher\":{\"@id\":\"https:\\\/\\\/www.meydan.tv\\\/az\\\/#organization\"},\"image\":{\"@id\":\"https:\\\/\\\/www.meydan.tv\\\/az\\\/article\\\/terter-sakini-istemirem-ki-menim-qizim-kimi-basqalarinin-da-balalarinin-qani-batirilsin\\\/#primaryimage\"},\"thumbnailUrl\":\"https:\\\/\\\/www.meydan.tv\\\/wp-content\\\/uploads\\\/untitled-1500-x-1000-px-17.jpg\",\"articleSection\":[\"B\u00f6lg\u0259\",\"X\u0259b\u0259rl\u0259r\"],\"inLanguage\":\"az\"},{\"@type\":\"WebPage\",\"@id\":\"https:\\\/\\\/www.meydan.tv\\\/az\\\/article\\\/terter-sakini-istemirem-ki-menim-qizim-kimi-basqalarinin-da-balalarinin-qani-batirilsin\\\/\",\"url\":\"https:\\\/\\\/www.meydan.tv\\\/az\\\/article\\\/terter-sakini-istemirem-ki-menim-qizim-kimi-basqalarinin-da-balalarinin-qani-batirilsin\\\/\",\"name\":\"T\u0259rt\u0259r sakini: \u201c\u0130st\u0259mir\u0259m ki, m\u0259nim q\u0131z\u0131m kimi, ba\u015fqalar\u0131n\u0131n da balalar\u0131n\u0131n qan\u0131 bat\u0131r\u0131ls\u0131n\u201d - MEYDAN.TV\",\"isPartOf\":{\"@id\":\"https:\\\/\\\/www.meydan.tv\\\/az\\\/#website\"},\"primaryImageOfPage\":{\"@id\":\"https:\\\/\\\/www.meydan.tv\\\/az\\\/article\\\/terter-sakini-istemirem-ki-menim-qizim-kimi-basqalarinin-da-balalarinin-qani-batirilsin\\\/#primaryimage\"},\"image\":{\"@id\":\"https:\\\/\\\/www.meydan.tv\\\/az\\\/article\\\/terter-sakini-istemirem-ki-menim-qizim-kimi-basqalarinin-da-balalarinin-qani-batirilsin\\\/#primaryimage\"},\"thumbnailUrl\":\"https:\\\/\\\/www.meydan.tv\\\/wp-content\\\/uploads\\\/untitled-1500-x-1000-px-17.jpg\",\"datePublished\":\"2023-10-30T07:36:14+00:00\",\"dateModified\":\"2023-10-30T07:36:20+00:00\",\"breadcrumb\":{\"@id\":\"https:\\\/\\\/www.meydan.tv\\\/az\\\/article\\\/terter-sakini-istemirem-ki-menim-qizim-kimi-basqalarinin-da-balalarinin-qani-batirilsin\\\/#breadcrumb\"},\"inLanguage\":\"az\",\"potentialAction\":[{\"@type\":\"ReadAction\",\"target\":[\"https:\\\/\\\/www.meydan.tv\\\/az\\\/article\\\/terter-sakini-istemirem-ki-menim-qizim-kimi-basqalarinin-da-balalarinin-qani-batirilsin\\\/\"]}]},{\"@type\":\"ImageObject\",\"inLanguage\":\"az\",\"@id\":\"https:\\\/\\\/www.meydan.tv\\\/az\\\/article\\\/terter-sakini-istemirem-ki-menim-qizim-kimi-basqalarinin-da-balalarinin-qani-batirilsin\\\/#primaryimage\",\"url\":\"https:\\\/\\\/www.meydan.tv\\\/wp-content\\\/uploads\\\/untitled-1500-x-1000-px-17.jpg\",\"contentUrl\":\"https:\\\/\\\/www.meydan.tv\\\/wp-content\\\/uploads\\\/untitled-1500-x-1000-px-17.jpg\",\"width\":1500,\"height\":1000,\"caption\":\"Vidadi M\u0259h\u0259rr\u0259mov. Foto: Meydan TV\"},{\"@type\":\"BreadcrumbList\",\"@id\":\"https:\\\/\\\/www.meydan.tv\\\/az\\\/article\\\/terter-sakini-istemirem-ki-menim-qizim-kimi-basqalarinin-da-balalarinin-qani-batirilsin\\\/#breadcrumb\",\"itemListElement\":[{\"@type\":\"ListItem\",\"position\":1,\"name\":\"Ana s\u0259hif\u0259\",\"item\":\"https:\\\/\\\/www.meydan.tv\\\/az\\\/\"},{\"@type\":\"ListItem\",\"position\":2,\"name\":\"B\u00f6lg\u0259\",\"item\":\"https:\\\/\\\/www.meydan.tv\\\/az\\\/section\\\/bolge\\\/\"},{\"@type\":\"ListItem\",\"position\":3,\"name\":\"T\u0259rt\u0259r sakini: \u201c\u0130st\u0259mir\u0259m ki, m\u0259nim q\u0131z\u0131m kimi, ba\u015fqalar\u0131n\u0131n da balalar\u0131n\u0131n qan\u0131 bat\u0131r\u0131ls\u0131n\u201d\"}]},{\"@type\":\"WebSite\",\"@id\":\"https:\\\/\\\/www.meydan.tv\\\/az\\\/#website\",\"url\":\"https:\\\/\\\/www.meydan.tv\\\/az\\\/\",\"name\":\"MEYDAN.TV\",\"description\":\"Meydan TV Az\u0259rbaycan\u0131n media m\u0259kan\u0131ndak\u0131 alternativ s\u0259sidir\",\"publisher\":{\"@id\":\"https:\\\/\\\/www.meydan.tv\\\/az\\\/#organization\"},\"potentialAction\":[{\"@type\":\"SearchAction\",\"target\":{\"@type\":\"EntryPoint\",\"urlTemplate\":\"https:\\\/\\\/www.meydan.tv\\\/az\\\/?s={search_term_string}\"},\"query-input\":{\"@type\":\"PropertyValueSpecification\",\"valueRequired\":true,\"valueName\":\"search_term_string\"}}],\"inLanguage\":\"az\"},{\"@type\":\"Organization\",\"@id\":\"https:\\\/\\\/www.meydan.tv\\\/az\\\/#organization\",\"name\":\"Meydan TV\",\"url\":\"https:\\\/\\\/www.meydan.tv\\\/az\\\/\",\"logo\":{\"@type\":\"ImageObject\",\"inLanguage\":\"az\",\"@id\":\"https:\\\/\\\/www.meydan.tv\\\/az\\\/#\\\/schema\\\/logo\\\/image\\\/\",\"url\":\"https:\\\/\\\/www.meydan.tv\\\/wp-content\\\/uploads\\\/2021\\\/07\\\/meydan-logo.svg\",\"contentUrl\":\"https:\\\/\\\/www.meydan.tv\\\/wp-content\\\/uploads\\\/2021\\\/07\\\/meydan-logo.svg\",\"width\":195,\"height\":46,\"caption\":\"Meydan TV\"},\"image\":{\"@id\":\"https:\\\/\\\/www.meydan.tv\\\/az\\\/#\\\/schema\\\/logo\\\/image\\\/\"}},{\"@type\":\"Person\",\"@id\":\"https:\\\/\\\/www.meydan.tv\\\/az\\\/#\\\/schema\\\/person\\\/9cdbecf90d17180ce1dfbd95b08dcf47\",\"name\":\"elli\",\"sameAs\":[\"https:\\\/\\\/x.com\\\/elli\"]}]}<\/script>\n<!-- \/ Yoast SEO plugin. -->","yoast_head_json":{"title":"T\u0259rt\u0259r sakini: \u201c\u0130st\u0259mir\u0259m ki, m\u0259nim q\u0131z\u0131m kimi, ba\u015fqalar\u0131n\u0131n da balalar\u0131n\u0131n qan\u0131 bat\u0131r\u0131ls\u0131n\u201d - MEYDAN.TV","robots":{"index":"index","follow":"follow","max-snippet":"max-snippet:-1","max-image-preview":"max-image-preview:large","max-video-preview":"max-video-preview:-1"},"canonical":"https:\/\/www.meydan.tv\/az\/article\/terter-sakini-istemirem-ki-menim-qizim-kimi-basqalarinin-da-balalarinin-qani-batirilsin\/","og_locale":"az_AZ","og_type":"article","og_title":"T\u0259rt\u0259r sakini: \u201c\u0130st\u0259mir\u0259m ki, m\u0259nim q\u0131z\u0131m kimi, ba\u015fqalar\u0131n\u0131n da balalar\u0131n\u0131n qan\u0131 bat\u0131r\u0131ls\u0131n\u201d - MEYDAN.TV","og_description":"Vidadi M\u0259h\u0259rr\u0259mov: \u201cBel\u0259 m\u0259s\u0259l\u0259l\u0259rd\u0259 puldan, maldan daha vacib d\u0259y\u0259rl\u0259r oldu\u011funu ... Davam\u0131","og_url":"https:\/\/www.meydan.tv\/az\/article\/terter-sakini-istemirem-ki-menim-qizim-kimi-basqalarinin-da-balalarinin-qani-batirilsin\/","og_site_name":"MEYDAN.TV","article_published_time":"2023-10-30T07:36:14+00:00","article_modified_time":"2023-10-30T07:36:20+00:00","og_image":[{"width":1500,"height":1000,"url":"https:\/\/www.meydan.tv\/wp-content\/uploads\/untitled-1500-x-1000-px-17.jpg","type":"image\/jpeg"}],"author":"elli","twitter_card":"summary_large_image","twitter_creator":"@elli","schema":{"@context":"https:\/\/schema.org","@graph":[{"@type":"Article","@id":"https:\/\/www.meydan.tv\/az\/article\/terter-sakini-istemirem-ki-menim-qizim-kimi-basqalarinin-da-balalarinin-qani-batirilsin\/#article","isPartOf":{"@id":"https:\/\/www.meydan.tv\/az\/article\/terter-sakini-istemirem-ki-menim-qizim-kimi-basqalarinin-da-balalarinin-qani-batirilsin\/"},"author":{"name":"elli","@id":"https:\/\/www.meydan.tv\/az\/#\/schema\/person\/9cdbecf90d17180ce1dfbd95b08dcf47"},"headline":"T\u0259rt\u0259r sakini: \u201c\u0130st\u0259mir\u0259m ki, m\u0259nim q\u0131z\u0131m kimi, ba\u015fqalar\u0131n\u0131n da balalar\u0131n\u0131n qan\u0131 bat\u0131r\u0131ls\u0131n\u201d","datePublished":"2023-10-30T07:36:14+00:00","dateModified":"2023-10-30T07:36:20+00:00","mainEntityOfPage":{"@id":"https:\/\/www.meydan.tv\/az\/article\/terter-sakini-istemirem-ki-menim-qizim-kimi-basqalarinin-da-balalarinin-qani-batirilsin\/"},"wordCount":1152,"publisher":{"@id":"https:\/\/www.meydan.tv\/az\/#organization"},"image":{"@id":"https:\/\/www.meydan.tv\/az\/article\/terter-sakini-istemirem-ki-menim-qizim-kimi-basqalarinin-da-balalarinin-qani-batirilsin\/#primaryimage"},"thumbnailUrl":"https:\/\/www.meydan.tv\/wp-content\/uploads\/untitled-1500-x-1000-px-17.jpg","articleSection":["B\u00f6lg\u0259","X\u0259b\u0259rl\u0259r"],"inLanguage":"az"},{"@type":"WebPage","@id":"https:\/\/www.meydan.tv\/az\/article\/terter-sakini-istemirem-ki-menim-qizim-kimi-basqalarinin-da-balalarinin-qani-batirilsin\/","url":"https:\/\/www.meydan.tv\/az\/article\/terter-sakini-istemirem-ki-menim-qizim-kimi-basqalarinin-da-balalarinin-qani-batirilsin\/","name":"T\u0259rt\u0259r sakini: \u201c\u0130st\u0259mir\u0259m ki, m\u0259nim q\u0131z\u0131m kimi, ba\u015fqalar\u0131n\u0131n da balalar\u0131n\u0131n qan\u0131 bat\u0131r\u0131ls\u0131n\u201d - MEYDAN.TV","isPartOf":{"@id":"https:\/\/www.meydan.tv\/az\/#website"},"primaryImageOfPage":{"@id":"https:\/\/www.meydan.tv\/az\/article\/terter-sakini-istemirem-ki-menim-qizim-kimi-basqalarinin-da-balalarinin-qani-batirilsin\/#primaryimage"},"image":{"@id":"https:\/\/www.meydan.tv\/az\/article\/terter-sakini-istemirem-ki-menim-qizim-kimi-basqalarinin-da-balalarinin-qani-batirilsin\/#primaryimage"},"thumbnailUrl":"https:\/\/www.meydan.tv\/wp-content\/uploads\/untitled-1500-x-1000-px-17.jpg","datePublished":"2023-10-30T07:36:14+00:00","dateModified":"2023-10-30T07:36:20+00:00","breadcrumb":{"@id":"https:\/\/www.meydan.tv\/az\/article\/terter-sakini-istemirem-ki-menim-qizim-kimi-basqalarinin-da-balalarinin-qani-batirilsin\/#breadcrumb"},"inLanguage":"az","potentialAction":[{"@type":"ReadAction","target":["https:\/\/www.meydan.tv\/az\/article\/terter-sakini-istemirem-ki-menim-qizim-kimi-basqalarinin-da-balalarinin-qani-batirilsin\/"]}]},{"@type":"ImageObject","inLanguage":"az","@id":"https:\/\/www.meydan.tv\/az\/article\/terter-sakini-istemirem-ki-menim-qizim-kimi-basqalarinin-da-balalarinin-qani-batirilsin\/#primaryimage","url":"https:\/\/www.meydan.tv\/wp-content\/uploads\/untitled-1500-x-1000-px-17.jpg","contentUrl":"https:\/\/www.meydan.tv\/wp-content\/uploads\/untitled-1500-x-1000-px-17.jpg","width":1500,"height":1000,"caption":"Vidadi M\u0259h\u0259rr\u0259mov. Foto: Meydan TV"},{"@type":"BreadcrumbList","@id":"https:\/\/www.meydan.tv\/az\/article\/terter-sakini-istemirem-ki-menim-qizim-kimi-basqalarinin-da-balalarinin-qani-batirilsin\/#breadcrumb","itemListElement":[{"@type":"ListItem","position":1,"name":"Ana s\u0259hif\u0259","item":"https:\/\/www.meydan.tv\/az\/"},{"@type":"ListItem","position":2,"name":"B\u00f6lg\u0259","item":"https:\/\/www.meydan.tv\/az\/section\/bolge\/"},{"@type":"ListItem","position":3,"name":"T\u0259rt\u0259r sakini: \u201c\u0130st\u0259mir\u0259m ki, m\u0259nim q\u0131z\u0131m kimi, ba\u015fqalar\u0131n\u0131n da balalar\u0131n\u0131n qan\u0131 bat\u0131r\u0131ls\u0131n\u201d"}]},{"@type":"WebSite","@id":"https:\/\/www.meydan.tv\/az\/#website","url":"https:\/\/www.meydan.tv\/az\/","name":"MEYDAN.TV","description":"Meydan TV Az\u0259rbaycan\u0131n media m\u0259kan\u0131ndak\u0131 alternativ s\u0259sidir","publisher":{"@id":"https:\/\/www.meydan.tv\/az\/#organization"},"potentialAction":[{"@type":"SearchAction","target":{"@type":"EntryPoint","urlTemplate":"https:\/\/www.meydan.tv\/az\/?s={search_term_string}"},"query-input":{"@type":"PropertyValueSpecification","valueRequired":true,"valueName":"search_term_string"}}],"inLanguage":"az"},{"@type":"Organization","@id":"https:\/\/www.meydan.tv\/az\/#organization","name":"Meydan TV","url":"https:\/\/www.meydan.tv\/az\/","logo":{"@type":"ImageObject","inLanguage":"az","@id":"https:\/\/www.meydan.tv\/az\/#\/schema\/logo\/image\/","url":"https:\/\/www.meydan.tv\/wp-content\/uploads\/2021\/07\/meydan-logo.svg","contentUrl":"https:\/\/www.meydan.tv\/wp-content\/uploads\/2021\/07\/meydan-logo.svg","width":195,"height":46,"caption":"Meydan TV"},"image":{"@id":"https:\/\/www.meydan.tv\/az\/#\/schema\/logo\/image\/"}},{"@type":"Person","@id":"https:\/\/www.meydan.tv\/az\/#\/schema\/person\/9cdbecf90d17180ce1dfbd95b08dcf47","name":"elli","sameAs":["https:\/\/x.com\/elli"]}]}},"_links":{"self":[{"href":"https:\/\/www.meydan.tv\/az\/wp-json\/wp\/v2\/posts\/289144","targetHints":{"allow":["GET"]}}],"collection":[{"href":"https:\/\/www.meydan.tv\/az\/wp-json\/wp\/v2\/posts"}],"about":[{"href":"https:\/\/www.meydan.tv\/az\/wp-json\/wp\/v2\/types\/post"}],"author":[{"embeddable":true,"href":"https:\/\/www.meydan.tv\/az\/wp-json\/wp\/v2\/users\/8"}],"replies":[{"embeddable":true,"href":"https:\/\/www.meydan.tv\/az\/wp-json\/wp\/v2\/comments?post=289144"}],"version-history":[{"count":3,"href":"https:\/\/www.meydan.tv\/az\/wp-json\/wp\/v2\/posts\/289144\/revisions"}],"predecessor-version":[{"id":289147,"href":"https:\/\/www.meydan.tv\/az\/wp-json\/wp\/v2\/posts\/289144\/revisions\/289147"}],"wp:featuredmedia":[{"embeddable":true,"href":"https:\/\/www.meydan.tv\/az\/wp-json\/wp\/v2\/media\/289138"}],"wp:attachment":[{"href":"https:\/\/www.meydan.tv\/az\/wp-json\/wp\/v2\/media?parent=289144"}],"wp:term":[{"taxonomy":"category","embeddable":true,"href":"https:\/\/www.meydan.tv\/az\/wp-json\/wp\/v2\/categories?post=289144"},{"taxonomy":"post_tag","embeddable":true,"href":"https:\/\/www.meydan.tv\/az\/wp-json\/wp\/v2\/tags?post=289144"}],"curies":[{"name":"wp","href":"https:\/\/api.w.org\/{rel}","templated":true}]}}