{"id":289131,"date":"2023-10-30T11:15:52","date_gmt":"2023-10-30T07:15:52","guid":{"rendered":"https:\/\/www.meydan.tv\/?p=289131"},"modified":"2023-10-30T11:15:55","modified_gmt":"2023-10-30T07:15:55","slug":"qubada-bosalan-kendler-ehtiyacdan-merkeze-uz-tutdugunu-deyen-kendliler","status":"publish","type":"post","link":"https:\/\/www.meydan.tv\/az\/article\/qubada-bosalan-kendler-ehtiyacdan-merkeze-uz-tutdugunu-deyen-kendliler\/","title":{"rendered":"Qubada bo\u015falan k\u0259ndl\u0259r, ehtiyacdan m\u0259rk\u0259z\u0259 \u00fcz tutdu\u011funu dey\u0259n k\u0259ndlil\u0259r&#8230;"},"content":{"rendered":"\n<p><\/p>\n\n\n\n<p><strong><em>&#8220;K\u0259ndlini q\u0131nayanlar uzaqba\u015f\u0131 yayda t\u0259til\u0259 g\u0259lib bir-iki g\u00fcn k\u0259ndd\u0259 qalanlard\u0131r&#8221;<\/em><\/strong><\/p>\n\n\n\n<p>\u201c<em>Quban\u0131n bir ne\u00e7\u0259 k\u0259ndi dolan\u0131\u015f\u0131q \u00fcz\u00fcnd\u0259n bo\u015fal\u0131b. M\u0259s\u0259l\u0259n, S\u00f6h\u00fcb k\u0259ndinin inzibati \u0259razisin\u0259 daxil olan k\u0259ndl\u0259rd\u0259, R\u00fck, X\u0131rt, Qarxun. \u018flikd\u0259 evl\u0259rin \u0259ks\u0259riyy\u0259tin\u0259 q\u0131f\u0131l vurulub. El\u0259 k\u0259nd var ki, bir-iki, b\u0259zisind\u0259 \u0259n \u00e7oxu ona yax\u0131n ail\u0259 qal\u0131b\u201d.<\/em><\/p>\n\n\n\n<p>Bunu Meydan TV-y\u0259 dolan\u0131\u015f\u0131q ucbat\u0131ndan rayon m\u0259rk\u0259zin\u0259 k\u00f6\u00e7m\u0259k m\u0259cburiyy\u0259tind\u0259 qald\u0131\u011f\u0131n\u0131 dey\u0259n \u018fbd\u00fcl S\u0259m\u0259dov bildirib. Onun s\u00f6zl\u0259rin\u0259 g\u00f6r\u0259, bu gedi\u015fl\u0259 \u0259ks\u0259r k\u0259nd bo\u015f qalacaq. \u0130mkan\u0131 olan Bak\u0131ya, rayon m\u0259rk\u0259zin\u0259 k\u00f6\u00e7\u00fcr, daha \u00e7ox ya\u015fl\u0131lar, ged\u0259c\u0259k yeri olmayan qocalar k\u0259ndl\u0259rd\u0259 qal\u0131r.<\/p>\n\n\n\n<p><em>\u201cM\u0259s\u0259l\u0259n, X\u0131rtda 10-12, Cimid\u0259 5-10, G\u00fcl\u0259zid\u0259 3-4 ev qal\u0131b. 7 n\u0259f\u0259rlik ail\u0259 m\u0259nim himay\u0259md\u0259dir, bizim k\u0259ndd\u0259 i\u015f yoxdur. Bo\u015falan k\u0259ndl\u0259rd\u0259 y\u00fcz hektarlarla \u0259kin sah\u0259l\u0259ri istifad\u0259siz qal\u0131b, texnika yoxdur ki, \u0259kib-bec\u0259rilsin. \u0130ki-\u00fc\u00e7 in\u0259yim vard\u0131, \u00e7aqqal yedi. El\u0259 qap\u0131 qalmad\u0131 ki, k\u00f6m\u0259k \u00fc\u00e7\u00fcn m\u00fcraci\u0259t etm\u0259yim. Dedil\u0259r ki, ucqar k\u0259nddi \u00e7aqqal, canavar olur, heyvan\u0131n\u0131 s\u0131\u011forta etdirm\u0259mis\u0259n\u201d,<\/em>&#8211; S\u0259m\u0259dov dan\u0131\u015f\u0131b.<\/p>\n\n\n\n<p>R\u00fck k\u0259ndinin sakinl\u0259ri is\u0259 deyirl\u0259r ki, sovetl\u0259r d\u00f6n\u0259mind\u0259 i\u015f yerl\u0259ri olub, dolana bilibl\u0259r. Sakinl\u0259rd\u0259n biri deyib ki, k\u0259ndd\u0259ki b\u00fct\u00fcn evl\u0259ri bir-bir d\u00f6ys\u0259l\u0259r, \u00fcmumilikd\u0259, toplanan pul \u0259kin-bi\u00e7in \u00fc\u00e7\u00fcn texnika alma\u011fa yetm\u0259z:<\/p>\n\n\n\n<p><em>\u201cK\u00fc\u00e7\u0259l\u0259r bo\u015f qal\u0131b, adam\u0131n \u00fcr\u0259yi a\u011fr\u0131y\u0131r. K\u00f6\u00e7\u00fcb ged\u0259nl\u0259ri q\u0131namaq olmur, dolan\u0131\u015f\u0131q yoxdur. Mal-qaran\u0131 yeml\u0259m\u0259k laz\u0131md\u0131r, he\u00e7 toyuq-c\u00fcc\u0259 \u00fc\u00e7\u00fcn yem ala bilmirik\u201d.<\/em><\/p>\n\n\n\n<p>Rayon m\u0259rk\u0259zind\u0259n 45 kilometr k\u0259narda yerl\u0259\u015f\u0259n \u018flik k\u0259ndind\u0259 d\u0259 bo\u015falan evl\u0259rin say\u0131 h\u0259r il bir az daha art\u0131r. K\u0259ndd\u0259 daha \u00e7ox ya\u015fl\u0131lar ya\u015fay\u0131r.<\/p>\n\n\n\n<p>X\u0131rt k\u0259ndi is\u0259 m\u0259rk\u0259zd\u0259n 40 kilometr uzaqdad\u0131r. SSR\u0130 d\u00f6n\u0259mind\u0259 k\u0259ndd\u0259 150-d\u0259n \u00e7ox ail\u0259 ya\u015fay\u0131b. Haz\u0131rda is\u0259 X\u0131rtda ya\u015fayan ail\u0259l\u0259rin say\u0131 20-y\u0259 \u00e7atm\u0131r. S\u0259m\u0259dov deyir ki, X\u0131rt k\u0259ndinin t\u0259bi\u0259ti turizm c\u0259lb etm\u0259k \u00fc\u00e7\u00fcn \u0259lveri\u015flidir. Amma sakinl\u0259rin imkan\u0131 yoxdur ki, i\u015f qurub dolana bilsin:<\/p>\n\n\n\n<p><em>\u201cKim\u0259 m\u00fcraci\u0259t ets\u0259n, deyir ki, \u0259kib-bec\u0259r, heyvan saxla, dolan. K\u0259ndlini q\u0131nayanlar uzaqba\u015f\u0131 yayda t\u0259til\u0259 g\u0259lib bir-iki g\u00fcn k\u0259ndd\u0259 qalanlard\u0131r. He\u00e7 kim i\u015fsiz, m\u0259kt\u0259bi, h\u0259kim m\u0259nt\u0259q\u0259si olmayan k\u0259ndd\u0259 bir h\u0259ft\u0259d\u0259n art\u0131q qala bilm\u0259z. H\u0259r \u015fey \u00e7\u00f6r\u0259y\u0259 ba\u011fl\u0131d\u0131r, he\u00e7 kim \u00f6z evini qoyub kiray\u0259d\u0259 \u00f6m\u00fcr s\u00fcrm\u0259k ist\u0259m\u0259z\u201d.<\/em><\/p>\n\n\n\n<p>Quba Rayon \u0130cra Hakimiyy\u0259tind\u0259n is\u0259 k\u0259ndl\u0259rin bo\u015falmas\u0131n\u0131n \u015f\u0259rait v\u0259 i\u015fsizlikl\u0259 ba\u011fl\u0131 olmas\u0131 il\u0259 raz\u0131la\u015fmay\u0131blar. \u0130cra hakimiyy\u0259tinin telefonlar\u0131na cavab ver\u0259n \u0259m\u0259kda\u015f\u0131 deyib ki, dig\u0259r rayonlarda da k\u0259ndl\u0259rd\u0259n m\u0259rk\u0259z\u0259 k\u00f6\u00e7\u0259nl\u0259r var, bu, \u00fcmumi problemdir.<\/p>\n\n\n\n<p>D\u00f6vl\u0259t Statistika Komit\u0259si 2019-cu ild\u0259 \u0259halinin siyah\u0131ya al\u0131nmas\u0131 zaman\u0131 Az\u0259rbaycanda \u0259halisi \u0259n az olan k\u0259ndl\u0259rin adlar\u0131n\u0131 a\u00e7\u0131qlay\u0131b. M\u0259lum olub ki, Az\u0259rbaycanda \u0259halisinin say\u0131 50 n\u0259f\u0259rd\u0259n az olan 129 k\u0259nd var. \u015eamax\u0131 rayonunun Ac\u0131d\u0259r\u0259 k\u0259ndind\u0259 c\u0259mi 1 n\u0259f\u0259r ya\u015fay\u0131r. \u018fhali say\u0131na g\u00f6r\u0259 sonrak\u0131 yerl\u0259ri 2 n\u0259f\u0259rl\u0259 \u0130smay\u0131ll\u0131 rayonunun Pirq\u0259m k\u0259ndi, 3 n\u0259f\u0259rl\u0259 G\u0259rz\u0259 k\u0259ndi tutub.<\/p>\n\n\n\n<p>AMEA-n\u0131n Co\u011frafiya \u0130nstitutunun m\u00fct\u0259x\u0259ssisl\u0259ri d\u0259 h\u0259min il \u0259halisi azalan k\u0259ndl\u0259rl\u0259 ba\u011fl\u0131 ara\u015fd\u0131rma apar\u0131b. \u018fhalisinin say\u0131n\u0131n azalmas\u0131n\u0131n nisb\u0259t\u0259n \u00e7ox oldu\u011fu regionlar kimi Quba-Xa\u00e7maz, L\u0259nk\u0259ran-Astara, h\u0259m\u00e7inin \u015e\u0259ki-Zaqatala, G\u0259nc\u0259-Qazax iqtisadi-co\u011frafi rayonlar\u0131n\u0131 qeyd edibl\u0259r.<\/p>\n","protected":false},"excerpt":{"rendered":"<p>&#8220;K\u0259ndlini q\u0131nayanlar uzaqba\u015f\u0131 yayda t\u0259til\u0259 g\u0259lib bir-iki g\u00fcn k\u0259ndd\u0259 qalanlard\u0131r&#8221; &#8230; <\/p>\n<p class=\"read-more-container\"><a title=\"Qubada bo\u015falan k\u0259ndl\u0259r, ehtiyacdan m\u0259rk\u0259z\u0259 \u00fcz tutdu\u011funu dey\u0259n k\u0259ndlil\u0259r&#8230;\" class=\"read-more button\" href=\"https:\/\/www.meydan.tv\/az\/article\/qubada-bosalan-kendler-ehtiyacdan-merkeze-uz-tutdugunu-deyen-kendliler\/#more-289131\" aria-label=\"Read more about Qubada bo\u015falan k\u0259ndl\u0259r, ehtiyacdan m\u0259rk\u0259z\u0259 \u00fcz tutdu\u011funu dey\u0259n k\u0259ndlil\u0259r&#8230;\">Davam\u0131<\/a><\/p>\n","protected":false},"author":8,"featured_media":289128,"comment_status":"closed","ping_status":"closed","sticky":false,"template":"","format":"standard","meta":{"_acf_changed":false,"_sitemap_exclude":false,"_sitemap_priority":"","_sitemap_frequency":"","footnotes":""},"categories":[60,79,56],"tags":[],"class_list":["post-289131","post","type-post","status-publish","format-standard","has-post-thumbnail","hentry","category-bolge","category-featured","category-xeberler","infinite-scroll-item","generate-columns","tablet-grid-50","mobile-grid-100","grid-parent","grid-33","no-featured-image-padding"],"acf":[],"yoast_head":"<!-- This site is optimized with the Yoast SEO plugin v27.4 - https:\/\/yoast.com\/product\/yoast-seo-wordpress\/ -->\n<title>Qubada bo\u015falan k\u0259ndl\u0259r, ehtiyacdan m\u0259rk\u0259z\u0259 \u00fcz tutdu\u011funu dey\u0259n k\u0259ndlil\u0259r... - MEYDAN.TV<\/title>\n<meta name=\"robots\" content=\"index, follow, max-snippet:-1, max-image-preview:large, max-video-preview:-1\" \/>\n<link rel=\"canonical\" href=\"https:\/\/www.meydan.tv\/az\/article\/qubada-bosalan-kendler-ehtiyacdan-merkeze-uz-tutdugunu-deyen-kendliler\/\" \/>\n<meta property=\"og:locale\" content=\"az_AZ\" \/>\n<meta property=\"og:type\" content=\"article\" \/>\n<meta property=\"og:title\" content=\"Qubada bo\u015falan k\u0259ndl\u0259r, ehtiyacdan m\u0259rk\u0259z\u0259 \u00fcz tutdu\u011funu dey\u0259n k\u0259ndlil\u0259r... - MEYDAN.TV\" \/>\n<meta property=\"og:description\" content=\"&#8220;K\u0259ndlini q\u0131nayanlar uzaqba\u015f\u0131 yayda t\u0259til\u0259 g\u0259lib bir-iki g\u00fcn k\u0259ndd\u0259 qalanlard\u0131r&#8221; ... Davam\u0131\" \/>\n<meta property=\"og:url\" content=\"https:\/\/www.meydan.tv\/az\/article\/qubada-bosalan-kendler-ehtiyacdan-merkeze-uz-tutdugunu-deyen-kendliler\/\" \/>\n<meta property=\"og:site_name\" content=\"MEYDAN.TV\" \/>\n<meta property=\"article:published_time\" content=\"2023-10-30T07:15:52+00:00\" \/>\n<meta property=\"article:modified_time\" content=\"2023-10-30T07:15:55+00:00\" \/>\n<meta property=\"og:image\" content=\"https:\/\/www.meydan.tv\/wp-content\/uploads\/shutterstock_1309629220-scaled.jpg\" \/>\n\t<meta property=\"og:image:width\" content=\"2560\" \/>\n\t<meta property=\"og:image:height\" content=\"1714\" \/>\n\t<meta property=\"og:image:type\" content=\"image\/jpeg\" \/>\n<meta name=\"author\" content=\"elli\" \/>\n<meta name=\"twitter:card\" content=\"summary_large_image\" \/>\n<meta name=\"twitter:creator\" content=\"@elli\" \/>\n<script type=\"application\/ld+json\" class=\"yoast-schema-graph\">{\"@context\":\"https:\\\/\\\/schema.org\",\"@graph\":[{\"@type\":\"Article\",\"@id\":\"https:\\\/\\\/www.meydan.tv\\\/az\\\/article\\\/qubada-bosalan-kendler-ehtiyacdan-merkeze-uz-tutdugunu-deyen-kendliler\\\/#article\",\"isPartOf\":{\"@id\":\"https:\\\/\\\/www.meydan.tv\\\/az\\\/article\\\/qubada-bosalan-kendler-ehtiyacdan-merkeze-uz-tutdugunu-deyen-kendliler\\\/\"},\"author\":{\"name\":\"elli\",\"@id\":\"https:\\\/\\\/www.meydan.tv\\\/az\\\/#\\\/schema\\\/person\\\/9cdbecf90d17180ce1dfbd95b08dcf47\"},\"headline\":\"Qubada bo\u015falan k\u0259ndl\u0259r, ehtiyacdan m\u0259rk\u0259z\u0259 \u00fcz tutdu\u011funu dey\u0259n k\u0259ndlil\u0259r&#8230;\",\"datePublished\":\"2023-10-30T07:15:52+00:00\",\"dateModified\":\"2023-10-30T07:15:55+00:00\",\"mainEntityOfPage\":{\"@id\":\"https:\\\/\\\/www.meydan.tv\\\/az\\\/article\\\/qubada-bosalan-kendler-ehtiyacdan-merkeze-uz-tutdugunu-deyen-kendliler\\\/\"},\"wordCount\":735,\"publisher\":{\"@id\":\"https:\\\/\\\/www.meydan.tv\\\/az\\\/#organization\"},\"image\":{\"@id\":\"https:\\\/\\\/www.meydan.tv\\\/az\\\/article\\\/qubada-bosalan-kendler-ehtiyacdan-merkeze-uz-tutdugunu-deyen-kendliler\\\/#primaryimage\"},\"thumbnailUrl\":\"https:\\\/\\\/www.meydan.tv\\\/wp-content\\\/uploads\\\/shutterstock_1309629220-scaled.jpg\",\"articleSection\":[\"B\u00f6lg\u0259\",\"T\u00f6vsiy\u0259\",\"X\u0259b\u0259rl\u0259r\"],\"inLanguage\":\"az\"},{\"@type\":\"WebPage\",\"@id\":\"https:\\\/\\\/www.meydan.tv\\\/az\\\/article\\\/qubada-bosalan-kendler-ehtiyacdan-merkeze-uz-tutdugunu-deyen-kendliler\\\/\",\"url\":\"https:\\\/\\\/www.meydan.tv\\\/az\\\/article\\\/qubada-bosalan-kendler-ehtiyacdan-merkeze-uz-tutdugunu-deyen-kendliler\\\/\",\"name\":\"Qubada bo\u015falan k\u0259ndl\u0259r, ehtiyacdan m\u0259rk\u0259z\u0259 \u00fcz tutdu\u011funu dey\u0259n k\u0259ndlil\u0259r... - MEYDAN.TV\",\"isPartOf\":{\"@id\":\"https:\\\/\\\/www.meydan.tv\\\/az\\\/#website\"},\"primaryImageOfPage\":{\"@id\":\"https:\\\/\\\/www.meydan.tv\\\/az\\\/article\\\/qubada-bosalan-kendler-ehtiyacdan-merkeze-uz-tutdugunu-deyen-kendliler\\\/#primaryimage\"},\"image\":{\"@id\":\"https:\\\/\\\/www.meydan.tv\\\/az\\\/article\\\/qubada-bosalan-kendler-ehtiyacdan-merkeze-uz-tutdugunu-deyen-kendliler\\\/#primaryimage\"},\"thumbnailUrl\":\"https:\\\/\\\/www.meydan.tv\\\/wp-content\\\/uploads\\\/shutterstock_1309629220-scaled.jpg\",\"datePublished\":\"2023-10-30T07:15:52+00:00\",\"dateModified\":\"2023-10-30T07:15:55+00:00\",\"breadcrumb\":{\"@id\":\"https:\\\/\\\/www.meydan.tv\\\/az\\\/article\\\/qubada-bosalan-kendler-ehtiyacdan-merkeze-uz-tutdugunu-deyen-kendliler\\\/#breadcrumb\"},\"inLanguage\":\"az\",\"potentialAction\":[{\"@type\":\"ReadAction\",\"target\":[\"https:\\\/\\\/www.meydan.tv\\\/az\\\/article\\\/qubada-bosalan-kendler-ehtiyacdan-merkeze-uz-tutdugunu-deyen-kendliler\\\/\"]}]},{\"@type\":\"ImageObject\",\"inLanguage\":\"az\",\"@id\":\"https:\\\/\\\/www.meydan.tv\\\/az\\\/article\\\/qubada-bosalan-kendler-ehtiyacdan-merkeze-uz-tutdugunu-deyen-kendliler\\\/#primaryimage\",\"url\":\"https:\\\/\\\/www.meydan.tv\\\/wp-content\\\/uploads\\\/shutterstock_1309629220-scaled.jpg\",\"contentUrl\":\"https:\\\/\\\/www.meydan.tv\\\/wp-content\\\/uploads\\\/shutterstock_1309629220-scaled.jpg\",\"width\":2560,\"height\":1714,\"caption\":\"Quba. Foto: Kirill Skorobogatko\\\/shutterstock\"},{\"@type\":\"BreadcrumbList\",\"@id\":\"https:\\\/\\\/www.meydan.tv\\\/az\\\/article\\\/qubada-bosalan-kendler-ehtiyacdan-merkeze-uz-tutdugunu-deyen-kendliler\\\/#breadcrumb\",\"itemListElement\":[{\"@type\":\"ListItem\",\"position\":1,\"name\":\"Ana s\u0259hif\u0259\",\"item\":\"https:\\\/\\\/www.meydan.tv\\\/az\\\/\"},{\"@type\":\"ListItem\",\"position\":2,\"name\":\"B\u00f6lg\u0259\",\"item\":\"https:\\\/\\\/www.meydan.tv\\\/az\\\/section\\\/bolge\\\/\"},{\"@type\":\"ListItem\",\"position\":3,\"name\":\"Qubada bo\u015falan k\u0259ndl\u0259r, ehtiyacdan m\u0259rk\u0259z\u0259 \u00fcz tutdu\u011funu dey\u0259n k\u0259ndlil\u0259r&#8230;\"}]},{\"@type\":\"WebSite\",\"@id\":\"https:\\\/\\\/www.meydan.tv\\\/az\\\/#website\",\"url\":\"https:\\\/\\\/www.meydan.tv\\\/az\\\/\",\"name\":\"MEYDAN.TV\",\"description\":\"Meydan TV Az\u0259rbaycan\u0131n media m\u0259kan\u0131ndak\u0131 alternativ s\u0259sidir\",\"publisher\":{\"@id\":\"https:\\\/\\\/www.meydan.tv\\\/az\\\/#organization\"},\"potentialAction\":[{\"@type\":\"SearchAction\",\"target\":{\"@type\":\"EntryPoint\",\"urlTemplate\":\"https:\\\/\\\/www.meydan.tv\\\/az\\\/?s={search_term_string}\"},\"query-input\":{\"@type\":\"PropertyValueSpecification\",\"valueRequired\":true,\"valueName\":\"search_term_string\"}}],\"inLanguage\":\"az\"},{\"@type\":\"Organization\",\"@id\":\"https:\\\/\\\/www.meydan.tv\\\/az\\\/#organization\",\"name\":\"Meydan TV\",\"url\":\"https:\\\/\\\/www.meydan.tv\\\/az\\\/\",\"logo\":{\"@type\":\"ImageObject\",\"inLanguage\":\"az\",\"@id\":\"https:\\\/\\\/www.meydan.tv\\\/az\\\/#\\\/schema\\\/logo\\\/image\\\/\",\"url\":\"https:\\\/\\\/www.meydan.tv\\\/wp-content\\\/uploads\\\/2021\\\/07\\\/meydan-logo.svg\",\"contentUrl\":\"https:\\\/\\\/www.meydan.tv\\\/wp-content\\\/uploads\\\/2021\\\/07\\\/meydan-logo.svg\",\"width\":195,\"height\":46,\"caption\":\"Meydan TV\"},\"image\":{\"@id\":\"https:\\\/\\\/www.meydan.tv\\\/az\\\/#\\\/schema\\\/logo\\\/image\\\/\"}},{\"@type\":\"Person\",\"@id\":\"https:\\\/\\\/www.meydan.tv\\\/az\\\/#\\\/schema\\\/person\\\/9cdbecf90d17180ce1dfbd95b08dcf47\",\"name\":\"elli\",\"sameAs\":[\"https:\\\/\\\/x.com\\\/elli\"]}]}<\/script>\n<!-- \/ Yoast SEO plugin. -->","yoast_head_json":{"title":"Qubada bo\u015falan k\u0259ndl\u0259r, ehtiyacdan m\u0259rk\u0259z\u0259 \u00fcz tutdu\u011funu dey\u0259n k\u0259ndlil\u0259r... - MEYDAN.TV","robots":{"index":"index","follow":"follow","max-snippet":"max-snippet:-1","max-image-preview":"max-image-preview:large","max-video-preview":"max-video-preview:-1"},"canonical":"https:\/\/www.meydan.tv\/az\/article\/qubada-bosalan-kendler-ehtiyacdan-merkeze-uz-tutdugunu-deyen-kendliler\/","og_locale":"az_AZ","og_type":"article","og_title":"Qubada bo\u015falan k\u0259ndl\u0259r, ehtiyacdan m\u0259rk\u0259z\u0259 \u00fcz tutdu\u011funu dey\u0259n k\u0259ndlil\u0259r... - MEYDAN.TV","og_description":"&#8220;K\u0259ndlini q\u0131nayanlar uzaqba\u015f\u0131 yayda t\u0259til\u0259 g\u0259lib bir-iki g\u00fcn k\u0259ndd\u0259 qalanlard\u0131r&#8221; ... Davam\u0131","og_url":"https:\/\/www.meydan.tv\/az\/article\/qubada-bosalan-kendler-ehtiyacdan-merkeze-uz-tutdugunu-deyen-kendliler\/","og_site_name":"MEYDAN.TV","article_published_time":"2023-10-30T07:15:52+00:00","article_modified_time":"2023-10-30T07:15:55+00:00","og_image":[{"width":2560,"height":1714,"url":"https:\/\/www.meydan.tv\/wp-content\/uploads\/shutterstock_1309629220-scaled.jpg","type":"image\/jpeg"}],"author":"elli","twitter_card":"summary_large_image","twitter_creator":"@elli","schema":{"@context":"https:\/\/schema.org","@graph":[{"@type":"Article","@id":"https:\/\/www.meydan.tv\/az\/article\/qubada-bosalan-kendler-ehtiyacdan-merkeze-uz-tutdugunu-deyen-kendliler\/#article","isPartOf":{"@id":"https:\/\/www.meydan.tv\/az\/article\/qubada-bosalan-kendler-ehtiyacdan-merkeze-uz-tutdugunu-deyen-kendliler\/"},"author":{"name":"elli","@id":"https:\/\/www.meydan.tv\/az\/#\/schema\/person\/9cdbecf90d17180ce1dfbd95b08dcf47"},"headline":"Qubada bo\u015falan k\u0259ndl\u0259r, ehtiyacdan m\u0259rk\u0259z\u0259 \u00fcz tutdu\u011funu dey\u0259n k\u0259ndlil\u0259r&#8230;","datePublished":"2023-10-30T07:15:52+00:00","dateModified":"2023-10-30T07:15:55+00:00","mainEntityOfPage":{"@id":"https:\/\/www.meydan.tv\/az\/article\/qubada-bosalan-kendler-ehtiyacdan-merkeze-uz-tutdugunu-deyen-kendliler\/"},"wordCount":735,"publisher":{"@id":"https:\/\/www.meydan.tv\/az\/#organization"},"image":{"@id":"https:\/\/www.meydan.tv\/az\/article\/qubada-bosalan-kendler-ehtiyacdan-merkeze-uz-tutdugunu-deyen-kendliler\/#primaryimage"},"thumbnailUrl":"https:\/\/www.meydan.tv\/wp-content\/uploads\/shutterstock_1309629220-scaled.jpg","articleSection":["B\u00f6lg\u0259","T\u00f6vsiy\u0259","X\u0259b\u0259rl\u0259r"],"inLanguage":"az"},{"@type":"WebPage","@id":"https:\/\/www.meydan.tv\/az\/article\/qubada-bosalan-kendler-ehtiyacdan-merkeze-uz-tutdugunu-deyen-kendliler\/","url":"https:\/\/www.meydan.tv\/az\/article\/qubada-bosalan-kendler-ehtiyacdan-merkeze-uz-tutdugunu-deyen-kendliler\/","name":"Qubada bo\u015falan k\u0259ndl\u0259r, ehtiyacdan m\u0259rk\u0259z\u0259 \u00fcz tutdu\u011funu dey\u0259n k\u0259ndlil\u0259r... - MEYDAN.TV","isPartOf":{"@id":"https:\/\/www.meydan.tv\/az\/#website"},"primaryImageOfPage":{"@id":"https:\/\/www.meydan.tv\/az\/article\/qubada-bosalan-kendler-ehtiyacdan-merkeze-uz-tutdugunu-deyen-kendliler\/#primaryimage"},"image":{"@id":"https:\/\/www.meydan.tv\/az\/article\/qubada-bosalan-kendler-ehtiyacdan-merkeze-uz-tutdugunu-deyen-kendliler\/#primaryimage"},"thumbnailUrl":"https:\/\/www.meydan.tv\/wp-content\/uploads\/shutterstock_1309629220-scaled.jpg","datePublished":"2023-10-30T07:15:52+00:00","dateModified":"2023-10-30T07:15:55+00:00","breadcrumb":{"@id":"https:\/\/www.meydan.tv\/az\/article\/qubada-bosalan-kendler-ehtiyacdan-merkeze-uz-tutdugunu-deyen-kendliler\/#breadcrumb"},"inLanguage":"az","potentialAction":[{"@type":"ReadAction","target":["https:\/\/www.meydan.tv\/az\/article\/qubada-bosalan-kendler-ehtiyacdan-merkeze-uz-tutdugunu-deyen-kendliler\/"]}]},{"@type":"ImageObject","inLanguage":"az","@id":"https:\/\/www.meydan.tv\/az\/article\/qubada-bosalan-kendler-ehtiyacdan-merkeze-uz-tutdugunu-deyen-kendliler\/#primaryimage","url":"https:\/\/www.meydan.tv\/wp-content\/uploads\/shutterstock_1309629220-scaled.jpg","contentUrl":"https:\/\/www.meydan.tv\/wp-content\/uploads\/shutterstock_1309629220-scaled.jpg","width":2560,"height":1714,"caption":"Quba. Foto: Kirill Skorobogatko\/shutterstock"},{"@type":"BreadcrumbList","@id":"https:\/\/www.meydan.tv\/az\/article\/qubada-bosalan-kendler-ehtiyacdan-merkeze-uz-tutdugunu-deyen-kendliler\/#breadcrumb","itemListElement":[{"@type":"ListItem","position":1,"name":"Ana s\u0259hif\u0259","item":"https:\/\/www.meydan.tv\/az\/"},{"@type":"ListItem","position":2,"name":"B\u00f6lg\u0259","item":"https:\/\/www.meydan.tv\/az\/section\/bolge\/"},{"@type":"ListItem","position":3,"name":"Qubada bo\u015falan k\u0259ndl\u0259r, ehtiyacdan m\u0259rk\u0259z\u0259 \u00fcz tutdu\u011funu dey\u0259n k\u0259ndlil\u0259r&#8230;"}]},{"@type":"WebSite","@id":"https:\/\/www.meydan.tv\/az\/#website","url":"https:\/\/www.meydan.tv\/az\/","name":"MEYDAN.TV","description":"Meydan TV Az\u0259rbaycan\u0131n media m\u0259kan\u0131ndak\u0131 alternativ s\u0259sidir","publisher":{"@id":"https:\/\/www.meydan.tv\/az\/#organization"},"potentialAction":[{"@type":"SearchAction","target":{"@type":"EntryPoint","urlTemplate":"https:\/\/www.meydan.tv\/az\/?s={search_term_string}"},"query-input":{"@type":"PropertyValueSpecification","valueRequired":true,"valueName":"search_term_string"}}],"inLanguage":"az"},{"@type":"Organization","@id":"https:\/\/www.meydan.tv\/az\/#organization","name":"Meydan TV","url":"https:\/\/www.meydan.tv\/az\/","logo":{"@type":"ImageObject","inLanguage":"az","@id":"https:\/\/www.meydan.tv\/az\/#\/schema\/logo\/image\/","url":"https:\/\/www.meydan.tv\/wp-content\/uploads\/2021\/07\/meydan-logo.svg","contentUrl":"https:\/\/www.meydan.tv\/wp-content\/uploads\/2021\/07\/meydan-logo.svg","width":195,"height":46,"caption":"Meydan TV"},"image":{"@id":"https:\/\/www.meydan.tv\/az\/#\/schema\/logo\/image\/"}},{"@type":"Person","@id":"https:\/\/www.meydan.tv\/az\/#\/schema\/person\/9cdbecf90d17180ce1dfbd95b08dcf47","name":"elli","sameAs":["https:\/\/x.com\/elli"]}]}},"_links":{"self":[{"href":"https:\/\/www.meydan.tv\/az\/wp-json\/wp\/v2\/posts\/289131","targetHints":{"allow":["GET"]}}],"collection":[{"href":"https:\/\/www.meydan.tv\/az\/wp-json\/wp\/v2\/posts"}],"about":[{"href":"https:\/\/www.meydan.tv\/az\/wp-json\/wp\/v2\/types\/post"}],"author":[{"embeddable":true,"href":"https:\/\/www.meydan.tv\/az\/wp-json\/wp\/v2\/users\/8"}],"replies":[{"embeddable":true,"href":"https:\/\/www.meydan.tv\/az\/wp-json\/wp\/v2\/comments?post=289131"}],"version-history":[{"count":3,"href":"https:\/\/www.meydan.tv\/az\/wp-json\/wp\/v2\/posts\/289131\/revisions"}],"predecessor-version":[{"id":289137,"href":"https:\/\/www.meydan.tv\/az\/wp-json\/wp\/v2\/posts\/289131\/revisions\/289137"}],"wp:featuredmedia":[{"embeddable":true,"href":"https:\/\/www.meydan.tv\/az\/wp-json\/wp\/v2\/media\/289128"}],"wp:attachment":[{"href":"https:\/\/www.meydan.tv\/az\/wp-json\/wp\/v2\/media?parent=289131"}],"wp:term":[{"taxonomy":"category","embeddable":true,"href":"https:\/\/www.meydan.tv\/az\/wp-json\/wp\/v2\/categories?post=289131"},{"taxonomy":"post_tag","embeddable":true,"href":"https:\/\/www.meydan.tv\/az\/wp-json\/wp\/v2\/tags?post=289131"}],"curies":[{"name":"wp","href":"https:\/\/api.w.org\/{rel}","templated":true}]}}