{"id":289118,"date":"2023-10-29T21:05:33","date_gmt":"2023-10-29T17:05:33","guid":{"rendered":"https:\/\/www.meydan.tv\/?p=289118"},"modified":"2023-10-29T21:05:36","modified_gmt":"2023-10-29T17:05:36","slug":"narkotik-cinayetleri-siyasi-repressiya-ucun-bir-vasite-kimi","status":"publish","type":"post","link":"https:\/\/www.meydan.tv\/az\/article\/narkotik-cinayetleri-siyasi-repressiya-ucun-bir-vasite-kimi\/","title":{"rendered":"Narkotik cinay\u0259tl\u0259ri siyasi repressiya \u00fc\u00e7\u00fcn bir vasit\u0259 kimi"},"content":{"rendered":"\n<figure class=\"wp-block-embed is-type-video is-provider-youtube wp-block-embed-youtube wp-embed-aspect-16-9 wp-has-aspect-ratio\"><div class=\"wp-block-embed__wrapper\">\n<iframe title=\"Narkotik cinay\u0259tl\u0259ri siyasi repressiya \u00fc\u00e7\u00fcn bir vasit\u0259 kimi\" width=\"1200\" height=\"675\" data-src=\"https:\/\/www.youtube.com\/embed\/t25_vSe7zc0?feature=oembed\" frameborder=\"0\" allow=\"accelerometer; autoplay; clipboard-write; encrypted-media; gyroscope; picture-in-picture; web-share\" allowfullscreen src=\"data:image\/svg+xml;base64,PHN2ZyB3aWR0aD0iMSIgaGVpZ2h0PSIxIiB4bWxucz0iaHR0cDovL3d3dy53My5vcmcvMjAwMC9zdmciPjwvc3ZnPg==\" class=\"lazyload\" data-load-mode=\"1\"><\/iframe>\n<\/div><\/figure>\n\n\n\n<p>Avropa \u015euras\u0131n\u0131n hesabat\u0131 ortaya \u00e7\u0131xar\u0131b ki, \u0259sas cinay\u0259tl\u0259r qaydas\u0131n\u0131 t\u0259tbiq etdikd\u0259, Az\u0259rbaycan narkotik cinay\u0259tl\u0259rin\u0259 g\u00f6r\u0259, Avropada birinci yerd\u0259dir. 2022-ci il \u00fczr\u0259 payla\u015f\u0131lan hesabata \u0259sas\u0259n bar\u0259sind\u0259 h\u00f6km \u00e7\u0131xar\u0131lm\u0131\u015f \u015f\u0259xsl\u0259rin 37 faizi narkotik cinay\u0259tl\u0259rin\u0259 g\u00f6r\u0259 c\u0259zalan\u0131b.<br><\/p>\n\n\n\n<p>Amma Az\u0259rbaycanda statistikadan k\u0259nar ba\u015fqa bir reall\u0131q da var. Narkotik cinay\u0259tl\u0259rinin ba\u015fqa bir \u00fcz\u00fc.<br><\/p>\n\n\n\n<p>Narkotik \u00f6lk\u0259nin siyasi m\u00fcbariz\u0259 tarixind\u0259 simvola \u00e7evrilib. O h\u00f6kum\u0259t\u0259 etiraz ed\u0259nl\u0259rin ya evind\u0259n, ya da cibind\u0259n \u00e7\u0131x\u0131r.<br><\/p>\n\n\n\n<p>Nida V\u0259t\u0259nda\u015f H\u0259r\u0259kat\u0131n\u0131n \u00fczv\u00fc Elgiz Q\u0259hr\u0259man da siyasi aktivliyin\u0259 g\u00f6r\u0259 narkotikl\u0259 \u015f\u0259rl\u0259ndiyini deyir. O, h\u0259yat\u0131n\u0131n 3 ilini h\u0259bsd\u0259 ke\u00e7irib.<br><\/p>\n\n\n\n<p>Ke\u00e7mi\u015f m\u00fcst\u0259ntiq R\u00fcf\u0259t S\u0259f\u0259rov izah edir ki, siyasi \u015f\u0259xsl\u0259rin h\u0259bsind\u0259 h\u00f6kum\u0259tin bu yola \u0259l atmas\u0131n\u0131n \u0259sas s\u0259b\u0259bi narkotik i\u015finin bir ne\u00e7\u0259 hal \u015fahidinin vasit\u0259siyl\u0259, asanl\u0131qla qurulmas\u0131d\u0131r.<br><\/p>\n\n\n\n<p>Hesabatda oldu\u011fu kimi, Daxili \u0130\u015fl\u0259r Nazirliyi d\u0259 \u00f6t\u0259n ilin birinci r\u00fcb\u00fc il\u0259 m\u00fcqayis\u0259d\u0259 bu il narkotikl\u0259 ittiham olunanlar\u0131 say\u0131 artd\u0131\u011f\u0131n\u0131 t\u0259sdiql\u0259yir. B\u0259s, siyasil\u0259ri narkotik ad\u0131 alt\u0131nda c\u0259zaland\u0131ran h\u00f6kum\u0259t h\u0259qiqi narkotik\u0259 qar\u015f\u0131 nec\u0259 m\u00fcbariz\u0259 apar\u0131r?<br><\/p>\n\n\n\n<p>Az\u0259rbaycanda narkotikl\u0259 m\u00fcbariz\u0259 siyas\u0259ti d\u00f6vri olaraq t\u0259sdiq edil\u0259n d\u00f6vl\u0259t proqramlar\u0131 vasit\u0259sil\u0259 apar\u0131l\u0131r. Ancaq g\u00f6st\u0259ricil\u0259r ild\u0259n-il\u0259 art\u0131r.<\/p>\n","protected":false},"excerpt":{"rendered":"<p>Avropa \u015euras\u0131n\u0131n hesabat\u0131 ortaya \u00e7\u0131xar\u0131b ki, \u0259sas cinay\u0259tl\u0259r qaydas\u0131n\u0131 t\u0259tbiq &#8230; <\/p>\n<p class=\"read-more-container\"><a title=\"Narkotik cinay\u0259tl\u0259ri siyasi repressiya \u00fc\u00e7\u00fcn bir vasit\u0259 kimi\" class=\"read-more button\" href=\"https:\/\/www.meydan.tv\/az\/article\/narkotik-cinayetleri-siyasi-repressiya-ucun-bir-vasite-kimi\/#more-289118\" aria-label=\"Read more about Narkotik cinay\u0259tl\u0259ri siyasi repressiya \u00fc\u00e7\u00fcn bir vasit\u0259 kimi\">Davam\u0131<\/a><\/p>\n","protected":false},"author":12,"featured_media":289120,"comment_status":"closed","ping_status":"closed","sticky":false,"template":"","format":"standard","meta":{"_acf_changed":false,"_sitemap_exclude":false,"_sitemap_priority":"","_sitemap_frequency":"","footnotes":""},"categories":[59,63],"tags":[],"class_list":["post-289118","post","type-post","status-publish","format-standard","has-post-thumbnail","hentry","category-siyaset","category-video-2","infinite-scroll-item","generate-columns","tablet-grid-50","mobile-grid-100","grid-parent","grid-33","no-featured-image-padding"],"acf":[],"yoast_head":"<!-- This site is optimized with the Yoast SEO plugin v27.4 - https:\/\/yoast.com\/product\/yoast-seo-wordpress\/ -->\n<title>Narkotik cinay\u0259tl\u0259ri siyasi repressiya \u00fc\u00e7\u00fcn bir vasit\u0259 kimi - MEYDAN.TV<\/title>\n<meta name=\"robots\" content=\"index, follow, max-snippet:-1, max-image-preview:large, max-video-preview:-1\" \/>\n<link rel=\"canonical\" href=\"https:\/\/www.meydan.tv\/az\/article\/narkotik-cinayetleri-siyasi-repressiya-ucun-bir-vasite-kimi\/\" \/>\n<meta property=\"og:locale\" content=\"az_AZ\" \/>\n<meta property=\"og:type\" content=\"article\" \/>\n<meta property=\"og:title\" content=\"Narkotik cinay\u0259tl\u0259ri siyasi repressiya \u00fc\u00e7\u00fcn bir vasit\u0259 kimi - MEYDAN.TV\" \/>\n<meta property=\"og:description\" content=\"Avropa \u015euras\u0131n\u0131n hesabat\u0131 ortaya \u00e7\u0131xar\u0131b ki, \u0259sas cinay\u0259tl\u0259r qaydas\u0131n\u0131 t\u0259tbiq ... Davam\u0131\" \/>\n<meta property=\"og:url\" content=\"https:\/\/www.meydan.tv\/az\/article\/narkotik-cinayetleri-siyasi-repressiya-ucun-bir-vasite-kimi\/\" \/>\n<meta property=\"og:site_name\" content=\"MEYDAN.TV\" \/>\n<meta property=\"article:published_time\" content=\"2023-10-29T17:05:33+00:00\" \/>\n<meta property=\"article:modified_time\" content=\"2023-10-29T17:05:36+00:00\" \/>\n<meta property=\"og:image\" content=\"https:\/\/www.meydan.tv\/wp-content\/uploads\/screenshot-2023-10-29-at-18.05.03.png\" \/>\n\t<meta property=\"og:image:width\" content=\"1508\" \/>\n\t<meta property=\"og:image:height\" content=\"842\" \/>\n\t<meta property=\"og:image:type\" content=\"image\/png\" \/>\n<meta name=\"author\" content=\"aleks\" \/>\n<meta name=\"twitter:card\" content=\"summary_large_image\" \/>\n<script type=\"application\/ld+json\" class=\"yoast-schema-graph\">{\"@context\":\"https:\\\/\\\/schema.org\",\"@graph\":[{\"@type\":\"Article\",\"@id\":\"https:\\\/\\\/www.meydan.tv\\\/az\\\/article\\\/narkotik-cinayetleri-siyasi-repressiya-ucun-bir-vasite-kimi\\\/#article\",\"isPartOf\":{\"@id\":\"https:\\\/\\\/www.meydan.tv\\\/az\\\/article\\\/narkotik-cinayetleri-siyasi-repressiya-ucun-bir-vasite-kimi\\\/\"},\"author\":{\"name\":\"aleks\",\"@id\":\"https:\\\/\\\/www.meydan.tv\\\/az\\\/#\\\/schema\\\/person\\\/476e9360e593fa131d5d71d51866f8da\"},\"headline\":\"Narkotik cinay\u0259tl\u0259ri siyasi repressiya \u00fc\u00e7\u00fcn bir vasit\u0259 kimi\",\"datePublished\":\"2023-10-29T17:05:33+00:00\",\"dateModified\":\"2023-10-29T17:05:36+00:00\",\"mainEntityOfPage\":{\"@id\":\"https:\\\/\\\/www.meydan.tv\\\/az\\\/article\\\/narkotik-cinayetleri-siyasi-repressiya-ucun-bir-vasite-kimi\\\/\"},\"wordCount\":283,\"publisher\":{\"@id\":\"https:\\\/\\\/www.meydan.tv\\\/az\\\/#organization\"},\"image\":{\"@id\":\"https:\\\/\\\/www.meydan.tv\\\/az\\\/article\\\/narkotik-cinayetleri-siyasi-repressiya-ucun-bir-vasite-kimi\\\/#primaryimage\"},\"thumbnailUrl\":\"https:\\\/\\\/www.meydan.tv\\\/wp-content\\\/uploads\\\/screenshot-2023-10-29-at-18.05.03.png\",\"articleSection\":[\"Siyas\u0259t\",\"Video\"],\"inLanguage\":\"az\"},{\"@type\":\"WebPage\",\"@id\":\"https:\\\/\\\/www.meydan.tv\\\/az\\\/article\\\/narkotik-cinayetleri-siyasi-repressiya-ucun-bir-vasite-kimi\\\/\",\"url\":\"https:\\\/\\\/www.meydan.tv\\\/az\\\/article\\\/narkotik-cinayetleri-siyasi-repressiya-ucun-bir-vasite-kimi\\\/\",\"name\":\"Narkotik cinay\u0259tl\u0259ri siyasi repressiya \u00fc\u00e7\u00fcn bir vasit\u0259 kimi - MEYDAN.TV\",\"isPartOf\":{\"@id\":\"https:\\\/\\\/www.meydan.tv\\\/az\\\/#website\"},\"primaryImageOfPage\":{\"@id\":\"https:\\\/\\\/www.meydan.tv\\\/az\\\/article\\\/narkotik-cinayetleri-siyasi-repressiya-ucun-bir-vasite-kimi\\\/#primaryimage\"},\"image\":{\"@id\":\"https:\\\/\\\/www.meydan.tv\\\/az\\\/article\\\/narkotik-cinayetleri-siyasi-repressiya-ucun-bir-vasite-kimi\\\/#primaryimage\"},\"thumbnailUrl\":\"https:\\\/\\\/www.meydan.tv\\\/wp-content\\\/uploads\\\/screenshot-2023-10-29-at-18.05.03.png\",\"datePublished\":\"2023-10-29T17:05:33+00:00\",\"dateModified\":\"2023-10-29T17:05:36+00:00\",\"breadcrumb\":{\"@id\":\"https:\\\/\\\/www.meydan.tv\\\/az\\\/article\\\/narkotik-cinayetleri-siyasi-repressiya-ucun-bir-vasite-kimi\\\/#breadcrumb\"},\"inLanguage\":\"az\",\"potentialAction\":[{\"@type\":\"ReadAction\",\"target\":[\"https:\\\/\\\/www.meydan.tv\\\/az\\\/article\\\/narkotik-cinayetleri-siyasi-repressiya-ucun-bir-vasite-kimi\\\/\"]}]},{\"@type\":\"ImageObject\",\"inLanguage\":\"az\",\"@id\":\"https:\\\/\\\/www.meydan.tv\\\/az\\\/article\\\/narkotik-cinayetleri-siyasi-repressiya-ucun-bir-vasite-kimi\\\/#primaryimage\",\"url\":\"https:\\\/\\\/www.meydan.tv\\\/wp-content\\\/uploads\\\/screenshot-2023-10-29-at-18.05.03.png\",\"contentUrl\":\"https:\\\/\\\/www.meydan.tv\\\/wp-content\\\/uploads\\\/screenshot-2023-10-29-at-18.05.03.png\",\"width\":1508,\"height\":842},{\"@type\":\"BreadcrumbList\",\"@id\":\"https:\\\/\\\/www.meydan.tv\\\/az\\\/article\\\/narkotik-cinayetleri-siyasi-repressiya-ucun-bir-vasite-kimi\\\/#breadcrumb\",\"itemListElement\":[{\"@type\":\"ListItem\",\"position\":1,\"name\":\"Ana s\u0259hif\u0259\",\"item\":\"https:\\\/\\\/www.meydan.tv\\\/az\\\/\"},{\"@type\":\"ListItem\",\"position\":2,\"name\":\"Video\",\"item\":\"https:\\\/\\\/www.meydan.tv\\\/az\\\/section\\\/video-2\\\/\"},{\"@type\":\"ListItem\",\"position\":3,\"name\":\"Narkotik cinay\u0259tl\u0259ri siyasi repressiya \u00fc\u00e7\u00fcn bir vasit\u0259 kimi\"}]},{\"@type\":\"WebSite\",\"@id\":\"https:\\\/\\\/www.meydan.tv\\\/az\\\/#website\",\"url\":\"https:\\\/\\\/www.meydan.tv\\\/az\\\/\",\"name\":\"MEYDAN.TV\",\"description\":\"Meydan TV Az\u0259rbaycan\u0131n media m\u0259kan\u0131ndak\u0131 alternativ s\u0259sidir\",\"publisher\":{\"@id\":\"https:\\\/\\\/www.meydan.tv\\\/az\\\/#organization\"},\"potentialAction\":[{\"@type\":\"SearchAction\",\"target\":{\"@type\":\"EntryPoint\",\"urlTemplate\":\"https:\\\/\\\/www.meydan.tv\\\/az\\\/?s={search_term_string}\"},\"query-input\":{\"@type\":\"PropertyValueSpecification\",\"valueRequired\":true,\"valueName\":\"search_term_string\"}}],\"inLanguage\":\"az\"},{\"@type\":\"Organization\",\"@id\":\"https:\\\/\\\/www.meydan.tv\\\/az\\\/#organization\",\"name\":\"Meydan TV\",\"url\":\"https:\\\/\\\/www.meydan.tv\\\/az\\\/\",\"logo\":{\"@type\":\"ImageObject\",\"inLanguage\":\"az\",\"@id\":\"https:\\\/\\\/www.meydan.tv\\\/az\\\/#\\\/schema\\\/logo\\\/image\\\/\",\"url\":\"https:\\\/\\\/www.meydan.tv\\\/wp-content\\\/uploads\\\/2021\\\/07\\\/meydan-logo.svg\",\"contentUrl\":\"https:\\\/\\\/www.meydan.tv\\\/wp-content\\\/uploads\\\/2021\\\/07\\\/meydan-logo.svg\",\"width\":195,\"height\":46,\"caption\":\"Meydan TV\"},\"image\":{\"@id\":\"https:\\\/\\\/www.meydan.tv\\\/az\\\/#\\\/schema\\\/logo\\\/image\\\/\"}},{\"@type\":\"Person\",\"@id\":\"https:\\\/\\\/www.meydan.tv\\\/az\\\/#\\\/schema\\\/person\\\/476e9360e593fa131d5d71d51866f8da\",\"name\":\"aleks\"}]}<\/script>\n<!-- \/ Yoast SEO plugin. -->","yoast_head_json":{"title":"Narkotik cinay\u0259tl\u0259ri siyasi repressiya \u00fc\u00e7\u00fcn bir vasit\u0259 kimi - MEYDAN.TV","robots":{"index":"index","follow":"follow","max-snippet":"max-snippet:-1","max-image-preview":"max-image-preview:large","max-video-preview":"max-video-preview:-1"},"canonical":"https:\/\/www.meydan.tv\/az\/article\/narkotik-cinayetleri-siyasi-repressiya-ucun-bir-vasite-kimi\/","og_locale":"az_AZ","og_type":"article","og_title":"Narkotik cinay\u0259tl\u0259ri siyasi repressiya \u00fc\u00e7\u00fcn bir vasit\u0259 kimi - MEYDAN.TV","og_description":"Avropa \u015euras\u0131n\u0131n hesabat\u0131 ortaya \u00e7\u0131xar\u0131b ki, \u0259sas cinay\u0259tl\u0259r qaydas\u0131n\u0131 t\u0259tbiq ... Davam\u0131","og_url":"https:\/\/www.meydan.tv\/az\/article\/narkotik-cinayetleri-siyasi-repressiya-ucun-bir-vasite-kimi\/","og_site_name":"MEYDAN.TV","article_published_time":"2023-10-29T17:05:33+00:00","article_modified_time":"2023-10-29T17:05:36+00:00","og_image":[{"width":1508,"height":842,"url":"https:\/\/www.meydan.tv\/wp-content\/uploads\/screenshot-2023-10-29-at-18.05.03.png","type":"image\/png"}],"author":"aleks","twitter_card":"summary_large_image","schema":{"@context":"https:\/\/schema.org","@graph":[{"@type":"Article","@id":"https:\/\/www.meydan.tv\/az\/article\/narkotik-cinayetleri-siyasi-repressiya-ucun-bir-vasite-kimi\/#article","isPartOf":{"@id":"https:\/\/www.meydan.tv\/az\/article\/narkotik-cinayetleri-siyasi-repressiya-ucun-bir-vasite-kimi\/"},"author":{"name":"aleks","@id":"https:\/\/www.meydan.tv\/az\/#\/schema\/person\/476e9360e593fa131d5d71d51866f8da"},"headline":"Narkotik cinay\u0259tl\u0259ri siyasi repressiya \u00fc\u00e7\u00fcn bir vasit\u0259 kimi","datePublished":"2023-10-29T17:05:33+00:00","dateModified":"2023-10-29T17:05:36+00:00","mainEntityOfPage":{"@id":"https:\/\/www.meydan.tv\/az\/article\/narkotik-cinayetleri-siyasi-repressiya-ucun-bir-vasite-kimi\/"},"wordCount":283,"publisher":{"@id":"https:\/\/www.meydan.tv\/az\/#organization"},"image":{"@id":"https:\/\/www.meydan.tv\/az\/article\/narkotik-cinayetleri-siyasi-repressiya-ucun-bir-vasite-kimi\/#primaryimage"},"thumbnailUrl":"https:\/\/www.meydan.tv\/wp-content\/uploads\/screenshot-2023-10-29-at-18.05.03.png","articleSection":["Siyas\u0259t","Video"],"inLanguage":"az"},{"@type":"WebPage","@id":"https:\/\/www.meydan.tv\/az\/article\/narkotik-cinayetleri-siyasi-repressiya-ucun-bir-vasite-kimi\/","url":"https:\/\/www.meydan.tv\/az\/article\/narkotik-cinayetleri-siyasi-repressiya-ucun-bir-vasite-kimi\/","name":"Narkotik cinay\u0259tl\u0259ri siyasi repressiya \u00fc\u00e7\u00fcn bir vasit\u0259 kimi - MEYDAN.TV","isPartOf":{"@id":"https:\/\/www.meydan.tv\/az\/#website"},"primaryImageOfPage":{"@id":"https:\/\/www.meydan.tv\/az\/article\/narkotik-cinayetleri-siyasi-repressiya-ucun-bir-vasite-kimi\/#primaryimage"},"image":{"@id":"https:\/\/www.meydan.tv\/az\/article\/narkotik-cinayetleri-siyasi-repressiya-ucun-bir-vasite-kimi\/#primaryimage"},"thumbnailUrl":"https:\/\/www.meydan.tv\/wp-content\/uploads\/screenshot-2023-10-29-at-18.05.03.png","datePublished":"2023-10-29T17:05:33+00:00","dateModified":"2023-10-29T17:05:36+00:00","breadcrumb":{"@id":"https:\/\/www.meydan.tv\/az\/article\/narkotik-cinayetleri-siyasi-repressiya-ucun-bir-vasite-kimi\/#breadcrumb"},"inLanguage":"az","potentialAction":[{"@type":"ReadAction","target":["https:\/\/www.meydan.tv\/az\/article\/narkotik-cinayetleri-siyasi-repressiya-ucun-bir-vasite-kimi\/"]}]},{"@type":"ImageObject","inLanguage":"az","@id":"https:\/\/www.meydan.tv\/az\/article\/narkotik-cinayetleri-siyasi-repressiya-ucun-bir-vasite-kimi\/#primaryimage","url":"https:\/\/www.meydan.tv\/wp-content\/uploads\/screenshot-2023-10-29-at-18.05.03.png","contentUrl":"https:\/\/www.meydan.tv\/wp-content\/uploads\/screenshot-2023-10-29-at-18.05.03.png","width":1508,"height":842},{"@type":"BreadcrumbList","@id":"https:\/\/www.meydan.tv\/az\/article\/narkotik-cinayetleri-siyasi-repressiya-ucun-bir-vasite-kimi\/#breadcrumb","itemListElement":[{"@type":"ListItem","position":1,"name":"Ana s\u0259hif\u0259","item":"https:\/\/www.meydan.tv\/az\/"},{"@type":"ListItem","position":2,"name":"Video","item":"https:\/\/www.meydan.tv\/az\/section\/video-2\/"},{"@type":"ListItem","position":3,"name":"Narkotik cinay\u0259tl\u0259ri siyasi repressiya \u00fc\u00e7\u00fcn bir vasit\u0259 kimi"}]},{"@type":"WebSite","@id":"https:\/\/www.meydan.tv\/az\/#website","url":"https:\/\/www.meydan.tv\/az\/","name":"MEYDAN.TV","description":"Meydan TV Az\u0259rbaycan\u0131n media m\u0259kan\u0131ndak\u0131 alternativ s\u0259sidir","publisher":{"@id":"https:\/\/www.meydan.tv\/az\/#organization"},"potentialAction":[{"@type":"SearchAction","target":{"@type":"EntryPoint","urlTemplate":"https:\/\/www.meydan.tv\/az\/?s={search_term_string}"},"query-input":{"@type":"PropertyValueSpecification","valueRequired":true,"valueName":"search_term_string"}}],"inLanguage":"az"},{"@type":"Organization","@id":"https:\/\/www.meydan.tv\/az\/#organization","name":"Meydan TV","url":"https:\/\/www.meydan.tv\/az\/","logo":{"@type":"ImageObject","inLanguage":"az","@id":"https:\/\/www.meydan.tv\/az\/#\/schema\/logo\/image\/","url":"https:\/\/www.meydan.tv\/wp-content\/uploads\/2021\/07\/meydan-logo.svg","contentUrl":"https:\/\/www.meydan.tv\/wp-content\/uploads\/2021\/07\/meydan-logo.svg","width":195,"height":46,"caption":"Meydan TV"},"image":{"@id":"https:\/\/www.meydan.tv\/az\/#\/schema\/logo\/image\/"}},{"@type":"Person","@id":"https:\/\/www.meydan.tv\/az\/#\/schema\/person\/476e9360e593fa131d5d71d51866f8da","name":"aleks"}]}},"_links":{"self":[{"href":"https:\/\/www.meydan.tv\/az\/wp-json\/wp\/v2\/posts\/289118","targetHints":{"allow":["GET"]}}],"collection":[{"href":"https:\/\/www.meydan.tv\/az\/wp-json\/wp\/v2\/posts"}],"about":[{"href":"https:\/\/www.meydan.tv\/az\/wp-json\/wp\/v2\/types\/post"}],"author":[{"embeddable":true,"href":"https:\/\/www.meydan.tv\/az\/wp-json\/wp\/v2\/users\/12"}],"replies":[{"embeddable":true,"href":"https:\/\/www.meydan.tv\/az\/wp-json\/wp\/v2\/comments?post=289118"}],"version-history":[{"count":1,"href":"https:\/\/www.meydan.tv\/az\/wp-json\/wp\/v2\/posts\/289118\/revisions"}],"predecessor-version":[{"id":289119,"href":"https:\/\/www.meydan.tv\/az\/wp-json\/wp\/v2\/posts\/289118\/revisions\/289119"}],"wp:featuredmedia":[{"embeddable":true,"href":"https:\/\/www.meydan.tv\/az\/wp-json\/wp\/v2\/media\/289120"}],"wp:attachment":[{"href":"https:\/\/www.meydan.tv\/az\/wp-json\/wp\/v2\/media?parent=289118"}],"wp:term":[{"taxonomy":"category","embeddable":true,"href":"https:\/\/www.meydan.tv\/az\/wp-json\/wp\/v2\/categories?post=289118"},{"taxonomy":"post_tag","embeddable":true,"href":"https:\/\/www.meydan.tv\/az\/wp-json\/wp\/v2\/tags?post=289118"}],"curies":[{"name":"wp","href":"https:\/\/api.w.org\/{rel}","templated":true}]}}