{"id":289113,"date":"2023-10-29T20:44:53","date_gmt":"2023-10-29T16:44:53","guid":{"rendered":"https:\/\/www.meydan.tv\/?p=289113"},"modified":"2023-10-29T20:44:55","modified_gmt":"2023-10-29T16:44:55","slug":"ferda-esedov-veziyyet-o-hedde-catib-ki-israil-deyir-felestinlileri-kocurun-men-emeliyyatimi-kecirim","status":"publish","type":"post","link":"https:\/\/www.meydan.tv\/az\/article\/ferda-esedov-veziyyet-o-hedde-catib-ki-israil-deyir-felestinlileri-kocurun-men-emeliyyatimi-kecirim\/","title":{"rendered":"F\u0259rda \u018fs\u0259dov: \u201cV\u0259ziyy\u0259t o h\u0259dd\u0259 \u00e7at\u0131b ki, \u0130srail deyir, f\u0259l\u0259stinlil\u0259ri k\u00f6\u00e7\u00fcr\u00fcn, m\u0259n \u0259m\u0259liyyat\u0131m\u0131 ke\u00e7irim\u201d"},"content":{"rendered":"\n<p><br>\u201cAB\u015e birm\u0259nal\u0131 \u015f\u0259kild\u0259 \u0130srailin g\u00fcc i\u015fl\u0259tm\u0259k haqq\u0131n\u0131n arxas\u0131nda dayanmasayd\u0131\u2026\u201d<br>Oktyabr\u0131n 7-d\u0259 H\u018fMAS-\u0131n \u0130srail\u0259 h\u00fccumu il\u0259 ba\u015flanan m\u00fcharib\u0259 d\u00fcnyan\u0131n siyasi g\u00fcnd\u0259mind\u0259dir. 70 ild\u0259n \u00e7oxdur davam ed\u0259n \u0130srail-F\u0259l\u0259stin m\u00fcnaqi\u015f\u0259si n\u0259inki regionun, d\u00fcnyan\u0131n \u0259n m\u00fcr\u0259kk\u0259b problemi say\u0131l\u0131r.<br>Meydan TV m\u00fcnaqi\u015f\u0259nin tarixi v\u0259 m\u00f6vcud durumunu bir-birin\u0259 ba\u011flayan m\u0259qamlar\u0131n do\u011furdu\u011fu suallar\u0131 \u015f\u0259rq\u015f\u00fcnas-tarix\u00e7i F\u0259rda \u018fs\u0259dova \u00fcnvanlay\u0131b<br><strong><em>F\u0259rda \u018fs\u0259dov Az\u0259rbaycan Milli Elml\u0259r Akademiyas\u0131n\u0131n akademik Ziya B\u00fcnyadov ad\u0131na \u015e\u0259rq\u015f\u00fcnasl\u0131q \u0130nstitutunun \u018fr\u0259b \u00f6lk\u0259l\u0259ri tarixi v\u0259 iqtisadiyyat\u0131 \u015f\u00f6b\u0259sinin m\u00fcdiridir.<\/em><\/strong><br><br>&#8211; F\u0259rda b\u0259y, o<em>ktyabr\u0131n 7-d\u0259 H\u0259mas\u0131n h\u00fccumu n\u0259tic\u0259sind\u0259 ba\u015flanan m\u00fcharib\u0259 regiona v\u0259 m\u00fcnaqi\u015f\u0259nin h\u0259llin\u0259 n\u0259 v\u0259d edir?<\/em><br>&#8211; Bu bar\u0259d\u0259 dan\u0131\u015fmaq \u00e7\u0259tindir. Ancaq m\u00fcnaqi\u015f\u0259nin hans\u0131 m\u0259qam\u0131na \u00e7atmas\u0131, hans\u0131 v\u0259ziyy\u0259t\u0259 g\u0259lm\u0259si v\u0259 onunla ba\u011fl\u0131 g\u00fcnd\u0259md\u0259 n\u0259 probleml\u0259rin qald\u0131r\u0131lmas\u0131 bar\u0259d\u0259 xeyli h\u0259lledici istiqam\u0259t ver\u0259n hadis\u0259l\u0259r oldu. M\u0259n bel\u0259 dey\u0259rdim, 2005-ci ild\u0259n ba\u015flayaraq, &#8211; y\u0259ni \u0130srail q\u00fcvv\u0259l\u0259ri Q\u0259zza zola\u011f\u0131ndan \u00e7\u0131x\u0131b oran\u0131 m\u00fchasir\u0259y\u0259 ald\u0131, &#8211; sanki problemin h\u0259llind\u0259 struktur yaratd\u0131lar. O vaxtdan n\u0259tic\u0259sizliy\u0259 g\u0259tirildi v\u0259 problem k\u0259skin m\u0259rh\u0259l\u0259y\u0259 daxil oldu. Bu, o dem\u0259kdir ki, problemin h\u0259llin\u0259 dair s\u0259yl\u0259r n\u0259 istiqam\u0259td\u0259 olubsa, onlar n\u0259tic\u0259siz m\u0259rh\u0259l\u0259yl\u0259 yekunla\u015f\u0131b. Dur\u011funluq onda oldu ki, \u0259r\u0259b \u00f6lk\u0259l\u0259ri F\u0259l\u0259stin\u0259 g\u00f6r\u0259 \u0130sraill\u0259 m\u00fcnasib\u0259tl\u0259rini dondurmu\u015fdular, bir \u00e7oxu h\u0259tta \u0130srail vizas\u0131 da\u015f\u0131yan pasport sahibl\u0259rinin \u00f6lk\u0259l\u0259rin\u0259 giri\u015fin\u0259 qada\u011fa da qoymu\u015fdu. Bel\u0259 olanda normalla\u015fma prosesi ba\u015flad\u0131, lakin F\u0259l\u0259stin probleminin h\u0259llind\u0259 n\u0259 yeni \u00fcfiql\u0259r a\u00e7\u0131ld\u0131, n\u0259 d\u0259 \u00fcmidvercii mesajlar oldu. \u018fksin\u0259, F\u0259l\u0259stin probleminin zor g\u00fcc\u00fcn\u0259 h\u0259llin\u0259 dair \u00e7\u0131x\u0131\u015flar s\u0259sl\u0259ndi, bu da Tramp administrasiyas\u0131n\u0131n Q\u00fcds\u00fcn \u0130srailin paytaxt\u0131 adlanmas\u0131 b\u0259yanat\u0131 idi. \u00dcst\u0259lik, Suriyan\u0131n Colan t\u0259p\u0259l\u0259rinin \u0130srail t\u0259r\u0259find\u0259n anneksiya q\u0259rar\u0131n\u0131n tan\u0131nmas\u0131 idi. Bununla problemin h\u0259llind\u0259 zor variant \u00fcz\u0259 \u00e7\u0131xd\u0131.<br>&#8211;\u00a0<em>F\u0259l\u0259stind\u0259 h\u0259r \u015fey ayd\u0131nd\u0131r, bir t\u0259r\u0259fd\u0259 m\u00f6t\u0259dil Mahmud Abbas, dig\u0259r t\u0259r\u0259fd\u0259 radikal H\u018fMAS var. B\u0259s \u0130sraild\u0259 s\u00fclh\u0259 mane olan q\u00fcvv\u0259l\u0259r kiml\u0259rdir? Hans\u0131 q\u00fcvv\u0259l\u0259rin iqtidar olmas\u0131 s\u00fclh\u00fcn \u0259ld\u0259 olunmas\u0131n\u0131 tezl\u0259\u015fdir\u0259 bil\u0259r?<\/em><br>&#8211; 1947-1948-ci ill\u0259rd\u0259n b\u0259ri \u0130sraild\u0259 m\u00fc\u0259yy\u0259n \u00fcmumi prinsipl\u0259ri birl\u0259\u015fdir\u0259n, amma iki f\u0259rqli siyasi q\u00fcvv\u0259 olub. Sol\u00e7u-liberal, sosial-demokratlar v\u0259 sionist, mill\u0259t\u00e7i prinsipl\u0259rini \u0259sas g\u00f6t\u00fcr\u00fcb radikalla\u015fmadan siyasi kapital qazananlar. 7 oktyabr hadis\u0259l\u0259ril\u0259 ba\u011fl\u0131 \u0259ks\u0259riyy\u0259t 50 il \u0259vv\u0259lki m\u00fcharib\u0259ni xat\u0131rlad\u0131rsa, m\u0259n 1993-c\u00fc ilin \u201cOslo sazi\u015fi\u201dni yada sal\u0131ram. O zaman \u0130sraild\u0259 s\u00fclhsev\u0259r qanad F\u0259l\u0259stin r\u0259hb\u0259rliyil\u0259 b\u0259rab\u0259r \u0259slind\u0259 \u00fcmidverici yola q\u0259d\u0259m qoydu, n\u0259tic\u0259d\u0259 \u201cOslo sazi\u015fi\u201dni imzalad\u0131lar. Bu, \u0259vv\u0259la, t\u0259r\u0259fl\u0259rin tan\u0131nmas\u0131n\u0131 ortaya qoydu. \u00c7\u00fcnki \u0259vv\u0259l \u0130srail FAT-\u0131 F\u0259l\u0259stin xalq\u0131n\u0131n t\u0259msil\u00e7isi kimi tan\u0131m\u0131rd\u0131, FAT da \u0130sraili d\u00f6vl\u0259t kimi tan\u0131m\u0131rd\u0131. Bu tan\u0131madan sonra s\u00fclh dan\u0131\u015f\u0131qlar\u0131 \u00fc\u00e7\u00fcn z\u0259min yarand\u0131 v\u0259 t\u0259dbirl\u0259r d\u0259 g\u00f6r\u00fcld\u00fc. Lakin \u00e7ox ke\u00e7m\u0259d\u0259n \u0130sraild\u0259ki radikallar \u201cOslo sazi\u015fi\u201dni imzalayan Rabini g\u00fcll\u0259l\u0259dil\u0259r. V\u0259ziyy\u0259tin g\u0259rginl\u0259\u015fm\u0259si el\u0259 bu yola \u00fcst\u00fcnl\u00fck ver\u0259n siyasi q\u00fcvv\u0259l\u0259rin n\u00fcfuz qazanmas\u0131na g\u0259tirdi.<br>&#8211; &#8220;<em>\u0130brahim raz\u0131la\u015fmas\u0131&#8221; F\u0259l\u0259stin-\u0130srail m\u00fcnaqi\u015f\u0259sini h\u0259ll etm\u0259y\u0259 imkan verirmi? \u00dcmumiyy\u0259tl\u0259, Yax\u0131n \u015e\u0259rqd\u0259 m\u00f6hk\u0259m s\u00fclh \u00fc\u00e7\u00fcn hans\u0131 add\u0131mlar at\u0131la bil\u0259r? AB\u015e-\u0131n ke\u00e7mi\u015f v\u0259 indiki m\u00f6vqeyi m\u00fcnaqi\u015f\u0259nin h\u0259llin\u0259 k\u00f6m\u0259k ed\u0259c\u0259kmi?<\/em><br>&#8211;\u00a0\u00a0 Sual\u0131n\u0131z\u0131 iki hiss\u0259y\u0259 b\u00f6l\u0259k, \u201c\u0130brahimi raz\u0131la\u015fmas\u0131\u201d dayand\u0131r\u0131ld\u0131, amma tamamil\u0259 g\u00fcnd\u0259md\u0259n \u00e7\u0131xar\u0131lmad\u0131. Bu raz\u0131la\u015fma F\u0259l\u0259stin m\u0259s\u0259l\u0259sin\u0259 diqq\u0259tin art\u0131r\u0131lmas\u0131n\u0131 n\u0259z\u0259rd\u0259 tutsa da, \u0259slind\u0259, m\u0259s\u0259l\u0259nin h\u0259llini m\u0259qs\u0259d kimi qoymurdu. \u0130ndiy\u0259 q\u0259d\u0259r \u0259laq\u0259l\u0259rin, m\u00fczakir\u0259l\u0259rin dondurulmas\u0131 zaman\u0131 h\u0259min raz\u0131la\u015fma bu dur\u011funlu\u011fu aradan qald\u0131rmaq m\u0259qs\u0259di g\u00fcd\u00fcrd\u00fc. Ehtimal etm\u0259k olard\u0131 ki, bu raz\u0131la\u015fma 1967-ci il s\u0259rh\u0259dl\u0259ri \u00fcz\u0259rind\u0259 olan problemin h\u0259llind\u0259 \u00fcfiq a\u00e7a bil\u0259rdi. Lakin bu ilk add\u0131mlar, problemin h\u0259llind\u0259 is\u0259 xeyli m\u0259s\u0259l\u0259 \u00f6z\u00fcn\u00fc g\u00f6zl\u0259yirdi. Burada x\u00fcsusil\u0259 q\u0259s\u0259b\u0259l\u0259rin taleyi \u00f6n\u0259mlidir &#8211; 500 min\u0259 yax\u0131n f\u0259l\u0259stinli oradan \u00e7\u0131xar\u0131lm\u0131\u015fd\u0131, BMT-in q\u0259tnam\u0259si olsa da. Va\u015finqtona g\u0259linc\u0259, \u0259lb\u0259tt\u0259, problemin h\u0259llin\u0259 k\u00f6m\u0259k ed\u0259 bil\u0259rdi. SSR\u0130 da\u011f\u0131landan sonra AB\u015e problemin h\u0259llini \u00fcz\u0259rin\u0259 g\u00f6t\u00fcrd\u00fc, el\u0259 o vaxtdan da Va\u015finqton \u00e7ox c\u0259hd etdi. B\u0259li, Rusiya AB\u015e-\u0131 bu siyas\u0259tin\u0259 g\u00f6r\u0259 t\u0259qsirl\u0259ndirir ki, y\u0259ni siz bu m\u0259s\u0259l\u0259ni h\u0259ll ed\u0259 bilm\u0259diniz. \u015e\u00fcbh\u0259siz ki, AB\u015e-\u0131n d\u0259st\u0259yi olmadan problemi h\u0259ll etm\u0259k m\u00fcmk\u00fcn olmayacaq. Vaxta\u015f\u0131r\u0131 h\u0259rbi yola \u00fcst\u00fcnl\u00fck verm\u0259k d\u0259, t\u0259hl\u00fck\u0259sizlik ehtimal\u0131n\u0131 art\u0131r\u0131rd\u0131. Bilirsiniz, AB\u015e birm\u0259nal\u0131 \u015f\u0259kild\u0259 \u0130srailin g\u00fcc i\u015fl\u0259tm\u0259k haqq\u0131n\u0131n arxas\u0131nda dayanmasayd\u0131, problemin ba\u015fqa istiqam\u0259td\u0259 inki\u015faf\u0131n\u0131 ehtimal etm\u0259k olard\u0131.<br>&#8211;\u00a0<em>Siz s\u00f6hb\u0259timizin \u0259vv\u0259lind\u0259 1967-ci il hadis\u0259l\u0259rin\u0259 toxundunuz, bu g\u00fcn \u0259n \u00e7ox s\u0259sl\u0259n\u0259n fikir odur ki, problemin h\u0259lli \u00fc\u00e7\u00fcn h\u0259min il iki d\u00f6vl\u0259tin &#8211; \u0130srail v\u0259 F\u0259l\u0259stinin yarad\u0131lmas\u0131 raz\u0131la\u015fmas\u0131na qay\u0131tmaq laz\u0131md\u0131r. Haz\u0131rda real olaraq, bu, n\u0259 q\u0259d\u0259r m\u00fcmk\u00fcnd\u00fcr?<\/em><br>&#8211; Dem\u0259zdim ki, bu, ham\u0131 \u00fc\u00e7\u00fcn q\u0259bul olunan m\u0259s\u0259l\u0259dir. Problem ondan ba\u015flad\u0131 ki, 1993-c\u00fc ild\u0259 \u201cOslo raz\u0131la\u015fmas\u0131\u201cndan sonra bel\u0259 variant \u00fcz\u0259 \u00e7\u0131xd\u0131 v\u0259 ona etiraz olaraq H\u018fMAS t\u0259\u015fkilat\u0131 g\u00fccl\u0259nm\u0259y\u0259 ba\u015flad\u0131. D\u00fczd\u00fcr, H\u018fMAS 1987-ci ild\u0259 t\u0259sis edilmi\u015fdi, amma radikalla\u015fma sonradan ba\u015flad\u0131. Bununla bel\u0259 \u201cOslo raz\u0131la\u015fmas\u0131\u201dn\u0131n n\u0259tic\u0259siz qalmas\u0131n\u0131n t\u0259qsirkar\u0131 kimi \u0130sraili h\u0259d\u0259f almamal\u0131y\u0131q. Buna cavab kimi H\u018fMAS-\u0131n da radikalla\u015fmas\u0131n\u0131 n\u0259z\u0259r\u0259 almal\u0131y\u0131q. Odur ki, 1967-ci ilin s\u0259rh\u0259dl\u0259ri \u00fcz\u0259rind\u0259 tam raz\u0131l\u0131q h\u0259l\u0259 yoxdur. G\u00f6r\u00fcrs\u00fcn\u00fcz, m\u0259s\u0259l\u0259nin h\u0259lli t\u0259xir\u0259 sal\u0131nd\u0131qca, v\u0259ziyy\u0259t o q\u0259d\u0259r g\u0259rginl\u0259\u015fir ki, \u0259vv\u0259l-ax\u0131r hans\u0131sa kompromis \u00fcz\u0259rind\u0259 dayanmaq m\u0259cburiyy\u0259ti yaran\u0131r.<br>&#8211;\u00a0<em>M\u0259n\u0259 el\u0259 s\u00f6hb\u0259timizin o m\u00fcst\u0259visin\u0259 g\u0259lm\u0259k ist\u0259rdim, qal\u0131c\u0131 s\u00fclh \u00fc\u00e7\u00fcn klassik q\u0259l\u0259b\u0259 laz\u0131md\u0131r, y\u0259ni t\u0259r\u0259fl\u0259rd\u0259n biri m\u00fctl\u0259q m\u0259\u011flub olmal\u0131d\u0131r, yoxsa anla\u015fma ehtimallar\u0131 h\u0259l\u0259 qal\u0131r?<\/em><br>&#8211; H\u0259l\u0259lik t\u0259\u0259ss\u00fcfl\u0259 dem\u0259k laz\u0131md\u0131r ki, v\u0259h\u015fic\u0259sin\u0259 q\u0259tl\u0259 yetirilmi\u015fl\u0259rin hadis\u0259si \u0130srail c\u0259miyy\u0259tind\u0259 el\u0259 atmosfer yarad\u0131b ki, onlar \u201cancaq q\u0259l\u0259b\u0259 bar\u0259d\u0259 d\u00fc\u015f\u00fcnm\u0259k laz\u0131md\u0131r\u201d deyirl\u0259r. V\u0259 q\u0259l\u0259b\u0259d\u0259n sonra n\u0259 olacaq bar\u0259d\u0259 d\u00fc\u015f\u00fcnm\u0259m\u0259k hissi d\u0259 var. M\u0259n ictimai fikird\u0259n dan\u0131\u015f\u0131ram. Siyas\u0259t\u00e7il\u0259rl\u0259 ba\u011fl\u0131 is\u0259 n\u0259s\u0259 ehtimal etm\u0259k olar, amma indiy\u0259 q\u0259d\u0259r yer\u00fcst\u00fc \u0259m\u0259liyyat\u0131n ba\u015f tutmamas\u0131n\u0131n b\u0259lk\u0259 s\u0259b\u0259bl\u0259rind\u0259n biri odur ki, proses bit\u0259nd\u0259n sonra n\u0259 olacaq sual\u0131na \u00fcmumi cavab yoxdur. G\u00fcman ki, AB\u015e-\u0131n \u0130srail\u0259 t\u0259sir g\u00f6st\u0259rm\u0259sinin s\u0259b\u0259bi bu istiqam\u0259td\u0259 tam ayd\u0131nl\u0131q g\u00f6r\u0259 bilm\u0259m\u0259l\u0259ridir. Y\u0259ni \u0130srail h\u00f6kum\u0259tini 1967-ci il s\u0259rh\u0259dl\u0259rin\u0259 d\u0259st\u0259k verm\u0259sin\u0259 inand\u0131ra bilmirik. Bu, daxili v\u0259ziyy\u0259tin nec\u0259 olaca\u011f\u0131ndan, yeni siyas\u0259t\u00e7il\u0259rin v\u0259 q\u00fcvv\u0259l\u0259rin meydana \u00e7\u0131x\u0131b t\u0259\u015f\u0259bb\u00fcs\u00fc \u00f6z \u00fcz\u0259rl\u0259rin\u0259 g\u00f6t\u00fcrm\u0259sind\u0259n as\u0131l\u0131d\u0131r. \u0130ndiki Netanyahu hakimiyy\u0259ti v\u0259 onun ritorikas\u0131n\u0131 n\u0259z\u0259r\u0259 ald\u0131qda, bu bar\u0259d\u0259 q\u0259ti fikir s\u0259sl\u0259ndirm\u0259k \u00e7\u0259tindir.<br>&#8211;\u00a0<em>Ancaq Q\u0259zzan\u0131n ki\u00e7ik bir yer oldu\u011funu g\u00f6t\u00fcrs\u0259k, orada h\u0259rbi \u0259m\u0259liyyat ke\u00e7irm\u0259k \u00e7ox \u00e7\u0259tindir\u2026<\/em><br>&#8211;\u00a0 Onu h\u0259rb\u00e7il\u0259r dey\u0259 bil\u0259r, d\u00fczd\u00fcr, \u0259razi ki\u00e7ik oldu\u011fundan b\u00f6y\u00fck insan itkisin\u0259 g\u0259tir\u0259r. V\u0259ziyy\u0259t o h\u0259dd\u0259 \u00e7at\u0131b ki, \u0130srail deyir ki, f\u0259l\u0259stinlil\u0259ri k\u00f6\u00e7\u00fcr\u00fcn, m\u0259n \u0259m\u0259liyyat\u0131m\u0131 ke\u00e7irim. Ancaq k\u00f6\u00e7\u00fcrm\u0259 h\u0259min \u0259razil\u0259rin bo\u015falmas\u0131 dem\u0259kdir.<br>&#8211;\u00a0<em>O zaman etnik t\u0259mizl\u0259m\u0259 ifad\u0259sini s\u0259sl\u0259ndirm\u0259k olarm\u0131?<\/em><br>&#8211; \u018flb\u0259tt\u0259. Siz onu siyasi bax\u0131mdan etnik t\u0259mizl\u0259m\u0259 adland\u0131ra bil\u0259rsiniz. Bu, o dem\u0259kdir ki, torpaqlar bo\u015fal\u0131r. \u018fg\u0259r 1947-1948-ci ill\u0259rd\u0259 100 minl\u0259rl\u0259 f\u0259l\u0259stinli b\u00f6lg\u0259d\u0259n k\u00f6\u00e7\u00fcr\u00fcld\u00fcs\u0259, indi n\u00f6vb\u0259ti dal\u011fa olacaq. B\u0259lk\u0259 daha irimiqyasl\u0131 v\u0259 bu, problemin h\u0259lli kimi d\u00fc\u015f\u00fcn\u00fcl\u00fcr. Ancaq d\u00fcnya ictimaiyy\u0259tind\u0259 f\u0259rqli yana\u015fma var. Y\u0259ni bu, etnik t\u0259mizl\u0259m\u0259 qoxusu yox, mahiyy\u0259ti ola bil\u0259r.<br>&#8211;\u00a0<em>Yekunda \u0259n \u00e7ox vur\u011fulanan v\u0259 konspirasiyaya s\u0259b\u0259b olan m\u00f6vzuya toxunman\u0131z\u0131 ist\u0259rdim, ingilisl\u0259rin bu m\u00fcnaqi\u015f\u0259d\u0259ki rolu\u2026 B\u00f6y\u00fck Britaniya h\u0259q\u0259q\u0259t\u0259nmi m\u00fcnaqi\u015f\u0259nin bu v\u0259ziyy\u0259t\u0259 \u00e7atmas\u0131nda \u0259sas g\u00fcnahkard\u0131r? \u00dcmumiyy\u0259tl\u0259, haz\u0131rk\u0131 v\u0259ziyy\u0259t\u0259 g\u0259tir\u0259n hans\u0131 s\u0259b\u0259bl\u0259r oldu?<\/em><br>&#8211; Bu, art\u0131q yeni s\u00f6hb\u0259t\u0259 \u0259sas ver\u0259n suallar olur. B\u00f6y\u00fck Britaniya problemin yaranmas\u0131nda n\u0259 q\u0259d\u0259r t\u0259qsirkard\u0131r? \u018fvv\u0259la, B\u00f6y\u00fck Britaniya t\u0259\u015f\u0259bb\u00fcs g\u00f6st\u0259rib, y\u0259ni Balfur deklarasiyas\u0131 il\u0259. O zamank\u0131 \u0259hali say\u0131na baxsaq, s\u0259hv etmir\u0259ms\u0259, 35 min y\u0259hudi ya\u015fay\u0131rd\u0131, kifay\u0259t q\u0259d\u0259r d\u0259 s\u00fclh \u015f\u0259raitind\u0259. \u0130kinci, Rusiyada y\u0259hudil\u0259r\u0259 qar\u015f\u0131 basq\u0131nlar n\u0259tic\u0259sind\u0259 Osmanl\u0131 imperiyas\u0131 onlar\u0131n F\u0259l\u0259stind\u0259 yerl\u0259\u015fm\u0259sin\u0259 imkan verirdi. Onlar da ortodoks y\u0259hudil\u0259r idi ki, d\u00f6vl\u0259t bar\u0259d\u0259 d\u00fc\u015f\u00fcnm\u00fcrd\u00fcl\u0259r. \u0130ndi d\u0259 onlar m\u00fcs\u0259lmanlarla s\u00fclh i\u00e7ind\u0259 ya\u015fama\u011f\u0131 v\u0259 xilaskar\u0131n g\u0259li\u015fin\u0259 q\u0259d\u0259r d\u00f6vl\u0259t yaratmama\u011f\u0131 \u00fcst\u00fcn g\u00f6t\u00fcr\u00fcrl\u0259r. Ancaq B\u00f6y\u00fck Britaniya, Fransa v\u0259 dig\u0259r d\u00f6vl\u0259tl\u0259r y\u0259hudil\u0259rin k\u00f6\u00e7\u00fcn\u0259 d\u0259st\u0259k vers\u0259l\u0259r d\u0259, yerli \u0259halinin qanunlar\u0131n\u0131n pozulmamas\u0131 \u015f\u0259rtini \u0259sas g\u00f6t\u00fcr\u00fcrd\u00fcl\u0259r. Bununla bel\u0259, k\u00f6\u00e7l\u0259r ba\u015flayandan sonra g\u0259rginlik d\u0259 art\u0131rd\u0131 v\u0259 bu, yerli \u0259haliyl\u0259 idi. S\u00f6hb\u0259t \u00f6t\u0259n \u0259srin 30-40-c\u0131 ill\u0259rind\u0259n gedir ki, proses Britaniya mandat\u0131yla nizamlan\u0131rd\u0131. Y\u0259ni b\u00fct\u00fcn Avropa \u00f6lk\u0259l\u0259ri y\u0259hudil\u0259rin k\u00f6\u00e7\u00fcn\u00fc t\u0259kid ets\u0259 d\u0259, r\u0259smi London g\u0259rginliyin azalmas\u0131 \u00fc\u00e7\u00fcn k\u00f6\u00e7l\u0259rin m\u0259hdudla\u015fmas\u0131 siyas\u0259ti apar\u0131rd\u0131. N\u0259tic\u0259d\u0259 y\u0259hudi \u0259halisi il\u0259 d\u0259 konflikti yarand\u0131. Ondan sonra r\u0259smi London problemin h\u0259llind\u0259 imkans\u0131z oldu\u011funu etiraf edib m\u0259s\u0259l\u0259ni BMT-y\u0259 \u00f6t\u00fcrd\u00fc. \u0130ndi biz burada g\u00fcnah, yoxsa siyasi s\u0259hvl\u0259rmi g\u00f6r\u00fcr\u00fck, m\u0259n h\u00f6km verm\u0259k ist\u0259mir\u0259m. Ola bilsin, xo\u015f m\u0259ramlar oldu\u011fu halda, \u0259r\u0259bl\u0259rin haqlar\u0131n\u0131n t\u0259min edilm\u0259m\u0259si hal\u0131nda bel\u0259 bir konflikt yarand\u0131. M\u0259n t\u0259r\u0259fl\u0259ri g\u00fcnahland\u0131rmazd\u0131m. Amma siyas\u0259td\u0259 \u00fcmumiyy\u0259tl\u0259 s\u00fcni, k\u0259nardan g\u00f6t\u00fcr\u00fclm\u00fc\u015f, yerli v\u0259ziyy\u0259ti n\u0259z\u0259r\u0259 almadan, ordak\u0131 inki\u015faf\u0131n qanunauy\u011funluqlar\u0131na riay\u0259t edilm\u0259d\u0259n zorla t\u0259tbiq olunan siyasi yollar\u0131n g\u0259rginlik g\u0259tir\u0259c\u0259yin\u0259 inan\u0131ram. G\u0259r\u0259k, t\u0259r\u0259fl\u0259rin h\u0259rt\u0259r\u0259fli i\u015ftirak\u0131yla s\u00fclh proses olayd\u0131, amma t\u0259\u0259ss\u00fcf ki, bu, vaxt\u0131nda olmad\u0131.<\/p>\n\n\n\n<p><\/p>\n\n\n\n<figure class=\"wp-block-embed is-type-video is-provider-youtube wp-block-embed-youtube wp-embed-aspect-16-9 wp-has-aspect-ratio\"><div class=\"wp-block-embed__wrapper\">\n<iframe title=\"\u201cV\u0259ziyy\u0259t o h\u0259dd\u0259 \u00e7at\u0131b ki, \u0130srail deyir, f\u0259l\u0259stinlil\u0259ri k\u00f6\u00e7\u00fcr\u00fcn, m\u0259n \u0259m\u0259liyyat\u0131m\u0131 ke\u00e7irim\u201d\" width=\"1200\" height=\"675\" data-src=\"https:\/\/www.youtube.com\/embed\/VPXDcKx7jGw?feature=oembed\" frameborder=\"0\" allow=\"accelerometer; autoplay; clipboard-write; encrypted-media; gyroscope; picture-in-picture; web-share\" allowfullscreen src=\"data:image\/svg+xml;base64,PHN2ZyB3aWR0aD0iMSIgaGVpZ2h0PSIxIiB4bWxucz0iaHR0cDovL3d3dy53My5vcmcvMjAwMC9zdmciPjwvc3ZnPg==\" class=\"lazyload\" data-load-mode=\"1\"><\/iframe>\n<\/div><\/figure>\n","protected":false},"excerpt":{"rendered":"<p>\u201cAB\u015e birm\u0259nal\u0131 \u015f\u0259kild\u0259 \u0130srailin g\u00fcc i\u015fl\u0259tm\u0259k haqq\u0131n\u0131n arxas\u0131nda dayanmasayd\u0131\u2026\u201dOktyabr\u0131n 7-d\u0259 &#8230; <\/p>\n<p class=\"read-more-container\"><a title=\"F\u0259rda \u018fs\u0259dov: \u201cV\u0259ziyy\u0259t o h\u0259dd\u0259 \u00e7at\u0131b ki, \u0130srail deyir, f\u0259l\u0259stinlil\u0259ri k\u00f6\u00e7\u00fcr\u00fcn, m\u0259n \u0259m\u0259liyyat\u0131m\u0131 ke\u00e7irim\u201d\" class=\"read-more button\" href=\"https:\/\/www.meydan.tv\/az\/article\/ferda-esedov-veziyyet-o-hedde-catib-ki-israil-deyir-felestinlileri-kocurun-men-emeliyyatimi-kecirim\/#more-289113\" aria-label=\"Read more about F\u0259rda \u018fs\u0259dov: \u201cV\u0259ziyy\u0259t o h\u0259dd\u0259 \u00e7at\u0131b ki, \u0130srail deyir, f\u0259l\u0259stinlil\u0259ri k\u00f6\u00e7\u00fcr\u00fcn, m\u0259n \u0259m\u0259liyyat\u0131m\u0131 ke\u00e7irim\u201d\">Davam\u0131<\/a><\/p>\n","protected":false},"author":18,"featured_media":289114,"comment_status":"closed","ping_status":"closed","sticky":false,"template":"","format":"standard","meta":{"_acf_changed":false,"_sitemap_exclude":false,"_sitemap_priority":"","_sitemap_frequency":"","footnotes":""},"categories":[63,56],"tags":[],"class_list":["post-289113","post","type-post","status-publish","format-standard","has-post-thumbnail","hentry","category-video-2","category-xeberler","infinite-scroll-item","generate-columns","tablet-grid-50","mobile-grid-100","grid-parent","grid-33","no-featured-image-padding"],"acf":[],"yoast_head":"<!-- This site is optimized with the Yoast SEO plugin v27.4 - https:\/\/yoast.com\/product\/yoast-seo-wordpress\/ -->\n<title>F\u0259rda \u018fs\u0259dov: \u201cV\u0259ziyy\u0259t o h\u0259dd\u0259 \u00e7at\u0131b ki, \u0130srail deyir, f\u0259l\u0259stinlil\u0259ri k\u00f6\u00e7\u00fcr\u00fcn, m\u0259n \u0259m\u0259liyyat\u0131m\u0131 ke\u00e7irim\u201d - MEYDAN.TV<\/title>\n<meta name=\"robots\" content=\"index, follow, max-snippet:-1, max-image-preview:large, max-video-preview:-1\" \/>\n<link rel=\"canonical\" href=\"https:\/\/www.meydan.tv\/az\/article\/ferda-esedov-veziyyet-o-hedde-catib-ki-israil-deyir-felestinlileri-kocurun-men-emeliyyatimi-kecirim\/\" \/>\n<meta property=\"og:locale\" content=\"az_AZ\" \/>\n<meta property=\"og:type\" content=\"article\" \/>\n<meta property=\"og:title\" content=\"F\u0259rda \u018fs\u0259dov: \u201cV\u0259ziyy\u0259t o h\u0259dd\u0259 \u00e7at\u0131b ki, \u0130srail deyir, f\u0259l\u0259stinlil\u0259ri k\u00f6\u00e7\u00fcr\u00fcn, m\u0259n \u0259m\u0259liyyat\u0131m\u0131 ke\u00e7irim\u201d - MEYDAN.TV\" \/>\n<meta property=\"og:description\" content=\"\u201cAB\u015e birm\u0259nal\u0131 \u015f\u0259kild\u0259 \u0130srailin g\u00fcc i\u015fl\u0259tm\u0259k haqq\u0131n\u0131n arxas\u0131nda dayanmasayd\u0131\u2026\u201dOktyabr\u0131n 7-d\u0259 ... Davam\u0131\" \/>\n<meta property=\"og:url\" content=\"https:\/\/www.meydan.tv\/az\/article\/ferda-esedov-veziyyet-o-hedde-catib-ki-israil-deyir-felestinlileri-kocurun-men-emeliyyatimi-kecirim\/\" \/>\n<meta property=\"og:site_name\" content=\"MEYDAN.TV\" \/>\n<meta property=\"article:published_time\" content=\"2023-10-29T16:44:53+00:00\" \/>\n<meta property=\"article:modified_time\" content=\"2023-10-29T16:44:55+00:00\" \/>\n<meta property=\"og:image\" content=\"https:\/\/www.meydan.tv\/wp-content\/uploads\/2023-10-29-17.43.09.jpg\" \/>\n\t<meta property=\"og:image:width\" content=\"1280\" \/>\n\t<meta property=\"og:image:height\" content=\"698\" \/>\n\t<meta property=\"og:image:type\" content=\"image\/jpeg\" \/>\n<meta name=\"author\" content=\"miron\" \/>\n<meta name=\"twitter:card\" content=\"summary_large_image\" \/>\n<script type=\"application\/ld+json\" class=\"yoast-schema-graph\">{\"@context\":\"https:\\\/\\\/schema.org\",\"@graph\":[{\"@type\":\"Article\",\"@id\":\"https:\\\/\\\/www.meydan.tv\\\/az\\\/article\\\/ferda-esedov-veziyyet-o-hedde-catib-ki-israil-deyir-felestinlileri-kocurun-men-emeliyyatimi-kecirim\\\/#article\",\"isPartOf\":{\"@id\":\"https:\\\/\\\/www.meydan.tv\\\/az\\\/article\\\/ferda-esedov-veziyyet-o-hedde-catib-ki-israil-deyir-felestinlileri-kocurun-men-emeliyyatimi-kecirim\\\/\"},\"author\":{\"name\":\"miron\",\"@id\":\"https:\\\/\\\/www.meydan.tv\\\/az\\\/#\\\/schema\\\/person\\\/981b0b284aeaa9ad0cbf814cd4a9d67c\"},\"headline\":\"F\u0259rda \u018fs\u0259dov: \u201cV\u0259ziyy\u0259t o h\u0259dd\u0259 \u00e7at\u0131b ki, \u0130srail deyir, f\u0259l\u0259stinlil\u0259ri k\u00f6\u00e7\u00fcr\u00fcn, m\u0259n \u0259m\u0259liyyat\u0131m\u0131 ke\u00e7irim\u201d\",\"datePublished\":\"2023-10-29T16:44:53+00:00\",\"dateModified\":\"2023-10-29T16:44:55+00:00\",\"mainEntityOfPage\":{\"@id\":\"https:\\\/\\\/www.meydan.tv\\\/az\\\/article\\\/ferda-esedov-veziyyet-o-hedde-catib-ki-israil-deyir-felestinlileri-kocurun-men-emeliyyatimi-kecirim\\\/\"},\"wordCount\":2264,\"publisher\":{\"@id\":\"https:\\\/\\\/www.meydan.tv\\\/az\\\/#organization\"},\"image\":{\"@id\":\"https:\\\/\\\/www.meydan.tv\\\/az\\\/article\\\/ferda-esedov-veziyyet-o-hedde-catib-ki-israil-deyir-felestinlileri-kocurun-men-emeliyyatimi-kecirim\\\/#primaryimage\"},\"thumbnailUrl\":\"https:\\\/\\\/www.meydan.tv\\\/wp-content\\\/uploads\\\/2023-10-29-17.43.09.jpg\",\"articleSection\":[\"Video\",\"X\u0259b\u0259rl\u0259r\"],\"inLanguage\":\"az\"},{\"@type\":\"WebPage\",\"@id\":\"https:\\\/\\\/www.meydan.tv\\\/az\\\/article\\\/ferda-esedov-veziyyet-o-hedde-catib-ki-israil-deyir-felestinlileri-kocurun-men-emeliyyatimi-kecirim\\\/\",\"url\":\"https:\\\/\\\/www.meydan.tv\\\/az\\\/article\\\/ferda-esedov-veziyyet-o-hedde-catib-ki-israil-deyir-felestinlileri-kocurun-men-emeliyyatimi-kecirim\\\/\",\"name\":\"F\u0259rda \u018fs\u0259dov: \u201cV\u0259ziyy\u0259t o h\u0259dd\u0259 \u00e7at\u0131b ki, \u0130srail deyir, f\u0259l\u0259stinlil\u0259ri k\u00f6\u00e7\u00fcr\u00fcn, m\u0259n \u0259m\u0259liyyat\u0131m\u0131 ke\u00e7irim\u201d - MEYDAN.TV\",\"isPartOf\":{\"@id\":\"https:\\\/\\\/www.meydan.tv\\\/az\\\/#website\"},\"primaryImageOfPage\":{\"@id\":\"https:\\\/\\\/www.meydan.tv\\\/az\\\/article\\\/ferda-esedov-veziyyet-o-hedde-catib-ki-israil-deyir-felestinlileri-kocurun-men-emeliyyatimi-kecirim\\\/#primaryimage\"},\"image\":{\"@id\":\"https:\\\/\\\/www.meydan.tv\\\/az\\\/article\\\/ferda-esedov-veziyyet-o-hedde-catib-ki-israil-deyir-felestinlileri-kocurun-men-emeliyyatimi-kecirim\\\/#primaryimage\"},\"thumbnailUrl\":\"https:\\\/\\\/www.meydan.tv\\\/wp-content\\\/uploads\\\/2023-10-29-17.43.09.jpg\",\"datePublished\":\"2023-10-29T16:44:53+00:00\",\"dateModified\":\"2023-10-29T16:44:55+00:00\",\"breadcrumb\":{\"@id\":\"https:\\\/\\\/www.meydan.tv\\\/az\\\/article\\\/ferda-esedov-veziyyet-o-hedde-catib-ki-israil-deyir-felestinlileri-kocurun-men-emeliyyatimi-kecirim\\\/#breadcrumb\"},\"inLanguage\":\"az\",\"potentialAction\":[{\"@type\":\"ReadAction\",\"target\":[\"https:\\\/\\\/www.meydan.tv\\\/az\\\/article\\\/ferda-esedov-veziyyet-o-hedde-catib-ki-israil-deyir-felestinlileri-kocurun-men-emeliyyatimi-kecirim\\\/\"]}]},{\"@type\":\"ImageObject\",\"inLanguage\":\"az\",\"@id\":\"https:\\\/\\\/www.meydan.tv\\\/az\\\/article\\\/ferda-esedov-veziyyet-o-hedde-catib-ki-israil-deyir-felestinlileri-kocurun-men-emeliyyatimi-kecirim\\\/#primaryimage\",\"url\":\"https:\\\/\\\/www.meydan.tv\\\/wp-content\\\/uploads\\\/2023-10-29-17.43.09.jpg\",\"contentUrl\":\"https:\\\/\\\/www.meydan.tv\\\/wp-content\\\/uploads\\\/2023-10-29-17.43.09.jpg\",\"width\":1280,\"height\":698},{\"@type\":\"BreadcrumbList\",\"@id\":\"https:\\\/\\\/www.meydan.tv\\\/az\\\/article\\\/ferda-esedov-veziyyet-o-hedde-catib-ki-israil-deyir-felestinlileri-kocurun-men-emeliyyatimi-kecirim\\\/#breadcrumb\",\"itemListElement\":[{\"@type\":\"ListItem\",\"position\":1,\"name\":\"Ana s\u0259hif\u0259\",\"item\":\"https:\\\/\\\/www.meydan.tv\\\/az\\\/\"},{\"@type\":\"ListItem\",\"position\":2,\"name\":\"X\u0259b\u0259rl\u0259r\",\"item\":\"https:\\\/\\\/www.meydan.tv\\\/az\\\/section\\\/xeberler\\\/\"},{\"@type\":\"ListItem\",\"position\":3,\"name\":\"F\u0259rda \u018fs\u0259dov: \u201cV\u0259ziyy\u0259t o h\u0259dd\u0259 \u00e7at\u0131b ki, \u0130srail deyir, f\u0259l\u0259stinlil\u0259ri k\u00f6\u00e7\u00fcr\u00fcn, m\u0259n \u0259m\u0259liyyat\u0131m\u0131 ke\u00e7irim\u201d\"}]},{\"@type\":\"WebSite\",\"@id\":\"https:\\\/\\\/www.meydan.tv\\\/az\\\/#website\",\"url\":\"https:\\\/\\\/www.meydan.tv\\\/az\\\/\",\"name\":\"MEYDAN.TV\",\"description\":\"Meydan TV Az\u0259rbaycan\u0131n media m\u0259kan\u0131ndak\u0131 alternativ s\u0259sidir\",\"publisher\":{\"@id\":\"https:\\\/\\\/www.meydan.tv\\\/az\\\/#organization\"},\"potentialAction\":[{\"@type\":\"SearchAction\",\"target\":{\"@type\":\"EntryPoint\",\"urlTemplate\":\"https:\\\/\\\/www.meydan.tv\\\/az\\\/?s={search_term_string}\"},\"query-input\":{\"@type\":\"PropertyValueSpecification\",\"valueRequired\":true,\"valueName\":\"search_term_string\"}}],\"inLanguage\":\"az\"},{\"@type\":\"Organization\",\"@id\":\"https:\\\/\\\/www.meydan.tv\\\/az\\\/#organization\",\"name\":\"Meydan TV\",\"url\":\"https:\\\/\\\/www.meydan.tv\\\/az\\\/\",\"logo\":{\"@type\":\"ImageObject\",\"inLanguage\":\"az\",\"@id\":\"https:\\\/\\\/www.meydan.tv\\\/az\\\/#\\\/schema\\\/logo\\\/image\\\/\",\"url\":\"https:\\\/\\\/www.meydan.tv\\\/wp-content\\\/uploads\\\/2021\\\/07\\\/meydan-logo.svg\",\"contentUrl\":\"https:\\\/\\\/www.meydan.tv\\\/wp-content\\\/uploads\\\/2021\\\/07\\\/meydan-logo.svg\",\"width\":195,\"height\":46,\"caption\":\"Meydan TV\"},\"image\":{\"@id\":\"https:\\\/\\\/www.meydan.tv\\\/az\\\/#\\\/schema\\\/logo\\\/image\\\/\"}},{\"@type\":\"Person\",\"@id\":\"https:\\\/\\\/www.meydan.tv\\\/az\\\/#\\\/schema\\\/person\\\/981b0b284aeaa9ad0cbf814cd4a9d67c\",\"name\":\"miron\"}]}<\/script>\n<!-- \/ Yoast SEO plugin. -->","yoast_head_json":{"title":"F\u0259rda \u018fs\u0259dov: \u201cV\u0259ziyy\u0259t o h\u0259dd\u0259 \u00e7at\u0131b ki, \u0130srail deyir, f\u0259l\u0259stinlil\u0259ri k\u00f6\u00e7\u00fcr\u00fcn, m\u0259n \u0259m\u0259liyyat\u0131m\u0131 ke\u00e7irim\u201d - MEYDAN.TV","robots":{"index":"index","follow":"follow","max-snippet":"max-snippet:-1","max-image-preview":"max-image-preview:large","max-video-preview":"max-video-preview:-1"},"canonical":"https:\/\/www.meydan.tv\/az\/article\/ferda-esedov-veziyyet-o-hedde-catib-ki-israil-deyir-felestinlileri-kocurun-men-emeliyyatimi-kecirim\/","og_locale":"az_AZ","og_type":"article","og_title":"F\u0259rda \u018fs\u0259dov: \u201cV\u0259ziyy\u0259t o h\u0259dd\u0259 \u00e7at\u0131b ki, \u0130srail deyir, f\u0259l\u0259stinlil\u0259ri k\u00f6\u00e7\u00fcr\u00fcn, m\u0259n \u0259m\u0259liyyat\u0131m\u0131 ke\u00e7irim\u201d - MEYDAN.TV","og_description":"\u201cAB\u015e birm\u0259nal\u0131 \u015f\u0259kild\u0259 \u0130srailin g\u00fcc i\u015fl\u0259tm\u0259k haqq\u0131n\u0131n arxas\u0131nda dayanmasayd\u0131\u2026\u201dOktyabr\u0131n 7-d\u0259 ... Davam\u0131","og_url":"https:\/\/www.meydan.tv\/az\/article\/ferda-esedov-veziyyet-o-hedde-catib-ki-israil-deyir-felestinlileri-kocurun-men-emeliyyatimi-kecirim\/","og_site_name":"MEYDAN.TV","article_published_time":"2023-10-29T16:44:53+00:00","article_modified_time":"2023-10-29T16:44:55+00:00","og_image":[{"width":1280,"height":698,"url":"https:\/\/www.meydan.tv\/wp-content\/uploads\/2023-10-29-17.43.09.jpg","type":"image\/jpeg"}],"author":"miron","twitter_card":"summary_large_image","schema":{"@context":"https:\/\/schema.org","@graph":[{"@type":"Article","@id":"https:\/\/www.meydan.tv\/az\/article\/ferda-esedov-veziyyet-o-hedde-catib-ki-israil-deyir-felestinlileri-kocurun-men-emeliyyatimi-kecirim\/#article","isPartOf":{"@id":"https:\/\/www.meydan.tv\/az\/article\/ferda-esedov-veziyyet-o-hedde-catib-ki-israil-deyir-felestinlileri-kocurun-men-emeliyyatimi-kecirim\/"},"author":{"name":"miron","@id":"https:\/\/www.meydan.tv\/az\/#\/schema\/person\/981b0b284aeaa9ad0cbf814cd4a9d67c"},"headline":"F\u0259rda \u018fs\u0259dov: \u201cV\u0259ziyy\u0259t o h\u0259dd\u0259 \u00e7at\u0131b ki, \u0130srail deyir, f\u0259l\u0259stinlil\u0259ri k\u00f6\u00e7\u00fcr\u00fcn, m\u0259n \u0259m\u0259liyyat\u0131m\u0131 ke\u00e7irim\u201d","datePublished":"2023-10-29T16:44:53+00:00","dateModified":"2023-10-29T16:44:55+00:00","mainEntityOfPage":{"@id":"https:\/\/www.meydan.tv\/az\/article\/ferda-esedov-veziyyet-o-hedde-catib-ki-israil-deyir-felestinlileri-kocurun-men-emeliyyatimi-kecirim\/"},"wordCount":2264,"publisher":{"@id":"https:\/\/www.meydan.tv\/az\/#organization"},"image":{"@id":"https:\/\/www.meydan.tv\/az\/article\/ferda-esedov-veziyyet-o-hedde-catib-ki-israil-deyir-felestinlileri-kocurun-men-emeliyyatimi-kecirim\/#primaryimage"},"thumbnailUrl":"https:\/\/www.meydan.tv\/wp-content\/uploads\/2023-10-29-17.43.09.jpg","articleSection":["Video","X\u0259b\u0259rl\u0259r"],"inLanguage":"az"},{"@type":"WebPage","@id":"https:\/\/www.meydan.tv\/az\/article\/ferda-esedov-veziyyet-o-hedde-catib-ki-israil-deyir-felestinlileri-kocurun-men-emeliyyatimi-kecirim\/","url":"https:\/\/www.meydan.tv\/az\/article\/ferda-esedov-veziyyet-o-hedde-catib-ki-israil-deyir-felestinlileri-kocurun-men-emeliyyatimi-kecirim\/","name":"F\u0259rda \u018fs\u0259dov: \u201cV\u0259ziyy\u0259t o h\u0259dd\u0259 \u00e7at\u0131b ki, \u0130srail deyir, f\u0259l\u0259stinlil\u0259ri k\u00f6\u00e7\u00fcr\u00fcn, m\u0259n \u0259m\u0259liyyat\u0131m\u0131 ke\u00e7irim\u201d - MEYDAN.TV","isPartOf":{"@id":"https:\/\/www.meydan.tv\/az\/#website"},"primaryImageOfPage":{"@id":"https:\/\/www.meydan.tv\/az\/article\/ferda-esedov-veziyyet-o-hedde-catib-ki-israil-deyir-felestinlileri-kocurun-men-emeliyyatimi-kecirim\/#primaryimage"},"image":{"@id":"https:\/\/www.meydan.tv\/az\/article\/ferda-esedov-veziyyet-o-hedde-catib-ki-israil-deyir-felestinlileri-kocurun-men-emeliyyatimi-kecirim\/#primaryimage"},"thumbnailUrl":"https:\/\/www.meydan.tv\/wp-content\/uploads\/2023-10-29-17.43.09.jpg","datePublished":"2023-10-29T16:44:53+00:00","dateModified":"2023-10-29T16:44:55+00:00","breadcrumb":{"@id":"https:\/\/www.meydan.tv\/az\/article\/ferda-esedov-veziyyet-o-hedde-catib-ki-israil-deyir-felestinlileri-kocurun-men-emeliyyatimi-kecirim\/#breadcrumb"},"inLanguage":"az","potentialAction":[{"@type":"ReadAction","target":["https:\/\/www.meydan.tv\/az\/article\/ferda-esedov-veziyyet-o-hedde-catib-ki-israil-deyir-felestinlileri-kocurun-men-emeliyyatimi-kecirim\/"]}]},{"@type":"ImageObject","inLanguage":"az","@id":"https:\/\/www.meydan.tv\/az\/article\/ferda-esedov-veziyyet-o-hedde-catib-ki-israil-deyir-felestinlileri-kocurun-men-emeliyyatimi-kecirim\/#primaryimage","url":"https:\/\/www.meydan.tv\/wp-content\/uploads\/2023-10-29-17.43.09.jpg","contentUrl":"https:\/\/www.meydan.tv\/wp-content\/uploads\/2023-10-29-17.43.09.jpg","width":1280,"height":698},{"@type":"BreadcrumbList","@id":"https:\/\/www.meydan.tv\/az\/article\/ferda-esedov-veziyyet-o-hedde-catib-ki-israil-deyir-felestinlileri-kocurun-men-emeliyyatimi-kecirim\/#breadcrumb","itemListElement":[{"@type":"ListItem","position":1,"name":"Ana s\u0259hif\u0259","item":"https:\/\/www.meydan.tv\/az\/"},{"@type":"ListItem","position":2,"name":"X\u0259b\u0259rl\u0259r","item":"https:\/\/www.meydan.tv\/az\/section\/xeberler\/"},{"@type":"ListItem","position":3,"name":"F\u0259rda \u018fs\u0259dov: \u201cV\u0259ziyy\u0259t o h\u0259dd\u0259 \u00e7at\u0131b ki, \u0130srail deyir, f\u0259l\u0259stinlil\u0259ri k\u00f6\u00e7\u00fcr\u00fcn, m\u0259n \u0259m\u0259liyyat\u0131m\u0131 ke\u00e7irim\u201d"}]},{"@type":"WebSite","@id":"https:\/\/www.meydan.tv\/az\/#website","url":"https:\/\/www.meydan.tv\/az\/","name":"MEYDAN.TV","description":"Meydan TV Az\u0259rbaycan\u0131n media m\u0259kan\u0131ndak\u0131 alternativ s\u0259sidir","publisher":{"@id":"https:\/\/www.meydan.tv\/az\/#organization"},"potentialAction":[{"@type":"SearchAction","target":{"@type":"EntryPoint","urlTemplate":"https:\/\/www.meydan.tv\/az\/?s={search_term_string}"},"query-input":{"@type":"PropertyValueSpecification","valueRequired":true,"valueName":"search_term_string"}}],"inLanguage":"az"},{"@type":"Organization","@id":"https:\/\/www.meydan.tv\/az\/#organization","name":"Meydan TV","url":"https:\/\/www.meydan.tv\/az\/","logo":{"@type":"ImageObject","inLanguage":"az","@id":"https:\/\/www.meydan.tv\/az\/#\/schema\/logo\/image\/","url":"https:\/\/www.meydan.tv\/wp-content\/uploads\/2021\/07\/meydan-logo.svg","contentUrl":"https:\/\/www.meydan.tv\/wp-content\/uploads\/2021\/07\/meydan-logo.svg","width":195,"height":46,"caption":"Meydan TV"},"image":{"@id":"https:\/\/www.meydan.tv\/az\/#\/schema\/logo\/image\/"}},{"@type":"Person","@id":"https:\/\/www.meydan.tv\/az\/#\/schema\/person\/981b0b284aeaa9ad0cbf814cd4a9d67c","name":"miron"}]}},"_links":{"self":[{"href":"https:\/\/www.meydan.tv\/az\/wp-json\/wp\/v2\/posts\/289113","targetHints":{"allow":["GET"]}}],"collection":[{"href":"https:\/\/www.meydan.tv\/az\/wp-json\/wp\/v2\/posts"}],"about":[{"href":"https:\/\/www.meydan.tv\/az\/wp-json\/wp\/v2\/types\/post"}],"author":[{"embeddable":true,"href":"https:\/\/www.meydan.tv\/az\/wp-json\/wp\/v2\/users\/18"}],"replies":[{"embeddable":true,"href":"https:\/\/www.meydan.tv\/az\/wp-json\/wp\/v2\/comments?post=289113"}],"version-history":[{"count":1,"href":"https:\/\/www.meydan.tv\/az\/wp-json\/wp\/v2\/posts\/289113\/revisions"}],"predecessor-version":[{"id":289117,"href":"https:\/\/www.meydan.tv\/az\/wp-json\/wp\/v2\/posts\/289113\/revisions\/289117"}],"wp:featuredmedia":[{"embeddable":true,"href":"https:\/\/www.meydan.tv\/az\/wp-json\/wp\/v2\/media\/289114"}],"wp:attachment":[{"href":"https:\/\/www.meydan.tv\/az\/wp-json\/wp\/v2\/media?parent=289113"}],"wp:term":[{"taxonomy":"category","embeddable":true,"href":"https:\/\/www.meydan.tv\/az\/wp-json\/wp\/v2\/categories?post=289113"},{"taxonomy":"post_tag","embeddable":true,"href":"https:\/\/www.meydan.tv\/az\/wp-json\/wp\/v2\/tags?post=289113"}],"curies":[{"name":"wp","href":"https:\/\/api.w.org\/{rel}","templated":true}]}}