{"id":289099,"date":"2023-10-29T11:52:35","date_gmt":"2023-10-29T07:52:35","guid":{"rendered":"https:\/\/www.meydan.tv\/?p=289099"},"modified":"2023-10-29T11:52:41","modified_gmt":"2023-10-29T07:52:41","slug":"regional-medeniyyet-idaresinin-reisi-saxtakarliqda-ittiham-olunur","status":"publish","type":"post","link":"https:\/\/www.meydan.tv\/az\/article\/regional-medeniyyet-idaresinin-reisi-saxtakarliqda-ittiham-olunur\/","title":{"rendered":"Regional M\u0259d\u0259niyy\u0259t \u0130dar\u0259sinin r\u0259isi saxtakarl\u0131qda ittiham olunur"},"content":{"rendered":"\n<p><\/p>\n\n\n\n<p><strong><em>Sabiq icra ba\u015f\u00e7\u0131s\u0131n\u0131n o\u011flu U\u015faq \u0130nc\u0259s\u0259n\u0259t M\u0259kt\u0259binin direktorunun \u0259m\u0259k kitab\u00e7as\u0131n\u0131 saxtala\u015fd\u0131rmaqda, r\u0259smi m\u00fcqavil\u0259ni yox el\u0259m\u0259kd\u0259 g\u00fcnahland\u0131r\u0131l\u0131r<\/em><\/strong><\/p>\n\n\n\n<p>A\u011fcab\u0259di \u015f\u0259h\u0259r \u00dczeyir Hac\u0131b\u0259yli ad\u0131na U\u015faq \u0130nc\u0259s\u0259n\u0259t M\u0259kt\u0259binin ke\u00e7mi\u015f direktoru Sevda Mal\u0131\u015fova deyir ki, saxtakarl\u0131q n\u0259tic\u0259sind\u0259 i\u015fd\u0259n \u00e7\u0131xar\u0131l\u0131b. Onun s\u00f6zl\u0259rin\u0259 g\u00f6r\u0259, \u0259m\u0259k m\u00fcqavil\u0259sini d\u0259 saxtala\u015fd\u0131r\u0131blar, \u0259m\u0259k kitab\u00e7as\u0131n\u0131 da qaralay\u0131blar. M\u0259qs\u0259d is\u0259 n\u0259 olursa olsun, onu i\u015fd\u0259n \u00e7\u0131xarmaq olub&#8230;<\/p>\n\n\n\n<p>\u201c<strong>O m\u00fcqavil\u0259ni g\u00f6z\u00fcm\u00fcn qaba\u011f\u0131nda c\u0131r\u0131b atd\u0131&#8230;\u201d<\/strong><\/p>\n\n\n\n<p>Sevda Mal\u0131\u015fova saxtakarl\u0131\u011fa g\u00f6r\u0259 A\u011fcab\u0259di Regional M\u0259d\u0259niyy\u0259t \u0130dar\u0259sinin r\u0259isi Qalib H\u0259s\u0259novu ittiham edir.<\/p>\n\n\n\n<p>R\u0259smi s\u0259n\u0259dl\u0259r\u0259 g\u00f6r\u0259, Sevda Mal\u0131\u015fova 2021-ci il oktyabr\u0131n 21-d\u0259 \u0259m\u0259k m\u00fcqavil\u0259sinin m\u00fcdd\u0259ti ba\u015fa \u00e7atd\u0131\u011f\u0131na g\u00f6r\u0259 i\u015fd\u0259n azad edilib. \u0130ddia olunub ki, ya\u015f h\u0259ddi il\u0259 \u0259laq\u0259dar M\u0259d\u0259niyy\u0259t Nazirliyi m\u00fcqavil\u0259ni uzatma\u011fa raz\u0131l\u0131q verm\u0259yib.<\/p>\n\n\n\n<p>Daha do\u011frusu, m\u00fcqavil\u0259 m\u00fcdd\u0259ti sentyabrda bitib. Regional idar\u0259 \u00f6z\u00fc m\u00fcqavil\u0259ni 1 ayl\u0131q uzad\u0131b, bu m\u00fcdd\u0259td\u0259 nazirliy\u0259 sor\u011fu g\u00f6nd\u0259rib. Lakin nazirlikd\u0259n \u201cyox\u201d cavab\u0131 g\u0259ldiyin\u0259 g\u00f6r\u0259 oktyabrda i\u015fd\u0259n \u00e7\u0131xar\u0131l\u0131b.<\/p>\n\n\n<div class=\"wp-block-image\">\n<figure class=\"alignleft size-large is-resized\"><img decoding=\"async\" width=\"1200\" height=\"800\" data-src=\"https:\/\/www.meydan.tv\/wp-content\/uploads\/untitled-1500-x-1000-px-2-4-1200x800.jpg\" alt=\"\" class=\"wp-image-289096 lazyload\" style=\"--smush-placeholder-width: 1200px; --smush-placeholder-aspect-ratio: 1200\/800;aspect-ratio:1.5;width:372px;height:auto\" src=\"data:image\/svg+xml;base64,PHN2ZyB3aWR0aD0iMSIgaGVpZ2h0PSIxIiB4bWxucz0iaHR0cDovL3d3dy53My5vcmcvMjAwMC9zdmciPjwvc3ZnPg==\" \/><figcaption class=\"wp-element-caption\">Sevda Mal\u0131\u015fova<\/figcaption><\/figure>\n<\/div>\n\n\n<p>Sevda Mal\u0131\u015fova is\u0259 bildirir ki, yaland\u0131r, onun m\u00fcqavil\u0259si 2022-ci ilin aprelind\u0259 ba\u015fa \u00e7at\u0131rd\u0131. \u00c7\u00fcnki 2021-ci ilin sentyabr\u0131nda onunla ba\u011flanm\u0131\u015f m\u00fcqavil\u0259nin m\u00fcdd\u0259ti 2022-ci il aprelin 17-n\u0259 q\u0259d\u0259r idi:<\/p>\n\n\n\n<p>\u201c<em>M\u0259ni i\u015fd\u0259n azad el\u0259y\u0259nd\u0259 h\u0259min m\u00fcqavil\u0259ni g\u00f6z\u00fcm\u00fcn qar\u015f\u0131s\u0131nda c\u0131r\u0131b atd\u0131&#8230;\u201d.<\/em><\/p>\n\n\n\n<p><\/p>\n\n\n\n<p><\/p>\n\n\n\n<p>\u201c<strong>\u018fm\u0259kdar m\u0259d\u0259niyy\u0259t i\u015f\u00e7isiy\u0259m, bel\u0259 saxtakarl\u0131qla \u00fczl\u0259\u015fm\u0259k m\u0259n\u0259 z\u0259rb\u0259dir\u201d<\/strong><\/p>\n\n\n\n<p>Lakin D\u00f6vl\u0259t \u018fm\u0259k M\u00fcf\u0259tti\u015fliyi Xidm\u0259tinin B\u0259rd\u0259 Regional \u018frazi \u015e\u00f6b\u0259si d\u0259 sor\u011fuya cavab m\u0259ktubunda Sevda Mal\u0131\u015fova il\u0259 m\u00fcqavil\u0259 m\u00fcdd\u0259tinin 2022-ci ilin aprelind\u0259 ba\u015fa \u00e7atd\u0131\u011f\u0131n\u0131 t\u0259sdiql\u0259yib.<\/p>\n\n\n\n<p>Ke\u00e7mi\u015f direktor deyir ki, bu m\u0259s\u0259l\u0259ni \u00f6rt-basd\u0131r el\u0259m\u0259kd\u0259n \u00f6tr\u00fc \u0259m\u0259k kitab\u00e7as\u0131n\u0131 da qaralay\u0131blar.<\/p>\n\n\n\n<p>Sevda Mal\u0131\u015fova A\u011fcab\u0259di Regional M\u0259d\u0259niyy\u0259t \u0130dar\u0259sin\u0259 m\u0259xsus \u0259mr kitab\u0131na m\u00fcdaxil\u0259 v\u0259 pozuntular, 1 ayl\u0131q m\u00fcqavil\u0259nin saxta olmas\u0131 v\u0259 s. iddialar\u0131n ara\u015fd\u0131r\u0131lmas\u0131, bu hallar t\u0259sdiqini tapd\u0131\u011f\u0131 halda, h\u0259min \u0259m\u0259ll\u0259r\u0259 yol ver\u0259n \u015f\u0259xsl\u0259r haqq\u0131nda x\u00fcsusi q\u0259rardad \u00e7\u0131xar\u0131lmas\u0131 t\u0259l\u0259biyl\u0259 m\u0259hk\u0259m\u0259y\u0259 \u00fcz tutub. Xocav\u0259nd Rayon M\u0259hk\u0259m\u0259sind\u0259 qald\u0131rd\u0131\u011f\u0131 iddia \u0259riz\u0259sind\u0259, o, h\u0259m\u00e7inin m\u0259n\u0259vi ziyana g\u00f6r\u0259 100 min manat t\u0259zminat tutulub, Heyd\u0259r \u018fliyev Fonduna v\u0259 \u201cYa\u015fat\u201d Fonduna y\u00f6n\u0259ldilm\u0259sini ist\u0259yib.<\/p>\n\n\n\n<p><em>\u201c7 ay m\u00fcdd\u0259ti olan \u0259m\u0259k m\u00fcqavil\u0259sini saxtakarl\u0131qla yox el\u0259m\u0259k \u00e7ox ciddi saxtakarl\u0131qd\u0131r, qanun pozuntusudur. Regional M\u0259d\u0259niyy\u0259t \u0130dar\u0259sinin r\u0259isinin m\u0259niml\u0259 ba\u011fl\u0131 \u0259mri l\u0259\u011fv olunmal\u0131d\u0131r. M\u0259n 24 ild\u0259n \u00e7ox q\u00fcsursuz i\u015fl\u0259mi\u015f\u0259m. M\u0259d\u0259niyy\u0259t nazirinin \u0259mril\u0259 2015-ci ild\u0259 \u201cF\u0259xri m\u0259d\u0259niyy\u0259t i\u015f\u00e7isi\u201d ad\u0131 alm\u0131\u015fam. 2018-ci ild\u0259 Prezidentin f\u0259rman\u0131yla \u201c\u018fm\u0259kdar m\u0259d\u0259niyy\u0259t i\u015f\u00e7isi\u201d f\u0259xri ad\u0131yla t\u0259ltif olunmu\u015fam. \u0130ndi bel\u0259 bir saxtakarl\u0131qla \u00fczl\u0259\u015fm\u0259k \u00e7ox b\u00f6y\u00fck z\u0259rb\u0259dir\u201d, <\/em>&#8211; Sevda Mal\u0131\u015fovan\u0131n s\u00f6zl\u0259ridir.<\/p>\n\n\n\n<p><strong>Regional M\u0259d\u0259niyy\u0259t \u0130dar\u0259si: \u201cYa\u015f h\u0259ddin\u0259 g\u00f6r\u0259 nazirlik m\u00fcqavil\u0259ni uzatma\u011fa raz\u0131l\u0131q verm\u0259yib\u201d<\/strong><\/p>\n\n\n\n<p>Cavabdeh t\u0259r\u0259f &#8211; A\u011fcab\u0259di Regional M\u0259d\u0259niyy\u0259t \u0130dar\u0259si ke\u00e7mi\u015f direktorun iddias\u0131na etiraz edib. Etiraz\u0131nda g\u00f6st\u0259rib ki, Sevda Mal\u0131\u015fovan\u0131n i\u015fd\u0259n \u00e7\u0131xar\u0131lmas\u0131n\u0131n s\u0259b\u0259bi onun m\u00fcqavil\u0259 m\u00fcdd\u0259tinin bitm\u0259si olub:<\/p>\n\n\n\n<p><em>\u201cOnun i\u015fl\u0259diyi m\u00fc\u0259ssis\u0259 d\u00f6vl\u0259t b\u00fcdc\u0259sind\u0259n maliyy\u0259l\u0259\u015fir. M\u00fcqavil\u0259sin\u0259 xitam veril\u0259rk\u0259n o, art\u0131q d\u00f6vl\u0259t b\u00fcdc\u0259sind\u0259n maliyy\u0259l\u0259\u015f\u0259n m\u00fc\u0259ssis\u0259l\u0259rd\u0259 \u00e7al\u0131\u015fman\u0131n son ya\u015f h\u0259ddin\u0259 \u00e7atm\u0131\u015fd\u0131. Qanunvericilik burada m\u00fcqavil\u0259 m\u00fcdd\u0259tinin uzad\u0131lmas\u0131n\u0131 m\u00fc\u0259yy\u0259n edil\u0259n \u015f\u0259rtl\u0259rl\u0259 ehtiva edir. Y\u0259ni burada sonrak\u0131 gedi\u015fat yuxar\u0131 orqan olan M\u0259d\u0259niyy\u0259t Nazirliyinin raz\u0131l\u0131\u011f\u0131ndan as\u0131l\u0131d\u0131r. M\u0259hk\u0259m\u0259y\u0259 t\u0259qdim olunan s\u0259n\u0259dl\u0259rd\u0259n d\u0259 g\u00f6r\u00fcnd\u00fcy\u00fc kimi, nazirlik buna raz\u0131l\u0131q verm\u0259yib. \u0130ddia\u00e7\u0131n\u0131n m\u00fcqavil\u0259sinin 1 ay uzad\u0131lmas\u0131na s\u0259b\u0259b is\u0259 nazirlikd\u0259n r\u0259smi cavab m\u0259ktubunun g\u00f6zl\u0259nilm\u0259si olub\u201d.<\/em><\/p>\n\n\n<div class=\"wp-block-image\">\n<figure class=\"alignright size-large is-resized\"><img decoding=\"async\" width=\"610\" height=\"821\" data-src=\"https:\/\/www.meydan.tv\/wp-content\/uploads\/photo-2023-10-28-21-05-06-610x821.jpg\" alt=\"\" class=\"wp-image-289090 lazyload\" style=\"--smush-placeholder-width: 610px; --smush-placeholder-aspect-ratio: 610\/821;aspect-ratio:0.7429963459196103;width:368px;height:auto\" src=\"data:image\/svg+xml;base64,PHN2ZyB3aWR0aD0iMSIgaGVpZ2h0PSIxIiB4bWxucz0iaHR0cDovL3d3dy53My5vcmcvMjAwMC9zdmciPjwvc3ZnPg==\" \/><\/figure>\n<\/div>\n\n\n<p>Xocav\u0259nd Rayon M\u0259hk\u0259m\u0259si Sevda Mal\u0131\u015fovan\u0131n iddias\u0131n\u0131 t\u0259min el\u0259m\u0259yib. Apelyasiya instansiyas\u0131 da bu q\u0259rar\u0131 q\u00fcvv\u0259d\u0259 saxlay\u0131b. Amma Ali M\u0259hk\u0259m\u0259 i\u015fi geri qaytar\u0131b. Hesab edib ki, sabiq direktorun dediyi kimi, \u0259m\u0259k m\u00fcqavil\u0259si v\u0259 \u0259m\u0259k kitab\u00e7as\u0131na m\u00fcdaxil\u0259 hallar\u0131 a\u00e7\u0131q-a\u015fkar ortada oldu\u011fu halda, a\u015fa\u011f\u0131 instansiya m\u0259hk\u0259m\u0259l\u0259ri buna qiym\u0259t verm\u0259yib. \u0130\u015f \u015eirvan Apelyasiya M\u0259hk\u0259m\u0259sin\u0259 g\u00f6nd\u0259rilib ki, yenid\u0259n ara\u015fd\u0131rma apar\u0131ls\u0131n.<\/p>\n\n\n\n<p>T\u0259krar ara\u015fd\u0131rma zaman\u0131 Regional M\u0259d\u0259niyy\u0259t \u0130dar\u0259sinin r\u0259isi Qalib H\u0259s\u0259nov da m\u0259hk\u0259m\u0259d\u0259 dindirilib. O iddia edib ki, Sevda Mal\u0131\u015fovan\u0131n U\u015faq \u0130nc\u0259s\u0259n\u0259t M\u0259kt\u0259bind\u0259 i\u015fl\u0259diyi d\u00f6vrd\u0259 yeyintiy\u0259 yol verm\u0259sil\u0259 \u0259laq\u0259dar prokurorluqda cinay\u0259t i\u015fi ba\u015flan\u0131b. Onun s\u00f6zl\u0259rin\u0259 g\u00f6r\u0259, Sevda Mal\u0131\u015fovan\u0131n \u015fikay\u0259ti t\u0259min oluna bilm\u0259z.<\/p>\n\n\n\n<p><strong>Ekspertiza da saxtala\u015fd\u0131rman\u0131 t\u0259sdiql\u0259yib<\/strong><\/p>\n\n\n\n<p>M\u0259hk\u0259m\u0259 ara\u015fd\u0131rmalar\u0131 zaman\u0131 ekspertiza t\u0259yin olunub v\u0259 ekspertl\u0259r d\u0259 r\u0259y verib ki, \u201c\u018fm\u0259k kitab\u00e7as\u0131\u201dnda \u0259vv\u0259l \u201c17 aprel 2022-ci\u201d yaz\u0131s\u0131 olub. Sonradan a\u011fard\u0131c\u0131 boya \u00e7\u0259kilib v\u0259 \u00fcst\u00fcnd\u0259n ba\u015fqa yaz\u0131 yaz\u0131l\u0131b.<\/p>\n\n\n\n<p>M\u0259hk\u0259m\u0259d\u0259 \u0259m\u0259k m\u00fcqavil\u0259sinin 2021-ci ilin oktyabr\u0131nda yox, 2022-ci ilin aprelind\u0259 bitm\u0259si, \u0259m\u0259k kitab\u00e7as\u0131na m\u00fcdaxil\u0259 edilib, tarixin saxtala\u015fd\u0131r\u0131lmas\u0131 kimi hallar t\u0259sdiql\u0259nib. \u015eirvan Apelyasiya M\u0259hk\u0259m\u0259sind\u0259 Samir May\u0131lovun s\u0259drlik etdiyi hakiml\u0259r kollegiyas\u0131 q\u0259rar\u0131nda da bunlar\u0131 yaz\u0131b, amma Sevda Mal\u0131\u015fovan\u0131n \u015fikay\u0259tini t\u0259min etm\u0259yib. He\u00e7 saxtakarl\u0131\u011fa yol ver\u0259n \u015f\u0259xsl\u0259rin \u0259m\u0259ll\u0259rin\u0259 d\u0259 m\u0259hk\u0259m\u0259 m\u00fcnasib\u0259t bildirm\u0259yib. Bu \u00fczd\u0259n q\u0259rardan naraz\u0131 qalan 68 ya\u015fl\u0131 Sevda Mal\u0131\u015fova yenid\u0259n Ali M\u0259hk\u0259m\u0259y\u0259 \u015fikay\u0259t el\u0259m\u0259k niyy\u0259tind\u0259dir:<\/p>\n\n\n\n<p><em>\u201cA\u00e7\u0131q-a\u015fkar ortada saxtakarl\u0131q faktlar\u0131 var, m\u0259hk\u0259m\u0259 buna m\u00fcnasib\u0259t bildirmir, bu, n\u0259 dem\u0259kdir? T\u0259sdiql\u0259yir ki, bu hallar olub, amma \u015fikay\u0259ti t\u0259min el\u0259mir. \u00c7ox \u0259dal\u0259tsiz q\u0259rard\u0131r\u201d.<\/em><\/p>\n\n\n\n<p>Sevda Mal\u0131\u015fovan\u0131n v\u0259kili B\u0259xtiyar Hac\u0131yev d\u0259 hesab edir ki, bu q\u0259rarda yaz\u0131lanlarla n\u00fcmay\u0259nd\u0259si oldu\u011fu \u015f\u0259xsin t\u0259qsirsizlik prezumpsiyas\u0131 h\u00fcququ pozulub. V\u0259kil deyir ki, \u015eirvan Apelyasiya M\u0259hk\u0259m\u0259si Sevda Mal\u0131\u015fovan\u0131n \u0259m\u0259k h\u00fcquqlar\u0131n\u0131n pozulmas\u0131 m\u0259s\u0259l\u0259sin\u0259 bax\u0131rd\u0131. O m\u0259s\u0259l\u0259d\u0259 d\u0259 haql\u0131 oldu\u011fu t\u0259sdiql\u0259ns\u0259 d\u0259, tamam ba\u015fqa bir m\u0259s\u0259l\u0259d\u0259n sui-istifad\u0259 edib, \u0259leyhin\u0259 q\u0259rar verildi:<\/p>\n\n\n\n<p><em>\u201c\u018fvv\u0259la, prokurorluqdak\u0131 cinay\u0259t i\u015fi fakt \u00fczr\u0259dir. \u0130kincisi, h\u0259min m\u0259s\u0259l\u0259nin bu i\u015f\u0259 aidiyy\u0259ti yoxdur. Burada Sevda xan\u0131m\u0131n \u0259m\u0259k m\u00fcqavil\u0259sin\u0259 xitam verilm\u0259si m\u0259s\u0259l\u0259sinin qanuni olub-olmamas\u0131 ara\u015fd\u0131r\u0131l\u0131rd\u0131. Sevda xan\u0131m t\u0259qsirl\u0259ndiril\u0259n \u015f\u0259xs deyil, haqq\u0131nda qanuni q\u00fcvv\u0259y\u0259 minmi\u015f ittiham h\u00f6km\u00fc yoxdur. Hans\u0131 \u0259sasla ona istinad edib, \u0259leyhin\u0259 q\u0259rar \u00e7\u0131xard\u0131, anlamaq olmur&#8230;\u201d.<\/em><\/p>\n\n\n\n<p>Sevda Mal\u0131\u015fova Ali M\u0259hk\u0259m\u0259nin s\u0259dri \u0130nam K\u0259rimovun q\u0259buluna ged\u0259c\u0259yini, \u015eivan Apelyasiya M\u0259hk\u0259m\u0259sinin hakiml\u0259rinin bel\u0259 bir q\u0259rar \u00e7\u0131xarmalar\u0131 haqda onu m\u0259lumatland\u0131raca\u011f\u0131n\u0131 deyir. O, h\u0259m\u00e7inin Prezidentin h\u00fcquq-m\u00fchafiz\u0259 orqanlar\u0131yla i\u015f \u00fczr\u0259 k\u00f6m\u0259k\u00e7isi Fuad \u018fl\u0259sg\u0259rovun da q\u0259buluna yaz\u0131l\u0131b.<\/p>\n\n\n\n<p>S\u0259n\u0259dl\u0259ri saxtala\u015fd\u0131rmaqda ittiham olunan Regional M\u0259d\u0259niyy\u0259t \u0130dar\u0259sinin r\u0259isi Qalib H\u0259s\u0259novun atas\u0131 \u015eamil H\u0259s\u0259nov 1994-2005-ci ill\u0259rd\u0259 A\u011fcab\u0259di rayon \u0130cra Hakimiyy\u0259tinin ba\u015f\u00e7\u0131s\u0131 olub.<\/p>\n","protected":false},"excerpt":{"rendered":"<p>Sabiq icra ba\u015f\u00e7\u0131s\u0131n\u0131n o\u011flu U\u015faq \u0130nc\u0259s\u0259n\u0259t M\u0259kt\u0259binin direktorunun \u0259m\u0259k kitab\u00e7as\u0131n\u0131 &#8230; <\/p>\n<p class=\"read-more-container\"><a title=\"Regional M\u0259d\u0259niyy\u0259t \u0130dar\u0259sinin r\u0259isi saxtakarl\u0131qda ittiham olunur\" class=\"read-more button\" href=\"https:\/\/www.meydan.tv\/az\/article\/regional-medeniyyet-idaresinin-reisi-saxtakarliqda-ittiham-olunur\/#more-289099\" aria-label=\"Read more about Regional M\u0259d\u0259niyy\u0259t \u0130dar\u0259sinin r\u0259isi saxtakarl\u0131qda ittiham olunur\">Davam\u0131<\/a><\/p>\n","protected":false},"author":8,"featured_media":289093,"comment_status":"closed","ping_status":"closed","sticky":false,"template":"","format":"standard","meta":{"_acf_changed":false,"_sitemap_exclude":false,"_sitemap_priority":"","_sitemap_frequency":"","footnotes":""},"categories":[60,56],"tags":[],"class_list":["post-289099","post","type-post","status-publish","format-standard","has-post-thumbnail","hentry","category-bolge","category-xeberler","infinite-scroll-item","generate-columns","tablet-grid-50","mobile-grid-100","grid-parent","grid-33","no-featured-image-padding"],"acf":[],"yoast_head":"<!-- This site is optimized with the Yoast SEO plugin v27.4 - https:\/\/yoast.com\/product\/yoast-seo-wordpress\/ -->\n<title>Regional M\u0259d\u0259niyy\u0259t \u0130dar\u0259sinin r\u0259isi saxtakarl\u0131qda ittiham olunur - MEYDAN.TV<\/title>\n<meta name=\"robots\" content=\"index, follow, max-snippet:-1, max-image-preview:large, max-video-preview:-1\" \/>\n<link rel=\"canonical\" href=\"https:\/\/www.meydan.tv\/az\/article\/regional-medeniyyet-idaresinin-reisi-saxtakarliqda-ittiham-olunur\/\" \/>\n<meta property=\"og:locale\" content=\"az_AZ\" \/>\n<meta property=\"og:type\" content=\"article\" \/>\n<meta property=\"og:title\" content=\"Regional M\u0259d\u0259niyy\u0259t \u0130dar\u0259sinin r\u0259isi saxtakarl\u0131qda ittiham olunur - MEYDAN.TV\" \/>\n<meta property=\"og:description\" content=\"Sabiq icra ba\u015f\u00e7\u0131s\u0131n\u0131n o\u011flu U\u015faq \u0130nc\u0259s\u0259n\u0259t M\u0259kt\u0259binin direktorunun \u0259m\u0259k kitab\u00e7as\u0131n\u0131 ... Davam\u0131\" \/>\n<meta property=\"og:url\" content=\"https:\/\/www.meydan.tv\/az\/article\/regional-medeniyyet-idaresinin-reisi-saxtakarliqda-ittiham-olunur\/\" \/>\n<meta property=\"og:site_name\" content=\"MEYDAN.TV\" \/>\n<meta property=\"article:published_time\" content=\"2023-10-29T07:52:35+00:00\" \/>\n<meta property=\"article:modified_time\" content=\"2023-10-29T07:52:41+00:00\" \/>\n<meta property=\"og:image\" content=\"https:\/\/www.meydan.tv\/wp-content\/uploads\/untitled-1500-x-1000-px-1-4.jpg\" \/>\n\t<meta property=\"og:image:width\" content=\"1500\" \/>\n\t<meta property=\"og:image:height\" content=\"1000\" \/>\n\t<meta property=\"og:image:type\" content=\"image\/jpeg\" \/>\n<meta name=\"author\" content=\"elli\" \/>\n<meta name=\"twitter:card\" content=\"summary_large_image\" \/>\n<meta name=\"twitter:creator\" content=\"@elli\" \/>\n<script type=\"application\/ld+json\" class=\"yoast-schema-graph\">{\"@context\":\"https:\\\/\\\/schema.org\",\"@graph\":[{\"@type\":\"Article\",\"@id\":\"https:\\\/\\\/www.meydan.tv\\\/az\\\/article\\\/regional-medeniyyet-idaresinin-reisi-saxtakarliqda-ittiham-olunur\\\/#article\",\"isPartOf\":{\"@id\":\"https:\\\/\\\/www.meydan.tv\\\/az\\\/article\\\/regional-medeniyyet-idaresinin-reisi-saxtakarliqda-ittiham-olunur\\\/\"},\"author\":{\"name\":\"elli\",\"@id\":\"https:\\\/\\\/www.meydan.tv\\\/az\\\/#\\\/schema\\\/person\\\/9cdbecf90d17180ce1dfbd95b08dcf47\"},\"headline\":\"Regional M\u0259d\u0259niyy\u0259t \u0130dar\u0259sinin r\u0259isi saxtakarl\u0131qda ittiham olunur\",\"datePublished\":\"2023-10-29T07:52:35+00:00\",\"dateModified\":\"2023-10-29T07:52:41+00:00\",\"mainEntityOfPage\":{\"@id\":\"https:\\\/\\\/www.meydan.tv\\\/az\\\/article\\\/regional-medeniyyet-idaresinin-reisi-saxtakarliqda-ittiham-olunur\\\/\"},\"wordCount\":1529,\"publisher\":{\"@id\":\"https:\\\/\\\/www.meydan.tv\\\/az\\\/#organization\"},\"image\":{\"@id\":\"https:\\\/\\\/www.meydan.tv\\\/az\\\/article\\\/regional-medeniyyet-idaresinin-reisi-saxtakarliqda-ittiham-olunur\\\/#primaryimage\"},\"thumbnailUrl\":\"https:\\\/\\\/www.meydan.tv\\\/wp-content\\\/uploads\\\/untitled-1500-x-1000-px-1-4.jpg\",\"articleSection\":[\"B\u00f6lg\u0259\",\"X\u0259b\u0259rl\u0259r\"],\"inLanguage\":\"az\"},{\"@type\":\"WebPage\",\"@id\":\"https:\\\/\\\/www.meydan.tv\\\/az\\\/article\\\/regional-medeniyyet-idaresinin-reisi-saxtakarliqda-ittiham-olunur\\\/\",\"url\":\"https:\\\/\\\/www.meydan.tv\\\/az\\\/article\\\/regional-medeniyyet-idaresinin-reisi-saxtakarliqda-ittiham-olunur\\\/\",\"name\":\"Regional M\u0259d\u0259niyy\u0259t \u0130dar\u0259sinin r\u0259isi saxtakarl\u0131qda ittiham olunur - MEYDAN.TV\",\"isPartOf\":{\"@id\":\"https:\\\/\\\/www.meydan.tv\\\/az\\\/#website\"},\"primaryImageOfPage\":{\"@id\":\"https:\\\/\\\/www.meydan.tv\\\/az\\\/article\\\/regional-medeniyyet-idaresinin-reisi-saxtakarliqda-ittiham-olunur\\\/#primaryimage\"},\"image\":{\"@id\":\"https:\\\/\\\/www.meydan.tv\\\/az\\\/article\\\/regional-medeniyyet-idaresinin-reisi-saxtakarliqda-ittiham-olunur\\\/#primaryimage\"},\"thumbnailUrl\":\"https:\\\/\\\/www.meydan.tv\\\/wp-content\\\/uploads\\\/untitled-1500-x-1000-px-1-4.jpg\",\"datePublished\":\"2023-10-29T07:52:35+00:00\",\"dateModified\":\"2023-10-29T07:52:41+00:00\",\"breadcrumb\":{\"@id\":\"https:\\\/\\\/www.meydan.tv\\\/az\\\/article\\\/regional-medeniyyet-idaresinin-reisi-saxtakarliqda-ittiham-olunur\\\/#breadcrumb\"},\"inLanguage\":\"az\",\"potentialAction\":[{\"@type\":\"ReadAction\",\"target\":[\"https:\\\/\\\/www.meydan.tv\\\/az\\\/article\\\/regional-medeniyyet-idaresinin-reisi-saxtakarliqda-ittiham-olunur\\\/\"]}]},{\"@type\":\"ImageObject\",\"inLanguage\":\"az\",\"@id\":\"https:\\\/\\\/www.meydan.tv\\\/az\\\/article\\\/regional-medeniyyet-idaresinin-reisi-saxtakarliqda-ittiham-olunur\\\/#primaryimage\",\"url\":\"https:\\\/\\\/www.meydan.tv\\\/wp-content\\\/uploads\\\/untitled-1500-x-1000-px-1-4.jpg\",\"contentUrl\":\"https:\\\/\\\/www.meydan.tv\\\/wp-content\\\/uploads\\\/untitled-1500-x-1000-px-1-4.jpg\",\"width\":1500,\"height\":1000,\"caption\":\"A\u011fcab\u0259di \u015f\u0259h\u0259r \u00dczeyir Hac\u0131b\u0259yli ad\u0131na U\u015faq \u0130nc\u0259s\u0259n\u0259t M\u0259kt\u0259bi. Foto: \\\"edulist.az\\\"\"},{\"@type\":\"BreadcrumbList\",\"@id\":\"https:\\\/\\\/www.meydan.tv\\\/az\\\/article\\\/regional-medeniyyet-idaresinin-reisi-saxtakarliqda-ittiham-olunur\\\/#breadcrumb\",\"itemListElement\":[{\"@type\":\"ListItem\",\"position\":1,\"name\":\"Ana s\u0259hif\u0259\",\"item\":\"https:\\\/\\\/www.meydan.tv\\\/az\\\/\"},{\"@type\":\"ListItem\",\"position\":2,\"name\":\"B\u00f6lg\u0259\",\"item\":\"https:\\\/\\\/www.meydan.tv\\\/az\\\/section\\\/bolge\\\/\"},{\"@type\":\"ListItem\",\"position\":3,\"name\":\"Regional M\u0259d\u0259niyy\u0259t \u0130dar\u0259sinin r\u0259isi saxtakarl\u0131qda ittiham olunur\"}]},{\"@type\":\"WebSite\",\"@id\":\"https:\\\/\\\/www.meydan.tv\\\/az\\\/#website\",\"url\":\"https:\\\/\\\/www.meydan.tv\\\/az\\\/\",\"name\":\"MEYDAN.TV\",\"description\":\"Meydan TV Az\u0259rbaycan\u0131n media m\u0259kan\u0131ndak\u0131 alternativ s\u0259sidir\",\"publisher\":{\"@id\":\"https:\\\/\\\/www.meydan.tv\\\/az\\\/#organization\"},\"potentialAction\":[{\"@type\":\"SearchAction\",\"target\":{\"@type\":\"EntryPoint\",\"urlTemplate\":\"https:\\\/\\\/www.meydan.tv\\\/az\\\/?s={search_term_string}\"},\"query-input\":{\"@type\":\"PropertyValueSpecification\",\"valueRequired\":true,\"valueName\":\"search_term_string\"}}],\"inLanguage\":\"az\"},{\"@type\":\"Organization\",\"@id\":\"https:\\\/\\\/www.meydan.tv\\\/az\\\/#organization\",\"name\":\"Meydan TV\",\"url\":\"https:\\\/\\\/www.meydan.tv\\\/az\\\/\",\"logo\":{\"@type\":\"ImageObject\",\"inLanguage\":\"az\",\"@id\":\"https:\\\/\\\/www.meydan.tv\\\/az\\\/#\\\/schema\\\/logo\\\/image\\\/\",\"url\":\"https:\\\/\\\/www.meydan.tv\\\/wp-content\\\/uploads\\\/2021\\\/07\\\/meydan-logo.svg\",\"contentUrl\":\"https:\\\/\\\/www.meydan.tv\\\/wp-content\\\/uploads\\\/2021\\\/07\\\/meydan-logo.svg\",\"width\":195,\"height\":46,\"caption\":\"Meydan TV\"},\"image\":{\"@id\":\"https:\\\/\\\/www.meydan.tv\\\/az\\\/#\\\/schema\\\/logo\\\/image\\\/\"}},{\"@type\":\"Person\",\"@id\":\"https:\\\/\\\/www.meydan.tv\\\/az\\\/#\\\/schema\\\/person\\\/9cdbecf90d17180ce1dfbd95b08dcf47\",\"name\":\"elli\",\"sameAs\":[\"https:\\\/\\\/x.com\\\/elli\"]}]}<\/script>\n<!-- \/ Yoast SEO plugin. -->","yoast_head_json":{"title":"Regional M\u0259d\u0259niyy\u0259t \u0130dar\u0259sinin r\u0259isi saxtakarl\u0131qda ittiham olunur - MEYDAN.TV","robots":{"index":"index","follow":"follow","max-snippet":"max-snippet:-1","max-image-preview":"max-image-preview:large","max-video-preview":"max-video-preview:-1"},"canonical":"https:\/\/www.meydan.tv\/az\/article\/regional-medeniyyet-idaresinin-reisi-saxtakarliqda-ittiham-olunur\/","og_locale":"az_AZ","og_type":"article","og_title":"Regional M\u0259d\u0259niyy\u0259t \u0130dar\u0259sinin r\u0259isi saxtakarl\u0131qda ittiham olunur - MEYDAN.TV","og_description":"Sabiq icra ba\u015f\u00e7\u0131s\u0131n\u0131n o\u011flu U\u015faq \u0130nc\u0259s\u0259n\u0259t M\u0259kt\u0259binin direktorunun \u0259m\u0259k kitab\u00e7as\u0131n\u0131 ... Davam\u0131","og_url":"https:\/\/www.meydan.tv\/az\/article\/regional-medeniyyet-idaresinin-reisi-saxtakarliqda-ittiham-olunur\/","og_site_name":"MEYDAN.TV","article_published_time":"2023-10-29T07:52:35+00:00","article_modified_time":"2023-10-29T07:52:41+00:00","og_image":[{"width":1500,"height":1000,"url":"https:\/\/www.meydan.tv\/wp-content\/uploads\/untitled-1500-x-1000-px-1-4.jpg","type":"image\/jpeg"}],"author":"elli","twitter_card":"summary_large_image","twitter_creator":"@elli","schema":{"@context":"https:\/\/schema.org","@graph":[{"@type":"Article","@id":"https:\/\/www.meydan.tv\/az\/article\/regional-medeniyyet-idaresinin-reisi-saxtakarliqda-ittiham-olunur\/#article","isPartOf":{"@id":"https:\/\/www.meydan.tv\/az\/article\/regional-medeniyyet-idaresinin-reisi-saxtakarliqda-ittiham-olunur\/"},"author":{"name":"elli","@id":"https:\/\/www.meydan.tv\/az\/#\/schema\/person\/9cdbecf90d17180ce1dfbd95b08dcf47"},"headline":"Regional M\u0259d\u0259niyy\u0259t \u0130dar\u0259sinin r\u0259isi saxtakarl\u0131qda ittiham olunur","datePublished":"2023-10-29T07:52:35+00:00","dateModified":"2023-10-29T07:52:41+00:00","mainEntityOfPage":{"@id":"https:\/\/www.meydan.tv\/az\/article\/regional-medeniyyet-idaresinin-reisi-saxtakarliqda-ittiham-olunur\/"},"wordCount":1529,"publisher":{"@id":"https:\/\/www.meydan.tv\/az\/#organization"},"image":{"@id":"https:\/\/www.meydan.tv\/az\/article\/regional-medeniyyet-idaresinin-reisi-saxtakarliqda-ittiham-olunur\/#primaryimage"},"thumbnailUrl":"https:\/\/www.meydan.tv\/wp-content\/uploads\/untitled-1500-x-1000-px-1-4.jpg","articleSection":["B\u00f6lg\u0259","X\u0259b\u0259rl\u0259r"],"inLanguage":"az"},{"@type":"WebPage","@id":"https:\/\/www.meydan.tv\/az\/article\/regional-medeniyyet-idaresinin-reisi-saxtakarliqda-ittiham-olunur\/","url":"https:\/\/www.meydan.tv\/az\/article\/regional-medeniyyet-idaresinin-reisi-saxtakarliqda-ittiham-olunur\/","name":"Regional M\u0259d\u0259niyy\u0259t \u0130dar\u0259sinin r\u0259isi saxtakarl\u0131qda ittiham olunur - MEYDAN.TV","isPartOf":{"@id":"https:\/\/www.meydan.tv\/az\/#website"},"primaryImageOfPage":{"@id":"https:\/\/www.meydan.tv\/az\/article\/regional-medeniyyet-idaresinin-reisi-saxtakarliqda-ittiham-olunur\/#primaryimage"},"image":{"@id":"https:\/\/www.meydan.tv\/az\/article\/regional-medeniyyet-idaresinin-reisi-saxtakarliqda-ittiham-olunur\/#primaryimage"},"thumbnailUrl":"https:\/\/www.meydan.tv\/wp-content\/uploads\/untitled-1500-x-1000-px-1-4.jpg","datePublished":"2023-10-29T07:52:35+00:00","dateModified":"2023-10-29T07:52:41+00:00","breadcrumb":{"@id":"https:\/\/www.meydan.tv\/az\/article\/regional-medeniyyet-idaresinin-reisi-saxtakarliqda-ittiham-olunur\/#breadcrumb"},"inLanguage":"az","potentialAction":[{"@type":"ReadAction","target":["https:\/\/www.meydan.tv\/az\/article\/regional-medeniyyet-idaresinin-reisi-saxtakarliqda-ittiham-olunur\/"]}]},{"@type":"ImageObject","inLanguage":"az","@id":"https:\/\/www.meydan.tv\/az\/article\/regional-medeniyyet-idaresinin-reisi-saxtakarliqda-ittiham-olunur\/#primaryimage","url":"https:\/\/www.meydan.tv\/wp-content\/uploads\/untitled-1500-x-1000-px-1-4.jpg","contentUrl":"https:\/\/www.meydan.tv\/wp-content\/uploads\/untitled-1500-x-1000-px-1-4.jpg","width":1500,"height":1000,"caption":"A\u011fcab\u0259di \u015f\u0259h\u0259r \u00dczeyir Hac\u0131b\u0259yli ad\u0131na U\u015faq \u0130nc\u0259s\u0259n\u0259t M\u0259kt\u0259bi. Foto: \"edulist.az\""},{"@type":"BreadcrumbList","@id":"https:\/\/www.meydan.tv\/az\/article\/regional-medeniyyet-idaresinin-reisi-saxtakarliqda-ittiham-olunur\/#breadcrumb","itemListElement":[{"@type":"ListItem","position":1,"name":"Ana s\u0259hif\u0259","item":"https:\/\/www.meydan.tv\/az\/"},{"@type":"ListItem","position":2,"name":"B\u00f6lg\u0259","item":"https:\/\/www.meydan.tv\/az\/section\/bolge\/"},{"@type":"ListItem","position":3,"name":"Regional M\u0259d\u0259niyy\u0259t \u0130dar\u0259sinin r\u0259isi saxtakarl\u0131qda ittiham olunur"}]},{"@type":"WebSite","@id":"https:\/\/www.meydan.tv\/az\/#website","url":"https:\/\/www.meydan.tv\/az\/","name":"MEYDAN.TV","description":"Meydan TV Az\u0259rbaycan\u0131n media m\u0259kan\u0131ndak\u0131 alternativ s\u0259sidir","publisher":{"@id":"https:\/\/www.meydan.tv\/az\/#organization"},"potentialAction":[{"@type":"SearchAction","target":{"@type":"EntryPoint","urlTemplate":"https:\/\/www.meydan.tv\/az\/?s={search_term_string}"},"query-input":{"@type":"PropertyValueSpecification","valueRequired":true,"valueName":"search_term_string"}}],"inLanguage":"az"},{"@type":"Organization","@id":"https:\/\/www.meydan.tv\/az\/#organization","name":"Meydan TV","url":"https:\/\/www.meydan.tv\/az\/","logo":{"@type":"ImageObject","inLanguage":"az","@id":"https:\/\/www.meydan.tv\/az\/#\/schema\/logo\/image\/","url":"https:\/\/www.meydan.tv\/wp-content\/uploads\/2021\/07\/meydan-logo.svg","contentUrl":"https:\/\/www.meydan.tv\/wp-content\/uploads\/2021\/07\/meydan-logo.svg","width":195,"height":46,"caption":"Meydan TV"},"image":{"@id":"https:\/\/www.meydan.tv\/az\/#\/schema\/logo\/image\/"}},{"@type":"Person","@id":"https:\/\/www.meydan.tv\/az\/#\/schema\/person\/9cdbecf90d17180ce1dfbd95b08dcf47","name":"elli","sameAs":["https:\/\/x.com\/elli"]}]}},"_links":{"self":[{"href":"https:\/\/www.meydan.tv\/az\/wp-json\/wp\/v2\/posts\/289099","targetHints":{"allow":["GET"]}}],"collection":[{"href":"https:\/\/www.meydan.tv\/az\/wp-json\/wp\/v2\/posts"}],"about":[{"href":"https:\/\/www.meydan.tv\/az\/wp-json\/wp\/v2\/types\/post"}],"author":[{"embeddable":true,"href":"https:\/\/www.meydan.tv\/az\/wp-json\/wp\/v2\/users\/8"}],"replies":[{"embeddable":true,"href":"https:\/\/www.meydan.tv\/az\/wp-json\/wp\/v2\/comments?post=289099"}],"version-history":[{"count":1,"href":"https:\/\/www.meydan.tv\/az\/wp-json\/wp\/v2\/posts\/289099\/revisions"}],"predecessor-version":[{"id":289100,"href":"https:\/\/www.meydan.tv\/az\/wp-json\/wp\/v2\/posts\/289099\/revisions\/289100"}],"wp:featuredmedia":[{"embeddable":true,"href":"https:\/\/www.meydan.tv\/az\/wp-json\/wp\/v2\/media\/289093"}],"wp:attachment":[{"href":"https:\/\/www.meydan.tv\/az\/wp-json\/wp\/v2\/media?parent=289099"}],"wp:term":[{"taxonomy":"category","embeddable":true,"href":"https:\/\/www.meydan.tv\/az\/wp-json\/wp\/v2\/categories?post=289099"},{"taxonomy":"post_tag","embeddable":true,"href":"https:\/\/www.meydan.tv\/az\/wp-json\/wp\/v2\/tags?post=289099"}],"curies":[{"name":"wp","href":"https:\/\/api.w.org\/{rel}","templated":true}]}}