{"id":289085,"date":"2023-10-28T20:16:22","date_gmt":"2023-10-28T16:16:22","guid":{"rendered":"https:\/\/www.meydan.tv\/?p=289085"},"modified":"2023-10-28T20:16:25","modified_gmt":"2023-10-28T16:16:25","slug":"aayda-cavansir-korpusu-ile-bagli-narahatliga-esas-olmadigini-deyir","status":"publish","type":"post","link":"https:\/\/www.meydan.tv\/az\/article\/aayda-cavansir-korpusu-ile-bagli-narahatliga-esas-olmadigini-deyir\/","title":{"rendered":"AAYDA \u201cCavan\u015fir\u201d k\u00f6rp\u00fcs\u00fc il\u0259 ba\u011fl\u0131 narahatl\u0131\u011fa \u0259sas olmad\u0131\u011f\u0131n\u0131 deyir"},"content":{"rendered":"\n<p><\/p>\n\n\n\n<p><strong><em>Gec\u0259l\u0259r a\u011f\u0131rtonnajl\u0131 ma\u015f\u0131nlar\u0131n k\u00f6rp\u00fcn\u00fcn v\u0259ziyy\u0259tini yoxlamas\u0131 sakinl\u0259ri narahat edib<\/em><\/strong><\/p>\n\n\n\n<p>Paytaxt\u0131n Afiy\u0259ddin C\u0259lilov v\u0259 \u00dczeyir Hac\u0131b\u0259yov k\u00fc\u00e7\u0259l\u0259rinin sakinl\u0259ri bu k\u00fc\u00e7\u0259l\u0259ri birl\u0259\u015fdir\u0259n &#8220;Cavan\u015fir\u201d k\u00f6rp\u00fcs\u00fcn\u00fcn s\u00f6k\u00fcl\u0259c\u0259yind\u0259n narahatd\u0131r. Buna s\u0259b\u0259b bir ne\u00e7\u0259 g\u00fcnd\u00fcr gec\u0259 saatlar\u0131nda a\u011f\u0131rtonnajl\u0131 ma\u015f\u0131nlarla k\u00f6rp\u00fcn\u00fcn v\u0259ziyy\u0259tinin yoxlan\u0131lmas\u0131d\u0131r.<\/p>\n\n\n\n<p>Afiy\u0259ddin C\u0259lilov k\u00fc\u00e7\u0259sinin bir ne\u00e7\u0259 sakini Meydan TV-y\u0259 deyib ki, ne\u00e7\u0259 ill\u0259rdir k\u00f6rp\u00fcn\u00fcn s\u00f6k\u00fcl\u0259c\u0259yi il\u0259 ba\u011fl\u0131 x\u0259b\u0259rl\u0259r dola\u015f\u0131r. Onlara \u00f6t\u0259n il Afiy\u0259ddin C\u0259lilov 6 \u00fcnvanda 34 ail\u0259nin ya\u015fad\u0131\u011f\u0131 onm\u0259rt\u0259b\u0259li bina s\u00f6k\u00fcl\u0259rk\u0259n k\u00f6rp\u00fcn\u00fcn d\u0259 yax\u0131n zamanlarda l\u0259\u011fv edil\u0259c\u0259yini bildiribl\u0259r.<\/p>\n\n\n\n<p>Sakinl\u0259rd\u0259n F\u00fczuli \u018fliyev bildirib ki, \u0259vv\u0259lc\u0259 binan\u0131n, ard\u0131nca k\u00f6rp\u00fcn\u00fcn, sonra is\u0259 Ali M\u0259hk\u0259m\u0259nin yax\u0131nl\u0131\u011f\u0131nad\u0259k yol k\u0259nar\u0131ndak\u0131 bir ne\u00e7\u0259 binan\u0131n s\u00f6k\u00fcl\u0259c\u0259yini e\u015fidibl\u0259r. Bu s\u0259b\u0259bd\u0259n k\u00f6rp\u00fc il\u0259 ba\u011fl\u0131 yoxlamalar narahatl\u0131qlar\u0131n\u0131 art\u0131r\u0131b.<\/p>\n\n\n\n<p><em>\u201cHam\u0131 bilir ki, k\u00f6rp\u00fc t\u0131xaclar\u0131n aradan qald\u0131r\u0131lmas\u0131 m\u0259qs\u0259dil\u0259, yaxud q\u0259zal\u0131 oldu\u011funa g\u00f6r\u0259 s\u00f6k\u00fclm\u0259y\u0259c\u0259k. Sad\u0259c\u0259 olaraq, \u201cPort Baku 2\u201d tikilir, binaya v\u0259 binadak\u0131 ticar\u0259t m\u0259rk\u0259zin\u0259 birba\u015fa giri\u015f \u00fc\u00e7\u00fcn k\u00f6rp\u00fcn\u00fcn s\u00f6k\u00fclm\u0259si laz\u0131md\u0131r. \u018fksin\u0259 k\u00f6rp\u00fcn\u00fcn s\u00f6k\u00fclm\u0259si t\u0131xaclar\u0131 art\u0131racaq\u201d,-<\/em> sakin deyib.<\/p>\n\n\n\n<p>Sakinl\u0259rd\u0259n biri is\u0259 bildirib ki, uzun ill\u0259r yol istismar sah\u0259sind\u0259 \u00e7al\u0131\u015f\u0131b. Ona g\u00f6r\u0259 d\u0259 \u0259mindir, k\u00f6rp\u00fcn\u00fcn s\u00f6k\u00fclm\u0259si t\u0131xaclar\u0131 azaltmayacaq, \u0259ksin\u0259 k\u00f6rp\u00fcn\u00fcn sa\u011f\u0131nda, \u201cPort Baku\u201d il\u0259 \u00fczb\u0259\u00fcz k\u00fc\u00e7\u0259d\u0259 yeni \u00e7oxm\u0259rt\u0259b\u0259li binan\u0131n tikintisi yolu y\u00fckl\u0259y\u0259c\u0259k:<\/p>\n\n\n\n<p><em>\u201cAfiyy\u0259ddin C\u0259lilov, \u00dczeyir Hac\u0131b\u0259yov k\u00fc\u00e7\u0259l\u0259ri o k\u00f6rp\u00fcy\u0259 \u00e7\u0131x\u0131r. Haz\u0131rda bu k\u00f6rp\u00fcy\u0259 alternativ yol yoxdur. Bizim \u0259sas qorxumuz is\u0259 odur ki, k\u00f6rp\u00fcd\u0259n sonra bizim binalar\u0131 da s\u00f6k\u0259 bil\u0259rl\u0259r. Bir d\u0259 g\u00f6rd\u00fcn, q\u0259zal\u0131 ad\u0131 y\u00fckl\u0259yib bizi k\u00f6\u00e7\u00fcrd\u00fcl\u0259r. He\u00e7 kim sakinin s\u00f6z\u00fcn\u00fc e\u015fitmir, etirazlar fayda vermir. \u015e\u0259h\u0259rin m\u0259rk\u0259zi olsa da, binalar\u0131m\u0131z\u0131n h\u0259y\u0259ti geni\u015f v\u0259 ya\u015f\u0131ll\u0131qd\u0131r. H\u0259r yan qutu binalarla doldurulur\u201d.<\/em><\/p>\n\n\n\n<p>\u201cCavan\u015fir\u201d k\u00f6rp\u00fcs\u00fc 1962-ci ild\u0259 in\u015fa olunub, daha \u00e7ox \u201cQaqarin k\u00f6rp\u00fcs\u00fc\u201d kimi tan\u0131n\u0131r. \u018fvv\u0259ll\u0259r k\u00f6rp\u00fcn\u00fcn alt\u0131ndan qatarlar, \u00fcst\u00fcnd\u0259n is\u0259 avtomobill\u0259r h\u0259r\u0259k\u0259t edib. Bir ne\u00e7\u0259 il \u0259vv\u0259l d\u0259mir yolu x\u0259tl\u0259ri s\u00f6k\u00fcl\u00fcb.<\/p>\n\n\n\n<p>\u018frazi binalarla y\u00fckl\u0259ndiyind\u0259n son g\u00fcnl\u0259r\u0259d\u0259k k\u00f6rp\u00fcn\u00fcn alt\u0131ndan dayanacaq kimi istifad\u0259 edilirdi.<\/p>\n\n\n\n<p>H\u0259l\u0259 2019-cu ild\u0259 hakimiyy\u0259t\u0259 ba\u011fl\u0131 \u201cReport\u201d agentliyi d\u0259 k\u00f6rp\u00fcn\u00fcn yax\u0131n zamanlarda s\u00f6k\u00fcl\u0259c\u0259yni <a href=\"https:\/\/report.az\/infrastruktur\/bakidaki-cavansir-korpusu-sokulur\/\">yazm\u0131\u015fd\u0131<\/a>. Lakin agentlik bu x\u0259b\u0259ri haradan ald\u0131\u011f\u0131n\u0131, n\u0259y\u0259 \u0259sas\u0259n yazd\u0131\u011f\u0131n\u0131 qeyd etm\u0259yib, m\u0259nb\u0259 g\u00f6st\u0259rm\u0259yib.<\/p>\n\n\n\n<p>Az\u0259rbaycan Avtomobil Yollar\u0131 D\u00f6vl\u0259t Agentliyinin (AAYDA) m\u0259tbuat katibi Anar N\u0259c\u0259fli is\u0259 Meydan TV-y\u0259 narahatl\u0131q \u00fc\u00e7\u00fcn \u0259sas olmad\u0131\u011f\u0131n\u0131 deyib:<\/p>\n\n\n\n<p>\u201c<em>El\u0259 bir layih\u0259 yoxdur. Sad\u0259c\u0259 vaxta\u015f\u0131r\u0131 k\u00f6rp\u00fcl\u0259rd\u0259 bu c\u00fcr testl\u0259r apar\u0131l\u0131r. Bel\u0259 m\u0259s\u0259l\u0259l\u0259r olduqda, ictimaiyy\u0259t\u0259 \u00f6nc\u0259d\u0259n m\u0259lumat verilir\u201d.<\/em><\/p>\n","protected":false},"excerpt":{"rendered":"<p>Gec\u0259l\u0259r a\u011f\u0131rtonnajl\u0131 ma\u015f\u0131nlar\u0131n k\u00f6rp\u00fcn\u00fcn v\u0259ziyy\u0259tini yoxlamas\u0131 sakinl\u0259ri narahat edib Paytaxt\u0131n &#8230; <\/p>\n<p class=\"read-more-container\"><a title=\"AAYDA \u201cCavan\u015fir\u201d k\u00f6rp\u00fcs\u00fc il\u0259 ba\u011fl\u0131 narahatl\u0131\u011fa \u0259sas olmad\u0131\u011f\u0131n\u0131 deyir\" class=\"read-more button\" href=\"https:\/\/www.meydan.tv\/az\/article\/aayda-cavansir-korpusu-ile-bagli-narahatliga-esas-olmadigini-deyir\/#more-289085\" aria-label=\"Read more about AAYDA \u201cCavan\u015fir\u201d k\u00f6rp\u00fcs\u00fc il\u0259 ba\u011fl\u0131 narahatl\u0131\u011fa \u0259sas olmad\u0131\u011f\u0131n\u0131 deyir\">Davam\u0131<\/a><\/p>\n","protected":false},"author":8,"featured_media":289086,"comment_status":"closed","ping_status":"closed","sticky":false,"template":"","format":"standard","meta":{"_acf_changed":false,"_sitemap_exclude":false,"_sitemap_priority":"","_sitemap_frequency":"","footnotes":""},"categories":[62,56],"tags":[],"class_list":["post-289085","post","type-post","status-publish","format-standard","has-post-thumbnail","hentry","category-sosial","category-xeberler","infinite-scroll-item","generate-columns","tablet-grid-50","mobile-grid-100","grid-parent","grid-33","no-featured-image-padding"],"acf":[],"yoast_head":"<!-- This site is optimized with the Yoast SEO plugin v27.5 - https:\/\/yoast.com\/product\/yoast-seo-wordpress\/ -->\n<title>AAYDA \u201cCavan\u015fir\u201d k\u00f6rp\u00fcs\u00fc il\u0259 ba\u011fl\u0131 narahatl\u0131\u011fa \u0259sas olmad\u0131\u011f\u0131n\u0131 deyir - MEYDAN.TV<\/title>\n<meta name=\"robots\" content=\"index, follow, max-snippet:-1, max-image-preview:large, max-video-preview:-1\" \/>\n<link rel=\"canonical\" href=\"https:\/\/www.meydan.tv\/az\/article\/aayda-cavansir-korpusu-ile-bagli-narahatliga-esas-olmadigini-deyir\/\" \/>\n<meta property=\"og:locale\" content=\"az_AZ\" \/>\n<meta property=\"og:type\" content=\"article\" \/>\n<meta property=\"og:title\" content=\"AAYDA \u201cCavan\u015fir\u201d k\u00f6rp\u00fcs\u00fc il\u0259 ba\u011fl\u0131 narahatl\u0131\u011fa \u0259sas olmad\u0131\u011f\u0131n\u0131 deyir - MEYDAN.TV\" \/>\n<meta property=\"og:description\" content=\"Gec\u0259l\u0259r a\u011f\u0131rtonnajl\u0131 ma\u015f\u0131nlar\u0131n k\u00f6rp\u00fcn\u00fcn v\u0259ziyy\u0259tini yoxlamas\u0131 sakinl\u0259ri narahat edib Paytaxt\u0131n ... Davam\u0131\" \/>\n<meta property=\"og:url\" content=\"https:\/\/www.meydan.tv\/az\/article\/aayda-cavansir-korpusu-ile-bagli-narahatliga-esas-olmadigini-deyir\/\" \/>\n<meta property=\"og:site_name\" content=\"MEYDAN.TV\" \/>\n<meta property=\"article:published_time\" content=\"2023-10-28T16:16:22+00:00\" \/>\n<meta property=\"article:modified_time\" content=\"2023-10-28T16:16:25+00:00\" \/>\n<meta property=\"og:image\" content=\"https:\/\/www.meydan.tv\/wp-content\/uploads\/untitled-1500-x-1000-px-2-3.jpg\" \/>\n\t<meta property=\"og:image:width\" content=\"1500\" \/>\n\t<meta property=\"og:image:height\" content=\"1000\" \/>\n\t<meta property=\"og:image:type\" content=\"image\/jpeg\" \/>\n<meta name=\"author\" content=\"elli\" \/>\n<meta name=\"twitter:card\" content=\"summary_large_image\" \/>\n<meta name=\"twitter:creator\" content=\"@elli\" \/>\n<script type=\"application\/ld+json\" class=\"yoast-schema-graph\">{\"@context\":\"https:\\\/\\\/schema.org\",\"@graph\":[{\"@type\":\"Article\",\"@id\":\"https:\\\/\\\/www.meydan.tv\\\/az\\\/article\\\/aayda-cavansir-korpusu-ile-bagli-narahatliga-esas-olmadigini-deyir\\\/#article\",\"isPartOf\":{\"@id\":\"https:\\\/\\\/www.meydan.tv\\\/az\\\/article\\\/aayda-cavansir-korpusu-ile-bagli-narahatliga-esas-olmadigini-deyir\\\/\"},\"author\":{\"name\":\"elli\",\"@id\":\"https:\\\/\\\/www.meydan.tv\\\/az\\\/#\\\/schema\\\/person\\\/9cdbecf90d17180ce1dfbd95b08dcf47\"},\"headline\":\"AAYDA \u201cCavan\u015fir\u201d k\u00f6rp\u00fcs\u00fc il\u0259 ba\u011fl\u0131 narahatl\u0131\u011fa \u0259sas olmad\u0131\u011f\u0131n\u0131 deyir\",\"datePublished\":\"2023-10-28T16:16:22+00:00\",\"dateModified\":\"2023-10-28T16:16:25+00:00\",\"mainEntityOfPage\":{\"@id\":\"https:\\\/\\\/www.meydan.tv\\\/az\\\/article\\\/aayda-cavansir-korpusu-ile-bagli-narahatliga-esas-olmadigini-deyir\\\/\"},\"wordCount\":653,\"publisher\":{\"@id\":\"https:\\\/\\\/www.meydan.tv\\\/az\\\/#organization\"},\"image\":{\"@id\":\"https:\\\/\\\/www.meydan.tv\\\/az\\\/article\\\/aayda-cavansir-korpusu-ile-bagli-narahatliga-esas-olmadigini-deyir\\\/#primaryimage\"},\"thumbnailUrl\":\"https:\\\/\\\/www.meydan.tv\\\/wp-content\\\/uploads\\\/untitled-1500-x-1000-px-2-3.jpg\",\"articleSection\":[\"Sosial\",\"X\u0259b\u0259rl\u0259r\"],\"inLanguage\":\"az\"},{\"@type\":\"WebPage\",\"@id\":\"https:\\\/\\\/www.meydan.tv\\\/az\\\/article\\\/aayda-cavansir-korpusu-ile-bagli-narahatliga-esas-olmadigini-deyir\\\/\",\"url\":\"https:\\\/\\\/www.meydan.tv\\\/az\\\/article\\\/aayda-cavansir-korpusu-ile-bagli-narahatliga-esas-olmadigini-deyir\\\/\",\"name\":\"AAYDA \u201cCavan\u015fir\u201d k\u00f6rp\u00fcs\u00fc il\u0259 ba\u011fl\u0131 narahatl\u0131\u011fa \u0259sas olmad\u0131\u011f\u0131n\u0131 deyir - MEYDAN.TV\",\"isPartOf\":{\"@id\":\"https:\\\/\\\/www.meydan.tv\\\/az\\\/#website\"},\"primaryImageOfPage\":{\"@id\":\"https:\\\/\\\/www.meydan.tv\\\/az\\\/article\\\/aayda-cavansir-korpusu-ile-bagli-narahatliga-esas-olmadigini-deyir\\\/#primaryimage\"},\"image\":{\"@id\":\"https:\\\/\\\/www.meydan.tv\\\/az\\\/article\\\/aayda-cavansir-korpusu-ile-bagli-narahatliga-esas-olmadigini-deyir\\\/#primaryimage\"},\"thumbnailUrl\":\"https:\\\/\\\/www.meydan.tv\\\/wp-content\\\/uploads\\\/untitled-1500-x-1000-px-2-3.jpg\",\"datePublished\":\"2023-10-28T16:16:22+00:00\",\"dateModified\":\"2023-10-28T16:16:25+00:00\",\"breadcrumb\":{\"@id\":\"https:\\\/\\\/www.meydan.tv\\\/az\\\/article\\\/aayda-cavansir-korpusu-ile-bagli-narahatliga-esas-olmadigini-deyir\\\/#breadcrumb\"},\"inLanguage\":\"az\",\"potentialAction\":[{\"@type\":\"ReadAction\",\"target\":[\"https:\\\/\\\/www.meydan.tv\\\/az\\\/article\\\/aayda-cavansir-korpusu-ile-bagli-narahatliga-esas-olmadigini-deyir\\\/\"]}]},{\"@type\":\"ImageObject\",\"inLanguage\":\"az\",\"@id\":\"https:\\\/\\\/www.meydan.tv\\\/az\\\/article\\\/aayda-cavansir-korpusu-ile-bagli-narahatliga-esas-olmadigini-deyir\\\/#primaryimage\",\"url\":\"https:\\\/\\\/www.meydan.tv\\\/wp-content\\\/uploads\\\/untitled-1500-x-1000-px-2-3.jpg\",\"contentUrl\":\"https:\\\/\\\/www.meydan.tv\\\/wp-content\\\/uploads\\\/untitled-1500-x-1000-px-2-3.jpg\",\"width\":1500,\"height\":1000,\"caption\":\"\\\"Cavan\u015fir\\\" k\u00f6rp\u00fcs\u00fc. Foto: Wiki\"},{\"@type\":\"BreadcrumbList\",\"@id\":\"https:\\\/\\\/www.meydan.tv\\\/az\\\/article\\\/aayda-cavansir-korpusu-ile-bagli-narahatliga-esas-olmadigini-deyir\\\/#breadcrumb\",\"itemListElement\":[{\"@type\":\"ListItem\",\"position\":1,\"name\":\"Ana s\u0259hif\u0259\",\"item\":\"https:\\\/\\\/www.meydan.tv\\\/az\\\/\"},{\"@type\":\"ListItem\",\"position\":2,\"name\":\"Sosial\",\"item\":\"https:\\\/\\\/www.meydan.tv\\\/az\\\/section\\\/sosial\\\/\"},{\"@type\":\"ListItem\",\"position\":3,\"name\":\"AAYDA \u201cCavan\u015fir\u201d k\u00f6rp\u00fcs\u00fc il\u0259 ba\u011fl\u0131 narahatl\u0131\u011fa \u0259sas olmad\u0131\u011f\u0131n\u0131 deyir\"}]},{\"@type\":\"WebSite\",\"@id\":\"https:\\\/\\\/www.meydan.tv\\\/az\\\/#website\",\"url\":\"https:\\\/\\\/www.meydan.tv\\\/az\\\/\",\"name\":\"MEYDAN.TV\",\"description\":\"Meydan TV Az\u0259rbaycan\u0131n media m\u0259kan\u0131ndak\u0131 alternativ s\u0259sidir\",\"publisher\":{\"@id\":\"https:\\\/\\\/www.meydan.tv\\\/az\\\/#organization\"},\"potentialAction\":[{\"@type\":\"SearchAction\",\"target\":{\"@type\":\"EntryPoint\",\"urlTemplate\":\"https:\\\/\\\/www.meydan.tv\\\/az\\\/?s={search_term_string}\"},\"query-input\":{\"@type\":\"PropertyValueSpecification\",\"valueRequired\":true,\"valueName\":\"search_term_string\"}}],\"inLanguage\":\"az\"},{\"@type\":\"Organization\",\"@id\":\"https:\\\/\\\/www.meydan.tv\\\/az\\\/#organization\",\"name\":\"Meydan TV\",\"url\":\"https:\\\/\\\/www.meydan.tv\\\/az\\\/\",\"logo\":{\"@type\":\"ImageObject\",\"inLanguage\":\"az\",\"@id\":\"https:\\\/\\\/www.meydan.tv\\\/az\\\/#\\\/schema\\\/logo\\\/image\\\/\",\"url\":\"https:\\\/\\\/www.meydan.tv\\\/wp-content\\\/uploads\\\/2021\\\/07\\\/meydan-logo.svg\",\"contentUrl\":\"https:\\\/\\\/www.meydan.tv\\\/wp-content\\\/uploads\\\/2021\\\/07\\\/meydan-logo.svg\",\"width\":195,\"height\":46,\"caption\":\"Meydan TV\"},\"image\":{\"@id\":\"https:\\\/\\\/www.meydan.tv\\\/az\\\/#\\\/schema\\\/logo\\\/image\\\/\"}},{\"@type\":\"Person\",\"@id\":\"https:\\\/\\\/www.meydan.tv\\\/az\\\/#\\\/schema\\\/person\\\/9cdbecf90d17180ce1dfbd95b08dcf47\",\"name\":\"elli\",\"sameAs\":[\"https:\\\/\\\/x.com\\\/elli\"]}]}<\/script>\n<!-- \/ Yoast SEO plugin. -->","yoast_head_json":{"title":"AAYDA \u201cCavan\u015fir\u201d k\u00f6rp\u00fcs\u00fc il\u0259 ba\u011fl\u0131 narahatl\u0131\u011fa \u0259sas olmad\u0131\u011f\u0131n\u0131 deyir - MEYDAN.TV","robots":{"index":"index","follow":"follow","max-snippet":"max-snippet:-1","max-image-preview":"max-image-preview:large","max-video-preview":"max-video-preview:-1"},"canonical":"https:\/\/www.meydan.tv\/az\/article\/aayda-cavansir-korpusu-ile-bagli-narahatliga-esas-olmadigini-deyir\/","og_locale":"az_AZ","og_type":"article","og_title":"AAYDA \u201cCavan\u015fir\u201d k\u00f6rp\u00fcs\u00fc il\u0259 ba\u011fl\u0131 narahatl\u0131\u011fa \u0259sas olmad\u0131\u011f\u0131n\u0131 deyir - MEYDAN.TV","og_description":"Gec\u0259l\u0259r a\u011f\u0131rtonnajl\u0131 ma\u015f\u0131nlar\u0131n k\u00f6rp\u00fcn\u00fcn v\u0259ziyy\u0259tini yoxlamas\u0131 sakinl\u0259ri narahat edib Paytaxt\u0131n ... Davam\u0131","og_url":"https:\/\/www.meydan.tv\/az\/article\/aayda-cavansir-korpusu-ile-bagli-narahatliga-esas-olmadigini-deyir\/","og_site_name":"MEYDAN.TV","article_published_time":"2023-10-28T16:16:22+00:00","article_modified_time":"2023-10-28T16:16:25+00:00","og_image":[{"width":1500,"height":1000,"url":"https:\/\/www.meydan.tv\/wp-content\/uploads\/untitled-1500-x-1000-px-2-3.jpg","type":"image\/jpeg"}],"author":"elli","twitter_card":"summary_large_image","twitter_creator":"@elli","schema":{"@context":"https:\/\/schema.org","@graph":[{"@type":"Article","@id":"https:\/\/www.meydan.tv\/az\/article\/aayda-cavansir-korpusu-ile-bagli-narahatliga-esas-olmadigini-deyir\/#article","isPartOf":{"@id":"https:\/\/www.meydan.tv\/az\/article\/aayda-cavansir-korpusu-ile-bagli-narahatliga-esas-olmadigini-deyir\/"},"author":{"name":"elli","@id":"https:\/\/www.meydan.tv\/az\/#\/schema\/person\/9cdbecf90d17180ce1dfbd95b08dcf47"},"headline":"AAYDA \u201cCavan\u015fir\u201d k\u00f6rp\u00fcs\u00fc il\u0259 ba\u011fl\u0131 narahatl\u0131\u011fa \u0259sas olmad\u0131\u011f\u0131n\u0131 deyir","datePublished":"2023-10-28T16:16:22+00:00","dateModified":"2023-10-28T16:16:25+00:00","mainEntityOfPage":{"@id":"https:\/\/www.meydan.tv\/az\/article\/aayda-cavansir-korpusu-ile-bagli-narahatliga-esas-olmadigini-deyir\/"},"wordCount":653,"publisher":{"@id":"https:\/\/www.meydan.tv\/az\/#organization"},"image":{"@id":"https:\/\/www.meydan.tv\/az\/article\/aayda-cavansir-korpusu-ile-bagli-narahatliga-esas-olmadigini-deyir\/#primaryimage"},"thumbnailUrl":"https:\/\/www.meydan.tv\/wp-content\/uploads\/untitled-1500-x-1000-px-2-3.jpg","articleSection":["Sosial","X\u0259b\u0259rl\u0259r"],"inLanguage":"az"},{"@type":"WebPage","@id":"https:\/\/www.meydan.tv\/az\/article\/aayda-cavansir-korpusu-ile-bagli-narahatliga-esas-olmadigini-deyir\/","url":"https:\/\/www.meydan.tv\/az\/article\/aayda-cavansir-korpusu-ile-bagli-narahatliga-esas-olmadigini-deyir\/","name":"AAYDA \u201cCavan\u015fir\u201d k\u00f6rp\u00fcs\u00fc il\u0259 ba\u011fl\u0131 narahatl\u0131\u011fa \u0259sas olmad\u0131\u011f\u0131n\u0131 deyir - MEYDAN.TV","isPartOf":{"@id":"https:\/\/www.meydan.tv\/az\/#website"},"primaryImageOfPage":{"@id":"https:\/\/www.meydan.tv\/az\/article\/aayda-cavansir-korpusu-ile-bagli-narahatliga-esas-olmadigini-deyir\/#primaryimage"},"image":{"@id":"https:\/\/www.meydan.tv\/az\/article\/aayda-cavansir-korpusu-ile-bagli-narahatliga-esas-olmadigini-deyir\/#primaryimage"},"thumbnailUrl":"https:\/\/www.meydan.tv\/wp-content\/uploads\/untitled-1500-x-1000-px-2-3.jpg","datePublished":"2023-10-28T16:16:22+00:00","dateModified":"2023-10-28T16:16:25+00:00","breadcrumb":{"@id":"https:\/\/www.meydan.tv\/az\/article\/aayda-cavansir-korpusu-ile-bagli-narahatliga-esas-olmadigini-deyir\/#breadcrumb"},"inLanguage":"az","potentialAction":[{"@type":"ReadAction","target":["https:\/\/www.meydan.tv\/az\/article\/aayda-cavansir-korpusu-ile-bagli-narahatliga-esas-olmadigini-deyir\/"]}]},{"@type":"ImageObject","inLanguage":"az","@id":"https:\/\/www.meydan.tv\/az\/article\/aayda-cavansir-korpusu-ile-bagli-narahatliga-esas-olmadigini-deyir\/#primaryimage","url":"https:\/\/www.meydan.tv\/wp-content\/uploads\/untitled-1500-x-1000-px-2-3.jpg","contentUrl":"https:\/\/www.meydan.tv\/wp-content\/uploads\/untitled-1500-x-1000-px-2-3.jpg","width":1500,"height":1000,"caption":"\"Cavan\u015fir\" k\u00f6rp\u00fcs\u00fc. Foto: Wiki"},{"@type":"BreadcrumbList","@id":"https:\/\/www.meydan.tv\/az\/article\/aayda-cavansir-korpusu-ile-bagli-narahatliga-esas-olmadigini-deyir\/#breadcrumb","itemListElement":[{"@type":"ListItem","position":1,"name":"Ana s\u0259hif\u0259","item":"https:\/\/www.meydan.tv\/az\/"},{"@type":"ListItem","position":2,"name":"Sosial","item":"https:\/\/www.meydan.tv\/az\/section\/sosial\/"},{"@type":"ListItem","position":3,"name":"AAYDA \u201cCavan\u015fir\u201d k\u00f6rp\u00fcs\u00fc il\u0259 ba\u011fl\u0131 narahatl\u0131\u011fa \u0259sas olmad\u0131\u011f\u0131n\u0131 deyir"}]},{"@type":"WebSite","@id":"https:\/\/www.meydan.tv\/az\/#website","url":"https:\/\/www.meydan.tv\/az\/","name":"MEYDAN.TV","description":"Meydan TV Az\u0259rbaycan\u0131n media m\u0259kan\u0131ndak\u0131 alternativ s\u0259sidir","publisher":{"@id":"https:\/\/www.meydan.tv\/az\/#organization"},"potentialAction":[{"@type":"SearchAction","target":{"@type":"EntryPoint","urlTemplate":"https:\/\/www.meydan.tv\/az\/?s={search_term_string}"},"query-input":{"@type":"PropertyValueSpecification","valueRequired":true,"valueName":"search_term_string"}}],"inLanguage":"az"},{"@type":"Organization","@id":"https:\/\/www.meydan.tv\/az\/#organization","name":"Meydan TV","url":"https:\/\/www.meydan.tv\/az\/","logo":{"@type":"ImageObject","inLanguage":"az","@id":"https:\/\/www.meydan.tv\/az\/#\/schema\/logo\/image\/","url":"https:\/\/www.meydan.tv\/wp-content\/uploads\/2021\/07\/meydan-logo.svg","contentUrl":"https:\/\/www.meydan.tv\/wp-content\/uploads\/2021\/07\/meydan-logo.svg","width":195,"height":46,"caption":"Meydan TV"},"image":{"@id":"https:\/\/www.meydan.tv\/az\/#\/schema\/logo\/image\/"}},{"@type":"Person","@id":"https:\/\/www.meydan.tv\/az\/#\/schema\/person\/9cdbecf90d17180ce1dfbd95b08dcf47","name":"elli","sameAs":["https:\/\/x.com\/elli"]}]}},"_links":{"self":[{"href":"https:\/\/www.meydan.tv\/az\/wp-json\/wp\/v2\/posts\/289085","targetHints":{"allow":["GET"]}}],"collection":[{"href":"https:\/\/www.meydan.tv\/az\/wp-json\/wp\/v2\/posts"}],"about":[{"href":"https:\/\/www.meydan.tv\/az\/wp-json\/wp\/v2\/types\/post"}],"author":[{"embeddable":true,"href":"https:\/\/www.meydan.tv\/az\/wp-json\/wp\/v2\/users\/8"}],"replies":[{"embeddable":true,"href":"https:\/\/www.meydan.tv\/az\/wp-json\/wp\/v2\/comments?post=289085"}],"version-history":[{"count":1,"href":"https:\/\/www.meydan.tv\/az\/wp-json\/wp\/v2\/posts\/289085\/revisions"}],"predecessor-version":[{"id":289089,"href":"https:\/\/www.meydan.tv\/az\/wp-json\/wp\/v2\/posts\/289085\/revisions\/289089"}],"wp:featuredmedia":[{"embeddable":true,"href":"https:\/\/www.meydan.tv\/az\/wp-json\/wp\/v2\/media\/289086"}],"wp:attachment":[{"href":"https:\/\/www.meydan.tv\/az\/wp-json\/wp\/v2\/media?parent=289085"}],"wp:term":[{"taxonomy":"category","embeddable":true,"href":"https:\/\/www.meydan.tv\/az\/wp-json\/wp\/v2\/categories?post=289085"},{"taxonomy":"post_tag","embeddable":true,"href":"https:\/\/www.meydan.tv\/az\/wp-json\/wp\/v2\/tags?post=289085"}],"curies":[{"name":"wp","href":"https:\/\/api.w.org\/{rel}","templated":true}]}}