{"id":289057,"date":"2023-10-28T12:25:57","date_gmt":"2023-10-28T08:25:57","guid":{"rendered":"https:\/\/www.meydan.tv\/?p=289057"},"modified":"2023-10-28T16:38:24","modified_gmt":"2023-10-28T12:38:24","slug":"sumqayitda-bir-ailenin-iki-uzvu-qetle-yetirilib-ikisi-ise-yaralanib","status":"publish","type":"post","link":"https:\/\/www.meydan.tv\/az\/article\/sumqayitda-bir-ailenin-iki-uzvu-qetle-yetirilib-ikisi-ise-yaralanib\/","title":{"rendered":"Sumqay\u0131tda bir ail\u0259nin iki \u00fczv\u00fc q\u0259tl\u0259 yetirilib, ikisi is\u0259 yaralan\u0131b"},"content":{"rendered":"\n<p><\/p>\n\n\n\n<p><strong><em>Hadis\u0259 yerin\u0259 g\u0259l\u0259n qon\u015fular\u0131n da x\u0259sar\u0259t ald\u0131\u011f\u0131 bildirilir<\/em><\/strong><\/p>\n\n\n\n<p>Oktyabr\u0131n 28-n\u0259 ke\u00e7\u0259n gec\u0259 Sumqay\u0131tda bir ail\u0259nin iki \u00fczv\u00fc q\u0259tl\u0259 yetirilib, daha ikisi is\u0259 yaralan\u0131b. Hadis\u0259 s\u0259h\u0259r\u0259 yax\u0131n saat 5 rad\u0259l\u0259rind\u0259 Corat ba\u011flar\u0131 \u0259razisind\u0259ki evl\u0259rd\u0259n birind\u0259, 73 ya\u015fl\u0131 Da\u011fb\u0259yi F\u0259r\u0259covun ail\u0259sind\u0259 ba\u015f verib.<\/p>\n\n\n\n<p>Da\u011fb\u0259yi F\u0259r\u0259cov v\u0259 onun 38 ya\u015fl\u0131 q\u0131z\u0131 Suzanna Karaka\u015f odlu silahla q\u0259tl\u0259 yetirilib. Da\u011fb\u0259yi F\u0259r\u0259covun h\u0259yat yolda\u015f\u0131 T\u0259rlan F\u0259r\u0259cova v\u0259 k\u00fcr\u0259k\u0259ni Serkan Karaka\u015f is\u0259 yaralan\u0131b. Onlar\u0131n v\u0259ziyy\u0259tinin a\u011f\u0131r oldu\u011fu, x\u0259st\u0259xanan\u0131n reanimasiya \u015f\u00f6b\u0259sin\u0259 yerl\u0259\u015fdirildikl\u0259ri bildirilir.<\/p>\n\n\n\n<p>Hadis\u0259 yerin\u0259 g\u0259l\u0259n qon\u015fular &#8211; Etibar v\u0259 Mehman Sar\u0131yevl\u0259rin d\u0259 x\u0259sar\u0259t ald\u0131\u011f\u0131 bildirilir. Etibar Sar\u0131yev sah\u0259 m\u00fcv\u0259kkilidir.<\/p>\n\n\n\n<p>Hadis\u0259ni Sumqay\u0131t \u015e\u0259h\u0259r Prokurorlu\u011fu da t\u0259sdiql\u0259yib. Prokurorluqdan veril\u0259n m\u0259lumata g\u00f6r\u0259, art\u0131q kriminalist v\u0259 ekspertl\u0259r hadis\u0259 yerin\u0259, meyitl\u0259r\u0259 bax\u0131\u015f ke\u00e7irib, dig\u0259r z\u0259ruri h\u0259r\u0259k\u0259tl\u0259r apar\u0131b:<\/p>\n\n\n\n<p><em>\u201cFaktla ba\u011fl\u0131 Cinay\u0259t M\u0259c\u0259ll\u0259sinin m\u00fcvafiq madd\u0259l\u0259ril\u0259 cinay\u0259t i\u015fi ba\u015flan\u0131b. Haz\u0131rda cinay\u0259ti t\u00f6r\u0259tm\u0259kd\u0259 \u015f\u00fcbh\u0259li bilin\u0259n \u015f\u0259xs v\u0259 ya \u015f\u0259xsl\u0259rin m\u00fc\u0259yy\u0259n edilm\u0259si istiqam\u0259tind\u0259 istintaq v\u0259 \u0259m\u0259liyyat-axtar\u0131\u015f t\u0259dbirl\u0259ri davam etdirilir\u201d.<\/em><\/p>\n\n\n\n<p>Meydan TV-nin \u0259ld\u0259 etdiyi m\u0259lumata g\u00f6r\u0259, hadis\u0259nin ail\u0259y\u0259 yax\u0131n \u015f\u0259xs t\u0259r\u0259find\u0259n t\u00f6r\u0259dildiyi ehtimal olunur.<\/p>\n\n\n\n<p>Da\u011fb\u0259yi F\u0259r\u0259cov M\u00fcsavat Partiyas\u0131n\u0131n Sumqay\u0131t \u015f\u0259h\u0259r t\u0259\u015fkilat\u0131n\u0131n \u00fczv\u00fc olub.<\/p>\n","protected":false},"excerpt":{"rendered":"<p>Hadis\u0259 yerin\u0259 g\u0259l\u0259n qon\u015fular\u0131n da x\u0259sar\u0259t ald\u0131\u011f\u0131 bildirilir Oktyabr\u0131n 28-n\u0259 &#8230; <\/p>\n<p class=\"read-more-container\"><a title=\"Sumqay\u0131tda bir ail\u0259nin iki \u00fczv\u00fc q\u0259tl\u0259 yetirilib, ikisi is\u0259 yaralan\u0131b\" class=\"read-more button\" href=\"https:\/\/www.meydan.tv\/az\/article\/sumqayitda-bir-ailenin-iki-uzvu-qetle-yetirilib-ikisi-ise-yaralanib\/#more-289057\" aria-label=\"Read more about Sumqay\u0131tda bir ail\u0259nin iki \u00fczv\u00fc q\u0259tl\u0259 yetirilib, ikisi is\u0259 yaralan\u0131b\">Davam\u0131<\/a><\/p>\n","protected":false},"author":8,"featured_media":289077,"comment_status":"closed","ping_status":"closed","sticky":false,"template":"","format":"standard","meta":{"_acf_changed":false,"_sitemap_exclude":false,"_sitemap_priority":"","_sitemap_frequency":"","footnotes":""},"categories":[60,79,56],"tags":[],"class_list":["post-289057","post","type-post","status-publish","format-standard","has-post-thumbnail","hentry","category-bolge","category-featured","category-xeberler","infinite-scroll-item","generate-columns","tablet-grid-50","mobile-grid-100","grid-parent","grid-33","no-featured-image-padding"],"acf":[],"yoast_head":"<!-- This site is optimized with the Yoast SEO plugin v27.4 - https:\/\/yoast.com\/product\/yoast-seo-wordpress\/ -->\n<title>Sumqay\u0131tda bir ail\u0259nin iki \u00fczv\u00fc q\u0259tl\u0259 yetirilib, ikisi is\u0259 yaralan\u0131b - MEYDAN.TV<\/title>\n<meta name=\"robots\" content=\"index, follow, max-snippet:-1, max-image-preview:large, max-video-preview:-1\" \/>\n<link rel=\"canonical\" href=\"https:\/\/www.meydan.tv\/az\/article\/sumqayitda-bir-ailenin-iki-uzvu-qetle-yetirilib-ikisi-ise-yaralanib\/\" \/>\n<meta property=\"og:locale\" content=\"az_AZ\" \/>\n<meta property=\"og:type\" content=\"article\" \/>\n<meta property=\"og:title\" content=\"Sumqay\u0131tda bir ail\u0259nin iki \u00fczv\u00fc q\u0259tl\u0259 yetirilib, ikisi is\u0259 yaralan\u0131b - MEYDAN.TV\" \/>\n<meta property=\"og:description\" content=\"Hadis\u0259 yerin\u0259 g\u0259l\u0259n qon\u015fular\u0131n da x\u0259sar\u0259t ald\u0131\u011f\u0131 bildirilir Oktyabr\u0131n 28-n\u0259 ... Davam\u0131\" \/>\n<meta property=\"og:url\" content=\"https:\/\/www.meydan.tv\/az\/article\/sumqayitda-bir-ailenin-iki-uzvu-qetle-yetirilib-ikisi-ise-yaralanib\/\" \/>\n<meta property=\"og:site_name\" content=\"MEYDAN.TV\" \/>\n<meta property=\"article:published_time\" content=\"2023-10-28T08:25:57+00:00\" \/>\n<meta property=\"article:modified_time\" content=\"2023-10-28T12:38:24+00:00\" \/>\n<meta property=\"og:image\" content=\"https:\/\/www.meydan.tv\/wp-content\/uploads\/untitled-1500-x-1000-px-1-3.jpg\" \/>\n\t<meta property=\"og:image:width\" content=\"1500\" \/>\n\t<meta property=\"og:image:height\" content=\"1000\" \/>\n\t<meta property=\"og:image:type\" content=\"image\/jpeg\" \/>\n<meta name=\"author\" content=\"elli\" \/>\n<meta name=\"twitter:card\" content=\"summary_large_image\" \/>\n<meta name=\"twitter:creator\" content=\"@elli\" \/>\n<script type=\"application\/ld+json\" class=\"yoast-schema-graph\">{\"@context\":\"https:\\\/\\\/schema.org\",\"@graph\":[{\"@type\":\"Article\",\"@id\":\"https:\\\/\\\/www.meydan.tv\\\/az\\\/article\\\/sumqayitda-bir-ailenin-iki-uzvu-qetle-yetirilib-ikisi-ise-yaralanib\\\/#article\",\"isPartOf\":{\"@id\":\"https:\\\/\\\/www.meydan.tv\\\/az\\\/article\\\/sumqayitda-bir-ailenin-iki-uzvu-qetle-yetirilib-ikisi-ise-yaralanib\\\/\"},\"author\":{\"name\":\"elli\",\"@id\":\"https:\\\/\\\/www.meydan.tv\\\/az\\\/#\\\/schema\\\/person\\\/9cdbecf90d17180ce1dfbd95b08dcf47\"},\"headline\":\"Sumqay\u0131tda bir ail\u0259nin iki \u00fczv\u00fc q\u0259tl\u0259 yetirilib, ikisi is\u0259 yaralan\u0131b\",\"datePublished\":\"2023-10-28T08:25:57+00:00\",\"dateModified\":\"2023-10-28T12:38:24+00:00\",\"mainEntityOfPage\":{\"@id\":\"https:\\\/\\\/www.meydan.tv\\\/az\\\/article\\\/sumqayitda-bir-ailenin-iki-uzvu-qetle-yetirilib-ikisi-ise-yaralanib\\\/\"},\"wordCount\":312,\"publisher\":{\"@id\":\"https:\\\/\\\/www.meydan.tv\\\/az\\\/#organization\"},\"image\":{\"@id\":\"https:\\\/\\\/www.meydan.tv\\\/az\\\/article\\\/sumqayitda-bir-ailenin-iki-uzvu-qetle-yetirilib-ikisi-ise-yaralanib\\\/#primaryimage\"},\"thumbnailUrl\":\"https:\\\/\\\/www.meydan.tv\\\/wp-content\\\/uploads\\\/untitled-1500-x-1000-px-1-3.jpg\",\"articleSection\":[\"B\u00f6lg\u0259\",\"T\u00f6vsiy\u0259\",\"X\u0259b\u0259rl\u0259r\"],\"inLanguage\":\"az\"},{\"@type\":\"WebPage\",\"@id\":\"https:\\\/\\\/www.meydan.tv\\\/az\\\/article\\\/sumqayitda-bir-ailenin-iki-uzvu-qetle-yetirilib-ikisi-ise-yaralanib\\\/\",\"url\":\"https:\\\/\\\/www.meydan.tv\\\/az\\\/article\\\/sumqayitda-bir-ailenin-iki-uzvu-qetle-yetirilib-ikisi-ise-yaralanib\\\/\",\"name\":\"Sumqay\u0131tda bir ail\u0259nin iki \u00fczv\u00fc q\u0259tl\u0259 yetirilib, ikisi is\u0259 yaralan\u0131b - MEYDAN.TV\",\"isPartOf\":{\"@id\":\"https:\\\/\\\/www.meydan.tv\\\/az\\\/#website\"},\"primaryImageOfPage\":{\"@id\":\"https:\\\/\\\/www.meydan.tv\\\/az\\\/article\\\/sumqayitda-bir-ailenin-iki-uzvu-qetle-yetirilib-ikisi-ise-yaralanib\\\/#primaryimage\"},\"image\":{\"@id\":\"https:\\\/\\\/www.meydan.tv\\\/az\\\/article\\\/sumqayitda-bir-ailenin-iki-uzvu-qetle-yetirilib-ikisi-ise-yaralanib\\\/#primaryimage\"},\"thumbnailUrl\":\"https:\\\/\\\/www.meydan.tv\\\/wp-content\\\/uploads\\\/untitled-1500-x-1000-px-1-3.jpg\",\"datePublished\":\"2023-10-28T08:25:57+00:00\",\"dateModified\":\"2023-10-28T12:38:24+00:00\",\"breadcrumb\":{\"@id\":\"https:\\\/\\\/www.meydan.tv\\\/az\\\/article\\\/sumqayitda-bir-ailenin-iki-uzvu-qetle-yetirilib-ikisi-ise-yaralanib\\\/#breadcrumb\"},\"inLanguage\":\"az\",\"potentialAction\":[{\"@type\":\"ReadAction\",\"target\":[\"https:\\\/\\\/www.meydan.tv\\\/az\\\/article\\\/sumqayitda-bir-ailenin-iki-uzvu-qetle-yetirilib-ikisi-ise-yaralanib\\\/\"]}]},{\"@type\":\"ImageObject\",\"inLanguage\":\"az\",\"@id\":\"https:\\\/\\\/www.meydan.tv\\\/az\\\/article\\\/sumqayitda-bir-ailenin-iki-uzvu-qetle-yetirilib-ikisi-ise-yaralanib\\\/#primaryimage\",\"url\":\"https:\\\/\\\/www.meydan.tv\\\/wp-content\\\/uploads\\\/untitled-1500-x-1000-px-1-3.jpg\",\"contentUrl\":\"https:\\\/\\\/www.meydan.tv\\\/wp-content\\\/uploads\\\/untitled-1500-x-1000-px-1-3.jpg\",\"width\":1500,\"height\":1000,\"caption\":\"Da\u011fb\u0259yi F\u0259r\u0259cov. Foto: \\\"Facebook\\\"\"},{\"@type\":\"BreadcrumbList\",\"@id\":\"https:\\\/\\\/www.meydan.tv\\\/az\\\/article\\\/sumqayitda-bir-ailenin-iki-uzvu-qetle-yetirilib-ikisi-ise-yaralanib\\\/#breadcrumb\",\"itemListElement\":[{\"@type\":\"ListItem\",\"position\":1,\"name\":\"Ana s\u0259hif\u0259\",\"item\":\"https:\\\/\\\/www.meydan.tv\\\/az\\\/\"},{\"@type\":\"ListItem\",\"position\":2,\"name\":\"B\u00f6lg\u0259\",\"item\":\"https:\\\/\\\/www.meydan.tv\\\/az\\\/section\\\/bolge\\\/\"},{\"@type\":\"ListItem\",\"position\":3,\"name\":\"Sumqay\u0131tda bir ail\u0259nin iki \u00fczv\u00fc q\u0259tl\u0259 yetirilib, ikisi is\u0259 yaralan\u0131b\"}]},{\"@type\":\"WebSite\",\"@id\":\"https:\\\/\\\/www.meydan.tv\\\/az\\\/#website\",\"url\":\"https:\\\/\\\/www.meydan.tv\\\/az\\\/\",\"name\":\"MEYDAN.TV\",\"description\":\"Meydan TV Az\u0259rbaycan\u0131n media m\u0259kan\u0131ndak\u0131 alternativ s\u0259sidir\",\"publisher\":{\"@id\":\"https:\\\/\\\/www.meydan.tv\\\/az\\\/#organization\"},\"potentialAction\":[{\"@type\":\"SearchAction\",\"target\":{\"@type\":\"EntryPoint\",\"urlTemplate\":\"https:\\\/\\\/www.meydan.tv\\\/az\\\/?s={search_term_string}\"},\"query-input\":{\"@type\":\"PropertyValueSpecification\",\"valueRequired\":true,\"valueName\":\"search_term_string\"}}],\"inLanguage\":\"az\"},{\"@type\":\"Organization\",\"@id\":\"https:\\\/\\\/www.meydan.tv\\\/az\\\/#organization\",\"name\":\"Meydan TV\",\"url\":\"https:\\\/\\\/www.meydan.tv\\\/az\\\/\",\"logo\":{\"@type\":\"ImageObject\",\"inLanguage\":\"az\",\"@id\":\"https:\\\/\\\/www.meydan.tv\\\/az\\\/#\\\/schema\\\/logo\\\/image\\\/\",\"url\":\"https:\\\/\\\/www.meydan.tv\\\/wp-content\\\/uploads\\\/2021\\\/07\\\/meydan-logo.svg\",\"contentUrl\":\"https:\\\/\\\/www.meydan.tv\\\/wp-content\\\/uploads\\\/2021\\\/07\\\/meydan-logo.svg\",\"width\":195,\"height\":46,\"caption\":\"Meydan TV\"},\"image\":{\"@id\":\"https:\\\/\\\/www.meydan.tv\\\/az\\\/#\\\/schema\\\/logo\\\/image\\\/\"}},{\"@type\":\"Person\",\"@id\":\"https:\\\/\\\/www.meydan.tv\\\/az\\\/#\\\/schema\\\/person\\\/9cdbecf90d17180ce1dfbd95b08dcf47\",\"name\":\"elli\",\"sameAs\":[\"https:\\\/\\\/x.com\\\/elli\"]}]}<\/script>\n<!-- \/ Yoast SEO plugin. -->","yoast_head_json":{"title":"Sumqay\u0131tda bir ail\u0259nin iki \u00fczv\u00fc q\u0259tl\u0259 yetirilib, ikisi is\u0259 yaralan\u0131b - MEYDAN.TV","robots":{"index":"index","follow":"follow","max-snippet":"max-snippet:-1","max-image-preview":"max-image-preview:large","max-video-preview":"max-video-preview:-1"},"canonical":"https:\/\/www.meydan.tv\/az\/article\/sumqayitda-bir-ailenin-iki-uzvu-qetle-yetirilib-ikisi-ise-yaralanib\/","og_locale":"az_AZ","og_type":"article","og_title":"Sumqay\u0131tda bir ail\u0259nin iki \u00fczv\u00fc q\u0259tl\u0259 yetirilib, ikisi is\u0259 yaralan\u0131b - MEYDAN.TV","og_description":"Hadis\u0259 yerin\u0259 g\u0259l\u0259n qon\u015fular\u0131n da x\u0259sar\u0259t ald\u0131\u011f\u0131 bildirilir Oktyabr\u0131n 28-n\u0259 ... Davam\u0131","og_url":"https:\/\/www.meydan.tv\/az\/article\/sumqayitda-bir-ailenin-iki-uzvu-qetle-yetirilib-ikisi-ise-yaralanib\/","og_site_name":"MEYDAN.TV","article_published_time":"2023-10-28T08:25:57+00:00","article_modified_time":"2023-10-28T12:38:24+00:00","og_image":[{"width":1500,"height":1000,"url":"https:\/\/www.meydan.tv\/wp-content\/uploads\/untitled-1500-x-1000-px-1-3.jpg","type":"image\/jpeg"}],"author":"elli","twitter_card":"summary_large_image","twitter_creator":"@elli","schema":{"@context":"https:\/\/schema.org","@graph":[{"@type":"Article","@id":"https:\/\/www.meydan.tv\/az\/article\/sumqayitda-bir-ailenin-iki-uzvu-qetle-yetirilib-ikisi-ise-yaralanib\/#article","isPartOf":{"@id":"https:\/\/www.meydan.tv\/az\/article\/sumqayitda-bir-ailenin-iki-uzvu-qetle-yetirilib-ikisi-ise-yaralanib\/"},"author":{"name":"elli","@id":"https:\/\/www.meydan.tv\/az\/#\/schema\/person\/9cdbecf90d17180ce1dfbd95b08dcf47"},"headline":"Sumqay\u0131tda bir ail\u0259nin iki \u00fczv\u00fc q\u0259tl\u0259 yetirilib, ikisi is\u0259 yaralan\u0131b","datePublished":"2023-10-28T08:25:57+00:00","dateModified":"2023-10-28T12:38:24+00:00","mainEntityOfPage":{"@id":"https:\/\/www.meydan.tv\/az\/article\/sumqayitda-bir-ailenin-iki-uzvu-qetle-yetirilib-ikisi-ise-yaralanib\/"},"wordCount":312,"publisher":{"@id":"https:\/\/www.meydan.tv\/az\/#organization"},"image":{"@id":"https:\/\/www.meydan.tv\/az\/article\/sumqayitda-bir-ailenin-iki-uzvu-qetle-yetirilib-ikisi-ise-yaralanib\/#primaryimage"},"thumbnailUrl":"https:\/\/www.meydan.tv\/wp-content\/uploads\/untitled-1500-x-1000-px-1-3.jpg","articleSection":["B\u00f6lg\u0259","T\u00f6vsiy\u0259","X\u0259b\u0259rl\u0259r"],"inLanguage":"az"},{"@type":"WebPage","@id":"https:\/\/www.meydan.tv\/az\/article\/sumqayitda-bir-ailenin-iki-uzvu-qetle-yetirilib-ikisi-ise-yaralanib\/","url":"https:\/\/www.meydan.tv\/az\/article\/sumqayitda-bir-ailenin-iki-uzvu-qetle-yetirilib-ikisi-ise-yaralanib\/","name":"Sumqay\u0131tda bir ail\u0259nin iki \u00fczv\u00fc q\u0259tl\u0259 yetirilib, ikisi is\u0259 yaralan\u0131b - MEYDAN.TV","isPartOf":{"@id":"https:\/\/www.meydan.tv\/az\/#website"},"primaryImageOfPage":{"@id":"https:\/\/www.meydan.tv\/az\/article\/sumqayitda-bir-ailenin-iki-uzvu-qetle-yetirilib-ikisi-ise-yaralanib\/#primaryimage"},"image":{"@id":"https:\/\/www.meydan.tv\/az\/article\/sumqayitda-bir-ailenin-iki-uzvu-qetle-yetirilib-ikisi-ise-yaralanib\/#primaryimage"},"thumbnailUrl":"https:\/\/www.meydan.tv\/wp-content\/uploads\/untitled-1500-x-1000-px-1-3.jpg","datePublished":"2023-10-28T08:25:57+00:00","dateModified":"2023-10-28T12:38:24+00:00","breadcrumb":{"@id":"https:\/\/www.meydan.tv\/az\/article\/sumqayitda-bir-ailenin-iki-uzvu-qetle-yetirilib-ikisi-ise-yaralanib\/#breadcrumb"},"inLanguage":"az","potentialAction":[{"@type":"ReadAction","target":["https:\/\/www.meydan.tv\/az\/article\/sumqayitda-bir-ailenin-iki-uzvu-qetle-yetirilib-ikisi-ise-yaralanib\/"]}]},{"@type":"ImageObject","inLanguage":"az","@id":"https:\/\/www.meydan.tv\/az\/article\/sumqayitda-bir-ailenin-iki-uzvu-qetle-yetirilib-ikisi-ise-yaralanib\/#primaryimage","url":"https:\/\/www.meydan.tv\/wp-content\/uploads\/untitled-1500-x-1000-px-1-3.jpg","contentUrl":"https:\/\/www.meydan.tv\/wp-content\/uploads\/untitled-1500-x-1000-px-1-3.jpg","width":1500,"height":1000,"caption":"Da\u011fb\u0259yi F\u0259r\u0259cov. Foto: \"Facebook\""},{"@type":"BreadcrumbList","@id":"https:\/\/www.meydan.tv\/az\/article\/sumqayitda-bir-ailenin-iki-uzvu-qetle-yetirilib-ikisi-ise-yaralanib\/#breadcrumb","itemListElement":[{"@type":"ListItem","position":1,"name":"Ana s\u0259hif\u0259","item":"https:\/\/www.meydan.tv\/az\/"},{"@type":"ListItem","position":2,"name":"B\u00f6lg\u0259","item":"https:\/\/www.meydan.tv\/az\/section\/bolge\/"},{"@type":"ListItem","position":3,"name":"Sumqay\u0131tda bir ail\u0259nin iki \u00fczv\u00fc q\u0259tl\u0259 yetirilib, ikisi is\u0259 yaralan\u0131b"}]},{"@type":"WebSite","@id":"https:\/\/www.meydan.tv\/az\/#website","url":"https:\/\/www.meydan.tv\/az\/","name":"MEYDAN.TV","description":"Meydan TV Az\u0259rbaycan\u0131n media m\u0259kan\u0131ndak\u0131 alternativ s\u0259sidir","publisher":{"@id":"https:\/\/www.meydan.tv\/az\/#organization"},"potentialAction":[{"@type":"SearchAction","target":{"@type":"EntryPoint","urlTemplate":"https:\/\/www.meydan.tv\/az\/?s={search_term_string}"},"query-input":{"@type":"PropertyValueSpecification","valueRequired":true,"valueName":"search_term_string"}}],"inLanguage":"az"},{"@type":"Organization","@id":"https:\/\/www.meydan.tv\/az\/#organization","name":"Meydan TV","url":"https:\/\/www.meydan.tv\/az\/","logo":{"@type":"ImageObject","inLanguage":"az","@id":"https:\/\/www.meydan.tv\/az\/#\/schema\/logo\/image\/","url":"https:\/\/www.meydan.tv\/wp-content\/uploads\/2021\/07\/meydan-logo.svg","contentUrl":"https:\/\/www.meydan.tv\/wp-content\/uploads\/2021\/07\/meydan-logo.svg","width":195,"height":46,"caption":"Meydan TV"},"image":{"@id":"https:\/\/www.meydan.tv\/az\/#\/schema\/logo\/image\/"}},{"@type":"Person","@id":"https:\/\/www.meydan.tv\/az\/#\/schema\/person\/9cdbecf90d17180ce1dfbd95b08dcf47","name":"elli","sameAs":["https:\/\/x.com\/elli"]}]}},"_links":{"self":[{"href":"https:\/\/www.meydan.tv\/az\/wp-json\/wp\/v2\/posts\/289057","targetHints":{"allow":["GET"]}}],"collection":[{"href":"https:\/\/www.meydan.tv\/az\/wp-json\/wp\/v2\/posts"}],"about":[{"href":"https:\/\/www.meydan.tv\/az\/wp-json\/wp\/v2\/types\/post"}],"author":[{"embeddable":true,"href":"https:\/\/www.meydan.tv\/az\/wp-json\/wp\/v2\/users\/8"}],"replies":[{"embeddable":true,"href":"https:\/\/www.meydan.tv\/az\/wp-json\/wp\/v2\/comments?post=289057"}],"version-history":[{"count":2,"href":"https:\/\/www.meydan.tv\/az\/wp-json\/wp\/v2\/posts\/289057\/revisions"}],"predecessor-version":[{"id":289080,"href":"https:\/\/www.meydan.tv\/az\/wp-json\/wp\/v2\/posts\/289057\/revisions\/289080"}],"wp:featuredmedia":[{"embeddable":true,"href":"https:\/\/www.meydan.tv\/az\/wp-json\/wp\/v2\/media\/289077"}],"wp:attachment":[{"href":"https:\/\/www.meydan.tv\/az\/wp-json\/wp\/v2\/media?parent=289057"}],"wp:term":[{"taxonomy":"category","embeddable":true,"href":"https:\/\/www.meydan.tv\/az\/wp-json\/wp\/v2\/categories?post=289057"},{"taxonomy":"post_tag","embeddable":true,"href":"https:\/\/www.meydan.tv\/az\/wp-json\/wp\/v2\/tags?post=289057"}],"curies":[{"name":"wp","href":"https:\/\/api.w.org\/{rel}","templated":true}]}}