{"id":289045,"date":"2023-10-28T00:01:28","date_gmt":"2023-10-27T20:01:28","guid":{"rendered":"https:\/\/www.meydan.tv\/?p=289045"},"modified":"2023-10-28T00:01:31","modified_gmt":"2023-10-27T20:01:31","slug":"elcin-sadiqov-evez-zeynallinin-mehkemesinde-sahid-kimi-ifade-vere-bilmeyeceyini-deyib","status":"publish","type":"post","link":"https:\/\/www.meydan.tv\/az\/article\/elcin-sadiqov-evez-zeynallinin-mehkemesinde-sahid-kimi-ifade-vere-bilmeyeceyini-deyib\/","title":{"rendered":"El\u00e7in Sad\u0131qov \u018fv\u0259z Zeynall\u0131n\u0131n m\u0259hk\u0259m\u0259sind\u0259 \u015fahid kimi ifad\u0259 ver\u0259 bilm\u0259y\u0259c\u0259yini deyib"},"content":{"rendered":"\n<p><\/p>\n\n\n\n<p><strong><em>\u018fv\u0259z Zeynall\u0131 Elnur \u015e\u00fck\u00fcrovun ev dustaql\u0131\u011f\u0131na burax\u0131lmas\u0131 bar\u0259d\u0259 v\u0259sat\u0259t qald\u0131r\u0131b<\/em><\/strong><\/p>\n\n\n\n<p>\u201cXural TV\u201d internet televiziyas\u0131n\u0131n r\u0259hb\u0259ri \u018fv\u0259z Zeynall\u0131 v\u0259 \u201cS\u0259da TV\u201d adl\u0131 \u201cYoutube\u201d kanal\u0131n\u0131n idar\u0259edicisi Elnur \u015e\u00fck\u00fcrovun m\u0259hk\u0259m\u0259sin\u0259 v\u0259kil El\u00e7in Sad\u0131qov \u015fahid qismind\u0259 \u00e7a\u011f\u0131r\u0131l\u0131b. Lakin o, m\u0259hk\u0259m\u0259y\u0259 \u0259riz\u0259 g\u00f6nd\u0259r\u0259r\u0259k bildirib ki, \u015fahid kimi ifad\u0259 ver\u0259 bilm\u0259z. H\u0259min \u0259riz\u0259ni oktyabr\u0131n 27-d\u0259 Bak\u0131 A\u011f\u0131r Cinay\u0259tl\u0259r M\u0259hk\u0259m\u0259sind\u0259 \u018fv\u0259z Zeynall\u0131 v\u0259 Elnur \u015e\u00fck\u00fcrovun i\u015fin\u0259 baxan hakiml\u0259r kollegiyas\u0131 elan edib.<\/p>\n\n\n\n<p>\u018fv\u0259z Zeynall\u0131 2022-ci il sentyabr\u0131n 10-da \u201cBaku Steel Company\u201d MMC-nin ke\u00e7mi\u015f r\u0259hb\u0259ri Rasim M\u0259mm\u0259dovun h\u0259yat yolda\u015f\u0131 Mehriban M\u0259mm\u0259dovadan v\u0259kil El\u00e7in Sad\u0131qov vasit\u0259sil\u0259 20 min manat r\u00fc\u015fv\u0259t almaq ittiham\u0131yla h\u0259bs olunub. H\u0259min vaxt El\u00e7in Sad\u0131qov da cinay\u0259td\u0259 i\u015ftirak\u00e7\u0131l\u0131q ittiham\u0131yla h\u0259bs edilib. O, bir h\u0259ft\u0259 sonra \u2013 sentyabr\u0131n 17-d\u0259 ev dustaql\u0131\u011f\u0131na burax\u0131l\u0131b.<\/p>\n\n\n\n<p>\u018fv\u0259z Zeynall\u0131ya bundan \u0259lav\u0259 ba\u015fqa ittihamlar da verilib. H\u0259min ittihamlarda o, Elnur \u015e\u00fck\u00fcrovla \u0259lbirlikd\u0259 t\u0259qsirl\u0259ndirilir.<\/p>\n\n\n\n<p>El\u00e7in Sad\u0131qov is\u0259 m\u0259hz Rasim M\u0259mm\u0259dovun ail\u0259sind\u0259n 20 min manat al\u0131nmas\u0131 ittiham\u0131yla \u0259laq\u0259dar m\u0259hk\u0259m\u0259y\u0259 \u00e7a\u011f\u0131r\u0131l\u0131r. O, istintaqa ifad\u0259sind\u0259 pulu Mehriban M\u0259mm\u0259dovadan al\u0131b, \u018fv\u0259z Zeynall\u0131ya \u00e7atd\u0131rd\u0131\u011f\u0131n\u0131 deyib. \u018fv\u0259z Zeynall\u0131 is\u0259 v\u0259kilin yalan dan\u0131\u015fd\u0131\u011f\u0131n\u0131 bildirir.<\/p>\n\n\n\n<p>\u018fv\u0259z Zeynall\u0131 haqq\u0131nda cinay\u0259t i\u015fi m\u0259hk\u0259m\u0259y\u0259 g\u00f6nd\u0259ril\u0259nd\u0259 El\u00e7in Sad\u0131qovun haqq\u0131ndak\u0131 cinay\u0259t i\u015fi ayr\u0131lm\u0131\u015fd\u0131.<\/p>\n\n\n\n<p>El\u00e7in Sad\u0131qov m\u0259hk\u0259m\u0259y\u0259 g\u00f6nd\u0259rdiyi \u0259riz\u0259d\u0259 g\u00f6st\u0259rib ki, onunla ba\u011fl\u0131 cinay\u0259t i\u015fi ayr\u0131lsa da, haz\u0131rda cinay\u0259t t\u0259qibi davam edir, t\u0259qsirl\u0259ndiril\u0259n \u015f\u0259xs statusundad\u0131r. T\u0259qsirl\u0259ndiril\u0259n \u015f\u0259xs is\u0259 \u015fahid kimi dindiril\u0259 bilm\u0259z.<\/p>\n\n\n\n<p>O vur\u011fulay\u0131b ki, qanun \u015f\u0259xs\u0259 \u00f6z\u00fcn\u0259, valideynl\u0259rin\u0259, \u00f6vlad\u0131na v\u0259 dig\u0259r yax\u0131nlar\u0131na qar\u015f\u0131 ifad\u0259 verm\u0259m\u0259k h\u00fcququ tan\u0131y\u0131r:<\/p>\n\n\n\n<p>\u201cM\u0259nim t\u0259qsirl\u0259ndiril\u0259n \u015f\u0259xs statusum d\u0259yi\u015fm\u0259yib. T\u0259qsirl\u0259ndiril\u0259n \u015f\u0259xs oldu\u011fuma g\u00f6r\u0259 \u015fahid qismind\u0259 dindiril\u0259 bilm\u0259r\u0259m\u201d.<\/p>\n\n\n\n<p>El\u00e7in Sad\u0131qov \u0259lav\u0259 edib ki, istintaq zaman\u0131 verdiyi ifad\u0259l\u0259ri t\u0259sdiql\u0259yir v\u0259 onlar\u0131n n\u0259z\u0259r\u0259 al\u0131nmas\u0131n\u0131 ist\u0259yir.<\/p>\n\n\n\n<p>Lakin \u018fv\u0259z Zeynall\u0131 v\u0259 onun v\u0259kill\u0259ri El\u00e7in Sad\u0131qovun istintaqdak\u0131 ifad\u0259sinin s\u00fcbut kimi q\u0259buluna etiraz edib. V\u0259kill\u0259r El\u00e7in Sad\u0131qovun \u00f6z\u00fcn\u00fcn m\u0259hk\u0259m\u0259y\u0259 g\u0259lib ifad\u0259 verm\u0259sind\u0259 israr edibl\u0259r. \u201cXural TV\u201d r\u0259hb\u0259ri is\u0259 onun ifad\u0259sinin s\u00fcbutlar siyah\u0131s\u0131ndan \u00e7\u0131xar\u0131lmas\u0131n\u0131 t\u0259l\u0259b edib. \u018fv\u0259z Zeynall\u0131 hesab edir ki, El\u00e7in Sad\u0131qov \u00fcmumiyy\u0259tl\u0259, \u015fahid kimi ifad\u0259 ver\u0259 bilm\u0259z, \u00e7\u00fcnki t\u0259qsirl\u0259ndiril\u0259n \u015f\u0259xsdir.<\/p>\n\n\n\n<p>M\u0259hk\u0259m\u0259 q\u0259rar verib ki, El\u00e7in Sad\u0131qov bir daha m\u0259hk\u0259m\u0259y\u0259 \u00e7a\u011f\u0131r\u0131ls\u0131n.<\/p>\n\n\n\n<p>Daha sonra m\u0259hk\u0259m\u0259d\u0259 \u201cBaku Steel Company\u201d MMC-nin ke\u00e7mi\u015f r\u0259hb\u0259ri Rasim M\u0259mm\u0259dovun ail\u0259 s\u00fcr\u00fcc\u00fcs\u00fc Elnur Bax\u015f\u0259liyev dindirilib. Ard\u0131nca m\u0259hk\u0259m\u0259y\u0259 g\u0259lm\u0259y\u0259n \u015fahidl\u0259rin ifad\u0259l\u0259ri elan olunub.<\/p>\n\n\n\n<p>Milli M\u0259clisin \u00fczv\u00fc \u0130mamverdi \u0130smay\u0131lov da istintaq zaman\u0131 dindirilib v\u0259 onun ifad\u0259si elan olunub. O, ifad\u0259sind\u0259 bildirib ki, \u018fv\u0259z Zeynall\u0131n\u0131 bir il olar, \u201cXural TV\u201d internet televiziyas\u0131n\u0131n r\u0259hb\u0259ri kimi tan\u0131y\u0131rd\u0131. 2022-ci ilin fevral\u0131nda \u018fv\u0259z Zeynall\u0131 ona z\u0259ng ed\u0259r\u0259k, Elnur adl\u0131 tan\u0131\u015f\u0131n\u0131n Sumqay\u0131t \u015f\u0259h\u0259r \u0130cra Hakimiyy\u0259til\u0259 ba\u011fl\u0131 problemi oldu\u011funu deyib, onun h\u0259llind\u0259 k\u00f6m\u0259k etm\u0259sini xahi\u015f edib. Deputat\u0131n s\u00f6zl\u0259rin\u0259 g\u00f6r\u0259, \u018fv\u0259z Zeynall\u0131 il\u0259 m\u00fcnasib\u0259tl\u0259ri olmasa da, bu i\u015fd\u0259 k\u00f6m\u0259k etm\u0259y\u0259 q\u0259rar verib. O, Sumqay\u0131t \u015e\u0259h\u0259r \u0130cra Hakimiyy\u0259tinin ba\u015f\u00e7\u0131s\u0131 Zakir F\u0259r\u0259cova z\u0259ng el\u0259yib, ondan xahi\u015f edib ki, icra hakimiyy\u0259tinin ba\u015f memar\u0131 Elnuru q\u0259bul el\u0259sin:<\/p>\n\n\n\n<p>\u201c\u018fg\u0259r ist\u0259diyi m\u0259s\u0259l\u0259d\u0259 qanunsuzluq yoxdursa, ona k\u00f6m\u0259klik olunmas\u0131n\u0131 xahi\u015f el\u0259dim\u201d.<\/p>\n\n\n\n<p>Deputat ifad\u0259sind\u0259 \u0259lav\u0259 edib ki, sonradan o adam\u0131n icra hakimiyy\u0259tin\u0259 gedib-getm\u0259m\u0259sind\u0259n, i\u015fin n\u0259tic\u0259sind\u0259n x\u0259b\u0259ri olmay\u0131b.<\/p>\n\n\n\n<p>Deputat\u0131n ifad\u0259si elan olunandan sonra \u018fv\u0259z Zeynall\u0131 deyib ki, \u0130mamverdi \u0130smay\u0131lov yalan dan\u0131\u015f\u0131r, onunla m\u00fcnasib\u0259tl\u0259rinin tarixi uzundur: \u201c\u00c7ox vaxt \u00f6z\u00fc m\u0259n\u0259 z\u0259ng el\u0259yirdi. \u0130ndi qorxusundan bel\u0259 deyir. \u0130cra ba\u015f\u00e7\u0131s\u0131 \u018fziz \u018fzizov da \u00f6z\u00fcn\u00fc bel\u0259 apar\u0131rd\u0131 ki, guya m\u0259ni tan\u0131m\u0131r. Halbuki, C\u0259lilabada ged\u0259nd\u0259 \u00f6z\u00fc arxamca g\u0259lirdi\u201d.<\/p>\n\n\n\n<p>Daha sonra m\u0259hk\u0259m\u0259d\u0259 \u018fv\u0259z Zeynall\u0131 Elnur \u015e\u00fck\u00fcrovun ev dustaql\u0131\u011f\u0131na burax\u0131lmas\u0131 bar\u0259d\u0259 v\u0259sat\u0259t qald\u0131r\u0131b. O, Elnur \u015e\u00fck\u00fcrovun ail\u0259 v\u0259ziyy\u0259tinin a\u011f\u0131r oldu\u011funu vur\u011fulay\u0131b: \u201cBu adam\u0131n b\u00fct\u00fcn ail\u0259si repressiyaya m\u0259ruz qal\u0131b\u201d.<\/p>\n\n\n\n<p>Lakin v\u0259sat\u0259t t\u0259min olunmay\u0131b.<\/p>\n\n\n\n<p>M\u0259hk\u0259m\u0259 prosesi noyabr\u0131n 3-d\u0259 davam ed\u0259c\u0259k.<\/p>\n\n\n\n<p>\u018fv\u0259z Zeynall\u0131 v\u0259 Elnur \u015e\u00fck\u00fcrov r\u00fc\u015fv\u0259t alma, v\u0259zif\u0259li \u015f\u0259xsin q\u0259rar\u0131na qanunsuz t\u0259sir g\u00f6st\u0259rm\u0259 v\u0259 s. \u0259m\u0259ll\u0259rd\u0259 ittiham olunur. Lakin he\u00e7 biri \u00f6z\u00fcn\u00fc t\u0259qsirli bilmir.<\/p>\n\n\n\n<p>\u018fv\u0259z Zeynall\u0131 siyasi sifari\u015fl\u0259, onu susdurmaq \u00fc\u00e7\u00fcn \u015f\u0259rl\u0259nib h\u0259bs olundu\u011funu bildirir. Elnur \u015e\u00fck\u00fcrov is\u0259 \u018fv\u0259z Zeynall\u0131n\u0131n \u0259leyhin\u0259 t\u0259l\u0259b olunan ifad\u0259ni verm\u0259diyin\u0259 g\u00f6r\u0259 h\u0259bs edildiyini deyir.<\/p>\n","protected":false},"excerpt":{"rendered":"<p>\u018fv\u0259z Zeynall\u0131 Elnur \u015e\u00fck\u00fcrovun ev dustaql\u0131\u011f\u0131na burax\u0131lmas\u0131 bar\u0259d\u0259 v\u0259sat\u0259t qald\u0131r\u0131b &#8230; <\/p>\n<p class=\"read-more-container\"><a title=\"El\u00e7in Sad\u0131qov \u018fv\u0259z Zeynall\u0131n\u0131n m\u0259hk\u0259m\u0259sind\u0259 \u015fahid kimi ifad\u0259 ver\u0259 bilm\u0259y\u0259c\u0259yini deyib\" class=\"read-more button\" href=\"https:\/\/www.meydan.tv\/az\/article\/elcin-sadiqov-evez-zeynallinin-mehkemesinde-sahid-kimi-ifade-vere-bilmeyeceyini-deyib\/#more-289045\" aria-label=\"Read more about El\u00e7in Sad\u0131qov \u018fv\u0259z Zeynall\u0131n\u0131n m\u0259hk\u0259m\u0259sind\u0259 \u015fahid kimi ifad\u0259 ver\u0259 bilm\u0259y\u0259c\u0259yini deyib\">Davam\u0131<\/a><\/p>\n","protected":false},"author":13,"featured_media":255329,"comment_status":"closed","ping_status":"closed","sticky":false,"template":"","format":"standard","meta":{"_acf_changed":false,"_sitemap_exclude":false,"_sitemap_priority":"","_sitemap_frequency":"","footnotes":""},"categories":[62,79,56],"tags":[],"class_list":["post-289045","post","type-post","status-publish","format-standard","has-post-thumbnail","hentry","category-sosial","category-featured","category-xeberler","infinite-scroll-item","generate-columns","tablet-grid-50","mobile-grid-100","grid-parent","grid-33","no-featured-image-padding"],"acf":[],"yoast_head":"<!-- This site is optimized with the Yoast SEO plugin v27.5 - https:\/\/yoast.com\/product\/yoast-seo-wordpress\/ -->\n<title>El\u00e7in Sad\u0131qov \u018fv\u0259z Zeynall\u0131n\u0131n m\u0259hk\u0259m\u0259sind\u0259 \u015fahid kimi ifad\u0259 ver\u0259 bilm\u0259y\u0259c\u0259yini deyib - MEYDAN.TV<\/title>\n<meta name=\"robots\" content=\"index, follow, max-snippet:-1, max-image-preview:large, max-video-preview:-1\" \/>\n<link rel=\"canonical\" href=\"https:\/\/www.meydan.tv\/az\/article\/elcin-sadiqov-evez-zeynallinin-mehkemesinde-sahid-kimi-ifade-vere-bilmeyeceyini-deyib\/\" \/>\n<meta property=\"og:locale\" content=\"az_AZ\" \/>\n<meta property=\"og:type\" content=\"article\" \/>\n<meta property=\"og:title\" content=\"El\u00e7in Sad\u0131qov \u018fv\u0259z Zeynall\u0131n\u0131n m\u0259hk\u0259m\u0259sind\u0259 \u015fahid kimi ifad\u0259 ver\u0259 bilm\u0259y\u0259c\u0259yini deyib - MEYDAN.TV\" \/>\n<meta property=\"og:description\" content=\"\u018fv\u0259z Zeynall\u0131 Elnur \u015e\u00fck\u00fcrovun ev dustaql\u0131\u011f\u0131na burax\u0131lmas\u0131 bar\u0259d\u0259 v\u0259sat\u0259t qald\u0131r\u0131b ... Davam\u0131\" \/>\n<meta property=\"og:url\" content=\"https:\/\/www.meydan.tv\/az\/article\/elcin-sadiqov-evez-zeynallinin-mehkemesinde-sahid-kimi-ifade-vere-bilmeyeceyini-deyib\/\" \/>\n<meta property=\"og:site_name\" content=\"MEYDAN.TV\" \/>\n<meta property=\"article:published_time\" content=\"2023-10-27T20:01:28+00:00\" \/>\n<meta property=\"article:modified_time\" content=\"2023-10-27T20:01:31+00:00\" \/>\n<meta property=\"og:image\" content=\"https:\/\/www.meydan.tv\/wp-content\/uploads\/untitled_design__1_-3.png\" \/>\n\t<meta property=\"og:image:width\" content=\"2000\" \/>\n\t<meta property=\"og:image:height\" content=\"1000\" \/>\n\t<meta property=\"og:image:type\" content=\"image\/png\" \/>\n<meta name=\"author\" content=\"meri\" \/>\n<meta name=\"twitter:card\" content=\"summary_large_image\" \/>\n<script type=\"application\/ld+json\" class=\"yoast-schema-graph\">{\"@context\":\"https:\\\/\\\/schema.org\",\"@graph\":[{\"@type\":\"Article\",\"@id\":\"https:\\\/\\\/www.meydan.tv\\\/az\\\/article\\\/elcin-sadiqov-evez-zeynallinin-mehkemesinde-sahid-kimi-ifade-vere-bilmeyeceyini-deyib\\\/#article\",\"isPartOf\":{\"@id\":\"https:\\\/\\\/www.meydan.tv\\\/az\\\/article\\\/elcin-sadiqov-evez-zeynallinin-mehkemesinde-sahid-kimi-ifade-vere-bilmeyeceyini-deyib\\\/\"},\"author\":{\"name\":\"meri\",\"@id\":\"https:\\\/\\\/www.meydan.tv\\\/az\\\/#\\\/schema\\\/person\\\/f5399057f0b7fa223fa6c9b7c3321968\"},\"headline\":\"El\u00e7in Sad\u0131qov \u018fv\u0259z Zeynall\u0131n\u0131n m\u0259hk\u0259m\u0259sind\u0259 \u015fahid kimi ifad\u0259 ver\u0259 bilm\u0259y\u0259c\u0259yini deyib\",\"datePublished\":\"2023-10-27T20:01:28+00:00\",\"dateModified\":\"2023-10-27T20:01:31+00:00\",\"mainEntityOfPage\":{\"@id\":\"https:\\\/\\\/www.meydan.tv\\\/az\\\/article\\\/elcin-sadiqov-evez-zeynallinin-mehkemesinde-sahid-kimi-ifade-vere-bilmeyeceyini-deyib\\\/\"},\"wordCount\":1025,\"publisher\":{\"@id\":\"https:\\\/\\\/www.meydan.tv\\\/az\\\/#organization\"},\"image\":{\"@id\":\"https:\\\/\\\/www.meydan.tv\\\/az\\\/article\\\/elcin-sadiqov-evez-zeynallinin-mehkemesinde-sahid-kimi-ifade-vere-bilmeyeceyini-deyib\\\/#primaryimage\"},\"thumbnailUrl\":\"https:\\\/\\\/www.meydan.tv\\\/wp-content\\\/uploads\\\/untitled_design__1_-3.png\",\"articleSection\":[\"Sosial\",\"T\u00f6vsiy\u0259\",\"X\u0259b\u0259rl\u0259r\"],\"inLanguage\":\"az\"},{\"@type\":\"WebPage\",\"@id\":\"https:\\\/\\\/www.meydan.tv\\\/az\\\/article\\\/elcin-sadiqov-evez-zeynallinin-mehkemesinde-sahid-kimi-ifade-vere-bilmeyeceyini-deyib\\\/\",\"url\":\"https:\\\/\\\/www.meydan.tv\\\/az\\\/article\\\/elcin-sadiqov-evez-zeynallinin-mehkemesinde-sahid-kimi-ifade-vere-bilmeyeceyini-deyib\\\/\",\"name\":\"El\u00e7in Sad\u0131qov \u018fv\u0259z Zeynall\u0131n\u0131n m\u0259hk\u0259m\u0259sind\u0259 \u015fahid kimi ifad\u0259 ver\u0259 bilm\u0259y\u0259c\u0259yini deyib - MEYDAN.TV\",\"isPartOf\":{\"@id\":\"https:\\\/\\\/www.meydan.tv\\\/az\\\/#website\"},\"primaryImageOfPage\":{\"@id\":\"https:\\\/\\\/www.meydan.tv\\\/az\\\/article\\\/elcin-sadiqov-evez-zeynallinin-mehkemesinde-sahid-kimi-ifade-vere-bilmeyeceyini-deyib\\\/#primaryimage\"},\"image\":{\"@id\":\"https:\\\/\\\/www.meydan.tv\\\/az\\\/article\\\/elcin-sadiqov-evez-zeynallinin-mehkemesinde-sahid-kimi-ifade-vere-bilmeyeceyini-deyib\\\/#primaryimage\"},\"thumbnailUrl\":\"https:\\\/\\\/www.meydan.tv\\\/wp-content\\\/uploads\\\/untitled_design__1_-3.png\",\"datePublished\":\"2023-10-27T20:01:28+00:00\",\"dateModified\":\"2023-10-27T20:01:31+00:00\",\"breadcrumb\":{\"@id\":\"https:\\\/\\\/www.meydan.tv\\\/az\\\/article\\\/elcin-sadiqov-evez-zeynallinin-mehkemesinde-sahid-kimi-ifade-vere-bilmeyeceyini-deyib\\\/#breadcrumb\"},\"inLanguage\":\"az\",\"potentialAction\":[{\"@type\":\"ReadAction\",\"target\":[\"https:\\\/\\\/www.meydan.tv\\\/az\\\/article\\\/elcin-sadiqov-evez-zeynallinin-mehkemesinde-sahid-kimi-ifade-vere-bilmeyeceyini-deyib\\\/\"]}]},{\"@type\":\"ImageObject\",\"inLanguage\":\"az\",\"@id\":\"https:\\\/\\\/www.meydan.tv\\\/az\\\/article\\\/elcin-sadiqov-evez-zeynallinin-mehkemesinde-sahid-kimi-ifade-vere-bilmeyeceyini-deyib\\\/#primaryimage\",\"url\":\"https:\\\/\\\/www.meydan.tv\\\/wp-content\\\/uploads\\\/untitled_design__1_-3.png\",\"contentUrl\":\"https:\\\/\\\/www.meydan.tv\\\/wp-content\\\/uploads\\\/untitled_design__1_-3.png\",\"width\":2000,\"height\":1000,\"caption\":\"El\u00e7in Sad\u0131qov v\u0259 \u018fv\u0259z Zeynall\u0131. M\u0259nb\u0259: Meydan TV\"},{\"@type\":\"BreadcrumbList\",\"@id\":\"https:\\\/\\\/www.meydan.tv\\\/az\\\/article\\\/elcin-sadiqov-evez-zeynallinin-mehkemesinde-sahid-kimi-ifade-vere-bilmeyeceyini-deyib\\\/#breadcrumb\",\"itemListElement\":[{\"@type\":\"ListItem\",\"position\":1,\"name\":\"Ana s\u0259hif\u0259\",\"item\":\"https:\\\/\\\/www.meydan.tv\\\/az\\\/\"},{\"@type\":\"ListItem\",\"position\":2,\"name\":\"X\u0259b\u0259rl\u0259r\",\"item\":\"https:\\\/\\\/www.meydan.tv\\\/az\\\/section\\\/xeberler\\\/\"},{\"@type\":\"ListItem\",\"position\":3,\"name\":\"El\u00e7in Sad\u0131qov \u018fv\u0259z Zeynall\u0131n\u0131n m\u0259hk\u0259m\u0259sind\u0259 \u015fahid kimi ifad\u0259 ver\u0259 bilm\u0259y\u0259c\u0259yini deyib\"}]},{\"@type\":\"WebSite\",\"@id\":\"https:\\\/\\\/www.meydan.tv\\\/az\\\/#website\",\"url\":\"https:\\\/\\\/www.meydan.tv\\\/az\\\/\",\"name\":\"MEYDAN.TV\",\"description\":\"Meydan TV Az\u0259rbaycan\u0131n media m\u0259kan\u0131ndak\u0131 alternativ s\u0259sidir\",\"publisher\":{\"@id\":\"https:\\\/\\\/www.meydan.tv\\\/az\\\/#organization\"},\"potentialAction\":[{\"@type\":\"SearchAction\",\"target\":{\"@type\":\"EntryPoint\",\"urlTemplate\":\"https:\\\/\\\/www.meydan.tv\\\/az\\\/?s={search_term_string}\"},\"query-input\":{\"@type\":\"PropertyValueSpecification\",\"valueRequired\":true,\"valueName\":\"search_term_string\"}}],\"inLanguage\":\"az\"},{\"@type\":\"Organization\",\"@id\":\"https:\\\/\\\/www.meydan.tv\\\/az\\\/#organization\",\"name\":\"Meydan TV\",\"url\":\"https:\\\/\\\/www.meydan.tv\\\/az\\\/\",\"logo\":{\"@type\":\"ImageObject\",\"inLanguage\":\"az\",\"@id\":\"https:\\\/\\\/www.meydan.tv\\\/az\\\/#\\\/schema\\\/logo\\\/image\\\/\",\"url\":\"https:\\\/\\\/www.meydan.tv\\\/wp-content\\\/uploads\\\/2021\\\/07\\\/meydan-logo.svg\",\"contentUrl\":\"https:\\\/\\\/www.meydan.tv\\\/wp-content\\\/uploads\\\/2021\\\/07\\\/meydan-logo.svg\",\"width\":195,\"height\":46,\"caption\":\"Meydan TV\"},\"image\":{\"@id\":\"https:\\\/\\\/www.meydan.tv\\\/az\\\/#\\\/schema\\\/logo\\\/image\\\/\"}},{\"@type\":\"Person\",\"@id\":\"https:\\\/\\\/www.meydan.tv\\\/az\\\/#\\\/schema\\\/person\\\/f5399057f0b7fa223fa6c9b7c3321968\",\"name\":\"meri\"}]}<\/script>\n<!-- \/ Yoast SEO plugin. -->","yoast_head_json":{"title":"El\u00e7in Sad\u0131qov \u018fv\u0259z Zeynall\u0131n\u0131n m\u0259hk\u0259m\u0259sind\u0259 \u015fahid kimi ifad\u0259 ver\u0259 bilm\u0259y\u0259c\u0259yini deyib - MEYDAN.TV","robots":{"index":"index","follow":"follow","max-snippet":"max-snippet:-1","max-image-preview":"max-image-preview:large","max-video-preview":"max-video-preview:-1"},"canonical":"https:\/\/www.meydan.tv\/az\/article\/elcin-sadiqov-evez-zeynallinin-mehkemesinde-sahid-kimi-ifade-vere-bilmeyeceyini-deyib\/","og_locale":"az_AZ","og_type":"article","og_title":"El\u00e7in Sad\u0131qov \u018fv\u0259z Zeynall\u0131n\u0131n m\u0259hk\u0259m\u0259sind\u0259 \u015fahid kimi ifad\u0259 ver\u0259 bilm\u0259y\u0259c\u0259yini deyib - MEYDAN.TV","og_description":"\u018fv\u0259z Zeynall\u0131 Elnur \u015e\u00fck\u00fcrovun ev dustaql\u0131\u011f\u0131na burax\u0131lmas\u0131 bar\u0259d\u0259 v\u0259sat\u0259t qald\u0131r\u0131b ... Davam\u0131","og_url":"https:\/\/www.meydan.tv\/az\/article\/elcin-sadiqov-evez-zeynallinin-mehkemesinde-sahid-kimi-ifade-vere-bilmeyeceyini-deyib\/","og_site_name":"MEYDAN.TV","article_published_time":"2023-10-27T20:01:28+00:00","article_modified_time":"2023-10-27T20:01:31+00:00","og_image":[{"width":2000,"height":1000,"url":"https:\/\/www.meydan.tv\/wp-content\/uploads\/untitled_design__1_-3.png","type":"image\/png"}],"author":"meri","twitter_card":"summary_large_image","schema":{"@context":"https:\/\/schema.org","@graph":[{"@type":"Article","@id":"https:\/\/www.meydan.tv\/az\/article\/elcin-sadiqov-evez-zeynallinin-mehkemesinde-sahid-kimi-ifade-vere-bilmeyeceyini-deyib\/#article","isPartOf":{"@id":"https:\/\/www.meydan.tv\/az\/article\/elcin-sadiqov-evez-zeynallinin-mehkemesinde-sahid-kimi-ifade-vere-bilmeyeceyini-deyib\/"},"author":{"name":"meri","@id":"https:\/\/www.meydan.tv\/az\/#\/schema\/person\/f5399057f0b7fa223fa6c9b7c3321968"},"headline":"El\u00e7in Sad\u0131qov \u018fv\u0259z Zeynall\u0131n\u0131n m\u0259hk\u0259m\u0259sind\u0259 \u015fahid kimi ifad\u0259 ver\u0259 bilm\u0259y\u0259c\u0259yini deyib","datePublished":"2023-10-27T20:01:28+00:00","dateModified":"2023-10-27T20:01:31+00:00","mainEntityOfPage":{"@id":"https:\/\/www.meydan.tv\/az\/article\/elcin-sadiqov-evez-zeynallinin-mehkemesinde-sahid-kimi-ifade-vere-bilmeyeceyini-deyib\/"},"wordCount":1025,"publisher":{"@id":"https:\/\/www.meydan.tv\/az\/#organization"},"image":{"@id":"https:\/\/www.meydan.tv\/az\/article\/elcin-sadiqov-evez-zeynallinin-mehkemesinde-sahid-kimi-ifade-vere-bilmeyeceyini-deyib\/#primaryimage"},"thumbnailUrl":"https:\/\/www.meydan.tv\/wp-content\/uploads\/untitled_design__1_-3.png","articleSection":["Sosial","T\u00f6vsiy\u0259","X\u0259b\u0259rl\u0259r"],"inLanguage":"az"},{"@type":"WebPage","@id":"https:\/\/www.meydan.tv\/az\/article\/elcin-sadiqov-evez-zeynallinin-mehkemesinde-sahid-kimi-ifade-vere-bilmeyeceyini-deyib\/","url":"https:\/\/www.meydan.tv\/az\/article\/elcin-sadiqov-evez-zeynallinin-mehkemesinde-sahid-kimi-ifade-vere-bilmeyeceyini-deyib\/","name":"El\u00e7in Sad\u0131qov \u018fv\u0259z Zeynall\u0131n\u0131n m\u0259hk\u0259m\u0259sind\u0259 \u015fahid kimi ifad\u0259 ver\u0259 bilm\u0259y\u0259c\u0259yini deyib - MEYDAN.TV","isPartOf":{"@id":"https:\/\/www.meydan.tv\/az\/#website"},"primaryImageOfPage":{"@id":"https:\/\/www.meydan.tv\/az\/article\/elcin-sadiqov-evez-zeynallinin-mehkemesinde-sahid-kimi-ifade-vere-bilmeyeceyini-deyib\/#primaryimage"},"image":{"@id":"https:\/\/www.meydan.tv\/az\/article\/elcin-sadiqov-evez-zeynallinin-mehkemesinde-sahid-kimi-ifade-vere-bilmeyeceyini-deyib\/#primaryimage"},"thumbnailUrl":"https:\/\/www.meydan.tv\/wp-content\/uploads\/untitled_design__1_-3.png","datePublished":"2023-10-27T20:01:28+00:00","dateModified":"2023-10-27T20:01:31+00:00","breadcrumb":{"@id":"https:\/\/www.meydan.tv\/az\/article\/elcin-sadiqov-evez-zeynallinin-mehkemesinde-sahid-kimi-ifade-vere-bilmeyeceyini-deyib\/#breadcrumb"},"inLanguage":"az","potentialAction":[{"@type":"ReadAction","target":["https:\/\/www.meydan.tv\/az\/article\/elcin-sadiqov-evez-zeynallinin-mehkemesinde-sahid-kimi-ifade-vere-bilmeyeceyini-deyib\/"]}]},{"@type":"ImageObject","inLanguage":"az","@id":"https:\/\/www.meydan.tv\/az\/article\/elcin-sadiqov-evez-zeynallinin-mehkemesinde-sahid-kimi-ifade-vere-bilmeyeceyini-deyib\/#primaryimage","url":"https:\/\/www.meydan.tv\/wp-content\/uploads\/untitled_design__1_-3.png","contentUrl":"https:\/\/www.meydan.tv\/wp-content\/uploads\/untitled_design__1_-3.png","width":2000,"height":1000,"caption":"El\u00e7in Sad\u0131qov v\u0259 \u018fv\u0259z Zeynall\u0131. M\u0259nb\u0259: Meydan TV"},{"@type":"BreadcrumbList","@id":"https:\/\/www.meydan.tv\/az\/article\/elcin-sadiqov-evez-zeynallinin-mehkemesinde-sahid-kimi-ifade-vere-bilmeyeceyini-deyib\/#breadcrumb","itemListElement":[{"@type":"ListItem","position":1,"name":"Ana s\u0259hif\u0259","item":"https:\/\/www.meydan.tv\/az\/"},{"@type":"ListItem","position":2,"name":"X\u0259b\u0259rl\u0259r","item":"https:\/\/www.meydan.tv\/az\/section\/xeberler\/"},{"@type":"ListItem","position":3,"name":"El\u00e7in Sad\u0131qov \u018fv\u0259z Zeynall\u0131n\u0131n m\u0259hk\u0259m\u0259sind\u0259 \u015fahid kimi ifad\u0259 ver\u0259 bilm\u0259y\u0259c\u0259yini deyib"}]},{"@type":"WebSite","@id":"https:\/\/www.meydan.tv\/az\/#website","url":"https:\/\/www.meydan.tv\/az\/","name":"MEYDAN.TV","description":"Meydan TV Az\u0259rbaycan\u0131n media m\u0259kan\u0131ndak\u0131 alternativ s\u0259sidir","publisher":{"@id":"https:\/\/www.meydan.tv\/az\/#organization"},"potentialAction":[{"@type":"SearchAction","target":{"@type":"EntryPoint","urlTemplate":"https:\/\/www.meydan.tv\/az\/?s={search_term_string}"},"query-input":{"@type":"PropertyValueSpecification","valueRequired":true,"valueName":"search_term_string"}}],"inLanguage":"az"},{"@type":"Organization","@id":"https:\/\/www.meydan.tv\/az\/#organization","name":"Meydan TV","url":"https:\/\/www.meydan.tv\/az\/","logo":{"@type":"ImageObject","inLanguage":"az","@id":"https:\/\/www.meydan.tv\/az\/#\/schema\/logo\/image\/","url":"https:\/\/www.meydan.tv\/wp-content\/uploads\/2021\/07\/meydan-logo.svg","contentUrl":"https:\/\/www.meydan.tv\/wp-content\/uploads\/2021\/07\/meydan-logo.svg","width":195,"height":46,"caption":"Meydan TV"},"image":{"@id":"https:\/\/www.meydan.tv\/az\/#\/schema\/logo\/image\/"}},{"@type":"Person","@id":"https:\/\/www.meydan.tv\/az\/#\/schema\/person\/f5399057f0b7fa223fa6c9b7c3321968","name":"meri"}]}},"_links":{"self":[{"href":"https:\/\/www.meydan.tv\/az\/wp-json\/wp\/v2\/posts\/289045","targetHints":{"allow":["GET"]}}],"collection":[{"href":"https:\/\/www.meydan.tv\/az\/wp-json\/wp\/v2\/posts"}],"about":[{"href":"https:\/\/www.meydan.tv\/az\/wp-json\/wp\/v2\/types\/post"}],"author":[{"embeddable":true,"href":"https:\/\/www.meydan.tv\/az\/wp-json\/wp\/v2\/users\/13"}],"replies":[{"embeddable":true,"href":"https:\/\/www.meydan.tv\/az\/wp-json\/wp\/v2\/comments?post=289045"}],"version-history":[{"count":1,"href":"https:\/\/www.meydan.tv\/az\/wp-json\/wp\/v2\/posts\/289045\/revisions"}],"predecessor-version":[{"id":289046,"href":"https:\/\/www.meydan.tv\/az\/wp-json\/wp\/v2\/posts\/289045\/revisions\/289046"}],"wp:featuredmedia":[{"embeddable":true,"href":"https:\/\/www.meydan.tv\/az\/wp-json\/wp\/v2\/media\/255329"}],"wp:attachment":[{"href":"https:\/\/www.meydan.tv\/az\/wp-json\/wp\/v2\/media?parent=289045"}],"wp:term":[{"taxonomy":"category","embeddable":true,"href":"https:\/\/www.meydan.tv\/az\/wp-json\/wp\/v2\/categories?post=289045"},{"taxonomy":"post_tag","embeddable":true,"href":"https:\/\/www.meydan.tv\/az\/wp-json\/wp\/v2\/tags?post=289045"}],"curies":[{"name":"wp","href":"https:\/\/api.w.org\/{rel}","templated":true}]}}