{"id":289028,"date":"2023-10-27T17:02:47","date_gmt":"2023-10-27T13:02:47","guid":{"rendered":"https:\/\/www.meydan.tv\/?p=289028"},"modified":"2023-10-27T17:02:50","modified_gmt":"2023-10-27T13:02:50","slug":"sakinler-icra-numayendeleri-buradaki-yasayisi-cetinlesdirmek-ucun-bos-otaqlari-dagidirlar","status":"publish","type":"post","link":"https:\/\/www.meydan.tv\/az\/article\/sakinler-icra-numayendeleri-buradaki-yasayisi-cetinlesdirmek-ucun-bos-otaqlari-dagidirlar\/","title":{"rendered":"Sakinl\u0259r: \u0130cra n\u00fcmay\u0259nd\u0259l\u0259ri buradak\u0131 ya\u015fay\u0131\u015f\u0131 \u00e7\u0259tinl\u0259\u015fdirm\u0259k \u00fc\u00e7\u00fcn bo\u015f otaqlar\u0131 da\u011f\u0131d\u0131rlar"},"content":{"rendered":"\n<figure class=\"wp-block-embed is-type-video is-provider-youtube wp-block-embed-youtube wp-embed-aspect-16-9 wp-has-aspect-ratio\"><div class=\"wp-block-embed__wrapper\">\n<iframe title=\"Sakinl\u0259r: \u0130cra n\u00fcmay\u0259nd\u0259l\u0259ri buradak\u0131 ya\u015fay\u0131\u015f\u0131 \u00e7\u0259tinl\u0259\u015fdirm\u0259k \u00fc\u00e7\u00fcn bo\u015f otaqlar\u0131 da\u011f\u0131d\u0131rlar\" width=\"1200\" height=\"675\" data-src=\"https:\/\/www.youtube.com\/embed\/Gr4tLh6kpFc?feature=oembed\" frameborder=\"0\" allow=\"accelerometer; autoplay; clipboard-write; encrypted-media; gyroscope; picture-in-picture; web-share\" allowfullscreen src=\"data:image\/svg+xml;base64,PHN2ZyB3aWR0aD0iMSIgaGVpZ2h0PSIxIiB4bWxucz0iaHR0cDovL3d3dy53My5vcmcvMjAwMC9zdmciPjwvc3ZnPg==\" class=\"lazyload\" data-load-mode=\"1\"><\/iframe>\n<\/div><\/figure>\n\n\n\n<p>Bin\u0259q\u0259di \u0130cra Hakimiyy\u0259ti, A\u011fasadiq G\u0259rayb\u0259yli k\u00fc\u00e7\u0259sind\u0259 yerl\u0259\u015f\u0259n 9 n\u00f6mr\u0259li yataqxanan\u0131n 32 illik sakinl\u0259rini bu binadan \u00e7\u0131xarmaq ist\u0259yir. Amma c\u0259mi 30 500 manat m\u00fcqabilind\u0259. <\/p>\n\n\n\n<p>5 ildir bo\u015fald\u0131lma\u011fa ba\u015flayan yataqxanada 37 ail\u0259 qal\u0131b. Onlara t\u0259klif edil\u0259n m\u0259bl\u0259\u011fd\u0259n naraz\u0131d\u0131rlar.  <\/p>\n\n\n\n<p>Yataqxana sakini Mehriban R\u00fcst\u0259mov deyir ki, \u0130cra Hakimiyy\u0259ti yataqxanada olan 30 \u0259lav\u0259 ota\u011f\u0131 hesablam\u0131r:<\/p>\n\n\n\n<p><em> \u201c91-ci ild\u0259n ail\u0259m il\u0259 burada ya\u015fay\u0131r\u0131q. \u0130ki u\u015fa\u011f\u0131m var, anadang\u0259lm\u0259 \u0259lildirl\u0259r. Yolda\u015f\u0131m f\u0259hl\u0259 i\u015fl\u0259yib, ev n\u00f6vb\u0259sin\u0259 d\u00fc\u015f\u00fcb. Qa\u00e7q\u0131nlar g\u0259l\u0259nd\u0259n sonra h\u0259min ev qa\u00e7q\u0131nlara qald\u0131. O vaxtdan biz burada ya\u015fay\u0131r\u0131q. Sahibkar\u0131n n\u00fcmay\u0259nd\u0259si bura g\u0259l\u0259nd\u0259 birinci bizim evd\u0259n ba\u015flad\u0131lar. \u018flil q\u0131z\u0131m 10-cu m\u0259rt\u0259b\u0259d\u0259 qal\u0131r, onun evind\u0259n ba\u015flad\u0131lar ki, sahibkar biz\u0259 m\u0259lumat verib ki, art\u0131rmalara da pul hesablay\u0131b verin. Bu m\u0259lumat bizim \u0130cra Hakimiyy\u0259tin\u0259 \u00e7atd\u0131. Burada 30 \u0259lav\u0259 otaq var. M\u0259tb\u0259x, hamam, ayaqyolu. Bunlar\u0131 da otaq kimi n\u0259z\u0259r\u0259 al\u0131b, onlar\u0131n da pulunu m\u0259nims\u0259yirl\u0259r, bu art\u0131rmalar\u0131n da pulunu \u00f6z hesablar\u0131na m\u0259nims\u0259yirl\u0259r\u201d<\/em>.   <\/p>\n\n\n\n<p>Yataqxana sakini \u015e\u0259fiq\u0259 H\u00fcseynova deyir, m\u00fcv\u0259qq\u0259ti olaraq yerl\u0259\u015fdirildikl\u0259ri yataqxanada 32 ildir ki, ya\u015fay\u0131rlar. Yataqxana \u00e7oxdan onlar\u0131n \u00f6z\u0259l m\u00fclk\u00fcn\u0259 \u00e7evrilib:<\/p>\n\n\n\n<p><em>\u201cBizi m\u00fcv\u0259qq\u0259ti bura yerl\u0259\u015fdirdil\u0259r ki, ev n\u00f6vb\u0259si olanda ev alacaqd\u0131q. Yolda\u015flar\u0131m\u0131z ill\u0259rl\u0259 DSK-n\u0131n i\u015f\u00e7isi olub. Ev n\u00f6vb\u0259sin\u0259 dayan\u0131blar. Ev n\u00f6vb\u0259l\u0259ri \u00e7atan vaxt m\u00fcharib\u0259 ba\u015flay\u0131b, yar\u0131m\u00e7\u0131q qal\u0131b. Buran\u0131 m\u00fcv\u0259qq\u0259ti veribl\u0259r biz\u0259 ki, ya\u015fayaq. Biz d\u0259 ya\u015fayandan sonra prezidentimizin q\u0259rar\u0131 il\u0259 buran\u0131 \u00f6z\u0259ll\u0259\u015fdirdik. H\u0259r\u0259nin \u00f6z\u00fcn\u0259 bir otaq da olsa, \u00f6z\u0259ll\u0259\u015fdirmi\u015fik. Biz burada sakinik, s\u0259n\u0259dimiz var\u201d<\/em>.  <\/p>\n\n\n\n<p>Sakinl\u0259r dan\u0131\u015f\u0131r ki, \u0130cra Hakimiyy\u0259ti art\u0131q 2-ci d\u0259f\u0259dir onlar\u0131 m\u0259hk\u0259m\u0259y\u0259 verir. Amma he\u00e7 bir halda naraz\u0131 sakinl\u0259rl\u0259 raz\u0131la\u015fmaq ist\u0259mir: <\/p>\n\n\n\n<p><em>\u201c\u0130cra hakimiyy\u0259ti 37 ail\u0259ni m\u0259hk\u0259m\u0259y\u0259 verdi, ham\u0131 getdi m\u0259hk\u0259m\u0259y\u0259. M\u0259hk\u0259m\u0259 bax\u0131lmam\u0131\u015f qald\u0131, bizim xeyrimiz\u0259 qald\u0131. \u0130ndi t\u0259z\u0259d\u0259n yen\u0259 veribl\u0259r. M\u0259n ba\u015fa d\u00fc\u015fm\u00fcr\u0259m niy\u0259 verirl\u0259r? Bizi niy\u0259 m\u0259cburi \u00e7\u0131xard\u0131rlar? Ax\u0131 bizim \u00e7\u0131xar\u0131\u015f\u0131m\u0131z var, \u00f6z evimizdir\u201d<\/em>. <\/p>\n\n\n\n<p>\u015eikay\u0259t\u00e7il\u0259r onlara ev verilm\u0259sini t\u0259l\u0259b edir. 30 500 manata ev tapma\u011f\u0131n m\u00fcmk\u00fcns\u00fczl\u00fcy\u00fcnd\u0259n dan\u0131\u015f\u0131rlar: <\/p>\n\n\n\n<p><em>\u201cBuran\u0131 s\u00f6k\u00fcb, yerind\u0259 6 m\u0259rt\u0259b\u0259li bina tik\u0259c\u0259kl\u0259r. Biz d\u0259 deyirik ki, yerind\u0259 ev verin. Bir otaq deyil ? Birotaql\u0131 ev verin. Birotaql\u0131 ev 100-120 mindir. Ev almaq olmur. U\u015faqlar\u0131m\u0131z da art\u0131q b\u00f6y\u00fcy\u00fcb. G\u0259ldil\u0259r, da\u011f\u0131td\u0131lar. Sonradan burada ev alanlar pulu g\u00f6t\u00fcr\u00fcb \u00e7\u0131xd\u0131. Amma qanuni ev n\u00f6vb\u0259sind\u0259, idar\u0259 i\u015fl\u0259rind\u0259 \u00f6mr\u00fc boyu canlar\u0131n\u0131 \u00e7\u00fcr\u00fcd\u0259nl\u0259r  burada ya\u015fay\u0131rlar\u201d<\/em>. <\/p>\n\n\n\n<p>Yataqxana sakinl\u0259ri deyir ki, icra n\u00fcmay\u0259nd\u0259l\u0259ri onlar\u0131n buradak\u0131 ya\u015fay\u0131\u015f\u0131n\u0131 daha da \u00e7\u0259tinl\u0259\u015fdirm\u0259k \u00fc\u00e7\u00fcn bo\u015f otaqlar\u0131 da\u011f\u0131d\u0131rlar: <\/p>\n\n\n\n<p><em>\u201cLomu sal\u0131rlar, vururlar. U\u00e7mayan yeri d\u0259 \u00f6zl\u0259ri u\u00e7urdurlar\u201d<\/em>. <\/p>\n\n\n\n<p>Sakinl\u0259rin \u015fikay\u0259ti il\u0259 ba\u011fl\u0131 Bin\u0259q\u0259di Rayon \u0130cra Hakimiyy\u0259tind\u0259n a\u00e7\u0131qlama almaq m\u00fcmk\u00fcn olmay\u0131b.<\/p>\n","protected":false},"excerpt":{"rendered":"<p>Bin\u0259q\u0259di \u0130cra Hakimiyy\u0259ti, A\u011fasadiq G\u0259rayb\u0259yli k\u00fc\u00e7\u0259sind\u0259 yerl\u0259\u015f\u0259n 9 n\u00f6mr\u0259li yataqxanan\u0131n &#8230; <\/p>\n<p class=\"read-more-container\"><a title=\"Sakinl\u0259r: \u0130cra n\u00fcmay\u0259nd\u0259l\u0259ri buradak\u0131 ya\u015fay\u0131\u015f\u0131 \u00e7\u0259tinl\u0259\u015fdirm\u0259k \u00fc\u00e7\u00fcn bo\u015f otaqlar\u0131 da\u011f\u0131d\u0131rlar\" class=\"read-more button\" href=\"https:\/\/www.meydan.tv\/az\/article\/sakinler-icra-numayendeleri-buradaki-yasayisi-cetinlesdirmek-ucun-bos-otaqlari-dagidirlar\/#more-289028\" aria-label=\"Read more about Sakinl\u0259r: \u0130cra n\u00fcmay\u0259nd\u0259l\u0259ri buradak\u0131 ya\u015fay\u0131\u015f\u0131 \u00e7\u0259tinl\u0259\u015fdirm\u0259k \u00fc\u00e7\u00fcn bo\u015f otaqlar\u0131 da\u011f\u0131d\u0131rlar\">Davam\u0131<\/a><\/p>\n","protected":false},"author":12,"featured_media":289030,"comment_status":"closed","ping_status":"closed","sticky":false,"template":"","format":"standard","meta":{"_acf_changed":false,"_sitemap_exclude":false,"_sitemap_priority":"","_sitemap_frequency":"","footnotes":""},"categories":[62,63],"tags":[],"class_list":["post-289028","post","type-post","status-publish","format-standard","has-post-thumbnail","hentry","category-sosial","category-video-2","infinite-scroll-item","generate-columns","tablet-grid-50","mobile-grid-100","grid-parent","grid-33","no-featured-image-padding"],"acf":[],"yoast_head":"<!-- This site is optimized with the Yoast SEO plugin v27.4 - https:\/\/yoast.com\/product\/yoast-seo-wordpress\/ -->\n<title>Sakinl\u0259r: \u0130cra n\u00fcmay\u0259nd\u0259l\u0259ri buradak\u0131 ya\u015fay\u0131\u015f\u0131 \u00e7\u0259tinl\u0259\u015fdirm\u0259k \u00fc\u00e7\u00fcn bo\u015f otaqlar\u0131 da\u011f\u0131d\u0131rlar - MEYDAN.TV<\/title>\n<meta name=\"robots\" content=\"index, follow, max-snippet:-1, max-image-preview:large, max-video-preview:-1\" \/>\n<link rel=\"canonical\" href=\"https:\/\/www.meydan.tv\/az\/article\/sakinler-icra-numayendeleri-buradaki-yasayisi-cetinlesdirmek-ucun-bos-otaqlari-dagidirlar\/\" \/>\n<meta property=\"og:locale\" content=\"az_AZ\" \/>\n<meta property=\"og:type\" content=\"article\" \/>\n<meta property=\"og:title\" content=\"Sakinl\u0259r: \u0130cra n\u00fcmay\u0259nd\u0259l\u0259ri buradak\u0131 ya\u015fay\u0131\u015f\u0131 \u00e7\u0259tinl\u0259\u015fdirm\u0259k \u00fc\u00e7\u00fcn bo\u015f otaqlar\u0131 da\u011f\u0131d\u0131rlar - MEYDAN.TV\" \/>\n<meta property=\"og:description\" content=\"Bin\u0259q\u0259di \u0130cra Hakimiyy\u0259ti, A\u011fasadiq G\u0259rayb\u0259yli k\u00fc\u00e7\u0259sind\u0259 yerl\u0259\u015f\u0259n 9 n\u00f6mr\u0259li yataqxanan\u0131n ... Davam\u0131\" \/>\n<meta property=\"og:url\" content=\"https:\/\/www.meydan.tv\/az\/article\/sakinler-icra-numayendeleri-buradaki-yasayisi-cetinlesdirmek-ucun-bos-otaqlari-dagidirlar\/\" \/>\n<meta property=\"og:site_name\" content=\"MEYDAN.TV\" \/>\n<meta property=\"article:published_time\" content=\"2023-10-27T13:02:47+00:00\" \/>\n<meta property=\"article:modified_time\" content=\"2023-10-27T13:02:50+00:00\" \/>\n<meta property=\"og:image\" content=\"https:\/\/www.meydan.tv\/wp-content\/uploads\/reportaj-cover-1-19.png\" \/>\n\t<meta property=\"og:image:width\" content=\"1280\" \/>\n\t<meta property=\"og:image:height\" content=\"720\" \/>\n\t<meta property=\"og:image:type\" content=\"image\/png\" \/>\n<meta name=\"author\" content=\"aleks\" \/>\n<meta name=\"twitter:card\" content=\"summary_large_image\" \/>\n<script type=\"application\/ld+json\" class=\"yoast-schema-graph\">{\"@context\":\"https:\\\/\\\/schema.org\",\"@graph\":[{\"@type\":\"Article\",\"@id\":\"https:\\\/\\\/www.meydan.tv\\\/az\\\/article\\\/sakinler-icra-numayendeleri-buradaki-yasayisi-cetinlesdirmek-ucun-bos-otaqlari-dagidirlar\\\/#article\",\"isPartOf\":{\"@id\":\"https:\\\/\\\/www.meydan.tv\\\/az\\\/article\\\/sakinler-icra-numayendeleri-buradaki-yasayisi-cetinlesdirmek-ucun-bos-otaqlari-dagidirlar\\\/\"},\"author\":{\"name\":\"aleks\",\"@id\":\"https:\\\/\\\/www.meydan.tv\\\/az\\\/#\\\/schema\\\/person\\\/476e9360e593fa131d5d71d51866f8da\"},\"headline\":\"Sakinl\u0259r: \u0130cra n\u00fcmay\u0259nd\u0259l\u0259ri buradak\u0131 ya\u015fay\u0131\u015f\u0131 \u00e7\u0259tinl\u0259\u015fdirm\u0259k \u00fc\u00e7\u00fcn bo\u015f otaqlar\u0131 da\u011f\u0131d\u0131rlar\",\"datePublished\":\"2023-10-27T13:02:47+00:00\",\"dateModified\":\"2023-10-27T13:02:50+00:00\",\"mainEntityOfPage\":{\"@id\":\"https:\\\/\\\/www.meydan.tv\\\/az\\\/article\\\/sakinler-icra-numayendeleri-buradaki-yasayisi-cetinlesdirmek-ucun-bos-otaqlari-dagidirlar\\\/\"},\"wordCount\":638,\"publisher\":{\"@id\":\"https:\\\/\\\/www.meydan.tv\\\/az\\\/#organization\"},\"image\":{\"@id\":\"https:\\\/\\\/www.meydan.tv\\\/az\\\/article\\\/sakinler-icra-numayendeleri-buradaki-yasayisi-cetinlesdirmek-ucun-bos-otaqlari-dagidirlar\\\/#primaryimage\"},\"thumbnailUrl\":\"https:\\\/\\\/www.meydan.tv\\\/wp-content\\\/uploads\\\/reportaj-cover-1-19.png\",\"articleSection\":[\"Sosial\",\"Video\"],\"inLanguage\":\"az\"},{\"@type\":\"WebPage\",\"@id\":\"https:\\\/\\\/www.meydan.tv\\\/az\\\/article\\\/sakinler-icra-numayendeleri-buradaki-yasayisi-cetinlesdirmek-ucun-bos-otaqlari-dagidirlar\\\/\",\"url\":\"https:\\\/\\\/www.meydan.tv\\\/az\\\/article\\\/sakinler-icra-numayendeleri-buradaki-yasayisi-cetinlesdirmek-ucun-bos-otaqlari-dagidirlar\\\/\",\"name\":\"Sakinl\u0259r: \u0130cra n\u00fcmay\u0259nd\u0259l\u0259ri buradak\u0131 ya\u015fay\u0131\u015f\u0131 \u00e7\u0259tinl\u0259\u015fdirm\u0259k \u00fc\u00e7\u00fcn bo\u015f otaqlar\u0131 da\u011f\u0131d\u0131rlar - MEYDAN.TV\",\"isPartOf\":{\"@id\":\"https:\\\/\\\/www.meydan.tv\\\/az\\\/#website\"},\"primaryImageOfPage\":{\"@id\":\"https:\\\/\\\/www.meydan.tv\\\/az\\\/article\\\/sakinler-icra-numayendeleri-buradaki-yasayisi-cetinlesdirmek-ucun-bos-otaqlari-dagidirlar\\\/#primaryimage\"},\"image\":{\"@id\":\"https:\\\/\\\/www.meydan.tv\\\/az\\\/article\\\/sakinler-icra-numayendeleri-buradaki-yasayisi-cetinlesdirmek-ucun-bos-otaqlari-dagidirlar\\\/#primaryimage\"},\"thumbnailUrl\":\"https:\\\/\\\/www.meydan.tv\\\/wp-content\\\/uploads\\\/reportaj-cover-1-19.png\",\"datePublished\":\"2023-10-27T13:02:47+00:00\",\"dateModified\":\"2023-10-27T13:02:50+00:00\",\"breadcrumb\":{\"@id\":\"https:\\\/\\\/www.meydan.tv\\\/az\\\/article\\\/sakinler-icra-numayendeleri-buradaki-yasayisi-cetinlesdirmek-ucun-bos-otaqlari-dagidirlar\\\/#breadcrumb\"},\"inLanguage\":\"az\",\"potentialAction\":[{\"@type\":\"ReadAction\",\"target\":[\"https:\\\/\\\/www.meydan.tv\\\/az\\\/article\\\/sakinler-icra-numayendeleri-buradaki-yasayisi-cetinlesdirmek-ucun-bos-otaqlari-dagidirlar\\\/\"]}]},{\"@type\":\"ImageObject\",\"inLanguage\":\"az\",\"@id\":\"https:\\\/\\\/www.meydan.tv\\\/az\\\/article\\\/sakinler-icra-numayendeleri-buradaki-yasayisi-cetinlesdirmek-ucun-bos-otaqlari-dagidirlar\\\/#primaryimage\",\"url\":\"https:\\\/\\\/www.meydan.tv\\\/wp-content\\\/uploads\\\/reportaj-cover-1-19.png\",\"contentUrl\":\"https:\\\/\\\/www.meydan.tv\\\/wp-content\\\/uploads\\\/reportaj-cover-1-19.png\",\"width\":1280,\"height\":720},{\"@type\":\"BreadcrumbList\",\"@id\":\"https:\\\/\\\/www.meydan.tv\\\/az\\\/article\\\/sakinler-icra-numayendeleri-buradaki-yasayisi-cetinlesdirmek-ucun-bos-otaqlari-dagidirlar\\\/#breadcrumb\",\"itemListElement\":[{\"@type\":\"ListItem\",\"position\":1,\"name\":\"Ana s\u0259hif\u0259\",\"item\":\"https:\\\/\\\/www.meydan.tv\\\/az\\\/\"},{\"@type\":\"ListItem\",\"position\":2,\"name\":\"Video\",\"item\":\"https:\\\/\\\/www.meydan.tv\\\/az\\\/section\\\/video-2\\\/\"},{\"@type\":\"ListItem\",\"position\":3,\"name\":\"Sakinl\u0259r: \u0130cra n\u00fcmay\u0259nd\u0259l\u0259ri buradak\u0131 ya\u015fay\u0131\u015f\u0131 \u00e7\u0259tinl\u0259\u015fdirm\u0259k \u00fc\u00e7\u00fcn bo\u015f otaqlar\u0131 da\u011f\u0131d\u0131rlar\"}]},{\"@type\":\"WebSite\",\"@id\":\"https:\\\/\\\/www.meydan.tv\\\/az\\\/#website\",\"url\":\"https:\\\/\\\/www.meydan.tv\\\/az\\\/\",\"name\":\"MEYDAN.TV\",\"description\":\"Meydan TV Az\u0259rbaycan\u0131n media m\u0259kan\u0131ndak\u0131 alternativ s\u0259sidir\",\"publisher\":{\"@id\":\"https:\\\/\\\/www.meydan.tv\\\/az\\\/#organization\"},\"potentialAction\":[{\"@type\":\"SearchAction\",\"target\":{\"@type\":\"EntryPoint\",\"urlTemplate\":\"https:\\\/\\\/www.meydan.tv\\\/az\\\/?s={search_term_string}\"},\"query-input\":{\"@type\":\"PropertyValueSpecification\",\"valueRequired\":true,\"valueName\":\"search_term_string\"}}],\"inLanguage\":\"az\"},{\"@type\":\"Organization\",\"@id\":\"https:\\\/\\\/www.meydan.tv\\\/az\\\/#organization\",\"name\":\"Meydan TV\",\"url\":\"https:\\\/\\\/www.meydan.tv\\\/az\\\/\",\"logo\":{\"@type\":\"ImageObject\",\"inLanguage\":\"az\",\"@id\":\"https:\\\/\\\/www.meydan.tv\\\/az\\\/#\\\/schema\\\/logo\\\/image\\\/\",\"url\":\"https:\\\/\\\/www.meydan.tv\\\/wp-content\\\/uploads\\\/2021\\\/07\\\/meydan-logo.svg\",\"contentUrl\":\"https:\\\/\\\/www.meydan.tv\\\/wp-content\\\/uploads\\\/2021\\\/07\\\/meydan-logo.svg\",\"width\":195,\"height\":46,\"caption\":\"Meydan TV\"},\"image\":{\"@id\":\"https:\\\/\\\/www.meydan.tv\\\/az\\\/#\\\/schema\\\/logo\\\/image\\\/\"}},{\"@type\":\"Person\",\"@id\":\"https:\\\/\\\/www.meydan.tv\\\/az\\\/#\\\/schema\\\/person\\\/476e9360e593fa131d5d71d51866f8da\",\"name\":\"aleks\"}]}<\/script>\n<!-- \/ Yoast SEO plugin. -->","yoast_head_json":{"title":"Sakinl\u0259r: \u0130cra n\u00fcmay\u0259nd\u0259l\u0259ri buradak\u0131 ya\u015fay\u0131\u015f\u0131 \u00e7\u0259tinl\u0259\u015fdirm\u0259k \u00fc\u00e7\u00fcn bo\u015f otaqlar\u0131 da\u011f\u0131d\u0131rlar - MEYDAN.TV","robots":{"index":"index","follow":"follow","max-snippet":"max-snippet:-1","max-image-preview":"max-image-preview:large","max-video-preview":"max-video-preview:-1"},"canonical":"https:\/\/www.meydan.tv\/az\/article\/sakinler-icra-numayendeleri-buradaki-yasayisi-cetinlesdirmek-ucun-bos-otaqlari-dagidirlar\/","og_locale":"az_AZ","og_type":"article","og_title":"Sakinl\u0259r: \u0130cra n\u00fcmay\u0259nd\u0259l\u0259ri buradak\u0131 ya\u015fay\u0131\u015f\u0131 \u00e7\u0259tinl\u0259\u015fdirm\u0259k \u00fc\u00e7\u00fcn bo\u015f otaqlar\u0131 da\u011f\u0131d\u0131rlar - MEYDAN.TV","og_description":"Bin\u0259q\u0259di \u0130cra Hakimiyy\u0259ti, A\u011fasadiq G\u0259rayb\u0259yli k\u00fc\u00e7\u0259sind\u0259 yerl\u0259\u015f\u0259n 9 n\u00f6mr\u0259li yataqxanan\u0131n ... Davam\u0131","og_url":"https:\/\/www.meydan.tv\/az\/article\/sakinler-icra-numayendeleri-buradaki-yasayisi-cetinlesdirmek-ucun-bos-otaqlari-dagidirlar\/","og_site_name":"MEYDAN.TV","article_published_time":"2023-10-27T13:02:47+00:00","article_modified_time":"2023-10-27T13:02:50+00:00","og_image":[{"width":1280,"height":720,"url":"https:\/\/www.meydan.tv\/wp-content\/uploads\/reportaj-cover-1-19.png","type":"image\/png"}],"author":"aleks","twitter_card":"summary_large_image","schema":{"@context":"https:\/\/schema.org","@graph":[{"@type":"Article","@id":"https:\/\/www.meydan.tv\/az\/article\/sakinler-icra-numayendeleri-buradaki-yasayisi-cetinlesdirmek-ucun-bos-otaqlari-dagidirlar\/#article","isPartOf":{"@id":"https:\/\/www.meydan.tv\/az\/article\/sakinler-icra-numayendeleri-buradaki-yasayisi-cetinlesdirmek-ucun-bos-otaqlari-dagidirlar\/"},"author":{"name":"aleks","@id":"https:\/\/www.meydan.tv\/az\/#\/schema\/person\/476e9360e593fa131d5d71d51866f8da"},"headline":"Sakinl\u0259r: \u0130cra n\u00fcmay\u0259nd\u0259l\u0259ri buradak\u0131 ya\u015fay\u0131\u015f\u0131 \u00e7\u0259tinl\u0259\u015fdirm\u0259k \u00fc\u00e7\u00fcn bo\u015f otaqlar\u0131 da\u011f\u0131d\u0131rlar","datePublished":"2023-10-27T13:02:47+00:00","dateModified":"2023-10-27T13:02:50+00:00","mainEntityOfPage":{"@id":"https:\/\/www.meydan.tv\/az\/article\/sakinler-icra-numayendeleri-buradaki-yasayisi-cetinlesdirmek-ucun-bos-otaqlari-dagidirlar\/"},"wordCount":638,"publisher":{"@id":"https:\/\/www.meydan.tv\/az\/#organization"},"image":{"@id":"https:\/\/www.meydan.tv\/az\/article\/sakinler-icra-numayendeleri-buradaki-yasayisi-cetinlesdirmek-ucun-bos-otaqlari-dagidirlar\/#primaryimage"},"thumbnailUrl":"https:\/\/www.meydan.tv\/wp-content\/uploads\/reportaj-cover-1-19.png","articleSection":["Sosial","Video"],"inLanguage":"az"},{"@type":"WebPage","@id":"https:\/\/www.meydan.tv\/az\/article\/sakinler-icra-numayendeleri-buradaki-yasayisi-cetinlesdirmek-ucun-bos-otaqlari-dagidirlar\/","url":"https:\/\/www.meydan.tv\/az\/article\/sakinler-icra-numayendeleri-buradaki-yasayisi-cetinlesdirmek-ucun-bos-otaqlari-dagidirlar\/","name":"Sakinl\u0259r: \u0130cra n\u00fcmay\u0259nd\u0259l\u0259ri buradak\u0131 ya\u015fay\u0131\u015f\u0131 \u00e7\u0259tinl\u0259\u015fdirm\u0259k \u00fc\u00e7\u00fcn bo\u015f otaqlar\u0131 da\u011f\u0131d\u0131rlar - MEYDAN.TV","isPartOf":{"@id":"https:\/\/www.meydan.tv\/az\/#website"},"primaryImageOfPage":{"@id":"https:\/\/www.meydan.tv\/az\/article\/sakinler-icra-numayendeleri-buradaki-yasayisi-cetinlesdirmek-ucun-bos-otaqlari-dagidirlar\/#primaryimage"},"image":{"@id":"https:\/\/www.meydan.tv\/az\/article\/sakinler-icra-numayendeleri-buradaki-yasayisi-cetinlesdirmek-ucun-bos-otaqlari-dagidirlar\/#primaryimage"},"thumbnailUrl":"https:\/\/www.meydan.tv\/wp-content\/uploads\/reportaj-cover-1-19.png","datePublished":"2023-10-27T13:02:47+00:00","dateModified":"2023-10-27T13:02:50+00:00","breadcrumb":{"@id":"https:\/\/www.meydan.tv\/az\/article\/sakinler-icra-numayendeleri-buradaki-yasayisi-cetinlesdirmek-ucun-bos-otaqlari-dagidirlar\/#breadcrumb"},"inLanguage":"az","potentialAction":[{"@type":"ReadAction","target":["https:\/\/www.meydan.tv\/az\/article\/sakinler-icra-numayendeleri-buradaki-yasayisi-cetinlesdirmek-ucun-bos-otaqlari-dagidirlar\/"]}]},{"@type":"ImageObject","inLanguage":"az","@id":"https:\/\/www.meydan.tv\/az\/article\/sakinler-icra-numayendeleri-buradaki-yasayisi-cetinlesdirmek-ucun-bos-otaqlari-dagidirlar\/#primaryimage","url":"https:\/\/www.meydan.tv\/wp-content\/uploads\/reportaj-cover-1-19.png","contentUrl":"https:\/\/www.meydan.tv\/wp-content\/uploads\/reportaj-cover-1-19.png","width":1280,"height":720},{"@type":"BreadcrumbList","@id":"https:\/\/www.meydan.tv\/az\/article\/sakinler-icra-numayendeleri-buradaki-yasayisi-cetinlesdirmek-ucun-bos-otaqlari-dagidirlar\/#breadcrumb","itemListElement":[{"@type":"ListItem","position":1,"name":"Ana s\u0259hif\u0259","item":"https:\/\/www.meydan.tv\/az\/"},{"@type":"ListItem","position":2,"name":"Video","item":"https:\/\/www.meydan.tv\/az\/section\/video-2\/"},{"@type":"ListItem","position":3,"name":"Sakinl\u0259r: \u0130cra n\u00fcmay\u0259nd\u0259l\u0259ri buradak\u0131 ya\u015fay\u0131\u015f\u0131 \u00e7\u0259tinl\u0259\u015fdirm\u0259k \u00fc\u00e7\u00fcn bo\u015f otaqlar\u0131 da\u011f\u0131d\u0131rlar"}]},{"@type":"WebSite","@id":"https:\/\/www.meydan.tv\/az\/#website","url":"https:\/\/www.meydan.tv\/az\/","name":"MEYDAN.TV","description":"Meydan TV Az\u0259rbaycan\u0131n media m\u0259kan\u0131ndak\u0131 alternativ s\u0259sidir","publisher":{"@id":"https:\/\/www.meydan.tv\/az\/#organization"},"potentialAction":[{"@type":"SearchAction","target":{"@type":"EntryPoint","urlTemplate":"https:\/\/www.meydan.tv\/az\/?s={search_term_string}"},"query-input":{"@type":"PropertyValueSpecification","valueRequired":true,"valueName":"search_term_string"}}],"inLanguage":"az"},{"@type":"Organization","@id":"https:\/\/www.meydan.tv\/az\/#organization","name":"Meydan TV","url":"https:\/\/www.meydan.tv\/az\/","logo":{"@type":"ImageObject","inLanguage":"az","@id":"https:\/\/www.meydan.tv\/az\/#\/schema\/logo\/image\/","url":"https:\/\/www.meydan.tv\/wp-content\/uploads\/2021\/07\/meydan-logo.svg","contentUrl":"https:\/\/www.meydan.tv\/wp-content\/uploads\/2021\/07\/meydan-logo.svg","width":195,"height":46,"caption":"Meydan TV"},"image":{"@id":"https:\/\/www.meydan.tv\/az\/#\/schema\/logo\/image\/"}},{"@type":"Person","@id":"https:\/\/www.meydan.tv\/az\/#\/schema\/person\/476e9360e593fa131d5d71d51866f8da","name":"aleks"}]}},"_links":{"self":[{"href":"https:\/\/www.meydan.tv\/az\/wp-json\/wp\/v2\/posts\/289028","targetHints":{"allow":["GET"]}}],"collection":[{"href":"https:\/\/www.meydan.tv\/az\/wp-json\/wp\/v2\/posts"}],"about":[{"href":"https:\/\/www.meydan.tv\/az\/wp-json\/wp\/v2\/types\/post"}],"author":[{"embeddable":true,"href":"https:\/\/www.meydan.tv\/az\/wp-json\/wp\/v2\/users\/12"}],"replies":[{"embeddable":true,"href":"https:\/\/www.meydan.tv\/az\/wp-json\/wp\/v2\/comments?post=289028"}],"version-history":[{"count":3,"href":"https:\/\/www.meydan.tv\/az\/wp-json\/wp\/v2\/posts\/289028\/revisions"}],"predecessor-version":[{"id":289035,"href":"https:\/\/www.meydan.tv\/az\/wp-json\/wp\/v2\/posts\/289028\/revisions\/289035"}],"wp:featuredmedia":[{"embeddable":true,"href":"https:\/\/www.meydan.tv\/az\/wp-json\/wp\/v2\/media\/289030"}],"wp:attachment":[{"href":"https:\/\/www.meydan.tv\/az\/wp-json\/wp\/v2\/media?parent=289028"}],"wp:term":[{"taxonomy":"category","embeddable":true,"href":"https:\/\/www.meydan.tv\/az\/wp-json\/wp\/v2\/categories?post=289028"},{"taxonomy":"post_tag","embeddable":true,"href":"https:\/\/www.meydan.tv\/az\/wp-json\/wp\/v2\/tags?post=289028"}],"curies":[{"name":"wp","href":"https:\/\/api.w.org\/{rel}","templated":true}]}}