{"id":289018,"date":"2023-10-27T15:08:35","date_gmt":"2023-10-27T11:08:35","guid":{"rendered":"https:\/\/www.meydan.tv\/?p=289018"},"modified":"2023-10-27T22:10:33","modified_gmt":"2023-10-27T18:10:33","slug":"ictimai-feallarin-hebsi-tenqidi-fikirler-qadagan-olunmus-informasiyadir","status":"publish","type":"post","link":"https:\/\/www.meydan.tv\/az\/article\/ictimai-feallarin-hebsi-tenqidi-fikirler-qadagan-olunmus-informasiyadir\/","title":{"rendered":"\u0130ctimai f\u0259allar\u0131n h\u0259bsi: T\u0259nqidi fikirl\u0259r qada\u011fan olunmu\u015f informasiyad\u0131r?"},"content":{"rendered":"\n<p><\/p>\n\n\n\n<p><strong><em>H\u00fcquq\u015f\u00fcnaslar hesab edir ki, inzibati h\u0259bsl\u0259r ifad\u0259 azadl\u0131\u011f\u0131 bax\u0131m\u0131ndan \u00e7ox ciddi problem yarad\u0131r<\/em><\/strong><\/p>\n\n\n\n<p>Az\u0259rbaycanda son aylarda ictimai f\u0259allara, m\u00fcxalif\u0259t\u00e7il\u0259r\u0259 qar\u015f\u0131 t\u0259zyiq v\u0259 inzibati h\u0259bsl\u0259rin artd\u0131\u011f\u0131 bildirilir.<\/p>\n\n\n\n<p>Bu hal\u0131n \u0259sas\u0259n 2023-c\u00fc il sentyabr\u0131n 19-da Qaraba\u011fda ke\u00e7iril\u0259n iki g\u00fcnl\u00fck h\u0259rbi \u0259m\u0259liyyatlardan sonra \u00e7oxald\u0131\u011f\u0131 vur\u011fulan\u0131r.<\/p>\n\n\n\n<p>H\u0259bs olunanlar\u0131n \u0259ks\u0259riyy\u0259tin\u0259 qar\u015f\u0131 qada\u011fan olunmu\u015f informasiyalar\u0131n yay\u0131lmas\u0131 ittiham\u0131 ir\u0259li s\u00fcr\u00fcl\u00fcb.<\/p>\n\n\n\n<p>Onlar\u0131n yax\u0131nlar\u0131 v\u0259 h\u00fcquq-m\u00fcdafi\u0259\u00e7il\u0259ri hesab edirl\u0259r ki, h\u0259min \u015f\u0259xsl\u0259r yazd\u0131qlar\u0131 t\u0259nqidi fikirl\u0259r\u0259, f\u0259aliyy\u0259tl\u0259rin\u0259 g\u00f6r\u0259 t\u0259qib v\u0259 h\u0259bs olunublar.<\/p>\n\n\n\n<p>H\u00fcquq\u015f\u00fcnas \u018fl\u0259sg\u0259r M\u0259mm\u0259dli Meydan TV-y\u0259 deyir ki, h\u0259min \u015f\u0259xsl\u0259r\u0259 y\u00f6n\u0259lik inzibati h\u0259bsl\u0259r ifad\u0259 azadl\u0131\u011f\u0131 bax\u0131m\u0131ndan \u00e7ox ciddi problem yaradan m\u0259qamd\u0131r:<\/p>\n\n\n<div class=\"wp-block-image\">\n<figure class=\"alignleft size-full is-resized\"><img decoding=\"async\" width=\"1200\" height=\"801\" data-src=\"https:\/\/www.meydan.tv\/wp-content\/uploads\/nlq2353.jpg\" alt=\"\" class=\"wp-image-267644 lazyload\" style=\"--smush-placeholder-width: 1200px; --smush-placeholder-aspect-ratio: 1200\/801;aspect-ratio:1.4981273408239701;width:440px;height:auto\" src=\"data:image\/svg+xml;base64,PHN2ZyB3aWR0aD0iMSIgaGVpZ2h0PSIxIiB4bWxucz0iaHR0cDovL3d3dy53My5vcmcvMjAwMC9zdmciPjwvc3ZnPg==\" \/><figcaption class=\"wp-element-caption\">\u018fl\u0259sg\u0259r M\u0259mm\u0259dli. Foto: Meydan TV<\/figcaption><\/figure>\n<\/div>\n\n\n<p><em>\u201c\u015e\u0259xsin n\u0259yis\u0259 yay\u0131b-yaymad\u0131\u011f\u0131n\u0131, yayd\u0131\u011f\u0131n\u0131n sirr olub-olmad\u0131\u011f\u0131n\u0131, qanunla yol veril\u0259n olub-olmad\u0131\u011f\u0131n\u0131 hans\u0131sa m\u0259murun m\u00fclahiz\u0259si il\u0259 m\u00fc\u0259yy\u0259n etm\u0259k olmaz. Buna h\u00f6km\u0259n pe\u015f\u0259kar yana\u015fma g\u0259r\u0259kdir v\u0259 ifad\u0259 azadl\u0131\u011f\u0131na m\u00fcdaxil\u0259dir. Bu, bir inzibati q\u0259rarla \u015f\u0259xsin azadl\u0131\u011f\u0131n\u0131 m\u0259hdudla\u015fd\u0131racaq \u015f\u0259kild\u0259 olmamal\u0131d\u0131r. Hans\u0131sa pozuntuya yol verdiyi, he\u00e7 bir s\u00fcbut t\u0259qdim olunmadan, \u0259sasland\u0131rmadan, ekspertiza ke\u00e7irilm\u0259d\u0259n ayl\u0131q inzibati bir q\u0259rarm\u0131\u015f kimi edilm\u0259si do\u011fru deyil\u201d.<\/em><\/p>\n\n\n\n<p>H\u00fcquq\u015f\u00fcnas Xalid A\u011f\u0259liyev Meydan TV-y\u0259 deyir ki, 2017-ci ild\u0259 \u201c\u0130nformasiya, informasiyala\u015fd\u0131rma v\u0259 informasiyan\u0131n m\u00fchafiz\u0259si haqq\u0131nda\u201d qanuna dola\u015f\u0131q, ayd\u0131n olmayan, ifad\u0259 azadl\u0131\u011f\u0131na m\u00fcdaxil\u0259l\u0259r \u00fc\u00e7\u00fcn geni\u015f imkanlar yaradan d\u0259yi\u015fiklikl\u0259r edilib:<\/p>\n\n\n<div class=\"wp-block-image\">\n<figure class=\"alignright size-full is-resized\"><img decoding=\"async\" width=\"1200\" height=\"675\" data-src=\"https:\/\/www.meydan.tv\/wp-content\/uploads\/312215888_5569776356393192_3558032749285961189_n.png\" alt=\"\" class=\"wp-image-259027 lazyload\" style=\"--smush-placeholder-width: 1200px; --smush-placeholder-aspect-ratio: 1200\/675;aspect-ratio:1.7777777777777777;width:405px;height:auto\" src=\"data:image\/svg+xml;base64,PHN2ZyB3aWR0aD0iMSIgaGVpZ2h0PSIxIiB4bWxucz0iaHR0cDovL3d3dy53My5vcmcvMjAwMC9zdmciPjwvc3ZnPg==\" \/><figcaption class=\"wp-element-caption\">Xalid A\u011faliyev. Foto: Meydan TV<\/figcaption><\/figure>\n<\/div>\n\n\n<p><em>\u201cQanuna edil\u0259n d\u0259yi\u015fiklik d\u0259 \u00e7ox yay\u011f\u0131n t\u0259nziml\u0259m\u0259dir, ayd\u0131n deyil. Bu da sui-istifad\u0259l\u0259r\u0259 geni\u015f imkanlar a\u00e7\u0131r. S\u0131rf qanunun m\u0259tnind\u0259n \u00e7\u0131x\u0131\u015f ed\u0259nd\u0259, bel\u0259 m\u0259lumatlar\u0131n yay\u0131lmas\u0131na g\u00f6r\u0259 m\u0259suliyy\u0259tin t\u0259tbiq edilm\u0259si qanuni g\u00f6r\u00fcn\u0259 bil\u0259r. Amma \u00fcmumilikd\u0259 ifad\u0259 azadl\u0131\u011f\u0131 h\u00fcququ kontekstind\u0259 yana\u015fanda bel\u0259 m\u0259suliyy\u0259t\u0259 c\u0259lb etm\u0259l\u0259r, c\u0259zaland\u0131rmalar\u0131n ham\u0131s\u0131 ifad\u0259 azadl\u0131\u011f\u0131 h\u00fcququnun ciddi pozuntular\u0131d\u0131r\u201d.<\/em><\/p>\n\n\n\n<p><em>\u201cB\u00fct\u00fcn hallarda m\u0259hk\u0259m\u0259 q\u0259rarlar\u0131n\u0131 inc\u0259l\u0259m\u0259k d\u0259 laz\u0131md\u0131r. Bu, daha d\u0259qiq m\u00fclahiz\u0259 y\u00fcr\u00fctm\u0259y\u0259 imkan verir. Ancaq t\u0259cr\u00fcb\u0259 g\u00f6st\u0259rir ki, bel\u0259 c\u0259zaland\u0131rmalar ad\u0259t\u0259n siyasi motivli v\u0259 g\u00f6z qorxutmaq niyy\u0259tli olur\u201d<\/em>, &#8211; h\u00fcquq\u015f\u00fcnas deyib.<\/p>\n\n\n\n<p>Oktyabr\u0131n 24-d\u0259 Az\u0259rbaycan Xalq C\u0259bh\u0259si Partiyas\u0131n\u0131n (AXCP) \u00fczv\u00fc Mehman H\u0259bibovun x\u0259sar\u0259t izl\u0259rini \u0259ks etdir\u0259n \u015f\u0259kli yay\u0131l\u0131b.<\/p>\n\n\n<div class=\"wp-block-image\">\n<figure class=\"alignleft size-full is-resized\"><img decoding=\"async\" width=\"750\" height=\"819\" data-src=\"https:\/\/www.meydan.tv\/wp-content\/uploads\/395246434_7111388015547268_3877604755682995372_n.jpg\" alt=\"\" class=\"wp-image-289021 lazyload\" style=\"--smush-placeholder-width: 750px; --smush-placeholder-aspect-ratio: 750\/819;aspect-ratio:0.9157509157509157;width:404px;height:auto\" src=\"data:image\/svg+xml;base64,PHN2ZyB3aWR0aD0iMSIgaGVpZ2h0PSIxIiB4bWxucz0iaHR0cDovL3d3dy53My5vcmcvMjAwMC9zdmciPjwvc3ZnPg==\" \/><figcaption class=\"wp-element-caption\">Mehman H\u0259bibov. Foto: Facebook<\/figcaption><\/figure>\n<\/div>\n\n\n<p>O deyib ki, oktyabr\u0131n 11-d\u0259 m\u00fclki geyimli \u015f\u0259xsl\u0259r onu d\u00f6y\u00fcbl\u0259r:<\/p>\n\n\n\n<p><em>\u201c\u00dc\u00e7 n\u0259f\u0259r m\u00fclki geyimli \u015f\u0259xs m\u0259ni Q\u0131z\u0131lda\u015f \u0259razisind\u0259 saxlad\u0131lar, qara r\u0259ngli avtomobil\u0259 mindirdil\u0259r. M\u0259ni bir q\u0259d\u0259r q\u0131ra\u011fa apard\u0131lar, el\u0259 h\u0259min q\u0259s\u0259b\u0259d\u0259 ma\u015f\u0131ndan d\u00fc\u015f\u00fcrtd\u00fcl\u0259r v\u0259 a\u011f\u0131r t\u0259hqir ed\u0259r\u0259k d\u00f6ym\u0259y\u0259 ba\u015flad\u0131lar. Onlar m\u0259ni d\u00f6y\u00fcb deyirdil\u0259r ki, \u00e7\u0259kil q\u0131ra\u011fa. Hakimiyy\u0259t\u0259 g\u0259lm\u0259k ist\u0259yirsiz? Biz buna imkan verm\u0259rik. D\u00f6y\u0259nd\u0259n sonra m\u0259ni buraxd\u0131lar\u201d<\/em>.<\/p>\n\n\n\n<p>Onun s\u00f6zl\u0259rin\u0259 g\u00f6r\u0259, polisd\u0259 \u015fikay\u0259tin\u0259 bax\u0131lmay\u0131b v\u0259 o, bir m\u00fcdd\u0259tlik \u00f6lk\u0259ni t\u0259rk edib.<\/p>\n\n\n\n<p><\/p>\n\n\n<div class=\"wp-block-image\">\n<figure class=\"alignright size-full is-resized\"><img decoding=\"async\" width=\"1200\" height=\"558\" data-src=\"https:\/\/www.meydan.tv\/wp-content\/uploads\/3c6efce1-e21a-402a-808a-3e75d58406a7-e1689072395585.jpg\" alt=\"\" class=\"wp-image-279309 lazyload\" style=\"--smush-placeholder-width: 1200px; --smush-placeholder-aspect-ratio: 1200\/558;aspect-ratio:2.150537634408602;width:439px;height:auto\" src=\"data:image\/svg+xml;base64,PHN2ZyB3aWR0aD0iMSIgaGVpZ2h0PSIxIiB4bWxucz0iaHR0cDovL3d3dy53My5vcmcvMjAwMC9zdmciPjwvc3ZnPg==\" \/><figcaption class=\"wp-element-caption\">Foto: El\u015fad Hac\u0131yevin \u015f\u0259xsi arxivind\u0259n g\u00f6t\u00fcr\u00fcl\u00fcb<\/figcaption><\/figure>\n<\/div>\n\n\n<p>Daxili \u0130\u015fl\u0259r Nazirliyi (D\u0130N) m\u0259tbuat xidm\u0259tinin r\u0259hb\u0259ri El\u015fad Hac\u0131yev &#8220;Turan&#8221;a a\u00e7\u0131qlamas\u0131nda Mehman H\u0259bibovun polis \u0259m\u0259kda\u015flar\u0131 t\u0259r\u0259find\u0259n t\u0259zyiq\u0259 m\u0259ruz qalmas\u0131 il\u0259 ba\u011fl\u0131 iddialar\u0131 t\u0259kzib edib.<\/p>\n\n\n\n<p>Nazirlik r\u0259smisi qeyd edib ki, ayr\u0131-ayr\u0131 \u015f\u0259xsl\u0259rin saxlan\u0131lmas\u0131, bar\u0259l\u0259rind\u0259 hans\u0131sa q\u0259timkan t\u0259dbirl\u0259rinin se\u00e7ilm\u0259si onlar\u0131n siyasi d\u00fcnyag\u00f6r\u00fc\u015f\u00fc il\u0259 ba\u011fl\u0131 deyil.<\/p>\n\n\n\n<p>\u201cM\u00fcdafi\u0259 X\u0259tti\u201d h\u00fcquq m\u00fcdafi\u0259 t\u0259\u015fkilat\u0131n\u0131n h\u0259mt\u0259sis\u00e7isi R\u00fcf\u0259t S\u0259f\u0259rovun q\u0259na\u0259tin\u0259 g\u00f6r\u0259, Az\u0259rbaycan hakimiyy\u0259tinin uzun ill\u0259r \u0259rzind\u0259 apard\u0131\u011f\u0131 zorak\u0131 siyas\u0259t c\u0259miyy\u0259tin m\u00fcqavim\u0259t hissini tamamil\u0259 ram edib.<\/p>\n\n\n<div class=\"wp-block-image\">\n<figure class=\"alignleft size-full is-resized\"><img decoding=\"async\" data-src=\"https:\/\/www.meydan.tv\/wp-content\/uploads\/39948.jpg\" alt=\"R\u00fcf\u0259t S\u0259f\u0259rov\" class=\"wp-image-100979 lazyload\" style=\"--smush-placeholder-width: 647px; --smush-placeholder-aspect-ratio: 647\/370;aspect-ratio:1.7486486486486486;width:421px;height:auto\" src=\"data:image\/svg+xml;base64,PHN2ZyB3aWR0aD0iMSIgaGVpZ2h0PSIxIiB4bWxucz0iaHR0cDovL3d3dy53My5vcmcvMjAwMC9zdmciPjwvc3ZnPg==\" \/><figcaption class=\"wp-element-caption\">R\u00fcf\u0259t S\u0259f\u0259rov, Foto: arxiv<\/figcaption><\/figure>\n<\/div>\n\n\n<p><em>\u201cAmma bununla bel\u0259, repressiya siyas\u0259ti davam etm\u0259kd\u0259dir. M\u0259s\u0259l\u0259 bundad\u0131r ki, Az\u0259rbaycan hakimiyy\u0259tinin, b\u00fct\u00f6vl\u00fckd\u0259 m\u00f6vcud idar\u0259etm\u0259nin qollar\u0131 bu 30 il \u0259rzind\u0259 mandat\u0131n\u0131 he\u00e7 vaxt xalqdan g\u00f6t\u00fcrm\u0259yib. Ona g\u00f6r\u0259 d\u0259 baxmayaraq ki, m\u00fc\u0259yy\u0259n h\u0259rbi nailiyy\u0259tl\u0259r var, amma yen\u0259 d\u0259 c\u0259miyy\u0259tl\u0259 hakimiyy\u0259t aras\u0131nda qar\u015f\u0131l\u0131ql\u0131 etimad yoxdur\u201d<\/em>, &#8211; R\u00fcf\u0259t S\u0259f\u0259rov Azadl\u0131q Radiosuna bildirib.<\/p>\n\n\n\n<p><\/p>\n\n\n\n<p>H\u00fcquq m\u00fcdafi\u0259\u00e7inin fikrinc\u0259, buna s\u0259b\u0259bl\u0259r kifay\u0259t q\u0259d\u0259rdir:<\/p>\n\n\n\n<p><em>\u201cSosial-iqtisad\u0131 probleml\u0259r m\u00f6vcuddur v\u0259 t\u0259m\u0259l insan haqlar\u0131 pozulur. Ona g\u00f6r\u0259 d\u0259 hakimiyy\u0259t d\u00fc\u015f\u00fcn\u00fcr ki, bu repressiya siyas\u0259tini davaml\u0131 olaraq h\u0259yata ke\u00e7irsin. Bu g\u00fcn d\u0259 sosial \u015f\u0259b\u0259k\u0259l\u0259rd\u0259 adi r\u0259yl\u0259r\u0259, adi t\u0259nqidl\u0259r\u0259 g\u00f6r\u0259 insanlar ya cinay\u0259t m\u0259suliyy\u0259tin\u0259 c\u0259lb olunur, ya da \u0259n yax\u015f\u0131 halda inzibati x\u0259ta il\u0259 tutulur. Bu da kifay\u0259t etmir, i\u015fg\u0259nc\u0259 hallar\u0131 da var. Son t\u0259dbirl\u0259r g\u00f6st\u0259rir ki, polis b\u00f6lm\u0259l\u0259rind\u0259 insanlar \u00e7ox a\u011f\u0131r i\u015fg\u0259nc\u0259l\u0259r\u0259 m\u0259ruz qal\u0131r\u201d.<\/em><\/p>\n\n\n\n<p>R\u00fcf\u0259t S\u0259f\u0259rov d\u00fc\u015f\u00fcn\u00fcr ki, x\u00fcsusil\u0259 d\u00f6vl\u0259t ba\u015f\u00e7\u0131s\u0131 v\u0259 h\u00fcquq-m\u00fchafiz\u0259 orqanlar\u0131n\u0131n r\u0259hb\u0259rl\u0259ri bar\u0259sind\u0259 t\u0259nqidi r\u0259yl\u0259r yazan sosial \u015f\u0259b\u0259k\u0259 istifad\u0259\u00e7il\u0259ri v\u0259 ya f\u0259allar rahat \u015f\u0259kild\u0259 t\u0259crid olunurlar.<\/p>\n\n\n\n<p>Milli M\u0259clisin \u0130nsan h\u00fcquqlar\u0131 komit\u0259sinin \u00fczv\u00fc Elman N\u0259sirov da \u201cTuran\u201da bildirib ki, kimins\u0259 siyasi bax\u0131\u015flar\u0131na g\u00f6r\u0259 t\u0259qib olunmas\u0131 il\u0259 ba\u011fl\u0131 iddialarda h\u0259qiq\u0259t pay\u0131 yoxdur:<\/p>\n\n\n<div class=\"wp-block-image\">\n<figure class=\"alignright size-full is-resized\"><img decoding=\"async\" width=\"1200\" height=\"650\" data-src=\"https:\/\/www.meydan.tv\/wp-content\/uploads\/1528546167_pas.jpg\" alt=\"Elman N\u0259sirov\" class=\"wp-image-147968 lazyload\" style=\"--smush-placeholder-width: 1200px; --smush-placeholder-aspect-ratio: 1200\/650;aspect-ratio:1.8461538461538463;width:445px;height:auto\" src=\"data:image\/svg+xml;base64,PHN2ZyB3aWR0aD0iMSIgaGVpZ2h0PSIxIiB4bWxucz0iaHR0cDovL3d3dy53My5vcmcvMjAwMC9zdmciPjwvc3ZnPg==\" \/><figcaption class=\"wp-element-caption\">Elman N\u0259sirov, Foto: Az\u0259rtac<\/figcaption><\/figure>\n<\/div>\n\n\n<p><em>\u201cAz\u0259rbaycan d\u00f6vl\u0259ti, ordumuz tarixi z\u0259f\u0259r\u0259 imza at\u0131b, torpaqlar\u0131m\u0131z\u0131n suverenliyi tam b\u0259rpa edilib, art\u0131q biz Qaraba\u011f\u0131n tam sahibiyik. Bu, h\u0259m d\u0259 Az\u0259rbaycan\u0131n n\u00fcfuzunun beyn\u0259lxalq al\u0259md\u0259 daha da y\u00fcks\u0259lm\u0259sin\u0259 xidm\u0259t edib. Bel\u0259 olan v\u0259ziyy\u0259td\u0259 Az\u0259rbaycanda m\u00fcxalif siyasi dair\u0259l\u0259rd\u0259 natamaml\u0131q kompleksi yaran\u0131b\u201d.<\/em><\/p>\n\n\n\n<p><\/p>\n\n\n\n<p>2023-c\u00fc il sentyabr\u0131n 20-d\u0259n ba\u015flayaraq Az\u0259rbaycanda bir s\u0131ra f\u0259allar prokurorlu\u011fa, D\u00f6vl\u0259t T\u0259hl\u00fck\u0259sizliyi Xidm\u0259tin\u0259 \u00e7a\u011f\u0131r\u0131ld\u0131\u011f\u0131n\u0131 bildirib. Sonradan onlardan bir ne\u00e7\u0259 n\u0259f\u0259rinin m\u0259hk\u0259m\u0259l\u0259rin q\u0259rar\u0131 il\u0259 30 g\u00fcn m\u00fcdd\u0259tin\u0259 inzibati qaydada h\u0259bs olundu\u011fu a\u00e7\u0131qlan\u0131b.<\/p>\n\n\n\n<p>H\u0259bs edil\u0259nl\u0259rd\u0259n Nurlan Q\u0259hr\u0259manl\u0131 (Libre), Emin \u0130brahimov, \u018fmrah T\u0259hm\u0259zov \u0130nzibati X\u0259talar M\u0259c\u0259ll\u0259sinin 388-1.1.1-ci (informasiya ehtiyat\u0131nda v\u0259 ya informasiya-telekommunikasiya \u015f\u0259b\u0259k\u0259sind\u0259 \u201c\u0130nformasiya, informasiyala\u015fd\u0131rma v\u0259 informasiyan\u0131n m\u00fchafiz\u0259si haqq\u0131nda\u201d Az\u0259rbaycan\u0131n Qanunu il\u0259 yay\u0131lmas\u0131 qada\u011fan edil\u0259n informasiyan\u0131n yerl\u0259\u015fdirilm\u0259si) madd\u0259si il\u0259 ittiham edilibl\u0259r. H\u0259r biri 30 g\u00fcn azadl\u0131qdan m\u0259hrum edilib.<\/p>\n\n\n\n<p>\u0130\u015f\u00e7i Masas\u0131 H\u0259mkarlar \u0130ttifaqlar\u0131 Konfederasiyas\u0131n\u0131n koordinatoru Afi\u0259ddin M\u0259mm\u0259dov bar\u0259sind\u0259 is\u0259 2 ayl\u0131q h\u0259bs q\u0259ti imkan t\u0259dbiri se\u00e7ilib. O, Cinay\u0259t M\u0259c\u0259ll\u0259sinin 221.3 (Xuliqanl\u0131q) v\u0259 126.1 (Q\u0259sd\u0259n sa\u011flaml\u0131\u011fa a\u011f\u0131r z\u0259r\u0259r vurma) madd\u0259si il\u0259 ittiham edilib.<\/p>\n\n\n\n<p>G\u0259nc f\u0259al Nem\u0259t Abbasov \u0130nzibati X\u0259talar M\u0259c\u0259ll\u0259sinin 535.1 (polisin qanuni t\u0259l\u0259bin\u0259 tabe olmama) madd\u0259sil\u0259 30 g\u00fcn azadl\u0131qdan m\u0259hrum edilib.<\/p>\n\n\n\n<p>H\u0259bs edil\u0259nl\u0259r v\u0259 v\u0259kill\u0259ri c\u0259zaland\u0131rman\u0131n \u0259sl s\u0259b\u0259bini Az\u0259rbaycan\u0131n sentyabr\u0131n 19-da Qaraba\u011fda ba\u015flatd\u0131\u011f\u0131 h\u0259rbi \u0259m\u0259liyyatlar\u0131n \u0259leyhin\u0259 yazd\u0131qlar\u0131 fikirl\u0259rl\u0259 \u0259laq\u0259l\u0259ndiribl\u0259r.<\/p>\n","protected":false},"excerpt":{"rendered":"<p>H\u00fcquq\u015f\u00fcnaslar hesab edir ki, inzibati h\u0259bsl\u0259r ifad\u0259 azadl\u0131\u011f\u0131 bax\u0131m\u0131ndan \u00e7ox &#8230; <\/p>\n<p class=\"read-more-container\"><a title=\"\u0130ctimai f\u0259allar\u0131n h\u0259bsi: T\u0259nqidi fikirl\u0259r qada\u011fan olunmu\u015f informasiyad\u0131r?\" class=\"read-more button\" href=\"https:\/\/www.meydan.tv\/az\/article\/ictimai-feallarin-hebsi-tenqidi-fikirler-qadagan-olunmus-informasiyadir\/#more-289018\" aria-label=\"Read more about \u0130ctimai f\u0259allar\u0131n h\u0259bsi: T\u0259nqidi fikirl\u0259r qada\u011fan olunmu\u015f informasiyad\u0131r?\">Davam\u0131<\/a><\/p>\n","protected":false},"author":21,"featured_media":210394,"comment_status":"closed","ping_status":"closed","sticky":false,"template":"","format":"standard","meta":{"_acf_changed":false,"_sitemap_exclude":false,"_sitemap_priority":"","_sitemap_frequency":"","footnotes":""},"categories":[59,79,56],"tags":[],"class_list":["post-289018","post","type-post","status-publish","format-standard","has-post-thumbnail","hentry","category-siyaset","category-featured","category-xeberler","infinite-scroll-item","generate-columns","tablet-grid-50","mobile-grid-100","grid-parent","grid-33","no-featured-image-padding"],"acf":[],"yoast_head":"<!-- This site is optimized with the Yoast SEO plugin v27.4 - https:\/\/yoast.com\/product\/yoast-seo-wordpress\/ -->\n<title>\u0130ctimai f\u0259allar\u0131n h\u0259bsi: T\u0259nqidi fikirl\u0259r qada\u011fan olunmu\u015f informasiyad\u0131r? - MEYDAN.TV<\/title>\n<meta name=\"robots\" content=\"index, follow, max-snippet:-1, max-image-preview:large, max-video-preview:-1\" \/>\n<link rel=\"canonical\" href=\"https:\/\/www.meydan.tv\/az\/article\/ictimai-feallarin-hebsi-tenqidi-fikirler-qadagan-olunmus-informasiyadir\/\" \/>\n<meta property=\"og:locale\" content=\"az_AZ\" \/>\n<meta property=\"og:type\" content=\"article\" \/>\n<meta property=\"og:title\" content=\"\u0130ctimai f\u0259allar\u0131n h\u0259bsi: T\u0259nqidi fikirl\u0259r qada\u011fan olunmu\u015f informasiyad\u0131r? - MEYDAN.TV\" \/>\n<meta property=\"og:description\" content=\"H\u00fcquq\u015f\u00fcnaslar hesab edir ki, inzibati h\u0259bsl\u0259r ifad\u0259 azadl\u0131\u011f\u0131 bax\u0131m\u0131ndan \u00e7ox ... Davam\u0131\" \/>\n<meta property=\"og:url\" content=\"https:\/\/www.meydan.tv\/az\/article\/ictimai-feallarin-hebsi-tenqidi-fikirler-qadagan-olunmus-informasiyadir\/\" \/>\n<meta property=\"og:site_name\" content=\"MEYDAN.TV\" \/>\n<meta property=\"article:published_time\" content=\"2023-10-27T11:08:35+00:00\" \/>\n<meta property=\"article:modified_time\" content=\"2023-10-27T18:10:33+00:00\" \/>\n<meta property=\"og:image\" content=\"https:\/\/www.meydan.tv\/wp-content\/uploads\/img_6032_chkzuec-scaled.jpg\" \/>\n\t<meta property=\"og:image:width\" content=\"2560\" \/>\n\t<meta property=\"og:image:height\" content=\"1440\" \/>\n\t<meta property=\"og:image:type\" content=\"image\/jpeg\" \/>\n<meta name=\"author\" content=\"mahmud\" \/>\n<meta name=\"twitter:card\" content=\"summary_large_image\" \/>\n<script type=\"application\/ld+json\" class=\"yoast-schema-graph\">{\"@context\":\"https:\\\/\\\/schema.org\",\"@graph\":[{\"@type\":\"Article\",\"@id\":\"https:\\\/\\\/www.meydan.tv\\\/az\\\/article\\\/ictimai-feallarin-hebsi-tenqidi-fikirler-qadagan-olunmus-informasiyadir\\\/#article\",\"isPartOf\":{\"@id\":\"https:\\\/\\\/www.meydan.tv\\\/az\\\/article\\\/ictimai-feallarin-hebsi-tenqidi-fikirler-qadagan-olunmus-informasiyadir\\\/\"},\"author\":{\"name\":\"mahmud\",\"@id\":\"https:\\\/\\\/www.meydan.tv\\\/az\\\/#\\\/schema\\\/person\\\/09863e516102a829e72bedcf3f84c6b0\"},\"headline\":\"\u0130ctimai f\u0259allar\u0131n h\u0259bsi: T\u0259nqidi fikirl\u0259r qada\u011fan olunmu\u015f informasiyad\u0131r?\",\"datePublished\":\"2023-10-27T11:08:35+00:00\",\"dateModified\":\"2023-10-27T18:10:33+00:00\",\"mainEntityOfPage\":{\"@id\":\"https:\\\/\\\/www.meydan.tv\\\/az\\\/article\\\/ictimai-feallarin-hebsi-tenqidi-fikirler-qadagan-olunmus-informasiyadir\\\/\"},\"wordCount\":1435,\"publisher\":{\"@id\":\"https:\\\/\\\/www.meydan.tv\\\/az\\\/#organization\"},\"image\":{\"@id\":\"https:\\\/\\\/www.meydan.tv\\\/az\\\/article\\\/ictimai-feallarin-hebsi-tenqidi-fikirler-qadagan-olunmus-informasiyadir\\\/#primaryimage\"},\"thumbnailUrl\":\"https:\\\/\\\/www.meydan.tv\\\/wp-content\\\/uploads\\\/img_6032_chkzuec-scaled.jpg\",\"articleSection\":[\"Siyas\u0259t\",\"T\u00f6vsiy\u0259\",\"X\u0259b\u0259rl\u0259r\"],\"inLanguage\":\"az\"},{\"@type\":\"WebPage\",\"@id\":\"https:\\\/\\\/www.meydan.tv\\\/az\\\/article\\\/ictimai-feallarin-hebsi-tenqidi-fikirler-qadagan-olunmus-informasiyadir\\\/\",\"url\":\"https:\\\/\\\/www.meydan.tv\\\/az\\\/article\\\/ictimai-feallarin-hebsi-tenqidi-fikirler-qadagan-olunmus-informasiyadir\\\/\",\"name\":\"\u0130ctimai f\u0259allar\u0131n h\u0259bsi: T\u0259nqidi fikirl\u0259r qada\u011fan olunmu\u015f informasiyad\u0131r? - MEYDAN.TV\",\"isPartOf\":{\"@id\":\"https:\\\/\\\/www.meydan.tv\\\/az\\\/#website\"},\"primaryImageOfPage\":{\"@id\":\"https:\\\/\\\/www.meydan.tv\\\/az\\\/article\\\/ictimai-feallarin-hebsi-tenqidi-fikirler-qadagan-olunmus-informasiyadir\\\/#primaryimage\"},\"image\":{\"@id\":\"https:\\\/\\\/www.meydan.tv\\\/az\\\/article\\\/ictimai-feallarin-hebsi-tenqidi-fikirler-qadagan-olunmus-informasiyadir\\\/#primaryimage\"},\"thumbnailUrl\":\"https:\\\/\\\/www.meydan.tv\\\/wp-content\\\/uploads\\\/img_6032_chkzuec-scaled.jpg\",\"datePublished\":\"2023-10-27T11:08:35+00:00\",\"dateModified\":\"2023-10-27T18:10:33+00:00\",\"breadcrumb\":{\"@id\":\"https:\\\/\\\/www.meydan.tv\\\/az\\\/article\\\/ictimai-feallarin-hebsi-tenqidi-fikirler-qadagan-olunmus-informasiyadir\\\/#breadcrumb\"},\"inLanguage\":\"az\",\"potentialAction\":[{\"@type\":\"ReadAction\",\"target\":[\"https:\\\/\\\/www.meydan.tv\\\/az\\\/article\\\/ictimai-feallarin-hebsi-tenqidi-fikirler-qadagan-olunmus-informasiyadir\\\/\"]}]},{\"@type\":\"ImageObject\",\"inLanguage\":\"az\",\"@id\":\"https:\\\/\\\/www.meydan.tv\\\/az\\\/article\\\/ictimai-feallarin-hebsi-tenqidi-fikirler-qadagan-olunmus-informasiyadir\\\/#primaryimage\",\"url\":\"https:\\\/\\\/www.meydan.tv\\\/wp-content\\\/uploads\\\/img_6032_chkzuec-scaled.jpg\",\"contentUrl\":\"https:\\\/\\\/www.meydan.tv\\\/wp-content\\\/uploads\\\/img_6032_chkzuec-scaled.jpg\",\"width\":2560,\"height\":1440,\"caption\":\"Foto: Meydan.TV\"},{\"@type\":\"BreadcrumbList\",\"@id\":\"https:\\\/\\\/www.meydan.tv\\\/az\\\/article\\\/ictimai-feallarin-hebsi-tenqidi-fikirler-qadagan-olunmus-informasiyadir\\\/#breadcrumb\",\"itemListElement\":[{\"@type\":\"ListItem\",\"position\":1,\"name\":\"Ana s\u0259hif\u0259\",\"item\":\"https:\\\/\\\/www.meydan.tv\\\/az\\\/\"},{\"@type\":\"ListItem\",\"position\":2,\"name\":\"Siyas\u0259t\",\"item\":\"https:\\\/\\\/www.meydan.tv\\\/az\\\/section\\\/siyaset\\\/\"},{\"@type\":\"ListItem\",\"position\":3,\"name\":\"\u0130ctimai f\u0259allar\u0131n h\u0259bsi: T\u0259nqidi fikirl\u0259r qada\u011fan olunmu\u015f informasiyad\u0131r?\"}]},{\"@type\":\"WebSite\",\"@id\":\"https:\\\/\\\/www.meydan.tv\\\/az\\\/#website\",\"url\":\"https:\\\/\\\/www.meydan.tv\\\/az\\\/\",\"name\":\"MEYDAN.TV\",\"description\":\"Meydan TV Az\u0259rbaycan\u0131n media m\u0259kan\u0131ndak\u0131 alternativ s\u0259sidir\",\"publisher\":{\"@id\":\"https:\\\/\\\/www.meydan.tv\\\/az\\\/#organization\"},\"potentialAction\":[{\"@type\":\"SearchAction\",\"target\":{\"@type\":\"EntryPoint\",\"urlTemplate\":\"https:\\\/\\\/www.meydan.tv\\\/az\\\/?s={search_term_string}\"},\"query-input\":{\"@type\":\"PropertyValueSpecification\",\"valueRequired\":true,\"valueName\":\"search_term_string\"}}],\"inLanguage\":\"az\"},{\"@type\":\"Organization\",\"@id\":\"https:\\\/\\\/www.meydan.tv\\\/az\\\/#organization\",\"name\":\"Meydan TV\",\"url\":\"https:\\\/\\\/www.meydan.tv\\\/az\\\/\",\"logo\":{\"@type\":\"ImageObject\",\"inLanguage\":\"az\",\"@id\":\"https:\\\/\\\/www.meydan.tv\\\/az\\\/#\\\/schema\\\/logo\\\/image\\\/\",\"url\":\"https:\\\/\\\/www.meydan.tv\\\/wp-content\\\/uploads\\\/2021\\\/07\\\/meydan-logo.svg\",\"contentUrl\":\"https:\\\/\\\/www.meydan.tv\\\/wp-content\\\/uploads\\\/2021\\\/07\\\/meydan-logo.svg\",\"width\":195,\"height\":46,\"caption\":\"Meydan TV\"},\"image\":{\"@id\":\"https:\\\/\\\/www.meydan.tv\\\/az\\\/#\\\/schema\\\/logo\\\/image\\\/\"}},{\"@type\":\"Person\",\"@id\":\"https:\\\/\\\/www.meydan.tv\\\/az\\\/#\\\/schema\\\/person\\\/09863e516102a829e72bedcf3f84c6b0\",\"name\":\"mahmud\"}]}<\/script>\n<!-- \/ Yoast SEO plugin. -->","yoast_head_json":{"title":"\u0130ctimai f\u0259allar\u0131n h\u0259bsi: T\u0259nqidi fikirl\u0259r qada\u011fan olunmu\u015f informasiyad\u0131r? - MEYDAN.TV","robots":{"index":"index","follow":"follow","max-snippet":"max-snippet:-1","max-image-preview":"max-image-preview:large","max-video-preview":"max-video-preview:-1"},"canonical":"https:\/\/www.meydan.tv\/az\/article\/ictimai-feallarin-hebsi-tenqidi-fikirler-qadagan-olunmus-informasiyadir\/","og_locale":"az_AZ","og_type":"article","og_title":"\u0130ctimai f\u0259allar\u0131n h\u0259bsi: T\u0259nqidi fikirl\u0259r qada\u011fan olunmu\u015f informasiyad\u0131r? - MEYDAN.TV","og_description":"H\u00fcquq\u015f\u00fcnaslar hesab edir ki, inzibati h\u0259bsl\u0259r ifad\u0259 azadl\u0131\u011f\u0131 bax\u0131m\u0131ndan \u00e7ox ... Davam\u0131","og_url":"https:\/\/www.meydan.tv\/az\/article\/ictimai-feallarin-hebsi-tenqidi-fikirler-qadagan-olunmus-informasiyadir\/","og_site_name":"MEYDAN.TV","article_published_time":"2023-10-27T11:08:35+00:00","article_modified_time":"2023-10-27T18:10:33+00:00","og_image":[{"width":2560,"height":1440,"url":"https:\/\/www.meydan.tv\/wp-content\/uploads\/img_6032_chkzuec-scaled.jpg","type":"image\/jpeg"}],"author":"mahmud","twitter_card":"summary_large_image","schema":{"@context":"https:\/\/schema.org","@graph":[{"@type":"Article","@id":"https:\/\/www.meydan.tv\/az\/article\/ictimai-feallarin-hebsi-tenqidi-fikirler-qadagan-olunmus-informasiyadir\/#article","isPartOf":{"@id":"https:\/\/www.meydan.tv\/az\/article\/ictimai-feallarin-hebsi-tenqidi-fikirler-qadagan-olunmus-informasiyadir\/"},"author":{"name":"mahmud","@id":"https:\/\/www.meydan.tv\/az\/#\/schema\/person\/09863e516102a829e72bedcf3f84c6b0"},"headline":"\u0130ctimai f\u0259allar\u0131n h\u0259bsi: T\u0259nqidi fikirl\u0259r qada\u011fan olunmu\u015f informasiyad\u0131r?","datePublished":"2023-10-27T11:08:35+00:00","dateModified":"2023-10-27T18:10:33+00:00","mainEntityOfPage":{"@id":"https:\/\/www.meydan.tv\/az\/article\/ictimai-feallarin-hebsi-tenqidi-fikirler-qadagan-olunmus-informasiyadir\/"},"wordCount":1435,"publisher":{"@id":"https:\/\/www.meydan.tv\/az\/#organization"},"image":{"@id":"https:\/\/www.meydan.tv\/az\/article\/ictimai-feallarin-hebsi-tenqidi-fikirler-qadagan-olunmus-informasiyadir\/#primaryimage"},"thumbnailUrl":"https:\/\/www.meydan.tv\/wp-content\/uploads\/img_6032_chkzuec-scaled.jpg","articleSection":["Siyas\u0259t","T\u00f6vsiy\u0259","X\u0259b\u0259rl\u0259r"],"inLanguage":"az"},{"@type":"WebPage","@id":"https:\/\/www.meydan.tv\/az\/article\/ictimai-feallarin-hebsi-tenqidi-fikirler-qadagan-olunmus-informasiyadir\/","url":"https:\/\/www.meydan.tv\/az\/article\/ictimai-feallarin-hebsi-tenqidi-fikirler-qadagan-olunmus-informasiyadir\/","name":"\u0130ctimai f\u0259allar\u0131n h\u0259bsi: T\u0259nqidi fikirl\u0259r qada\u011fan olunmu\u015f informasiyad\u0131r? - MEYDAN.TV","isPartOf":{"@id":"https:\/\/www.meydan.tv\/az\/#website"},"primaryImageOfPage":{"@id":"https:\/\/www.meydan.tv\/az\/article\/ictimai-feallarin-hebsi-tenqidi-fikirler-qadagan-olunmus-informasiyadir\/#primaryimage"},"image":{"@id":"https:\/\/www.meydan.tv\/az\/article\/ictimai-feallarin-hebsi-tenqidi-fikirler-qadagan-olunmus-informasiyadir\/#primaryimage"},"thumbnailUrl":"https:\/\/www.meydan.tv\/wp-content\/uploads\/img_6032_chkzuec-scaled.jpg","datePublished":"2023-10-27T11:08:35+00:00","dateModified":"2023-10-27T18:10:33+00:00","breadcrumb":{"@id":"https:\/\/www.meydan.tv\/az\/article\/ictimai-feallarin-hebsi-tenqidi-fikirler-qadagan-olunmus-informasiyadir\/#breadcrumb"},"inLanguage":"az","potentialAction":[{"@type":"ReadAction","target":["https:\/\/www.meydan.tv\/az\/article\/ictimai-feallarin-hebsi-tenqidi-fikirler-qadagan-olunmus-informasiyadir\/"]}]},{"@type":"ImageObject","inLanguage":"az","@id":"https:\/\/www.meydan.tv\/az\/article\/ictimai-feallarin-hebsi-tenqidi-fikirler-qadagan-olunmus-informasiyadir\/#primaryimage","url":"https:\/\/www.meydan.tv\/wp-content\/uploads\/img_6032_chkzuec-scaled.jpg","contentUrl":"https:\/\/www.meydan.tv\/wp-content\/uploads\/img_6032_chkzuec-scaled.jpg","width":2560,"height":1440,"caption":"Foto: Meydan.TV"},{"@type":"BreadcrumbList","@id":"https:\/\/www.meydan.tv\/az\/article\/ictimai-feallarin-hebsi-tenqidi-fikirler-qadagan-olunmus-informasiyadir\/#breadcrumb","itemListElement":[{"@type":"ListItem","position":1,"name":"Ana s\u0259hif\u0259","item":"https:\/\/www.meydan.tv\/az\/"},{"@type":"ListItem","position":2,"name":"Siyas\u0259t","item":"https:\/\/www.meydan.tv\/az\/section\/siyaset\/"},{"@type":"ListItem","position":3,"name":"\u0130ctimai f\u0259allar\u0131n h\u0259bsi: T\u0259nqidi fikirl\u0259r qada\u011fan olunmu\u015f informasiyad\u0131r?"}]},{"@type":"WebSite","@id":"https:\/\/www.meydan.tv\/az\/#website","url":"https:\/\/www.meydan.tv\/az\/","name":"MEYDAN.TV","description":"Meydan TV Az\u0259rbaycan\u0131n media m\u0259kan\u0131ndak\u0131 alternativ s\u0259sidir","publisher":{"@id":"https:\/\/www.meydan.tv\/az\/#organization"},"potentialAction":[{"@type":"SearchAction","target":{"@type":"EntryPoint","urlTemplate":"https:\/\/www.meydan.tv\/az\/?s={search_term_string}"},"query-input":{"@type":"PropertyValueSpecification","valueRequired":true,"valueName":"search_term_string"}}],"inLanguage":"az"},{"@type":"Organization","@id":"https:\/\/www.meydan.tv\/az\/#organization","name":"Meydan TV","url":"https:\/\/www.meydan.tv\/az\/","logo":{"@type":"ImageObject","inLanguage":"az","@id":"https:\/\/www.meydan.tv\/az\/#\/schema\/logo\/image\/","url":"https:\/\/www.meydan.tv\/wp-content\/uploads\/2021\/07\/meydan-logo.svg","contentUrl":"https:\/\/www.meydan.tv\/wp-content\/uploads\/2021\/07\/meydan-logo.svg","width":195,"height":46,"caption":"Meydan TV"},"image":{"@id":"https:\/\/www.meydan.tv\/az\/#\/schema\/logo\/image\/"}},{"@type":"Person","@id":"https:\/\/www.meydan.tv\/az\/#\/schema\/person\/09863e516102a829e72bedcf3f84c6b0","name":"mahmud"}]}},"_links":{"self":[{"href":"https:\/\/www.meydan.tv\/az\/wp-json\/wp\/v2\/posts\/289018","targetHints":{"allow":["GET"]}}],"collection":[{"href":"https:\/\/www.meydan.tv\/az\/wp-json\/wp\/v2\/posts"}],"about":[{"href":"https:\/\/www.meydan.tv\/az\/wp-json\/wp\/v2\/types\/post"}],"author":[{"embeddable":true,"href":"https:\/\/www.meydan.tv\/az\/wp-json\/wp\/v2\/users\/21"}],"replies":[{"embeddable":true,"href":"https:\/\/www.meydan.tv\/az\/wp-json\/wp\/v2\/comments?post=289018"}],"version-history":[{"count":3,"href":"https:\/\/www.meydan.tv\/az\/wp-json\/wp\/v2\/posts\/289018\/revisions"}],"predecessor-version":[{"id":289044,"href":"https:\/\/www.meydan.tv\/az\/wp-json\/wp\/v2\/posts\/289018\/revisions\/289044"}],"wp:featuredmedia":[{"embeddable":true,"href":"https:\/\/www.meydan.tv\/az\/wp-json\/wp\/v2\/media\/210394"}],"wp:attachment":[{"href":"https:\/\/www.meydan.tv\/az\/wp-json\/wp\/v2\/media?parent=289018"}],"wp:term":[{"taxonomy":"category","embeddable":true,"href":"https:\/\/www.meydan.tv\/az\/wp-json\/wp\/v2\/categories?post=289018"},{"taxonomy":"post_tag","embeddable":true,"href":"https:\/\/www.meydan.tv\/az\/wp-json\/wp\/v2\/tags?post=289018"}],"curies":[{"name":"wp","href":"https:\/\/api.w.org\/{rel}","templated":true}]}}