{"id":289002,"date":"2023-10-27T13:52:38","date_gmt":"2023-10-27T09:52:38","guid":{"rendered":"https:\/\/www.meydan.tv\/?p=289002"},"modified":"2023-10-27T13:52:41","modified_gmt":"2023-10-27T09:52:41","slug":"bu-20-il-erzinde-oglumun-bizim-ailenin-basina-ne-oyunlar-getirmediler","status":"publish","type":"post","link":"https:\/\/www.meydan.tv\/az\/article\/bu-20-il-erzinde-oglumun-bizim-ailenin-basina-ne-oyunlar-getirmediler\/","title":{"rendered":"\u201cBu 20 il \u0259rzind\u0259 o\u011flumun, bizim ail\u0259nin ba\u015f\u0131na n\u0259 oyunlar g\u0259tirm\u0259dil\u0259r?!\u201d"},"content":{"rendered":"\n<p><\/p>\n\n\n\n<p><strong><em>M\u0259lah\u0259t \u0130smay\u0131lova: \u201cDayanan yerd\u0259 g\u0259lib adama ili\u015firl\u0259rs\u0259, dem\u0259li, \u015f\u00fcbh\u0259l\u0259nm\u0259y\u0259 \u0259sas var\u201d<\/em><\/strong><\/p>\n\n\n\n<p>V\u00fcqar \u018fliyev 20 il \u00f6nc\u0259 \u015e\u0259mkird\u0259 icra ba\u015f\u00e7\u0131s\u0131n\u0131n o\u011flunun q\u0259tlin\u0259 g\u00f6r\u0259 h\u0259bs olunub. Anas\u0131 M\u0259lah\u0259t \u0130smay\u0131lova deyir ki, o\u011flu c\u0259zas\u0131n\u0131n b\u00f6y\u00fck hiss\u0259sini \u00e7\u0259kib, ona g\u00f6r\u0259 d\u0259 \u0259vv\u0259l azadl\u0131\u011fa \u00e7\u0131xmaq \u00fc\u00e7\u00fcn m\u0259hk\u0259m\u0259y\u0259 m\u00fcraci\u0259t etm\u0259k h\u00fcququ yaran\u0131b. Anan\u0131n s\u00f6zl\u0259rin\u0259 g\u00f6r\u0259, bu \u0259r\u0259f\u0259d\u0259 saxland\u0131\u011f\u0131 8 sayl\u0131 c\u0259za\u00e7\u0259km\u0259 m\u00fc\u0259ssis\u0259sind\u0259 o\u011flunu t\u0259xribata \u00e7\u0259km\u0259y\u0259 \u00e7al\u0131\u015f\u0131rlar.<\/p>\n\n\n\n<h6 class=\"wp-block-heading\"><strong>\u201c\u00dcst\u00fcn\u0259 t\u00f6k\u00fcl\u00fcb d\u00f6y\u00fcb, qab\u0131r\u011fas\u0131n\u0131 s\u0131nd\u0131r\u0131blar\u201d<\/strong><\/h6>\n\n\n\n<p>\u201c<em>V\u00fcqar\u0131n c\u0259zas\u0131n\u0131n d\u00f6rdd\u0259 \u00fc\u00e7\u00fc tamam olub, ona g\u00f6r\u0259 vaxt\u0131ndan \u0259vv\u0259l azadl\u0131\u011fa \u00e7\u0131xmaq \u00fc\u00e7\u00fcn m\u0259hk\u0259m\u0259y\u0259 m\u00fcraci\u0259t el\u0259m\u0259k h\u00fcququ var. Yax\u0131n vaxtlarda bu m\u0259s\u0259l\u0259 il\u0259 \u0259laq\u0259dar m\u0259hk\u0259m\u0259y\u0259 \u0259riz\u0259 ver\u0259c\u0259k. Bel\u0259 bir vaxtda dayand\u0131\u011f\u0131 yerd\u0259 onu t\u0259xribata \u00e7\u0259km\u0259y\u0259 \u00e7al\u0131\u015f\u0131rlar. H\u0259bsd\u0259 olanlar bilir, m\u0259hbuslar\u0131n yolda\u015fl\u0131q el\u0259diyi, birlikd\u0259 yem\u0259k yediyi adamlar olur. V\u00fcqar\u0131n da yolda\u015f\u0131l\u0131q el\u0259diyi \u018fziza\u011fan\u0131n \u00fcst\u00fcn\u0259 dayand\u0131\u011f\u0131 yerd\u0259 4-5 n\u0259f\u0259r ba\u015fqa m\u0259hbus t\u00f6k\u00fcl\u00fcb d\u00f6y\u00fcb, qab\u0131r\u011fas\u0131n\u0131 s\u0131nd\u0131r\u0131b. O adamlar ki, \u0259vv\u0259ll\u0259r d\u0259 V\u00fcqara sata\u015f\u0131b, onunla m\u00fcbahis\u0259 edibl\u0259r&#8230;\u201d, <\/em>&#8211; \u015e\u0259mkir sakini M\u0259lah\u0259t \u0130smay\u0131lova Meydan TV-y\u0259 dan\u0131\u015f\u0131r.<\/p>\n\n\n\n<p>V\u00fcqar \u018fliyev v\u0259 x\u0259sar\u0259t alan \u018fziza\u011fa adl\u0131 m\u0259hkum oktyabr\u0131n 9-da Penitensiar Xidm\u0259tin M\u00fcalic\u0259 M\u00fc\u0259ssis\u0259sin\u0259 k\u00f6\u00e7\u00fcr\u00fcl\u00fcb. Anas\u0131 deyir ki, V\u00fcqar \u018fliyev he\u00e7 bir x\u0259sar\u0259t almay\u0131b, sa\u011flaml\u0131\u011f\u0131nda da problem yoxdur. O\u011flunun M\u00fcalic\u0259 M\u00fc\u0259ssis\u0259sin\u0259 niy\u0259 k\u00f6\u00e7\u00fcr\u00fcld\u00fcy\u00fcn\u00fc is\u0259 bilmirl\u0259r:<\/p>\n\n\n\n<p>\u201c<em>Bir ne\u00e7\u0259 g\u00fcn o\u011flumla dan\u0131\u015fa bilm\u0259dim. Ombudsman Aparat\u0131na, Penitensiar Xidm\u0259tin \u201cQaynar X\u0259tt\u201din\u0259 \u015fikay\u0259t el\u0259dim. Dedim, \u00f6vlad\u0131mdan nigaranam. Ondan sonra o\u011flumla dan\u0131\u015fd\u0131rd\u0131lar. M\u0259n\u0259 dedil\u0259r ki, \u0259s\u0259bl\u0259rini m\u00fcalic\u0259 etdirm\u0259k \u00fc\u00e7\u00fcn g\u00f6nd\u0259rmi\u015fik. H\u0259m d\u0259 bildirdil\u0259r ki, c\u0259za\u00e7\u0259km\u0259 m\u00fc\u0259ssis\u0259sind\u0259 dava el\u0259y\u0259nl\u0259ri c\u0259zaland\u0131r\u0131blar, \u201ckarsa\u201d sal\u0131blar\u201d.<\/em><\/p>\n\n\n\n<h6 class=\"wp-block-heading\">\u201c<strong>Biz n\u0259l\u0259r g\u00f6rm\u0259mi\u015fik?!\u201d<\/strong><\/h6>\n\n\n\n<p>M\u0259lah\u0259t \u0130smay\u0131lova narahatd\u0131r ki, ba\u015f ver\u0259nl\u0259r m\u0259qs\u0259dli \u015f\u0259kild\u0259 ola bil\u0259r. Onun s\u00f6zl\u0259rin\u0259 g\u00f6r\u0259, o\u011flunun azadl\u0131\u011fa burax\u0131lmas\u0131n\u0131n qar\u015f\u0131s\u0131n\u0131 almaqdan \u00f6tr\u00fc t\u0259xribatlar olmas\u0131ndan ehtiyatlan\u0131r:<\/p>\n\n\n\n<p><em>\u201cBu 20 il \u0259rzind\u0259 biz n\u0259l\u0259r g\u00f6rm\u0259mi\u015fik?! O\u011flumun, bizim ail\u0259nin ba\u015f\u0131na n\u0259 oyunlar g\u0259tirm\u0259dil\u0259r?! G\u00f6z g\u00f6rd\u00fcy\u00fcnd\u0259n qorxar. \u0130ndi d\u0259 dayanan yerd\u0259 adama g\u0259lib ili\u015firl\u0259rs\u0259, dem\u0259li, \u015f\u00fcbh\u0259l\u0259nm\u0259y\u0259 \u0259sas var. Bu s\u0259b\u0259bd\u0259n Mirsaleh m\u00fc\u0259llim\u0259 (Penitensiar Xidm\u0259tin r\u0259isi Mirsaleh Seyidovu n\u0259z\u0259rd\u0259 tutur-red.) d\u0259 m\u00fcraci\u0259t etmi\u015f\u0259m\u201d.<\/em><\/p>\n\n\n\n<p>V\u00fcqar \u018fliyev 2003-c\u00fc ilin may\u0131ndan h\u0259bsd\u0259dir. O, h\u0259min vaxt 15 ya\u015fl\u0131 ni\u015fanl\u0131s\u0131 Lamiy\u0259 Quliyeva il\u0259 birlikd\u0259 ya\u015fad\u0131qlar\u0131 \u015e\u0259mkird\u0259 rayonun icra ba\u015f\u00e7\u0131s\u0131 Aslan Aslanovun o\u011flu Ruslan\u0131 q\u0259tl\u0259 yetirm\u0259kd\u0259 ittiham edil\u0259r\u0259k, h\u0259bs olunmu\u015fdu.<\/p>\n\n\n\n<p>O zaman A\u011f\u0131r Cinay\u0259tl\u0259r\u0259 Dair \u0130\u015fl\u0259r \u00fczr\u0259 M\u0259hk\u0259m\u0259nin h\u00f6km\u00fcyl\u0259 onlar\u0131n h\u0259r ikisin\u0259 \u0259n a\u011f\u0131r c\u0259za verilmi\u015fdi \u2013 V\u00fcqar \u018fliyev \u00f6m\u00fcrl\u00fck, Lamiy\u0259 Quliyeva is\u0259 10 il azadl\u0131qdan m\u0259hrum edildi. Qanuna g\u00f6r\u0259, yetkinlik ya\u015f\u0131na \u00e7atmayan \u015f\u0259xs\u0259 10 ild\u0259n yuxar\u0131 c\u0259za veril\u0259 bilm\u0259zdi.<\/p>\n\n\n\n<p>H\u00f6km oxunanda V\u00fcqar \u018fliyevl\u0259 yana\u015f\u0131, onun atas\u0131 \u0130brahim \u0130smay\u0131lov da m\u0259hk\u0259m\u0259 zal\u0131nda h\u0259bs olundu. Ona is\u0259 4 il h\u0259bs c\u0259zas\u0131 verildi.<\/p>\n\n\n\n<p>O zaman V\u00fcqar \u018fliyevin anas\u0131 v\u0259 xalas\u0131 da q\u0131sa m\u00fcdd\u0259t\u0259 saxlanm\u0131\u015f v\u0259 sonradan burax\u0131lm\u0131\u015fd\u0131.<\/p>\n\n\n\n<p>Cinay\u0259t i\u015finin materiallar\u0131nda iddia olunurdu ki, \u0130brahim \u0130smay\u0131lov \u015e\u0259mkird\u0259 \u00f6zba\u015f\u0131na torpaq z\u0259bt edib, icra ba\u015f\u00e7\u0131s\u0131 bunun qar\u015f\u0131s\u0131n\u0131 al\u0131b. V\u00fcqar \u018fliyev d\u0259 atas\u0131n\u0131n qisas\u0131n\u0131 almaq \u00fc\u00e7\u00fcn ni\u015fanl\u0131s\u0131yla birlikd\u0259 icra ba\u015f\u00e7\u0131s\u0131n\u0131n o\u011flunu \u00f6ld\u00fcr\u00fcb.<\/p>\n\n\n\n<p>Lamiy\u0259 Quliyeva is\u0259 m\u0259hk\u0259m\u0259d\u0259 ifad\u0259sind\u0259 bildirmi\u015fdi ki, Ruslan Aslanov ona t\u0259cav\u00fcz edib, bu s\u0259b\u0259bd\u0259n onu q\u0259tl\u0259 yetirib. Onun s\u00f6zl\u0259rin\u0259 g\u00f6r\u0259, istintaq orqan\u0131 icra ba\u015f\u00e7\u0131s\u0131n\u0131n n\u00fcfuzunu qorumaq \u00fc\u00e7\u00fcn torpaq s\u00f6hb\u0259tini ortaya at\u0131b, lakin bu, tamamil\u0259 yaland\u0131r.<\/p>\n\n\n\n<p>Lamiy\u0259 Quliyevan\u0131n 10 illik c\u0259zas\u0131 ba\u015fa \u00e7atsa da, onun azadl\u0131\u011fa \u00e7\u0131xmas\u0131na imkan verilm\u0259yib. C\u0259za m\u00fcdd\u0259tinin bitm\u0259sin\u0259 az qalm\u0131\u015f onun haqq\u0131nda Cinay\u0259t M\u0259c\u0259ll\u0259sinin 317-ci (c\u0259za\u00e7\u0259km\u0259 m\u00fc\u0259ssis\u0259sinin v\u0259 ya istintaq t\u0259cridxanas\u0131n\u0131n normal f\u0259aliyy\u0259tini pozma) madd\u0259sil\u0259 cinay\u0259t i\u015fi ba\u015flan\u0131b v\u0259 c\u0259zas\u0131 5 il 6 ay art\u0131r\u0131l\u0131b.<\/p>\n\n\n\n<p>2014-c\u00fc ild\u0259 saxland\u0131\u011f\u0131 c\u0259za\u00e7\u0259km\u0259 m\u00fc\u0259ssis\u0259sind\u0259 Lamiy\u0259 Quliyevan\u0131n \u00f6vlad\u0131 d\u00fcnyaya g\u0259lib v\u0259 bu x\u0259b\u0259r mediada yay\u0131l\u0131b. Ard\u0131nca bu m\u0259s\u0259l\u0259 yenid\u0259n g\u00fcnd\u0259m\u0259 g\u0259lib v\u0259 Aslan Aslanovun o\u011flunun q\u0259tlind\u0259 ittiham olunan \u015f\u0259xsi h\u0259bsd\u0259n \u00e7\u0131xma\u011fa imkan verm\u0259diyi iddia olunub. Lamiy\u0259 Quliyevan\u0131n v\u0259kili onun azadl\u0131\u011fa burax\u0131lmas\u0131 \u00fc\u00e7\u00fcn m\u0259hk\u0259m\u0259y\u0259 m\u00fcraci\u0259t edib v\u0259 2015-ci ilin fevral\u0131nda m\u0259hk\u0259m\u0259 onun xeyrin\u0259 q\u0259rar verib.<\/p>\n\n\n\n<p>2021-ci ild\u0259 Prezident \u0130lham \u018fliyevin \u0259fv s\u0259r\u0259ncam\u0131yla V\u00fcqar \u018fliyev haqq\u0131nda \u00f6m\u00fcrl\u00fck h\u0259bs h\u00f6km\u00fc d\u0259 d\u0259yi\u015f\u0259r\u0259k, 25 il azadl\u0131qdan m\u0259hrumetm\u0259 il\u0259 \u0259v\u0259zl\u0259nib.<\/p>\n\n\n\n<p>YAP Siyasi \u015euras\u0131n\u0131n \u00fczv\u00fc olmu\u015f, 1993-2005-ci ill\u0259rd\u0259 \u015e\u0259mkirin icra ba\u015f\u00e7\u0131s\u0131, 2005-2013-c\u00fc ill\u0259rd\u0259 is\u0259 K\u0259nd T\u0259s\u0259rr\u00fcfat\u0131 nazirinin 1-ci m\u00fcavini v\u0259zif\u0259sind\u0259 \u00e7al\u0131\u015fm\u0131\u015f Aslan Aslanov 2018-ci ild\u0259 v\u0259fat edib.<\/p>\n","protected":false},"excerpt":{"rendered":"<p>M\u0259lah\u0259t \u0130smay\u0131lova: \u201cDayanan yerd\u0259 g\u0259lib adama ili\u015firl\u0259rs\u0259, dem\u0259li, \u015f\u00fcbh\u0259l\u0259nm\u0259y\u0259 \u0259sas &#8230; <\/p>\n<p class=\"read-more-container\"><a title=\"\u201cBu 20 il \u0259rzind\u0259 o\u011flumun, bizim ail\u0259nin ba\u015f\u0131na n\u0259 oyunlar g\u0259tirm\u0259dil\u0259r?!\u201d\" class=\"read-more button\" href=\"https:\/\/www.meydan.tv\/az\/article\/bu-20-il-erzinde-oglumun-bizim-ailenin-basina-ne-oyunlar-getirmediler\/#more-289002\" aria-label=\"Read more about \u201cBu 20 il \u0259rzind\u0259 o\u011flumun, bizim ail\u0259nin ba\u015f\u0131na n\u0259 oyunlar g\u0259tirm\u0259dil\u0259r?!\u201d\">Davam\u0131<\/a><\/p>\n","protected":false},"author":8,"featured_media":289003,"comment_status":"closed","ping_status":"closed","sticky":false,"template":"","format":"standard","meta":{"_acf_changed":false,"_sitemap_exclude":false,"_sitemap_priority":"","_sitemap_frequency":"","footnotes":""},"categories":[60,79,56],"tags":[],"class_list":["post-289002","post","type-post","status-publish","format-standard","has-post-thumbnail","hentry","category-bolge","category-featured","category-xeberler","infinite-scroll-item","generate-columns","tablet-grid-50","mobile-grid-100","grid-parent","grid-33","no-featured-image-padding"],"acf":[],"yoast_head":"<!-- This site is optimized with the Yoast SEO plugin v27.4 - https:\/\/yoast.com\/product\/yoast-seo-wordpress\/ -->\n<title>\u201cBu 20 il \u0259rzind\u0259 o\u011flumun, bizim ail\u0259nin ba\u015f\u0131na n\u0259 oyunlar g\u0259tirm\u0259dil\u0259r?!\u201d - MEYDAN.TV<\/title>\n<meta name=\"robots\" content=\"index, follow, max-snippet:-1, max-image-preview:large, max-video-preview:-1\" \/>\n<link rel=\"canonical\" href=\"https:\/\/www.meydan.tv\/az\/article\/bu-20-il-erzinde-oglumun-bizim-ailenin-basina-ne-oyunlar-getirmediler\/\" \/>\n<meta property=\"og:locale\" content=\"az_AZ\" \/>\n<meta property=\"og:type\" content=\"article\" \/>\n<meta property=\"og:title\" content=\"\u201cBu 20 il \u0259rzind\u0259 o\u011flumun, bizim ail\u0259nin ba\u015f\u0131na n\u0259 oyunlar g\u0259tirm\u0259dil\u0259r?!\u201d - MEYDAN.TV\" \/>\n<meta property=\"og:description\" content=\"M\u0259lah\u0259t \u0130smay\u0131lova: \u201cDayanan yerd\u0259 g\u0259lib adama ili\u015firl\u0259rs\u0259, dem\u0259li, \u015f\u00fcbh\u0259l\u0259nm\u0259y\u0259 \u0259sas ... Davam\u0131\" \/>\n<meta property=\"og:url\" content=\"https:\/\/www.meydan.tv\/az\/article\/bu-20-il-erzinde-oglumun-bizim-ailenin-basina-ne-oyunlar-getirmediler\/\" \/>\n<meta property=\"og:site_name\" content=\"MEYDAN.TV\" \/>\n<meta property=\"article:published_time\" content=\"2023-10-27T09:52:38+00:00\" \/>\n<meta property=\"article:modified_time\" content=\"2023-10-27T09:52:41+00:00\" \/>\n<meta property=\"og:image\" content=\"https:\/\/www.meydan.tv\/wp-content\/uploads\/untitled-1500-x-1000-px-7-1.jpg\" \/>\n\t<meta property=\"og:image:width\" content=\"1500\" \/>\n\t<meta property=\"og:image:height\" content=\"1000\" \/>\n\t<meta property=\"og:image:type\" content=\"image\/jpeg\" \/>\n<meta name=\"author\" content=\"elli\" \/>\n<meta name=\"twitter:card\" content=\"summary_large_image\" \/>\n<meta name=\"twitter:creator\" content=\"@elli\" \/>\n<script type=\"application\/ld+json\" class=\"yoast-schema-graph\">{\"@context\":\"https:\\\/\\\/schema.org\",\"@graph\":[{\"@type\":\"Article\",\"@id\":\"https:\\\/\\\/www.meydan.tv\\\/az\\\/article\\\/bu-20-il-erzinde-oglumun-bizim-ailenin-basina-ne-oyunlar-getirmediler\\\/#article\",\"isPartOf\":{\"@id\":\"https:\\\/\\\/www.meydan.tv\\\/az\\\/article\\\/bu-20-il-erzinde-oglumun-bizim-ailenin-basina-ne-oyunlar-getirmediler\\\/\"},\"author\":{\"name\":\"elli\",\"@id\":\"https:\\\/\\\/www.meydan.tv\\\/az\\\/#\\\/schema\\\/person\\\/9cdbecf90d17180ce1dfbd95b08dcf47\"},\"headline\":\"\u201cBu 20 il \u0259rzind\u0259 o\u011flumun, bizim ail\u0259nin ba\u015f\u0131na n\u0259 oyunlar g\u0259tirm\u0259dil\u0259r?!\u201d\",\"datePublished\":\"2023-10-27T09:52:38+00:00\",\"dateModified\":\"2023-10-27T09:52:41+00:00\",\"mainEntityOfPage\":{\"@id\":\"https:\\\/\\\/www.meydan.tv\\\/az\\\/article\\\/bu-20-il-erzinde-oglumun-bizim-ailenin-basina-ne-oyunlar-getirmediler\\\/\"},\"wordCount\":1072,\"publisher\":{\"@id\":\"https:\\\/\\\/www.meydan.tv\\\/az\\\/#organization\"},\"image\":{\"@id\":\"https:\\\/\\\/www.meydan.tv\\\/az\\\/article\\\/bu-20-il-erzinde-oglumun-bizim-ailenin-basina-ne-oyunlar-getirmediler\\\/#primaryimage\"},\"thumbnailUrl\":\"https:\\\/\\\/www.meydan.tv\\\/wp-content\\\/uploads\\\/untitled-1500-x-1000-px-7-1.jpg\",\"articleSection\":[\"B\u00f6lg\u0259\",\"T\u00f6vsiy\u0259\",\"X\u0259b\u0259rl\u0259r\"],\"inLanguage\":\"az\"},{\"@type\":\"WebPage\",\"@id\":\"https:\\\/\\\/www.meydan.tv\\\/az\\\/article\\\/bu-20-il-erzinde-oglumun-bizim-ailenin-basina-ne-oyunlar-getirmediler\\\/\",\"url\":\"https:\\\/\\\/www.meydan.tv\\\/az\\\/article\\\/bu-20-il-erzinde-oglumun-bizim-ailenin-basina-ne-oyunlar-getirmediler\\\/\",\"name\":\"\u201cBu 20 il \u0259rzind\u0259 o\u011flumun, bizim ail\u0259nin ba\u015f\u0131na n\u0259 oyunlar g\u0259tirm\u0259dil\u0259r?!\u201d - MEYDAN.TV\",\"isPartOf\":{\"@id\":\"https:\\\/\\\/www.meydan.tv\\\/az\\\/#website\"},\"primaryImageOfPage\":{\"@id\":\"https:\\\/\\\/www.meydan.tv\\\/az\\\/article\\\/bu-20-il-erzinde-oglumun-bizim-ailenin-basina-ne-oyunlar-getirmediler\\\/#primaryimage\"},\"image\":{\"@id\":\"https:\\\/\\\/www.meydan.tv\\\/az\\\/article\\\/bu-20-il-erzinde-oglumun-bizim-ailenin-basina-ne-oyunlar-getirmediler\\\/#primaryimage\"},\"thumbnailUrl\":\"https:\\\/\\\/www.meydan.tv\\\/wp-content\\\/uploads\\\/untitled-1500-x-1000-px-7-1.jpg\",\"datePublished\":\"2023-10-27T09:52:38+00:00\",\"dateModified\":\"2023-10-27T09:52:41+00:00\",\"breadcrumb\":{\"@id\":\"https:\\\/\\\/www.meydan.tv\\\/az\\\/article\\\/bu-20-il-erzinde-oglumun-bizim-ailenin-basina-ne-oyunlar-getirmediler\\\/#breadcrumb\"},\"inLanguage\":\"az\",\"potentialAction\":[{\"@type\":\"ReadAction\",\"target\":[\"https:\\\/\\\/www.meydan.tv\\\/az\\\/article\\\/bu-20-il-erzinde-oglumun-bizim-ailenin-basina-ne-oyunlar-getirmediler\\\/\"]}]},{\"@type\":\"ImageObject\",\"inLanguage\":\"az\",\"@id\":\"https:\\\/\\\/www.meydan.tv\\\/az\\\/article\\\/bu-20-il-erzinde-oglumun-bizim-ailenin-basina-ne-oyunlar-getirmediler\\\/#primaryimage\",\"url\":\"https:\\\/\\\/www.meydan.tv\\\/wp-content\\\/uploads\\\/untitled-1500-x-1000-px-7-1.jpg\",\"contentUrl\":\"https:\\\/\\\/www.meydan.tv\\\/wp-content\\\/uploads\\\/untitled-1500-x-1000-px-7-1.jpg\",\"width\":1500,\"height\":1000,\"caption\":\"M\u0259lah\u0259t \u0130smay\u0131lova. Foto: Meydan TV\"},{\"@type\":\"BreadcrumbList\",\"@id\":\"https:\\\/\\\/www.meydan.tv\\\/az\\\/article\\\/bu-20-il-erzinde-oglumun-bizim-ailenin-basina-ne-oyunlar-getirmediler\\\/#breadcrumb\",\"itemListElement\":[{\"@type\":\"ListItem\",\"position\":1,\"name\":\"Ana s\u0259hif\u0259\",\"item\":\"https:\\\/\\\/www.meydan.tv\\\/az\\\/\"},{\"@type\":\"ListItem\",\"position\":2,\"name\":\"B\u00f6lg\u0259\",\"item\":\"https:\\\/\\\/www.meydan.tv\\\/az\\\/section\\\/bolge\\\/\"},{\"@type\":\"ListItem\",\"position\":3,\"name\":\"\u201cBu 20 il \u0259rzind\u0259 o\u011flumun, bizim ail\u0259nin ba\u015f\u0131na n\u0259 oyunlar g\u0259tirm\u0259dil\u0259r?!\u201d\"}]},{\"@type\":\"WebSite\",\"@id\":\"https:\\\/\\\/www.meydan.tv\\\/az\\\/#website\",\"url\":\"https:\\\/\\\/www.meydan.tv\\\/az\\\/\",\"name\":\"MEYDAN.TV\",\"description\":\"Meydan TV Az\u0259rbaycan\u0131n media m\u0259kan\u0131ndak\u0131 alternativ s\u0259sidir\",\"publisher\":{\"@id\":\"https:\\\/\\\/www.meydan.tv\\\/az\\\/#organization\"},\"potentialAction\":[{\"@type\":\"SearchAction\",\"target\":{\"@type\":\"EntryPoint\",\"urlTemplate\":\"https:\\\/\\\/www.meydan.tv\\\/az\\\/?s={search_term_string}\"},\"query-input\":{\"@type\":\"PropertyValueSpecification\",\"valueRequired\":true,\"valueName\":\"search_term_string\"}}],\"inLanguage\":\"az\"},{\"@type\":\"Organization\",\"@id\":\"https:\\\/\\\/www.meydan.tv\\\/az\\\/#organization\",\"name\":\"Meydan TV\",\"url\":\"https:\\\/\\\/www.meydan.tv\\\/az\\\/\",\"logo\":{\"@type\":\"ImageObject\",\"inLanguage\":\"az\",\"@id\":\"https:\\\/\\\/www.meydan.tv\\\/az\\\/#\\\/schema\\\/logo\\\/image\\\/\",\"url\":\"https:\\\/\\\/www.meydan.tv\\\/wp-content\\\/uploads\\\/2021\\\/07\\\/meydan-logo.svg\",\"contentUrl\":\"https:\\\/\\\/www.meydan.tv\\\/wp-content\\\/uploads\\\/2021\\\/07\\\/meydan-logo.svg\",\"width\":195,\"height\":46,\"caption\":\"Meydan TV\"},\"image\":{\"@id\":\"https:\\\/\\\/www.meydan.tv\\\/az\\\/#\\\/schema\\\/logo\\\/image\\\/\"}},{\"@type\":\"Person\",\"@id\":\"https:\\\/\\\/www.meydan.tv\\\/az\\\/#\\\/schema\\\/person\\\/9cdbecf90d17180ce1dfbd95b08dcf47\",\"name\":\"elli\",\"sameAs\":[\"https:\\\/\\\/x.com\\\/elli\"]}]}<\/script>\n<!-- \/ Yoast SEO plugin. -->","yoast_head_json":{"title":"\u201cBu 20 il \u0259rzind\u0259 o\u011flumun, bizim ail\u0259nin ba\u015f\u0131na n\u0259 oyunlar g\u0259tirm\u0259dil\u0259r?!\u201d - MEYDAN.TV","robots":{"index":"index","follow":"follow","max-snippet":"max-snippet:-1","max-image-preview":"max-image-preview:large","max-video-preview":"max-video-preview:-1"},"canonical":"https:\/\/www.meydan.tv\/az\/article\/bu-20-il-erzinde-oglumun-bizim-ailenin-basina-ne-oyunlar-getirmediler\/","og_locale":"az_AZ","og_type":"article","og_title":"\u201cBu 20 il \u0259rzind\u0259 o\u011flumun, bizim ail\u0259nin ba\u015f\u0131na n\u0259 oyunlar g\u0259tirm\u0259dil\u0259r?!\u201d - MEYDAN.TV","og_description":"M\u0259lah\u0259t \u0130smay\u0131lova: \u201cDayanan yerd\u0259 g\u0259lib adama ili\u015firl\u0259rs\u0259, dem\u0259li, \u015f\u00fcbh\u0259l\u0259nm\u0259y\u0259 \u0259sas ... Davam\u0131","og_url":"https:\/\/www.meydan.tv\/az\/article\/bu-20-il-erzinde-oglumun-bizim-ailenin-basina-ne-oyunlar-getirmediler\/","og_site_name":"MEYDAN.TV","article_published_time":"2023-10-27T09:52:38+00:00","article_modified_time":"2023-10-27T09:52:41+00:00","og_image":[{"width":1500,"height":1000,"url":"https:\/\/www.meydan.tv\/wp-content\/uploads\/untitled-1500-x-1000-px-7-1.jpg","type":"image\/jpeg"}],"author":"elli","twitter_card":"summary_large_image","twitter_creator":"@elli","schema":{"@context":"https:\/\/schema.org","@graph":[{"@type":"Article","@id":"https:\/\/www.meydan.tv\/az\/article\/bu-20-il-erzinde-oglumun-bizim-ailenin-basina-ne-oyunlar-getirmediler\/#article","isPartOf":{"@id":"https:\/\/www.meydan.tv\/az\/article\/bu-20-il-erzinde-oglumun-bizim-ailenin-basina-ne-oyunlar-getirmediler\/"},"author":{"name":"elli","@id":"https:\/\/www.meydan.tv\/az\/#\/schema\/person\/9cdbecf90d17180ce1dfbd95b08dcf47"},"headline":"\u201cBu 20 il \u0259rzind\u0259 o\u011flumun, bizim ail\u0259nin ba\u015f\u0131na n\u0259 oyunlar g\u0259tirm\u0259dil\u0259r?!\u201d","datePublished":"2023-10-27T09:52:38+00:00","dateModified":"2023-10-27T09:52:41+00:00","mainEntityOfPage":{"@id":"https:\/\/www.meydan.tv\/az\/article\/bu-20-il-erzinde-oglumun-bizim-ailenin-basina-ne-oyunlar-getirmediler\/"},"wordCount":1072,"publisher":{"@id":"https:\/\/www.meydan.tv\/az\/#organization"},"image":{"@id":"https:\/\/www.meydan.tv\/az\/article\/bu-20-il-erzinde-oglumun-bizim-ailenin-basina-ne-oyunlar-getirmediler\/#primaryimage"},"thumbnailUrl":"https:\/\/www.meydan.tv\/wp-content\/uploads\/untitled-1500-x-1000-px-7-1.jpg","articleSection":["B\u00f6lg\u0259","T\u00f6vsiy\u0259","X\u0259b\u0259rl\u0259r"],"inLanguage":"az"},{"@type":"WebPage","@id":"https:\/\/www.meydan.tv\/az\/article\/bu-20-il-erzinde-oglumun-bizim-ailenin-basina-ne-oyunlar-getirmediler\/","url":"https:\/\/www.meydan.tv\/az\/article\/bu-20-il-erzinde-oglumun-bizim-ailenin-basina-ne-oyunlar-getirmediler\/","name":"\u201cBu 20 il \u0259rzind\u0259 o\u011flumun, bizim ail\u0259nin ba\u015f\u0131na n\u0259 oyunlar g\u0259tirm\u0259dil\u0259r?!\u201d - MEYDAN.TV","isPartOf":{"@id":"https:\/\/www.meydan.tv\/az\/#website"},"primaryImageOfPage":{"@id":"https:\/\/www.meydan.tv\/az\/article\/bu-20-il-erzinde-oglumun-bizim-ailenin-basina-ne-oyunlar-getirmediler\/#primaryimage"},"image":{"@id":"https:\/\/www.meydan.tv\/az\/article\/bu-20-il-erzinde-oglumun-bizim-ailenin-basina-ne-oyunlar-getirmediler\/#primaryimage"},"thumbnailUrl":"https:\/\/www.meydan.tv\/wp-content\/uploads\/untitled-1500-x-1000-px-7-1.jpg","datePublished":"2023-10-27T09:52:38+00:00","dateModified":"2023-10-27T09:52:41+00:00","breadcrumb":{"@id":"https:\/\/www.meydan.tv\/az\/article\/bu-20-il-erzinde-oglumun-bizim-ailenin-basina-ne-oyunlar-getirmediler\/#breadcrumb"},"inLanguage":"az","potentialAction":[{"@type":"ReadAction","target":["https:\/\/www.meydan.tv\/az\/article\/bu-20-il-erzinde-oglumun-bizim-ailenin-basina-ne-oyunlar-getirmediler\/"]}]},{"@type":"ImageObject","inLanguage":"az","@id":"https:\/\/www.meydan.tv\/az\/article\/bu-20-il-erzinde-oglumun-bizim-ailenin-basina-ne-oyunlar-getirmediler\/#primaryimage","url":"https:\/\/www.meydan.tv\/wp-content\/uploads\/untitled-1500-x-1000-px-7-1.jpg","contentUrl":"https:\/\/www.meydan.tv\/wp-content\/uploads\/untitled-1500-x-1000-px-7-1.jpg","width":1500,"height":1000,"caption":"M\u0259lah\u0259t \u0130smay\u0131lova. Foto: Meydan TV"},{"@type":"BreadcrumbList","@id":"https:\/\/www.meydan.tv\/az\/article\/bu-20-il-erzinde-oglumun-bizim-ailenin-basina-ne-oyunlar-getirmediler\/#breadcrumb","itemListElement":[{"@type":"ListItem","position":1,"name":"Ana s\u0259hif\u0259","item":"https:\/\/www.meydan.tv\/az\/"},{"@type":"ListItem","position":2,"name":"B\u00f6lg\u0259","item":"https:\/\/www.meydan.tv\/az\/section\/bolge\/"},{"@type":"ListItem","position":3,"name":"\u201cBu 20 il \u0259rzind\u0259 o\u011flumun, bizim ail\u0259nin ba\u015f\u0131na n\u0259 oyunlar g\u0259tirm\u0259dil\u0259r?!\u201d"}]},{"@type":"WebSite","@id":"https:\/\/www.meydan.tv\/az\/#website","url":"https:\/\/www.meydan.tv\/az\/","name":"MEYDAN.TV","description":"Meydan TV Az\u0259rbaycan\u0131n media m\u0259kan\u0131ndak\u0131 alternativ s\u0259sidir","publisher":{"@id":"https:\/\/www.meydan.tv\/az\/#organization"},"potentialAction":[{"@type":"SearchAction","target":{"@type":"EntryPoint","urlTemplate":"https:\/\/www.meydan.tv\/az\/?s={search_term_string}"},"query-input":{"@type":"PropertyValueSpecification","valueRequired":true,"valueName":"search_term_string"}}],"inLanguage":"az"},{"@type":"Organization","@id":"https:\/\/www.meydan.tv\/az\/#organization","name":"Meydan TV","url":"https:\/\/www.meydan.tv\/az\/","logo":{"@type":"ImageObject","inLanguage":"az","@id":"https:\/\/www.meydan.tv\/az\/#\/schema\/logo\/image\/","url":"https:\/\/www.meydan.tv\/wp-content\/uploads\/2021\/07\/meydan-logo.svg","contentUrl":"https:\/\/www.meydan.tv\/wp-content\/uploads\/2021\/07\/meydan-logo.svg","width":195,"height":46,"caption":"Meydan TV"},"image":{"@id":"https:\/\/www.meydan.tv\/az\/#\/schema\/logo\/image\/"}},{"@type":"Person","@id":"https:\/\/www.meydan.tv\/az\/#\/schema\/person\/9cdbecf90d17180ce1dfbd95b08dcf47","name":"elli","sameAs":["https:\/\/x.com\/elli"]}]}},"_links":{"self":[{"href":"https:\/\/www.meydan.tv\/az\/wp-json\/wp\/v2\/posts\/289002","targetHints":{"allow":["GET"]}}],"collection":[{"href":"https:\/\/www.meydan.tv\/az\/wp-json\/wp\/v2\/posts"}],"about":[{"href":"https:\/\/www.meydan.tv\/az\/wp-json\/wp\/v2\/types\/post"}],"author":[{"embeddable":true,"href":"https:\/\/www.meydan.tv\/az\/wp-json\/wp\/v2\/users\/8"}],"replies":[{"embeddable":true,"href":"https:\/\/www.meydan.tv\/az\/wp-json\/wp\/v2\/comments?post=289002"}],"version-history":[{"count":3,"href":"https:\/\/www.meydan.tv\/az\/wp-json\/wp\/v2\/posts\/289002\/revisions"}],"predecessor-version":[{"id":289008,"href":"https:\/\/www.meydan.tv\/az\/wp-json\/wp\/v2\/posts\/289002\/revisions\/289008"}],"wp:featuredmedia":[{"embeddable":true,"href":"https:\/\/www.meydan.tv\/az\/wp-json\/wp\/v2\/media\/289003"}],"wp:attachment":[{"href":"https:\/\/www.meydan.tv\/az\/wp-json\/wp\/v2\/media?parent=289002"}],"wp:term":[{"taxonomy":"category","embeddable":true,"href":"https:\/\/www.meydan.tv\/az\/wp-json\/wp\/v2\/categories?post=289002"},{"taxonomy":"post_tag","embeddable":true,"href":"https:\/\/www.meydan.tv\/az\/wp-json\/wp\/v2\/tags?post=289002"}],"curies":[{"name":"wp","href":"https:\/\/api.w.org\/{rel}","templated":true}]}}