{"id":288955,"date":"2023-10-26T17:31:18","date_gmt":"2023-10-26T13:31:18","guid":{"rendered":"https:\/\/www.meydan.tv\/?p=288955"},"modified":"2023-10-26T17:31:22","modified_gmt":"2023-10-26T13:31:22","slug":"iranda-hicabdan-imtina-eden-aktrisalar-filmlere-cekilmeyecek","status":"publish","type":"post","link":"https:\/\/www.meydan.tv\/az\/article\/iranda-hicabdan-imtina-eden-aktrisalar-filmlere-cekilmeyecek\/","title":{"rendered":"\u0130randa hicabdan imtina ed\u0259n aktrisalar filml\u0259r\u0259 \u00e7\u0259kilm\u0259y\u0259c\u0259k"},"content":{"rendered":"\n<p><\/p>\n\n\n\n<p><strong><em>Hicabs\u0131z aktrisalarla \u0259m\u0259kda\u015fl\u0131q ed\u0259n prod\u00fcserl\u0259r\u0259 is\u0259 lisenziya verilm\u0259y\u0259c\u0259k<\/em><\/strong><\/p>\n\n\n\n<p>\u0130ran\u0131n Kinematoqrafiyaya Pe\u015f\u0259kar Qiym\u0259tl\u0259ndirm\u0259 v\u0259 N\u0259zar\u0259t Ba\u015f \u0130dar\u0259sinin r\u0259is m\u00fcavini H\u0259bib \u0130l Beqi hicab taxmaqdan imtina ed\u0259n aktrisalar\u0131n filml\u0259rd\u0259 \u00e7\u0259kilm\u0259sin\u0259 qada\u011fa qoyuldu\u011funu bildirib.<\/p>\n\n\n\n<p>O, bu bar\u0259d\u0259 \u0130RNA d\u00f6vl\u0259t telekanal\u0131na m\u00fcsahib\u0259sind\u0259 <a href=\"https:\/\/www.irna.ir\/news\/85243414\/%D8%AA%D9%88%D8%B6%DB%8C%D8%AD%D8%A7%D8%AA-%D8%A7%DB%8C%D9%84-%D8%A8%DB%8C%DA%AF%DB%8C-%D8%AF%D8%B1%D8%A8%D8%A7%D8%B1%D9%87-%DA%A9%D8%A7%D9%86%D8%A7%D9%BE%D9%87-%D8%B4%DB%8C%D8%B4%D9%84%DB%8C%DA%A9-%D9%88-%D8%AF%DB%8C%DA%AF%D8%B1-%D9%81%DB%8C%D9%84%D9%85-%D9%87%D8%A7%DB%8C-%D8%AA%D9%88%D9%82%DB%8C%D9%81-%D8%B4%D8%AF%D9%87-%D8%B9%DB%8C%D8%A7%D8%B1%DB%8C\">dan\u0131\u015f\u0131b.<\/a><br><br>\u201c<em>Hicabs\u0131z aktrisalarla \u0259m\u0259kda\u015fl\u0131q ed\u0259n prod\u00fcserl\u0259r\u0259 film n\u00fcmayi\u015f etdirm\u0259k \u00fc\u00e7\u00fcn lisenziya verilm\u0259y\u0259c\u0259yin\u0259 dair art\u0131q x\u0259b\u0259rdarl\u0131q etmi\u015fik\u201d,<\/em> &#8211; H\u0259bib \u0130l Beqi deyib.<\/p>\n\n\n\n<p>Bunun ard\u0131nca is\u0259 \u201cCinemaDaily\u201d-nin \u201cTelegram\u201d kanal\u0131nda bu qada\u011fadan t\u0259sirl\u0259n\u0259c\u0259yi ehtimal edil\u0259n on iki aktrisan\u0131n siyah\u0131s\u0131 <a href=\"https:\/\/t.me\/Cinemadaily\/19583\">yay\u0131mlan\u0131b.<\/a><br><br>\u0130ran\u0131n m\u0259d\u0259niyy\u0259t v\u0259 islami ir\u015fad naziri M\u0259h\u0259mm\u0259d Mehdi \u0130smaili d\u0259 n\u00f6vb\u0259ti d\u0259f\u0259 hicab taxma\u011f\u0131n qanun oldu\u011funu <a href=\"https:\/\/www.radiofarda.com\/a\/32653513.html\">bildirib.<\/a><br><br>\u201c<em>V\u0259 biz bu qanuna \u0259m\u0259l ed\u0259c\u0259yik\u201d,<\/em> &#8211; deyib.<\/p>\n\n\n\n<p>Lakin nazir \u00e7\u0131x\u0131\u015f\u0131nda H\u0259bib \u0130l Beqinin dedikl\u0259rini t\u0259sdiq v\u0259 ya t\u0259kzib etm\u0259yib. Sad\u0259c\u0259, \u0259lav\u0259 edib ki, qanuna \u0259m\u0259l etm\u0259y\u0259nl\u0259rl\u0259 i\u015fl\u0259m\u0259k m\u00fcmk\u00fcn deyil.<\/p>\n\n\n\n<p>\u0130randa \u0130slam \u0130nqilab\u0131ndan sonra, 1981-ci ild\u0259n ba\u015flayaraq doqquz ya\u015fdan yuxar\u0131 b\u00fct\u00fcn qad\u0131nlara ictimai yerl\u0259rd\u0259 hicab taxmaq m\u0259cburi olub.<\/p>\n\n\n\n<p>2022-ci ild\u0259 \u0130randa k\u00fctl\u0259vi etirazlar ba\u015flay\u0131b v\u0259 bir ne\u00e7\u0259 ay davam edib. Buna s\u0259b\u0259b 22 ya\u015fl\u0131 M\u0259hsa Amininin \u00f6l\u00fcm\u00fc olub. O, 2022-ci ilin sentyabr\u0131nda \u0130ran polisi t\u0259r\u0259find\u0259n d\u00fczg\u00fcn hicab geyinm\u0259m\u0259kd\u0259 ittiham edil\u0259r\u0259k saxlan\u0131l\u0131b. Polis b\u00f6lm\u0259sind\u0259n x\u0259st\u0259xanaya apar\u0131lan q\u0131z bir ne\u00e7\u0259 g\u00fcn sonra orada v\u0259fat edib.<\/p>\n\n\n\n<p>Yax\u0131nlar\u0131 onun \u00f6l\u00fcm\u00fcn\u00fcn t\u0259hl\u00fck\u0259sizlik q\u00fcvv\u0259l\u0259ri t\u0259r\u0259find\u0259n d\u00f6y\u00fclm\u0259si oldu\u011funu g\u00fcman edirl\u0259r.<\/p>\n\n\n\n<p>M\u0259hsa Aminin \u00f6l\u00fcm\u00fcnd\u0259n sonra qad\u0131nlar\u0131n r\u0259hb\u0259rlik etdiyi etirazlar \u00f6lk\u0259nin 31 vilay\u0259tind\u0259 160 \u015f\u0259h\u0259r\u0259 yay\u0131l\u0131b.<\/p>\n\n\n\n<p>Etiraz h\u0259r\u0259kat\u0131 il\u0259 h\u0259mr\u0259ylik ifad\u0259 ed\u0259n v\u0259 rejim\u0259 qar\u015f\u0131 a\u00e7\u0131q-a\u015fkar ita\u0259tsizlik akt\u0131 olaraq ictimai yerl\u0259rd\u0259 hicablar\u0131n\u0131 \u00e7\u0131xaran iki aktrisa \u2013 Henqame Qaziani v\u0259 Katayun Riahinin d\u0259 h\u0259bs edilib.<\/p>\n\n\n\n<p>2023-c\u00fc ilin sentyabr\u0131nda \u0130ran \u0130slami geyim qaydalar\u0131n\u0131 pozan qad\u0131nlara 10 il h\u0259bs c\u0259zas\u0131 n\u0259z\u0259rd\u0259 tutan \u201cHicab v\u0259 \u0130ff\u0259t\u201d qanununu q\u0259bul edib.<\/p>\n\n\n\n<p>Yeni qanuna \u0259sas\u0259n, m\u0259cburi hicaba \u0259m\u0259l edilm\u0259m\u0259si \u00e7\u0131lpaql\u0131q say\u0131l\u0131r.<\/p>\n\n\n\n<p>Qanunu pozan qad\u0131nlar \u015fallaqlanaraq 360 milyon \u0130ran rial\u0131na (8522 dollar) q\u0259d\u0259r c\u0259rim\u0259l\u0259n\u0259 bil\u0259rl\u0259r.<\/p>\n\n\n\n<p>\u018fvv\u0259lki qanunvericilikd\u0259 bel\u0259 pozuntu iki aya q\u0259d\u0259r h\u0259bs v\u0259 ya 500 min \u0130ran rial\u0131na (12 dollar) q\u0259d\u0259r c\u0259rim\u0259 n\u0259z\u0259rd\u0259 tutulurdu.<\/p>\n\n\n\n<p>H\u00fcquq m\u00fcdafi\u0259\u00e7il\u0259rinin m\u0259lumat\u0131na g\u00f6r\u0259, etirazlar zaman\u0131 600-\u0259 yax\u0131n n\u00fcmayi\u015f\u00e7i h\u0259lak olub, 20 min\u0259 yax\u0131n insan is\u0259 n\u0259zar\u0259t\u0259 g\u00f6t\u00fcr\u00fcl\u00fcb. Bir ne\u00e7\u0259 n\u0259f\u0259r edam edilib.<\/p>\n\n\n\n<p>M\u0259hsa Amininin \u00f6l\u00fcm\u00fcnd\u0259n sonra bir s\u0131ra iranl\u0131 s\u0259n\u0259t adamlar\u0131 da olaya etiraz \u0259lam\u0259ti olaraq sosial \u015f\u0259b\u0259k\u0259l\u0259rd\u0259 payla\u015fmalar edibl\u0259r.<\/p>\n\n\n\n<p>N\u0259tic\u0259d\u0259 aktrisalar T\u0259ran\u0259 \u018flidusti, Henqame Qaziani v\u0259 Katayun Riahinin h\u0259bs edilm\u0259si x\u0259b\u0259rl\u0259ri <a href=\"https:\/\/d9mc3ts4czbpr.cloudfront.net\/az\/article\/iranda-iki-aktrisa-hebs-edilib\/\">yay\u0131l\u0131b<\/a>.<br><\/p>\n","protected":false},"excerpt":{"rendered":"<p>Hicabs\u0131z aktrisalarla \u0259m\u0259kda\u015fl\u0131q ed\u0259n prod\u00fcserl\u0259r\u0259 is\u0259 lisenziya verilm\u0259y\u0259c\u0259k \u0130ran\u0131n Kinematoqrafiyaya &#8230; <\/p>\n<p class=\"read-more-container\"><a title=\"\u0130randa hicabdan imtina ed\u0259n aktrisalar filml\u0259r\u0259 \u00e7\u0259kilm\u0259y\u0259c\u0259k\" class=\"read-more button\" href=\"https:\/\/www.meydan.tv\/az\/article\/iranda-hicabdan-imtina-eden-aktrisalar-filmlere-cekilmeyecek\/#more-288955\" aria-label=\"Read more about \u0130randa hicabdan imtina ed\u0259n aktrisalar filml\u0259r\u0259 \u00e7\u0259kilm\u0259y\u0259c\u0259k\">Davam\u0131<\/a><\/p>\n","protected":false},"author":8,"featured_media":288966,"comment_status":"closed","ping_status":"closed","sticky":false,"template":"","format":"standard","meta":{"_acf_changed":false,"_sitemap_exclude":false,"_sitemap_priority":"","_sitemap_frequency":"","footnotes":""},"categories":[64,52,56],"tags":[],"class_list":["post-288955","post","type-post","status-publish","format-standard","has-post-thumbnail","hentry","category-dunya","category-medeniyyet","category-xeberler","infinite-scroll-item","generate-columns","tablet-grid-50","mobile-grid-100","grid-parent","grid-33","no-featured-image-padding"],"acf":[],"yoast_head":"<!-- This site is optimized with the Yoast SEO plugin v27.4 - https:\/\/yoast.com\/product\/yoast-seo-wordpress\/ -->\n<title>\u0130randa hicabdan imtina ed\u0259n aktrisalar filml\u0259r\u0259 \u00e7\u0259kilm\u0259y\u0259c\u0259k - MEYDAN.TV<\/title>\n<meta name=\"robots\" content=\"index, follow, max-snippet:-1, max-image-preview:large, max-video-preview:-1\" \/>\n<link rel=\"canonical\" href=\"https:\/\/www.meydan.tv\/az\/article\/iranda-hicabdan-imtina-eden-aktrisalar-filmlere-cekilmeyecek\/\" \/>\n<meta property=\"og:locale\" content=\"az_AZ\" \/>\n<meta property=\"og:type\" content=\"article\" \/>\n<meta property=\"og:title\" content=\"\u0130randa hicabdan imtina ed\u0259n aktrisalar filml\u0259r\u0259 \u00e7\u0259kilm\u0259y\u0259c\u0259k - MEYDAN.TV\" \/>\n<meta property=\"og:description\" content=\"Hicabs\u0131z aktrisalarla \u0259m\u0259kda\u015fl\u0131q ed\u0259n prod\u00fcserl\u0259r\u0259 is\u0259 lisenziya verilm\u0259y\u0259c\u0259k \u0130ran\u0131n Kinematoqrafiyaya ... Davam\u0131\" \/>\n<meta property=\"og:url\" content=\"https:\/\/www.meydan.tv\/az\/article\/iranda-hicabdan-imtina-eden-aktrisalar-filmlere-cekilmeyecek\/\" \/>\n<meta property=\"og:site_name\" content=\"MEYDAN.TV\" \/>\n<meta property=\"article:published_time\" content=\"2023-10-26T13:31:18+00:00\" \/>\n<meta property=\"article:modified_time\" content=\"2023-10-26T13:31:22+00:00\" \/>\n<meta property=\"og:image\" content=\"https:\/\/www.meydan.tv\/wp-content\/uploads\/untitled-1500-x-1000-px-6-1.jpg\" \/>\n\t<meta property=\"og:image:width\" content=\"1500\" \/>\n\t<meta property=\"og:image:height\" content=\"1000\" \/>\n\t<meta property=\"og:image:type\" content=\"image\/jpeg\" \/>\n<meta name=\"author\" content=\"elli\" \/>\n<meta name=\"twitter:card\" content=\"summary_large_image\" \/>\n<meta name=\"twitter:creator\" content=\"@elli\" \/>\n<script type=\"application\/ld+json\" class=\"yoast-schema-graph\">{\"@context\":\"https:\\\/\\\/schema.org\",\"@graph\":[{\"@type\":\"Article\",\"@id\":\"https:\\\/\\\/www.meydan.tv\\\/az\\\/article\\\/iranda-hicabdan-imtina-eden-aktrisalar-filmlere-cekilmeyecek\\\/#article\",\"isPartOf\":{\"@id\":\"https:\\\/\\\/www.meydan.tv\\\/az\\\/article\\\/iranda-hicabdan-imtina-eden-aktrisalar-filmlere-cekilmeyecek\\\/\"},\"author\":{\"name\":\"elli\",\"@id\":\"https:\\\/\\\/www.meydan.tv\\\/az\\\/#\\\/schema\\\/person\\\/9cdbecf90d17180ce1dfbd95b08dcf47\"},\"headline\":\"\u0130randa hicabdan imtina ed\u0259n aktrisalar filml\u0259r\u0259 \u00e7\u0259kilm\u0259y\u0259c\u0259k\",\"datePublished\":\"2023-10-26T13:31:18+00:00\",\"dateModified\":\"2023-10-26T13:31:22+00:00\",\"mainEntityOfPage\":{\"@id\":\"https:\\\/\\\/www.meydan.tv\\\/az\\\/article\\\/iranda-hicabdan-imtina-eden-aktrisalar-filmlere-cekilmeyecek\\\/\"},\"wordCount\":613,\"publisher\":{\"@id\":\"https:\\\/\\\/www.meydan.tv\\\/az\\\/#organization\"},\"image\":{\"@id\":\"https:\\\/\\\/www.meydan.tv\\\/az\\\/article\\\/iranda-hicabdan-imtina-eden-aktrisalar-filmlere-cekilmeyecek\\\/#primaryimage\"},\"thumbnailUrl\":\"https:\\\/\\\/www.meydan.tv\\\/wp-content\\\/uploads\\\/untitled-1500-x-1000-px-6-1.jpg\",\"articleSection\":[\"D\u00fcnya\",\"M\u0259d\u0259niyy\u0259t\",\"X\u0259b\u0259rl\u0259r\"],\"inLanguage\":\"az\"},{\"@type\":\"WebPage\",\"@id\":\"https:\\\/\\\/www.meydan.tv\\\/az\\\/article\\\/iranda-hicabdan-imtina-eden-aktrisalar-filmlere-cekilmeyecek\\\/\",\"url\":\"https:\\\/\\\/www.meydan.tv\\\/az\\\/article\\\/iranda-hicabdan-imtina-eden-aktrisalar-filmlere-cekilmeyecek\\\/\",\"name\":\"\u0130randa hicabdan imtina ed\u0259n aktrisalar filml\u0259r\u0259 \u00e7\u0259kilm\u0259y\u0259c\u0259k - MEYDAN.TV\",\"isPartOf\":{\"@id\":\"https:\\\/\\\/www.meydan.tv\\\/az\\\/#website\"},\"primaryImageOfPage\":{\"@id\":\"https:\\\/\\\/www.meydan.tv\\\/az\\\/article\\\/iranda-hicabdan-imtina-eden-aktrisalar-filmlere-cekilmeyecek\\\/#primaryimage\"},\"image\":{\"@id\":\"https:\\\/\\\/www.meydan.tv\\\/az\\\/article\\\/iranda-hicabdan-imtina-eden-aktrisalar-filmlere-cekilmeyecek\\\/#primaryimage\"},\"thumbnailUrl\":\"https:\\\/\\\/www.meydan.tv\\\/wp-content\\\/uploads\\\/untitled-1500-x-1000-px-6-1.jpg\",\"datePublished\":\"2023-10-26T13:31:18+00:00\",\"dateModified\":\"2023-10-26T13:31:22+00:00\",\"breadcrumb\":{\"@id\":\"https:\\\/\\\/www.meydan.tv\\\/az\\\/article\\\/iranda-hicabdan-imtina-eden-aktrisalar-filmlere-cekilmeyecek\\\/#breadcrumb\"},\"inLanguage\":\"az\",\"potentialAction\":[{\"@type\":\"ReadAction\",\"target\":[\"https:\\\/\\\/www.meydan.tv\\\/az\\\/article\\\/iranda-hicabdan-imtina-eden-aktrisalar-filmlere-cekilmeyecek\\\/\"]}]},{\"@type\":\"ImageObject\",\"inLanguage\":\"az\",\"@id\":\"https:\\\/\\\/www.meydan.tv\\\/az\\\/article\\\/iranda-hicabdan-imtina-eden-aktrisalar-filmlere-cekilmeyecek\\\/#primaryimage\",\"url\":\"https:\\\/\\\/www.meydan.tv\\\/wp-content\\\/uploads\\\/untitled-1500-x-1000-px-6-1.jpg\",\"contentUrl\":\"https:\\\/\\\/www.meydan.tv\\\/wp-content\\\/uploads\\\/untitled-1500-x-1000-px-6-1.jpg\",\"width\":1500,\"height\":1000,\"caption\":\"Foto: Wiki v\u0259 Meydan TV montaj\"},{\"@type\":\"BreadcrumbList\",\"@id\":\"https:\\\/\\\/www.meydan.tv\\\/az\\\/article\\\/iranda-hicabdan-imtina-eden-aktrisalar-filmlere-cekilmeyecek\\\/#breadcrumb\",\"itemListElement\":[{\"@type\":\"ListItem\",\"position\":1,\"name\":\"Ana s\u0259hif\u0259\",\"item\":\"https:\\\/\\\/www.meydan.tv\\\/az\\\/\"},{\"@type\":\"ListItem\",\"position\":2,\"name\":\"M\u0259d\u0259niyy\u0259t\",\"item\":\"https:\\\/\\\/www.meydan.tv\\\/az\\\/section\\\/medeniyyet\\\/\"},{\"@type\":\"ListItem\",\"position\":3,\"name\":\"\u0130randa hicabdan imtina ed\u0259n aktrisalar filml\u0259r\u0259 \u00e7\u0259kilm\u0259y\u0259c\u0259k\"}]},{\"@type\":\"WebSite\",\"@id\":\"https:\\\/\\\/www.meydan.tv\\\/az\\\/#website\",\"url\":\"https:\\\/\\\/www.meydan.tv\\\/az\\\/\",\"name\":\"MEYDAN.TV\",\"description\":\"Meydan TV Az\u0259rbaycan\u0131n media m\u0259kan\u0131ndak\u0131 alternativ s\u0259sidir\",\"publisher\":{\"@id\":\"https:\\\/\\\/www.meydan.tv\\\/az\\\/#organization\"},\"potentialAction\":[{\"@type\":\"SearchAction\",\"target\":{\"@type\":\"EntryPoint\",\"urlTemplate\":\"https:\\\/\\\/www.meydan.tv\\\/az\\\/?s={search_term_string}\"},\"query-input\":{\"@type\":\"PropertyValueSpecification\",\"valueRequired\":true,\"valueName\":\"search_term_string\"}}],\"inLanguage\":\"az\"},{\"@type\":\"Organization\",\"@id\":\"https:\\\/\\\/www.meydan.tv\\\/az\\\/#organization\",\"name\":\"Meydan TV\",\"url\":\"https:\\\/\\\/www.meydan.tv\\\/az\\\/\",\"logo\":{\"@type\":\"ImageObject\",\"inLanguage\":\"az\",\"@id\":\"https:\\\/\\\/www.meydan.tv\\\/az\\\/#\\\/schema\\\/logo\\\/image\\\/\",\"url\":\"https:\\\/\\\/www.meydan.tv\\\/wp-content\\\/uploads\\\/2021\\\/07\\\/meydan-logo.svg\",\"contentUrl\":\"https:\\\/\\\/www.meydan.tv\\\/wp-content\\\/uploads\\\/2021\\\/07\\\/meydan-logo.svg\",\"width\":195,\"height\":46,\"caption\":\"Meydan TV\"},\"image\":{\"@id\":\"https:\\\/\\\/www.meydan.tv\\\/az\\\/#\\\/schema\\\/logo\\\/image\\\/\"}},{\"@type\":\"Person\",\"@id\":\"https:\\\/\\\/www.meydan.tv\\\/az\\\/#\\\/schema\\\/person\\\/9cdbecf90d17180ce1dfbd95b08dcf47\",\"name\":\"elli\",\"sameAs\":[\"https:\\\/\\\/x.com\\\/elli\"]}]}<\/script>\n<!-- \/ Yoast SEO plugin. -->","yoast_head_json":{"title":"\u0130randa hicabdan imtina ed\u0259n aktrisalar filml\u0259r\u0259 \u00e7\u0259kilm\u0259y\u0259c\u0259k - MEYDAN.TV","robots":{"index":"index","follow":"follow","max-snippet":"max-snippet:-1","max-image-preview":"max-image-preview:large","max-video-preview":"max-video-preview:-1"},"canonical":"https:\/\/www.meydan.tv\/az\/article\/iranda-hicabdan-imtina-eden-aktrisalar-filmlere-cekilmeyecek\/","og_locale":"az_AZ","og_type":"article","og_title":"\u0130randa hicabdan imtina ed\u0259n aktrisalar filml\u0259r\u0259 \u00e7\u0259kilm\u0259y\u0259c\u0259k - MEYDAN.TV","og_description":"Hicabs\u0131z aktrisalarla \u0259m\u0259kda\u015fl\u0131q ed\u0259n prod\u00fcserl\u0259r\u0259 is\u0259 lisenziya verilm\u0259y\u0259c\u0259k \u0130ran\u0131n Kinematoqrafiyaya ... Davam\u0131","og_url":"https:\/\/www.meydan.tv\/az\/article\/iranda-hicabdan-imtina-eden-aktrisalar-filmlere-cekilmeyecek\/","og_site_name":"MEYDAN.TV","article_published_time":"2023-10-26T13:31:18+00:00","article_modified_time":"2023-10-26T13:31:22+00:00","og_image":[{"width":1500,"height":1000,"url":"https:\/\/www.meydan.tv\/wp-content\/uploads\/untitled-1500-x-1000-px-6-1.jpg","type":"image\/jpeg"}],"author":"elli","twitter_card":"summary_large_image","twitter_creator":"@elli","schema":{"@context":"https:\/\/schema.org","@graph":[{"@type":"Article","@id":"https:\/\/www.meydan.tv\/az\/article\/iranda-hicabdan-imtina-eden-aktrisalar-filmlere-cekilmeyecek\/#article","isPartOf":{"@id":"https:\/\/www.meydan.tv\/az\/article\/iranda-hicabdan-imtina-eden-aktrisalar-filmlere-cekilmeyecek\/"},"author":{"name":"elli","@id":"https:\/\/www.meydan.tv\/az\/#\/schema\/person\/9cdbecf90d17180ce1dfbd95b08dcf47"},"headline":"\u0130randa hicabdan imtina ed\u0259n aktrisalar filml\u0259r\u0259 \u00e7\u0259kilm\u0259y\u0259c\u0259k","datePublished":"2023-10-26T13:31:18+00:00","dateModified":"2023-10-26T13:31:22+00:00","mainEntityOfPage":{"@id":"https:\/\/www.meydan.tv\/az\/article\/iranda-hicabdan-imtina-eden-aktrisalar-filmlere-cekilmeyecek\/"},"wordCount":613,"publisher":{"@id":"https:\/\/www.meydan.tv\/az\/#organization"},"image":{"@id":"https:\/\/www.meydan.tv\/az\/article\/iranda-hicabdan-imtina-eden-aktrisalar-filmlere-cekilmeyecek\/#primaryimage"},"thumbnailUrl":"https:\/\/www.meydan.tv\/wp-content\/uploads\/untitled-1500-x-1000-px-6-1.jpg","articleSection":["D\u00fcnya","M\u0259d\u0259niyy\u0259t","X\u0259b\u0259rl\u0259r"],"inLanguage":"az"},{"@type":"WebPage","@id":"https:\/\/www.meydan.tv\/az\/article\/iranda-hicabdan-imtina-eden-aktrisalar-filmlere-cekilmeyecek\/","url":"https:\/\/www.meydan.tv\/az\/article\/iranda-hicabdan-imtina-eden-aktrisalar-filmlere-cekilmeyecek\/","name":"\u0130randa hicabdan imtina ed\u0259n aktrisalar filml\u0259r\u0259 \u00e7\u0259kilm\u0259y\u0259c\u0259k - MEYDAN.TV","isPartOf":{"@id":"https:\/\/www.meydan.tv\/az\/#website"},"primaryImageOfPage":{"@id":"https:\/\/www.meydan.tv\/az\/article\/iranda-hicabdan-imtina-eden-aktrisalar-filmlere-cekilmeyecek\/#primaryimage"},"image":{"@id":"https:\/\/www.meydan.tv\/az\/article\/iranda-hicabdan-imtina-eden-aktrisalar-filmlere-cekilmeyecek\/#primaryimage"},"thumbnailUrl":"https:\/\/www.meydan.tv\/wp-content\/uploads\/untitled-1500-x-1000-px-6-1.jpg","datePublished":"2023-10-26T13:31:18+00:00","dateModified":"2023-10-26T13:31:22+00:00","breadcrumb":{"@id":"https:\/\/www.meydan.tv\/az\/article\/iranda-hicabdan-imtina-eden-aktrisalar-filmlere-cekilmeyecek\/#breadcrumb"},"inLanguage":"az","potentialAction":[{"@type":"ReadAction","target":["https:\/\/www.meydan.tv\/az\/article\/iranda-hicabdan-imtina-eden-aktrisalar-filmlere-cekilmeyecek\/"]}]},{"@type":"ImageObject","inLanguage":"az","@id":"https:\/\/www.meydan.tv\/az\/article\/iranda-hicabdan-imtina-eden-aktrisalar-filmlere-cekilmeyecek\/#primaryimage","url":"https:\/\/www.meydan.tv\/wp-content\/uploads\/untitled-1500-x-1000-px-6-1.jpg","contentUrl":"https:\/\/www.meydan.tv\/wp-content\/uploads\/untitled-1500-x-1000-px-6-1.jpg","width":1500,"height":1000,"caption":"Foto: Wiki v\u0259 Meydan TV montaj"},{"@type":"BreadcrumbList","@id":"https:\/\/www.meydan.tv\/az\/article\/iranda-hicabdan-imtina-eden-aktrisalar-filmlere-cekilmeyecek\/#breadcrumb","itemListElement":[{"@type":"ListItem","position":1,"name":"Ana s\u0259hif\u0259","item":"https:\/\/www.meydan.tv\/az\/"},{"@type":"ListItem","position":2,"name":"M\u0259d\u0259niyy\u0259t","item":"https:\/\/www.meydan.tv\/az\/section\/medeniyyet\/"},{"@type":"ListItem","position":3,"name":"\u0130randa hicabdan imtina ed\u0259n aktrisalar filml\u0259r\u0259 \u00e7\u0259kilm\u0259y\u0259c\u0259k"}]},{"@type":"WebSite","@id":"https:\/\/www.meydan.tv\/az\/#website","url":"https:\/\/www.meydan.tv\/az\/","name":"MEYDAN.TV","description":"Meydan TV Az\u0259rbaycan\u0131n media m\u0259kan\u0131ndak\u0131 alternativ s\u0259sidir","publisher":{"@id":"https:\/\/www.meydan.tv\/az\/#organization"},"potentialAction":[{"@type":"SearchAction","target":{"@type":"EntryPoint","urlTemplate":"https:\/\/www.meydan.tv\/az\/?s={search_term_string}"},"query-input":{"@type":"PropertyValueSpecification","valueRequired":true,"valueName":"search_term_string"}}],"inLanguage":"az"},{"@type":"Organization","@id":"https:\/\/www.meydan.tv\/az\/#organization","name":"Meydan TV","url":"https:\/\/www.meydan.tv\/az\/","logo":{"@type":"ImageObject","inLanguage":"az","@id":"https:\/\/www.meydan.tv\/az\/#\/schema\/logo\/image\/","url":"https:\/\/www.meydan.tv\/wp-content\/uploads\/2021\/07\/meydan-logo.svg","contentUrl":"https:\/\/www.meydan.tv\/wp-content\/uploads\/2021\/07\/meydan-logo.svg","width":195,"height":46,"caption":"Meydan TV"},"image":{"@id":"https:\/\/www.meydan.tv\/az\/#\/schema\/logo\/image\/"}},{"@type":"Person","@id":"https:\/\/www.meydan.tv\/az\/#\/schema\/person\/9cdbecf90d17180ce1dfbd95b08dcf47","name":"elli","sameAs":["https:\/\/x.com\/elli"]}]}},"_links":{"self":[{"href":"https:\/\/www.meydan.tv\/az\/wp-json\/wp\/v2\/posts\/288955","targetHints":{"allow":["GET"]}}],"collection":[{"href":"https:\/\/www.meydan.tv\/az\/wp-json\/wp\/v2\/posts"}],"about":[{"href":"https:\/\/www.meydan.tv\/az\/wp-json\/wp\/v2\/types\/post"}],"author":[{"embeddable":true,"href":"https:\/\/www.meydan.tv\/az\/wp-json\/wp\/v2\/users\/8"}],"replies":[{"embeddable":true,"href":"https:\/\/www.meydan.tv\/az\/wp-json\/wp\/v2\/comments?post=288955"}],"version-history":[{"count":3,"href":"https:\/\/www.meydan.tv\/az\/wp-json\/wp\/v2\/posts\/288955\/revisions"}],"predecessor-version":[{"id":288971,"href":"https:\/\/www.meydan.tv\/az\/wp-json\/wp\/v2\/posts\/288955\/revisions\/288971"}],"wp:featuredmedia":[{"embeddable":true,"href":"https:\/\/www.meydan.tv\/az\/wp-json\/wp\/v2\/media\/288966"}],"wp:attachment":[{"href":"https:\/\/www.meydan.tv\/az\/wp-json\/wp\/v2\/media?parent=288955"}],"wp:term":[{"taxonomy":"category","embeddable":true,"href":"https:\/\/www.meydan.tv\/az\/wp-json\/wp\/v2\/categories?post=288955"},{"taxonomy":"post_tag","embeddable":true,"href":"https:\/\/www.meydan.tv\/az\/wp-json\/wp\/v2\/tags?post=288955"}],"curies":[{"name":"wp","href":"https:\/\/api.w.org\/{rel}","templated":true}]}}