{"id":288952,"date":"2023-10-26T17:23:47","date_gmt":"2023-10-26T13:23:47","guid":{"rendered":"https:\/\/www.meydan.tv\/?p=288952"},"modified":"2023-10-26T17:23:51","modified_gmt":"2023-10-26T13:23:51","slug":"hebsde-olan-produser-psixiatrik-ekspertizaya-gonderildi","status":"publish","type":"post","link":"https:\/\/www.meydan.tv\/az\/article\/hebsde-olan-produser-psixiatrik-ekspertizaya-gonderildi\/","title":{"rendered":"H\u0259bsd\u0259 olan prod\u00fcser psixiatrik ekspertizaya g\u00f6nd\u0259rildi\u00a0"},"content":{"rendered":"\n<p><\/p>\n\n\n\n<p><strong><em>T\u0259ran\u0259 S\u0259m\u0259dova \u00f6z\u00fcn\u00fc t\u0259qsirli bilm\u0259diyini deyir<\/em><\/strong><\/p>\n\n\n\n<p>Bir s\u0131ra m\u0259\u015fhur m\u00fc\u011f\u0259nnil\u0259rin prod\u00fcseri olmu\u015f, haz\u0131rda h\u0259bsd\u0259 olan T\u0259ran\u0259 S\u0259m\u0259dova psixiatrik ekspertizadan ke\u00e7iril\u0259c\u0259k. <\/p>\n\n\n\n<p>Bu bar\u0259d\u0259 Bak\u0131 A\u011f\u0131r Cinay\u0259tl\u0259r M\u0259hk\u0259m\u0259sind\u0259 onun i\u015fin\u0259 baxan hakiml\u0259r kollegiyas\u0131 q\u0259rar verib.<\/p>\n\n\n\n<p>Uzun ill\u0259r \u00f6nc\u0259 m\u00fcnasib\u0259td\u0259 oldu\u011fu \u015f\u0259xsi \u015fantaj edib, ondan pul t\u0259l\u0259b etm\u0259kd\u0259 ittiham olunan T\u0259ran\u0259 S\u0259m\u0259dova 2023-c\u00fc ilin fevral\u0131ndan h\u0259bsd\u0259dir. <\/p>\n\n\n\n<p>O, m\u0259hk\u0259m\u0259 qar\u015f\u0131s\u0131nda t\u0259k deyil. H\u0259bs olundu\u011fu d\u00f6vrd\u0259 qeyri-r\u0259smi birlikd\u0259 ya\u015fad\u0131\u011f\u0131 Rasim H\u0259s\u0259nov da eyni ittihamla onunla birlikd\u0259 m\u00fchakim\u0259 olunur. Rasim H\u0259s\u0259nov 2022-ci ilin dekabr\u0131ndan h\u0259bsd\u0259dir. <\/p>\n\n\n\n<p>O, h\u0259bs olunsa da, T\u0259ran\u0259 S\u0259m\u0259dovan\u0131n himay\u0259sind\u0259 azya\u015fl\u0131 (13 v\u0259 3 ya\u015fl\u0131 ) iki q\u0131z\u0131n\u0131n olmas\u0131 n\u0259z\u0259r\u0259 al\u0131naraq, ilkin istintaq d\u00f6vr\u00fcnd\u0259 h\u0259bs q\u0259timkan t\u0259dbiri se\u00e7ilm\u0259mi\u015fdi. Sonradan onun bar\u0259sind\u0259 q\u0259timkan t\u0259dbiri d\u0259yi\u015fib v\u0259 h\u0259bs olunub.<\/p>\n\n\n\n<p>M\u0259hk\u0259m\u0259d\u0259 ittiham elan olunanda T\u0259ran\u0259 S\u0259m\u0259dova orada yaz\u0131lanlarla raz\u0131la\u015fmay\u0131b. O, \u00f6z\u00fcn\u00fc t\u0259qsirli bilm\u0259yib. Rasim H\u0259s\u0259nov is\u0259 \u00f6z\u00fcn\u00fc qism\u0259n t\u0259qsirli bildiyini deyib.<\/p>\n\n\n\n<p>T\u0259ran\u0259 S\u0259m\u0259dova v\u0259 Rasim H\u0259s\u0259nov Cinay\u0259t M\u0259c\u0259ll\u0259sinin 182.2.1-ci (h\u0259d\u0259-qorxu il\u0259 t\u0259l\u0259b etm\u0259 &#8211; qabaqcadan \u0259lbir olan bir qrup \u015f\u0259xs t\u0259r\u0259find\u0259n t\u00f6r\u0259dildikd\u0259) madd\u0259sil\u0259 ittiham olunur. Bu madd\u0259d\u0259 5 ild\u0259n 10 il\u0259 q\u0259d\u0259r azadl\u0131qdan m\u0259hrumetm\u0259 c\u0259zas\u0131 n\u0259z\u0259rd\u0259 tutulub.<\/p>\n\n\n\n<p>T\u0259ran\u0259 S\u0259m\u0259dova 2017-ci ild\u0259 d\u0259 insan alveri ittiham\u0131yla 2 il azadl\u0131qdan m\u0259hrum edilmi\u015fdi. 2019-cu ild\u0259 azadl\u0131\u011fa \u00e7\u0131xan prod\u00fcser sonradan narkotik ittiham\u0131yla saxlanm\u0131\u015fd\u0131. H\u0259min vaxt ona 400 manat c\u0259rim\u0259 k\u0259silmi\u015fdi.<\/p>\n","protected":false},"excerpt":{"rendered":"<p>T\u0259ran\u0259 S\u0259m\u0259dova \u00f6z\u00fcn\u00fc t\u0259qsirli bilm\u0259diyini deyir Bir s\u0131ra m\u0259\u015fhur m\u00fc\u011f\u0259nnil\u0259rin &#8230; <\/p>\n<p class=\"read-more-container\"><a title=\"H\u0259bsd\u0259 olan prod\u00fcser psixiatrik ekspertizaya g\u00f6nd\u0259rildi\u00a0\" class=\"read-more button\" href=\"https:\/\/www.meydan.tv\/az\/article\/hebsde-olan-produser-psixiatrik-ekspertizaya-gonderildi\/#more-288952\" aria-label=\"Read more about H\u0259bsd\u0259 olan prod\u00fcser psixiatrik ekspertizaya g\u00f6nd\u0259rildi\u00a0\">Davam\u0131<\/a><\/p>\n","protected":false},"author":8,"featured_media":288957,"comment_status":"closed","ping_status":"closed","sticky":false,"template":"","format":"standard","meta":{"_acf_changed":false,"_sitemap_exclude":false,"_sitemap_priority":"","_sitemap_frequency":"","footnotes":""},"categories":[62,56],"tags":[],"class_list":["post-288952","post","type-post","status-publish","format-standard","has-post-thumbnail","hentry","category-sosial","category-xeberler","infinite-scroll-item","generate-columns","tablet-grid-50","mobile-grid-100","grid-parent","grid-33","no-featured-image-padding"],"acf":[],"yoast_head":"<!-- This site is optimized with the Yoast SEO plugin v27.5 - https:\/\/yoast.com\/product\/yoast-seo-wordpress\/ -->\n<title>H\u0259bsd\u0259 olan prod\u00fcser psixiatrik ekspertizaya g\u00f6nd\u0259rildi\u00a0 - MEYDAN.TV<\/title>\n<meta name=\"robots\" content=\"index, follow, max-snippet:-1, max-image-preview:large, max-video-preview:-1\" \/>\n<link rel=\"canonical\" href=\"https:\/\/www.meydan.tv\/az\/article\/hebsde-olan-produser-psixiatrik-ekspertizaya-gonderildi\/\" \/>\n<meta property=\"og:locale\" content=\"az_AZ\" \/>\n<meta property=\"og:type\" content=\"article\" \/>\n<meta property=\"og:title\" content=\"H\u0259bsd\u0259 olan prod\u00fcser psixiatrik ekspertizaya g\u00f6nd\u0259rildi\u00a0 - MEYDAN.TV\" \/>\n<meta property=\"og:description\" content=\"T\u0259ran\u0259 S\u0259m\u0259dova \u00f6z\u00fcn\u00fc t\u0259qsirli bilm\u0259diyini deyir Bir s\u0131ra m\u0259\u015fhur m\u00fc\u011f\u0259nnil\u0259rin ... Davam\u0131\" \/>\n<meta property=\"og:url\" content=\"https:\/\/www.meydan.tv\/az\/article\/hebsde-olan-produser-psixiatrik-ekspertizaya-gonderildi\/\" \/>\n<meta property=\"og:site_name\" content=\"MEYDAN.TV\" \/>\n<meta property=\"article:published_time\" content=\"2023-10-26T13:23:47+00:00\" \/>\n<meta property=\"article:modified_time\" content=\"2023-10-26T13:23:51+00:00\" \/>\n<meta property=\"og:image\" content=\"https:\/\/www.meydan.tv\/wp-content\/uploads\/untitled-1500-x-1000-px-5-1-e1698326440744.jpg\" \/>\n\t<meta property=\"og:image:width\" content=\"1200\" \/>\n\t<meta property=\"og:image:height\" content=\"610\" \/>\n\t<meta property=\"og:image:type\" content=\"image\/jpeg\" \/>\n<meta name=\"author\" content=\"elli\" \/>\n<meta name=\"twitter:card\" content=\"summary_large_image\" \/>\n<meta name=\"twitter:creator\" content=\"@elli\" \/>\n<script type=\"application\/ld+json\" class=\"yoast-schema-graph\">{\"@context\":\"https:\\\/\\\/schema.org\",\"@graph\":[{\"@type\":\"Article\",\"@id\":\"https:\\\/\\\/www.meydan.tv\\\/az\\\/article\\\/hebsde-olan-produser-psixiatrik-ekspertizaya-gonderildi\\\/#article\",\"isPartOf\":{\"@id\":\"https:\\\/\\\/www.meydan.tv\\\/az\\\/article\\\/hebsde-olan-produser-psixiatrik-ekspertizaya-gonderildi\\\/\"},\"author\":{\"name\":\"elli\",\"@id\":\"https:\\\/\\\/www.meydan.tv\\\/az\\\/#\\\/schema\\\/person\\\/9cdbecf90d17180ce1dfbd95b08dcf47\"},\"headline\":\"H\u0259bsd\u0259 olan prod\u00fcser psixiatrik ekspertizaya g\u00f6nd\u0259rildi\u00a0\",\"datePublished\":\"2023-10-26T13:23:47+00:00\",\"dateModified\":\"2023-10-26T13:23:51+00:00\",\"mainEntityOfPage\":{\"@id\":\"https:\\\/\\\/www.meydan.tv\\\/az\\\/article\\\/hebsde-olan-produser-psixiatrik-ekspertizaya-gonderildi\\\/\"},\"wordCount\":351,\"publisher\":{\"@id\":\"https:\\\/\\\/www.meydan.tv\\\/az\\\/#organization\"},\"image\":{\"@id\":\"https:\\\/\\\/www.meydan.tv\\\/az\\\/article\\\/hebsde-olan-produser-psixiatrik-ekspertizaya-gonderildi\\\/#primaryimage\"},\"thumbnailUrl\":\"https:\\\/\\\/www.meydan.tv\\\/wp-content\\\/uploads\\\/untitled-1500-x-1000-px-5-1-e1698326440744.jpg\",\"articleSection\":[\"Sosial\",\"X\u0259b\u0259rl\u0259r\"],\"inLanguage\":\"az\"},{\"@type\":\"WebPage\",\"@id\":\"https:\\\/\\\/www.meydan.tv\\\/az\\\/article\\\/hebsde-olan-produser-psixiatrik-ekspertizaya-gonderildi\\\/\",\"url\":\"https:\\\/\\\/www.meydan.tv\\\/az\\\/article\\\/hebsde-olan-produser-psixiatrik-ekspertizaya-gonderildi\\\/\",\"name\":\"H\u0259bsd\u0259 olan prod\u00fcser psixiatrik ekspertizaya g\u00f6nd\u0259rildi\u00a0 - MEYDAN.TV\",\"isPartOf\":{\"@id\":\"https:\\\/\\\/www.meydan.tv\\\/az\\\/#website\"},\"primaryImageOfPage\":{\"@id\":\"https:\\\/\\\/www.meydan.tv\\\/az\\\/article\\\/hebsde-olan-produser-psixiatrik-ekspertizaya-gonderildi\\\/#primaryimage\"},\"image\":{\"@id\":\"https:\\\/\\\/www.meydan.tv\\\/az\\\/article\\\/hebsde-olan-produser-psixiatrik-ekspertizaya-gonderildi\\\/#primaryimage\"},\"thumbnailUrl\":\"https:\\\/\\\/www.meydan.tv\\\/wp-content\\\/uploads\\\/untitled-1500-x-1000-px-5-1-e1698326440744.jpg\",\"datePublished\":\"2023-10-26T13:23:47+00:00\",\"dateModified\":\"2023-10-26T13:23:51+00:00\",\"breadcrumb\":{\"@id\":\"https:\\\/\\\/www.meydan.tv\\\/az\\\/article\\\/hebsde-olan-produser-psixiatrik-ekspertizaya-gonderildi\\\/#breadcrumb\"},\"inLanguage\":\"az\",\"potentialAction\":[{\"@type\":\"ReadAction\",\"target\":[\"https:\\\/\\\/www.meydan.tv\\\/az\\\/article\\\/hebsde-olan-produser-psixiatrik-ekspertizaya-gonderildi\\\/\"]}]},{\"@type\":\"ImageObject\",\"inLanguage\":\"az\",\"@id\":\"https:\\\/\\\/www.meydan.tv\\\/az\\\/article\\\/hebsde-olan-produser-psixiatrik-ekspertizaya-gonderildi\\\/#primaryimage\",\"url\":\"https:\\\/\\\/www.meydan.tv\\\/wp-content\\\/uploads\\\/untitled-1500-x-1000-px-5-1-e1698326440744.jpg\",\"contentUrl\":\"https:\\\/\\\/www.meydan.tv\\\/wp-content\\\/uploads\\\/untitled-1500-x-1000-px-5-1-e1698326440744.jpg\",\"width\":1200,\"height\":610,\"caption\":\"T\u0259ran\u0259 DS\u0259m\u0259dova. Foto: sosial \u015f\u0259b\u0259k\u0259\"},{\"@type\":\"BreadcrumbList\",\"@id\":\"https:\\\/\\\/www.meydan.tv\\\/az\\\/article\\\/hebsde-olan-produser-psixiatrik-ekspertizaya-gonderildi\\\/#breadcrumb\",\"itemListElement\":[{\"@type\":\"ListItem\",\"position\":1,\"name\":\"Ana s\u0259hif\u0259\",\"item\":\"https:\\\/\\\/www.meydan.tv\\\/az\\\/\"},{\"@type\":\"ListItem\",\"position\":2,\"name\":\"Sosial\",\"item\":\"https:\\\/\\\/www.meydan.tv\\\/az\\\/section\\\/sosial\\\/\"},{\"@type\":\"ListItem\",\"position\":3,\"name\":\"H\u0259bsd\u0259 olan prod\u00fcser psixiatrik ekspertizaya g\u00f6nd\u0259rildi\u00a0\"}]},{\"@type\":\"WebSite\",\"@id\":\"https:\\\/\\\/www.meydan.tv\\\/az\\\/#website\",\"url\":\"https:\\\/\\\/www.meydan.tv\\\/az\\\/\",\"name\":\"MEYDAN.TV\",\"description\":\"Meydan TV Az\u0259rbaycan\u0131n media m\u0259kan\u0131ndak\u0131 alternativ s\u0259sidir\",\"publisher\":{\"@id\":\"https:\\\/\\\/www.meydan.tv\\\/az\\\/#organization\"},\"potentialAction\":[{\"@type\":\"SearchAction\",\"target\":{\"@type\":\"EntryPoint\",\"urlTemplate\":\"https:\\\/\\\/www.meydan.tv\\\/az\\\/?s={search_term_string}\"},\"query-input\":{\"@type\":\"PropertyValueSpecification\",\"valueRequired\":true,\"valueName\":\"search_term_string\"}}],\"inLanguage\":\"az\"},{\"@type\":\"Organization\",\"@id\":\"https:\\\/\\\/www.meydan.tv\\\/az\\\/#organization\",\"name\":\"Meydan TV\",\"url\":\"https:\\\/\\\/www.meydan.tv\\\/az\\\/\",\"logo\":{\"@type\":\"ImageObject\",\"inLanguage\":\"az\",\"@id\":\"https:\\\/\\\/www.meydan.tv\\\/az\\\/#\\\/schema\\\/logo\\\/image\\\/\",\"url\":\"https:\\\/\\\/www.meydan.tv\\\/wp-content\\\/uploads\\\/2021\\\/07\\\/meydan-logo.svg\",\"contentUrl\":\"https:\\\/\\\/www.meydan.tv\\\/wp-content\\\/uploads\\\/2021\\\/07\\\/meydan-logo.svg\",\"width\":195,\"height\":46,\"caption\":\"Meydan TV\"},\"image\":{\"@id\":\"https:\\\/\\\/www.meydan.tv\\\/az\\\/#\\\/schema\\\/logo\\\/image\\\/\"}},{\"@type\":\"Person\",\"@id\":\"https:\\\/\\\/www.meydan.tv\\\/az\\\/#\\\/schema\\\/person\\\/9cdbecf90d17180ce1dfbd95b08dcf47\",\"name\":\"elli\",\"sameAs\":[\"https:\\\/\\\/x.com\\\/elli\"]}]}<\/script>\n<!-- \/ Yoast SEO plugin. -->","yoast_head_json":{"title":"H\u0259bsd\u0259 olan prod\u00fcser psixiatrik ekspertizaya g\u00f6nd\u0259rildi\u00a0 - MEYDAN.TV","robots":{"index":"index","follow":"follow","max-snippet":"max-snippet:-1","max-image-preview":"max-image-preview:large","max-video-preview":"max-video-preview:-1"},"canonical":"https:\/\/www.meydan.tv\/az\/article\/hebsde-olan-produser-psixiatrik-ekspertizaya-gonderildi\/","og_locale":"az_AZ","og_type":"article","og_title":"H\u0259bsd\u0259 olan prod\u00fcser psixiatrik ekspertizaya g\u00f6nd\u0259rildi\u00a0 - MEYDAN.TV","og_description":"T\u0259ran\u0259 S\u0259m\u0259dova \u00f6z\u00fcn\u00fc t\u0259qsirli bilm\u0259diyini deyir Bir s\u0131ra m\u0259\u015fhur m\u00fc\u011f\u0259nnil\u0259rin ... Davam\u0131","og_url":"https:\/\/www.meydan.tv\/az\/article\/hebsde-olan-produser-psixiatrik-ekspertizaya-gonderildi\/","og_site_name":"MEYDAN.TV","article_published_time":"2023-10-26T13:23:47+00:00","article_modified_time":"2023-10-26T13:23:51+00:00","og_image":[{"width":1200,"height":610,"url":"https:\/\/www.meydan.tv\/wp-content\/uploads\/untitled-1500-x-1000-px-5-1-e1698326440744.jpg","type":"image\/jpeg"}],"author":"elli","twitter_card":"summary_large_image","twitter_creator":"@elli","schema":{"@context":"https:\/\/schema.org","@graph":[{"@type":"Article","@id":"https:\/\/www.meydan.tv\/az\/article\/hebsde-olan-produser-psixiatrik-ekspertizaya-gonderildi\/#article","isPartOf":{"@id":"https:\/\/www.meydan.tv\/az\/article\/hebsde-olan-produser-psixiatrik-ekspertizaya-gonderildi\/"},"author":{"name":"elli","@id":"https:\/\/www.meydan.tv\/az\/#\/schema\/person\/9cdbecf90d17180ce1dfbd95b08dcf47"},"headline":"H\u0259bsd\u0259 olan prod\u00fcser psixiatrik ekspertizaya g\u00f6nd\u0259rildi\u00a0","datePublished":"2023-10-26T13:23:47+00:00","dateModified":"2023-10-26T13:23:51+00:00","mainEntityOfPage":{"@id":"https:\/\/www.meydan.tv\/az\/article\/hebsde-olan-produser-psixiatrik-ekspertizaya-gonderildi\/"},"wordCount":351,"publisher":{"@id":"https:\/\/www.meydan.tv\/az\/#organization"},"image":{"@id":"https:\/\/www.meydan.tv\/az\/article\/hebsde-olan-produser-psixiatrik-ekspertizaya-gonderildi\/#primaryimage"},"thumbnailUrl":"https:\/\/www.meydan.tv\/wp-content\/uploads\/untitled-1500-x-1000-px-5-1-e1698326440744.jpg","articleSection":["Sosial","X\u0259b\u0259rl\u0259r"],"inLanguage":"az"},{"@type":"WebPage","@id":"https:\/\/www.meydan.tv\/az\/article\/hebsde-olan-produser-psixiatrik-ekspertizaya-gonderildi\/","url":"https:\/\/www.meydan.tv\/az\/article\/hebsde-olan-produser-psixiatrik-ekspertizaya-gonderildi\/","name":"H\u0259bsd\u0259 olan prod\u00fcser psixiatrik ekspertizaya g\u00f6nd\u0259rildi\u00a0 - MEYDAN.TV","isPartOf":{"@id":"https:\/\/www.meydan.tv\/az\/#website"},"primaryImageOfPage":{"@id":"https:\/\/www.meydan.tv\/az\/article\/hebsde-olan-produser-psixiatrik-ekspertizaya-gonderildi\/#primaryimage"},"image":{"@id":"https:\/\/www.meydan.tv\/az\/article\/hebsde-olan-produser-psixiatrik-ekspertizaya-gonderildi\/#primaryimage"},"thumbnailUrl":"https:\/\/www.meydan.tv\/wp-content\/uploads\/untitled-1500-x-1000-px-5-1-e1698326440744.jpg","datePublished":"2023-10-26T13:23:47+00:00","dateModified":"2023-10-26T13:23:51+00:00","breadcrumb":{"@id":"https:\/\/www.meydan.tv\/az\/article\/hebsde-olan-produser-psixiatrik-ekspertizaya-gonderildi\/#breadcrumb"},"inLanguage":"az","potentialAction":[{"@type":"ReadAction","target":["https:\/\/www.meydan.tv\/az\/article\/hebsde-olan-produser-psixiatrik-ekspertizaya-gonderildi\/"]}]},{"@type":"ImageObject","inLanguage":"az","@id":"https:\/\/www.meydan.tv\/az\/article\/hebsde-olan-produser-psixiatrik-ekspertizaya-gonderildi\/#primaryimage","url":"https:\/\/www.meydan.tv\/wp-content\/uploads\/untitled-1500-x-1000-px-5-1-e1698326440744.jpg","contentUrl":"https:\/\/www.meydan.tv\/wp-content\/uploads\/untitled-1500-x-1000-px-5-1-e1698326440744.jpg","width":1200,"height":610,"caption":"T\u0259ran\u0259 DS\u0259m\u0259dova. Foto: sosial \u015f\u0259b\u0259k\u0259"},{"@type":"BreadcrumbList","@id":"https:\/\/www.meydan.tv\/az\/article\/hebsde-olan-produser-psixiatrik-ekspertizaya-gonderildi\/#breadcrumb","itemListElement":[{"@type":"ListItem","position":1,"name":"Ana s\u0259hif\u0259","item":"https:\/\/www.meydan.tv\/az\/"},{"@type":"ListItem","position":2,"name":"Sosial","item":"https:\/\/www.meydan.tv\/az\/section\/sosial\/"},{"@type":"ListItem","position":3,"name":"H\u0259bsd\u0259 olan prod\u00fcser psixiatrik ekspertizaya g\u00f6nd\u0259rildi\u00a0"}]},{"@type":"WebSite","@id":"https:\/\/www.meydan.tv\/az\/#website","url":"https:\/\/www.meydan.tv\/az\/","name":"MEYDAN.TV","description":"Meydan TV Az\u0259rbaycan\u0131n media m\u0259kan\u0131ndak\u0131 alternativ s\u0259sidir","publisher":{"@id":"https:\/\/www.meydan.tv\/az\/#organization"},"potentialAction":[{"@type":"SearchAction","target":{"@type":"EntryPoint","urlTemplate":"https:\/\/www.meydan.tv\/az\/?s={search_term_string}"},"query-input":{"@type":"PropertyValueSpecification","valueRequired":true,"valueName":"search_term_string"}}],"inLanguage":"az"},{"@type":"Organization","@id":"https:\/\/www.meydan.tv\/az\/#organization","name":"Meydan TV","url":"https:\/\/www.meydan.tv\/az\/","logo":{"@type":"ImageObject","inLanguage":"az","@id":"https:\/\/www.meydan.tv\/az\/#\/schema\/logo\/image\/","url":"https:\/\/www.meydan.tv\/wp-content\/uploads\/2021\/07\/meydan-logo.svg","contentUrl":"https:\/\/www.meydan.tv\/wp-content\/uploads\/2021\/07\/meydan-logo.svg","width":195,"height":46,"caption":"Meydan TV"},"image":{"@id":"https:\/\/www.meydan.tv\/az\/#\/schema\/logo\/image\/"}},{"@type":"Person","@id":"https:\/\/www.meydan.tv\/az\/#\/schema\/person\/9cdbecf90d17180ce1dfbd95b08dcf47","name":"elli","sameAs":["https:\/\/x.com\/elli"]}]}},"_links":{"self":[{"href":"https:\/\/www.meydan.tv\/az\/wp-json\/wp\/v2\/posts\/288952","targetHints":{"allow":["GET"]}}],"collection":[{"href":"https:\/\/www.meydan.tv\/az\/wp-json\/wp\/v2\/posts"}],"about":[{"href":"https:\/\/www.meydan.tv\/az\/wp-json\/wp\/v2\/types\/post"}],"author":[{"embeddable":true,"href":"https:\/\/www.meydan.tv\/az\/wp-json\/wp\/v2\/users\/8"}],"replies":[{"embeddable":true,"href":"https:\/\/www.meydan.tv\/az\/wp-json\/wp\/v2\/comments?post=288952"}],"version-history":[{"count":3,"href":"https:\/\/www.meydan.tv\/az\/wp-json\/wp\/v2\/posts\/288952\/revisions"}],"predecessor-version":[{"id":288965,"href":"https:\/\/www.meydan.tv\/az\/wp-json\/wp\/v2\/posts\/288952\/revisions\/288965"}],"wp:featuredmedia":[{"embeddable":true,"href":"https:\/\/www.meydan.tv\/az\/wp-json\/wp\/v2\/media\/288957"}],"wp:attachment":[{"href":"https:\/\/www.meydan.tv\/az\/wp-json\/wp\/v2\/media?parent=288952"}],"wp:term":[{"taxonomy":"category","embeddable":true,"href":"https:\/\/www.meydan.tv\/az\/wp-json\/wp\/v2\/categories?post=288952"},{"taxonomy":"post_tag","embeddable":true,"href":"https:\/\/www.meydan.tv\/az\/wp-json\/wp\/v2\/tags?post=288952"}],"curies":[{"name":"wp","href":"https:\/\/api.w.org\/{rel}","templated":true}]}}