{"id":288936,"date":"2023-10-26T17:20:00","date_gmt":"2023-10-26T13:20:00","guid":{"rendered":"https:\/\/www.meydan.tv\/?p=288936"},"modified":"2023-10-27T18:56:01","modified_gmt":"2023-10-27T14:56:01","slug":"qardasi-qubad-ibadoglunun-sehhetinde-ciddi-problemler-var","status":"publish","type":"post","link":"https:\/\/www.meydan.tv\/az\/article\/qardasi-qubad-ibadoglunun-sehhetinde-ciddi-problemler-var\/","title":{"rendered":"Qarda\u015f\u0131: Qubad \u0130bado\u011flunun s\u0259hh\u0259tind\u0259 ciddi probleml\u0259r var"},"content":{"rendered":"\n<figure class=\"wp-block-embed is-type-video is-provider-youtube wp-block-embed-youtube wp-embed-aspect-16-9 wp-has-aspect-ratio\"><div class=\"wp-block-embed__wrapper\">\n<iframe title=\"Qarda\u015f\u0131: Qubad \u0130bado\u011flunun s\u0259hh\u0259tind\u0259 ciddi probleml\u0259r var\" width=\"1200\" height=\"675\" data-src=\"https:\/\/www.youtube.com\/embed\/s6lvyetpOC0?feature=oembed\" frameborder=\"0\" allow=\"accelerometer; autoplay; clipboard-write; encrypted-media; gyroscope; picture-in-picture; web-share\" allowfullscreen src=\"data:image\/svg+xml;base64,PHN2ZyB3aWR0aD0iMSIgaGVpZ2h0PSIxIiB4bWxucz0iaHR0cDovL3d3dy53My5vcmcvMjAwMC9zdmciPjwvc3ZnPg==\" class=\"lazyload\" data-load-mode=\"1\"><\/iframe>\n<\/div><\/figure>\n\n\n\n<p>Az\u0259rbaycan Demokratiya v\u0259 Rifah Partiyas\u0131n\u0131n (ADR) h\u0259bsd\u0259 olan s\u0259dri, professor Qubad \u0130bado\u011flunun istintaq getdiyi m\u00fcdd\u0259td\u0259 girov m\u00fcqabilind\u0259 ev dustaql\u0131\u011f\u0131na burax\u0131lmas\u0131 \u00fc\u00e7\u00fcn v\u0259kili m\u0259hk\u0259m\u0259y\u0259 v\u0259sat\u0259t vermi\u015fdi. H\u0259min v\u0259sat\u0259t\u0259 oktyabr\u0131n 26-da N\u0259rimanov Rayon M\u0259hk\u0259m\u0259sind\u0259 bax\u0131l\u0131b. M\u0259hk\u0259m\u0259y\u0259 Qubad \u0130bado\u011flu \u00f6z\u00fc d\u0259 g\u0259tirilib.<\/p>\n\n\n\n<p>V\u0259kili Zibeyd\u0259 Sad\u0131qova Qubad \u0130bado\u011flunun s\u0259hh\u0259tind\u0259ki probleml\u0259rd\u0259n dan\u0131\u015f\u0131b. Deyib ki, onun sa\u011fl\u0131q durumu g\u00fcn\u00fc-g\u00fcnd\u0259n a\u011f\u0131rla\u015f\u0131r: <\/p>\n\n\n\n<p><em>\u201cQanda \u015f\u0259k\u0259rin miqdar\u0131 d\u00fc\u015fm\u00fcr. Daim 360-dan y\u00fcks\u0259k olur. V\u0259ziyy\u0259t o h\u0259dd\u0259 \u00e7at\u0131b ki, t\u0259cridxanan\u0131n h\u0259kimi art\u0131q insulin iyn\u0259sin\u0259 ke\u00e7m\u0259yi m\u0259sl\u0259h\u0259t g\u00f6r\u00fcb\u201d.<\/em><\/p>\n\n\n\n<p>Partiya s\u0259drinin \u00fcr\u0259yind\u0259 k\u0259skin probleml\u0259r oldu\u011funu vur\u011fulayan v\u0259kil bununla ba\u011fl\u0131 s\u0259n\u0259dl\u0259ri d\u0259 m\u0259hk\u0259m\u0259y\u0259 t\u0259qdim edib. Bundan ba\u015fqa, m\u00fcdafi\u0259\u00e7i m\u00fcv\u0259kkilinin s\u0259hh\u0259tind\u0259ki k\u0259skinl\u0259\u015fm\u0259 \u00fcz\u00fcnd\u0259n h\u0259r\u0259k\u0259t etm\u0259kd\u0259 d\u0259 \u00e7\u0259tinlik \u00e7\u0259kdiyini hakimin diqq\u0259tin\u0259 \u00e7atd\u0131r\u0131b.<\/p>\n\n\n\n<p>V\u0259kil t\u0259cridxana \u015f\u0259raitind\u0259 onun m\u00fcalic\u0259sinin dem\u0259k olar ki, m\u00fcmk\u00fcn olmad\u0131\u011f\u0131n\u0131 bildirib.<\/p>\n\n\n\n<p>Qubad \u0130bado\u011flu \u00f6z\u00fc d\u0259 \u00e7\u0131x\u0131\u015f edib. O, t\u0259qsirsiz oldu\u011funu, saxta ittihamlarla h\u0259bsd\u0259 saxland\u0131\u011f\u0131n\u0131 vur\u011fulay\u0131b. O, Amerika yaz\u0131s\u0131\u00e7\u0131 v\u0259 filosofu Ralf Emersondan sitat g\u0259tir\u0259r\u0259k deyib:<\/p>\n\n\n\n<p><em>\u201cG\u00fcnahs\u0131zlar\u0131n insanlar\u0131n h\u0259bs olundu\u011fu d\u00f6vl\u0259td\u0259 \u0259dal\u0259tli adamlar\u0131n yeri el\u0259 h\u0259bsxanad\u0131r\u201d<\/em>.<\/p>\n\n\n\n<p>Lakin m\u0259hk\u0259m\u0259 v\u0259sat\u0259ti t\u0259min etm\u0259yib.<\/p>\n\n\n\n<p>Qubad \u0130bado\u011flunun qarda\u015f\u0131 Qalib Bayramov Meydan TV-y\u0259 bildirib ki, bu q\u0259rardan apelyasiya \u015fikay\u0259ti veril\u0259c\u0259k. Qarda\u015f\u0131n\u0131n s\u00f6zl\u0259rin\u0259 g\u00f6r\u0259, Qubad \u0130bado\u011flunun belind\u0259ki a\u011fr\u0131lar da \u015fidd\u0259tl\u0259nib, o, h\u0259r\u0259k\u0259t etm\u0259kd\u0259 \u00e7\u0259tinlik \u00e7\u0259kir:<\/p>\n\n\n\n<p><em>\u201cA\u011fr\u0131lar o h\u0259dd\u0259dir ki, aya\u011fa qalxanda bir ne\u00e7\u0259 d\u0259qiq\u0259 g\u00f6zl\u0259m\u0259lidir, \u00f6z\u00fcn\u0259 g\u0259lsin, sonra h\u0259r\u0259k\u0259t el\u0259sin. Oktyabr\u0131n 13-d\u0259 onu x\u0259st\u0259xanaya apar\u0131b, \u00fcr\u0259yini, belini m\u00fcayin\u0259 el\u0259mi\u015fdil\u0259r. H\u0259min MRT, KT-nin diskl\u0259rini almaq \u00fc\u00e7\u00fcn m\u00fcraci\u0259t etmi\u015fdik. Lakin onlar\u0131 biz\u0259 verm\u0259kd\u0259n imtina el\u0259dil\u0259r. Deyirl\u0259r ki, ancaq h\u0259kim r\u0259yini ver\u0259 bil\u0259rik. Biz d\u0259 r\u0259y\u0259 inanm\u0131r\u0131q, diskl\u0259ri ist\u0259yirik. Niy\u0259 diskl\u0259ri vermirl\u0259r?\u201d<\/em><\/p>\n\n\n\n<p>Qalib Bayramov \u0259lav\u0259 edib ki, qarda\u015f\u0131n\u0131n v\u0259kill\u0259rin\u0259 z\u0259ng etm\u0259sin\u0259 qada\u011fa qoyulub. Bununla \u0259laq\u0259dar da m\u0259hk\u0259m\u0259y\u0259 m\u00fcraci\u0259t olunub. H\u0259min \u015fikay\u0259t\u0259 oktyabr\u0131n 27-d\u0259 Sabun\u00e7u Rayon M\u0259hk\u0259m\u0259sind\u0259 bax\u0131lacaq.<\/p>\n\n\n\n<p>Qubad \u0130bado\u011flu h\u0259m d\u0259 London \u0130qtisadiyyat M\u0259kt\u0259binin \u0259m\u0259kda\u015f\u0131d\u0131r. O, iyulun 23-d\u0259n h\u0259bsd\u0259dir. H\u0259min g\u00fcn ona qar\u015f\u0131 Cinay\u0259t M\u0259c\u0259ll\u0259sinin 204.3.1 ( saxta pul v\u0259 ya qiym\u0259tli ka\u011f\u0131zlar haz\u0131rlama, \u0259ld\u0259 etm\u0259 v\u0259 ya satma m\u00fct\u0259\u015f\u0259kkil d\u0259st\u0259 t\u0259r\u0259find\u0259n t\u00f6r\u0259dildikd\u0259) madd\u0259si il\u0259 ittiham ir\u0259li s\u00fcr\u00fcl\u00fcb.<\/p>\n\n\n\n<p>ADR s\u0259dri \u00f6nc\u0259 daha d\u00f6rd n\u0259f\u0259rl\u0259 \u0259lbirlikd\u0259 ittiham olunurdu. Onlar\u0131n adlar\u0131 ilk d\u0259f\u0259 Qubad \u0130bado\u011flunun h\u0259bsi \u0259r\u0259f\u0259sind\u0259 T\u00fcrkiy\u0259 medias\u0131nda a\u00e7\u0131qlanm\u0131\u015fd\u0131. FET\u00d6 (F\u0259tullah G\u00fcl\u0259n Terror \u00d6rg\u00fct\u00fc) il\u0259 \u0259laq\u0259li \u015f\u0259xsl\u0259r kimi t\u0259qdim olunan bu d\u00f6rd n\u0259f\u0259r\u0259 qar\u015f\u0131 da Qubad \u0130bado\u011flu il\u0259 eyni \u2013 Cinay\u0259t M\u0259c\u0259ll\u0259sinin 204.3.1 madd\u0259si il\u0259 ittiham ir\u0259li s\u00fcr\u00fcl\u00fcb.<\/p>\n\n\n\n<p>S\u00f6z\u00fcged\u0259n d\u00f6rd n\u0259f\u0259r D\u00f6yr\u00fc\u015f C\u0259f\u0259rov, G\u00fcmrah \u018fbd\u00fcr\u0259hmanov, Ruslan \u018fliyev v\u0259 Anar \u018fliyevdir.<\/p>\n\n\n\n<p>Qubad \u0130bado\u011flu saxland\u0131qdan sonra yay\u0131lan m\u0259lumatlarda iddia olunurdu ki, Anar \u018fliyev ifad\u0259sind\u0259 onun ad\u0131n\u0131 \u00e7\u0259kib. Amma Qubad \u0130bado\u011flu \u00fcmumiyy\u0259tl\u0259, bu \u015f\u0259xsi tan\u0131mad\u0131\u011f\u0131n\u0131 deyib.<\/p>\n\n\n\n<p>Qubad \u0130bado\u011flu saxland\u0131\u011f\u0131 g\u00fcn ofisd\u0259 ke\u00e7iril\u0259n axtar\u0131\u015fda 40 min dollar pul tap\u0131ld\u0131\u011f\u0131, onun bir hiss\u0259sinin saxta oldu\u011fu iddia olunur.<\/p>\n\n\n\n<p>Lakin ADR s\u0259dri bildirib ki, h\u0259min pulun ona he\u00e7 bir aidiyy\u0259ti yoxdur.<\/p>\n\n\n\n<p>Avqustun 25-d\u0259 ona Cinay\u0259t M\u0259c\u0259ll\u0259sinin 167-3.1-ci (Dini ekstremist materiallar\u0131 haz\u0131rlama, saxlama, yayma) madd\u0259sil\u0259 yeni ittiham elan olunub. Qubad \u0130bado\u011flu bu ittiham\u0131n da absurd oldu\u011funu deyib v\u0259 etiraz \u0259lam\u0259ti olaraq, ifad\u0259 verm\u0259kd\u0259n imtina edib.<\/p>\n\n\n\n<p>Qubad \u0130bado\u011flu h\u0259bs olundu\u011fu g\u00fcn axtar\u0131\u015fdan sonra m\u0259kandan \u00e7\u0131xar\u0131l\u0131b apar\u0131lark\u0259n Prezident \u0130lham \u018fliyevin sifari\u015fil\u0259 h\u0259bs olundu\u011funu bildirib.<\/p>\n\n\n\n<p>Bundan ba\u015fqa, avqustun 6-da T\u00fcrkiy\u0259d\u0259 ya\u015fayan v\u0259 orada universitetd\u0259 i\u015fl\u0259y\u0259n az\u0259rbaycanl\u0131 alim Fazil Qas\u0131mov saxlan\u0131laraq, Az\u0259rbaycana g\u0259tirilib. Avqustun 8-d\u0259 N\u0259rimanov Rayon M\u0259hk\u0259m\u0259sinin q\u0259rar\u0131yla onun haqq\u0131nda h\u0259bs q\u0259timkan t\u0259dbiri se\u00e7ilib. Ona qar\u015f\u0131 da eyni madd\u0259 il\u0259 ittiham ir\u0259li s\u00fcr\u00fcl\u00fcb.<\/p>\n","protected":false},"excerpt":{"rendered":"<p>Az\u0259rbaycan Demokratiya v\u0259 Rifah Partiyas\u0131n\u0131n (ADR) h\u0259bsd\u0259 olan s\u0259dri, professor &#8230; <\/p>\n<p class=\"read-more-container\"><a title=\"Qarda\u015f\u0131: Qubad \u0130bado\u011flunun s\u0259hh\u0259tind\u0259 ciddi probleml\u0259r var\" class=\"read-more button\" href=\"https:\/\/www.meydan.tv\/az\/article\/qardasi-qubad-ibadoglunun-sehhetinde-ciddi-problemler-var\/#more-288936\" aria-label=\"Read more about Qarda\u015f\u0131: Qubad \u0130bado\u011flunun s\u0259hh\u0259tind\u0259 ciddi probleml\u0259r var\">Davam\u0131<\/a><\/p>\n","protected":false},"author":12,"featured_media":288940,"comment_status":"closed","ping_status":"closed","sticky":false,"template":"","format":"standard","meta":{"_acf_changed":false,"_sitemap_exclude":false,"_sitemap_priority":"","_sitemap_frequency":"","footnotes":""},"categories":[63,56],"tags":[],"class_list":["post-288936","post","type-post","status-publish","format-standard","has-post-thumbnail","hentry","category-video-2","category-xeberler","infinite-scroll-item","generate-columns","tablet-grid-50","mobile-grid-100","grid-parent","grid-33","no-featured-image-padding"],"acf":[],"yoast_head":"<!-- This site is optimized with the Yoast SEO plugin v27.4 - https:\/\/yoast.com\/product\/yoast-seo-wordpress\/ -->\n<title>Qarda\u015f\u0131: Qubad \u0130bado\u011flunun s\u0259hh\u0259tind\u0259 ciddi probleml\u0259r var - MEYDAN.TV<\/title>\n<meta name=\"robots\" content=\"index, follow, max-snippet:-1, max-image-preview:large, max-video-preview:-1\" \/>\n<link rel=\"canonical\" href=\"https:\/\/www.meydan.tv\/az\/article\/qardasi-qubad-ibadoglunun-sehhetinde-ciddi-problemler-var\/\" \/>\n<meta property=\"og:locale\" content=\"az_AZ\" \/>\n<meta property=\"og:type\" content=\"article\" \/>\n<meta property=\"og:title\" content=\"Qarda\u015f\u0131: Qubad \u0130bado\u011flunun s\u0259hh\u0259tind\u0259 ciddi probleml\u0259r var - MEYDAN.TV\" \/>\n<meta property=\"og:description\" content=\"Az\u0259rbaycan Demokratiya v\u0259 Rifah Partiyas\u0131n\u0131n (ADR) h\u0259bsd\u0259 olan s\u0259dri, professor ... Davam\u0131\" \/>\n<meta property=\"og:url\" content=\"https:\/\/www.meydan.tv\/az\/article\/qardasi-qubad-ibadoglunun-sehhetinde-ciddi-problemler-var\/\" \/>\n<meta property=\"og:site_name\" content=\"MEYDAN.TV\" \/>\n<meta property=\"article:published_time\" content=\"2023-10-26T13:20:00+00:00\" \/>\n<meta property=\"article:modified_time\" content=\"2023-10-27T14:56:01+00:00\" \/>\n<meta property=\"og:image\" content=\"https:\/\/www.meydan.tv\/wp-content\/uploads\/reportaj-cover-2-5.png\" \/>\n\t<meta property=\"og:image:width\" content=\"1280\" \/>\n\t<meta property=\"og:image:height\" content=\"720\" \/>\n\t<meta property=\"og:image:type\" content=\"image\/png\" \/>\n<meta name=\"author\" content=\"aleks\" \/>\n<meta name=\"twitter:card\" content=\"summary_large_image\" \/>\n<script type=\"application\/ld+json\" class=\"yoast-schema-graph\">{\"@context\":\"https:\\\/\\\/schema.org\",\"@graph\":[{\"@type\":\"Article\",\"@id\":\"https:\\\/\\\/www.meydan.tv\\\/az\\\/article\\\/qardasi-qubad-ibadoglunun-sehhetinde-ciddi-problemler-var\\\/#article\",\"isPartOf\":{\"@id\":\"https:\\\/\\\/www.meydan.tv\\\/az\\\/article\\\/qardasi-qubad-ibadoglunun-sehhetinde-ciddi-problemler-var\\\/\"},\"author\":{\"name\":\"aleks\",\"@id\":\"https:\\\/\\\/www.meydan.tv\\\/az\\\/#\\\/schema\\\/person\\\/476e9360e593fa131d5d71d51866f8da\"},\"headline\":\"Qarda\u015f\u0131: Qubad \u0130bado\u011flunun s\u0259hh\u0259tind\u0259 ciddi probleml\u0259r var\",\"datePublished\":\"2023-10-26T13:20:00+00:00\",\"dateModified\":\"2023-10-27T14:56:01+00:00\",\"mainEntityOfPage\":{\"@id\":\"https:\\\/\\\/www.meydan.tv\\\/az\\\/article\\\/qardasi-qubad-ibadoglunun-sehhetinde-ciddi-problemler-var\\\/\"},\"wordCount\":896,\"publisher\":{\"@id\":\"https:\\\/\\\/www.meydan.tv\\\/az\\\/#organization\"},\"image\":{\"@id\":\"https:\\\/\\\/www.meydan.tv\\\/az\\\/article\\\/qardasi-qubad-ibadoglunun-sehhetinde-ciddi-problemler-var\\\/#primaryimage\"},\"thumbnailUrl\":\"https:\\\/\\\/www.meydan.tv\\\/wp-content\\\/uploads\\\/reportaj-cover-2-5.png\",\"articleSection\":[\"Video\",\"X\u0259b\u0259rl\u0259r\"],\"inLanguage\":\"az\"},{\"@type\":\"WebPage\",\"@id\":\"https:\\\/\\\/www.meydan.tv\\\/az\\\/article\\\/qardasi-qubad-ibadoglunun-sehhetinde-ciddi-problemler-var\\\/\",\"url\":\"https:\\\/\\\/www.meydan.tv\\\/az\\\/article\\\/qardasi-qubad-ibadoglunun-sehhetinde-ciddi-problemler-var\\\/\",\"name\":\"Qarda\u015f\u0131: Qubad \u0130bado\u011flunun s\u0259hh\u0259tind\u0259 ciddi probleml\u0259r var - MEYDAN.TV\",\"isPartOf\":{\"@id\":\"https:\\\/\\\/www.meydan.tv\\\/az\\\/#website\"},\"primaryImageOfPage\":{\"@id\":\"https:\\\/\\\/www.meydan.tv\\\/az\\\/article\\\/qardasi-qubad-ibadoglunun-sehhetinde-ciddi-problemler-var\\\/#primaryimage\"},\"image\":{\"@id\":\"https:\\\/\\\/www.meydan.tv\\\/az\\\/article\\\/qardasi-qubad-ibadoglunun-sehhetinde-ciddi-problemler-var\\\/#primaryimage\"},\"thumbnailUrl\":\"https:\\\/\\\/www.meydan.tv\\\/wp-content\\\/uploads\\\/reportaj-cover-2-5.png\",\"datePublished\":\"2023-10-26T13:20:00+00:00\",\"dateModified\":\"2023-10-27T14:56:01+00:00\",\"breadcrumb\":{\"@id\":\"https:\\\/\\\/www.meydan.tv\\\/az\\\/article\\\/qardasi-qubad-ibadoglunun-sehhetinde-ciddi-problemler-var\\\/#breadcrumb\"},\"inLanguage\":\"az\",\"potentialAction\":[{\"@type\":\"ReadAction\",\"target\":[\"https:\\\/\\\/www.meydan.tv\\\/az\\\/article\\\/qardasi-qubad-ibadoglunun-sehhetinde-ciddi-problemler-var\\\/\"]}]},{\"@type\":\"ImageObject\",\"inLanguage\":\"az\",\"@id\":\"https:\\\/\\\/www.meydan.tv\\\/az\\\/article\\\/qardasi-qubad-ibadoglunun-sehhetinde-ciddi-problemler-var\\\/#primaryimage\",\"url\":\"https:\\\/\\\/www.meydan.tv\\\/wp-content\\\/uploads\\\/reportaj-cover-2-5.png\",\"contentUrl\":\"https:\\\/\\\/www.meydan.tv\\\/wp-content\\\/uploads\\\/reportaj-cover-2-5.png\",\"width\":1280,\"height\":720},{\"@type\":\"BreadcrumbList\",\"@id\":\"https:\\\/\\\/www.meydan.tv\\\/az\\\/article\\\/qardasi-qubad-ibadoglunun-sehhetinde-ciddi-problemler-var\\\/#breadcrumb\",\"itemListElement\":[{\"@type\":\"ListItem\",\"position\":1,\"name\":\"Ana s\u0259hif\u0259\",\"item\":\"https:\\\/\\\/www.meydan.tv\\\/az\\\/\"},{\"@type\":\"ListItem\",\"position\":2,\"name\":\"Video\",\"item\":\"https:\\\/\\\/www.meydan.tv\\\/az\\\/section\\\/video-2\\\/\"},{\"@type\":\"ListItem\",\"position\":3,\"name\":\"Qarda\u015f\u0131: Qubad \u0130bado\u011flunun s\u0259hh\u0259tind\u0259 ciddi probleml\u0259r var\"}]},{\"@type\":\"WebSite\",\"@id\":\"https:\\\/\\\/www.meydan.tv\\\/az\\\/#website\",\"url\":\"https:\\\/\\\/www.meydan.tv\\\/az\\\/\",\"name\":\"MEYDAN.TV\",\"description\":\"Meydan TV Az\u0259rbaycan\u0131n media m\u0259kan\u0131ndak\u0131 alternativ s\u0259sidir\",\"publisher\":{\"@id\":\"https:\\\/\\\/www.meydan.tv\\\/az\\\/#organization\"},\"potentialAction\":[{\"@type\":\"SearchAction\",\"target\":{\"@type\":\"EntryPoint\",\"urlTemplate\":\"https:\\\/\\\/www.meydan.tv\\\/az\\\/?s={search_term_string}\"},\"query-input\":{\"@type\":\"PropertyValueSpecification\",\"valueRequired\":true,\"valueName\":\"search_term_string\"}}],\"inLanguage\":\"az\"},{\"@type\":\"Organization\",\"@id\":\"https:\\\/\\\/www.meydan.tv\\\/az\\\/#organization\",\"name\":\"Meydan TV\",\"url\":\"https:\\\/\\\/www.meydan.tv\\\/az\\\/\",\"logo\":{\"@type\":\"ImageObject\",\"inLanguage\":\"az\",\"@id\":\"https:\\\/\\\/www.meydan.tv\\\/az\\\/#\\\/schema\\\/logo\\\/image\\\/\",\"url\":\"https:\\\/\\\/www.meydan.tv\\\/wp-content\\\/uploads\\\/2021\\\/07\\\/meydan-logo.svg\",\"contentUrl\":\"https:\\\/\\\/www.meydan.tv\\\/wp-content\\\/uploads\\\/2021\\\/07\\\/meydan-logo.svg\",\"width\":195,\"height\":46,\"caption\":\"Meydan TV\"},\"image\":{\"@id\":\"https:\\\/\\\/www.meydan.tv\\\/az\\\/#\\\/schema\\\/logo\\\/image\\\/\"}},{\"@type\":\"Person\",\"@id\":\"https:\\\/\\\/www.meydan.tv\\\/az\\\/#\\\/schema\\\/person\\\/476e9360e593fa131d5d71d51866f8da\",\"name\":\"aleks\"}]}<\/script>\n<!-- \/ Yoast SEO plugin. -->","yoast_head_json":{"title":"Qarda\u015f\u0131: Qubad \u0130bado\u011flunun s\u0259hh\u0259tind\u0259 ciddi probleml\u0259r var - MEYDAN.TV","robots":{"index":"index","follow":"follow","max-snippet":"max-snippet:-1","max-image-preview":"max-image-preview:large","max-video-preview":"max-video-preview:-1"},"canonical":"https:\/\/www.meydan.tv\/az\/article\/qardasi-qubad-ibadoglunun-sehhetinde-ciddi-problemler-var\/","og_locale":"az_AZ","og_type":"article","og_title":"Qarda\u015f\u0131: Qubad \u0130bado\u011flunun s\u0259hh\u0259tind\u0259 ciddi probleml\u0259r var - MEYDAN.TV","og_description":"Az\u0259rbaycan Demokratiya v\u0259 Rifah Partiyas\u0131n\u0131n (ADR) h\u0259bsd\u0259 olan s\u0259dri, professor ... Davam\u0131","og_url":"https:\/\/www.meydan.tv\/az\/article\/qardasi-qubad-ibadoglunun-sehhetinde-ciddi-problemler-var\/","og_site_name":"MEYDAN.TV","article_published_time":"2023-10-26T13:20:00+00:00","article_modified_time":"2023-10-27T14:56:01+00:00","og_image":[{"width":1280,"height":720,"url":"https:\/\/www.meydan.tv\/wp-content\/uploads\/reportaj-cover-2-5.png","type":"image\/png"}],"author":"aleks","twitter_card":"summary_large_image","schema":{"@context":"https:\/\/schema.org","@graph":[{"@type":"Article","@id":"https:\/\/www.meydan.tv\/az\/article\/qardasi-qubad-ibadoglunun-sehhetinde-ciddi-problemler-var\/#article","isPartOf":{"@id":"https:\/\/www.meydan.tv\/az\/article\/qardasi-qubad-ibadoglunun-sehhetinde-ciddi-problemler-var\/"},"author":{"name":"aleks","@id":"https:\/\/www.meydan.tv\/az\/#\/schema\/person\/476e9360e593fa131d5d71d51866f8da"},"headline":"Qarda\u015f\u0131: Qubad \u0130bado\u011flunun s\u0259hh\u0259tind\u0259 ciddi probleml\u0259r var","datePublished":"2023-10-26T13:20:00+00:00","dateModified":"2023-10-27T14:56:01+00:00","mainEntityOfPage":{"@id":"https:\/\/www.meydan.tv\/az\/article\/qardasi-qubad-ibadoglunun-sehhetinde-ciddi-problemler-var\/"},"wordCount":896,"publisher":{"@id":"https:\/\/www.meydan.tv\/az\/#organization"},"image":{"@id":"https:\/\/www.meydan.tv\/az\/article\/qardasi-qubad-ibadoglunun-sehhetinde-ciddi-problemler-var\/#primaryimage"},"thumbnailUrl":"https:\/\/www.meydan.tv\/wp-content\/uploads\/reportaj-cover-2-5.png","articleSection":["Video","X\u0259b\u0259rl\u0259r"],"inLanguage":"az"},{"@type":"WebPage","@id":"https:\/\/www.meydan.tv\/az\/article\/qardasi-qubad-ibadoglunun-sehhetinde-ciddi-problemler-var\/","url":"https:\/\/www.meydan.tv\/az\/article\/qardasi-qubad-ibadoglunun-sehhetinde-ciddi-problemler-var\/","name":"Qarda\u015f\u0131: Qubad \u0130bado\u011flunun s\u0259hh\u0259tind\u0259 ciddi probleml\u0259r var - MEYDAN.TV","isPartOf":{"@id":"https:\/\/www.meydan.tv\/az\/#website"},"primaryImageOfPage":{"@id":"https:\/\/www.meydan.tv\/az\/article\/qardasi-qubad-ibadoglunun-sehhetinde-ciddi-problemler-var\/#primaryimage"},"image":{"@id":"https:\/\/www.meydan.tv\/az\/article\/qardasi-qubad-ibadoglunun-sehhetinde-ciddi-problemler-var\/#primaryimage"},"thumbnailUrl":"https:\/\/www.meydan.tv\/wp-content\/uploads\/reportaj-cover-2-5.png","datePublished":"2023-10-26T13:20:00+00:00","dateModified":"2023-10-27T14:56:01+00:00","breadcrumb":{"@id":"https:\/\/www.meydan.tv\/az\/article\/qardasi-qubad-ibadoglunun-sehhetinde-ciddi-problemler-var\/#breadcrumb"},"inLanguage":"az","potentialAction":[{"@type":"ReadAction","target":["https:\/\/www.meydan.tv\/az\/article\/qardasi-qubad-ibadoglunun-sehhetinde-ciddi-problemler-var\/"]}]},{"@type":"ImageObject","inLanguage":"az","@id":"https:\/\/www.meydan.tv\/az\/article\/qardasi-qubad-ibadoglunun-sehhetinde-ciddi-problemler-var\/#primaryimage","url":"https:\/\/www.meydan.tv\/wp-content\/uploads\/reportaj-cover-2-5.png","contentUrl":"https:\/\/www.meydan.tv\/wp-content\/uploads\/reportaj-cover-2-5.png","width":1280,"height":720},{"@type":"BreadcrumbList","@id":"https:\/\/www.meydan.tv\/az\/article\/qardasi-qubad-ibadoglunun-sehhetinde-ciddi-problemler-var\/#breadcrumb","itemListElement":[{"@type":"ListItem","position":1,"name":"Ana s\u0259hif\u0259","item":"https:\/\/www.meydan.tv\/az\/"},{"@type":"ListItem","position":2,"name":"Video","item":"https:\/\/www.meydan.tv\/az\/section\/video-2\/"},{"@type":"ListItem","position":3,"name":"Qarda\u015f\u0131: Qubad \u0130bado\u011flunun s\u0259hh\u0259tind\u0259 ciddi probleml\u0259r var"}]},{"@type":"WebSite","@id":"https:\/\/www.meydan.tv\/az\/#website","url":"https:\/\/www.meydan.tv\/az\/","name":"MEYDAN.TV","description":"Meydan TV Az\u0259rbaycan\u0131n media m\u0259kan\u0131ndak\u0131 alternativ s\u0259sidir","publisher":{"@id":"https:\/\/www.meydan.tv\/az\/#organization"},"potentialAction":[{"@type":"SearchAction","target":{"@type":"EntryPoint","urlTemplate":"https:\/\/www.meydan.tv\/az\/?s={search_term_string}"},"query-input":{"@type":"PropertyValueSpecification","valueRequired":true,"valueName":"search_term_string"}}],"inLanguage":"az"},{"@type":"Organization","@id":"https:\/\/www.meydan.tv\/az\/#organization","name":"Meydan TV","url":"https:\/\/www.meydan.tv\/az\/","logo":{"@type":"ImageObject","inLanguage":"az","@id":"https:\/\/www.meydan.tv\/az\/#\/schema\/logo\/image\/","url":"https:\/\/www.meydan.tv\/wp-content\/uploads\/2021\/07\/meydan-logo.svg","contentUrl":"https:\/\/www.meydan.tv\/wp-content\/uploads\/2021\/07\/meydan-logo.svg","width":195,"height":46,"caption":"Meydan TV"},"image":{"@id":"https:\/\/www.meydan.tv\/az\/#\/schema\/logo\/image\/"}},{"@type":"Person","@id":"https:\/\/www.meydan.tv\/az\/#\/schema\/person\/476e9360e593fa131d5d71d51866f8da","name":"aleks"}]}},"_links":{"self":[{"href":"https:\/\/www.meydan.tv\/az\/wp-json\/wp\/v2\/posts\/288936","targetHints":{"allow":["GET"]}}],"collection":[{"href":"https:\/\/www.meydan.tv\/az\/wp-json\/wp\/v2\/posts"}],"about":[{"href":"https:\/\/www.meydan.tv\/az\/wp-json\/wp\/v2\/types\/post"}],"author":[{"embeddable":true,"href":"https:\/\/www.meydan.tv\/az\/wp-json\/wp\/v2\/users\/12"}],"replies":[{"embeddable":true,"href":"https:\/\/www.meydan.tv\/az\/wp-json\/wp\/v2\/comments?post=288936"}],"version-history":[{"count":5,"href":"https:\/\/www.meydan.tv\/az\/wp-json\/wp\/v2\/posts\/288936\/revisions"}],"predecessor-version":[{"id":289038,"href":"https:\/\/www.meydan.tv\/az\/wp-json\/wp\/v2\/posts\/288936\/revisions\/289038"}],"wp:featuredmedia":[{"embeddable":true,"href":"https:\/\/www.meydan.tv\/az\/wp-json\/wp\/v2\/media\/288940"}],"wp:attachment":[{"href":"https:\/\/www.meydan.tv\/az\/wp-json\/wp\/v2\/media?parent=288936"}],"wp:term":[{"taxonomy":"category","embeddable":true,"href":"https:\/\/www.meydan.tv\/az\/wp-json\/wp\/v2\/categories?post=288936"},{"taxonomy":"post_tag","embeddable":true,"href":"https:\/\/www.meydan.tv\/az\/wp-json\/wp\/v2\/tags?post=288936"}],"curies":[{"name":"wp","href":"https:\/\/api.w.org\/{rel}","templated":true}]}}