{"id":288897,"date":"2023-10-26T14:45:38","date_gmt":"2023-10-26T10:45:38","guid":{"rendered":"https:\/\/www.meydan.tv\/?p=288897"},"modified":"2023-10-26T14:45:41","modified_gmt":"2023-10-26T10:45:41","slug":"prezident-eliyevin-emisi-nevesinin-evinden-ogurluqda-ittiham-olunanlara-hokm-oxundu","status":"publish","type":"post","link":"https:\/\/www.meydan.tv\/az\/article\/prezident-eliyevin-emisi-nevesinin-evinden-ogurluqda-ittiham-olunanlara-hokm-oxundu\/","title":{"rendered":"Prezident \u018fliyevin \u0259misi n\u0259v\u0259sinin evind\u0259n o\u011furluqda ittiham olunanlara h\u00f6km oxundu"},"content":{"rendered":"\n<p><\/p>\n\n\n\n<p><strong><em>\u00dc\u00e7 n\u0259f\u0259r\u0259 \u00fcmumilikd\u0259 35 il h\u0259bs c\u0259zas\u0131 verilib<\/em><\/strong><\/p>\n\n\n\n<p>Prezident \u0130lham \u018fliyevin m\u0259rhum \u0259misi Aqil \u018fliyevin n\u0259v\u0259sinin evind\u0259n o\u011furluqla ba\u011fl\u0131 t\u0259xmin\u0259n 4 ay davam ed\u0259n m\u0259hk\u0259m\u0259 ara\u015fd\u0131rmalar\u0131 yekunla\u015f\u0131b. Riyad \u018fliyevin evind\u0259n o\u011furluq etm\u0259kd\u0259 ittiham olunan 3 n\u0259f\u0259r\u0259 \u00fcmumilikd\u0259 35 il h\u0259bs c\u0259zas\u0131 verilib. Bak\u0131 A\u011f\u0131r Cinay\u0259tl\u0259r M\u0259hk\u0259m\u0259sind\u0259 Azad M\u0259cidovun s\u0259drlik etdiyi, \u018fli M\u0259mm\u0259dov v\u0259 S\u0259bin\u0259 M\u0259mm\u0259dzad\u0259d\u0259n ibar\u0259t hakiml\u0259r kollegiyas\u0131 bu bar\u0259d\u0259 h\u00f6km \u00e7\u0131xar\u0131b.<\/p>\n\n\n\n<p>H\u00f6km\u0259 \u0259sas\u0259n, t\u0259qsirl\u0259ndiril\u0259n \u015f\u0259xsl\u0259rd\u0259n \u0130brahim Y\u00fczayev 12 il, R\u00fcf\u0259t Y\u00fczayev v\u0259 \u0130lqar Qas\u0131movun h\u0259r biri is\u0259 11 il 6 ay azadl\u0131qdan m\u0259hrum edilib.<\/p>\n\n\n\n<p>\u0130brahim v\u0259 R\u00fcf\u0259t Y\u00fczayevl\u0259r qarda\u015fd\u0131lar.<\/p>\n\n\n\n<p>T\u0259qsirl\u0259ndiril\u0259nl\u0259r N\u0259rimanov rayonu, Xan \u015eu\u015finski k\u00fc\u00e7\u0259si yerl\u0259\u015f\u0259n d\u00f6rdm\u0259rt\u0259b\u0259li ya\u015fay\u0131\u015f evind\u0259n m\u00fcxt\u0259lif avadanl\u0131qlar o\u011furlamaqda ittiham olunurlar. S\u00f6hb\u0259t \u00e7oxsayl\u0131 kondisionerl\u0259r, kombi aparatlar\u0131 s. \u0259\u015fyalardan gedir.<\/p>\n\n\n\n<p>\u0130ddia olunur ki, o\u011furluqdan \u0259lav\u0259, cinay\u0259t n\u0259tic\u0259sind\u0259 evd\u0259ki m\u00fc\u0259yy\u0259n \u0259\u015fyalar s\u0131nd\u0131r\u0131l\u0131b, yarars\u0131z hala sal\u0131n\u0131b.<\/p>\n\n\n\n<p>\u00dcmumi ziyan 926 min manat hesablan\u0131b.<\/p>\n\n\n\n<p>T\u0259qsirl\u0259ndiril\u0259n \u015f\u0259xsl\u0259r\u0259 Cinay\u0259t M\u0259c\u0259ll\u0259sinin 177.4 (x\u00fcsusil\u0259 k\u00fclli miqdarda ziyan vurmaqla o\u011furluq) madd\u0259sil\u0259 ittiham ir\u0259li s\u00fcr\u00fcl\u00fcb. Bu madd\u0259nin sanksiyas\u0131nda 10 ild\u0259n 14 il\u0259 q\u0259d\u0259r azadl\u0131qdan m\u0259hrumetm\u0259 c\u0259zas\u0131 n\u0259z\u0259rd\u0259 tutulub. Onlar \u00f6zl\u0259rini qism\u0259n t\u0259qsirli bilibl\u0259r.<\/p>\n\n\n\n<p>Z\u0259r\u0259r\u00e7\u0259kmi\u015f qismind\u0259 tan\u0131nan Riyad \u018fliyevin atas\u0131 \u0130lqar \u018fliyev o\u011flunun ad\u0131n\u0131 da\u015f\u0131yan \u201cRiyad\u201d \u015firk\u0259tl\u0259r qrupunun r\u0259hb\u0259ridir. H\u0259m\u00e7inin \u201cAzinteroil\u201d MMC-nin investorudur.<\/p>\n","protected":false},"excerpt":{"rendered":"<p>\u00dc\u00e7 n\u0259f\u0259r\u0259 \u00fcmumilikd\u0259 35 il h\u0259bs c\u0259zas\u0131 verilib Prezident \u0130lham &#8230; <\/p>\n<p class=\"read-more-container\"><a title=\"Prezident \u018fliyevin \u0259misi n\u0259v\u0259sinin evind\u0259n o\u011furluqda ittiham olunanlara h\u00f6km oxundu\" class=\"read-more button\" href=\"https:\/\/www.meydan.tv\/az\/article\/prezident-eliyevin-emisi-nevesinin-evinden-ogurluqda-ittiham-olunanlara-hokm-oxundu\/#more-288897\" aria-label=\"Read more about Prezident \u018fliyevin \u0259misi n\u0259v\u0259sinin evind\u0259n o\u011furluqda ittiham olunanlara h\u00f6km oxundu\">Davam\u0131<\/a><\/p>\n","protected":false},"author":8,"featured_media":232083,"comment_status":"closed","ping_status":"closed","sticky":false,"template":"","format":"standard","meta":{"_acf_changed":false,"_sitemap_exclude":false,"_sitemap_priority":"","_sitemap_frequency":"","footnotes":""},"categories":[62,56],"tags":[],"class_list":["post-288897","post","type-post","status-publish","format-standard","has-post-thumbnail","hentry","category-sosial","category-xeberler","infinite-scroll-item","generate-columns","tablet-grid-50","mobile-grid-100","grid-parent","grid-33","no-featured-image-padding"],"acf":[],"yoast_head":"<!-- This site is optimized with the Yoast SEO plugin v27.5 - https:\/\/yoast.com\/product\/yoast-seo-wordpress\/ -->\n<title>Prezident \u018fliyevin \u0259misi n\u0259v\u0259sinin evind\u0259n o\u011furluqda ittiham olunanlara h\u00f6km oxundu - MEYDAN.TV<\/title>\n<meta name=\"robots\" content=\"index, follow, max-snippet:-1, max-image-preview:large, max-video-preview:-1\" \/>\n<link rel=\"canonical\" href=\"https:\/\/www.meydan.tv\/az\/article\/prezident-eliyevin-emisi-nevesinin-evinden-ogurluqda-ittiham-olunanlara-hokm-oxundu\/\" \/>\n<meta property=\"og:locale\" content=\"az_AZ\" \/>\n<meta property=\"og:type\" content=\"article\" \/>\n<meta property=\"og:title\" content=\"Prezident \u018fliyevin \u0259misi n\u0259v\u0259sinin evind\u0259n o\u011furluqda ittiham olunanlara h\u00f6km oxundu - MEYDAN.TV\" \/>\n<meta property=\"og:description\" content=\"\u00dc\u00e7 n\u0259f\u0259r\u0259 \u00fcmumilikd\u0259 35 il h\u0259bs c\u0259zas\u0131 verilib Prezident \u0130lham ... Davam\u0131\" \/>\n<meta property=\"og:url\" content=\"https:\/\/www.meydan.tv\/az\/article\/prezident-eliyevin-emisi-nevesinin-evinden-ogurluqda-ittiham-olunanlara-hokm-oxundu\/\" \/>\n<meta property=\"og:site_name\" content=\"MEYDAN.TV\" \/>\n<meta property=\"article:published_time\" content=\"2023-10-26T10:45:38+00:00\" \/>\n<meta property=\"article:modified_time\" content=\"2023-10-26T10:45:41+00:00\" \/>\n<meta property=\"og:image\" content=\"https:\/\/www.meydan.tv\/wp-content\/uploads\/shutterstock_576370024.jpg\" \/>\n\t<meta property=\"og:image:width\" content=\"1200\" \/>\n\t<meta property=\"og:image:height\" content=\"662\" \/>\n\t<meta property=\"og:image:type\" content=\"image\/jpeg\" \/>\n<meta name=\"author\" content=\"elli\" \/>\n<meta name=\"twitter:card\" content=\"summary_large_image\" \/>\n<meta name=\"twitter:creator\" content=\"@elli\" \/>\n<script type=\"application\/ld+json\" class=\"yoast-schema-graph\">{\"@context\":\"https:\\\/\\\/schema.org\",\"@graph\":[{\"@type\":\"Article\",\"@id\":\"https:\\\/\\\/www.meydan.tv\\\/az\\\/article\\\/prezident-eliyevin-emisi-nevesinin-evinden-ogurluqda-ittiham-olunanlara-hokm-oxundu\\\/#article\",\"isPartOf\":{\"@id\":\"https:\\\/\\\/www.meydan.tv\\\/az\\\/article\\\/prezident-eliyevin-emisi-nevesinin-evinden-ogurluqda-ittiham-olunanlara-hokm-oxundu\\\/\"},\"author\":{\"name\":\"elli\",\"@id\":\"https:\\\/\\\/www.meydan.tv\\\/az\\\/#\\\/schema\\\/person\\\/9cdbecf90d17180ce1dfbd95b08dcf47\"},\"headline\":\"Prezident \u018fliyevin \u0259misi n\u0259v\u0259sinin evind\u0259n o\u011furluqda ittiham olunanlara h\u00f6km oxundu\",\"datePublished\":\"2023-10-26T10:45:38+00:00\",\"dateModified\":\"2023-10-26T10:45:41+00:00\",\"mainEntityOfPage\":{\"@id\":\"https:\\\/\\\/www.meydan.tv\\\/az\\\/article\\\/prezident-eliyevin-emisi-nevesinin-evinden-ogurluqda-ittiham-olunanlara-hokm-oxundu\\\/\"},\"wordCount\":333,\"publisher\":{\"@id\":\"https:\\\/\\\/www.meydan.tv\\\/az\\\/#organization\"},\"image\":{\"@id\":\"https:\\\/\\\/www.meydan.tv\\\/az\\\/article\\\/prezident-eliyevin-emisi-nevesinin-evinden-ogurluqda-ittiham-olunanlara-hokm-oxundu\\\/#primaryimage\"},\"thumbnailUrl\":\"https:\\\/\\\/www.meydan.tv\\\/wp-content\\\/uploads\\\/shutterstock_576370024.jpg\",\"articleSection\":[\"Sosial\",\"X\u0259b\u0259rl\u0259r\"],\"inLanguage\":\"az\"},{\"@type\":\"WebPage\",\"@id\":\"https:\\\/\\\/www.meydan.tv\\\/az\\\/article\\\/prezident-eliyevin-emisi-nevesinin-evinden-ogurluqda-ittiham-olunanlara-hokm-oxundu\\\/\",\"url\":\"https:\\\/\\\/www.meydan.tv\\\/az\\\/article\\\/prezident-eliyevin-emisi-nevesinin-evinden-ogurluqda-ittiham-olunanlara-hokm-oxundu\\\/\",\"name\":\"Prezident \u018fliyevin \u0259misi n\u0259v\u0259sinin evind\u0259n o\u011furluqda ittiham olunanlara h\u00f6km oxundu - MEYDAN.TV\",\"isPartOf\":{\"@id\":\"https:\\\/\\\/www.meydan.tv\\\/az\\\/#website\"},\"primaryImageOfPage\":{\"@id\":\"https:\\\/\\\/www.meydan.tv\\\/az\\\/article\\\/prezident-eliyevin-emisi-nevesinin-evinden-ogurluqda-ittiham-olunanlara-hokm-oxundu\\\/#primaryimage\"},\"image\":{\"@id\":\"https:\\\/\\\/www.meydan.tv\\\/az\\\/article\\\/prezident-eliyevin-emisi-nevesinin-evinden-ogurluqda-ittiham-olunanlara-hokm-oxundu\\\/#primaryimage\"},\"thumbnailUrl\":\"https:\\\/\\\/www.meydan.tv\\\/wp-content\\\/uploads\\\/shutterstock_576370024.jpg\",\"datePublished\":\"2023-10-26T10:45:38+00:00\",\"dateModified\":\"2023-10-26T10:45:41+00:00\",\"breadcrumb\":{\"@id\":\"https:\\\/\\\/www.meydan.tv\\\/az\\\/article\\\/prezident-eliyevin-emisi-nevesinin-evinden-ogurluqda-ittiham-olunanlara-hokm-oxundu\\\/#breadcrumb\"},\"inLanguage\":\"az\",\"potentialAction\":[{\"@type\":\"ReadAction\",\"target\":[\"https:\\\/\\\/www.meydan.tv\\\/az\\\/article\\\/prezident-eliyevin-emisi-nevesinin-evinden-ogurluqda-ittiham-olunanlara-hokm-oxundu\\\/\"]}]},{\"@type\":\"ImageObject\",\"inLanguage\":\"az\",\"@id\":\"https:\\\/\\\/www.meydan.tv\\\/az\\\/article\\\/prezident-eliyevin-emisi-nevesinin-evinden-ogurluqda-ittiham-olunanlara-hokm-oxundu\\\/#primaryimage\",\"url\":\"https:\\\/\\\/www.meydan.tv\\\/wp-content\\\/uploads\\\/shutterstock_576370024.jpg\",\"contentUrl\":\"https:\\\/\\\/www.meydan.tv\\\/wp-content\\\/uploads\\\/shutterstock_576370024.jpg\",\"width\":1200,\"height\":662,\"caption\":\"O\u011furluq, Foto: Audio und werbung\\\/shutterstock\"},{\"@type\":\"BreadcrumbList\",\"@id\":\"https:\\\/\\\/www.meydan.tv\\\/az\\\/article\\\/prezident-eliyevin-emisi-nevesinin-evinden-ogurluqda-ittiham-olunanlara-hokm-oxundu\\\/#breadcrumb\",\"itemListElement\":[{\"@type\":\"ListItem\",\"position\":1,\"name\":\"Ana s\u0259hif\u0259\",\"item\":\"https:\\\/\\\/www.meydan.tv\\\/az\\\/\"},{\"@type\":\"ListItem\",\"position\":2,\"name\":\"Sosial\",\"item\":\"https:\\\/\\\/www.meydan.tv\\\/az\\\/section\\\/sosial\\\/\"},{\"@type\":\"ListItem\",\"position\":3,\"name\":\"Prezident \u018fliyevin \u0259misi n\u0259v\u0259sinin evind\u0259n o\u011furluqda ittiham olunanlara h\u00f6km oxundu\"}]},{\"@type\":\"WebSite\",\"@id\":\"https:\\\/\\\/www.meydan.tv\\\/az\\\/#website\",\"url\":\"https:\\\/\\\/www.meydan.tv\\\/az\\\/\",\"name\":\"MEYDAN.TV\",\"description\":\"Meydan TV Az\u0259rbaycan\u0131n media m\u0259kan\u0131ndak\u0131 alternativ s\u0259sidir\",\"publisher\":{\"@id\":\"https:\\\/\\\/www.meydan.tv\\\/az\\\/#organization\"},\"potentialAction\":[{\"@type\":\"SearchAction\",\"target\":{\"@type\":\"EntryPoint\",\"urlTemplate\":\"https:\\\/\\\/www.meydan.tv\\\/az\\\/?s={search_term_string}\"},\"query-input\":{\"@type\":\"PropertyValueSpecification\",\"valueRequired\":true,\"valueName\":\"search_term_string\"}}],\"inLanguage\":\"az\"},{\"@type\":\"Organization\",\"@id\":\"https:\\\/\\\/www.meydan.tv\\\/az\\\/#organization\",\"name\":\"Meydan TV\",\"url\":\"https:\\\/\\\/www.meydan.tv\\\/az\\\/\",\"logo\":{\"@type\":\"ImageObject\",\"inLanguage\":\"az\",\"@id\":\"https:\\\/\\\/www.meydan.tv\\\/az\\\/#\\\/schema\\\/logo\\\/image\\\/\",\"url\":\"https:\\\/\\\/www.meydan.tv\\\/wp-content\\\/uploads\\\/2021\\\/07\\\/meydan-logo.svg\",\"contentUrl\":\"https:\\\/\\\/www.meydan.tv\\\/wp-content\\\/uploads\\\/2021\\\/07\\\/meydan-logo.svg\",\"width\":195,\"height\":46,\"caption\":\"Meydan TV\"},\"image\":{\"@id\":\"https:\\\/\\\/www.meydan.tv\\\/az\\\/#\\\/schema\\\/logo\\\/image\\\/\"}},{\"@type\":\"Person\",\"@id\":\"https:\\\/\\\/www.meydan.tv\\\/az\\\/#\\\/schema\\\/person\\\/9cdbecf90d17180ce1dfbd95b08dcf47\",\"name\":\"elli\",\"sameAs\":[\"https:\\\/\\\/x.com\\\/elli\"]}]}<\/script>\n<!-- \/ Yoast SEO plugin. -->","yoast_head_json":{"title":"Prezident \u018fliyevin \u0259misi n\u0259v\u0259sinin evind\u0259n o\u011furluqda ittiham olunanlara h\u00f6km oxundu - MEYDAN.TV","robots":{"index":"index","follow":"follow","max-snippet":"max-snippet:-1","max-image-preview":"max-image-preview:large","max-video-preview":"max-video-preview:-1"},"canonical":"https:\/\/www.meydan.tv\/az\/article\/prezident-eliyevin-emisi-nevesinin-evinden-ogurluqda-ittiham-olunanlara-hokm-oxundu\/","og_locale":"az_AZ","og_type":"article","og_title":"Prezident \u018fliyevin \u0259misi n\u0259v\u0259sinin evind\u0259n o\u011furluqda ittiham olunanlara h\u00f6km oxundu - MEYDAN.TV","og_description":"\u00dc\u00e7 n\u0259f\u0259r\u0259 \u00fcmumilikd\u0259 35 il h\u0259bs c\u0259zas\u0131 verilib Prezident \u0130lham ... Davam\u0131","og_url":"https:\/\/www.meydan.tv\/az\/article\/prezident-eliyevin-emisi-nevesinin-evinden-ogurluqda-ittiham-olunanlara-hokm-oxundu\/","og_site_name":"MEYDAN.TV","article_published_time":"2023-10-26T10:45:38+00:00","article_modified_time":"2023-10-26T10:45:41+00:00","og_image":[{"width":1200,"height":662,"url":"https:\/\/www.meydan.tv\/wp-content\/uploads\/shutterstock_576370024.jpg","type":"image\/jpeg"}],"author":"elli","twitter_card":"summary_large_image","twitter_creator":"@elli","schema":{"@context":"https:\/\/schema.org","@graph":[{"@type":"Article","@id":"https:\/\/www.meydan.tv\/az\/article\/prezident-eliyevin-emisi-nevesinin-evinden-ogurluqda-ittiham-olunanlara-hokm-oxundu\/#article","isPartOf":{"@id":"https:\/\/www.meydan.tv\/az\/article\/prezident-eliyevin-emisi-nevesinin-evinden-ogurluqda-ittiham-olunanlara-hokm-oxundu\/"},"author":{"name":"elli","@id":"https:\/\/www.meydan.tv\/az\/#\/schema\/person\/9cdbecf90d17180ce1dfbd95b08dcf47"},"headline":"Prezident \u018fliyevin \u0259misi n\u0259v\u0259sinin evind\u0259n o\u011furluqda ittiham olunanlara h\u00f6km oxundu","datePublished":"2023-10-26T10:45:38+00:00","dateModified":"2023-10-26T10:45:41+00:00","mainEntityOfPage":{"@id":"https:\/\/www.meydan.tv\/az\/article\/prezident-eliyevin-emisi-nevesinin-evinden-ogurluqda-ittiham-olunanlara-hokm-oxundu\/"},"wordCount":333,"publisher":{"@id":"https:\/\/www.meydan.tv\/az\/#organization"},"image":{"@id":"https:\/\/www.meydan.tv\/az\/article\/prezident-eliyevin-emisi-nevesinin-evinden-ogurluqda-ittiham-olunanlara-hokm-oxundu\/#primaryimage"},"thumbnailUrl":"https:\/\/www.meydan.tv\/wp-content\/uploads\/shutterstock_576370024.jpg","articleSection":["Sosial","X\u0259b\u0259rl\u0259r"],"inLanguage":"az"},{"@type":"WebPage","@id":"https:\/\/www.meydan.tv\/az\/article\/prezident-eliyevin-emisi-nevesinin-evinden-ogurluqda-ittiham-olunanlara-hokm-oxundu\/","url":"https:\/\/www.meydan.tv\/az\/article\/prezident-eliyevin-emisi-nevesinin-evinden-ogurluqda-ittiham-olunanlara-hokm-oxundu\/","name":"Prezident \u018fliyevin \u0259misi n\u0259v\u0259sinin evind\u0259n o\u011furluqda ittiham olunanlara h\u00f6km oxundu - MEYDAN.TV","isPartOf":{"@id":"https:\/\/www.meydan.tv\/az\/#website"},"primaryImageOfPage":{"@id":"https:\/\/www.meydan.tv\/az\/article\/prezident-eliyevin-emisi-nevesinin-evinden-ogurluqda-ittiham-olunanlara-hokm-oxundu\/#primaryimage"},"image":{"@id":"https:\/\/www.meydan.tv\/az\/article\/prezident-eliyevin-emisi-nevesinin-evinden-ogurluqda-ittiham-olunanlara-hokm-oxundu\/#primaryimage"},"thumbnailUrl":"https:\/\/www.meydan.tv\/wp-content\/uploads\/shutterstock_576370024.jpg","datePublished":"2023-10-26T10:45:38+00:00","dateModified":"2023-10-26T10:45:41+00:00","breadcrumb":{"@id":"https:\/\/www.meydan.tv\/az\/article\/prezident-eliyevin-emisi-nevesinin-evinden-ogurluqda-ittiham-olunanlara-hokm-oxundu\/#breadcrumb"},"inLanguage":"az","potentialAction":[{"@type":"ReadAction","target":["https:\/\/www.meydan.tv\/az\/article\/prezident-eliyevin-emisi-nevesinin-evinden-ogurluqda-ittiham-olunanlara-hokm-oxundu\/"]}]},{"@type":"ImageObject","inLanguage":"az","@id":"https:\/\/www.meydan.tv\/az\/article\/prezident-eliyevin-emisi-nevesinin-evinden-ogurluqda-ittiham-olunanlara-hokm-oxundu\/#primaryimage","url":"https:\/\/www.meydan.tv\/wp-content\/uploads\/shutterstock_576370024.jpg","contentUrl":"https:\/\/www.meydan.tv\/wp-content\/uploads\/shutterstock_576370024.jpg","width":1200,"height":662,"caption":"O\u011furluq, Foto: Audio und werbung\/shutterstock"},{"@type":"BreadcrumbList","@id":"https:\/\/www.meydan.tv\/az\/article\/prezident-eliyevin-emisi-nevesinin-evinden-ogurluqda-ittiham-olunanlara-hokm-oxundu\/#breadcrumb","itemListElement":[{"@type":"ListItem","position":1,"name":"Ana s\u0259hif\u0259","item":"https:\/\/www.meydan.tv\/az\/"},{"@type":"ListItem","position":2,"name":"Sosial","item":"https:\/\/www.meydan.tv\/az\/section\/sosial\/"},{"@type":"ListItem","position":3,"name":"Prezident \u018fliyevin \u0259misi n\u0259v\u0259sinin evind\u0259n o\u011furluqda ittiham olunanlara h\u00f6km oxundu"}]},{"@type":"WebSite","@id":"https:\/\/www.meydan.tv\/az\/#website","url":"https:\/\/www.meydan.tv\/az\/","name":"MEYDAN.TV","description":"Meydan TV Az\u0259rbaycan\u0131n media m\u0259kan\u0131ndak\u0131 alternativ s\u0259sidir","publisher":{"@id":"https:\/\/www.meydan.tv\/az\/#organization"},"potentialAction":[{"@type":"SearchAction","target":{"@type":"EntryPoint","urlTemplate":"https:\/\/www.meydan.tv\/az\/?s={search_term_string}"},"query-input":{"@type":"PropertyValueSpecification","valueRequired":true,"valueName":"search_term_string"}}],"inLanguage":"az"},{"@type":"Organization","@id":"https:\/\/www.meydan.tv\/az\/#organization","name":"Meydan TV","url":"https:\/\/www.meydan.tv\/az\/","logo":{"@type":"ImageObject","inLanguage":"az","@id":"https:\/\/www.meydan.tv\/az\/#\/schema\/logo\/image\/","url":"https:\/\/www.meydan.tv\/wp-content\/uploads\/2021\/07\/meydan-logo.svg","contentUrl":"https:\/\/www.meydan.tv\/wp-content\/uploads\/2021\/07\/meydan-logo.svg","width":195,"height":46,"caption":"Meydan TV"},"image":{"@id":"https:\/\/www.meydan.tv\/az\/#\/schema\/logo\/image\/"}},{"@type":"Person","@id":"https:\/\/www.meydan.tv\/az\/#\/schema\/person\/9cdbecf90d17180ce1dfbd95b08dcf47","name":"elli","sameAs":["https:\/\/x.com\/elli"]}]}},"_links":{"self":[{"href":"https:\/\/www.meydan.tv\/az\/wp-json\/wp\/v2\/posts\/288897","targetHints":{"allow":["GET"]}}],"collection":[{"href":"https:\/\/www.meydan.tv\/az\/wp-json\/wp\/v2\/posts"}],"about":[{"href":"https:\/\/www.meydan.tv\/az\/wp-json\/wp\/v2\/types\/post"}],"author":[{"embeddable":true,"href":"https:\/\/www.meydan.tv\/az\/wp-json\/wp\/v2\/users\/8"}],"replies":[{"embeddable":true,"href":"https:\/\/www.meydan.tv\/az\/wp-json\/wp\/v2\/comments?post=288897"}],"version-history":[{"count":1,"href":"https:\/\/www.meydan.tv\/az\/wp-json\/wp\/v2\/posts\/288897\/revisions"}],"predecessor-version":[{"id":288899,"href":"https:\/\/www.meydan.tv\/az\/wp-json\/wp\/v2\/posts\/288897\/revisions\/288899"}],"wp:featuredmedia":[{"embeddable":true,"href":"https:\/\/www.meydan.tv\/az\/wp-json\/wp\/v2\/media\/232083"}],"wp:attachment":[{"href":"https:\/\/www.meydan.tv\/az\/wp-json\/wp\/v2\/media?parent=288897"}],"wp:term":[{"taxonomy":"category","embeddable":true,"href":"https:\/\/www.meydan.tv\/az\/wp-json\/wp\/v2\/categories?post=288897"},{"taxonomy":"post_tag","embeddable":true,"href":"https:\/\/www.meydan.tv\/az\/wp-json\/wp\/v2\/tags?post=288897"}],"curies":[{"name":"wp","href":"https:\/\/api.w.org\/{rel}","templated":true}]}}