{"id":288876,"date":"2023-10-26T11:56:24","date_gmt":"2023-10-26T07:56:24","guid":{"rendered":"https:\/\/www.meydan.tv\/?p=288876"},"modified":"2023-10-26T11:56:28","modified_gmt":"2023-10-26T07:56:28","slug":"suqovusanda-traktor-minaya-dusub-surucu-qolunu-itirib","status":"publish","type":"post","link":"https:\/\/www.meydan.tv\/az\/article\/suqovusanda-traktor-minaya-dusub-surucu-qolunu-itirib\/","title":{"rendered":"Suqovu\u015fanda traktor minaya d\u00fc\u015f\u00fcb, s\u00fcr\u00fcc\u00fc qolunu itirib"},"content":{"rendered":"\n<p><\/p>\n\n\n\n<p><strong><em>Agentlik v\u0259t\u0259nda\u015flar\u0131 m\u0259suliyy\u0259tli davranma\u011fa \u00e7a\u011f\u0131r\u0131r<\/em><\/strong><\/p>\n\n\n\n<p>Oktyabr\u0131n 26-da T\u0259rt\u0259r rayonunun Suqovu\u015fan k\u0259ndind\u0259 \u0259kin i\u015fl\u0259ri zaman\u0131 traktor minaya d\u00fc\u015f\u00fcb. Partlay\u0131\u015fda traktor\u00e7u El\u00e7in Nur\u0259liyev m\u00fcxt\u0259lif d\u0259r\u0259c\u0259li b\u0259d\u0259n x\u0259sar\u0259tl\u0259ri al\u0131b. M\u0259lumat\u0131 Az\u0259rbaycan Respublikas\u0131n\u0131n Minat\u0259mizl\u0259m\u0259 Agentliyi (ANAMA) <a href=\"https:\/\/anama.gov.az\/en\/news\/172\">yay\u0131b<\/a>.<\/p>\n\n\n\n<p>M\u0259lumatda bildirilir ki, traktor\u00e7u sa\u011f qolunu itirib. Agentlik v\u0259t\u0259nda\u015flar\u0131 t\u0259hl\u00fck\u0259li \u0259razil\u0259r\u0259 daxil olmama\u011fa, m\u0259suliyy\u0259tli davranma\u011fa v\u0259 t\u0259l\u0259b olunan t\u0259hl\u00fck\u0259sizlik qaydalar\u0131na \u0259m\u0259l etm\u0259y\u0259 \u00e7a\u011f\u0131r\u0131b.<\/p>\n\n\n\n<p>2020-ci il sentyabr\u0131n 27-d\u0259 Erm\u0259nistan v\u0259 Az\u0259rbaycan silahl\u0131 q\u00fcvv\u0259l\u0259ri aras\u0131nda ba\u015flayan v\u0259 44 g\u00fcn davam ed\u0259n \u0130kinci Qaraba\u011f m\u00fcharib\u0259sind\u0259n sonra Az\u0259rbaycan\u0131n 65 v\u0259t\u0259nda\u015f\u0131 minaya d\u00fc\u015f\u0259r\u0259k h\u0259lak olub. R\u0259smi qurumlar\u0131n a\u00e7\u0131qlamalar\u0131na g\u00f6r\u0259, 260-d\u0259n \u00e7ox \u015f\u0259xs is\u0259 m\u00fcxt\u0259lif x\u0259sar\u0259t al\u0131b.<\/p>\n\n\n\n<p>M\u00fcharib\u0259nin bitm\u0259si il\u0259 ba\u011fl\u0131 10 noyabr sazi\u015find\u0259n sonra Az\u0259rbaycan t\u0259r\u0259fi d\u0259f\u0259l\u0259rl\u0259 a\u00e7\u0131qlama ver\u0259r\u0259k bildirib ki, Erm\u0259nistan i\u015f\u011faldan azad olunan \u0259razil\u0259rd\u0259 basd\u0131rd\u0131\u011f\u0131 minalar\u0131n x\u0259rit\u0259sini vermir. Daha sonra m\u00fcharib\u0259 vaxt\u0131 Az\u0259rbaycan\u0131n saxlad\u0131\u011f\u0131 Erm\u0259nistan h\u0259rb\u00e7il\u0259rind\u0259n b\u0259zil\u0259rinin geri verilm\u0259si \u0259v\u0259zi bir s\u0131ra rayonlar\u0131n minalanm\u0131\u015f \u0259razil\u0259rinin x\u0259rit\u0259l\u0259rinin al\u0131nd\u0131\u011f\u0131 bildirildi. Sonradan is\u0259 Az\u0259rbaycan t\u0259r\u0259fi x\u0259rit\u0259l\u0259rin b\u00f6y\u00fck \u00f6l\u00e7\u00fcd\u0259 reall\u0131\u011f\u0131 \u0259ks etdirm\u0259diyini a\u00e7\u0131qlad\u0131. Erm\u0259nistan\u0131n Ba\u015f naziri Nikol Pa\u015finyan is\u0259 cavab\u0131nda \u0259ll\u0259rind\u0259 olan b\u00fct\u00fcn x\u0259rit\u0259l\u0259ri Az\u0259rbaycana verdikl\u0259rini bildirdi.<\/p>\n","protected":false},"excerpt":{"rendered":"<p>Agentlik v\u0259t\u0259nda\u015flar\u0131 m\u0259suliyy\u0259tli davranma\u011fa \u00e7a\u011f\u0131r\u0131r Oktyabr\u0131n 26-da T\u0259rt\u0259r rayonunun Suqovu\u015fan &#8230; <\/p>\n<p class=\"read-more-container\"><a title=\"Suqovu\u015fanda traktor minaya d\u00fc\u015f\u00fcb, s\u00fcr\u00fcc\u00fc qolunu itirib\" class=\"read-more button\" href=\"https:\/\/www.meydan.tv\/az\/article\/suqovusanda-traktor-minaya-dusub-surucu-qolunu-itirib\/#more-288876\" aria-label=\"Read more about Suqovu\u015fanda traktor minaya d\u00fc\u015f\u00fcb, s\u00fcr\u00fcc\u00fc qolunu itirib\">Davam\u0131<\/a><\/p>\n","protected":false},"author":8,"featured_media":155793,"comment_status":"closed","ping_status":"closed","sticky":false,"template":"","format":"standard","meta":{"_acf_changed":false,"_sitemap_exclude":false,"_sitemap_priority":"","_sitemap_frequency":"","footnotes":""},"categories":[60,56],"tags":[],"class_list":["post-288876","post","type-post","status-publish","format-standard","has-post-thumbnail","hentry","category-bolge","category-xeberler","infinite-scroll-item","generate-columns","tablet-grid-50","mobile-grid-100","grid-parent","grid-33","no-featured-image-padding"],"acf":[],"yoast_head":"<!-- This site is optimized with the Yoast SEO plugin v27.4 - https:\/\/yoast.com\/product\/yoast-seo-wordpress\/ -->\n<title>Suqovu\u015fanda traktor minaya d\u00fc\u015f\u00fcb, s\u00fcr\u00fcc\u00fc qolunu itirib - MEYDAN.TV<\/title>\n<meta name=\"robots\" content=\"index, follow, max-snippet:-1, max-image-preview:large, max-video-preview:-1\" \/>\n<link rel=\"canonical\" href=\"https:\/\/www.meydan.tv\/az\/article\/suqovusanda-traktor-minaya-dusub-surucu-qolunu-itirib\/\" \/>\n<meta property=\"og:locale\" content=\"az_AZ\" \/>\n<meta property=\"og:type\" content=\"article\" \/>\n<meta property=\"og:title\" content=\"Suqovu\u015fanda traktor minaya d\u00fc\u015f\u00fcb, s\u00fcr\u00fcc\u00fc qolunu itirib - MEYDAN.TV\" \/>\n<meta property=\"og:description\" content=\"Agentlik v\u0259t\u0259nda\u015flar\u0131 m\u0259suliyy\u0259tli davranma\u011fa \u00e7a\u011f\u0131r\u0131r Oktyabr\u0131n 26-da T\u0259rt\u0259r rayonunun Suqovu\u015fan ... Davam\u0131\" \/>\n<meta property=\"og:url\" content=\"https:\/\/www.meydan.tv\/az\/article\/suqovusanda-traktor-minaya-dusub-surucu-qolunu-itirib\/\" \/>\n<meta property=\"og:site_name\" content=\"MEYDAN.TV\" \/>\n<meta property=\"article:published_time\" content=\"2023-10-26T07:56:24+00:00\" \/>\n<meta property=\"article:modified_time\" content=\"2023-10-26T07:56:28+00:00\" \/>\n<meta property=\"og:image\" content=\"https:\/\/www.meydan.tv\/wp-content\/uploads\/maxresdefault_emna25e.jpg\" \/>\n\t<meta property=\"og:image:width\" content=\"1280\" \/>\n\t<meta property=\"og:image:height\" content=\"720\" \/>\n\t<meta property=\"og:image:type\" content=\"image\/jpeg\" \/>\n<meta name=\"author\" content=\"elli\" \/>\n<meta name=\"twitter:card\" content=\"summary_large_image\" \/>\n<meta name=\"twitter:creator\" content=\"@elli\" \/>\n<script type=\"application\/ld+json\" class=\"yoast-schema-graph\">{\"@context\":\"https:\\\/\\\/schema.org\",\"@graph\":[{\"@type\":\"Article\",\"@id\":\"https:\\\/\\\/www.meydan.tv\\\/az\\\/article\\\/suqovusanda-traktor-minaya-dusub-surucu-qolunu-itirib\\\/#article\",\"isPartOf\":{\"@id\":\"https:\\\/\\\/www.meydan.tv\\\/az\\\/article\\\/suqovusanda-traktor-minaya-dusub-surucu-qolunu-itirib\\\/\"},\"author\":{\"name\":\"elli\",\"@id\":\"https:\\\/\\\/www.meydan.tv\\\/az\\\/#\\\/schema\\\/person\\\/9cdbecf90d17180ce1dfbd95b08dcf47\"},\"headline\":\"Suqovu\u015fanda traktor minaya d\u00fc\u015f\u00fcb, s\u00fcr\u00fcc\u00fc qolunu itirib\",\"datePublished\":\"2023-10-26T07:56:24+00:00\",\"dateModified\":\"2023-10-26T07:56:28+00:00\",\"mainEntityOfPage\":{\"@id\":\"https:\\\/\\\/www.meydan.tv\\\/az\\\/article\\\/suqovusanda-traktor-minaya-dusub-surucu-qolunu-itirib\\\/\"},\"wordCount\":327,\"publisher\":{\"@id\":\"https:\\\/\\\/www.meydan.tv\\\/az\\\/#organization\"},\"image\":{\"@id\":\"https:\\\/\\\/www.meydan.tv\\\/az\\\/article\\\/suqovusanda-traktor-minaya-dusub-surucu-qolunu-itirib\\\/#primaryimage\"},\"thumbnailUrl\":\"https:\\\/\\\/www.meydan.tv\\\/wp-content\\\/uploads\\\/maxresdefault_emna25e.jpg\",\"articleSection\":[\"B\u00f6lg\u0259\",\"X\u0259b\u0259rl\u0259r\"],\"inLanguage\":\"az\"},{\"@type\":\"WebPage\",\"@id\":\"https:\\\/\\\/www.meydan.tv\\\/az\\\/article\\\/suqovusanda-traktor-minaya-dusub-surucu-qolunu-itirib\\\/\",\"url\":\"https:\\\/\\\/www.meydan.tv\\\/az\\\/article\\\/suqovusanda-traktor-minaya-dusub-surucu-qolunu-itirib\\\/\",\"name\":\"Suqovu\u015fanda traktor minaya d\u00fc\u015f\u00fcb, s\u00fcr\u00fcc\u00fc qolunu itirib - MEYDAN.TV\",\"isPartOf\":{\"@id\":\"https:\\\/\\\/www.meydan.tv\\\/az\\\/#website\"},\"primaryImageOfPage\":{\"@id\":\"https:\\\/\\\/www.meydan.tv\\\/az\\\/article\\\/suqovusanda-traktor-minaya-dusub-surucu-qolunu-itirib\\\/#primaryimage\"},\"image\":{\"@id\":\"https:\\\/\\\/www.meydan.tv\\\/az\\\/article\\\/suqovusanda-traktor-minaya-dusub-surucu-qolunu-itirib\\\/#primaryimage\"},\"thumbnailUrl\":\"https:\\\/\\\/www.meydan.tv\\\/wp-content\\\/uploads\\\/maxresdefault_emna25e.jpg\",\"datePublished\":\"2023-10-26T07:56:24+00:00\",\"dateModified\":\"2023-10-26T07:56:28+00:00\",\"breadcrumb\":{\"@id\":\"https:\\\/\\\/www.meydan.tv\\\/az\\\/article\\\/suqovusanda-traktor-minaya-dusub-surucu-qolunu-itirib\\\/#breadcrumb\"},\"inLanguage\":\"az\",\"potentialAction\":[{\"@type\":\"ReadAction\",\"target\":[\"https:\\\/\\\/www.meydan.tv\\\/az\\\/article\\\/suqovusanda-traktor-minaya-dusub-surucu-qolunu-itirib\\\/\"]}]},{\"@type\":\"ImageObject\",\"inLanguage\":\"az\",\"@id\":\"https:\\\/\\\/www.meydan.tv\\\/az\\\/article\\\/suqovusanda-traktor-minaya-dusub-surucu-qolunu-itirib\\\/#primaryimage\",\"url\":\"https:\\\/\\\/www.meydan.tv\\\/wp-content\\\/uploads\\\/maxresdefault_emna25e.jpg\",\"contentUrl\":\"https:\\\/\\\/www.meydan.tv\\\/wp-content\\\/uploads\\\/maxresdefault_emna25e.jpg\",\"width\":1280,\"height\":720,\"caption\":\"M\u0259nb\u0259: Youtube screen\"},{\"@type\":\"BreadcrumbList\",\"@id\":\"https:\\\/\\\/www.meydan.tv\\\/az\\\/article\\\/suqovusanda-traktor-minaya-dusub-surucu-qolunu-itirib\\\/#breadcrumb\",\"itemListElement\":[{\"@type\":\"ListItem\",\"position\":1,\"name\":\"Ana s\u0259hif\u0259\",\"item\":\"https:\\\/\\\/www.meydan.tv\\\/az\\\/\"},{\"@type\":\"ListItem\",\"position\":2,\"name\":\"B\u00f6lg\u0259\",\"item\":\"https:\\\/\\\/www.meydan.tv\\\/az\\\/section\\\/bolge\\\/\"},{\"@type\":\"ListItem\",\"position\":3,\"name\":\"Suqovu\u015fanda traktor minaya d\u00fc\u015f\u00fcb, s\u00fcr\u00fcc\u00fc qolunu itirib\"}]},{\"@type\":\"WebSite\",\"@id\":\"https:\\\/\\\/www.meydan.tv\\\/az\\\/#website\",\"url\":\"https:\\\/\\\/www.meydan.tv\\\/az\\\/\",\"name\":\"MEYDAN.TV\",\"description\":\"Meydan TV Az\u0259rbaycan\u0131n media m\u0259kan\u0131ndak\u0131 alternativ s\u0259sidir\",\"publisher\":{\"@id\":\"https:\\\/\\\/www.meydan.tv\\\/az\\\/#organization\"},\"potentialAction\":[{\"@type\":\"SearchAction\",\"target\":{\"@type\":\"EntryPoint\",\"urlTemplate\":\"https:\\\/\\\/www.meydan.tv\\\/az\\\/?s={search_term_string}\"},\"query-input\":{\"@type\":\"PropertyValueSpecification\",\"valueRequired\":true,\"valueName\":\"search_term_string\"}}],\"inLanguage\":\"az\"},{\"@type\":\"Organization\",\"@id\":\"https:\\\/\\\/www.meydan.tv\\\/az\\\/#organization\",\"name\":\"Meydan TV\",\"url\":\"https:\\\/\\\/www.meydan.tv\\\/az\\\/\",\"logo\":{\"@type\":\"ImageObject\",\"inLanguage\":\"az\",\"@id\":\"https:\\\/\\\/www.meydan.tv\\\/az\\\/#\\\/schema\\\/logo\\\/image\\\/\",\"url\":\"https:\\\/\\\/www.meydan.tv\\\/wp-content\\\/uploads\\\/2021\\\/07\\\/meydan-logo.svg\",\"contentUrl\":\"https:\\\/\\\/www.meydan.tv\\\/wp-content\\\/uploads\\\/2021\\\/07\\\/meydan-logo.svg\",\"width\":195,\"height\":46,\"caption\":\"Meydan TV\"},\"image\":{\"@id\":\"https:\\\/\\\/www.meydan.tv\\\/az\\\/#\\\/schema\\\/logo\\\/image\\\/\"}},{\"@type\":\"Person\",\"@id\":\"https:\\\/\\\/www.meydan.tv\\\/az\\\/#\\\/schema\\\/person\\\/9cdbecf90d17180ce1dfbd95b08dcf47\",\"name\":\"elli\",\"sameAs\":[\"https:\\\/\\\/x.com\\\/elli\"]}]}<\/script>\n<!-- \/ Yoast SEO plugin. -->","yoast_head_json":{"title":"Suqovu\u015fanda traktor minaya d\u00fc\u015f\u00fcb, s\u00fcr\u00fcc\u00fc qolunu itirib - MEYDAN.TV","robots":{"index":"index","follow":"follow","max-snippet":"max-snippet:-1","max-image-preview":"max-image-preview:large","max-video-preview":"max-video-preview:-1"},"canonical":"https:\/\/www.meydan.tv\/az\/article\/suqovusanda-traktor-minaya-dusub-surucu-qolunu-itirib\/","og_locale":"az_AZ","og_type":"article","og_title":"Suqovu\u015fanda traktor minaya d\u00fc\u015f\u00fcb, s\u00fcr\u00fcc\u00fc qolunu itirib - MEYDAN.TV","og_description":"Agentlik v\u0259t\u0259nda\u015flar\u0131 m\u0259suliyy\u0259tli davranma\u011fa \u00e7a\u011f\u0131r\u0131r Oktyabr\u0131n 26-da T\u0259rt\u0259r rayonunun Suqovu\u015fan ... Davam\u0131","og_url":"https:\/\/www.meydan.tv\/az\/article\/suqovusanda-traktor-minaya-dusub-surucu-qolunu-itirib\/","og_site_name":"MEYDAN.TV","article_published_time":"2023-10-26T07:56:24+00:00","article_modified_time":"2023-10-26T07:56:28+00:00","og_image":[{"width":1280,"height":720,"url":"https:\/\/www.meydan.tv\/wp-content\/uploads\/maxresdefault_emna25e.jpg","type":"image\/jpeg"}],"author":"elli","twitter_card":"summary_large_image","twitter_creator":"@elli","schema":{"@context":"https:\/\/schema.org","@graph":[{"@type":"Article","@id":"https:\/\/www.meydan.tv\/az\/article\/suqovusanda-traktor-minaya-dusub-surucu-qolunu-itirib\/#article","isPartOf":{"@id":"https:\/\/www.meydan.tv\/az\/article\/suqovusanda-traktor-minaya-dusub-surucu-qolunu-itirib\/"},"author":{"name":"elli","@id":"https:\/\/www.meydan.tv\/az\/#\/schema\/person\/9cdbecf90d17180ce1dfbd95b08dcf47"},"headline":"Suqovu\u015fanda traktor minaya d\u00fc\u015f\u00fcb, s\u00fcr\u00fcc\u00fc qolunu itirib","datePublished":"2023-10-26T07:56:24+00:00","dateModified":"2023-10-26T07:56:28+00:00","mainEntityOfPage":{"@id":"https:\/\/www.meydan.tv\/az\/article\/suqovusanda-traktor-minaya-dusub-surucu-qolunu-itirib\/"},"wordCount":327,"publisher":{"@id":"https:\/\/www.meydan.tv\/az\/#organization"},"image":{"@id":"https:\/\/www.meydan.tv\/az\/article\/suqovusanda-traktor-minaya-dusub-surucu-qolunu-itirib\/#primaryimage"},"thumbnailUrl":"https:\/\/www.meydan.tv\/wp-content\/uploads\/maxresdefault_emna25e.jpg","articleSection":["B\u00f6lg\u0259","X\u0259b\u0259rl\u0259r"],"inLanguage":"az"},{"@type":"WebPage","@id":"https:\/\/www.meydan.tv\/az\/article\/suqovusanda-traktor-minaya-dusub-surucu-qolunu-itirib\/","url":"https:\/\/www.meydan.tv\/az\/article\/suqovusanda-traktor-minaya-dusub-surucu-qolunu-itirib\/","name":"Suqovu\u015fanda traktor minaya d\u00fc\u015f\u00fcb, s\u00fcr\u00fcc\u00fc qolunu itirib - MEYDAN.TV","isPartOf":{"@id":"https:\/\/www.meydan.tv\/az\/#website"},"primaryImageOfPage":{"@id":"https:\/\/www.meydan.tv\/az\/article\/suqovusanda-traktor-minaya-dusub-surucu-qolunu-itirib\/#primaryimage"},"image":{"@id":"https:\/\/www.meydan.tv\/az\/article\/suqovusanda-traktor-minaya-dusub-surucu-qolunu-itirib\/#primaryimage"},"thumbnailUrl":"https:\/\/www.meydan.tv\/wp-content\/uploads\/maxresdefault_emna25e.jpg","datePublished":"2023-10-26T07:56:24+00:00","dateModified":"2023-10-26T07:56:28+00:00","breadcrumb":{"@id":"https:\/\/www.meydan.tv\/az\/article\/suqovusanda-traktor-minaya-dusub-surucu-qolunu-itirib\/#breadcrumb"},"inLanguage":"az","potentialAction":[{"@type":"ReadAction","target":["https:\/\/www.meydan.tv\/az\/article\/suqovusanda-traktor-minaya-dusub-surucu-qolunu-itirib\/"]}]},{"@type":"ImageObject","inLanguage":"az","@id":"https:\/\/www.meydan.tv\/az\/article\/suqovusanda-traktor-minaya-dusub-surucu-qolunu-itirib\/#primaryimage","url":"https:\/\/www.meydan.tv\/wp-content\/uploads\/maxresdefault_emna25e.jpg","contentUrl":"https:\/\/www.meydan.tv\/wp-content\/uploads\/maxresdefault_emna25e.jpg","width":1280,"height":720,"caption":"M\u0259nb\u0259: Youtube screen"},{"@type":"BreadcrumbList","@id":"https:\/\/www.meydan.tv\/az\/article\/suqovusanda-traktor-minaya-dusub-surucu-qolunu-itirib\/#breadcrumb","itemListElement":[{"@type":"ListItem","position":1,"name":"Ana s\u0259hif\u0259","item":"https:\/\/www.meydan.tv\/az\/"},{"@type":"ListItem","position":2,"name":"B\u00f6lg\u0259","item":"https:\/\/www.meydan.tv\/az\/section\/bolge\/"},{"@type":"ListItem","position":3,"name":"Suqovu\u015fanda traktor minaya d\u00fc\u015f\u00fcb, s\u00fcr\u00fcc\u00fc qolunu itirib"}]},{"@type":"WebSite","@id":"https:\/\/www.meydan.tv\/az\/#website","url":"https:\/\/www.meydan.tv\/az\/","name":"MEYDAN.TV","description":"Meydan TV Az\u0259rbaycan\u0131n media m\u0259kan\u0131ndak\u0131 alternativ s\u0259sidir","publisher":{"@id":"https:\/\/www.meydan.tv\/az\/#organization"},"potentialAction":[{"@type":"SearchAction","target":{"@type":"EntryPoint","urlTemplate":"https:\/\/www.meydan.tv\/az\/?s={search_term_string}"},"query-input":{"@type":"PropertyValueSpecification","valueRequired":true,"valueName":"search_term_string"}}],"inLanguage":"az"},{"@type":"Organization","@id":"https:\/\/www.meydan.tv\/az\/#organization","name":"Meydan TV","url":"https:\/\/www.meydan.tv\/az\/","logo":{"@type":"ImageObject","inLanguage":"az","@id":"https:\/\/www.meydan.tv\/az\/#\/schema\/logo\/image\/","url":"https:\/\/www.meydan.tv\/wp-content\/uploads\/2021\/07\/meydan-logo.svg","contentUrl":"https:\/\/www.meydan.tv\/wp-content\/uploads\/2021\/07\/meydan-logo.svg","width":195,"height":46,"caption":"Meydan TV"},"image":{"@id":"https:\/\/www.meydan.tv\/az\/#\/schema\/logo\/image\/"}},{"@type":"Person","@id":"https:\/\/www.meydan.tv\/az\/#\/schema\/person\/9cdbecf90d17180ce1dfbd95b08dcf47","name":"elli","sameAs":["https:\/\/x.com\/elli"]}]}},"_links":{"self":[{"href":"https:\/\/www.meydan.tv\/az\/wp-json\/wp\/v2\/posts\/288876","targetHints":{"allow":["GET"]}}],"collection":[{"href":"https:\/\/www.meydan.tv\/az\/wp-json\/wp\/v2\/posts"}],"about":[{"href":"https:\/\/www.meydan.tv\/az\/wp-json\/wp\/v2\/types\/post"}],"author":[{"embeddable":true,"href":"https:\/\/www.meydan.tv\/az\/wp-json\/wp\/v2\/users\/8"}],"replies":[{"embeddable":true,"href":"https:\/\/www.meydan.tv\/az\/wp-json\/wp\/v2\/comments?post=288876"}],"version-history":[{"count":3,"href":"https:\/\/www.meydan.tv\/az\/wp-json\/wp\/v2\/posts\/288876\/revisions"}],"predecessor-version":[{"id":288879,"href":"https:\/\/www.meydan.tv\/az\/wp-json\/wp\/v2\/posts\/288876\/revisions\/288879"}],"wp:featuredmedia":[{"embeddable":true,"href":"https:\/\/www.meydan.tv\/az\/wp-json\/wp\/v2\/media\/155793"}],"wp:attachment":[{"href":"https:\/\/www.meydan.tv\/az\/wp-json\/wp\/v2\/media?parent=288876"}],"wp:term":[{"taxonomy":"category","embeddable":true,"href":"https:\/\/www.meydan.tv\/az\/wp-json\/wp\/v2\/categories?post=288876"},{"taxonomy":"post_tag","embeddable":true,"href":"https:\/\/www.meydan.tv\/az\/wp-json\/wp\/v2\/tags?post=288876"}],"curies":[{"name":"wp","href":"https:\/\/api.w.org\/{rel}","templated":true}]}}