{"id":288791,"date":"2023-10-25T15:43:58","date_gmt":"2023-10-25T11:43:58","guid":{"rendered":"https:\/\/www.meydan.tv\/?p=288791"},"modified":"2023-10-25T15:44:01","modified_gmt":"2023-10-25T11:44:01","slug":"samux-rayon-icra-hakimiyyetinin-bascisi-deyisdi","status":"publish","type":"post","link":"https:\/\/www.meydan.tv\/az\/article\/samux-rayon-icra-hakimiyyetinin-bascisi-deyisdi\/","title":{"rendered":"Samux Rayon \u0130cra Hakimiyy\u0259tinin ba\u015f\u00e7\u0131s\u0131 d\u0259yi\u015fdi"},"content":{"rendered":"\n<p><\/p>\n\n\n\n<p><strong><em>Al\u0131 Qocayevi Firdovsi \u018fliyev \u0259v\u0259zl\u0259y\u0259c\u0259k<\/em><\/strong><\/p>\n\n\n\n<p>Al\u0131 Qocayev Samux Rayon \u0130cra Hakimiyy\u0259tinin ba\u015f\u00e7\u0131s\u0131 v\u0259zif\u0259sind\u0259n azad <a href=\"https:\/\/president.az\/az\/articles\/view\/61966\">edilib<\/a>.<\/p>\n\n\n\n<p>Bu bar\u0259d\u0259 oktyabr\u0131n 25-d\u0259 Prezident \u0130lham \u018fliyev s\u0259r\u0259ncam imzalay\u0131b.<\/p>\n\n\n\n<p>\u00d6lk\u0259 ba\u015f\u00e7\u0131s\u0131n\u0131n dig\u0259r s\u0259r\u0259ncam\u0131yla Firdovsi \u018fliyev Samux Rayon \u0130cra Hakimiyy\u0259tinin ba\u015f\u00e7\u0131s\u0131 t\u0259yin <a href=\"https:\/\/president.az\/az\/articles\/view\/61967\">olunub<\/a>.<\/p>\n\n\n\n<p>YAP \u00fczv\u00fc Al\u0131 Qocayev 2012-ci ild\u0259 Samux Rayon \u0130cra Hakimiyy\u0259tinin ba\u015f\u00e7\u0131s\u0131 t\u0259yin olunmu\u015fdu.<br>Al\u0131 Qocayev Milli M\u0259clisinin sabiq spikeri Oqtay \u018fs\u0259dovla qudad\u0131r.<\/p>\n\n\n\n<p>Yeni icra ba\u015f\u00e7\u0131s\u0131 Firdovsi \u018fliyev 1961-ci ild\u0259 Lerik rayonunun Monidigah k\u0259ndind\u0259 do\u011fulub.<br>1983-c\u00fc ild\u0259 Az\u0259rbaycan D\u00f6vl\u0259t Pedaqoji Universitetinin co\u011frafiya-biologiya, 2000-ci ild\u0259 is\u0259 Bak\u0131 D\u00f6vl\u0259t Universitetinin h\u00fcquq fak\u00fclt\u0259sini bitirib.<\/p>\n\n\n\n<p>F.\u018fliyev 1995\u20132000-ci ill\u0259rd\u0259 Milli M\u0259clisin deputat\u0131 olub.<\/p>\n\n\n\n<p>O, 2002-ci ild\u0259 Ekologiya v\u0259 T\u0259bii S\u0259rv\u0259tl\u0259r Nazirliyind\u0259 Ekoloji Siyas\u0259t \u0130dar\u0259sinin r\u0259isi v\u0259 2003-c\u00fc ild\u0259 Ekspertiza \u0130dar\u0259sinin r\u0259isi i\u015fl\u0259yib.<\/p>\n\n\n\n<p>F.\u018fliyev 2004-c\u00fc ild\u0259n bu ilin mart\u0131na q\u0259d\u0259r Ekologiya v\u0259 T\u0259bii S\u0259rv\u0259tl\u0259r nazirinin m\u00fcavini olub. <\/p>\n\n\n\n<p>2021-ci ild\u0259 Az\u0259rbaycanda \u0259traf m\u00fchitin v\u0259 t\u0259bii s\u0259rv\u0259tl\u0259rin qorunmas\u0131nda xidm\u0259tl\u0259rin\u0259 g\u00f6r\u0259 2-ci d\u0259r\u0259c\u0259li &#8220;V\u0259t\u0259n\u0259 xidm\u0259t\u0259 g\u00f6r\u0259&#8221; ordeni il\u0259 t\u0259ltif olunub.<\/p>\n","protected":false},"excerpt":{"rendered":"<p>Al\u0131 Qocayevi Firdovsi \u018fliyev \u0259v\u0259zl\u0259y\u0259c\u0259k Al\u0131 Qocayev Samux Rayon \u0130cra &#8230; <\/p>\n<p class=\"read-more-container\"><a title=\"Samux Rayon \u0130cra Hakimiyy\u0259tinin ba\u015f\u00e7\u0131s\u0131 d\u0259yi\u015fdi\" class=\"read-more button\" href=\"https:\/\/www.meydan.tv\/az\/article\/samux-rayon-icra-hakimiyyetinin-bascisi-deyisdi\/#more-288791\" aria-label=\"Read more about Samux Rayon \u0130cra Hakimiyy\u0259tinin ba\u015f\u00e7\u0131s\u0131 d\u0259yi\u015fdi\">Davam\u0131<\/a><\/p>\n","protected":false},"author":8,"featured_media":270012,"comment_status":"closed","ping_status":"closed","sticky":false,"template":"","format":"standard","meta":{"_acf_changed":false,"_sitemap_exclude":false,"_sitemap_priority":"","_sitemap_frequency":"","footnotes":""},"categories":[60,56],"tags":[],"class_list":["post-288791","post","type-post","status-publish","format-standard","has-post-thumbnail","hentry","category-bolge","category-xeberler","infinite-scroll-item","generate-columns","tablet-grid-50","mobile-grid-100","grid-parent","grid-33","no-featured-image-padding"],"acf":[],"yoast_head":"<!-- This site is optimized with the Yoast SEO plugin v27.4 - https:\/\/yoast.com\/product\/yoast-seo-wordpress\/ -->\n<title>Samux Rayon \u0130cra Hakimiyy\u0259tinin ba\u015f\u00e7\u0131s\u0131 d\u0259yi\u015fdi - MEYDAN.TV<\/title>\n<meta name=\"robots\" content=\"index, follow, max-snippet:-1, max-image-preview:large, max-video-preview:-1\" \/>\n<link rel=\"canonical\" href=\"https:\/\/www.meydan.tv\/az\/article\/samux-rayon-icra-hakimiyyetinin-bascisi-deyisdi\/\" \/>\n<meta property=\"og:locale\" content=\"az_AZ\" \/>\n<meta property=\"og:type\" content=\"article\" \/>\n<meta property=\"og:title\" content=\"Samux Rayon \u0130cra Hakimiyy\u0259tinin ba\u015f\u00e7\u0131s\u0131 d\u0259yi\u015fdi - MEYDAN.TV\" \/>\n<meta property=\"og:description\" content=\"Al\u0131 Qocayevi Firdovsi \u018fliyev \u0259v\u0259zl\u0259y\u0259c\u0259k Al\u0131 Qocayev Samux Rayon \u0130cra ... Davam\u0131\" \/>\n<meta property=\"og:url\" content=\"https:\/\/www.meydan.tv\/az\/article\/samux-rayon-icra-hakimiyyetinin-bascisi-deyisdi\/\" \/>\n<meta property=\"og:site_name\" content=\"MEYDAN.TV\" \/>\n<meta property=\"article:published_time\" content=\"2023-10-25T11:43:58+00:00\" \/>\n<meta property=\"article:modified_time\" content=\"2023-10-25T11:44:01+00:00\" \/>\n<meta property=\"og:image\" content=\"https:\/\/www.meydan.tv\/wp-content\/uploads\/img-2-1617796435.jpg\" \/>\n\t<meta property=\"og:image:width\" content=\"1200\" \/>\n\t<meta property=\"og:image:height\" content=\"798\" \/>\n\t<meta property=\"og:image:type\" content=\"image\/jpeg\" \/>\n<meta name=\"author\" content=\"elli\" \/>\n<meta name=\"twitter:card\" content=\"summary_large_image\" \/>\n<meta name=\"twitter:creator\" content=\"@elli\" \/>\n<script type=\"application\/ld+json\" class=\"yoast-schema-graph\">{\"@context\":\"https:\\\/\\\/schema.org\",\"@graph\":[{\"@type\":\"Article\",\"@id\":\"https:\\\/\\\/www.meydan.tv\\\/az\\\/article\\\/samux-rayon-icra-hakimiyyetinin-bascisi-deyisdi\\\/#article\",\"isPartOf\":{\"@id\":\"https:\\\/\\\/www.meydan.tv\\\/az\\\/article\\\/samux-rayon-icra-hakimiyyetinin-bascisi-deyisdi\\\/\"},\"author\":{\"name\":\"elli\",\"@id\":\"https:\\\/\\\/www.meydan.tv\\\/az\\\/#\\\/schema\\\/person\\\/9cdbecf90d17180ce1dfbd95b08dcf47\"},\"headline\":\"Samux Rayon \u0130cra Hakimiyy\u0259tinin ba\u015f\u00e7\u0131s\u0131 d\u0259yi\u015fdi\",\"datePublished\":\"2023-10-25T11:43:58+00:00\",\"dateModified\":\"2023-10-25T11:44:01+00:00\",\"mainEntityOfPage\":{\"@id\":\"https:\\\/\\\/www.meydan.tv\\\/az\\\/article\\\/samux-rayon-icra-hakimiyyetinin-bascisi-deyisdi\\\/\"},\"wordCount\":242,\"publisher\":{\"@id\":\"https:\\\/\\\/www.meydan.tv\\\/az\\\/#organization\"},\"image\":{\"@id\":\"https:\\\/\\\/www.meydan.tv\\\/az\\\/article\\\/samux-rayon-icra-hakimiyyetinin-bascisi-deyisdi\\\/#primaryimage\"},\"thumbnailUrl\":\"https:\\\/\\\/www.meydan.tv\\\/wp-content\\\/uploads\\\/img-2-1617796435.jpg\",\"articleSection\":[\"B\u00f6lg\u0259\",\"X\u0259b\u0259rl\u0259r\"],\"inLanguage\":\"az\"},{\"@type\":\"WebPage\",\"@id\":\"https:\\\/\\\/www.meydan.tv\\\/az\\\/article\\\/samux-rayon-icra-hakimiyyetinin-bascisi-deyisdi\\\/\",\"url\":\"https:\\\/\\\/www.meydan.tv\\\/az\\\/article\\\/samux-rayon-icra-hakimiyyetinin-bascisi-deyisdi\\\/\",\"name\":\"Samux Rayon \u0130cra Hakimiyy\u0259tinin ba\u015f\u00e7\u0131s\u0131 d\u0259yi\u015fdi - MEYDAN.TV\",\"isPartOf\":{\"@id\":\"https:\\\/\\\/www.meydan.tv\\\/az\\\/#website\"},\"primaryImageOfPage\":{\"@id\":\"https:\\\/\\\/www.meydan.tv\\\/az\\\/article\\\/samux-rayon-icra-hakimiyyetinin-bascisi-deyisdi\\\/#primaryimage\"},\"image\":{\"@id\":\"https:\\\/\\\/www.meydan.tv\\\/az\\\/article\\\/samux-rayon-icra-hakimiyyetinin-bascisi-deyisdi\\\/#primaryimage\"},\"thumbnailUrl\":\"https:\\\/\\\/www.meydan.tv\\\/wp-content\\\/uploads\\\/img-2-1617796435.jpg\",\"datePublished\":\"2023-10-25T11:43:58+00:00\",\"dateModified\":\"2023-10-25T11:44:01+00:00\",\"breadcrumb\":{\"@id\":\"https:\\\/\\\/www.meydan.tv\\\/az\\\/article\\\/samux-rayon-icra-hakimiyyetinin-bascisi-deyisdi\\\/#breadcrumb\"},\"inLanguage\":\"az\",\"potentialAction\":[{\"@type\":\"ReadAction\",\"target\":[\"https:\\\/\\\/www.meydan.tv\\\/az\\\/article\\\/samux-rayon-icra-hakimiyyetinin-bascisi-deyisdi\\\/\"]}]},{\"@type\":\"ImageObject\",\"inLanguage\":\"az\",\"@id\":\"https:\\\/\\\/www.meydan.tv\\\/az\\\/article\\\/samux-rayon-icra-hakimiyyetinin-bascisi-deyisdi\\\/#primaryimage\",\"url\":\"https:\\\/\\\/www.meydan.tv\\\/wp-content\\\/uploads\\\/img-2-1617796435.jpg\",\"contentUrl\":\"https:\\\/\\\/www.meydan.tv\\\/wp-content\\\/uploads\\\/img-2-1617796435.jpg\",\"width\":1200,\"height\":798,\"caption\":\"Firdovsi \u018fliyev. Foto: ETSN\"},{\"@type\":\"BreadcrumbList\",\"@id\":\"https:\\\/\\\/www.meydan.tv\\\/az\\\/article\\\/samux-rayon-icra-hakimiyyetinin-bascisi-deyisdi\\\/#breadcrumb\",\"itemListElement\":[{\"@type\":\"ListItem\",\"position\":1,\"name\":\"Ana s\u0259hif\u0259\",\"item\":\"https:\\\/\\\/www.meydan.tv\\\/az\\\/\"},{\"@type\":\"ListItem\",\"position\":2,\"name\":\"B\u00f6lg\u0259\",\"item\":\"https:\\\/\\\/www.meydan.tv\\\/az\\\/section\\\/bolge\\\/\"},{\"@type\":\"ListItem\",\"position\":3,\"name\":\"Samux Rayon \u0130cra Hakimiyy\u0259tinin ba\u015f\u00e7\u0131s\u0131 d\u0259yi\u015fdi\"}]},{\"@type\":\"WebSite\",\"@id\":\"https:\\\/\\\/www.meydan.tv\\\/az\\\/#website\",\"url\":\"https:\\\/\\\/www.meydan.tv\\\/az\\\/\",\"name\":\"MEYDAN.TV\",\"description\":\"Meydan TV Az\u0259rbaycan\u0131n media m\u0259kan\u0131ndak\u0131 alternativ s\u0259sidir\",\"publisher\":{\"@id\":\"https:\\\/\\\/www.meydan.tv\\\/az\\\/#organization\"},\"potentialAction\":[{\"@type\":\"SearchAction\",\"target\":{\"@type\":\"EntryPoint\",\"urlTemplate\":\"https:\\\/\\\/www.meydan.tv\\\/az\\\/?s={search_term_string}\"},\"query-input\":{\"@type\":\"PropertyValueSpecification\",\"valueRequired\":true,\"valueName\":\"search_term_string\"}}],\"inLanguage\":\"az\"},{\"@type\":\"Organization\",\"@id\":\"https:\\\/\\\/www.meydan.tv\\\/az\\\/#organization\",\"name\":\"Meydan TV\",\"url\":\"https:\\\/\\\/www.meydan.tv\\\/az\\\/\",\"logo\":{\"@type\":\"ImageObject\",\"inLanguage\":\"az\",\"@id\":\"https:\\\/\\\/www.meydan.tv\\\/az\\\/#\\\/schema\\\/logo\\\/image\\\/\",\"url\":\"https:\\\/\\\/www.meydan.tv\\\/wp-content\\\/uploads\\\/2021\\\/07\\\/meydan-logo.svg\",\"contentUrl\":\"https:\\\/\\\/www.meydan.tv\\\/wp-content\\\/uploads\\\/2021\\\/07\\\/meydan-logo.svg\",\"width\":195,\"height\":46,\"caption\":\"Meydan TV\"},\"image\":{\"@id\":\"https:\\\/\\\/www.meydan.tv\\\/az\\\/#\\\/schema\\\/logo\\\/image\\\/\"}},{\"@type\":\"Person\",\"@id\":\"https:\\\/\\\/www.meydan.tv\\\/az\\\/#\\\/schema\\\/person\\\/9cdbecf90d17180ce1dfbd95b08dcf47\",\"name\":\"elli\",\"sameAs\":[\"https:\\\/\\\/x.com\\\/elli\"]}]}<\/script>\n<!-- \/ Yoast SEO plugin. -->","yoast_head_json":{"title":"Samux Rayon \u0130cra Hakimiyy\u0259tinin ba\u015f\u00e7\u0131s\u0131 d\u0259yi\u015fdi - MEYDAN.TV","robots":{"index":"index","follow":"follow","max-snippet":"max-snippet:-1","max-image-preview":"max-image-preview:large","max-video-preview":"max-video-preview:-1"},"canonical":"https:\/\/www.meydan.tv\/az\/article\/samux-rayon-icra-hakimiyyetinin-bascisi-deyisdi\/","og_locale":"az_AZ","og_type":"article","og_title":"Samux Rayon \u0130cra Hakimiyy\u0259tinin ba\u015f\u00e7\u0131s\u0131 d\u0259yi\u015fdi - MEYDAN.TV","og_description":"Al\u0131 Qocayevi Firdovsi \u018fliyev \u0259v\u0259zl\u0259y\u0259c\u0259k Al\u0131 Qocayev Samux Rayon \u0130cra ... Davam\u0131","og_url":"https:\/\/www.meydan.tv\/az\/article\/samux-rayon-icra-hakimiyyetinin-bascisi-deyisdi\/","og_site_name":"MEYDAN.TV","article_published_time":"2023-10-25T11:43:58+00:00","article_modified_time":"2023-10-25T11:44:01+00:00","og_image":[{"width":1200,"height":798,"url":"https:\/\/www.meydan.tv\/wp-content\/uploads\/img-2-1617796435.jpg","type":"image\/jpeg"}],"author":"elli","twitter_card":"summary_large_image","twitter_creator":"@elli","schema":{"@context":"https:\/\/schema.org","@graph":[{"@type":"Article","@id":"https:\/\/www.meydan.tv\/az\/article\/samux-rayon-icra-hakimiyyetinin-bascisi-deyisdi\/#article","isPartOf":{"@id":"https:\/\/www.meydan.tv\/az\/article\/samux-rayon-icra-hakimiyyetinin-bascisi-deyisdi\/"},"author":{"name":"elli","@id":"https:\/\/www.meydan.tv\/az\/#\/schema\/person\/9cdbecf90d17180ce1dfbd95b08dcf47"},"headline":"Samux Rayon \u0130cra Hakimiyy\u0259tinin ba\u015f\u00e7\u0131s\u0131 d\u0259yi\u015fdi","datePublished":"2023-10-25T11:43:58+00:00","dateModified":"2023-10-25T11:44:01+00:00","mainEntityOfPage":{"@id":"https:\/\/www.meydan.tv\/az\/article\/samux-rayon-icra-hakimiyyetinin-bascisi-deyisdi\/"},"wordCount":242,"publisher":{"@id":"https:\/\/www.meydan.tv\/az\/#organization"},"image":{"@id":"https:\/\/www.meydan.tv\/az\/article\/samux-rayon-icra-hakimiyyetinin-bascisi-deyisdi\/#primaryimage"},"thumbnailUrl":"https:\/\/www.meydan.tv\/wp-content\/uploads\/img-2-1617796435.jpg","articleSection":["B\u00f6lg\u0259","X\u0259b\u0259rl\u0259r"],"inLanguage":"az"},{"@type":"WebPage","@id":"https:\/\/www.meydan.tv\/az\/article\/samux-rayon-icra-hakimiyyetinin-bascisi-deyisdi\/","url":"https:\/\/www.meydan.tv\/az\/article\/samux-rayon-icra-hakimiyyetinin-bascisi-deyisdi\/","name":"Samux Rayon \u0130cra Hakimiyy\u0259tinin ba\u015f\u00e7\u0131s\u0131 d\u0259yi\u015fdi - MEYDAN.TV","isPartOf":{"@id":"https:\/\/www.meydan.tv\/az\/#website"},"primaryImageOfPage":{"@id":"https:\/\/www.meydan.tv\/az\/article\/samux-rayon-icra-hakimiyyetinin-bascisi-deyisdi\/#primaryimage"},"image":{"@id":"https:\/\/www.meydan.tv\/az\/article\/samux-rayon-icra-hakimiyyetinin-bascisi-deyisdi\/#primaryimage"},"thumbnailUrl":"https:\/\/www.meydan.tv\/wp-content\/uploads\/img-2-1617796435.jpg","datePublished":"2023-10-25T11:43:58+00:00","dateModified":"2023-10-25T11:44:01+00:00","breadcrumb":{"@id":"https:\/\/www.meydan.tv\/az\/article\/samux-rayon-icra-hakimiyyetinin-bascisi-deyisdi\/#breadcrumb"},"inLanguage":"az","potentialAction":[{"@type":"ReadAction","target":["https:\/\/www.meydan.tv\/az\/article\/samux-rayon-icra-hakimiyyetinin-bascisi-deyisdi\/"]}]},{"@type":"ImageObject","inLanguage":"az","@id":"https:\/\/www.meydan.tv\/az\/article\/samux-rayon-icra-hakimiyyetinin-bascisi-deyisdi\/#primaryimage","url":"https:\/\/www.meydan.tv\/wp-content\/uploads\/img-2-1617796435.jpg","contentUrl":"https:\/\/www.meydan.tv\/wp-content\/uploads\/img-2-1617796435.jpg","width":1200,"height":798,"caption":"Firdovsi \u018fliyev. Foto: ETSN"},{"@type":"BreadcrumbList","@id":"https:\/\/www.meydan.tv\/az\/article\/samux-rayon-icra-hakimiyyetinin-bascisi-deyisdi\/#breadcrumb","itemListElement":[{"@type":"ListItem","position":1,"name":"Ana s\u0259hif\u0259","item":"https:\/\/www.meydan.tv\/az\/"},{"@type":"ListItem","position":2,"name":"B\u00f6lg\u0259","item":"https:\/\/www.meydan.tv\/az\/section\/bolge\/"},{"@type":"ListItem","position":3,"name":"Samux Rayon \u0130cra Hakimiyy\u0259tinin ba\u015f\u00e7\u0131s\u0131 d\u0259yi\u015fdi"}]},{"@type":"WebSite","@id":"https:\/\/www.meydan.tv\/az\/#website","url":"https:\/\/www.meydan.tv\/az\/","name":"MEYDAN.TV","description":"Meydan TV Az\u0259rbaycan\u0131n media m\u0259kan\u0131ndak\u0131 alternativ s\u0259sidir","publisher":{"@id":"https:\/\/www.meydan.tv\/az\/#organization"},"potentialAction":[{"@type":"SearchAction","target":{"@type":"EntryPoint","urlTemplate":"https:\/\/www.meydan.tv\/az\/?s={search_term_string}"},"query-input":{"@type":"PropertyValueSpecification","valueRequired":true,"valueName":"search_term_string"}}],"inLanguage":"az"},{"@type":"Organization","@id":"https:\/\/www.meydan.tv\/az\/#organization","name":"Meydan TV","url":"https:\/\/www.meydan.tv\/az\/","logo":{"@type":"ImageObject","inLanguage":"az","@id":"https:\/\/www.meydan.tv\/az\/#\/schema\/logo\/image\/","url":"https:\/\/www.meydan.tv\/wp-content\/uploads\/2021\/07\/meydan-logo.svg","contentUrl":"https:\/\/www.meydan.tv\/wp-content\/uploads\/2021\/07\/meydan-logo.svg","width":195,"height":46,"caption":"Meydan TV"},"image":{"@id":"https:\/\/www.meydan.tv\/az\/#\/schema\/logo\/image\/"}},{"@type":"Person","@id":"https:\/\/www.meydan.tv\/az\/#\/schema\/person\/9cdbecf90d17180ce1dfbd95b08dcf47","name":"elli","sameAs":["https:\/\/x.com\/elli"]}]}},"_links":{"self":[{"href":"https:\/\/www.meydan.tv\/az\/wp-json\/wp\/v2\/posts\/288791","targetHints":{"allow":["GET"]}}],"collection":[{"href":"https:\/\/www.meydan.tv\/az\/wp-json\/wp\/v2\/posts"}],"about":[{"href":"https:\/\/www.meydan.tv\/az\/wp-json\/wp\/v2\/types\/post"}],"author":[{"embeddable":true,"href":"https:\/\/www.meydan.tv\/az\/wp-json\/wp\/v2\/users\/8"}],"replies":[{"embeddable":true,"href":"https:\/\/www.meydan.tv\/az\/wp-json\/wp\/v2\/comments?post=288791"}],"version-history":[{"count":2,"href":"https:\/\/www.meydan.tv\/az\/wp-json\/wp\/v2\/posts\/288791\/revisions"}],"predecessor-version":[{"id":288793,"href":"https:\/\/www.meydan.tv\/az\/wp-json\/wp\/v2\/posts\/288791\/revisions\/288793"}],"wp:featuredmedia":[{"embeddable":true,"href":"https:\/\/www.meydan.tv\/az\/wp-json\/wp\/v2\/media\/270012"}],"wp:attachment":[{"href":"https:\/\/www.meydan.tv\/az\/wp-json\/wp\/v2\/media?parent=288791"}],"wp:term":[{"taxonomy":"category","embeddable":true,"href":"https:\/\/www.meydan.tv\/az\/wp-json\/wp\/v2\/categories?post=288791"},{"taxonomy":"post_tag","embeddable":true,"href":"https:\/\/www.meydan.tv\/az\/wp-json\/wp\/v2\/tags?post=288791"}],"curies":[{"name":"wp","href":"https:\/\/api.w.org\/{rel}","templated":true}]}}