{"id":288764,"date":"2023-10-25T13:32:16","date_gmt":"2023-10-25T09:32:16","guid":{"rendered":"https:\/\/www.meydan.tv\/?p=288764"},"modified":"2023-10-25T13:32:21","modified_gmt":"2023-10-25T09:32:21","slug":"mermer-soyugu-filmi-cottbus-beynelxalq-film-festivalinda","status":"publish","type":"post","link":"https:\/\/www.meydan.tv\/az\/article\/mermer-soyugu-filmi-cottbus-beynelxalq-film-festivalinda\/","title":{"rendered":"\u201cM\u0259rm\u0259r soyu\u011fu\u201d filmi \u201cCottbus Beyn\u0259lxalq Film Festival\u0131\u201dnda"},"content":{"rendered":"\n<p><\/p>\n\n\n\n<p><strong><em>Film festival\u0131n \u0259sas m\u00fcsabiq\u0259 b\u00f6lm\u0259sind\u0259 12 ekran \u0259s\u0259ri il\u0259 yar\u0131\u015facaq<\/em><\/strong><\/p>\n\n\n\n<p>\u201cM\u0259rm\u0259r soyu\u011fu\u201d tammetrajl\u0131 b\u0259dii filmi noyabr\u0131n 7-d\u0259n 12-d\u0259k Almaniyan\u0131n Kottbus \u015f\u0259h\u0259rind\u0259 ke\u00e7iril\u0259c\u0259k 33-c\u00fc \u201cCottbus Beyn\u0259lxalq Film Festival\u0131\u201dnda (Cottbus Film Festival) i\u015ftirak ed\u0259c\u0259k.<\/p>\n\n\n\n<p>C\u0259f\u0259r Cabbarl\u0131 ad\u0131na \u201cAz\u0259rbaycanfilm\u201d Kinostudiyas\u0131ndan Meydan TV-y\u0259 bildirilib ki, \u201cM\u0259rm\u0259r soyu\u011fu\u201d festival\u0131n \u0259sas m\u00fcsabiq\u0259 b\u00f6lm\u0259sind\u0259 12 ekran \u0259s\u0259ri il\u0259 yar\u0131\u015facaq.<\/p>\n\n\n\n<p>U\u011fursuz r\u0259ssam v\u0259 sevgilisinin qar\u0131\u015f\u0131q m\u00fcnasib\u0259tl\u0259rind\u0259n b\u0259hs ed\u0259n filmd\u0259 h\u0259bsd\u0259n ev\u0259 qay\u0131dan ata o\u011flunun h\u0259yat\u0131na m\u00fcdaxil\u0259 etm\u0259y\u0259 \u00e7al\u0131\u015f\u0131r.<\/p>\n\n\n<div class=\"wp-block-image\">\n<figure class=\"alignleft size-large is-resized\"><img decoding=\"async\" width=\"580\" height=\"821\" data-src=\"https:\/\/www.meydan.tv\/wp-content\/uploads\/mermer_soyugu-poster-festival-580x821.jpg\" alt=\"\" class=\"wp-image-288765 lazyload\" style=\"--smush-placeholder-width: 580px; --smush-placeholder-aspect-ratio: 580\/821;aspect-ratio:0.7064555420219245;width:300px;height:auto\" src=\"data:image\/svg+xml;base64,PHN2ZyB3aWR0aD0iMSIgaGVpZ2h0PSIxIiB4bWxucz0iaHR0cDovL3d3dy53My5vcmcvMjAwMC9zdmciPjwvc3ZnPg==\" \/><\/figure>\n<\/div>\n\n\n<p>Ba\u015f rollara El\u015f\u0259n \u018fsg\u0259rov, Natavan Abbasl\u0131 v\u0259 Xalq artisti Qurban \u0130smay\u0131lov \u00e7\u0259kilib.<\/p>\n\n\n\n<p>Filmin d\u00fcnya premyeras\u0131 2022-ci ilin noyabr\u0131nda P\u00d6FF Tallin Qara Gec\u0259l\u0259r Film Festival\u0131nda olub.<\/p>\n\n\n\n<p>Film M\u0259d\u0259niyy\u0259t Nazirliyinin d\u0259st\u0259yi il\u0259 \u201cAz\u0259rbaycanfilm\u201d kinostudiyas\u0131, \u0130ctimai Televiziya, Bak\u0131 Media M\u0259rk\u0259zi v\u0259 Fransan\u0131n \u201cArizona Films\u201d \u015firk\u0259tl\u0259rinin birg\u0259 istehsal\u0131d\u0131r.<\/p>\n\n\n\n<p>\u201cCottbus\u201d Berlin divar\u0131n\u0131n da\u011f\u0131d\u0131lmas\u0131ndan sonra \u015e\u0259rqi Almaniyada \u0259sas\u0131 qoyulan festivallardan biridir.<\/p>\n\n\n\n<p>Festival haz\u0131rda \u015e\u0259rqi v\u0259 Q\u0259rbi Avropan\u0131n kino s\u0259nayesi aras\u0131nda \u0259n m\u00fch\u00fcm k\u0259si\u015fm\u0259 n\u00f6qt\u0259l\u0259rind\u0259n biri hesab edilir.<\/p>\n","protected":false},"excerpt":{"rendered":"<p>Film festival\u0131n \u0259sas m\u00fcsabiq\u0259 b\u00f6lm\u0259sind\u0259 12 ekran \u0259s\u0259ri il\u0259 yar\u0131\u015facaq &#8230; <\/p>\n<p class=\"read-more-container\"><a title=\"\u201cM\u0259rm\u0259r soyu\u011fu\u201d filmi \u201cCottbus Beyn\u0259lxalq Film Festival\u0131\u201dnda\" class=\"read-more button\" href=\"https:\/\/www.meydan.tv\/az\/article\/mermer-soyugu-filmi-cottbus-beynelxalq-film-festivalinda\/#more-288764\" aria-label=\"Read more about \u201cM\u0259rm\u0259r soyu\u011fu\u201d filmi \u201cCottbus Beyn\u0259lxalq Film Festival\u0131\u201dnda\">Davam\u0131<\/a><\/p>\n","protected":false},"author":8,"featured_media":288768,"comment_status":"closed","ping_status":"closed","sticky":false,"template":"","format":"standard","meta":{"_acf_changed":false,"_sitemap_exclude":false,"_sitemap_priority":"","_sitemap_frequency":"","footnotes":""},"categories":[52,56],"tags":[],"class_list":["post-288764","post","type-post","status-publish","format-standard","has-post-thumbnail","hentry","category-medeniyyet","category-xeberler","infinite-scroll-item","generate-columns","tablet-grid-50","mobile-grid-100","grid-parent","grid-33","no-featured-image-padding"],"acf":[],"yoast_head":"<!-- This site is optimized with the Yoast SEO plugin v27.4 - https:\/\/yoast.com\/product\/yoast-seo-wordpress\/ -->\n<title>\u201cM\u0259rm\u0259r soyu\u011fu\u201d filmi \u201cCottbus Beyn\u0259lxalq Film Festival\u0131\u201dnda - MEYDAN.TV<\/title>\n<meta name=\"robots\" content=\"index, follow, max-snippet:-1, max-image-preview:large, max-video-preview:-1\" \/>\n<link rel=\"canonical\" href=\"https:\/\/www.meydan.tv\/az\/article\/mermer-soyugu-filmi-cottbus-beynelxalq-film-festivalinda\/\" \/>\n<meta property=\"og:locale\" content=\"az_AZ\" \/>\n<meta property=\"og:type\" content=\"article\" \/>\n<meta property=\"og:title\" content=\"\u201cM\u0259rm\u0259r soyu\u011fu\u201d filmi \u201cCottbus Beyn\u0259lxalq Film Festival\u0131\u201dnda - MEYDAN.TV\" \/>\n<meta property=\"og:description\" content=\"Film festival\u0131n \u0259sas m\u00fcsabiq\u0259 b\u00f6lm\u0259sind\u0259 12 ekran \u0259s\u0259ri il\u0259 yar\u0131\u015facaq ... Davam\u0131\" \/>\n<meta property=\"og:url\" content=\"https:\/\/www.meydan.tv\/az\/article\/mermer-soyugu-filmi-cottbus-beynelxalq-film-festivalinda\/\" \/>\n<meta property=\"og:site_name\" content=\"MEYDAN.TV\" \/>\n<meta property=\"article:published_time\" content=\"2023-10-25T09:32:16+00:00\" \/>\n<meta property=\"article:modified_time\" content=\"2023-10-25T09:32:21+00:00\" \/>\n<meta property=\"og:image\" content=\"https:\/\/www.meydan.tv\/wp-content\/uploads\/filmfest-cottbus-titelbild.jpg\" \/>\n\t<meta property=\"og:image:width\" content=\"1200\" \/>\n\t<meta property=\"og:image:height\" content=\"680\" \/>\n\t<meta property=\"og:image:type\" content=\"image\/jpeg\" \/>\n<meta name=\"author\" content=\"elli\" \/>\n<meta name=\"twitter:card\" content=\"summary_large_image\" \/>\n<meta name=\"twitter:creator\" content=\"@elli\" \/>\n<script type=\"application\/ld+json\" class=\"yoast-schema-graph\">{\"@context\":\"https:\\\/\\\/schema.org\",\"@graph\":[{\"@type\":\"Article\",\"@id\":\"https:\\\/\\\/www.meydan.tv\\\/az\\\/article\\\/mermer-soyugu-filmi-cottbus-beynelxalq-film-festivalinda\\\/#article\",\"isPartOf\":{\"@id\":\"https:\\\/\\\/www.meydan.tv\\\/az\\\/article\\\/mermer-soyugu-filmi-cottbus-beynelxalq-film-festivalinda\\\/\"},\"author\":{\"name\":\"elli\",\"@id\":\"https:\\\/\\\/www.meydan.tv\\\/az\\\/#\\\/schema\\\/person\\\/9cdbecf90d17180ce1dfbd95b08dcf47\"},\"headline\":\"\u201cM\u0259rm\u0259r soyu\u011fu\u201d filmi \u201cCottbus Beyn\u0259lxalq Film Festival\u0131\u201dnda\",\"datePublished\":\"2023-10-25T09:32:16+00:00\",\"dateModified\":\"2023-10-25T09:32:21+00:00\",\"mainEntityOfPage\":{\"@id\":\"https:\\\/\\\/www.meydan.tv\\\/az\\\/article\\\/mermer-soyugu-filmi-cottbus-beynelxalq-film-festivalinda\\\/\"},\"wordCount\":246,\"publisher\":{\"@id\":\"https:\\\/\\\/www.meydan.tv\\\/az\\\/#organization\"},\"image\":{\"@id\":\"https:\\\/\\\/www.meydan.tv\\\/az\\\/article\\\/mermer-soyugu-filmi-cottbus-beynelxalq-film-festivalinda\\\/#primaryimage\"},\"thumbnailUrl\":\"https:\\\/\\\/www.meydan.tv\\\/wp-content\\\/uploads\\\/filmfest-cottbus-titelbild.jpg\",\"articleSection\":[\"M\u0259d\u0259niyy\u0259t\",\"X\u0259b\u0259rl\u0259r\"],\"inLanguage\":\"az\"},{\"@type\":\"WebPage\",\"@id\":\"https:\\\/\\\/www.meydan.tv\\\/az\\\/article\\\/mermer-soyugu-filmi-cottbus-beynelxalq-film-festivalinda\\\/\",\"url\":\"https:\\\/\\\/www.meydan.tv\\\/az\\\/article\\\/mermer-soyugu-filmi-cottbus-beynelxalq-film-festivalinda\\\/\",\"name\":\"\u201cM\u0259rm\u0259r soyu\u011fu\u201d filmi \u201cCottbus Beyn\u0259lxalq Film Festival\u0131\u201dnda - MEYDAN.TV\",\"isPartOf\":{\"@id\":\"https:\\\/\\\/www.meydan.tv\\\/az\\\/#website\"},\"primaryImageOfPage\":{\"@id\":\"https:\\\/\\\/www.meydan.tv\\\/az\\\/article\\\/mermer-soyugu-filmi-cottbus-beynelxalq-film-festivalinda\\\/#primaryimage\"},\"image\":{\"@id\":\"https:\\\/\\\/www.meydan.tv\\\/az\\\/article\\\/mermer-soyugu-filmi-cottbus-beynelxalq-film-festivalinda\\\/#primaryimage\"},\"thumbnailUrl\":\"https:\\\/\\\/www.meydan.tv\\\/wp-content\\\/uploads\\\/filmfest-cottbus-titelbild.jpg\",\"datePublished\":\"2023-10-25T09:32:16+00:00\",\"dateModified\":\"2023-10-25T09:32:21+00:00\",\"breadcrumb\":{\"@id\":\"https:\\\/\\\/www.meydan.tv\\\/az\\\/article\\\/mermer-soyugu-filmi-cottbus-beynelxalq-film-festivalinda\\\/#breadcrumb\"},\"inLanguage\":\"az\",\"potentialAction\":[{\"@type\":\"ReadAction\",\"target\":[\"https:\\\/\\\/www.meydan.tv\\\/az\\\/article\\\/mermer-soyugu-filmi-cottbus-beynelxalq-film-festivalinda\\\/\"]}]},{\"@type\":\"ImageObject\",\"inLanguage\":\"az\",\"@id\":\"https:\\\/\\\/www.meydan.tv\\\/az\\\/article\\\/mermer-soyugu-filmi-cottbus-beynelxalq-film-festivalinda\\\/#primaryimage\",\"url\":\"https:\\\/\\\/www.meydan.tv\\\/wp-content\\\/uploads\\\/filmfest-cottbus-titelbild.jpg\",\"contentUrl\":\"https:\\\/\\\/www.meydan.tv\\\/wp-content\\\/uploads\\\/filmfest-cottbus-titelbild.jpg\",\"width\":1200,\"height\":680,\"caption\":\"Foto: FilmFestival Cottbus\\\/Fotoatelier\"},{\"@type\":\"BreadcrumbList\",\"@id\":\"https:\\\/\\\/www.meydan.tv\\\/az\\\/article\\\/mermer-soyugu-filmi-cottbus-beynelxalq-film-festivalinda\\\/#breadcrumb\",\"itemListElement\":[{\"@type\":\"ListItem\",\"position\":1,\"name\":\"Ana s\u0259hif\u0259\",\"item\":\"https:\\\/\\\/www.meydan.tv\\\/az\\\/\"},{\"@type\":\"ListItem\",\"position\":2,\"name\":\"M\u0259d\u0259niyy\u0259t\",\"item\":\"https:\\\/\\\/www.meydan.tv\\\/az\\\/section\\\/medeniyyet\\\/\"},{\"@type\":\"ListItem\",\"position\":3,\"name\":\"\u201cM\u0259rm\u0259r soyu\u011fu\u201d filmi \u201cCottbus Beyn\u0259lxalq Film Festival\u0131\u201dnda\"}]},{\"@type\":\"WebSite\",\"@id\":\"https:\\\/\\\/www.meydan.tv\\\/az\\\/#website\",\"url\":\"https:\\\/\\\/www.meydan.tv\\\/az\\\/\",\"name\":\"MEYDAN.TV\",\"description\":\"Meydan TV Az\u0259rbaycan\u0131n media m\u0259kan\u0131ndak\u0131 alternativ s\u0259sidir\",\"publisher\":{\"@id\":\"https:\\\/\\\/www.meydan.tv\\\/az\\\/#organization\"},\"potentialAction\":[{\"@type\":\"SearchAction\",\"target\":{\"@type\":\"EntryPoint\",\"urlTemplate\":\"https:\\\/\\\/www.meydan.tv\\\/az\\\/?s={search_term_string}\"},\"query-input\":{\"@type\":\"PropertyValueSpecification\",\"valueRequired\":true,\"valueName\":\"search_term_string\"}}],\"inLanguage\":\"az\"},{\"@type\":\"Organization\",\"@id\":\"https:\\\/\\\/www.meydan.tv\\\/az\\\/#organization\",\"name\":\"Meydan TV\",\"url\":\"https:\\\/\\\/www.meydan.tv\\\/az\\\/\",\"logo\":{\"@type\":\"ImageObject\",\"inLanguage\":\"az\",\"@id\":\"https:\\\/\\\/www.meydan.tv\\\/az\\\/#\\\/schema\\\/logo\\\/image\\\/\",\"url\":\"https:\\\/\\\/www.meydan.tv\\\/wp-content\\\/uploads\\\/2021\\\/07\\\/meydan-logo.svg\",\"contentUrl\":\"https:\\\/\\\/www.meydan.tv\\\/wp-content\\\/uploads\\\/2021\\\/07\\\/meydan-logo.svg\",\"width\":195,\"height\":46,\"caption\":\"Meydan TV\"},\"image\":{\"@id\":\"https:\\\/\\\/www.meydan.tv\\\/az\\\/#\\\/schema\\\/logo\\\/image\\\/\"}},{\"@type\":\"Person\",\"@id\":\"https:\\\/\\\/www.meydan.tv\\\/az\\\/#\\\/schema\\\/person\\\/9cdbecf90d17180ce1dfbd95b08dcf47\",\"name\":\"elli\",\"sameAs\":[\"https:\\\/\\\/x.com\\\/elli\"]}]}<\/script>\n<!-- \/ Yoast SEO plugin. -->","yoast_head_json":{"title":"\u201cM\u0259rm\u0259r soyu\u011fu\u201d filmi \u201cCottbus Beyn\u0259lxalq Film Festival\u0131\u201dnda - MEYDAN.TV","robots":{"index":"index","follow":"follow","max-snippet":"max-snippet:-1","max-image-preview":"max-image-preview:large","max-video-preview":"max-video-preview:-1"},"canonical":"https:\/\/www.meydan.tv\/az\/article\/mermer-soyugu-filmi-cottbus-beynelxalq-film-festivalinda\/","og_locale":"az_AZ","og_type":"article","og_title":"\u201cM\u0259rm\u0259r soyu\u011fu\u201d filmi \u201cCottbus Beyn\u0259lxalq Film Festival\u0131\u201dnda - MEYDAN.TV","og_description":"Film festival\u0131n \u0259sas m\u00fcsabiq\u0259 b\u00f6lm\u0259sind\u0259 12 ekran \u0259s\u0259ri il\u0259 yar\u0131\u015facaq ... Davam\u0131","og_url":"https:\/\/www.meydan.tv\/az\/article\/mermer-soyugu-filmi-cottbus-beynelxalq-film-festivalinda\/","og_site_name":"MEYDAN.TV","article_published_time":"2023-10-25T09:32:16+00:00","article_modified_time":"2023-10-25T09:32:21+00:00","og_image":[{"width":1200,"height":680,"url":"https:\/\/www.meydan.tv\/wp-content\/uploads\/filmfest-cottbus-titelbild.jpg","type":"image\/jpeg"}],"author":"elli","twitter_card":"summary_large_image","twitter_creator":"@elli","schema":{"@context":"https:\/\/schema.org","@graph":[{"@type":"Article","@id":"https:\/\/www.meydan.tv\/az\/article\/mermer-soyugu-filmi-cottbus-beynelxalq-film-festivalinda\/#article","isPartOf":{"@id":"https:\/\/www.meydan.tv\/az\/article\/mermer-soyugu-filmi-cottbus-beynelxalq-film-festivalinda\/"},"author":{"name":"elli","@id":"https:\/\/www.meydan.tv\/az\/#\/schema\/person\/9cdbecf90d17180ce1dfbd95b08dcf47"},"headline":"\u201cM\u0259rm\u0259r soyu\u011fu\u201d filmi \u201cCottbus Beyn\u0259lxalq Film Festival\u0131\u201dnda","datePublished":"2023-10-25T09:32:16+00:00","dateModified":"2023-10-25T09:32:21+00:00","mainEntityOfPage":{"@id":"https:\/\/www.meydan.tv\/az\/article\/mermer-soyugu-filmi-cottbus-beynelxalq-film-festivalinda\/"},"wordCount":246,"publisher":{"@id":"https:\/\/www.meydan.tv\/az\/#organization"},"image":{"@id":"https:\/\/www.meydan.tv\/az\/article\/mermer-soyugu-filmi-cottbus-beynelxalq-film-festivalinda\/#primaryimage"},"thumbnailUrl":"https:\/\/www.meydan.tv\/wp-content\/uploads\/filmfest-cottbus-titelbild.jpg","articleSection":["M\u0259d\u0259niyy\u0259t","X\u0259b\u0259rl\u0259r"],"inLanguage":"az"},{"@type":"WebPage","@id":"https:\/\/www.meydan.tv\/az\/article\/mermer-soyugu-filmi-cottbus-beynelxalq-film-festivalinda\/","url":"https:\/\/www.meydan.tv\/az\/article\/mermer-soyugu-filmi-cottbus-beynelxalq-film-festivalinda\/","name":"\u201cM\u0259rm\u0259r soyu\u011fu\u201d filmi \u201cCottbus Beyn\u0259lxalq Film Festival\u0131\u201dnda - MEYDAN.TV","isPartOf":{"@id":"https:\/\/www.meydan.tv\/az\/#website"},"primaryImageOfPage":{"@id":"https:\/\/www.meydan.tv\/az\/article\/mermer-soyugu-filmi-cottbus-beynelxalq-film-festivalinda\/#primaryimage"},"image":{"@id":"https:\/\/www.meydan.tv\/az\/article\/mermer-soyugu-filmi-cottbus-beynelxalq-film-festivalinda\/#primaryimage"},"thumbnailUrl":"https:\/\/www.meydan.tv\/wp-content\/uploads\/filmfest-cottbus-titelbild.jpg","datePublished":"2023-10-25T09:32:16+00:00","dateModified":"2023-10-25T09:32:21+00:00","breadcrumb":{"@id":"https:\/\/www.meydan.tv\/az\/article\/mermer-soyugu-filmi-cottbus-beynelxalq-film-festivalinda\/#breadcrumb"},"inLanguage":"az","potentialAction":[{"@type":"ReadAction","target":["https:\/\/www.meydan.tv\/az\/article\/mermer-soyugu-filmi-cottbus-beynelxalq-film-festivalinda\/"]}]},{"@type":"ImageObject","inLanguage":"az","@id":"https:\/\/www.meydan.tv\/az\/article\/mermer-soyugu-filmi-cottbus-beynelxalq-film-festivalinda\/#primaryimage","url":"https:\/\/www.meydan.tv\/wp-content\/uploads\/filmfest-cottbus-titelbild.jpg","contentUrl":"https:\/\/www.meydan.tv\/wp-content\/uploads\/filmfest-cottbus-titelbild.jpg","width":1200,"height":680,"caption":"Foto: FilmFestival Cottbus\/Fotoatelier"},{"@type":"BreadcrumbList","@id":"https:\/\/www.meydan.tv\/az\/article\/mermer-soyugu-filmi-cottbus-beynelxalq-film-festivalinda\/#breadcrumb","itemListElement":[{"@type":"ListItem","position":1,"name":"Ana s\u0259hif\u0259","item":"https:\/\/www.meydan.tv\/az\/"},{"@type":"ListItem","position":2,"name":"M\u0259d\u0259niyy\u0259t","item":"https:\/\/www.meydan.tv\/az\/section\/medeniyyet\/"},{"@type":"ListItem","position":3,"name":"\u201cM\u0259rm\u0259r soyu\u011fu\u201d filmi \u201cCottbus Beyn\u0259lxalq Film Festival\u0131\u201dnda"}]},{"@type":"WebSite","@id":"https:\/\/www.meydan.tv\/az\/#website","url":"https:\/\/www.meydan.tv\/az\/","name":"MEYDAN.TV","description":"Meydan TV Az\u0259rbaycan\u0131n media m\u0259kan\u0131ndak\u0131 alternativ s\u0259sidir","publisher":{"@id":"https:\/\/www.meydan.tv\/az\/#organization"},"potentialAction":[{"@type":"SearchAction","target":{"@type":"EntryPoint","urlTemplate":"https:\/\/www.meydan.tv\/az\/?s={search_term_string}"},"query-input":{"@type":"PropertyValueSpecification","valueRequired":true,"valueName":"search_term_string"}}],"inLanguage":"az"},{"@type":"Organization","@id":"https:\/\/www.meydan.tv\/az\/#organization","name":"Meydan TV","url":"https:\/\/www.meydan.tv\/az\/","logo":{"@type":"ImageObject","inLanguage":"az","@id":"https:\/\/www.meydan.tv\/az\/#\/schema\/logo\/image\/","url":"https:\/\/www.meydan.tv\/wp-content\/uploads\/2021\/07\/meydan-logo.svg","contentUrl":"https:\/\/www.meydan.tv\/wp-content\/uploads\/2021\/07\/meydan-logo.svg","width":195,"height":46,"caption":"Meydan TV"},"image":{"@id":"https:\/\/www.meydan.tv\/az\/#\/schema\/logo\/image\/"}},{"@type":"Person","@id":"https:\/\/www.meydan.tv\/az\/#\/schema\/person\/9cdbecf90d17180ce1dfbd95b08dcf47","name":"elli","sameAs":["https:\/\/x.com\/elli"]}]}},"_links":{"self":[{"href":"https:\/\/www.meydan.tv\/az\/wp-json\/wp\/v2\/posts\/288764","targetHints":{"allow":["GET"]}}],"collection":[{"href":"https:\/\/www.meydan.tv\/az\/wp-json\/wp\/v2\/posts"}],"about":[{"href":"https:\/\/www.meydan.tv\/az\/wp-json\/wp\/v2\/types\/post"}],"author":[{"embeddable":true,"href":"https:\/\/www.meydan.tv\/az\/wp-json\/wp\/v2\/users\/8"}],"replies":[{"embeddable":true,"href":"https:\/\/www.meydan.tv\/az\/wp-json\/wp\/v2\/comments?post=288764"}],"version-history":[{"count":3,"href":"https:\/\/www.meydan.tv\/az\/wp-json\/wp\/v2\/posts\/288764\/revisions"}],"predecessor-version":[{"id":288773,"href":"https:\/\/www.meydan.tv\/az\/wp-json\/wp\/v2\/posts\/288764\/revisions\/288773"}],"wp:featuredmedia":[{"embeddable":true,"href":"https:\/\/www.meydan.tv\/az\/wp-json\/wp\/v2\/media\/288768"}],"wp:attachment":[{"href":"https:\/\/www.meydan.tv\/az\/wp-json\/wp\/v2\/media?parent=288764"}],"wp:term":[{"taxonomy":"category","embeddable":true,"href":"https:\/\/www.meydan.tv\/az\/wp-json\/wp\/v2\/categories?post=288764"},{"taxonomy":"post_tag","embeddable":true,"href":"https:\/\/www.meydan.tv\/az\/wp-json\/wp\/v2\/tags?post=288764"}],"curies":[{"name":"wp","href":"https:\/\/api.w.org\/{rel}","templated":true}]}}