{"id":288688,"date":"2023-10-24T17:03:27","date_gmt":"2023-10-24T13:03:27","guid":{"rendered":"https:\/\/www.meydan.tv\/?p=288688"},"modified":"2023-10-24T17:03:31","modified_gmt":"2023-10-24T13:03:31","slug":"sigortacilar-bazarlardan-niye-qacir","status":"publish","type":"post","link":"https:\/\/www.meydan.tv\/az\/article\/sigortacilar-bazarlardan-niye-qacir\/","title":{"rendered":"S\u0131\u011forta\u00e7\u0131lar bazarlardan niy\u0259 qa\u00e7\u0131r?"},"content":{"rendered":"\n<figure class=\"wp-block-embed is-type-video is-provider-youtube wp-block-embed-youtube wp-embed-aspect-16-9 wp-has-aspect-ratio\"><div class=\"wp-block-embed__wrapper\">\n<iframe title=\"S\u0131\u011forta\u00e7\u0131lar bazarlardan niy\u0259 qa\u00e7\u0131r?\" width=\"1200\" height=\"675\" data-src=\"https:\/\/www.youtube.com\/embed\/K2yBhx6XVAU?feature=oembed\" frameborder=\"0\" allow=\"accelerometer; autoplay; clipboard-write; encrypted-media; gyroscope; picture-in-picture; web-share\" allowfullscreen src=\"data:image\/svg+xml;base64,PHN2ZyB3aWR0aD0iMSIgaGVpZ2h0PSIxIiB4bWxucz0iaHR0cDovL3d3dy53My5vcmcvMjAwMC9zdmciPjwvc3ZnPg==\" class=\"lazyload\" data-load-mode=\"1\"><\/iframe>\n<\/div><\/figure>\n\n\n\n<p><em><strong>Yanan bazarlarda \u00e7al\u0131\u015fan sahibkarlar kompensasiya ala bilmir<\/strong><\/em><\/p>\n\n\n\n<p>Masall\u0131 bazar\u0131n\u0131 indi yeni paltarlar\u0131n t\u0259rav\u0259ti deyil, t\u00fcst\u00fc iyi b\u00fcr\u00fcy\u00fcb. Sat\u0131c\u0131lar is\u0259 bir yandan k\u00fcl\u00fcn aras\u0131nda mal\u0131n\u0131, bir yandan da onlara kompensasiya ed\u0259 bil\u0259c\u0259k birini axtar\u0131rlar. Amma n\u0259 maldan \u0259s\u0259r-\u0259lam\u0259t qal\u0131b, n\u0259 d\u0259 onlara yard\u0131m \u0259lini uzadan var.<\/p>\n\n\n\n<p>Mediada tez-tez \u201cbazar yand\u0131\u201d ba\u015fl\u0131ql\u0131 x\u0259b\u0259rl\u0259rl\u0259 rastla\u015fmaq olar. B\u0259s indiy\u0259 kimi yanan bazarlardak\u0131 sahibkarlar kompensasiya ala bilibmi? 2019-cu ild\u0259 \u201cEuroHome\u201d MMC-d\u0259 ba\u015f vermi\u015f yan\u011f\u0131n zaman\u0131 v\u0259t\u0259nda\u015flara 17 milyon 460 min manat maddi ziyan d\u0259yib. <\/p>\n\n\n\n<p>Uzunm\u00fcdd\u0259tli etriazlardan sonra kompensasiya yaln\u0131z s\u0131\u011fortas\u0131 olanlara verilib.<\/p>\n\n\n\n<p>2021-ci ild\u0259 Bak\u0131n\u0131n Nizami rayonunda yerl\u0259\u015f\u0259n \u201cDiqlas\u201d ticar\u0259t m\u0259rk\u0259zind\u0259ki yan\u011f\u0131n hadis\u0259sini prezident \u0130lham \u018fliyev n\u0259zar\u0259t\u0259 g\u00f6t\u00fcr\u0259nd\u0259n sonra z\u0259r\u0259r\u00e7\u0259kmi\u015f 371 sahibkara 2 milyon 155 min manat m\u0259bl\u0259\u011find\u0259 d\u00f6vl\u0259t t\u0259r\u0259find\u0259n kompensasiya \u00f6d\u0259nilib.<\/p>\n\n\n\n<p>2021-ci ild\u0259 \u0130mi\u015fli bazar\u0131nda ba\u015f ver\u0259n yan\u011f\u0131ndan sonra sahibkarlara kompensasiya \u00f6d\u0259nilm\u0259yib, sat\u0131c\u0131lar\u0131n bir qismi kreditl\u0259rini ba\u011flaya bilm\u0259yib, m\u00fcflis olublar.<\/p>\n\n\n\n<p><em>\u201cS\u0131\u011forta yoxdursa, kompensasiya da yoxdur\u201d<\/em> &#8211; bu, ad\u0259t\u0259n t\u0259zminat t\u0259l\u0259b ed\u0259nl\u0259r\u0259 veril\u0259n cavabd\u0131r. <\/p>\n\n\n\n<p>B\u0259s bazarlar nec\u0259 s\u0131\u011fortalan\u0131r? \u201cS\u0131\u011forta haqq\u0131nda\u201d qanuna \u0259sas\u0259n, da\u015f\u0131nmaz \u0259mlak icbari, da\u015f\u0131nan \u0259mlak is\u0259 k\u00f6n\u00fcll\u00fc s\u0131\u011fortlanmal\u0131d\u0131r. Y\u0259ni, icar\u0259dar bazar\u0131n \u00f6z\u00fcn\u00fc da\u015f\u0131nmaz \u0259mlak kimi icbari s\u0131\u011fortalamal\u0131, sat\u0131c\u0131lar is\u0259 mallar\u0131n\u0131 k\u00f6n\u00fcll\u00fc s\u0131\u011fortalaya bil\u0259rl\u0259r. Amma bunun \u00fc\u00e7\u00fcn onlar s\u0131\u011forta \u015firk\u0259tin\u0259 FHN-nin t\u0259sdiql\u0259diyi bazar\u0131n t\u0259hl\u00fck\u0259sizlik akt\u0131n\u0131, sat\u0131lan mallarla ba\u011fl\u0131 g\u00f6mr\u00fck b\u0259y\u0259nnam\u0259sini v\u0259 sat\u0131\u015f il\u0259 ba\u011fl\u0131 V\u00d6EN hesab\u0131n\u0131 t\u0259qdim etm\u0259lidirl\u0259r. <\/p>\n\n\n\n<p>Bunlar olmad\u0131qda s\u0131\u011forta \u015firk\u0259tl\u0259ri imtina cavab\u0131 verir. Masall\u0131 bazar\u0131n\u0131n sahibkarlar\u0131 da el\u0259 bu cavabla qar\u015f\u0131la\u015f\u0131b.<\/p>\n\n\n\n<p>Sat\u0131c\u0131lar\u0131n aras\u0131nda bazar\u0131n direktoru Af\u0259r Cahangirovun mallar\u0131n s\u0131\u011forta olunmas\u0131na mane oldu\u011funu iddia ed\u0259nl\u0259r d\u0259 var.<\/p>\n\n\n\n<p>Af\u0259r Cahangirov is\u0259 s\u0131\u011forta \u015firk\u0259tl\u0259rin\u0259 m\u00fcraci\u0259t etdiyini, amma imtina cavab\u0131 alandan sonra bu m\u0259s\u0259l\u0259nin ard\u0131nca d\u00fc\u015fm\u0259diyini deyir.<\/p>\n\n\n\n<p>S\u0131\u011forta eksperti \u0130lkin \u0130brahimov \u015firk\u0259tl\u0259rin bazarlar\u0131 FHN-nin t\u0259hl\u00fckl\u0259sizlik r\u0259yl\u0259rinin olmad\u0131\u011f\u0131na v\u0259 sahibkarlar\u0131n \u00f6z i\u015fini \u015f\u0259ffaf g\u00f6rm\u0259dikl\u0259rin\u0259 g\u00f6r\u0259 s\u0131\u011fortalama\u011fa meyilli olmad\u0131qlar\u0131n\u0131 bildirir. <\/p>\n\n\n\n<p>Ekspert hesab edir ki, bel\u0259 hallar\u0131n olmamas\u0131 \u00fc\u00e7\u00fcn, FHN bazarlarda daha ciddi yoxlamalar aparmal\u0131d\u0131r. Amma Masall\u0131 bazar\u0131nda bundan \u0259vv\u0259l FHN-in yoxlama apar\u0131b-aparmamas\u0131 il\u0259 ba\u011fl\u0131 suallar\u0131m\u0131z\u0131 nazirlik cavabs\u0131z qoyub.<\/p>\n\n\n\n<p>Bazar\u0131n sat\u0131c\u0131s\u0131 Mirza\u011fa R\u00fcst\u0259mov is\u0259 bir il \u0259vv\u0259l bazar t\u0259mir olunandan sonra t\u0259hl\u00fck\u0259sizlik qaydalar\u0131na \u0259m\u0259l olunmad\u0131\u011f\u0131na g\u00f6r\u0259 nazirliy\u0259 d\u0259f\u0259l\u0259rl\u0259 m\u00fcraci\u0259t etdiyini deyir.<\/p>\n\n\n\n<p>\u0130ndi sat\u0131c\u0131lar\u0131n i\u015f yeri yox, borclar\u0131, kreditl\u0259ri is\u0259 \u00fcst-\u00fcst\u0259 y\u0131\u011f\u0131l\u0131r. T\u0259zminat veril\u0259c\u0259yin\u0259 \u00fcmidl\u0259ri is\u0259 g\u00fcn\u00fc-g\u00fcnd\u0259n k\u00fcl olub gedir.<\/p>\n","protected":false},"excerpt":{"rendered":"<p>Yanan bazarlarda \u00e7al\u0131\u015fan sahibkarlar kompensasiya ala bilmir Masall\u0131 bazar\u0131n\u0131 indi &#8230; <\/p>\n<p class=\"read-more-container\"><a title=\"S\u0131\u011forta\u00e7\u0131lar bazarlardan niy\u0259 qa\u00e7\u0131r?\" class=\"read-more button\" href=\"https:\/\/www.meydan.tv\/az\/article\/sigortacilar-bazarlardan-niye-qacir\/#more-288688\" aria-label=\"Read more about S\u0131\u011forta\u00e7\u0131lar bazarlardan niy\u0259 qa\u00e7\u0131r?\">Davam\u0131<\/a><\/p>\n","protected":false},"author":12,"featured_media":288689,"comment_status":"closed","ping_status":"closed","sticky":false,"template":"","format":"standard","meta":{"_acf_changed":false,"_sitemap_exclude":false,"_sitemap_priority":"","_sitemap_frequency":"","footnotes":""},"categories":[60,63],"tags":[],"class_list":["post-288688","post","type-post","status-publish","format-standard","has-post-thumbnail","hentry","category-bolge","category-video-2","infinite-scroll-item","generate-columns","tablet-grid-50","mobile-grid-100","grid-parent","grid-33","no-featured-image-padding"],"acf":[],"yoast_head":"<!-- This site is optimized with the Yoast SEO plugin v27.4 - https:\/\/yoast.com\/product\/yoast-seo-wordpress\/ -->\n<title>S\u0131\u011forta\u00e7\u0131lar bazarlardan niy\u0259 qa\u00e7\u0131r? - MEYDAN.TV<\/title>\n<meta name=\"robots\" content=\"index, follow, max-snippet:-1, max-image-preview:large, max-video-preview:-1\" \/>\n<link rel=\"canonical\" href=\"https:\/\/www.meydan.tv\/az\/article\/sigortacilar-bazarlardan-niye-qacir\/\" \/>\n<meta property=\"og:locale\" content=\"az_AZ\" \/>\n<meta property=\"og:type\" content=\"article\" \/>\n<meta property=\"og:title\" content=\"S\u0131\u011forta\u00e7\u0131lar bazarlardan niy\u0259 qa\u00e7\u0131r? - MEYDAN.TV\" \/>\n<meta property=\"og:description\" content=\"Yanan bazarlarda \u00e7al\u0131\u015fan sahibkarlar kompensasiya ala bilmir Masall\u0131 bazar\u0131n\u0131 indi ... Davam\u0131\" \/>\n<meta property=\"og:url\" content=\"https:\/\/www.meydan.tv\/az\/article\/sigortacilar-bazarlardan-niye-qacir\/\" \/>\n<meta property=\"og:site_name\" content=\"MEYDAN.TV\" \/>\n<meta property=\"article:published_time\" content=\"2023-10-24T13:03:27+00:00\" \/>\n<meta property=\"article:modified_time\" content=\"2023-10-24T13:03:31+00:00\" \/>\n<meta property=\"og:image\" content=\"https:\/\/www.meydan.tv\/wp-content\/uploads\/screenshot-2023-10-24-at-14.54.55.png\" \/>\n\t<meta property=\"og:image:width\" content=\"1458\" \/>\n\t<meta property=\"og:image:height\" content=\"822\" \/>\n\t<meta property=\"og:image:type\" content=\"image\/png\" \/>\n<meta name=\"author\" content=\"aleks\" \/>\n<meta name=\"twitter:card\" content=\"summary_large_image\" \/>\n<script type=\"application\/ld+json\" class=\"yoast-schema-graph\">{\"@context\":\"https:\\\/\\\/schema.org\",\"@graph\":[{\"@type\":\"Article\",\"@id\":\"https:\\\/\\\/www.meydan.tv\\\/az\\\/article\\\/sigortacilar-bazarlardan-niye-qacir\\\/#article\",\"isPartOf\":{\"@id\":\"https:\\\/\\\/www.meydan.tv\\\/az\\\/article\\\/sigortacilar-bazarlardan-niye-qacir\\\/\"},\"author\":{\"name\":\"aleks\",\"@id\":\"https:\\\/\\\/www.meydan.tv\\\/az\\\/#\\\/schema\\\/person\\\/476e9360e593fa131d5d71d51866f8da\"},\"headline\":\"S\u0131\u011forta\u00e7\u0131lar bazarlardan niy\u0259 qa\u00e7\u0131r?\",\"datePublished\":\"2023-10-24T13:03:27+00:00\",\"dateModified\":\"2023-10-24T13:03:31+00:00\",\"mainEntityOfPage\":{\"@id\":\"https:\\\/\\\/www.meydan.tv\\\/az\\\/article\\\/sigortacilar-bazarlardan-niye-qacir\\\/\"},\"wordCount\":586,\"publisher\":{\"@id\":\"https:\\\/\\\/www.meydan.tv\\\/az\\\/#organization\"},\"image\":{\"@id\":\"https:\\\/\\\/www.meydan.tv\\\/az\\\/article\\\/sigortacilar-bazarlardan-niye-qacir\\\/#primaryimage\"},\"thumbnailUrl\":\"https:\\\/\\\/www.meydan.tv\\\/wp-content\\\/uploads\\\/screenshot-2023-10-24-at-14.54.55.png\",\"articleSection\":[\"B\u00f6lg\u0259\",\"Video\"],\"inLanguage\":\"az\"},{\"@type\":\"WebPage\",\"@id\":\"https:\\\/\\\/www.meydan.tv\\\/az\\\/article\\\/sigortacilar-bazarlardan-niye-qacir\\\/\",\"url\":\"https:\\\/\\\/www.meydan.tv\\\/az\\\/article\\\/sigortacilar-bazarlardan-niye-qacir\\\/\",\"name\":\"S\u0131\u011forta\u00e7\u0131lar bazarlardan niy\u0259 qa\u00e7\u0131r? - MEYDAN.TV\",\"isPartOf\":{\"@id\":\"https:\\\/\\\/www.meydan.tv\\\/az\\\/#website\"},\"primaryImageOfPage\":{\"@id\":\"https:\\\/\\\/www.meydan.tv\\\/az\\\/article\\\/sigortacilar-bazarlardan-niye-qacir\\\/#primaryimage\"},\"image\":{\"@id\":\"https:\\\/\\\/www.meydan.tv\\\/az\\\/article\\\/sigortacilar-bazarlardan-niye-qacir\\\/#primaryimage\"},\"thumbnailUrl\":\"https:\\\/\\\/www.meydan.tv\\\/wp-content\\\/uploads\\\/screenshot-2023-10-24-at-14.54.55.png\",\"datePublished\":\"2023-10-24T13:03:27+00:00\",\"dateModified\":\"2023-10-24T13:03:31+00:00\",\"breadcrumb\":{\"@id\":\"https:\\\/\\\/www.meydan.tv\\\/az\\\/article\\\/sigortacilar-bazarlardan-niye-qacir\\\/#breadcrumb\"},\"inLanguage\":\"az\",\"potentialAction\":[{\"@type\":\"ReadAction\",\"target\":[\"https:\\\/\\\/www.meydan.tv\\\/az\\\/article\\\/sigortacilar-bazarlardan-niye-qacir\\\/\"]}]},{\"@type\":\"ImageObject\",\"inLanguage\":\"az\",\"@id\":\"https:\\\/\\\/www.meydan.tv\\\/az\\\/article\\\/sigortacilar-bazarlardan-niye-qacir\\\/#primaryimage\",\"url\":\"https:\\\/\\\/www.meydan.tv\\\/wp-content\\\/uploads\\\/screenshot-2023-10-24-at-14.54.55.png\",\"contentUrl\":\"https:\\\/\\\/www.meydan.tv\\\/wp-content\\\/uploads\\\/screenshot-2023-10-24-at-14.54.55.png\",\"width\":1458,\"height\":822},{\"@type\":\"BreadcrumbList\",\"@id\":\"https:\\\/\\\/www.meydan.tv\\\/az\\\/article\\\/sigortacilar-bazarlardan-niye-qacir\\\/#breadcrumb\",\"itemListElement\":[{\"@type\":\"ListItem\",\"position\":1,\"name\":\"Ana s\u0259hif\u0259\",\"item\":\"https:\\\/\\\/www.meydan.tv\\\/az\\\/\"},{\"@type\":\"ListItem\",\"position\":2,\"name\":\"Video\",\"item\":\"https:\\\/\\\/www.meydan.tv\\\/az\\\/section\\\/video-2\\\/\"},{\"@type\":\"ListItem\",\"position\":3,\"name\":\"S\u0131\u011forta\u00e7\u0131lar bazarlardan niy\u0259 qa\u00e7\u0131r?\"}]},{\"@type\":\"WebSite\",\"@id\":\"https:\\\/\\\/www.meydan.tv\\\/az\\\/#website\",\"url\":\"https:\\\/\\\/www.meydan.tv\\\/az\\\/\",\"name\":\"MEYDAN.TV\",\"description\":\"Meydan TV Az\u0259rbaycan\u0131n media m\u0259kan\u0131ndak\u0131 alternativ s\u0259sidir\",\"publisher\":{\"@id\":\"https:\\\/\\\/www.meydan.tv\\\/az\\\/#organization\"},\"potentialAction\":[{\"@type\":\"SearchAction\",\"target\":{\"@type\":\"EntryPoint\",\"urlTemplate\":\"https:\\\/\\\/www.meydan.tv\\\/az\\\/?s={search_term_string}\"},\"query-input\":{\"@type\":\"PropertyValueSpecification\",\"valueRequired\":true,\"valueName\":\"search_term_string\"}}],\"inLanguage\":\"az\"},{\"@type\":\"Organization\",\"@id\":\"https:\\\/\\\/www.meydan.tv\\\/az\\\/#organization\",\"name\":\"Meydan TV\",\"url\":\"https:\\\/\\\/www.meydan.tv\\\/az\\\/\",\"logo\":{\"@type\":\"ImageObject\",\"inLanguage\":\"az\",\"@id\":\"https:\\\/\\\/www.meydan.tv\\\/az\\\/#\\\/schema\\\/logo\\\/image\\\/\",\"url\":\"https:\\\/\\\/www.meydan.tv\\\/wp-content\\\/uploads\\\/2021\\\/07\\\/meydan-logo.svg\",\"contentUrl\":\"https:\\\/\\\/www.meydan.tv\\\/wp-content\\\/uploads\\\/2021\\\/07\\\/meydan-logo.svg\",\"width\":195,\"height\":46,\"caption\":\"Meydan TV\"},\"image\":{\"@id\":\"https:\\\/\\\/www.meydan.tv\\\/az\\\/#\\\/schema\\\/logo\\\/image\\\/\"}},{\"@type\":\"Person\",\"@id\":\"https:\\\/\\\/www.meydan.tv\\\/az\\\/#\\\/schema\\\/person\\\/476e9360e593fa131d5d71d51866f8da\",\"name\":\"aleks\"}]}<\/script>\n<!-- \/ Yoast SEO plugin. -->","yoast_head_json":{"title":"S\u0131\u011forta\u00e7\u0131lar bazarlardan niy\u0259 qa\u00e7\u0131r? - MEYDAN.TV","robots":{"index":"index","follow":"follow","max-snippet":"max-snippet:-1","max-image-preview":"max-image-preview:large","max-video-preview":"max-video-preview:-1"},"canonical":"https:\/\/www.meydan.tv\/az\/article\/sigortacilar-bazarlardan-niye-qacir\/","og_locale":"az_AZ","og_type":"article","og_title":"S\u0131\u011forta\u00e7\u0131lar bazarlardan niy\u0259 qa\u00e7\u0131r? - MEYDAN.TV","og_description":"Yanan bazarlarda \u00e7al\u0131\u015fan sahibkarlar kompensasiya ala bilmir Masall\u0131 bazar\u0131n\u0131 indi ... Davam\u0131","og_url":"https:\/\/www.meydan.tv\/az\/article\/sigortacilar-bazarlardan-niye-qacir\/","og_site_name":"MEYDAN.TV","article_published_time":"2023-10-24T13:03:27+00:00","article_modified_time":"2023-10-24T13:03:31+00:00","og_image":[{"width":1458,"height":822,"url":"https:\/\/www.meydan.tv\/wp-content\/uploads\/screenshot-2023-10-24-at-14.54.55.png","type":"image\/png"}],"author":"aleks","twitter_card":"summary_large_image","schema":{"@context":"https:\/\/schema.org","@graph":[{"@type":"Article","@id":"https:\/\/www.meydan.tv\/az\/article\/sigortacilar-bazarlardan-niye-qacir\/#article","isPartOf":{"@id":"https:\/\/www.meydan.tv\/az\/article\/sigortacilar-bazarlardan-niye-qacir\/"},"author":{"name":"aleks","@id":"https:\/\/www.meydan.tv\/az\/#\/schema\/person\/476e9360e593fa131d5d71d51866f8da"},"headline":"S\u0131\u011forta\u00e7\u0131lar bazarlardan niy\u0259 qa\u00e7\u0131r?","datePublished":"2023-10-24T13:03:27+00:00","dateModified":"2023-10-24T13:03:31+00:00","mainEntityOfPage":{"@id":"https:\/\/www.meydan.tv\/az\/article\/sigortacilar-bazarlardan-niye-qacir\/"},"wordCount":586,"publisher":{"@id":"https:\/\/www.meydan.tv\/az\/#organization"},"image":{"@id":"https:\/\/www.meydan.tv\/az\/article\/sigortacilar-bazarlardan-niye-qacir\/#primaryimage"},"thumbnailUrl":"https:\/\/www.meydan.tv\/wp-content\/uploads\/screenshot-2023-10-24-at-14.54.55.png","articleSection":["B\u00f6lg\u0259","Video"],"inLanguage":"az"},{"@type":"WebPage","@id":"https:\/\/www.meydan.tv\/az\/article\/sigortacilar-bazarlardan-niye-qacir\/","url":"https:\/\/www.meydan.tv\/az\/article\/sigortacilar-bazarlardan-niye-qacir\/","name":"S\u0131\u011forta\u00e7\u0131lar bazarlardan niy\u0259 qa\u00e7\u0131r? - MEYDAN.TV","isPartOf":{"@id":"https:\/\/www.meydan.tv\/az\/#website"},"primaryImageOfPage":{"@id":"https:\/\/www.meydan.tv\/az\/article\/sigortacilar-bazarlardan-niye-qacir\/#primaryimage"},"image":{"@id":"https:\/\/www.meydan.tv\/az\/article\/sigortacilar-bazarlardan-niye-qacir\/#primaryimage"},"thumbnailUrl":"https:\/\/www.meydan.tv\/wp-content\/uploads\/screenshot-2023-10-24-at-14.54.55.png","datePublished":"2023-10-24T13:03:27+00:00","dateModified":"2023-10-24T13:03:31+00:00","breadcrumb":{"@id":"https:\/\/www.meydan.tv\/az\/article\/sigortacilar-bazarlardan-niye-qacir\/#breadcrumb"},"inLanguage":"az","potentialAction":[{"@type":"ReadAction","target":["https:\/\/www.meydan.tv\/az\/article\/sigortacilar-bazarlardan-niye-qacir\/"]}]},{"@type":"ImageObject","inLanguage":"az","@id":"https:\/\/www.meydan.tv\/az\/article\/sigortacilar-bazarlardan-niye-qacir\/#primaryimage","url":"https:\/\/www.meydan.tv\/wp-content\/uploads\/screenshot-2023-10-24-at-14.54.55.png","contentUrl":"https:\/\/www.meydan.tv\/wp-content\/uploads\/screenshot-2023-10-24-at-14.54.55.png","width":1458,"height":822},{"@type":"BreadcrumbList","@id":"https:\/\/www.meydan.tv\/az\/article\/sigortacilar-bazarlardan-niye-qacir\/#breadcrumb","itemListElement":[{"@type":"ListItem","position":1,"name":"Ana s\u0259hif\u0259","item":"https:\/\/www.meydan.tv\/az\/"},{"@type":"ListItem","position":2,"name":"Video","item":"https:\/\/www.meydan.tv\/az\/section\/video-2\/"},{"@type":"ListItem","position":3,"name":"S\u0131\u011forta\u00e7\u0131lar bazarlardan niy\u0259 qa\u00e7\u0131r?"}]},{"@type":"WebSite","@id":"https:\/\/www.meydan.tv\/az\/#website","url":"https:\/\/www.meydan.tv\/az\/","name":"MEYDAN.TV","description":"Meydan TV Az\u0259rbaycan\u0131n media m\u0259kan\u0131ndak\u0131 alternativ s\u0259sidir","publisher":{"@id":"https:\/\/www.meydan.tv\/az\/#organization"},"potentialAction":[{"@type":"SearchAction","target":{"@type":"EntryPoint","urlTemplate":"https:\/\/www.meydan.tv\/az\/?s={search_term_string}"},"query-input":{"@type":"PropertyValueSpecification","valueRequired":true,"valueName":"search_term_string"}}],"inLanguage":"az"},{"@type":"Organization","@id":"https:\/\/www.meydan.tv\/az\/#organization","name":"Meydan TV","url":"https:\/\/www.meydan.tv\/az\/","logo":{"@type":"ImageObject","inLanguage":"az","@id":"https:\/\/www.meydan.tv\/az\/#\/schema\/logo\/image\/","url":"https:\/\/www.meydan.tv\/wp-content\/uploads\/2021\/07\/meydan-logo.svg","contentUrl":"https:\/\/www.meydan.tv\/wp-content\/uploads\/2021\/07\/meydan-logo.svg","width":195,"height":46,"caption":"Meydan TV"},"image":{"@id":"https:\/\/www.meydan.tv\/az\/#\/schema\/logo\/image\/"}},{"@type":"Person","@id":"https:\/\/www.meydan.tv\/az\/#\/schema\/person\/476e9360e593fa131d5d71d51866f8da","name":"aleks"}]}},"_links":{"self":[{"href":"https:\/\/www.meydan.tv\/az\/wp-json\/wp\/v2\/posts\/288688","targetHints":{"allow":["GET"]}}],"collection":[{"href":"https:\/\/www.meydan.tv\/az\/wp-json\/wp\/v2\/posts"}],"about":[{"href":"https:\/\/www.meydan.tv\/az\/wp-json\/wp\/v2\/types\/post"}],"author":[{"embeddable":true,"href":"https:\/\/www.meydan.tv\/az\/wp-json\/wp\/v2\/users\/12"}],"replies":[{"embeddable":true,"href":"https:\/\/www.meydan.tv\/az\/wp-json\/wp\/v2\/comments?post=288688"}],"version-history":[{"count":3,"href":"https:\/\/www.meydan.tv\/az\/wp-json\/wp\/v2\/posts\/288688\/revisions"}],"predecessor-version":[{"id":288699,"href":"https:\/\/www.meydan.tv\/az\/wp-json\/wp\/v2\/posts\/288688\/revisions\/288699"}],"wp:featuredmedia":[{"embeddable":true,"href":"https:\/\/www.meydan.tv\/az\/wp-json\/wp\/v2\/media\/288689"}],"wp:attachment":[{"href":"https:\/\/www.meydan.tv\/az\/wp-json\/wp\/v2\/media?parent=288688"}],"wp:term":[{"taxonomy":"category","embeddable":true,"href":"https:\/\/www.meydan.tv\/az\/wp-json\/wp\/v2\/categories?post=288688"},{"taxonomy":"post_tag","embeddable":true,"href":"https:\/\/www.meydan.tv\/az\/wp-json\/wp\/v2\/tags?post=288688"}],"curies":[{"name":"wp","href":"https:\/\/api.w.org\/{rel}","templated":true}]}}