{"id":288679,"date":"2023-10-24T15:44:42","date_gmt":"2023-10-24T11:44:42","guid":{"rendered":"https:\/\/www.meydan.tv\/?p=288679"},"modified":"2023-10-24T15:44:46","modified_gmt":"2023-10-24T11:44:46","slug":"iranli-rejissorun-bagban-terefinden-oldurulduyu-iddia-edilir","status":"publish","type":"post","link":"https:\/\/www.meydan.tv\/az\/article\/iranli-rejissorun-bagban-terefinden-oldurulduyu-iddia-edilir\/","title":{"rendered":"\u0130ranl\u0131 rejissorun ba\u011fban t\u0259r\u0259find\u0259n \u00f6ld\u00fcr\u00fcld\u00fcy\u00fc iddia edilir"},"content":{"rendered":"\n<p><\/p>\n\n\n\n<p><strong><em>Hakim deyib ki, q\u0259tl\u0259 s\u0259b\u0259b maliyy\u0259 m\u00fcbahis\u0259si ola bil\u0259r<\/em><\/strong><\/p>\n\n\n\n<p>\u0130ranl\u0131 kinorejissor Dariyu\u015f Mehrcuyi v\u0259 h\u0259yat yolda\u015f\u0131 V\u0259hid\u0259 M\u0259h\u0259mm\u0259dif\u0259rin q\u0259tlini t\u00f6r\u0259d\u0259nin kimliyinin b\u0259lli oldu\u011fu deyilir.<\/p>\n\n\n\n<p>M\u0259lumata g\u00f6r\u0259, \u018flborz vilay\u0259tinin ba\u015f hakimi H\u00fcseyn Fazeli h\u0259min \u015f\u0259xsin daha \u00f6nc\u0259 Dariyu\u015f Mehrcuyinin evind\u0259 ba\u011fban i\u015fl\u0259diyini <a href=\"https:\/\/www.cbsnews.com\/news\/iran-film-director-dariush-mehrjui-wife-killed-suspect-possible-motive\/\">deyib<\/a>.<\/p>\n\n\n\n<p>Hakim iddia edib ki, q\u0259tl\u0259 s\u0259b\u0259b maliyy\u0259 m\u00fcbahis\u0259si ola bil\u0259r.<\/p>\n\n\n\n<p>\u0130ran\u0131n h\u00fcquq-m\u00fchafiz\u0259 orqanlar\u0131 istintaq\u0131n davam etdirildiyini v\u0259 bu i\u015fd\u0259 bir ne\u00e7\u0259 \u015f\u00fcbh\u0259linin h\u0259bs olundu\u011funu bildirib.<\/p>\n\n\n\n<p>Xarici m\u0259tbuat\u0131n yazd\u0131\u011f\u0131na g\u00f6r\u0259, saxlan\u0131lan 10 n\u0259f\u0259rd\u0259n 4-\u00fc q\u0259tl hadis\u0259sind\u0259 birba\u015fa i\u015ftirak edib.<\/p>\n\n\n\n<p>Oktyabr\u0131n 15-d\u0259 kinorejissor Dariyu\u015f Mehrcuyi v\u0259 h\u0259yat yolda\u015f\u0131 V\u0259hid\u0259 M\u0259h\u0259mm\u0259dif\u0259r K\u0259r\u0259c \u015f\u0259h\u0259rinin yax\u0131nl\u0131\u011f\u0131nda yerl\u0259\u015f\u0259n Me\u015fkinabad q\u0259s\u0259b\u0259sind\u0259ki evl\u0259rind\u0259 \u00e7oxsayl\u0131 b\u0131\u00e7aq z\u0259rb\u0259l\u0259ri il\u0259 \u00f6ld\u00fcr\u00fcl\u00fcbl\u0259r.<\/p>\n\n\n\n<p>Hadis\u0259d\u0259n bir g\u00fcn \u0259vv\u0259l, oktyabr\u0131n 13-\u00fc gec\u0259 rejissorun h\u0259yat yolda\u015f\u0131n\u0131n p\u0259nc\u0259r\u0259l\u0259rinin alt\u0131nda \u0259lib\u0131caql\u0131 nam\u0259lum \u015f\u0259xsin oldu\u011fu bar\u0259d\u0259 sosial media hesab\u0131nda payla\u015f\u0131m etdiyi deyilir. <\/p>\n\n\n\n<p>O, nam\u0259lum \u015f\u0259xsin onlar\u0131 \u00f6l\u00fcml\u0259 h\u0259d\u0259l\u0259diyini, polis\u0259 z\u0259ng ed\u0259c\u0259kl\u0259ri bar\u0259d\u0259 x\u0259b\u0259rdarl\u0131\u011fa \u0259h\u0259miyy\u0259t verm\u0259diyini yaz\u0131b.<\/p>\n\n\n\n<p>Daryu\u015f Mehrcuyi bir m\u00fcdd\u0259t \u0259vv\u0259l h\u00f6kum\u0259t\u0259 a\u00e7\u0131q m\u0259ktub yazaraq, kino sah\u0259sin\u0259 qoyulan senzuraya etiraz\u0131n\u0131 ifad\u0259 etmi\u015fdi.<\/p>\n\n\n\n<p>O, h\u00f6kum\u0259t\u0259 v\u0259 \u0130ran\u0131n M\u0259d\u0259niyy\u0259t v\u0259 \u0130slami \u0130r\u015fad Nazirliyin\u0259 \u00fcnvanlad\u0131\u011f\u0131 a\u00e7\u0131q m\u0259ktubunda senzuraya etiraz m\u0259qs\u0259dil\u0259 nazirliyin qar\u015f\u0131s\u0131nda oturaq aksiya ke\u00e7ir\u0259c\u0259yini bildirib.<\/p>\n\n\n\n<p><em>\u201c\u0130r\u015fad Nazirliyi, h\u00f6rm\u0259tli nazir. M\u0259ni dinl\u0259yin, art\u0131q bacarm\u0131ram. Sava\u015fmaq ist\u0259yir\u0259m. G\u0259lin, m\u0259ni vurub \u00f6ld\u00fcr\u00fcn. Bu, m\u0259nim sin\u0259m, \u00f6ld\u00fcr\u00fcn, ancaq haqq\u0131 alaca\u011fam\u201d,<\/em> &#8211; Mehrcuyi a\u00e7\u0131q m\u0259ktubunda yazm\u0131\u015fd\u0131.<\/p>\n\n\n\n<p>Dariyu\u015f Mehrcuyi kinorejissor, ssenarist, kinoprod\u00fcser, redaktor, \u0130ran \u0130nc\u0259s\u0259n\u0259t Akademiyas\u0131n\u0131n akademiki olub.<\/p>\n\n\n\n<p>Kaliforniya Universitetinin teatr fak\u00fclt\u0259sind\u0259 t\u0259hsil al\u0131b.<\/p>\n\n\n\n<p>Tehran Universitetind\u0259 jurnalist, xarici dill\u0259r v\u0259 kino m\u00fc\u0259llimi i\u015fl\u0259yib.<\/p>\n\n\n\n<p>O, Berlin Film Festival\u0131nda \u201cPo\u00e7ttal\u201d filmin\u0259 g\u00f6r\u0259 Beyn\u0259lxalq Yevangelist M\u00fcnsifl\u0259r Hey\u0259ti M\u00fckafat\u0131n\u0131 v\u0259 \u201c\u0130n\u0259k\u201d filmin\u0259 g\u00f6r\u0259 Beyn\u0259lxalq Katolik Film M\u00fckafat\u0131n\u0131 qazan\u0131b.<\/p>\n","protected":false},"excerpt":{"rendered":"<p>Hakim deyib ki, q\u0259tl\u0259 s\u0259b\u0259b maliyy\u0259 m\u00fcbahis\u0259si ola bil\u0259r \u0130ranl\u0131 &#8230; <\/p>\n<p class=\"read-more-container\"><a title=\"\u0130ranl\u0131 rejissorun ba\u011fban t\u0259r\u0259find\u0259n \u00f6ld\u00fcr\u00fcld\u00fcy\u00fc iddia edilir\" class=\"read-more button\" href=\"https:\/\/www.meydan.tv\/az\/article\/iranli-rejissorun-bagban-terefinden-oldurulduyu-iddia-edilir\/#more-288679\" aria-label=\"Read more about \u0130ranl\u0131 rejissorun ba\u011fban t\u0259r\u0259find\u0259n \u00f6ld\u00fcr\u00fcld\u00fcy\u00fc iddia edilir\">Davam\u0131<\/a><\/p>\n","protected":false},"author":8,"featured_media":288681,"comment_status":"closed","ping_status":"closed","sticky":false,"template":"","format":"standard","meta":{"_acf_changed":false,"_sitemap_exclude":false,"_sitemap_priority":"","_sitemap_frequency":"","footnotes":""},"categories":[52,56],"tags":[],"class_list":["post-288679","post","type-post","status-publish","format-standard","has-post-thumbnail","hentry","category-medeniyyet","category-xeberler","infinite-scroll-item","generate-columns","tablet-grid-50","mobile-grid-100","grid-parent","grid-33","no-featured-image-padding"],"acf":[],"yoast_head":"<!-- This site is optimized with the Yoast SEO plugin v27.4 - https:\/\/yoast.com\/product\/yoast-seo-wordpress\/ -->\n<title>\u0130ranl\u0131 rejissorun ba\u011fban t\u0259r\u0259find\u0259n \u00f6ld\u00fcr\u00fcld\u00fcy\u00fc iddia edilir - MEYDAN.TV<\/title>\n<meta name=\"robots\" content=\"index, follow, max-snippet:-1, max-image-preview:large, max-video-preview:-1\" \/>\n<link rel=\"canonical\" href=\"https:\/\/www.meydan.tv\/az\/article\/iranli-rejissorun-bagban-terefinden-oldurulduyu-iddia-edilir\/\" \/>\n<meta property=\"og:locale\" content=\"az_AZ\" \/>\n<meta property=\"og:type\" content=\"article\" \/>\n<meta property=\"og:title\" content=\"\u0130ranl\u0131 rejissorun ba\u011fban t\u0259r\u0259find\u0259n \u00f6ld\u00fcr\u00fcld\u00fcy\u00fc iddia edilir - MEYDAN.TV\" \/>\n<meta property=\"og:description\" content=\"Hakim deyib ki, q\u0259tl\u0259 s\u0259b\u0259b maliyy\u0259 m\u00fcbahis\u0259si ola bil\u0259r \u0130ranl\u0131 ... Davam\u0131\" \/>\n<meta property=\"og:url\" content=\"https:\/\/www.meydan.tv\/az\/article\/iranli-rejissorun-bagban-terefinden-oldurulduyu-iddia-edilir\/\" \/>\n<meta property=\"og:site_name\" content=\"MEYDAN.TV\" \/>\n<meta property=\"article:published_time\" content=\"2023-10-24T11:44:42+00:00\" \/>\n<meta property=\"article:modified_time\" content=\"2023-10-24T11:44:46+00:00\" \/>\n<meta property=\"og:image\" content=\"https:\/\/www.meydan.tv\/wp-content\/uploads\/ap23288354506300.jpg\" \/>\n\t<meta property=\"og:image:width\" content=\"1200\" \/>\n\t<meta property=\"og:image:height\" content=\"799\" \/>\n\t<meta property=\"og:image:type\" content=\"image\/jpeg\" \/>\n<meta name=\"author\" content=\"elli\" \/>\n<meta name=\"twitter:card\" content=\"summary_large_image\" \/>\n<meta name=\"twitter:creator\" content=\"@elli\" \/>\n<script type=\"application\/ld+json\" class=\"yoast-schema-graph\">{\"@context\":\"https:\\\/\\\/schema.org\",\"@graph\":[{\"@type\":\"Article\",\"@id\":\"https:\\\/\\\/www.meydan.tv\\\/az\\\/article\\\/iranli-rejissorun-bagban-terefinden-oldurulduyu-iddia-edilir\\\/#article\",\"isPartOf\":{\"@id\":\"https:\\\/\\\/www.meydan.tv\\\/az\\\/article\\\/iranli-rejissorun-bagban-terefinden-oldurulduyu-iddia-edilir\\\/\"},\"author\":{\"name\":\"elli\",\"@id\":\"https:\\\/\\\/www.meydan.tv\\\/az\\\/#\\\/schema\\\/person\\\/9cdbecf90d17180ce1dfbd95b08dcf47\"},\"headline\":\"\u0130ranl\u0131 rejissorun ba\u011fban t\u0259r\u0259find\u0259n \u00f6ld\u00fcr\u00fcld\u00fcy\u00fc iddia edilir\",\"datePublished\":\"2023-10-24T11:44:42+00:00\",\"dateModified\":\"2023-10-24T11:44:46+00:00\",\"mainEntityOfPage\":{\"@id\":\"https:\\\/\\\/www.meydan.tv\\\/az\\\/article\\\/iranli-rejissorun-bagban-terefinden-oldurulduyu-iddia-edilir\\\/\"},\"wordCount\":454,\"publisher\":{\"@id\":\"https:\\\/\\\/www.meydan.tv\\\/az\\\/#organization\"},\"image\":{\"@id\":\"https:\\\/\\\/www.meydan.tv\\\/az\\\/article\\\/iranli-rejissorun-bagban-terefinden-oldurulduyu-iddia-edilir\\\/#primaryimage\"},\"thumbnailUrl\":\"https:\\\/\\\/www.meydan.tv\\\/wp-content\\\/uploads\\\/ap23288354506300.jpg\",\"articleSection\":[\"M\u0259d\u0259niyy\u0259t\",\"X\u0259b\u0259rl\u0259r\"],\"inLanguage\":\"az\"},{\"@type\":\"WebPage\",\"@id\":\"https:\\\/\\\/www.meydan.tv\\\/az\\\/article\\\/iranli-rejissorun-bagban-terefinden-oldurulduyu-iddia-edilir\\\/\",\"url\":\"https:\\\/\\\/www.meydan.tv\\\/az\\\/article\\\/iranli-rejissorun-bagban-terefinden-oldurulduyu-iddia-edilir\\\/\",\"name\":\"\u0130ranl\u0131 rejissorun ba\u011fban t\u0259r\u0259find\u0259n \u00f6ld\u00fcr\u00fcld\u00fcy\u00fc iddia edilir - MEYDAN.TV\",\"isPartOf\":{\"@id\":\"https:\\\/\\\/www.meydan.tv\\\/az\\\/#website\"},\"primaryImageOfPage\":{\"@id\":\"https:\\\/\\\/www.meydan.tv\\\/az\\\/article\\\/iranli-rejissorun-bagban-terefinden-oldurulduyu-iddia-edilir\\\/#primaryimage\"},\"image\":{\"@id\":\"https:\\\/\\\/www.meydan.tv\\\/az\\\/article\\\/iranli-rejissorun-bagban-terefinden-oldurulduyu-iddia-edilir\\\/#primaryimage\"},\"thumbnailUrl\":\"https:\\\/\\\/www.meydan.tv\\\/wp-content\\\/uploads\\\/ap23288354506300.jpg\",\"datePublished\":\"2023-10-24T11:44:42+00:00\",\"dateModified\":\"2023-10-24T11:44:46+00:00\",\"breadcrumb\":{\"@id\":\"https:\\\/\\\/www.meydan.tv\\\/az\\\/article\\\/iranli-rejissorun-bagban-terefinden-oldurulduyu-iddia-edilir\\\/#breadcrumb\"},\"inLanguage\":\"az\",\"potentialAction\":[{\"@type\":\"ReadAction\",\"target\":[\"https:\\\/\\\/www.meydan.tv\\\/az\\\/article\\\/iranli-rejissorun-bagban-terefinden-oldurulduyu-iddia-edilir\\\/\"]}]},{\"@type\":\"ImageObject\",\"inLanguage\":\"az\",\"@id\":\"https:\\\/\\\/www.meydan.tv\\\/az\\\/article\\\/iranli-rejissorun-bagban-terefinden-oldurulduyu-iddia-edilir\\\/#primaryimage\",\"url\":\"https:\\\/\\\/www.meydan.tv\\\/wp-content\\\/uploads\\\/ap23288354506300.jpg\",\"contentUrl\":\"https:\\\/\\\/www.meydan.tv\\\/wp-content\\\/uploads\\\/ap23288354506300.jpg\",\"width\":1200,\"height\":799,\"caption\":\"Dariyu\u015f Mehrcuyi v\u0259 h\u0259yat yolda\u015f\u0131 V\u0259hid\u0259 M\u0259h\u0259mm\u0259dif\u0259r. Foto: \\\"cbsnew\\\"\"},{\"@type\":\"BreadcrumbList\",\"@id\":\"https:\\\/\\\/www.meydan.tv\\\/az\\\/article\\\/iranli-rejissorun-bagban-terefinden-oldurulduyu-iddia-edilir\\\/#breadcrumb\",\"itemListElement\":[{\"@type\":\"ListItem\",\"position\":1,\"name\":\"Ana s\u0259hif\u0259\",\"item\":\"https:\\\/\\\/www.meydan.tv\\\/az\\\/\"},{\"@type\":\"ListItem\",\"position\":2,\"name\":\"M\u0259d\u0259niyy\u0259t\",\"item\":\"https:\\\/\\\/www.meydan.tv\\\/az\\\/section\\\/medeniyyet\\\/\"},{\"@type\":\"ListItem\",\"position\":3,\"name\":\"\u0130ranl\u0131 rejissorun ba\u011fban t\u0259r\u0259find\u0259n \u00f6ld\u00fcr\u00fcld\u00fcy\u00fc iddia edilir\"}]},{\"@type\":\"WebSite\",\"@id\":\"https:\\\/\\\/www.meydan.tv\\\/az\\\/#website\",\"url\":\"https:\\\/\\\/www.meydan.tv\\\/az\\\/\",\"name\":\"MEYDAN.TV\",\"description\":\"Meydan TV Az\u0259rbaycan\u0131n media m\u0259kan\u0131ndak\u0131 alternativ s\u0259sidir\",\"publisher\":{\"@id\":\"https:\\\/\\\/www.meydan.tv\\\/az\\\/#organization\"},\"potentialAction\":[{\"@type\":\"SearchAction\",\"target\":{\"@type\":\"EntryPoint\",\"urlTemplate\":\"https:\\\/\\\/www.meydan.tv\\\/az\\\/?s={search_term_string}\"},\"query-input\":{\"@type\":\"PropertyValueSpecification\",\"valueRequired\":true,\"valueName\":\"search_term_string\"}}],\"inLanguage\":\"az\"},{\"@type\":\"Organization\",\"@id\":\"https:\\\/\\\/www.meydan.tv\\\/az\\\/#organization\",\"name\":\"Meydan TV\",\"url\":\"https:\\\/\\\/www.meydan.tv\\\/az\\\/\",\"logo\":{\"@type\":\"ImageObject\",\"inLanguage\":\"az\",\"@id\":\"https:\\\/\\\/www.meydan.tv\\\/az\\\/#\\\/schema\\\/logo\\\/image\\\/\",\"url\":\"https:\\\/\\\/www.meydan.tv\\\/wp-content\\\/uploads\\\/2021\\\/07\\\/meydan-logo.svg\",\"contentUrl\":\"https:\\\/\\\/www.meydan.tv\\\/wp-content\\\/uploads\\\/2021\\\/07\\\/meydan-logo.svg\",\"width\":195,\"height\":46,\"caption\":\"Meydan TV\"},\"image\":{\"@id\":\"https:\\\/\\\/www.meydan.tv\\\/az\\\/#\\\/schema\\\/logo\\\/image\\\/\"}},{\"@type\":\"Person\",\"@id\":\"https:\\\/\\\/www.meydan.tv\\\/az\\\/#\\\/schema\\\/person\\\/9cdbecf90d17180ce1dfbd95b08dcf47\",\"name\":\"elli\",\"sameAs\":[\"https:\\\/\\\/x.com\\\/elli\"]}]}<\/script>\n<!-- \/ Yoast SEO plugin. -->","yoast_head_json":{"title":"\u0130ranl\u0131 rejissorun ba\u011fban t\u0259r\u0259find\u0259n \u00f6ld\u00fcr\u00fcld\u00fcy\u00fc iddia edilir - MEYDAN.TV","robots":{"index":"index","follow":"follow","max-snippet":"max-snippet:-1","max-image-preview":"max-image-preview:large","max-video-preview":"max-video-preview:-1"},"canonical":"https:\/\/www.meydan.tv\/az\/article\/iranli-rejissorun-bagban-terefinden-oldurulduyu-iddia-edilir\/","og_locale":"az_AZ","og_type":"article","og_title":"\u0130ranl\u0131 rejissorun ba\u011fban t\u0259r\u0259find\u0259n \u00f6ld\u00fcr\u00fcld\u00fcy\u00fc iddia edilir - MEYDAN.TV","og_description":"Hakim deyib ki, q\u0259tl\u0259 s\u0259b\u0259b maliyy\u0259 m\u00fcbahis\u0259si ola bil\u0259r \u0130ranl\u0131 ... Davam\u0131","og_url":"https:\/\/www.meydan.tv\/az\/article\/iranli-rejissorun-bagban-terefinden-oldurulduyu-iddia-edilir\/","og_site_name":"MEYDAN.TV","article_published_time":"2023-10-24T11:44:42+00:00","article_modified_time":"2023-10-24T11:44:46+00:00","og_image":[{"width":1200,"height":799,"url":"https:\/\/www.meydan.tv\/wp-content\/uploads\/ap23288354506300.jpg","type":"image\/jpeg"}],"author":"elli","twitter_card":"summary_large_image","twitter_creator":"@elli","schema":{"@context":"https:\/\/schema.org","@graph":[{"@type":"Article","@id":"https:\/\/www.meydan.tv\/az\/article\/iranli-rejissorun-bagban-terefinden-oldurulduyu-iddia-edilir\/#article","isPartOf":{"@id":"https:\/\/www.meydan.tv\/az\/article\/iranli-rejissorun-bagban-terefinden-oldurulduyu-iddia-edilir\/"},"author":{"name":"elli","@id":"https:\/\/www.meydan.tv\/az\/#\/schema\/person\/9cdbecf90d17180ce1dfbd95b08dcf47"},"headline":"\u0130ranl\u0131 rejissorun ba\u011fban t\u0259r\u0259find\u0259n \u00f6ld\u00fcr\u00fcld\u00fcy\u00fc iddia edilir","datePublished":"2023-10-24T11:44:42+00:00","dateModified":"2023-10-24T11:44:46+00:00","mainEntityOfPage":{"@id":"https:\/\/www.meydan.tv\/az\/article\/iranli-rejissorun-bagban-terefinden-oldurulduyu-iddia-edilir\/"},"wordCount":454,"publisher":{"@id":"https:\/\/www.meydan.tv\/az\/#organization"},"image":{"@id":"https:\/\/www.meydan.tv\/az\/article\/iranli-rejissorun-bagban-terefinden-oldurulduyu-iddia-edilir\/#primaryimage"},"thumbnailUrl":"https:\/\/www.meydan.tv\/wp-content\/uploads\/ap23288354506300.jpg","articleSection":["M\u0259d\u0259niyy\u0259t","X\u0259b\u0259rl\u0259r"],"inLanguage":"az"},{"@type":"WebPage","@id":"https:\/\/www.meydan.tv\/az\/article\/iranli-rejissorun-bagban-terefinden-oldurulduyu-iddia-edilir\/","url":"https:\/\/www.meydan.tv\/az\/article\/iranli-rejissorun-bagban-terefinden-oldurulduyu-iddia-edilir\/","name":"\u0130ranl\u0131 rejissorun ba\u011fban t\u0259r\u0259find\u0259n \u00f6ld\u00fcr\u00fcld\u00fcy\u00fc iddia edilir - MEYDAN.TV","isPartOf":{"@id":"https:\/\/www.meydan.tv\/az\/#website"},"primaryImageOfPage":{"@id":"https:\/\/www.meydan.tv\/az\/article\/iranli-rejissorun-bagban-terefinden-oldurulduyu-iddia-edilir\/#primaryimage"},"image":{"@id":"https:\/\/www.meydan.tv\/az\/article\/iranli-rejissorun-bagban-terefinden-oldurulduyu-iddia-edilir\/#primaryimage"},"thumbnailUrl":"https:\/\/www.meydan.tv\/wp-content\/uploads\/ap23288354506300.jpg","datePublished":"2023-10-24T11:44:42+00:00","dateModified":"2023-10-24T11:44:46+00:00","breadcrumb":{"@id":"https:\/\/www.meydan.tv\/az\/article\/iranli-rejissorun-bagban-terefinden-oldurulduyu-iddia-edilir\/#breadcrumb"},"inLanguage":"az","potentialAction":[{"@type":"ReadAction","target":["https:\/\/www.meydan.tv\/az\/article\/iranli-rejissorun-bagban-terefinden-oldurulduyu-iddia-edilir\/"]}]},{"@type":"ImageObject","inLanguage":"az","@id":"https:\/\/www.meydan.tv\/az\/article\/iranli-rejissorun-bagban-terefinden-oldurulduyu-iddia-edilir\/#primaryimage","url":"https:\/\/www.meydan.tv\/wp-content\/uploads\/ap23288354506300.jpg","contentUrl":"https:\/\/www.meydan.tv\/wp-content\/uploads\/ap23288354506300.jpg","width":1200,"height":799,"caption":"Dariyu\u015f Mehrcuyi v\u0259 h\u0259yat yolda\u015f\u0131 V\u0259hid\u0259 M\u0259h\u0259mm\u0259dif\u0259r. Foto: \"cbsnew\""},{"@type":"BreadcrumbList","@id":"https:\/\/www.meydan.tv\/az\/article\/iranli-rejissorun-bagban-terefinden-oldurulduyu-iddia-edilir\/#breadcrumb","itemListElement":[{"@type":"ListItem","position":1,"name":"Ana s\u0259hif\u0259","item":"https:\/\/www.meydan.tv\/az\/"},{"@type":"ListItem","position":2,"name":"M\u0259d\u0259niyy\u0259t","item":"https:\/\/www.meydan.tv\/az\/section\/medeniyyet\/"},{"@type":"ListItem","position":3,"name":"\u0130ranl\u0131 rejissorun ba\u011fban t\u0259r\u0259find\u0259n \u00f6ld\u00fcr\u00fcld\u00fcy\u00fc iddia edilir"}]},{"@type":"WebSite","@id":"https:\/\/www.meydan.tv\/az\/#website","url":"https:\/\/www.meydan.tv\/az\/","name":"MEYDAN.TV","description":"Meydan TV Az\u0259rbaycan\u0131n media m\u0259kan\u0131ndak\u0131 alternativ s\u0259sidir","publisher":{"@id":"https:\/\/www.meydan.tv\/az\/#organization"},"potentialAction":[{"@type":"SearchAction","target":{"@type":"EntryPoint","urlTemplate":"https:\/\/www.meydan.tv\/az\/?s={search_term_string}"},"query-input":{"@type":"PropertyValueSpecification","valueRequired":true,"valueName":"search_term_string"}}],"inLanguage":"az"},{"@type":"Organization","@id":"https:\/\/www.meydan.tv\/az\/#organization","name":"Meydan TV","url":"https:\/\/www.meydan.tv\/az\/","logo":{"@type":"ImageObject","inLanguage":"az","@id":"https:\/\/www.meydan.tv\/az\/#\/schema\/logo\/image\/","url":"https:\/\/www.meydan.tv\/wp-content\/uploads\/2021\/07\/meydan-logo.svg","contentUrl":"https:\/\/www.meydan.tv\/wp-content\/uploads\/2021\/07\/meydan-logo.svg","width":195,"height":46,"caption":"Meydan TV"},"image":{"@id":"https:\/\/www.meydan.tv\/az\/#\/schema\/logo\/image\/"}},{"@type":"Person","@id":"https:\/\/www.meydan.tv\/az\/#\/schema\/person\/9cdbecf90d17180ce1dfbd95b08dcf47","name":"elli","sameAs":["https:\/\/x.com\/elli"]}]}},"_links":{"self":[{"href":"https:\/\/www.meydan.tv\/az\/wp-json\/wp\/v2\/posts\/288679","targetHints":{"allow":["GET"]}}],"collection":[{"href":"https:\/\/www.meydan.tv\/az\/wp-json\/wp\/v2\/posts"}],"about":[{"href":"https:\/\/www.meydan.tv\/az\/wp-json\/wp\/v2\/types\/post"}],"author":[{"embeddable":true,"href":"https:\/\/www.meydan.tv\/az\/wp-json\/wp\/v2\/users\/8"}],"replies":[{"embeddable":true,"href":"https:\/\/www.meydan.tv\/az\/wp-json\/wp\/v2\/comments?post=288679"}],"version-history":[{"count":3,"href":"https:\/\/www.meydan.tv\/az\/wp-json\/wp\/v2\/posts\/288679\/revisions"}],"predecessor-version":[{"id":288687,"href":"https:\/\/www.meydan.tv\/az\/wp-json\/wp\/v2\/posts\/288679\/revisions\/288687"}],"wp:featuredmedia":[{"embeddable":true,"href":"https:\/\/www.meydan.tv\/az\/wp-json\/wp\/v2\/media\/288681"}],"wp:attachment":[{"href":"https:\/\/www.meydan.tv\/az\/wp-json\/wp\/v2\/media?parent=288679"}],"wp:term":[{"taxonomy":"category","embeddable":true,"href":"https:\/\/www.meydan.tv\/az\/wp-json\/wp\/v2\/categories?post=288679"},{"taxonomy":"post_tag","embeddable":true,"href":"https:\/\/www.meydan.tv\/az\/wp-json\/wp\/v2\/tags?post=288679"}],"curies":[{"name":"wp","href":"https:\/\/api.w.org\/{rel}","templated":true}]}}