{"id":288661,"date":"2023-10-24T13:53:56","date_gmt":"2023-10-24T09:53:56","guid":{"rendered":"https:\/\/www.meydan.tv\/?p=288661"},"modified":"2023-10-24T13:54:00","modified_gmt":"2023-10-24T09:54:00","slug":"iranin-basina-pul-qoydugu-yazici-mukafat-aldi","status":"publish","type":"post","link":"https:\/\/www.meydan.tv\/az\/article\/iranin-basina-pul-qoydugu-yazici-mukafat-aldi\/","title":{"rendered":"\u0130ran\u0131n ba\u015f\u0131na pul qoydu\u011fu yaz\u0131\u00e7\u0131 m\u00fckafat ald\u0131"},"content":{"rendered":"\n<p><\/p>\n\n\n\n<p><strong><em>Salman R\u00fc\u015fdi Ukrayna v\u0259 Yax\u0131n \u015e\u0259rqd\u0259 m\u00fcharib\u0259l\u0259ri dayand\u0131rma\u011fa \u00e7a\u011f\u0131r\u0131b<\/em><\/strong><\/p>\n\n\n\n<p>Britaniya v\u0259t\u0259nda\u015f\u0131, Hindistan \u0259silli yaz\u0131\u00e7\u0131 Salman R\u00fc\u015fdinin Almaniya N\u0259\u015friyyatlar\u0131 v\u0259 Kitab Sat\u0131c\u0131lar\u0131 Assosiasiyas\u0131n\u0131n S\u00fclh M\u00fckafat\u0131na layiq g\u00f6r\u00fcld\u00fcy\u00fc <a href=\"https:\/\/ru.euronews.com\/culture\/2023\/10\/23\/rushdie-literature-award\">bildirilir.<\/a><\/p>\n\n\n\n<p>T\u0259\u015fkilat komit\u0259sind\u0259n veril\u0259n m\u0259lumata g\u00f6r\u0259, m\u00fckafat yaz\u0131\u00e7\u0131ya t\u0259hdid v\u0259 t\u0259zyiql\u0259r alt\u0131nda ya\u015famas\u0131na baxmayaraq, m\u00fck\u0259mm\u0259l t\u0259x\u0259yy\u00fcl\u00fcn\u00fc v\u0259 d\u0259rin insan\u0131 keyfiyy\u0259tl\u0259rini qorudu\u011fu \u00fc\u00e7\u00fcn verilib.<\/p>\n\n\n\n<p>Salman R\u00fc\u015fdi Almaniya m\u00fckafat\u0131n\u0131n t\u0259qdimat\u0131 zaman\u0131 \u00e7\u0131x\u0131\u015f\u0131nda s\u00f6z azadl\u0131\u011f\u0131n\u0131 qoruma\u011fa, Ukrayna v\u0259 Yax\u0131n \u015e\u0259rqd\u0259 m\u00fcharib\u0259l\u0259ri dayand\u0131rma\u011fa \u00e7a\u011f\u0131r\u0131b.<\/p>\n\n\n\n<p>Yaz\u0131\u00e7\u0131n\u0131n 1988-ci ild\u0259 yazd\u0131\u011f\u0131 \u201c\u015eeytan ay\u0259l\u0259ri\u201d roman\u0131 m\u00fcs\u0259lmanlar\u0131n k\u0259skin etiraz\u0131na s\u0259b\u0259b olub. M\u00fcs\u0259lman \u0259halisinin \u00fcst\u00fcnl\u00fck t\u0259\u015fkil etdiyi bir \u00e7ox \u00f6lk\u0259d\u0259 onun sat\u0131\u015f\u0131 qada\u011fan edilib.<\/p>\n\n\n\n<p>1989-cu ild\u0259 \u0130ran\u0131n o zamank\u0131 ali lideri Ay\u0259tullah Ruhullah Xomeyni m\u00fcs\u0259lmanlar\u0131 k\u00fcfr etdiyin\u0259 g\u00f6r\u0259 yaz\u0131\u00e7\u0131n\u0131 \u00f6ld\u00fcrm\u0259y\u0259 \u00e7a\u011f\u0131ran f\u0259tva verib.<\/p>\n\n\n\n<p>2012-ci ild\u0259 \u0130ran\u0131n dini fondu yaz\u0131\u00e7\u0131n\u0131n q\u0259tlin\u0259 g\u00f6r\u0259 3,3 milyon dollar m\u00fckafat t\u0259yin edib.<\/p>\n\n\n\n<p>2022-ci il avqustun 12-d\u0259 Nyu-York \u015ftat\u0131nda ke\u00e7iril\u0259n bir t\u0259dbird\u0259 m\u00fchazir\u0259 oxumaq ist\u0259y\u0259n yaz\u0131\u00e7\u0131 boynundan b\u0131\u00e7aqlan\u0131b. N\u0259tic\u0259d\u0259 yaz\u0131\u00e7\u0131 bir g\u00f6z\u00fcn\u00fc <a href=\"https:\/\/d9mc3ts4czbpr.cloudfront.net\/az\/article\/bicaqlanan-yazici-salman-rusdi-bir-gozunu-itire-biler\/\">itirib.<\/a><\/p>\n\n\n\n<p>Hadis\u0259 \u00c7atokua (Chautauqua) \u0130nstitutunda ba\u015f verib v\u0259 polis h\u00fccumda \u015f\u00fcbh\u0259li bilin\u0259n \u015f\u0259xsin Nyu-Cersi \u015ftat\u0131n\u0131n Fervyu \u015f\u0259h\u0259rind\u0259n olan 24 ya\u015fl\u0131 Hadi Matar oldu\u011funu bildirib.<\/p>\n","protected":false},"excerpt":{"rendered":"<p>Salman R\u00fc\u015fdi Ukrayna v\u0259 Yax\u0131n \u015e\u0259rqd\u0259 m\u00fcharib\u0259l\u0259ri dayand\u0131rma\u011fa \u00e7a\u011f\u0131r\u0131b Britaniya &#8230; <\/p>\n<p class=\"read-more-container\"><a title=\"\u0130ran\u0131n ba\u015f\u0131na pul qoydu\u011fu yaz\u0131\u00e7\u0131 m\u00fckafat ald\u0131\" class=\"read-more button\" href=\"https:\/\/www.meydan.tv\/az\/article\/iranin-basina-pul-qoydugu-yazici-mukafat-aldi\/#more-288661\" aria-label=\"Read more about \u0130ran\u0131n ba\u015f\u0131na pul qoydu\u011fu yaz\u0131\u00e7\u0131 m\u00fckafat ald\u0131\">Davam\u0131<\/a><\/p>\n","protected":false},"author":8,"featured_media":288665,"comment_status":"closed","ping_status":"closed","sticky":false,"template":"","format":"standard","meta":{"_acf_changed":false,"_sitemap_exclude":false,"_sitemap_priority":"","_sitemap_frequency":"","footnotes":""},"categories":[52,56],"tags":[],"class_list":["post-288661","post","type-post","status-publish","format-standard","has-post-thumbnail","hentry","category-medeniyyet","category-xeberler","infinite-scroll-item","generate-columns","tablet-grid-50","mobile-grid-100","grid-parent","grid-33","no-featured-image-padding"],"acf":[],"yoast_head":"<!-- This site is optimized with the Yoast SEO plugin v27.4 - https:\/\/yoast.com\/product\/yoast-seo-wordpress\/ -->\n<title>\u0130ran\u0131n ba\u015f\u0131na pul qoydu\u011fu yaz\u0131\u00e7\u0131 m\u00fckafat ald\u0131 - MEYDAN.TV<\/title>\n<meta name=\"robots\" content=\"index, follow, max-snippet:-1, max-image-preview:large, max-video-preview:-1\" \/>\n<link rel=\"canonical\" href=\"https:\/\/www.meydan.tv\/az\/article\/iranin-basina-pul-qoydugu-yazici-mukafat-aldi\/\" \/>\n<meta property=\"og:locale\" content=\"az_AZ\" \/>\n<meta property=\"og:type\" content=\"article\" \/>\n<meta property=\"og:title\" content=\"\u0130ran\u0131n ba\u015f\u0131na pul qoydu\u011fu yaz\u0131\u00e7\u0131 m\u00fckafat ald\u0131 - MEYDAN.TV\" \/>\n<meta property=\"og:description\" content=\"Salman R\u00fc\u015fdi Ukrayna v\u0259 Yax\u0131n \u015e\u0259rqd\u0259 m\u00fcharib\u0259l\u0259ri dayand\u0131rma\u011fa \u00e7a\u011f\u0131r\u0131b Britaniya ... Davam\u0131\" \/>\n<meta property=\"og:url\" content=\"https:\/\/www.meydan.tv\/az\/article\/iranin-basina-pul-qoydugu-yazici-mukafat-aldi\/\" \/>\n<meta property=\"og:site_name\" content=\"MEYDAN.TV\" \/>\n<meta property=\"article:published_time\" content=\"2023-10-24T09:53:56+00:00\" \/>\n<meta property=\"article:modified_time\" content=\"2023-10-24T09:54:00+00:00\" \/>\n<meta property=\"og:image\" content=\"https:\/\/www.meydan.tv\/wp-content\/uploads\/shutterstock_737625403-e1698140947345.jpg\" \/>\n\t<meta property=\"og:image:width\" content=\"1200\" \/>\n\t<meta property=\"og:image:height\" content=\"598\" \/>\n\t<meta property=\"og:image:type\" content=\"image\/jpeg\" \/>\n<meta name=\"author\" content=\"elli\" \/>\n<meta name=\"twitter:card\" content=\"summary_large_image\" \/>\n<meta name=\"twitter:creator\" content=\"@elli\" \/>\n<script type=\"application\/ld+json\" class=\"yoast-schema-graph\">{\"@context\":\"https:\\\/\\\/schema.org\",\"@graph\":[{\"@type\":\"Article\",\"@id\":\"https:\\\/\\\/www.meydan.tv\\\/az\\\/article\\\/iranin-basina-pul-qoydugu-yazici-mukafat-aldi\\\/#article\",\"isPartOf\":{\"@id\":\"https:\\\/\\\/www.meydan.tv\\\/az\\\/article\\\/iranin-basina-pul-qoydugu-yazici-mukafat-aldi\\\/\"},\"author\":{\"name\":\"elli\",\"@id\":\"https:\\\/\\\/www.meydan.tv\\\/az\\\/#\\\/schema\\\/person\\\/9cdbecf90d17180ce1dfbd95b08dcf47\"},\"headline\":\"\u0130ran\u0131n ba\u015f\u0131na pul qoydu\u011fu yaz\u0131\u00e7\u0131 m\u00fckafat ald\u0131\",\"datePublished\":\"2023-10-24T09:53:56+00:00\",\"dateModified\":\"2023-10-24T09:54:00+00:00\",\"mainEntityOfPage\":{\"@id\":\"https:\\\/\\\/www.meydan.tv\\\/az\\\/article\\\/iranin-basina-pul-qoydugu-yazici-mukafat-aldi\\\/\"},\"wordCount\":298,\"publisher\":{\"@id\":\"https:\\\/\\\/www.meydan.tv\\\/az\\\/#organization\"},\"image\":{\"@id\":\"https:\\\/\\\/www.meydan.tv\\\/az\\\/article\\\/iranin-basina-pul-qoydugu-yazici-mukafat-aldi\\\/#primaryimage\"},\"thumbnailUrl\":\"https:\\\/\\\/www.meydan.tv\\\/wp-content\\\/uploads\\\/shutterstock_737625403-e1698140947345.jpg\",\"articleSection\":[\"M\u0259d\u0259niyy\u0259t\",\"X\u0259b\u0259rl\u0259r\"],\"inLanguage\":\"az\"},{\"@type\":\"WebPage\",\"@id\":\"https:\\\/\\\/www.meydan.tv\\\/az\\\/article\\\/iranin-basina-pul-qoydugu-yazici-mukafat-aldi\\\/\",\"url\":\"https:\\\/\\\/www.meydan.tv\\\/az\\\/article\\\/iranin-basina-pul-qoydugu-yazici-mukafat-aldi\\\/\",\"name\":\"\u0130ran\u0131n ba\u015f\u0131na pul qoydu\u011fu yaz\u0131\u00e7\u0131 m\u00fckafat ald\u0131 - MEYDAN.TV\",\"isPartOf\":{\"@id\":\"https:\\\/\\\/www.meydan.tv\\\/az\\\/#website\"},\"primaryImageOfPage\":{\"@id\":\"https:\\\/\\\/www.meydan.tv\\\/az\\\/article\\\/iranin-basina-pul-qoydugu-yazici-mukafat-aldi\\\/#primaryimage\"},\"image\":{\"@id\":\"https:\\\/\\\/www.meydan.tv\\\/az\\\/article\\\/iranin-basina-pul-qoydugu-yazici-mukafat-aldi\\\/#primaryimage\"},\"thumbnailUrl\":\"https:\\\/\\\/www.meydan.tv\\\/wp-content\\\/uploads\\\/shutterstock_737625403-e1698140947345.jpg\",\"datePublished\":\"2023-10-24T09:53:56+00:00\",\"dateModified\":\"2023-10-24T09:54:00+00:00\",\"breadcrumb\":{\"@id\":\"https:\\\/\\\/www.meydan.tv\\\/az\\\/article\\\/iranin-basina-pul-qoydugu-yazici-mukafat-aldi\\\/#breadcrumb\"},\"inLanguage\":\"az\",\"potentialAction\":[{\"@type\":\"ReadAction\",\"target\":[\"https:\\\/\\\/www.meydan.tv\\\/az\\\/article\\\/iranin-basina-pul-qoydugu-yazici-mukafat-aldi\\\/\"]}]},{\"@type\":\"ImageObject\",\"inLanguage\":\"az\",\"@id\":\"https:\\\/\\\/www.meydan.tv\\\/az\\\/article\\\/iranin-basina-pul-qoydugu-yazici-mukafat-aldi\\\/#primaryimage\",\"url\":\"https:\\\/\\\/www.meydan.tv\\\/wp-content\\\/uploads\\\/shutterstock_737625403-e1698140947345.jpg\",\"contentUrl\":\"https:\\\/\\\/www.meydan.tv\\\/wp-content\\\/uploads\\\/shutterstock_737625403-e1698140947345.jpg\",\"width\":1200,\"height\":598,\"caption\":\"Salman R\u00fc\u015fdi. Foto: Markus Wissmann\\\/shutterstock\"},{\"@type\":\"BreadcrumbList\",\"@id\":\"https:\\\/\\\/www.meydan.tv\\\/az\\\/article\\\/iranin-basina-pul-qoydugu-yazici-mukafat-aldi\\\/#breadcrumb\",\"itemListElement\":[{\"@type\":\"ListItem\",\"position\":1,\"name\":\"Ana s\u0259hif\u0259\",\"item\":\"https:\\\/\\\/www.meydan.tv\\\/az\\\/\"},{\"@type\":\"ListItem\",\"position\":2,\"name\":\"M\u0259d\u0259niyy\u0259t\",\"item\":\"https:\\\/\\\/www.meydan.tv\\\/az\\\/section\\\/medeniyyet\\\/\"},{\"@type\":\"ListItem\",\"position\":3,\"name\":\"\u0130ran\u0131n ba\u015f\u0131na pul qoydu\u011fu yaz\u0131\u00e7\u0131 m\u00fckafat ald\u0131\"}]},{\"@type\":\"WebSite\",\"@id\":\"https:\\\/\\\/www.meydan.tv\\\/az\\\/#website\",\"url\":\"https:\\\/\\\/www.meydan.tv\\\/az\\\/\",\"name\":\"MEYDAN.TV\",\"description\":\"Meydan TV Az\u0259rbaycan\u0131n media m\u0259kan\u0131ndak\u0131 alternativ s\u0259sidir\",\"publisher\":{\"@id\":\"https:\\\/\\\/www.meydan.tv\\\/az\\\/#organization\"},\"potentialAction\":[{\"@type\":\"SearchAction\",\"target\":{\"@type\":\"EntryPoint\",\"urlTemplate\":\"https:\\\/\\\/www.meydan.tv\\\/az\\\/?s={search_term_string}\"},\"query-input\":{\"@type\":\"PropertyValueSpecification\",\"valueRequired\":true,\"valueName\":\"search_term_string\"}}],\"inLanguage\":\"az\"},{\"@type\":\"Organization\",\"@id\":\"https:\\\/\\\/www.meydan.tv\\\/az\\\/#organization\",\"name\":\"Meydan TV\",\"url\":\"https:\\\/\\\/www.meydan.tv\\\/az\\\/\",\"logo\":{\"@type\":\"ImageObject\",\"inLanguage\":\"az\",\"@id\":\"https:\\\/\\\/www.meydan.tv\\\/az\\\/#\\\/schema\\\/logo\\\/image\\\/\",\"url\":\"https:\\\/\\\/www.meydan.tv\\\/wp-content\\\/uploads\\\/2021\\\/07\\\/meydan-logo.svg\",\"contentUrl\":\"https:\\\/\\\/www.meydan.tv\\\/wp-content\\\/uploads\\\/2021\\\/07\\\/meydan-logo.svg\",\"width\":195,\"height\":46,\"caption\":\"Meydan TV\"},\"image\":{\"@id\":\"https:\\\/\\\/www.meydan.tv\\\/az\\\/#\\\/schema\\\/logo\\\/image\\\/\"}},{\"@type\":\"Person\",\"@id\":\"https:\\\/\\\/www.meydan.tv\\\/az\\\/#\\\/schema\\\/person\\\/9cdbecf90d17180ce1dfbd95b08dcf47\",\"name\":\"elli\",\"sameAs\":[\"https:\\\/\\\/x.com\\\/elli\"]}]}<\/script>\n<!-- \/ Yoast SEO plugin. -->","yoast_head_json":{"title":"\u0130ran\u0131n ba\u015f\u0131na pul qoydu\u011fu yaz\u0131\u00e7\u0131 m\u00fckafat ald\u0131 - MEYDAN.TV","robots":{"index":"index","follow":"follow","max-snippet":"max-snippet:-1","max-image-preview":"max-image-preview:large","max-video-preview":"max-video-preview:-1"},"canonical":"https:\/\/www.meydan.tv\/az\/article\/iranin-basina-pul-qoydugu-yazici-mukafat-aldi\/","og_locale":"az_AZ","og_type":"article","og_title":"\u0130ran\u0131n ba\u015f\u0131na pul qoydu\u011fu yaz\u0131\u00e7\u0131 m\u00fckafat ald\u0131 - MEYDAN.TV","og_description":"Salman R\u00fc\u015fdi Ukrayna v\u0259 Yax\u0131n \u015e\u0259rqd\u0259 m\u00fcharib\u0259l\u0259ri dayand\u0131rma\u011fa \u00e7a\u011f\u0131r\u0131b Britaniya ... Davam\u0131","og_url":"https:\/\/www.meydan.tv\/az\/article\/iranin-basina-pul-qoydugu-yazici-mukafat-aldi\/","og_site_name":"MEYDAN.TV","article_published_time":"2023-10-24T09:53:56+00:00","article_modified_time":"2023-10-24T09:54:00+00:00","og_image":[{"width":1200,"height":598,"url":"https:\/\/www.meydan.tv\/wp-content\/uploads\/shutterstock_737625403-e1698140947345.jpg","type":"image\/jpeg"}],"author":"elli","twitter_card":"summary_large_image","twitter_creator":"@elli","schema":{"@context":"https:\/\/schema.org","@graph":[{"@type":"Article","@id":"https:\/\/www.meydan.tv\/az\/article\/iranin-basina-pul-qoydugu-yazici-mukafat-aldi\/#article","isPartOf":{"@id":"https:\/\/www.meydan.tv\/az\/article\/iranin-basina-pul-qoydugu-yazici-mukafat-aldi\/"},"author":{"name":"elli","@id":"https:\/\/www.meydan.tv\/az\/#\/schema\/person\/9cdbecf90d17180ce1dfbd95b08dcf47"},"headline":"\u0130ran\u0131n ba\u015f\u0131na pul qoydu\u011fu yaz\u0131\u00e7\u0131 m\u00fckafat ald\u0131","datePublished":"2023-10-24T09:53:56+00:00","dateModified":"2023-10-24T09:54:00+00:00","mainEntityOfPage":{"@id":"https:\/\/www.meydan.tv\/az\/article\/iranin-basina-pul-qoydugu-yazici-mukafat-aldi\/"},"wordCount":298,"publisher":{"@id":"https:\/\/www.meydan.tv\/az\/#organization"},"image":{"@id":"https:\/\/www.meydan.tv\/az\/article\/iranin-basina-pul-qoydugu-yazici-mukafat-aldi\/#primaryimage"},"thumbnailUrl":"https:\/\/www.meydan.tv\/wp-content\/uploads\/shutterstock_737625403-e1698140947345.jpg","articleSection":["M\u0259d\u0259niyy\u0259t","X\u0259b\u0259rl\u0259r"],"inLanguage":"az"},{"@type":"WebPage","@id":"https:\/\/www.meydan.tv\/az\/article\/iranin-basina-pul-qoydugu-yazici-mukafat-aldi\/","url":"https:\/\/www.meydan.tv\/az\/article\/iranin-basina-pul-qoydugu-yazici-mukafat-aldi\/","name":"\u0130ran\u0131n ba\u015f\u0131na pul qoydu\u011fu yaz\u0131\u00e7\u0131 m\u00fckafat ald\u0131 - MEYDAN.TV","isPartOf":{"@id":"https:\/\/www.meydan.tv\/az\/#website"},"primaryImageOfPage":{"@id":"https:\/\/www.meydan.tv\/az\/article\/iranin-basina-pul-qoydugu-yazici-mukafat-aldi\/#primaryimage"},"image":{"@id":"https:\/\/www.meydan.tv\/az\/article\/iranin-basina-pul-qoydugu-yazici-mukafat-aldi\/#primaryimage"},"thumbnailUrl":"https:\/\/www.meydan.tv\/wp-content\/uploads\/shutterstock_737625403-e1698140947345.jpg","datePublished":"2023-10-24T09:53:56+00:00","dateModified":"2023-10-24T09:54:00+00:00","breadcrumb":{"@id":"https:\/\/www.meydan.tv\/az\/article\/iranin-basina-pul-qoydugu-yazici-mukafat-aldi\/#breadcrumb"},"inLanguage":"az","potentialAction":[{"@type":"ReadAction","target":["https:\/\/www.meydan.tv\/az\/article\/iranin-basina-pul-qoydugu-yazici-mukafat-aldi\/"]}]},{"@type":"ImageObject","inLanguage":"az","@id":"https:\/\/www.meydan.tv\/az\/article\/iranin-basina-pul-qoydugu-yazici-mukafat-aldi\/#primaryimage","url":"https:\/\/www.meydan.tv\/wp-content\/uploads\/shutterstock_737625403-e1698140947345.jpg","contentUrl":"https:\/\/www.meydan.tv\/wp-content\/uploads\/shutterstock_737625403-e1698140947345.jpg","width":1200,"height":598,"caption":"Salman R\u00fc\u015fdi. Foto: Markus Wissmann\/shutterstock"},{"@type":"BreadcrumbList","@id":"https:\/\/www.meydan.tv\/az\/article\/iranin-basina-pul-qoydugu-yazici-mukafat-aldi\/#breadcrumb","itemListElement":[{"@type":"ListItem","position":1,"name":"Ana s\u0259hif\u0259","item":"https:\/\/www.meydan.tv\/az\/"},{"@type":"ListItem","position":2,"name":"M\u0259d\u0259niyy\u0259t","item":"https:\/\/www.meydan.tv\/az\/section\/medeniyyet\/"},{"@type":"ListItem","position":3,"name":"\u0130ran\u0131n ba\u015f\u0131na pul qoydu\u011fu yaz\u0131\u00e7\u0131 m\u00fckafat ald\u0131"}]},{"@type":"WebSite","@id":"https:\/\/www.meydan.tv\/az\/#website","url":"https:\/\/www.meydan.tv\/az\/","name":"MEYDAN.TV","description":"Meydan TV Az\u0259rbaycan\u0131n media m\u0259kan\u0131ndak\u0131 alternativ s\u0259sidir","publisher":{"@id":"https:\/\/www.meydan.tv\/az\/#organization"},"potentialAction":[{"@type":"SearchAction","target":{"@type":"EntryPoint","urlTemplate":"https:\/\/www.meydan.tv\/az\/?s={search_term_string}"},"query-input":{"@type":"PropertyValueSpecification","valueRequired":true,"valueName":"search_term_string"}}],"inLanguage":"az"},{"@type":"Organization","@id":"https:\/\/www.meydan.tv\/az\/#organization","name":"Meydan TV","url":"https:\/\/www.meydan.tv\/az\/","logo":{"@type":"ImageObject","inLanguage":"az","@id":"https:\/\/www.meydan.tv\/az\/#\/schema\/logo\/image\/","url":"https:\/\/www.meydan.tv\/wp-content\/uploads\/2021\/07\/meydan-logo.svg","contentUrl":"https:\/\/www.meydan.tv\/wp-content\/uploads\/2021\/07\/meydan-logo.svg","width":195,"height":46,"caption":"Meydan TV"},"image":{"@id":"https:\/\/www.meydan.tv\/az\/#\/schema\/logo\/image\/"}},{"@type":"Person","@id":"https:\/\/www.meydan.tv\/az\/#\/schema\/person\/9cdbecf90d17180ce1dfbd95b08dcf47","name":"elli","sameAs":["https:\/\/x.com\/elli"]}]}},"_links":{"self":[{"href":"https:\/\/www.meydan.tv\/az\/wp-json\/wp\/v2\/posts\/288661","targetHints":{"allow":["GET"]}}],"collection":[{"href":"https:\/\/www.meydan.tv\/az\/wp-json\/wp\/v2\/posts"}],"about":[{"href":"https:\/\/www.meydan.tv\/az\/wp-json\/wp\/v2\/types\/post"}],"author":[{"embeddable":true,"href":"https:\/\/www.meydan.tv\/az\/wp-json\/wp\/v2\/users\/8"}],"replies":[{"embeddable":true,"href":"https:\/\/www.meydan.tv\/az\/wp-json\/wp\/v2\/comments?post=288661"}],"version-history":[{"count":3,"href":"https:\/\/www.meydan.tv\/az\/wp-json\/wp\/v2\/posts\/288661\/revisions"}],"predecessor-version":[{"id":288670,"href":"https:\/\/www.meydan.tv\/az\/wp-json\/wp\/v2\/posts\/288661\/revisions\/288670"}],"wp:featuredmedia":[{"embeddable":true,"href":"https:\/\/www.meydan.tv\/az\/wp-json\/wp\/v2\/media\/288665"}],"wp:attachment":[{"href":"https:\/\/www.meydan.tv\/az\/wp-json\/wp\/v2\/media?parent=288661"}],"wp:term":[{"taxonomy":"category","embeddable":true,"href":"https:\/\/www.meydan.tv\/az\/wp-json\/wp\/v2\/categories?post=288661"},{"taxonomy":"post_tag","embeddable":true,"href":"https:\/\/www.meydan.tv\/az\/wp-json\/wp\/v2\/tags?post=288661"}],"curies":[{"name":"wp","href":"https:\/\/api.w.org\/{rel}","templated":true}]}}