{"id":288589,"date":"2023-10-23T18:02:27","date_gmt":"2023-10-23T14:02:27","guid":{"rendered":"https:\/\/www.meydan.tv\/?p=288589"},"modified":"2023-10-23T18:09:30","modified_gmt":"2023-10-23T14:09:30","slug":"qetl-ittihamiyla-4-ildir-hebsde-olan-sexs-beraet-isteyir-boynuma-goturmekden-basqa-yol-qoymadilar","status":"publish","type":"post","link":"https:\/\/www.meydan.tv\/az\/article\/qetl-ittihamiyla-4-ildir-hebsde-olan-sexs-beraet-isteyir-boynuma-goturmekden-basqa-yol-qoymadilar\/","title":{"rendered":"Q\u0259tl ittiham\u0131yla 4 ildir h\u0259bsd\u0259 olan \u015f\u0259xs b\u0259ra\u0259t ist\u0259yir: \u201cBoynuma g\u00f6t\u00fcrm\u0259kd\u0259n ba\u015fqa yol qoymad\u0131lar&#8230;\u201d"},"content":{"rendered":"\n<p><\/p>\n\n\n\n<p><em><strong>Polad \u0130smay\u0131lov bildirib ki, ona i\u015fg\u0259nc\u0259 verm\u0259kd\u0259n \u0259lav\u0259, h\u0259m d\u0259 zorlama ittiham\u0131 ir\u0259li s\u00fcrm\u0259kl\u0259, \u00f6vladlar\u0131yla da h\u0259d\u0259l\u0259yibl\u0259r<\/strong><\/em><\/p>\n\n\n\n<p>4 il\u0259 yax\u0131nd\u0131r h\u0259bsd\u0259 olan G\u0259nc\u0259 sakini Polad \u0130smay\u0131lova q\u0259sd\u0259n adam \u00f6ld\u00fcrm\u0259 ittiham\u0131yla 11 il azadl\u0131qdan m\u0259hrumetm\u0259 c\u0259zas\u0131 verils\u0259 d\u0259, Ali M\u0259hk\u0259m\u0259 onun i\u015fin\u0259 d\u00fczg\u00fcn bax\u0131lmamas\u0131 q\u0259na\u0259tin\u0259 g\u0259lmi\u015f v\u0259 i\u015fi apelyasiya instansiyas\u0131na geri qaytarm\u0131\u015fd\u0131. Xeyli vaxtd\u0131r ki, \u015e\u0259ki A\u011f\u0131r Cinay\u0259tl\u0259r M\u0259hk\u0259m\u0259si onun ittiham olundu\u011fu \u00f6l\u00fcm i\u015fini yenid\u0259n ara\u015fd\u0131r\u0131r.<\/p>\n\n\n\n<p>50 ya\u015fl\u0131 Polad \u0130smay\u0131lov Zaqatalada 61 ya\u015fl\u0131 Seyran \u018fyyubovan\u0131 ya\u015fad\u0131\u011f\u0131 evd\u0259 q\u0259tl\u0259 yetirm\u0259kd\u0259 ittiham olunur. S\u00f6z\u00fcged\u0259n q\u0259tl hadis\u0259si 2011-ci ilin fevral\u0131nda ba\u015f verib. Polad \u0130smay\u0131lov is\u0259 2020-ci ilin fevral\u0131nda h\u0259bs olunub. Onun h\u0259bsind\u0259n sonra prokurorluq bu bar\u0259d\u0259 yayd\u0131\u011f\u0131 r\u0259smi m\u0259lumatda bunu uzun ill\u0259r ba\u011fl\u0131 qalm\u0131\u015f cinay\u0259tin \u00fcst\u00fcn\u00fcn a\u00e7\u0131lmas\u0131 kimi d\u0259y\u0259rl\u0259ndirmi\u015fdi.<\/p>\n\n\n\n<p>Seyran \u018fyyubova evini g\u00fcnd\u0259lik kiray\u0259 verirmi\u015f. H\u0259r g\u00fcn onun evind\u0259 m\u00fcxt\u0259lif adamlar qal\u0131rm\u0131\u015f. Y\u00fck ma\u015f\u0131n\u0131n\u0131n s\u00fcr\u00fcc\u00fcs\u00fc olan, mi\u015far da\u015flar\u0131 v\u0259 ba\u015fqa y\u00fckl\u0259r da\u015f\u0131yan Polad \u0130smay\u0131lov da hadis\u0259y\u0259 q\u0259d\u0259r d\u0259f\u0259l\u0259rl\u0259 onun evind\u0259 qal\u0131b.<\/p>\n\n\n\n<p>Polad \u0130smay\u0131lov ittiham\u0131 q\u0259bul etmir, bu cinay\u0259tin onun \u00fcz\u0259rin\u0259 i\u015fg\u0259nc\u0259 yoluyla qoyuldu\u011funu deyir. Onun s\u00f6zl\u0259rin\u0259 g\u00f6r\u0259, 2020-ci ilin fevral\u0131nda Zaqatala Rayon Polis \u015e\u00f6b\u0259sin\u0259 \u00e7a\u011f\u0131r\u0131l\u0131b. \u015e\u00f6b\u0259nin qar\u015f\u0131s\u0131nda g\u00f6zl\u0259diyi zaman siqareti yer\u0259 atmaq b\u0259han\u0259siyl\u0259 \u00f6nc\u0259 haqq\u0131nda polis\u0259 m\u00fcqavim\u0259t ittiham\u0131yla 10 g\u00fcnl\u00fck inzibati h\u0259bs q\u0259rar\u0131 \u00e7\u0131xar\u0131l\u0131b. Bu m\u00fcdd\u0259td\u0259 is\u0259 ona a\u011flas\u0131\u011fmaz i\u015fg\u0259nc\u0259l\u0259r verib, 9 il \u0259vv\u0259l ba\u015f vermi\u015f q\u0259tli \u00fcz\u0259rin\u0259 g\u00f6t\u00fcrm\u0259y\u0259 m\u0259cbur edibl\u0259r.<\/p>\n\n\n\n<p>Polad \u0130smay\u0131lov bildirib ki, ona i\u015fg\u0259nc\u0259 verm\u0259kd\u0259n \u0259lav\u0259, h\u0259m d\u0259 zorlama ittiham\u0131 ir\u0259li s\u00fcrm\u0259kl\u0259, \u00f6vladlar\u0131yla da h\u0259d\u0259l\u0259yibl\u0259r:<\/p>\n\n\n\n<p><em>\u201cO q\u0259d\u0259r i\u015fg\u0259nc\u0259 verdil\u0259r, murdarl\u0131q el\u0259dil\u0259r&#8230; Boynuma g\u00f6t\u00fcrm\u0259kd\u0259n ba\u015fqa yol qoymad\u0131lar\u201d.<\/em><\/p>\n\n\n\n<p>Polad \u0130smay\u0131lov inzibati h\u0259bsd\u0259 oldu\u011fu m\u00fcdd\u0259td\u0259 ondan \u0259riz\u0259 al\u0131n\u0131b. \u018friz\u0259d\u0259 g\u00f6st\u0259rib ki, o, 9 il \u00f6nc\u0259 t\u00f6r\u0259tdiyi q\u0259tli etiraf etm\u0259k ist\u0259yir, buna g\u00f6r\u0259 vicdan \u0259zab\u0131 \u00e7\u0259kir v\u0259 s.<\/p>\n\n\n\n<p>Haz\u0131rda \u015e\u0259ki Apelyasiya M\u0259hk\u0259m\u0259sind\u0259 ke\u00e7iril\u0259n m\u0259hk\u0259m\u0259 prosesind\u0259 \u015fahidl\u0259rin dindirilm\u0259si m\u0259rh\u0259l\u0259sidir. Bud\u0259f\u0259ki m\u0259hk\u0259m\u0259 iclas\u0131nda 4 il \u00f6nc\u0259 ekspert kimi r\u0259y vermi\u015f G\u00fcnd\u00fcz C\u0259bray\u0131lov dindirilib.<\/p>\n\n\n\n<p>M\u0259s\u0259l\u0259 buras\u0131ndad\u0131r ki, hadis\u0259 yerind\u0259n Seyran \u018fyyubovan\u0131n qan\u0131yla yana\u015f\u0131, ba\u015fqa bir qan da tap\u0131l\u0131b. H\u0259min qan III qrup olub. Bu ekspert Polad \u0130smay\u0131lovun qan\u0131yla hadis\u0259 yerind\u0259n tap\u0131lan qan n\u00fcmun\u0259sinin eyni \u015f\u0259xs\u0259 m\u0259xsus olmas\u0131 haqda r\u0259y verib. Halbuki, Polad \u0130smay\u0131lovun qan\u0131 I qrupdur.<\/p>\n\n\n\n<p>G\u00fcnd\u00fcz C\u0259bray\u0131lov m\u0259hk\u0259m\u0259d\u0259 \u00f6z\u00fcn\u00fc t\u0259qdim ed\u0259rk\u0259n bildirib ki, Daxili \u0130\u015fl\u0259r Nazirliyinin \u0259m\u0259kda\u015f\u0131d\u0131r, polkovnik-leytenantd\u0131r.<\/p>\n\n\n\n<p>V\u0259kil Zabil Q\u0259hr\u0259manov deyir ki, h\u00fcquq-m\u00fchafiz\u0259 orqan\u0131n\u0131n \u0259m\u0259kda\u015f\u0131n\u0131n \u00fcmumiyy\u0259tl\u0259, ekspert qismind\u0259 r\u0259y verm\u0259si do\u011fru deyil. \u00c7\u00fcnki Daxili \u0130\u015fl\u0259r Nazirliyi, prokurorluq v\u0259 s. i\u015fin n\u0259tic\u0259sind\u0259 maraql\u0131 qurumlard\u0131r:<\/p>\n\n\n\n<figure class=\"wp-block-image size-full\"><img decoding=\"async\" width=\"1200\" height=\"669\" data-src=\"https:\/\/www.meydan.tv\/wp-content\/uploads\/photo-2023-05-04-11-57-36.jpg\" alt=\"\" class=\"wp-image-274272 lazyload\" src=\"data:image\/svg+xml;base64,PHN2ZyB3aWR0aD0iMSIgaGVpZ2h0PSIxIiB4bWxucz0iaHR0cDovL3d3dy53My5vcmcvMjAwMC9zdmciPjwvc3ZnPg==\" style=\"--smush-placeholder-width: 1200px; --smush-placeholder-aspect-ratio: 1200\/669;\" \/><figcaption class=\"wp-element-caption\">Zabil Q\u0259hr\u0259manov. Foto: Meydan TV<\/figcaption><\/figure>\n\n\n\n<p><em>\u201cBu c\u00fcr m\u0259s\u0259l\u0259l\u0259rd\u0259 S\u0259hiyy\u0259 Nazirliyinin eksperti qala-qala niy\u0259 Daxili \u0130\u015fl\u0259r Nazirliyin\u0259 h\u0259val\u0259 olunub bu i\u015f? \u0130stintaq v\u0259 t\u0259hqiqat orqan\u0131na tabe olan \u015f\u0259xs \u00fcmumiyy\u0259tl\u0259, ekspert ola bilm\u0259z\u201d.<\/em><\/p>\n\n\n\n<p>Ekspert ifad\u0259sind\u0259 bildirib ki, ona \u00fcst\u00fcnd\u0259 \u201cPolad \u0130smay\u0131lov\u201d yaz\u0131lm\u0131\u015f \u015f\u00fc\u015f\u0259nin i\u00e7ind\u0259 qan t\u0259qdim olunub. Eyni zamanda, bir t\u0259nzifin \u00fcst\u00fcnd\u0259 d\u0259 qan l\u0259k\u0259si olub. O da h\u0259min v\u0259saitl\u0259r \u0259sas\u0131nda t\u0259dqiqat apar\u0131b, r\u0259y verib. Onun s\u00f6zl\u0259rin\u0259 g\u00f6r\u0259, h\u0259min qan v\u0259 t\u0259nzifin haradan v\u0259 nec\u0259 g\u00f6t\u00fcr\u00fcld\u00fcy\u00fcn\u00fc bilmir. T\u0259nzifd\u0259 olan qan\u0131n az bir hiss\u0259sini t\u0259dqiqat m\u0259qs\u0259dil\u0259 istifad\u0259 edib, qalan\u0131n\u0131 is\u0259 t\u0259hvil verib.<\/p>\n\n\n\n<p>Lakin ekspert ona t\u0259qdim olunanlardan n\u0259 q\u0259d\u0259r istifad\u0259 olunmas\u0131, n\u0259 q\u0259d\u0259r t\u0259hvil verilm\u0259si haqda he\u00e7 bir hesabat yazmay\u0131b.<\/p>\n\n\n\n<p>O, m\u0259hk\u0259m\u0259y\u0259 s\u0259n\u0259dl\u0259rin fotolar\u0131n\u0131 t\u0259qdim edib. Bu zaman fotolarda m\u00f6h\u00fcrl\u0259rin r\u0259ngi hakiml\u0259rin diqq\u0259tini c\u0259lb edib. \u00c7\u00fcnki m\u00f6h\u00fcrl\u0259rin r\u0259ngi he\u00e7 d\u0259 bir ne\u00e7\u0259 il \u0259vv\u0259l vurulana b\u0259nz\u0259mirdi. Onlar i\u015f materiallar\u0131na \u0259lav\u0259 olunub.<\/p>\n\n\n\n<p>M\u0259hk\u0259m\u0259d\u0259 hadis\u0259 yerind\u0259 \u00e7\u0259kilmi\u015f videog\u00f6r\u00fcnt\u00fcl\u0259r\u0259 d\u0259 bax\u0131l\u0131b. Polad \u0130smay\u0131lov m\u00fcst\u0259ntiqin i\u015ftirak\u0131yla video\u00e7\u0259kili\u015fl\u0259 ifad\u0259 verir, Seyran \u018fyyubovan\u0131 nec\u0259 \u00f6ld\u00fcrd\u00fcy\u00fcn\u00fc dan\u0131\u015f\u0131r.<\/p>\n\n\n\n<p>O bildirib ki, \u00f6nc\u0259d\u0259n t\u0259limatland\u0131r\u0131lm\u0131\u015fd\u0131, ona uy\u011fun dan\u0131\u015f\u0131rd\u0131.<\/p>\n\n\n\n<p>V\u0259kil Zabil Q\u0259hr\u0259manov da b\u0259zi m\u0259qamlara diqq\u0259t \u00e7\u0259k\u0259r\u0259k bildirib ki, cinay\u0259t i\u015finin materiallar\u0131nda Seyran \u018fyyubovan\u0131 \u00f6ld\u00fcr\u0259n qatilin daha sonra b\u0131\u00e7a\u011f\u0131 m\u0259tb\u0259xd\u0259ki kran\u0131n alt\u0131na at\u0131b getdiyi g\u00f6st\u0259rilib. \u00c7\u00fcnki hadis\u0259d\u0259n sonra oradan qanl\u0131 b\u0131\u00e7aq tap\u0131l\u0131b. Amma videoda Polad \u0130smay\u0131lov deyir ki,<em> \u201cm\u0259n onu \u00f6ld\u00fcrd\u00fcy\u00fcm b\u0131\u00e7a\u011f\u0131 yolda \u00e7aya atd\u0131m\u201d.<\/em><\/p>\n\n\n\n<p>Polad \u0130smay\u0131lovun m\u0259hk\u0259m\u0259si oktyabr\u0131n 25-d\u0259 davam ed\u0259c\u0259k.<\/p>\n\n\n\n<p>Cinay\u0259t i\u015finin materiallar\u0131nda iddia olunur ki, hadis\u0259d\u0259n bir g\u00fcn \u00f6nc\u0259 ev sahibi Polad \u0130smay\u0131lova onun ist\u0259diyi \u00e7arpay\u0131da yatma\u011fa icaz\u0259 verm\u0259yib. Deyib ki, orada ba\u015fqas\u0131 yatacaq. <\/p>\n\n\n\n<p>S\u0259h\u0259r oyananda Polad \u0130smay\u0131lov h\u0259min \u00e7arpay\u0131n\u0131n bo\u015f oldu\u011funu g\u00f6r\u00fcb, qad\u0131n\u0131n ona yalan dan\u0131\u015fd\u0131\u011f\u0131n\u0131 d\u00fc\u015f\u00fcn\u00fcb v\u0259 ondan qisas almaq q\u0259rar\u0131na g\u0259lib. \u0130ttihama g\u00f6r\u0259, Polad \u0130smay\u0131lov s\u0259h\u0259r \u00e7\u0131x\u0131b gets\u0259 d\u0259, g\u00fcnorta geri qay\u0131d\u0131b v\u0259 qad\u0131n\u0131 \u00f6ld\u00fcr\u00fcb.<\/p>\n\n\n\n<p>Polad \u0130smay\u0131lov is\u0259 deyir ki, 9 il ba\u011fl\u0131 qalm\u0131\u015f cinay\u0259tin \u00fcst\u00fcn\u00fcn a\u00e7\u0131lmas\u0131 g\u00f6r\u00fcnt\u00fcs\u00fcn\u00fc yaratmaq \u00fc\u00e7\u00fcn onu qurban se\u00e7ibl\u0259r v\u0259 bel\u0259 bir absurd ssenari uydurublar. O, m\u0259hk\u0259m\u0259d\u0259n b\u0259ra\u0259t verilm\u0259sini ist\u0259yir.<\/p>\n","protected":false},"excerpt":{"rendered":"<p>Polad \u0130smay\u0131lov bildirib ki, ona i\u015fg\u0259nc\u0259 verm\u0259kd\u0259n \u0259lav\u0259, h\u0259m d\u0259 &#8230; <\/p>\n<p class=\"read-more-container\"><a title=\"Q\u0259tl ittiham\u0131yla 4 ildir h\u0259bsd\u0259 olan \u015f\u0259xs b\u0259ra\u0259t ist\u0259yir: \u201cBoynuma g\u00f6t\u00fcrm\u0259kd\u0259n ba\u015fqa yol qoymad\u0131lar&#8230;\u201d\" class=\"read-more button\" href=\"https:\/\/www.meydan.tv\/az\/article\/qetl-ittihamiyla-4-ildir-hebsde-olan-sexs-beraet-isteyir-boynuma-goturmekden-basqa-yol-qoymadilar\/#more-288589\" aria-label=\"Read more about Q\u0259tl ittiham\u0131yla 4 ildir h\u0259bsd\u0259 olan \u015f\u0259xs b\u0259ra\u0259t ist\u0259yir: \u201cBoynuma g\u00f6t\u00fcrm\u0259kd\u0259n ba\u015fqa yol qoymad\u0131lar&#8230;\u201d\">Davam\u0131<\/a><\/p>\n","protected":false},"author":8,"featured_media":260251,"comment_status":"closed","ping_status":"closed","sticky":false,"template":"","format":"standard","meta":{"_acf_changed":false,"_sitemap_exclude":false,"_sitemap_priority":"","_sitemap_frequency":"","footnotes":""},"categories":[60,79,56],"tags":[],"class_list":["post-288589","post","type-post","status-publish","format-standard","has-post-thumbnail","hentry","category-bolge","category-featured","category-xeberler","infinite-scroll-item","generate-columns","tablet-grid-50","mobile-grid-100","grid-parent","grid-33","no-featured-image-padding"],"acf":[],"yoast_head":"<!-- This site is optimized with the Yoast SEO plugin v27.4 - https:\/\/yoast.com\/product\/yoast-seo-wordpress\/ -->\n<title>Q\u0259tl ittiham\u0131yla 4 ildir h\u0259bsd\u0259 olan \u015f\u0259xs b\u0259ra\u0259t ist\u0259yir: \u201cBoynuma g\u00f6t\u00fcrm\u0259kd\u0259n ba\u015fqa yol qoymad\u0131lar...\u201d - MEYDAN.TV<\/title>\n<meta name=\"robots\" content=\"index, follow, max-snippet:-1, max-image-preview:large, max-video-preview:-1\" \/>\n<link rel=\"canonical\" href=\"https:\/\/www.meydan.tv\/az\/article\/qetl-ittihamiyla-4-ildir-hebsde-olan-sexs-beraet-isteyir-boynuma-goturmekden-basqa-yol-qoymadilar\/\" \/>\n<meta property=\"og:locale\" content=\"az_AZ\" \/>\n<meta property=\"og:type\" content=\"article\" \/>\n<meta property=\"og:title\" content=\"Q\u0259tl ittiham\u0131yla 4 ildir h\u0259bsd\u0259 olan \u015f\u0259xs b\u0259ra\u0259t ist\u0259yir: \u201cBoynuma g\u00f6t\u00fcrm\u0259kd\u0259n ba\u015fqa yol qoymad\u0131lar...\u201d - MEYDAN.TV\" \/>\n<meta property=\"og:description\" content=\"Polad \u0130smay\u0131lov bildirib ki, ona i\u015fg\u0259nc\u0259 verm\u0259kd\u0259n \u0259lav\u0259, h\u0259m d\u0259 ... Davam\u0131\" \/>\n<meta property=\"og:url\" content=\"https:\/\/www.meydan.tv\/az\/article\/qetl-ittihamiyla-4-ildir-hebsde-olan-sexs-beraet-isteyir-boynuma-goturmekden-basqa-yol-qoymadilar\/\" \/>\n<meta property=\"og:site_name\" content=\"MEYDAN.TV\" \/>\n<meta property=\"article:published_time\" content=\"2023-10-23T14:02:27+00:00\" \/>\n<meta property=\"article:modified_time\" content=\"2023-10-23T14:09:30+00:00\" \/>\n<meta property=\"og:image\" content=\"https:\/\/www.meydan.tv\/wp-content\/uploads\/image-from-ios-8.jpg\" \/>\n\t<meta property=\"og:image:width\" content=\"1500\" \/>\n\t<meta property=\"og:image:height\" content=\"844\" \/>\n\t<meta property=\"og:image:type\" content=\"image\/jpeg\" \/>\n<meta name=\"author\" content=\"elli\" \/>\n<meta name=\"twitter:card\" content=\"summary_large_image\" \/>\n<meta name=\"twitter:creator\" content=\"@elli\" \/>\n<script type=\"application\/ld+json\" class=\"yoast-schema-graph\">{\"@context\":\"https:\\\/\\\/schema.org\",\"@graph\":[{\"@type\":\"Article\",\"@id\":\"https:\\\/\\\/www.meydan.tv\\\/az\\\/article\\\/qetl-ittihamiyla-4-ildir-hebsde-olan-sexs-beraet-isteyir-boynuma-goturmekden-basqa-yol-qoymadilar\\\/#article\",\"isPartOf\":{\"@id\":\"https:\\\/\\\/www.meydan.tv\\\/az\\\/article\\\/qetl-ittihamiyla-4-ildir-hebsde-olan-sexs-beraet-isteyir-boynuma-goturmekden-basqa-yol-qoymadilar\\\/\"},\"author\":{\"name\":\"elli\",\"@id\":\"https:\\\/\\\/www.meydan.tv\\\/az\\\/#\\\/schema\\\/person\\\/9cdbecf90d17180ce1dfbd95b08dcf47\"},\"headline\":\"Q\u0259tl ittiham\u0131yla 4 ildir h\u0259bsd\u0259 olan \u015f\u0259xs b\u0259ra\u0259t ist\u0259yir: \u201cBoynuma g\u00f6t\u00fcrm\u0259kd\u0259n ba\u015fqa yol qoymad\u0131lar&#8230;\u201d\",\"datePublished\":\"2023-10-23T14:02:27+00:00\",\"dateModified\":\"2023-10-23T14:09:30+00:00\",\"mainEntityOfPage\":{\"@id\":\"https:\\\/\\\/www.meydan.tv\\\/az\\\/article\\\/qetl-ittihamiyla-4-ildir-hebsde-olan-sexs-beraet-isteyir-boynuma-goturmekden-basqa-yol-qoymadilar\\\/\"},\"wordCount\":1179,\"publisher\":{\"@id\":\"https:\\\/\\\/www.meydan.tv\\\/az\\\/#organization\"},\"image\":{\"@id\":\"https:\\\/\\\/www.meydan.tv\\\/az\\\/article\\\/qetl-ittihamiyla-4-ildir-hebsde-olan-sexs-beraet-isteyir-boynuma-goturmekden-basqa-yol-qoymadilar\\\/#primaryimage\"},\"thumbnailUrl\":\"https:\\\/\\\/www.meydan.tv\\\/wp-content\\\/uploads\\\/image-from-ios-8.jpg\",\"articleSection\":[\"B\u00f6lg\u0259\",\"T\u00f6vsiy\u0259\",\"X\u0259b\u0259rl\u0259r\"],\"inLanguage\":\"az\"},{\"@type\":\"WebPage\",\"@id\":\"https:\\\/\\\/www.meydan.tv\\\/az\\\/article\\\/qetl-ittihamiyla-4-ildir-hebsde-olan-sexs-beraet-isteyir-boynuma-goturmekden-basqa-yol-qoymadilar\\\/\",\"url\":\"https:\\\/\\\/www.meydan.tv\\\/az\\\/article\\\/qetl-ittihamiyla-4-ildir-hebsde-olan-sexs-beraet-isteyir-boynuma-goturmekden-basqa-yol-qoymadilar\\\/\",\"name\":\"Q\u0259tl ittiham\u0131yla 4 ildir h\u0259bsd\u0259 olan \u015f\u0259xs b\u0259ra\u0259t ist\u0259yir: \u201cBoynuma g\u00f6t\u00fcrm\u0259kd\u0259n ba\u015fqa yol qoymad\u0131lar...\u201d - MEYDAN.TV\",\"isPartOf\":{\"@id\":\"https:\\\/\\\/www.meydan.tv\\\/az\\\/#website\"},\"primaryImageOfPage\":{\"@id\":\"https:\\\/\\\/www.meydan.tv\\\/az\\\/article\\\/qetl-ittihamiyla-4-ildir-hebsde-olan-sexs-beraet-isteyir-boynuma-goturmekden-basqa-yol-qoymadilar\\\/#primaryimage\"},\"image\":{\"@id\":\"https:\\\/\\\/www.meydan.tv\\\/az\\\/article\\\/qetl-ittihamiyla-4-ildir-hebsde-olan-sexs-beraet-isteyir-boynuma-goturmekden-basqa-yol-qoymadilar\\\/#primaryimage\"},\"thumbnailUrl\":\"https:\\\/\\\/www.meydan.tv\\\/wp-content\\\/uploads\\\/image-from-ios-8.jpg\",\"datePublished\":\"2023-10-23T14:02:27+00:00\",\"dateModified\":\"2023-10-23T14:09:30+00:00\",\"breadcrumb\":{\"@id\":\"https:\\\/\\\/www.meydan.tv\\\/az\\\/article\\\/qetl-ittihamiyla-4-ildir-hebsde-olan-sexs-beraet-isteyir-boynuma-goturmekden-basqa-yol-qoymadilar\\\/#breadcrumb\"},\"inLanguage\":\"az\",\"potentialAction\":[{\"@type\":\"ReadAction\",\"target\":[\"https:\\\/\\\/www.meydan.tv\\\/az\\\/article\\\/qetl-ittihamiyla-4-ildir-hebsde-olan-sexs-beraet-isteyir-boynuma-goturmekden-basqa-yol-qoymadilar\\\/\"]}]},{\"@type\":\"ImageObject\",\"inLanguage\":\"az\",\"@id\":\"https:\\\/\\\/www.meydan.tv\\\/az\\\/article\\\/qetl-ittihamiyla-4-ildir-hebsde-olan-sexs-beraet-isteyir-boynuma-goturmekden-basqa-yol-qoymadilar\\\/#primaryimage\",\"url\":\"https:\\\/\\\/www.meydan.tv\\\/wp-content\\\/uploads\\\/image-from-ios-8.jpg\",\"contentUrl\":\"https:\\\/\\\/www.meydan.tv\\\/wp-content\\\/uploads\\\/image-from-ios-8.jpg\",\"width\":1500,\"height\":844,\"caption\":\"M\u0259hk\u0259m\u0259. \u0130ll\u00fcstrasiya: Meydan TV\"},{\"@type\":\"BreadcrumbList\",\"@id\":\"https:\\\/\\\/www.meydan.tv\\\/az\\\/article\\\/qetl-ittihamiyla-4-ildir-hebsde-olan-sexs-beraet-isteyir-boynuma-goturmekden-basqa-yol-qoymadilar\\\/#breadcrumb\",\"itemListElement\":[{\"@type\":\"ListItem\",\"position\":1,\"name\":\"Ana s\u0259hif\u0259\",\"item\":\"https:\\\/\\\/www.meydan.tv\\\/az\\\/\"},{\"@type\":\"ListItem\",\"position\":2,\"name\":\"B\u00f6lg\u0259\",\"item\":\"https:\\\/\\\/www.meydan.tv\\\/az\\\/section\\\/bolge\\\/\"},{\"@type\":\"ListItem\",\"position\":3,\"name\":\"Q\u0259tl ittiham\u0131yla 4 ildir h\u0259bsd\u0259 olan \u015f\u0259xs b\u0259ra\u0259t ist\u0259yir: \u201cBoynuma g\u00f6t\u00fcrm\u0259kd\u0259n ba\u015fqa yol qoymad\u0131lar&#8230;\u201d\"}]},{\"@type\":\"WebSite\",\"@id\":\"https:\\\/\\\/www.meydan.tv\\\/az\\\/#website\",\"url\":\"https:\\\/\\\/www.meydan.tv\\\/az\\\/\",\"name\":\"MEYDAN.TV\",\"description\":\"Meydan TV Az\u0259rbaycan\u0131n media m\u0259kan\u0131ndak\u0131 alternativ s\u0259sidir\",\"publisher\":{\"@id\":\"https:\\\/\\\/www.meydan.tv\\\/az\\\/#organization\"},\"potentialAction\":[{\"@type\":\"SearchAction\",\"target\":{\"@type\":\"EntryPoint\",\"urlTemplate\":\"https:\\\/\\\/www.meydan.tv\\\/az\\\/?s={search_term_string}\"},\"query-input\":{\"@type\":\"PropertyValueSpecification\",\"valueRequired\":true,\"valueName\":\"search_term_string\"}}],\"inLanguage\":\"az\"},{\"@type\":\"Organization\",\"@id\":\"https:\\\/\\\/www.meydan.tv\\\/az\\\/#organization\",\"name\":\"Meydan TV\",\"url\":\"https:\\\/\\\/www.meydan.tv\\\/az\\\/\",\"logo\":{\"@type\":\"ImageObject\",\"inLanguage\":\"az\",\"@id\":\"https:\\\/\\\/www.meydan.tv\\\/az\\\/#\\\/schema\\\/logo\\\/image\\\/\",\"url\":\"https:\\\/\\\/www.meydan.tv\\\/wp-content\\\/uploads\\\/2021\\\/07\\\/meydan-logo.svg\",\"contentUrl\":\"https:\\\/\\\/www.meydan.tv\\\/wp-content\\\/uploads\\\/2021\\\/07\\\/meydan-logo.svg\",\"width\":195,\"height\":46,\"caption\":\"Meydan TV\"},\"image\":{\"@id\":\"https:\\\/\\\/www.meydan.tv\\\/az\\\/#\\\/schema\\\/logo\\\/image\\\/\"}},{\"@type\":\"Person\",\"@id\":\"https:\\\/\\\/www.meydan.tv\\\/az\\\/#\\\/schema\\\/person\\\/9cdbecf90d17180ce1dfbd95b08dcf47\",\"name\":\"elli\",\"sameAs\":[\"https:\\\/\\\/x.com\\\/elli\"]}]}<\/script>\n<!-- \/ Yoast SEO plugin. -->","yoast_head_json":{"title":"Q\u0259tl ittiham\u0131yla 4 ildir h\u0259bsd\u0259 olan \u015f\u0259xs b\u0259ra\u0259t ist\u0259yir: \u201cBoynuma g\u00f6t\u00fcrm\u0259kd\u0259n ba\u015fqa yol qoymad\u0131lar...\u201d - MEYDAN.TV","robots":{"index":"index","follow":"follow","max-snippet":"max-snippet:-1","max-image-preview":"max-image-preview:large","max-video-preview":"max-video-preview:-1"},"canonical":"https:\/\/www.meydan.tv\/az\/article\/qetl-ittihamiyla-4-ildir-hebsde-olan-sexs-beraet-isteyir-boynuma-goturmekden-basqa-yol-qoymadilar\/","og_locale":"az_AZ","og_type":"article","og_title":"Q\u0259tl ittiham\u0131yla 4 ildir h\u0259bsd\u0259 olan \u015f\u0259xs b\u0259ra\u0259t ist\u0259yir: \u201cBoynuma g\u00f6t\u00fcrm\u0259kd\u0259n ba\u015fqa yol qoymad\u0131lar...\u201d - MEYDAN.TV","og_description":"Polad \u0130smay\u0131lov bildirib ki, ona i\u015fg\u0259nc\u0259 verm\u0259kd\u0259n \u0259lav\u0259, h\u0259m d\u0259 ... Davam\u0131","og_url":"https:\/\/www.meydan.tv\/az\/article\/qetl-ittihamiyla-4-ildir-hebsde-olan-sexs-beraet-isteyir-boynuma-goturmekden-basqa-yol-qoymadilar\/","og_site_name":"MEYDAN.TV","article_published_time":"2023-10-23T14:02:27+00:00","article_modified_time":"2023-10-23T14:09:30+00:00","og_image":[{"width":1500,"height":844,"url":"https:\/\/www.meydan.tv\/wp-content\/uploads\/image-from-ios-8.jpg","type":"image\/jpeg"}],"author":"elli","twitter_card":"summary_large_image","twitter_creator":"@elli","schema":{"@context":"https:\/\/schema.org","@graph":[{"@type":"Article","@id":"https:\/\/www.meydan.tv\/az\/article\/qetl-ittihamiyla-4-ildir-hebsde-olan-sexs-beraet-isteyir-boynuma-goturmekden-basqa-yol-qoymadilar\/#article","isPartOf":{"@id":"https:\/\/www.meydan.tv\/az\/article\/qetl-ittihamiyla-4-ildir-hebsde-olan-sexs-beraet-isteyir-boynuma-goturmekden-basqa-yol-qoymadilar\/"},"author":{"name":"elli","@id":"https:\/\/www.meydan.tv\/az\/#\/schema\/person\/9cdbecf90d17180ce1dfbd95b08dcf47"},"headline":"Q\u0259tl ittiham\u0131yla 4 ildir h\u0259bsd\u0259 olan \u015f\u0259xs b\u0259ra\u0259t ist\u0259yir: \u201cBoynuma g\u00f6t\u00fcrm\u0259kd\u0259n ba\u015fqa yol qoymad\u0131lar&#8230;\u201d","datePublished":"2023-10-23T14:02:27+00:00","dateModified":"2023-10-23T14:09:30+00:00","mainEntityOfPage":{"@id":"https:\/\/www.meydan.tv\/az\/article\/qetl-ittihamiyla-4-ildir-hebsde-olan-sexs-beraet-isteyir-boynuma-goturmekden-basqa-yol-qoymadilar\/"},"wordCount":1179,"publisher":{"@id":"https:\/\/www.meydan.tv\/az\/#organization"},"image":{"@id":"https:\/\/www.meydan.tv\/az\/article\/qetl-ittihamiyla-4-ildir-hebsde-olan-sexs-beraet-isteyir-boynuma-goturmekden-basqa-yol-qoymadilar\/#primaryimage"},"thumbnailUrl":"https:\/\/www.meydan.tv\/wp-content\/uploads\/image-from-ios-8.jpg","articleSection":["B\u00f6lg\u0259","T\u00f6vsiy\u0259","X\u0259b\u0259rl\u0259r"],"inLanguage":"az"},{"@type":"WebPage","@id":"https:\/\/www.meydan.tv\/az\/article\/qetl-ittihamiyla-4-ildir-hebsde-olan-sexs-beraet-isteyir-boynuma-goturmekden-basqa-yol-qoymadilar\/","url":"https:\/\/www.meydan.tv\/az\/article\/qetl-ittihamiyla-4-ildir-hebsde-olan-sexs-beraet-isteyir-boynuma-goturmekden-basqa-yol-qoymadilar\/","name":"Q\u0259tl ittiham\u0131yla 4 ildir h\u0259bsd\u0259 olan \u015f\u0259xs b\u0259ra\u0259t ist\u0259yir: \u201cBoynuma g\u00f6t\u00fcrm\u0259kd\u0259n ba\u015fqa yol qoymad\u0131lar...\u201d - MEYDAN.TV","isPartOf":{"@id":"https:\/\/www.meydan.tv\/az\/#website"},"primaryImageOfPage":{"@id":"https:\/\/www.meydan.tv\/az\/article\/qetl-ittihamiyla-4-ildir-hebsde-olan-sexs-beraet-isteyir-boynuma-goturmekden-basqa-yol-qoymadilar\/#primaryimage"},"image":{"@id":"https:\/\/www.meydan.tv\/az\/article\/qetl-ittihamiyla-4-ildir-hebsde-olan-sexs-beraet-isteyir-boynuma-goturmekden-basqa-yol-qoymadilar\/#primaryimage"},"thumbnailUrl":"https:\/\/www.meydan.tv\/wp-content\/uploads\/image-from-ios-8.jpg","datePublished":"2023-10-23T14:02:27+00:00","dateModified":"2023-10-23T14:09:30+00:00","breadcrumb":{"@id":"https:\/\/www.meydan.tv\/az\/article\/qetl-ittihamiyla-4-ildir-hebsde-olan-sexs-beraet-isteyir-boynuma-goturmekden-basqa-yol-qoymadilar\/#breadcrumb"},"inLanguage":"az","potentialAction":[{"@type":"ReadAction","target":["https:\/\/www.meydan.tv\/az\/article\/qetl-ittihamiyla-4-ildir-hebsde-olan-sexs-beraet-isteyir-boynuma-goturmekden-basqa-yol-qoymadilar\/"]}]},{"@type":"ImageObject","inLanguage":"az","@id":"https:\/\/www.meydan.tv\/az\/article\/qetl-ittihamiyla-4-ildir-hebsde-olan-sexs-beraet-isteyir-boynuma-goturmekden-basqa-yol-qoymadilar\/#primaryimage","url":"https:\/\/www.meydan.tv\/wp-content\/uploads\/image-from-ios-8.jpg","contentUrl":"https:\/\/www.meydan.tv\/wp-content\/uploads\/image-from-ios-8.jpg","width":1500,"height":844,"caption":"M\u0259hk\u0259m\u0259. \u0130ll\u00fcstrasiya: Meydan TV"},{"@type":"BreadcrumbList","@id":"https:\/\/www.meydan.tv\/az\/article\/qetl-ittihamiyla-4-ildir-hebsde-olan-sexs-beraet-isteyir-boynuma-goturmekden-basqa-yol-qoymadilar\/#breadcrumb","itemListElement":[{"@type":"ListItem","position":1,"name":"Ana s\u0259hif\u0259","item":"https:\/\/www.meydan.tv\/az\/"},{"@type":"ListItem","position":2,"name":"B\u00f6lg\u0259","item":"https:\/\/www.meydan.tv\/az\/section\/bolge\/"},{"@type":"ListItem","position":3,"name":"Q\u0259tl ittiham\u0131yla 4 ildir h\u0259bsd\u0259 olan \u015f\u0259xs b\u0259ra\u0259t ist\u0259yir: \u201cBoynuma g\u00f6t\u00fcrm\u0259kd\u0259n ba\u015fqa yol qoymad\u0131lar&#8230;\u201d"}]},{"@type":"WebSite","@id":"https:\/\/www.meydan.tv\/az\/#website","url":"https:\/\/www.meydan.tv\/az\/","name":"MEYDAN.TV","description":"Meydan TV Az\u0259rbaycan\u0131n media m\u0259kan\u0131ndak\u0131 alternativ s\u0259sidir","publisher":{"@id":"https:\/\/www.meydan.tv\/az\/#organization"},"potentialAction":[{"@type":"SearchAction","target":{"@type":"EntryPoint","urlTemplate":"https:\/\/www.meydan.tv\/az\/?s={search_term_string}"},"query-input":{"@type":"PropertyValueSpecification","valueRequired":true,"valueName":"search_term_string"}}],"inLanguage":"az"},{"@type":"Organization","@id":"https:\/\/www.meydan.tv\/az\/#organization","name":"Meydan TV","url":"https:\/\/www.meydan.tv\/az\/","logo":{"@type":"ImageObject","inLanguage":"az","@id":"https:\/\/www.meydan.tv\/az\/#\/schema\/logo\/image\/","url":"https:\/\/www.meydan.tv\/wp-content\/uploads\/2021\/07\/meydan-logo.svg","contentUrl":"https:\/\/www.meydan.tv\/wp-content\/uploads\/2021\/07\/meydan-logo.svg","width":195,"height":46,"caption":"Meydan TV"},"image":{"@id":"https:\/\/www.meydan.tv\/az\/#\/schema\/logo\/image\/"}},{"@type":"Person","@id":"https:\/\/www.meydan.tv\/az\/#\/schema\/person\/9cdbecf90d17180ce1dfbd95b08dcf47","name":"elli","sameAs":["https:\/\/x.com\/elli"]}]}},"_links":{"self":[{"href":"https:\/\/www.meydan.tv\/az\/wp-json\/wp\/v2\/posts\/288589","targetHints":{"allow":["GET"]}}],"collection":[{"href":"https:\/\/www.meydan.tv\/az\/wp-json\/wp\/v2\/posts"}],"about":[{"href":"https:\/\/www.meydan.tv\/az\/wp-json\/wp\/v2\/types\/post"}],"author":[{"embeddable":true,"href":"https:\/\/www.meydan.tv\/az\/wp-json\/wp\/v2\/users\/8"}],"replies":[{"embeddable":true,"href":"https:\/\/www.meydan.tv\/az\/wp-json\/wp\/v2\/comments?post=288589"}],"version-history":[{"count":5,"href":"https:\/\/www.meydan.tv\/az\/wp-json\/wp\/v2\/posts\/288589\/revisions"}],"predecessor-version":[{"id":288601,"href":"https:\/\/www.meydan.tv\/az\/wp-json\/wp\/v2\/posts\/288589\/revisions\/288601"}],"wp:featuredmedia":[{"embeddable":true,"href":"https:\/\/www.meydan.tv\/az\/wp-json\/wp\/v2\/media\/260251"}],"wp:attachment":[{"href":"https:\/\/www.meydan.tv\/az\/wp-json\/wp\/v2\/media?parent=288589"}],"wp:term":[{"taxonomy":"category","embeddable":true,"href":"https:\/\/www.meydan.tv\/az\/wp-json\/wp\/v2\/categories?post=288589"},{"taxonomy":"post_tag","embeddable":true,"href":"https:\/\/www.meydan.tv\/az\/wp-json\/wp\/v2\/tags?post=288589"}],"curies":[{"name":"wp","href":"https:\/\/api.w.org\/{rel}","templated":true}]}}