{"id":288566,"date":"2023-10-23T14:43:48","date_gmt":"2023-10-23T10:43:48","guid":{"rendered":"https:\/\/www.meydan.tv\/?p=288566"},"modified":"2023-10-23T14:43:51","modified_gmt":"2023-10-23T10:43:51","slug":"alla-puqacovaninailesi-ile-birge-israili-terk-etdiyi-bildirilir","status":"publish","type":"post","link":"https:\/\/www.meydan.tv\/az\/article\/alla-puqacovaninailesi-ile-birge-israili-terk-etdiyi-bildirilir\/","title":{"rendered":"Alla Puqa\u00e7ovan\u0131n ail\u0259si il\u0259 birg\u0259 \u0130sraili t\u0259rk etdiyi bildirilir"},"content":{"rendered":"\n<p><\/p>\n\n\n\n<p><strong><em>M\u00fc\u011f\u0259nni Kipr\u0259 k\u00f6\u00e7\u00fcb<\/em><\/strong><\/p>\n\n\n\n<p>Rusiyan\u0131n Xalq artisti, estrada m\u00fc\u011f\u0259nnisi Alla Puqa\u00e7ovan\u0131n \u00f6vladlar\u0131 il\u0259 birlikd\u0259 \u0130sraili t\u0259rk<br>etdiyi <a href=\"https:\/\/lenta.ru\/news\/2023\/10\/23\/pugacheva\/\">bildirilir.<\/a><\/p>\n\n\n\n<p>M\u0259lumata g\u00f6r\u0259, ifa\u00e7\u0131 o\u011flu Harri v\u0259 q\u0131z\u0131 Liza il\u0259 birg\u0259 Kipr\u0259 k\u00f6\u00e7\u00fcb v\u0259 bir il orada ya\u015fama\u011f\u0131 d\u00fc\u015f\u00fcn\u00fcr.<\/p>\n\n\n\n<p>Alla Puqa\u00e7ova 2017-ci ild\u0259 Kiprd\u0259 d\u0259y\u0259ri iki milyon dollardan (3,4 milyon manatdan art\u0131q) \u00e7ox olan villa al\u0131b v\u0259 buna g\u00f6r\u0259 d\u0259 avtomatik olaraq bu \u00f6lk\u0259nin v\u0259t\u0259nda\u015fl\u0131\u011f\u0131n\u0131 \u0259ld\u0259 edib.<\/p>\n\n\n\n<p>2022-ci il fevral\u0131n 24-d\u0259 Rusiya Ukraynada h\u0259rbi \u0259m\u0259liyyatlara ba\u015flayandan sonra Alla Puqa\u00e7ova v\u0259 \u0259ri, komediya aktyoru Maksim Qalkin \u00f6vladlar\u0131 il\u0259 birlikd\u0259 \u0130srail\u0259 gedibl\u0259r.<\/p>\n\n\n\n<p>Alla Puqa\u00e7ova m\u00fcalic\u0259 v\u0259 istirah\u0259t \u00fc\u00e7\u00fcn \u00f6lk\u0259ni t\u0259rk etdiyini deyib.<\/p>\n\n\n\n<p>Maksim Qalkin is\u0259 \u201c\u0130nstagram\u201d s\u0259hif\u0259sind\u0259 Rusiyan\u0131n Ukraynada ba\u015flatd\u0131\u011f\u0131 m\u00fcharib\u0259ni <a href=\"https:\/\/www.instagram.com\/p\/CcuhTc4ONBU\/\">pisl\u0259yib<\/a>.<\/p>\n\n\n\n<p>Bundan sonra Rusiya m\u0259tbuat\u0131nda Maksim Qalkin\u0259 qar\u015f\u0131 cinay\u0259t i\u015fi a\u00e7\u0131la bil\u0259c\u0259yi il\u0259 ba\u011fl\u0131 m\u0259lumatlar yay\u0131l\u0131b.<\/p>\n\n\n\n<p>Daha sonra Maksim Qalkin Rusiya \u018fdliyy\u0259 Nazirliyi t\u0259r\u0259find\u0259n xarici agentl\u0259rin reyestrin\u0259 daxil edilib.<\/p>\n\n\n\n<p>Maksim Qalkin bug\u00fcnl\u0259rd\u0259 F\u0259l\u0259stin-\u0130srail m\u00fcnaqi\u015f\u0259sinin k\u0259skinl\u0259\u015fm\u0259si fonunda m\u00fcmk\u00fcn m\u00fchacir\u0259td\u0259n dan\u0131\u015f\u0131b v\u0259 vur\u011fulay\u0131b ki, harasa getm\u0259k ehtimal\u0131 bel\u0259 n\u0259z\u0259rd\u0259n <a href=\"https:\/\/www.instagram.com\/reel\/CyKywKzMEoB\/?utm_source=ig_embed&amp;ig_rid=86504f59-34d7-4355-b662-f611969dca09\">ke\u00e7irilmir.<\/a><\/p>\n\n\n\n<p>Rusiya Ukraynada h\u0259rbi \u0259m\u0259liyyatlara ba\u015flayandan sonra Alla Puqa\u00e7ova v\u0259 Maksim Qalkinl\u0259 yana\u015f\u0131, teleapar\u0131c\u0131, aktyor \u0130van Urqant, musiqi\u00e7i Andrey Makarevi\u00e7 d\u0259 \u0130srail\u0259 k\u00f6\u00e7\u00fcbl\u0259r.<\/p>\n\n\n\n<p>2023-c\u00fc il oktyabr\u0131n 7-d\u0259 H\u018fMAS \u0130srail\u0259 h\u00fccum edib.<\/p>\n\n\n\n<p>Haz\u0131rda Q\u0259zza b\u00f6lg\u0259sind\u0259 m\u00fcharib\u0259 davam edir.<\/p>\n\n\n\n<p>H\u0259r iki t\u0259r\u0259fd\u0259n xeyli sayda insan itkisi v\u0259 da\u011f\u0131nt\u0131lar\u0131n oldu\u011fu bildirilir.<\/p>\n","protected":false},"excerpt":{"rendered":"<p>M\u00fc\u011f\u0259nni Kipr\u0259 k\u00f6\u00e7\u00fcb Rusiyan\u0131n Xalq artisti, estrada m\u00fc\u011f\u0259nnisi Alla Puqa\u00e7ovan\u0131n &#8230; <\/p>\n<p class=\"read-more-container\"><a title=\"Alla Puqa\u00e7ovan\u0131n ail\u0259si il\u0259 birg\u0259 \u0130sraili t\u0259rk etdiyi bildirilir\" class=\"read-more button\" href=\"https:\/\/www.meydan.tv\/az\/article\/alla-puqacovaninailesi-ile-birge-israili-terk-etdiyi-bildirilir\/#more-288566\" aria-label=\"Read more about Alla Puqa\u00e7ovan\u0131n ail\u0259si il\u0259 birg\u0259 \u0130sraili t\u0259rk etdiyi bildirilir\">Davam\u0131<\/a><\/p>\n","protected":false},"author":8,"featured_media":246346,"comment_status":"closed","ping_status":"closed","sticky":false,"template":"","format":"standard","meta":{"_acf_changed":false,"_sitemap_exclude":false,"_sitemap_priority":"","_sitemap_frequency":"","footnotes":""},"categories":[52,56],"tags":[],"class_list":["post-288566","post","type-post","status-publish","format-standard","has-post-thumbnail","hentry","category-medeniyyet","category-xeberler","infinite-scroll-item","generate-columns","tablet-grid-50","mobile-grid-100","grid-parent","grid-33","no-featured-image-padding"],"acf":[],"yoast_head":"<!-- This site is optimized with the Yoast SEO plugin v27.4 - https:\/\/yoast.com\/product\/yoast-seo-wordpress\/ -->\n<title>Alla Puqa\u00e7ovan\u0131n ail\u0259si il\u0259 birg\u0259 \u0130sraili t\u0259rk etdiyi bildirilir - MEYDAN.TV<\/title>\n<meta name=\"robots\" content=\"index, follow, max-snippet:-1, max-image-preview:large, max-video-preview:-1\" \/>\n<link rel=\"canonical\" href=\"https:\/\/www.meydan.tv\/az\/article\/alla-puqacovaninailesi-ile-birge-israili-terk-etdiyi-bildirilir\/\" \/>\n<meta property=\"og:locale\" content=\"az_AZ\" \/>\n<meta property=\"og:type\" content=\"article\" \/>\n<meta property=\"og:title\" content=\"Alla Puqa\u00e7ovan\u0131n ail\u0259si il\u0259 birg\u0259 \u0130sraili t\u0259rk etdiyi bildirilir - MEYDAN.TV\" \/>\n<meta property=\"og:description\" content=\"M\u00fc\u011f\u0259nni Kipr\u0259 k\u00f6\u00e7\u00fcb Rusiyan\u0131n Xalq artisti, estrada m\u00fc\u011f\u0259nnisi Alla Puqa\u00e7ovan\u0131n ... Davam\u0131\" \/>\n<meta property=\"og:url\" content=\"https:\/\/www.meydan.tv\/az\/article\/alla-puqacovaninailesi-ile-birge-israili-terk-etdiyi-bildirilir\/\" \/>\n<meta property=\"og:site_name\" content=\"MEYDAN.TV\" \/>\n<meta property=\"article:published_time\" content=\"2023-10-23T10:43:48+00:00\" \/>\n<meta property=\"article:modified_time\" content=\"2023-10-23T10:43:51+00:00\" \/>\n<meta property=\"og:image\" content=\"https:\/\/www.meydan.tv\/wp-content\/uploads\/dfbwrt65-e1653478232867.jpeg\" \/>\n\t<meta property=\"og:image:width\" content=\"1360\" \/>\n\t<meta property=\"og:image:height\" content=\"578\" \/>\n\t<meta property=\"og:image:type\" content=\"image\/jpeg\" \/>\n<meta name=\"author\" content=\"elli\" \/>\n<meta name=\"twitter:card\" content=\"summary_large_image\" \/>\n<meta name=\"twitter:creator\" content=\"@elli\" \/>\n<script type=\"application\/ld+json\" class=\"yoast-schema-graph\">{\"@context\":\"https:\\\/\\\/schema.org\",\"@graph\":[{\"@type\":\"Article\",\"@id\":\"https:\\\/\\\/www.meydan.tv\\\/az\\\/article\\\/alla-puqacovaninailesi-ile-birge-israili-terk-etdiyi-bildirilir\\\/#article\",\"isPartOf\":{\"@id\":\"https:\\\/\\\/www.meydan.tv\\\/az\\\/article\\\/alla-puqacovaninailesi-ile-birge-israili-terk-etdiyi-bildirilir\\\/\"},\"author\":{\"name\":\"elli\",\"@id\":\"https:\\\/\\\/www.meydan.tv\\\/az\\\/#\\\/schema\\\/person\\\/9cdbecf90d17180ce1dfbd95b08dcf47\"},\"headline\":\"Alla Puqa\u00e7ovan\u0131n ail\u0259si il\u0259 birg\u0259 \u0130sraili t\u0259rk etdiyi bildirilir\",\"datePublished\":\"2023-10-23T10:43:48+00:00\",\"dateModified\":\"2023-10-23T10:43:51+00:00\",\"mainEntityOfPage\":{\"@id\":\"https:\\\/\\\/www.meydan.tv\\\/az\\\/article\\\/alla-puqacovaninailesi-ile-birge-israili-terk-etdiyi-bildirilir\\\/\"},\"wordCount\":317,\"publisher\":{\"@id\":\"https:\\\/\\\/www.meydan.tv\\\/az\\\/#organization\"},\"image\":{\"@id\":\"https:\\\/\\\/www.meydan.tv\\\/az\\\/article\\\/alla-puqacovaninailesi-ile-birge-israili-terk-etdiyi-bildirilir\\\/#primaryimage\"},\"thumbnailUrl\":\"https:\\\/\\\/www.meydan.tv\\\/wp-content\\\/uploads\\\/dfbwrt65-e1653478232867.jpeg\",\"articleSection\":[\"M\u0259d\u0259niyy\u0259t\",\"X\u0259b\u0259rl\u0259r\"],\"inLanguage\":\"az\"},{\"@type\":\"WebPage\",\"@id\":\"https:\\\/\\\/www.meydan.tv\\\/az\\\/article\\\/alla-puqacovaninailesi-ile-birge-israili-terk-etdiyi-bildirilir\\\/\",\"url\":\"https:\\\/\\\/www.meydan.tv\\\/az\\\/article\\\/alla-puqacovaninailesi-ile-birge-israili-terk-etdiyi-bildirilir\\\/\",\"name\":\"Alla Puqa\u00e7ovan\u0131n ail\u0259si il\u0259 birg\u0259 \u0130sraili t\u0259rk etdiyi bildirilir - MEYDAN.TV\",\"isPartOf\":{\"@id\":\"https:\\\/\\\/www.meydan.tv\\\/az\\\/#website\"},\"primaryImageOfPage\":{\"@id\":\"https:\\\/\\\/www.meydan.tv\\\/az\\\/article\\\/alla-puqacovaninailesi-ile-birge-israili-terk-etdiyi-bildirilir\\\/#primaryimage\"},\"image\":{\"@id\":\"https:\\\/\\\/www.meydan.tv\\\/az\\\/article\\\/alla-puqacovaninailesi-ile-birge-israili-terk-etdiyi-bildirilir\\\/#primaryimage\"},\"thumbnailUrl\":\"https:\\\/\\\/www.meydan.tv\\\/wp-content\\\/uploads\\\/dfbwrt65-e1653478232867.jpeg\",\"datePublished\":\"2023-10-23T10:43:48+00:00\",\"dateModified\":\"2023-10-23T10:43:51+00:00\",\"breadcrumb\":{\"@id\":\"https:\\\/\\\/www.meydan.tv\\\/az\\\/article\\\/alla-puqacovaninailesi-ile-birge-israili-terk-etdiyi-bildirilir\\\/#breadcrumb\"},\"inLanguage\":\"az\",\"potentialAction\":[{\"@type\":\"ReadAction\",\"target\":[\"https:\\\/\\\/www.meydan.tv\\\/az\\\/article\\\/alla-puqacovaninailesi-ile-birge-israili-terk-etdiyi-bildirilir\\\/\"]}]},{\"@type\":\"ImageObject\",\"inLanguage\":\"az\",\"@id\":\"https:\\\/\\\/www.meydan.tv\\\/az\\\/article\\\/alla-puqacovaninailesi-ile-birge-israili-terk-etdiyi-bildirilir\\\/#primaryimage\",\"url\":\"https:\\\/\\\/www.meydan.tv\\\/wp-content\\\/uploads\\\/dfbwrt65-e1653478232867.jpeg\",\"contentUrl\":\"https:\\\/\\\/www.meydan.tv\\\/wp-content\\\/uploads\\\/dfbwrt65-e1653478232867.jpeg\",\"width\":1360,\"height\":578,\"caption\":\"Alla Puqa\u00e7ova.Foto: arxiv\"},{\"@type\":\"BreadcrumbList\",\"@id\":\"https:\\\/\\\/www.meydan.tv\\\/az\\\/article\\\/alla-puqacovaninailesi-ile-birge-israili-terk-etdiyi-bildirilir\\\/#breadcrumb\",\"itemListElement\":[{\"@type\":\"ListItem\",\"position\":1,\"name\":\"Ana s\u0259hif\u0259\",\"item\":\"https:\\\/\\\/www.meydan.tv\\\/az\\\/\"},{\"@type\":\"ListItem\",\"position\":2,\"name\":\"M\u0259d\u0259niyy\u0259t\",\"item\":\"https:\\\/\\\/www.meydan.tv\\\/az\\\/section\\\/medeniyyet\\\/\"},{\"@type\":\"ListItem\",\"position\":3,\"name\":\"Alla Puqa\u00e7ovan\u0131n ail\u0259si il\u0259 birg\u0259 \u0130sraili t\u0259rk etdiyi bildirilir\"}]},{\"@type\":\"WebSite\",\"@id\":\"https:\\\/\\\/www.meydan.tv\\\/az\\\/#website\",\"url\":\"https:\\\/\\\/www.meydan.tv\\\/az\\\/\",\"name\":\"MEYDAN.TV\",\"description\":\"Meydan TV Az\u0259rbaycan\u0131n media m\u0259kan\u0131ndak\u0131 alternativ s\u0259sidir\",\"publisher\":{\"@id\":\"https:\\\/\\\/www.meydan.tv\\\/az\\\/#organization\"},\"potentialAction\":[{\"@type\":\"SearchAction\",\"target\":{\"@type\":\"EntryPoint\",\"urlTemplate\":\"https:\\\/\\\/www.meydan.tv\\\/az\\\/?s={search_term_string}\"},\"query-input\":{\"@type\":\"PropertyValueSpecification\",\"valueRequired\":true,\"valueName\":\"search_term_string\"}}],\"inLanguage\":\"az\"},{\"@type\":\"Organization\",\"@id\":\"https:\\\/\\\/www.meydan.tv\\\/az\\\/#organization\",\"name\":\"Meydan TV\",\"url\":\"https:\\\/\\\/www.meydan.tv\\\/az\\\/\",\"logo\":{\"@type\":\"ImageObject\",\"inLanguage\":\"az\",\"@id\":\"https:\\\/\\\/www.meydan.tv\\\/az\\\/#\\\/schema\\\/logo\\\/image\\\/\",\"url\":\"https:\\\/\\\/www.meydan.tv\\\/wp-content\\\/uploads\\\/2021\\\/07\\\/meydan-logo.svg\",\"contentUrl\":\"https:\\\/\\\/www.meydan.tv\\\/wp-content\\\/uploads\\\/2021\\\/07\\\/meydan-logo.svg\",\"width\":195,\"height\":46,\"caption\":\"Meydan TV\"},\"image\":{\"@id\":\"https:\\\/\\\/www.meydan.tv\\\/az\\\/#\\\/schema\\\/logo\\\/image\\\/\"}},{\"@type\":\"Person\",\"@id\":\"https:\\\/\\\/www.meydan.tv\\\/az\\\/#\\\/schema\\\/person\\\/9cdbecf90d17180ce1dfbd95b08dcf47\",\"name\":\"elli\",\"sameAs\":[\"https:\\\/\\\/x.com\\\/elli\"]}]}<\/script>\n<!-- \/ Yoast SEO plugin. -->","yoast_head_json":{"title":"Alla Puqa\u00e7ovan\u0131n ail\u0259si il\u0259 birg\u0259 \u0130sraili t\u0259rk etdiyi bildirilir - MEYDAN.TV","robots":{"index":"index","follow":"follow","max-snippet":"max-snippet:-1","max-image-preview":"max-image-preview:large","max-video-preview":"max-video-preview:-1"},"canonical":"https:\/\/www.meydan.tv\/az\/article\/alla-puqacovaninailesi-ile-birge-israili-terk-etdiyi-bildirilir\/","og_locale":"az_AZ","og_type":"article","og_title":"Alla Puqa\u00e7ovan\u0131n ail\u0259si il\u0259 birg\u0259 \u0130sraili t\u0259rk etdiyi bildirilir - MEYDAN.TV","og_description":"M\u00fc\u011f\u0259nni Kipr\u0259 k\u00f6\u00e7\u00fcb Rusiyan\u0131n Xalq artisti, estrada m\u00fc\u011f\u0259nnisi Alla Puqa\u00e7ovan\u0131n ... Davam\u0131","og_url":"https:\/\/www.meydan.tv\/az\/article\/alla-puqacovaninailesi-ile-birge-israili-terk-etdiyi-bildirilir\/","og_site_name":"MEYDAN.TV","article_published_time":"2023-10-23T10:43:48+00:00","article_modified_time":"2023-10-23T10:43:51+00:00","og_image":[{"width":1360,"height":578,"url":"https:\/\/www.meydan.tv\/wp-content\/uploads\/dfbwrt65-e1653478232867.jpeg","type":"image\/jpeg"}],"author":"elli","twitter_card":"summary_large_image","twitter_creator":"@elli","schema":{"@context":"https:\/\/schema.org","@graph":[{"@type":"Article","@id":"https:\/\/www.meydan.tv\/az\/article\/alla-puqacovaninailesi-ile-birge-israili-terk-etdiyi-bildirilir\/#article","isPartOf":{"@id":"https:\/\/www.meydan.tv\/az\/article\/alla-puqacovaninailesi-ile-birge-israili-terk-etdiyi-bildirilir\/"},"author":{"name":"elli","@id":"https:\/\/www.meydan.tv\/az\/#\/schema\/person\/9cdbecf90d17180ce1dfbd95b08dcf47"},"headline":"Alla Puqa\u00e7ovan\u0131n ail\u0259si il\u0259 birg\u0259 \u0130sraili t\u0259rk etdiyi bildirilir","datePublished":"2023-10-23T10:43:48+00:00","dateModified":"2023-10-23T10:43:51+00:00","mainEntityOfPage":{"@id":"https:\/\/www.meydan.tv\/az\/article\/alla-puqacovaninailesi-ile-birge-israili-terk-etdiyi-bildirilir\/"},"wordCount":317,"publisher":{"@id":"https:\/\/www.meydan.tv\/az\/#organization"},"image":{"@id":"https:\/\/www.meydan.tv\/az\/article\/alla-puqacovaninailesi-ile-birge-israili-terk-etdiyi-bildirilir\/#primaryimage"},"thumbnailUrl":"https:\/\/www.meydan.tv\/wp-content\/uploads\/dfbwrt65-e1653478232867.jpeg","articleSection":["M\u0259d\u0259niyy\u0259t","X\u0259b\u0259rl\u0259r"],"inLanguage":"az"},{"@type":"WebPage","@id":"https:\/\/www.meydan.tv\/az\/article\/alla-puqacovaninailesi-ile-birge-israili-terk-etdiyi-bildirilir\/","url":"https:\/\/www.meydan.tv\/az\/article\/alla-puqacovaninailesi-ile-birge-israili-terk-etdiyi-bildirilir\/","name":"Alla Puqa\u00e7ovan\u0131n ail\u0259si il\u0259 birg\u0259 \u0130sraili t\u0259rk etdiyi bildirilir - MEYDAN.TV","isPartOf":{"@id":"https:\/\/www.meydan.tv\/az\/#website"},"primaryImageOfPage":{"@id":"https:\/\/www.meydan.tv\/az\/article\/alla-puqacovaninailesi-ile-birge-israili-terk-etdiyi-bildirilir\/#primaryimage"},"image":{"@id":"https:\/\/www.meydan.tv\/az\/article\/alla-puqacovaninailesi-ile-birge-israili-terk-etdiyi-bildirilir\/#primaryimage"},"thumbnailUrl":"https:\/\/www.meydan.tv\/wp-content\/uploads\/dfbwrt65-e1653478232867.jpeg","datePublished":"2023-10-23T10:43:48+00:00","dateModified":"2023-10-23T10:43:51+00:00","breadcrumb":{"@id":"https:\/\/www.meydan.tv\/az\/article\/alla-puqacovaninailesi-ile-birge-israili-terk-etdiyi-bildirilir\/#breadcrumb"},"inLanguage":"az","potentialAction":[{"@type":"ReadAction","target":["https:\/\/www.meydan.tv\/az\/article\/alla-puqacovaninailesi-ile-birge-israili-terk-etdiyi-bildirilir\/"]}]},{"@type":"ImageObject","inLanguage":"az","@id":"https:\/\/www.meydan.tv\/az\/article\/alla-puqacovaninailesi-ile-birge-israili-terk-etdiyi-bildirilir\/#primaryimage","url":"https:\/\/www.meydan.tv\/wp-content\/uploads\/dfbwrt65-e1653478232867.jpeg","contentUrl":"https:\/\/www.meydan.tv\/wp-content\/uploads\/dfbwrt65-e1653478232867.jpeg","width":1360,"height":578,"caption":"Alla Puqa\u00e7ova.Foto: arxiv"},{"@type":"BreadcrumbList","@id":"https:\/\/www.meydan.tv\/az\/article\/alla-puqacovaninailesi-ile-birge-israili-terk-etdiyi-bildirilir\/#breadcrumb","itemListElement":[{"@type":"ListItem","position":1,"name":"Ana s\u0259hif\u0259","item":"https:\/\/www.meydan.tv\/az\/"},{"@type":"ListItem","position":2,"name":"M\u0259d\u0259niyy\u0259t","item":"https:\/\/www.meydan.tv\/az\/section\/medeniyyet\/"},{"@type":"ListItem","position":3,"name":"Alla Puqa\u00e7ovan\u0131n ail\u0259si il\u0259 birg\u0259 \u0130sraili t\u0259rk etdiyi bildirilir"}]},{"@type":"WebSite","@id":"https:\/\/www.meydan.tv\/az\/#website","url":"https:\/\/www.meydan.tv\/az\/","name":"MEYDAN.TV","description":"Meydan TV Az\u0259rbaycan\u0131n media m\u0259kan\u0131ndak\u0131 alternativ s\u0259sidir","publisher":{"@id":"https:\/\/www.meydan.tv\/az\/#organization"},"potentialAction":[{"@type":"SearchAction","target":{"@type":"EntryPoint","urlTemplate":"https:\/\/www.meydan.tv\/az\/?s={search_term_string}"},"query-input":{"@type":"PropertyValueSpecification","valueRequired":true,"valueName":"search_term_string"}}],"inLanguage":"az"},{"@type":"Organization","@id":"https:\/\/www.meydan.tv\/az\/#organization","name":"Meydan TV","url":"https:\/\/www.meydan.tv\/az\/","logo":{"@type":"ImageObject","inLanguage":"az","@id":"https:\/\/www.meydan.tv\/az\/#\/schema\/logo\/image\/","url":"https:\/\/www.meydan.tv\/wp-content\/uploads\/2021\/07\/meydan-logo.svg","contentUrl":"https:\/\/www.meydan.tv\/wp-content\/uploads\/2021\/07\/meydan-logo.svg","width":195,"height":46,"caption":"Meydan TV"},"image":{"@id":"https:\/\/www.meydan.tv\/az\/#\/schema\/logo\/image\/"}},{"@type":"Person","@id":"https:\/\/www.meydan.tv\/az\/#\/schema\/person\/9cdbecf90d17180ce1dfbd95b08dcf47","name":"elli","sameAs":["https:\/\/x.com\/elli"]}]}},"_links":{"self":[{"href":"https:\/\/www.meydan.tv\/az\/wp-json\/wp\/v2\/posts\/288566","targetHints":{"allow":["GET"]}}],"collection":[{"href":"https:\/\/www.meydan.tv\/az\/wp-json\/wp\/v2\/posts"}],"about":[{"href":"https:\/\/www.meydan.tv\/az\/wp-json\/wp\/v2\/types\/post"}],"author":[{"embeddable":true,"href":"https:\/\/www.meydan.tv\/az\/wp-json\/wp\/v2\/users\/8"}],"replies":[{"embeddable":true,"href":"https:\/\/www.meydan.tv\/az\/wp-json\/wp\/v2\/comments?post=288566"}],"version-history":[{"count":3,"href":"https:\/\/www.meydan.tv\/az\/wp-json\/wp\/v2\/posts\/288566\/revisions"}],"predecessor-version":[{"id":288570,"href":"https:\/\/www.meydan.tv\/az\/wp-json\/wp\/v2\/posts\/288566\/revisions\/288570"}],"wp:featuredmedia":[{"embeddable":true,"href":"https:\/\/www.meydan.tv\/az\/wp-json\/wp\/v2\/media\/246346"}],"wp:attachment":[{"href":"https:\/\/www.meydan.tv\/az\/wp-json\/wp\/v2\/media?parent=288566"}],"wp:term":[{"taxonomy":"category","embeddable":true,"href":"https:\/\/www.meydan.tv\/az\/wp-json\/wp\/v2\/categories?post=288566"},{"taxonomy":"post_tag","embeddable":true,"href":"https:\/\/www.meydan.tv\/az\/wp-json\/wp\/v2\/tags?post=288566"}],"curies":[{"name":"wp","href":"https:\/\/api.w.org\/{rel}","templated":true}]}}