{"id":288510,"date":"2023-10-23T10:59:10","date_gmt":"2023-10-23T06:59:10","guid":{"rendered":"https:\/\/www.meydan.tv\/?p=288510"},"modified":"2023-10-23T10:59:52","modified_gmt":"2023-10-23T06:59:52","slug":"sehnesiz-qalan-goycay-xalq-teatri","status":"publish","type":"post","link":"https:\/\/www.meydan.tv\/az\/article\/sehnesiz-qalan-goycay-xalq-teatri\/","title":{"rendered":"S\u0259hn\u0259siz qalan G\u00f6y\u00e7ay Xalq Teatr\u0131"},"content":{"rendered":"\n<p><\/p>\n\n\n\n<p>&#8220;<strong><em>D\u00f6rd ayl\u0131q t\u0259mir\u0259 dayanan bina d\u00f6rd il ke\u00e7s\u0259 d\u0259, haz\u0131r deyil&#8221;<\/em><\/strong><\/p>\n\n\n\n<p><em>&#8221; Ayl\u0131q jurnal\u0131m var. T\u0259dbirl\u0259r siyah\u0131s\u0131n\u0131n illik proqram\u0131ndan ed\u0259 bil\u0259c\u0259yimizi se\u00e7ib haz\u0131rlay\u0131r\u0131q. Ancaq tama\u015falar olmur, \u00e7\u00fcnki s\u0259hn\u0259miz yoxdur. Tama\u015falar\u0131 harda g\u00f6st\u0259r\u0259k? \u0130ll\u0259rdir v\u0259d e\u015fidirik, k\u00f6m\u0259k ed\u0259n yoxdur&#8221;.<\/em><\/p>\n\n\n\n<p>G\u00f6y\u00e7ay Xalq Teatr\u0131n\u0131n rejissoru M\u0259tl\u0259b \u015eirinov bel\u0259 deyir.<\/p>\n\n\n\n<p>Teatr R\u0259sul Rza ad\u0131na M\u0259d\u0259niyy\u0259t evind\u0259 f\u0259aliyy\u0259t g\u00f6st\u0259rib. M\u0259tl\u0259b \u015eirinov is\u0259 2019-cu ild\u0259n bu teatr\u0131n rejissorudur.<\/p>\n\n\n<div class=\"wp-block-image\">\n<figure class=\"aligncenter size-large\"><img decoding=\"async\" width=\"1200\" height=\"675\" data-src=\"https:\/\/www.meydan.tv\/wp-content\/uploads\/img-20230906-wa0019-1200x675.jpg\" alt=\"\" class=\"wp-image-288523 lazyload\" src=\"data:image\/svg+xml;base64,PHN2ZyB3aWR0aD0iMSIgaGVpZ2h0PSIxIiB4bWxucz0iaHR0cDovL3d3dy53My5vcmcvMjAwMC9zdmciPjwvc3ZnPg==\" style=\"--smush-placeholder-width: 1200px; --smush-placeholder-aspect-ratio: 1200\/675;\" \/><\/figure>\n<\/div>\n\n\n<p>&#8220;<strong>N\u0259 p\u0259rd\u0259si var, n\u0259 kulisi, n\u0259 oturaca\u011f\u0131, n\u0259 i\u015f\u0131qland\u0131rmas\u0131, n\u0259 d\u0259 dekorasiyas\u0131&#8221;<\/strong><\/p>\n\n\n\n<p>Teatr 1961-ci ild\u0259 G\u00f6y\u00e7ayda yarad\u0131l\u0131b. M\u0259tl\u0259b \u015eirinov Meydan TV-y\u0259 deyir ki, teatr\u0131n f\u0259aliyy\u0259tsizliyi onlardan as\u0131l\u0131 m\u0259s\u0259l\u0259 deyil. S\u0259hn\u0259 t\u0259rtibat\u0131, tama\u015fa\u00e7\u0131 zal\u0131n\u0131n oturacaqlar\u0131 yoxdur dey\u0259 \u0259ziyy\u0259tl\u0259 haz\u0131rlanan k\u00fctl\u0259vi tama\u015falar n\u00fcmayi\u015f edilmir. Odur ki, rayon s\u0259viyy\u0259li t\u0259dbirl\u0259rl\u0259 kifay\u0259tl\u0259nm\u0259li olurlar.<\/p>\n\n\n\n<p>Bir s\u00f6zl\u0259, d\u00f6rd ayl\u0131q ba\u011flanan m\u0259d\u0259niyy\u0259t evinin t\u0259miri d\u00fcz d\u00f6rd ildir ki, yuban\u0131r, s\u0259b\u0259bi is\u0259 b\u0259lli deyil.<\/p>\n\n\n<div class=\"wp-block-image\">\n<figure class=\"aligncenter size-large\"><img decoding=\"async\" width=\"1200\" height=\"675\" data-src=\"https:\/\/www.meydan.tv\/wp-content\/uploads\/img-20230906-wa0098-1200x675.jpg\" alt=\"\" class=\"wp-image-288520 lazyload\" src=\"data:image\/svg+xml;base64,PHN2ZyB3aWR0aD0iMSIgaGVpZ2h0PSIxIiB4bWxucz0iaHR0cDovL3d3dy53My5vcmcvMjAwMC9zdmciPjwvc3ZnPg==\" style=\"--smush-placeholder-width: 1200px; --smush-placeholder-aspect-ratio: 1200\/675;\" \/><\/figure>\n<\/div>\n\n\n<p><em>&#8220;2019-cu ilin 10 oktyabr\u0131ndan burada rejissoram. H\u0259min il biz\u0259 dedil\u0259r ki, bo\u015fald\u0131n buran\u0131 t\u0259mir edirik. D\u00f6rd il ke\u00e7s\u0259 d\u0259, haz\u0131r deyil. M\u0259d\u0259niyy\u0259t evinin dig\u0259r otaqlar\u0131 t\u0259mir olub, ancaq xalq teatr\u0131na laz\u0131m olan tama\u015fa\u00e7\u0131 zal\u0131, s\u0259hn\u0259 qal\u0131b t\u0259mirsiz. He\u00e7 n\u0259 yoxdur\u201d, <\/em>&#8211; rejissor deyir.<\/p>\n\n\n\n<p><em>\u201cH\u00fcnd\u00fcr yerdir s\u0259hn\u0259 hiss\u0259si, n\u0259 p\u0259rd\u0259si var, n\u0259 kulisi, n\u0259 oturaca\u011f\u0131, n\u0259 i\u015f\u0131qland\u0131rmas\u0131, n\u0259 d\u0259 dekorasiyas\u0131. S\u0259hn\u0259d\u0259 be\u015fqat p\u0259rd\u0259 olmal\u0131d\u0131r. Bir m\u0259kandan dig\u0259r m\u0259kana ke\u00e7m\u0259k \u00fc\u00e7\u00fcn. Oturacaqlar\u0131 da yoxdur. 400 oturacaq olmal\u0131d\u0131r ki, c\u0259mi 150-ni g\u0259tirib keyfiyy\u0259tsiz yerl\u0259\u015fdiribl\u0259r, onlar da da\u011f\u0131l\u0131b gedir. Oturacaqlar d\u00f6\u015f\u0259m\u0259y\u0259 keyfiyy\u0259tli b\u0259rkidilm\u0259li idi. Nazirlik s\u0259viyy\u0259sind\u0259 m\u0259s\u0259l\u0259 qald\u0131rm\u0131\u015f\u0131q, m\u00fcraci\u0259t etmi\u015fik. Bilirl\u0259r, ancaq he\u00e7 bir i\u015f g\u00f6r\u00fclm\u00fcr. D\u00f6vl\u0259td\u0259n t\u0259k ist\u0259yimiz odur ki, s\u0259hn\u0259miz, tama\u015fa\u00e7\u0131 zal\u0131m\u0131z t\u0259mir olunsun, biz d\u0259 m\u0259\u015fq v\u0259 tama\u015falar\u0131m\u0131z\u0131 orda n\u00fcmayi\u015f etdir\u0259k&#8221;, <\/em>&#8211; M\u0259tl\u0259b \u015eirinov gileyl\u0259nir.<\/p>\n\n\n<div class=\"wp-block-image\">\n<figure class=\"aligncenter size-large\"><img decoding=\"async\" width=\"1200\" height=\"675\" data-src=\"https:\/\/www.meydan.tv\/wp-content\/uploads\/img-20230906-wa0102-1200x675.jpg\" alt=\"\" class=\"wp-image-288517 lazyload\" src=\"data:image\/svg+xml;base64,PHN2ZyB3aWR0aD0iMSIgaGVpZ2h0PSIxIiB4bWxucz0iaHR0cDovL3d3dy53My5vcmcvMjAwMC9zdmciPjwvc3ZnPg==\" style=\"--smush-placeholder-width: 1200px; --smush-placeholder-aspect-ratio: 1200\/675;\" \/><\/figure>\n<\/div>\n\n\n<p>&#8220;<strong>Qol \u00e7\u0259ks\u0259k, el\u0259 t\u0259mirsiz qalacaq&#8221;<\/strong><\/p>\n\n\n\n<p>M\u0259tl\u0259b \u015eirinov bildirir ki, teatr\u0131n repertuar\u0131nda ona yax\u0131n k\u00fctl\u0259vi tama\u015fa haz\u0131rlansa da, ancaq he\u00e7 biri s\u0259hn\u0259 dekorasiyas\u0131 olmad\u0131\u011f\u0131ndan n\u00fcmayi\u015f olunmay\u0131b. Tarixi g\u00fcn v\u0259 bayramlara aid t\u0259dbirl\u0259r ke\u00e7irm\u0259kl\u0259 ayl\u0131q, illik i\u015f plan\u0131n\u0131 ba\u015fa vururlar. Xalq teatr\u0131nda haz\u0131rda 13 n\u0259f\u0259r k\u00f6n\u00fcll\u00fc aktyor kimi f\u0259aliyy\u0259t g\u00f6st\u0259rir. Ancaq yaln\u0131z rejissor, qarderob i\u015f\u00e7isi v\u0259 r\u0259ssam \u0259m\u0259khaqq\u0131 al\u0131r. Rejissor pulsuz \u00e7al\u0131\u015fan aktyorlar\u0131 haz\u0131rlanan tama\u015falar\u0131n n\u00fcmayi\u015find\u0259n g\u0259l\u0259n g\u0259lirl\u0259 m\u00fckafatland\u0131rmaq ist\u0259yir: <em>\u201cT\u0259\u0259ss\u00fcfl\u0259r ki, bu da s\u0259hn\u0259 \u015f\u0259raiti olmad\u0131\u011f\u0131 \u00fc\u00e7\u00fcn m\u00fcmk\u00fcns\u00fczd\u00fcr\u201d.<\/em><\/p>\n\n\n\n<p><em>&#8220;Sabit R\u0259hman\u0131n \u201cXo\u015fb\u0259xtl\u0259r&#8221; tama\u015fas\u0131n\u0131 haz\u0131rlam\u0131\u015f\u0131q, h\u0259tta \u0130smay\u0131ll\u0131da oynad\u0131q, 45 rayon aras\u0131nda yer tutduq. &#8220;D\u0259d\u0259 Qorqud&#8221;, \u018flikram M\u0259mm\u0259dovun haz\u0131r &#8220;V\u0259t\u0259n o\u011fullar\u0131&#8221; tama\u015fas\u0131 var ki, be\u015f \u015f\u0259killidir. &#8220;X\u0259lif\u0259&#8221;, &#8220;La\u00e7\u0131n yuvas\u0131&#8221; kimi ona yax\u0131n tama\u015fan\u0131 \u0259limizd\u0259 olan v\u0259saitl\u0259 haz\u0131rlam\u0131\u015f\u0131q, ancaq n\u00fcmayi\u015f etdir\u0259 bilmirik. Ancaq k\u0259nd m\u0259d\u0259niyy\u0259t klublar\u0131nda oynay\u0131r\u0131q, m\u0259d\u0259niyy\u0259t evinin t\u0259dbirl\u0259rini se\u00e7ib ke\u00e7iririk, xalq teatr\u0131n\u0131n tama\u015falar\u0131, arzular\u0131 qal\u0131r k\u0259narda\u201d, <\/em>&#8211; rejissor deyir.<\/p>\n\n\n<div class=\"wp-block-image\">\n<figure class=\"aligncenter size-large\"><img decoding=\"async\" width=\"1200\" height=\"675\" data-src=\"https:\/\/www.meydan.tv\/wp-content\/uploads\/img-20230906-wa0031-1200x675.jpg\" alt=\"\" class=\"wp-image-288500 lazyload\" src=\"data:image\/svg+xml;base64,PHN2ZyB3aWR0aD0iMSIgaGVpZ2h0PSIxIiB4bWxucz0iaHR0cDovL3d3dy53My5vcmcvMjAwMC9zdmciPjwvc3ZnPg==\" style=\"--smush-placeholder-width: 1200px; --smush-placeholder-aspect-ratio: 1200\/675;\" \/><\/figure>\n<\/div>\n\n\n<p><em>\u201c46 \u015f\u0259hidin d\u0259fn m\u0259rasimini biz ke\u00e7irmi\u015fik, \u0259dibl\u0259rin yarad\u0131cl\u0131q yubileyini edirik. D\u00fczd\u00fcr, maa\u015f al\u0131r\u0131q, t\u0259dbirl\u0259ri edirik, ancaq s\u0259hn\u0259 \u015f\u0259raitini, zal\u0131 d\u00fcz\u0259ltsinl\u0259r ki, tama\u015falar\u0131m\u0131z\u0131 haz\u0131rlay\u0131b n\u00fcmayi\u015f etdir\u0259k, b\u00f6y\u00fck i\u015fl\u0259r g\u00f6r\u0259k, t\u0259dbirl\u0259rl\u0259 yetinm\u0259y\u0259k. Birp\u0259rd\u0259li tama\u015fa haz\u0131rlay\u0131b m\u0259cburiyy\u0259td\u0259n onu da musiqi m\u0259kt\u0259bind\u0259 qa\u00e7araq n\u00fcmayi\u015f etdiririk, onda da he\u00e7 s\u0259hn\u0259 \u015f\u0259raiti yoxdur, xahi\u015f &#8211; minn\u0259tl\u0259 icar\u0259y\u0259 g\u00f6t\u00fcr\u00fcr\u00fck. Onun avadanl\u0131qlar\u0131n\u0131 qurmaq \u00f6z\u00fcm\u00fcz\u00fcn d\u0259 imkanlar\u0131 xaricind\u0259dir\u201d? <\/em>\u2013 M\u0259tl\u0259b \u015eirinov probleml\u0259rd\u0259n dan\u0131\u015f\u0131r.<\/p>\n\n\n\n<p>Onun s\u00f6zl\u0259rin\u0259 g\u00f6r\u0259, t\u0259mir aparan d\u00f6rd f\u0259rqli \u015firk\u0259t indi teatr r\u0259hb\u0259rliyind\u0259n i\u015fin tamamlanmas\u0131n\u0131 t\u0259sdiql\u0259m\u0259k \u00fc\u00e7\u00fcn imza atmas\u0131n\u0131 ist\u0259yir:<\/p>\n\n\n\n<p><em>\u201cBiz d\u0259 raz\u0131 deyilik ki, avadanl\u0131qlar\u0131 qurun, tam haz\u0131r olsun. S\u0259hv edib el\u0259 g\u00f6t\u00fcrs\u0259k, qol \u00e7\u0259ks\u0259k, el\u0259 d\u0259 t\u0259mirsiz qalacaq, he\u00e7 i\u015f g\u00f6r\u00fclm\u0259y\u0259c\u0259k. V\u0259saitin miqdar\u0131n\u0131 bilmirik, ancaq d\u00f6rd f\u0259rqli \u015firk\u0259t i\u015fi g\u00f6r\u00fcb v\u0259 indi bir-birinin \u00fcst\u00fcn\u0259 at\u0131r. Xalq teatr\u0131na, \u00f6z\u00fc d\u0259 m\u0259d\u0259niyy\u0259t evind\u0259 bir rejissor ota\u011f\u0131, s\u0259hn\u0259 ota\u011f\u0131 v\u0259 s\u0259hn\u0259 ota\u011f\u0131n\u0131n arxas\u0131nda bir otaq aiddir ki, haz\u0131rda orada g\u0259ncl\u0259r d\u0259rgi i\u015fin\u0259 bax\u0131r. Onlar t\u0259mir olunmal\u0131d\u0131r v\u0259 s\u0259hn\u0259 qurulmal\u0131d\u0131r ki, teatr i\u015f g\u00f6rs\u00fcn, c\u00fczu miqdarda bilet sat\u0131\u015f\u0131n\u0131 edib k\u00f6n\u00fcll\u00fc aktyorlar\u0131 m\u00fckafatland\u0131rs\u0131n, m\u00fc\u0259yy\u0259n x\u0259rcl\u0259rini qar\u015f\u0131las\u0131n&#8221;<\/em>.<\/p>\n\n\n\n<p>&#8220;<strong>N\u0259 vaxta q\u0259d\u0259r b\u0131\u011f, saqqal\u0131 flomasterl\u0259 \u00e7\u0259k\u0259c\u0259yik?&#8221;<\/strong><\/p>\n\n\n\n<p>Teatr\u0131n rejissoru h\u0259m d\u0259 geyim, qrim m\u0259s\u0259l\u0259rind\u0259n naraz\u0131d\u0131r. Deyir ki, b\u0259zi geyim v\u0259 qrim l\u0259vazimatlar\u0131n\u0131 \u0259ld\u0259 ed\u0259 bilmir, \u0259v\u0259zind\u0259 \u0259lacs\u0131z qal\u0131b uy\u011funsuz geyiml\u0259rd\u0259n, sad\u0259 \u00fcsullardan istifad\u0259 edir. N\u0259tic\u0259d\u0259 \u00e7\u0259kil\u0259n \u0259ziyy\u0259t bo\u015fa gedir. Teatr hey\u0259ti nazirlikd\u0259n v\u0259 onun b\u00f6lg\u0259l\u0259rd\u0259 yaratd\u0131\u011f\u0131 regional qurumdan k\u00f6m\u0259k ist\u0259yir:<\/p>\n\n\n<div class=\"wp-block-image\">\n<figure class=\"aligncenter size-large\"><img decoding=\"async\" width=\"1200\" height=\"675\" data-src=\"https:\/\/www.meydan.tv\/wp-content\/uploads\/img-20230906-wa0095-1200x675.jpg\" alt=\"\" class=\"wp-image-288506 lazyload\" src=\"data:image\/svg+xml;base64,PHN2ZyB3aWR0aD0iMSIgaGVpZ2h0PSIxIiB4bWxucz0iaHR0cDovL3d3dy53My5vcmcvMjAwMC9zdmciPjwvc3ZnPg==\" style=\"--smush-placeholder-width: 1200px; --smush-placeholder-aspect-ratio: 1200\/675;\" \/><\/figure>\n<\/div>\n\n\n<p><em>&#8220;H\u0259m rejissoram, h\u0259m qrim ustas\u0131yam, h\u0259m aktyorlar\u0131n geyimini axtar\u0131b tapanam. Ciddi problemdir. \u018fziyy\u0259t \u00e7\u0259kirik b\u0131\u011f, saqqal tapmaqda. M\u0259rk\u0259zi Aran Regional \u0130dar\u0259y\u0259 yax\u0131n G\u0259nc\u0259, Ming\u0259\u00e7evir, A\u011fdam D\u00f6vl\u0259t Dram v\u0259 Qax Kukla teatrlar\u0131 var ki, onlar\u0131n dekorasiyas\u0131ndan, geyimind\u0259n biz\u0259 g\u00f6nd\u0259r\u0259 bil\u0259rl\u0259r. \u0130nvertar kimi yazarlar bizim idar\u0259y\u0259, istifad\u0259 ed\u0259rik. Hans\u0131 ki, istifad\u0259 etmirl\u0259r. D\u0259d\u0259 Qorqud obraz\u0131na geyimimiz yoxdur, n\u0259 vaxta q\u0259d\u0259r Bahar q\u0131z\u0131n\u0131 g\u00f6y g\u0259linlik geyimind\u0259 \u00e7\u0131xaracam? N\u0259 vaxta q\u0259d\u0259r b\u0131\u011f, saqqal\u0131 flomasterl\u0259 \u00e7\u0259k\u0259c\u0259yik? Novruz bayram\u0131nda t\u0259dbir haz\u0131rlayanda m\u0259cburiyy\u0259td\u0259n dekorasiyan\u0131 iki saata d\u0259yi\u015fdim. \u018fmr verilir ki, bel\u0259 yox, el\u0259. \u018flimizd\u0259 n\u0259 var onu edirik, \u00e7\u0259tinlikl\u0259rl\u0259 ortal\u0131\u011fa n\u0259s\u0259 \u00e7\u0131xar\u0131r\u0131q&#8221;.<\/em><\/p>\n\n\n\n<p><strong>&#8220;Vaxtil\u0259 qaynar xalq teatr\u0131 indi f\u0259aliyy\u0259tini itirib&#8221;<\/strong><\/p>\n\n\n\n<p>Xalq teatr\u0131 m\u0259hsuldar d\u00f6vr\u00fcn\u00fc 1966-1989- cu ild\u0259 ya\u015fay\u0131b. Rejissor R\u0259hman \u015e\u0131x\u0131yev ondan art\u0131q k\u00fctl\u0259vi tama\u015falar haz\u0131rlay\u0131b, n\u00fcmayi\u015fini ke\u00e7irib. B\u00fct\u00fcn u\u011furlar\u0131 da el\u0259 onun ad\u0131 il\u0259 ba\u011fl\u0131d\u0131r. Teatr\u0131n 72 ya\u015fl\u0131 aktyoru \u018flikram M\u0259mm\u0259dov deyir ki, \u00f6mr\u00fcn\u00fcn 50 ilind\u0259n \u00e7oxunu xalq teatr\u0131na h\u0259sr edib, bir-birind\u0259n maraql\u0131 tama\u015falarda maraql\u0131 obrazlar yarad\u0131b. \u00dc\u00e7 ildir t\u0259qa\u00fcd\u0259 \u00e7\u0131xsa da, h\u0259l\u0259 k\u00f6n\u00fcll\u00fc aktyor kimi g\u00fcnd\u0259lik teatra gedir. Ancaq n\u0259 h\u0259mi\u015f\u0259ki s\u0259hn\u0259 var, n\u0259 d\u0259 m\u00fcst\u0259qillikd\u0259n bu t\u0259r\u0259f\u0259 k\u00fctl\u0259vi n\u00fcmayi\u015f olunan tama\u015falar:<\/p>\n\n\n\n<p><em>&#8220;H\u0259r g\u00fcn b\u00fct\u00fcn i\u015f\u00e7il\u0259rd\u0259n qabaq ora gedir\u0259m. \u00c7ox ba\u011fl\u0131yam. \u018fld\u0259n d\u00fc\u015fm\u0259mi\u015f\u0259m, cavan obraza deyil, ata, \u0259mi, baba obraz\u0131nda oynama\u011f\u0131ma \u015fans var. M\u0259d\u0259niyy\u0259t evind\u0259, xalq teatrlar\u0131nda m\u00fc\u0259yy\u0259n fiqurlar\u0131n yeri s\u0259hv d\u00fc\u015f\u00fcb. K\u0259d\u0259rl\u0259nir\u0259m. S\u0259hn\u0259y\u0259 baxanda h\u0259mi\u015f\u0259 doluxsunuram. Fiqurlar s\u0259hv d\u00fc\u015f\u00fcb dey\u0259 vaxtil\u0259 qaynar xalq teatr\u0131 indi f\u0259aliyy\u0259tini itirib\u201d.<\/em><\/p>\n\n\n\n<p><em>\u201c\u018fs\u0259r yaz\u0131b xalq teatr\u0131na vermi\u015f\u0259m. Ancaq \u015f\u0259raitsizlik \u00fcz\u00fcnd\u0259n s\u0259hn\u0259l\u0259\u015fdirib n\u00fcmayi\u015f ed\u0259 bilmirik. \u00d6mr\u00fcm\u00fcn 50 ilini bu s\u0259hn\u0259d\u0259 olmu\u015fam. Son on be\u015f ild\u0259, yeni qurulu\u015fdan sonra bu sah\u0259y\u0259 g\u00fccl\u00fc z\u0259rb\u0259 d\u0259ydi. Napoleon deyirdi: \u201cQurulu\u015f d\u0259yi\u015f\u0259nd\u0259 t\u0259hsil\u0259, m\u0259d\u0259niyy\u0259t\u0259 daha \u00e7ox z\u0259rb\u0259 d\u0259yir\u201d, biz bunu g\u00f6r\u00fcr\u00fck. \u00dczd\u0259n t\u0259mir var, ancaq s\u0259hn\u0259 qal\u0131b el\u0259. S\u0259hn\u0259 olsa t\u0259klif ed\u0259r\u0259m ki, tama\u015falar haz\u0131rlayaq, yoxladaq v\u0259 m\u00fc\u0259yy\u0259n cuzi \u00f6d\u0259ni\u015f m\u00fcqabilind\u0259 bilet sat\u0131b tama\u015falar\u0131 geni\u015f k\u00fctl\u0259y\u0259 \u00e7\u0131xaraq. H\u0259m teatr \u0259n\u0259n\u0259si ya\u015fas\u0131n, h\u0259m d\u0259 m\u0259d\u0259niyy\u0259t formala\u015fs\u0131n\u201d,<\/em> &#8211; aktyor dan\u0131\u015f\u0131r.<\/p>\n\n\n<div class=\"wp-block-image\">\n<figure class=\"aligncenter size-large\"><img decoding=\"async\" width=\"1200\" height=\"675\" data-src=\"https:\/\/www.meydan.tv\/wp-content\/uploads\/img-20230906-wa0037-1200x675.jpg\" alt=\"\" class=\"wp-image-288496 lazyload\" src=\"data:image\/svg+xml;base64,PHN2ZyB3aWR0aD0iMSIgaGVpZ2h0PSIxIiB4bWxucz0iaHR0cDovL3d3dy53My5vcmcvMjAwMC9zdmciPjwvc3ZnPg==\" style=\"--smush-placeholder-width: 1200px; --smush-placeholder-aspect-ratio: 1200\/675;\" \/><\/figure>\n<\/div>\n\n\n<p>O da deyir ki, haz\u0131rlanan tama\u015falar\u0131n n\u00fcmayi\u015fin\u0259 yer yoxdur:<\/p>\n\n\n\n<p><em>\u201cB\u0259zi geyim v\u0259 l\u0259vazimatlar \u00fc\u00e7\u00fcn d\u0259 dram teatrlar\u0131ndan xahi\u015f ed\u0259k. Uman yerd\u0259n k\u00fcs\u0259rl\u0259r, M\u0259d\u0259niyy\u0259t Nazirliyi biz\u0259 k\u00f6m\u0259k etsin&#8221;.<\/em><\/p>\n\n\n\n<p>M\u0259rk\u0259zi Aran Regional M\u0259d\u0259niyy\u0259t \u0130dar\u0259sinin \u0259m\u0259kda\u015f\u0131 \u0130lqar V\u0259liyev Meydan TV-y\u0259 bildirdi ki, onlar\u0131n balans\u0131na daxil yeddi rayondan ikisind\u0259 xalq teatr\u0131 f\u0259aliyy\u0259t g\u00f6st\u0259rir. Onun s\u00f6zl\u0259rin\u0259 g\u00f6r\u0259, G\u00f6y\u00e7ay M\u0259d\u0259niyy\u0259t evinin t\u0259miri bitib, ancaq avadanl\u0131qlarla t\u0259minat gecikir:<\/p>\n\n\n\n<p><em>&#8220;Biz bilmirik niy\u0259 t\u0259minat yoxdur. M\u0259d\u0259niyy\u0259t Nazirliyi bil\u0259r. Nazirliyin m\u0259lumat\u0131 var, t\u0259min olunacaq deyibl\u0259r, gerisi bizlik deyil&#8221;.<\/em><\/p>\n\n\n<div class=\"wp-block-image\">\n<figure class=\"aligncenter size-full\"><img decoding=\"async\" width=\"813\" height=\"480\" data-src=\"https:\/\/www.meydan.tv\/wp-content\/uploads\/unnamed_bexrwtg.png\" alt=\"M\u0259d\u0259niyy\u0259t Nazirliyi\" class=\"wp-image-155112 lazyload\" src=\"data:image\/svg+xml;base64,PHN2ZyB3aWR0aD0iMSIgaGVpZ2h0PSIxIiB4bWxucz0iaHR0cDovL3d3dy53My5vcmcvMjAwMC9zdmciPjwvc3ZnPg==\" style=\"--smush-placeholder-width: 813px; --smush-placeholder-aspect-ratio: 813\/480;\" \/><figcaption class=\"wp-element-caption\">Foto: M\u0259d\u0259niyy\u0259t Nazirliyi<\/figcaption><\/figure>\n<\/div>\n\n\n<p>Meydan TV-nin M\u0259d\u0259niyy\u0259t Nazirliyin\u0259 g\u00f6nd\u0259rdiyi sor\u011fuya m\u0259tbuat xidm\u0259tind\u0259n <em>&#8220;Suallar\u0131n\u0131zla ba\u011fl\u0131 ara\u015fd\u0131rma t\u0259l\u0259b olunur, ara\u015fd\u0131r\u0131ld\u0131qdan sonra sizin sor\u011fuya cavab ver\u0259c\u0259yik&#8221;<\/em> deyils\u0259 d\u0259, g\u00fcnl\u0259rl\u0259 g\u00f6zl\u0259nil\u0259n sor\u011fuya, edil\u0259n z\u0259ngl\u0259r\u0259 cavab g\u0259lm\u0259di.<\/p>\n\n\n\n<p>&#8220;<strong>Xalq teatrlar\u0131 yarad\u0131c\u0131 \u0259laq\u0259l\u0259r qursa, onlara qism\u0259n k\u00f6m\u0259k olarlar&#8221;<\/strong><\/p>\n\n\n\n<p>\u00d6lk\u0259d\u0259 haz\u0131rda 13 Dram v\u0259 32 Xalq Teatr\u0131 f\u0259aliyy\u0259t g\u00f6st\u0259rir. M\u0259d\u0259niyy\u0259t sah\u0259si \u00fczr\u0259 \u00e7al\u0131\u015fan m\u00fct\u0259x\u0259ssisl\u0259r hesab edir ki, k\u00f6n\u00fcll\u00fc dram d\u0259rn\u0259kl\u0259rinin, xalq teatrlar\u0131n\u0131n v\u0259ziyy\u0259ti dram tearlar\u0131na nisb\u0259t\u0259n q\u0259na\u0259tb\u0259x\u015f deyil. Onlar\u0131n h\u0259m kadr, h\u0259m m\u0259kan, h\u0259m d\u0259 maddi texniki bazas\u0131 yet\u0259rli deyil.<\/p>\n\n\n\n<p>Az\u0259rbaycan Kukla Teatr\u0131n\u0131n m\u0259tbuat katibi, teatr m\u0259s\u0259l\u0259l\u0259ri \u00fczr\u0259 ekspert H\u0259mid\u0259 R\u00fcst\u0259mova Meydan TV-y\u0259 dan\u0131\u015f\u0131b ki, Az\u0259rbaycan teatr m\u0259d\u0259niyy\u0259tinin t\u0259\u015f\u0259kk\u00fcl\u00fc v\u0259 inki\u015faf\u0131nda xalq teatrlar\u0131n\u0131n rolu x\u00fcsusi olub. \u00d6lk\u0259nin bir s\u0131ra tan\u0131nm\u0131\u015f aktyorlar\u0131, teatr simas\u0131 m\u0259hz xalq teatr\u0131n\u0131n yetirm\u0259sidir. O, xalq teatrlar\u0131n\u0131n probleml\u0259rinin h\u0259llind\u0259 \u00e7\u0131x\u0131\u015f yolunu paytaxt v\u0259 b\u00f6lg\u0259l\u0259rd\u0259 f\u0259aliyy\u0259t g\u00f6st\u0259r\u0259n m\u0259d\u0259niyy\u0259t qurumlar\u0131 il\u0259 s\u0131x yarad\u0131c\u0131l\u0131q \u0259laq\u0259l\u0259rinin qurulmas\u0131nda g\u00f6r\u00fcr:<\/p>\n\n\n\n<p><em>&#8220;Bir dram d\u0259rn\u0259yin\u0259, h\u0259v\u0259skar truppaya xalq teatr\u0131 statusu verilirs\u0259, birm\u0259nal\u0131 \u015ftat c\u0259dv\u0259lin\u0259 uy\u011fun \u0259m\u0259khaqq\u0131 t\u0259yin edilir. \u018fm\u0259kda\u015flar\u0131n m\u00fctl\u0259q \u015f\u0259kild\u0259 s\u0259hn\u0259si olmal\u0131d\u0131r. Xalq teatrlar\u0131 yerli m\u0259d\u0259niyy\u0259t evl\u0259rinin n\u0259zdind\u0259 f\u0259aliyy\u0259t g\u00f6st\u0259rdiyi \u00fc\u00e7\u00fcn \u00e7iling\u0259rd\u0259n tutmu\u015f i\u015f\u0131q\u00e7\u0131s\u0131na q\u0259d\u0259r m\u0259d\u0259niyy\u0259t\u0259 ba\u011fl\u0131 insanlard\u0131, y\u0259ni o binan\u0131n \u0259m\u0259kda\u015f\u0131d\u0131rlar. S\u0259hn\u0259, geyim v\u0259 dig\u0259r \u00e7at\u0131\u015fmayan m\u0259s\u0259l\u0259l\u0259rin h\u0259llind\u0259 birba\u015fa f\u0259aliyy\u0259t g\u00f6st\u0259rdikl\u0259ri m\u0259d\u0259niyy\u0259t evl\u0259rinin, klublar\u0131n, musiqi m\u0259kt\u0259bl\u0259rinin imkanlar\u0131ndan istifad\u0259 etm\u0259lidirl\u0259r. \u0130st\u0259r m\u0259kan, ist\u0259r \u015f\u0259rait bax\u0131m\u0131ndan\u201d.<\/em><\/p>\n\n\n<div class=\"wp-block-image\">\n<figure class=\"aligncenter size-large\"><img decoding=\"async\" width=\"1095\" height=\"821\" data-src=\"https:\/\/www.meydan.tv\/wp-content\/uploads\/abdulla_saiq_adina_dovlet_kukla_teatri-1095x821.jpg\" alt=\"\" class=\"wp-image-288514 lazyload\" src=\"data:image\/svg+xml;base64,PHN2ZyB3aWR0aD0iMSIgaGVpZ2h0PSIxIiB4bWxucz0iaHR0cDovL3d3dy53My5vcmcvMjAwMC9zdmciPjwvc3ZnPg==\" style=\"--smush-placeholder-width: 1095px; --smush-placeholder-aspect-ratio: 1095\/821;\" \/><figcaption class=\"wp-element-caption\">Az\u0259rbaycan Kukla Teatr\u0131. Foto: Wiki<\/figcaption><\/figure>\n<\/div>\n\n\n<p>H\u0259mid\u0259 R\u00fcst\u0259mova deyir ki, xalq teatrlar\u0131 se\u00e7dikl\u0259ri repertuarlara uy\u011fun f\u0259aliyy\u0259t g\u00f6st\u0259rm\u0259lidir:<\/p>\n\n\n\n<p><em>\u201cB\u0259z\u0259n aktyor truppalar\u0131 s\u0259hn\u0259 v\u0259 dig\u0259r imkanlar\u0131 n\u0259z\u0259r\u0259 almadan tama\u015falar haz\u0131rlay\u0131r v\u0259 bu da problem yarad\u0131r, i\u015fl\u0259rini h\u0259v\u0259skar s\u0259viyy\u0259y\u0259 sal\u0131r. Potensiallar\u0131na uy\u011fun janr, \u00fcslub se\u00e7ib birp\u0259rd\u0259li pyesl\u0259r haz\u0131rlay\u0131b  hey\u0259tin, m\u0259kan\u0131n imkanlar\u0131n\u0131 n\u0259z\u0259r\u0259 als\u0131nlar. Onlardan y\u00fcks\u0259k akademik s\u0259viyy\u0259li tama\u015falar g\u00f6zl\u0259nilmir, \u00f6z\u00fcn\u00fc ifad\u0259 t\u0259qdimat\u0131 g\u00f6zl\u0259nilir. Bu m\u0259nada onlara x\u00fcsusi geyim v\u0259 qrim l\u0259vazimatlar\u0131na ehtiyac oldu\u011funu d\u00fc\u015f\u00fcnm\u00fcr\u0259m. \u018fg\u0259r ehtiyac duyulursa, m\u00fctl\u0259q xalq teatrlar\u0131n\u0131n hey\u0259ti paytaxt v\u0259 dig\u0259r region teatrlar\u0131 il\u0259, el\u0259c\u0259 Teatr Xadiml\u0259ri \u0130ttifaq\u0131 il\u0259 \u0259laq\u0259 qurub, yarad\u0131c\u0131l\u0131q m\u00fcbadil\u0259si etm\u0259lidirl\u0259r. Onlar rekvizitl\u0259r, geyim, b\u0131\u011f, saqqal v\u0259 dig\u0259r vacib l\u0259vazimatlar \u00fc\u00e7\u00fcn m\u00fcraci\u0259t edib, ala bil\u0259rl\u0259r\u201d.<\/em><\/p>\n\n\n\n<p>M\u00fct\u0259x\u0259ssisin s\u00f6zl\u0259rin\u0259 g\u00f6r\u0259, xalq tearlar\u0131na, y\u0259ni m\u0259d\u0259niyy\u0259t evin\u0259 m\u00fc\u0259yy\u0259n m\u0259bl\u0259\u011fd\u0259 v\u0259sait ayr\u0131l\u0131r ki, sadalanan \u00e7at\u0131\u015fmazl\u0131qlar\u0131n, s\u0259hn\u0259 v\u0259 i\u015f\u0131qland\u0131rma kimi probleml\u0259rin h\u0259llind\u0259 rol oynas\u0131n:<\/p>\n\n\n\n<p><em>\u201cG\u0259nc\u0259d\u0259 dram v\u0259 kukla, L\u0259nk\u0259randa dram teatr\u0131 var ki, onlara da m\u00fcraci\u0259t ed\u0259 bil\u0259rl\u0259r. Az\u0259rbaycan Kukla Teatr\u0131 \u00f6lk\u0259nin bir ne\u00e7\u0259 b\u00f6lg\u0259sind\u0259ki kukla tearlar\u0131na repertuardan \u00e7\u0131xm\u0131\u015f b\u00fct\u00f6v bir tama\u015fan\u0131 verir. Bu, kifay\u0259t q\u0259d\u0259r m\u0259bl\u0259\u011f dem\u0259kdir. Kuklalar, s\u0259hn\u0259 dekorasiyas\u0131, rekvizitl\u0259r h\u0259diyy\u0259 olunur. \u018fmin\u0259m ki, xalq teatrlar\u0131 da yarad\u0131c\u0131 \u0259laq\u0259l\u0259r qursa, onlara qism\u0259n k\u00f6m\u0259k, f\u0259aliyy\u0259tin\u0259 d\u0259st\u0259k olar&#8221;.<\/em><\/p>\n\n\n\n<p><strong>&#8220;Xalq teatrlar\u0131n\u0131n probleml\u0259rin\u0259 i\u015f\u0131q tutulmal\u0131, \u015f\u0259rait yarad\u0131lmal\u0131d\u0131r&#8221;<\/strong><\/p>\n\n\n\n<p>Dig\u0259r m\u00fct\u0259x\u0259ssis, m\u00fcst\u0259qil &#8220;M Teatr&#8221; n\u0131n m\u0259tbuat katibi Turan Etibaro\u011flu is\u0259 deyir ki, \u00f6lk\u0259d\u0259 f\u0259aliy\u0259t g\u00f6st\u0259r\u0259n xalq teatrlar\u0131 maddi texniki baza v\u0259 ixtisasl\u0131 kadr bax\u0131m\u0131ndan problem ya\u015fay\u0131r. D\u00f6vl\u0259tin illik festival, qastrollar zaman\u0131 etdiyi v\u0259sait k\u00f6m\u0259kliyind\u0259n \u0259lav\u0259 xalq teatrlar\u0131 \u00e7al\u0131\u015f\u0131b marketinqini g\u00fccl\u0259ndirm\u0259lidir ki, probleml\u0259rinin h\u0259llin\u0259 \u00f6z\u00fc k\u00f6m\u0259k ola bilsin:<\/p>\n\n\n\n<p><em>&#8220;Xalq teatrlar\u0131 aras\u0131nda Bak\u0131ya g\u0259lib tama\u015fa n\u00fcmayi\u015f etdir\u0259n, yer tutanlar olur. Onlar\u0131n ba\u015fl\u0131ca problemi \u00f6z m\u0259kanlar\u0131n\u0131n olmamas\u0131d\u0131r. Qrim, geyim, rekvizit probleml\u0259ri var. Dram d\u0259rn\u0259kl\u0259ri is\u0259 daha \u00e7ox \u0259ziyy\u0259t \u00e7\u0259k\u0259ndir\u201d.<\/em><\/p>\n\n\n<div class=\"wp-block-image\">\n<figure class=\"alignright size-full is-resized\"><img decoding=\"async\" width=\"1200\" height=\"676\" data-src=\"https:\/\/www.meydan.tv\/wp-content\/uploads\/306010847_2315344838621430_1078185269372758671_n.jpg\" alt=\"\" class=\"wp-image-288511 lazyload\" style=\"--smush-placeholder-width: 1200px; --smush-placeholder-aspect-ratio: 1200\/676;aspect-ratio:1.7751479289940828;width:423px;height:auto\" src=\"data:image\/svg+xml;base64,PHN2ZyB3aWR0aD0iMSIgaGVpZ2h0PSIxIiB4bWxucz0iaHR0cDovL3d3dy53My5vcmcvMjAwMC9zdmciPjwvc3ZnPg==\" \/><figcaption class=\"wp-element-caption\">Foto: Turan Etibaro\u011flunun \u015f\u0259xsi arxivind\u0259n <\/figcaption><\/figure>\n<\/div>\n\n\n<p>\u201c<em>Xalq teatrlar\u0131n\u0131n probleml\u0259rin\u0259 i\u015f\u0131q tutulmal\u0131, \u015f\u0259rait yarad\u0131lmal\u0131d\u0131r. Ancaq indi marketinq d\u00f6vr\u00fcd\u00fcr. Hans\u0131sa \u015firk\u0259tl\u0259rl\u0259, yarad\u0131c\u0131 qurumlarla \u0259laq\u0259 qurub \u0259m\u0259kda\u015fl\u0131q ed\u0259 bil\u0259rl\u0259r. D\u00f6vl\u0259t d\u0259st\u0259yi il\u0259 yana\u015f\u0131, \u00f6zl\u0259ri reklam g\u0259lirl\u0259rind\u0259 maraql\u0131 olmal\u0131d\u0131r. Teatr \u0259m\u0259kda\u015flar\u0131n\u0131n maa\u015f\u0131 azd\u0131r, m\u0259hz t\u0259r\u0259fda\u015fl\u0131q, \u0259m\u0259kda\u015fl\u0131qla probleml\u0259rini qism\u0259n h\u0259ll ed\u0259 bil\u0259rl\u0259r. D\u00f6vl\u0259td\u0259n as\u0131l\u0131 olmas\u0131nlar. Xalq teatrlar\u0131 h\u0259m d\u0259 potensiallar\u0131na, maddi imkanlar\u0131na uy\u011fun repertuar se\u00e7sinl\u0259r. Yax\u015f\u0131 tama\u015fa maddi imkan ist\u0259yir. Texniki v\u0259 yarad\u0131c\u0131 bazaya uy\u011fun tama\u015fa haz\u0131rlamal\u0131d\u0131rlar&#8221;, &#8211; <\/em>m\u00fct\u0259x\u0259ssis deyib.<\/p>\n","protected":false},"excerpt":{"rendered":"<p>&#8220;D\u00f6rd ayl\u0131q t\u0259mir\u0259 dayanan bina d\u00f6rd il ke\u00e7s\u0259 d\u0259, haz\u0131r &#8230; <\/p>\n<p class=\"read-more-container\"><a title=\"S\u0259hn\u0259siz qalan G\u00f6y\u00e7ay Xalq Teatr\u0131\" class=\"read-more button\" href=\"https:\/\/www.meydan.tv\/az\/article\/sehnesiz-qalan-goycay-xalq-teatri\/#more-288510\" aria-label=\"Read more about S\u0259hn\u0259siz qalan G\u00f6y\u00e7ay Xalq Teatr\u0131\">Davam\u0131<\/a><\/p>\n","protected":false},"author":8,"featured_media":288503,"comment_status":"closed","ping_status":"closed","sticky":false,"template":"","format":"standard","meta":{"_acf_changed":false,"_sitemap_exclude":false,"_sitemap_priority":"","_sitemap_frequency":"","footnotes":""},"categories":[52,56],"tags":[],"class_list":["post-288510","post","type-post","status-publish","format-standard","has-post-thumbnail","hentry","category-medeniyyet","category-xeberler","infinite-scroll-item","generate-columns","tablet-grid-50","mobile-grid-100","grid-parent","grid-33","no-featured-image-padding"],"acf":[],"yoast_head":"<!-- This site is optimized with the Yoast SEO plugin v27.4 - https:\/\/yoast.com\/product\/yoast-seo-wordpress\/ -->\n<title>S\u0259hn\u0259siz qalan G\u00f6y\u00e7ay Xalq Teatr\u0131 - MEYDAN.TV<\/title>\n<meta name=\"robots\" content=\"index, follow, max-snippet:-1, max-image-preview:large, max-video-preview:-1\" \/>\n<link rel=\"canonical\" href=\"https:\/\/www.meydan.tv\/az\/article\/sehnesiz-qalan-goycay-xalq-teatri\/\" \/>\n<meta property=\"og:locale\" content=\"az_AZ\" \/>\n<meta property=\"og:type\" content=\"article\" \/>\n<meta property=\"og:title\" content=\"S\u0259hn\u0259siz qalan G\u00f6y\u00e7ay Xalq Teatr\u0131 - MEYDAN.TV\" \/>\n<meta property=\"og:description\" content=\"&#8220;D\u00f6rd ayl\u0131q t\u0259mir\u0259 dayanan bina d\u00f6rd il ke\u00e7s\u0259 d\u0259, haz\u0131r ... Davam\u0131\" \/>\n<meta property=\"og:url\" content=\"https:\/\/www.meydan.tv\/az\/article\/sehnesiz-qalan-goycay-xalq-teatri\/\" \/>\n<meta property=\"og:site_name\" content=\"MEYDAN.TV\" \/>\n<meta property=\"article:published_time\" content=\"2023-10-23T06:59:10+00:00\" \/>\n<meta property=\"article:modified_time\" content=\"2023-10-23T06:59:52+00:00\" \/>\n<meta property=\"og:image\" content=\"https:\/\/www.meydan.tv\/wp-content\/uploads\/img-20230906-wa0021-e1698044303923.jpg\" \/>\n\t<meta property=\"og:image:width\" content=\"1280\" \/>\n\t<meta property=\"og:image:height\" content=\"328\" \/>\n\t<meta property=\"og:image:type\" content=\"image\/jpeg\" \/>\n<meta name=\"author\" content=\"elli\" \/>\n<meta name=\"twitter:card\" content=\"summary_large_image\" \/>\n<meta name=\"twitter:creator\" content=\"@elli\" \/>\n<script type=\"application\/ld+json\" class=\"yoast-schema-graph\">{\"@context\":\"https:\\\/\\\/schema.org\",\"@graph\":[{\"@type\":\"Article\",\"@id\":\"https:\\\/\\\/www.meydan.tv\\\/az\\\/article\\\/sehnesiz-qalan-goycay-xalq-teatri\\\/#article\",\"isPartOf\":{\"@id\":\"https:\\\/\\\/www.meydan.tv\\\/az\\\/article\\\/sehnesiz-qalan-goycay-xalq-teatri\\\/\"},\"author\":{\"name\":\"elli\",\"@id\":\"https:\\\/\\\/www.meydan.tv\\\/az\\\/#\\\/schema\\\/person\\\/9cdbecf90d17180ce1dfbd95b08dcf47\"},\"headline\":\"S\u0259hn\u0259siz qalan G\u00f6y\u00e7ay Xalq Teatr\u0131\",\"datePublished\":\"2023-10-23T06:59:10+00:00\",\"dateModified\":\"2023-10-23T06:59:52+00:00\",\"mainEntityOfPage\":{\"@id\":\"https:\\\/\\\/www.meydan.tv\\\/az\\\/article\\\/sehnesiz-qalan-goycay-xalq-teatri\\\/\"},\"wordCount\":2732,\"publisher\":{\"@id\":\"https:\\\/\\\/www.meydan.tv\\\/az\\\/#organization\"},\"image\":{\"@id\":\"https:\\\/\\\/www.meydan.tv\\\/az\\\/article\\\/sehnesiz-qalan-goycay-xalq-teatri\\\/#primaryimage\"},\"thumbnailUrl\":\"https:\\\/\\\/www.meydan.tv\\\/wp-content\\\/uploads\\\/img-20230906-wa0021-e1698044303923.jpg\",\"articleSection\":[\"M\u0259d\u0259niyy\u0259t\",\"X\u0259b\u0259rl\u0259r\"],\"inLanguage\":\"az\"},{\"@type\":\"WebPage\",\"@id\":\"https:\\\/\\\/www.meydan.tv\\\/az\\\/article\\\/sehnesiz-qalan-goycay-xalq-teatri\\\/\",\"url\":\"https:\\\/\\\/www.meydan.tv\\\/az\\\/article\\\/sehnesiz-qalan-goycay-xalq-teatri\\\/\",\"name\":\"S\u0259hn\u0259siz qalan G\u00f6y\u00e7ay Xalq Teatr\u0131 - MEYDAN.TV\",\"isPartOf\":{\"@id\":\"https:\\\/\\\/www.meydan.tv\\\/az\\\/#website\"},\"primaryImageOfPage\":{\"@id\":\"https:\\\/\\\/www.meydan.tv\\\/az\\\/article\\\/sehnesiz-qalan-goycay-xalq-teatri\\\/#primaryimage\"},\"image\":{\"@id\":\"https:\\\/\\\/www.meydan.tv\\\/az\\\/article\\\/sehnesiz-qalan-goycay-xalq-teatri\\\/#primaryimage\"},\"thumbnailUrl\":\"https:\\\/\\\/www.meydan.tv\\\/wp-content\\\/uploads\\\/img-20230906-wa0021-e1698044303923.jpg\",\"datePublished\":\"2023-10-23T06:59:10+00:00\",\"dateModified\":\"2023-10-23T06:59:52+00:00\",\"breadcrumb\":{\"@id\":\"https:\\\/\\\/www.meydan.tv\\\/az\\\/article\\\/sehnesiz-qalan-goycay-xalq-teatri\\\/#breadcrumb\"},\"inLanguage\":\"az\",\"potentialAction\":[{\"@type\":\"ReadAction\",\"target\":[\"https:\\\/\\\/www.meydan.tv\\\/az\\\/article\\\/sehnesiz-qalan-goycay-xalq-teatri\\\/\"]}]},{\"@type\":\"ImageObject\",\"inLanguage\":\"az\",\"@id\":\"https:\\\/\\\/www.meydan.tv\\\/az\\\/article\\\/sehnesiz-qalan-goycay-xalq-teatri\\\/#primaryimage\",\"url\":\"https:\\\/\\\/www.meydan.tv\\\/wp-content\\\/uploads\\\/img-20230906-wa0021-e1698044303923.jpg\",\"contentUrl\":\"https:\\\/\\\/www.meydan.tv\\\/wp-content\\\/uploads\\\/img-20230906-wa0021-e1698044303923.jpg\",\"width\":1280,\"height\":328,\"caption\":\"Fotolar: Meydan TV\"},{\"@type\":\"BreadcrumbList\",\"@id\":\"https:\\\/\\\/www.meydan.tv\\\/az\\\/article\\\/sehnesiz-qalan-goycay-xalq-teatri\\\/#breadcrumb\",\"itemListElement\":[{\"@type\":\"ListItem\",\"position\":1,\"name\":\"Ana s\u0259hif\u0259\",\"item\":\"https:\\\/\\\/www.meydan.tv\\\/az\\\/\"},{\"@type\":\"ListItem\",\"position\":2,\"name\":\"M\u0259d\u0259niyy\u0259t\",\"item\":\"https:\\\/\\\/www.meydan.tv\\\/az\\\/section\\\/medeniyyet\\\/\"},{\"@type\":\"ListItem\",\"position\":3,\"name\":\"S\u0259hn\u0259siz qalan G\u00f6y\u00e7ay Xalq Teatr\u0131\"}]},{\"@type\":\"WebSite\",\"@id\":\"https:\\\/\\\/www.meydan.tv\\\/az\\\/#website\",\"url\":\"https:\\\/\\\/www.meydan.tv\\\/az\\\/\",\"name\":\"MEYDAN.TV\",\"description\":\"Meydan TV Az\u0259rbaycan\u0131n media m\u0259kan\u0131ndak\u0131 alternativ s\u0259sidir\",\"publisher\":{\"@id\":\"https:\\\/\\\/www.meydan.tv\\\/az\\\/#organization\"},\"potentialAction\":[{\"@type\":\"SearchAction\",\"target\":{\"@type\":\"EntryPoint\",\"urlTemplate\":\"https:\\\/\\\/www.meydan.tv\\\/az\\\/?s={search_term_string}\"},\"query-input\":{\"@type\":\"PropertyValueSpecification\",\"valueRequired\":true,\"valueName\":\"search_term_string\"}}],\"inLanguage\":\"az\"},{\"@type\":\"Organization\",\"@id\":\"https:\\\/\\\/www.meydan.tv\\\/az\\\/#organization\",\"name\":\"Meydan TV\",\"url\":\"https:\\\/\\\/www.meydan.tv\\\/az\\\/\",\"logo\":{\"@type\":\"ImageObject\",\"inLanguage\":\"az\",\"@id\":\"https:\\\/\\\/www.meydan.tv\\\/az\\\/#\\\/schema\\\/logo\\\/image\\\/\",\"url\":\"https:\\\/\\\/www.meydan.tv\\\/wp-content\\\/uploads\\\/2021\\\/07\\\/meydan-logo.svg\",\"contentUrl\":\"https:\\\/\\\/www.meydan.tv\\\/wp-content\\\/uploads\\\/2021\\\/07\\\/meydan-logo.svg\",\"width\":195,\"height\":46,\"caption\":\"Meydan TV\"},\"image\":{\"@id\":\"https:\\\/\\\/www.meydan.tv\\\/az\\\/#\\\/schema\\\/logo\\\/image\\\/\"}},{\"@type\":\"Person\",\"@id\":\"https:\\\/\\\/www.meydan.tv\\\/az\\\/#\\\/schema\\\/person\\\/9cdbecf90d17180ce1dfbd95b08dcf47\",\"name\":\"elli\",\"sameAs\":[\"https:\\\/\\\/x.com\\\/elli\"]}]}<\/script>\n<!-- \/ Yoast SEO plugin. -->","yoast_head_json":{"title":"S\u0259hn\u0259siz qalan G\u00f6y\u00e7ay Xalq Teatr\u0131 - MEYDAN.TV","robots":{"index":"index","follow":"follow","max-snippet":"max-snippet:-1","max-image-preview":"max-image-preview:large","max-video-preview":"max-video-preview:-1"},"canonical":"https:\/\/www.meydan.tv\/az\/article\/sehnesiz-qalan-goycay-xalq-teatri\/","og_locale":"az_AZ","og_type":"article","og_title":"S\u0259hn\u0259siz qalan G\u00f6y\u00e7ay Xalq Teatr\u0131 - MEYDAN.TV","og_description":"&#8220;D\u00f6rd ayl\u0131q t\u0259mir\u0259 dayanan bina d\u00f6rd il ke\u00e7s\u0259 d\u0259, haz\u0131r ... Davam\u0131","og_url":"https:\/\/www.meydan.tv\/az\/article\/sehnesiz-qalan-goycay-xalq-teatri\/","og_site_name":"MEYDAN.TV","article_published_time":"2023-10-23T06:59:10+00:00","article_modified_time":"2023-10-23T06:59:52+00:00","og_image":[{"width":1280,"height":328,"url":"https:\/\/www.meydan.tv\/wp-content\/uploads\/img-20230906-wa0021-e1698044303923.jpg","type":"image\/jpeg"}],"author":"elli","twitter_card":"summary_large_image","twitter_creator":"@elli","schema":{"@context":"https:\/\/schema.org","@graph":[{"@type":"Article","@id":"https:\/\/www.meydan.tv\/az\/article\/sehnesiz-qalan-goycay-xalq-teatri\/#article","isPartOf":{"@id":"https:\/\/www.meydan.tv\/az\/article\/sehnesiz-qalan-goycay-xalq-teatri\/"},"author":{"name":"elli","@id":"https:\/\/www.meydan.tv\/az\/#\/schema\/person\/9cdbecf90d17180ce1dfbd95b08dcf47"},"headline":"S\u0259hn\u0259siz qalan G\u00f6y\u00e7ay Xalq Teatr\u0131","datePublished":"2023-10-23T06:59:10+00:00","dateModified":"2023-10-23T06:59:52+00:00","mainEntityOfPage":{"@id":"https:\/\/www.meydan.tv\/az\/article\/sehnesiz-qalan-goycay-xalq-teatri\/"},"wordCount":2732,"publisher":{"@id":"https:\/\/www.meydan.tv\/az\/#organization"},"image":{"@id":"https:\/\/www.meydan.tv\/az\/article\/sehnesiz-qalan-goycay-xalq-teatri\/#primaryimage"},"thumbnailUrl":"https:\/\/www.meydan.tv\/wp-content\/uploads\/img-20230906-wa0021-e1698044303923.jpg","articleSection":["M\u0259d\u0259niyy\u0259t","X\u0259b\u0259rl\u0259r"],"inLanguage":"az"},{"@type":"WebPage","@id":"https:\/\/www.meydan.tv\/az\/article\/sehnesiz-qalan-goycay-xalq-teatri\/","url":"https:\/\/www.meydan.tv\/az\/article\/sehnesiz-qalan-goycay-xalq-teatri\/","name":"S\u0259hn\u0259siz qalan G\u00f6y\u00e7ay Xalq Teatr\u0131 - MEYDAN.TV","isPartOf":{"@id":"https:\/\/www.meydan.tv\/az\/#website"},"primaryImageOfPage":{"@id":"https:\/\/www.meydan.tv\/az\/article\/sehnesiz-qalan-goycay-xalq-teatri\/#primaryimage"},"image":{"@id":"https:\/\/www.meydan.tv\/az\/article\/sehnesiz-qalan-goycay-xalq-teatri\/#primaryimage"},"thumbnailUrl":"https:\/\/www.meydan.tv\/wp-content\/uploads\/img-20230906-wa0021-e1698044303923.jpg","datePublished":"2023-10-23T06:59:10+00:00","dateModified":"2023-10-23T06:59:52+00:00","breadcrumb":{"@id":"https:\/\/www.meydan.tv\/az\/article\/sehnesiz-qalan-goycay-xalq-teatri\/#breadcrumb"},"inLanguage":"az","potentialAction":[{"@type":"ReadAction","target":["https:\/\/www.meydan.tv\/az\/article\/sehnesiz-qalan-goycay-xalq-teatri\/"]}]},{"@type":"ImageObject","inLanguage":"az","@id":"https:\/\/www.meydan.tv\/az\/article\/sehnesiz-qalan-goycay-xalq-teatri\/#primaryimage","url":"https:\/\/www.meydan.tv\/wp-content\/uploads\/img-20230906-wa0021-e1698044303923.jpg","contentUrl":"https:\/\/www.meydan.tv\/wp-content\/uploads\/img-20230906-wa0021-e1698044303923.jpg","width":1280,"height":328,"caption":"Fotolar: Meydan TV"},{"@type":"BreadcrumbList","@id":"https:\/\/www.meydan.tv\/az\/article\/sehnesiz-qalan-goycay-xalq-teatri\/#breadcrumb","itemListElement":[{"@type":"ListItem","position":1,"name":"Ana s\u0259hif\u0259","item":"https:\/\/www.meydan.tv\/az\/"},{"@type":"ListItem","position":2,"name":"M\u0259d\u0259niyy\u0259t","item":"https:\/\/www.meydan.tv\/az\/section\/medeniyyet\/"},{"@type":"ListItem","position":3,"name":"S\u0259hn\u0259siz qalan G\u00f6y\u00e7ay Xalq Teatr\u0131"}]},{"@type":"WebSite","@id":"https:\/\/www.meydan.tv\/az\/#website","url":"https:\/\/www.meydan.tv\/az\/","name":"MEYDAN.TV","description":"Meydan TV Az\u0259rbaycan\u0131n media m\u0259kan\u0131ndak\u0131 alternativ s\u0259sidir","publisher":{"@id":"https:\/\/www.meydan.tv\/az\/#organization"},"potentialAction":[{"@type":"SearchAction","target":{"@type":"EntryPoint","urlTemplate":"https:\/\/www.meydan.tv\/az\/?s={search_term_string}"},"query-input":{"@type":"PropertyValueSpecification","valueRequired":true,"valueName":"search_term_string"}}],"inLanguage":"az"},{"@type":"Organization","@id":"https:\/\/www.meydan.tv\/az\/#organization","name":"Meydan TV","url":"https:\/\/www.meydan.tv\/az\/","logo":{"@type":"ImageObject","inLanguage":"az","@id":"https:\/\/www.meydan.tv\/az\/#\/schema\/logo\/image\/","url":"https:\/\/www.meydan.tv\/wp-content\/uploads\/2021\/07\/meydan-logo.svg","contentUrl":"https:\/\/www.meydan.tv\/wp-content\/uploads\/2021\/07\/meydan-logo.svg","width":195,"height":46,"caption":"Meydan TV"},"image":{"@id":"https:\/\/www.meydan.tv\/az\/#\/schema\/logo\/image\/"}},{"@type":"Person","@id":"https:\/\/www.meydan.tv\/az\/#\/schema\/person\/9cdbecf90d17180ce1dfbd95b08dcf47","name":"elli","sameAs":["https:\/\/x.com\/elli"]}]}},"_links":{"self":[{"href":"https:\/\/www.meydan.tv\/az\/wp-json\/wp\/v2\/posts\/288510","targetHints":{"allow":["GET"]}}],"collection":[{"href":"https:\/\/www.meydan.tv\/az\/wp-json\/wp\/v2\/posts"}],"about":[{"href":"https:\/\/www.meydan.tv\/az\/wp-json\/wp\/v2\/types\/post"}],"author":[{"embeddable":true,"href":"https:\/\/www.meydan.tv\/az\/wp-json\/wp\/v2\/users\/8"}],"replies":[{"embeddable":true,"href":"https:\/\/www.meydan.tv\/az\/wp-json\/wp\/v2\/comments?post=288510"}],"version-history":[{"count":4,"href":"https:\/\/www.meydan.tv\/az\/wp-json\/wp\/v2\/posts\/288510\/revisions"}],"predecessor-version":[{"id":288534,"href":"https:\/\/www.meydan.tv\/az\/wp-json\/wp\/v2\/posts\/288510\/revisions\/288534"}],"wp:featuredmedia":[{"embeddable":true,"href":"https:\/\/www.meydan.tv\/az\/wp-json\/wp\/v2\/media\/288503"}],"wp:attachment":[{"href":"https:\/\/www.meydan.tv\/az\/wp-json\/wp\/v2\/media?parent=288510"}],"wp:term":[{"taxonomy":"category","embeddable":true,"href":"https:\/\/www.meydan.tv\/az\/wp-json\/wp\/v2\/categories?post=288510"},{"taxonomy":"post_tag","embeddable":true,"href":"https:\/\/www.meydan.tv\/az\/wp-json\/wp\/v2\/tags?post=288510"}],"curies":[{"name":"wp","href":"https:\/\/api.w.org\/{rel}","templated":true}]}}