{"id":288475,"date":"2023-10-21T18:18:58","date_gmt":"2023-10-21T14:18:58","guid":{"rendered":"https:\/\/www.meydan.tv\/?p=288475"},"modified":"2023-10-21T18:19:00","modified_gmt":"2023-10-21T14:19:00","slug":"frankfurt-kitab-sergisi-sloveniyali-filosofun-cixisi-qalmaqal-yaratdi","status":"publish","type":"post","link":"https:\/\/www.meydan.tv\/az\/article\/frankfurt-kitab-sergisi-sloveniyali-filosofun-cixisi-qalmaqal-yaratdi\/","title":{"rendered":"Frankfurt Kitab S\u0259rgisi: sloveniyal\u0131 filosofun \u00e7\u0131x\u0131\u015f\u0131 qalmaqal yaratd\u0131"},"content":{"rendered":"\n<p><\/p>\n\n\n\n<p><strong><em>\u201cF\u0259l\u0259stin m\u0259s\u0259l\u0259si h\u0259ll olunmadan Yax\u0131n \u015e\u0259rqd\u0259 s\u00fclh ola bilm\u0259z\u201d<\/em><\/strong><\/p>\n\n\n\n<p>Frankfurt Beyn\u0259lxalq Kitab S\u0259rgisi \u0259sas \u0259d\u0259bi hadis\u0259l\u0259rd\u0259n hesab olunur.<br>H\u0259r il oktyabr\u0131n ortalar\u0131nda d\u00fcnyan\u0131n h\u0259r yerind\u0259n minl\u0259rl\u0259 na\u015fir, m\u00fc\u0259llif, kitab sat\u0131c\u0131s\u0131 v\u0259 \u0259d\u0259bi sima Frankfurt-Mayna ax\u0131\u015f\u0131r.<\/p>\n\n\n\n<p>Bu il Frankfurt Kitab S\u0259rgisi 75 illik yubileyini qeyd edir.<\/p>\n\n\n\n<p>Bildirilir ki, v\u0259 builki s\u0259rgi ziyar\u0259t\u00e7il\u0259rin say\u0131na g\u00f6r\u0259 rekorda imza at\u0131r.<\/p>\n\n\n\n<p>T\u0259\u015fkilat\u00e7\u0131lar\u0131n bildirdiyin\u0259 g\u00f6r\u0259, bilet sat\u0131\u015f\u0131 ke\u00e7\u0259n ill\u0259 m\u00fcqayis\u0259d\u0259 t\u0259xmin\u0259n 60 faiz art\u0131b.<\/p>\n\n\n\n<p><strong>\u0130ndoneziya v\u0259 Malayziya s\u0259rgid\u0259n imtina etdi<\/strong><\/p>\n\n\n\n<p>Builki yarmarka h\u0259m d\u0259 qalmaqallarla yadda qal\u0131b.<\/p>\n\n\n\n<p>Yax\u0131n \u015e\u0259rqd\u0259ki hadis\u0259l\u0259r yarmarkan\u0131n proqram\u0131na v\u0259 i\u015ftirak\u00e7\u0131lar\u0131n\u0131n siyah\u0131s\u0131na t\u0259sir edib.<\/p>\n\n\n\n<p>A\u00e7\u0131l\u0131\u015fa az qalm\u0131\u015f \u0130ndoneziya v\u0259 Malayziya forumda i\u015ftirakdan imtina edib.<\/p>\n\n\n\n<p>S\u0259rginin direktoru Yurgen Boos q\u0259rar\u0131 yarmarkan\u0131n t\u0259\u015fkilat\u00e7\u0131lar\u0131n\u0131n \u0130sraill\u0259 m\u00fctl\u0259q h\u0259mr\u0259yliyin\u0259 reaksiya kimi d\u0259y\u0259rl\u0259ndirib.<\/p>\n\n\n\n<p><strong>\u0130srailli n\u0259\u015friyyatlar Frankfurta g\u0259lm\u0259dil\u0259r<\/strong><\/p>\n\n\n\n<p>Yarmarkaya \u0130sraild\u0259n kitab n\u0259\u015friyyatlar\u0131 qat\u0131lmay\u0131b.<\/p>\n\n\n\n<p>T\u0259l-\u018fvivd\u0259n u\u00e7u\u015flar dayand\u0131r\u0131ld\u0131\u011f\u0131 \u00fc\u00e7\u00fcn Almaniyaya u\u00e7a bilm\u0259yibl\u0259r v\u0259 xarici n\u0259\u015friyyatlar\u0131n pavilyonunda onlar \u00fc\u00e7\u00fcn haz\u0131rlanm\u0131\u015f b\u00f6lm\u0259 kitablarla dolu stendl\u0259r aras\u0131nda bo\u015f qal\u0131b.<\/p>\n\n\n<div class=\"wp-block-image\">\n<figure class=\"aligncenter size-full\"><img decoding=\"async\" width=\"1200\" height=\"800\" data-src=\"https:\/\/www.meydan.tv\/wp-content\/uploads\/untitled-design-12-14.jpg\" alt=\"\" class=\"wp-image-288476 lazyload\" src=\"data:image\/svg+xml;base64,PHN2ZyB3aWR0aD0iMSIgaGVpZ2h0PSIxIiB4bWxucz0iaHR0cDovL3d3dy53My5vcmcvMjAwMC9zdmciPjwvc3ZnPg==\" style=\"--smush-placeholder-width: 1200px; --smush-placeholder-aspect-ratio: 1200\/800;\" \/><\/figure>\n<\/div>\n\n\n<p><strong>F\u0259l\u0259stinli yaz\u0131\u00e7\u0131n\u0131n m\u00fckafatland\u0131rma m\u0259rasimi t\u0259xir\u0259 sal\u0131nd\u0131<\/strong><\/p>\n\n\n\n<p>H\u0259l\u0259 yarmarka ba\u015flamam\u0131\u015fdan \u0259vv\u0259l t\u0259\u015fkilat\u00e7\u0131lar f\u0259l\u0259stinli yaz\u0131\u00e7\u0131 Adaniya \u015eiblinin m\u00fckafatland\u0131rma m\u0259rasimini t\u0259xir\u0259 salmaq q\u0259rar\u0131na g\u0259libl\u0259r.<\/p>\n\n\n\n<p>\u015eiblinin \u201cKi\u00e7ik detal\u201d (\u201cEine Nebensache\u201d) roman\u0131na qar\u015f\u0131 ziddiyy\u0259tli m\u00fcnasib\u0259t oldu\u011funa g\u00f6r\u0259 yarmarka r\u0259hb\u0259rliyi \u0130sraild\u0259 ba\u015f ver\u0259n faci\u0259vi hadis\u0259l\u0259r fonunda m\u00fckafatland\u0131rma m\u0259rasiminin yersiz olaca\u011f\u0131na q\u0259rar veribl\u0259r.<\/p>\n\n\n\n<p><strong>S\u0259rginin a\u00e7\u0131l\u0131\u015f\u0131nda qalmaqal<\/strong><\/p>\n\n\n\n<p>Bu il t\u0259dbirin f\u0259xri qona\u011f\u0131 sloveniyal\u0131 filosof Slavoy Jijek olub.<\/p>\n\n\n\n<p>Onun a\u00e7\u0131l\u0131\u015f m\u0259rasimind\u0259ki \u00e7\u0131x\u0131\u015f\u0131 t\u0259dbir i\u015ftirak\u00e7\u0131lar\u0131 aras\u0131nda ajiotaj v\u0259 \u00e7a\u015fq\u0131nl\u0131q yarad\u0131b.<\/p>\n\n\n\n<p>Jijek \u00e7\u0131x\u0131\u015f\u0131na H\u018fMAS-\u0131n \u0130srail \u0259halisin\u0259 qar\u015f\u0131 terror h\u00fccumunu pisl\u0259m\u0259kl\u0259 ba\u015flay\u0131b.<\/p>\n\n\n\n<p>Sonra da: \u201c<em>Siz d\u0259 f\u0259l\u0259stinlil\u0259ri dinl\u0259m\u0259k v\u0259 m\u00fcnaqi\u015f\u0259ni anlamaq ist\u0259yirsinizs\u0259, onlar\u0131n ke\u00e7mi\u015fini n\u0259z\u0259r\u0259 almal\u0131s\u0131n\u0131z\u201d,<\/em> &#8211; deyib.<\/p>\n\n\n\n<p>Sloveniyal\u0131 filosofun fikrinc\u0259, terror aktlar\u0131 d\u0259h\u015f\u0259tli cinay\u0259tdir v\u0259 \u0130srailin \u00f6z\u00fcn\u00fc m\u00fcdafi\u0259 etm\u0259k h\u00fcququ var.<\/p>\n\n\n<div class=\"wp-block-image\">\n<figure class=\"aligncenter size-full\"><img decoding=\"async\" width=\"1200\" height=\"800\" data-src=\"https:\/\/www.meydan.tv\/wp-content\/uploads\/untitled-design-9-34.jpg\" alt=\"\" class=\"wp-image-288466 lazyload\" src=\"data:image\/svg+xml;base64,PHN2ZyB3aWR0aD0iMSIgaGVpZ2h0PSIxIiB4bWxucz0iaHR0cDovL3d3dy53My5vcmcvMjAwMC9zdmciPjwvc3ZnPg==\" style=\"--smush-placeholder-width: 1200px; --smush-placeholder-aspect-ratio: 1200\/800;\" \/><\/figure>\n<\/div>\n\n\n<p>Amma orada n\u0259 ba\u015f verdiyini anlamaq \u00fc\u00e7\u00fcn f\u0259l\u0259stinlil\u0259rin ke\u00e7mi\u015fin\u0259 d\u0259 n\u0259z\u0259r salmaq laz\u0131md\u0131r.<\/p>\n\n\n\n<p>O vur\u011fulay\u0131b ki, F\u0259l\u0259stin m\u0259s\u0259l\u0259si h\u0259ll olunmadan Yax\u0131n \u015e\u0259rqd\u0259 s\u00fclh ola bilm\u0259z.<\/p>\n\n\n\n<p>Filosofun \u00e7\u0131x\u0131\u015f\u0131 zaman\u0131 b\u0259zi qonaqlar etiraz \u0259lam\u0259ti olaraq zal\u0131 t\u0259rk edibl\u0259r.<br>Jijek t\u0259\u0259ss\u00fcfl\u0259 qeyd edib ki, ondan \u0259vv\u0259lki \u00e7\u0131x\u0131\u015f\u00e7\u0131lar\u0131n ham\u0131s\u0131 \u0130sraild\u0259n dan\u0131\u015f\u0131b, lakin he\u00e7 kim f\u0259l\u0259stinlil\u0259rd\u0259n s\u00f6hb\u0259t a\u00e7may\u0131b.<\/p>\n\n\n\n<p>O h\u0259m\u00e7inin F\u0259l\u0259stin yaz\u0131\u00e7\u0131s\u0131 Adanya \u015eiblinin m\u00fckafatland\u0131rma m\u0259rasiminin l\u0259\u011fvini qalmaqall\u0131 hesab etdiyini bildirib.<\/p>\n\n\n\n<p><strong>Rusiya yen\u0259 d\u0259 yarmarkaya burax\u0131lmay\u0131b<\/strong><\/p>\n\n\n\n<p>Yax\u0131n \u015e\u0259rqd\u0259 zorak\u0131l\u0131\u011f\u0131n artmas\u0131 Ukraynadak\u0131 m\u00fcharib\u0259y\u0259 bir q\u0259d\u0259r k\u00f6lg\u0259 sald\u0131 v\u0259 bu, ke\u00e7\u0259nilki kitab forumunun proqram\u0131n\u0131 b\u00f6y\u00fck \u00f6l\u00e7\u00fcd\u0259 m\u00fc\u0259yy\u0259nl\u0259\u015fdirdi. Lakin m\u00f6vzu aktual olaraq qal\u0131r v\u0259 2022-ci ild\u0259 oldu\u011fu kimi, bu il d\u0259 s\u0259rgid\u0259 Rusiya milli stendi olmay\u0131b.<br>S\u0259rginin direktoru Yurgen Boos deyib ki, m\u00fcharib\u0259 davam etdiyi m\u00fcdd\u0259td\u0259 Rusiyan\u0131n d\u00f6vl\u0259t n\u0259\u015friyyatlar\u0131 yarmarkada i\u015ftirak ed\u0259 bilm\u0259y\u0259c\u0259kl\u0259r.<\/p>\n\n\n<div class=\"wp-block-image\">\n<figure class=\"aligncenter size-full\"><img decoding=\"async\" width=\"1200\" height=\"800\" data-src=\"https:\/\/www.meydan.tv\/wp-content\/uploads\/untitled-design-11-17.jpg\" alt=\"\" class=\"wp-image-288472 lazyload\" src=\"data:image\/svg+xml;base64,PHN2ZyB3aWR0aD0iMSIgaGVpZ2h0PSIxIiB4bWxucz0iaHR0cDovL3d3dy53My5vcmcvMjAwMC9zdmciPjwvc3ZnPg==\" style=\"--smush-placeholder-width: 1200px; --smush-placeholder-aspect-ratio: 1200\/800;\" \/><\/figure>\n<\/div>\n\n\n<p>M\u00fcst\u0259qil rus n\u0259\u015friyyatlar\u0131na, m\u00fc\u0259llifl\u0259rin\u0259 is\u0259 ya\u015f\u0131l i\u015f\u0131q yan\u0131r. Yarmarkada Rusiyadan iki m\u00fcst\u0259qil n\u0259\u015friyyat \u201cSamokat\u201d (&#8220;\u0421\u0430\u043c\u043e\u043a\u0430\u0442&#8221;) v\u0259 \u201cPe\u015fkom v istoriyu\u201d (&#8220;\u041f\u0435\u0448\u043a\u043e\u043c \u0432 \u0438\u0441\u0442\u043e\u0440\u0438\u044e&#8221;) i\u015ftirak edibl\u0259r.<\/p>\n\n\n\n<p><strong>Almaniya m\u0259d\u0259niyy\u0259t naziri: rus m\u0259d\u0259niyy\u0259tini boykot etm\u0259k olmaz<\/strong><\/p>\n\n\n\n<p>Almaniyan\u0131n m\u0259d\u0259niyy\u0259t naziri Klaudiya Rot Rusiya m\u0259d\u0259niyy\u0259tinin boykot edilm\u0259si m\u00f6vzusunu qald\u0131r\u0131b.<\/p>\n\n\n\n<p><em>\u201cRus dili Putinin m\u00fclk\u00fc deyil. Ba\u015fqa Rusiya var v\u0259 biz ona s\u0259sverm\u0259 h\u00fcququ verm\u0259liyik\u201d, &#8211; <\/em>nazir deyib.<\/p>\n\n\n\n<p>Builki s\u0259rgi oktyabr\u0131n 18-d\u0259 ba\u015flay\u0131b v\u0259 bu ay\u0131n 22-d\u0259k davam ed\u0259c\u0259k.<br>S\u0259rgid\u0259 Az\u0259rbaycandan \u201cQanun\u201d N\u0259\u015frl\u0259r Evi i\u015ftirak edir.<\/p>\n","protected":false},"excerpt":{"rendered":"<p>\u201cF\u0259l\u0259stin m\u0259s\u0259l\u0259si h\u0259ll olunmadan Yax\u0131n \u015e\u0259rqd\u0259 s\u00fclh ola bilm\u0259z\u201d Frankfurt &#8230; <\/p>\n<p class=\"read-more-container\"><a title=\"Frankfurt Kitab S\u0259rgisi: sloveniyal\u0131 filosofun \u00e7\u0131x\u0131\u015f\u0131 qalmaqal yaratd\u0131\" class=\"read-more button\" href=\"https:\/\/www.meydan.tv\/az\/article\/frankfurt-kitab-sergisi-sloveniyali-filosofun-cixisi-qalmaqal-yaratdi\/#more-288475\" aria-label=\"Read more about Frankfurt Kitab S\u0259rgisi: sloveniyal\u0131 filosofun \u00e7\u0131x\u0131\u015f\u0131 qalmaqal yaratd\u0131\">Davam\u0131<\/a><\/p>\n","protected":false},"author":8,"featured_media":288469,"comment_status":"closed","ping_status":"closed","sticky":false,"template":"","format":"standard","meta":{"_acf_changed":false,"_sitemap_exclude":false,"_sitemap_priority":"","_sitemap_frequency":"","footnotes":""},"categories":[52,56],"tags":[],"class_list":["post-288475","post","type-post","status-publish","format-standard","has-post-thumbnail","hentry","category-medeniyyet","category-xeberler","infinite-scroll-item","generate-columns","tablet-grid-50","mobile-grid-100","grid-parent","grid-33","no-featured-image-padding"],"acf":[],"yoast_head":"<!-- This site is optimized with the Yoast SEO plugin v27.4 - https:\/\/yoast.com\/product\/yoast-seo-wordpress\/ -->\n<title>Frankfurt Kitab S\u0259rgisi: sloveniyal\u0131 filosofun \u00e7\u0131x\u0131\u015f\u0131 qalmaqal yaratd\u0131 - MEYDAN.TV<\/title>\n<meta name=\"robots\" content=\"index, follow, max-snippet:-1, max-image-preview:large, max-video-preview:-1\" \/>\n<link rel=\"canonical\" href=\"https:\/\/www.meydan.tv\/az\/article\/frankfurt-kitab-sergisi-sloveniyali-filosofun-cixisi-qalmaqal-yaratdi\/\" \/>\n<meta property=\"og:locale\" content=\"az_AZ\" \/>\n<meta property=\"og:type\" content=\"article\" \/>\n<meta property=\"og:title\" content=\"Frankfurt Kitab S\u0259rgisi: sloveniyal\u0131 filosofun \u00e7\u0131x\u0131\u015f\u0131 qalmaqal yaratd\u0131 - MEYDAN.TV\" \/>\n<meta property=\"og:description\" content=\"\u201cF\u0259l\u0259stin m\u0259s\u0259l\u0259si h\u0259ll olunmadan Yax\u0131n \u015e\u0259rqd\u0259 s\u00fclh ola bilm\u0259z\u201d Frankfurt ... Davam\u0131\" \/>\n<meta property=\"og:url\" content=\"https:\/\/www.meydan.tv\/az\/article\/frankfurt-kitab-sergisi-sloveniyali-filosofun-cixisi-qalmaqal-yaratdi\/\" \/>\n<meta property=\"og:site_name\" content=\"MEYDAN.TV\" \/>\n<meta property=\"article:published_time\" content=\"2023-10-21T14:18:58+00:00\" \/>\n<meta property=\"article:modified_time\" content=\"2023-10-21T14:19:00+00:00\" \/>\n<meta property=\"og:image\" content=\"https:\/\/www.meydan.tv\/wp-content\/uploads\/untitled-design-10-22.jpg\" \/>\n\t<meta property=\"og:image:width\" content=\"1200\" \/>\n\t<meta property=\"og:image:height\" content=\"800\" \/>\n\t<meta property=\"og:image:type\" content=\"image\/jpeg\" \/>\n<meta name=\"author\" content=\"elli\" \/>\n<meta name=\"twitter:card\" content=\"summary_large_image\" \/>\n<meta name=\"twitter:creator\" content=\"@elli\" \/>\n<script type=\"application\/ld+json\" class=\"yoast-schema-graph\">{\"@context\":\"https:\\\/\\\/schema.org\",\"@graph\":[{\"@type\":\"Article\",\"@id\":\"https:\\\/\\\/www.meydan.tv\\\/az\\\/article\\\/frankfurt-kitab-sergisi-sloveniyali-filosofun-cixisi-qalmaqal-yaratdi\\\/#article\",\"isPartOf\":{\"@id\":\"https:\\\/\\\/www.meydan.tv\\\/az\\\/article\\\/frankfurt-kitab-sergisi-sloveniyali-filosofun-cixisi-qalmaqal-yaratdi\\\/\"},\"author\":{\"name\":\"elli\",\"@id\":\"https:\\\/\\\/www.meydan.tv\\\/az\\\/#\\\/schema\\\/person\\\/9cdbecf90d17180ce1dfbd95b08dcf47\"},\"headline\":\"Frankfurt Kitab S\u0259rgisi: sloveniyal\u0131 filosofun \u00e7\u0131x\u0131\u015f\u0131 qalmaqal yaratd\u0131\",\"datePublished\":\"2023-10-21T14:18:58+00:00\",\"dateModified\":\"2023-10-21T14:19:00+00:00\",\"mainEntityOfPage\":{\"@id\":\"https:\\\/\\\/www.meydan.tv\\\/az\\\/article\\\/frankfurt-kitab-sergisi-sloveniyali-filosofun-cixisi-qalmaqal-yaratdi\\\/\"},\"wordCount\":946,\"publisher\":{\"@id\":\"https:\\\/\\\/www.meydan.tv\\\/az\\\/#organization\"},\"image\":{\"@id\":\"https:\\\/\\\/www.meydan.tv\\\/az\\\/article\\\/frankfurt-kitab-sergisi-sloveniyali-filosofun-cixisi-qalmaqal-yaratdi\\\/#primaryimage\"},\"thumbnailUrl\":\"https:\\\/\\\/www.meydan.tv\\\/wp-content\\\/uploads\\\/untitled-design-10-22.jpg\",\"articleSection\":[\"M\u0259d\u0259niyy\u0259t\",\"X\u0259b\u0259rl\u0259r\"],\"inLanguage\":\"az\"},{\"@type\":\"WebPage\",\"@id\":\"https:\\\/\\\/www.meydan.tv\\\/az\\\/article\\\/frankfurt-kitab-sergisi-sloveniyali-filosofun-cixisi-qalmaqal-yaratdi\\\/\",\"url\":\"https:\\\/\\\/www.meydan.tv\\\/az\\\/article\\\/frankfurt-kitab-sergisi-sloveniyali-filosofun-cixisi-qalmaqal-yaratdi\\\/\",\"name\":\"Frankfurt Kitab S\u0259rgisi: sloveniyal\u0131 filosofun \u00e7\u0131x\u0131\u015f\u0131 qalmaqal yaratd\u0131 - MEYDAN.TV\",\"isPartOf\":{\"@id\":\"https:\\\/\\\/www.meydan.tv\\\/az\\\/#website\"},\"primaryImageOfPage\":{\"@id\":\"https:\\\/\\\/www.meydan.tv\\\/az\\\/article\\\/frankfurt-kitab-sergisi-sloveniyali-filosofun-cixisi-qalmaqal-yaratdi\\\/#primaryimage\"},\"image\":{\"@id\":\"https:\\\/\\\/www.meydan.tv\\\/az\\\/article\\\/frankfurt-kitab-sergisi-sloveniyali-filosofun-cixisi-qalmaqal-yaratdi\\\/#primaryimage\"},\"thumbnailUrl\":\"https:\\\/\\\/www.meydan.tv\\\/wp-content\\\/uploads\\\/untitled-design-10-22.jpg\",\"datePublished\":\"2023-10-21T14:18:58+00:00\",\"dateModified\":\"2023-10-21T14:19:00+00:00\",\"breadcrumb\":{\"@id\":\"https:\\\/\\\/www.meydan.tv\\\/az\\\/article\\\/frankfurt-kitab-sergisi-sloveniyali-filosofun-cixisi-qalmaqal-yaratdi\\\/#breadcrumb\"},\"inLanguage\":\"az\",\"potentialAction\":[{\"@type\":\"ReadAction\",\"target\":[\"https:\\\/\\\/www.meydan.tv\\\/az\\\/article\\\/frankfurt-kitab-sergisi-sloveniyali-filosofun-cixisi-qalmaqal-yaratdi\\\/\"]}]},{\"@type\":\"ImageObject\",\"inLanguage\":\"az\",\"@id\":\"https:\\\/\\\/www.meydan.tv\\\/az\\\/article\\\/frankfurt-kitab-sergisi-sloveniyali-filosofun-cixisi-qalmaqal-yaratdi\\\/#primaryimage\",\"url\":\"https:\\\/\\\/www.meydan.tv\\\/wp-content\\\/uploads\\\/untitled-design-10-22.jpg\",\"contentUrl\":\"https:\\\/\\\/www.meydan.tv\\\/wp-content\\\/uploads\\\/untitled-design-10-22.jpg\",\"width\":1200,\"height\":800,\"caption\":\"Fotolar: \u015eahbaz Xuduo\u011flunun \\\"Facebook\\\" s\u0259hif\u0259sind\u0259n\"},{\"@type\":\"BreadcrumbList\",\"@id\":\"https:\\\/\\\/www.meydan.tv\\\/az\\\/article\\\/frankfurt-kitab-sergisi-sloveniyali-filosofun-cixisi-qalmaqal-yaratdi\\\/#breadcrumb\",\"itemListElement\":[{\"@type\":\"ListItem\",\"position\":1,\"name\":\"Ana s\u0259hif\u0259\",\"item\":\"https:\\\/\\\/www.meydan.tv\\\/az\\\/\"},{\"@type\":\"ListItem\",\"position\":2,\"name\":\"M\u0259d\u0259niyy\u0259t\",\"item\":\"https:\\\/\\\/www.meydan.tv\\\/az\\\/section\\\/medeniyyet\\\/\"},{\"@type\":\"ListItem\",\"position\":3,\"name\":\"Frankfurt Kitab S\u0259rgisi: sloveniyal\u0131 filosofun \u00e7\u0131x\u0131\u015f\u0131 qalmaqal yaratd\u0131\"}]},{\"@type\":\"WebSite\",\"@id\":\"https:\\\/\\\/www.meydan.tv\\\/az\\\/#website\",\"url\":\"https:\\\/\\\/www.meydan.tv\\\/az\\\/\",\"name\":\"MEYDAN.TV\",\"description\":\"Meydan TV Az\u0259rbaycan\u0131n media m\u0259kan\u0131ndak\u0131 alternativ s\u0259sidir\",\"publisher\":{\"@id\":\"https:\\\/\\\/www.meydan.tv\\\/az\\\/#organization\"},\"potentialAction\":[{\"@type\":\"SearchAction\",\"target\":{\"@type\":\"EntryPoint\",\"urlTemplate\":\"https:\\\/\\\/www.meydan.tv\\\/az\\\/?s={search_term_string}\"},\"query-input\":{\"@type\":\"PropertyValueSpecification\",\"valueRequired\":true,\"valueName\":\"search_term_string\"}}],\"inLanguage\":\"az\"},{\"@type\":\"Organization\",\"@id\":\"https:\\\/\\\/www.meydan.tv\\\/az\\\/#organization\",\"name\":\"Meydan TV\",\"url\":\"https:\\\/\\\/www.meydan.tv\\\/az\\\/\",\"logo\":{\"@type\":\"ImageObject\",\"inLanguage\":\"az\",\"@id\":\"https:\\\/\\\/www.meydan.tv\\\/az\\\/#\\\/schema\\\/logo\\\/image\\\/\",\"url\":\"https:\\\/\\\/www.meydan.tv\\\/wp-content\\\/uploads\\\/2021\\\/07\\\/meydan-logo.svg\",\"contentUrl\":\"https:\\\/\\\/www.meydan.tv\\\/wp-content\\\/uploads\\\/2021\\\/07\\\/meydan-logo.svg\",\"width\":195,\"height\":46,\"caption\":\"Meydan TV\"},\"image\":{\"@id\":\"https:\\\/\\\/www.meydan.tv\\\/az\\\/#\\\/schema\\\/logo\\\/image\\\/\"}},{\"@type\":\"Person\",\"@id\":\"https:\\\/\\\/www.meydan.tv\\\/az\\\/#\\\/schema\\\/person\\\/9cdbecf90d17180ce1dfbd95b08dcf47\",\"name\":\"elli\",\"sameAs\":[\"https:\\\/\\\/x.com\\\/elli\"]}]}<\/script>\n<!-- \/ Yoast SEO plugin. -->","yoast_head_json":{"title":"Frankfurt Kitab S\u0259rgisi: sloveniyal\u0131 filosofun \u00e7\u0131x\u0131\u015f\u0131 qalmaqal yaratd\u0131 - MEYDAN.TV","robots":{"index":"index","follow":"follow","max-snippet":"max-snippet:-1","max-image-preview":"max-image-preview:large","max-video-preview":"max-video-preview:-1"},"canonical":"https:\/\/www.meydan.tv\/az\/article\/frankfurt-kitab-sergisi-sloveniyali-filosofun-cixisi-qalmaqal-yaratdi\/","og_locale":"az_AZ","og_type":"article","og_title":"Frankfurt Kitab S\u0259rgisi: sloveniyal\u0131 filosofun \u00e7\u0131x\u0131\u015f\u0131 qalmaqal yaratd\u0131 - MEYDAN.TV","og_description":"\u201cF\u0259l\u0259stin m\u0259s\u0259l\u0259si h\u0259ll olunmadan Yax\u0131n \u015e\u0259rqd\u0259 s\u00fclh ola bilm\u0259z\u201d Frankfurt ... Davam\u0131","og_url":"https:\/\/www.meydan.tv\/az\/article\/frankfurt-kitab-sergisi-sloveniyali-filosofun-cixisi-qalmaqal-yaratdi\/","og_site_name":"MEYDAN.TV","article_published_time":"2023-10-21T14:18:58+00:00","article_modified_time":"2023-10-21T14:19:00+00:00","og_image":[{"width":1200,"height":800,"url":"https:\/\/www.meydan.tv\/wp-content\/uploads\/untitled-design-10-22.jpg","type":"image\/jpeg"}],"author":"elli","twitter_card":"summary_large_image","twitter_creator":"@elli","schema":{"@context":"https:\/\/schema.org","@graph":[{"@type":"Article","@id":"https:\/\/www.meydan.tv\/az\/article\/frankfurt-kitab-sergisi-sloveniyali-filosofun-cixisi-qalmaqal-yaratdi\/#article","isPartOf":{"@id":"https:\/\/www.meydan.tv\/az\/article\/frankfurt-kitab-sergisi-sloveniyali-filosofun-cixisi-qalmaqal-yaratdi\/"},"author":{"name":"elli","@id":"https:\/\/www.meydan.tv\/az\/#\/schema\/person\/9cdbecf90d17180ce1dfbd95b08dcf47"},"headline":"Frankfurt Kitab S\u0259rgisi: sloveniyal\u0131 filosofun \u00e7\u0131x\u0131\u015f\u0131 qalmaqal yaratd\u0131","datePublished":"2023-10-21T14:18:58+00:00","dateModified":"2023-10-21T14:19:00+00:00","mainEntityOfPage":{"@id":"https:\/\/www.meydan.tv\/az\/article\/frankfurt-kitab-sergisi-sloveniyali-filosofun-cixisi-qalmaqal-yaratdi\/"},"wordCount":946,"publisher":{"@id":"https:\/\/www.meydan.tv\/az\/#organization"},"image":{"@id":"https:\/\/www.meydan.tv\/az\/article\/frankfurt-kitab-sergisi-sloveniyali-filosofun-cixisi-qalmaqal-yaratdi\/#primaryimage"},"thumbnailUrl":"https:\/\/www.meydan.tv\/wp-content\/uploads\/untitled-design-10-22.jpg","articleSection":["M\u0259d\u0259niyy\u0259t","X\u0259b\u0259rl\u0259r"],"inLanguage":"az"},{"@type":"WebPage","@id":"https:\/\/www.meydan.tv\/az\/article\/frankfurt-kitab-sergisi-sloveniyali-filosofun-cixisi-qalmaqal-yaratdi\/","url":"https:\/\/www.meydan.tv\/az\/article\/frankfurt-kitab-sergisi-sloveniyali-filosofun-cixisi-qalmaqal-yaratdi\/","name":"Frankfurt Kitab S\u0259rgisi: sloveniyal\u0131 filosofun \u00e7\u0131x\u0131\u015f\u0131 qalmaqal yaratd\u0131 - MEYDAN.TV","isPartOf":{"@id":"https:\/\/www.meydan.tv\/az\/#website"},"primaryImageOfPage":{"@id":"https:\/\/www.meydan.tv\/az\/article\/frankfurt-kitab-sergisi-sloveniyali-filosofun-cixisi-qalmaqal-yaratdi\/#primaryimage"},"image":{"@id":"https:\/\/www.meydan.tv\/az\/article\/frankfurt-kitab-sergisi-sloveniyali-filosofun-cixisi-qalmaqal-yaratdi\/#primaryimage"},"thumbnailUrl":"https:\/\/www.meydan.tv\/wp-content\/uploads\/untitled-design-10-22.jpg","datePublished":"2023-10-21T14:18:58+00:00","dateModified":"2023-10-21T14:19:00+00:00","breadcrumb":{"@id":"https:\/\/www.meydan.tv\/az\/article\/frankfurt-kitab-sergisi-sloveniyali-filosofun-cixisi-qalmaqal-yaratdi\/#breadcrumb"},"inLanguage":"az","potentialAction":[{"@type":"ReadAction","target":["https:\/\/www.meydan.tv\/az\/article\/frankfurt-kitab-sergisi-sloveniyali-filosofun-cixisi-qalmaqal-yaratdi\/"]}]},{"@type":"ImageObject","inLanguage":"az","@id":"https:\/\/www.meydan.tv\/az\/article\/frankfurt-kitab-sergisi-sloveniyali-filosofun-cixisi-qalmaqal-yaratdi\/#primaryimage","url":"https:\/\/www.meydan.tv\/wp-content\/uploads\/untitled-design-10-22.jpg","contentUrl":"https:\/\/www.meydan.tv\/wp-content\/uploads\/untitled-design-10-22.jpg","width":1200,"height":800,"caption":"Fotolar: \u015eahbaz Xuduo\u011flunun \"Facebook\" s\u0259hif\u0259sind\u0259n"},{"@type":"BreadcrumbList","@id":"https:\/\/www.meydan.tv\/az\/article\/frankfurt-kitab-sergisi-sloveniyali-filosofun-cixisi-qalmaqal-yaratdi\/#breadcrumb","itemListElement":[{"@type":"ListItem","position":1,"name":"Ana s\u0259hif\u0259","item":"https:\/\/www.meydan.tv\/az\/"},{"@type":"ListItem","position":2,"name":"M\u0259d\u0259niyy\u0259t","item":"https:\/\/www.meydan.tv\/az\/section\/medeniyyet\/"},{"@type":"ListItem","position":3,"name":"Frankfurt Kitab S\u0259rgisi: sloveniyal\u0131 filosofun \u00e7\u0131x\u0131\u015f\u0131 qalmaqal yaratd\u0131"}]},{"@type":"WebSite","@id":"https:\/\/www.meydan.tv\/az\/#website","url":"https:\/\/www.meydan.tv\/az\/","name":"MEYDAN.TV","description":"Meydan TV Az\u0259rbaycan\u0131n media m\u0259kan\u0131ndak\u0131 alternativ s\u0259sidir","publisher":{"@id":"https:\/\/www.meydan.tv\/az\/#organization"},"potentialAction":[{"@type":"SearchAction","target":{"@type":"EntryPoint","urlTemplate":"https:\/\/www.meydan.tv\/az\/?s={search_term_string}"},"query-input":{"@type":"PropertyValueSpecification","valueRequired":true,"valueName":"search_term_string"}}],"inLanguage":"az"},{"@type":"Organization","@id":"https:\/\/www.meydan.tv\/az\/#organization","name":"Meydan TV","url":"https:\/\/www.meydan.tv\/az\/","logo":{"@type":"ImageObject","inLanguage":"az","@id":"https:\/\/www.meydan.tv\/az\/#\/schema\/logo\/image\/","url":"https:\/\/www.meydan.tv\/wp-content\/uploads\/2021\/07\/meydan-logo.svg","contentUrl":"https:\/\/www.meydan.tv\/wp-content\/uploads\/2021\/07\/meydan-logo.svg","width":195,"height":46,"caption":"Meydan TV"},"image":{"@id":"https:\/\/www.meydan.tv\/az\/#\/schema\/logo\/image\/"}},{"@type":"Person","@id":"https:\/\/www.meydan.tv\/az\/#\/schema\/person\/9cdbecf90d17180ce1dfbd95b08dcf47","name":"elli","sameAs":["https:\/\/x.com\/elli"]}]}},"_links":{"self":[{"href":"https:\/\/www.meydan.tv\/az\/wp-json\/wp\/v2\/posts\/288475","targetHints":{"allow":["GET"]}}],"collection":[{"href":"https:\/\/www.meydan.tv\/az\/wp-json\/wp\/v2\/posts"}],"about":[{"href":"https:\/\/www.meydan.tv\/az\/wp-json\/wp\/v2\/types\/post"}],"author":[{"embeddable":true,"href":"https:\/\/www.meydan.tv\/az\/wp-json\/wp\/v2\/users\/8"}],"replies":[{"embeddable":true,"href":"https:\/\/www.meydan.tv\/az\/wp-json\/wp\/v2\/comments?post=288475"}],"version-history":[{"count":1,"href":"https:\/\/www.meydan.tv\/az\/wp-json\/wp\/v2\/posts\/288475\/revisions"}],"predecessor-version":[{"id":288479,"href":"https:\/\/www.meydan.tv\/az\/wp-json\/wp\/v2\/posts\/288475\/revisions\/288479"}],"wp:featuredmedia":[{"embeddable":true,"href":"https:\/\/www.meydan.tv\/az\/wp-json\/wp\/v2\/media\/288469"}],"wp:attachment":[{"href":"https:\/\/www.meydan.tv\/az\/wp-json\/wp\/v2\/media?parent=288475"}],"wp:term":[{"taxonomy":"category","embeddable":true,"href":"https:\/\/www.meydan.tv\/az\/wp-json\/wp\/v2\/categories?post=288475"},{"taxonomy":"post_tag","embeddable":true,"href":"https:\/\/www.meydan.tv\/az\/wp-json\/wp\/v2\/tags?post=288475"}],"curies":[{"name":"wp","href":"https:\/\/api.w.org\/{rel}","templated":true}]}}