{"id":288448,"date":"2023-10-21T11:45:59","date_gmt":"2023-10-21T07:45:59","guid":{"rendered":"https:\/\/www.meydan.tv\/?p=288448"},"modified":"2023-10-21T11:46:11","modified_gmt":"2023-10-21T07:46:11","slug":"dovlet-ve-senet-adamlari-veten-hem-de-evdir-soyuducudur","status":"publish","type":"post","link":"https:\/\/www.meydan.tv\/az\/article\/dovlet-ve-senet-adamlari-veten-hem-de-evdir-soyuducudur\/","title":{"rendered":"D\u00f6vl\u0259t v\u0259 s\u0259n\u0259t adamlar\u0131: &#8220;V\u0259t\u0259n h\u0259m d\u0259 evdir, soyuducudur&#8230;&#8221;"},"content":{"rendered":"\n<p><\/p>\n\n\n\n<p><strong><em>&#8220;He\u00e7 kim d\u00fc\u015f\u00fcnm\u0259sin ki, d\u00f6vl\u0259t \u00e7a\u011f\u0131r\u0131b ona ev ver\u0259c\u0259k, ma\u015f\u0131n alacaq&#8221;<\/em><\/strong><\/p>\n\n\n\n<p>Yazar C\u0259lil Cavan\u015fir sosial \u015f\u0259b\u0259k\u0259d\u0259 maddi \u00e7\u0259tinlikl\u0259rd\u0259n <a href=\"https:\/\/www.facebook.com\/permalink.php?story_fbid=240481529011176&amp;id=100091479925272&amp;ref=embed_post\">\u015fikay\u0259tl\u0259nib.<\/a><\/p>\n\n\n\n<p><strong>&#8220;Evl\u0259ndim, kiray\u0259l\u0259r. Bo\u015fand\u0131m, kiray\u0259l\u0259r&#8230;&#8221;<\/strong><\/p>\n\n\n\n<p>O bildirib ki, ipoteka kreditin\u0259 g\u00f6t\u00fcrd\u00fcy\u00fc m\u0259nzilin \u00f6d\u0259ni\u015fini ed\u0259 bilmir v\u0259 evd\u0259n \u00e7\u0131xmaq m\u0259cburiyy\u0259tind\u0259dir:<\/p>\n\n\n\n<p>\u201c<em>U\u015faql\u0131qda \u00f6z ota\u011f\u0131m\u0131n, kitabxanam\u0131n olmas\u0131n\u0131 arzu edirdim. \u0130kiotaql\u0131 evimizd\u0259 bel\u0259 bir \u015fans\u0131m olmad\u0131\u011f\u0131 \u00fc\u00e7\u00fcn daim kitablar\u0131m\u0131 g\u00f6t\u00fcr\u00fcb p\u0259nc\u0259r\u0259nin bir k\u00fcnc\u00fcn\u0259 q\u0131s\u0131l\u0131rd\u0131m. Ax\u015famlar da neft lampas\u0131n\u0131n i\u015f\u0131\u011f\u0131nda g\u00f6z\u00fcm\u00fc kitablara dikib x\u0259yallar qururdum. Bir g\u00fcn \u00f6z ota\u011f\u0131m olacaqd\u0131\u201d<\/em>.<\/p>\n\n\n<div class=\"wp-block-image\">\n<figure class=\"alignleft size-full is-resized\"><img decoding=\"async\" width=\"1200\" height=\"800\" data-src=\"https:\/\/www.meydan.tv\/wp-content\/uploads\/untitled-design-5-78.jpg\" alt=\"\" class=\"wp-image-288449 lazyload\" style=\"--smush-placeholder-width: 1200px; --smush-placeholder-aspect-ratio: 1200\/800;aspect-ratio:1.5;width:356px;height:auto\" src=\"data:image\/svg+xml;base64,PHN2ZyB3aWR0aD0iMSIgaGVpZ2h0PSIxIiB4bWxucz0iaHR0cDovL3d3dy53My5vcmcvMjAwMC9zdmciPjwvc3ZnPg==\" \/><figcaption class=\"wp-element-caption\">C\u0259lil Cavan\u015fir. Foto: sosial \u015f\u0259b\u0259k\u0259<\/figcaption><\/figure>\n<\/div>\n\n\n<p>\u201c<em>Evl\u0259ndim, kiray\u0259l\u0259r. Bo\u015fand\u0131m, kiray\u0259l\u0259r. Qarda\u015flar\u0131n evi, dostlar\u0131n evi, kiray\u0259l\u0259r. 37 ya\u015f\u0131mda is\u0259 d\u00f6vl\u0259tin kiray\u0259\u00e7isi oldum. Ev ald\u0131m dedim, amma bu ev almaq deyil. M\u0259s\u0259l\u0259n, iki ayd\u0131r ki, ipoteka borcumu \u00f6d\u0259y\u0259 bilmir\u0259m, bu ay\u0131n sonu d\u00f6vl\u0259tl\u0259 aram\u0131zdak\u0131 m\u00fcqavil\u0259y\u0259 g\u00f6r\u0259 evi s\u0259ssiz-s\u0259mirsiz d\u00f6vl\u0259t\u0259 verib \u00e7\u0131xaca\u011fam. Bunu art\u0131q d\u0259rd etmir\u0259m. H\u0259tta umrumda deyil\u201d<\/em>, &#8211; C\u0259lil Cavan\u015fir yaz\u0131b.<\/p>\n\n\n\n<p><strong>Probleml\u0259r, \u015fikay\u0259tl\u0259r&#8230;<\/strong><\/p>\n\n\n\n<p>Bir ne\u00e7\u0259 g\u00fcn \u00f6nc\u0259 Az\u0259rbaycan Milli Elml\u0259r Akademiyas\u0131n\u0131n (AMEA) \u0259m\u0259kda\u015f\u0131 Yas\u0259m\u0259n Qaraqoyunlu da evsizlikd\u0259n \u015fikay\u0259t etmi\u015fdi.<\/p>\n\n\n\n<p>O, Meydan TV-y\u0259 a\u00e7\u0131qlamas\u0131nda iddia etmi\u015fdi ki, AMEA r\u0259hb\u0259rliyi onu m\u0259nzill\u0259 t\u0259min ed\u0259c\u0259yin\u0259 dair yalan v\u0259d verib, tikinti \u015firk\u0259tin\u0259 pul <a href=\"https:\/\/d9mc3ts4czbpr.cloudfront.net\/az\/article\/yasemen-qaraqoyunlu-amea-nin-onu-aldatdigini-deyir\/\">\u00f6d\u0259nilm\u0259yib.<\/a><\/p>\n\n\n\n<p>2022-ci ilin dekabr\u0131nda is\u0259&nbsp; \u201cQanun\u201d N\u0259\u015frl\u0259r Evinin r\u0259hb\u0259ri \u015eahbaz Xuduo\u011flu 87 ya\u015fl\u0131 yaz\u0131\u00e7\u0131 \u018flisa Nicat\u0131n maddi v\u0259ziyy\u0259tinin pis olmas\u0131 il\u0259 \u0259laq\u0259dar yard\u0131m kampaniyas\u0131 ba\u015flam\u0131\u015fd\u0131.<\/p>\n\n\n\n<p>Bir s\u00f6zl\u0259, Az\u0259rbaycanda yarad\u0131c\u0131 insanlar tez-tez sosial, maddi probleml\u0259rl\u0259 g\u00fcnd\u0259m\u0259 g\u0259lir, evsizlikd\u0259n \u015fikay\u0259tl\u0259nirl\u0259r. Bu da c\u0259miyy\u0259td\u0259 birm\u0259nal\u0131 qar\u015f\u0131lanm\u0131r.<\/p>\n\n\n\n<p>B\u0259zil\u0259ri hesab edirl\u0259r ki, s\u0259n\u0259t adamlar\u0131na, yarad\u0131c\u0131 insanlara d\u00f6vl\u0259t d\u0259st\u0259yi olmal\u0131d\u0131r. Dig\u0259r bir qism is\u0259 d\u00fc\u015f\u00fcn\u00fcr ki, yarad\u0131c\u0131 insanlar \u0259l\u0259baxan olmamal\u0131d\u0131r.<\/p>\n\n\n\n<p><strong>&#8220;Az\u0259rbaycanda milyardlar az adam\u0131n \u0259lind\u0259 c\u0259ml\u0259nib&#8221;<\/strong><\/p>\n\n\n\n<p>Yaz\u0131\u00e7\u0131 \u015e\u0259rif A\u011fayar Meydan TV-y\u0259 deyir ki, Az\u0259rbaycanda yarad\u0131c\u0131 adamlar\u0131n g\u00fcz\u0259ran\u0131 dig\u0259rl\u0259rind\u0259n xeyli a\u015fa\u011f\u0131d\u0131r v\u0259 buna g\u00f6r\u0259 onlara m\u00fctl\u0259q d\u00f6vl\u0259t t\u0259r\u0259find\u0259n d\u0259st\u0259k verilm\u0259lidir:<\/p>\n\n\n\n<p>\u201c<em>Sual oluna bil\u0259r ki, s\u0259n\u0259t adam\u0131, yaz\u0131\u00e7\u0131 insand\u0131r, dig\u0259rl\u0259ri &#8211; f\u0259hl\u0259, taksi s\u00fcr\u00fcc\u00fcs\u00fc insan deyil? \u0130\u015f buras\u0131ndad\u0131r ki, yarad\u0131c\u0131 sah\u0259d\u0259 qazanc \u00f6z\u00fcn\u0259 g\u00fcz\u0259ran quracaq s\u0259viyy\u0259d\u0259 deyil. Yarad\u0131c\u0131 insana m\u00fctl\u0259q d\u0259st\u0259k laz\u0131md\u0131r. Az\u0259rbaycanda g\u00f6z\u0259t\u00e7id\u0259n tutmu\u015f nazir\u0259 q\u0259d\u0259r &#8211; h\u0259r k\u0259sin \u00f6z h\u0259yat\u0131n\u0131 t\u0259min etm\u0259k imkan\u0131 olmal\u0131d\u0131r. Az\u0259rbaycan\u0131n maddi ehtiyatlar\u0131, s\u0259rv\u0259tl\u0259ri buna imkan verir. Bunun \u00fc\u00e7\u00fcn biz c\u0259miyy\u0259timizi, d\u00f6vl\u0259timizi el\u0259 qurmal\u0131y\u0131q ki, Az\u0259rbaycan insan\u0131n\u0131n \u0259li bu s\u0259ad\u0259t\u0259 \u00e7ats\u0131n\u201d.<\/em><\/p>\n\n\n<div class=\"wp-block-image\">\n<figure class=\"alignright size-full is-resized\"><img decoding=\"async\" width=\"1200\" height=\"769\" data-src=\"https:\/\/www.meydan.tv\/wp-content\/uploads\/2022-02-23-09-41-39ue18cpt6bla77g05sfcc_file.jpg\" alt=\"\" class=\"wp-image-245493 lazyload\" style=\"--smush-placeholder-width: 1200px; --smush-placeholder-aspect-ratio: 1200\/769;aspect-ratio:1.5604681404421326;width:389px;height:auto\" src=\"data:image\/svg+xml;base64,PHN2ZyB3aWR0aD0iMSIgaGVpZ2h0PSIxIiB4bWxucz0iaHR0cDovL3d3dy53My5vcmcvMjAwMC9zdmciPjwvc3ZnPg==\" \/><figcaption class=\"wp-element-caption\">\u015e\u0259rif A\u011fayar. Foto: &#8220;yeniyaz.az&#8221;<\/figcaption><\/figure>\n<\/div>\n\n\n<p><em>\u201cV\u0259t\u0259n h\u0259m d\u0259 evdir. V\u0259t\u0259n h\u0259m d\u0259 soyuducudur.\u00a0 El\u0259 bir c\u0259miyy\u0259t qurmal\u0131y\u0131q ki, b\u00fct\u00fcn Az\u0259rbaycan v\u0259t\u0259nda\u015flar\u0131 \u00f6z\u00fcn\u0259 ev, ma\u015f\u0131n ala bilsin. \u00d6vlad\u0131n\u0131 yax\u015f\u0131 m\u0259kt\u0259bl\u0259rd\u0259 oxutsun. X\u0259st\u0259l\u0259n\u0259nd\u0259 \u00f6z\u00fcn\u00fc normal \u015f\u0259kild\u0259 m\u00fcalic\u0259 ed\u0259 bilsin, insan kimi ya\u015fas\u0131n. Az\u0259rbaycanda milyardlar az adam\u0131n \u0259lind\u0259 c\u0259ml\u0259nib. Onlar\u0131n m\u00fctl\u0259q \u0259ks\u0259riyy\u0259ti v\u0259zif\u0259d\u0259 olanlard\u0131r. \u00c7oxluq is\u0259 ehtiyac i\u00e7ind\u0259 ya\u015fay\u0131r\u201d, &#8211; <\/em>dey\u0259 o bildirib.<\/p>\n\n\n\n<p><strong>&#8220;Kims\u0259ni m\u0259cbur etmirl\u0259r ki, s\u0259n yarad\u0131c\u0131l\u0131qla m\u0259\u015f\u011ful olmal\u0131san&#8221;<\/strong><\/p>\n\n\n\n<p>\u201cM\u00fccr\u00fc\u201dn\u0259\u015friyyat\u0131n\u0131n t\u0259sis\u00e7isi v\u0259 r\u0259hb\u0259ri M\u00fc\u015ffiq Xan is\u0259 \u0259skin\u0259 d\u00fc\u015f\u00fcn\u00fcr.<\/p>\n\n\n\n<p>O hesab edir ki, yarad\u0131c\u0131 insan d\u00f6vr\u00fcn t\u0259l\u0259bl\u0259ri il\u0259 ayaqla\u015fmal\u0131 v\u0259 daim \u00f6z \u00fcz\u0259rind\u0259 i\u015fl\u0259m\u0259lidir:<\/p>\n\n\n\n<p><em>\u201cAz\u0259rbaycanda nasirl\u0259r davaml\u0131 i\u015fl\u0259mirl\u0259r. Bax\u0131rsan ki, hans\u0131sa saytda redaktordur. N\u00f6vb\u0259ti g\u00fcn \u015feir yaz\u0131r. Ba\u015fqa g\u00fcn is\u0259 reportaj haz\u0131rlay\u0131r. \u00d6z\u00fcn\u00fc yaz\u0131\u00e7\u0131 kimi yeti\u015fdir\u0259 bilmir. Sonra da d\u00fcnya kitab bazar\u0131 il\u0259 m\u00fcqayis\u0259 apar\u0131r. Az\u0259rbaycanda hans\u0131sa nasir \u00f6lk\u0259sinin kitab bazar\u0131n\u0131 d\u00fcnya il\u0259 m\u00fcqayis\u0259 ed\u0259nd\u0259 yazd\u0131\u011f\u0131 m\u0259tni d\u0259 m\u00fcqayis\u0259 etm\u0259yi bacarmal\u0131d\u0131r. Yazd\u0131\u011f\u0131 m\u0259tnin \u00e7\u0259kisini ona uy\u011funla\u015fd\u0131rmal\u0131d\u0131r\u201d.<\/em><\/p>\n\n\n\n<p>M\u00fc\u015ffiq Xan\u0131n fikrinc\u0259, nasirl\u0259r xarici bazara \u00e7\u0131xmal\u0131d\u0131rlar:<\/p>\n\n\n\n<p><em>\u201cAz\u0259rbaycanda ya\u015fay\u0131rsansa, xarici dil imkanlar\u0131n olmal\u0131d\u0131r. Xarici dild\u0259 yazma\u011f\u0131 bacarmal\u0131san v\u0259 yaxud da i\u015fini el\u0259 qurmal\u0131san ki, \u0259s\u0259rl\u0259rin ba\u015fqa dill\u0259r\u0259 t\u0259rc\u00fcm\u0259 olunub, xarici platformalarda yer als\u0131n. \u201cAz\u0259rbaycanda yaz\u0131\u00e7\u0131 qazana bilmir\u201d, \u201cYaz\u0131\u00e7\u0131n\u0131n ba\u015fqa biznesi olmal\u0131d\u0131r\u201d, kimi giley-g\u00fczar\u0131n yeri yoxdur\u201d<\/em>.<\/p>\n\n\n<div class=\"wp-block-image\">\n<figure class=\"alignleft size-full is-resized\"><img decoding=\"async\" width=\"1200\" height=\"800\" data-src=\"https:\/\/www.meydan.tv\/wp-content\/uploads\/untitled-design-6-53.jpg\" alt=\"\" class=\"wp-image-288452 lazyload\" style=\"--smush-placeholder-width: 1200px; --smush-placeholder-aspect-ratio: 1200\/800;aspect-ratio:1.5;width:420px;height:auto\" src=\"data:image\/svg+xml;base64,PHN2ZyB3aWR0aD0iMSIgaGVpZ2h0PSIxIiB4bWxucz0iaHR0cDovL3d3dy53My5vcmcvMjAwMC9zdmciPjwvc3ZnPg==\" \/><figcaption class=\"wp-element-caption\">M\u00fc\u015ffiq Xan. Foto: M.Xan\u0131n \u015f\u0259xsi arxivind\u0259n <\/figcaption><\/figure>\n<\/div>\n\n\n<p>\u201c<em>On yeddi ildir ki, kitab n\u0259\u015fri, \u00e7ap\u0131, sat\u0131\u015f\u0131 il\u0259 m\u0259\u015f\u011fulam. \u00c7ox g\u0259nc n\u0259sil, ya\u015f\u0131 22 \u00fcz\u0259rind\u0259 olan, yeni yarad\u0131c\u0131l\u0131\u011fa ba\u015flayan imzalar daha aktivdir v\u0259 yarad\u0131c\u0131l\u0131\u011f\u0131n strategiyas\u0131n\u0131 daha d\u00fczg\u00fcn qurublar v\u0259 q\u0131sa vaxt \u0259rzind\u0259 populyarla\u015fa bilirl\u0259r. \u00c7\u00fcnki b\u00f6y\u00fck \u0259ks\u0259riyy\u0259tinin xarici dil imkanlar\u0131 var. Xarici dild\u0259 d\u00fc\u015f\u00fcn\u0259, yaza bilirl\u0259r. D\u00fcnya kitab bazar\u0131n\u0131 ara\u015fd\u0131r\u0131rlar, d\u00fcnyada ba\u015f ver\u0259n \u0259d\u0259bi prosesl\u0259ri yax\u0131ndan izl\u0259yirl\u0259r. \u018fd\u0259biyyat m\u00fcsabiq\u0259l\u0259rind\u0259 i\u015ftirak edirl\u0259r\u201d,<\/em> &#8211; na\u015fir bel\u0259 deyir.<\/p>\n\n\n\n<p>Onun fikrinc\u0259, 90-lardan sonra \u0259d\u0259biyyata g\u0259l\u0259n n\u0259sil is\u0259 n\u0259d\u0259ns\u0259 giley-g\u00fczar edir, kimis\u0259 su\u00e7lay\u0131rlar:<\/p>\n\n\n\n<p>\u201c<em>He\u00e7 kim d\u00fc\u015f\u00fcnm\u0259sin ki, d\u00f6vl\u0259t \u00e7a\u011f\u0131r\u0131b ona ev ver\u0259c\u0259k, ma\u015f\u0131n alacaq. Ya da yaxas\u0131ndan medal as\u0131b, diplomla t\u0259ltif edib, z\u0259rfd\u0259 pul ver\u0259c\u0259k. Bunun \u00fc\u00e7\u00fcn d\u00fczg\u00fcn \u00e7al\u0131\u015fmaq laz\u0131md\u0131r. Bu problemin k\u00f6k\u00fcnd\u0259 yarad\u0131c\u0131 insan\u0131n \u00f6z\u00fc dayan\u0131r. Kims\u0259ni m\u0259cbur etmirl\u0259r ki, s\u0259n yarad\u0131c\u0131l\u0131qla m\u0259\u015f\u011ful olmal\u0131san, roman, \u015feir yazmal\u0131san&#8221;.<\/em><\/p>\n\n\n\n<p><em>&#8220;Bir az kobud s\u0259sl\u0259ns\u0259 d\u0259, adama dey\u0259rl\u0259r ki, ist\u0259mirs\u0259n, get, alver et, ba\u015fqa i\u015fl\u0259 m\u0259\u015f\u011ful ol. Ham\u0131 populyarla\u015fmaq ist\u0259yir. \u018fd\u0259biyyat tarixind\u0259 qalmaq, d\u0259rslikl\u0259r\u0259 d\u00fc\u015fm\u0259k ist\u0259yir, h\u0259m\u00e7inin d\u0259 naraz\u0131l\u0131q edir. \u018fd\u0259biyyat adam\u0131 h\u0259m yax\u015f\u0131 dolanmaq, h\u0259m d\u0259 tarixd\u0259 qalmaq ist\u0259yirs\u0259, \u00f6z \u00fcz\u0259rind\u0259 \u00e7al\u0131\u015fmal\u0131d\u0131r. Yarad\u0131c\u0131l\u0131\u011f\u0131n\u0131 xaric\u0259 \u00e7\u0131xarmal\u0131d\u0131r\u201d, &#8211;<\/em> dey\u0259 M\u00fc\u015ffiq Xan vur\u011fulay\u0131b.<\/p>\n\n\n\n<p><strong>&#8220;D\u00f6vl\u0259t t\u0259r\u0259find\u0259n m\u0259nzill\u0259 t\u0259min olunma sovetl\u0259rd\u0259n qalma \u0259n\u0259n\u0259dir&#8221;<\/strong><\/p>\n\n\n\n<p>\u0130qtisad\u00e7\u0131 To\u011frul V\u0259liyev hesab edir ki, yarad\u0131c\u0131 insanlar \u00f6z m\u0259hsullar\u0131n\u0131 bazarda satma\u011f\u0131 bacarmal\u0131d\u0131rlar:<\/p>\n\n\n\n<p><em>\u201cBizd\u0259 niy\u0259s\u0259 hesab edirl\u0259r ki, yarad\u0131c\u0131 insanlar x\u00fcsusi kateqoriyad\u0131r. D\u00f6vl\u0259t t\u0259r\u0259find\u0259n m\u0259nzill\u0259 t\u0259min olunma sovetl\u0259rd\u0259n qalma \u0259n\u0259n\u0259dir. Sovet d\u00f6vr\u00fcnd\u0259 b\u00f6y\u00fck rol oynam\u0131rd\u0131 ki, m\u0259nzil f\u0259hl\u0259y\u0259 verilir, yoxsa hans\u0131sa bir yaz\u0131\u00e7\u0131ya\u201d.<\/em><\/p>\n\n\n<div class=\"wp-block-image\">\n<figure class=\"alignleft size-full is-resized\"><img decoding=\"async\" width=\"1200\" height=\"720\" data-src=\"https:\/\/www.meydan.tv\/wp-content\/uploads\/togrul-masalli.jpg\" alt=\"To\u011frul Ma\u015fall\u0131\" class=\"wp-image-123130 lazyload\" style=\"--smush-placeholder-width: 1200px; --smush-placeholder-aspect-ratio: 1200\/720;aspect-ratio:1.6666666666666667;width:371px;height:auto\" src=\"data:image\/svg+xml;base64,PHN2ZyB3aWR0aD0iMSIgaGVpZ2h0PSIxIiB4bWxucz0iaHR0cDovL3d3dy53My5vcmcvMjAwMC9zdmciPjwvc3ZnPg==\" \/><figcaption class=\"wp-element-caption\">Foto: To\u011frul Ma\u015fall\u0131n\u0131n \u015f\u0259xsi arxivind\u0259n<\/figcaption><\/figure>\n<\/div>\n\n\n<p>\u201c<em>N\u0259z\u0259r\u0259 almaq laz\u0131md\u0131r ki, sovetl\u0259rd\u0259 d\u00f6vl\u0259td\u0259n ba\u015fqa he\u00e7 bir m\u0259nb\u0259 yox idi. \u0130ndi is\u0259 d\u00f6vl\u0259td\u0259n ba\u015fqa da m\u0259nb\u0259l\u0259r var. Yaz\u0131\u00e7\u0131lar da m\u0259hsul yaratmal\u0131d\u0131rlar, kitab yazmal\u0131, sat\u0131\u015f etm\u0259lidirl\u0259r. Az\u0259rbaycan bazar iqtisadiyyat\u0131 \u015f\u0259raitind\u0259 ya\u015fad\u0131\u011f\u0131 \u00fc\u00e7\u00fcn kimins\u0259 sosial v\u0259 ya maddi probleml\u0259rinin h\u0259ll olunmas\u0131 onun \u015f\u0259xsi i\u015fidir\u201d, <\/em>&#8211; To\u011frul V\u0259liyev qeyd edib.<\/p>\n\n\n\n<p><strong>&#8220;Yarad\u0131c\u0131 insanlara d\u00f6vl\u0259t t\u0259r\u0259find\u0259n d\u0259st\u0259k olunmal\u0131d\u0131r&#8230;&#8221;<\/strong><\/p>\n\n\n\n<p>Sosioliq Aynur Hac\u0131yeva yazarlar\u0131n yarad\u0131c\u0131l\u0131qla m\u0259\u015f\u011ful olmas\u0131 \u00fc\u00e7\u00fcn d\u00f6vl\u0259t d\u0259st\u0259yinin vacib oldu\u011funu vur\u011fulay\u0131r:<\/p>\n\n\n\n<p><em>\u201c\u0130ndi elektron sistemd\u0259 ya\u015fay\u0131r\u0131q. Daha \u00e7ox elektron informasiyadan, elektron kitablardan istifad\u0259 olunur v\u0259 \u0259n\u0259n\u0259vi kitablara m\u00fcarci\u0259t ed\u0259nl\u0259rin say\u0131 \u0259vv\u0259lki d\u00f6vrl\u0259r\u0259 nisb\u0259t\u0259n azd\u0131r. \u018fvv\u0259l\u0259r bel\u0259 deyildi, ham\u0131 q\u0259zet, kitab, jurnal al\u0131rd\u0131. Ona g\u00f6r\u0259 d\u0259 haz\u0131rda yarad\u0131c\u0131 insanlar\u0131n \u00f6z m\u0259hsullar\u0131n\u0131 sat\u0131b, g\u0259lir\u0259 \u00e7evirm\u0259k imkanlar\u0131 azd\u0131r\u201d.<\/em><\/p>\n\n\n<div class=\"wp-block-image\">\n<figure class=\"aligncenter size-full\"><img decoding=\"async\" width=\"1200\" height=\"800\" data-src=\"https:\/\/www.meydan.tv\/wp-content\/uploads\/untitled-design-7-46.jpg\" alt=\"\" class=\"wp-image-288455 lazyload\" src=\"data:image\/svg+xml;base64,PHN2ZyB3aWR0aD0iMSIgaGVpZ2h0PSIxIiB4bWxucz0iaHR0cDovL3d3dy53My5vcmcvMjAwMC9zdmciPjwvc3ZnPg==\" style=\"--smush-placeholder-width: 1200px; --smush-placeholder-aspect-ratio: 1200\/800;\" \/><figcaption class=\"wp-element-caption\">Aynur Hac\u0131yeva. Foto: \u0130TV-d\u0259n screenshot<\/figcaption><\/figure>\n<\/div>\n\n\n<p>\u201c<em>Yarad\u0131c\u0131 insanlara d\u00f6vl\u0259t t\u0259r\u0259find\u0259n d\u0259st\u0259k olunmal\u0131d\u0131r ki, onlar da m\u00fc\u0259yy\u0259n d\u00f6vr \u0259rzind\u0259 yaz\u0131b-yarada, \u00f6z \u0259s\u0259rl\u0259rini tan\u0131da bilsinl\u0259r. Xaric\u0259 \u00e7\u0131x\u0131\u015f imkan\u0131 var. Yazarlar\u0131n \u0259s\u0259rl\u0259rini xaricd\u0259 tan\u0131tmaq \u00fc\u00e7\u00fcn d\u00f6vl\u0259t proqramlar\u0131 olmal\u0131d\u0131r. Bu proqramdan ke\u00e7\u0259n \u0259s\u0259rl\u0259r d\u00f6vl\u0259tin d\u0259st\u0259yi il\u0259 xaricd\u0259 tan\u0131nmas\u0131 \u00fc\u00e7\u00fcn d\u0259st\u0259k olunmal\u0131d\u0131r\u201d,<\/em> &#8211; sosioloq vur\u011fulay\u0131b.<\/p>\n","protected":false},"excerpt":{"rendered":"<p>&#8220;He\u00e7 kim d\u00fc\u015f\u00fcnm\u0259sin ki, d\u00f6vl\u0259t \u00e7a\u011f\u0131r\u0131b ona ev ver\u0259c\u0259k, ma\u015f\u0131n &#8230; <\/p>\n<p class=\"read-more-container\"><a title=\"D\u00f6vl\u0259t v\u0259 s\u0259n\u0259t adamlar\u0131: &#8220;V\u0259t\u0259n h\u0259m d\u0259 evdir, soyuducudur&#8230;&#8221;\" class=\"read-more button\" href=\"https:\/\/www.meydan.tv\/az\/article\/dovlet-ve-senet-adamlari-veten-hem-de-evdir-soyuducudur\/#more-288448\" aria-label=\"Read more about D\u00f6vl\u0259t v\u0259 s\u0259n\u0259t adamlar\u0131: &#8220;V\u0259t\u0259n h\u0259m d\u0259 evdir, soyuducudur&#8230;&#8221;\">Davam\u0131<\/a><\/p>\n","protected":false},"author":8,"featured_media":288458,"comment_status":"closed","ping_status":"closed","sticky":false,"template":"","format":"standard","meta":{"_acf_changed":false,"_sitemap_exclude":false,"_sitemap_priority":"","_sitemap_frequency":"","footnotes":""},"categories":[62,79,56],"tags":[],"class_list":["post-288448","post","type-post","status-publish","format-standard","has-post-thumbnail","hentry","category-sosial","category-featured","category-xeberler","infinite-scroll-item","generate-columns","tablet-grid-50","mobile-grid-100","grid-parent","grid-33","no-featured-image-padding"],"acf":[],"yoast_head":"<!-- This site is optimized with the Yoast SEO plugin v27.4 - https:\/\/yoast.com\/product\/yoast-seo-wordpress\/ -->\n<title>D\u00f6vl\u0259t v\u0259 s\u0259n\u0259t adamlar\u0131: &quot;V\u0259t\u0259n h\u0259m d\u0259 evdir, soyuducudur...&quot; - MEYDAN.TV<\/title>\n<meta name=\"robots\" content=\"index, follow, max-snippet:-1, max-image-preview:large, max-video-preview:-1\" \/>\n<link rel=\"canonical\" href=\"https:\/\/www.meydan.tv\/az\/article\/dovlet-ve-senet-adamlari-veten-hem-de-evdir-soyuducudur\/\" \/>\n<meta property=\"og:locale\" content=\"az_AZ\" \/>\n<meta property=\"og:type\" content=\"article\" \/>\n<meta property=\"og:title\" content=\"D\u00f6vl\u0259t v\u0259 s\u0259n\u0259t adamlar\u0131: &quot;V\u0259t\u0259n h\u0259m d\u0259 evdir, soyuducudur...&quot; - MEYDAN.TV\" \/>\n<meta property=\"og:description\" content=\"&#8220;He\u00e7 kim d\u00fc\u015f\u00fcnm\u0259sin ki, d\u00f6vl\u0259t \u00e7a\u011f\u0131r\u0131b ona ev ver\u0259c\u0259k, ma\u015f\u0131n ... Davam\u0131\" \/>\n<meta property=\"og:url\" content=\"https:\/\/www.meydan.tv\/az\/article\/dovlet-ve-senet-adamlari-veten-hem-de-evdir-soyuducudur\/\" \/>\n<meta property=\"og:site_name\" content=\"MEYDAN.TV\" \/>\n<meta property=\"article:published_time\" content=\"2023-10-21T07:45:59+00:00\" \/>\n<meta property=\"article:modified_time\" content=\"2023-10-21T07:46:11+00:00\" \/>\n<meta property=\"og:image\" content=\"https:\/\/www.meydan.tv\/wp-content\/uploads\/untitled-design-8-39.jpg\" \/>\n\t<meta property=\"og:image:width\" content=\"1200\" \/>\n\t<meta property=\"og:image:height\" content=\"800\" \/>\n\t<meta property=\"og:image:type\" content=\"image\/jpeg\" \/>\n<meta name=\"author\" content=\"elli\" \/>\n<meta name=\"twitter:card\" content=\"summary_large_image\" \/>\n<meta name=\"twitter:creator\" content=\"@elli\" \/>\n<script type=\"application\/ld+json\" class=\"yoast-schema-graph\">{\"@context\":\"https:\\\/\\\/schema.org\",\"@graph\":[{\"@type\":\"Article\",\"@id\":\"https:\\\/\\\/www.meydan.tv\\\/az\\\/article\\\/dovlet-ve-senet-adamlari-veten-hem-de-evdir-soyuducudur\\\/#article\",\"isPartOf\":{\"@id\":\"https:\\\/\\\/www.meydan.tv\\\/az\\\/article\\\/dovlet-ve-senet-adamlari-veten-hem-de-evdir-soyuducudur\\\/\"},\"author\":{\"name\":\"elli\",\"@id\":\"https:\\\/\\\/www.meydan.tv\\\/az\\\/#\\\/schema\\\/person\\\/9cdbecf90d17180ce1dfbd95b08dcf47\"},\"headline\":\"D\u00f6vl\u0259t v\u0259 s\u0259n\u0259t adamlar\u0131: &#8220;V\u0259t\u0259n h\u0259m d\u0259 evdir, soyuducudur&#8230;&#8221;\",\"datePublished\":\"2023-10-21T07:45:59+00:00\",\"dateModified\":\"2023-10-21T07:46:11+00:00\",\"mainEntityOfPage\":{\"@id\":\"https:\\\/\\\/www.meydan.tv\\\/az\\\/article\\\/dovlet-ve-senet-adamlari-veten-hem-de-evdir-soyuducudur\\\/\"},\"wordCount\":1643,\"publisher\":{\"@id\":\"https:\\\/\\\/www.meydan.tv\\\/az\\\/#organization\"},\"image\":{\"@id\":\"https:\\\/\\\/www.meydan.tv\\\/az\\\/article\\\/dovlet-ve-senet-adamlari-veten-hem-de-evdir-soyuducudur\\\/#primaryimage\"},\"thumbnailUrl\":\"https:\\\/\\\/www.meydan.tv\\\/wp-content\\\/uploads\\\/untitled-design-8-39.jpg\",\"articleSection\":[\"Sosial\",\"T\u00f6vsiy\u0259\",\"X\u0259b\u0259rl\u0259r\"],\"inLanguage\":\"az\"},{\"@type\":\"WebPage\",\"@id\":\"https:\\\/\\\/www.meydan.tv\\\/az\\\/article\\\/dovlet-ve-senet-adamlari-veten-hem-de-evdir-soyuducudur\\\/\",\"url\":\"https:\\\/\\\/www.meydan.tv\\\/az\\\/article\\\/dovlet-ve-senet-adamlari-veten-hem-de-evdir-soyuducudur\\\/\",\"name\":\"D\u00f6vl\u0259t v\u0259 s\u0259n\u0259t adamlar\u0131: \\\"V\u0259t\u0259n h\u0259m d\u0259 evdir, soyuducudur...\\\" - MEYDAN.TV\",\"isPartOf\":{\"@id\":\"https:\\\/\\\/www.meydan.tv\\\/az\\\/#website\"},\"primaryImageOfPage\":{\"@id\":\"https:\\\/\\\/www.meydan.tv\\\/az\\\/article\\\/dovlet-ve-senet-adamlari-veten-hem-de-evdir-soyuducudur\\\/#primaryimage\"},\"image\":{\"@id\":\"https:\\\/\\\/www.meydan.tv\\\/az\\\/article\\\/dovlet-ve-senet-adamlari-veten-hem-de-evdir-soyuducudur\\\/#primaryimage\"},\"thumbnailUrl\":\"https:\\\/\\\/www.meydan.tv\\\/wp-content\\\/uploads\\\/untitled-design-8-39.jpg\",\"datePublished\":\"2023-10-21T07:45:59+00:00\",\"dateModified\":\"2023-10-21T07:46:11+00:00\",\"breadcrumb\":{\"@id\":\"https:\\\/\\\/www.meydan.tv\\\/az\\\/article\\\/dovlet-ve-senet-adamlari-veten-hem-de-evdir-soyuducudur\\\/#breadcrumb\"},\"inLanguage\":\"az\",\"potentialAction\":[{\"@type\":\"ReadAction\",\"target\":[\"https:\\\/\\\/www.meydan.tv\\\/az\\\/article\\\/dovlet-ve-senet-adamlari-veten-hem-de-evdir-soyuducudur\\\/\"]}]},{\"@type\":\"ImageObject\",\"inLanguage\":\"az\",\"@id\":\"https:\\\/\\\/www.meydan.tv\\\/az\\\/article\\\/dovlet-ve-senet-adamlari-veten-hem-de-evdir-soyuducudur\\\/#primaryimage\",\"url\":\"https:\\\/\\\/www.meydan.tv\\\/wp-content\\\/uploads\\\/untitled-design-8-39.jpg\",\"contentUrl\":\"https:\\\/\\\/www.meydan.tv\\\/wp-content\\\/uploads\\\/untitled-design-8-39.jpg\",\"width\":1200,\"height\":800,\"caption\":\"Foto: Matyas Rehak, Zephyr_p\\\/shutterstock\"},{\"@type\":\"BreadcrumbList\",\"@id\":\"https:\\\/\\\/www.meydan.tv\\\/az\\\/article\\\/dovlet-ve-senet-adamlari-veten-hem-de-evdir-soyuducudur\\\/#breadcrumb\",\"itemListElement\":[{\"@type\":\"ListItem\",\"position\":1,\"name\":\"Ana s\u0259hif\u0259\",\"item\":\"https:\\\/\\\/www.meydan.tv\\\/az\\\/\"},{\"@type\":\"ListItem\",\"position\":2,\"name\":\"Sosial\",\"item\":\"https:\\\/\\\/www.meydan.tv\\\/az\\\/section\\\/sosial\\\/\"},{\"@type\":\"ListItem\",\"position\":3,\"name\":\"D\u00f6vl\u0259t v\u0259 s\u0259n\u0259t adamlar\u0131: &#8220;V\u0259t\u0259n h\u0259m d\u0259 evdir, soyuducudur&#8230;&#8221;\"}]},{\"@type\":\"WebSite\",\"@id\":\"https:\\\/\\\/www.meydan.tv\\\/az\\\/#website\",\"url\":\"https:\\\/\\\/www.meydan.tv\\\/az\\\/\",\"name\":\"MEYDAN.TV\",\"description\":\"Meydan TV Az\u0259rbaycan\u0131n media m\u0259kan\u0131ndak\u0131 alternativ s\u0259sidir\",\"publisher\":{\"@id\":\"https:\\\/\\\/www.meydan.tv\\\/az\\\/#organization\"},\"potentialAction\":[{\"@type\":\"SearchAction\",\"target\":{\"@type\":\"EntryPoint\",\"urlTemplate\":\"https:\\\/\\\/www.meydan.tv\\\/az\\\/?s={search_term_string}\"},\"query-input\":{\"@type\":\"PropertyValueSpecification\",\"valueRequired\":true,\"valueName\":\"search_term_string\"}}],\"inLanguage\":\"az\"},{\"@type\":\"Organization\",\"@id\":\"https:\\\/\\\/www.meydan.tv\\\/az\\\/#organization\",\"name\":\"Meydan TV\",\"url\":\"https:\\\/\\\/www.meydan.tv\\\/az\\\/\",\"logo\":{\"@type\":\"ImageObject\",\"inLanguage\":\"az\",\"@id\":\"https:\\\/\\\/www.meydan.tv\\\/az\\\/#\\\/schema\\\/logo\\\/image\\\/\",\"url\":\"https:\\\/\\\/www.meydan.tv\\\/wp-content\\\/uploads\\\/2021\\\/07\\\/meydan-logo.svg\",\"contentUrl\":\"https:\\\/\\\/www.meydan.tv\\\/wp-content\\\/uploads\\\/2021\\\/07\\\/meydan-logo.svg\",\"width\":195,\"height\":46,\"caption\":\"Meydan TV\"},\"image\":{\"@id\":\"https:\\\/\\\/www.meydan.tv\\\/az\\\/#\\\/schema\\\/logo\\\/image\\\/\"}},{\"@type\":\"Person\",\"@id\":\"https:\\\/\\\/www.meydan.tv\\\/az\\\/#\\\/schema\\\/person\\\/9cdbecf90d17180ce1dfbd95b08dcf47\",\"name\":\"elli\",\"sameAs\":[\"https:\\\/\\\/x.com\\\/elli\"]}]}<\/script>\n<!-- \/ Yoast SEO plugin. -->","yoast_head_json":{"title":"D\u00f6vl\u0259t v\u0259 s\u0259n\u0259t adamlar\u0131: \"V\u0259t\u0259n h\u0259m d\u0259 evdir, soyuducudur...\" - MEYDAN.TV","robots":{"index":"index","follow":"follow","max-snippet":"max-snippet:-1","max-image-preview":"max-image-preview:large","max-video-preview":"max-video-preview:-1"},"canonical":"https:\/\/www.meydan.tv\/az\/article\/dovlet-ve-senet-adamlari-veten-hem-de-evdir-soyuducudur\/","og_locale":"az_AZ","og_type":"article","og_title":"D\u00f6vl\u0259t v\u0259 s\u0259n\u0259t adamlar\u0131: \"V\u0259t\u0259n h\u0259m d\u0259 evdir, soyuducudur...\" - MEYDAN.TV","og_description":"&#8220;He\u00e7 kim d\u00fc\u015f\u00fcnm\u0259sin ki, d\u00f6vl\u0259t \u00e7a\u011f\u0131r\u0131b ona ev ver\u0259c\u0259k, ma\u015f\u0131n ... Davam\u0131","og_url":"https:\/\/www.meydan.tv\/az\/article\/dovlet-ve-senet-adamlari-veten-hem-de-evdir-soyuducudur\/","og_site_name":"MEYDAN.TV","article_published_time":"2023-10-21T07:45:59+00:00","article_modified_time":"2023-10-21T07:46:11+00:00","og_image":[{"width":1200,"height":800,"url":"https:\/\/www.meydan.tv\/wp-content\/uploads\/untitled-design-8-39.jpg","type":"image\/jpeg"}],"author":"elli","twitter_card":"summary_large_image","twitter_creator":"@elli","schema":{"@context":"https:\/\/schema.org","@graph":[{"@type":"Article","@id":"https:\/\/www.meydan.tv\/az\/article\/dovlet-ve-senet-adamlari-veten-hem-de-evdir-soyuducudur\/#article","isPartOf":{"@id":"https:\/\/www.meydan.tv\/az\/article\/dovlet-ve-senet-adamlari-veten-hem-de-evdir-soyuducudur\/"},"author":{"name":"elli","@id":"https:\/\/www.meydan.tv\/az\/#\/schema\/person\/9cdbecf90d17180ce1dfbd95b08dcf47"},"headline":"D\u00f6vl\u0259t v\u0259 s\u0259n\u0259t adamlar\u0131: &#8220;V\u0259t\u0259n h\u0259m d\u0259 evdir, soyuducudur&#8230;&#8221;","datePublished":"2023-10-21T07:45:59+00:00","dateModified":"2023-10-21T07:46:11+00:00","mainEntityOfPage":{"@id":"https:\/\/www.meydan.tv\/az\/article\/dovlet-ve-senet-adamlari-veten-hem-de-evdir-soyuducudur\/"},"wordCount":1643,"publisher":{"@id":"https:\/\/www.meydan.tv\/az\/#organization"},"image":{"@id":"https:\/\/www.meydan.tv\/az\/article\/dovlet-ve-senet-adamlari-veten-hem-de-evdir-soyuducudur\/#primaryimage"},"thumbnailUrl":"https:\/\/www.meydan.tv\/wp-content\/uploads\/untitled-design-8-39.jpg","articleSection":["Sosial","T\u00f6vsiy\u0259","X\u0259b\u0259rl\u0259r"],"inLanguage":"az"},{"@type":"WebPage","@id":"https:\/\/www.meydan.tv\/az\/article\/dovlet-ve-senet-adamlari-veten-hem-de-evdir-soyuducudur\/","url":"https:\/\/www.meydan.tv\/az\/article\/dovlet-ve-senet-adamlari-veten-hem-de-evdir-soyuducudur\/","name":"D\u00f6vl\u0259t v\u0259 s\u0259n\u0259t adamlar\u0131: \"V\u0259t\u0259n h\u0259m d\u0259 evdir, soyuducudur...\" - MEYDAN.TV","isPartOf":{"@id":"https:\/\/www.meydan.tv\/az\/#website"},"primaryImageOfPage":{"@id":"https:\/\/www.meydan.tv\/az\/article\/dovlet-ve-senet-adamlari-veten-hem-de-evdir-soyuducudur\/#primaryimage"},"image":{"@id":"https:\/\/www.meydan.tv\/az\/article\/dovlet-ve-senet-adamlari-veten-hem-de-evdir-soyuducudur\/#primaryimage"},"thumbnailUrl":"https:\/\/www.meydan.tv\/wp-content\/uploads\/untitled-design-8-39.jpg","datePublished":"2023-10-21T07:45:59+00:00","dateModified":"2023-10-21T07:46:11+00:00","breadcrumb":{"@id":"https:\/\/www.meydan.tv\/az\/article\/dovlet-ve-senet-adamlari-veten-hem-de-evdir-soyuducudur\/#breadcrumb"},"inLanguage":"az","potentialAction":[{"@type":"ReadAction","target":["https:\/\/www.meydan.tv\/az\/article\/dovlet-ve-senet-adamlari-veten-hem-de-evdir-soyuducudur\/"]}]},{"@type":"ImageObject","inLanguage":"az","@id":"https:\/\/www.meydan.tv\/az\/article\/dovlet-ve-senet-adamlari-veten-hem-de-evdir-soyuducudur\/#primaryimage","url":"https:\/\/www.meydan.tv\/wp-content\/uploads\/untitled-design-8-39.jpg","contentUrl":"https:\/\/www.meydan.tv\/wp-content\/uploads\/untitled-design-8-39.jpg","width":1200,"height":800,"caption":"Foto: Matyas Rehak, Zephyr_p\/shutterstock"},{"@type":"BreadcrumbList","@id":"https:\/\/www.meydan.tv\/az\/article\/dovlet-ve-senet-adamlari-veten-hem-de-evdir-soyuducudur\/#breadcrumb","itemListElement":[{"@type":"ListItem","position":1,"name":"Ana s\u0259hif\u0259","item":"https:\/\/www.meydan.tv\/az\/"},{"@type":"ListItem","position":2,"name":"Sosial","item":"https:\/\/www.meydan.tv\/az\/section\/sosial\/"},{"@type":"ListItem","position":3,"name":"D\u00f6vl\u0259t v\u0259 s\u0259n\u0259t adamlar\u0131: &#8220;V\u0259t\u0259n h\u0259m d\u0259 evdir, soyuducudur&#8230;&#8221;"}]},{"@type":"WebSite","@id":"https:\/\/www.meydan.tv\/az\/#website","url":"https:\/\/www.meydan.tv\/az\/","name":"MEYDAN.TV","description":"Meydan TV Az\u0259rbaycan\u0131n media m\u0259kan\u0131ndak\u0131 alternativ s\u0259sidir","publisher":{"@id":"https:\/\/www.meydan.tv\/az\/#organization"},"potentialAction":[{"@type":"SearchAction","target":{"@type":"EntryPoint","urlTemplate":"https:\/\/www.meydan.tv\/az\/?s={search_term_string}"},"query-input":{"@type":"PropertyValueSpecification","valueRequired":true,"valueName":"search_term_string"}}],"inLanguage":"az"},{"@type":"Organization","@id":"https:\/\/www.meydan.tv\/az\/#organization","name":"Meydan TV","url":"https:\/\/www.meydan.tv\/az\/","logo":{"@type":"ImageObject","inLanguage":"az","@id":"https:\/\/www.meydan.tv\/az\/#\/schema\/logo\/image\/","url":"https:\/\/www.meydan.tv\/wp-content\/uploads\/2021\/07\/meydan-logo.svg","contentUrl":"https:\/\/www.meydan.tv\/wp-content\/uploads\/2021\/07\/meydan-logo.svg","width":195,"height":46,"caption":"Meydan TV"},"image":{"@id":"https:\/\/www.meydan.tv\/az\/#\/schema\/logo\/image\/"}},{"@type":"Person","@id":"https:\/\/www.meydan.tv\/az\/#\/schema\/person\/9cdbecf90d17180ce1dfbd95b08dcf47","name":"elli","sameAs":["https:\/\/x.com\/elli"]}]}},"_links":{"self":[{"href":"https:\/\/www.meydan.tv\/az\/wp-json\/wp\/v2\/posts\/288448","targetHints":{"allow":["GET"]}}],"collection":[{"href":"https:\/\/www.meydan.tv\/az\/wp-json\/wp\/v2\/posts"}],"about":[{"href":"https:\/\/www.meydan.tv\/az\/wp-json\/wp\/v2\/types\/post"}],"author":[{"embeddable":true,"href":"https:\/\/www.meydan.tv\/az\/wp-json\/wp\/v2\/users\/8"}],"replies":[{"embeddable":true,"href":"https:\/\/www.meydan.tv\/az\/wp-json\/wp\/v2\/comments?post=288448"}],"version-history":[{"count":1,"href":"https:\/\/www.meydan.tv\/az\/wp-json\/wp\/v2\/posts\/288448\/revisions"}],"predecessor-version":[{"id":288461,"href":"https:\/\/www.meydan.tv\/az\/wp-json\/wp\/v2\/posts\/288448\/revisions\/288461"}],"wp:featuredmedia":[{"embeddable":true,"href":"https:\/\/www.meydan.tv\/az\/wp-json\/wp\/v2\/media\/288458"}],"wp:attachment":[{"href":"https:\/\/www.meydan.tv\/az\/wp-json\/wp\/v2\/media?parent=288448"}],"wp:term":[{"taxonomy":"category","embeddable":true,"href":"https:\/\/www.meydan.tv\/az\/wp-json\/wp\/v2\/categories?post=288448"},{"taxonomy":"post_tag","embeddable":true,"href":"https:\/\/www.meydan.tv\/az\/wp-json\/wp\/v2\/tags?post=288448"}],"curies":[{"name":"wp","href":"https:\/\/api.w.org\/{rel}","templated":true}]}}