{"id":288386,"date":"2023-10-20T16:22:08","date_gmt":"2023-10-20T12:22:08","guid":{"rendered":"https:\/\/www.meydan.tv\/?p=288386"},"modified":"2023-10-20T16:22:12","modified_gmt":"2023-10-20T12:22:12","slug":"ikinci-defe-minaya-dusub-helak-olan-sexsin-ailesi-sehidlik-statusu-teleb-edir","status":"publish","type":"post","link":"https:\/\/www.meydan.tv\/az\/article\/ikinci-defe-minaya-dusub-helak-olan-sexsin-ailesi-sehidlik-statusu-teleb-edir\/","title":{"rendered":"\u0130kinci d\u0259f\u0259 minaya d\u00fc\u015f\u00fcb h\u0259lak olan \u015f\u0259xsin ail\u0259si \u015f\u0259hidlik statusu t\u0259l\u0259b edir"},"content":{"rendered":"\n<figure class=\"wp-block-embed is-type-video is-provider-youtube wp-block-embed-youtube wp-embed-aspect-16-9 wp-has-aspect-ratio\"><div class=\"wp-block-embed__wrapper\">\n<iframe title=\"\u0130kinci d\u0259f\u0259 minaya d\u00fc\u015f\u00fcb h\u0259lak olan \u015f\u0259xsin ail\u0259si \u015f\u0259hidlik statusu t\u0259l\u0259b edir\" width=\"1200\" height=\"675\" data-src=\"https:\/\/www.youtube.com\/embed\/yNMl-qtj_qg?feature=oembed\" frameborder=\"0\" allow=\"accelerometer; autoplay; clipboard-write; encrypted-media; gyroscope; picture-in-picture; web-share\" allowfullscreen src=\"data:image\/svg+xml;base64,PHN2ZyB3aWR0aD0iMSIgaGVpZ2h0PSIxIiB4bWxucz0iaHR0cDovL3d3dy53My5vcmcvMjAwMC9zdmciPjwvc3ZnPg==\" class=\"lazyload\" data-load-mode=\"1\"><\/iframe>\n<\/div><\/figure>\n\n\n\n<p>\u0130kinci d\u0259f\u0259 minaya d\u00fc\u015f\u0259r\u0259k h\u0259yat\u0131n\u0131 itir\u0259n Yaquar Had\u0131yevd\u0259n ail\u0259sin\u0259 qalan xatir\u0259 \u0259\u015fyalar\u0131d\u0131r. H\u0259yat yolda\u015f\u0131 \u015e\u0259fiq\u0259 Bayramova deyir ki, Yaquar Had\u0131yev oktyabr 6-da Suqovu\u015fan \u0259razisind\u0259 qon\u015fusuyla \u0259kin sah\u0259sin\u0259 baxma\u011fa ged\u0259rk\u0259n minaya d\u00fc\u015f\u00fcb. <\/p>\n\n\n\n<p>H\u0259yat yolda\u015f\u0131 \u015e\u0259fiq\u0259 Bayramova Yaquar Had\u0131yev\u0259 \u015f\u0259hidlik statusu verilm\u0259sini t\u0259l\u0259b edir:<\/p>\n\n\n\n<p><em>&#8220;H\u0259yat yolda\u015f\u0131m minan\u0131n qurban\u0131 olub. \u018fn az\u0131ndan onu n\u0259z\u0259r\u0259 als\u0131nlar. M\u0259n\u0259 k\u00f6m\u0259klik etsinl\u0259r. Yolda\u015f\u0131ma m\u00fclki \u015f\u0259hidlik versinl\u0259r. Bununla ikinci d\u0259f\u0259dir ki, o mina qurban\u0131 olub. Birinci d\u0259f\u0259 aya\u011f\u0131n\u0131 itirdi, ikinci d\u0259f\u0259 h\u0259yat\u0131n\u0131. V\u0259 3 d\u0259n\u0259 o\u011flu var gerid\u0259. G\u0259l\u0259c\u0259yin \u0259sg\u0259ridirl\u0259r, h\u0259m d\u0259 k\u00f6rp\u0259dirl\u0259r. Birinin 5, birinin 3, birinin d\u0259 1 ya\u015f\u0131 var. M\u0259n onlar\u0131 nec\u0259 saxlayaram? Nec\u0259 saxlay\u0131m, yetim\u0259m.\u2019\u2019<\/em><\/p>\n\n\n\n<p>Yaquar Had\u0131yev bu ilin mart\u0131nda da T\u0259rt\u0259rd\u0259 qoyun otarark\u0259n minaya d\u00fc\u015f\u00fcb aya\u011f\u0131n\u0131 itirmi\u015fdi. \u015e\u0259fiq\u0259 Bayramova deyir ki, h\u0259yat yolda\u015f\u0131n\u0131n minaya d\u00fc\u015fd\u00fcy\u00fc \u0259razil\u0259rd\u0259 m\u0259lumat l\u00f6vh\u0259si olmay\u0131b. Yaquar\u0131n \u00f6l\u00fcm\u00fcnd\u0259n sonra onun \u00e7\u0259kdiyi videog\u00f6r\u00fcnt\u00fc ortaya \u00e7\u0131x\u0131b. G\u00f6r\u00fcnt\u00fcd\u0259 polis \u0259m\u0259kda\u015flar\u0131n\u0131n Suqovu\u015fan \u0259razisind\u0259 d\u0259mir tullant\u0131lar\u0131 y\u0131\u011fma\u011fa \u00e7al\u0131\u015fd\u0131\u011f\u0131 g\u00f6r\u00fcn\u00fcr. Ba\u015f Prokurorlu\u011fun yayd\u0131\u011f\u0131 m\u0259lumatda is\u0259 Yaquar\u0131n d\u0259mir tullant\u0131lar\u0131 toplayark\u0259n minaya d\u00fc\u015fd\u00fcy\u00fc qeyd olunur. <\/p>\n\n\n\n<p>\u015e\u0259fiq\u0259 Bayramova 3-c\u00fc qrup \u0259lilliyi olan yolda\u015f\u0131n\u0131n d\u0259mir toplama\u011f\u0131n\u0131n m\u00fcmk\u00fcn olmad\u0131\u011f\u0131n\u0131 deyir: <\/p>\n\n\n\n<p><em>\u2019\u2019M\u0259nim yolda\u015f\u0131m bir d\u0259f\u0259 minaya d\u00fc\u015fm\u00fc\u015fd\u00fc. 3-c\u00fc qrup \u0259lil idi, aya\u011f\u0131n\u0131n biri yox idi. Protezi qoydu\u011fu hardasa bir ayd\u0131r, ay yar\u0131md\u0131r. Y\u0259ni tam yeriy\u0259 bilm\u0259y\u0259n adam nec\u0259 d\u0259mir y\u0131\u011fa bil\u0259r? O \u0259lind\u0259 he\u00e7 bir kiloqram ay\u0131n-oyun g\u0259tir\u0259 bilmirdi.\u2019\u2019<\/em><\/p>\n\n\n\n<p>H\u00fcquq-m\u00fchafiz\u0259 orqanlar\u0131 minal\u0131 \u0259razil\u0259rd\u0259 m\u00fclki \u0259halinin t\u0259hl\u00fck\u0259sizliyini niy\u0259 qoruya bilmir? <\/p>\n\n\n\n<p>Daxili \u0130\u015fl\u0259r Nazirliyi d\u0259mir tullant\u0131lar\u0131n y\u0131\u011f\u0131lmas\u0131 il\u0259 ba\u011fl\u0131 iddialar\u0131n \u0259sass\u0131z oldu\u011funu v\u0259 minadan t\u0259mizl\u0259nm\u0259mi\u015f \u0259razil\u0259rd\u0259 daxili qo\u015funlar\u0131n v\u0259 h\u0259rb\u00e7il\u0259rin fasil\u0259siz olaraq t\u0259hl\u00fck\u0259sizliyi qorudu\u011funu deyir. <\/p>\n\n\n\n<p>\u015e\u0259fiq\u0259 Bayramova deyir ki, Yaquar\u0131 d\u0259fn ed\u0259nd\u0259n sonra yenid\u0259n \u00f6vlad\u0131 olaca\u011f\u0131n\u0131 \u00f6yr\u0259nib. He\u00e7 bir g\u0259liri olmayan \u015e\u0259fiq\u0259 Bayramova 4 u\u015fa\u011f\u0131n\u0131 nec\u0259 b\u00f6y\u00fcd\u0259c\u0259yini bilmir. <\/p>\n\n\n\n<p><em>\u2019\u2019Bizim u\u015fa\u011f\u0131m\u0131z bir az gec olub. \u0130ki ild\u0259n sonra olub. Onlar\u0131n h\u0259r g\u0259li\u015fi bizi \u00e7ox sevindirib. M\u0259nim qarda\u015f\u0131m yoxdur, bird\u0259n\u0259y\u0259m. Yolda\u015f\u0131m da bac\u0131s\u0131n\u0131 tez itirib, bir qarda\u015f\u0131 var. Deyirdi ki, qoy u\u015faqlar\u0131m\u0131z \u00e7ox olsun. Bir-birl\u0259riyl\u0259 qaynay\u0131b-qar\u0131\u015fs\u0131nlar. Onlar n\u0259slimin davam\u00e7\u0131lar\u0131d\u0131r. Sevinirdik, amma bu hamil\u0259liyimi e\u015fid\u0259nd\u0259 he\u00e7 sevinm\u0259dim. Nec\u0259 b\u00f6y\u00fcd\u0259r\u0259m? Nec\u0259 b\u00f6y\u00fcd\u0259c\u0259m atas\u0131z, atas\u0131n\u0131n x\u0259b\u0259ri yox. M\u0259nim balalar\u0131m bu d\u0259qiq\u0259 atas\u0131n\u0131 ist\u0259yir. Gec\u0259 durub deyirl\u0259r atam\u0131z han\u0131? He\u00e7 n\u0259 dey\u0259 bilmir\u0259m. M\u0259n d\u0259 oturub onlarla b\u0259rab\u0259r a\u011flay\u0131ram. N\u0259 edim? Allaha yalvar\u0131ram ki, yolda\u015f\u0131m yuxuma g\u0259lsin. He\u00e7 olmasa bir k\u0259lm\u0259 onunla s\u00f6hb\u0259t edim. G\u0259lmir\u2019\u2019. <\/em><\/p>\n\n\n\n<p>\u015e\u0259hidlik statusu almaq \u00fc\u00e7\u00fcn T\u0259rt\u0259r rayon \u0130cra Hakimiyy\u0259tin\u0259 m\u00fcraci\u0259t ed\u0259n \u015e\u0259fiq\u0259 Bayramovaya is\u0259 aray\u0131\u015f verilm\u0259yib. <\/p>\n\n\n\n<p>T\u0259rt\u0259r rayon \u0130cra Hakimiyy\u0259tinin Meydan TV-y\u0259 verdiyi m\u0259lumata g\u00f6r\u0259, i\u015f prokurorluqda ara\u015fd\u0131r\u0131l\u0131r. Nazirl\u0259r Kabinetinin q\u0259rar\u0131na g\u00f6r\u0259, Erm\u0259nistanla s\u0259rh\u0259d rayonlar\u0131nda v\u0259 Qaraba\u011fda erm\u0259ni h\u0259rbi t\u0259xribat\u0131 (h\u00fccumu, z\u0259rb\u0259si) n\u0259tic\u0259sind\u0259 h\u0259lak olmu\u015f v\u0259 itkin d\u00fc\u015fm\u00fc\u015f m\u00fclki v\u0259t\u0259nda\u015flar \u015f\u0259hid hesab olunur. <\/p>\n\n\n\n<p>Xarici \u0130\u015fl\u0259r Nazirliyinin m\u0259lumat\u0131na g\u00f6r\u0259, \u0130kinci Qaraba\u011f m\u00fcharib\u0259sind\u0259n sonra minaya d\u00fc\u015f\u0259nl\u0259rin say\u0131 330-a \u00e7at\u0131b. <\/p>\n\n\n\n<p>Yaquar\u0131 itir\u0259nd\u0259n h\u0259yat yolda\u015f\u0131 onun k\u00f6yn\u0259yini geyinir. Paltarlar\u0131ndan qoxusunu alanda \u00f6ld\u00fcy\u00fcn\u0259 inanmaq asan olmur.<a href=\"https:\/\/www.youtube.com\/@MeydanTelevision\"><\/a><\/p>\n","protected":false},"excerpt":{"rendered":"<p>\u0130kinci d\u0259f\u0259 minaya d\u00fc\u015f\u0259r\u0259k h\u0259yat\u0131n\u0131 itir\u0259n Yaquar Had\u0131yevd\u0259n ail\u0259sin\u0259 qalan &#8230; <\/p>\n<p class=\"read-more-container\"><a title=\"\u0130kinci d\u0259f\u0259 minaya d\u00fc\u015f\u00fcb h\u0259lak olan \u015f\u0259xsin ail\u0259si \u015f\u0259hidlik statusu t\u0259l\u0259b edir\" class=\"read-more button\" href=\"https:\/\/www.meydan.tv\/az\/article\/ikinci-defe-minaya-dusub-helak-olan-sexsin-ailesi-sehidlik-statusu-teleb-edir\/#more-288386\" aria-label=\"Read more about \u0130kinci d\u0259f\u0259 minaya d\u00fc\u015f\u00fcb h\u0259lak olan \u015f\u0259xsin ail\u0259si \u015f\u0259hidlik statusu t\u0259l\u0259b edir\">Davam\u0131<\/a><\/p>\n","protected":false},"author":12,"featured_media":288388,"comment_status":"closed","ping_status":"closed","sticky":false,"template":"","format":"standard","meta":{"_acf_changed":false,"_sitemap_exclude":false,"_sitemap_priority":"","_sitemap_frequency":"","footnotes":""},"categories":[62,63],"tags":[],"class_list":["post-288386","post","type-post","status-publish","format-standard","has-post-thumbnail","hentry","category-sosial","category-video-2","infinite-scroll-item","generate-columns","tablet-grid-50","mobile-grid-100","grid-parent","grid-33","no-featured-image-padding"],"acf":[],"yoast_head":"<!-- This site is optimized with the Yoast SEO plugin v27.5 - https:\/\/yoast.com\/product\/yoast-seo-wordpress\/ -->\n<title>\u0130kinci d\u0259f\u0259 minaya d\u00fc\u015f\u00fcb h\u0259lak olan \u015f\u0259xsin ail\u0259si \u015f\u0259hidlik statusu t\u0259l\u0259b edir - MEYDAN.TV<\/title>\n<meta name=\"robots\" content=\"index, follow, max-snippet:-1, max-image-preview:large, max-video-preview:-1\" \/>\n<link rel=\"canonical\" href=\"https:\/\/www.meydan.tv\/az\/article\/ikinci-defe-minaya-dusub-helak-olan-sexsin-ailesi-sehidlik-statusu-teleb-edir\/\" \/>\n<meta property=\"og:locale\" content=\"az_AZ\" \/>\n<meta property=\"og:type\" content=\"article\" \/>\n<meta property=\"og:title\" content=\"\u0130kinci d\u0259f\u0259 minaya d\u00fc\u015f\u00fcb h\u0259lak olan \u015f\u0259xsin ail\u0259si \u015f\u0259hidlik statusu t\u0259l\u0259b edir - MEYDAN.TV\" \/>\n<meta property=\"og:description\" content=\"\u0130kinci d\u0259f\u0259 minaya d\u00fc\u015f\u0259r\u0259k h\u0259yat\u0131n\u0131 itir\u0259n Yaquar Had\u0131yevd\u0259n ail\u0259sin\u0259 qalan ... Davam\u0131\" \/>\n<meta property=\"og:url\" content=\"https:\/\/www.meydan.tv\/az\/article\/ikinci-defe-minaya-dusub-helak-olan-sexsin-ailesi-sehidlik-statusu-teleb-edir\/\" \/>\n<meta property=\"og:site_name\" content=\"MEYDAN.TV\" \/>\n<meta property=\"article:published_time\" content=\"2023-10-20T12:22:08+00:00\" \/>\n<meta property=\"article:modified_time\" content=\"2023-10-20T12:22:12+00:00\" \/>\n<meta property=\"og:image\" content=\"https:\/\/www.meydan.tv\/wp-content\/uploads\/reportaj-cover-2-2.png\" \/>\n\t<meta property=\"og:image:width\" content=\"1280\" \/>\n\t<meta property=\"og:image:height\" content=\"720\" \/>\n\t<meta property=\"og:image:type\" content=\"image\/png\" \/>\n<meta name=\"author\" content=\"aleks\" \/>\n<meta name=\"twitter:card\" content=\"summary_large_image\" \/>\n<script type=\"application\/ld+json\" class=\"yoast-schema-graph\">{\"@context\":\"https:\\\/\\\/schema.org\",\"@graph\":[{\"@type\":\"Article\",\"@id\":\"https:\\\/\\\/www.meydan.tv\\\/az\\\/article\\\/ikinci-defe-minaya-dusub-helak-olan-sexsin-ailesi-sehidlik-statusu-teleb-edir\\\/#article\",\"isPartOf\":{\"@id\":\"https:\\\/\\\/www.meydan.tv\\\/az\\\/article\\\/ikinci-defe-minaya-dusub-helak-olan-sexsin-ailesi-sehidlik-statusu-teleb-edir\\\/\"},\"author\":{\"name\":\"aleks\",\"@id\":\"https:\\\/\\\/www.meydan.tv\\\/az\\\/#\\\/schema\\\/person\\\/476e9360e593fa131d5d71d51866f8da\"},\"headline\":\"\u0130kinci d\u0259f\u0259 minaya d\u00fc\u015f\u00fcb h\u0259lak olan \u015f\u0259xsin ail\u0259si \u015f\u0259hidlik statusu t\u0259l\u0259b edir\",\"datePublished\":\"2023-10-20T12:22:08+00:00\",\"dateModified\":\"2023-10-20T12:22:12+00:00\",\"mainEntityOfPage\":{\"@id\":\"https:\\\/\\\/www.meydan.tv\\\/az\\\/article\\\/ikinci-defe-minaya-dusub-helak-olan-sexsin-ailesi-sehidlik-statusu-teleb-edir\\\/\"},\"wordCount\":757,\"publisher\":{\"@id\":\"https:\\\/\\\/www.meydan.tv\\\/az\\\/#organization\"},\"image\":{\"@id\":\"https:\\\/\\\/www.meydan.tv\\\/az\\\/article\\\/ikinci-defe-minaya-dusub-helak-olan-sexsin-ailesi-sehidlik-statusu-teleb-edir\\\/#primaryimage\"},\"thumbnailUrl\":\"https:\\\/\\\/www.meydan.tv\\\/wp-content\\\/uploads\\\/reportaj-cover-2-2.png\",\"articleSection\":[\"Sosial\",\"Video\"],\"inLanguage\":\"az\"},{\"@type\":\"WebPage\",\"@id\":\"https:\\\/\\\/www.meydan.tv\\\/az\\\/article\\\/ikinci-defe-minaya-dusub-helak-olan-sexsin-ailesi-sehidlik-statusu-teleb-edir\\\/\",\"url\":\"https:\\\/\\\/www.meydan.tv\\\/az\\\/article\\\/ikinci-defe-minaya-dusub-helak-olan-sexsin-ailesi-sehidlik-statusu-teleb-edir\\\/\",\"name\":\"\u0130kinci d\u0259f\u0259 minaya d\u00fc\u015f\u00fcb h\u0259lak olan \u015f\u0259xsin ail\u0259si \u015f\u0259hidlik statusu t\u0259l\u0259b edir - MEYDAN.TV\",\"isPartOf\":{\"@id\":\"https:\\\/\\\/www.meydan.tv\\\/az\\\/#website\"},\"primaryImageOfPage\":{\"@id\":\"https:\\\/\\\/www.meydan.tv\\\/az\\\/article\\\/ikinci-defe-minaya-dusub-helak-olan-sexsin-ailesi-sehidlik-statusu-teleb-edir\\\/#primaryimage\"},\"image\":{\"@id\":\"https:\\\/\\\/www.meydan.tv\\\/az\\\/article\\\/ikinci-defe-minaya-dusub-helak-olan-sexsin-ailesi-sehidlik-statusu-teleb-edir\\\/#primaryimage\"},\"thumbnailUrl\":\"https:\\\/\\\/www.meydan.tv\\\/wp-content\\\/uploads\\\/reportaj-cover-2-2.png\",\"datePublished\":\"2023-10-20T12:22:08+00:00\",\"dateModified\":\"2023-10-20T12:22:12+00:00\",\"breadcrumb\":{\"@id\":\"https:\\\/\\\/www.meydan.tv\\\/az\\\/article\\\/ikinci-defe-minaya-dusub-helak-olan-sexsin-ailesi-sehidlik-statusu-teleb-edir\\\/#breadcrumb\"},\"inLanguage\":\"az\",\"potentialAction\":[{\"@type\":\"ReadAction\",\"target\":[\"https:\\\/\\\/www.meydan.tv\\\/az\\\/article\\\/ikinci-defe-minaya-dusub-helak-olan-sexsin-ailesi-sehidlik-statusu-teleb-edir\\\/\"]}]},{\"@type\":\"ImageObject\",\"inLanguage\":\"az\",\"@id\":\"https:\\\/\\\/www.meydan.tv\\\/az\\\/article\\\/ikinci-defe-minaya-dusub-helak-olan-sexsin-ailesi-sehidlik-statusu-teleb-edir\\\/#primaryimage\",\"url\":\"https:\\\/\\\/www.meydan.tv\\\/wp-content\\\/uploads\\\/reportaj-cover-2-2.png\",\"contentUrl\":\"https:\\\/\\\/www.meydan.tv\\\/wp-content\\\/uploads\\\/reportaj-cover-2-2.png\",\"width\":1280,\"height\":720},{\"@type\":\"BreadcrumbList\",\"@id\":\"https:\\\/\\\/www.meydan.tv\\\/az\\\/article\\\/ikinci-defe-minaya-dusub-helak-olan-sexsin-ailesi-sehidlik-statusu-teleb-edir\\\/#breadcrumb\",\"itemListElement\":[{\"@type\":\"ListItem\",\"position\":1,\"name\":\"Ana s\u0259hif\u0259\",\"item\":\"https:\\\/\\\/www.meydan.tv\\\/az\\\/\"},{\"@type\":\"ListItem\",\"position\":2,\"name\":\"Video\",\"item\":\"https:\\\/\\\/www.meydan.tv\\\/az\\\/section\\\/video-2\\\/\"},{\"@type\":\"ListItem\",\"position\":3,\"name\":\"\u0130kinci d\u0259f\u0259 minaya d\u00fc\u015f\u00fcb h\u0259lak olan \u015f\u0259xsin ail\u0259si \u015f\u0259hidlik statusu t\u0259l\u0259b edir\"}]},{\"@type\":\"WebSite\",\"@id\":\"https:\\\/\\\/www.meydan.tv\\\/az\\\/#website\",\"url\":\"https:\\\/\\\/www.meydan.tv\\\/az\\\/\",\"name\":\"MEYDAN.TV\",\"description\":\"Meydan TV Az\u0259rbaycan\u0131n media m\u0259kan\u0131ndak\u0131 alternativ s\u0259sidir\",\"publisher\":{\"@id\":\"https:\\\/\\\/www.meydan.tv\\\/az\\\/#organization\"},\"potentialAction\":[{\"@type\":\"SearchAction\",\"target\":{\"@type\":\"EntryPoint\",\"urlTemplate\":\"https:\\\/\\\/www.meydan.tv\\\/az\\\/?s={search_term_string}\"},\"query-input\":{\"@type\":\"PropertyValueSpecification\",\"valueRequired\":true,\"valueName\":\"search_term_string\"}}],\"inLanguage\":\"az\"},{\"@type\":\"Organization\",\"@id\":\"https:\\\/\\\/www.meydan.tv\\\/az\\\/#organization\",\"name\":\"Meydan TV\",\"url\":\"https:\\\/\\\/www.meydan.tv\\\/az\\\/\",\"logo\":{\"@type\":\"ImageObject\",\"inLanguage\":\"az\",\"@id\":\"https:\\\/\\\/www.meydan.tv\\\/az\\\/#\\\/schema\\\/logo\\\/image\\\/\",\"url\":\"https:\\\/\\\/www.meydan.tv\\\/wp-content\\\/uploads\\\/2021\\\/07\\\/meydan-logo.svg\",\"contentUrl\":\"https:\\\/\\\/www.meydan.tv\\\/wp-content\\\/uploads\\\/2021\\\/07\\\/meydan-logo.svg\",\"width\":195,\"height\":46,\"caption\":\"Meydan TV\"},\"image\":{\"@id\":\"https:\\\/\\\/www.meydan.tv\\\/az\\\/#\\\/schema\\\/logo\\\/image\\\/\"}},{\"@type\":\"Person\",\"@id\":\"https:\\\/\\\/www.meydan.tv\\\/az\\\/#\\\/schema\\\/person\\\/476e9360e593fa131d5d71d51866f8da\",\"name\":\"aleks\"}]}<\/script>\n<!-- \/ Yoast SEO plugin. -->","yoast_head_json":{"title":"\u0130kinci d\u0259f\u0259 minaya d\u00fc\u015f\u00fcb h\u0259lak olan \u015f\u0259xsin ail\u0259si \u015f\u0259hidlik statusu t\u0259l\u0259b edir - MEYDAN.TV","robots":{"index":"index","follow":"follow","max-snippet":"max-snippet:-1","max-image-preview":"max-image-preview:large","max-video-preview":"max-video-preview:-1"},"canonical":"https:\/\/www.meydan.tv\/az\/article\/ikinci-defe-minaya-dusub-helak-olan-sexsin-ailesi-sehidlik-statusu-teleb-edir\/","og_locale":"az_AZ","og_type":"article","og_title":"\u0130kinci d\u0259f\u0259 minaya d\u00fc\u015f\u00fcb h\u0259lak olan \u015f\u0259xsin ail\u0259si \u015f\u0259hidlik statusu t\u0259l\u0259b edir - MEYDAN.TV","og_description":"\u0130kinci d\u0259f\u0259 minaya d\u00fc\u015f\u0259r\u0259k h\u0259yat\u0131n\u0131 itir\u0259n Yaquar Had\u0131yevd\u0259n ail\u0259sin\u0259 qalan ... Davam\u0131","og_url":"https:\/\/www.meydan.tv\/az\/article\/ikinci-defe-minaya-dusub-helak-olan-sexsin-ailesi-sehidlik-statusu-teleb-edir\/","og_site_name":"MEYDAN.TV","article_published_time":"2023-10-20T12:22:08+00:00","article_modified_time":"2023-10-20T12:22:12+00:00","og_image":[{"width":1280,"height":720,"url":"https:\/\/www.meydan.tv\/wp-content\/uploads\/reportaj-cover-2-2.png","type":"image\/png"}],"author":"aleks","twitter_card":"summary_large_image","schema":{"@context":"https:\/\/schema.org","@graph":[{"@type":"Article","@id":"https:\/\/www.meydan.tv\/az\/article\/ikinci-defe-minaya-dusub-helak-olan-sexsin-ailesi-sehidlik-statusu-teleb-edir\/#article","isPartOf":{"@id":"https:\/\/www.meydan.tv\/az\/article\/ikinci-defe-minaya-dusub-helak-olan-sexsin-ailesi-sehidlik-statusu-teleb-edir\/"},"author":{"name":"aleks","@id":"https:\/\/www.meydan.tv\/az\/#\/schema\/person\/476e9360e593fa131d5d71d51866f8da"},"headline":"\u0130kinci d\u0259f\u0259 minaya d\u00fc\u015f\u00fcb h\u0259lak olan \u015f\u0259xsin ail\u0259si \u015f\u0259hidlik statusu t\u0259l\u0259b edir","datePublished":"2023-10-20T12:22:08+00:00","dateModified":"2023-10-20T12:22:12+00:00","mainEntityOfPage":{"@id":"https:\/\/www.meydan.tv\/az\/article\/ikinci-defe-minaya-dusub-helak-olan-sexsin-ailesi-sehidlik-statusu-teleb-edir\/"},"wordCount":757,"publisher":{"@id":"https:\/\/www.meydan.tv\/az\/#organization"},"image":{"@id":"https:\/\/www.meydan.tv\/az\/article\/ikinci-defe-minaya-dusub-helak-olan-sexsin-ailesi-sehidlik-statusu-teleb-edir\/#primaryimage"},"thumbnailUrl":"https:\/\/www.meydan.tv\/wp-content\/uploads\/reportaj-cover-2-2.png","articleSection":["Sosial","Video"],"inLanguage":"az"},{"@type":"WebPage","@id":"https:\/\/www.meydan.tv\/az\/article\/ikinci-defe-minaya-dusub-helak-olan-sexsin-ailesi-sehidlik-statusu-teleb-edir\/","url":"https:\/\/www.meydan.tv\/az\/article\/ikinci-defe-minaya-dusub-helak-olan-sexsin-ailesi-sehidlik-statusu-teleb-edir\/","name":"\u0130kinci d\u0259f\u0259 minaya d\u00fc\u015f\u00fcb h\u0259lak olan \u015f\u0259xsin ail\u0259si \u015f\u0259hidlik statusu t\u0259l\u0259b edir - MEYDAN.TV","isPartOf":{"@id":"https:\/\/www.meydan.tv\/az\/#website"},"primaryImageOfPage":{"@id":"https:\/\/www.meydan.tv\/az\/article\/ikinci-defe-minaya-dusub-helak-olan-sexsin-ailesi-sehidlik-statusu-teleb-edir\/#primaryimage"},"image":{"@id":"https:\/\/www.meydan.tv\/az\/article\/ikinci-defe-minaya-dusub-helak-olan-sexsin-ailesi-sehidlik-statusu-teleb-edir\/#primaryimage"},"thumbnailUrl":"https:\/\/www.meydan.tv\/wp-content\/uploads\/reportaj-cover-2-2.png","datePublished":"2023-10-20T12:22:08+00:00","dateModified":"2023-10-20T12:22:12+00:00","breadcrumb":{"@id":"https:\/\/www.meydan.tv\/az\/article\/ikinci-defe-minaya-dusub-helak-olan-sexsin-ailesi-sehidlik-statusu-teleb-edir\/#breadcrumb"},"inLanguage":"az","potentialAction":[{"@type":"ReadAction","target":["https:\/\/www.meydan.tv\/az\/article\/ikinci-defe-minaya-dusub-helak-olan-sexsin-ailesi-sehidlik-statusu-teleb-edir\/"]}]},{"@type":"ImageObject","inLanguage":"az","@id":"https:\/\/www.meydan.tv\/az\/article\/ikinci-defe-minaya-dusub-helak-olan-sexsin-ailesi-sehidlik-statusu-teleb-edir\/#primaryimage","url":"https:\/\/www.meydan.tv\/wp-content\/uploads\/reportaj-cover-2-2.png","contentUrl":"https:\/\/www.meydan.tv\/wp-content\/uploads\/reportaj-cover-2-2.png","width":1280,"height":720},{"@type":"BreadcrumbList","@id":"https:\/\/www.meydan.tv\/az\/article\/ikinci-defe-minaya-dusub-helak-olan-sexsin-ailesi-sehidlik-statusu-teleb-edir\/#breadcrumb","itemListElement":[{"@type":"ListItem","position":1,"name":"Ana s\u0259hif\u0259","item":"https:\/\/www.meydan.tv\/az\/"},{"@type":"ListItem","position":2,"name":"Video","item":"https:\/\/www.meydan.tv\/az\/section\/video-2\/"},{"@type":"ListItem","position":3,"name":"\u0130kinci d\u0259f\u0259 minaya d\u00fc\u015f\u00fcb h\u0259lak olan \u015f\u0259xsin ail\u0259si \u015f\u0259hidlik statusu t\u0259l\u0259b edir"}]},{"@type":"WebSite","@id":"https:\/\/www.meydan.tv\/az\/#website","url":"https:\/\/www.meydan.tv\/az\/","name":"MEYDAN.TV","description":"Meydan TV Az\u0259rbaycan\u0131n media m\u0259kan\u0131ndak\u0131 alternativ s\u0259sidir","publisher":{"@id":"https:\/\/www.meydan.tv\/az\/#organization"},"potentialAction":[{"@type":"SearchAction","target":{"@type":"EntryPoint","urlTemplate":"https:\/\/www.meydan.tv\/az\/?s={search_term_string}"},"query-input":{"@type":"PropertyValueSpecification","valueRequired":true,"valueName":"search_term_string"}}],"inLanguage":"az"},{"@type":"Organization","@id":"https:\/\/www.meydan.tv\/az\/#organization","name":"Meydan TV","url":"https:\/\/www.meydan.tv\/az\/","logo":{"@type":"ImageObject","inLanguage":"az","@id":"https:\/\/www.meydan.tv\/az\/#\/schema\/logo\/image\/","url":"https:\/\/www.meydan.tv\/wp-content\/uploads\/2021\/07\/meydan-logo.svg","contentUrl":"https:\/\/www.meydan.tv\/wp-content\/uploads\/2021\/07\/meydan-logo.svg","width":195,"height":46,"caption":"Meydan TV"},"image":{"@id":"https:\/\/www.meydan.tv\/az\/#\/schema\/logo\/image\/"}},{"@type":"Person","@id":"https:\/\/www.meydan.tv\/az\/#\/schema\/person\/476e9360e593fa131d5d71d51866f8da","name":"aleks"}]}},"_links":{"self":[{"href":"https:\/\/www.meydan.tv\/az\/wp-json\/wp\/v2\/posts\/288386","targetHints":{"allow":["GET"]}}],"collection":[{"href":"https:\/\/www.meydan.tv\/az\/wp-json\/wp\/v2\/posts"}],"about":[{"href":"https:\/\/www.meydan.tv\/az\/wp-json\/wp\/v2\/types\/post"}],"author":[{"embeddable":true,"href":"https:\/\/www.meydan.tv\/az\/wp-json\/wp\/v2\/users\/12"}],"replies":[{"embeddable":true,"href":"https:\/\/www.meydan.tv\/az\/wp-json\/wp\/v2\/comments?post=288386"}],"version-history":[{"count":3,"href":"https:\/\/www.meydan.tv\/az\/wp-json\/wp\/v2\/posts\/288386\/revisions"}],"predecessor-version":[{"id":288398,"href":"https:\/\/www.meydan.tv\/az\/wp-json\/wp\/v2\/posts\/288386\/revisions\/288398"}],"wp:featuredmedia":[{"embeddable":true,"href":"https:\/\/www.meydan.tv\/az\/wp-json\/wp\/v2\/media\/288388"}],"wp:attachment":[{"href":"https:\/\/www.meydan.tv\/az\/wp-json\/wp\/v2\/media?parent=288386"}],"wp:term":[{"taxonomy":"category","embeddable":true,"href":"https:\/\/www.meydan.tv\/az\/wp-json\/wp\/v2\/categories?post=288386"},{"taxonomy":"post_tag","embeddable":true,"href":"https:\/\/www.meydan.tv\/az\/wp-json\/wp\/v2\/tags?post=288386"}],"curies":[{"name":"wp","href":"https:\/\/api.w.org\/{rel}","templated":true}]}}