{"id":288340,"date":"2023-10-19T22:29:59","date_gmt":"2023-10-19T18:29:59","guid":{"rendered":"https:\/\/www.meydan.tv\/?p=288340"},"modified":"2023-10-19T22:30:03","modified_gmt":"2023-10-19T18:30:03","slug":"azerbaycanli-huquq-mudafiecileri-gurcustanda-teqib-olunduqlarini-deyirler","status":"publish","type":"post","link":"https:\/\/www.meydan.tv\/az\/article\/azerbaycanli-huquq-mudafiecileri-gurcustanda-teqib-olunduqlarini-deyirler\/","title":{"rendered":"Az\u0259rbaycanl\u0131 h\u00fcquq m\u00fcdafi\u0259\u00e7il\u0259ri G\u00fcrc\u00fcstanda t\u0259qib olunduqlar\u0131n\u0131 deyirl\u0259r"},"content":{"rendered":"\n<p><strong><em>Onlar sosial \u015f\u0259b\u0259k\u0259l\u0259rd\u0259n t\u0259hdid mesajlar\u0131 al\u0131blar<\/em><\/strong><\/p>\n\n\n\n<p>H\u00fcquq v\u0259 Azadl\u0131qlar\u0131n M\u00fcdafi\u0259si \u0130nstitutunun r\u0259hb\u0259ri v\u0259 \u0259m\u0259kda\u015flar\u0131 G\u00fcrc\u00fcstanda t\u0259qib\u0259 m\u0259ruz qald\u0131qlar\u0131n\u0131 deyirl\u0259r.<\/p>\n\n\n\n<p>H\u00fcquq m\u00fcdafi\u0259\u00e7il\u0259rinin yayd\u0131\u011f\u0131 m\u00fcraci\u0259td\u0259 <a href=\"https:\/\/iprf-hrd.org\/?p=165\">deyilir<\/a>\u00a0ki, Avtandil M\u0259mm\u0259dov, S\u0259rh\u0259dsiz T\u0259qibl\u0259r v\u0259 Repressiya Qurbanlar\u0131n\u0131n M\u00fcdafi\u0259si Komit\u0259sinin \u0259m\u0259kda\u015f\u0131 Nuran\u0259 A\u015furova, M\u00fcst\u0259qil Reportyorlar Komit\u0259sinin idar\u0259 hey\u0259tinin \u00fczv\u00fc, jurnalist B\u0259hruz \u018fliyev G\u00fcrc\u00fcstanda nam\u0259lum \u015f\u0259xsl\u0259r t\u0259r\u0259find\u0259n t\u0259zyiql\u0259r\u0259 m\u0259ruz qal\u0131b.<\/p>\n\n\n\n<p>Bildirilir ki, Nuran\u0259 A\u015furovan\u0131n h\u0259yat yolda\u015f\u0131 Samir A\u015furov siyasi bax\u0131\u015flar\u0131na g\u00f6r\u0259 t\u0259qibl\u0259r\u0259 m\u0259ruz qald\u0131\u011f\u0131 \u00fc\u00e7\u00fcn 2018-ci ild\u0259 Almaniyaya m\u00fchacir\u0259t edib. Lakin A\u015furovlar ail\u0259si 2022-ci ild\u0259 Almaniyadan Az\u0259rbaycana deportasiya edilib v\u0259 A\u015furovlar deportasiya edildikd\u0259n sonra Samir A\u015furov h\u0259bs edilib.<\/p>\n\n\n\n<p>M\u0259lumatda deyilir ki, Nuran\u0259 A\u015furova ail\u0259sinin v\u0259 dig\u0259r f\u0259allar\u0131n m\u00fcdafi\u0259sini t\u0259\u015fkil etdiyin\u0259 g\u00f6r\u0259 Az\u0259rbaycanda t\u0259qibl\u0259r\u0259 v\u0259 t\u0259hdidl\u0259r\u0259 m\u0259ruz qal\u0131b. O, m\u00fcv\u0259qq\u0259ti olaraq G\u00fcrc\u00fcstana k\u00f6\u00e7\u00fcb. G\u00fcrc\u00fcstana k\u00f6\u00e7d\u00fckd\u0259n bir ne\u00e7\u0259 h\u0259ft\u0259 sonra, oktyabr\u0131n 15-d\u0259 saat 12:30 rad\u0259l\u0259rind\u0259 ya\u015fad\u0131\u011f\u0131 \u0259razid\u0259 nam\u0259lum \u015f\u0259xs t\u0259r\u0259find\u0259n yax\u0131ndan izl\u0259nilib.<\/p>\n\n\n\n<p>Bundan ba\u015fqa, h\u0259min g\u00fcn, oktyabr\u0131n 15-d\u0259, Avtandil M\u0259mm\u0259dov evd\u0259 olmad\u0131\u011f\u0131 vaxtda, gec\u0259 23:10 rad\u0259l\u0259rind\u0259 ail\u0259si il\u0259 ya\u015fad\u0131\u011f\u0131 m\u0259nzilin qap\u0131s\u0131 \u00e7al\u0131n\u0131b, ail\u0259 \u00fczvl\u0259ri v\u0259 azya\u015fl\u0131 u\u015faqlar\u0131 qorxudulub.<\/p>\n\n\n\n<p>Hadis\u0259 ba\u015f ver\u0259n zaman Nuran\u0259 A\u015furova azya\u015fl\u0131 u\u015faqlar\u0131 il\u0259 birlikd\u0259 Avtandil M\u0259mm\u0259dovun evind\u0259 olub. Bundan bir ne\u00e7\u0259 d\u0259qiq\u0259 sonra, saat 23:53 rad\u0259l\u0259rind\u0259 Nuran\u0259 A\u015furovan\u0131n \u201cFacebook\u201d hesab\u0131na saxta profild\u0259n t\u0259hdid mesaj\u0131 g\u0259lib.<\/p>\n\n\n\n<p>\u201c<em>Oktyabr\u0131n 15-d\u0259n 16-na ke\u00e7\u0259n gec\u0259 saat 00:30 rad\u0259l\u0259rind\u0259 Az\u0259rbaycanda m\u0259ruz qald\u0131\u011f\u0131 t\u0259qibl\u0259rd\u0259n yaxa qurtarmaq \u00fc\u00e7\u00fcn G\u00fcrc\u00fcstana g\u0259l\u0259n t\u0259\u015fkilat\u0131n dig\u0259r \u0259m\u0259kda\u015f\u0131, jurnalist B\u0259hruz \u018fliyev \u201cOpel\u201d markal\u0131 avtomobill\u0259 t\u0259qib edilib. Bel\u0259 ki, bu zaman onun \u00fcz\u0259rin\u0259 \u201cOpel\u201d markal\u0131 avtomobil s\u00fcr\u00fcl\u00fcb v\u0259 o, m\u00fcv\u0259qq\u0259ti ya\u015fad\u0131\u011f\u0131 \u00fcnvana qa\u00e7araq hadis\u0259d\u0259n xilas olub\u201d, <\/em>&#8211; m\u0259lumatda deyilir.<\/p>\n\n\n<div class=\"wp-block-image\">\n<figure class=\"aligncenter size-full\"><img decoding=\"async\" width=\"1200\" height=\"800\" data-src=\"https:\/\/www.meydan.tv\/wp-content\/uploads\/untitled-design-1-143.jpg\" alt=\"\" class=\"wp-image-288337 lazyload\" src=\"data:image\/svg+xml;base64,PHN2ZyB3aWR0aD0iMSIgaGVpZ2h0PSIxIiB4bWxucz0iaHR0cDovL3d3dy53My5vcmcvMjAwMC9zdmciPjwvc3ZnPg==\" style=\"--smush-placeholder-width: 1200px; --smush-placeholder-aspect-ratio: 1200\/800;\" \/><figcaption class=\"wp-element-caption\">Foto: &#8220;iprf-hrd&#8221;<\/figcaption><\/figure>\n<\/div>\n\n\n<p>B\u0259hruz \u018fliyev G\u00fcrc\u00fcstanda t\u0259qibl\u0259r\u0259 m\u0259ruz qald\u0131\u011f\u0131 \u00fc\u00e7\u00fcn oktyabr\u0131n 17-d\u0259 G\u00fcrc\u00fcstan\u0131 t\u0259rk etm\u0259li olub.<\/p>\n\n\n\n<p>Bundan sonra oktyabr\u0131n 16-da saat 03:00 rad\u0259l\u0259rind\u0259 H\u00fcquq v\u0259 Azadl\u0131qlar\u0131n M\u00fcdafi\u0259 \u0130nstitutunun r\u0259hb\u0259ri, h\u00fcquq m\u00fcdafi\u0259\u00e7isi Avtandil M\u0259mm\u0259dova da \u201cFacebook\u201d \u00fcz\u0259rind\u0259n t\u0259hdid mesaj\u0131 g\u0259lib.<\/p>\n\n\n\n<p>Avtandil M\u0259mm\u0259dov deyir ki, \u0259vv\u0259ll\u0259r d\u0259 h\u0259min saxta profild\u0259n t\u0259hdid mesajlar\u0131 al\u0131b.<\/p>\n\n\n\n<p>\u201c<em>Oktyabr\u0131n 17-d\u0259 s\u0259h\u0259r saat 08:30 rad\u0259l\u0259rind\u0259 Avtandil M\u0259mm\u0259dovun h\u0259yat yolda\u015f\u0131 u\u015faqlar\u0131 m\u0259kt\u0259b\u0259 aparark\u0259n onu avtomobill\u0259 nam\u0259lum \u015f\u0259xsl\u0259r t\u0259qib edib.T\u0259qib ed\u0259n ed\u0259n \u015f\u0259xs, Avtandil M\u0259mm\u0259dovun h\u0259yat yolda\u015f\u0131 v\u0259 u\u015faqlar\u0131n\u0131, ya\u015fad\u0131\u011f\u0131 \u0259razid\u0259n m\u0259kt\u0259b\u0259 q\u0259d\u0259r t\u0259qib edib\u201d, &#8211;<\/em> m\u0259lumatda vur\u011fulan\u0131r.<\/p>\n\n\n\n<p>Avtandil M\u0259mm\u0259dov Az\u0259rbaycanda da bir ne\u00e7\u0259 QHT-d\u0259 t\u0259msil olunub. O, 2017-ci ild\u0259 t\u0259qibl\u0259r\u0259 m\u0259ruz qald\u0131\u011f\u0131 \u00fc\u00e7\u00fcn G\u00fcrc\u00fcstana m\u00fchacir\u0259t edib.<\/p>\n\n\n\n<p>Bildirilir ki, 2018-2019-cu ill\u0259rd\u0259 G\u00fcrc\u00fcstanda nam\u0259lum \u015f\u0259xsl\u0259r t\u0259r\u0259find\u0259n t\u0259qibl\u0259r\u0259 m\u0259ruz qal\u0131b. 2019-cu ild\u0259 Az\u0259rbaycan\u0131n t\u0259l\u0259bi il\u0259 G\u00fcrc\u00fcstanda saxlan\u0131l\u0131b v\u0259 onun Az\u0259rbaycana ekstradisiyas\u0131na c\u0259hd edilib.<\/p>\n\n\n\n<p>Avtandil M\u0259mm\u0259dov 2018-ci ild\u0259 yaranm\u0131\u015f H\u00fcquq v\u0259 Azadl\u0131qlar\u0131n M\u00fcdafi\u0259si \u0130nstitutunun t\u0259sis\u00e7isi v\u0259 r\u0259hb\u0259ridir.<\/p>\n\n\n\n<p>H\u00fcquq v\u0259 Azadl\u0131qlar\u0131n M\u00fcdafi\u0259si \u0130nstitutunun n\u0259zdind\u0259 S\u0259rh\u0259dsiz T\u0259qibl\u0259r v\u0259 Repressiya Qurbanlar\u0131n\u0131n M\u00fcdafi\u0259si Komit\u0259si v\u0259 M\u00fcst\u0259qil Reportyorlar Komit\u0259si f\u0259aliyy\u0259t g\u00f6st\u0259rir. Nuran\u0259 A\u015furova komit\u0259nin koordinatoru, B\u0259hruz \u018fliyev is\u0259 institutun media \u00fczr\u0259 koordinatorudur.<\/p>\n\n\n\n<p>Bu, ictimai-siyasi f\u0259allar\u0131n G\u00fcrc\u00fcstanda ilk t\u0259qibi deyil. 2017-ci ild\u0259 AXCP s\u0259drinin m\u00fcavini G\u00f6z\u0259l Bayramova G\u00fcrc\u00fcstana qay\u0131dark\u0259n Az\u0259rbaycan s\u0259rh\u0259dind\u0259 h\u0259bs edilmi\u015fdi.<\/p>\n\n\n\n<p>El\u0259 h\u0259min il may\u0131n 29-da Tbilisid\u0259 m\u00fcv\u0259qq\u0259ti ya\u015fayan jurnalist \u018ffqan Muxtarl\u0131 \u201cyoxa \u00e7\u0131x\u0131b\u201c, s\u0259h\u0259risi g\u00fcn Az\u0259rbaycanda h\u0259bs edilib. Jurnalistin evin\u0259 ged\u0259rk\u0259n o\u011furland\u0131\u011f\u0131, ba\u015f\u0131na torba ke\u00e7iril\u0259r\u0259k Bak\u0131ya g\u0259tirildiyi m\u0259lum olub.<\/p>\n\n\n\n<p>2018-ci ild\u0259 siyasi f\u0259al Mehman Q\u0259l\u0259nd\u0259rov G\u00fcrc\u00fcstandan Az\u0259rbaycana qay\u0131td\u0131qdan sonra h\u0259bs edilib v\u0259 h\u0259bsxanada h\u0259yat\u0131n\u0131 itirib.<\/p>\n\n\n\n<p>2021-ci ild\u0259 Az\u0259rbaycanda i\u015fg\u0259nc\u0259l\u0259r\u0259 m\u0259ruz qald\u0131\u011f\u0131 bildiril\u0259n bloger H\u00fcseyn Bak\u0131xanov G\u00fcrc\u00fcstana m\u00fchacir\u0259t ed\u0259nd\u0259 onun \u00f6l\u00fcm\u00fc il\u0259 n\u0259tic\u0259l\u0259n\u0259n insident ba\u015f verib.<br>Siyasi f\u0259al, bloger R\u0259\u015fad Ramazanov 2022-ci ild\u0259 G\u00fcrc\u00fcstana qay\u0131td\u0131qdan sonra Az\u0259rbaycanda h\u0259bs edilib.<\/p>\n","protected":false},"excerpt":{"rendered":"<p>Onlar sosial \u015f\u0259b\u0259k\u0259l\u0259rd\u0259n t\u0259hdid mesajlar\u0131 al\u0131blar H\u00fcquq v\u0259 Azadl\u0131qlar\u0131n M\u00fcdafi\u0259si &#8230; <\/p>\n<p class=\"read-more-container\"><a title=\"Az\u0259rbaycanl\u0131 h\u00fcquq m\u00fcdafi\u0259\u00e7il\u0259ri G\u00fcrc\u00fcstanda t\u0259qib olunduqlar\u0131n\u0131 deyirl\u0259r\" class=\"read-more button\" href=\"https:\/\/www.meydan.tv\/az\/article\/azerbaycanli-huquq-mudafiecileri-gurcustanda-teqib-olunduqlarini-deyirler\/#more-288340\" aria-label=\"Read more about Az\u0259rbaycanl\u0131 h\u00fcquq m\u00fcdafi\u0259\u00e7il\u0259ri G\u00fcrc\u00fcstanda t\u0259qib olunduqlar\u0131n\u0131 deyirl\u0259r\">Davam\u0131<\/a><\/p>\n","protected":false},"author":8,"featured_media":288341,"comment_status":"closed","ping_status":"closed","sticky":false,"template":"","format":"standard","meta":{"_acf_changed":false,"_sitemap_exclude":false,"_sitemap_priority":"","_sitemap_frequency":"","footnotes":""},"categories":[59,56],"tags":[],"class_list":["post-288340","post","type-post","status-publish","format-standard","has-post-thumbnail","hentry","category-siyaset","category-xeberler","infinite-scroll-item","generate-columns","tablet-grid-50","mobile-grid-100","grid-parent","grid-33","no-featured-image-padding"],"acf":[],"yoast_head":"<!-- This site is optimized with the Yoast SEO plugin v27.4 - https:\/\/yoast.com\/product\/yoast-seo-wordpress\/ -->\n<title>Az\u0259rbaycanl\u0131 h\u00fcquq m\u00fcdafi\u0259\u00e7il\u0259ri G\u00fcrc\u00fcstanda t\u0259qib olunduqlar\u0131n\u0131 deyirl\u0259r - MEYDAN.TV<\/title>\n<meta name=\"robots\" content=\"index, follow, max-snippet:-1, max-image-preview:large, max-video-preview:-1\" \/>\n<link rel=\"canonical\" href=\"https:\/\/www.meydan.tv\/az\/article\/azerbaycanli-huquq-mudafiecileri-gurcustanda-teqib-olunduqlarini-deyirler\/\" \/>\n<meta property=\"og:locale\" content=\"az_AZ\" \/>\n<meta property=\"og:type\" content=\"article\" \/>\n<meta property=\"og:title\" content=\"Az\u0259rbaycanl\u0131 h\u00fcquq m\u00fcdafi\u0259\u00e7il\u0259ri G\u00fcrc\u00fcstanda t\u0259qib olunduqlar\u0131n\u0131 deyirl\u0259r - MEYDAN.TV\" \/>\n<meta property=\"og:description\" content=\"Onlar sosial \u015f\u0259b\u0259k\u0259l\u0259rd\u0259n t\u0259hdid mesajlar\u0131 al\u0131blar H\u00fcquq v\u0259 Azadl\u0131qlar\u0131n M\u00fcdafi\u0259si ... Davam\u0131\" \/>\n<meta property=\"og:url\" content=\"https:\/\/www.meydan.tv\/az\/article\/azerbaycanli-huquq-mudafiecileri-gurcustanda-teqib-olunduqlarini-deyirler\/\" \/>\n<meta property=\"og:site_name\" content=\"MEYDAN.TV\" \/>\n<meta property=\"article:published_time\" content=\"2023-10-19T18:29:59+00:00\" \/>\n<meta property=\"article:modified_time\" content=\"2023-10-19T18:30:03+00:00\" \/>\n<meta property=\"og:image\" content=\"https:\/\/www.meydan.tv\/wp-content\/uploads\/shutterstock_2257726179-scaled-e1697740188203.jpg\" \/>\n\t<meta property=\"og:image:width\" content=\"2560\" \/>\n\t<meta property=\"og:image:height\" content=\"1309\" \/>\n\t<meta property=\"og:image:type\" content=\"image\/jpeg\" \/>\n<meta name=\"author\" content=\"elli\" \/>\n<meta name=\"twitter:card\" content=\"summary_large_image\" \/>\n<meta name=\"twitter:creator\" content=\"@elli\" \/>\n<script type=\"application\/ld+json\" class=\"yoast-schema-graph\">{\"@context\":\"https:\\\/\\\/schema.org\",\"@graph\":[{\"@type\":\"Article\",\"@id\":\"https:\\\/\\\/www.meydan.tv\\\/az\\\/article\\\/azerbaycanli-huquq-mudafiecileri-gurcustanda-teqib-olunduqlarini-deyirler\\\/#article\",\"isPartOf\":{\"@id\":\"https:\\\/\\\/www.meydan.tv\\\/az\\\/article\\\/azerbaycanli-huquq-mudafiecileri-gurcustanda-teqib-olunduqlarini-deyirler\\\/\"},\"author\":{\"name\":\"elli\",\"@id\":\"https:\\\/\\\/www.meydan.tv\\\/az\\\/#\\\/schema\\\/person\\\/9cdbecf90d17180ce1dfbd95b08dcf47\"},\"headline\":\"Az\u0259rbaycanl\u0131 h\u00fcquq m\u00fcdafi\u0259\u00e7il\u0259ri G\u00fcrc\u00fcstanda t\u0259qib olunduqlar\u0131n\u0131 deyirl\u0259r\",\"datePublished\":\"2023-10-19T18:29:59+00:00\",\"dateModified\":\"2023-10-19T18:30:03+00:00\",\"mainEntityOfPage\":{\"@id\":\"https:\\\/\\\/www.meydan.tv\\\/az\\\/article\\\/azerbaycanli-huquq-mudafiecileri-gurcustanda-teqib-olunduqlarini-deyirler\\\/\"},\"wordCount\":923,\"publisher\":{\"@id\":\"https:\\\/\\\/www.meydan.tv\\\/az\\\/#organization\"},\"image\":{\"@id\":\"https:\\\/\\\/www.meydan.tv\\\/az\\\/article\\\/azerbaycanli-huquq-mudafiecileri-gurcustanda-teqib-olunduqlarini-deyirler\\\/#primaryimage\"},\"thumbnailUrl\":\"https:\\\/\\\/www.meydan.tv\\\/wp-content\\\/uploads\\\/shutterstock_2257726179-scaled-e1697740188203.jpg\",\"articleSection\":[\"Siyas\u0259t\",\"X\u0259b\u0259rl\u0259r\"],\"inLanguage\":\"az\"},{\"@type\":\"WebPage\",\"@id\":\"https:\\\/\\\/www.meydan.tv\\\/az\\\/article\\\/azerbaycanli-huquq-mudafiecileri-gurcustanda-teqib-olunduqlarini-deyirler\\\/\",\"url\":\"https:\\\/\\\/www.meydan.tv\\\/az\\\/article\\\/azerbaycanli-huquq-mudafiecileri-gurcustanda-teqib-olunduqlarini-deyirler\\\/\",\"name\":\"Az\u0259rbaycanl\u0131 h\u00fcquq m\u00fcdafi\u0259\u00e7il\u0259ri G\u00fcrc\u00fcstanda t\u0259qib olunduqlar\u0131n\u0131 deyirl\u0259r - MEYDAN.TV\",\"isPartOf\":{\"@id\":\"https:\\\/\\\/www.meydan.tv\\\/az\\\/#website\"},\"primaryImageOfPage\":{\"@id\":\"https:\\\/\\\/www.meydan.tv\\\/az\\\/article\\\/azerbaycanli-huquq-mudafiecileri-gurcustanda-teqib-olunduqlarini-deyirler\\\/#primaryimage\"},\"image\":{\"@id\":\"https:\\\/\\\/www.meydan.tv\\\/az\\\/article\\\/azerbaycanli-huquq-mudafiecileri-gurcustanda-teqib-olunduqlarini-deyirler\\\/#primaryimage\"},\"thumbnailUrl\":\"https:\\\/\\\/www.meydan.tv\\\/wp-content\\\/uploads\\\/shutterstock_2257726179-scaled-e1697740188203.jpg\",\"datePublished\":\"2023-10-19T18:29:59+00:00\",\"dateModified\":\"2023-10-19T18:30:03+00:00\",\"breadcrumb\":{\"@id\":\"https:\\\/\\\/www.meydan.tv\\\/az\\\/article\\\/azerbaycanli-huquq-mudafiecileri-gurcustanda-teqib-olunduqlarini-deyirler\\\/#breadcrumb\"},\"inLanguage\":\"az\",\"potentialAction\":[{\"@type\":\"ReadAction\",\"target\":[\"https:\\\/\\\/www.meydan.tv\\\/az\\\/article\\\/azerbaycanli-huquq-mudafiecileri-gurcustanda-teqib-olunduqlarini-deyirler\\\/\"]}]},{\"@type\":\"ImageObject\",\"inLanguage\":\"az\",\"@id\":\"https:\\\/\\\/www.meydan.tv\\\/az\\\/article\\\/azerbaycanli-huquq-mudafiecileri-gurcustanda-teqib-olunduqlarini-deyirler\\\/#primaryimage\",\"url\":\"https:\\\/\\\/www.meydan.tv\\\/wp-content\\\/uploads\\\/shutterstock_2257726179-scaled-e1697740188203.jpg\",\"contentUrl\":\"https:\\\/\\\/www.meydan.tv\\\/wp-content\\\/uploads\\\/shutterstock_2257726179-scaled-e1697740188203.jpg\",\"width\":2560,\"height\":1309,\"caption\":\"G\u00fcrc\u00fcstan, Tbilisi. Foto: Efired\\\/shutterstock\"},{\"@type\":\"BreadcrumbList\",\"@id\":\"https:\\\/\\\/www.meydan.tv\\\/az\\\/article\\\/azerbaycanli-huquq-mudafiecileri-gurcustanda-teqib-olunduqlarini-deyirler\\\/#breadcrumb\",\"itemListElement\":[{\"@type\":\"ListItem\",\"position\":1,\"name\":\"Ana s\u0259hif\u0259\",\"item\":\"https:\\\/\\\/www.meydan.tv\\\/az\\\/\"},{\"@type\":\"ListItem\",\"position\":2,\"name\":\"Siyas\u0259t\",\"item\":\"https:\\\/\\\/www.meydan.tv\\\/az\\\/section\\\/siyaset\\\/\"},{\"@type\":\"ListItem\",\"position\":3,\"name\":\"Az\u0259rbaycanl\u0131 h\u00fcquq m\u00fcdafi\u0259\u00e7il\u0259ri G\u00fcrc\u00fcstanda t\u0259qib olunduqlar\u0131n\u0131 deyirl\u0259r\"}]},{\"@type\":\"WebSite\",\"@id\":\"https:\\\/\\\/www.meydan.tv\\\/az\\\/#website\",\"url\":\"https:\\\/\\\/www.meydan.tv\\\/az\\\/\",\"name\":\"MEYDAN.TV\",\"description\":\"Meydan TV Az\u0259rbaycan\u0131n media m\u0259kan\u0131ndak\u0131 alternativ s\u0259sidir\",\"publisher\":{\"@id\":\"https:\\\/\\\/www.meydan.tv\\\/az\\\/#organization\"},\"potentialAction\":[{\"@type\":\"SearchAction\",\"target\":{\"@type\":\"EntryPoint\",\"urlTemplate\":\"https:\\\/\\\/www.meydan.tv\\\/az\\\/?s={search_term_string}\"},\"query-input\":{\"@type\":\"PropertyValueSpecification\",\"valueRequired\":true,\"valueName\":\"search_term_string\"}}],\"inLanguage\":\"az\"},{\"@type\":\"Organization\",\"@id\":\"https:\\\/\\\/www.meydan.tv\\\/az\\\/#organization\",\"name\":\"Meydan TV\",\"url\":\"https:\\\/\\\/www.meydan.tv\\\/az\\\/\",\"logo\":{\"@type\":\"ImageObject\",\"inLanguage\":\"az\",\"@id\":\"https:\\\/\\\/www.meydan.tv\\\/az\\\/#\\\/schema\\\/logo\\\/image\\\/\",\"url\":\"https:\\\/\\\/www.meydan.tv\\\/wp-content\\\/uploads\\\/2021\\\/07\\\/meydan-logo.svg\",\"contentUrl\":\"https:\\\/\\\/www.meydan.tv\\\/wp-content\\\/uploads\\\/2021\\\/07\\\/meydan-logo.svg\",\"width\":195,\"height\":46,\"caption\":\"Meydan TV\"},\"image\":{\"@id\":\"https:\\\/\\\/www.meydan.tv\\\/az\\\/#\\\/schema\\\/logo\\\/image\\\/\"}},{\"@type\":\"Person\",\"@id\":\"https:\\\/\\\/www.meydan.tv\\\/az\\\/#\\\/schema\\\/person\\\/9cdbecf90d17180ce1dfbd95b08dcf47\",\"name\":\"elli\",\"sameAs\":[\"https:\\\/\\\/x.com\\\/elli\"]}]}<\/script>\n<!-- \/ Yoast SEO plugin. -->","yoast_head_json":{"title":"Az\u0259rbaycanl\u0131 h\u00fcquq m\u00fcdafi\u0259\u00e7il\u0259ri G\u00fcrc\u00fcstanda t\u0259qib olunduqlar\u0131n\u0131 deyirl\u0259r - MEYDAN.TV","robots":{"index":"index","follow":"follow","max-snippet":"max-snippet:-1","max-image-preview":"max-image-preview:large","max-video-preview":"max-video-preview:-1"},"canonical":"https:\/\/www.meydan.tv\/az\/article\/azerbaycanli-huquq-mudafiecileri-gurcustanda-teqib-olunduqlarini-deyirler\/","og_locale":"az_AZ","og_type":"article","og_title":"Az\u0259rbaycanl\u0131 h\u00fcquq m\u00fcdafi\u0259\u00e7il\u0259ri G\u00fcrc\u00fcstanda t\u0259qib olunduqlar\u0131n\u0131 deyirl\u0259r - MEYDAN.TV","og_description":"Onlar sosial \u015f\u0259b\u0259k\u0259l\u0259rd\u0259n t\u0259hdid mesajlar\u0131 al\u0131blar H\u00fcquq v\u0259 Azadl\u0131qlar\u0131n M\u00fcdafi\u0259si ... Davam\u0131","og_url":"https:\/\/www.meydan.tv\/az\/article\/azerbaycanli-huquq-mudafiecileri-gurcustanda-teqib-olunduqlarini-deyirler\/","og_site_name":"MEYDAN.TV","article_published_time":"2023-10-19T18:29:59+00:00","article_modified_time":"2023-10-19T18:30:03+00:00","og_image":[{"width":2560,"height":1309,"url":"https:\/\/www.meydan.tv\/wp-content\/uploads\/shutterstock_2257726179-scaled-e1697740188203.jpg","type":"image\/jpeg"}],"author":"elli","twitter_card":"summary_large_image","twitter_creator":"@elli","schema":{"@context":"https:\/\/schema.org","@graph":[{"@type":"Article","@id":"https:\/\/www.meydan.tv\/az\/article\/azerbaycanli-huquq-mudafiecileri-gurcustanda-teqib-olunduqlarini-deyirler\/#article","isPartOf":{"@id":"https:\/\/www.meydan.tv\/az\/article\/azerbaycanli-huquq-mudafiecileri-gurcustanda-teqib-olunduqlarini-deyirler\/"},"author":{"name":"elli","@id":"https:\/\/www.meydan.tv\/az\/#\/schema\/person\/9cdbecf90d17180ce1dfbd95b08dcf47"},"headline":"Az\u0259rbaycanl\u0131 h\u00fcquq m\u00fcdafi\u0259\u00e7il\u0259ri G\u00fcrc\u00fcstanda t\u0259qib olunduqlar\u0131n\u0131 deyirl\u0259r","datePublished":"2023-10-19T18:29:59+00:00","dateModified":"2023-10-19T18:30:03+00:00","mainEntityOfPage":{"@id":"https:\/\/www.meydan.tv\/az\/article\/azerbaycanli-huquq-mudafiecileri-gurcustanda-teqib-olunduqlarini-deyirler\/"},"wordCount":923,"publisher":{"@id":"https:\/\/www.meydan.tv\/az\/#organization"},"image":{"@id":"https:\/\/www.meydan.tv\/az\/article\/azerbaycanli-huquq-mudafiecileri-gurcustanda-teqib-olunduqlarini-deyirler\/#primaryimage"},"thumbnailUrl":"https:\/\/www.meydan.tv\/wp-content\/uploads\/shutterstock_2257726179-scaled-e1697740188203.jpg","articleSection":["Siyas\u0259t","X\u0259b\u0259rl\u0259r"],"inLanguage":"az"},{"@type":"WebPage","@id":"https:\/\/www.meydan.tv\/az\/article\/azerbaycanli-huquq-mudafiecileri-gurcustanda-teqib-olunduqlarini-deyirler\/","url":"https:\/\/www.meydan.tv\/az\/article\/azerbaycanli-huquq-mudafiecileri-gurcustanda-teqib-olunduqlarini-deyirler\/","name":"Az\u0259rbaycanl\u0131 h\u00fcquq m\u00fcdafi\u0259\u00e7il\u0259ri G\u00fcrc\u00fcstanda t\u0259qib olunduqlar\u0131n\u0131 deyirl\u0259r - MEYDAN.TV","isPartOf":{"@id":"https:\/\/www.meydan.tv\/az\/#website"},"primaryImageOfPage":{"@id":"https:\/\/www.meydan.tv\/az\/article\/azerbaycanli-huquq-mudafiecileri-gurcustanda-teqib-olunduqlarini-deyirler\/#primaryimage"},"image":{"@id":"https:\/\/www.meydan.tv\/az\/article\/azerbaycanli-huquq-mudafiecileri-gurcustanda-teqib-olunduqlarini-deyirler\/#primaryimage"},"thumbnailUrl":"https:\/\/www.meydan.tv\/wp-content\/uploads\/shutterstock_2257726179-scaled-e1697740188203.jpg","datePublished":"2023-10-19T18:29:59+00:00","dateModified":"2023-10-19T18:30:03+00:00","breadcrumb":{"@id":"https:\/\/www.meydan.tv\/az\/article\/azerbaycanli-huquq-mudafiecileri-gurcustanda-teqib-olunduqlarini-deyirler\/#breadcrumb"},"inLanguage":"az","potentialAction":[{"@type":"ReadAction","target":["https:\/\/www.meydan.tv\/az\/article\/azerbaycanli-huquq-mudafiecileri-gurcustanda-teqib-olunduqlarini-deyirler\/"]}]},{"@type":"ImageObject","inLanguage":"az","@id":"https:\/\/www.meydan.tv\/az\/article\/azerbaycanli-huquq-mudafiecileri-gurcustanda-teqib-olunduqlarini-deyirler\/#primaryimage","url":"https:\/\/www.meydan.tv\/wp-content\/uploads\/shutterstock_2257726179-scaled-e1697740188203.jpg","contentUrl":"https:\/\/www.meydan.tv\/wp-content\/uploads\/shutterstock_2257726179-scaled-e1697740188203.jpg","width":2560,"height":1309,"caption":"G\u00fcrc\u00fcstan, Tbilisi. Foto: Efired\/shutterstock"},{"@type":"BreadcrumbList","@id":"https:\/\/www.meydan.tv\/az\/article\/azerbaycanli-huquq-mudafiecileri-gurcustanda-teqib-olunduqlarini-deyirler\/#breadcrumb","itemListElement":[{"@type":"ListItem","position":1,"name":"Ana s\u0259hif\u0259","item":"https:\/\/www.meydan.tv\/az\/"},{"@type":"ListItem","position":2,"name":"Siyas\u0259t","item":"https:\/\/www.meydan.tv\/az\/section\/siyaset\/"},{"@type":"ListItem","position":3,"name":"Az\u0259rbaycanl\u0131 h\u00fcquq m\u00fcdafi\u0259\u00e7il\u0259ri G\u00fcrc\u00fcstanda t\u0259qib olunduqlar\u0131n\u0131 deyirl\u0259r"}]},{"@type":"WebSite","@id":"https:\/\/www.meydan.tv\/az\/#website","url":"https:\/\/www.meydan.tv\/az\/","name":"MEYDAN.TV","description":"Meydan TV Az\u0259rbaycan\u0131n media m\u0259kan\u0131ndak\u0131 alternativ s\u0259sidir","publisher":{"@id":"https:\/\/www.meydan.tv\/az\/#organization"},"potentialAction":[{"@type":"SearchAction","target":{"@type":"EntryPoint","urlTemplate":"https:\/\/www.meydan.tv\/az\/?s={search_term_string}"},"query-input":{"@type":"PropertyValueSpecification","valueRequired":true,"valueName":"search_term_string"}}],"inLanguage":"az"},{"@type":"Organization","@id":"https:\/\/www.meydan.tv\/az\/#organization","name":"Meydan TV","url":"https:\/\/www.meydan.tv\/az\/","logo":{"@type":"ImageObject","inLanguage":"az","@id":"https:\/\/www.meydan.tv\/az\/#\/schema\/logo\/image\/","url":"https:\/\/www.meydan.tv\/wp-content\/uploads\/2021\/07\/meydan-logo.svg","contentUrl":"https:\/\/www.meydan.tv\/wp-content\/uploads\/2021\/07\/meydan-logo.svg","width":195,"height":46,"caption":"Meydan TV"},"image":{"@id":"https:\/\/www.meydan.tv\/az\/#\/schema\/logo\/image\/"}},{"@type":"Person","@id":"https:\/\/www.meydan.tv\/az\/#\/schema\/person\/9cdbecf90d17180ce1dfbd95b08dcf47","name":"elli","sameAs":["https:\/\/x.com\/elli"]}]}},"_links":{"self":[{"href":"https:\/\/www.meydan.tv\/az\/wp-json\/wp\/v2\/posts\/288340","targetHints":{"allow":["GET"]}}],"collection":[{"href":"https:\/\/www.meydan.tv\/az\/wp-json\/wp\/v2\/posts"}],"about":[{"href":"https:\/\/www.meydan.tv\/az\/wp-json\/wp\/v2\/types\/post"}],"author":[{"embeddable":true,"href":"https:\/\/www.meydan.tv\/az\/wp-json\/wp\/v2\/users\/8"}],"replies":[{"embeddable":true,"href":"https:\/\/www.meydan.tv\/az\/wp-json\/wp\/v2\/comments?post=288340"}],"version-history":[{"count":1,"href":"https:\/\/www.meydan.tv\/az\/wp-json\/wp\/v2\/posts\/288340\/revisions"}],"predecessor-version":[{"id":288344,"href":"https:\/\/www.meydan.tv\/az\/wp-json\/wp\/v2\/posts\/288340\/revisions\/288344"}],"wp:featuredmedia":[{"embeddable":true,"href":"https:\/\/www.meydan.tv\/az\/wp-json\/wp\/v2\/media\/288341"}],"wp:attachment":[{"href":"https:\/\/www.meydan.tv\/az\/wp-json\/wp\/v2\/media?parent=288340"}],"wp:term":[{"taxonomy":"category","embeddable":true,"href":"https:\/\/www.meydan.tv\/az\/wp-json\/wp\/v2\/categories?post=288340"},{"taxonomy":"post_tag","embeddable":true,"href":"https:\/\/www.meydan.tv\/az\/wp-json\/wp\/v2\/tags?post=288340"}],"curies":[{"name":"wp","href":"https:\/\/api.w.org\/{rel}","templated":true}]}}