{"id":288298,"date":"2023-10-19T18:06:11","date_gmt":"2023-10-19T14:06:11","guid":{"rendered":"https:\/\/www.meydan.tv\/?p=288298"},"modified":"2023-10-19T18:06:13","modified_gmt":"2023-10-19T14:06:13","slug":"modelyerin-atasinin-qetlinde-ittiham-olunanlar-deputatin-qohumlaridir","status":"publish","type":"post","link":"https:\/\/www.meydan.tv\/az\/article\/modelyerin-atasinin-qetlinde-ittiham-olunanlar-deputatin-qohumlaridir\/","title":{"rendered":"Modelyerin atas\u0131n\u0131n q\u0259tlind\u0259 ittiham olunanlar deputat\u0131n qohumlar\u0131d\u0131r?"},"content":{"rendered":"\n<p><\/p>\n\n\n\n<p><strong><em>T\u0259qsirl\u0259ndiril\u0259n \u015f\u0259xsl\u0259rd\u0259n biri m\u00fcst\u0259ntiq, ikincisi is\u0259 bankda \u015f\u00f6b\u0259 m\u00fcdiri olub<\/em><\/strong><\/p>\n\n\n\n<p>R\u0259ssam-modelyer Elnar\u0259 B\u0259kirovan\u0131n atas\u0131, i\u015f adam\u0131 Kamran B\u0259kirovu q\u0259tl\u0259 yetirib, meyidi is\u0259 quyuya atmaqda ittiham olunan iki n\u0259f\u0259r \u2013 Mustafa Zeynalov v\u0259 Namiq \u018fliyevin m\u0259hk\u0259m\u0259si ba\u015flay\u0131b. Onlar\u0131n i\u015fin\u0259 Bak\u0131 A\u011f\u0131r Cinay\u0259tl\u0259r M\u0259hk\u0259m\u0259sind\u0259 hakim Mahir\u0259 K\u0259rimovan\u0131n s\u0259drliyil\u0259 bax\u0131l\u0131r.<\/p>\n\n\n\n<p>Oktyabr\u0131n 19-da m\u0259hk\u0259m\u0259nin haz\u0131rl\u0131q iclas\u0131nda m\u0259lum olub ki, t\u0259qsirl\u0259ndiril\u0259n \u015f\u0259xsl\u0259rin h\u0259r ikisi ali t\u0259hsilli, eyni zamanda, qohumdurlar.<\/p>\n\n\n\n<p>1955-ci il t\u0259v\u0259ll\u00fcdl\u00fc Mustafa Zeynalov h\u00fcquq\u015f\u00fcnasd\u0131r, vaxtil\u0259 m\u00fcst\u0259ntiq i\u015fl\u0259yib. Polis orqanlar\u0131nda \u00e7al\u0131\u015fm\u0131\u015f Mustafa Zeynalov sonradan r\u00fc\u015fv\u0259t ittiham\u0131yla cinay\u0259t m\u0259suliyy\u0259tin\u0259 c\u0259lb olunub. O, \u201cKontakt Home\u201d ma\u011fazalar \u015f\u0259b\u0259k\u0259sind\u0259 h\u00fcquq \u015f\u00f6b\u0259sinin m\u00fcdiri v\u0259zif\u0259sind\u0259 d\u0259 \u00e7al\u0131\u015f\u0131b.<\/p>\n\n\n\n<p>1984-c\u00fc il t\u0259v\u0259ll\u00fcdl\u00fc Namiq \u018fliyev is\u0259 bankda \u015f\u00f6b\u0259 m\u00fcdiri, ard\u0131nca mobil operatorlardan birind\u0259 i\u015fl\u0259yib, d\u0259f\u0259l\u0259rl\u0259 m\u00fcxt\u0259lif d\u00f6vl\u0259t qurumlar\u0131na f\u0259rdi layih\u0259l\u0259r verib.<\/p>\n\n\n\n<p>M\u0259hk\u0259m\u0259d\u0259 z\u0259r\u0259r\u00e7\u0259kmi\u015fin h\u00fcquqi varisi qismind\u0259 Elnar\u0259 B\u0259kirova i\u015ftirak edib. O, t\u0259qsirl\u0259ndiril\u0259n \u015f\u0259xsl\u0259r\u0259 a\u011f\u0131r c\u0259za t\u0259l\u0259b edib.<\/p>\n\n\n\n<p>T\u0259qsirl\u0259ndiril\u0259n \u015f\u0259xsl\u0259r\u0259 d\u00f6vl\u0259t hesab\u0131na v\u0259kil t\u0259yin olunsa da, onlar imtina edibl\u0259r. Mustafa Zeynalov deyib ki, onun \u00f6z v\u0259kili var, sad\u0259c\u0259, niy\u0259s\u0259 m\u0259hk\u0259m\u0259 prosesind\u0259 i\u015ftirak etmir. O, v\u0259kili g\u0259lm\u0259diyin\u0259 g\u00f6r\u0259 m\u0259hk\u0259m\u0259nin t\u0259xir\u0259 sal\u0131nmas\u0131n\u0131 ist\u0259yib.<\/p>\n\n\n\n<p>Z\u0259r\u0259r\u00e7\u0259kmi\u015f is\u0259 buna etiraz edib: \u201cBu, i\u015fin uzad\u0131lmas\u0131d\u0131r\u201d.<\/p>\n\n\n\n<p>Amma hakiml\u0259r bel\u0259 n\u0259tic\u0259y\u0259 g\u0259lib ki, \u00f6z v\u0259kili olmadan prosesin davam etdirilm\u0259si m\u00fcdafi\u0259 h\u00fcququnun pozulmas\u0131 olar. Bu s\u0259b\u0259bd\u0259n m\u0259hk\u0259m\u0259 prosesi t\u0259xir\u0259 sal\u0131n\u0131b.<\/p>\n\n\n\n<p>Cinay\u0259t i\u015finin materiallar\u0131nda g\u00f6st\u0259rilib ki, 1954-c\u00fc il t\u0259v\u0259ll\u00fcdl\u00fc Kamran B\u0259kirov 2023-c\u00fc ilin aprelind\u0259 Nardaran q\u0259s\u0259b\u0259si, L\u0259hi\u015f ba\u011flar\u0131 ya\u015fay\u0131\u015f massivind\u0259 \u00f6ld\u00fcr\u00fcl\u00fcb.<\/p>\n\n\n\n<p>Q\u0131z\u0131 iddia edir ki, h\u0259min vaxt onu aldad\u0131b, birg\u0259 biznes qurmaq ad\u0131yla g\u00f6r\u00fc\u015f\u0259 \u00e7a\u011f\u0131r\u0131b, q\u0259tl\u0259 yetiribl\u0259r. Ail\u0259 \u00fczvl\u0259rinin s\u00f6zl\u0259rin\u0259 g\u00f6r\u0259, g\u00f6r\u00fc\u015f\u0259 ged\u0259rk\u0259n onun \u00fcst\u00fcnd\u0259 300 min manata q\u0259d\u0259r pul olub.<\/p>\n\n\n\n<p>\u0130ttihama \u0259sas\u0259n, Kamran B\u0259kirov pulu \u0259l\u0259 ke\u00e7irm\u0259k m\u0259qs\u0259dil\u0259 \u00f6ld\u00fcr\u00fcl\u00fcb.<\/p>\n\n\n\n<p>T\u0259qsirl\u0259ndiril\u0259n \u015f\u0259xsl\u0259r\u0259 Cinay\u0259t M\u0259c\u0259ll\u0259sinin 120.2.1, 120.2.4, 120.2.6, 120.2.11 (bir qrup \u015f\u0259xs t\u0259r\u0259find\u0259n ba\u015fqa cinay\u0259ti gizl\u0259tm\u0259k v\u0259 quldurluqla \u0259laq\u0259dar x\u00fcsusi amans\u0131zl\u0131qla adam \u00f6ld\u00fcrm\u0259), 181.3.2 v\u0259 181.3.3-c\u00fc (k\u00fclli miqdarda \u0259mlak \u0259ld\u0259 etm\u0259k v\u0259 z\u0259r\u0259r\u00e7\u0259kmi\u015f \u015f\u0259xsin sa\u011flaml\u0131\u011f\u0131na a\u011f\u0131r z\u0259r\u0259r vurulmaqla quldurluq) madd\u0259l\u0259ril\u0259 ittiham verilib. Bu madd\u0259l\u0259rd\u0259 20 il\u0259 q\u0259d\u0259r v\u0259 ya \u00f6m\u00fcrl\u00fck azadl\u0131qdan m\u0259hrumetm\u0259 c\u0259zas\u0131 n\u0259z\u0259rd\u0259 tutulub.<\/p>\n\n\n\n<p>Lakin Az\u0259rbaycan qanunlar\u0131na g\u00f6r\u0259, yetkinlik ya\u015f\u0131na \u00e7atmayanlara, qad\u0131nlara, ya\u015f\u0131 65-d\u0259n yuxar\u0131 olan \u015f\u0259xsl\u0259r\u0259 \u00f6m\u00fcrl\u00fck h\u0259bs c\u0259zas\u0131 verilmir.<\/p>\n\n\n\n<p>Z\u0259r\u0259r\u00e7\u0259kmi\u015f Elnar\u0259 B\u0259kirovan\u0131n bildirdiyin\u0259 g\u00f6r\u0259, t\u0259qsirl\u0259ndiril\u0259n \u015f\u0259xsl\u0259rin h\u0259r ikisi deputat, \u201cKontakt Home\u201d ma\u011fazalar \u015f\u0259b\u0259k\u0259sinin r\u0259hb\u0259ri Elnur Allahverdiyevin qohumlar\u0131d\u0131r. O deyib ki, Mustafa Zeynalov deputat\u0131n day\u0131s\u0131, Namiq \u018fliyev is\u0259 o biri day\u0131s\u0131n\u0131n k\u00fcr\u0259k\u0259nidir.<\/p>\n","protected":false},"excerpt":{"rendered":"<p>T\u0259qsirl\u0259ndiril\u0259n \u015f\u0259xsl\u0259rd\u0259n biri m\u00fcst\u0259ntiq, ikincisi is\u0259 bankda \u015f\u00f6b\u0259 m\u00fcdiri olub &#8230; <\/p>\n<p class=\"read-more-container\"><a title=\"Modelyerin atas\u0131n\u0131n q\u0259tlind\u0259 ittiham olunanlar deputat\u0131n qohumlar\u0131d\u0131r?\" class=\"read-more button\" href=\"https:\/\/www.meydan.tv\/az\/article\/modelyerin-atasinin-qetlinde-ittiham-olunanlar-deputatin-qohumlaridir\/#more-288298\" aria-label=\"Read more about Modelyerin atas\u0131n\u0131n q\u0259tlind\u0259 ittiham olunanlar deputat\u0131n qohumlar\u0131d\u0131r?\">Davam\u0131<\/a><\/p>\n","protected":false},"author":21,"featured_media":288299,"comment_status":"closed","ping_status":"closed","sticky":false,"template":"","format":"standard","meta":{"_acf_changed":false,"_sitemap_exclude":false,"_sitemap_priority":"","_sitemap_frequency":"","footnotes":""},"categories":[62,56],"tags":[],"class_list":["post-288298","post","type-post","status-publish","format-standard","has-post-thumbnail","hentry","category-sosial","category-xeberler","infinite-scroll-item","generate-columns","tablet-grid-50","mobile-grid-100","grid-parent","grid-33","no-featured-image-padding"],"acf":[],"yoast_head":"<!-- This site is optimized with the Yoast SEO plugin v27.5 - https:\/\/yoast.com\/product\/yoast-seo-wordpress\/ -->\n<title>Modelyerin atas\u0131n\u0131n q\u0259tlind\u0259 ittiham olunanlar deputat\u0131n qohumlar\u0131d\u0131r? - MEYDAN.TV<\/title>\n<meta name=\"robots\" content=\"index, follow, max-snippet:-1, max-image-preview:large, max-video-preview:-1\" \/>\n<link rel=\"canonical\" href=\"https:\/\/www.meydan.tv\/az\/article\/modelyerin-atasinin-qetlinde-ittiham-olunanlar-deputatin-qohumlaridir\/\" \/>\n<meta property=\"og:locale\" content=\"az_AZ\" \/>\n<meta property=\"og:type\" content=\"article\" \/>\n<meta property=\"og:title\" content=\"Modelyerin atas\u0131n\u0131n q\u0259tlind\u0259 ittiham olunanlar deputat\u0131n qohumlar\u0131d\u0131r? - MEYDAN.TV\" \/>\n<meta property=\"og:description\" content=\"T\u0259qsirl\u0259ndiril\u0259n \u015f\u0259xsl\u0259rd\u0259n biri m\u00fcst\u0259ntiq, ikincisi is\u0259 bankda \u015f\u00f6b\u0259 m\u00fcdiri olub ... Davam\u0131\" \/>\n<meta property=\"og:url\" content=\"https:\/\/www.meydan.tv\/az\/article\/modelyerin-atasinin-qetlinde-ittiham-olunanlar-deputatin-qohumlaridir\/\" \/>\n<meta property=\"og:site_name\" content=\"MEYDAN.TV\" \/>\n<meta property=\"article:published_time\" content=\"2023-10-19T14:06:11+00:00\" \/>\n<meta property=\"article:modified_time\" content=\"2023-10-19T14:06:13+00:00\" \/>\n<meta property=\"og:image\" content=\"https:\/\/www.meydan.tv\/wp-content\/uploads\/photo-2023-10-19-17-35-45_720-e1697724332914.jpg\" \/>\n\t<meta property=\"og:image:width\" content=\"566\" \/>\n\t<meta property=\"og:image:height\" content=\"414\" \/>\n\t<meta property=\"og:image:type\" content=\"image\/jpeg\" \/>\n<meta name=\"author\" content=\"mahmud\" \/>\n<meta name=\"twitter:card\" content=\"summary_large_image\" \/>\n<script type=\"application\/ld+json\" class=\"yoast-schema-graph\">{\"@context\":\"https:\\\/\\\/schema.org\",\"@graph\":[{\"@type\":\"Article\",\"@id\":\"https:\\\/\\\/www.meydan.tv\\\/az\\\/article\\\/modelyerin-atasinin-qetlinde-ittiham-olunanlar-deputatin-qohumlaridir\\\/#article\",\"isPartOf\":{\"@id\":\"https:\\\/\\\/www.meydan.tv\\\/az\\\/article\\\/modelyerin-atasinin-qetlinde-ittiham-olunanlar-deputatin-qohumlaridir\\\/\"},\"author\":{\"name\":\"mahmud\",\"@id\":\"https:\\\/\\\/www.meydan.tv\\\/az\\\/#\\\/schema\\\/person\\\/09863e516102a829e72bedcf3f84c6b0\"},\"headline\":\"Modelyerin atas\u0131n\u0131n q\u0259tlind\u0259 ittiham olunanlar deputat\u0131n qohumlar\u0131d\u0131r?\",\"datePublished\":\"2023-10-19T14:06:11+00:00\",\"dateModified\":\"2023-10-19T14:06:13+00:00\",\"mainEntityOfPage\":{\"@id\":\"https:\\\/\\\/www.meydan.tv\\\/az\\\/article\\\/modelyerin-atasinin-qetlinde-ittiham-olunanlar-deputatin-qohumlaridir\\\/\"},\"wordCount\":650,\"publisher\":{\"@id\":\"https:\\\/\\\/www.meydan.tv\\\/az\\\/#organization\"},\"image\":{\"@id\":\"https:\\\/\\\/www.meydan.tv\\\/az\\\/article\\\/modelyerin-atasinin-qetlinde-ittiham-olunanlar-deputatin-qohumlaridir\\\/#primaryimage\"},\"thumbnailUrl\":\"https:\\\/\\\/www.meydan.tv\\\/wp-content\\\/uploads\\\/photo-2023-10-19-17-35-45_720-e1697724332914.jpg\",\"articleSection\":[\"Sosial\",\"X\u0259b\u0259rl\u0259r\"],\"inLanguage\":\"az\"},{\"@type\":\"WebPage\",\"@id\":\"https:\\\/\\\/www.meydan.tv\\\/az\\\/article\\\/modelyerin-atasinin-qetlinde-ittiham-olunanlar-deputatin-qohumlaridir\\\/\",\"url\":\"https:\\\/\\\/www.meydan.tv\\\/az\\\/article\\\/modelyerin-atasinin-qetlinde-ittiham-olunanlar-deputatin-qohumlaridir\\\/\",\"name\":\"Modelyerin atas\u0131n\u0131n q\u0259tlind\u0259 ittiham olunanlar deputat\u0131n qohumlar\u0131d\u0131r? - MEYDAN.TV\",\"isPartOf\":{\"@id\":\"https:\\\/\\\/www.meydan.tv\\\/az\\\/#website\"},\"primaryImageOfPage\":{\"@id\":\"https:\\\/\\\/www.meydan.tv\\\/az\\\/article\\\/modelyerin-atasinin-qetlinde-ittiham-olunanlar-deputatin-qohumlaridir\\\/#primaryimage\"},\"image\":{\"@id\":\"https:\\\/\\\/www.meydan.tv\\\/az\\\/article\\\/modelyerin-atasinin-qetlinde-ittiham-olunanlar-deputatin-qohumlaridir\\\/#primaryimage\"},\"thumbnailUrl\":\"https:\\\/\\\/www.meydan.tv\\\/wp-content\\\/uploads\\\/photo-2023-10-19-17-35-45_720-e1697724332914.jpg\",\"datePublished\":\"2023-10-19T14:06:11+00:00\",\"dateModified\":\"2023-10-19T14:06:13+00:00\",\"breadcrumb\":{\"@id\":\"https:\\\/\\\/www.meydan.tv\\\/az\\\/article\\\/modelyerin-atasinin-qetlinde-ittiham-olunanlar-deputatin-qohumlaridir\\\/#breadcrumb\"},\"inLanguage\":\"az\",\"potentialAction\":[{\"@type\":\"ReadAction\",\"target\":[\"https:\\\/\\\/www.meydan.tv\\\/az\\\/article\\\/modelyerin-atasinin-qetlinde-ittiham-olunanlar-deputatin-qohumlaridir\\\/\"]}]},{\"@type\":\"ImageObject\",\"inLanguage\":\"az\",\"@id\":\"https:\\\/\\\/www.meydan.tv\\\/az\\\/article\\\/modelyerin-atasinin-qetlinde-ittiham-olunanlar-deputatin-qohumlaridir\\\/#primaryimage\",\"url\":\"https:\\\/\\\/www.meydan.tv\\\/wp-content\\\/uploads\\\/photo-2023-10-19-17-35-45_720-e1697724332914.jpg\",\"contentUrl\":\"https:\\\/\\\/www.meydan.tv\\\/wp-content\\\/uploads\\\/photo-2023-10-19-17-35-45_720-e1697724332914.jpg\",\"width\":566,\"height\":414,\"caption\":\"Elnar\u0259 B\u0259kirova, Foto: Meydan TV\"},{\"@type\":\"BreadcrumbList\",\"@id\":\"https:\\\/\\\/www.meydan.tv\\\/az\\\/article\\\/modelyerin-atasinin-qetlinde-ittiham-olunanlar-deputatin-qohumlaridir\\\/#breadcrumb\",\"itemListElement\":[{\"@type\":\"ListItem\",\"position\":1,\"name\":\"Ana s\u0259hif\u0259\",\"item\":\"https:\\\/\\\/www.meydan.tv\\\/az\\\/\"},{\"@type\":\"ListItem\",\"position\":2,\"name\":\"Sosial\",\"item\":\"https:\\\/\\\/www.meydan.tv\\\/az\\\/section\\\/sosial\\\/\"},{\"@type\":\"ListItem\",\"position\":3,\"name\":\"Modelyerin atas\u0131n\u0131n q\u0259tlind\u0259 ittiham olunanlar deputat\u0131n qohumlar\u0131d\u0131r?\"}]},{\"@type\":\"WebSite\",\"@id\":\"https:\\\/\\\/www.meydan.tv\\\/az\\\/#website\",\"url\":\"https:\\\/\\\/www.meydan.tv\\\/az\\\/\",\"name\":\"MEYDAN.TV\",\"description\":\"Meydan TV Az\u0259rbaycan\u0131n media m\u0259kan\u0131ndak\u0131 alternativ s\u0259sidir\",\"publisher\":{\"@id\":\"https:\\\/\\\/www.meydan.tv\\\/az\\\/#organization\"},\"potentialAction\":[{\"@type\":\"SearchAction\",\"target\":{\"@type\":\"EntryPoint\",\"urlTemplate\":\"https:\\\/\\\/www.meydan.tv\\\/az\\\/?s={search_term_string}\"},\"query-input\":{\"@type\":\"PropertyValueSpecification\",\"valueRequired\":true,\"valueName\":\"search_term_string\"}}],\"inLanguage\":\"az\"},{\"@type\":\"Organization\",\"@id\":\"https:\\\/\\\/www.meydan.tv\\\/az\\\/#organization\",\"name\":\"Meydan TV\",\"url\":\"https:\\\/\\\/www.meydan.tv\\\/az\\\/\",\"logo\":{\"@type\":\"ImageObject\",\"inLanguage\":\"az\",\"@id\":\"https:\\\/\\\/www.meydan.tv\\\/az\\\/#\\\/schema\\\/logo\\\/image\\\/\",\"url\":\"https:\\\/\\\/www.meydan.tv\\\/wp-content\\\/uploads\\\/2021\\\/07\\\/meydan-logo.svg\",\"contentUrl\":\"https:\\\/\\\/www.meydan.tv\\\/wp-content\\\/uploads\\\/2021\\\/07\\\/meydan-logo.svg\",\"width\":195,\"height\":46,\"caption\":\"Meydan TV\"},\"image\":{\"@id\":\"https:\\\/\\\/www.meydan.tv\\\/az\\\/#\\\/schema\\\/logo\\\/image\\\/\"}},{\"@type\":\"Person\",\"@id\":\"https:\\\/\\\/www.meydan.tv\\\/az\\\/#\\\/schema\\\/person\\\/09863e516102a829e72bedcf3f84c6b0\",\"name\":\"mahmud\"}]}<\/script>\n<!-- \/ Yoast SEO plugin. -->","yoast_head_json":{"title":"Modelyerin atas\u0131n\u0131n q\u0259tlind\u0259 ittiham olunanlar deputat\u0131n qohumlar\u0131d\u0131r? - MEYDAN.TV","robots":{"index":"index","follow":"follow","max-snippet":"max-snippet:-1","max-image-preview":"max-image-preview:large","max-video-preview":"max-video-preview:-1"},"canonical":"https:\/\/www.meydan.tv\/az\/article\/modelyerin-atasinin-qetlinde-ittiham-olunanlar-deputatin-qohumlaridir\/","og_locale":"az_AZ","og_type":"article","og_title":"Modelyerin atas\u0131n\u0131n q\u0259tlind\u0259 ittiham olunanlar deputat\u0131n qohumlar\u0131d\u0131r? - MEYDAN.TV","og_description":"T\u0259qsirl\u0259ndiril\u0259n \u015f\u0259xsl\u0259rd\u0259n biri m\u00fcst\u0259ntiq, ikincisi is\u0259 bankda \u015f\u00f6b\u0259 m\u00fcdiri olub ... Davam\u0131","og_url":"https:\/\/www.meydan.tv\/az\/article\/modelyerin-atasinin-qetlinde-ittiham-olunanlar-deputatin-qohumlaridir\/","og_site_name":"MEYDAN.TV","article_published_time":"2023-10-19T14:06:11+00:00","article_modified_time":"2023-10-19T14:06:13+00:00","og_image":[{"width":566,"height":414,"url":"https:\/\/www.meydan.tv\/wp-content\/uploads\/photo-2023-10-19-17-35-45_720-e1697724332914.jpg","type":"image\/jpeg"}],"author":"mahmud","twitter_card":"summary_large_image","schema":{"@context":"https:\/\/schema.org","@graph":[{"@type":"Article","@id":"https:\/\/www.meydan.tv\/az\/article\/modelyerin-atasinin-qetlinde-ittiham-olunanlar-deputatin-qohumlaridir\/#article","isPartOf":{"@id":"https:\/\/www.meydan.tv\/az\/article\/modelyerin-atasinin-qetlinde-ittiham-olunanlar-deputatin-qohumlaridir\/"},"author":{"name":"mahmud","@id":"https:\/\/www.meydan.tv\/az\/#\/schema\/person\/09863e516102a829e72bedcf3f84c6b0"},"headline":"Modelyerin atas\u0131n\u0131n q\u0259tlind\u0259 ittiham olunanlar deputat\u0131n qohumlar\u0131d\u0131r?","datePublished":"2023-10-19T14:06:11+00:00","dateModified":"2023-10-19T14:06:13+00:00","mainEntityOfPage":{"@id":"https:\/\/www.meydan.tv\/az\/article\/modelyerin-atasinin-qetlinde-ittiham-olunanlar-deputatin-qohumlaridir\/"},"wordCount":650,"publisher":{"@id":"https:\/\/www.meydan.tv\/az\/#organization"},"image":{"@id":"https:\/\/www.meydan.tv\/az\/article\/modelyerin-atasinin-qetlinde-ittiham-olunanlar-deputatin-qohumlaridir\/#primaryimage"},"thumbnailUrl":"https:\/\/www.meydan.tv\/wp-content\/uploads\/photo-2023-10-19-17-35-45_720-e1697724332914.jpg","articleSection":["Sosial","X\u0259b\u0259rl\u0259r"],"inLanguage":"az"},{"@type":"WebPage","@id":"https:\/\/www.meydan.tv\/az\/article\/modelyerin-atasinin-qetlinde-ittiham-olunanlar-deputatin-qohumlaridir\/","url":"https:\/\/www.meydan.tv\/az\/article\/modelyerin-atasinin-qetlinde-ittiham-olunanlar-deputatin-qohumlaridir\/","name":"Modelyerin atas\u0131n\u0131n q\u0259tlind\u0259 ittiham olunanlar deputat\u0131n qohumlar\u0131d\u0131r? - MEYDAN.TV","isPartOf":{"@id":"https:\/\/www.meydan.tv\/az\/#website"},"primaryImageOfPage":{"@id":"https:\/\/www.meydan.tv\/az\/article\/modelyerin-atasinin-qetlinde-ittiham-olunanlar-deputatin-qohumlaridir\/#primaryimage"},"image":{"@id":"https:\/\/www.meydan.tv\/az\/article\/modelyerin-atasinin-qetlinde-ittiham-olunanlar-deputatin-qohumlaridir\/#primaryimage"},"thumbnailUrl":"https:\/\/www.meydan.tv\/wp-content\/uploads\/photo-2023-10-19-17-35-45_720-e1697724332914.jpg","datePublished":"2023-10-19T14:06:11+00:00","dateModified":"2023-10-19T14:06:13+00:00","breadcrumb":{"@id":"https:\/\/www.meydan.tv\/az\/article\/modelyerin-atasinin-qetlinde-ittiham-olunanlar-deputatin-qohumlaridir\/#breadcrumb"},"inLanguage":"az","potentialAction":[{"@type":"ReadAction","target":["https:\/\/www.meydan.tv\/az\/article\/modelyerin-atasinin-qetlinde-ittiham-olunanlar-deputatin-qohumlaridir\/"]}]},{"@type":"ImageObject","inLanguage":"az","@id":"https:\/\/www.meydan.tv\/az\/article\/modelyerin-atasinin-qetlinde-ittiham-olunanlar-deputatin-qohumlaridir\/#primaryimage","url":"https:\/\/www.meydan.tv\/wp-content\/uploads\/photo-2023-10-19-17-35-45_720-e1697724332914.jpg","contentUrl":"https:\/\/www.meydan.tv\/wp-content\/uploads\/photo-2023-10-19-17-35-45_720-e1697724332914.jpg","width":566,"height":414,"caption":"Elnar\u0259 B\u0259kirova, Foto: Meydan TV"},{"@type":"BreadcrumbList","@id":"https:\/\/www.meydan.tv\/az\/article\/modelyerin-atasinin-qetlinde-ittiham-olunanlar-deputatin-qohumlaridir\/#breadcrumb","itemListElement":[{"@type":"ListItem","position":1,"name":"Ana s\u0259hif\u0259","item":"https:\/\/www.meydan.tv\/az\/"},{"@type":"ListItem","position":2,"name":"Sosial","item":"https:\/\/www.meydan.tv\/az\/section\/sosial\/"},{"@type":"ListItem","position":3,"name":"Modelyerin atas\u0131n\u0131n q\u0259tlind\u0259 ittiham olunanlar deputat\u0131n qohumlar\u0131d\u0131r?"}]},{"@type":"WebSite","@id":"https:\/\/www.meydan.tv\/az\/#website","url":"https:\/\/www.meydan.tv\/az\/","name":"MEYDAN.TV","description":"Meydan TV Az\u0259rbaycan\u0131n media m\u0259kan\u0131ndak\u0131 alternativ s\u0259sidir","publisher":{"@id":"https:\/\/www.meydan.tv\/az\/#organization"},"potentialAction":[{"@type":"SearchAction","target":{"@type":"EntryPoint","urlTemplate":"https:\/\/www.meydan.tv\/az\/?s={search_term_string}"},"query-input":{"@type":"PropertyValueSpecification","valueRequired":true,"valueName":"search_term_string"}}],"inLanguage":"az"},{"@type":"Organization","@id":"https:\/\/www.meydan.tv\/az\/#organization","name":"Meydan TV","url":"https:\/\/www.meydan.tv\/az\/","logo":{"@type":"ImageObject","inLanguage":"az","@id":"https:\/\/www.meydan.tv\/az\/#\/schema\/logo\/image\/","url":"https:\/\/www.meydan.tv\/wp-content\/uploads\/2021\/07\/meydan-logo.svg","contentUrl":"https:\/\/www.meydan.tv\/wp-content\/uploads\/2021\/07\/meydan-logo.svg","width":195,"height":46,"caption":"Meydan TV"},"image":{"@id":"https:\/\/www.meydan.tv\/az\/#\/schema\/logo\/image\/"}},{"@type":"Person","@id":"https:\/\/www.meydan.tv\/az\/#\/schema\/person\/09863e516102a829e72bedcf3f84c6b0","name":"mahmud"}]}},"_links":{"self":[{"href":"https:\/\/www.meydan.tv\/az\/wp-json\/wp\/v2\/posts\/288298","targetHints":{"allow":["GET"]}}],"collection":[{"href":"https:\/\/www.meydan.tv\/az\/wp-json\/wp\/v2\/posts"}],"about":[{"href":"https:\/\/www.meydan.tv\/az\/wp-json\/wp\/v2\/types\/post"}],"author":[{"embeddable":true,"href":"https:\/\/www.meydan.tv\/az\/wp-json\/wp\/v2\/users\/21"}],"replies":[{"embeddable":true,"href":"https:\/\/www.meydan.tv\/az\/wp-json\/wp\/v2\/comments?post=288298"}],"version-history":[{"count":1,"href":"https:\/\/www.meydan.tv\/az\/wp-json\/wp\/v2\/posts\/288298\/revisions"}],"predecessor-version":[{"id":288302,"href":"https:\/\/www.meydan.tv\/az\/wp-json\/wp\/v2\/posts\/288298\/revisions\/288302"}],"wp:featuredmedia":[{"embeddable":true,"href":"https:\/\/www.meydan.tv\/az\/wp-json\/wp\/v2\/media\/288299"}],"wp:attachment":[{"href":"https:\/\/www.meydan.tv\/az\/wp-json\/wp\/v2\/media?parent=288298"}],"wp:term":[{"taxonomy":"category","embeddable":true,"href":"https:\/\/www.meydan.tv\/az\/wp-json\/wp\/v2\/categories?post=288298"},{"taxonomy":"post_tag","embeddable":true,"href":"https:\/\/www.meydan.tv\/az\/wp-json\/wp\/v2\/tags?post=288298"}],"curies":[{"name":"wp","href":"https:\/\/api.w.org\/{rel}","templated":true}]}}