{"id":288236,"date":"2023-10-18T18:13:38","date_gmt":"2023-10-18T14:13:38","guid":{"rendered":"https:\/\/www.meydan.tv\/?p=288236"},"modified":"2023-10-19T00:09:45","modified_gmt":"2023-10-18T20:09:45","slug":"polis-reisinin-cagirisina-getmeyen-is-adaminin-hebs-edildiyi-bildirilir","status":"publish","type":"post","link":"https:\/\/www.meydan.tv\/az\/article\/polis-reisinin-cagirisina-getmeyen-is-adaminin-hebs-edildiyi-bildirilir\/","title":{"rendered":"Polis r\u0259isinin \u00e7a\u011f\u0131r\u0131\u015f\u0131na getm\u0259y\u0259n i\u015f adam\u0131n\u0131n h\u0259bs edildiyi bildirilir"},"content":{"rendered":"\n<p><em><strong>\u018flikram A\u011fayev is\u0259 \u00fcnvan\u0131na s\u0259sl\u0259n\u0259n ittihamlar\u0131 q\u0259bul etm\u0259yi<\/strong>b<\/em><\/p>\n\n\n\n<p><\/p>\n\n\n\n<p>Lerikd\u0259 f\u0259aliyy\u0259t g\u00f6st\u0259r\u0259n \u201cMe\u015f\u0259b\u0259yi\u201d \u0130stirah\u0259t M\u0259rk\u0259zinin r\u0259hb\u0259ri \u018flikram A\u011fayev h\u0259bs olunub. Polis\u0259 m\u00fcqavim\u0259td\u0259 ittiham olunan 64 ya\u015fl\u0131 i\u015f adam\u0131na \u0130nzibati X\u0259talar M\u0259c\u0259ll\u0259sinin 535.1 (polisin qanuni t\u0259l\u0259bin\u0259 tabe olmama) madd\u0259sil\u0259 15 sutka h\u0259bs c\u0259zas\u0131 verilib. Onun haqq\u0131nda h\u0259bs q\u0259rar\u0131 Lerik Rayon M\u0259hk\u0259m\u0259sind\u0259 \u00e7\u0131xar\u0131l\u0131b.<\/p>\n\n\n\n<p>Bu bar\u0259d\u0259 m\u0259lumat\u0131 m\u0259hk\u0259m\u0259d\u0259n d\u0259 Meydan TV-y\u0259 t\u0259sdiql\u0259yibl\u0259r. M\u0259hk\u0259m\u0259d\u0259n bildirilib ki, h\u0259bs q\u0259rar\u0131 oktyabr\u0131n 16-da \u00e7\u0131xar\u0131l\u0131b.<\/p>\n\n\n\n<p>\u018flikram A\u011fayev haqq\u0131nda inzibati x\u0259ta protokolunda iddia olunub ki, \u018flikram A\u011fayev \u201cMe\u015f\u0259b\u0259yi\u201d \u0130stirah\u0259t M\u0259rk\u0259zind\u0259 polis \u0259m\u0259kda\u015flar\u0131n\u0131n t\u0259l\u0259bini pozub, onlara tabesizlik g\u00f6st\u0259rib.<\/p>\n\n\n\n<p>Polisl\u0259rin dediyin\u0259 g\u00f6r\u0259, i\u015f adam\u0131 haqq\u0131nda Lerik Rayon Prokurorlu\u011fundan polis \u015f\u00f6b\u0259sin\u0259 m\u0259cburi g\u0259tirilm\u0259 q\u0259rar\u0131 g\u00f6nd\u0259rilib. Onlar da q\u0259rar\u0131 icra el\u0259m\u0259kd\u0259n \u00f6tr\u00fc h\u0259min obyekt\u0259 gedibl\u0259r, amma h\u0259min vaxt \u018flikram A\u011fayev orada olmay\u0131b. Geri qay\u0131danda yolda \u2013 \u201cX\u0259yal\u201d \u0130stirah\u0259t M\u0259rk\u0259zind\u0259 onun avtomobilini g\u00f6r\u00fcb, saxlatd\u0131r\u0131blar, s\u0259b\u0259bini d\u0259 izah edibl\u0259r. Polisl\u0259rin iddias\u0131na g\u00f6r\u0259, bu zaman i\u015f adam\u0131 onlar\u0131 s\u00f6y\u00fcb, polis \u015f\u00f6b\u0259sin\u0259 getm\u0259kd\u0259n d\u0259 imtina ed\u0259r\u0259k, ma\u015f\u0131n\u0131n\u0131 s\u00fcr\u00fcb, \u00e7\u0131x\u0131b gedib. Bundan sonra polis \u015f\u00f6b\u0259sin\u0259 x\u0259b\u0259r verib, \u018flikram A\u011fayevin arxas\u0131nca yenid\u0259n \u201cMe\u015f\u0259b\u0259yi\u201dy\u0259 gedibl\u0259r. Orada onu saxlay\u0131b, Lerik Rayon Polis \u015e\u00f6b\u0259sin\u0259 g\u0259tiribl\u0259r. \u015e\u00f6b\u0259d\u0259 protokol t\u0259rtib olunub. Daha sonra m\u0259hk\u0259m\u0259y\u0259 g\u0259tirilib.<\/p>\n\n\n\n<p>\u018flikram A\u011fayev is\u0259 \u00fcnvan\u0131na s\u0259sl\u0259n\u0259n ittihamlar\u0131 q\u0259bul etm\u0259yib. O, m\u0259hk\u0259m\u0259d\u0259 d\u0259 deyib ki, he\u00e7 bir qanun pozuntusuna yol verm\u0259yib. \u0130\u015f adam\u0131 bildirib ki, telefonuna z\u0259ng ed\u0259r\u0259k, onu Lerik Rayon Polis \u015e\u00f6b\u0259sin\u0259 \u00e7a\u011f\u0131r\u0131blar:<\/p>\n\n\n\n<p>\u201c<em>Hans\u0131 m\u0259s\u0259l\u0259 il\u0259 ba\u011fl\u0131 oldu\u011funu dedil\u0259r. Bildirdim ki, bu m\u0259s\u0259l\u0259 m\u00fclki i\u015fdir, m\u0259hk\u0259m\u0259y\u0259 m\u00fcraci\u0259t olunub, m\u0259hk\u0259m\u0259 qaydas\u0131nda h\u0259ll oluna bil\u0259r. Bundan sonra polisl\u0259r \u201cMe\u015f\u0259b\u0259yi\u201dy\u0259 g\u0259libl\u0259r, g\u00f6r\u00fcbl\u0259r ki, orada yoxam. Geri qay\u0131danda yolda \u2013 \u201cX\u0259yal\u201d\u0131n \u00e7\u0131x\u0131\u015f\u0131nda m\u0259ni g\u00f6r\u00fcb, ma\u015f\u0131n\u0131m\u0131n qar\u015f\u0131s\u0131n\u0131 k\u0259sdil\u0259r. M\u0259n\u0259 dedil\u0259r ki, m\u00fcst\u0259ntiq haqq\u0131mda m\u0259cburi g\u0259tirilm\u0259 q\u0259rar\u0131 \u00e7\u0131xar\u0131b. M\u0259ni zorla polis \u015f\u00f6b\u0259sin\u0259 aparma\u011fa \u00e7al\u0131\u015f\u0131rd\u0131lar. Onlara dedim ki, bu, n\u0259 h\u0259r\u0259k\u0259tdi? Bir v\u0259t\u0259nda\u015fa qar\u015f\u0131 bu c\u00fcr davran\u0131\u015f\u0131n ad\u0131 quldurluqdur, reketlikdir. \u00c7\u00fcnki onlar m\u0259hz bel\u0259 davran\u0131rd\u0131lar&#8230;<\/em>\u201d.<\/p>\n","protected":false},"excerpt":{"rendered":"<p>\u018flikram A\u011fayev is\u0259 \u00fcnvan\u0131na s\u0259sl\u0259n\u0259n ittihamlar\u0131 q\u0259bul etm\u0259yib Lerikd\u0259 f\u0259aliyy\u0259t &#8230; <\/p>\n<p class=\"read-more-container\"><a title=\"Polis r\u0259isinin \u00e7a\u011f\u0131r\u0131\u015f\u0131na getm\u0259y\u0259n i\u015f adam\u0131n\u0131n h\u0259bs edildiyi bildirilir\" class=\"read-more button\" href=\"https:\/\/www.meydan.tv\/az\/article\/polis-reisinin-cagirisina-getmeyen-is-adaminin-hebs-edildiyi-bildirilir\/#more-288236\" aria-label=\"Read more about Polis r\u0259isinin \u00e7a\u011f\u0131r\u0131\u015f\u0131na getm\u0259y\u0259n i\u015f adam\u0131n\u0131n h\u0259bs edildiyi bildirilir\">Davam\u0131<\/a><\/p>\n","protected":false},"author":21,"featured_media":108637,"comment_status":"closed","ping_status":"closed","sticky":false,"template":"","format":"standard","meta":{"_acf_changed":false,"_sitemap_exclude":false,"_sitemap_priority":"","_sitemap_frequency":"","footnotes":""},"categories":[60,56],"tags":[],"class_list":["post-288236","post","type-post","status-publish","format-standard","has-post-thumbnail","hentry","category-bolge","category-xeberler","infinite-scroll-item","generate-columns","tablet-grid-50","mobile-grid-100","grid-parent","grid-33","no-featured-image-padding"],"acf":[],"yoast_head":"<!-- This site is optimized with the Yoast SEO plugin v27.4 - https:\/\/yoast.com\/product\/yoast-seo-wordpress\/ -->\n<title>Polis r\u0259isinin \u00e7a\u011f\u0131r\u0131\u015f\u0131na getm\u0259y\u0259n i\u015f adam\u0131n\u0131n h\u0259bs edildiyi bildirilir - MEYDAN.TV<\/title>\n<meta name=\"robots\" content=\"index, follow, max-snippet:-1, max-image-preview:large, max-video-preview:-1\" \/>\n<link rel=\"canonical\" href=\"https:\/\/www.meydan.tv\/az\/article\/polis-reisinin-cagirisina-getmeyen-is-adaminin-hebs-edildiyi-bildirilir\/\" \/>\n<meta property=\"og:locale\" content=\"az_AZ\" \/>\n<meta property=\"og:type\" content=\"article\" \/>\n<meta property=\"og:title\" content=\"Polis r\u0259isinin \u00e7a\u011f\u0131r\u0131\u015f\u0131na getm\u0259y\u0259n i\u015f adam\u0131n\u0131n h\u0259bs edildiyi bildirilir - MEYDAN.TV\" \/>\n<meta property=\"og:description\" content=\"\u018flikram A\u011fayev is\u0259 \u00fcnvan\u0131na s\u0259sl\u0259n\u0259n ittihamlar\u0131 q\u0259bul etm\u0259yib Lerikd\u0259 f\u0259aliyy\u0259t ... Davam\u0131\" \/>\n<meta property=\"og:url\" content=\"https:\/\/www.meydan.tv\/az\/article\/polis-reisinin-cagirisina-getmeyen-is-adaminin-hebs-edildiyi-bildirilir\/\" \/>\n<meta property=\"og:site_name\" content=\"MEYDAN.TV\" \/>\n<meta property=\"article:published_time\" content=\"2023-10-18T14:13:38+00:00\" \/>\n<meta property=\"article:modified_time\" content=\"2023-10-18T20:09:45+00:00\" \/>\n<meta property=\"og:image\" content=\"https:\/\/www.meydan.tv\/wp-content\/uploads\/43190.jpg\" \/>\n\t<meta property=\"og:image:width\" content=\"1280\" \/>\n\t<meta property=\"og:image:height\" content=\"659\" \/>\n\t<meta property=\"og:image:type\" content=\"image\/jpeg\" \/>\n<meta name=\"author\" content=\"mahmud\" \/>\n<meta name=\"twitter:card\" content=\"summary_large_image\" \/>\n<script type=\"application\/ld+json\" class=\"yoast-schema-graph\">{\"@context\":\"https:\\\/\\\/schema.org\",\"@graph\":[{\"@type\":\"Article\",\"@id\":\"https:\\\/\\\/www.meydan.tv\\\/az\\\/article\\\/polis-reisinin-cagirisina-getmeyen-is-adaminin-hebs-edildiyi-bildirilir\\\/#article\",\"isPartOf\":{\"@id\":\"https:\\\/\\\/www.meydan.tv\\\/az\\\/article\\\/polis-reisinin-cagirisina-getmeyen-is-adaminin-hebs-edildiyi-bildirilir\\\/\"},\"author\":{\"name\":\"mahmud\",\"@id\":\"https:\\\/\\\/www.meydan.tv\\\/az\\\/#\\\/schema\\\/person\\\/09863e516102a829e72bedcf3f84c6b0\"},\"headline\":\"Polis r\u0259isinin \u00e7a\u011f\u0131r\u0131\u015f\u0131na getm\u0259y\u0259n i\u015f adam\u0131n\u0131n h\u0259bs edildiyi bildirilir\",\"datePublished\":\"2023-10-18T14:13:38+00:00\",\"dateModified\":\"2023-10-18T20:09:45+00:00\",\"mainEntityOfPage\":{\"@id\":\"https:\\\/\\\/www.meydan.tv\\\/az\\\/article\\\/polis-reisinin-cagirisina-getmeyen-is-adaminin-hebs-edildiyi-bildirilir\\\/\"},\"wordCount\":525,\"publisher\":{\"@id\":\"https:\\\/\\\/www.meydan.tv\\\/az\\\/#organization\"},\"image\":{\"@id\":\"https:\\\/\\\/www.meydan.tv\\\/az\\\/article\\\/polis-reisinin-cagirisina-getmeyen-is-adaminin-hebs-edildiyi-bildirilir\\\/#primaryimage\"},\"thumbnailUrl\":\"https:\\\/\\\/www.meydan.tv\\\/wp-content\\\/uploads\\\/43190.jpg\",\"articleSection\":[\"B\u00f6lg\u0259\",\"X\u0259b\u0259rl\u0259r\"],\"inLanguage\":\"az\"},{\"@type\":\"WebPage\",\"@id\":\"https:\\\/\\\/www.meydan.tv\\\/az\\\/article\\\/polis-reisinin-cagirisina-getmeyen-is-adaminin-hebs-edildiyi-bildirilir\\\/\",\"url\":\"https:\\\/\\\/www.meydan.tv\\\/az\\\/article\\\/polis-reisinin-cagirisina-getmeyen-is-adaminin-hebs-edildiyi-bildirilir\\\/\",\"name\":\"Polis r\u0259isinin \u00e7a\u011f\u0131r\u0131\u015f\u0131na getm\u0259y\u0259n i\u015f adam\u0131n\u0131n h\u0259bs edildiyi bildirilir - MEYDAN.TV\",\"isPartOf\":{\"@id\":\"https:\\\/\\\/www.meydan.tv\\\/az\\\/#website\"},\"primaryImageOfPage\":{\"@id\":\"https:\\\/\\\/www.meydan.tv\\\/az\\\/article\\\/polis-reisinin-cagirisina-getmeyen-is-adaminin-hebs-edildiyi-bildirilir\\\/#primaryimage\"},\"image\":{\"@id\":\"https:\\\/\\\/www.meydan.tv\\\/az\\\/article\\\/polis-reisinin-cagirisina-getmeyen-is-adaminin-hebs-edildiyi-bildirilir\\\/#primaryimage\"},\"thumbnailUrl\":\"https:\\\/\\\/www.meydan.tv\\\/wp-content\\\/uploads\\\/43190.jpg\",\"datePublished\":\"2023-10-18T14:13:38+00:00\",\"dateModified\":\"2023-10-18T20:09:45+00:00\",\"breadcrumb\":{\"@id\":\"https:\\\/\\\/www.meydan.tv\\\/az\\\/article\\\/polis-reisinin-cagirisina-getmeyen-is-adaminin-hebs-edildiyi-bildirilir\\\/#breadcrumb\"},\"inLanguage\":\"az\",\"potentialAction\":[{\"@type\":\"ReadAction\",\"target\":[\"https:\\\/\\\/www.meydan.tv\\\/az\\\/article\\\/polis-reisinin-cagirisina-getmeyen-is-adaminin-hebs-edildiyi-bildirilir\\\/\"]}]},{\"@type\":\"ImageObject\",\"inLanguage\":\"az\",\"@id\":\"https:\\\/\\\/www.meydan.tv\\\/az\\\/article\\\/polis-reisinin-cagirisina-getmeyen-is-adaminin-hebs-edildiyi-bildirilir\\\/#primaryimage\",\"url\":\"https:\\\/\\\/www.meydan.tv\\\/wp-content\\\/uploads\\\/43190.jpg\",\"contentUrl\":\"https:\\\/\\\/www.meydan.tv\\\/wp-content\\\/uploads\\\/43190.jpg\",\"width\":1280,\"height\":659,\"caption\":\"Foto: Az\u0259rtac\"},{\"@type\":\"BreadcrumbList\",\"@id\":\"https:\\\/\\\/www.meydan.tv\\\/az\\\/article\\\/polis-reisinin-cagirisina-getmeyen-is-adaminin-hebs-edildiyi-bildirilir\\\/#breadcrumb\",\"itemListElement\":[{\"@type\":\"ListItem\",\"position\":1,\"name\":\"Ana s\u0259hif\u0259\",\"item\":\"https:\\\/\\\/www.meydan.tv\\\/az\\\/\"},{\"@type\":\"ListItem\",\"position\":2,\"name\":\"B\u00f6lg\u0259\",\"item\":\"https:\\\/\\\/www.meydan.tv\\\/az\\\/section\\\/bolge\\\/\"},{\"@type\":\"ListItem\",\"position\":3,\"name\":\"Polis r\u0259isinin \u00e7a\u011f\u0131r\u0131\u015f\u0131na getm\u0259y\u0259n i\u015f adam\u0131n\u0131n h\u0259bs edildiyi bildirilir\"}]},{\"@type\":\"WebSite\",\"@id\":\"https:\\\/\\\/www.meydan.tv\\\/az\\\/#website\",\"url\":\"https:\\\/\\\/www.meydan.tv\\\/az\\\/\",\"name\":\"MEYDAN.TV\",\"description\":\"Meydan TV Az\u0259rbaycan\u0131n media m\u0259kan\u0131ndak\u0131 alternativ s\u0259sidir\",\"publisher\":{\"@id\":\"https:\\\/\\\/www.meydan.tv\\\/az\\\/#organization\"},\"potentialAction\":[{\"@type\":\"SearchAction\",\"target\":{\"@type\":\"EntryPoint\",\"urlTemplate\":\"https:\\\/\\\/www.meydan.tv\\\/az\\\/?s={search_term_string}\"},\"query-input\":{\"@type\":\"PropertyValueSpecification\",\"valueRequired\":true,\"valueName\":\"search_term_string\"}}],\"inLanguage\":\"az\"},{\"@type\":\"Organization\",\"@id\":\"https:\\\/\\\/www.meydan.tv\\\/az\\\/#organization\",\"name\":\"Meydan TV\",\"url\":\"https:\\\/\\\/www.meydan.tv\\\/az\\\/\",\"logo\":{\"@type\":\"ImageObject\",\"inLanguage\":\"az\",\"@id\":\"https:\\\/\\\/www.meydan.tv\\\/az\\\/#\\\/schema\\\/logo\\\/image\\\/\",\"url\":\"https:\\\/\\\/www.meydan.tv\\\/wp-content\\\/uploads\\\/2021\\\/07\\\/meydan-logo.svg\",\"contentUrl\":\"https:\\\/\\\/www.meydan.tv\\\/wp-content\\\/uploads\\\/2021\\\/07\\\/meydan-logo.svg\",\"width\":195,\"height\":46,\"caption\":\"Meydan TV\"},\"image\":{\"@id\":\"https:\\\/\\\/www.meydan.tv\\\/az\\\/#\\\/schema\\\/logo\\\/image\\\/\"}},{\"@type\":\"Person\",\"@id\":\"https:\\\/\\\/www.meydan.tv\\\/az\\\/#\\\/schema\\\/person\\\/09863e516102a829e72bedcf3f84c6b0\",\"name\":\"mahmud\"}]}<\/script>\n<!-- \/ Yoast SEO plugin. -->","yoast_head_json":{"title":"Polis r\u0259isinin \u00e7a\u011f\u0131r\u0131\u015f\u0131na getm\u0259y\u0259n i\u015f adam\u0131n\u0131n h\u0259bs edildiyi bildirilir - MEYDAN.TV","robots":{"index":"index","follow":"follow","max-snippet":"max-snippet:-1","max-image-preview":"max-image-preview:large","max-video-preview":"max-video-preview:-1"},"canonical":"https:\/\/www.meydan.tv\/az\/article\/polis-reisinin-cagirisina-getmeyen-is-adaminin-hebs-edildiyi-bildirilir\/","og_locale":"az_AZ","og_type":"article","og_title":"Polis r\u0259isinin \u00e7a\u011f\u0131r\u0131\u015f\u0131na getm\u0259y\u0259n i\u015f adam\u0131n\u0131n h\u0259bs edildiyi bildirilir - MEYDAN.TV","og_description":"\u018flikram A\u011fayev is\u0259 \u00fcnvan\u0131na s\u0259sl\u0259n\u0259n ittihamlar\u0131 q\u0259bul etm\u0259yib Lerikd\u0259 f\u0259aliyy\u0259t ... Davam\u0131","og_url":"https:\/\/www.meydan.tv\/az\/article\/polis-reisinin-cagirisina-getmeyen-is-adaminin-hebs-edildiyi-bildirilir\/","og_site_name":"MEYDAN.TV","article_published_time":"2023-10-18T14:13:38+00:00","article_modified_time":"2023-10-18T20:09:45+00:00","og_image":[{"width":1280,"height":659,"url":"https:\/\/www.meydan.tv\/wp-content\/uploads\/43190.jpg","type":"image\/jpeg"}],"author":"mahmud","twitter_card":"summary_large_image","schema":{"@context":"https:\/\/schema.org","@graph":[{"@type":"Article","@id":"https:\/\/www.meydan.tv\/az\/article\/polis-reisinin-cagirisina-getmeyen-is-adaminin-hebs-edildiyi-bildirilir\/#article","isPartOf":{"@id":"https:\/\/www.meydan.tv\/az\/article\/polis-reisinin-cagirisina-getmeyen-is-adaminin-hebs-edildiyi-bildirilir\/"},"author":{"name":"mahmud","@id":"https:\/\/www.meydan.tv\/az\/#\/schema\/person\/09863e516102a829e72bedcf3f84c6b0"},"headline":"Polis r\u0259isinin \u00e7a\u011f\u0131r\u0131\u015f\u0131na getm\u0259y\u0259n i\u015f adam\u0131n\u0131n h\u0259bs edildiyi bildirilir","datePublished":"2023-10-18T14:13:38+00:00","dateModified":"2023-10-18T20:09:45+00:00","mainEntityOfPage":{"@id":"https:\/\/www.meydan.tv\/az\/article\/polis-reisinin-cagirisina-getmeyen-is-adaminin-hebs-edildiyi-bildirilir\/"},"wordCount":525,"publisher":{"@id":"https:\/\/www.meydan.tv\/az\/#organization"},"image":{"@id":"https:\/\/www.meydan.tv\/az\/article\/polis-reisinin-cagirisina-getmeyen-is-adaminin-hebs-edildiyi-bildirilir\/#primaryimage"},"thumbnailUrl":"https:\/\/www.meydan.tv\/wp-content\/uploads\/43190.jpg","articleSection":["B\u00f6lg\u0259","X\u0259b\u0259rl\u0259r"],"inLanguage":"az"},{"@type":"WebPage","@id":"https:\/\/www.meydan.tv\/az\/article\/polis-reisinin-cagirisina-getmeyen-is-adaminin-hebs-edildiyi-bildirilir\/","url":"https:\/\/www.meydan.tv\/az\/article\/polis-reisinin-cagirisina-getmeyen-is-adaminin-hebs-edildiyi-bildirilir\/","name":"Polis r\u0259isinin \u00e7a\u011f\u0131r\u0131\u015f\u0131na getm\u0259y\u0259n i\u015f adam\u0131n\u0131n h\u0259bs edildiyi bildirilir - MEYDAN.TV","isPartOf":{"@id":"https:\/\/www.meydan.tv\/az\/#website"},"primaryImageOfPage":{"@id":"https:\/\/www.meydan.tv\/az\/article\/polis-reisinin-cagirisina-getmeyen-is-adaminin-hebs-edildiyi-bildirilir\/#primaryimage"},"image":{"@id":"https:\/\/www.meydan.tv\/az\/article\/polis-reisinin-cagirisina-getmeyen-is-adaminin-hebs-edildiyi-bildirilir\/#primaryimage"},"thumbnailUrl":"https:\/\/www.meydan.tv\/wp-content\/uploads\/43190.jpg","datePublished":"2023-10-18T14:13:38+00:00","dateModified":"2023-10-18T20:09:45+00:00","breadcrumb":{"@id":"https:\/\/www.meydan.tv\/az\/article\/polis-reisinin-cagirisina-getmeyen-is-adaminin-hebs-edildiyi-bildirilir\/#breadcrumb"},"inLanguage":"az","potentialAction":[{"@type":"ReadAction","target":["https:\/\/www.meydan.tv\/az\/article\/polis-reisinin-cagirisina-getmeyen-is-adaminin-hebs-edildiyi-bildirilir\/"]}]},{"@type":"ImageObject","inLanguage":"az","@id":"https:\/\/www.meydan.tv\/az\/article\/polis-reisinin-cagirisina-getmeyen-is-adaminin-hebs-edildiyi-bildirilir\/#primaryimage","url":"https:\/\/www.meydan.tv\/wp-content\/uploads\/43190.jpg","contentUrl":"https:\/\/www.meydan.tv\/wp-content\/uploads\/43190.jpg","width":1280,"height":659,"caption":"Foto: Az\u0259rtac"},{"@type":"BreadcrumbList","@id":"https:\/\/www.meydan.tv\/az\/article\/polis-reisinin-cagirisina-getmeyen-is-adaminin-hebs-edildiyi-bildirilir\/#breadcrumb","itemListElement":[{"@type":"ListItem","position":1,"name":"Ana s\u0259hif\u0259","item":"https:\/\/www.meydan.tv\/az\/"},{"@type":"ListItem","position":2,"name":"B\u00f6lg\u0259","item":"https:\/\/www.meydan.tv\/az\/section\/bolge\/"},{"@type":"ListItem","position":3,"name":"Polis r\u0259isinin \u00e7a\u011f\u0131r\u0131\u015f\u0131na getm\u0259y\u0259n i\u015f adam\u0131n\u0131n h\u0259bs edildiyi bildirilir"}]},{"@type":"WebSite","@id":"https:\/\/www.meydan.tv\/az\/#website","url":"https:\/\/www.meydan.tv\/az\/","name":"MEYDAN.TV","description":"Meydan TV Az\u0259rbaycan\u0131n media m\u0259kan\u0131ndak\u0131 alternativ s\u0259sidir","publisher":{"@id":"https:\/\/www.meydan.tv\/az\/#organization"},"potentialAction":[{"@type":"SearchAction","target":{"@type":"EntryPoint","urlTemplate":"https:\/\/www.meydan.tv\/az\/?s={search_term_string}"},"query-input":{"@type":"PropertyValueSpecification","valueRequired":true,"valueName":"search_term_string"}}],"inLanguage":"az"},{"@type":"Organization","@id":"https:\/\/www.meydan.tv\/az\/#organization","name":"Meydan TV","url":"https:\/\/www.meydan.tv\/az\/","logo":{"@type":"ImageObject","inLanguage":"az","@id":"https:\/\/www.meydan.tv\/az\/#\/schema\/logo\/image\/","url":"https:\/\/www.meydan.tv\/wp-content\/uploads\/2021\/07\/meydan-logo.svg","contentUrl":"https:\/\/www.meydan.tv\/wp-content\/uploads\/2021\/07\/meydan-logo.svg","width":195,"height":46,"caption":"Meydan TV"},"image":{"@id":"https:\/\/www.meydan.tv\/az\/#\/schema\/logo\/image\/"}},{"@type":"Person","@id":"https:\/\/www.meydan.tv\/az\/#\/schema\/person\/09863e516102a829e72bedcf3f84c6b0","name":"mahmud"}]}},"_links":{"self":[{"href":"https:\/\/www.meydan.tv\/az\/wp-json\/wp\/v2\/posts\/288236","targetHints":{"allow":["GET"]}}],"collection":[{"href":"https:\/\/www.meydan.tv\/az\/wp-json\/wp\/v2\/posts"}],"about":[{"href":"https:\/\/www.meydan.tv\/az\/wp-json\/wp\/v2\/types\/post"}],"author":[{"embeddable":true,"href":"https:\/\/www.meydan.tv\/az\/wp-json\/wp\/v2\/users\/21"}],"replies":[{"embeddable":true,"href":"https:\/\/www.meydan.tv\/az\/wp-json\/wp\/v2\/comments?post=288236"}],"version-history":[{"count":3,"href":"https:\/\/www.meydan.tv\/az\/wp-json\/wp\/v2\/posts\/288236\/revisions"}],"predecessor-version":[{"id":288252,"href":"https:\/\/www.meydan.tv\/az\/wp-json\/wp\/v2\/posts\/288236\/revisions\/288252"}],"wp:featuredmedia":[{"embeddable":true,"href":"https:\/\/www.meydan.tv\/az\/wp-json\/wp\/v2\/media\/108637"}],"wp:attachment":[{"href":"https:\/\/www.meydan.tv\/az\/wp-json\/wp\/v2\/media?parent=288236"}],"wp:term":[{"taxonomy":"category","embeddable":true,"href":"https:\/\/www.meydan.tv\/az\/wp-json\/wp\/v2\/categories?post=288236"},{"taxonomy":"post_tag","embeddable":true,"href":"https:\/\/www.meydan.tv\/az\/wp-json\/wp\/v2\/tags?post=288236"}],"curies":[{"name":"wp","href":"https:\/\/api.w.org\/{rel}","templated":true}]}}