{"id":288098,"date":"2023-10-17T17:43:30","date_gmt":"2023-10-17T13:43:30","guid":{"rendered":"https:\/\/www.meydan.tv\/?p=288098"},"modified":"2023-10-17T19:59:30","modified_gmt":"2023-10-17T15:59:30","slug":"4-azerbaycanli-denizcinin-ereb-emirliklerinde-girov-saxlanildigi-bildirlir","status":"publish","type":"post","link":"https:\/\/www.meydan.tv\/az\/article\/4-azerbaycanli-denizcinin-ereb-emirliklerinde-girov-saxlanildigi-bildirlir\/","title":{"rendered":"4 az\u0259rbaycanl\u0131 d\u0259niz\u00e7inin \u018fr\u0259b \u018fmirlikl\u0259rind\u0259 girov saxlan\u0131ld\u0131\u011f\u0131 bildirilir"},"content":{"rendered":"\n<p><strong><em>Ail\u0259l\u0259ri X\u0130N-\u0259 m\u00fcraci\u0259t edib, h\u0259l\u0259 ki n\u0259tic\u0259 yoxdur<\/em><\/strong><\/p>\n\n\n\n<p>Az\u0259rbaycan v\u0259t\u0259nda\u015f\u0131 olan 4 d\u0259niz\u00e7inin Birl\u0259\u015fmi\u015f \u018fr\u0259b \u018fmirlikl\u0259rind\u0259 (B\u018f\u018f) girov saxlan\u0131ld\u0131\u011f\u0131 bildirilir.<\/p>\n\n\n\n<p>D\u0259niz\u00e7il\u0259rd\u0259n birinin ni\u015fanl\u0131s\u0131 \u0130lah\u0259 F\u0259tullayeva Meydan TV-y\u0259 bildirib ki, \u0130lyas Eyvazov Elman o\u011flu, Mazay Qurbanov Sar\u0131 o\u011flu, El\u00e7in N\u0259c\u0259fov El\u015fad o\u011flu v\u0259 \u018fb\u00fclf\u0259z H\u0259midov \u018fyyub o\u011flu bu il avqustun 20-d\u0259n Abu-Dabid\u0259 saxlan\u0131l\u0131r.<\/p>\n\n\n\n<p>H\u0259min \u015f\u0259xsl\u0259r \u201cST Shipping Survey Technical Consultancy Co\u201d \u015firk\u0259ti il\u0259 m\u00fcqavil\u0259 ba\u011flayaraq, 2022-ci ilin dekabr\u0131ndan \u201cGelibolu\u201d g\u0259misind\u0259 i\u015fl\u0259m\u0259y\u0259 ba\u015flay\u0131blar.<\/p>\n\n\n\n<p>\u0130lah\u0259 F\u0259tullayevan\u0131n s\u00f6zl\u0259rin\u0259 g\u00f6r\u0259, d\u0259niz\u00e7il\u0259r 2023-c\u00fc il avqustun \u0259vv\u0259lind\u0259 Birl\u0259\u015fmi\u015f \u018fr\u0259b \u018fmirlikl\u0259rind\u0259ki \u201cMina Saqr\u201d liman\u0131nda 1200 ton ammonium nitrat olan y\u00fck\u00fc t\u0259hvil verdikd\u0259n sonra avqustin 9-da l\u00f6vb\u0259r salaraq, n\u00f6vb\u0259ti y\u00fck\u00fc g\u00f6zl\u0259yibl\u0259r:<\/p>\n\n\n\n<p><em>\u201cLakin avqustun 20-d\u0259 onlar\u0131 limana geri qaytararaq, y\u00fck\u00fcn az olmas\u0131 bar\u0259d\u0259 m\u0259lumat veribl\u0259r. Y\u00fck\u00fc t\u0259hvil alan \u015firk\u0259t iddia edib ki, m\u0259hsul k\u0259mdir. D\u0259niz\u00e7il\u0259ri hans\u0131sa polis b\u00f6lm\u0259sin\u0259 apar\u0131blar. Sonuncu m\u0259lumata g\u00f6r\u0259, onlar Abu-Dabid\u0259dirl\u0259r\u201d.<\/em><\/p>\n\n\n\n<p>\u015eikay\u0259t\u00e7inin s\u00f6zl\u0259rin\u0259 g\u00f6r\u0259, ail\u0259l\u0259ri d\u0259niz\u00e7il\u0259rl\u0259 \u0259laq\u0259 saxlaya bilmirl\u0259r:<\/p>\n\n\n\n<p><em>\u201c\u00dcst\u0259lik, \u015firk\u0259t d\u0259 biz\u0259 he\u00e7 n\u0259 demir, z\u0259ng edirik, cavab vermirl\u0259r. \u015eirk\u0259tin r\u0259hb\u0259ri Kaan Ak\u0131nc\u0131 valideynl\u0259rin z\u0259ngl\u0259rini iqnora qoyur. \u015eirk\u0259t deyir ki, m\u0259hk\u0259m\u0259ni g\u00f6zl\u0259yin. D\u0259niz\u00e7il\u0259r iki d\u0259f\u0259 acl\u0131q aksiyas\u0131 edibl\u0259r. Az\u0259rbaycan Xarici \u0130\u015fl\u0259r Nazirliyin\u0259 m\u00fcraci\u0259t etdik. X\u0130N Abu-Dabid\u0259ki S\u0259firliyimiz\u0259 yazd\u0131. S\u0259firliyimiz d\u0259 onlar\u0131n Ba\u015f Prokurorlu\u011funa yaz\u0131b. M\u0259ktublara cavab vermirl\u0259r. \u0130\u015f o yer\u0259 \u00e7atd\u0131 ki, s\u0259firliyimizin \u0259m\u0259kda\u015f\u0131 onlara nota g\u00f6nd\u0259rdi. \u201cAra\u015fd\u0131r\u0131b, siz\u0259 geri d\u00f6n\u0259c\u0259yik\u201d, &#8211; dem\u0259kl\u0259 kifay\u0259tl\u0259ndil\u0259r\u201d<\/em>.<\/p>\n\n\n\n<p>Az\u0259rbaycan D\u0259niz\u00e7il\u0259rin\u0259 D\u0259st\u0259k \u0130ctimai Birliyinin s\u0259dri \u0130lham N\u0259sirov Meydan TV-y\u0259 bildirib ki, d\u0259niz\u00e7il\u0259rin valideynl\u0259ri m\u0259s\u0259l\u0259 il\u0259 \u0259laq\u0259dar Birliy\u0259 m\u00fcraci\u0259t edibl\u0259r:<\/p>\n\n\n\n<p><em>\u201cD\u00f6rd d\u0259niz\u00e7i haqq\u0131nda m\u0259lumatlar\u0131 toplay\u0131b, Az\u0259rbaycan\u0131n D\u00f6vl\u0259t D\u0259niz v\u0259 Liman Agentliyin\u0259, X\u0130N-\u0259, \u00f6lk\u0259mizin B\u018f\u018f-d\u0259ki S\u0259firliyin\u0259, beyn\u0259lxalq t\u0259\u015fkilatlara v\u0259 \u201cGelibolu\u201d g\u0259misinin sahibin\u0259 birba\u015fa m\u00fcraci\u0259t etdik. T\u0259\u0259ss\u00fcf ki, aidiyy\u0259ti \u015firk\u0259t h\u0259m d\u0259niz\u00e7il\u0259rin ail\u0259l\u0259rin\u0259, h\u0259m d\u0259 biz\u0259 aqressiv cavablar verir. Do\u011fru m\u0259lumat vermir, n\u0259 ba\u015f verdiyini gizl\u0259dir. Kimin n\u0259d\u0259 ittiham olunmas\u0131 bar\u0259d\u0259 d\u0259qiq m\u0259lumat vermirl\u0259r. Biri yaz\u0131r ki, narkotik vasit\u0259l\u0259rl\u0259 tutulub, dig\u0259ri yaz\u0131r ki, y\u00fck k\u0259mdir. D\u0259niz\u00e7il\u0259rin is\u0259 aqib\u0259tind\u0259n x\u0259b\u0259rimiz yoxdur. Onlar\u0131n harada saxlan\u0131ld\u0131qlar\u0131 b\u0259lli deyil. Onu bilirik ki, 40 g\u00fcnd\u0259n \u00e7oxdur ki, h\u0259bsd\u0259dirl\u0259r\u201d.<\/em><\/p>\n\n\n\n<p>Meydan TV m\u0259s\u0259l\u0259 il\u0259 \u0259laq\u0259dar Az\u0259rbaycan Xarici \u0130\u015fl\u0259r Nazirliyin\u0259 sor\u011fu g\u00f6nd\u0259rib.<\/p>\n\n\n\n<p>Sor\u011fuya cavab verilm\u0259yib.<\/p>\n\n\n\n<p>\u201cST Shipping Survey Technical Consultancy Co\u201d \u015firk\u0259tinin \u018fm\u0259liyyatlar \u00fczr\u0259 meneceri Kaan Ak\u0131nc\u0131 da Meydan TV-nin z\u0259ngl\u0259rini cavabs\u0131z burax\u0131b.<\/p>\n\n\n\n<p>Kaan Ak\u0131nc\u0131 \u201cLinkedin\u201dd\u0259 <a href=\"https:\/\/www.linkedin.com\/posts\/kaan-akinci-552670237_mv-gelibolu-delivered-120000-mts-ammonium-activity-7095465024789356544-u1Vk?trk=public_profile_share_view\">yaz\u0131b<\/a> ki, y\u00fck he\u00e7 bir problem olmadan al\u0131c\u0131ya \u00e7atd\u0131r\u0131l\u0131b.<\/p>\n","protected":false},"excerpt":{"rendered":"<p>Ail\u0259l\u0259ri X\u0130N-\u0259 m\u00fcraci\u0259t edib, h\u0259l\u0259 ki n\u0259tic\u0259 yoxdur Az\u0259rbaycan v\u0259t\u0259nda\u015f\u0131 &#8230; <\/p>\n<p class=\"read-more-container\"><a title=\"4 az\u0259rbaycanl\u0131 d\u0259niz\u00e7inin \u018fr\u0259b \u018fmirlikl\u0259rind\u0259 girov saxlan\u0131ld\u0131\u011f\u0131 bildirilir\" class=\"read-more button\" href=\"https:\/\/www.meydan.tv\/az\/article\/4-azerbaycanli-denizcinin-ereb-emirliklerinde-girov-saxlanildigi-bildirlir\/#more-288098\" aria-label=\"Read more about 4 az\u0259rbaycanl\u0131 d\u0259niz\u00e7inin \u018fr\u0259b \u018fmirlikl\u0259rind\u0259 girov saxlan\u0131ld\u0131\u011f\u0131 bildirilir\">Davam\u0131<\/a><\/p>\n","protected":false},"author":21,"featured_media":127427,"comment_status":"closed","ping_status":"closed","sticky":false,"template":"","format":"standard","meta":{"_acf_changed":false,"_sitemap_exclude":false,"_sitemap_priority":"","_sitemap_frequency":"","footnotes":""},"categories":[62,56],"tags":[],"class_list":["post-288098","post","type-post","status-publish","format-standard","has-post-thumbnail","hentry","category-sosial","category-xeberler","infinite-scroll-item","generate-columns","tablet-grid-50","mobile-grid-100","grid-parent","grid-33","no-featured-image-padding"],"acf":[],"yoast_head":"<!-- This site is optimized with the Yoast SEO plugin v27.5 - https:\/\/yoast.com\/product\/yoast-seo-wordpress\/ -->\n<title>4 az\u0259rbaycanl\u0131 d\u0259niz\u00e7inin \u018fr\u0259b \u018fmirlikl\u0259rind\u0259 girov saxlan\u0131ld\u0131\u011f\u0131 bildirilir - MEYDAN.TV<\/title>\n<meta name=\"robots\" content=\"index, follow, max-snippet:-1, max-image-preview:large, max-video-preview:-1\" \/>\n<link rel=\"canonical\" href=\"https:\/\/www.meydan.tv\/az\/article\/4-azerbaycanli-denizcinin-ereb-emirliklerinde-girov-saxlanildigi-bildirlir\/\" \/>\n<meta property=\"og:locale\" content=\"az_AZ\" \/>\n<meta property=\"og:type\" content=\"article\" \/>\n<meta property=\"og:title\" content=\"4 az\u0259rbaycanl\u0131 d\u0259niz\u00e7inin \u018fr\u0259b \u018fmirlikl\u0259rind\u0259 girov saxlan\u0131ld\u0131\u011f\u0131 bildirilir - MEYDAN.TV\" \/>\n<meta property=\"og:description\" content=\"Ail\u0259l\u0259ri X\u0130N-\u0259 m\u00fcraci\u0259t edib, h\u0259l\u0259 ki n\u0259tic\u0259 yoxdur Az\u0259rbaycan v\u0259t\u0259nda\u015f\u0131 ... Davam\u0131\" \/>\n<meta property=\"og:url\" content=\"https:\/\/www.meydan.tv\/az\/article\/4-azerbaycanli-denizcinin-ereb-emirliklerinde-girov-saxlanildigi-bildirlir\/\" \/>\n<meta property=\"og:site_name\" content=\"MEYDAN.TV\" \/>\n<meta property=\"article:published_time\" content=\"2023-10-17T13:43:30+00:00\" \/>\n<meta property=\"article:modified_time\" content=\"2023-10-17T15:59:30+00:00\" \/>\n<meta property=\"og:image\" content=\"https:\/\/www.meydan.tv\/wp-content\/uploads\/f2ab2cce-9203-491f-bdcb-50ffc0eb7eaa_w1023_r1_s.jpg\" \/>\n\t<meta property=\"og:image:width\" content=\"1023\" \/>\n\t<meta property=\"og:image:height\" content=\"575\" \/>\n\t<meta property=\"og:image:type\" content=\"image\/jpeg\" \/>\n<meta name=\"author\" content=\"mahmud\" \/>\n<meta name=\"twitter:card\" content=\"summary_large_image\" \/>\n<script type=\"application\/ld+json\" class=\"yoast-schema-graph\">{\"@context\":\"https:\\\/\\\/schema.org\",\"@graph\":[{\"@type\":\"Article\",\"@id\":\"https:\\\/\\\/www.meydan.tv\\\/az\\\/article\\\/4-azerbaycanli-denizcinin-ereb-emirliklerinde-girov-saxlanildigi-bildirlir\\\/#article\",\"isPartOf\":{\"@id\":\"https:\\\/\\\/www.meydan.tv\\\/az\\\/article\\\/4-azerbaycanli-denizcinin-ereb-emirliklerinde-girov-saxlanildigi-bildirlir\\\/\"},\"author\":{\"name\":\"mahmud\",\"@id\":\"https:\\\/\\\/www.meydan.tv\\\/az\\\/#\\\/schema\\\/person\\\/09863e516102a829e72bedcf3f84c6b0\"},\"headline\":\"4 az\u0259rbaycanl\u0131 d\u0259niz\u00e7inin \u018fr\u0259b \u018fmirlikl\u0259rind\u0259 girov saxlan\u0131ld\u0131\u011f\u0131 bildirilir\",\"datePublished\":\"2023-10-17T13:43:30+00:00\",\"dateModified\":\"2023-10-17T15:59:30+00:00\",\"mainEntityOfPage\":{\"@id\":\"https:\\\/\\\/www.meydan.tv\\\/az\\\/article\\\/4-azerbaycanli-denizcinin-ereb-emirliklerinde-girov-saxlanildigi-bildirlir\\\/\"},\"wordCount\":626,\"publisher\":{\"@id\":\"https:\\\/\\\/www.meydan.tv\\\/az\\\/#organization\"},\"image\":{\"@id\":\"https:\\\/\\\/www.meydan.tv\\\/az\\\/article\\\/4-azerbaycanli-denizcinin-ereb-emirliklerinde-girov-saxlanildigi-bildirlir\\\/#primaryimage\"},\"thumbnailUrl\":\"https:\\\/\\\/www.meydan.tv\\\/wp-content\\\/uploads\\\/f2ab2cce-9203-491f-bdcb-50ffc0eb7eaa_w1023_r1_s.jpg\",\"articleSection\":[\"Sosial\",\"X\u0259b\u0259rl\u0259r\"],\"inLanguage\":\"az\"},{\"@type\":\"WebPage\",\"@id\":\"https:\\\/\\\/www.meydan.tv\\\/az\\\/article\\\/4-azerbaycanli-denizcinin-ereb-emirliklerinde-girov-saxlanildigi-bildirlir\\\/\",\"url\":\"https:\\\/\\\/www.meydan.tv\\\/az\\\/article\\\/4-azerbaycanli-denizcinin-ereb-emirliklerinde-girov-saxlanildigi-bildirlir\\\/\",\"name\":\"4 az\u0259rbaycanl\u0131 d\u0259niz\u00e7inin \u018fr\u0259b \u018fmirlikl\u0259rind\u0259 girov saxlan\u0131ld\u0131\u011f\u0131 bildirilir - MEYDAN.TV\",\"isPartOf\":{\"@id\":\"https:\\\/\\\/www.meydan.tv\\\/az\\\/#website\"},\"primaryImageOfPage\":{\"@id\":\"https:\\\/\\\/www.meydan.tv\\\/az\\\/article\\\/4-azerbaycanli-denizcinin-ereb-emirliklerinde-girov-saxlanildigi-bildirlir\\\/#primaryimage\"},\"image\":{\"@id\":\"https:\\\/\\\/www.meydan.tv\\\/az\\\/article\\\/4-azerbaycanli-denizcinin-ereb-emirliklerinde-girov-saxlanildigi-bildirlir\\\/#primaryimage\"},\"thumbnailUrl\":\"https:\\\/\\\/www.meydan.tv\\\/wp-content\\\/uploads\\\/f2ab2cce-9203-491f-bdcb-50ffc0eb7eaa_w1023_r1_s.jpg\",\"datePublished\":\"2023-10-17T13:43:30+00:00\",\"dateModified\":\"2023-10-17T15:59:30+00:00\",\"breadcrumb\":{\"@id\":\"https:\\\/\\\/www.meydan.tv\\\/az\\\/article\\\/4-azerbaycanli-denizcinin-ereb-emirliklerinde-girov-saxlanildigi-bildirlir\\\/#breadcrumb\"},\"inLanguage\":\"az\",\"potentialAction\":[{\"@type\":\"ReadAction\",\"target\":[\"https:\\\/\\\/www.meydan.tv\\\/az\\\/article\\\/4-azerbaycanli-denizcinin-ereb-emirliklerinde-girov-saxlanildigi-bildirlir\\\/\"]}]},{\"@type\":\"ImageObject\",\"inLanguage\":\"az\",\"@id\":\"https:\\\/\\\/www.meydan.tv\\\/az\\\/article\\\/4-azerbaycanli-denizcinin-ereb-emirliklerinde-girov-saxlanildigi-bildirlir\\\/#primaryimage\",\"url\":\"https:\\\/\\\/www.meydan.tv\\\/wp-content\\\/uploads\\\/f2ab2cce-9203-491f-bdcb-50ffc0eb7eaa_w1023_r1_s.jpg\",\"contentUrl\":\"https:\\\/\\\/www.meydan.tv\\\/wp-content\\\/uploads\\\/f2ab2cce-9203-491f-bdcb-50ffc0eb7eaa_w1023_r1_s.jpg\",\"width\":1023,\"height\":575,\"caption\":\"Foto: arxiv\"},{\"@type\":\"BreadcrumbList\",\"@id\":\"https:\\\/\\\/www.meydan.tv\\\/az\\\/article\\\/4-azerbaycanli-denizcinin-ereb-emirliklerinde-girov-saxlanildigi-bildirlir\\\/#breadcrumb\",\"itemListElement\":[{\"@type\":\"ListItem\",\"position\":1,\"name\":\"Ana s\u0259hif\u0259\",\"item\":\"https:\\\/\\\/www.meydan.tv\\\/az\\\/\"},{\"@type\":\"ListItem\",\"position\":2,\"name\":\"Sosial\",\"item\":\"https:\\\/\\\/www.meydan.tv\\\/az\\\/section\\\/sosial\\\/\"},{\"@type\":\"ListItem\",\"position\":3,\"name\":\"4 az\u0259rbaycanl\u0131 d\u0259niz\u00e7inin \u018fr\u0259b \u018fmirlikl\u0259rind\u0259 girov saxlan\u0131ld\u0131\u011f\u0131 bildirilir\"}]},{\"@type\":\"WebSite\",\"@id\":\"https:\\\/\\\/www.meydan.tv\\\/az\\\/#website\",\"url\":\"https:\\\/\\\/www.meydan.tv\\\/az\\\/\",\"name\":\"MEYDAN.TV\",\"description\":\"Meydan TV Az\u0259rbaycan\u0131n media m\u0259kan\u0131ndak\u0131 alternativ s\u0259sidir\",\"publisher\":{\"@id\":\"https:\\\/\\\/www.meydan.tv\\\/az\\\/#organization\"},\"potentialAction\":[{\"@type\":\"SearchAction\",\"target\":{\"@type\":\"EntryPoint\",\"urlTemplate\":\"https:\\\/\\\/www.meydan.tv\\\/az\\\/?s={search_term_string}\"},\"query-input\":{\"@type\":\"PropertyValueSpecification\",\"valueRequired\":true,\"valueName\":\"search_term_string\"}}],\"inLanguage\":\"az\"},{\"@type\":\"Organization\",\"@id\":\"https:\\\/\\\/www.meydan.tv\\\/az\\\/#organization\",\"name\":\"Meydan TV\",\"url\":\"https:\\\/\\\/www.meydan.tv\\\/az\\\/\",\"logo\":{\"@type\":\"ImageObject\",\"inLanguage\":\"az\",\"@id\":\"https:\\\/\\\/www.meydan.tv\\\/az\\\/#\\\/schema\\\/logo\\\/image\\\/\",\"url\":\"https:\\\/\\\/www.meydan.tv\\\/wp-content\\\/uploads\\\/2021\\\/07\\\/meydan-logo.svg\",\"contentUrl\":\"https:\\\/\\\/www.meydan.tv\\\/wp-content\\\/uploads\\\/2021\\\/07\\\/meydan-logo.svg\",\"width\":195,\"height\":46,\"caption\":\"Meydan TV\"},\"image\":{\"@id\":\"https:\\\/\\\/www.meydan.tv\\\/az\\\/#\\\/schema\\\/logo\\\/image\\\/\"}},{\"@type\":\"Person\",\"@id\":\"https:\\\/\\\/www.meydan.tv\\\/az\\\/#\\\/schema\\\/person\\\/09863e516102a829e72bedcf3f84c6b0\",\"name\":\"mahmud\"}]}<\/script>\n<!-- \/ Yoast SEO plugin. -->","yoast_head_json":{"title":"4 az\u0259rbaycanl\u0131 d\u0259niz\u00e7inin \u018fr\u0259b \u018fmirlikl\u0259rind\u0259 girov saxlan\u0131ld\u0131\u011f\u0131 bildirilir - MEYDAN.TV","robots":{"index":"index","follow":"follow","max-snippet":"max-snippet:-1","max-image-preview":"max-image-preview:large","max-video-preview":"max-video-preview:-1"},"canonical":"https:\/\/www.meydan.tv\/az\/article\/4-azerbaycanli-denizcinin-ereb-emirliklerinde-girov-saxlanildigi-bildirlir\/","og_locale":"az_AZ","og_type":"article","og_title":"4 az\u0259rbaycanl\u0131 d\u0259niz\u00e7inin \u018fr\u0259b \u018fmirlikl\u0259rind\u0259 girov saxlan\u0131ld\u0131\u011f\u0131 bildirilir - MEYDAN.TV","og_description":"Ail\u0259l\u0259ri X\u0130N-\u0259 m\u00fcraci\u0259t edib, h\u0259l\u0259 ki n\u0259tic\u0259 yoxdur Az\u0259rbaycan v\u0259t\u0259nda\u015f\u0131 ... Davam\u0131","og_url":"https:\/\/www.meydan.tv\/az\/article\/4-azerbaycanli-denizcinin-ereb-emirliklerinde-girov-saxlanildigi-bildirlir\/","og_site_name":"MEYDAN.TV","article_published_time":"2023-10-17T13:43:30+00:00","article_modified_time":"2023-10-17T15:59:30+00:00","og_image":[{"width":1023,"height":575,"url":"https:\/\/www.meydan.tv\/wp-content\/uploads\/f2ab2cce-9203-491f-bdcb-50ffc0eb7eaa_w1023_r1_s.jpg","type":"image\/jpeg"}],"author":"mahmud","twitter_card":"summary_large_image","schema":{"@context":"https:\/\/schema.org","@graph":[{"@type":"Article","@id":"https:\/\/www.meydan.tv\/az\/article\/4-azerbaycanli-denizcinin-ereb-emirliklerinde-girov-saxlanildigi-bildirlir\/#article","isPartOf":{"@id":"https:\/\/www.meydan.tv\/az\/article\/4-azerbaycanli-denizcinin-ereb-emirliklerinde-girov-saxlanildigi-bildirlir\/"},"author":{"name":"mahmud","@id":"https:\/\/www.meydan.tv\/az\/#\/schema\/person\/09863e516102a829e72bedcf3f84c6b0"},"headline":"4 az\u0259rbaycanl\u0131 d\u0259niz\u00e7inin \u018fr\u0259b \u018fmirlikl\u0259rind\u0259 girov saxlan\u0131ld\u0131\u011f\u0131 bildirilir","datePublished":"2023-10-17T13:43:30+00:00","dateModified":"2023-10-17T15:59:30+00:00","mainEntityOfPage":{"@id":"https:\/\/www.meydan.tv\/az\/article\/4-azerbaycanli-denizcinin-ereb-emirliklerinde-girov-saxlanildigi-bildirlir\/"},"wordCount":626,"publisher":{"@id":"https:\/\/www.meydan.tv\/az\/#organization"},"image":{"@id":"https:\/\/www.meydan.tv\/az\/article\/4-azerbaycanli-denizcinin-ereb-emirliklerinde-girov-saxlanildigi-bildirlir\/#primaryimage"},"thumbnailUrl":"https:\/\/www.meydan.tv\/wp-content\/uploads\/f2ab2cce-9203-491f-bdcb-50ffc0eb7eaa_w1023_r1_s.jpg","articleSection":["Sosial","X\u0259b\u0259rl\u0259r"],"inLanguage":"az"},{"@type":"WebPage","@id":"https:\/\/www.meydan.tv\/az\/article\/4-azerbaycanli-denizcinin-ereb-emirliklerinde-girov-saxlanildigi-bildirlir\/","url":"https:\/\/www.meydan.tv\/az\/article\/4-azerbaycanli-denizcinin-ereb-emirliklerinde-girov-saxlanildigi-bildirlir\/","name":"4 az\u0259rbaycanl\u0131 d\u0259niz\u00e7inin \u018fr\u0259b \u018fmirlikl\u0259rind\u0259 girov saxlan\u0131ld\u0131\u011f\u0131 bildirilir - MEYDAN.TV","isPartOf":{"@id":"https:\/\/www.meydan.tv\/az\/#website"},"primaryImageOfPage":{"@id":"https:\/\/www.meydan.tv\/az\/article\/4-azerbaycanli-denizcinin-ereb-emirliklerinde-girov-saxlanildigi-bildirlir\/#primaryimage"},"image":{"@id":"https:\/\/www.meydan.tv\/az\/article\/4-azerbaycanli-denizcinin-ereb-emirliklerinde-girov-saxlanildigi-bildirlir\/#primaryimage"},"thumbnailUrl":"https:\/\/www.meydan.tv\/wp-content\/uploads\/f2ab2cce-9203-491f-bdcb-50ffc0eb7eaa_w1023_r1_s.jpg","datePublished":"2023-10-17T13:43:30+00:00","dateModified":"2023-10-17T15:59:30+00:00","breadcrumb":{"@id":"https:\/\/www.meydan.tv\/az\/article\/4-azerbaycanli-denizcinin-ereb-emirliklerinde-girov-saxlanildigi-bildirlir\/#breadcrumb"},"inLanguage":"az","potentialAction":[{"@type":"ReadAction","target":["https:\/\/www.meydan.tv\/az\/article\/4-azerbaycanli-denizcinin-ereb-emirliklerinde-girov-saxlanildigi-bildirlir\/"]}]},{"@type":"ImageObject","inLanguage":"az","@id":"https:\/\/www.meydan.tv\/az\/article\/4-azerbaycanli-denizcinin-ereb-emirliklerinde-girov-saxlanildigi-bildirlir\/#primaryimage","url":"https:\/\/www.meydan.tv\/wp-content\/uploads\/f2ab2cce-9203-491f-bdcb-50ffc0eb7eaa_w1023_r1_s.jpg","contentUrl":"https:\/\/www.meydan.tv\/wp-content\/uploads\/f2ab2cce-9203-491f-bdcb-50ffc0eb7eaa_w1023_r1_s.jpg","width":1023,"height":575,"caption":"Foto: arxiv"},{"@type":"BreadcrumbList","@id":"https:\/\/www.meydan.tv\/az\/article\/4-azerbaycanli-denizcinin-ereb-emirliklerinde-girov-saxlanildigi-bildirlir\/#breadcrumb","itemListElement":[{"@type":"ListItem","position":1,"name":"Ana s\u0259hif\u0259","item":"https:\/\/www.meydan.tv\/az\/"},{"@type":"ListItem","position":2,"name":"Sosial","item":"https:\/\/www.meydan.tv\/az\/section\/sosial\/"},{"@type":"ListItem","position":3,"name":"4 az\u0259rbaycanl\u0131 d\u0259niz\u00e7inin \u018fr\u0259b \u018fmirlikl\u0259rind\u0259 girov saxlan\u0131ld\u0131\u011f\u0131 bildirilir"}]},{"@type":"WebSite","@id":"https:\/\/www.meydan.tv\/az\/#website","url":"https:\/\/www.meydan.tv\/az\/","name":"MEYDAN.TV","description":"Meydan TV Az\u0259rbaycan\u0131n media m\u0259kan\u0131ndak\u0131 alternativ s\u0259sidir","publisher":{"@id":"https:\/\/www.meydan.tv\/az\/#organization"},"potentialAction":[{"@type":"SearchAction","target":{"@type":"EntryPoint","urlTemplate":"https:\/\/www.meydan.tv\/az\/?s={search_term_string}"},"query-input":{"@type":"PropertyValueSpecification","valueRequired":true,"valueName":"search_term_string"}}],"inLanguage":"az"},{"@type":"Organization","@id":"https:\/\/www.meydan.tv\/az\/#organization","name":"Meydan TV","url":"https:\/\/www.meydan.tv\/az\/","logo":{"@type":"ImageObject","inLanguage":"az","@id":"https:\/\/www.meydan.tv\/az\/#\/schema\/logo\/image\/","url":"https:\/\/www.meydan.tv\/wp-content\/uploads\/2021\/07\/meydan-logo.svg","contentUrl":"https:\/\/www.meydan.tv\/wp-content\/uploads\/2021\/07\/meydan-logo.svg","width":195,"height":46,"caption":"Meydan TV"},"image":{"@id":"https:\/\/www.meydan.tv\/az\/#\/schema\/logo\/image\/"}},{"@type":"Person","@id":"https:\/\/www.meydan.tv\/az\/#\/schema\/person\/09863e516102a829e72bedcf3f84c6b0","name":"mahmud"}]}},"_links":{"self":[{"href":"https:\/\/www.meydan.tv\/az\/wp-json\/wp\/v2\/posts\/288098","targetHints":{"allow":["GET"]}}],"collection":[{"href":"https:\/\/www.meydan.tv\/az\/wp-json\/wp\/v2\/posts"}],"about":[{"href":"https:\/\/www.meydan.tv\/az\/wp-json\/wp\/v2\/types\/post"}],"author":[{"embeddable":true,"href":"https:\/\/www.meydan.tv\/az\/wp-json\/wp\/v2\/users\/21"}],"replies":[{"embeddable":true,"href":"https:\/\/www.meydan.tv\/az\/wp-json\/wp\/v2\/comments?post=288098"}],"version-history":[{"count":2,"href":"https:\/\/www.meydan.tv\/az\/wp-json\/wp\/v2\/posts\/288098\/revisions"}],"predecessor-version":[{"id":288106,"href":"https:\/\/www.meydan.tv\/az\/wp-json\/wp\/v2\/posts\/288098\/revisions\/288106"}],"wp:featuredmedia":[{"embeddable":true,"href":"https:\/\/www.meydan.tv\/az\/wp-json\/wp\/v2\/media\/127427"}],"wp:attachment":[{"href":"https:\/\/www.meydan.tv\/az\/wp-json\/wp\/v2\/media?parent=288098"}],"wp:term":[{"taxonomy":"category","embeddable":true,"href":"https:\/\/www.meydan.tv\/az\/wp-json\/wp\/v2\/categories?post=288098"},{"taxonomy":"post_tag","embeddable":true,"href":"https:\/\/www.meydan.tv\/az\/wp-json\/wp\/v2\/tags?post=288098"}],"curies":[{"name":"wp","href":"https:\/\/api.w.org\/{rel}","templated":true}]}}