{"id":287944,"date":"2023-10-16T14:46:59","date_gmt":"2023-10-16T10:46:59","guid":{"rendered":"https:\/\/www.meydan.tv\/?p=287944"},"modified":"2023-10-16T14:47:02","modified_gmt":"2023-10-16T10:47:02","slug":"yeni-qanunla-ferdi-taksileri-neler-gozleyir","status":"publish","type":"post","link":"https:\/\/www.meydan.tv\/az\/article\/yeni-qanunla-ferdi-taksileri-neler-gozleyir\/","title":{"rendered":"Yeni qanunla f\u0259rdi taksil\u0259ri n\u0259l\u0259r g\u00f6zl\u0259yir?"},"content":{"rendered":"\n<figure class=\"wp-block-embed is-type-video is-provider-youtube wp-block-embed-youtube wp-embed-aspect-16-9 wp-has-aspect-ratio\"><div class=\"wp-block-embed__wrapper\">\n<iframe title=\"Yeni qanunla f\u0259rdi taksil\u0259ri n\u0259l\u0259r g\u00f6zl\u0259yir?\" width=\"1200\" height=\"675\" data-src=\"https:\/\/www.youtube.com\/embed\/EC9ttdR76N8?feature=oembed\" frameborder=\"0\" allow=\"accelerometer; autoplay; clipboard-write; encrypted-media; gyroscope; picture-in-picture; web-share\" allowfullscreen src=\"data:image\/svg+xml;base64,PHN2ZyB3aWR0aD0iMSIgaGVpZ2h0PSIxIiB4bWxucz0iaHR0cDovL3d3dy53My5vcmcvMjAwMC9zdmciPjwvc3ZnPg==\" class=\"lazyload\" data-load-mode=\"1\"><\/iframe>\n<\/div><\/figure>\n\n\n\n<p>\u0130ll\u0259rini taksiy\u0259 h\u0259sr ets\u0259l\u0259r bel\u0259, x\u00fcsusi t\u0259limd\u0259n ke\u00e7m\u0259y\u0259n s\u00fcr\u00fcc\u00fcl\u0259r taksi s\u00fcr\u0259 bilm\u0259y\u0259c\u0259kl\u0259r. Oktyabr\u0131n 1-d\u0259n q\u00fcvv\u0259y\u0259 min\u0259n \u201cAvtomobil n\u0259qliyyat\u0131 haqq\u0131nda\u201d qanun taksi f\u0259aliyy\u0259tin\u0259 d\u0259yi\u015fiklik g\u0259tirib. D\u0259yi\u015fiklikl\u0259r\u0259 g\u00f6r\u0259, taksi s\u00fcrm\u0259k \u00fc\u00e7\u00fcn x\u00fcsusi icaz\u0259 v\u0259r\u0259q\u0259si al\u0131nmal\u0131d\u0131r. \u0130caz\u0259 v\u0259r\u0259q\u0259si \u00fc\u00e7\u00fcn s\u00fcr\u00fcc\u00fc \u00f6d\u0259ni\u015fi 76 manat olan 5 g\u00fcnl\u00fck t\u0259limi u\u011furla ba\u015fa vurmal\u0131d\u0131r. H\u0259m\u00e7inin s\u00fcr\u00fcc\u00fc taksi il\u0259 s\u0259rni\u015finda\u015f\u0131malar\u0131 \u00fc\u00e7\u00fcn burax\u0131l\u0131\u015f v\u0259siq\u0259si v\u0259 burax\u0131l\u0131\u015f kart\u0131 \u00fc\u00e7\u00fcn \u00fcmumilikd\u0259 150 AZN \u00f6d\u0259m\u0259lidir. Taksi f\u0259aliyy\u0259tin\u0259 icaz\u0259 7 il m\u00fcdd\u0259tin\u0259 verilir. <\/p>\n\n\n\n<p>He\u00e7 bir xarici \u015firk\u0259t\u0259 ba\u011fl\u0131 olmay\u0131b, f\u0259rdi \u00e7al\u0131\u015fan s\u00fcr\u00fcc\u00fcl\u0259r yeni qanunun t\u0259l\u0259bl\u0259rind\u0259n naraz\u0131d\u0131r. Gedi\u015f haqq\u0131n\u0131 m\u00fc\u0259yy\u0259n etm\u0259k \u00fc\u00e7\u00fcn taksil\u0259r\u0259 r\u0259q\u0259msal taksoqraf v\u0259 taksometr cihazlar\u0131 qura\u015fd\u0131r\u0131lmal\u0131d\u0131r. F\u0259rdi i\u015fl\u0259y\u0259n taksil\u0259r bu x\u0259rcl\u0259ri \u00f6zl\u0259ri qar\u015f\u0131lamal\u0131d\u0131rlar. <\/p>\n\n\n\n<p>N\u0259qliyyat \u00fczr\u0259 ekspert Elm\u0259ddin Muradl\u0131 deyir ki, reys qaba\u011f\u0131 avtomobil texniki m\u00fcayin\u0259d\u0259n, s\u00fcr\u00fcc\u00fcl\u0259r is\u0259 tibbi m\u00fcayin\u0259d\u0259n ke\u00e7m\u0259lidirl\u0259r. M\u0259cburi k\u00f6\u00e7k\u00fcn d\u00fc\u015f\u0259nd\u0259n Bak\u0131da ail\u0259sini doland\u0131rmaq \u00fc\u00e7\u00fcn m\u0259cburiyy\u0259td\u0259n taksi s\u00fcr\u00fcc\u00fcs\u00fc i\u015fl\u0259y\u0259n Elbrus M\u0259mm\u0259dov yoxlan\u0131\u015flar\u0131n h\u0259r g\u00fcn ke\u00e7irilm\u0259sinin texniki \u00e7\u0259tinlikl\u0259rind\u0259n dan\u0131\u015f\u0131r. Az\u0259rbaycanda f\u0259aliyy\u0259t g\u00f6st\u0259r\u0259n taksi \u015firk\u0259tl\u0259ri s\u00fcr\u00fcc\u00fcl\u0259r\u0259 qanunun q\u00fcvv\u0259y\u0259 minm\u0259sil\u0259 ba\u011fl\u0131 x\u0259b\u0259rdarl\u0131q mesaj\u0131 g\u00f6nd\u0259ribl\u0259r. <\/p>\n\n\n\n<p>T\u0259limd\u0259n ke\u00e7m\u0259yib, icaz\u0259 v\u0259r\u0259q\u0259l\u0259ri almayanlar\u0131n proqramlar\u0131 ba\u011flanacaq. Yer\u00fcst\u00fc N\u0259qliyyat Agentliyi bildirir ki, taksi f\u0259aliyy\u0259tinin t\u0259nziml\u0259nm\u0259si istiqam\u0259tind\u0259 at\u0131lan add\u0131mlar v\u0259t\u0259nda\u015flara keyfiyy\u0259tli v\u0259 t\u0259hl\u00fck\u0259siz xidm\u0259tin g\u00f6st\u0259rilm\u0259sin\u0259, qeyri-formal m\u0259\u015f\u011fullu\u011fun qar\u015f\u0131s\u0131n\u0131n al\u0131nmas\u0131na h\u0259d\u0259fl\u0259nib. 2024-c\u00fc il yanvar\u0131n 1-d\u0259n taksi f\u0259aliyy\u0259til\u0259 ba\u011fl\u0131 qanuna g\u0259tiril\u0259n d\u0259yi\u015fiklikl\u0259r\u0259 \u0259m\u0259l etm\u0259y\u0259nl\u0259ri c\u0259rim\u0259l\u0259r g\u00f6zl\u0259yir.<\/p>\n","protected":false},"excerpt":{"rendered":"<p>\u0130ll\u0259rini taksiy\u0259 h\u0259sr ets\u0259l\u0259r bel\u0259, x\u00fcsusi t\u0259limd\u0259n ke\u00e7m\u0259y\u0259n s\u00fcr\u00fcc\u00fcl\u0259r taksi &#8230; <\/p>\n<p class=\"read-more-container\"><a title=\"Yeni qanunla f\u0259rdi taksil\u0259ri n\u0259l\u0259r g\u00f6zl\u0259yir?\" class=\"read-more button\" href=\"https:\/\/www.meydan.tv\/az\/article\/yeni-qanunla-ferdi-taksileri-neler-gozleyir\/#more-287944\" aria-label=\"Read more about Yeni qanunla f\u0259rdi taksil\u0259ri n\u0259l\u0259r g\u00f6zl\u0259yir?\">Davam\u0131<\/a><\/p>\n","protected":false},"author":12,"featured_media":287945,"comment_status":"closed","ping_status":"closed","sticky":false,"template":"","format":"standard","meta":{"_acf_changed":false,"_sitemap_exclude":false,"_sitemap_priority":"","_sitemap_frequency":"","footnotes":""},"categories":[62,63],"tags":[],"class_list":["post-287944","post","type-post","status-publish","format-standard","has-post-thumbnail","hentry","category-sosial","category-video-2","infinite-scroll-item","generate-columns","tablet-grid-50","mobile-grid-100","grid-parent","grid-33","no-featured-image-padding"],"acf":[],"yoast_head":"<!-- This site is optimized with the Yoast SEO plugin v27.5 - https:\/\/yoast.com\/product\/yoast-seo-wordpress\/ -->\n<title>Yeni qanunla f\u0259rdi taksil\u0259ri n\u0259l\u0259r g\u00f6zl\u0259yir? - MEYDAN.TV<\/title>\n<meta name=\"robots\" content=\"index, follow, max-snippet:-1, max-image-preview:large, max-video-preview:-1\" \/>\n<link rel=\"canonical\" href=\"https:\/\/www.meydan.tv\/az\/article\/yeni-qanunla-ferdi-taksileri-neler-gozleyir\/\" \/>\n<meta property=\"og:locale\" content=\"az_AZ\" \/>\n<meta property=\"og:type\" content=\"article\" \/>\n<meta property=\"og:title\" content=\"Yeni qanunla f\u0259rdi taksil\u0259ri n\u0259l\u0259r g\u00f6zl\u0259yir? - MEYDAN.TV\" \/>\n<meta property=\"og:description\" content=\"\u0130ll\u0259rini taksiy\u0259 h\u0259sr ets\u0259l\u0259r bel\u0259, x\u00fcsusi t\u0259limd\u0259n ke\u00e7m\u0259y\u0259n s\u00fcr\u00fcc\u00fcl\u0259r taksi ... Davam\u0131\" \/>\n<meta property=\"og:url\" content=\"https:\/\/www.meydan.tv\/az\/article\/yeni-qanunla-ferdi-taksileri-neler-gozleyir\/\" \/>\n<meta property=\"og:site_name\" content=\"MEYDAN.TV\" \/>\n<meta property=\"article:published_time\" content=\"2023-10-16T10:46:59+00:00\" \/>\n<meta property=\"article:modified_time\" content=\"2023-10-16T10:47:02+00:00\" \/>\n<meta property=\"og:image\" content=\"https:\/\/www.meydan.tv\/wp-content\/uploads\/reportaj-cover-1-18.png\" \/>\n\t<meta property=\"og:image:width\" content=\"1280\" \/>\n\t<meta property=\"og:image:height\" content=\"720\" \/>\n\t<meta property=\"og:image:type\" content=\"image\/png\" \/>\n<meta name=\"author\" content=\"aleks\" \/>\n<meta name=\"twitter:card\" content=\"summary_large_image\" \/>\n<script type=\"application\/ld+json\" class=\"yoast-schema-graph\">{\"@context\":\"https:\\\/\\\/schema.org\",\"@graph\":[{\"@type\":\"Article\",\"@id\":\"https:\\\/\\\/www.meydan.tv\\\/az\\\/article\\\/yeni-qanunla-ferdi-taksileri-neler-gozleyir\\\/#article\",\"isPartOf\":{\"@id\":\"https:\\\/\\\/www.meydan.tv\\\/az\\\/article\\\/yeni-qanunla-ferdi-taksileri-neler-gozleyir\\\/\"},\"author\":{\"name\":\"aleks\",\"@id\":\"https:\\\/\\\/www.meydan.tv\\\/az\\\/#\\\/schema\\\/person\\\/476e9360e593fa131d5d71d51866f8da\"},\"headline\":\"Yeni qanunla f\u0259rdi taksil\u0259ri n\u0259l\u0259r g\u00f6zl\u0259yir?\",\"datePublished\":\"2023-10-16T10:46:59+00:00\",\"dateModified\":\"2023-10-16T10:47:02+00:00\",\"mainEntityOfPage\":{\"@id\":\"https:\\\/\\\/www.meydan.tv\\\/az\\\/article\\\/yeni-qanunla-ferdi-taksileri-neler-gozleyir\\\/\"},\"wordCount\":447,\"publisher\":{\"@id\":\"https:\\\/\\\/www.meydan.tv\\\/az\\\/#organization\"},\"image\":{\"@id\":\"https:\\\/\\\/www.meydan.tv\\\/az\\\/article\\\/yeni-qanunla-ferdi-taksileri-neler-gozleyir\\\/#primaryimage\"},\"thumbnailUrl\":\"https:\\\/\\\/www.meydan.tv\\\/wp-content\\\/uploads\\\/reportaj-cover-1-18.png\",\"articleSection\":[\"Sosial\",\"Video\"],\"inLanguage\":\"az\"},{\"@type\":\"WebPage\",\"@id\":\"https:\\\/\\\/www.meydan.tv\\\/az\\\/article\\\/yeni-qanunla-ferdi-taksileri-neler-gozleyir\\\/\",\"url\":\"https:\\\/\\\/www.meydan.tv\\\/az\\\/article\\\/yeni-qanunla-ferdi-taksileri-neler-gozleyir\\\/\",\"name\":\"Yeni qanunla f\u0259rdi taksil\u0259ri n\u0259l\u0259r g\u00f6zl\u0259yir? - MEYDAN.TV\",\"isPartOf\":{\"@id\":\"https:\\\/\\\/www.meydan.tv\\\/az\\\/#website\"},\"primaryImageOfPage\":{\"@id\":\"https:\\\/\\\/www.meydan.tv\\\/az\\\/article\\\/yeni-qanunla-ferdi-taksileri-neler-gozleyir\\\/#primaryimage\"},\"image\":{\"@id\":\"https:\\\/\\\/www.meydan.tv\\\/az\\\/article\\\/yeni-qanunla-ferdi-taksileri-neler-gozleyir\\\/#primaryimage\"},\"thumbnailUrl\":\"https:\\\/\\\/www.meydan.tv\\\/wp-content\\\/uploads\\\/reportaj-cover-1-18.png\",\"datePublished\":\"2023-10-16T10:46:59+00:00\",\"dateModified\":\"2023-10-16T10:47:02+00:00\",\"breadcrumb\":{\"@id\":\"https:\\\/\\\/www.meydan.tv\\\/az\\\/article\\\/yeni-qanunla-ferdi-taksileri-neler-gozleyir\\\/#breadcrumb\"},\"inLanguage\":\"az\",\"potentialAction\":[{\"@type\":\"ReadAction\",\"target\":[\"https:\\\/\\\/www.meydan.tv\\\/az\\\/article\\\/yeni-qanunla-ferdi-taksileri-neler-gozleyir\\\/\"]}]},{\"@type\":\"ImageObject\",\"inLanguage\":\"az\",\"@id\":\"https:\\\/\\\/www.meydan.tv\\\/az\\\/article\\\/yeni-qanunla-ferdi-taksileri-neler-gozleyir\\\/#primaryimage\",\"url\":\"https:\\\/\\\/www.meydan.tv\\\/wp-content\\\/uploads\\\/reportaj-cover-1-18.png\",\"contentUrl\":\"https:\\\/\\\/www.meydan.tv\\\/wp-content\\\/uploads\\\/reportaj-cover-1-18.png\",\"width\":1280,\"height\":720},{\"@type\":\"BreadcrumbList\",\"@id\":\"https:\\\/\\\/www.meydan.tv\\\/az\\\/article\\\/yeni-qanunla-ferdi-taksileri-neler-gozleyir\\\/#breadcrumb\",\"itemListElement\":[{\"@type\":\"ListItem\",\"position\":1,\"name\":\"Ana s\u0259hif\u0259\",\"item\":\"https:\\\/\\\/www.meydan.tv\\\/az\\\/\"},{\"@type\":\"ListItem\",\"position\":2,\"name\":\"Video\",\"item\":\"https:\\\/\\\/www.meydan.tv\\\/az\\\/section\\\/video-2\\\/\"},{\"@type\":\"ListItem\",\"position\":3,\"name\":\"Yeni qanunla f\u0259rdi taksil\u0259ri n\u0259l\u0259r g\u00f6zl\u0259yir?\"}]},{\"@type\":\"WebSite\",\"@id\":\"https:\\\/\\\/www.meydan.tv\\\/az\\\/#website\",\"url\":\"https:\\\/\\\/www.meydan.tv\\\/az\\\/\",\"name\":\"MEYDAN.TV\",\"description\":\"Meydan TV Az\u0259rbaycan\u0131n media m\u0259kan\u0131ndak\u0131 alternativ s\u0259sidir\",\"publisher\":{\"@id\":\"https:\\\/\\\/www.meydan.tv\\\/az\\\/#organization\"},\"potentialAction\":[{\"@type\":\"SearchAction\",\"target\":{\"@type\":\"EntryPoint\",\"urlTemplate\":\"https:\\\/\\\/www.meydan.tv\\\/az\\\/?s={search_term_string}\"},\"query-input\":{\"@type\":\"PropertyValueSpecification\",\"valueRequired\":true,\"valueName\":\"search_term_string\"}}],\"inLanguage\":\"az\"},{\"@type\":\"Organization\",\"@id\":\"https:\\\/\\\/www.meydan.tv\\\/az\\\/#organization\",\"name\":\"Meydan TV\",\"url\":\"https:\\\/\\\/www.meydan.tv\\\/az\\\/\",\"logo\":{\"@type\":\"ImageObject\",\"inLanguage\":\"az\",\"@id\":\"https:\\\/\\\/www.meydan.tv\\\/az\\\/#\\\/schema\\\/logo\\\/image\\\/\",\"url\":\"https:\\\/\\\/www.meydan.tv\\\/wp-content\\\/uploads\\\/2021\\\/07\\\/meydan-logo.svg\",\"contentUrl\":\"https:\\\/\\\/www.meydan.tv\\\/wp-content\\\/uploads\\\/2021\\\/07\\\/meydan-logo.svg\",\"width\":195,\"height\":46,\"caption\":\"Meydan TV\"},\"image\":{\"@id\":\"https:\\\/\\\/www.meydan.tv\\\/az\\\/#\\\/schema\\\/logo\\\/image\\\/\"}},{\"@type\":\"Person\",\"@id\":\"https:\\\/\\\/www.meydan.tv\\\/az\\\/#\\\/schema\\\/person\\\/476e9360e593fa131d5d71d51866f8da\",\"name\":\"aleks\"}]}<\/script>\n<!-- \/ Yoast SEO plugin. -->","yoast_head_json":{"title":"Yeni qanunla f\u0259rdi taksil\u0259ri n\u0259l\u0259r g\u00f6zl\u0259yir? - MEYDAN.TV","robots":{"index":"index","follow":"follow","max-snippet":"max-snippet:-1","max-image-preview":"max-image-preview:large","max-video-preview":"max-video-preview:-1"},"canonical":"https:\/\/www.meydan.tv\/az\/article\/yeni-qanunla-ferdi-taksileri-neler-gozleyir\/","og_locale":"az_AZ","og_type":"article","og_title":"Yeni qanunla f\u0259rdi taksil\u0259ri n\u0259l\u0259r g\u00f6zl\u0259yir? - MEYDAN.TV","og_description":"\u0130ll\u0259rini taksiy\u0259 h\u0259sr ets\u0259l\u0259r bel\u0259, x\u00fcsusi t\u0259limd\u0259n ke\u00e7m\u0259y\u0259n s\u00fcr\u00fcc\u00fcl\u0259r taksi ... Davam\u0131","og_url":"https:\/\/www.meydan.tv\/az\/article\/yeni-qanunla-ferdi-taksileri-neler-gozleyir\/","og_site_name":"MEYDAN.TV","article_published_time":"2023-10-16T10:46:59+00:00","article_modified_time":"2023-10-16T10:47:02+00:00","og_image":[{"width":1280,"height":720,"url":"https:\/\/www.meydan.tv\/wp-content\/uploads\/reportaj-cover-1-18.png","type":"image\/png"}],"author":"aleks","twitter_card":"summary_large_image","schema":{"@context":"https:\/\/schema.org","@graph":[{"@type":"Article","@id":"https:\/\/www.meydan.tv\/az\/article\/yeni-qanunla-ferdi-taksileri-neler-gozleyir\/#article","isPartOf":{"@id":"https:\/\/www.meydan.tv\/az\/article\/yeni-qanunla-ferdi-taksileri-neler-gozleyir\/"},"author":{"name":"aleks","@id":"https:\/\/www.meydan.tv\/az\/#\/schema\/person\/476e9360e593fa131d5d71d51866f8da"},"headline":"Yeni qanunla f\u0259rdi taksil\u0259ri n\u0259l\u0259r g\u00f6zl\u0259yir?","datePublished":"2023-10-16T10:46:59+00:00","dateModified":"2023-10-16T10:47:02+00:00","mainEntityOfPage":{"@id":"https:\/\/www.meydan.tv\/az\/article\/yeni-qanunla-ferdi-taksileri-neler-gozleyir\/"},"wordCount":447,"publisher":{"@id":"https:\/\/www.meydan.tv\/az\/#organization"},"image":{"@id":"https:\/\/www.meydan.tv\/az\/article\/yeni-qanunla-ferdi-taksileri-neler-gozleyir\/#primaryimage"},"thumbnailUrl":"https:\/\/www.meydan.tv\/wp-content\/uploads\/reportaj-cover-1-18.png","articleSection":["Sosial","Video"],"inLanguage":"az"},{"@type":"WebPage","@id":"https:\/\/www.meydan.tv\/az\/article\/yeni-qanunla-ferdi-taksileri-neler-gozleyir\/","url":"https:\/\/www.meydan.tv\/az\/article\/yeni-qanunla-ferdi-taksileri-neler-gozleyir\/","name":"Yeni qanunla f\u0259rdi taksil\u0259ri n\u0259l\u0259r g\u00f6zl\u0259yir? - MEYDAN.TV","isPartOf":{"@id":"https:\/\/www.meydan.tv\/az\/#website"},"primaryImageOfPage":{"@id":"https:\/\/www.meydan.tv\/az\/article\/yeni-qanunla-ferdi-taksileri-neler-gozleyir\/#primaryimage"},"image":{"@id":"https:\/\/www.meydan.tv\/az\/article\/yeni-qanunla-ferdi-taksileri-neler-gozleyir\/#primaryimage"},"thumbnailUrl":"https:\/\/www.meydan.tv\/wp-content\/uploads\/reportaj-cover-1-18.png","datePublished":"2023-10-16T10:46:59+00:00","dateModified":"2023-10-16T10:47:02+00:00","breadcrumb":{"@id":"https:\/\/www.meydan.tv\/az\/article\/yeni-qanunla-ferdi-taksileri-neler-gozleyir\/#breadcrumb"},"inLanguage":"az","potentialAction":[{"@type":"ReadAction","target":["https:\/\/www.meydan.tv\/az\/article\/yeni-qanunla-ferdi-taksileri-neler-gozleyir\/"]}]},{"@type":"ImageObject","inLanguage":"az","@id":"https:\/\/www.meydan.tv\/az\/article\/yeni-qanunla-ferdi-taksileri-neler-gozleyir\/#primaryimage","url":"https:\/\/www.meydan.tv\/wp-content\/uploads\/reportaj-cover-1-18.png","contentUrl":"https:\/\/www.meydan.tv\/wp-content\/uploads\/reportaj-cover-1-18.png","width":1280,"height":720},{"@type":"BreadcrumbList","@id":"https:\/\/www.meydan.tv\/az\/article\/yeni-qanunla-ferdi-taksileri-neler-gozleyir\/#breadcrumb","itemListElement":[{"@type":"ListItem","position":1,"name":"Ana s\u0259hif\u0259","item":"https:\/\/www.meydan.tv\/az\/"},{"@type":"ListItem","position":2,"name":"Video","item":"https:\/\/www.meydan.tv\/az\/section\/video-2\/"},{"@type":"ListItem","position":3,"name":"Yeni qanunla f\u0259rdi taksil\u0259ri n\u0259l\u0259r g\u00f6zl\u0259yir?"}]},{"@type":"WebSite","@id":"https:\/\/www.meydan.tv\/az\/#website","url":"https:\/\/www.meydan.tv\/az\/","name":"MEYDAN.TV","description":"Meydan TV Az\u0259rbaycan\u0131n media m\u0259kan\u0131ndak\u0131 alternativ s\u0259sidir","publisher":{"@id":"https:\/\/www.meydan.tv\/az\/#organization"},"potentialAction":[{"@type":"SearchAction","target":{"@type":"EntryPoint","urlTemplate":"https:\/\/www.meydan.tv\/az\/?s={search_term_string}"},"query-input":{"@type":"PropertyValueSpecification","valueRequired":true,"valueName":"search_term_string"}}],"inLanguage":"az"},{"@type":"Organization","@id":"https:\/\/www.meydan.tv\/az\/#organization","name":"Meydan TV","url":"https:\/\/www.meydan.tv\/az\/","logo":{"@type":"ImageObject","inLanguage":"az","@id":"https:\/\/www.meydan.tv\/az\/#\/schema\/logo\/image\/","url":"https:\/\/www.meydan.tv\/wp-content\/uploads\/2021\/07\/meydan-logo.svg","contentUrl":"https:\/\/www.meydan.tv\/wp-content\/uploads\/2021\/07\/meydan-logo.svg","width":195,"height":46,"caption":"Meydan TV"},"image":{"@id":"https:\/\/www.meydan.tv\/az\/#\/schema\/logo\/image\/"}},{"@type":"Person","@id":"https:\/\/www.meydan.tv\/az\/#\/schema\/person\/476e9360e593fa131d5d71d51866f8da","name":"aleks"}]}},"_links":{"self":[{"href":"https:\/\/www.meydan.tv\/az\/wp-json\/wp\/v2\/posts\/287944","targetHints":{"allow":["GET"]}}],"collection":[{"href":"https:\/\/www.meydan.tv\/az\/wp-json\/wp\/v2\/posts"}],"about":[{"href":"https:\/\/www.meydan.tv\/az\/wp-json\/wp\/v2\/types\/post"}],"author":[{"embeddable":true,"href":"https:\/\/www.meydan.tv\/az\/wp-json\/wp\/v2\/users\/12"}],"replies":[{"embeddable":true,"href":"https:\/\/www.meydan.tv\/az\/wp-json\/wp\/v2\/comments?post=287944"}],"version-history":[{"count":3,"href":"https:\/\/www.meydan.tv\/az\/wp-json\/wp\/v2\/posts\/287944\/revisions"}],"predecessor-version":[{"id":287951,"href":"https:\/\/www.meydan.tv\/az\/wp-json\/wp\/v2\/posts\/287944\/revisions\/287951"}],"wp:featuredmedia":[{"embeddable":true,"href":"https:\/\/www.meydan.tv\/az\/wp-json\/wp\/v2\/media\/287945"}],"wp:attachment":[{"href":"https:\/\/www.meydan.tv\/az\/wp-json\/wp\/v2\/media?parent=287944"}],"wp:term":[{"taxonomy":"category","embeddable":true,"href":"https:\/\/www.meydan.tv\/az\/wp-json\/wp\/v2\/categories?post=287944"},{"taxonomy":"post_tag","embeddable":true,"href":"https:\/\/www.meydan.tv\/az\/wp-json\/wp\/v2\/tags?post=287944"}],"curies":[{"name":"wp","href":"https:\/\/api.w.org\/{rel}","templated":true}]}}