{"id":287877,"date":"2023-10-13T20:28:53","date_gmt":"2023-10-13T16:28:53","guid":{"rendered":"https:\/\/www.meydan.tv\/?p=287877"},"modified":"2023-10-13T20:46:36","modified_gmt":"2023-10-13T16:46:36","slug":"ailesinin-yasadigi-eve-qadinlar-getiren-mesqcini-oldurmekde-ittiham-olunan-arvadina-ekspertiza-rey-verib-anlaqsiz","status":"publish","type":"post","link":"https:\/\/www.meydan.tv\/az\/article\/ailesinin-yasadigi-eve-qadinlar-getiren-mesqcini-oldurmekde-ittiham-olunan-arvadina-ekspertiza-rey-verib-anlaqsiz\/","title":{"rendered":"Ail\u0259sinin ya\u015fad\u0131\u011f\u0131 ev\u0259 qad\u0131nlar g\u0259tir\u0259n m\u0259\u015fq\u00e7ini \u00f6ld\u00fcrm\u0259kd\u0259 ittiham olunan arvad\u0131na ekspertiza r\u0259y verib: \u201cAnlaqs\u0131z&#8230;\u201d"},"content":{"rendered":"\n<p><\/p>\n\n\n\n<p><strong><em>Zibeyd\u0259 Sad\u0131qova: \u201cM\u0259n bu g\u00fcn m\u0259hk\u0259m\u0259d\u0259n \u0259vv\u0259l \u018ffsan\u0259 il\u0259 dan\u0131\u015fma\u011fa \u00e7al\u0131\u015fd\u0131m, m\u0259ni ba\u015fa d\u00fc\u015fm\u00fcrd\u00fc&#8230;\u201d<\/em><\/strong><\/p>\n\n\n\n<p>\u201cS\u0259rh\u0259d\u00e7i\u201d idman kompleksind\u0259 kikboksinq \u00fczr\u0259 m\u0259\u015fq\u00e7i kimi \u00e7al\u0131\u015fan, bir il \u00f6nc\u0259 q\u0259tl\u0259 yetirilmi\u015f Nurani Qalab\u0259ylinin \u00f6l\u00fcm\u00fcnd\u0259 ittiham olunan h\u0259yat yolda\u015f\u0131n\u0131n psixi durumuyla ba\u011fl\u0131 3 ay \u0259vv\u0259l t\u0259yin olunmu\u015f ekspertizalar\u0131n r\u0259yl\u0259ri a\u00e7\u0131qlan\u0131b. R\u0259yl\u0259rd\u0259n birind\u0259 \u018ffsan\u0259 Qalab\u0259ylinin hadis\u0259ni t\u00f6r\u0259d\u0259rk\u0259n anlaqs\u0131z oldu\u011fu g\u00f6st\u0259rilib. Dig\u0259rind\u0259 is\u0259 bildirilib ki, hadis\u0259 vaxt\u0131 o, anlaql\u0131 olub, lakin cinay\u0259td\u0259n sonra ke\u00e7irdiyi sars\u0131nt\u0131 n\u0259tic\u0259sind\u0259 psixoloji v\u0259 fizioloji affekt v\u0259ziyy\u0259tin\u0259 d\u00fc\u015f\u00fcb.<\/p>\n\n\n\n<p>R\u0259yl\u0259r oktyabr\u0131n 13-d\u0259 Bak\u0131 A\u011f\u0131r Cinay\u0259tl\u0259r M\u0259hk\u0259m\u0259sind\u0259 \u018ffsan\u0259 Qalab\u0259ylinin i\u015fi \u00fczr\u0259 m\u0259hk\u0259m\u0259 prosesind\u0259 elan edilib.<\/p>\n\n\n\n<p>H\u0259l\u0259 aylar \u00f6nc\u0259 \u018ffsan\u0259 Qalab\u0259ylinin psixi v\u0259ziyy\u0259tind\u0259 depressiv pozuntu, t\u0259\u015fvi\u015f \u0259lam\u0259tl\u0259ri v\u0259 s. m\u00fc\u015fahid\u0259 olundu\u011funu \u0259sas g\u0259tir\u0259r\u0259k, onun v\u0259kili Zibeyd\u0259 Sad\u0131qova m\u0259hk\u0259m\u0259d\u0259 v\u0259sat\u0259t qald\u0131rm\u0131\u015fd\u0131 ki, m\u00fcv\u0259kkili psixiatrik ekspertizadan ke\u00e7irilsin. M\u0259hk\u0259m\u0259 d\u0259 h\u0259m prixiatrik, h\u0259m d\u0259 psixioloji ekspertizalar t\u0259yin etmi\u015f, onun h\u0259m cinay\u0259t ba\u015f ver\u0259rk\u0259n, h\u0259m d\u0259 haz\u0131rk\u0131 durumuyla ba\u011fl\u0131 r\u0259y verilm\u0259sini ist\u0259mi\u015fdi.<\/p>\n\n\n\n<p>Amma ekspertiza r\u0259y vermi\u015fdi ki, \u018ffsan\u0259 Qalab\u0259ylinin psixi v\u0259ziyy\u0259til\u0259 ba\u011fl\u0131 konkret n\u0259tic\u0259y\u0259 g\u0259l\u0259 bilm\u0259yibl\u0259r. Ekspertizan\u0131n r\u0259yind\u0259 g\u00f6st\u0259rilmi\u015fdi ki, ambulator \u015f\u0259raitd\u0259 onun psixi v\u0259ziyy\u0259tini d\u00fczg\u00fcn qiym\u0259tl\u0259ndirm\u0259k, ekspertl\u0259r qar\u015f\u0131s\u0131ndak\u0131 suallar\u0131 cavabland\u0131rmaq \u00e7\u0259tinlik yarad\u0131r. Bu \u00fczd\u0259n onun stasionar \u015f\u0259raitd\u0259 m\u00fcayin\u0259si (psixiatriya x\u0259st\u0259xanas\u0131na yerl\u0259\u015fdirilm\u0259si) m\u0259qs\u0259d\u0259uy\u011fundur.<\/p>\n\n\n\n<p>Bundan sonra m\u0259hk\u0259m\u0259d\u0259 yenid\u0259n m\u00fczakir\u0259l\u0259r apar\u0131lm\u0131\u015f, v\u0259kili v\u0259sat\u0259t ver\u0259r\u0259k, \u018ffsan\u0259 Qalab\u0259ylinin stasionar qaydada x\u0259st\u0259xanaya yerl\u0259\u015fdirilm\u0259sini v\u0259 yenid\u0259n ekspertiza t\u0259yin olunmas\u0131n\u0131 ist\u0259mi\u015fdi. M\u0259hk\u0259m\u0259 d\u0259 t\u0259min etmi\u015fdi. Oktyabr\u0131n 13-d\u0259 a\u00e7\u0131qlanan r\u0259yl\u0259r h\u0259min ekspertizalar\u0131n n\u0259tic\u0259l\u0259ri idi.<\/p>\n\n\n\n<p>H\u0259r iki r\u0259yd\u0259 \u018ffsan\u0259 Qalab\u0259ylinin anlaqs\u0131z olmas\u0131 g\u00f6st\u0259rilib. Lakin birind\u0259 hadis\u0259 vaxt\u0131, dig\u0259rind\u0259 is\u0259 hadis\u0259d\u0259n sonra anlaqs\u0131zl\u0131qdan b\u0259hs olunur.<\/p>\n\n\n\n<p>Hakim Siyavu\u015f Hac\u0131yev bildirib ki, r\u0259y\u0259 \u0259sas\u0259n, \u018ffsan\u0259 Qalab\u0259yli haz\u0131rda h\u0259r\u0259k\u0259tl\u0259rini d\u0259rk etmir, \u00f6z\u00fcn\u00fc idar\u0259 etm\u0259k iqtidar\u0131nda deyil:<\/p>\n\n\n\n<p><em>\u201cR\u0259yd\u0259n m\u0259lum olur ki, \u018ffsan\u0259 Qalab\u0259yli Cinay\u0259t M\u0259c\u0259ll\u0259sinin 21.1-ci (anlaqs\u0131z) madd\u0259sinin t\u0259siri alt\u0131na d\u00fc\u015f\u00fcr. \u0130stintaq orqan\u0131ndan i\u015f m\u0259hk\u0259m\u0259y\u0259 daxil olanda \u015f\u0259xs anlaqs\u0131z v\u0259ziyy\u0259td\u0259 olursa, o zaman ona qanuni n\u00fcmay\u0259nd\u0259 t\u0259yin olunur. \u0130\u015fl\u0259 birlikd\u0259 h\u0259min qanuni n\u00fcmay\u0259nd\u0259 d\u0259 m\u0259hk\u0259m\u0259y\u0259 daxil olur\u201d.<\/em><\/p>\n\n\n\n<p>Bu i\u015f \u00fczr\u0259 m\u0259hk\u0259m\u0259d\u0259 d\u00f6vl\u0259t ittiham\u0131n\u0131 m\u00fcdafi\u0259 ed\u0259n prokuror \u00c7\u00f6vd\u0259t Mehr\u0259liyev indiki m\u0259rh\u0259l\u0259d\u0259 t\u0259qsirl\u0259ndiril\u0259n \u015f\u0259xs\u0259 qanuni n\u00fcmay\u0259nd\u0259 t\u0259yin olunmas\u0131na qar\u015f\u0131 \u00e7\u0131x\u0131b. Onun s\u00f6zl\u0259rin\u0259 g\u00f6r\u0259, h\u0259l\u0259 bu r\u0259y s\u00fcbut kimi q\u0259bul edil\u0259 bilm\u0259z. Prokuror vur\u011fulay\u0131b ki, r\u0259yin d\u0259qiqliyinin ara\u015fd\u0131r\u0131lmas\u0131na ehtiyac var.<\/p>\n\n\n\n<p>\u018ffsan\u0259 Qalab\u0259ylinin v\u0259kili Zibeyd\u0259 Sad\u0131qova is\u0259 vur\u011fulay\u0131b ki, s\u00f6z\u00fcged\u0259n r\u0259yd\u0259 4 h\u0259kimin imzas\u0131 var. V\u0259kilin s\u00f6zl\u0259rin\u0259 g\u00f6r\u0259, \u00f6z\u00fcn\u00fc idar\u0259 etm\u0259k iqtidar\u0131nda olmayan \u015f\u0259xs\u0259 qanuni n\u00fcmay\u0259nd\u0259 t\u0259yin olunmamas\u0131 onun h\u00fcququnun pozulmas\u0131 olacaq.<\/p>\n\n\n\n<p><em>\u201cM\u0259n bu g\u00fcn m\u0259hk\u0259m\u0259d\u0259n \u0259vv\u0259l \u018ffsan\u0259 il\u0259 dan\u0131\u015fma\u011fa \u00e7al\u0131\u015fd\u0131m, m\u0259ni ba\u015fa d\u00fc\u015fm\u00fcrd\u00fc&#8230;\u201d, &#8211; <\/em>v\u0259kil bel\u0259 deyib.<\/p>\n\n\n\n<p>Hakim d\u0259 v\u0259kilin fikri il\u0259 raz\u0131la\u015f\u0131b ki, t\u0259qsirl\u0259ndiril\u0259n \u015f\u0259xsin m\u00fcdafi\u0259 h\u00fcququnun pozulmamas\u0131 \u00fc\u00e7\u00fcn ona qanuni n\u00fcmay\u0259nd\u0259 t\u0259yin olunmal\u0131d\u0131r. Anas\u0131 m\u0259hk\u0259m\u0259nin q\u0259rar\u0131yla \u018ffsan\u0259 Qalab\u0259ylinin qanuni n\u00fcmay\u0259nd\u0259si t\u0259yin edilib.<\/p>\n\n\n\n<p>M\u0259hk\u0259m\u0259 prosesinin i\u015ftirak\u00e7\u0131lar\u0131na m\u0259lumat verilib ki, bu cinay\u0259t i\u015fi \u00fczr\u0259 istintaq yenid\u0259n ba\u015flay\u0131r. \u00c7\u00fcnki i\u015fi ara\u015fd\u0131ran m\u0259hk\u0259m\u0259 t\u0259rkibind\u0259 hakiml\u0259rd\u0259n biri \u2013 Rahib Salmanovun \u00f6l\u00fcm\u00fcyl\u0259 \u0259laq\u0259dar onu Ayt\u0259n \u018fliyeva \u0259v\u0259zl\u0259yib.<\/p>\n\n\n\n<p>Bak\u0131 A\u011f\u0131r Cinay\u0259tl\u0259r M\u0259hk\u0259m\u0259sinin hakimi Rahib Salmanov avqustun 28-d\u0259 \u00f6l\u00fcb. Onun Daxili \u0130\u015fl\u0259r Nazirliyinin N\u0259rimanov rayonu \u0259razisind\u0259 yerl\u0259\u015f\u0259n Arif Heyd\u0259rov ad\u0131na Hospital\u0131n\u0131n 6-c\u0131 m\u0259rt\u0259b\u0259sind\u0259n \u00f6z\u00fcn\u00fc ataraq intihar etdiyi bildirilir.<\/p>\n\n\n\n<p>\u018ffsan\u0259 Qalab\u0259ylinin i\u015fi \u00fczr\u0259 m\u0259hk\u0259m\u0259 prosesi oktyabr\u0131n 27-d\u0259 davam ed\u0259c\u0259k.<\/p>\n\n\n\n<p>Hadis\u0259 2022-ci il sentyabr\u0131n 2-d\u0259 saat 12 rad\u0259l\u0259rind\u0259 X\u0259tai rayonu \u0259razisind\u0259ki m\u0259nzill\u0259rd\u0259n birind\u0259 ba\u015f verib. \u0130ttihama g\u00f6r\u0259, 1987-ci il t\u0259v\u0259ll\u00fcdl\u00fc \u018ffsan\u0259 Qalab\u0259yli h\u0259yat yolda\u015f\u0131, 1974-c\u00fc il t\u0259v\u0259ll\u00fcdl\u00fc Nurani Qalab\u0259ylini kiray\u0259 ya\u015fad\u0131qlar\u0131 m\u0259nzild\u0259 13 b\u0131\u00e7aq z\u0259rb\u0259sil\u0259 q\u0259tl\u0259 yetirib.<br>\u0130ddia olunur ki, Nurani Qalab\u0259yli h\u0259yat yolda\u015f\u0131 v\u0259 d\u00f6rd \u00f6vlad\u0131n\u0131n ya\u015fad\u0131\u011f\u0131 m\u0259nzil\u0259 m\u00fcxt\u0259lif qad\u0131nlar g\u0259tir\u0259r\u0259k, onlarla orada intim m\u00fcnasib\u0259td\u0259 olub. H\u0259tta h\u0259yat yolda\u015f\u0131n\u0131 onlar \u00fc\u00e7\u00fcn yem\u0259k haz\u0131rlama\u011fa da m\u0259cbur edib.<\/p>\n\n\n\n<p>M\u0259hk\u0259m\u0259d\u0259 h\u0259min qad\u0131nlardan biri dindiril\u0259rk\u0259n bu bar\u0259d\u0259 iddialar\u0131 t\u0259sdiql\u0259yib.<br>\u018ffsan\u0259 Qalab\u0259yli \u00f6z\u00fc d\u0259 m\u0259hk\u0259m\u0259d\u0259 ifad\u0259sind\u0259 bildirib ki, ill\u0259rl\u0259 \u0259ri t\u0259r\u0259find\u0259n zorak\u0131l\u0131\u011fa m\u0259ruz qal\u0131b, d\u00f6y\u00fcl\u00fcb, t\u0259hqir edilib. Onun s\u00f6zl\u0259rin\u0259 g\u00f6r\u0259, Nurani Qalab\u0259yli qad\u0131nlar\u0131 ev\u0259 g\u0259tir\u0259nd\u0259 onu v\u0259 u\u015faqlar\u0131n\u0131 bir ota\u011fa sal\u0131b, qap\u0131n\u0131 ba\u011flay\u0131rd\u0131. Ev\u0259 g\u0259lm\u0259mi\u015fd\u0259n \u00f6nc\u0259 ondan yem\u0259k bi\u015firm\u0259sini, onlar \u00fc\u00e7\u00fcn yataq haz\u0131rlamas\u0131n\u0131 t\u0259l\u0259b edirdi. Deyil\u0259nl\u0259r\u0259 \u0259m\u0259l etm\u0259s\u0259ydi, i\u015fg\u0259nc\u0259y\u0259 m\u0259ruz qal\u0131rd\u0131.<\/p>\n\n\n\n<p>\u018ffsan\u0259 Qalab\u0259yli deyir ki, d\u0259f\u0259l\u0259rl\u0259 \u0259rin\u0259 x\u0259b\u0259rdarl\u0131q edib, u\u015faqlar\u0131n b\u00f6y\u00fcd\u00fcy\u00fcn\u00fc, onlar\u0131n qar\u015f\u0131s\u0131nda bu c\u00fcr h\u0259r\u0259k\u0259tl\u0259rin yolverilm\u0259z oldu\u011funu n\u0259z\u0259rin\u0259 \u00e7atd\u0131r\u0131b. Lakin bu s\u00f6hb\u0259tl\u0259r h\u0259r d\u0259f\u0259 dava-dala\u015fla n\u0259tic\u0259l\u0259nib.<\/p>\n\n\n\n<p>\u018ffsan\u0259 Qalab\u0259ylinin 13 ya\u015fl\u0131 o\u011flu da m\u0259hk\u0259m\u0259d\u0259 dindiril\u0259rk\u0259n dedikl\u0259rini t\u0259sdiql\u0259yib.<br>\u018ffsan\u0259 Qalab\u0259yliy\u0259 Cinay\u0259t M\u0259c\u0259ll\u0259sinin 120.1-ci (q\u0259sd\u0259n adam \u00f6ld\u00fcrm\u0259) madd\u0259sil\u0259 ittiham verilib. Bu madd\u0259d\u0259 9 ild\u0259n 14 il\u0259 q\u0259d\u0259r h\u0259bs c\u0259zas\u0131 n\u0259z\u0259rd\u0259 tutulub.<\/p>\n","protected":false},"excerpt":{"rendered":"<p>Zibeyd\u0259 Sad\u0131qova: \u201cM\u0259n bu g\u00fcn m\u0259hk\u0259m\u0259d\u0259n \u0259vv\u0259l \u018ffsan\u0259 il\u0259 dan\u0131\u015fma\u011fa &#8230; <\/p>\n<p class=\"read-more-container\"><a title=\"Ail\u0259sinin ya\u015fad\u0131\u011f\u0131 ev\u0259 qad\u0131nlar g\u0259tir\u0259n m\u0259\u015fq\u00e7ini \u00f6ld\u00fcrm\u0259kd\u0259 ittiham olunan arvad\u0131na ekspertiza r\u0259y verib: \u201cAnlaqs\u0131z&#8230;\u201d\" class=\"read-more button\" href=\"https:\/\/www.meydan.tv\/az\/article\/ailesinin-yasadigi-eve-qadinlar-getiren-mesqcini-oldurmekde-ittiham-olunan-arvadina-ekspertiza-rey-verib-anlaqsiz\/#more-287877\" aria-label=\"Read more about Ail\u0259sinin ya\u015fad\u0131\u011f\u0131 ev\u0259 qad\u0131nlar g\u0259tir\u0259n m\u0259\u015fq\u00e7ini \u00f6ld\u00fcrm\u0259kd\u0259 ittiham olunan arvad\u0131na ekspertiza r\u0259y verib: \u201cAnlaqs\u0131z&#8230;\u201d\">Davam\u0131<\/a><\/p>\n","protected":false},"author":8,"featured_media":260251,"comment_status":"closed","ping_status":"closed","sticky":false,"template":"","format":"standard","meta":{"_acf_changed":false,"_sitemap_exclude":false,"_sitemap_priority":"","_sitemap_frequency":"","footnotes":""},"categories":[62,79,56],"tags":[],"class_list":["post-287877","post","type-post","status-publish","format-standard","has-post-thumbnail","hentry","category-sosial","category-featured","category-xeberler","infinite-scroll-item","generate-columns","tablet-grid-50","mobile-grid-100","grid-parent","grid-33","no-featured-image-padding"],"acf":[],"yoast_head":"<!-- This site is optimized with the Yoast SEO plugin v27.5 - https:\/\/yoast.com\/product\/yoast-seo-wordpress\/ -->\n<title>Ail\u0259sinin ya\u015fad\u0131\u011f\u0131 ev\u0259 qad\u0131nlar g\u0259tir\u0259n m\u0259\u015fq\u00e7ini \u00f6ld\u00fcrm\u0259kd\u0259 ittiham olunan arvad\u0131na ekspertiza r\u0259y verib: \u201cAnlaqs\u0131z...\u201d - MEYDAN.TV<\/title>\n<meta name=\"robots\" content=\"index, follow, max-snippet:-1, max-image-preview:large, max-video-preview:-1\" \/>\n<link rel=\"canonical\" href=\"https:\/\/www.meydan.tv\/az\/article\/ailesinin-yasadigi-eve-qadinlar-getiren-mesqcini-oldurmekde-ittiham-olunan-arvadina-ekspertiza-rey-verib-anlaqsiz\/\" \/>\n<meta property=\"og:locale\" content=\"az_AZ\" \/>\n<meta property=\"og:type\" content=\"article\" \/>\n<meta property=\"og:title\" content=\"Ail\u0259sinin ya\u015fad\u0131\u011f\u0131 ev\u0259 qad\u0131nlar g\u0259tir\u0259n m\u0259\u015fq\u00e7ini \u00f6ld\u00fcrm\u0259kd\u0259 ittiham olunan arvad\u0131na ekspertiza r\u0259y verib: \u201cAnlaqs\u0131z...\u201d - MEYDAN.TV\" \/>\n<meta property=\"og:description\" content=\"Zibeyd\u0259 Sad\u0131qova: \u201cM\u0259n bu g\u00fcn m\u0259hk\u0259m\u0259d\u0259n \u0259vv\u0259l \u018ffsan\u0259 il\u0259 dan\u0131\u015fma\u011fa ... Davam\u0131\" \/>\n<meta property=\"og:url\" content=\"https:\/\/www.meydan.tv\/az\/article\/ailesinin-yasadigi-eve-qadinlar-getiren-mesqcini-oldurmekde-ittiham-olunan-arvadina-ekspertiza-rey-verib-anlaqsiz\/\" \/>\n<meta property=\"og:site_name\" content=\"MEYDAN.TV\" \/>\n<meta property=\"article:published_time\" content=\"2023-10-13T16:28:53+00:00\" \/>\n<meta property=\"article:modified_time\" content=\"2023-10-13T16:46:36+00:00\" \/>\n<meta property=\"og:image\" content=\"https:\/\/www.meydan.tv\/wp-content\/uploads\/image-from-ios-8.jpg\" \/>\n\t<meta property=\"og:image:width\" content=\"1500\" \/>\n\t<meta property=\"og:image:height\" content=\"844\" \/>\n\t<meta property=\"og:image:type\" content=\"image\/jpeg\" \/>\n<meta name=\"author\" content=\"elli\" \/>\n<meta name=\"twitter:card\" content=\"summary_large_image\" \/>\n<meta name=\"twitter:creator\" content=\"@elli\" \/>\n<script type=\"application\/ld+json\" class=\"yoast-schema-graph\">{\"@context\":\"https:\\\/\\\/schema.org\",\"@graph\":[{\"@type\":\"Article\",\"@id\":\"https:\\\/\\\/www.meydan.tv\\\/az\\\/article\\\/ailesinin-yasadigi-eve-qadinlar-getiren-mesqcini-oldurmekde-ittiham-olunan-arvadina-ekspertiza-rey-verib-anlaqsiz\\\/#article\",\"isPartOf\":{\"@id\":\"https:\\\/\\\/www.meydan.tv\\\/az\\\/article\\\/ailesinin-yasadigi-eve-qadinlar-getiren-mesqcini-oldurmekde-ittiham-olunan-arvadina-ekspertiza-rey-verib-anlaqsiz\\\/\"},\"author\":{\"name\":\"elli\",\"@id\":\"https:\\\/\\\/www.meydan.tv\\\/az\\\/#\\\/schema\\\/person\\\/9cdbecf90d17180ce1dfbd95b08dcf47\"},\"headline\":\"Ail\u0259sinin ya\u015fad\u0131\u011f\u0131 ev\u0259 qad\u0131nlar g\u0259tir\u0259n m\u0259\u015fq\u00e7ini \u00f6ld\u00fcrm\u0259kd\u0259 ittiham olunan arvad\u0131na ekspertiza r\u0259y verib: \u201cAnlaqs\u0131z&#8230;\u201d\",\"datePublished\":\"2023-10-13T16:28:53+00:00\",\"dateModified\":\"2023-10-13T16:46:36+00:00\",\"mainEntityOfPage\":{\"@id\":\"https:\\\/\\\/www.meydan.tv\\\/az\\\/article\\\/ailesinin-yasadigi-eve-qadinlar-getiren-mesqcini-oldurmekde-ittiham-olunan-arvadina-ekspertiza-rey-verib-anlaqsiz\\\/\"},\"wordCount\":1242,\"publisher\":{\"@id\":\"https:\\\/\\\/www.meydan.tv\\\/az\\\/#organization\"},\"image\":{\"@id\":\"https:\\\/\\\/www.meydan.tv\\\/az\\\/article\\\/ailesinin-yasadigi-eve-qadinlar-getiren-mesqcini-oldurmekde-ittiham-olunan-arvadina-ekspertiza-rey-verib-anlaqsiz\\\/#primaryimage\"},\"thumbnailUrl\":\"https:\\\/\\\/www.meydan.tv\\\/wp-content\\\/uploads\\\/image-from-ios-8.jpg\",\"articleSection\":[\"Sosial\",\"T\u00f6vsiy\u0259\",\"X\u0259b\u0259rl\u0259r\"],\"inLanguage\":\"az\"},{\"@type\":\"WebPage\",\"@id\":\"https:\\\/\\\/www.meydan.tv\\\/az\\\/article\\\/ailesinin-yasadigi-eve-qadinlar-getiren-mesqcini-oldurmekde-ittiham-olunan-arvadina-ekspertiza-rey-verib-anlaqsiz\\\/\",\"url\":\"https:\\\/\\\/www.meydan.tv\\\/az\\\/article\\\/ailesinin-yasadigi-eve-qadinlar-getiren-mesqcini-oldurmekde-ittiham-olunan-arvadina-ekspertiza-rey-verib-anlaqsiz\\\/\",\"name\":\"Ail\u0259sinin ya\u015fad\u0131\u011f\u0131 ev\u0259 qad\u0131nlar g\u0259tir\u0259n m\u0259\u015fq\u00e7ini \u00f6ld\u00fcrm\u0259kd\u0259 ittiham olunan arvad\u0131na ekspertiza r\u0259y verib: \u201cAnlaqs\u0131z...\u201d - MEYDAN.TV\",\"isPartOf\":{\"@id\":\"https:\\\/\\\/www.meydan.tv\\\/az\\\/#website\"},\"primaryImageOfPage\":{\"@id\":\"https:\\\/\\\/www.meydan.tv\\\/az\\\/article\\\/ailesinin-yasadigi-eve-qadinlar-getiren-mesqcini-oldurmekde-ittiham-olunan-arvadina-ekspertiza-rey-verib-anlaqsiz\\\/#primaryimage\"},\"image\":{\"@id\":\"https:\\\/\\\/www.meydan.tv\\\/az\\\/article\\\/ailesinin-yasadigi-eve-qadinlar-getiren-mesqcini-oldurmekde-ittiham-olunan-arvadina-ekspertiza-rey-verib-anlaqsiz\\\/#primaryimage\"},\"thumbnailUrl\":\"https:\\\/\\\/www.meydan.tv\\\/wp-content\\\/uploads\\\/image-from-ios-8.jpg\",\"datePublished\":\"2023-10-13T16:28:53+00:00\",\"dateModified\":\"2023-10-13T16:46:36+00:00\",\"breadcrumb\":{\"@id\":\"https:\\\/\\\/www.meydan.tv\\\/az\\\/article\\\/ailesinin-yasadigi-eve-qadinlar-getiren-mesqcini-oldurmekde-ittiham-olunan-arvadina-ekspertiza-rey-verib-anlaqsiz\\\/#breadcrumb\"},\"inLanguage\":\"az\",\"potentialAction\":[{\"@type\":\"ReadAction\",\"target\":[\"https:\\\/\\\/www.meydan.tv\\\/az\\\/article\\\/ailesinin-yasadigi-eve-qadinlar-getiren-mesqcini-oldurmekde-ittiham-olunan-arvadina-ekspertiza-rey-verib-anlaqsiz\\\/\"]}]},{\"@type\":\"ImageObject\",\"inLanguage\":\"az\",\"@id\":\"https:\\\/\\\/www.meydan.tv\\\/az\\\/article\\\/ailesinin-yasadigi-eve-qadinlar-getiren-mesqcini-oldurmekde-ittiham-olunan-arvadina-ekspertiza-rey-verib-anlaqsiz\\\/#primaryimage\",\"url\":\"https:\\\/\\\/www.meydan.tv\\\/wp-content\\\/uploads\\\/image-from-ios-8.jpg\",\"contentUrl\":\"https:\\\/\\\/www.meydan.tv\\\/wp-content\\\/uploads\\\/image-from-ios-8.jpg\",\"width\":1500,\"height\":844,\"caption\":\"M\u0259hk\u0259m\u0259. \u0130ll\u00fcstrasiya: Meydan TV\"},{\"@type\":\"BreadcrumbList\",\"@id\":\"https:\\\/\\\/www.meydan.tv\\\/az\\\/article\\\/ailesinin-yasadigi-eve-qadinlar-getiren-mesqcini-oldurmekde-ittiham-olunan-arvadina-ekspertiza-rey-verib-anlaqsiz\\\/#breadcrumb\",\"itemListElement\":[{\"@type\":\"ListItem\",\"position\":1,\"name\":\"Ana s\u0259hif\u0259\",\"item\":\"https:\\\/\\\/www.meydan.tv\\\/az\\\/\"},{\"@type\":\"ListItem\",\"position\":2,\"name\":\"Sosial\",\"item\":\"https:\\\/\\\/www.meydan.tv\\\/az\\\/section\\\/sosial\\\/\"},{\"@type\":\"ListItem\",\"position\":3,\"name\":\"Ail\u0259sinin ya\u015fad\u0131\u011f\u0131 ev\u0259 qad\u0131nlar g\u0259tir\u0259n m\u0259\u015fq\u00e7ini \u00f6ld\u00fcrm\u0259kd\u0259 ittiham olunan arvad\u0131na ekspertiza r\u0259y verib: \u201cAnlaqs\u0131z&#8230;\u201d\"}]},{\"@type\":\"WebSite\",\"@id\":\"https:\\\/\\\/www.meydan.tv\\\/az\\\/#website\",\"url\":\"https:\\\/\\\/www.meydan.tv\\\/az\\\/\",\"name\":\"MEYDAN.TV\",\"description\":\"Meydan TV Az\u0259rbaycan\u0131n media m\u0259kan\u0131ndak\u0131 alternativ s\u0259sidir\",\"publisher\":{\"@id\":\"https:\\\/\\\/www.meydan.tv\\\/az\\\/#organization\"},\"potentialAction\":[{\"@type\":\"SearchAction\",\"target\":{\"@type\":\"EntryPoint\",\"urlTemplate\":\"https:\\\/\\\/www.meydan.tv\\\/az\\\/?s={search_term_string}\"},\"query-input\":{\"@type\":\"PropertyValueSpecification\",\"valueRequired\":true,\"valueName\":\"search_term_string\"}}],\"inLanguage\":\"az\"},{\"@type\":\"Organization\",\"@id\":\"https:\\\/\\\/www.meydan.tv\\\/az\\\/#organization\",\"name\":\"Meydan TV\",\"url\":\"https:\\\/\\\/www.meydan.tv\\\/az\\\/\",\"logo\":{\"@type\":\"ImageObject\",\"inLanguage\":\"az\",\"@id\":\"https:\\\/\\\/www.meydan.tv\\\/az\\\/#\\\/schema\\\/logo\\\/image\\\/\",\"url\":\"https:\\\/\\\/www.meydan.tv\\\/wp-content\\\/uploads\\\/2021\\\/07\\\/meydan-logo.svg\",\"contentUrl\":\"https:\\\/\\\/www.meydan.tv\\\/wp-content\\\/uploads\\\/2021\\\/07\\\/meydan-logo.svg\",\"width\":195,\"height\":46,\"caption\":\"Meydan TV\"},\"image\":{\"@id\":\"https:\\\/\\\/www.meydan.tv\\\/az\\\/#\\\/schema\\\/logo\\\/image\\\/\"}},{\"@type\":\"Person\",\"@id\":\"https:\\\/\\\/www.meydan.tv\\\/az\\\/#\\\/schema\\\/person\\\/9cdbecf90d17180ce1dfbd95b08dcf47\",\"name\":\"elli\",\"sameAs\":[\"https:\\\/\\\/x.com\\\/elli\"]}]}<\/script>\n<!-- \/ Yoast SEO plugin. -->","yoast_head_json":{"title":"Ail\u0259sinin ya\u015fad\u0131\u011f\u0131 ev\u0259 qad\u0131nlar g\u0259tir\u0259n m\u0259\u015fq\u00e7ini \u00f6ld\u00fcrm\u0259kd\u0259 ittiham olunan arvad\u0131na ekspertiza r\u0259y verib: \u201cAnlaqs\u0131z...\u201d - MEYDAN.TV","robots":{"index":"index","follow":"follow","max-snippet":"max-snippet:-1","max-image-preview":"max-image-preview:large","max-video-preview":"max-video-preview:-1"},"canonical":"https:\/\/www.meydan.tv\/az\/article\/ailesinin-yasadigi-eve-qadinlar-getiren-mesqcini-oldurmekde-ittiham-olunan-arvadina-ekspertiza-rey-verib-anlaqsiz\/","og_locale":"az_AZ","og_type":"article","og_title":"Ail\u0259sinin ya\u015fad\u0131\u011f\u0131 ev\u0259 qad\u0131nlar g\u0259tir\u0259n m\u0259\u015fq\u00e7ini \u00f6ld\u00fcrm\u0259kd\u0259 ittiham olunan arvad\u0131na ekspertiza r\u0259y verib: \u201cAnlaqs\u0131z...\u201d - MEYDAN.TV","og_description":"Zibeyd\u0259 Sad\u0131qova: \u201cM\u0259n bu g\u00fcn m\u0259hk\u0259m\u0259d\u0259n \u0259vv\u0259l \u018ffsan\u0259 il\u0259 dan\u0131\u015fma\u011fa ... Davam\u0131","og_url":"https:\/\/www.meydan.tv\/az\/article\/ailesinin-yasadigi-eve-qadinlar-getiren-mesqcini-oldurmekde-ittiham-olunan-arvadina-ekspertiza-rey-verib-anlaqsiz\/","og_site_name":"MEYDAN.TV","article_published_time":"2023-10-13T16:28:53+00:00","article_modified_time":"2023-10-13T16:46:36+00:00","og_image":[{"width":1500,"height":844,"url":"https:\/\/www.meydan.tv\/wp-content\/uploads\/image-from-ios-8.jpg","type":"image\/jpeg"}],"author":"elli","twitter_card":"summary_large_image","twitter_creator":"@elli","schema":{"@context":"https:\/\/schema.org","@graph":[{"@type":"Article","@id":"https:\/\/www.meydan.tv\/az\/article\/ailesinin-yasadigi-eve-qadinlar-getiren-mesqcini-oldurmekde-ittiham-olunan-arvadina-ekspertiza-rey-verib-anlaqsiz\/#article","isPartOf":{"@id":"https:\/\/www.meydan.tv\/az\/article\/ailesinin-yasadigi-eve-qadinlar-getiren-mesqcini-oldurmekde-ittiham-olunan-arvadina-ekspertiza-rey-verib-anlaqsiz\/"},"author":{"name":"elli","@id":"https:\/\/www.meydan.tv\/az\/#\/schema\/person\/9cdbecf90d17180ce1dfbd95b08dcf47"},"headline":"Ail\u0259sinin ya\u015fad\u0131\u011f\u0131 ev\u0259 qad\u0131nlar g\u0259tir\u0259n m\u0259\u015fq\u00e7ini \u00f6ld\u00fcrm\u0259kd\u0259 ittiham olunan arvad\u0131na ekspertiza r\u0259y verib: \u201cAnlaqs\u0131z&#8230;\u201d","datePublished":"2023-10-13T16:28:53+00:00","dateModified":"2023-10-13T16:46:36+00:00","mainEntityOfPage":{"@id":"https:\/\/www.meydan.tv\/az\/article\/ailesinin-yasadigi-eve-qadinlar-getiren-mesqcini-oldurmekde-ittiham-olunan-arvadina-ekspertiza-rey-verib-anlaqsiz\/"},"wordCount":1242,"publisher":{"@id":"https:\/\/www.meydan.tv\/az\/#organization"},"image":{"@id":"https:\/\/www.meydan.tv\/az\/article\/ailesinin-yasadigi-eve-qadinlar-getiren-mesqcini-oldurmekde-ittiham-olunan-arvadina-ekspertiza-rey-verib-anlaqsiz\/#primaryimage"},"thumbnailUrl":"https:\/\/www.meydan.tv\/wp-content\/uploads\/image-from-ios-8.jpg","articleSection":["Sosial","T\u00f6vsiy\u0259","X\u0259b\u0259rl\u0259r"],"inLanguage":"az"},{"@type":"WebPage","@id":"https:\/\/www.meydan.tv\/az\/article\/ailesinin-yasadigi-eve-qadinlar-getiren-mesqcini-oldurmekde-ittiham-olunan-arvadina-ekspertiza-rey-verib-anlaqsiz\/","url":"https:\/\/www.meydan.tv\/az\/article\/ailesinin-yasadigi-eve-qadinlar-getiren-mesqcini-oldurmekde-ittiham-olunan-arvadina-ekspertiza-rey-verib-anlaqsiz\/","name":"Ail\u0259sinin ya\u015fad\u0131\u011f\u0131 ev\u0259 qad\u0131nlar g\u0259tir\u0259n m\u0259\u015fq\u00e7ini \u00f6ld\u00fcrm\u0259kd\u0259 ittiham olunan arvad\u0131na ekspertiza r\u0259y verib: \u201cAnlaqs\u0131z...\u201d - MEYDAN.TV","isPartOf":{"@id":"https:\/\/www.meydan.tv\/az\/#website"},"primaryImageOfPage":{"@id":"https:\/\/www.meydan.tv\/az\/article\/ailesinin-yasadigi-eve-qadinlar-getiren-mesqcini-oldurmekde-ittiham-olunan-arvadina-ekspertiza-rey-verib-anlaqsiz\/#primaryimage"},"image":{"@id":"https:\/\/www.meydan.tv\/az\/article\/ailesinin-yasadigi-eve-qadinlar-getiren-mesqcini-oldurmekde-ittiham-olunan-arvadina-ekspertiza-rey-verib-anlaqsiz\/#primaryimage"},"thumbnailUrl":"https:\/\/www.meydan.tv\/wp-content\/uploads\/image-from-ios-8.jpg","datePublished":"2023-10-13T16:28:53+00:00","dateModified":"2023-10-13T16:46:36+00:00","breadcrumb":{"@id":"https:\/\/www.meydan.tv\/az\/article\/ailesinin-yasadigi-eve-qadinlar-getiren-mesqcini-oldurmekde-ittiham-olunan-arvadina-ekspertiza-rey-verib-anlaqsiz\/#breadcrumb"},"inLanguage":"az","potentialAction":[{"@type":"ReadAction","target":["https:\/\/www.meydan.tv\/az\/article\/ailesinin-yasadigi-eve-qadinlar-getiren-mesqcini-oldurmekde-ittiham-olunan-arvadina-ekspertiza-rey-verib-anlaqsiz\/"]}]},{"@type":"ImageObject","inLanguage":"az","@id":"https:\/\/www.meydan.tv\/az\/article\/ailesinin-yasadigi-eve-qadinlar-getiren-mesqcini-oldurmekde-ittiham-olunan-arvadina-ekspertiza-rey-verib-anlaqsiz\/#primaryimage","url":"https:\/\/www.meydan.tv\/wp-content\/uploads\/image-from-ios-8.jpg","contentUrl":"https:\/\/www.meydan.tv\/wp-content\/uploads\/image-from-ios-8.jpg","width":1500,"height":844,"caption":"M\u0259hk\u0259m\u0259. \u0130ll\u00fcstrasiya: Meydan TV"},{"@type":"BreadcrumbList","@id":"https:\/\/www.meydan.tv\/az\/article\/ailesinin-yasadigi-eve-qadinlar-getiren-mesqcini-oldurmekde-ittiham-olunan-arvadina-ekspertiza-rey-verib-anlaqsiz\/#breadcrumb","itemListElement":[{"@type":"ListItem","position":1,"name":"Ana s\u0259hif\u0259","item":"https:\/\/www.meydan.tv\/az\/"},{"@type":"ListItem","position":2,"name":"Sosial","item":"https:\/\/www.meydan.tv\/az\/section\/sosial\/"},{"@type":"ListItem","position":3,"name":"Ail\u0259sinin ya\u015fad\u0131\u011f\u0131 ev\u0259 qad\u0131nlar g\u0259tir\u0259n m\u0259\u015fq\u00e7ini \u00f6ld\u00fcrm\u0259kd\u0259 ittiham olunan arvad\u0131na ekspertiza r\u0259y verib: \u201cAnlaqs\u0131z&#8230;\u201d"}]},{"@type":"WebSite","@id":"https:\/\/www.meydan.tv\/az\/#website","url":"https:\/\/www.meydan.tv\/az\/","name":"MEYDAN.TV","description":"Meydan TV Az\u0259rbaycan\u0131n media m\u0259kan\u0131ndak\u0131 alternativ s\u0259sidir","publisher":{"@id":"https:\/\/www.meydan.tv\/az\/#organization"},"potentialAction":[{"@type":"SearchAction","target":{"@type":"EntryPoint","urlTemplate":"https:\/\/www.meydan.tv\/az\/?s={search_term_string}"},"query-input":{"@type":"PropertyValueSpecification","valueRequired":true,"valueName":"search_term_string"}}],"inLanguage":"az"},{"@type":"Organization","@id":"https:\/\/www.meydan.tv\/az\/#organization","name":"Meydan TV","url":"https:\/\/www.meydan.tv\/az\/","logo":{"@type":"ImageObject","inLanguage":"az","@id":"https:\/\/www.meydan.tv\/az\/#\/schema\/logo\/image\/","url":"https:\/\/www.meydan.tv\/wp-content\/uploads\/2021\/07\/meydan-logo.svg","contentUrl":"https:\/\/www.meydan.tv\/wp-content\/uploads\/2021\/07\/meydan-logo.svg","width":195,"height":46,"caption":"Meydan TV"},"image":{"@id":"https:\/\/www.meydan.tv\/az\/#\/schema\/logo\/image\/"}},{"@type":"Person","@id":"https:\/\/www.meydan.tv\/az\/#\/schema\/person\/9cdbecf90d17180ce1dfbd95b08dcf47","name":"elli","sameAs":["https:\/\/x.com\/elli"]}]}},"_links":{"self":[{"href":"https:\/\/www.meydan.tv\/az\/wp-json\/wp\/v2\/posts\/287877","targetHints":{"allow":["GET"]}}],"collection":[{"href":"https:\/\/www.meydan.tv\/az\/wp-json\/wp\/v2\/posts"}],"about":[{"href":"https:\/\/www.meydan.tv\/az\/wp-json\/wp\/v2\/types\/post"}],"author":[{"embeddable":true,"href":"https:\/\/www.meydan.tv\/az\/wp-json\/wp\/v2\/users\/8"}],"replies":[{"embeddable":true,"href":"https:\/\/www.meydan.tv\/az\/wp-json\/wp\/v2\/comments?post=287877"}],"version-history":[{"count":1,"href":"https:\/\/www.meydan.tv\/az\/wp-json\/wp\/v2\/posts\/287877\/revisions"}],"predecessor-version":[{"id":287878,"href":"https:\/\/www.meydan.tv\/az\/wp-json\/wp\/v2\/posts\/287877\/revisions\/287878"}],"wp:featuredmedia":[{"embeddable":true,"href":"https:\/\/www.meydan.tv\/az\/wp-json\/wp\/v2\/media\/260251"}],"wp:attachment":[{"href":"https:\/\/www.meydan.tv\/az\/wp-json\/wp\/v2\/media?parent=287877"}],"wp:term":[{"taxonomy":"category","embeddable":true,"href":"https:\/\/www.meydan.tv\/az\/wp-json\/wp\/v2\/categories?post=287877"},{"taxonomy":"post_tag","embeddable":true,"href":"https:\/\/www.meydan.tv\/az\/wp-json\/wp\/v2\/tags?post=287877"}],"curies":[{"name":"wp","href":"https:\/\/api.w.org\/{rel}","templated":true}]}}