{"id":287810,"date":"2023-10-13T12:21:23","date_gmt":"2023-10-13T08:21:23","guid":{"rendered":"https:\/\/www.meydan.tv\/?p=287810"},"modified":"2023-10-13T12:21:26","modified_gmt":"2023-10-13T08:21:26","slug":"fuzulide-mina-partlayisi-bir-olu-bir-yarali-var","status":"publish","type":"post","link":"https:\/\/www.meydan.tv\/az\/article\/fuzulide-mina-partlayisi-bir-olu-bir-yarali-var\/","title":{"rendered":"F\u00fczulid\u0259 mina partlay\u0131\u015f\u0131: bir \u00f6l\u00fc, bir yaral\u0131 var"},"content":{"rendered":"\n<p><\/p>\n\n\n\n<p><strong><em>ANAMA v\u0259t\u0259nda\u015flara \u00e7a\u011f\u0131r\u0131\u015f edib<\/em><\/strong><\/p>\n\n\n\n<p>Oktyabr\u0131n 13-d\u0259 F\u00fczuli rayonunun A\u015fa\u011f\u0131 Veys\u0259lli k\u0259ndind\u0259 iki n\u0259f\u0259rin minaya d\u00fc\u015fd\u00fcy\u00fc bildirilir.<\/p>\n\n\n\n<p>Bu bar\u0259d\u0259 Daxili \u0130\u015fl\u0259r Nazirliyi v\u0259 Minat\u0259mizl\u0259m\u0259 Agentliyinin (ANAMA) m\u0259tbuat xidm\u0259tl\u0259ri m\u0259lumat yay\u0131b.<\/p>\n\n\n\n<p>Bildirilir ki, partlay\u0131\u015f n\u0259tic\u0259sind\u0259 1 n\u0259f\u0259r h\u0259lak olub, 1 n\u0259f\u0259r is\u0259 x\u0259sar\u0259t al\u0131b:<\/p>\n\n\n\n<p>\u201c<em>Tank \u0259leyhin\u0259 mina partlay\u0131\u015f\u0131 n\u0259tic\u0259sind\u0259 &#8220;Qazel&#8221; markal\u0131 ma\u015f\u0131n\u0131n s\u00fcr\u00fcc\u00fcs\u00fc, 1987-ci il t\u0259v\u0259ll\u00fcdl\u00fc Famil \u018fbilov h\u0259yat\u0131n\u0131 itirib\u201d.<\/em><\/p>\n\n\n\n<p>\u201c<em>&#8220;Kamaz&#8221; s\u00fcr\u00fcc\u00fcs\u00fc, 2000-ci il t\u0259v\u0259ll\u00fcdl\u00fc Namaz Bayramov is\u0259 x\u0259sar\u0259t al\u0131b\u201d, <\/em>&#8211; dey\u0259 m\u0259lumatda vur\u011fulan\u0131r.<\/p>\n\n\n\n<p>ANAMA bir daha v\u0259t\u0259nda\u015flar\u0131 m\u0259suliyy\u0259tli davranma\u011fa, b\u0259l\u0259d olmad\u0131qlar\u0131 \u0259razil\u0259r\u0259 daxil olmama\u011fa, t\u0259l\u0259b olunan qaydalara riay\u0259t etm\u0259y\u0259 \u00e7a\u011f\u0131r\u0131b.<\/p>\n\n\n\n<p>Oktyabr\u0131n 9-da&nbsp; Az\u0259rbaycan\u0131n Minat\u0259mizl\u0259m\u0259 Agentliyi (ANAMA T\u0259rt\u0259r, A\u011fdam, La\u00e7\u0131n, F\u00fczuli, \u015eu\u015fa, Qubadl\u0131, Xocav\u0259nd, C\u0259bray\u0131l v\u0259 Z\u0259ngilanda 31 piyada \u0259leyhin\u0259 mina, 67 tank \u0259leyhin\u0259 mina, 1267 Partlamam\u0131\u015f H\u0259rbi Sursat (PHS) a\u015fkarland\u0131\u011f\u0131 haqda m\u0259lumat yay\u0131b.<\/p>\n\n\n\n<p>Bildirilib ki, 426,5 hektar \u0259razi mina v\u0259 PHS-l\u0259rd\u0259n t\u0259mizl\u0259nib.<\/p>\n","protected":false},"excerpt":{"rendered":"<p>ANAMA v\u0259t\u0259nda\u015flara \u00e7a\u011f\u0131r\u0131\u015f edib Oktyabr\u0131n 13-d\u0259 F\u00fczuli rayonunun A\u015fa\u011f\u0131 Veys\u0259lli &#8230; <\/p>\n<p class=\"read-more-container\"><a title=\"F\u00fczulid\u0259 mina partlay\u0131\u015f\u0131: bir \u00f6l\u00fc, bir yaral\u0131 var\" class=\"read-more button\" href=\"https:\/\/www.meydan.tv\/az\/article\/fuzulide-mina-partlayisi-bir-olu-bir-yarali-var\/#more-287810\" aria-label=\"Read more about F\u00fczulid\u0259 mina partlay\u0131\u015f\u0131: bir \u00f6l\u00fc, bir yaral\u0131 var\">Davam\u0131<\/a><\/p>\n","protected":false},"author":8,"featured_media":155793,"comment_status":"closed","ping_status":"closed","sticky":false,"template":"","format":"standard","meta":{"_acf_changed":false,"_sitemap_exclude":false,"_sitemap_priority":"","_sitemap_frequency":"","footnotes":""},"categories":[60,79,56],"tags":[],"class_list":["post-287810","post","type-post","status-publish","format-standard","has-post-thumbnail","hentry","category-bolge","category-featured","category-xeberler","infinite-scroll-item","generate-columns","tablet-grid-50","mobile-grid-100","grid-parent","grid-33","no-featured-image-padding"],"acf":[],"yoast_head":"<!-- This site is optimized with the Yoast SEO plugin v27.4 - https:\/\/yoast.com\/product\/yoast-seo-wordpress\/ -->\n<title>F\u00fczulid\u0259 mina partlay\u0131\u015f\u0131: bir \u00f6l\u00fc, bir yaral\u0131 var - MEYDAN.TV<\/title>\n<meta name=\"robots\" content=\"index, follow, max-snippet:-1, max-image-preview:large, max-video-preview:-1\" \/>\n<link rel=\"canonical\" href=\"https:\/\/www.meydan.tv\/az\/article\/fuzulide-mina-partlayisi-bir-olu-bir-yarali-var\/\" \/>\n<meta property=\"og:locale\" content=\"az_AZ\" \/>\n<meta property=\"og:type\" content=\"article\" \/>\n<meta property=\"og:title\" content=\"F\u00fczulid\u0259 mina partlay\u0131\u015f\u0131: bir \u00f6l\u00fc, bir yaral\u0131 var - MEYDAN.TV\" \/>\n<meta property=\"og:description\" content=\"ANAMA v\u0259t\u0259nda\u015flara \u00e7a\u011f\u0131r\u0131\u015f edib Oktyabr\u0131n 13-d\u0259 F\u00fczuli rayonunun A\u015fa\u011f\u0131 Veys\u0259lli ... Davam\u0131\" \/>\n<meta property=\"og:url\" content=\"https:\/\/www.meydan.tv\/az\/article\/fuzulide-mina-partlayisi-bir-olu-bir-yarali-var\/\" \/>\n<meta property=\"og:site_name\" content=\"MEYDAN.TV\" \/>\n<meta property=\"article:published_time\" content=\"2023-10-13T08:21:23+00:00\" \/>\n<meta property=\"article:modified_time\" content=\"2023-10-13T08:21:26+00:00\" \/>\n<meta property=\"og:image\" content=\"https:\/\/www.meydan.tv\/wp-content\/uploads\/maxresdefault_emna25e.jpg\" \/>\n\t<meta property=\"og:image:width\" content=\"1280\" \/>\n\t<meta property=\"og:image:height\" content=\"720\" \/>\n\t<meta property=\"og:image:type\" content=\"image\/jpeg\" \/>\n<meta name=\"author\" content=\"elli\" \/>\n<meta name=\"twitter:card\" content=\"summary_large_image\" \/>\n<meta name=\"twitter:creator\" content=\"@elli\" \/>\n<script type=\"application\/ld+json\" class=\"yoast-schema-graph\">{\"@context\":\"https:\\\/\\\/schema.org\",\"@graph\":[{\"@type\":\"Article\",\"@id\":\"https:\\\/\\\/www.meydan.tv\\\/az\\\/article\\\/fuzulide-mina-partlayisi-bir-olu-bir-yarali-var\\\/#article\",\"isPartOf\":{\"@id\":\"https:\\\/\\\/www.meydan.tv\\\/az\\\/article\\\/fuzulide-mina-partlayisi-bir-olu-bir-yarali-var\\\/\"},\"author\":{\"name\":\"elli\",\"@id\":\"https:\\\/\\\/www.meydan.tv\\\/az\\\/#\\\/schema\\\/person\\\/9cdbecf90d17180ce1dfbd95b08dcf47\"},\"headline\":\"F\u00fczulid\u0259 mina partlay\u0131\u015f\u0131: bir \u00f6l\u00fc, bir yaral\u0131 var\",\"datePublished\":\"2023-10-13T08:21:23+00:00\",\"dateModified\":\"2023-10-13T08:21:26+00:00\",\"mainEntityOfPage\":{\"@id\":\"https:\\\/\\\/www.meydan.tv\\\/az\\\/article\\\/fuzulide-mina-partlayisi-bir-olu-bir-yarali-var\\\/\"},\"wordCount\":231,\"publisher\":{\"@id\":\"https:\\\/\\\/www.meydan.tv\\\/az\\\/#organization\"},\"image\":{\"@id\":\"https:\\\/\\\/www.meydan.tv\\\/az\\\/article\\\/fuzulide-mina-partlayisi-bir-olu-bir-yarali-var\\\/#primaryimage\"},\"thumbnailUrl\":\"https:\\\/\\\/www.meydan.tv\\\/wp-content\\\/uploads\\\/maxresdefault_emna25e.jpg\",\"articleSection\":[\"B\u00f6lg\u0259\",\"T\u00f6vsiy\u0259\",\"X\u0259b\u0259rl\u0259r\"],\"inLanguage\":\"az\"},{\"@type\":\"WebPage\",\"@id\":\"https:\\\/\\\/www.meydan.tv\\\/az\\\/article\\\/fuzulide-mina-partlayisi-bir-olu-bir-yarali-var\\\/\",\"url\":\"https:\\\/\\\/www.meydan.tv\\\/az\\\/article\\\/fuzulide-mina-partlayisi-bir-olu-bir-yarali-var\\\/\",\"name\":\"F\u00fczulid\u0259 mina partlay\u0131\u015f\u0131: bir \u00f6l\u00fc, bir yaral\u0131 var - MEYDAN.TV\",\"isPartOf\":{\"@id\":\"https:\\\/\\\/www.meydan.tv\\\/az\\\/#website\"},\"primaryImageOfPage\":{\"@id\":\"https:\\\/\\\/www.meydan.tv\\\/az\\\/article\\\/fuzulide-mina-partlayisi-bir-olu-bir-yarali-var\\\/#primaryimage\"},\"image\":{\"@id\":\"https:\\\/\\\/www.meydan.tv\\\/az\\\/article\\\/fuzulide-mina-partlayisi-bir-olu-bir-yarali-var\\\/#primaryimage\"},\"thumbnailUrl\":\"https:\\\/\\\/www.meydan.tv\\\/wp-content\\\/uploads\\\/maxresdefault_emna25e.jpg\",\"datePublished\":\"2023-10-13T08:21:23+00:00\",\"dateModified\":\"2023-10-13T08:21:26+00:00\",\"breadcrumb\":{\"@id\":\"https:\\\/\\\/www.meydan.tv\\\/az\\\/article\\\/fuzulide-mina-partlayisi-bir-olu-bir-yarali-var\\\/#breadcrumb\"},\"inLanguage\":\"az\",\"potentialAction\":[{\"@type\":\"ReadAction\",\"target\":[\"https:\\\/\\\/www.meydan.tv\\\/az\\\/article\\\/fuzulide-mina-partlayisi-bir-olu-bir-yarali-var\\\/\"]}]},{\"@type\":\"ImageObject\",\"inLanguage\":\"az\",\"@id\":\"https:\\\/\\\/www.meydan.tv\\\/az\\\/article\\\/fuzulide-mina-partlayisi-bir-olu-bir-yarali-var\\\/#primaryimage\",\"url\":\"https:\\\/\\\/www.meydan.tv\\\/wp-content\\\/uploads\\\/maxresdefault_emna25e.jpg\",\"contentUrl\":\"https:\\\/\\\/www.meydan.tv\\\/wp-content\\\/uploads\\\/maxresdefault_emna25e.jpg\",\"width\":1280,\"height\":720,\"caption\":\"M\u0259nb\u0259: Youtube screen\"},{\"@type\":\"BreadcrumbList\",\"@id\":\"https:\\\/\\\/www.meydan.tv\\\/az\\\/article\\\/fuzulide-mina-partlayisi-bir-olu-bir-yarali-var\\\/#breadcrumb\",\"itemListElement\":[{\"@type\":\"ListItem\",\"position\":1,\"name\":\"Ana s\u0259hif\u0259\",\"item\":\"https:\\\/\\\/www.meydan.tv\\\/az\\\/\"},{\"@type\":\"ListItem\",\"position\":2,\"name\":\"B\u00f6lg\u0259\",\"item\":\"https:\\\/\\\/www.meydan.tv\\\/az\\\/section\\\/bolge\\\/\"},{\"@type\":\"ListItem\",\"position\":3,\"name\":\"F\u00fczulid\u0259 mina partlay\u0131\u015f\u0131: bir \u00f6l\u00fc, bir yaral\u0131 var\"}]},{\"@type\":\"WebSite\",\"@id\":\"https:\\\/\\\/www.meydan.tv\\\/az\\\/#website\",\"url\":\"https:\\\/\\\/www.meydan.tv\\\/az\\\/\",\"name\":\"MEYDAN.TV\",\"description\":\"Meydan TV Az\u0259rbaycan\u0131n media m\u0259kan\u0131ndak\u0131 alternativ s\u0259sidir\",\"publisher\":{\"@id\":\"https:\\\/\\\/www.meydan.tv\\\/az\\\/#organization\"},\"potentialAction\":[{\"@type\":\"SearchAction\",\"target\":{\"@type\":\"EntryPoint\",\"urlTemplate\":\"https:\\\/\\\/www.meydan.tv\\\/az\\\/?s={search_term_string}\"},\"query-input\":{\"@type\":\"PropertyValueSpecification\",\"valueRequired\":true,\"valueName\":\"search_term_string\"}}],\"inLanguage\":\"az\"},{\"@type\":\"Organization\",\"@id\":\"https:\\\/\\\/www.meydan.tv\\\/az\\\/#organization\",\"name\":\"Meydan TV\",\"url\":\"https:\\\/\\\/www.meydan.tv\\\/az\\\/\",\"logo\":{\"@type\":\"ImageObject\",\"inLanguage\":\"az\",\"@id\":\"https:\\\/\\\/www.meydan.tv\\\/az\\\/#\\\/schema\\\/logo\\\/image\\\/\",\"url\":\"https:\\\/\\\/www.meydan.tv\\\/wp-content\\\/uploads\\\/2021\\\/07\\\/meydan-logo.svg\",\"contentUrl\":\"https:\\\/\\\/www.meydan.tv\\\/wp-content\\\/uploads\\\/2021\\\/07\\\/meydan-logo.svg\",\"width\":195,\"height\":46,\"caption\":\"Meydan TV\"},\"image\":{\"@id\":\"https:\\\/\\\/www.meydan.tv\\\/az\\\/#\\\/schema\\\/logo\\\/image\\\/\"}},{\"@type\":\"Person\",\"@id\":\"https:\\\/\\\/www.meydan.tv\\\/az\\\/#\\\/schema\\\/person\\\/9cdbecf90d17180ce1dfbd95b08dcf47\",\"name\":\"elli\",\"sameAs\":[\"https:\\\/\\\/x.com\\\/elli\"]}]}<\/script>\n<!-- \/ Yoast SEO plugin. -->","yoast_head_json":{"title":"F\u00fczulid\u0259 mina partlay\u0131\u015f\u0131: bir \u00f6l\u00fc, bir yaral\u0131 var - MEYDAN.TV","robots":{"index":"index","follow":"follow","max-snippet":"max-snippet:-1","max-image-preview":"max-image-preview:large","max-video-preview":"max-video-preview:-1"},"canonical":"https:\/\/www.meydan.tv\/az\/article\/fuzulide-mina-partlayisi-bir-olu-bir-yarali-var\/","og_locale":"az_AZ","og_type":"article","og_title":"F\u00fczulid\u0259 mina partlay\u0131\u015f\u0131: bir \u00f6l\u00fc, bir yaral\u0131 var - MEYDAN.TV","og_description":"ANAMA v\u0259t\u0259nda\u015flara \u00e7a\u011f\u0131r\u0131\u015f edib Oktyabr\u0131n 13-d\u0259 F\u00fczuli rayonunun A\u015fa\u011f\u0131 Veys\u0259lli ... Davam\u0131","og_url":"https:\/\/www.meydan.tv\/az\/article\/fuzulide-mina-partlayisi-bir-olu-bir-yarali-var\/","og_site_name":"MEYDAN.TV","article_published_time":"2023-10-13T08:21:23+00:00","article_modified_time":"2023-10-13T08:21:26+00:00","og_image":[{"width":1280,"height":720,"url":"https:\/\/www.meydan.tv\/wp-content\/uploads\/maxresdefault_emna25e.jpg","type":"image\/jpeg"}],"author":"elli","twitter_card":"summary_large_image","twitter_creator":"@elli","schema":{"@context":"https:\/\/schema.org","@graph":[{"@type":"Article","@id":"https:\/\/www.meydan.tv\/az\/article\/fuzulide-mina-partlayisi-bir-olu-bir-yarali-var\/#article","isPartOf":{"@id":"https:\/\/www.meydan.tv\/az\/article\/fuzulide-mina-partlayisi-bir-olu-bir-yarali-var\/"},"author":{"name":"elli","@id":"https:\/\/www.meydan.tv\/az\/#\/schema\/person\/9cdbecf90d17180ce1dfbd95b08dcf47"},"headline":"F\u00fczulid\u0259 mina partlay\u0131\u015f\u0131: bir \u00f6l\u00fc, bir yaral\u0131 var","datePublished":"2023-10-13T08:21:23+00:00","dateModified":"2023-10-13T08:21:26+00:00","mainEntityOfPage":{"@id":"https:\/\/www.meydan.tv\/az\/article\/fuzulide-mina-partlayisi-bir-olu-bir-yarali-var\/"},"wordCount":231,"publisher":{"@id":"https:\/\/www.meydan.tv\/az\/#organization"},"image":{"@id":"https:\/\/www.meydan.tv\/az\/article\/fuzulide-mina-partlayisi-bir-olu-bir-yarali-var\/#primaryimage"},"thumbnailUrl":"https:\/\/www.meydan.tv\/wp-content\/uploads\/maxresdefault_emna25e.jpg","articleSection":["B\u00f6lg\u0259","T\u00f6vsiy\u0259","X\u0259b\u0259rl\u0259r"],"inLanguage":"az"},{"@type":"WebPage","@id":"https:\/\/www.meydan.tv\/az\/article\/fuzulide-mina-partlayisi-bir-olu-bir-yarali-var\/","url":"https:\/\/www.meydan.tv\/az\/article\/fuzulide-mina-partlayisi-bir-olu-bir-yarali-var\/","name":"F\u00fczulid\u0259 mina partlay\u0131\u015f\u0131: bir \u00f6l\u00fc, bir yaral\u0131 var - MEYDAN.TV","isPartOf":{"@id":"https:\/\/www.meydan.tv\/az\/#website"},"primaryImageOfPage":{"@id":"https:\/\/www.meydan.tv\/az\/article\/fuzulide-mina-partlayisi-bir-olu-bir-yarali-var\/#primaryimage"},"image":{"@id":"https:\/\/www.meydan.tv\/az\/article\/fuzulide-mina-partlayisi-bir-olu-bir-yarali-var\/#primaryimage"},"thumbnailUrl":"https:\/\/www.meydan.tv\/wp-content\/uploads\/maxresdefault_emna25e.jpg","datePublished":"2023-10-13T08:21:23+00:00","dateModified":"2023-10-13T08:21:26+00:00","breadcrumb":{"@id":"https:\/\/www.meydan.tv\/az\/article\/fuzulide-mina-partlayisi-bir-olu-bir-yarali-var\/#breadcrumb"},"inLanguage":"az","potentialAction":[{"@type":"ReadAction","target":["https:\/\/www.meydan.tv\/az\/article\/fuzulide-mina-partlayisi-bir-olu-bir-yarali-var\/"]}]},{"@type":"ImageObject","inLanguage":"az","@id":"https:\/\/www.meydan.tv\/az\/article\/fuzulide-mina-partlayisi-bir-olu-bir-yarali-var\/#primaryimage","url":"https:\/\/www.meydan.tv\/wp-content\/uploads\/maxresdefault_emna25e.jpg","contentUrl":"https:\/\/www.meydan.tv\/wp-content\/uploads\/maxresdefault_emna25e.jpg","width":1280,"height":720,"caption":"M\u0259nb\u0259: Youtube screen"},{"@type":"BreadcrumbList","@id":"https:\/\/www.meydan.tv\/az\/article\/fuzulide-mina-partlayisi-bir-olu-bir-yarali-var\/#breadcrumb","itemListElement":[{"@type":"ListItem","position":1,"name":"Ana s\u0259hif\u0259","item":"https:\/\/www.meydan.tv\/az\/"},{"@type":"ListItem","position":2,"name":"B\u00f6lg\u0259","item":"https:\/\/www.meydan.tv\/az\/section\/bolge\/"},{"@type":"ListItem","position":3,"name":"F\u00fczulid\u0259 mina partlay\u0131\u015f\u0131: bir \u00f6l\u00fc, bir yaral\u0131 var"}]},{"@type":"WebSite","@id":"https:\/\/www.meydan.tv\/az\/#website","url":"https:\/\/www.meydan.tv\/az\/","name":"MEYDAN.TV","description":"Meydan TV Az\u0259rbaycan\u0131n media m\u0259kan\u0131ndak\u0131 alternativ s\u0259sidir","publisher":{"@id":"https:\/\/www.meydan.tv\/az\/#organization"},"potentialAction":[{"@type":"SearchAction","target":{"@type":"EntryPoint","urlTemplate":"https:\/\/www.meydan.tv\/az\/?s={search_term_string}"},"query-input":{"@type":"PropertyValueSpecification","valueRequired":true,"valueName":"search_term_string"}}],"inLanguage":"az"},{"@type":"Organization","@id":"https:\/\/www.meydan.tv\/az\/#organization","name":"Meydan TV","url":"https:\/\/www.meydan.tv\/az\/","logo":{"@type":"ImageObject","inLanguage":"az","@id":"https:\/\/www.meydan.tv\/az\/#\/schema\/logo\/image\/","url":"https:\/\/www.meydan.tv\/wp-content\/uploads\/2021\/07\/meydan-logo.svg","contentUrl":"https:\/\/www.meydan.tv\/wp-content\/uploads\/2021\/07\/meydan-logo.svg","width":195,"height":46,"caption":"Meydan TV"},"image":{"@id":"https:\/\/www.meydan.tv\/az\/#\/schema\/logo\/image\/"}},{"@type":"Person","@id":"https:\/\/www.meydan.tv\/az\/#\/schema\/person\/9cdbecf90d17180ce1dfbd95b08dcf47","name":"elli","sameAs":["https:\/\/x.com\/elli"]}]}},"_links":{"self":[{"href":"https:\/\/www.meydan.tv\/az\/wp-json\/wp\/v2\/posts\/287810","targetHints":{"allow":["GET"]}}],"collection":[{"href":"https:\/\/www.meydan.tv\/az\/wp-json\/wp\/v2\/posts"}],"about":[{"href":"https:\/\/www.meydan.tv\/az\/wp-json\/wp\/v2\/types\/post"}],"author":[{"embeddable":true,"href":"https:\/\/www.meydan.tv\/az\/wp-json\/wp\/v2\/users\/8"}],"replies":[{"embeddable":true,"href":"https:\/\/www.meydan.tv\/az\/wp-json\/wp\/v2\/comments?post=287810"}],"version-history":[{"count":1,"href":"https:\/\/www.meydan.tv\/az\/wp-json\/wp\/v2\/posts\/287810\/revisions"}],"predecessor-version":[{"id":287811,"href":"https:\/\/www.meydan.tv\/az\/wp-json\/wp\/v2\/posts\/287810\/revisions\/287811"}],"wp:featuredmedia":[{"embeddable":true,"href":"https:\/\/www.meydan.tv\/az\/wp-json\/wp\/v2\/media\/155793"}],"wp:attachment":[{"href":"https:\/\/www.meydan.tv\/az\/wp-json\/wp\/v2\/media?parent=287810"}],"wp:term":[{"taxonomy":"category","embeddable":true,"href":"https:\/\/www.meydan.tv\/az\/wp-json\/wp\/v2\/categories?post=287810"},{"taxonomy":"post_tag","embeddable":true,"href":"https:\/\/www.meydan.tv\/az\/wp-json\/wp\/v2\/tags?post=287810"}],"curies":[{"name":"wp","href":"https:\/\/api.w.org\/{rel}","templated":true}]}}