{"id":287724,"date":"2023-10-12T15:13:12","date_gmt":"2023-10-12T11:13:12","guid":{"rendered":"https:\/\/www.meydan.tv\/?p=287724"},"modified":"2023-10-12T15:14:58","modified_gmt":"2023-10-12T11:14:58","slug":"goycayda-nar-movsumu-kendliler-neden-narazidir","status":"publish","type":"post","link":"https:\/\/www.meydan.tv\/az\/article\/goycayda-nar-movsumu-kendliler-neden-narazidir\/","title":{"rendered":"G\u00f6y\u00e7ayda nar m\u00f6vs\u00fcm\u00fc: k\u0259ndlil\u0259r n\u0259d\u0259n naraz\u0131d\u0131r?"},"content":{"rendered":"\n<p><\/p>\n\n\n\n<p><strong><em>&#8220;Qiym\u0259t arts\u0131n, anbarlar yarad\u0131ls\u0131n, zavod a\u00e7\u0131ls\u0131n, d\u00f6vl\u0259t d\u0259st\u0259k versin&#8230;&#8221;<\/em><\/strong><\/p>\n\n\n\n<p>Art\u0131q bir ne\u00e7\u0259 g\u00fcnd\u00fcr ki, G\u00f6y\u00e7ay\u0131n nar ba\u011flar\u0131nda m\u0259hsul y\u0131\u011f\u0131m\u0131na start verilib. Amma ba\u011fbanlar v\u0259 sahibkarlar probleml\u0259rin oldu\u011funu da deyirl\u0259r.<\/p>\n\n\n\n<p>G\u00f6y\u00e7ay sakini Mahir Babayev Meydan TV-y\u0259 deyir ki, \u0259sas y\u0131\u011f\u0131m nar\u0131n k\u00fctl\u0259vi yeti\u015fdiyi B\u0131\u011f\u0131r, Qarabaqqal, Hacal\u0131k\u0259nd v\u0259 Alxasafa k\u0259ndl\u0259rind\u0259 apar\u0131l\u0131r.<\/p>\n\n\n\n<p>O, 15 ildir ki, bu i\u015fl\u0259 m\u0259\u015f\u011ful oldu\u011funu, 400 a\u011facdan ibar\u0259t nar ba\u011f\u0131n\u0131n oldu\u011funu deyir.<\/p>\n\n\n<div class=\"wp-block-image\">\n<figure class=\"aligncenter size-large\"><img decoding=\"async\" width=\"1033\" height=\"821\" data-src=\"https:\/\/www.meydan.tv\/wp-content\/uploads\/img-20221019-wa0164-1-1033x821.jpg\" alt=\"\" class=\"wp-image-287736 lazyload\" src=\"data:image\/svg+xml;base64,PHN2ZyB3aWR0aD0iMSIgaGVpZ2h0PSIxIiB4bWxucz0iaHR0cDovL3d3dy53My5vcmcvMjAwMC9zdmciPjwvc3ZnPg==\" style=\"--smush-placeholder-width: 1033px; --smush-placeholder-aspect-ratio: 1033\/821;\" \/><\/figure>\n<\/div>\n\n\n<p>K\u0259ndlil\u0259ri narahat ed\u0259n \u0259sas m\u0259s\u0259l\u0259 nar\u0131n qiym\u0259ti il\u0259 ba\u011fl\u0131d\u0131r.<\/p>\n\n\n\n<p>Onlar deyirl\u0259r ki, qiym\u0259tl\u0259rin a\u015fa\u011f\u0131 olmas\u0131 bir \u00e7ox hallarda m\u0259hsula \u00e7\u0259kil\u0259n x\u0259rci \u00f6d\u0259mir.<\/p>\n\n\n\n<p>Dig\u0259r bir problem is\u0259 havalar\u0131n ya\u011f\u0131nt\u0131l\u0131 ke\u00e7m\u0259si il\u0259 ba\u011fl\u0131 olur. \u018fg\u0259r m\u0259hsul vaxt\u0131nda bazara \u00e7\u0131xar\u0131lmasa v\u0259 ya\u011f\u0131nt\u0131l\u0131 havalara d\u00fc\u015f\u0259rs\u0259, ciddi ziyan \u00e7\u0259k\u0259c\u0259kl\u0259rini deyirl\u0259r.<\/p>\n\n\n<div class=\"wp-block-image\">\n<figure class=\"aligncenter size-full\"><img decoding=\"async\" width=\"1200\" height=\"800\" data-src=\"https:\/\/www.meydan.tv\/wp-content\/uploads\/untitled-design-205.jpg\" alt=\"\" class=\"wp-image-287712 lazyload\" src=\"data:image\/svg+xml;base64,PHN2ZyB3aWR0aD0iMSIgaGVpZ2h0PSIxIiB4bWxucz0iaHR0cDovL3d3dy53My5vcmcvMjAwMC9zdmciPjwvc3ZnPg==\" style=\"--smush-placeholder-width: 1200px; --smush-placeholder-aspect-ratio: 1200\/800;\" \/><\/figure>\n<\/div>\n\n\n<h6 class=\"wp-block-heading\"><strong><em>&#8220;<\/em>Ya\u011f\u0131nt\u0131l\u0131 havalar m\u0259hsulun gec yeti\u015fm\u0259sin\u0259 s\u0259b\u0259b olur&#8221;<\/strong><\/h6>\n\n\n\n<p>&#8220;<em>\u00d6t\u0259n il ba\u011flarda m\u0259hsul t\u0259l\u0259f oldu, \u00e7atlad\u0131, \u00e7\u00fcr\u00fcd\u00fc, \u00e7ox adam m\u0259cburiyy\u0259td\u0259n zavodlara verdi, \u00f6z\u00fc d\u0259 g\u00fccl\u0259. Bu il h\u0259l\u0259 ki &#8220;V\u0259l\u0259s&#8221;, y\u0259ni gec yeti\u015f\u0259n sort yax\u015f\u0131d\u0131r. M\u0259s\u0259l\u0259n m\u0259n nar ba\u011f\u0131mdan 14 ton nar m\u0259hsulu g\u00f6zl\u0259yir\u0259m, ya\u011f\u0131nt\u0131 davam ed\u0259rs\u0259, t\u0259bii, azalma olacaq&#8221;,<\/em> &#8211; dey\u0259 o bildirib.<\/p>\n\n\n\n<p>Onun s\u00f6zl\u0259rin\u0259 g\u00f6r\u0259, ad\u0259t\u0259n, ya\u011f\u0131nt\u0131l\u0131 havalar m\u0259hsulun gec yeti\u015fm\u0259sin\u0259 s\u0259b\u0259b olur:<\/p>\n\n\n\n<p>&#8220;<em>&#8220;G\u00fcl\u00f6y\u015f\u0259&#8221; , &#8220;\u015eirin&#8221; nar&nbsp; kimi tez yeti\u015f\u0259n sortlar oktyabr\u0131n sonuna, &#8220;V\u0259l\u0259s&#8221; , &#8220;Balam\u00fcrs\u0259l&#8221; , &#8220;\u015e\u0131xbaba&#8221;, &#8220;M\u0259hs\u0259ti&#8221;, &#8220;C\u0131r&#8221; kimi dig\u0259r gec yeti\u015f\u0259n ona yax\u0131n sortlar is\u0259 noyabr\u0131n sonuna q\u0259d\u0259r davam ed\u0259c\u0259k&#8221;.<\/em><\/p>\n\n\n<div class=\"wp-block-image\">\n<figure class=\"aligncenter size-large\"><img decoding=\"async\" width=\"1095\" height=\"821\" data-src=\"https:\/\/www.meydan.tv\/wp-content\/uploads\/img-20221019-wa0165-1095x821.jpg\" alt=\"\" class=\"wp-image-287700 lazyload\" src=\"data:image\/svg+xml;base64,PHN2ZyB3aWR0aD0iMSIgaGVpZ2h0PSIxIiB4bWxucz0iaHR0cDovL3d3dy53My5vcmcvMjAwMC9zdmciPjwvc3ZnPg==\" style=\"--smush-placeholder-width: 1095px; --smush-placeholder-aspect-ratio: 1095\/821;\" \/><\/figure>\n<\/div>\n\n\n<p>Qarabaqqal k\u0259ndind\u0259 1765 hektar h\u0259y\u0259tyan\u0131 sah\u0259d\u0259 nar yeti\u015fdir\u0259n k\u0259ndlil\u0259r daha \u00e7ox &#8220;G\u00fcl\u00f6y\u015f\u0259&#8221; sortuna \u00fcst\u00fcnl\u00fck verir.<\/p>\n\n\n\n<p>K\u0259nd sakini Namiq Bax\u0131\u015fov deyir ki, m\u0259hsul normal olsa da, sat\u0131\u015fa g\u00f6r\u0259 narahatd\u0131r, \u00e7\u00fcnki daxili bazarda \u0259la n\u00f6v m\u0259hsul 50 q\u0259pik v\u0259 ya 1 manata sat\u0131l\u0131r. Yol k\u0259narlar\u0131nda sat\u0131\u015fa \u00e7\u0131xar\u0131lan m\u0259hsullar is\u0259 bir q\u0259d\u0259r baha sat\u0131l\u0131r, amma bu da yet\u0259rli deyil.<\/p>\n\n\n\n<p>Ba\u011fbanlar\u0131 narahat ed\u0259n dig\u0259r bir m\u0259s\u0259l\u0259 d\u00f6vl\u0259tin bu sah\u0259y\u0259 diqq\u0259t ay\u0131rmamas\u0131, g\u00fcz\u0259\u015ftl\u0259rd\u0259 ayr\u0131se\u00e7kiliyin edilm\u0259sidir.<\/p>\n\n\n<div class=\"wp-block-image\">\n<figure class=\"aligncenter size-large\"><img decoding=\"async\" width=\"1095\" height=\"821\" data-src=\"https:\/\/www.meydan.tv\/wp-content\/uploads\/img-20221019-wa0126-1095x821.jpg\" alt=\"\" class=\"wp-image-287697 lazyload\" src=\"data:image\/svg+xml;base64,PHN2ZyB3aWR0aD0iMSIgaGVpZ2h0PSIxIiB4bWxucz0iaHR0cDovL3d3dy53My5vcmcvMjAwMC9zdmciPjwvc3ZnPg==\" style=\"--smush-placeholder-width: 1095px; --smush-placeholder-aspect-ratio: 1095\/821;\" \/><\/figure>\n<\/div>\n\n\n<p>Namiq Bax\u0131\u015fovu da narahat ed\u0259n m\u0259qamlardan biri budur.<\/p>\n\n\n\n<p>O deyir ki, indi imkanl\u0131 \u015f\u0259xsl\u0259r \u00f6zl\u0259rin\u0259 ba\u011f sal\u0131r, monopoliya yarad\u0131r, m\u00fcvafiq qurumlar da onlara g\u00fcz\u0259\u015ftl\u0259r edir.<\/p>\n\n\n\n<p>Bel\u0259 halda, k\u0259ndlil\u0259rin imkanlar\u0131 bir az da m\u0259hdudla\u015f\u0131r, ba\u011flar\u0131 v\u0259 m\u0259hsullar\u0131 s\u0131radan \u00e7\u0131x\u0131r:<\/p>\n\n\n\n<p>&#8220;<em>\u0130ndi varl\u0131lar yeni ba\u011flar sal\u0131r. Onlara edil\u0259n g\u00fcz\u0259\u015ftli \u015f\u0259rtl\u0259r d\u0259 \u0259lveri\u015flidir. Amma biz ya\u011f\u0131nt\u0131n\u0131n m\u0259hv etdiyi m\u0259hsulu 7-8 q\u0259pikd\u0259n veririk, onu da alan olmur. Emal m\u00fc\u0259ssis\u0259l\u0259ri az v\u0259 al\u0131c\u0131l\u0131\u011f\u0131 z\u0259ifdir. Ona g\u00f6r\u0259 d\u0259 \u00e7oxu zavodun a\u00e7\u0131lmas\u0131n\u0131 g\u00f6zl\u0259yir&#8221;<\/em>.<\/p>\n\n\n<div class=\"wp-block-image\">\n<figure class=\"aligncenter size-full\"><img decoding=\"async\" width=\"1200\" height=\"800\" data-src=\"https:\/\/www.meydan.tv\/wp-content\/uploads\/untitled-design-204.jpg\" alt=\"\" class=\"wp-image-287709 lazyload\" src=\"data:image\/svg+xml;base64,PHN2ZyB3aWR0aD0iMSIgaGVpZ2h0PSIxIiB4bWxucz0iaHR0cDovL3d3dy53My5vcmcvMjAwMC9zdmciPjwvc3ZnPg==\" style=\"--smush-placeholder-width: 1200px; --smush-placeholder-aspect-ratio: 1200\/800;\" \/><\/figure>\n<\/div>\n\n\n<h6 class=\"wp-block-heading\"><strong>&#8220;M\u0259hsul manatdan yuxar\u0131 sat\u0131lsa, s\u0259rf ed\u0259r&#8221;<\/strong><\/h6>\n\n\n\n<p>Alxasafa k\u0259ndinin nar istehsal\u00e7\u0131lar\u0131 \u0259sas\u0259n &#8220;V\u0259l\u0259s&#8221; sortu yeti\u015fdirirl\u0259r.<\/p>\n\n\n\n<p>K\u0259ndd\u0259 120 hektar sah\u0259d\u0259 nar ba\u011f\u0131 var ki, bu il \u00fc\u00e7\u00fcn min ton m\u0259hsul g\u00f6zl\u0259nilir.<\/p>\n\n\n\n<p>Qab\u0131\u011f\u0131 qal\u0131n olan bu sort dekabrda yeti\u015fir v\u0259 Rusiya bazar\u0131 \u00fc\u00e7\u00fcn uy\u011fundur.<\/p>\n\n\n\n<p>K\u0259nd sakini Xaliq \u0130smay\u0131lov deyir ki, \u00f6t\u0259n il\u0259 nisb\u0259td\u0259 bu il h\u0259r a\u011facdan 10 kiloqram art\u0131q m\u0259hsul g\u00f6zl\u0259yir. Ancaq ya\u011f\u0131nt\u0131lar davam ets\u0259, m\u0259nz\u0259r\u0259 yen\u0259 m\u0259nfiy\u0259 do\u011fru d\u0259yi\u015f\u0259c\u0259k:<\/p>\n\n\n<div class=\"wp-block-image\">\n<figure class=\"aligncenter size-large\"><img decoding=\"async\" width=\"1095\" height=\"821\" data-src=\"https:\/\/www.meydan.tv\/wp-content\/uploads\/img-20221019-wa0120-1095x821.jpg\" alt=\"\" class=\"wp-image-287715 lazyload\" src=\"data:image\/svg+xml;base64,PHN2ZyB3aWR0aD0iMSIgaGVpZ2h0PSIxIiB4bWxucz0iaHR0cDovL3d3dy53My5vcmcvMjAwMC9zdmciPjwvc3ZnPg==\" style=\"--smush-placeholder-width: 1095px; --smush-placeholder-aspect-ratio: 1095\/821;\" \/><\/figure>\n<\/div>\n\n\n<p>&#8220;<em>Bu il m\u0259hsul \u00f6t\u0259n ild\u0259n yax\u015f\u0131d\u0131r. H\u0259m r\u0259ngi, h\u0259m dad\u0131 da f\u0259rqlidir, yax\u015f\u0131 yeti\u015fir. &#8220;V\u0259l\u0259s&#8221; oktyabr\u0131n 15-d\u0259n sonra y\u0131\u011f\u0131lacaq. Dekabra q\u0259d\u0259r davam ed\u0259c\u0259k. H\u0259l\u0259 ki &#8220;G\u00fcl\u00f6y\u015f\u0259&#8221; nar\u0131n\u0131 y\u0131\u011f\u0131rlar. Rusiyaya 50-60 q\u0259piy\u0259, daxili bazara is\u0259 35-40 q\u0259piy\u0259 \u00e7\u0131xar\u0131l\u0131r. &#8220;V\u0259l\u0259s&#8221; \u0259sl xarici bazarl\u0131qd\u0131r. Daxili bazara h\u0259r n\u00f6v, xarici bazara ancaq iri, se\u00e7m\u0259 m\u0259hsul sat\u0131l\u0131r. Qiym\u0259tl\u0259r \u00f6t\u0259n ill\u0259 eynidir. Amma m\u0259hsul manatdan yuxar\u0131 sat\u0131lsa, biz\u0259 d\u0259 s\u0259rf ed\u0259r&#8221;.<\/em><\/p>\n\n\n\n<h6 class=\"wp-block-heading\"><strong><em>&#8220;<\/em>K\u0259ndliy\u0259 imkan vermirl\u0259r ki&#8230;&#8221;<\/strong><\/h6>\n\n\n\n<p>B\u0131\u011f\u0131r k\u0259nd sakini Elg\u00fcn\u0259\u015f Qurbanov deyir ki, nar \u00fc\u00e7\u00fcn sat\u0131lan m\u00fcxt\u0259lif preparat v\u0259 pestisidl\u0259rin qiym\u0259ti baha olsa da, keyfiyy\u0259ti yoxdur. Bu da m\u0259hsula mara\u011f\u0131 a\u015fa\u011f\u0131 sal\u0131r:<\/p>\n\n\n\n<p><em>&#8220;Qurda, \u00e7\u00fcr\u00fcm\u0259y\u0259, q\u0131rm\u0131z\u0131 h\u00f6r\u00fcm\u00e7\u0259y\u0259 d\u0259rman vursaq da, k\u00f6m\u0259k etmir. H\u0259r seans\u0131 200-300 manat x\u0259rc ist\u0259yir. Ya\u011f\u0131\u015fl\u0131 hava davam ets\u0259, 80% m\u0259hsulu m\u0259hv ed\u0259c\u0259k. Ona g\u00f6r\u0259 sellofanlara sal\u0131r\u0131q ki, ya\u011f\u0131nt\u0131 m\u0259hv etm\u0259sin. Art\u0131q bir h\u0259ft\u0259dir ki, Rusiyaya ged\u0259nl\u0259r, se\u00e7m\u0259l\u0259rdir. Qutusu 8-10 manata, kiloqram\u0131 80 q\u0259piy\u0259, 1 manata d\u00fc\u015f\u00fcr. Daxili bazarda is\u0259 kiloqram\u0131 50-60 q\u0259piy\u0259 sat\u0131l\u0131r&#8221;.<\/em><\/p>\n\n\n<div class=\"wp-block-image\">\n<figure class=\"aligncenter size-full\"><img decoding=\"async\" width=\"1200\" height=\"800\" data-src=\"https:\/\/www.meydan.tv\/wp-content\/uploads\/untitled-design-203.jpg\" alt=\"\" class=\"wp-image-287706 lazyload\" src=\"data:image\/svg+xml;base64,PHN2ZyB3aWR0aD0iMSIgaGVpZ2h0PSIxIiB4bWxucz0iaHR0cDovL3d3dy53My5vcmcvMjAwMC9zdmciPjwvc3ZnPg==\" style=\"--smush-placeholder-width: 1200px; --smush-placeholder-aspect-ratio: 1200\/800;\" \/><\/figure>\n<\/div>\n\n\n<p>Onun s\u00f6zl\u0259rin\u0259 g\u00f6r\u0259, art\u0131q k\u0259ndl\u0259rind\u0259 k\u00f6hn\u0259 nar ba\u011flar\u0131 azal\u0131r, 150 hektar is\u0259 yeni nar ba\u011f\u0131 sal\u0131n\u0131b:<\/p>\n\n\n\n<p>&#8220;<em>Onu da imkanl\u0131 \u015f\u0259xsl\u0259r sal\u0131b. K\u0259ndlil\u0259ri s\u0131x\u0131\u015fd\u0131r\u0131rlar. K\u0259ndliy\u0259 imkan vermirl\u0259r ki, torpa\u011f\u0131n\u0131 \u0259kib-bec\u0259rsin. \u0130mkanl\u0131ya milyonluq, y\u00fczminlik g\u00fcz\u0259\u015ftli krediti verirl\u0259r. O da m\u0259hsulu oldu-olmad\u0131, \u0259kir. O pulu z\u0259hm\u0259tke\u015f k\u0259ndlil\u0259r\u0259 vers\u0259l\u0259r, k\u0259ndli \u00f6z\u00fc bec\u0259r\u0259r, yeti\u015fdir\u0259r, d\u00f6vl\u0259tin d\u0259 borcun ver\u0259r, \u00f6z\u00fc d\u0259 dolanar, nar ba\u011flar\u0131 da artar. Yoxsa k\u0259ndli yoxsulluqla, iqlim d\u0259yi\u015fikliyi il\u0259, baha d\u0259rmanlarla, z\u0259if bazarla \u0259ll\u0259\u015fir, 30 kiloqraml\u0131q z\u0259d\u0259li nar\u0131 1-2 manata satmaq m\u0259cburiyy\u0259tind\u0259 qal\u0131r&#8221;.<\/em><\/p>\n\n\n<div class=\"wp-block-image\">\n<figure class=\"aligncenter size-large\"><img decoding=\"async\" width=\"1095\" height=\"821\" data-src=\"https:\/\/www.meydan.tv\/wp-content\/uploads\/img-20221019-wa0105-1095x821.jpg\" alt=\"\" class=\"wp-image-287718 lazyload\" src=\"data:image\/svg+xml;base64,PHN2ZyB3aWR0aD0iMSIgaGVpZ2h0PSIxIiB4bWxucz0iaHR0cDovL3d3dy53My5vcmcvMjAwMC9zdmciPjwvc3ZnPg==\" style=\"--smush-placeholder-width: 1095px; --smush-placeholder-aspect-ratio: 1095\/821;\" \/><\/figure>\n<\/div>\n\n\n<p>Elg\u00fcn\u0259\u015f Qurbanov deyir ki, \u0259slind\u0259, imkanl\u0131 \u015f\u0259xsl\u0259r k\u0259ndlil\u0259ri m\u0259qs\u0259dli s\u0131x\u0131\u015fd\u0131r\u0131rlar:<\/p>\n\n\n\n<p>&#8220;<em>D\u00f6vl\u0259tin ay\u0131rd\u0131\u011f\u0131 m\u00fc\u0259yy\u0259n g\u00fcz\u0259\u015ftl\u0259rd\u0259n yararlan\u0131b&nbsp; k\u0259ndl\u0259rd\u0259 yeni nar ba\u011flar\u0131 sal\u0131rlar. Onlar\u0131n bazara \u00e7\u0131x\u0131\u015f imkanlar\u0131 da k\u0259ndlil\u0259rl\u0259 m\u00fcqayis\u0259d\u0259 daha asand\u0131r. B\u0131\u011f\u0131r\u0131n 1230 ail\u0259 t\u0259s\u0259rr\u00fcfat\u0131 is\u0259 ill\u0259rdir ki, \u00f6z pay v\u0259 h\u0259y\u0259tyan\u0131 sah\u0259l\u0259rind\u0259ki narla kifay\u0259tl\u0259nm\u0259li olurlar. \u0130ndi bu imkan da s\u0131x\u0131\u015fd\u0131r\u0131l\u0131r&#8221;.<\/em><\/p>\n\n\n\n<h6 class=\"wp-block-heading\"><strong>&#8220;Zavodlar\u0131n say\u0131n\u0131, m\u0259hsulun da qiym\u0259tini art\u0131rmaq laz\u0131md\u0131r&#8221;<\/strong><\/h6>\n\n\n\n<p>Namiq Bax\u0131\u015fov is\u0259 h\u0259m\u00e7inin yerli emal m\u00fc\u0259ssis\u0259l\u0259rinin azl\u0131\u011f\u0131ndan, i\u015fl\u0259ksizliyind\u0259n, soyuducu anbarlardak\u0131 \u015f\u0259raitsizlikd\u0259n naraz\u0131d\u0131r.<\/p>\n\n\n\n<p>O, yerli qurumlar\u0131n m\u0259suliyy\u0259tsizliyind\u0259n d\u0259 \u015fikay\u0259tl\u0259nir:<\/p>\n\n\n\n<p><em>&#8220;M\u0259n zavodun a\u00e7\u0131lmas\u0131n\u0131 g\u00f6zl\u0259yir\u0259m ki, k\u00fctl\u0259vi y\u0131\u011f\u0131ma ba\u015flay\u0131m. \u00c7\u00fcnki y\u0131\u011f\u0131rsan, tez \u00e7\u00fcr\u00fcy\u00fcr, saxlamaq olmur. M\u0259nim kimi o biril\u0259ri d\u0259 el\u0259. \u018fsas\u0259n, K\u00fcrd\u0259mir, Hac\u0131qabul, Sabirabad m\u0259hsulu xaric\u0259 da\u015f\u0131n\u0131r.&nbsp; Rayonda iki nar q\u0259bulu emal m\u0259nt\u0259q\u0259si var ki, \u00f6t\u0259n ild\u0259n h\u0259m z\u0259if, h\u0259m d\u0259 ucuz qiym\u0259t\u0259 al\u0131rlar. 7-8 q\u0259pik n\u0259 qazand\u0131rar biz\u0259? 50-60 q\u0259pik z\u0259d\u0259li nar\u0131n qiym\u0259ti olmal\u0131d\u0131r, sa\u011flam m\u0259hsulun yox. Soyuducu anbarlar nar saxlam\u0131r, m\u00fct\u0259x\u0259ssis, \u015f\u0259rait yoxdur. Nazirlik v\u0259 yerli qurumlar da formal t\u0259dbir ke\u00e7irir, dinl\u0259yir, ancaq ill\u0259rdir k\u00f6m\u0259k etmir&#8221;.<\/em><\/p>\n\n\n<div class=\"wp-block-image\">\n<figure class=\"aligncenter size-full\"><img decoding=\"async\" width=\"1200\" height=\"800\" data-src=\"https:\/\/www.meydan.tv\/wp-content\/uploads\/untitled-design-206.jpg\" alt=\"\" class=\"wp-image-287725 lazyload\" src=\"data:image\/svg+xml;base64,PHN2ZyB3aWR0aD0iMSIgaGVpZ2h0PSIxIiB4bWxucz0iaHR0cDovL3d3dy53My5vcmcvMjAwMC9zdmciPjwvc3ZnPg==\" style=\"--smush-placeholder-width: 1200px; --smush-placeholder-aspect-ratio: 1200\/800;\" \/><\/figure>\n<\/div>\n\n\n<h6 class=\"wp-block-heading\"><strong><em>&#8220;D\u0259rdimizi nazirlik \u0259m\u0259kda\u015flar\u0131na demi\u015fik, h\u0259l\u0259 n\u0259tic\u0259 yoxdur&#8221;<\/em><\/strong><\/h6>\n\n\n\n<p>Mahir Babayev is\u0259 xarici bazarla ba\u011fl\u0131 v\u0259ziyy\u0259tin d\u0259 \u00fcr\u0259ka\u00e7an olmad\u0131\u011f\u0131n\u0131 deyir.<\/p>\n\n\n\n<p>Onun s\u00f6zl\u0259rin\u0259 g\u00f6r\u0259, Rusiya-Ukrayna m\u00fcharib\u0259si&nbsp; bu sah\u0259y\u0259 d\u0259 ciddi t\u0259sir edib:<\/p>\n\n\n\n<p>&#8220;<em>Nar\u0131n bazar\u0131 \u0259vv\u0259l Ukrayna v\u0259 Rusiya idi. Ukrayna m\u00fcharib\u0259d\u0259n sonra yoxdur. Rusiyada da art\u0131q iqtisadi durum yax\u015f\u0131 deyil. Bizim nara t\u0259l\u0259bat da azal\u0131b. M\u00fcharib\u0259 is\u0259 rublun qiym\u0259tin\u0259 t\u0259sir edir. Aidiyy\u0259ti qurumlar sat\u0131\u015f \u00fc\u00e7\u00fcn uy\u011fun bazar t\u0259\u015fkil ets\u0259l\u0259r, nar \u00f6lk\u0259 iqtisadiyyat\u0131na daha \u00e7ox m\u0259nf\u0259\u0259t ver\u0259 bil\u0259r. \u00d6t\u0259n il d\u0259rdimizi nazirlik \u0259m\u0259kda\u015flar\u0131na demi\u015fik, h\u0259l\u0259 n\u0259tic\u0259 yoxdur. On ildir ki, nar\u0131n qiym\u0259ti 50 q\u0259pikdir. H\u0259r il qiym\u0259t artsa, k\u0259ndlinin d\u0259 mara\u011f\u0131 artar. Daxili bazar \u00f6lk\u0259 nar\u0131n\u0131n 10-15 %-ni istehlak edir. Ona g\u00f6r\u0259 d\u0259 \u0259lveri\u015fli xarici bazar, \u015fir\u0259 zavodlar\u0131, emal m\u00fc\u0259ssis\u0259l\u0259ri artmal\u0131d\u0131r. Nar\u0131 ev \u015f\u0259raitind\u0259 d\u0259d\u0259-baba qaydas\u0131 il\u0259 saxlay\u0131r\u0131q. O da h\u0259mi\u015f\u0259 s\u0259rf etmir. 2-3 aya az sa\u011flam m\u0259hsul qal\u0131r, \u00e7oxu \u00e7\u00fcr\u00fcy\u00fcr. M\u0259n m\u0259hsulun istehsal\u00e7\u0131s\u0131yam, \u015f\u0259raiti is\u0259 d\u00f6vl\u0259t yaratmal\u0131d\u0131r&#8221;.<\/em><\/p>\n\n\n<div class=\"wp-block-image\">\n<figure class=\"aligncenter size-large\"><img decoding=\"async\" width=\"1095\" height=\"821\" data-src=\"https:\/\/www.meydan.tv\/wp-content\/uploads\/img-20221019-wa0130-1095x821.jpg\" alt=\"\" class=\"wp-image-287694 lazyload\" src=\"data:image\/svg+xml;base64,PHN2ZyB3aWR0aD0iMSIgaGVpZ2h0PSIxIiB4bWxucz0iaHR0cDovL3d3dy53My5vcmcvMjAwMC9zdmciPjwvc3ZnPg==\" style=\"--smush-placeholder-width: 1095px; --smush-placeholder-aspect-ratio: 1095\/821;\" \/><\/figure>\n<\/div>\n\n\n<p>\u00d6t\u0259n il \u00f6lk\u0259d\u0259 istehsal olunan 2690 ton nar m\u0259hsulunun 22 min tona yax\u0131n\u0131 Rusiya bazar\u0131na ixrac olunub.<\/p>\n\n\n\n<p>\u00dcmumi qazanc 3 65 500 dolar d\u0259y\u0259rind\u0259 olub ki, 2021-ci ill\u0259 m\u00fcqayis\u0259d\u0259 7,9% d\u0259y\u0259r, 7.5% miqdar ifad\u0259sind\u0259 art\u0131m olub.<\/p>\n\n\n\n<h6 class=\"wp-block-heading\"><strong><em>&#8220;<\/em>D\u00f6vl\u0259t proqram\u0131na, konsepsiyaya ehtiyac var&#8221;<\/strong><\/h6>\n\n\n\n<p>\u0130qtisad\u00e7\u0131 Natiq C\u0259f\u0259rli deyir ki, k\u0259ndli v\u0259 fermerl\u0259r\u0259 d\u00f6vl\u0259t t\u0259r\u0259find\u0259n d\u0259st\u0259k olunmal\u0131, sat\u0131\u015f istiqam\u0259tind\u0259 i\u015fl\u0259r apar\u0131lmal\u0131d\u0131r.<\/p>\n\n\n\n<p>&#8220;<em>Bu sah\u0259y\u0259 \u00f6z\u0259l m\u00fcnasib\u0259t g\u0259r\u0259kir, \u00e7\u00fcnki nar kollar\u0131n\u0131n \u0259kilm\u0259si, bar verm\u0259sin\u0259 q\u0259d\u0259r s\u00fcr\u0259c t\u0259xmin\u0259n 5-6 il \u00e7\u0259kir. Bu ba\u011flar\u0131n sal\u0131nmas\u0131, aqrotexniki qulluq edilm\u0259si \u00fc\u00e7\u00fcn d\u0259 bu m\u00fcdd\u0259t \u0259rzind\u0259&nbsp; \u0259lav\u0259 v\u0259sait\u0259 ehtiyac var. Bu v\u0259saiti k\u0259ndlil\u0259r, fermerl\u0259r uzun m\u00fcdd\u0259t qoya bilmirl\u0259r, imkanlar\u0131, f\u00fcrs\u0259tl\u0259ri \u00e7atm\u0131r. Uzunm\u00fcdd\u0259tli, a\u015fa\u011f\u0131 faizli, ilk be\u015f ili is\u0259 \u00fcmumiyy\u0259tl\u0259 faizsiz kreditl\u0259rin verilm\u0259si praktikas\u0131 olmal\u0131d\u0131r. Bu i\u015f adamlar\u0131na, aqrar sah\u0259 fermerl\u0259rin\u0259 d\u0259 d\u0259st\u0259k ifad\u0259si&nbsp; olar, stimul ver\u0259r ki, onlar \u00f6z v\u0259saitl\u0259rini uzun m\u00fcdd\u0259t \u00f6l\u00fc kapital kimi saxlamas\u0131nlar. Bu n\u00f6qteyi-n\u0259z\u0259rd\u0259n d\u00f6vl\u0259t proqram\u0131na, konsepsiyas\u0131na ehtiyac yaran\u0131b&#8221;.<\/em><\/p>\n\n\n<div class=\"wp-block-image\">\n<figure class=\"aligncenter size-large\"><img decoding=\"async\" width=\"1095\" height=\"821\" data-src=\"https:\/\/www.meydan.tv\/wp-content\/uploads\/img-20221019-wa0103-1095x821.jpg\" alt=\"\" class=\"wp-image-287721 lazyload\" src=\"data:image\/svg+xml;base64,PHN2ZyB3aWR0aD0iMSIgaGVpZ2h0PSIxIiB4bWxucz0iaHR0cDovL3d3dy53My5vcmcvMjAwMC9zdmciPjwvc3ZnPg==\" style=\"--smush-placeholder-width: 1095px; --smush-placeholder-aspect-ratio: 1095\/821;\" \/><\/figure>\n<\/div>\n\n\n<p>&#8220;<em>T\u0259bii, \u0259n\u0259n\u0259vi festivallar\u0131n ke\u00e7irilm\u0259sin\u0259, davam etdirilm\u0259sin\u0259, bu sah\u0259nin populyarl\u0131\u011f\u0131n\u0131n art\u0131r\u0131lmas\u0131na da ehtiyac var. \u00dcst\u0259lik, bu sah\u0259nin eko-turizm, aqrar turizm formatlar\u0131na \u00e7evrilm\u0259si m\u00fcmk\u00fcnd\u00fcr. Bunun \u00fc\u00e7\u00fcn imkanlar v\u0259 f\u00fcrs\u0259tl\u0259r var v\u0259 bu sah\u0259d\u0259n d\u0259 praktiki c\u0259h\u0259td\u0259n istifad\u0259 etm\u0259k v\u0259 v\u0259sait qazan\u0131lmas\u0131n\u0131 t\u0259min etm\u0259k m\u00fcmk\u00fcnd\u00fcr&#8221;, &#8211;<\/em> o qeyd edib.<\/p>\n\n\n\n<h6 class=\"wp-block-heading\"><strong>&#8220;Asan \u00e7\u0131xa bil\u0259c\u0259yimiz bazar \u0259r\u0259b \u00f6lk\u0259l\u0259ri, \u018fr\u0259bistan yar\u0131madas\u0131d\u0131r&#8221;<\/strong><\/h6>\n\n\n<div class=\"wp-block-image\">\n<figure class=\"alignright size-large is-resized\"><img decoding=\"async\" data-src=\"https:\/\/www.meydan.tv\/wp-content\/uploads\/image_from_ios_178-scaled-e1648798569981-1200x696.jpg\" alt=\"Natiq C\u0259f\u0259rli\" class=\"wp-image-210013 lazyload\" style=\"--smush-placeholder-width: 372px; --smush-placeholder-aspect-ratio: 372\/216;width:372px;height:216px\" width=\"372\" height=\"216\" src=\"data:image\/svg+xml;base64,PHN2ZyB3aWR0aD0iMSIgaGVpZ2h0PSIxIiB4bWxucz0iaHR0cDovL3d3dy53My5vcmcvMjAwMC9zdmciPjwvc3ZnPg==\" \/><figcaption class=\"wp-element-caption\">Natiq C\u0259f\u0259rli, Foto: Meydan TV<\/figcaption><\/figure>\n<\/div>\n\n\n<p>Ekspert xarici bazar problemind\u0259 Rusiya il\u0259 m\u00fcqayis\u0259d\u0259 \u018fr\u0259b yar\u0131madas\u0131 \u00f6lk\u0259l\u0259rini u\u011furlu h\u0259ll yolu hesab edir.<\/p>\n\n\n\n<p>Onun fikrinc\u0259, xarici bazarlarla ba\u011fl\u0131, do\u011frudan da, problem var v\u0259 bu da yaranm\u0131\u015f as\u0131l\u0131l\u0131qdan ir\u0259li g\u0259lir:<\/p>\n\n\n\n<p><em>&#8220;Aqrar sah\u0259 ill\u0259rdir ki, Rusiya bazar\u0131na k\u00f6kl\u0259nib. Bu yax\u015f\u0131 bir as\u0131l\u0131l\u0131q deyil. Bu m\u0259hsulun \u0259sas v\u0259 d\u00fc\u015f\u00fcn\u00fcr\u0259m asan \u00e7\u0131xa bil\u0259c\u0259yimiz bazar\u0131 \u0259r\u0259b \u00f6lk\u0259l\u0259ri, \u018fr\u0259bistan yar\u0131madas\u0131d\u0131r. Kifay\u0259t q\u0259d\u0259r perspektivli v\u0259 bahal\u0131 bazard\u0131r. V\u0259 Az\u0259rbaycan \u00e7al\u0131\u015fmal\u0131d\u0131r ki, aqrar sektor m\u0259hsullar\u0131n\u0131n, \u0259sas da nar\u0131n \u0259r\u0259b \u00f6lk\u0259l\u0259rin\u0259 ixracat\u0131n\u0131 t\u0259min etsin. M\u0259n\u0259 el\u0259 g\u0259lir ki, bu Rusiya bazar\u0131 il\u0259 m\u00fcqayis\u0259d\u0259 daha karl\u0131 bazar imkanlar\u0131 yarada bil\u0259r&#8221;.<\/em><\/p>\n\n\n\n<p>\u00d6lk\u0259 \u00fczr\u0259 t\u0259dar\u00fck olunan nar m\u0259hsulunun 20 faizi G\u00f6y\u00e7ay\u0131n pay\u0131na d\u00fc\u015f\u00fcr.<\/p>\n\n\n\n<p>G\u00f6y\u00e7ayda nar ba\u011flar\u0131n\u0131n sah\u0259si is\u0259 3632 hektard\u0131r, onun 3562 hektar\u0131nda m\u0259hsul yeti\u015fir.<\/p>\n","protected":false},"excerpt":{"rendered":"<p>&#8220;Qiym\u0259t arts\u0131n, anbarlar yarad\u0131ls\u0131n, zavod a\u00e7\u0131ls\u0131n, d\u00f6vl\u0259t d\u0259st\u0259k versin&#8230;&#8221; Art\u0131q &#8230; <\/p>\n<p class=\"read-more-container\"><a title=\"G\u00f6y\u00e7ayda nar m\u00f6vs\u00fcm\u00fc: k\u0259ndlil\u0259r n\u0259d\u0259n naraz\u0131d\u0131r?\" class=\"read-more button\" href=\"https:\/\/www.meydan.tv\/az\/article\/goycayda-nar-movsumu-kendliler-neden-narazidir\/#more-287724\" aria-label=\"Read more about G\u00f6y\u00e7ayda nar m\u00f6vs\u00fcm\u00fc: k\u0259ndlil\u0259r n\u0259d\u0259n naraz\u0131d\u0131r?\">Davam\u0131<\/a><\/p>\n","protected":false},"author":8,"featured_media":287691,"comment_status":"closed","ping_status":"closed","sticky":false,"template":"","format":"standard","meta":{"_acf_changed":false,"_sitemap_exclude":false,"_sitemap_priority":"","_sitemap_frequency":"","footnotes":""},"categories":[60,79,56],"tags":[],"class_list":["post-287724","post","type-post","status-publish","format-standard","has-post-thumbnail","hentry","category-bolge","category-featured","category-xeberler","infinite-scroll-item","generate-columns","tablet-grid-50","mobile-grid-100","grid-parent","grid-33","no-featured-image-padding"],"acf":[],"yoast_head":"<!-- This site is optimized with the Yoast SEO plugin v27.4 - https:\/\/yoast.com\/product\/yoast-seo-wordpress\/ -->\n<title>G\u00f6y\u00e7ayda nar m\u00f6vs\u00fcm\u00fc: k\u0259ndlil\u0259r n\u0259d\u0259n naraz\u0131d\u0131r? - MEYDAN.TV<\/title>\n<meta name=\"robots\" content=\"index, follow, max-snippet:-1, max-image-preview:large, max-video-preview:-1\" \/>\n<link rel=\"canonical\" href=\"https:\/\/www.meydan.tv\/az\/article\/goycayda-nar-movsumu-kendliler-neden-narazidir\/\" \/>\n<meta property=\"og:locale\" content=\"az_AZ\" \/>\n<meta property=\"og:type\" content=\"article\" \/>\n<meta property=\"og:title\" content=\"G\u00f6y\u00e7ayda nar m\u00f6vs\u00fcm\u00fc: k\u0259ndlil\u0259r n\u0259d\u0259n naraz\u0131d\u0131r? - MEYDAN.TV\" \/>\n<meta property=\"og:description\" content=\"&#8220;Qiym\u0259t arts\u0131n, anbarlar yarad\u0131ls\u0131n, zavod a\u00e7\u0131ls\u0131n, d\u00f6vl\u0259t d\u0259st\u0259k versin&#8230;&#8221; Art\u0131q ... Davam\u0131\" \/>\n<meta property=\"og:url\" content=\"https:\/\/www.meydan.tv\/az\/article\/goycayda-nar-movsumu-kendliler-neden-narazidir\/\" \/>\n<meta property=\"og:site_name\" content=\"MEYDAN.TV\" \/>\n<meta property=\"article:published_time\" content=\"2023-10-12T11:13:12+00:00\" \/>\n<meta property=\"article:modified_time\" content=\"2023-10-12T11:14:58+00:00\" \/>\n<meta property=\"og:image\" content=\"https:\/\/www.meydan.tv\/wp-content\/uploads\/untitled-design-202.jpg\" \/>\n\t<meta property=\"og:image:width\" content=\"1200\" \/>\n\t<meta property=\"og:image:height\" content=\"800\" \/>\n\t<meta property=\"og:image:type\" content=\"image\/jpeg\" \/>\n<meta name=\"author\" content=\"elli\" \/>\n<meta name=\"twitter:card\" content=\"summary_large_image\" \/>\n<meta name=\"twitter:creator\" content=\"@elli\" \/>\n<script type=\"application\/ld+json\" class=\"yoast-schema-graph\">{\"@context\":\"https:\\\/\\\/schema.org\",\"@graph\":[{\"@type\":\"Article\",\"@id\":\"https:\\\/\\\/www.meydan.tv\\\/az\\\/article\\\/goycayda-nar-movsumu-kendliler-neden-narazidir\\\/#article\",\"isPartOf\":{\"@id\":\"https:\\\/\\\/www.meydan.tv\\\/az\\\/article\\\/goycayda-nar-movsumu-kendliler-neden-narazidir\\\/\"},\"author\":{\"name\":\"elli\",\"@id\":\"https:\\\/\\\/www.meydan.tv\\\/az\\\/#\\\/schema\\\/person\\\/9cdbecf90d17180ce1dfbd95b08dcf47\"},\"headline\":\"G\u00f6y\u00e7ayda nar m\u00f6vs\u00fcm\u00fc: k\u0259ndlil\u0259r n\u0259d\u0259n naraz\u0131d\u0131r?\",\"datePublished\":\"2023-10-12T11:13:12+00:00\",\"dateModified\":\"2023-10-12T11:14:58+00:00\",\"mainEntityOfPage\":{\"@id\":\"https:\\\/\\\/www.meydan.tv\\\/az\\\/article\\\/goycayda-nar-movsumu-kendliler-neden-narazidir\\\/\"},\"wordCount\":2116,\"publisher\":{\"@id\":\"https:\\\/\\\/www.meydan.tv\\\/az\\\/#organization\"},\"image\":{\"@id\":\"https:\\\/\\\/www.meydan.tv\\\/az\\\/article\\\/goycayda-nar-movsumu-kendliler-neden-narazidir\\\/#primaryimage\"},\"thumbnailUrl\":\"https:\\\/\\\/www.meydan.tv\\\/wp-content\\\/uploads\\\/untitled-design-202.jpg\",\"articleSection\":[\"B\u00f6lg\u0259\",\"T\u00f6vsiy\u0259\",\"X\u0259b\u0259rl\u0259r\"],\"inLanguage\":\"az\"},{\"@type\":\"WebPage\",\"@id\":\"https:\\\/\\\/www.meydan.tv\\\/az\\\/article\\\/goycayda-nar-movsumu-kendliler-neden-narazidir\\\/\",\"url\":\"https:\\\/\\\/www.meydan.tv\\\/az\\\/article\\\/goycayda-nar-movsumu-kendliler-neden-narazidir\\\/\",\"name\":\"G\u00f6y\u00e7ayda nar m\u00f6vs\u00fcm\u00fc: k\u0259ndlil\u0259r n\u0259d\u0259n naraz\u0131d\u0131r? - MEYDAN.TV\",\"isPartOf\":{\"@id\":\"https:\\\/\\\/www.meydan.tv\\\/az\\\/#website\"},\"primaryImageOfPage\":{\"@id\":\"https:\\\/\\\/www.meydan.tv\\\/az\\\/article\\\/goycayda-nar-movsumu-kendliler-neden-narazidir\\\/#primaryimage\"},\"image\":{\"@id\":\"https:\\\/\\\/www.meydan.tv\\\/az\\\/article\\\/goycayda-nar-movsumu-kendliler-neden-narazidir\\\/#primaryimage\"},\"thumbnailUrl\":\"https:\\\/\\\/www.meydan.tv\\\/wp-content\\\/uploads\\\/untitled-design-202.jpg\",\"datePublished\":\"2023-10-12T11:13:12+00:00\",\"dateModified\":\"2023-10-12T11:14:58+00:00\",\"breadcrumb\":{\"@id\":\"https:\\\/\\\/www.meydan.tv\\\/az\\\/article\\\/goycayda-nar-movsumu-kendliler-neden-narazidir\\\/#breadcrumb\"},\"inLanguage\":\"az\",\"potentialAction\":[{\"@type\":\"ReadAction\",\"target\":[\"https:\\\/\\\/www.meydan.tv\\\/az\\\/article\\\/goycayda-nar-movsumu-kendliler-neden-narazidir\\\/\"]}]},{\"@type\":\"ImageObject\",\"inLanguage\":\"az\",\"@id\":\"https:\\\/\\\/www.meydan.tv\\\/az\\\/article\\\/goycayda-nar-movsumu-kendliler-neden-narazidir\\\/#primaryimage\",\"url\":\"https:\\\/\\\/www.meydan.tv\\\/wp-content\\\/uploads\\\/untitled-design-202.jpg\",\"contentUrl\":\"https:\\\/\\\/www.meydan.tv\\\/wp-content\\\/uploads\\\/untitled-design-202.jpg\",\"width\":1200,\"height\":800,\"caption\":\"Fotolar: Meydan TV\"},{\"@type\":\"BreadcrumbList\",\"@id\":\"https:\\\/\\\/www.meydan.tv\\\/az\\\/article\\\/goycayda-nar-movsumu-kendliler-neden-narazidir\\\/#breadcrumb\",\"itemListElement\":[{\"@type\":\"ListItem\",\"position\":1,\"name\":\"Ana s\u0259hif\u0259\",\"item\":\"https:\\\/\\\/www.meydan.tv\\\/az\\\/\"},{\"@type\":\"ListItem\",\"position\":2,\"name\":\"B\u00f6lg\u0259\",\"item\":\"https:\\\/\\\/www.meydan.tv\\\/az\\\/section\\\/bolge\\\/\"},{\"@type\":\"ListItem\",\"position\":3,\"name\":\"G\u00f6y\u00e7ayda nar m\u00f6vs\u00fcm\u00fc: k\u0259ndlil\u0259r n\u0259d\u0259n naraz\u0131d\u0131r?\"}]},{\"@type\":\"WebSite\",\"@id\":\"https:\\\/\\\/www.meydan.tv\\\/az\\\/#website\",\"url\":\"https:\\\/\\\/www.meydan.tv\\\/az\\\/\",\"name\":\"MEYDAN.TV\",\"description\":\"Meydan TV Az\u0259rbaycan\u0131n media m\u0259kan\u0131ndak\u0131 alternativ s\u0259sidir\",\"publisher\":{\"@id\":\"https:\\\/\\\/www.meydan.tv\\\/az\\\/#organization\"},\"potentialAction\":[{\"@type\":\"SearchAction\",\"target\":{\"@type\":\"EntryPoint\",\"urlTemplate\":\"https:\\\/\\\/www.meydan.tv\\\/az\\\/?s={search_term_string}\"},\"query-input\":{\"@type\":\"PropertyValueSpecification\",\"valueRequired\":true,\"valueName\":\"search_term_string\"}}],\"inLanguage\":\"az\"},{\"@type\":\"Organization\",\"@id\":\"https:\\\/\\\/www.meydan.tv\\\/az\\\/#organization\",\"name\":\"Meydan TV\",\"url\":\"https:\\\/\\\/www.meydan.tv\\\/az\\\/\",\"logo\":{\"@type\":\"ImageObject\",\"inLanguage\":\"az\",\"@id\":\"https:\\\/\\\/www.meydan.tv\\\/az\\\/#\\\/schema\\\/logo\\\/image\\\/\",\"url\":\"https:\\\/\\\/www.meydan.tv\\\/wp-content\\\/uploads\\\/2021\\\/07\\\/meydan-logo.svg\",\"contentUrl\":\"https:\\\/\\\/www.meydan.tv\\\/wp-content\\\/uploads\\\/2021\\\/07\\\/meydan-logo.svg\",\"width\":195,\"height\":46,\"caption\":\"Meydan TV\"},\"image\":{\"@id\":\"https:\\\/\\\/www.meydan.tv\\\/az\\\/#\\\/schema\\\/logo\\\/image\\\/\"}},{\"@type\":\"Person\",\"@id\":\"https:\\\/\\\/www.meydan.tv\\\/az\\\/#\\\/schema\\\/person\\\/9cdbecf90d17180ce1dfbd95b08dcf47\",\"name\":\"elli\",\"sameAs\":[\"https:\\\/\\\/x.com\\\/elli\"]}]}<\/script>\n<!-- \/ Yoast SEO plugin. -->","yoast_head_json":{"title":"G\u00f6y\u00e7ayda nar m\u00f6vs\u00fcm\u00fc: k\u0259ndlil\u0259r n\u0259d\u0259n naraz\u0131d\u0131r? - MEYDAN.TV","robots":{"index":"index","follow":"follow","max-snippet":"max-snippet:-1","max-image-preview":"max-image-preview:large","max-video-preview":"max-video-preview:-1"},"canonical":"https:\/\/www.meydan.tv\/az\/article\/goycayda-nar-movsumu-kendliler-neden-narazidir\/","og_locale":"az_AZ","og_type":"article","og_title":"G\u00f6y\u00e7ayda nar m\u00f6vs\u00fcm\u00fc: k\u0259ndlil\u0259r n\u0259d\u0259n naraz\u0131d\u0131r? - MEYDAN.TV","og_description":"&#8220;Qiym\u0259t arts\u0131n, anbarlar yarad\u0131ls\u0131n, zavod a\u00e7\u0131ls\u0131n, d\u00f6vl\u0259t d\u0259st\u0259k versin&#8230;&#8221; Art\u0131q ... Davam\u0131","og_url":"https:\/\/www.meydan.tv\/az\/article\/goycayda-nar-movsumu-kendliler-neden-narazidir\/","og_site_name":"MEYDAN.TV","article_published_time":"2023-10-12T11:13:12+00:00","article_modified_time":"2023-10-12T11:14:58+00:00","og_image":[{"width":1200,"height":800,"url":"https:\/\/www.meydan.tv\/wp-content\/uploads\/untitled-design-202.jpg","type":"image\/jpeg"}],"author":"elli","twitter_card":"summary_large_image","twitter_creator":"@elli","schema":{"@context":"https:\/\/schema.org","@graph":[{"@type":"Article","@id":"https:\/\/www.meydan.tv\/az\/article\/goycayda-nar-movsumu-kendliler-neden-narazidir\/#article","isPartOf":{"@id":"https:\/\/www.meydan.tv\/az\/article\/goycayda-nar-movsumu-kendliler-neden-narazidir\/"},"author":{"name":"elli","@id":"https:\/\/www.meydan.tv\/az\/#\/schema\/person\/9cdbecf90d17180ce1dfbd95b08dcf47"},"headline":"G\u00f6y\u00e7ayda nar m\u00f6vs\u00fcm\u00fc: k\u0259ndlil\u0259r n\u0259d\u0259n naraz\u0131d\u0131r?","datePublished":"2023-10-12T11:13:12+00:00","dateModified":"2023-10-12T11:14:58+00:00","mainEntityOfPage":{"@id":"https:\/\/www.meydan.tv\/az\/article\/goycayda-nar-movsumu-kendliler-neden-narazidir\/"},"wordCount":2116,"publisher":{"@id":"https:\/\/www.meydan.tv\/az\/#organization"},"image":{"@id":"https:\/\/www.meydan.tv\/az\/article\/goycayda-nar-movsumu-kendliler-neden-narazidir\/#primaryimage"},"thumbnailUrl":"https:\/\/www.meydan.tv\/wp-content\/uploads\/untitled-design-202.jpg","articleSection":["B\u00f6lg\u0259","T\u00f6vsiy\u0259","X\u0259b\u0259rl\u0259r"],"inLanguage":"az"},{"@type":"WebPage","@id":"https:\/\/www.meydan.tv\/az\/article\/goycayda-nar-movsumu-kendliler-neden-narazidir\/","url":"https:\/\/www.meydan.tv\/az\/article\/goycayda-nar-movsumu-kendliler-neden-narazidir\/","name":"G\u00f6y\u00e7ayda nar m\u00f6vs\u00fcm\u00fc: k\u0259ndlil\u0259r n\u0259d\u0259n naraz\u0131d\u0131r? - MEYDAN.TV","isPartOf":{"@id":"https:\/\/www.meydan.tv\/az\/#website"},"primaryImageOfPage":{"@id":"https:\/\/www.meydan.tv\/az\/article\/goycayda-nar-movsumu-kendliler-neden-narazidir\/#primaryimage"},"image":{"@id":"https:\/\/www.meydan.tv\/az\/article\/goycayda-nar-movsumu-kendliler-neden-narazidir\/#primaryimage"},"thumbnailUrl":"https:\/\/www.meydan.tv\/wp-content\/uploads\/untitled-design-202.jpg","datePublished":"2023-10-12T11:13:12+00:00","dateModified":"2023-10-12T11:14:58+00:00","breadcrumb":{"@id":"https:\/\/www.meydan.tv\/az\/article\/goycayda-nar-movsumu-kendliler-neden-narazidir\/#breadcrumb"},"inLanguage":"az","potentialAction":[{"@type":"ReadAction","target":["https:\/\/www.meydan.tv\/az\/article\/goycayda-nar-movsumu-kendliler-neden-narazidir\/"]}]},{"@type":"ImageObject","inLanguage":"az","@id":"https:\/\/www.meydan.tv\/az\/article\/goycayda-nar-movsumu-kendliler-neden-narazidir\/#primaryimage","url":"https:\/\/www.meydan.tv\/wp-content\/uploads\/untitled-design-202.jpg","contentUrl":"https:\/\/www.meydan.tv\/wp-content\/uploads\/untitled-design-202.jpg","width":1200,"height":800,"caption":"Fotolar: Meydan TV"},{"@type":"BreadcrumbList","@id":"https:\/\/www.meydan.tv\/az\/article\/goycayda-nar-movsumu-kendliler-neden-narazidir\/#breadcrumb","itemListElement":[{"@type":"ListItem","position":1,"name":"Ana s\u0259hif\u0259","item":"https:\/\/www.meydan.tv\/az\/"},{"@type":"ListItem","position":2,"name":"B\u00f6lg\u0259","item":"https:\/\/www.meydan.tv\/az\/section\/bolge\/"},{"@type":"ListItem","position":3,"name":"G\u00f6y\u00e7ayda nar m\u00f6vs\u00fcm\u00fc: k\u0259ndlil\u0259r n\u0259d\u0259n naraz\u0131d\u0131r?"}]},{"@type":"WebSite","@id":"https:\/\/www.meydan.tv\/az\/#website","url":"https:\/\/www.meydan.tv\/az\/","name":"MEYDAN.TV","description":"Meydan TV Az\u0259rbaycan\u0131n media m\u0259kan\u0131ndak\u0131 alternativ s\u0259sidir","publisher":{"@id":"https:\/\/www.meydan.tv\/az\/#organization"},"potentialAction":[{"@type":"SearchAction","target":{"@type":"EntryPoint","urlTemplate":"https:\/\/www.meydan.tv\/az\/?s={search_term_string}"},"query-input":{"@type":"PropertyValueSpecification","valueRequired":true,"valueName":"search_term_string"}}],"inLanguage":"az"},{"@type":"Organization","@id":"https:\/\/www.meydan.tv\/az\/#organization","name":"Meydan TV","url":"https:\/\/www.meydan.tv\/az\/","logo":{"@type":"ImageObject","inLanguage":"az","@id":"https:\/\/www.meydan.tv\/az\/#\/schema\/logo\/image\/","url":"https:\/\/www.meydan.tv\/wp-content\/uploads\/2021\/07\/meydan-logo.svg","contentUrl":"https:\/\/www.meydan.tv\/wp-content\/uploads\/2021\/07\/meydan-logo.svg","width":195,"height":46,"caption":"Meydan TV"},"image":{"@id":"https:\/\/www.meydan.tv\/az\/#\/schema\/logo\/image\/"}},{"@type":"Person","@id":"https:\/\/www.meydan.tv\/az\/#\/schema\/person\/9cdbecf90d17180ce1dfbd95b08dcf47","name":"elli","sameAs":["https:\/\/x.com\/elli"]}]}},"_links":{"self":[{"href":"https:\/\/www.meydan.tv\/az\/wp-json\/wp\/v2\/posts\/287724","targetHints":{"allow":["GET"]}}],"collection":[{"href":"https:\/\/www.meydan.tv\/az\/wp-json\/wp\/v2\/posts"}],"about":[{"href":"https:\/\/www.meydan.tv\/az\/wp-json\/wp\/v2\/types\/post"}],"author":[{"embeddable":true,"href":"https:\/\/www.meydan.tv\/az\/wp-json\/wp\/v2\/users\/8"}],"replies":[{"embeddable":true,"href":"https:\/\/www.meydan.tv\/az\/wp-json\/wp\/v2\/comments?post=287724"}],"version-history":[{"count":4,"href":"https:\/\/www.meydan.tv\/az\/wp-json\/wp\/v2\/posts\/287724\/revisions"}],"predecessor-version":[{"id":287739,"href":"https:\/\/www.meydan.tv\/az\/wp-json\/wp\/v2\/posts\/287724\/revisions\/287739"}],"wp:featuredmedia":[{"embeddable":true,"href":"https:\/\/www.meydan.tv\/az\/wp-json\/wp\/v2\/media\/287691"}],"wp:attachment":[{"href":"https:\/\/www.meydan.tv\/az\/wp-json\/wp\/v2\/media?parent=287724"}],"wp:term":[{"taxonomy":"category","embeddable":true,"href":"https:\/\/www.meydan.tv\/az\/wp-json\/wp\/v2\/categories?post=287724"},{"taxonomy":"post_tag","embeddable":true,"href":"https:\/\/www.meydan.tv\/az\/wp-json\/wp\/v2\/tags?post=287724"}],"curies":[{"name":"wp","href":"https:\/\/api.w.org\/{rel}","templated":true}]}}