{"id":287680,"date":"2023-10-12T14:14:46","date_gmt":"2023-10-12T10:14:46","guid":{"rendered":"https:\/\/www.meydan.tv\/?p=287680"},"modified":"2023-10-12T14:15:33","modified_gmt":"2023-10-12T10:15:33","slug":"qetle-yetirilmis-azyaslinin-anasi-ve-dayisi-da-saxlanilib","status":"publish","type":"post","link":"https:\/\/www.meydan.tv\/az\/article\/qetle-yetirilmis-azyaslinin-anasi-ve-dayisi-da-saxlanilib\/","title":{"rendered":"Q\u0259tl\u0259 yetirilmi\u015f azya\u015fl\u0131n\u0131n anas\u0131 v\u0259 day\u0131s\u0131 da saxlan\u0131l\u0131b"},"content":{"rendered":"\n<p><\/p>\n\n\n\n<p><strong><em>\u015e\u00fcbh\u0259li \u015f\u0259xs azya\u015fl\u0131n\u0131 \u00f6ld\u00fcrd\u00fcy\u00fcn\u00fc etiraf edib<\/em><\/strong><\/p>\n\n\n\n<p>G\u00fcrc\u00fcstanda az\u0259rbaycan \u0259silli 14 ya\u015fl\u0131 q\u0131z\u0131 \u00f6ld\u00fcrm\u0259kd\u0259 t\u0259qsirli bilin\u0259n 27 ya\u015fl\u0131 \u015f\u0259xs h\u0259bs edilib. Onu 16 ild\u0259n 20 il\u0259d\u0259k v\u0259 ya \u00f6m\u00fcrl\u00fck h\u0259bs c\u0259zas\u0131 g\u00f6zl\u0259yir.<\/p>\n\n\n\n<p>Saxlan\u0131lan Asim Aslanov q\u0259sd\u0259n adam \u00f6ld\u00fcrm\u0259 v\u0259 qanunsuz silah g\u0259zdirm\u0259 madd\u0259l\u0259ri il\u0259 ittiham edilir.<\/p>\n\n\n\n<p>Oktyabr\u0131n 11-d\u0259 onun m\u0259hk\u0259m\u0259si ba\u015f tutub.<\/p>\n\n\n\n<p><em>&#8220;Q\u0259tlin q\u0259sd\u0259n oldu\u011funu q\u0259bul etmir\u0259m, pe\u015fmanam, ancaq bu q\u0259sd\u0259n olmay\u0131b&#8221;<\/em>, &#8211; Asim Aslanov m\u0259hk\u0259m\u0259d\u0259 <a href=\"https:\/\/multimedia.ge\/archives\/7245\">deyib<\/a>.<\/p>\n\n\n\n<p>O, hakim\u0259 s\u00fcbut etm\u0259y\u0259 \u00e7al\u0131\u015f\u0131b ki, qeydiyyat\u0131 olan silah\u0131n pnevmatik oldu\u011funu d\u00fc\u015f\u00fcn\u00fcb v\u0259 ancaq qurban\u0131 qorxutmaq ist\u0259yirmi\u015f.<\/p>\n\n\n\n<p>\u201cG\u00fcnd\u0259lik G\u00fcrc\u00fcstan\u201d \u201cFacebook\u201d s\u0259hif\u0259si yaz\u0131r ki, Asim Aslanov bir-birin\u0259 zidd ifad\u0259l\u0259r verib:<\/p>\n\n\n\n<p><em>&#8220;\u018fvv\u0259l atdan y\u0131x\u0131lm\u0131\u015fam v\u0259 ba\u015f nahiy\u0259md\u0259n travma alm\u0131\u015fam, bu cinay\u0259ti t\u00f6r\u0259d\u0259rk\u0259n d\u0259 \u00f6z\u00fcmd\u0259 olmam\u0131\u015fam&#8221;;<\/em><\/p>\n\n\n\n<p>&#8220;<em>\u00d6ld\u00fcrd\u00fcy\u00fcm\u00fc bilmirdim, saxlan\u0131ld\u0131\u011f\u0131m g\u00fcn bunu atamdan e\u015fitdim. M\u0259nim arvad\u0131m azya\u015fl\u0131 deyildi, anas\u0131 demi\u015fdi ki, o 18 ya\u015f\u0131ndad\u0131r&#8221;.<\/em><\/p>\n\n\n<div class=\"wp-block-image\">\n<figure class=\"alignleft size-full is-resized\"><img decoding=\"async\" data-src=\"https:\/\/www.meydan.tv\/wp-content\/uploads\/untitled-design-201.jpg\" alt=\"\" class=\"wp-image-287684 lazyload\" style=\"--smush-placeholder-width: 345px; --smush-placeholder-aspect-ratio: 345\/230;width:345px;height:230px\" width=\"345\" height=\"230\" src=\"data:image\/svg+xml;base64,PHN2ZyB3aWR0aD0iMSIgaGVpZ2h0PSIxIiB4bWxucz0iaHR0cDovL3d3dy53My5vcmcvMjAwMC9zdmciPjwvc3ZnPg==\" \/><figcaption class=\"wp-element-caption\">Asim Aslanov. Foto: &#8220;multimedia.ge&#8221;<\/figcaption><\/figure>\n<\/div>\n\n\n<p>R\u0259smi m\u0259lumatda onun hadis\u0259d\u0259n sonra me\u015f\u0259d\u0259 gizl\u0259nm\u0259si, sonra is\u0259 \u00f6lk\u0259d\u0259n \u00e7\u0131xma\u011fa c\u0259hd g\u00f6st\u0259rm\u0259si, saxlan\u0131lark\u0259n h\u00fcquq-m\u00fchafiz\u0259 i\u015fcil\u0259rin\u0259 m\u00fcqavim\u0259t d\u0259 g\u00f6st\u0259rm\u0259si qeyd edils\u0259 d\u0259, Asim Aslanov m\u0259hk\u0259m\u0259d\u0259 polis\u0259 \u00f6z\u00fcn\u00fcn t\u0259slim oldu\u011funu bildirib.<\/p>\n\n\n\n<p>Onunla ba\u011fl\u0131 istintaq d\u00f6vr\u00fc \u00fc\u00e7\u00fcn 2 ayl\u0131q h\u0259bs q\u0259timkan t\u0259dbiri se\u00e7ilib.<\/p>\n\n\n\n<p><\/p>\n\n\n\n<p>M\u00f6vcud m\u0259lumata g\u00f6r\u0259, 14 ya\u015fl\u0131 q\u0131z m\u0259cburi v\u0259 erk\u0259n nikah\u0131n qurban\u0131 olub. H\u0259m\u00e7inin m\u0259cburi nikah fakt\u0131 \u00fczr\u0259 d\u0259 istintaq i\u015fi a\u00e7\u0131l\u0131b.<\/p>\n\n\n\n<p>\u00d6ld\u00fcr\u00fcl\u0259n q\u0131z\u0131n anas\u0131 <a href=\"https:\/\/www.radiotavisupleba.ge\/a\/32630752.html\">deyir<\/a> ki, q\u0131z\u0131 evliliy\u0259 qar\u015f\u0131 olub, lakin zorla qa\u00e7\u0131r\u0131l\u0131b. Ana bildirib ki, q\u0131z\u0131 d\u0259f\u0259l\u0259rl\u0259 qa\u00e7ma\u011fa c\u0259hd edib, el\u0259 q\u0259tl d\u0259 n\u00f6vb\u0259ti qa\u00e7\u0131\u015f c\u0259hdi zaman\u0131 ba\u015f verib.<\/p>\n\n\n\n<p>Q\u0259tl\u0259 yetiril\u0259n 14 ya\u015fl\u0131 q\u0131z\u0131n anas\u0131 v\u0259 day\u0131s\u0131 bar\u0259sind\u0259 zorla \u0259r\u0259 verm\u0259 v\u0259 cinay\u0259t bar\u0259d\u0259 m\u0259lumat verm\u0259m\u0259 faktlar\u0131 \u00fczr\u0259 Rustavi m\u0259hk\u0259m\u0259sinin h\u00f6km\u00fc il\u0259 h\u0259bs q\u0259timkan t\u0259dbiri se\u00e7ilib.<\/p>\n\n\n\n<p>H\u00f6km\u00fc hakim Madonna Maisuradze <a href=\"https:\/\/megatv.ge\/%E1%83%9B%E1%83%9D%E1%83%99%E1%83%9A%E1%83%A3%E1%83%9A%E1%83%98-14-%E1%83%AC%E1%83%9A%E1%83%98%E1%83%A1-%E1%83%92%E1%83%9D%E1%83%92%E1%83%9D%E1%83%A1-%E1%83%93%E1%83%94%E1%83%93%E1%83%90%E1%83%A1\/\">\u00e7\u0131xar\u0131b<\/a>.<\/p>\n\n\n\n<p>G\u00fcrc\u00fcstanda ya\u015fayan Az\u0259rbaycan \u0259silli v\u0259t\u0259nda\u015flar aras\u0131nda erk\u0259n v\u0259 m\u0259cburi nikah m\u0259s\u0259l\u0259l\u0259ri daim g\u00fcnd\u0259mdir. Tez-tez sosial \u015f\u0259b\u0259k\u0259l\u0259rd\u0259 azya\u015fl\u0131lar\u0131n nigaha girm\u0259si, ni\u015fan\u0131 il\u0259 ba\u011fl\u0131 m\u0259lumatlar payla\u015f\u0131l\u0131r.<\/p>\n","protected":false},"excerpt":{"rendered":"<p>\u015e\u00fcbh\u0259li \u015f\u0259xs azya\u015fl\u0131n\u0131 \u00f6ld\u00fcrd\u00fcy\u00fcn\u00fc etiraf edib G\u00fcrc\u00fcstanda az\u0259rbaycan \u0259silli 14 &#8230; <\/p>\n<p class=\"read-more-container\"><a title=\"Q\u0259tl\u0259 yetirilmi\u015f azya\u015fl\u0131n\u0131n anas\u0131 v\u0259 day\u0131s\u0131 da saxlan\u0131l\u0131b\" class=\"read-more button\" href=\"https:\/\/www.meydan.tv\/az\/article\/qetle-yetirilmis-azyaslinin-anasi-ve-dayisi-da-saxlanilib\/#more-287680\" aria-label=\"Read more about Q\u0259tl\u0259 yetirilmi\u015f azya\u015fl\u0131n\u0131n anas\u0131 v\u0259 day\u0131s\u0131 da saxlan\u0131l\u0131b\">Davam\u0131<\/a><\/p>\n","protected":false},"author":8,"featured_media":287681,"comment_status":"closed","ping_status":"closed","sticky":false,"template":"","format":"standard","meta":{"_acf_changed":false,"_sitemap_exclude":false,"_sitemap_priority":"","_sitemap_frequency":"","footnotes":""},"categories":[62,56],"tags":[],"class_list":["post-287680","post","type-post","status-publish","format-standard","has-post-thumbnail","hentry","category-sosial","category-xeberler","infinite-scroll-item","generate-columns","tablet-grid-50","mobile-grid-100","grid-parent","grid-33","no-featured-image-padding"],"acf":[],"yoast_head":"<!-- This site is optimized with the Yoast SEO plugin v27.5 - https:\/\/yoast.com\/product\/yoast-seo-wordpress\/ -->\n<title>Q\u0259tl\u0259 yetirilmi\u015f azya\u015fl\u0131n\u0131n anas\u0131 v\u0259 day\u0131s\u0131 da saxlan\u0131l\u0131b - MEYDAN.TV<\/title>\n<meta name=\"robots\" content=\"index, follow, max-snippet:-1, max-image-preview:large, max-video-preview:-1\" \/>\n<link rel=\"canonical\" href=\"https:\/\/www.meydan.tv\/az\/article\/qetle-yetirilmis-azyaslinin-anasi-ve-dayisi-da-saxlanilib\/\" \/>\n<meta property=\"og:locale\" content=\"az_AZ\" \/>\n<meta property=\"og:type\" content=\"article\" \/>\n<meta property=\"og:title\" content=\"Q\u0259tl\u0259 yetirilmi\u015f azya\u015fl\u0131n\u0131n anas\u0131 v\u0259 day\u0131s\u0131 da saxlan\u0131l\u0131b - MEYDAN.TV\" \/>\n<meta property=\"og:description\" content=\"\u015e\u00fcbh\u0259li \u015f\u0259xs azya\u015fl\u0131n\u0131 \u00f6ld\u00fcrd\u00fcy\u00fcn\u00fc etiraf edib G\u00fcrc\u00fcstanda az\u0259rbaycan \u0259silli 14 ... Davam\u0131\" \/>\n<meta property=\"og:url\" content=\"https:\/\/www.meydan.tv\/az\/article\/qetle-yetirilmis-azyaslinin-anasi-ve-dayisi-da-saxlanilib\/\" \/>\n<meta property=\"og:site_name\" content=\"MEYDAN.TV\" \/>\n<meta property=\"article:published_time\" content=\"2023-10-12T10:14:46+00:00\" \/>\n<meta property=\"article:modified_time\" content=\"2023-10-12T10:15:33+00:00\" \/>\n<meta property=\"og:image\" content=\"https:\/\/www.meydan.tv\/wp-content\/uploads\/01000000-0aff-0242-be31-08dbc958f035_w1023_r1_s.jpg\" \/>\n\t<meta property=\"og:image:width\" content=\"1200\" \/>\n\t<meta property=\"og:image:height\" content=\"674\" \/>\n\t<meta property=\"og:image:type\" content=\"image\/jpeg\" \/>\n<meta name=\"author\" content=\"elli\" \/>\n<meta name=\"twitter:card\" content=\"summary_large_image\" \/>\n<meta name=\"twitter:creator\" content=\"@elli\" \/>\n<script type=\"application\/ld+json\" class=\"yoast-schema-graph\">{\"@context\":\"https:\\\/\\\/schema.org\",\"@graph\":[{\"@type\":\"Article\",\"@id\":\"https:\\\/\\\/www.meydan.tv\\\/az\\\/article\\\/qetle-yetirilmis-azyaslinin-anasi-ve-dayisi-da-saxlanilib\\\/#article\",\"isPartOf\":{\"@id\":\"https:\\\/\\\/www.meydan.tv\\\/az\\\/article\\\/qetle-yetirilmis-azyaslinin-anasi-ve-dayisi-da-saxlanilib\\\/\"},\"author\":{\"name\":\"elli\",\"@id\":\"https:\\\/\\\/www.meydan.tv\\\/az\\\/#\\\/schema\\\/person\\\/9cdbecf90d17180ce1dfbd95b08dcf47\"},\"headline\":\"Q\u0259tl\u0259 yetirilmi\u015f azya\u015fl\u0131n\u0131n anas\u0131 v\u0259 day\u0131s\u0131 da saxlan\u0131l\u0131b\",\"datePublished\":\"2023-10-12T10:14:46+00:00\",\"dateModified\":\"2023-10-12T10:15:33+00:00\",\"mainEntityOfPage\":{\"@id\":\"https:\\\/\\\/www.meydan.tv\\\/az\\\/article\\\/qetle-yetirilmis-azyaslinin-anasi-ve-dayisi-da-saxlanilib\\\/\"},\"wordCount\":501,\"publisher\":{\"@id\":\"https:\\\/\\\/www.meydan.tv\\\/az\\\/#organization\"},\"image\":{\"@id\":\"https:\\\/\\\/www.meydan.tv\\\/az\\\/article\\\/qetle-yetirilmis-azyaslinin-anasi-ve-dayisi-da-saxlanilib\\\/#primaryimage\"},\"thumbnailUrl\":\"https:\\\/\\\/www.meydan.tv\\\/wp-content\\\/uploads\\\/01000000-0aff-0242-be31-08dbc958f035_w1023_r1_s.jpg\",\"articleSection\":[\"Sosial\",\"X\u0259b\u0259rl\u0259r\"],\"inLanguage\":\"az\"},{\"@type\":\"WebPage\",\"@id\":\"https:\\\/\\\/www.meydan.tv\\\/az\\\/article\\\/qetle-yetirilmis-azyaslinin-anasi-ve-dayisi-da-saxlanilib\\\/\",\"url\":\"https:\\\/\\\/www.meydan.tv\\\/az\\\/article\\\/qetle-yetirilmis-azyaslinin-anasi-ve-dayisi-da-saxlanilib\\\/\",\"name\":\"Q\u0259tl\u0259 yetirilmi\u015f azya\u015fl\u0131n\u0131n anas\u0131 v\u0259 day\u0131s\u0131 da saxlan\u0131l\u0131b - MEYDAN.TV\",\"isPartOf\":{\"@id\":\"https:\\\/\\\/www.meydan.tv\\\/az\\\/#website\"},\"primaryImageOfPage\":{\"@id\":\"https:\\\/\\\/www.meydan.tv\\\/az\\\/article\\\/qetle-yetirilmis-azyaslinin-anasi-ve-dayisi-da-saxlanilib\\\/#primaryimage\"},\"image\":{\"@id\":\"https:\\\/\\\/www.meydan.tv\\\/az\\\/article\\\/qetle-yetirilmis-azyaslinin-anasi-ve-dayisi-da-saxlanilib\\\/#primaryimage\"},\"thumbnailUrl\":\"https:\\\/\\\/www.meydan.tv\\\/wp-content\\\/uploads\\\/01000000-0aff-0242-be31-08dbc958f035_w1023_r1_s.jpg\",\"datePublished\":\"2023-10-12T10:14:46+00:00\",\"dateModified\":\"2023-10-12T10:15:33+00:00\",\"breadcrumb\":{\"@id\":\"https:\\\/\\\/www.meydan.tv\\\/az\\\/article\\\/qetle-yetirilmis-azyaslinin-anasi-ve-dayisi-da-saxlanilib\\\/#breadcrumb\"},\"inLanguage\":\"az\",\"potentialAction\":[{\"@type\":\"ReadAction\",\"target\":[\"https:\\\/\\\/www.meydan.tv\\\/az\\\/article\\\/qetle-yetirilmis-azyaslinin-anasi-ve-dayisi-da-saxlanilib\\\/\"]}]},{\"@type\":\"ImageObject\",\"inLanguage\":\"az\",\"@id\":\"https:\\\/\\\/www.meydan.tv\\\/az\\\/article\\\/qetle-yetirilmis-azyaslinin-anasi-ve-dayisi-da-saxlanilib\\\/#primaryimage\",\"url\":\"https:\\\/\\\/www.meydan.tv\\\/wp-content\\\/uploads\\\/01000000-0aff-0242-be31-08dbc958f035_w1023_r1_s.jpg\",\"contentUrl\":\"https:\\\/\\\/www.meydan.tv\\\/wp-content\\\/uploads\\\/01000000-0aff-0242-be31-08dbc958f035_w1023_r1_s.jpg\",\"width\":1200,\"height\":674,\"caption\":\"Foto: \\\"radiotavisupleba.ge\\\"\"},{\"@type\":\"BreadcrumbList\",\"@id\":\"https:\\\/\\\/www.meydan.tv\\\/az\\\/article\\\/qetle-yetirilmis-azyaslinin-anasi-ve-dayisi-da-saxlanilib\\\/#breadcrumb\",\"itemListElement\":[{\"@type\":\"ListItem\",\"position\":1,\"name\":\"Ana s\u0259hif\u0259\",\"item\":\"https:\\\/\\\/www.meydan.tv\\\/az\\\/\"},{\"@type\":\"ListItem\",\"position\":2,\"name\":\"Sosial\",\"item\":\"https:\\\/\\\/www.meydan.tv\\\/az\\\/section\\\/sosial\\\/\"},{\"@type\":\"ListItem\",\"position\":3,\"name\":\"Q\u0259tl\u0259 yetirilmi\u015f azya\u015fl\u0131n\u0131n anas\u0131 v\u0259 day\u0131s\u0131 da saxlan\u0131l\u0131b\"}]},{\"@type\":\"WebSite\",\"@id\":\"https:\\\/\\\/www.meydan.tv\\\/az\\\/#website\",\"url\":\"https:\\\/\\\/www.meydan.tv\\\/az\\\/\",\"name\":\"MEYDAN.TV\",\"description\":\"Meydan TV Az\u0259rbaycan\u0131n media m\u0259kan\u0131ndak\u0131 alternativ s\u0259sidir\",\"publisher\":{\"@id\":\"https:\\\/\\\/www.meydan.tv\\\/az\\\/#organization\"},\"potentialAction\":[{\"@type\":\"SearchAction\",\"target\":{\"@type\":\"EntryPoint\",\"urlTemplate\":\"https:\\\/\\\/www.meydan.tv\\\/az\\\/?s={search_term_string}\"},\"query-input\":{\"@type\":\"PropertyValueSpecification\",\"valueRequired\":true,\"valueName\":\"search_term_string\"}}],\"inLanguage\":\"az\"},{\"@type\":\"Organization\",\"@id\":\"https:\\\/\\\/www.meydan.tv\\\/az\\\/#organization\",\"name\":\"Meydan TV\",\"url\":\"https:\\\/\\\/www.meydan.tv\\\/az\\\/\",\"logo\":{\"@type\":\"ImageObject\",\"inLanguage\":\"az\",\"@id\":\"https:\\\/\\\/www.meydan.tv\\\/az\\\/#\\\/schema\\\/logo\\\/image\\\/\",\"url\":\"https:\\\/\\\/www.meydan.tv\\\/wp-content\\\/uploads\\\/2021\\\/07\\\/meydan-logo.svg\",\"contentUrl\":\"https:\\\/\\\/www.meydan.tv\\\/wp-content\\\/uploads\\\/2021\\\/07\\\/meydan-logo.svg\",\"width\":195,\"height\":46,\"caption\":\"Meydan TV\"},\"image\":{\"@id\":\"https:\\\/\\\/www.meydan.tv\\\/az\\\/#\\\/schema\\\/logo\\\/image\\\/\"}},{\"@type\":\"Person\",\"@id\":\"https:\\\/\\\/www.meydan.tv\\\/az\\\/#\\\/schema\\\/person\\\/9cdbecf90d17180ce1dfbd95b08dcf47\",\"name\":\"elli\",\"sameAs\":[\"https:\\\/\\\/x.com\\\/elli\"]}]}<\/script>\n<!-- \/ Yoast SEO plugin. -->","yoast_head_json":{"title":"Q\u0259tl\u0259 yetirilmi\u015f azya\u015fl\u0131n\u0131n anas\u0131 v\u0259 day\u0131s\u0131 da saxlan\u0131l\u0131b - MEYDAN.TV","robots":{"index":"index","follow":"follow","max-snippet":"max-snippet:-1","max-image-preview":"max-image-preview:large","max-video-preview":"max-video-preview:-1"},"canonical":"https:\/\/www.meydan.tv\/az\/article\/qetle-yetirilmis-azyaslinin-anasi-ve-dayisi-da-saxlanilib\/","og_locale":"az_AZ","og_type":"article","og_title":"Q\u0259tl\u0259 yetirilmi\u015f azya\u015fl\u0131n\u0131n anas\u0131 v\u0259 day\u0131s\u0131 da saxlan\u0131l\u0131b - MEYDAN.TV","og_description":"\u015e\u00fcbh\u0259li \u015f\u0259xs azya\u015fl\u0131n\u0131 \u00f6ld\u00fcrd\u00fcy\u00fcn\u00fc etiraf edib G\u00fcrc\u00fcstanda az\u0259rbaycan \u0259silli 14 ... Davam\u0131","og_url":"https:\/\/www.meydan.tv\/az\/article\/qetle-yetirilmis-azyaslinin-anasi-ve-dayisi-da-saxlanilib\/","og_site_name":"MEYDAN.TV","article_published_time":"2023-10-12T10:14:46+00:00","article_modified_time":"2023-10-12T10:15:33+00:00","og_image":[{"width":1200,"height":674,"url":"https:\/\/www.meydan.tv\/wp-content\/uploads\/01000000-0aff-0242-be31-08dbc958f035_w1023_r1_s.jpg","type":"image\/jpeg"}],"author":"elli","twitter_card":"summary_large_image","twitter_creator":"@elli","schema":{"@context":"https:\/\/schema.org","@graph":[{"@type":"Article","@id":"https:\/\/www.meydan.tv\/az\/article\/qetle-yetirilmis-azyaslinin-anasi-ve-dayisi-da-saxlanilib\/#article","isPartOf":{"@id":"https:\/\/www.meydan.tv\/az\/article\/qetle-yetirilmis-azyaslinin-anasi-ve-dayisi-da-saxlanilib\/"},"author":{"name":"elli","@id":"https:\/\/www.meydan.tv\/az\/#\/schema\/person\/9cdbecf90d17180ce1dfbd95b08dcf47"},"headline":"Q\u0259tl\u0259 yetirilmi\u015f azya\u015fl\u0131n\u0131n anas\u0131 v\u0259 day\u0131s\u0131 da saxlan\u0131l\u0131b","datePublished":"2023-10-12T10:14:46+00:00","dateModified":"2023-10-12T10:15:33+00:00","mainEntityOfPage":{"@id":"https:\/\/www.meydan.tv\/az\/article\/qetle-yetirilmis-azyaslinin-anasi-ve-dayisi-da-saxlanilib\/"},"wordCount":501,"publisher":{"@id":"https:\/\/www.meydan.tv\/az\/#organization"},"image":{"@id":"https:\/\/www.meydan.tv\/az\/article\/qetle-yetirilmis-azyaslinin-anasi-ve-dayisi-da-saxlanilib\/#primaryimage"},"thumbnailUrl":"https:\/\/www.meydan.tv\/wp-content\/uploads\/01000000-0aff-0242-be31-08dbc958f035_w1023_r1_s.jpg","articleSection":["Sosial","X\u0259b\u0259rl\u0259r"],"inLanguage":"az"},{"@type":"WebPage","@id":"https:\/\/www.meydan.tv\/az\/article\/qetle-yetirilmis-azyaslinin-anasi-ve-dayisi-da-saxlanilib\/","url":"https:\/\/www.meydan.tv\/az\/article\/qetle-yetirilmis-azyaslinin-anasi-ve-dayisi-da-saxlanilib\/","name":"Q\u0259tl\u0259 yetirilmi\u015f azya\u015fl\u0131n\u0131n anas\u0131 v\u0259 day\u0131s\u0131 da saxlan\u0131l\u0131b - MEYDAN.TV","isPartOf":{"@id":"https:\/\/www.meydan.tv\/az\/#website"},"primaryImageOfPage":{"@id":"https:\/\/www.meydan.tv\/az\/article\/qetle-yetirilmis-azyaslinin-anasi-ve-dayisi-da-saxlanilib\/#primaryimage"},"image":{"@id":"https:\/\/www.meydan.tv\/az\/article\/qetle-yetirilmis-azyaslinin-anasi-ve-dayisi-da-saxlanilib\/#primaryimage"},"thumbnailUrl":"https:\/\/www.meydan.tv\/wp-content\/uploads\/01000000-0aff-0242-be31-08dbc958f035_w1023_r1_s.jpg","datePublished":"2023-10-12T10:14:46+00:00","dateModified":"2023-10-12T10:15:33+00:00","breadcrumb":{"@id":"https:\/\/www.meydan.tv\/az\/article\/qetle-yetirilmis-azyaslinin-anasi-ve-dayisi-da-saxlanilib\/#breadcrumb"},"inLanguage":"az","potentialAction":[{"@type":"ReadAction","target":["https:\/\/www.meydan.tv\/az\/article\/qetle-yetirilmis-azyaslinin-anasi-ve-dayisi-da-saxlanilib\/"]}]},{"@type":"ImageObject","inLanguage":"az","@id":"https:\/\/www.meydan.tv\/az\/article\/qetle-yetirilmis-azyaslinin-anasi-ve-dayisi-da-saxlanilib\/#primaryimage","url":"https:\/\/www.meydan.tv\/wp-content\/uploads\/01000000-0aff-0242-be31-08dbc958f035_w1023_r1_s.jpg","contentUrl":"https:\/\/www.meydan.tv\/wp-content\/uploads\/01000000-0aff-0242-be31-08dbc958f035_w1023_r1_s.jpg","width":1200,"height":674,"caption":"Foto: \"radiotavisupleba.ge\""},{"@type":"BreadcrumbList","@id":"https:\/\/www.meydan.tv\/az\/article\/qetle-yetirilmis-azyaslinin-anasi-ve-dayisi-da-saxlanilib\/#breadcrumb","itemListElement":[{"@type":"ListItem","position":1,"name":"Ana s\u0259hif\u0259","item":"https:\/\/www.meydan.tv\/az\/"},{"@type":"ListItem","position":2,"name":"Sosial","item":"https:\/\/www.meydan.tv\/az\/section\/sosial\/"},{"@type":"ListItem","position":3,"name":"Q\u0259tl\u0259 yetirilmi\u015f azya\u015fl\u0131n\u0131n anas\u0131 v\u0259 day\u0131s\u0131 da saxlan\u0131l\u0131b"}]},{"@type":"WebSite","@id":"https:\/\/www.meydan.tv\/az\/#website","url":"https:\/\/www.meydan.tv\/az\/","name":"MEYDAN.TV","description":"Meydan TV Az\u0259rbaycan\u0131n media m\u0259kan\u0131ndak\u0131 alternativ s\u0259sidir","publisher":{"@id":"https:\/\/www.meydan.tv\/az\/#organization"},"potentialAction":[{"@type":"SearchAction","target":{"@type":"EntryPoint","urlTemplate":"https:\/\/www.meydan.tv\/az\/?s={search_term_string}"},"query-input":{"@type":"PropertyValueSpecification","valueRequired":true,"valueName":"search_term_string"}}],"inLanguage":"az"},{"@type":"Organization","@id":"https:\/\/www.meydan.tv\/az\/#organization","name":"Meydan TV","url":"https:\/\/www.meydan.tv\/az\/","logo":{"@type":"ImageObject","inLanguage":"az","@id":"https:\/\/www.meydan.tv\/az\/#\/schema\/logo\/image\/","url":"https:\/\/www.meydan.tv\/wp-content\/uploads\/2021\/07\/meydan-logo.svg","contentUrl":"https:\/\/www.meydan.tv\/wp-content\/uploads\/2021\/07\/meydan-logo.svg","width":195,"height":46,"caption":"Meydan TV"},"image":{"@id":"https:\/\/www.meydan.tv\/az\/#\/schema\/logo\/image\/"}},{"@type":"Person","@id":"https:\/\/www.meydan.tv\/az\/#\/schema\/person\/9cdbecf90d17180ce1dfbd95b08dcf47","name":"elli","sameAs":["https:\/\/x.com\/elli"]}]}},"_links":{"self":[{"href":"https:\/\/www.meydan.tv\/az\/wp-json\/wp\/v2\/posts\/287680","targetHints":{"allow":["GET"]}}],"collection":[{"href":"https:\/\/www.meydan.tv\/az\/wp-json\/wp\/v2\/posts"}],"about":[{"href":"https:\/\/www.meydan.tv\/az\/wp-json\/wp\/v2\/types\/post"}],"author":[{"embeddable":true,"href":"https:\/\/www.meydan.tv\/az\/wp-json\/wp\/v2\/users\/8"}],"replies":[{"embeddable":true,"href":"https:\/\/www.meydan.tv\/az\/wp-json\/wp\/v2\/comments?post=287680"}],"version-history":[{"count":4,"href":"https:\/\/www.meydan.tv\/az\/wp-json\/wp\/v2\/posts\/287680\/revisions"}],"predecessor-version":[{"id":287690,"href":"https:\/\/www.meydan.tv\/az\/wp-json\/wp\/v2\/posts\/287680\/revisions\/287690"}],"wp:featuredmedia":[{"embeddable":true,"href":"https:\/\/www.meydan.tv\/az\/wp-json\/wp\/v2\/media\/287681"}],"wp:attachment":[{"href":"https:\/\/www.meydan.tv\/az\/wp-json\/wp\/v2\/media?parent=287680"}],"wp:term":[{"taxonomy":"category","embeddable":true,"href":"https:\/\/www.meydan.tv\/az\/wp-json\/wp\/v2\/categories?post=287680"},{"taxonomy":"post_tag","embeddable":true,"href":"https:\/\/www.meydan.tv\/az\/wp-json\/wp\/v2\/tags?post=287680"}],"curies":[{"name":"wp","href":"https:\/\/api.w.org\/{rel}","templated":true}]}}